{"id":10035,"date":"2015-06-08T21:37:31","date_gmt":"2015-06-08T18:37:31","guid":{"rendered":"http:\/\/www.rukajarvensuunnanhistoriayhdistys.fi\/historiayhdistys\/?p=10035"},"modified":"2015-06-08T23:35:26","modified_gmt":"2015-06-08T20:35:26","slug":"kunnallisneuvos-ja-arvostettu-sotaveteraani-paavo-o-saksman-on-poissa","status":"publish","type":"post","link":"http:\/\/www.rukajarvensuunnanhistoriayhdistys.fi\/historiayhdistys\/kunnallisneuvos-ja-arvostettu-sotaveteraani-paavo-o-saksman-on-poissa\/","title":{"rendered":"Kunnallisneuvos ja arvostettu sotaveteraani Paavo O. Saksman on poissa"},"content":{"rendered":"<div class=\"fcbkbttn_buttons_block\" id=\"fcbkbttn_left\"><div class=\"fcbkbttn_like \"><fb:like href=\"http:\/\/www.rukajarvensuunnanhistoriayhdistys.fi\/historiayhdistys\/kunnallisneuvos-ja-arvostettu-sotaveteraani-paavo-o-saksman-on-poissa\/\" action=\"like\" colorscheme=\"light\" layout=\"button_count\"  size=\"small\"><\/fb:like><\/div><\/div><p>Pielavetinen keskustalainen vaikuttaja, kunnallisneuvos Paavo O. Saksman kuoli 20. toukokuuta. H\u00e4n oli syntynyt Pielavedell\u00e4 24.1.1918.<\/p>\n<p>Nuoren miehen haaveet katkaisi Talvisota vuonna 1939. Saksman oli JR 39 puhelinjoukkueen varajohtaja Laatokan koillispuolella.<\/p>\n<figure id=\"attachment_10036\" aria-describedby=\"caption-attachment-10036\" style=\"width: 3056px\" class=\"wp-caption alignnone\"><a href=\"http:\/\/www.rukajarvensuunnanhistoriayhdistys.fi\/historiayhdistys\/wp-content\/uploads\/2015\/06\/DSC07508-Saksaman-Paavo.jpg\"><img loading=\"lazy\" decoding=\"async\" class=\"wp-image-10036 size-full\" src=\"http:\/\/www.rukajarvensuunnanhistoriayhdistys.fi\/historiayhdistys\/wp-content\/uploads\/2015\/06\/DSC07508-Saksaman-Paavo.jpg\" alt=\"Kunnallisneuvos, arvostettu Rukaj\u00e4rven veteraani Paavo O. Saksaman (24.1.1918 - 20.5.2015), kotonaan 24.1.2014.\" width=\"3056\" height=\"4592\" data-id=\"10036\" srcset=\"http:\/\/www.rukajarvensuunnanhistoriayhdistys.fi\/historiayhdistys\/wp-content\/uploads\/2015\/06\/DSC07508-Saksaman-Paavo.jpg 3056w, http:\/\/www.rukajarvensuunnanhistoriayhdistys.fi\/historiayhdistys\/wp-content\/uploads\/2015\/06\/DSC07508-Saksaman-Paavo-200x300.jpg 200w, http:\/\/www.rukajarvensuunnanhistoriayhdistys.fi\/historiayhdistys\/wp-content\/uploads\/2015\/06\/DSC07508-Saksaman-Paavo-681x1024.jpg 681w\" sizes=\"auto, (max-width: 3056px) 100vw, 3056px\" \/><\/a><figcaption id=\"caption-attachment-10036\" class=\"wp-caption-text\">Kunnallisneuvos, arvostettu Rukaj\u00e4rven veteraani Paavo O. Saksman (24.1.1918 &#8211; 20.5.2015), kotonaan 24.1.2014. Taustalla maalaus kotitilasta.<\/figcaption><\/figure>\n<p>V\u00e4lirauhan aikana h\u00e4n meni kihloihin. H\u00e4\u00e4t oli aikomus pit\u00e4\u00e4 juhannuksena 1941. Suunnitelmat muuttuivat, kun 17.6.1941 tulikin liikekannallepanom\u00e4\u00e4r\u00e4ys.<\/p>\n<p>Saksman joutui muiden pielavetisten kanssa Rukaj\u00e4rvelle III\/JR 52:n kranaatinheitinkomppaniaan, jossa h\u00e4n toimi joukkueenjohtajana. Hy\u00f6kk\u00e4ysvaiheen p\u00e4\u00e4tytty\u00e4 Paavo Saksman ja Maire Tikkanen vihittiin.<\/p>\n<p>Kotiuduttuaan 27.11.1944 Saksman ryhtyi viljelem\u00e4\u00e4n puolisonsa Tommonm\u00e4en kyl\u00e4ll\u00e4 olevaa Purola-nimist\u00e4 kotitilaa, ja niin h\u00e4nest\u00e4 tuli kaikkien tuntema Purolan Puavo.<\/p>\n<p>Saksmanin k\u00e4denj\u00e4lki n\u00e4kyi ennen muuta Pielaveden ja maakunnan kunnallis- ja j\u00e4rjest\u00f6el\u00e4m\u00e4ss\u00e4. Valtuuston j\u00e4senen\u00e4 h\u00e4n toimi vuosina 1948 -1956 ja 1960 &#8211; 1988 sek\u00e4 puheenjohtajana 1977 &#8211; 1988. Merkitt\u00e4vi\u00e4 olivat my\u00f6s asutus- ja maatalouslautakunnan j\u00e4senyys vuosina 1954-1971 puheenjohtajuus 1957-1971. Maatalouslautakunnan puheenjohtajana h\u00e4n toimi 1972-1976. Pohjois-Savon ammattikoulun liittovaltuuston j\u00e4sen h\u00e4n oli 1957 &#8211; 1984 ja puheenjohtaja 1984-1988.<\/p>\n<p>Saksman oli Pielaveden Osuuskaupan, paikallislehden hallituksen sek\u00e4 Iisalmen Sanomien ja Savon Voiman hallintoneuvostojen j\u00e4sen. Lis\u00e4ksi h\u00e4n oli muun muassa Saksmanien sukuseuran ett\u00e4 El\u00e4keliiton Pielaveden yhdistyksen perustajaj\u00e4sen ja puheenjohtaja.<\/p>\n<p>Paavo Saksman\u00a0 toimi aktiivisesti my\u00f6s Pielaveden Sotaveteraaneissa, jossa h\u00e4n oli keskeisimpi\u00e4 vaikuttajia hallituksen sek\u00e4 piirihallituksen j\u00e4senen\u00e4.<\/p>\n<figure id=\"attachment_10041\" aria-describedby=\"caption-attachment-10041\" style=\"width: 2592px\" class=\"wp-caption alignnone\"><a href=\"http:\/\/www.rukajarvensuunnanhistoriayhdistys.fi\/historiayhdistys\/wp-content\/uploads\/2015\/06\/Perttuli_Saksman_DSC01750.jpg\"><img loading=\"lazy\" decoding=\"async\" class=\"wp-image-10041 size-full\" src=\"http:\/\/www.rukajarvensuunnanhistoriayhdistys.fi\/historiayhdistys\/wp-content\/uploads\/2015\/06\/Perttuli_Saksman_DSC01750.jpg\" alt=\"Veteraaniveljet ja yst\u00e4vykset tapaavat.  Pentti Perttuli ja Paavo O.Saksman Iisalmen veteraanitapaamisessa 3.9.2006 Olvi-salissa. pidetyss\u00e4 juhlassa.\" width=\"2592\" height=\"1944\" data-id=\"10041\" srcset=\"http:\/\/www.rukajarvensuunnanhistoriayhdistys.fi\/historiayhdistys\/wp-content\/uploads\/2015\/06\/Perttuli_Saksman_DSC01750.jpg 2592w, http:\/\/www.rukajarvensuunnanhistoriayhdistys.fi\/historiayhdistys\/wp-content\/uploads\/2015\/06\/Perttuli_Saksman_DSC01750-300x225.jpg 300w, http:\/\/www.rukajarvensuunnanhistoriayhdistys.fi\/historiayhdistys\/wp-content\/uploads\/2015\/06\/Perttuli_Saksman_DSC01750-1024x768.jpg 1024w\" sizes=\"auto, (max-width: 2592px) 100vw, 2592px\" \/><\/a><figcaption id=\"caption-attachment-10041\" class=\"wp-caption-text\">Veteraaniveljet ja yst\u00e4vykset tapaavat. Pentti Perttuli ja Paavo O.Saksman Iisalmen veteraanitapaamisessa 3.9.2006 Olvi-salissa. pidetyss\u00e4 juhlassa.<\/figcaption><\/figure>\n<p>Veteraaniperinn\u00f6n siirt\u00e4minen nuoremmalle sukupolvelle oli kunnallisneuvoksen syd\u00e4nt\u00e4 l\u00e4hell\u00e4. H\u00e4n osallistui aktiivisesti Rukaj\u00e4rven veteraanien perinnety\u00f6n lis\u00e4ksi mm. kansalaisopiston Isiemme muistolle sarjan kuvauksiin. Komiosainen sarja julkaistiin Yle-Teemalla pari vuotta sitten.<\/p>\n<p>Presidentti Urho Kekkosen hyv\u00e4 tuttava ja yst\u00e4v\u00e4, kunnallisneuvos Paavo O. Saksman sai el\u00e4\u00e4 pitk\u00e4n ja vaiherikkaan el\u00e4m\u00e4n.<\/p>\n<p>H\u00e4nt\u00e4 j\u00e4iv\u00e4t kaipaamaan kaksi lasta, yhdeks\u00e4n lastenlasta ja 17 lasten lastenlasta sek\u00e4 suuri joukko yst\u00e4vi\u00e4 ja tuttavia.<\/p>\n<p>Kirjoittaja Timo Laukkanen\u00a0 kunnallisneuvos<\/p>\n<p>&nbsp;<\/p>\n<p><strong>Siunaustilaisuus Laukkalan kirkossa lauantaina 27.6.2015 klo 11.00<\/strong><\/p>\n<p><a href=\"http:\/\/www.rukajarvensuunnanhistoriayhdistys.fi\/historiayhdistys\/wp-content\/uploads\/2015\/06\/WP_20150607_19_36_27_Pro.jpg\"><img loading=\"lazy\" decoding=\"async\" class=\"alignnone wp-image-10040 size-full\" src=\"http:\/\/www.rukajarvensuunnanhistoriayhdistys.fi\/historiayhdistys\/wp-content\/uploads\/2015\/06\/WP_20150607_19_36_27_Pro.jpg\" alt=\"WP_20150607_19_36_27_Pro\" width=\"730\" height=\"798\" data-id=\"10040\" srcset=\"http:\/\/www.rukajarvensuunnanhistoriayhdistys.fi\/historiayhdistys\/wp-content\/uploads\/2015\/06\/WP_20150607_19_36_27_Pro.jpg 730w, http:\/\/www.rukajarvensuunnanhistoriayhdistys.fi\/historiayhdistys\/wp-content\/uploads\/2015\/06\/WP_20150607_19_36_27_Pro-274x300.jpg 274w\" sizes=\"auto, (max-width: 730px) 100vw, 730px\" \/><\/a><\/p>\n","protected":false},"excerpt":{"rendered":"<p>Pielavetinen keskustalainen vaikuttaja, kunnallisneuvos Paavo O. Saksman kuoli 20. toukokuuta. H\u00e4n oli syntynyt Pielavedell\u00e4 24.1.1918. Nuoren miehen haaveet katkaisi Talvisota vuonna 1939. Saksman oli JR 39 puhelinjoukkueen varajohtaja Laatokan koillispuolella. <a class=\"more-link\" href=\"http:\/\/www.rukajarvensuunnanhistoriayhdistys.fi\/historiayhdistys\/kunnallisneuvos-ja-arvostettu-sotaveteraani-paavo-o-saksman-on-poissa\/\">Teksti jatkuu&#8230;<span class=\"screen-reader-text\">Kunnallisneuvos ja arvostettu sotaveteraani Paavo O. Saksman on poissa<\/span><span class=\"meta-nav\">\u2192<\/span><\/a><\/p>\n","protected":false},"author":3,"featured_media":10041,"comment_status":"closed","ping_status":"open","sticky":false,"template":"","format":"standard","meta":{"footnotes":""},"categories":[22],"tags":[],"class_list":["post-10035","post","type-post","status-publish","format-standard","has-post-thumbnail","hentry","category-ajankohtaista"],"yoast_head":"<!-- This site is optimized with the Yoast SEO plugin v27.4 - https:\/\/yoast.com\/product\/yoast-seo-wordpress\/ -->\n<title>Kunnallisneuvos ja arvostettu sotaveteraani Paavo O. Saksman on poissa - Rukaj\u00e4rven suunnan historiayhdistys<\/title>\n<meta name=\"robots\" content=\"index, follow, max-snippet:-1, max-image-preview:large, max-video-preview:-1\" \/>\n<link rel=\"canonical\" href=\"http:\/\/www.rukajarvensuunnanhistoriayhdistys.fi\/historiayhdistys\/kunnallisneuvos-ja-arvostettu-sotaveteraani-paavo-o-saksman-on-poissa\/\" \/>\n<meta property=\"og:locale\" content=\"fi_FI\" \/>\n<meta property=\"og:type\" content=\"article\" \/>\n<meta property=\"og:title\" content=\"Kunnallisneuvos ja arvostettu sotaveteraani Paavo O. Saksman on poissa - Rukaj\u00e4rven suunnan historiayhdistys\" \/>\n<meta property=\"og:description\" content=\"Pielavetinen keskustalainen vaikuttaja, kunnallisneuvos Paavo O. Saksman kuoli 20. toukokuuta. H\u00e4n oli syntynyt Pielavedell\u00e4 24.1.1918. Nuoren miehen haaveet katkaisi Talvisota vuonna 1939. Saksman oli JR 39 puhelinjoukkueen varajohtaja Laatokan koillispuolella. Teksti jatkuu...Kunnallisneuvos ja arvostettu sotaveteraani Paavo O. Saksman on poissa\u2192\" \/>\n<meta property=\"og:url\" content=\"http:\/\/www.rukajarvensuunnanhistoriayhdistys.fi\/historiayhdistys\/kunnallisneuvos-ja-arvostettu-sotaveteraani-paavo-o-saksman-on-poissa\/\" \/>\n<meta property=\"og:site_name\" content=\"Rukaj\u00e4rven suunnan historiayhdistys\" \/>\n<meta property=\"article:published_time\" content=\"2015-06-08T18:37:31+00:00\" \/>\n<meta property=\"article:modified_time\" content=\"2015-06-08T20:35:26+00:00\" \/>\n<meta property=\"og:image\" content=\"http:\/\/www.rukajarvensuunnanhistoriayhdistys.fi\/historiayhdistys\/wp-content\/uploads\/2015\/06\/Perttuli_Saksman_DSC01750-1024x768.jpg\" \/>\n\t<meta property=\"og:image:width\" content=\"1024\" \/>\n\t<meta property=\"og:image:height\" content=\"768\" \/>\n\t<meta property=\"og:image:type\" content=\"image\/jpeg\" \/>\n<meta name=\"author\" content=\"RSHY\" \/>\n<meta name=\"twitter:label1\" content=\"Kirjoittanut\" \/>\n\t<meta name=\"twitter:data1\" content=\"RSHY\" \/>\n\t<meta name=\"twitter:label2\" content=\"Arvioitu lukuaika\" \/>\n\t<meta name=\"twitter:data2\" content=\"2 minuuttia\" \/>\n<script type=\"application\/ld+json\" class=\"yoast-schema-graph\">{\"@context\":\"https:\\\/\\\/schema.org\",\"@graph\":[{\"@type\":\"Article\",\"@id\":\"http:\\\/\\\/www.rukajarvensuunnanhistoriayhdistys.fi\\\/historiayhdistys\\\/kunnallisneuvos-ja-arvostettu-sotaveteraani-paavo-o-saksman-on-poissa\\\/#article\",\"isPartOf\":{\"@id\":\"http:\\\/\\\/www.rukajarvensuunnanhistoriayhdistys.fi\\\/historiayhdistys\\\/kunnallisneuvos-ja-arvostettu-sotaveteraani-paavo-o-saksman-on-poissa\\\/\"},\"author\":{\"name\":\"RSHY\",\"@id\":\"http:\\\/\\\/www.rukajarvensuunnanhistoriayhdistys.fi\\\/historiayhdistys\\\/#\\\/schema\\\/person\\\/19de7db68bf72dfd2b5d7f6dfbf8454d\"},\"headline\":\"Kunnallisneuvos ja arvostettu sotaveteraani Paavo O. Saksman on poissa\",\"datePublished\":\"2015-06-08T18:37:31+00:00\",\"dateModified\":\"2015-06-08T20:35:26+00:00\",\"mainEntityOfPage\":{\"@id\":\"http:\\\/\\\/www.rukajarvensuunnanhistoriayhdistys.fi\\\/historiayhdistys\\\/kunnallisneuvos-ja-arvostettu-sotaveteraani-paavo-o-saksman-on-poissa\\\/\"},\"wordCount\":351,\"publisher\":{\"@id\":\"http:\\\/\\\/www.rukajarvensuunnanhistoriayhdistys.fi\\\/historiayhdistys\\\/#organization\"},\"image\":{\"@id\":\"http:\\\/\\\/www.rukajarvensuunnanhistoriayhdistys.fi\\\/historiayhdistys\\\/kunnallisneuvos-ja-arvostettu-sotaveteraani-paavo-o-saksman-on-poissa\\\/#primaryimage\"},\"thumbnailUrl\":\"http:\\\/\\\/www.rukajarvensuunnanhistoriayhdistys.fi\\\/historiayhdistys\\\/wp-content\\\/uploads\\\/2015\\\/06\\\/Perttuli_Saksman_DSC01750.jpg\",\"articleSection\":[\"Ajankohtaista\"],\"inLanguage\":\"fi\"},{\"@type\":\"WebPage\",\"@id\":\"http:\\\/\\\/www.rukajarvensuunnanhistoriayhdistys.fi\\\/historiayhdistys\\\/kunnallisneuvos-ja-arvostettu-sotaveteraani-paavo-o-saksman-on-poissa\\\/\",\"url\":\"http:\\\/\\\/www.rukajarvensuunnanhistoriayhdistys.fi\\\/historiayhdistys\\\/kunnallisneuvos-ja-arvostettu-sotaveteraani-paavo-o-saksman-on-poissa\\\/\",\"name\":\"Kunnallisneuvos ja arvostettu sotaveteraani Paavo O. Saksman on poissa - Rukaj\u00e4rven suunnan historiayhdistys\",\"isPartOf\":{\"@id\":\"http:\\\/\\\/www.rukajarvensuunnanhistoriayhdistys.fi\\\/historiayhdistys\\\/#website\"},\"primaryImageOfPage\":{\"@id\":\"http:\\\/\\\/www.rukajarvensuunnanhistoriayhdistys.fi\\\/historiayhdistys\\\/kunnallisneuvos-ja-arvostettu-sotaveteraani-paavo-o-saksman-on-poissa\\\/#primaryimage\"},\"image\":{\"@id\":\"http:\\\/\\\/www.rukajarvensuunnanhistoriayhdistys.fi\\\/historiayhdistys\\\/kunnallisneuvos-ja-arvostettu-sotaveteraani-paavo-o-saksman-on-poissa\\\/#primaryimage\"},\"thumbnailUrl\":\"http:\\\/\\\/www.rukajarvensuunnanhistoriayhdistys.fi\\\/historiayhdistys\\\/wp-content\\\/uploads\\\/2015\\\/06\\\/Perttuli_Saksman_DSC01750.jpg\",\"datePublished\":\"2015-06-08T18:37:31+00:00\",\"dateModified\":\"2015-06-08T20:35:26+00:00\",\"breadcrumb\":{\"@id\":\"http:\\\/\\\/www.rukajarvensuunnanhistoriayhdistys.fi\\\/historiayhdistys\\\/kunnallisneuvos-ja-arvostettu-sotaveteraani-paavo-o-saksman-on-poissa\\\/#breadcrumb\"},\"inLanguage\":\"fi\",\"potentialAction\":[{\"@type\":\"ReadAction\",\"target\":[\"http:\\\/\\\/www.rukajarvensuunnanhistoriayhdistys.fi\\\/historiayhdistys\\\/kunnallisneuvos-ja-arvostettu-sotaveteraani-paavo-o-saksman-on-poissa\\\/\"]}]},{\"@type\":\"ImageObject\",\"inLanguage\":\"fi\",\"@id\":\"http:\\\/\\\/www.rukajarvensuunnanhistoriayhdistys.fi\\\/historiayhdistys\\\/kunnallisneuvos-ja-arvostettu-sotaveteraani-paavo-o-saksman-on-poissa\\\/#primaryimage\",\"url\":\"http:\\\/\\\/www.rukajarvensuunnanhistoriayhdistys.fi\\\/historiayhdistys\\\/wp-content\\\/uploads\\\/2015\\\/06\\\/Perttuli_Saksman_DSC01750.jpg\",\"contentUrl\":\"http:\\\/\\\/www.rukajarvensuunnanhistoriayhdistys.fi\\\/historiayhdistys\\\/wp-content\\\/uploads\\\/2015\\\/06\\\/Perttuli_Saksman_DSC01750.jpg\",\"width\":2592,\"height\":1944,\"caption\":\"Veteraaniveljet ja yst\u00e4vykset tapaavat. Pentti Perttuli ja Paavo O.Saksman Iisalmen veteraanitapaamisessa 3.9.2006 Olvi-salissa. pidetyss\u00e4 juhlassa.\"},{\"@type\":\"BreadcrumbList\",\"@id\":\"http:\\\/\\\/www.rukajarvensuunnanhistoriayhdistys.fi\\\/historiayhdistys\\\/kunnallisneuvos-ja-arvostettu-sotaveteraani-paavo-o-saksman-on-poissa\\\/#breadcrumb\",\"itemListElement\":[{\"@type\":\"ListItem\",\"position\":1,\"name\":\"Etusivu\",\"item\":\"http:\\\/\\\/www.rukajarvensuunnanhistoriayhdistys.fi\\\/historiayhdistys\\\/\"},{\"@type\":\"ListItem\",\"position\":2,\"name\":\"Kunnallisneuvos ja arvostettu sotaveteraani Paavo O. Saksman on poissa\"}]},{\"@type\":\"WebSite\",\"@id\":\"http:\\\/\\\/www.rukajarvensuunnanhistoriayhdistys.fi\\\/historiayhdistys\\\/#website\",\"url\":\"http:\\\/\\\/www.rukajarvensuunnanhistoriayhdistys.fi\\\/historiayhdistys\\\/\",\"name\":\"Rukaj\u00e4rven suunnan historiayhdistys\",\"description\":\"Rukaj\u00e4rven suunnan historiayhdistyksen verkkosivut.\",\"publisher\":{\"@id\":\"http:\\\/\\\/www.rukajarvensuunnanhistoriayhdistys.fi\\\/historiayhdistys\\\/#organization\"},\"potentialAction\":[{\"@type\":\"SearchAction\",\"target\":{\"@type\":\"EntryPoint\",\"urlTemplate\":\"http:\\\/\\\/www.rukajarvensuunnanhistoriayhdistys.fi\\\/historiayhdistys\\\/?s={search_term_string}\"},\"query-input\":{\"@type\":\"PropertyValueSpecification\",\"valueRequired\":true,\"valueName\":\"search_term_string\"}}],\"inLanguage\":\"fi\"},{\"@type\":\"Organization\",\"@id\":\"http:\\\/\\\/www.rukajarvensuunnanhistoriayhdistys.fi\\\/historiayhdistys\\\/#organization\",\"name\":\"Rukaj\u00e4rven suunnan historiayhdistys\",\"url\":\"http:\\\/\\\/www.rukajarvensuunnanhistoriayhdistys.fi\\\/historiayhdistys\\\/\",\"logo\":{\"@type\":\"ImageObject\",\"inLanguage\":\"fi\",\"@id\":\"http:\\\/\\\/www.rukajarvensuunnanhistoriayhdistys.fi\\\/historiayhdistys\\\/#\\\/schema\\\/logo\\\/image\\\/\",\"url\":\"http:\\\/\\\/www.rukajarvensuunnanhistoriayhdistys.fi\\\/historiayhdistys\\\/wp-content\\\/uploads\\\/2013\\\/12\\\/Otsake_3.jpg\",\"contentUrl\":\"http:\\\/\\\/www.rukajarvensuunnanhistoriayhdistys.fi\\\/historiayhdistys\\\/wp-content\\\/uploads\\\/2013\\\/12\\\/Otsake_3.jpg\",\"width\":1000,\"height\":442,\"caption\":\"Rukaj\u00e4rven suunnan historiayhdistys\"},\"image\":{\"@id\":\"http:\\\/\\\/www.rukajarvensuunnanhistoriayhdistys.fi\\\/historiayhdistys\\\/#\\\/schema\\\/logo\\\/image\\\/\"}},{\"@type\":\"Person\",\"@id\":\"http:\\\/\\\/www.rukajarvensuunnanhistoriayhdistys.fi\\\/historiayhdistys\\\/#\\\/schema\\\/person\\\/19de7db68bf72dfd2b5d7f6dfbf8454d\",\"name\":\"RSHY\",\"image\":{\"@type\":\"ImageObject\",\"inLanguage\":\"fi\",\"@id\":\"https:\\\/\\\/secure.gravatar.com\\\/avatar\\\/598d59263a69cc8de65fcb4f9db78d6f58c098cb0e0ba22d73377441af9fa04c?s=96&d=blank&r=g\",\"url\":\"https:\\\/\\\/secure.gravatar.com\\\/avatar\\\/598d59263a69cc8de65fcb4f9db78d6f58c098cb0e0ba22d73377441af9fa04c?s=96&d=blank&r=g\",\"contentUrl\":\"https:\\\/\\\/secure.gravatar.com\\\/avatar\\\/598d59263a69cc8de65fcb4f9db78d6f58c098cb0e0ba22d73377441af9fa04c?s=96&d=blank&r=g\",\"caption\":\"RSHY\"},\"url\":\"http:\\\/\\\/www.rukajarvensuunnanhistoriayhdistys.fi\\\/historiayhdistys\\\/author\\\/rshy\\\/\"}]}<\/script>\n<!-- \/ Yoast SEO plugin. -->","yoast_head_json":{"title":"Kunnallisneuvos ja arvostettu sotaveteraani Paavo O. Saksman on poissa - Rukaj\u00e4rven suunnan historiayhdistys","robots":{"index":"index","follow":"follow","max-snippet":"max-snippet:-1","max-image-preview":"max-image-preview:large","max-video-preview":"max-video-preview:-1"},"canonical":"http:\/\/www.rukajarvensuunnanhistoriayhdistys.fi\/historiayhdistys\/kunnallisneuvos-ja-arvostettu-sotaveteraani-paavo-o-saksman-on-poissa\/","og_locale":"fi_FI","og_type":"article","og_title":"Kunnallisneuvos ja arvostettu sotaveteraani Paavo O. Saksman on poissa - Rukaj\u00e4rven suunnan historiayhdistys","og_description":"Pielavetinen keskustalainen vaikuttaja, kunnallisneuvos Paavo O. Saksman kuoli 20. toukokuuta. H\u00e4n oli syntynyt Pielavedell\u00e4 24.1.1918. Nuoren miehen haaveet katkaisi Talvisota vuonna 1939. Saksman oli JR 39 puhelinjoukkueen varajohtaja Laatokan koillispuolella. Teksti jatkuu...Kunnallisneuvos ja arvostettu sotaveteraani Paavo O. Saksman on poissa\u2192","og_url":"http:\/\/www.rukajarvensuunnanhistoriayhdistys.fi\/historiayhdistys\/kunnallisneuvos-ja-arvostettu-sotaveteraani-paavo-o-saksman-on-poissa\/","og_site_name":"Rukaj\u00e4rven suunnan historiayhdistys","article_published_time":"2015-06-08T18:37:31+00:00","article_modified_time":"2015-06-08T20:35:26+00:00","og_image":[{"width":1024,"height":768,"url":"http:\/\/www.rukajarvensuunnanhistoriayhdistys.fi\/historiayhdistys\/wp-content\/uploads\/2015\/06\/Perttuli_Saksman_DSC01750-1024x768.jpg","type":"image\/jpeg"}],"author":"RSHY","twitter_misc":{"Kirjoittanut":"RSHY","Arvioitu lukuaika":"2 minuuttia"},"schema":{"@context":"https:\/\/schema.org","@graph":[{"@type":"Article","@id":"http:\/\/www.rukajarvensuunnanhistoriayhdistys.fi\/historiayhdistys\/kunnallisneuvos-ja-arvostettu-sotaveteraani-paavo-o-saksman-on-poissa\/#article","isPartOf":{"@id":"http:\/\/www.rukajarvensuunnanhistoriayhdistys.fi\/historiayhdistys\/kunnallisneuvos-ja-arvostettu-sotaveteraani-paavo-o-saksman-on-poissa\/"},"author":{"name":"RSHY","@id":"http:\/\/www.rukajarvensuunnanhistoriayhdistys.fi\/historiayhdistys\/#\/schema\/person\/19de7db68bf72dfd2b5d7f6dfbf8454d"},"headline":"Kunnallisneuvos ja arvostettu sotaveteraani Paavo O. Saksman on poissa","datePublished":"2015-06-08T18:37:31+00:00","dateModified":"2015-06-08T20:35:26+00:00","mainEntityOfPage":{"@id":"http:\/\/www.rukajarvensuunnanhistoriayhdistys.fi\/historiayhdistys\/kunnallisneuvos-ja-arvostettu-sotaveteraani-paavo-o-saksman-on-poissa\/"},"wordCount":351,"publisher":{"@id":"http:\/\/www.rukajarvensuunnanhistoriayhdistys.fi\/historiayhdistys\/#organization"},"image":{"@id":"http:\/\/www.rukajarvensuunnanhistoriayhdistys.fi\/historiayhdistys\/kunnallisneuvos-ja-arvostettu-sotaveteraani-paavo-o-saksman-on-poissa\/#primaryimage"},"thumbnailUrl":"http:\/\/www.rukajarvensuunnanhistoriayhdistys.fi\/historiayhdistys\/wp-content\/uploads\/2015\/06\/Perttuli_Saksman_DSC01750.jpg","articleSection":["Ajankohtaista"],"inLanguage":"fi"},{"@type":"WebPage","@id":"http:\/\/www.rukajarvensuunnanhistoriayhdistys.fi\/historiayhdistys\/kunnallisneuvos-ja-arvostettu-sotaveteraani-paavo-o-saksman-on-poissa\/","url":"http:\/\/www.rukajarvensuunnanhistoriayhdistys.fi\/historiayhdistys\/kunnallisneuvos-ja-arvostettu-sotaveteraani-paavo-o-saksman-on-poissa\/","name":"Kunnallisneuvos ja arvostettu sotaveteraani Paavo O. Saksman on poissa - Rukaj\u00e4rven suunnan historiayhdistys","isPartOf":{"@id":"http:\/\/www.rukajarvensuunnanhistoriayhdistys.fi\/historiayhdistys\/#website"},"primaryImageOfPage":{"@id":"http:\/\/www.rukajarvensuunnanhistoriayhdistys.fi\/historiayhdistys\/kunnallisneuvos-ja-arvostettu-sotaveteraani-paavo-o-saksman-on-poissa\/#primaryimage"},"image":{"@id":"http:\/\/www.rukajarvensuunnanhistoriayhdistys.fi\/historiayhdistys\/kunnallisneuvos-ja-arvostettu-sotaveteraani-paavo-o-saksman-on-poissa\/#primaryimage"},"thumbnailUrl":"http:\/\/www.rukajarvensuunnanhistoriayhdistys.fi\/historiayhdistys\/wp-content\/uploads\/2015\/06\/Perttuli_Saksman_DSC01750.jpg","datePublished":"2015-06-08T18:37:31+00:00","dateModified":"2015-06-08T20:35:26+00:00","breadcrumb":{"@id":"http:\/\/www.rukajarvensuunnanhistoriayhdistys.fi\/historiayhdistys\/kunnallisneuvos-ja-arvostettu-sotaveteraani-paavo-o-saksman-on-poissa\/#breadcrumb"},"inLanguage":"fi","potentialAction":[{"@type":"ReadAction","target":["http:\/\/www.rukajarvensuunnanhistoriayhdistys.fi\/historiayhdistys\/kunnallisneuvos-ja-arvostettu-sotaveteraani-paavo-o-saksman-on-poissa\/"]}]},{"@type":"ImageObject","inLanguage":"fi","@id":"http:\/\/www.rukajarvensuunnanhistoriayhdistys.fi\/historiayhdistys\/kunnallisneuvos-ja-arvostettu-sotaveteraani-paavo-o-saksman-on-poissa\/#primaryimage","url":"http:\/\/www.rukajarvensuunnanhistoriayhdistys.fi\/historiayhdistys\/wp-content\/uploads\/2015\/06\/Perttuli_Saksman_DSC01750.jpg","contentUrl":"http:\/\/www.rukajarvensuunnanhistoriayhdistys.fi\/historiayhdistys\/wp-content\/uploads\/2015\/06\/Perttuli_Saksman_DSC01750.jpg","width":2592,"height":1944,"caption":"Veteraaniveljet ja yst\u00e4vykset tapaavat. Pentti Perttuli ja Paavo O.Saksman Iisalmen veteraanitapaamisessa 3.9.2006 Olvi-salissa. pidetyss\u00e4 juhlassa."},{"@type":"BreadcrumbList","@id":"http:\/\/www.rukajarvensuunnanhistoriayhdistys.fi\/historiayhdistys\/kunnallisneuvos-ja-arvostettu-sotaveteraani-paavo-o-saksman-on-poissa\/#breadcrumb","itemListElement":[{"@type":"ListItem","position":1,"name":"Etusivu","item":"http:\/\/www.rukajarvensuunnanhistoriayhdistys.fi\/historiayhdistys\/"},{"@type":"ListItem","position":2,"name":"Kunnallisneuvos ja arvostettu sotaveteraani Paavo O. Saksman on poissa"}]},{"@type":"WebSite","@id":"http:\/\/www.rukajarvensuunnanhistoriayhdistys.fi\/historiayhdistys\/#website","url":"http:\/\/www.rukajarvensuunnanhistoriayhdistys.fi\/historiayhdistys\/","name":"Rukaj\u00e4rven suunnan historiayhdistys","description":"Rukaj\u00e4rven suunnan historiayhdistyksen verkkosivut.","publisher":{"@id":"http:\/\/www.rukajarvensuunnanhistoriayhdistys.fi\/historiayhdistys\/#organization"},"potentialAction":[{"@type":"SearchAction","target":{"@type":"EntryPoint","urlTemplate":"http:\/\/www.rukajarvensuunnanhistoriayhdistys.fi\/historiayhdistys\/?s={search_term_string}"},"query-input":{"@type":"PropertyValueSpecification","valueRequired":true,"valueName":"search_term_string"}}],"inLanguage":"fi"},{"@type":"Organization","@id":"http:\/\/www.rukajarvensuunnanhistoriayhdistys.fi\/historiayhdistys\/#organization","name":"Rukaj\u00e4rven suunnan historiayhdistys","url":"http:\/\/www.rukajarvensuunnanhistoriayhdistys.fi\/historiayhdistys\/","logo":{"@type":"ImageObject","inLanguage":"fi","@id":"http:\/\/www.rukajarvensuunnanhistoriayhdistys.fi\/historiayhdistys\/#\/schema\/logo\/image\/","url":"http:\/\/www.rukajarvensuunnanhistoriayhdistys.fi\/historiayhdistys\/wp-content\/uploads\/2013\/12\/Otsake_3.jpg","contentUrl":"http:\/\/www.rukajarvensuunnanhistoriayhdistys.fi\/historiayhdistys\/wp-content\/uploads\/2013\/12\/Otsake_3.jpg","width":1000,"height":442,"caption":"Rukaj\u00e4rven suunnan historiayhdistys"},"image":{"@id":"http:\/\/www.rukajarvensuunnanhistoriayhdistys.fi\/historiayhdistys\/#\/schema\/logo\/image\/"}},{"@type":"Person","@id":"http:\/\/www.rukajarvensuunnanhistoriayhdistys.fi\/historiayhdistys\/#\/schema\/person\/19de7db68bf72dfd2b5d7f6dfbf8454d","name":"RSHY","image":{"@type":"ImageObject","inLanguage":"fi","@id":"https:\/\/secure.gravatar.com\/avatar\/598d59263a69cc8de65fcb4f9db78d6f58c098cb0e0ba22d73377441af9fa04c?s=96&d=blank&r=g","url":"https:\/\/secure.gravatar.com\/avatar\/598d59263a69cc8de65fcb4f9db78d6f58c098cb0e0ba22d73377441af9fa04c?s=96&d=blank&r=g","contentUrl":"https:\/\/secure.gravatar.com\/avatar\/598d59263a69cc8de65fcb4f9db78d6f58c098cb0e0ba22d73377441af9fa04c?s=96&d=blank&r=g","caption":"RSHY"},"url":"http:\/\/www.rukajarvensuunnanhistoriayhdistys.fi\/historiayhdistys\/author\/rshy\/"}]}},"_links":{"self":[{"href":"http:\/\/www.rukajarvensuunnanhistoriayhdistys.fi\/historiayhdistys\/wp-json\/wp\/v2\/posts\/10035","targetHints":{"allow":["GET"]}}],"collection":[{"href":"http:\/\/www.rukajarvensuunnanhistoriayhdistys.fi\/historiayhdistys\/wp-json\/wp\/v2\/posts"}],"about":[{"href":"http:\/\/www.rukajarvensuunnanhistoriayhdistys.fi\/historiayhdistys\/wp-json\/wp\/v2\/types\/post"}],"author":[{"embeddable":true,"href":"http:\/\/www.rukajarvensuunnanhistoriayhdistys.fi\/historiayhdistys\/wp-json\/wp\/v2\/users\/3"}],"replies":[{"embeddable":true,"href":"http:\/\/www.rukajarvensuunnanhistoriayhdistys.fi\/historiayhdistys\/wp-json\/wp\/v2\/comments?post=10035"}],"version-history":[{"count":5,"href":"http:\/\/www.rukajarvensuunnanhistoriayhdistys.fi\/historiayhdistys\/wp-json\/wp\/v2\/posts\/10035\/revisions"}],"predecessor-version":[{"id":10043,"href":"http:\/\/www.rukajarvensuunnanhistoriayhdistys.fi\/historiayhdistys\/wp-json\/wp\/v2\/posts\/10035\/revisions\/10043"}],"wp:featuredmedia":[{"embeddable":true,"href":"http:\/\/www.rukajarvensuunnanhistoriayhdistys.fi\/historiayhdistys\/wp-json\/wp\/v2\/media\/10041"}],"wp:attachment":[{"href":"http:\/\/www.rukajarvensuunnanhistoriayhdistys.fi\/historiayhdistys\/wp-json\/wp\/v2\/media?parent=10035"}],"wp:term":[{"taxonomy":"category","embeddable":true,"href":"http:\/\/www.rukajarvensuunnanhistoriayhdistys.fi\/historiayhdistys\/wp-json\/wp\/v2\/categories?post=10035"},{"taxonomy":"post_tag","embeddable":true,"href":"http:\/\/www.rukajarvensuunnanhistoriayhdistys.fi\/historiayhdistys\/wp-json\/wp\/v2\/tags?post=10035"}],"curies":[{"name":"wp","href":"https:\/\/api.w.org\/{rel}","templated":true}]}}