{"id":10051,"date":"2015-06-09T00:27:06","date_gmt":"2015-06-08T21:27:06","guid":{"rendered":"http:\/\/www.rukajarvensuunnanhistoriayhdistys.fi\/historiayhdistys\/?p=10051"},"modified":"2015-06-09T00:35:05","modified_gmt":"2015-06-08T21:35:05","slug":"maakuntamuseon-johtajan-tutustumismatka-rukajarven-tielle","status":"publish","type":"post","link":"http:\/\/www.rukajarvensuunnanhistoriayhdistys.fi\/historiayhdistys\/maakuntamuseon-johtajan-tutustumismatka-rukajarven-tielle\/","title":{"rendered":"Maakuntamuseon johtajan tutustumismatka Rukaj\u00e4rven tielle"},"content":{"rendered":"<div class=\"fcbkbttn_buttons_block\" id=\"fcbkbttn_left\"><div class=\"fcbkbttn_like \"><fb:like href=\"http:\/\/www.rukajarvensuunnanhistoriayhdistys.fi\/historiayhdistys\/maakuntamuseon-johtajan-tutustumismatka-rukajarven-tielle\/\" action=\"like\" colorscheme=\"light\" layout=\"button_count\"  size=\"small\"><\/fb:like><\/div><\/div><p><strong>Muistio Maakuntamuseon johtajan tutustumisk\u00e4ynnist\u00e4 \u00a0Rukaj\u00e4rven tien t<\/strong>utustumisk\u00e4ynti liittyy Rukaj\u00e4rven tien kohteitten kehitt\u00e4miseen ja erityisesti \u00c4n\u00e4k\u00e4isen Salpaetuasemien kunnostamiseen Puolustusvoimien kertausharjoituskohteena. Pohjois-Karjalan museo Joensuussa on maakuntamuseo, jonka teht\u00e4v\u00e4n\u00e4 on ohjata, kehitt\u00e4\u00e4 ja tukea museotoimintaa sek\u00e4 kulttuuriperinn\u00f6n ja kulttuuriymp\u00e4rist\u00f6n hoitoa ja s\u00e4ilymist\u00e4 omalla toiminta-alueellaan.\u00a0 Maakuntamuseo on asiantuntija ja yhteisty\u00f6kumppani alueensa kulttuuriperint\u00f6\u00f6n liittyviss\u00e4 kysymyksiss\u00e4.<\/p>\n<p><strong>Maakuntamuseon johtajan tutustuminen 2.6.2915<\/strong><\/p>\n<p>Nyt tutustuimme pelk\u00e4st\u00e4\u00e4n Rukaj\u00e4rven tien suuntaan, eik\u00e4 sit\u00e4k\u00e4\u00e4n ehditty k\u00e4yd\u00e4 kokonaan l\u00e4pi, vain pinnallisesti. Katsomatta j\u00e4iv\u00e4t, Kirkkopuiston alueet, kaupungin keskustan sotamuistomerkit, tietysti Pielisen museo, Inarintien suunta, partisaanien toiminta ja Suomu, jossa mm. Rukaj\u00e4rven suunnan komentaja E.J. Raappanan komentokorsu sijaitsi. Viimeksi mainittuihin kohteisiin ei ehditty tutustua. Jo t\u00e4m\u00e4n yhden p\u00e4iv\u00e4n kokemuksena voi todeta, ett\u00e4\u00a0 aikaa tutustumiseen on varattava runsaasti ja meid\u00e4n matkojen ja opastuksen j\u00e4rjest\u00e4jin\u00e4 tulee keskitty\u00e4 olennaiseen.<\/p>\n<figure id=\"attachment_10052\" aria-describedby=\"caption-attachment-10052\" style=\"width: 4212px\" class=\"wp-caption alignnone\"><a href=\"http:\/\/www.rukajarvensuunnanhistoriayhdistys.fi\/historiayhdistys\/wp-content\/uploads\/2015\/06\/3-2.jpg\"><img loading=\"lazy\" decoding=\"async\" class=\"wp-image-10052 size-full\" src=\"http:\/\/www.rukajarvensuunnanhistoriayhdistys.fi\/historiayhdistys\/wp-content\/uploads\/2015\/06\/3-2.jpg\" alt=\"\u00c4n\u00e4k\u00e4isen taisteluhaudat rakennettiin v. 2005, mutta ovat nyt varsin heikossa kunnossa. Kuvassa Kimmo Salo, Iiris Heino, Tarja Raninen-Siiskonen, Tauno Oksanen, Mauri M\u00f6nkk\u00f6nen, Mikko Huusko, Markku Komu ja Marketta Alvila. Kuva Lasse Nirhamo. \" width=\"4212\" height=\"3016\" data-id=\"10052\" srcset=\"http:\/\/www.rukajarvensuunnanhistoriayhdistys.fi\/historiayhdistys\/wp-content\/uploads\/2015\/06\/3-2.jpg 4212w, http:\/\/www.rukajarvensuunnanhistoriayhdistys.fi\/historiayhdistys\/wp-content\/uploads\/2015\/06\/3-2-300x215.jpg 300w, http:\/\/www.rukajarvensuunnanhistoriayhdistys.fi\/historiayhdistys\/wp-content\/uploads\/2015\/06\/3-2-1024x733.jpg 1024w\" sizes=\"auto, (max-width: 4212px) 100vw, 4212px\" \/><\/a><figcaption id=\"caption-attachment-10052\" class=\"wp-caption-text\">\u00c4n\u00e4k\u00e4isen taisteluhaudat rakennettiin v. 2005. \u00a0Kuvassa Kimmo Salo, Iiris Heino, Tarja Raninen-Siiskonen, Tauno Oksanen, Mauri M\u00f6nkk\u00f6nen, Mikko Huusko, Markku Komu ja Marketta Alvila. Kuva Lasse Nirhamo.<\/figcaption><\/figure>\n<p>Maakuntamuseon johtajan tutustuminen j\u00e4rjestettiin Rukaj\u00e4rven suunnan joukkojen perinnety\u00f6n kannalta merkkip\u00e4iv\u00e4n\u00e4. P\u00e4iv\u00e4 on suunnan komentajan korpikenraali E. J. Raappanan syntym\u00e4p\u00e4iv\u00e4n\u00e4 (s. 2.6.1893), h\u00e4nen syntym\u00e4st\u00e4\u00e4n tuli kuluneeksi 122 vuotta. Tutustuminen Rukaj\u00e4rven tien kohteisiin osui perinnety\u00f6n kannalta merkkip\u00e4iv\u00e4ksi. Rukaj\u00e4rven suunta on onnistunut perinnety\u00f6ss\u00e4 toimimaan komentajan osoittamien suuntaviivojen mukaisesti. Kiitos monien arvokasta ty\u00f6t\u00e4 tekevien veteraanien ja ty\u00f6t\u00e4 avustavien perinnety\u00f6ntekij\u00f6itten.<\/p>\n<p>Julkaisemme tutustumisk\u00e4ynnist\u00e4 laaditun\u00a0muistion kokonaisuudessaan. Sen voi lukea <strong><a href=\"http:\/\/www.rukajarvensuunnanhistoriayhdistys.fi\/historiayhdistys\/wp-content\/uploads\/2015\/06\/Muistio-Maakuntamuseon-johtajan-tututustumisk\u00e4ynnist\u00e4-Rukaj\u00e4rven-tien-kohteisiin-2-6-2015.pdf\">T\u00c4\u00c4LT\u00c4<\/a><\/strong>.<\/p>\n","protected":false},"excerpt":{"rendered":"<p>Muistio Maakuntamuseon johtajan tutustumisk\u00e4ynnist\u00e4 \u00a0Rukaj\u00e4rven tien tutustumisk\u00e4ynti liittyy Rukaj\u00e4rven tien kohteitten kehitt\u00e4miseen ja erityisesti \u00c4n\u00e4k\u00e4isen Salpaetuasemien kunnostamiseen Puolustusvoimien kertausharjoituskohteena. Pohjois-Karjalan museo Joensuussa on maakuntamuseo, jonka teht\u00e4v\u00e4n\u00e4 on ohjata, kehitt\u00e4\u00e4 ja <a class=\"more-link\" href=\"http:\/\/www.rukajarvensuunnanhistoriayhdistys.fi\/historiayhdistys\/maakuntamuseon-johtajan-tutustumismatka-rukajarven-tielle\/\">Teksti jatkuu&#8230;<span class=\"screen-reader-text\">Maakuntamuseon johtajan tutustumismatka Rukaj\u00e4rven tielle<\/span><span class=\"meta-nav\">\u2192<\/span><\/a><\/p>\n","protected":false},"author":3,"featured_media":10052,"comment_status":"closed","ping_status":"open","sticky":false,"template":"","format":"standard","meta":{"footnotes":""},"categories":[22],"tags":[],"class_list":["post-10051","post","type-post","status-publish","format-standard","has-post-thumbnail","hentry","category-ajankohtaista"],"yoast_head":"<!-- This site is optimized with the Yoast SEO plugin v27.4 - https:\/\/yoast.com\/product\/yoast-seo-wordpress\/ -->\n<title>Maakuntamuseon johtajan tutustumismatka Rukaj\u00e4rven tielle - Rukaj\u00e4rven suunnan historiayhdistys<\/title>\n<meta name=\"robots\" content=\"index, follow, max-snippet:-1, max-image-preview:large, max-video-preview:-1\" \/>\n<link rel=\"canonical\" href=\"https:\/\/www.rukajarvensuunnanhistoriayhdistys.fi\/historiayhdistys\/maakuntamuseon-johtajan-tutustumismatka-rukajarven-tielle\/\" \/>\n<meta property=\"og:locale\" content=\"fi_FI\" \/>\n<meta property=\"og:type\" content=\"article\" \/>\n<meta property=\"og:title\" content=\"Maakuntamuseon johtajan tutustumismatka Rukaj\u00e4rven tielle - Rukaj\u00e4rven suunnan historiayhdistys\" \/>\n<meta property=\"og:description\" content=\"Muistio Maakuntamuseon johtajan tutustumisk\u00e4ynnist\u00e4 \u00a0Rukaj\u00e4rven tien tutustumisk\u00e4ynti liittyy Rukaj\u00e4rven tien kohteitten kehitt\u00e4miseen ja erityisesti \u00c4n\u00e4k\u00e4isen Salpaetuasemien kunnostamiseen Puolustusvoimien kertausharjoituskohteena. Pohjois-Karjalan museo Joensuussa on maakuntamuseo, jonka teht\u00e4v\u00e4n\u00e4 on ohjata, kehitt\u00e4\u00e4 ja Teksti jatkuu...Maakuntamuseon johtajan tutustumismatka Rukaj\u00e4rven tielle\u2192\" \/>\n<meta property=\"og:url\" content=\"https:\/\/www.rukajarvensuunnanhistoriayhdistys.fi\/historiayhdistys\/maakuntamuseon-johtajan-tutustumismatka-rukajarven-tielle\/\" \/>\n<meta property=\"og:site_name\" content=\"Rukaj\u00e4rven suunnan historiayhdistys\" \/>\n<meta property=\"article:published_time\" content=\"2015-06-08T21:27:06+00:00\" \/>\n<meta property=\"article:modified_time\" content=\"2015-06-08T21:35:05+00:00\" \/>\n<meta property=\"og:image\" content=\"https:\/\/www.rukajarvensuunnanhistoriayhdistys.fi\/historiayhdistys\/wp-content\/uploads\/2015\/06\/3-2-1024x733.jpg\" \/>\n\t<meta property=\"og:image:width\" content=\"1024\" \/>\n\t<meta property=\"og:image:height\" content=\"733\" \/>\n\t<meta property=\"og:image:type\" content=\"image\/jpeg\" \/>\n<meta name=\"author\" content=\"RSHY\" \/>\n<meta name=\"twitter:label1\" content=\"Kirjoittanut\" \/>\n\t<meta name=\"twitter:data1\" content=\"RSHY\" \/>\n\t<meta name=\"twitter:label2\" content=\"Arvioitu lukuaika\" \/>\n\t<meta name=\"twitter:data2\" content=\"1 minuutti\" \/>\n<script type=\"application\/ld+json\" class=\"yoast-schema-graph\">{\"@context\":\"https:\\\/\\\/schema.org\",\"@graph\":[{\"@type\":\"Article\",\"@id\":\"https:\\\/\\\/www.rukajarvensuunnanhistoriayhdistys.fi\\\/historiayhdistys\\\/maakuntamuseon-johtajan-tutustumismatka-rukajarven-tielle\\\/#article\",\"isPartOf\":{\"@id\":\"https:\\\/\\\/www.rukajarvensuunnanhistoriayhdistys.fi\\\/historiayhdistys\\\/maakuntamuseon-johtajan-tutustumismatka-rukajarven-tielle\\\/\"},\"author\":{\"name\":\"RSHY\",\"@id\":\"http:\\\/\\\/www.rukajarvensuunnanhistoriayhdistys.fi\\\/historiayhdistys\\\/#\\\/schema\\\/person\\\/19de7db68bf72dfd2b5d7f6dfbf8454d\"},\"headline\":\"Maakuntamuseon johtajan tutustumismatka Rukaj\u00e4rven tielle\",\"datePublished\":\"2015-06-08T21:27:06+00:00\",\"dateModified\":\"2015-06-08T21:35:05+00:00\",\"mainEntityOfPage\":{\"@id\":\"https:\\\/\\\/www.rukajarvensuunnanhistoriayhdistys.fi\\\/historiayhdistys\\\/maakuntamuseon-johtajan-tutustumismatka-rukajarven-tielle\\\/\"},\"wordCount\":281,\"publisher\":{\"@id\":\"http:\\\/\\\/www.rukajarvensuunnanhistoriayhdistys.fi\\\/historiayhdistys\\\/#organization\"},\"image\":{\"@id\":\"https:\\\/\\\/www.rukajarvensuunnanhistoriayhdistys.fi\\\/historiayhdistys\\\/maakuntamuseon-johtajan-tutustumismatka-rukajarven-tielle\\\/#primaryimage\"},\"thumbnailUrl\":\"http:\\\/\\\/www.rukajarvensuunnanhistoriayhdistys.fi\\\/historiayhdistys\\\/wp-content\\\/uploads\\\/2015\\\/06\\\/3-2.jpg\",\"articleSection\":[\"Ajankohtaista\"],\"inLanguage\":\"fi\"},{\"@type\":\"WebPage\",\"@id\":\"https:\\\/\\\/www.rukajarvensuunnanhistoriayhdistys.fi\\\/historiayhdistys\\\/maakuntamuseon-johtajan-tutustumismatka-rukajarven-tielle\\\/\",\"url\":\"https:\\\/\\\/www.rukajarvensuunnanhistoriayhdistys.fi\\\/historiayhdistys\\\/maakuntamuseon-johtajan-tutustumismatka-rukajarven-tielle\\\/\",\"name\":\"Maakuntamuseon johtajan tutustumismatka Rukaj\u00e4rven tielle - Rukaj\u00e4rven suunnan historiayhdistys\",\"isPartOf\":{\"@id\":\"http:\\\/\\\/www.rukajarvensuunnanhistoriayhdistys.fi\\\/historiayhdistys\\\/#website\"},\"primaryImageOfPage\":{\"@id\":\"https:\\\/\\\/www.rukajarvensuunnanhistoriayhdistys.fi\\\/historiayhdistys\\\/maakuntamuseon-johtajan-tutustumismatka-rukajarven-tielle\\\/#primaryimage\"},\"image\":{\"@id\":\"https:\\\/\\\/www.rukajarvensuunnanhistoriayhdistys.fi\\\/historiayhdistys\\\/maakuntamuseon-johtajan-tutustumismatka-rukajarven-tielle\\\/#primaryimage\"},\"thumbnailUrl\":\"http:\\\/\\\/www.rukajarvensuunnanhistoriayhdistys.fi\\\/historiayhdistys\\\/wp-content\\\/uploads\\\/2015\\\/06\\\/3-2.jpg\",\"datePublished\":\"2015-06-08T21:27:06+00:00\",\"dateModified\":\"2015-06-08T21:35:05+00:00\",\"breadcrumb\":{\"@id\":\"https:\\\/\\\/www.rukajarvensuunnanhistoriayhdistys.fi\\\/historiayhdistys\\\/maakuntamuseon-johtajan-tutustumismatka-rukajarven-tielle\\\/#breadcrumb\"},\"inLanguage\":\"fi\",\"potentialAction\":[{\"@type\":\"ReadAction\",\"target\":[\"https:\\\/\\\/www.rukajarvensuunnanhistoriayhdistys.fi\\\/historiayhdistys\\\/maakuntamuseon-johtajan-tutustumismatka-rukajarven-tielle\\\/\"]}]},{\"@type\":\"ImageObject\",\"inLanguage\":\"fi\",\"@id\":\"https:\\\/\\\/www.rukajarvensuunnanhistoriayhdistys.fi\\\/historiayhdistys\\\/maakuntamuseon-johtajan-tutustumismatka-rukajarven-tielle\\\/#primaryimage\",\"url\":\"http:\\\/\\\/www.rukajarvensuunnanhistoriayhdistys.fi\\\/historiayhdistys\\\/wp-content\\\/uploads\\\/2015\\\/06\\\/3-2.jpg\",\"contentUrl\":\"http:\\\/\\\/www.rukajarvensuunnanhistoriayhdistys.fi\\\/historiayhdistys\\\/wp-content\\\/uploads\\\/2015\\\/06\\\/3-2.jpg\",\"width\":4212,\"height\":3016,\"caption\":\"\u00c4n\u00e4k\u00e4isen taisteluhaudat rakennettiin v. 2005, mutta ovat nyt varsin heikossa kunnossa. Kuvassa Kimmo Salo, Iiris Heino, Tarja Raninen-Siiskonen, Tauno Oksanen, Mauri M\u00f6nkk\u00f6nen, Mikko Huusko, Markku Komu ja Marketta Alvila. Kuva Lasse Nirhamo.\"},{\"@type\":\"BreadcrumbList\",\"@id\":\"https:\\\/\\\/www.rukajarvensuunnanhistoriayhdistys.fi\\\/historiayhdistys\\\/maakuntamuseon-johtajan-tutustumismatka-rukajarven-tielle\\\/#breadcrumb\",\"itemListElement\":[{\"@type\":\"ListItem\",\"position\":1,\"name\":\"Etusivu\",\"item\":\"http:\\\/\\\/www.rukajarvensuunnanhistoriayhdistys.fi\\\/historiayhdistys\\\/\"},{\"@type\":\"ListItem\",\"position\":2,\"name\":\"Maakuntamuseon johtajan tutustumismatka Rukaj\u00e4rven tielle\"}]},{\"@type\":\"WebSite\",\"@id\":\"http:\\\/\\\/www.rukajarvensuunnanhistoriayhdistys.fi\\\/historiayhdistys\\\/#website\",\"url\":\"http:\\\/\\\/www.rukajarvensuunnanhistoriayhdistys.fi\\\/historiayhdistys\\\/\",\"name\":\"Rukaj\u00e4rven suunnan historiayhdistys\",\"description\":\"Rukaj\u00e4rven suunnan historiayhdistyksen verkkosivut.\",\"publisher\":{\"@id\":\"http:\\\/\\\/www.rukajarvensuunnanhistoriayhdistys.fi\\\/historiayhdistys\\\/#organization\"},\"potentialAction\":[{\"@type\":\"SearchAction\",\"target\":{\"@type\":\"EntryPoint\",\"urlTemplate\":\"http:\\\/\\\/www.rukajarvensuunnanhistoriayhdistys.fi\\\/historiayhdistys\\\/?s={search_term_string}\"},\"query-input\":{\"@type\":\"PropertyValueSpecification\",\"valueRequired\":true,\"valueName\":\"search_term_string\"}}],\"inLanguage\":\"fi\"},{\"@type\":\"Organization\",\"@id\":\"http:\\\/\\\/www.rukajarvensuunnanhistoriayhdistys.fi\\\/historiayhdistys\\\/#organization\",\"name\":\"Rukaj\u00e4rven suunnan historiayhdistys\",\"url\":\"http:\\\/\\\/www.rukajarvensuunnanhistoriayhdistys.fi\\\/historiayhdistys\\\/\",\"logo\":{\"@type\":\"ImageObject\",\"inLanguage\":\"fi\",\"@id\":\"http:\\\/\\\/www.rukajarvensuunnanhistoriayhdistys.fi\\\/historiayhdistys\\\/#\\\/schema\\\/logo\\\/image\\\/\",\"url\":\"http:\\\/\\\/www.rukajarvensuunnanhistoriayhdistys.fi\\\/historiayhdistys\\\/wp-content\\\/uploads\\\/2013\\\/12\\\/Otsake_3.jpg\",\"contentUrl\":\"http:\\\/\\\/www.rukajarvensuunnanhistoriayhdistys.fi\\\/historiayhdistys\\\/wp-content\\\/uploads\\\/2013\\\/12\\\/Otsake_3.jpg\",\"width\":1000,\"height\":442,\"caption\":\"Rukaj\u00e4rven suunnan historiayhdistys\"},\"image\":{\"@id\":\"http:\\\/\\\/www.rukajarvensuunnanhistoriayhdistys.fi\\\/historiayhdistys\\\/#\\\/schema\\\/logo\\\/image\\\/\"}},{\"@type\":\"Person\",\"@id\":\"http:\\\/\\\/www.rukajarvensuunnanhistoriayhdistys.fi\\\/historiayhdistys\\\/#\\\/schema\\\/person\\\/19de7db68bf72dfd2b5d7f6dfbf8454d\",\"name\":\"RSHY\",\"image\":{\"@type\":\"ImageObject\",\"inLanguage\":\"fi\",\"@id\":\"https:\\\/\\\/secure.gravatar.com\\\/avatar\\\/598d59263a69cc8de65fcb4f9db78d6f58c098cb0e0ba22d73377441af9fa04c?s=96&d=blank&r=g\",\"url\":\"https:\\\/\\\/secure.gravatar.com\\\/avatar\\\/598d59263a69cc8de65fcb4f9db78d6f58c098cb0e0ba22d73377441af9fa04c?s=96&d=blank&r=g\",\"contentUrl\":\"https:\\\/\\\/secure.gravatar.com\\\/avatar\\\/598d59263a69cc8de65fcb4f9db78d6f58c098cb0e0ba22d73377441af9fa04c?s=96&d=blank&r=g\",\"caption\":\"RSHY\"},\"url\":\"http:\\\/\\\/www.rukajarvensuunnanhistoriayhdistys.fi\\\/historiayhdistys\\\/author\\\/rshy\\\/\"}]}<\/script>\n<!-- \/ Yoast SEO plugin. -->","yoast_head_json":{"title":"Maakuntamuseon johtajan tutustumismatka Rukaj\u00e4rven tielle - Rukaj\u00e4rven suunnan historiayhdistys","robots":{"index":"index","follow":"follow","max-snippet":"max-snippet:-1","max-image-preview":"max-image-preview:large","max-video-preview":"max-video-preview:-1"},"canonical":"https:\/\/www.rukajarvensuunnanhistoriayhdistys.fi\/historiayhdistys\/maakuntamuseon-johtajan-tutustumismatka-rukajarven-tielle\/","og_locale":"fi_FI","og_type":"article","og_title":"Maakuntamuseon johtajan tutustumismatka Rukaj\u00e4rven tielle - Rukaj\u00e4rven suunnan historiayhdistys","og_description":"Muistio Maakuntamuseon johtajan tutustumisk\u00e4ynnist\u00e4 \u00a0Rukaj\u00e4rven tien tutustumisk\u00e4ynti liittyy Rukaj\u00e4rven tien kohteitten kehitt\u00e4miseen ja erityisesti \u00c4n\u00e4k\u00e4isen Salpaetuasemien kunnostamiseen Puolustusvoimien kertausharjoituskohteena. Pohjois-Karjalan museo Joensuussa on maakuntamuseo, jonka teht\u00e4v\u00e4n\u00e4 on ohjata, kehitt\u00e4\u00e4 ja Teksti jatkuu...Maakuntamuseon johtajan tutustumismatka Rukaj\u00e4rven tielle\u2192","og_url":"https:\/\/www.rukajarvensuunnanhistoriayhdistys.fi\/historiayhdistys\/maakuntamuseon-johtajan-tutustumismatka-rukajarven-tielle\/","og_site_name":"Rukaj\u00e4rven suunnan historiayhdistys","article_published_time":"2015-06-08T21:27:06+00:00","article_modified_time":"2015-06-08T21:35:05+00:00","og_image":[{"width":1024,"height":733,"url":"https:\/\/www.rukajarvensuunnanhistoriayhdistys.fi\/historiayhdistys\/wp-content\/uploads\/2015\/06\/3-2-1024x733.jpg","type":"image\/jpeg"}],"author":"RSHY","twitter_misc":{"Kirjoittanut":"RSHY","Arvioitu lukuaika":"1 minuutti"},"schema":{"@context":"https:\/\/schema.org","@graph":[{"@type":"Article","@id":"https:\/\/www.rukajarvensuunnanhistoriayhdistys.fi\/historiayhdistys\/maakuntamuseon-johtajan-tutustumismatka-rukajarven-tielle\/#article","isPartOf":{"@id":"https:\/\/www.rukajarvensuunnanhistoriayhdistys.fi\/historiayhdistys\/maakuntamuseon-johtajan-tutustumismatka-rukajarven-tielle\/"},"author":{"name":"RSHY","@id":"http:\/\/www.rukajarvensuunnanhistoriayhdistys.fi\/historiayhdistys\/#\/schema\/person\/19de7db68bf72dfd2b5d7f6dfbf8454d"},"headline":"Maakuntamuseon johtajan tutustumismatka Rukaj\u00e4rven tielle","datePublished":"2015-06-08T21:27:06+00:00","dateModified":"2015-06-08T21:35:05+00:00","mainEntityOfPage":{"@id":"https:\/\/www.rukajarvensuunnanhistoriayhdistys.fi\/historiayhdistys\/maakuntamuseon-johtajan-tutustumismatka-rukajarven-tielle\/"},"wordCount":281,"publisher":{"@id":"http:\/\/www.rukajarvensuunnanhistoriayhdistys.fi\/historiayhdistys\/#organization"},"image":{"@id":"https:\/\/www.rukajarvensuunnanhistoriayhdistys.fi\/historiayhdistys\/maakuntamuseon-johtajan-tutustumismatka-rukajarven-tielle\/#primaryimage"},"thumbnailUrl":"http:\/\/www.rukajarvensuunnanhistoriayhdistys.fi\/historiayhdistys\/wp-content\/uploads\/2015\/06\/3-2.jpg","articleSection":["Ajankohtaista"],"inLanguage":"fi"},{"@type":"WebPage","@id":"https:\/\/www.rukajarvensuunnanhistoriayhdistys.fi\/historiayhdistys\/maakuntamuseon-johtajan-tutustumismatka-rukajarven-tielle\/","url":"https:\/\/www.rukajarvensuunnanhistoriayhdistys.fi\/historiayhdistys\/maakuntamuseon-johtajan-tutustumismatka-rukajarven-tielle\/","name":"Maakuntamuseon johtajan tutustumismatka Rukaj\u00e4rven tielle - Rukaj\u00e4rven suunnan historiayhdistys","isPartOf":{"@id":"http:\/\/www.rukajarvensuunnanhistoriayhdistys.fi\/historiayhdistys\/#website"},"primaryImageOfPage":{"@id":"https:\/\/www.rukajarvensuunnanhistoriayhdistys.fi\/historiayhdistys\/maakuntamuseon-johtajan-tutustumismatka-rukajarven-tielle\/#primaryimage"},"image":{"@id":"https:\/\/www.rukajarvensuunnanhistoriayhdistys.fi\/historiayhdistys\/maakuntamuseon-johtajan-tutustumismatka-rukajarven-tielle\/#primaryimage"},"thumbnailUrl":"http:\/\/www.rukajarvensuunnanhistoriayhdistys.fi\/historiayhdistys\/wp-content\/uploads\/2015\/06\/3-2.jpg","datePublished":"2015-06-08T21:27:06+00:00","dateModified":"2015-06-08T21:35:05+00:00","breadcrumb":{"@id":"https:\/\/www.rukajarvensuunnanhistoriayhdistys.fi\/historiayhdistys\/maakuntamuseon-johtajan-tutustumismatka-rukajarven-tielle\/#breadcrumb"},"inLanguage":"fi","potentialAction":[{"@type":"ReadAction","target":["https:\/\/www.rukajarvensuunnanhistoriayhdistys.fi\/historiayhdistys\/maakuntamuseon-johtajan-tutustumismatka-rukajarven-tielle\/"]}]},{"@type":"ImageObject","inLanguage":"fi","@id":"https:\/\/www.rukajarvensuunnanhistoriayhdistys.fi\/historiayhdistys\/maakuntamuseon-johtajan-tutustumismatka-rukajarven-tielle\/#primaryimage","url":"http:\/\/www.rukajarvensuunnanhistoriayhdistys.fi\/historiayhdistys\/wp-content\/uploads\/2015\/06\/3-2.jpg","contentUrl":"http:\/\/www.rukajarvensuunnanhistoriayhdistys.fi\/historiayhdistys\/wp-content\/uploads\/2015\/06\/3-2.jpg","width":4212,"height":3016,"caption":"\u00c4n\u00e4k\u00e4isen taisteluhaudat rakennettiin v. 2005, mutta ovat nyt varsin heikossa kunnossa. Kuvassa Kimmo Salo, Iiris Heino, Tarja Raninen-Siiskonen, Tauno Oksanen, Mauri M\u00f6nkk\u00f6nen, Mikko Huusko, Markku Komu ja Marketta Alvila. Kuva Lasse Nirhamo."},{"@type":"BreadcrumbList","@id":"https:\/\/www.rukajarvensuunnanhistoriayhdistys.fi\/historiayhdistys\/maakuntamuseon-johtajan-tutustumismatka-rukajarven-tielle\/#breadcrumb","itemListElement":[{"@type":"ListItem","position":1,"name":"Etusivu","item":"http:\/\/www.rukajarvensuunnanhistoriayhdistys.fi\/historiayhdistys\/"},{"@type":"ListItem","position":2,"name":"Maakuntamuseon johtajan tutustumismatka Rukaj\u00e4rven tielle"}]},{"@type":"WebSite","@id":"http:\/\/www.rukajarvensuunnanhistoriayhdistys.fi\/historiayhdistys\/#website","url":"http:\/\/www.rukajarvensuunnanhistoriayhdistys.fi\/historiayhdistys\/","name":"Rukaj\u00e4rven suunnan historiayhdistys","description":"Rukaj\u00e4rven suunnan historiayhdistyksen verkkosivut.","publisher":{"@id":"http:\/\/www.rukajarvensuunnanhistoriayhdistys.fi\/historiayhdistys\/#organization"},"potentialAction":[{"@type":"SearchAction","target":{"@type":"EntryPoint","urlTemplate":"http:\/\/www.rukajarvensuunnanhistoriayhdistys.fi\/historiayhdistys\/?s={search_term_string}"},"query-input":{"@type":"PropertyValueSpecification","valueRequired":true,"valueName":"search_term_string"}}],"inLanguage":"fi"},{"@type":"Organization","@id":"http:\/\/www.rukajarvensuunnanhistoriayhdistys.fi\/historiayhdistys\/#organization","name":"Rukaj\u00e4rven suunnan historiayhdistys","url":"http:\/\/www.rukajarvensuunnanhistoriayhdistys.fi\/historiayhdistys\/","logo":{"@type":"ImageObject","inLanguage":"fi","@id":"http:\/\/www.rukajarvensuunnanhistoriayhdistys.fi\/historiayhdistys\/#\/schema\/logo\/image\/","url":"http:\/\/www.rukajarvensuunnanhistoriayhdistys.fi\/historiayhdistys\/wp-content\/uploads\/2013\/12\/Otsake_3.jpg","contentUrl":"http:\/\/www.rukajarvensuunnanhistoriayhdistys.fi\/historiayhdistys\/wp-content\/uploads\/2013\/12\/Otsake_3.jpg","width":1000,"height":442,"caption":"Rukaj\u00e4rven suunnan historiayhdistys"},"image":{"@id":"http:\/\/www.rukajarvensuunnanhistoriayhdistys.fi\/historiayhdistys\/#\/schema\/logo\/image\/"}},{"@type":"Person","@id":"http:\/\/www.rukajarvensuunnanhistoriayhdistys.fi\/historiayhdistys\/#\/schema\/person\/19de7db68bf72dfd2b5d7f6dfbf8454d","name":"RSHY","image":{"@type":"ImageObject","inLanguage":"fi","@id":"https:\/\/secure.gravatar.com\/avatar\/598d59263a69cc8de65fcb4f9db78d6f58c098cb0e0ba22d73377441af9fa04c?s=96&d=blank&r=g","url":"https:\/\/secure.gravatar.com\/avatar\/598d59263a69cc8de65fcb4f9db78d6f58c098cb0e0ba22d73377441af9fa04c?s=96&d=blank&r=g","contentUrl":"https:\/\/secure.gravatar.com\/avatar\/598d59263a69cc8de65fcb4f9db78d6f58c098cb0e0ba22d73377441af9fa04c?s=96&d=blank&r=g","caption":"RSHY"},"url":"http:\/\/www.rukajarvensuunnanhistoriayhdistys.fi\/historiayhdistys\/author\/rshy\/"}]}},"_links":{"self":[{"href":"http:\/\/www.rukajarvensuunnanhistoriayhdistys.fi\/historiayhdistys\/wp-json\/wp\/v2\/posts\/10051","targetHints":{"allow":["GET"]}}],"collection":[{"href":"http:\/\/www.rukajarvensuunnanhistoriayhdistys.fi\/historiayhdistys\/wp-json\/wp\/v2\/posts"}],"about":[{"href":"http:\/\/www.rukajarvensuunnanhistoriayhdistys.fi\/historiayhdistys\/wp-json\/wp\/v2\/types\/post"}],"author":[{"embeddable":true,"href":"http:\/\/www.rukajarvensuunnanhistoriayhdistys.fi\/historiayhdistys\/wp-json\/wp\/v2\/users\/3"}],"replies":[{"embeddable":true,"href":"http:\/\/www.rukajarvensuunnanhistoriayhdistys.fi\/historiayhdistys\/wp-json\/wp\/v2\/comments?post=10051"}],"version-history":[{"count":6,"href":"http:\/\/www.rukajarvensuunnanhistoriayhdistys.fi\/historiayhdistys\/wp-json\/wp\/v2\/posts\/10051\/revisions"}],"predecessor-version":[{"id":10058,"href":"http:\/\/www.rukajarvensuunnanhistoriayhdistys.fi\/historiayhdistys\/wp-json\/wp\/v2\/posts\/10051\/revisions\/10058"}],"wp:featuredmedia":[{"embeddable":true,"href":"http:\/\/www.rukajarvensuunnanhistoriayhdistys.fi\/historiayhdistys\/wp-json\/wp\/v2\/media\/10052"}],"wp:attachment":[{"href":"http:\/\/www.rukajarvensuunnanhistoriayhdistys.fi\/historiayhdistys\/wp-json\/wp\/v2\/media?parent=10051"}],"wp:term":[{"taxonomy":"category","embeddable":true,"href":"http:\/\/www.rukajarvensuunnanhistoriayhdistys.fi\/historiayhdistys\/wp-json\/wp\/v2\/categories?post=10051"},{"taxonomy":"post_tag","embeddable":true,"href":"http:\/\/www.rukajarvensuunnanhistoriayhdistys.fi\/historiayhdistys\/wp-json\/wp\/v2\/tags?post=10051"}],"curies":[{"name":"wp","href":"https:\/\/api.w.org\/{rel}","templated":true}]}}