{"id":10061,"date":"2015-06-24T22:13:20","date_gmt":"2015-06-24T19:13:20","guid":{"rendered":"http:\/\/www.rukajarvensuunnanhistoriayhdistys.fi\/historiayhdistys\/?p=10061"},"modified":"2015-06-24T23:24:12","modified_gmt":"2015-06-24T20:24:12","slug":"yhdistyksen-puheenjohtaja-tenho-tikkanen-taytti-70-vuotta-juhannusaattona","status":"publish","type":"post","link":"http:\/\/www.rukajarvensuunnanhistoriayhdistys.fi\/historiayhdistys\/yhdistyksen-puheenjohtaja-tenho-tikkanen-taytti-70-vuotta-juhannusaattona\/","title":{"rendered":"Puheenjohtaja Tenho Tikkanen t\u00e4ytti 70"},"content":{"rendered":"<div class=\"fcbkbttn_buttons_block\" id=\"fcbkbttn_left\"><div class=\"fcbkbttn_like \"><fb:like href=\"http:\/\/www.rukajarvensuunnanhistoriayhdistys.fi\/historiayhdistys\/yhdistyksen-puheenjohtaja-tenho-tikkanen-taytti-70-vuotta-juhannusaattona\/\" action=\"like\" colorscheme=\"light\" layout=\"button_count\"  size=\"small\"><\/fb:like><\/div><\/div><p>Rukaj\u00e4rven suunnan historiayhdistyksen puheenjohtajan Tenho Tikkasen 70-vuotissyntym\u00e4p\u00e4iv\u00e4\u00e4 vietettiin Kiuruvedell\u00e4 juhannusaattona 19. kes\u00e4kuuta 2015 vapaamuotoisessa tilaisuudessa.<\/p>\n<p>Yhdentoista onnittelijan joukko edusti laajalti Pohjois-Savon ja Pielisen Karjalan sotaveteraanity\u00f6n aktiiveja ja sotahistorian harrastajia. Mukana oli onnittelijoita Pielavedelt\u00e4, Kiuruvedelt\u00e4, Nurmeksesta, Lieksasta, Kuopiosta ja Keravalta saakka. Vaikka juhannusaaton s\u00e4\u00e4 ei suosinutkaan, oli tunnelma sit\u00e4kin l\u00e4mpim\u00e4mpi.<\/p>\n<figure id=\"attachment_10103\" aria-describedby=\"caption-attachment-10103\" style=\"width: 890px\" class=\"wp-caption aligncenter\"><a href=\"http:\/\/www.rukajarvensuunnanhistoriayhdistys.fi\/historiayhdistys\/wp-content\/uploads\/2015\/06\/DSC00797-w.jpg\"><img loading=\"lazy\" decoding=\"async\" class=\"size-full wp-image-10103\" src=\"http:\/\/www.rukajarvensuunnanhistoriayhdistys.fi\/historiayhdistys\/wp-content\/uploads\/2015\/06\/DSC00797-w.jpg\" alt=\"Onnittelijoiden edustajia vasemmalta yhdistyksen hallituksen j\u00e4sen Antero Huttunen Kiuruvedelt\u00e4, Antti Haapalainen Kuopiosta, Mauri M\u00f6nkk\u00f6nen Lieksasta, Pentti K\u00e4rkk\u00e4inen, Timo Laukkanen, Pielaveden sotaveteraanien edustajat pj Tauno J\u00e4\u00e4skel\u00e4inen ja Paavo Lepp\u00e4nen Pielavedelt\u00e4. - Kuva Lasse Nirhamo.\" width=\"890\" height=\"668\" data-id=\"10103\" srcset=\"http:\/\/www.rukajarvensuunnanhistoriayhdistys.fi\/historiayhdistys\/wp-content\/uploads\/2015\/06\/DSC00797-w.jpg 890w, http:\/\/www.rukajarvensuunnanhistoriayhdistys.fi\/historiayhdistys\/wp-content\/uploads\/2015\/06\/DSC00797-w-300x225.jpg 300w\" sizes=\"auto, (max-width: 890px) 100vw, 890px\" \/><\/a><figcaption id=\"caption-attachment-10103\" class=\"wp-caption-text\">Onnittelijoiden edustajia vasemmalta yhdistyksen hallituksen j\u00e4sen Antero Huttunen Kiuruvedelt\u00e4, Antti Haapalainen Kuopiosta, Mauri M\u00f6nkk\u00f6nen Lieksasta, Pentti K\u00e4rkk\u00e4inen, Timo Laukkanen, Pielaveden sotaveteraanien edustajat pj Tauno J\u00e4\u00e4skel\u00e4inen ja Paavo Lepp\u00e4nen Pielavedelt\u00e4. &#8211; Kuva Lasse Nirhamo.<\/figcaption><\/figure>\n<figure id=\"attachment_10106\" aria-describedby=\"caption-attachment-10106\" style=\"width: 530px\" class=\"wp-caption aligncenter\"><a href=\"http:\/\/www.rukajarvensuunnanhistoriayhdistys.fi\/historiayhdistys\/wp-content\/uploads\/2015\/06\/S9250078.jpg\"><img loading=\"lazy\" decoding=\"async\" class=\"size-large wp-image-10106\" src=\"http:\/\/www.rukajarvensuunnanhistoriayhdistys.fi\/historiayhdistys\/wp-content\/uploads\/2015\/06\/S9250078-1024x576.jpg\" alt=\"Is\u00e4 ja poika. Yhteens\u00e4 169 vuotta. Sotaveteraani-is\u00e4 Tauno t\u00e4ytti maaliskuussa 99 vuotta. - Kuva: Antero Huttunen.\" width=\"530\" height=\"298\" data-id=\"10106\" srcset=\"http:\/\/www.rukajarvensuunnanhistoriayhdistys.fi\/historiayhdistys\/wp-content\/uploads\/2015\/06\/S9250078-1024x576.jpg 1024w, http:\/\/www.rukajarvensuunnanhistoriayhdistys.fi\/historiayhdistys\/wp-content\/uploads\/2015\/06\/S9250078-300x169.jpg 300w\" sizes=\"auto, (max-width: 530px) 100vw, 530px\" \/><\/a><figcaption id=\"caption-attachment-10106\" class=\"wp-caption-text\">Is\u00e4 ja poika. Yhteens\u00e4 169 vuotta. Sotaveteraani-is\u00e4 Tauno t\u00e4ytti maaliskuussa 99 vuotta. &#8211; Kuva: Antero Huttunen.<\/figcaption><\/figure>\n<p>Onnittelupuheiden lis\u00e4ksi Raimo Jokisalmi esitti juhlap\u00e4iv\u00e4n kunniaksi haitarillaan musiikkia.<\/p>\n<p>Edustajat luovuttivat p\u00e4iv\u00e4nsankarille arvokkaan Ylip\u00e4\u00e4llik\u00f6n p\u00e4iv\u00e4k\u00e4skyt -teoksen, johon on koottu marsalkka Mannerheimin 112 p\u00e4iv\u00e4k\u00e4sky\u00e4 vuodesta 1918 viimeiseen 31.12.1944 annettuun p\u00e4iv\u00e4k\u00e4skyyn saakka. Teoksen on toimittanut Maanpuolustuskorkeakoulun Suomen sotahistorian dosentti, filosofian tohtori Mikko Karjalainen.<\/p>\n<p>&nbsp;<\/p>\n<figure id=\"attachment_10104\" aria-describedby=\"caption-attachment-10104\" style=\"width: 530px\" class=\"wp-caption aligncenter\"><a href=\"http:\/\/www.rukajarvensuunnanhistoriayhdistys.fi\/historiayhdistys\/wp-content\/uploads\/2015\/06\/S9250038.jpg\"><img loading=\"lazy\" decoding=\"async\" class=\"size-large wp-image-10104\" src=\"http:\/\/www.rukajarvensuunnanhistoriayhdistys.fi\/historiayhdistys\/wp-content\/uploads\/2015\/06\/S9250038-1024x576.jpg\" alt=\"Yhdistyksen varapuheenjohtaja Lasse Nirhamo luovuttaa p\u00e4iv\u00e4nsankari Tenho Tikkaselle teoksen Ylip\u00e4\u00e4llik\u00f6n p\u00e4iv\u00e4k\u00e4skyt. Kuvassa my\u00f6s vasemmalta Antti Haapalainen, Pentti K\u00e4rkk\u00e4inen ja Mauri M\u00f6nkk\u00f6nen. - Kuva: Antero Huttunen. \" width=\"530\" height=\"298\" data-id=\"10104\" srcset=\"http:\/\/www.rukajarvensuunnanhistoriayhdistys.fi\/historiayhdistys\/wp-content\/uploads\/2015\/06\/S9250038-1024x576.jpg 1024w, http:\/\/www.rukajarvensuunnanhistoriayhdistys.fi\/historiayhdistys\/wp-content\/uploads\/2015\/06\/S9250038-300x169.jpg 300w\" sizes=\"auto, (max-width: 530px) 100vw, 530px\" \/><\/a><figcaption id=\"caption-attachment-10104\" class=\"wp-caption-text\">Yhdistyksen varapuheenjohtaja Lasse Nirhamo luovuttaa p\u00e4iv\u00e4nsankari Tenho Tikkaselle teoksen Ylip\u00e4\u00e4llik\u00f6n p\u00e4iv\u00e4k\u00e4skyt. Kuvassa my\u00f6s vasemmalta Antti Haapalainen, Pentti K\u00e4rkk\u00e4inen ja Mauri M\u00f6nkk\u00f6nen. &#8211; Kuva: Antero Huttunen.<\/figcaption><\/figure>\n<p>Edustajat tutustuivat my\u00f6s yksityiseen Rukaj\u00e4rven perinnepolkuun sotaveteraani Tauno Tikkasen ja h\u00e4nen puolisonsa Martan kodin pihapiiriss\u00e4. Perinnepolku on hyvin t\u00e4rke\u00e4 virkist\u00e4ytymispaikka my\u00f6s Tenholle, jossa is\u00e4-poika -kaksikko on viett\u00e4nyt lukuisat tuokiot Taunon sotateit\u00e4 tutkiskellen. Laavun lis\u00e4ksi perinnepolulla on informaatiotaulu, rajapaalujen n\u00e4k\u00f6iskopiot ja suuntaviitat et\u00e4isyyslukemineen Taunon talvisodan ja jatkosodan taistelupaikoille. Yksityiseen perinnepolkuun on sen k\u00e4ytt\u00f6\u00f6n vihkimisest\u00e4 vuodesta 2009 l\u00e4htien tutustunut kymmeni\u00e4 ellei satoja vieraita joukossa my\u00f6s useita sotaveteraaneja.<\/p>\n<figure id=\"attachment_10107\" aria-describedby=\"caption-attachment-10107\" style=\"width: 530px\" class=\"wp-caption aligncenter\"><a href=\"http:\/\/www.rukajarvensuunnanhistoriayhdistys.fi\/historiayhdistys\/wp-content\/uploads\/2015\/06\/S9250096.jpg\"><img loading=\"lazy\" decoding=\"async\" class=\"size-large wp-image-10107\" src=\"http:\/\/www.rukajarvensuunnanhistoriayhdistys.fi\/historiayhdistys\/wp-content\/uploads\/2015\/06\/S9250096-1024x576.jpg\" alt=\"P\u00e4iv\u00e4nsankari esittelee isoa puusta veistetty\u00e4 Rukaj\u00e4rven R-merkki\u00e4. Istumassa Timo Laukkanen ja h\u00e4nen vieress\u00e4\u00e4n Raimo Jokisalmi. - Kuva: Antero Huttunen.\" width=\"530\" height=\"298\" data-id=\"10107\" srcset=\"http:\/\/www.rukajarvensuunnanhistoriayhdistys.fi\/historiayhdistys\/wp-content\/uploads\/2015\/06\/S9250096-1024x576.jpg 1024w, http:\/\/www.rukajarvensuunnanhistoriayhdistys.fi\/historiayhdistys\/wp-content\/uploads\/2015\/06\/S9250096-300x169.jpg 300w\" sizes=\"auto, (max-width: 530px) 100vw, 530px\" \/><\/a><figcaption id=\"caption-attachment-10107\" class=\"wp-caption-text\">P\u00e4iv\u00e4nsankari esittelee perinnepolun laavulla isoa puusta veistetty\u00e4 Rukaj\u00e4rven R-merkki\u00e4. Istumassa Timo Laukkanen ja h\u00e4nen vieress\u00e4\u00e4n Raimo Jokisalmi. &#8211; Kuva: Antero Huttunen.<\/figcaption><\/figure>\n<figure id=\"attachment_10109\" aria-describedby=\"caption-attachment-10109\" style=\"width: 530px\" class=\"wp-caption aligncenter\"><a href=\"http:\/\/www.rukajarvensuunnanhistoriayhdistys.fi\/historiayhdistys\/wp-content\/uploads\/2015\/06\/S9250174.jpg\"><img loading=\"lazy\" decoding=\"async\" class=\"size-large wp-image-10109\" src=\"http:\/\/www.rukajarvensuunnanhistoriayhdistys.fi\/historiayhdistys\/wp-content\/uploads\/2015\/06\/S9250174-1024x576.jpg\" alt=\"Aila Elo onnittelee Tenhoa. - Kuva: Antero Huttunen.\" width=\"530\" height=\"298\" data-id=\"10109\" srcset=\"http:\/\/www.rukajarvensuunnanhistoriayhdistys.fi\/historiayhdistys\/wp-content\/uploads\/2015\/06\/S9250174-1024x576.jpg 1024w, http:\/\/www.rukajarvensuunnanhistoriayhdistys.fi\/historiayhdistys\/wp-content\/uploads\/2015\/06\/S9250174-300x169.jpg 300w\" sizes=\"auto, (max-width: 530px) 100vw, 530px\" \/><\/a><figcaption id=\"caption-attachment-10109\" class=\"wp-caption-text\">Aila Elo onnittelee Tenhoa. &#8211; Kuva: Antero Huttunen.<\/figcaption><\/figure>\n<figure id=\"attachment_10108\" aria-describedby=\"caption-attachment-10108\" style=\"width: 530px\" class=\"wp-caption aligncenter\"><a href=\"http:\/\/www.rukajarvensuunnanhistoriayhdistys.fi\/historiayhdistys\/wp-content\/uploads\/2015\/06\/S9250168.jpg\"><img loading=\"lazy\" decoding=\"async\" class=\"size-large wp-image-10108\" src=\"http:\/\/www.rukajarvensuunnanhistoriayhdistys.fi\/historiayhdistys\/wp-content\/uploads\/2015\/06\/S9250168-1024x576.jpg\" alt=\"Yhdistyksen onnittelijoita pihamaalla. Vasemmalta yhdistyksen hallituksen j\u00e4sen Aila Elo, Mauri M\u00f6nkk\u00f6nen, Antti Haapalainen, vpj Lasse Nirhamo, Ari Komulainen ja Pentti K\u00e4rkk\u00e4inen. - Kuva: Antero Huttunen.\" width=\"530\" height=\"298\" data-id=\"10108\" srcset=\"http:\/\/www.rukajarvensuunnanhistoriayhdistys.fi\/historiayhdistys\/wp-content\/uploads\/2015\/06\/S9250168-1024x576.jpg 1024w, http:\/\/www.rukajarvensuunnanhistoriayhdistys.fi\/historiayhdistys\/wp-content\/uploads\/2015\/06\/S9250168-300x169.jpg 300w\" sizes=\"auto, (max-width: 530px) 100vw, 530px\" \/><\/a><figcaption id=\"caption-attachment-10108\" class=\"wp-caption-text\">Yhdistyksen onnittelijoita pihamaalla. Vasemmalta yhdistyksen hallituksen j\u00e4sen Aila Elo, Mauri M\u00f6nkk\u00f6nen, Antti Haapalainen, vpj Lasse Nirhamo, Ari Komulainen ja Pentti K\u00e4rkk\u00e4inen. &#8211; Kuva: Antero Huttunen.<\/figcaption><\/figure>\n<p>Rukaj\u00e4rven suunnan historiayhdistys ry onnittelee puheenjohtaja Tenho Tikkasta!<\/p>\n<p><em>Teksti: Leevi Kuokkanen, kuvat Lasse Nirhamo ja Antero Huttunen.<\/em><\/p>\n","protected":false},"excerpt":{"rendered":"<p>Rukaj\u00e4rven suunnan historiayhdistyksen puheenjohtajan Tenho Tikkasen 70-vuotissyntym\u00e4p\u00e4iv\u00e4\u00e4 vietettiin Kiuruvedell\u00e4 juhannusaattona 19. kes\u00e4kuuta 2015 vapaamuotoisessa tilaisuudessa. Yhdentoista onnittelijan joukko edusti laajalti Pohjois-Savon ja Pielisen Karjalan sotaveteraanity\u00f6n aktiiveja ja sotahistorian harrastajia. Mukana <a class=\"more-link\" href=\"http:\/\/www.rukajarvensuunnanhistoriayhdistys.fi\/historiayhdistys\/yhdistyksen-puheenjohtaja-tenho-tikkanen-taytti-70-vuotta-juhannusaattona\/\">Teksti jatkuu&#8230;<span class=\"screen-reader-text\">Puheenjohtaja Tenho Tikkanen t\u00e4ytti 70<\/span><span class=\"meta-nav\">\u2192<\/span><\/a><\/p>\n","protected":false},"author":3,"featured_media":0,"comment_status":"closed","ping_status":"open","sticky":false,"template":"","format":"standard","meta":{"footnotes":""},"categories":[22],"tags":[],"class_list":["post-10061","post","type-post","status-publish","format-standard","hentry","category-ajankohtaista"],"yoast_head":"<!-- This site is optimized with the Yoast SEO plugin v27.4 - https:\/\/yoast.com\/product\/yoast-seo-wordpress\/ -->\n<title>Puheenjohtaja Tenho Tikkanen t\u00e4ytti 70 - Rukaj\u00e4rven suunnan historiayhdistys<\/title>\n<meta name=\"robots\" content=\"index, follow, max-snippet:-1, max-image-preview:large, max-video-preview:-1\" \/>\n<link rel=\"canonical\" href=\"http:\/\/www.rukajarvensuunnanhistoriayhdistys.fi\/historiayhdistys\/yhdistyksen-puheenjohtaja-tenho-tikkanen-taytti-70-vuotta-juhannusaattona\/\" \/>\n<meta property=\"og:locale\" content=\"fi_FI\" \/>\n<meta property=\"og:type\" content=\"article\" \/>\n<meta property=\"og:title\" content=\"Puheenjohtaja Tenho Tikkanen t\u00e4ytti 70 - Rukaj\u00e4rven suunnan historiayhdistys\" \/>\n<meta property=\"og:description\" content=\"Rukaj\u00e4rven suunnan historiayhdistyksen puheenjohtajan Tenho Tikkasen 70-vuotissyntym\u00e4p\u00e4iv\u00e4\u00e4 vietettiin Kiuruvedell\u00e4 juhannusaattona 19. kes\u00e4kuuta 2015 vapaamuotoisessa tilaisuudessa. Yhdentoista onnittelijan joukko edusti laajalti Pohjois-Savon ja Pielisen Karjalan sotaveteraanity\u00f6n aktiiveja ja sotahistorian harrastajia. Mukana Teksti jatkuu...Puheenjohtaja Tenho Tikkanen t\u00e4ytti 70\u2192\" \/>\n<meta property=\"og:url\" content=\"http:\/\/www.rukajarvensuunnanhistoriayhdistys.fi\/historiayhdistys\/yhdistyksen-puheenjohtaja-tenho-tikkanen-taytti-70-vuotta-juhannusaattona\/\" \/>\n<meta property=\"og:site_name\" content=\"Rukaj\u00e4rven suunnan historiayhdistys\" \/>\n<meta property=\"article:published_time\" content=\"2015-06-24T19:13:20+00:00\" \/>\n<meta property=\"article:modified_time\" content=\"2015-06-24T20:24:12+00:00\" \/>\n<meta property=\"og:image\" content=\"http:\/\/www.rukajarvensuunnanhistoriayhdistys.fi\/historiayhdistys\/wp-content\/uploads\/2015\/06\/DSC00797-w.jpg\" \/>\n<meta name=\"author\" content=\"RSHY\" \/>\n<meta name=\"twitter:label1\" content=\"Kirjoittanut\" \/>\n\t<meta name=\"twitter:data1\" content=\"RSHY\" \/>\n\t<meta name=\"twitter:label2\" content=\"Arvioitu lukuaika\" \/>\n\t<meta name=\"twitter:data2\" content=\"2 minuuttia\" \/>\n<script type=\"application\/ld+json\" class=\"yoast-schema-graph\">{\"@context\":\"https:\\\/\\\/schema.org\",\"@graph\":[{\"@type\":\"Article\",\"@id\":\"http:\\\/\\\/www.rukajarvensuunnanhistoriayhdistys.fi\\\/historiayhdistys\\\/yhdistyksen-puheenjohtaja-tenho-tikkanen-taytti-70-vuotta-juhannusaattona\\\/#article\",\"isPartOf\":{\"@id\":\"http:\\\/\\\/www.rukajarvensuunnanhistoriayhdistys.fi\\\/historiayhdistys\\\/yhdistyksen-puheenjohtaja-tenho-tikkanen-taytti-70-vuotta-juhannusaattona\\\/\"},\"author\":{\"name\":\"RSHY\",\"@id\":\"http:\\\/\\\/www.rukajarvensuunnanhistoriayhdistys.fi\\\/historiayhdistys\\\/#\\\/schema\\\/person\\\/19de7db68bf72dfd2b5d7f6dfbf8454d\"},\"headline\":\"Puheenjohtaja Tenho Tikkanen t\u00e4ytti 70\",\"datePublished\":\"2015-06-24T19:13:20+00:00\",\"dateModified\":\"2015-06-24T20:24:12+00:00\",\"mainEntityOfPage\":{\"@id\":\"http:\\\/\\\/www.rukajarvensuunnanhistoriayhdistys.fi\\\/historiayhdistys\\\/yhdistyksen-puheenjohtaja-tenho-tikkanen-taytti-70-vuotta-juhannusaattona\\\/\"},\"wordCount\":412,\"publisher\":{\"@id\":\"http:\\\/\\\/www.rukajarvensuunnanhistoriayhdistys.fi\\\/historiayhdistys\\\/#organization\"},\"image\":{\"@id\":\"http:\\\/\\\/www.rukajarvensuunnanhistoriayhdistys.fi\\\/historiayhdistys\\\/yhdistyksen-puheenjohtaja-tenho-tikkanen-taytti-70-vuotta-juhannusaattona\\\/#primaryimage\"},\"thumbnailUrl\":\"http:\\\/\\\/www.rukajarvensuunnanhistoriayhdistys.fi\\\/historiayhdistys\\\/wp-content\\\/uploads\\\/2015\\\/06\\\/DSC00797-w.jpg\",\"articleSection\":[\"Ajankohtaista\"],\"inLanguage\":\"fi\"},{\"@type\":\"WebPage\",\"@id\":\"http:\\\/\\\/www.rukajarvensuunnanhistoriayhdistys.fi\\\/historiayhdistys\\\/yhdistyksen-puheenjohtaja-tenho-tikkanen-taytti-70-vuotta-juhannusaattona\\\/\",\"url\":\"http:\\\/\\\/www.rukajarvensuunnanhistoriayhdistys.fi\\\/historiayhdistys\\\/yhdistyksen-puheenjohtaja-tenho-tikkanen-taytti-70-vuotta-juhannusaattona\\\/\",\"name\":\"Puheenjohtaja Tenho Tikkanen t\u00e4ytti 70 - Rukaj\u00e4rven suunnan historiayhdistys\",\"isPartOf\":{\"@id\":\"http:\\\/\\\/www.rukajarvensuunnanhistoriayhdistys.fi\\\/historiayhdistys\\\/#website\"},\"primaryImageOfPage\":{\"@id\":\"http:\\\/\\\/www.rukajarvensuunnanhistoriayhdistys.fi\\\/historiayhdistys\\\/yhdistyksen-puheenjohtaja-tenho-tikkanen-taytti-70-vuotta-juhannusaattona\\\/#primaryimage\"},\"image\":{\"@id\":\"http:\\\/\\\/www.rukajarvensuunnanhistoriayhdistys.fi\\\/historiayhdistys\\\/yhdistyksen-puheenjohtaja-tenho-tikkanen-taytti-70-vuotta-juhannusaattona\\\/#primaryimage\"},\"thumbnailUrl\":\"http:\\\/\\\/www.rukajarvensuunnanhistoriayhdistys.fi\\\/historiayhdistys\\\/wp-content\\\/uploads\\\/2015\\\/06\\\/DSC00797-w.jpg\",\"datePublished\":\"2015-06-24T19:13:20+00:00\",\"dateModified\":\"2015-06-24T20:24:12+00:00\",\"breadcrumb\":{\"@id\":\"http:\\\/\\\/www.rukajarvensuunnanhistoriayhdistys.fi\\\/historiayhdistys\\\/yhdistyksen-puheenjohtaja-tenho-tikkanen-taytti-70-vuotta-juhannusaattona\\\/#breadcrumb\"},\"inLanguage\":\"fi\",\"potentialAction\":[{\"@type\":\"ReadAction\",\"target\":[\"http:\\\/\\\/www.rukajarvensuunnanhistoriayhdistys.fi\\\/historiayhdistys\\\/yhdistyksen-puheenjohtaja-tenho-tikkanen-taytti-70-vuotta-juhannusaattona\\\/\"]}]},{\"@type\":\"ImageObject\",\"inLanguage\":\"fi\",\"@id\":\"http:\\\/\\\/www.rukajarvensuunnanhistoriayhdistys.fi\\\/historiayhdistys\\\/yhdistyksen-puheenjohtaja-tenho-tikkanen-taytti-70-vuotta-juhannusaattona\\\/#primaryimage\",\"url\":\"http:\\\/\\\/www.rukajarvensuunnanhistoriayhdistys.fi\\\/historiayhdistys\\\/wp-content\\\/uploads\\\/2015\\\/06\\\/DSC00797-w.jpg\",\"contentUrl\":\"http:\\\/\\\/www.rukajarvensuunnanhistoriayhdistys.fi\\\/historiayhdistys\\\/wp-content\\\/uploads\\\/2015\\\/06\\\/DSC00797-w.jpg\",\"width\":890,\"height\":668,\"caption\":\"Onnittelijoiden edustajia vasemmalta yhdistyksen hallituksen j\u00e4sen Antero Huttunen Kiuruvedelt\u00e4, Antti Haapalainen Kuopiosta, Mauri M\u00f6nkk\u00f6nen Lieksasta, Pentti K\u00e4rkk\u00e4inen, Timo Laukkanen, Pielaveden sotaveteraanien edustajat pj Tauno J\u00e4\u00e4skel\u00e4inen ja Paavo Lepp\u00e4nen Pielavedelt\u00e4. - Kuva Lasse Nirhamo.\"},{\"@type\":\"BreadcrumbList\",\"@id\":\"http:\\\/\\\/www.rukajarvensuunnanhistoriayhdistys.fi\\\/historiayhdistys\\\/yhdistyksen-puheenjohtaja-tenho-tikkanen-taytti-70-vuotta-juhannusaattona\\\/#breadcrumb\",\"itemListElement\":[{\"@type\":\"ListItem\",\"position\":1,\"name\":\"Etusivu\",\"item\":\"http:\\\/\\\/www.rukajarvensuunnanhistoriayhdistys.fi\\\/historiayhdistys\\\/\"},{\"@type\":\"ListItem\",\"position\":2,\"name\":\"Puheenjohtaja Tenho Tikkanen t\u00e4ytti 70\"}]},{\"@type\":\"WebSite\",\"@id\":\"http:\\\/\\\/www.rukajarvensuunnanhistoriayhdistys.fi\\\/historiayhdistys\\\/#website\",\"url\":\"http:\\\/\\\/www.rukajarvensuunnanhistoriayhdistys.fi\\\/historiayhdistys\\\/\",\"name\":\"Rukaj\u00e4rven suunnan historiayhdistys\",\"description\":\"Rukaj\u00e4rven suunnan historiayhdistyksen verkkosivut.\",\"publisher\":{\"@id\":\"http:\\\/\\\/www.rukajarvensuunnanhistoriayhdistys.fi\\\/historiayhdistys\\\/#organization\"},\"potentialAction\":[{\"@type\":\"SearchAction\",\"target\":{\"@type\":\"EntryPoint\",\"urlTemplate\":\"http:\\\/\\\/www.rukajarvensuunnanhistoriayhdistys.fi\\\/historiayhdistys\\\/?s={search_term_string}\"},\"query-input\":{\"@type\":\"PropertyValueSpecification\",\"valueRequired\":true,\"valueName\":\"search_term_string\"}}],\"inLanguage\":\"fi\"},{\"@type\":\"Organization\",\"@id\":\"http:\\\/\\\/www.rukajarvensuunnanhistoriayhdistys.fi\\\/historiayhdistys\\\/#organization\",\"name\":\"Rukaj\u00e4rven suunnan historiayhdistys\",\"url\":\"http:\\\/\\\/www.rukajarvensuunnanhistoriayhdistys.fi\\\/historiayhdistys\\\/\",\"logo\":{\"@type\":\"ImageObject\",\"inLanguage\":\"fi\",\"@id\":\"http:\\\/\\\/www.rukajarvensuunnanhistoriayhdistys.fi\\\/historiayhdistys\\\/#\\\/schema\\\/logo\\\/image\\\/\",\"url\":\"http:\\\/\\\/www.rukajarvensuunnanhistoriayhdistys.fi\\\/historiayhdistys\\\/wp-content\\\/uploads\\\/2013\\\/12\\\/Otsake_3.jpg\",\"contentUrl\":\"http:\\\/\\\/www.rukajarvensuunnanhistoriayhdistys.fi\\\/historiayhdistys\\\/wp-content\\\/uploads\\\/2013\\\/12\\\/Otsake_3.jpg\",\"width\":1000,\"height\":442,\"caption\":\"Rukaj\u00e4rven suunnan historiayhdistys\"},\"image\":{\"@id\":\"http:\\\/\\\/www.rukajarvensuunnanhistoriayhdistys.fi\\\/historiayhdistys\\\/#\\\/schema\\\/logo\\\/image\\\/\"}},{\"@type\":\"Person\",\"@id\":\"http:\\\/\\\/www.rukajarvensuunnanhistoriayhdistys.fi\\\/historiayhdistys\\\/#\\\/schema\\\/person\\\/19de7db68bf72dfd2b5d7f6dfbf8454d\",\"name\":\"RSHY\",\"image\":{\"@type\":\"ImageObject\",\"inLanguage\":\"fi\",\"@id\":\"https:\\\/\\\/secure.gravatar.com\\\/avatar\\\/598d59263a69cc8de65fcb4f9db78d6f58c098cb0e0ba22d73377441af9fa04c?s=96&d=blank&r=g\",\"url\":\"https:\\\/\\\/secure.gravatar.com\\\/avatar\\\/598d59263a69cc8de65fcb4f9db78d6f58c098cb0e0ba22d73377441af9fa04c?s=96&d=blank&r=g\",\"contentUrl\":\"https:\\\/\\\/secure.gravatar.com\\\/avatar\\\/598d59263a69cc8de65fcb4f9db78d6f58c098cb0e0ba22d73377441af9fa04c?s=96&d=blank&r=g\",\"caption\":\"RSHY\"},\"url\":\"http:\\\/\\\/www.rukajarvensuunnanhistoriayhdistys.fi\\\/historiayhdistys\\\/author\\\/rshy\\\/\"}]}<\/script>\n<!-- \/ Yoast SEO plugin. -->","yoast_head_json":{"title":"Puheenjohtaja Tenho Tikkanen t\u00e4ytti 70 - Rukaj\u00e4rven suunnan historiayhdistys","robots":{"index":"index","follow":"follow","max-snippet":"max-snippet:-1","max-image-preview":"max-image-preview:large","max-video-preview":"max-video-preview:-1"},"canonical":"http:\/\/www.rukajarvensuunnanhistoriayhdistys.fi\/historiayhdistys\/yhdistyksen-puheenjohtaja-tenho-tikkanen-taytti-70-vuotta-juhannusaattona\/","og_locale":"fi_FI","og_type":"article","og_title":"Puheenjohtaja Tenho Tikkanen t\u00e4ytti 70 - Rukaj\u00e4rven suunnan historiayhdistys","og_description":"Rukaj\u00e4rven suunnan historiayhdistyksen puheenjohtajan Tenho Tikkasen 70-vuotissyntym\u00e4p\u00e4iv\u00e4\u00e4 vietettiin Kiuruvedell\u00e4 juhannusaattona 19. kes\u00e4kuuta 2015 vapaamuotoisessa tilaisuudessa. Yhdentoista onnittelijan joukko edusti laajalti Pohjois-Savon ja Pielisen Karjalan sotaveteraanity\u00f6n aktiiveja ja sotahistorian harrastajia. Mukana Teksti jatkuu...Puheenjohtaja Tenho Tikkanen t\u00e4ytti 70\u2192","og_url":"http:\/\/www.rukajarvensuunnanhistoriayhdistys.fi\/historiayhdistys\/yhdistyksen-puheenjohtaja-tenho-tikkanen-taytti-70-vuotta-juhannusaattona\/","og_site_name":"Rukaj\u00e4rven suunnan historiayhdistys","article_published_time":"2015-06-24T19:13:20+00:00","article_modified_time":"2015-06-24T20:24:12+00:00","og_image":[{"url":"http:\/\/www.rukajarvensuunnanhistoriayhdistys.fi\/historiayhdistys\/wp-content\/uploads\/2015\/06\/DSC00797-w.jpg","type":"","width":"","height":""}],"author":"RSHY","twitter_misc":{"Kirjoittanut":"RSHY","Arvioitu lukuaika":"2 minuuttia"},"schema":{"@context":"https:\/\/schema.org","@graph":[{"@type":"Article","@id":"http:\/\/www.rukajarvensuunnanhistoriayhdistys.fi\/historiayhdistys\/yhdistyksen-puheenjohtaja-tenho-tikkanen-taytti-70-vuotta-juhannusaattona\/#article","isPartOf":{"@id":"http:\/\/www.rukajarvensuunnanhistoriayhdistys.fi\/historiayhdistys\/yhdistyksen-puheenjohtaja-tenho-tikkanen-taytti-70-vuotta-juhannusaattona\/"},"author":{"name":"RSHY","@id":"http:\/\/www.rukajarvensuunnanhistoriayhdistys.fi\/historiayhdistys\/#\/schema\/person\/19de7db68bf72dfd2b5d7f6dfbf8454d"},"headline":"Puheenjohtaja Tenho Tikkanen t\u00e4ytti 70","datePublished":"2015-06-24T19:13:20+00:00","dateModified":"2015-06-24T20:24:12+00:00","mainEntityOfPage":{"@id":"http:\/\/www.rukajarvensuunnanhistoriayhdistys.fi\/historiayhdistys\/yhdistyksen-puheenjohtaja-tenho-tikkanen-taytti-70-vuotta-juhannusaattona\/"},"wordCount":412,"publisher":{"@id":"http:\/\/www.rukajarvensuunnanhistoriayhdistys.fi\/historiayhdistys\/#organization"},"image":{"@id":"http:\/\/www.rukajarvensuunnanhistoriayhdistys.fi\/historiayhdistys\/yhdistyksen-puheenjohtaja-tenho-tikkanen-taytti-70-vuotta-juhannusaattona\/#primaryimage"},"thumbnailUrl":"http:\/\/www.rukajarvensuunnanhistoriayhdistys.fi\/historiayhdistys\/wp-content\/uploads\/2015\/06\/DSC00797-w.jpg","articleSection":["Ajankohtaista"],"inLanguage":"fi"},{"@type":"WebPage","@id":"http:\/\/www.rukajarvensuunnanhistoriayhdistys.fi\/historiayhdistys\/yhdistyksen-puheenjohtaja-tenho-tikkanen-taytti-70-vuotta-juhannusaattona\/","url":"http:\/\/www.rukajarvensuunnanhistoriayhdistys.fi\/historiayhdistys\/yhdistyksen-puheenjohtaja-tenho-tikkanen-taytti-70-vuotta-juhannusaattona\/","name":"Puheenjohtaja Tenho Tikkanen t\u00e4ytti 70 - Rukaj\u00e4rven suunnan historiayhdistys","isPartOf":{"@id":"http:\/\/www.rukajarvensuunnanhistoriayhdistys.fi\/historiayhdistys\/#website"},"primaryImageOfPage":{"@id":"http:\/\/www.rukajarvensuunnanhistoriayhdistys.fi\/historiayhdistys\/yhdistyksen-puheenjohtaja-tenho-tikkanen-taytti-70-vuotta-juhannusaattona\/#primaryimage"},"image":{"@id":"http:\/\/www.rukajarvensuunnanhistoriayhdistys.fi\/historiayhdistys\/yhdistyksen-puheenjohtaja-tenho-tikkanen-taytti-70-vuotta-juhannusaattona\/#primaryimage"},"thumbnailUrl":"http:\/\/www.rukajarvensuunnanhistoriayhdistys.fi\/historiayhdistys\/wp-content\/uploads\/2015\/06\/DSC00797-w.jpg","datePublished":"2015-06-24T19:13:20+00:00","dateModified":"2015-06-24T20:24:12+00:00","breadcrumb":{"@id":"http:\/\/www.rukajarvensuunnanhistoriayhdistys.fi\/historiayhdistys\/yhdistyksen-puheenjohtaja-tenho-tikkanen-taytti-70-vuotta-juhannusaattona\/#breadcrumb"},"inLanguage":"fi","potentialAction":[{"@type":"ReadAction","target":["http:\/\/www.rukajarvensuunnanhistoriayhdistys.fi\/historiayhdistys\/yhdistyksen-puheenjohtaja-tenho-tikkanen-taytti-70-vuotta-juhannusaattona\/"]}]},{"@type":"ImageObject","inLanguage":"fi","@id":"http:\/\/www.rukajarvensuunnanhistoriayhdistys.fi\/historiayhdistys\/yhdistyksen-puheenjohtaja-tenho-tikkanen-taytti-70-vuotta-juhannusaattona\/#primaryimage","url":"http:\/\/www.rukajarvensuunnanhistoriayhdistys.fi\/historiayhdistys\/wp-content\/uploads\/2015\/06\/DSC00797-w.jpg","contentUrl":"http:\/\/www.rukajarvensuunnanhistoriayhdistys.fi\/historiayhdistys\/wp-content\/uploads\/2015\/06\/DSC00797-w.jpg","width":890,"height":668,"caption":"Onnittelijoiden edustajia vasemmalta yhdistyksen hallituksen j\u00e4sen Antero Huttunen Kiuruvedelt\u00e4, Antti Haapalainen Kuopiosta, Mauri M\u00f6nkk\u00f6nen Lieksasta, Pentti K\u00e4rkk\u00e4inen, Timo Laukkanen, Pielaveden sotaveteraanien edustajat pj Tauno J\u00e4\u00e4skel\u00e4inen ja Paavo Lepp\u00e4nen Pielavedelt\u00e4. - Kuva Lasse Nirhamo."},{"@type":"BreadcrumbList","@id":"http:\/\/www.rukajarvensuunnanhistoriayhdistys.fi\/historiayhdistys\/yhdistyksen-puheenjohtaja-tenho-tikkanen-taytti-70-vuotta-juhannusaattona\/#breadcrumb","itemListElement":[{"@type":"ListItem","position":1,"name":"Etusivu","item":"http:\/\/www.rukajarvensuunnanhistoriayhdistys.fi\/historiayhdistys\/"},{"@type":"ListItem","position":2,"name":"Puheenjohtaja Tenho Tikkanen t\u00e4ytti 70"}]},{"@type":"WebSite","@id":"http:\/\/www.rukajarvensuunnanhistoriayhdistys.fi\/historiayhdistys\/#website","url":"http:\/\/www.rukajarvensuunnanhistoriayhdistys.fi\/historiayhdistys\/","name":"Rukaj\u00e4rven suunnan historiayhdistys","description":"Rukaj\u00e4rven suunnan historiayhdistyksen verkkosivut.","publisher":{"@id":"http:\/\/www.rukajarvensuunnanhistoriayhdistys.fi\/historiayhdistys\/#organization"},"potentialAction":[{"@type":"SearchAction","target":{"@type":"EntryPoint","urlTemplate":"http:\/\/www.rukajarvensuunnanhistoriayhdistys.fi\/historiayhdistys\/?s={search_term_string}"},"query-input":{"@type":"PropertyValueSpecification","valueRequired":true,"valueName":"search_term_string"}}],"inLanguage":"fi"},{"@type":"Organization","@id":"http:\/\/www.rukajarvensuunnanhistoriayhdistys.fi\/historiayhdistys\/#organization","name":"Rukaj\u00e4rven suunnan historiayhdistys","url":"http:\/\/www.rukajarvensuunnanhistoriayhdistys.fi\/historiayhdistys\/","logo":{"@type":"ImageObject","inLanguage":"fi","@id":"http:\/\/www.rukajarvensuunnanhistoriayhdistys.fi\/historiayhdistys\/#\/schema\/logo\/image\/","url":"http:\/\/www.rukajarvensuunnanhistoriayhdistys.fi\/historiayhdistys\/wp-content\/uploads\/2013\/12\/Otsake_3.jpg","contentUrl":"http:\/\/www.rukajarvensuunnanhistoriayhdistys.fi\/historiayhdistys\/wp-content\/uploads\/2013\/12\/Otsake_3.jpg","width":1000,"height":442,"caption":"Rukaj\u00e4rven suunnan historiayhdistys"},"image":{"@id":"http:\/\/www.rukajarvensuunnanhistoriayhdistys.fi\/historiayhdistys\/#\/schema\/logo\/image\/"}},{"@type":"Person","@id":"http:\/\/www.rukajarvensuunnanhistoriayhdistys.fi\/historiayhdistys\/#\/schema\/person\/19de7db68bf72dfd2b5d7f6dfbf8454d","name":"RSHY","image":{"@type":"ImageObject","inLanguage":"fi","@id":"https:\/\/secure.gravatar.com\/avatar\/598d59263a69cc8de65fcb4f9db78d6f58c098cb0e0ba22d73377441af9fa04c?s=96&d=blank&r=g","url":"https:\/\/secure.gravatar.com\/avatar\/598d59263a69cc8de65fcb4f9db78d6f58c098cb0e0ba22d73377441af9fa04c?s=96&d=blank&r=g","contentUrl":"https:\/\/secure.gravatar.com\/avatar\/598d59263a69cc8de65fcb4f9db78d6f58c098cb0e0ba22d73377441af9fa04c?s=96&d=blank&r=g","caption":"RSHY"},"url":"http:\/\/www.rukajarvensuunnanhistoriayhdistys.fi\/historiayhdistys\/author\/rshy\/"}]}},"_links":{"self":[{"href":"http:\/\/www.rukajarvensuunnanhistoriayhdistys.fi\/historiayhdistys\/wp-json\/wp\/v2\/posts\/10061","targetHints":{"allow":["GET"]}}],"collection":[{"href":"http:\/\/www.rukajarvensuunnanhistoriayhdistys.fi\/historiayhdistys\/wp-json\/wp\/v2\/posts"}],"about":[{"href":"http:\/\/www.rukajarvensuunnanhistoriayhdistys.fi\/historiayhdistys\/wp-json\/wp\/v2\/types\/post"}],"author":[{"embeddable":true,"href":"http:\/\/www.rukajarvensuunnanhistoriayhdistys.fi\/historiayhdistys\/wp-json\/wp\/v2\/users\/3"}],"replies":[{"embeddable":true,"href":"http:\/\/www.rukajarvensuunnanhistoriayhdistys.fi\/historiayhdistys\/wp-json\/wp\/v2\/comments?post=10061"}],"version-history":[{"count":10,"href":"http:\/\/www.rukajarvensuunnanhistoriayhdistys.fi\/historiayhdistys\/wp-json\/wp\/v2\/posts\/10061\/revisions"}],"predecessor-version":[{"id":10118,"href":"http:\/\/www.rukajarvensuunnanhistoriayhdistys.fi\/historiayhdistys\/wp-json\/wp\/v2\/posts\/10061\/revisions\/10118"}],"wp:attachment":[{"href":"http:\/\/www.rukajarvensuunnanhistoriayhdistys.fi\/historiayhdistys\/wp-json\/wp\/v2\/media?parent=10061"}],"wp:term":[{"taxonomy":"category","embeddable":true,"href":"http:\/\/www.rukajarvensuunnanhistoriayhdistys.fi\/historiayhdistys\/wp-json\/wp\/v2\/categories?post=10061"},{"taxonomy":"post_tag","embeddable":true,"href":"http:\/\/www.rukajarvensuunnanhistoriayhdistys.fi\/historiayhdistys\/wp-json\/wp\/v2\/tags?post=10061"}],"curies":[{"name":"wp","href":"https:\/\/api.w.org\/{rel}","templated":true}]}}