{"id":10062,"date":"2015-06-18T00:36:02","date_gmt":"2015-06-17T21:36:02","guid":{"rendered":"http:\/\/www.rukajarvensuunnanhistoriayhdistys.fi\/historiayhdistys\/?p=10062"},"modified":"2015-06-18T23:29:23","modified_gmt":"2015-06-18T20:29:23","slug":"arvokas-tilaisuus-nurmeksen-lokinkankaalla-17-6-2015","status":"publish","type":"post","link":"http:\/\/www.rukajarvensuunnanhistoriayhdistys.fi\/historiayhdistys\/arvokas-tilaisuus-nurmeksen-lokinkankaalla-17-6-2015\/","title":{"rendered":"Arvokas tilaisuus Nurmeksen Lokinkankaalla 17.6.2015"},"content":{"rendered":"<div class=\"fcbkbttn_buttons_block\" id=\"fcbkbttn_left\"><div class=\"fcbkbttn_like \"><fb:like href=\"http:\/\/www.rukajarvensuunnanhistoriayhdistys.fi\/historiayhdistys\/arvokas-tilaisuus-nurmeksen-lokinkankaalla-17-6-2015\/\" action=\"like\" colorscheme=\"light\" layout=\"button_count\"  size=\"small\"><\/fb:like><\/div><\/div><p>Kainuun Tykist\u00f6- ja Heittimist\u00f6kilta ry ja Kainuun Tykist\u00f6rykmentti j\u00e4rjestiv\u00e4t Nurmeksen Lokinkankaan muistomerkeill\u00e4 jo perinteeksi muodostuneen tilaisuuden ja laskivat seppeleet muistomerkeille. Koleassa s\u00e4\u00e4ss\u00e4 j\u00e4rjestettyyn tilaisuuteen osallistui kaksi nurmeslaista sotaveteraania ja monikymmenp\u00e4inen yleis\u00f6. Rukaj\u00e4rven veteraani Eino Ulgren (94 v) saapui tilaisuuteen omalla autollaan.<\/p>\n<figure id=\"attachment_10064\" aria-describedby=\"caption-attachment-10064\" style=\"width: 4548px\" class=\"wp-caption alignnone\"><a href=\"http:\/\/www.rukajarvensuunnanhistoriayhdistys.fi\/historiayhdistys\/wp-content\/uploads\/2015\/06\/DSC00933-Lokinkankaan-muistomerkit.jpg\"><img loading=\"lazy\" decoding=\"async\" class=\"wp-image-10064 size-full\" src=\"http:\/\/www.rukajarvensuunnanhistoriayhdistys.fi\/historiayhdistys\/wp-content\/uploads\/2015\/06\/DSC00933-Lokinkankaan-muistomerkit.jpg\" alt=\"J\u00e4rjest\u00f6jen johtoa  muistomerkill\u00e4, mm. Seppo M\u00f6ller. Tilaisuudessa olivat mukana my\u00f6s Rukaj\u00e4rven suunnan historiayhdistyksen puheenjohtaja ja kuvassa oleva vpj. Lasse Nirhamo.\" width=\"4548\" height=\"2980\" data-id=\"10064\" srcset=\"http:\/\/www.rukajarvensuunnanhistoriayhdistys.fi\/historiayhdistys\/wp-content\/uploads\/2015\/06\/DSC00933-Lokinkankaan-muistomerkit.jpg 4548w, http:\/\/www.rukajarvensuunnanhistoriayhdistys.fi\/historiayhdistys\/wp-content\/uploads\/2015\/06\/DSC00933-Lokinkankaan-muistomerkit-300x197.jpg 300w, http:\/\/www.rukajarvensuunnanhistoriayhdistys.fi\/historiayhdistys\/wp-content\/uploads\/2015\/06\/DSC00933-Lokinkankaan-muistomerkit-1024x671.jpg 1024w\" sizes=\"auto, (max-width: 4548px) 100vw, 4548px\" \/><\/a><figcaption id=\"caption-attachment-10064\" class=\"wp-caption-text\">J\u00e4rjest\u00f6jen johtoa muistomerkill\u00e4, mm. Seppo M\u00f6ller. Tilaisuudessa olivat mukana my\u00f6s Rukaj\u00e4rven suunnan historiayhdistyksen puheenjohtaja ja kuvassa oleva vpj. Lasse Nirhamo.<\/figcaption><\/figure>\n<p>Kainuun prikaati saapui tilaisuuteen kapteeni Ville Nevalaisen johdolla.<\/p>\n<p>Seppeleen laskun j\u00e4lkeen tilaisuudessa puhui Kainuun Tykist\u00f6- ja Heittimist\u00f6kilta ry:n puheenjohtaja Timo H\u00e4rk\u00f6nen sek\u00e4 killan j\u00e4sen Antti Haapalainen. Puheenjohtaja H\u00e4rk\u00f6nen toivotti yleis\u00f6n tervetulleeksi perinnep\u00e4iv\u00e4n tilaisuuteen, jota vietet\u00e4\u00e4n perinteisesti joka vuosi 17.6..<\/p>\n<figure id=\"attachment_10068\" aria-describedby=\"caption-attachment-10068\" style=\"width: 4472px\" class=\"wp-caption alignnone\"><a href=\"http:\/\/www.rukajarvensuunnanhistoriayhdistys.fi\/historiayhdistys\/wp-content\/uploads\/2015\/06\/DSC00940-Lokinkangas1.jpg\"><img loading=\"lazy\" decoding=\"async\" class=\"wp-image-10068 size-full\" src=\"http:\/\/www.rukajarvensuunnanhistoriayhdistys.fi\/historiayhdistys\/wp-content\/uploads\/2015\/06\/DSC00940-Lokinkangas1.jpg\" alt=\"Lokinkankaan tilaisuuden yleis\u00f6\u00e4. Vasemmalla veteraanit, joista Eino Ullgren saapui tilaisuuteen ajaen omaa autoaan.\" width=\"4472\" height=\"2988\" data-id=\"10068\" srcset=\"http:\/\/www.rukajarvensuunnanhistoriayhdistys.fi\/historiayhdistys\/wp-content\/uploads\/2015\/06\/DSC00940-Lokinkangas1.jpg 4472w, http:\/\/www.rukajarvensuunnanhistoriayhdistys.fi\/historiayhdistys\/wp-content\/uploads\/2015\/06\/DSC00940-Lokinkangas1-300x200.jpg 300w, http:\/\/www.rukajarvensuunnanhistoriayhdistys.fi\/historiayhdistys\/wp-content\/uploads\/2015\/06\/DSC00940-Lokinkangas1-1024x684.jpg 1024w\" sizes=\"auto, (max-width: 4472px) 100vw, 4472px\" \/><\/a><figcaption id=\"caption-attachment-10068\" class=\"wp-caption-text\">Lokinkankaan tilaisuuden yleis\u00f6\u00e4. Vasemmalla veteraanit Martti Timonen ja Eino Ullgren.<\/figcaption><\/figure>\n<figure id=\"attachment_10066\" aria-describedby=\"caption-attachment-10066\" style=\"width: 4460px\" class=\"wp-caption alignnone\"><a href=\"http:\/\/www.rukajarvensuunnanhistoriayhdistys.fi\/historiayhdistys\/wp-content\/uploads\/2015\/06\/DSC00945-Timo-H\u00e4rk\u00f6nen.jpg\"><img loading=\"lazy\" decoding=\"async\" class=\"wp-image-10066 size-full\" src=\"http:\/\/www.rukajarvensuunnanhistoriayhdistys.fi\/historiayhdistys\/wp-content\/uploads\/2015\/06\/DSC00945-Timo-H\u00e4rk\u00f6nen.jpg\" alt=\"Kainuun Tykist\u00f6- ja Heittimist\u00f6kilta ry puheenjohtaja Timo H\u00e4rk\u00f6nen\" width=\"4460\" height=\"2956\" data-id=\"10066\" srcset=\"http:\/\/www.rukajarvensuunnanhistoriayhdistys.fi\/historiayhdistys\/wp-content\/uploads\/2015\/06\/DSC00945-Timo-H\u00e4rk\u00f6nen.jpg 4460w, http:\/\/www.rukajarvensuunnanhistoriayhdistys.fi\/historiayhdistys\/wp-content\/uploads\/2015\/06\/DSC00945-Timo-H\u00e4rk\u00f6nen-300x199.jpg 300w, http:\/\/www.rukajarvensuunnanhistoriayhdistys.fi\/historiayhdistys\/wp-content\/uploads\/2015\/06\/DSC00945-Timo-H\u00e4rk\u00f6nen-1024x679.jpg 1024w\" sizes=\"auto, (max-width: 4460px) 100vw, 4460px\" \/><\/a><figcaption id=\"caption-attachment-10066\" class=\"wp-caption-text\">Kainuun Tykist\u00f6- ja Heittimist\u00f6kilta ry puheenjohtaja Timo H\u00e4rk\u00f6nen<\/figcaption><\/figure>\n<figure id=\"attachment_10091\" aria-describedby=\"caption-attachment-10091\" style=\"width: 4488px\" class=\"wp-caption alignnone\"><a href=\"http:\/\/www.rukajarvensuunnanhistoriayhdistys.fi\/historiayhdistys\/wp-content\/uploads\/2015\/06\/DSC00951-Seppeleen-laskijat.jpg\"><img loading=\"lazy\" decoding=\"async\" class=\"wp-image-10091 size-full\" src=\"http:\/\/www.rukajarvensuunnanhistoriayhdistys.fi\/historiayhdistys\/wp-content\/uploads\/2015\/06\/DSC00951-Seppeleen-laskijat.jpg\" alt=\"Seppeleet laskivat Kari Sutinen, Ville Nevalainen ja Antti Haapalainen.\" width=\"4488\" height=\"2884\" data-id=\"10091\" srcset=\"http:\/\/www.rukajarvensuunnanhistoriayhdistys.fi\/historiayhdistys\/wp-content\/uploads\/2015\/06\/DSC00951-Seppeleen-laskijat.jpg 4488w, http:\/\/www.rukajarvensuunnanhistoriayhdistys.fi\/historiayhdistys\/wp-content\/uploads\/2015\/06\/DSC00951-Seppeleen-laskijat-300x193.jpg 300w, http:\/\/www.rukajarvensuunnanhistoriayhdistys.fi\/historiayhdistys\/wp-content\/uploads\/2015\/06\/DSC00951-Seppeleen-laskijat-1024x658.jpg 1024w\" sizes=\"auto, (max-width: 4488px) 100vw, 4488px\" \/><\/a><figcaption id=\"caption-attachment-10091\" class=\"wp-caption-text\">Seppeleet laskivat Tapani Piippo, Ville Nevalainen ja Antti Haapalainen.<\/figcaption><\/figure>\n<p>Puheenjohtaja Timo H\u00e4rk\u00f6nen kiitti Nurmeksen alueen maanpuolustus- ja reservil\u00e4isj\u00e4rjest\u00f6j\u00e4, jotka ovat pystytt\u00e4neet perinnejoukkojen muistomerkit\u00a0Nurmeksen Lokinkankaalle. Lis\u00e4ksi h\u00e4n lausui, ett\u00e4 seppeleen laskemisella perinneyksik\u00f6iden muistomerkeille, halutaan osoittaa kunnioitusta niit\u00e4 miehi\u00e4 kohtaan, jotka suorittivat t\u00e4rke\u00e4\u00e4 teht\u00e4v\u00e4\u00e4 puolustaessaan is\u00e4nmaataan. Joukkojen historia koostuu my\u00f6s jokaisen mukana olleen taistelijan tarinoista. Heit\u00e4 me kunnioitamme, osoitamme kiitoksemme ja viemme heist\u00e4 tietoa tuleville sukupolville.<\/p>\n<figure id=\"attachment_10067\" aria-describedby=\"caption-attachment-10067\" style=\"width: 4512px\" class=\"wp-caption alignnone\"><a href=\"http:\/\/www.rukajarvensuunnanhistoriayhdistys.fi\/historiayhdistys\/wp-content\/uploads\/2015\/06\/DSC00949-Antti-Haapalainen.jpg\"><img loading=\"lazy\" decoding=\"async\" class=\"wp-image-10067 size-full\" src=\"http:\/\/www.rukajarvensuunnanhistoriayhdistys.fi\/historiayhdistys\/wp-content\/uploads\/2015\/06\/DSC00949-Antti-Haapalainen.jpg\" alt=\"Antti Haapalainen \" width=\"4512\" height=\"2960\" data-id=\"10067\" srcset=\"http:\/\/www.rukajarvensuunnanhistoriayhdistys.fi\/historiayhdistys\/wp-content\/uploads\/2015\/06\/DSC00949-Antti-Haapalainen.jpg 4512w, http:\/\/www.rukajarvensuunnanhistoriayhdistys.fi\/historiayhdistys\/wp-content\/uploads\/2015\/06\/DSC00949-Antti-Haapalainen-300x197.jpg 300w, http:\/\/www.rukajarvensuunnanhistoriayhdistys.fi\/historiayhdistys\/wp-content\/uploads\/2015\/06\/DSC00949-Antti-Haapalainen-1024x672.jpg 1024w\" sizes=\"auto, (max-width: 4512px) 100vw, 4512px\" \/><\/a><figcaption id=\"caption-attachment-10067\" class=\"wp-caption-text\">Antti Haapalainen<\/figcaption><\/figure>\n<p>Antti Haapalainen lausui erityisen kiitoksensa tilaisuuteen saapuneille veteraaneille ja lis\u00e4ksi h\u00e4n selvitti perinneyksik\u00f6itten perustamista ja sodanaikaista toimintaa.<\/p>\n","protected":false},"excerpt":{"rendered":"<p>Kainuun Tykist\u00f6- ja Heittimist\u00f6kilta ry ja Kainuun Tykist\u00f6rykmentti j\u00e4rjestiv\u00e4t Nurmeksen Lokinkankaan muistomerkeill\u00e4 jo perinteeksi muodostuneen tilaisuuden ja laskivat seppeleet muistomerkeille. Koleassa s\u00e4\u00e4ss\u00e4 j\u00e4rjestettyyn tilaisuuteen osallistui kaksi nurmeslaista sotaveteraania ja monikymmenp\u00e4inen <a class=\"more-link\" href=\"http:\/\/www.rukajarvensuunnanhistoriayhdistys.fi\/historiayhdistys\/arvokas-tilaisuus-nurmeksen-lokinkankaalla-17-6-2015\/\">Teksti jatkuu&#8230;<span class=\"screen-reader-text\">Arvokas tilaisuus Nurmeksen Lokinkankaalla 17.6.2015<\/span><span class=\"meta-nav\">\u2192<\/span><\/a><\/p>\n","protected":false},"author":3,"featured_media":10068,"comment_status":"closed","ping_status":"open","sticky":false,"template":"","format":"standard","meta":{"footnotes":""},"categories":[22],"tags":[],"class_list":["post-10062","post","type-post","status-publish","format-standard","has-post-thumbnail","hentry","category-ajankohtaista"],"yoast_head":"<!-- This site is optimized with the Yoast SEO plugin v27.4 - https:\/\/yoast.com\/product\/yoast-seo-wordpress\/ -->\n<title>Arvokas tilaisuus Nurmeksen Lokinkankaalla 17.6.2015 - Rukaj\u00e4rven suunnan historiayhdistys<\/title>\n<meta name=\"robots\" content=\"index, follow, max-snippet:-1, max-image-preview:large, max-video-preview:-1\" \/>\n<link rel=\"canonical\" href=\"https:\/\/www.rukajarvensuunnanhistoriayhdistys.fi\/historiayhdistys\/arvokas-tilaisuus-nurmeksen-lokinkankaalla-17-6-2015\/\" \/>\n<meta property=\"og:locale\" content=\"fi_FI\" \/>\n<meta property=\"og:type\" content=\"article\" \/>\n<meta property=\"og:title\" content=\"Arvokas tilaisuus Nurmeksen Lokinkankaalla 17.6.2015 - Rukaj\u00e4rven suunnan historiayhdistys\" \/>\n<meta property=\"og:description\" content=\"Kainuun Tykist\u00f6- ja Heittimist\u00f6kilta ry ja Kainuun Tykist\u00f6rykmentti j\u00e4rjestiv\u00e4t Nurmeksen Lokinkankaan muistomerkeill\u00e4 jo perinteeksi muodostuneen tilaisuuden ja laskivat seppeleet muistomerkeille. Koleassa s\u00e4\u00e4ss\u00e4 j\u00e4rjestettyyn tilaisuuteen osallistui kaksi nurmeslaista sotaveteraania ja monikymmenp\u00e4inen Teksti jatkuu...Arvokas tilaisuus Nurmeksen Lokinkankaalla 17.6.2015\u2192\" \/>\n<meta property=\"og:url\" content=\"https:\/\/www.rukajarvensuunnanhistoriayhdistys.fi\/historiayhdistys\/arvokas-tilaisuus-nurmeksen-lokinkankaalla-17-6-2015\/\" \/>\n<meta property=\"og:site_name\" content=\"Rukaj\u00e4rven suunnan historiayhdistys\" \/>\n<meta property=\"article:published_time\" content=\"2015-06-17T21:36:02+00:00\" \/>\n<meta property=\"article:modified_time\" content=\"2015-06-18T20:29:23+00:00\" \/>\n<meta property=\"og:image\" content=\"https:\/\/www.rukajarvensuunnanhistoriayhdistys.fi\/historiayhdistys\/wp-content\/uploads\/2015\/06\/DSC00940-Lokinkangas1-1024x684.jpg\" \/>\n\t<meta property=\"og:image:width\" content=\"1024\" \/>\n\t<meta property=\"og:image:height\" content=\"684\" \/>\n\t<meta property=\"og:image:type\" content=\"image\/jpeg\" \/>\n<meta name=\"author\" content=\"RSHY\" \/>\n<meta name=\"twitter:label1\" content=\"Kirjoittanut\" \/>\n\t<meta name=\"twitter:data1\" content=\"RSHY\" \/>\n\t<meta name=\"twitter:label2\" content=\"Arvioitu lukuaika\" \/>\n\t<meta name=\"twitter:data2\" content=\"1 minuutti\" \/>\n<script type=\"application\/ld+json\" class=\"yoast-schema-graph\">{\"@context\":\"https:\\\/\\\/schema.org\",\"@graph\":[{\"@type\":\"Article\",\"@id\":\"https:\\\/\\\/www.rukajarvensuunnanhistoriayhdistys.fi\\\/historiayhdistys\\\/arvokas-tilaisuus-nurmeksen-lokinkankaalla-17-6-2015\\\/#article\",\"isPartOf\":{\"@id\":\"https:\\\/\\\/www.rukajarvensuunnanhistoriayhdistys.fi\\\/historiayhdistys\\\/arvokas-tilaisuus-nurmeksen-lokinkankaalla-17-6-2015\\\/\"},\"author\":{\"name\":\"RSHY\",\"@id\":\"http:\\\/\\\/www.rukajarvensuunnanhistoriayhdistys.fi\\\/historiayhdistys\\\/#\\\/schema\\\/person\\\/19de7db68bf72dfd2b5d7f6dfbf8454d\"},\"headline\":\"Arvokas tilaisuus Nurmeksen Lokinkankaalla 17.6.2015\",\"datePublished\":\"2015-06-17T21:36:02+00:00\",\"dateModified\":\"2015-06-18T20:29:23+00:00\",\"mainEntityOfPage\":{\"@id\":\"https:\\\/\\\/www.rukajarvensuunnanhistoriayhdistys.fi\\\/historiayhdistys\\\/arvokas-tilaisuus-nurmeksen-lokinkankaalla-17-6-2015\\\/\"},\"wordCount\":286,\"publisher\":{\"@id\":\"http:\\\/\\\/www.rukajarvensuunnanhistoriayhdistys.fi\\\/historiayhdistys\\\/#organization\"},\"image\":{\"@id\":\"https:\\\/\\\/www.rukajarvensuunnanhistoriayhdistys.fi\\\/historiayhdistys\\\/arvokas-tilaisuus-nurmeksen-lokinkankaalla-17-6-2015\\\/#primaryimage\"},\"thumbnailUrl\":\"http:\\\/\\\/www.rukajarvensuunnanhistoriayhdistys.fi\\\/historiayhdistys\\\/wp-content\\\/uploads\\\/2015\\\/06\\\/DSC00940-Lokinkangas1.jpg\",\"articleSection\":[\"Ajankohtaista\"],\"inLanguage\":\"fi\"},{\"@type\":\"WebPage\",\"@id\":\"https:\\\/\\\/www.rukajarvensuunnanhistoriayhdistys.fi\\\/historiayhdistys\\\/arvokas-tilaisuus-nurmeksen-lokinkankaalla-17-6-2015\\\/\",\"url\":\"https:\\\/\\\/www.rukajarvensuunnanhistoriayhdistys.fi\\\/historiayhdistys\\\/arvokas-tilaisuus-nurmeksen-lokinkankaalla-17-6-2015\\\/\",\"name\":\"Arvokas tilaisuus Nurmeksen Lokinkankaalla 17.6.2015 - Rukaj\u00e4rven suunnan historiayhdistys\",\"isPartOf\":{\"@id\":\"http:\\\/\\\/www.rukajarvensuunnanhistoriayhdistys.fi\\\/historiayhdistys\\\/#website\"},\"primaryImageOfPage\":{\"@id\":\"https:\\\/\\\/www.rukajarvensuunnanhistoriayhdistys.fi\\\/historiayhdistys\\\/arvokas-tilaisuus-nurmeksen-lokinkankaalla-17-6-2015\\\/#primaryimage\"},\"image\":{\"@id\":\"https:\\\/\\\/www.rukajarvensuunnanhistoriayhdistys.fi\\\/historiayhdistys\\\/arvokas-tilaisuus-nurmeksen-lokinkankaalla-17-6-2015\\\/#primaryimage\"},\"thumbnailUrl\":\"http:\\\/\\\/www.rukajarvensuunnanhistoriayhdistys.fi\\\/historiayhdistys\\\/wp-content\\\/uploads\\\/2015\\\/06\\\/DSC00940-Lokinkangas1.jpg\",\"datePublished\":\"2015-06-17T21:36:02+00:00\",\"dateModified\":\"2015-06-18T20:29:23+00:00\",\"breadcrumb\":{\"@id\":\"https:\\\/\\\/www.rukajarvensuunnanhistoriayhdistys.fi\\\/historiayhdistys\\\/arvokas-tilaisuus-nurmeksen-lokinkankaalla-17-6-2015\\\/#breadcrumb\"},\"inLanguage\":\"fi\",\"potentialAction\":[{\"@type\":\"ReadAction\",\"target\":[\"https:\\\/\\\/www.rukajarvensuunnanhistoriayhdistys.fi\\\/historiayhdistys\\\/arvokas-tilaisuus-nurmeksen-lokinkankaalla-17-6-2015\\\/\"]}]},{\"@type\":\"ImageObject\",\"inLanguage\":\"fi\",\"@id\":\"https:\\\/\\\/www.rukajarvensuunnanhistoriayhdistys.fi\\\/historiayhdistys\\\/arvokas-tilaisuus-nurmeksen-lokinkankaalla-17-6-2015\\\/#primaryimage\",\"url\":\"http:\\\/\\\/www.rukajarvensuunnanhistoriayhdistys.fi\\\/historiayhdistys\\\/wp-content\\\/uploads\\\/2015\\\/06\\\/DSC00940-Lokinkangas1.jpg\",\"contentUrl\":\"http:\\\/\\\/www.rukajarvensuunnanhistoriayhdistys.fi\\\/historiayhdistys\\\/wp-content\\\/uploads\\\/2015\\\/06\\\/DSC00940-Lokinkangas1.jpg\",\"width\":4472,\"height\":2988,\"caption\":\"Lokinkankaan tilaisuuden yleis\u00f6\u00e4. Vasemmalla veteraanit, joista Eino Ullgren saapui tilaisuuteen ajaen omaa autoaan.\"},{\"@type\":\"BreadcrumbList\",\"@id\":\"https:\\\/\\\/www.rukajarvensuunnanhistoriayhdistys.fi\\\/historiayhdistys\\\/arvokas-tilaisuus-nurmeksen-lokinkankaalla-17-6-2015\\\/#breadcrumb\",\"itemListElement\":[{\"@type\":\"ListItem\",\"position\":1,\"name\":\"Etusivu\",\"item\":\"http:\\\/\\\/www.rukajarvensuunnanhistoriayhdistys.fi\\\/historiayhdistys\\\/\"},{\"@type\":\"ListItem\",\"position\":2,\"name\":\"Arvokas tilaisuus Nurmeksen Lokinkankaalla 17.6.2015\"}]},{\"@type\":\"WebSite\",\"@id\":\"http:\\\/\\\/www.rukajarvensuunnanhistoriayhdistys.fi\\\/historiayhdistys\\\/#website\",\"url\":\"http:\\\/\\\/www.rukajarvensuunnanhistoriayhdistys.fi\\\/historiayhdistys\\\/\",\"name\":\"Rukaj\u00e4rven suunnan historiayhdistys\",\"description\":\"Rukaj\u00e4rven suunnan historiayhdistyksen verkkosivut.\",\"publisher\":{\"@id\":\"http:\\\/\\\/www.rukajarvensuunnanhistoriayhdistys.fi\\\/historiayhdistys\\\/#organization\"},\"potentialAction\":[{\"@type\":\"SearchAction\",\"target\":{\"@type\":\"EntryPoint\",\"urlTemplate\":\"http:\\\/\\\/www.rukajarvensuunnanhistoriayhdistys.fi\\\/historiayhdistys\\\/?s={search_term_string}\"},\"query-input\":{\"@type\":\"PropertyValueSpecification\",\"valueRequired\":true,\"valueName\":\"search_term_string\"}}],\"inLanguage\":\"fi\"},{\"@type\":\"Organization\",\"@id\":\"http:\\\/\\\/www.rukajarvensuunnanhistoriayhdistys.fi\\\/historiayhdistys\\\/#organization\",\"name\":\"Rukaj\u00e4rven suunnan historiayhdistys\",\"url\":\"http:\\\/\\\/www.rukajarvensuunnanhistoriayhdistys.fi\\\/historiayhdistys\\\/\",\"logo\":{\"@type\":\"ImageObject\",\"inLanguage\":\"fi\",\"@id\":\"http:\\\/\\\/www.rukajarvensuunnanhistoriayhdistys.fi\\\/historiayhdistys\\\/#\\\/schema\\\/logo\\\/image\\\/\",\"url\":\"http:\\\/\\\/www.rukajarvensuunnanhistoriayhdistys.fi\\\/historiayhdistys\\\/wp-content\\\/uploads\\\/2013\\\/12\\\/Otsake_3.jpg\",\"contentUrl\":\"http:\\\/\\\/www.rukajarvensuunnanhistoriayhdistys.fi\\\/historiayhdistys\\\/wp-content\\\/uploads\\\/2013\\\/12\\\/Otsake_3.jpg\",\"width\":1000,\"height\":442,\"caption\":\"Rukaj\u00e4rven suunnan historiayhdistys\"},\"image\":{\"@id\":\"http:\\\/\\\/www.rukajarvensuunnanhistoriayhdistys.fi\\\/historiayhdistys\\\/#\\\/schema\\\/logo\\\/image\\\/\"}},{\"@type\":\"Person\",\"@id\":\"http:\\\/\\\/www.rukajarvensuunnanhistoriayhdistys.fi\\\/historiayhdistys\\\/#\\\/schema\\\/person\\\/19de7db68bf72dfd2b5d7f6dfbf8454d\",\"name\":\"RSHY\",\"image\":{\"@type\":\"ImageObject\",\"inLanguage\":\"fi\",\"@id\":\"https:\\\/\\\/secure.gravatar.com\\\/avatar\\\/598d59263a69cc8de65fcb4f9db78d6f58c098cb0e0ba22d73377441af9fa04c?s=96&d=blank&r=g\",\"url\":\"https:\\\/\\\/secure.gravatar.com\\\/avatar\\\/598d59263a69cc8de65fcb4f9db78d6f58c098cb0e0ba22d73377441af9fa04c?s=96&d=blank&r=g\",\"contentUrl\":\"https:\\\/\\\/secure.gravatar.com\\\/avatar\\\/598d59263a69cc8de65fcb4f9db78d6f58c098cb0e0ba22d73377441af9fa04c?s=96&d=blank&r=g\",\"caption\":\"RSHY\"},\"url\":\"http:\\\/\\\/www.rukajarvensuunnanhistoriayhdistys.fi\\\/historiayhdistys\\\/author\\\/rshy\\\/\"}]}<\/script>\n<!-- \/ Yoast SEO plugin. -->","yoast_head_json":{"title":"Arvokas tilaisuus Nurmeksen Lokinkankaalla 17.6.2015 - Rukaj\u00e4rven suunnan historiayhdistys","robots":{"index":"index","follow":"follow","max-snippet":"max-snippet:-1","max-image-preview":"max-image-preview:large","max-video-preview":"max-video-preview:-1"},"canonical":"https:\/\/www.rukajarvensuunnanhistoriayhdistys.fi\/historiayhdistys\/arvokas-tilaisuus-nurmeksen-lokinkankaalla-17-6-2015\/","og_locale":"fi_FI","og_type":"article","og_title":"Arvokas tilaisuus Nurmeksen Lokinkankaalla 17.6.2015 - Rukaj\u00e4rven suunnan historiayhdistys","og_description":"Kainuun Tykist\u00f6- ja Heittimist\u00f6kilta ry ja Kainuun Tykist\u00f6rykmentti j\u00e4rjestiv\u00e4t Nurmeksen Lokinkankaan muistomerkeill\u00e4 jo perinteeksi muodostuneen tilaisuuden ja laskivat seppeleet muistomerkeille. Koleassa s\u00e4\u00e4ss\u00e4 j\u00e4rjestettyyn tilaisuuteen osallistui kaksi nurmeslaista sotaveteraania ja monikymmenp\u00e4inen Teksti jatkuu...Arvokas tilaisuus Nurmeksen Lokinkankaalla 17.6.2015\u2192","og_url":"https:\/\/www.rukajarvensuunnanhistoriayhdistys.fi\/historiayhdistys\/arvokas-tilaisuus-nurmeksen-lokinkankaalla-17-6-2015\/","og_site_name":"Rukaj\u00e4rven suunnan historiayhdistys","article_published_time":"2015-06-17T21:36:02+00:00","article_modified_time":"2015-06-18T20:29:23+00:00","og_image":[{"width":1024,"height":684,"url":"https:\/\/www.rukajarvensuunnanhistoriayhdistys.fi\/historiayhdistys\/wp-content\/uploads\/2015\/06\/DSC00940-Lokinkangas1-1024x684.jpg","type":"image\/jpeg"}],"author":"RSHY","twitter_misc":{"Kirjoittanut":"RSHY","Arvioitu lukuaika":"1 minuutti"},"schema":{"@context":"https:\/\/schema.org","@graph":[{"@type":"Article","@id":"https:\/\/www.rukajarvensuunnanhistoriayhdistys.fi\/historiayhdistys\/arvokas-tilaisuus-nurmeksen-lokinkankaalla-17-6-2015\/#article","isPartOf":{"@id":"https:\/\/www.rukajarvensuunnanhistoriayhdistys.fi\/historiayhdistys\/arvokas-tilaisuus-nurmeksen-lokinkankaalla-17-6-2015\/"},"author":{"name":"RSHY","@id":"http:\/\/www.rukajarvensuunnanhistoriayhdistys.fi\/historiayhdistys\/#\/schema\/person\/19de7db68bf72dfd2b5d7f6dfbf8454d"},"headline":"Arvokas tilaisuus Nurmeksen Lokinkankaalla 17.6.2015","datePublished":"2015-06-17T21:36:02+00:00","dateModified":"2015-06-18T20:29:23+00:00","mainEntityOfPage":{"@id":"https:\/\/www.rukajarvensuunnanhistoriayhdistys.fi\/historiayhdistys\/arvokas-tilaisuus-nurmeksen-lokinkankaalla-17-6-2015\/"},"wordCount":286,"publisher":{"@id":"http:\/\/www.rukajarvensuunnanhistoriayhdistys.fi\/historiayhdistys\/#organization"},"image":{"@id":"https:\/\/www.rukajarvensuunnanhistoriayhdistys.fi\/historiayhdistys\/arvokas-tilaisuus-nurmeksen-lokinkankaalla-17-6-2015\/#primaryimage"},"thumbnailUrl":"http:\/\/www.rukajarvensuunnanhistoriayhdistys.fi\/historiayhdistys\/wp-content\/uploads\/2015\/06\/DSC00940-Lokinkangas1.jpg","articleSection":["Ajankohtaista"],"inLanguage":"fi"},{"@type":"WebPage","@id":"https:\/\/www.rukajarvensuunnanhistoriayhdistys.fi\/historiayhdistys\/arvokas-tilaisuus-nurmeksen-lokinkankaalla-17-6-2015\/","url":"https:\/\/www.rukajarvensuunnanhistoriayhdistys.fi\/historiayhdistys\/arvokas-tilaisuus-nurmeksen-lokinkankaalla-17-6-2015\/","name":"Arvokas tilaisuus Nurmeksen Lokinkankaalla 17.6.2015 - Rukaj\u00e4rven suunnan historiayhdistys","isPartOf":{"@id":"http:\/\/www.rukajarvensuunnanhistoriayhdistys.fi\/historiayhdistys\/#website"},"primaryImageOfPage":{"@id":"https:\/\/www.rukajarvensuunnanhistoriayhdistys.fi\/historiayhdistys\/arvokas-tilaisuus-nurmeksen-lokinkankaalla-17-6-2015\/#primaryimage"},"image":{"@id":"https:\/\/www.rukajarvensuunnanhistoriayhdistys.fi\/historiayhdistys\/arvokas-tilaisuus-nurmeksen-lokinkankaalla-17-6-2015\/#primaryimage"},"thumbnailUrl":"http:\/\/www.rukajarvensuunnanhistoriayhdistys.fi\/historiayhdistys\/wp-content\/uploads\/2015\/06\/DSC00940-Lokinkangas1.jpg","datePublished":"2015-06-17T21:36:02+00:00","dateModified":"2015-06-18T20:29:23+00:00","breadcrumb":{"@id":"https:\/\/www.rukajarvensuunnanhistoriayhdistys.fi\/historiayhdistys\/arvokas-tilaisuus-nurmeksen-lokinkankaalla-17-6-2015\/#breadcrumb"},"inLanguage":"fi","potentialAction":[{"@type":"ReadAction","target":["https:\/\/www.rukajarvensuunnanhistoriayhdistys.fi\/historiayhdistys\/arvokas-tilaisuus-nurmeksen-lokinkankaalla-17-6-2015\/"]}]},{"@type":"ImageObject","inLanguage":"fi","@id":"https:\/\/www.rukajarvensuunnanhistoriayhdistys.fi\/historiayhdistys\/arvokas-tilaisuus-nurmeksen-lokinkankaalla-17-6-2015\/#primaryimage","url":"http:\/\/www.rukajarvensuunnanhistoriayhdistys.fi\/historiayhdistys\/wp-content\/uploads\/2015\/06\/DSC00940-Lokinkangas1.jpg","contentUrl":"http:\/\/www.rukajarvensuunnanhistoriayhdistys.fi\/historiayhdistys\/wp-content\/uploads\/2015\/06\/DSC00940-Lokinkangas1.jpg","width":4472,"height":2988,"caption":"Lokinkankaan tilaisuuden yleis\u00f6\u00e4. Vasemmalla veteraanit, joista Eino Ullgren saapui tilaisuuteen ajaen omaa autoaan."},{"@type":"BreadcrumbList","@id":"https:\/\/www.rukajarvensuunnanhistoriayhdistys.fi\/historiayhdistys\/arvokas-tilaisuus-nurmeksen-lokinkankaalla-17-6-2015\/#breadcrumb","itemListElement":[{"@type":"ListItem","position":1,"name":"Etusivu","item":"http:\/\/www.rukajarvensuunnanhistoriayhdistys.fi\/historiayhdistys\/"},{"@type":"ListItem","position":2,"name":"Arvokas tilaisuus Nurmeksen Lokinkankaalla 17.6.2015"}]},{"@type":"WebSite","@id":"http:\/\/www.rukajarvensuunnanhistoriayhdistys.fi\/historiayhdistys\/#website","url":"http:\/\/www.rukajarvensuunnanhistoriayhdistys.fi\/historiayhdistys\/","name":"Rukaj\u00e4rven suunnan historiayhdistys","description":"Rukaj\u00e4rven suunnan historiayhdistyksen verkkosivut.","publisher":{"@id":"http:\/\/www.rukajarvensuunnanhistoriayhdistys.fi\/historiayhdistys\/#organization"},"potentialAction":[{"@type":"SearchAction","target":{"@type":"EntryPoint","urlTemplate":"http:\/\/www.rukajarvensuunnanhistoriayhdistys.fi\/historiayhdistys\/?s={search_term_string}"},"query-input":{"@type":"PropertyValueSpecification","valueRequired":true,"valueName":"search_term_string"}}],"inLanguage":"fi"},{"@type":"Organization","@id":"http:\/\/www.rukajarvensuunnanhistoriayhdistys.fi\/historiayhdistys\/#organization","name":"Rukaj\u00e4rven suunnan historiayhdistys","url":"http:\/\/www.rukajarvensuunnanhistoriayhdistys.fi\/historiayhdistys\/","logo":{"@type":"ImageObject","inLanguage":"fi","@id":"http:\/\/www.rukajarvensuunnanhistoriayhdistys.fi\/historiayhdistys\/#\/schema\/logo\/image\/","url":"http:\/\/www.rukajarvensuunnanhistoriayhdistys.fi\/historiayhdistys\/wp-content\/uploads\/2013\/12\/Otsake_3.jpg","contentUrl":"http:\/\/www.rukajarvensuunnanhistoriayhdistys.fi\/historiayhdistys\/wp-content\/uploads\/2013\/12\/Otsake_3.jpg","width":1000,"height":442,"caption":"Rukaj\u00e4rven suunnan historiayhdistys"},"image":{"@id":"http:\/\/www.rukajarvensuunnanhistoriayhdistys.fi\/historiayhdistys\/#\/schema\/logo\/image\/"}},{"@type":"Person","@id":"http:\/\/www.rukajarvensuunnanhistoriayhdistys.fi\/historiayhdistys\/#\/schema\/person\/19de7db68bf72dfd2b5d7f6dfbf8454d","name":"RSHY","image":{"@type":"ImageObject","inLanguage":"fi","@id":"https:\/\/secure.gravatar.com\/avatar\/598d59263a69cc8de65fcb4f9db78d6f58c098cb0e0ba22d73377441af9fa04c?s=96&d=blank&r=g","url":"https:\/\/secure.gravatar.com\/avatar\/598d59263a69cc8de65fcb4f9db78d6f58c098cb0e0ba22d73377441af9fa04c?s=96&d=blank&r=g","contentUrl":"https:\/\/secure.gravatar.com\/avatar\/598d59263a69cc8de65fcb4f9db78d6f58c098cb0e0ba22d73377441af9fa04c?s=96&d=blank&r=g","caption":"RSHY"},"url":"http:\/\/www.rukajarvensuunnanhistoriayhdistys.fi\/historiayhdistys\/author\/rshy\/"}]}},"_links":{"self":[{"href":"http:\/\/www.rukajarvensuunnanhistoriayhdistys.fi\/historiayhdistys\/wp-json\/wp\/v2\/posts\/10062","targetHints":{"allow":["GET"]}}],"collection":[{"href":"http:\/\/www.rukajarvensuunnanhistoriayhdistys.fi\/historiayhdistys\/wp-json\/wp\/v2\/posts"}],"about":[{"href":"http:\/\/www.rukajarvensuunnanhistoriayhdistys.fi\/historiayhdistys\/wp-json\/wp\/v2\/types\/post"}],"author":[{"embeddable":true,"href":"http:\/\/www.rukajarvensuunnanhistoriayhdistys.fi\/historiayhdistys\/wp-json\/wp\/v2\/users\/3"}],"replies":[{"embeddable":true,"href":"http:\/\/www.rukajarvensuunnanhistoriayhdistys.fi\/historiayhdistys\/wp-json\/wp\/v2\/comments?post=10062"}],"version-history":[{"count":8,"href":"http:\/\/www.rukajarvensuunnanhistoriayhdistys.fi\/historiayhdistys\/wp-json\/wp\/v2\/posts\/10062\/revisions"}],"predecessor-version":[{"id":10094,"href":"http:\/\/www.rukajarvensuunnanhistoriayhdistys.fi\/historiayhdistys\/wp-json\/wp\/v2\/posts\/10062\/revisions\/10094"}],"wp:featuredmedia":[{"embeddable":true,"href":"http:\/\/www.rukajarvensuunnanhistoriayhdistys.fi\/historiayhdistys\/wp-json\/wp\/v2\/media\/10068"}],"wp:attachment":[{"href":"http:\/\/www.rukajarvensuunnanhistoriayhdistys.fi\/historiayhdistys\/wp-json\/wp\/v2\/media?parent=10062"}],"wp:term":[{"taxonomy":"category","embeddable":true,"href":"http:\/\/www.rukajarvensuunnanhistoriayhdistys.fi\/historiayhdistys\/wp-json\/wp\/v2\/categories?post=10062"},{"taxonomy":"post_tag","embeddable":true,"href":"http:\/\/www.rukajarvensuunnanhistoriayhdistys.fi\/historiayhdistys\/wp-json\/wp\/v2\/tags?post=10062"}],"curies":[{"name":"wp","href":"https:\/\/api.w.org\/{rel}","templated":true}]}}