{"id":10071,"date":"2015-06-18T08:48:05","date_gmt":"2015-06-18T05:48:05","guid":{"rendered":"http:\/\/www.rukajarvensuunnanhistoriayhdistys.fi\/historiayhdistys\/?p=10071"},"modified":"2015-06-18T08:50:24","modified_gmt":"2015-06-18T05:50:24","slug":"jukolan-motti-pirtti-valmiina-ottamaan-vastaan-juhannusvieraita","status":"publish","type":"post","link":"http:\/\/www.rukajarvensuunnanhistoriayhdistys.fi\/historiayhdistys\/jukolan-motti-pirtti-valmiina-ottamaan-vastaan-juhannusvieraita\/","title":{"rendered":"Jukolan motti -pirtti &#8211; valmiina &#8211; ottamaan vastaan juhannusvieraita"},"content":{"rendered":"<div class=\"fcbkbttn_buttons_block\" id=\"fcbkbttn_left\"><div class=\"fcbkbttn_like \"><fb:like href=\"http:\/\/www.rukajarvensuunnanhistoriayhdistys.fi\/historiayhdistys\/jukolan-motti-pirtti-valmiina-ottamaan-vastaan-juhannusvieraita\/\" action=\"like\" colorscheme=\"light\" layout=\"button_count\"  size=\"small\"><\/fb:like><\/div><\/div><p><span style=\"color: #000000; font-family: Calibri; font-size: medium;\">Jukolan motissa pidettiin 17.6.2015 juhannustalkoot. Motti -pirtin rakennukset maalattiin tuhka-asita asetettiin paikalleen ja paikat siivottiin. Nyt paikka on valmis vastaanottamaan juhannusvieraita. Tilojen ohjeistusta t\u00e4ydennettiin, niihin kannattaa tutustua paikanp\u00e4\u00e4ll\u00e4.<\/span><\/p>\n<figure id=\"attachment_10072\" aria-describedby=\"caption-attachment-10072\" style=\"width: 4460px\" class=\"wp-caption alignnone\"><a href=\"http:\/\/www.rukajarvensuunnanhistoriayhdistys.fi\/historiayhdistys\/wp-content\/uploads\/2015\/06\/DSC00956-Jukolan-motti.jpg\"><img loading=\"lazy\" decoding=\"async\" class=\"wp-image-10072 size-full\" src=\"http:\/\/www.rukajarvensuunnanhistoriayhdistys.fi\/historiayhdistys\/wp-content\/uploads\/2015\/06\/DSC00956-Jukolan-motti.jpg\" alt=\"Talkoomihet, Mauri M\u00f6nkk\u00f6nen, Heikki Turunen ja Raimo Saviranta. Erkki Turunen k\u00e4vi tasoittamassa piha-alueet. Kuva Tenho Tikkanen.\" width=\"4460\" height=\"2944\" data-id=\"10072\" srcset=\"http:\/\/www.rukajarvensuunnanhistoriayhdistys.fi\/historiayhdistys\/wp-content\/uploads\/2015\/06\/DSC00956-Jukolan-motti.jpg 4460w, http:\/\/www.rukajarvensuunnanhistoriayhdistys.fi\/historiayhdistys\/wp-content\/uploads\/2015\/06\/DSC00956-Jukolan-motti-300x198.jpg 300w, http:\/\/www.rukajarvensuunnanhistoriayhdistys.fi\/historiayhdistys\/wp-content\/uploads\/2015\/06\/DSC00956-Jukolan-motti-1024x676.jpg 1024w\" sizes=\"auto, (max-width: 4460px) 100vw, 4460px\" \/><\/a><figcaption id=\"caption-attachment-10072\" class=\"wp-caption-text\">Talkoomihet, Mauri M\u00f6nkk\u00f6nen, Heikki Turunen ja Raimo Saviranta. Erkki Turunen k\u00e4vi tasoittamassa piha-alueet. Apurakennuksetkin\u00a0valmistuivat,\u00a0puuvaja ja\u00a0wc.\u00a0Kuva Tenho Tikkanen.<\/figcaption><\/figure>\n<figure id=\"attachment_10073\" aria-describedby=\"caption-attachment-10073\" style=\"width: 4412px\" class=\"wp-caption alignnone\"><a href=\"http:\/\/www.rukajarvensuunnanhistoriayhdistys.fi\/historiayhdistys\/wp-content\/uploads\/2015\/06\/DSC00959-Jukolan-motti.jpg\"><img loading=\"lazy\" decoding=\"async\" class=\"wp-image-10073 size-full\" src=\"http:\/\/www.rukajarvensuunnanhistoriayhdistys.fi\/historiayhdistys\/wp-content\/uploads\/2015\/06\/DSC00959-Jukolan-motti.jpg\" alt=\"Jukolan motti - pirtti valmis.\" width=\"4412\" height=\"2868\" data-id=\"10073\" srcset=\"http:\/\/www.rukajarvensuunnanhistoriayhdistys.fi\/historiayhdistys\/wp-content\/uploads\/2015\/06\/DSC00959-Jukolan-motti.jpg 4412w, http:\/\/www.rukajarvensuunnanhistoriayhdistys.fi\/historiayhdistys\/wp-content\/uploads\/2015\/06\/DSC00959-Jukolan-motti-300x195.jpg 300w, http:\/\/www.rukajarvensuunnanhistoriayhdistys.fi\/historiayhdistys\/wp-content\/uploads\/2015\/06\/DSC00959-Jukolan-motti-1024x666.jpg 1024w\" sizes=\"auto, (max-width: 4412px) 100vw, 4412px\" \/><\/a><figcaption id=\"caption-attachment-10073\" class=\"wp-caption-text\">Jukolan motti &#8211; pirtti valmis.<\/figcaption><\/figure>\n<figure id=\"attachment_10075\" aria-describedby=\"caption-attachment-10075\" style=\"width: 4356px\" class=\"wp-caption alignnone\"><a href=\"http:\/\/www.rukajarvensuunnanhistoriayhdistys.fi\/historiayhdistys\/wp-content\/uploads\/2015\/06\/DSC00961-Jukolan-motti.jpg\"><img loading=\"lazy\" decoding=\"async\" class=\"wp-image-10075 size-full\" src=\"http:\/\/www.rukajarvensuunnanhistoriayhdistys.fi\/historiayhdistys\/wp-content\/uploads\/2015\/06\/DSC00961-Jukolan-motti.jpg\" alt=\"Siin\u00e4 se on - Jukolan motti -pirtti.\" width=\"4356\" height=\"2904\" data-id=\"10075\" srcset=\"http:\/\/www.rukajarvensuunnanhistoriayhdistys.fi\/historiayhdistys\/wp-content\/uploads\/2015\/06\/DSC00961-Jukolan-motti.jpg 4356w, http:\/\/www.rukajarvensuunnanhistoriayhdistys.fi\/historiayhdistys\/wp-content\/uploads\/2015\/06\/DSC00961-Jukolan-motti-300x200.jpg 300w, http:\/\/www.rukajarvensuunnanhistoriayhdistys.fi\/historiayhdistys\/wp-content\/uploads\/2015\/06\/DSC00961-Jukolan-motti-1024x683.jpg 1024w\" sizes=\"auto, (max-width: 4356px) 100vw, 4356px\" \/><\/a><figcaption id=\"caption-attachment-10075\" class=\"wp-caption-text\">Siin\u00e4 se on &#8211; Jukolan motti -pirtti.<\/figcaption><\/figure>\n<p><span style=\"color: #000000; font-family: Calibri; font-size: medium;\">Y\u00f6tt\u00f6m\u00e4n y\u00f6n juhla voi alkaa. Aattona aurinko nousee Jukolan motissa 2:46 ja laskee 23:15.<\/span><\/p>\n<p><span style=\"color: #000000; font-family: Calibri; font-size: medium;\">Jukolan motti -pirtist\u00e4 on muodostunut suosittu k\u00e4yntikohde. K\u00e4vij\u00f6it\u00e4 on t\u00e4h\u00e4n saakka ollut pirtill\u00e4 liki 1.400 henkil\u00f6\u00e4. Ulkomaisia vieraita on k\u00e4vij\u00f6itten joukossa runsaasti. Samalla se on lis\u00e4nnyt my\u00f6s Rukaj\u00e4rven tien k\u00e4vij\u00e4m\u00e4\u00e4ri\u00e4. Talkoop\u00e4iv\u00e4n\u00e4kin kaukaisimmat Iijoelta.<\/span><\/p>\n<p><span style=\"color: #000000; font-family: Calibri; font-size: medium;\">Rukaj\u00e4rven suunnan historiayhdistys muisti Nurmij\u00e4rven kyl\u00e4seuran uutteroijia Annukan kahvilassa pidetyss\u00e4 koruttomassa tilaisuudessa. Kyl\u00e4seuran puheenjohtaja Heikki Turuselle ja varapuheenjohtaja Raimo Savirannalle RSHY:n\u00a0 edustajat Mauri M\u00f6nkk\u00f6nen ja Tenho Tikkanen luovuttivat yhdistyksen standaarin. <\/span><\/p>\n<p><span style=\"color: #000000; font-family: Calibri; font-size: medium;\">RSHY &#8211; kiitt\u00e4\u00e4 talkoov\u00e4ke\u00e4 ja toivottaa kaikille HYV\u00c4\u00c4 JA RAUHALLISTA JUHANNUSTA.<\/span><\/p>\n<p>&nbsp;<\/p>\n","protected":false},"excerpt":{"rendered":"<p>Jukolan motissa pidettiin 17.6.2015 juhannustalkoot. Motti -pirtin rakennukset maalattiin tuhka-asita asetettiin paikalleen ja paikat siivottiin. Nyt paikka on valmis vastaanottamaan juhannusvieraita. Tilojen ohjeistusta t\u00e4ydennettiin, niihin kannattaa tutustua paikanp\u00e4\u00e4ll\u00e4. Y\u00f6tt\u00f6m\u00e4n y\u00f6n <a class=\"more-link\" href=\"http:\/\/www.rukajarvensuunnanhistoriayhdistys.fi\/historiayhdistys\/jukolan-motti-pirtti-valmiina-ottamaan-vastaan-juhannusvieraita\/\">Teksti jatkuu&#8230;<span class=\"screen-reader-text\">Jukolan motti -pirtti &#8211; valmiina &#8211; ottamaan vastaan juhannusvieraita<\/span><span class=\"meta-nav\">\u2192<\/span><\/a><\/p>\n","protected":false},"author":3,"featured_media":10072,"comment_status":"closed","ping_status":"open","sticky":false,"template":"","format":"standard","meta":{"footnotes":""},"categories":[22],"tags":[],"class_list":["post-10071","post","type-post","status-publish","format-standard","has-post-thumbnail","hentry","category-ajankohtaista"],"yoast_head":"<!-- This site is optimized with the Yoast SEO plugin v27.4 - https:\/\/yoast.com\/product\/yoast-seo-wordpress\/ -->\n<title>Jukolan motti -pirtti - valmiina - ottamaan vastaan juhannusvieraita - Rukaj\u00e4rven suunnan historiayhdistys<\/title>\n<meta name=\"robots\" content=\"index, follow, max-snippet:-1, max-image-preview:large, max-video-preview:-1\" \/>\n<link rel=\"canonical\" href=\"https:\/\/www.rukajarvensuunnanhistoriayhdistys.fi\/historiayhdistys\/jukolan-motti-pirtti-valmiina-ottamaan-vastaan-juhannusvieraita\/\" \/>\n<meta property=\"og:locale\" content=\"fi_FI\" \/>\n<meta property=\"og:type\" content=\"article\" \/>\n<meta property=\"og:title\" content=\"Jukolan motti -pirtti - valmiina - ottamaan vastaan juhannusvieraita - Rukaj\u00e4rven suunnan historiayhdistys\" \/>\n<meta property=\"og:description\" content=\"Jukolan motissa pidettiin 17.6.2015 juhannustalkoot. Motti -pirtin rakennukset maalattiin tuhka-asita asetettiin paikalleen ja paikat siivottiin. Nyt paikka on valmis vastaanottamaan juhannusvieraita. Tilojen ohjeistusta t\u00e4ydennettiin, niihin kannattaa tutustua paikanp\u00e4\u00e4ll\u00e4. Y\u00f6tt\u00f6m\u00e4n y\u00f6n Teksti jatkuu...Jukolan motti -pirtti &#8211; valmiina &#8211; ottamaan vastaan juhannusvieraita\u2192\" \/>\n<meta property=\"og:url\" content=\"https:\/\/www.rukajarvensuunnanhistoriayhdistys.fi\/historiayhdistys\/jukolan-motti-pirtti-valmiina-ottamaan-vastaan-juhannusvieraita\/\" \/>\n<meta property=\"og:site_name\" content=\"Rukaj\u00e4rven suunnan historiayhdistys\" \/>\n<meta property=\"article:published_time\" content=\"2015-06-18T05:48:05+00:00\" \/>\n<meta property=\"article:modified_time\" content=\"2015-06-18T05:50:24+00:00\" \/>\n<meta property=\"og:image\" content=\"https:\/\/www.rukajarvensuunnanhistoriayhdistys.fi\/historiayhdistys\/wp-content\/uploads\/2015\/06\/DSC00956-Jukolan-motti-1024x676.jpg\" \/>\n\t<meta property=\"og:image:width\" content=\"1024\" \/>\n\t<meta property=\"og:image:height\" content=\"676\" \/>\n\t<meta property=\"og:image:type\" content=\"image\/jpeg\" \/>\n<meta name=\"author\" content=\"RSHY\" \/>\n<meta name=\"twitter:label1\" content=\"Kirjoittanut\" \/>\n\t<meta name=\"twitter:data1\" content=\"RSHY\" \/>\n\t<meta name=\"twitter:label2\" content=\"Arvioitu lukuaika\" \/>\n\t<meta name=\"twitter:data2\" content=\"1 minuutti\" \/>\n<script type=\"application\/ld+json\" class=\"yoast-schema-graph\">{\"@context\":\"https:\\\/\\\/schema.org\",\"@graph\":[{\"@type\":\"Article\",\"@id\":\"https:\\\/\\\/www.rukajarvensuunnanhistoriayhdistys.fi\\\/historiayhdistys\\\/jukolan-motti-pirtti-valmiina-ottamaan-vastaan-juhannusvieraita\\\/#article\",\"isPartOf\":{\"@id\":\"https:\\\/\\\/www.rukajarvensuunnanhistoriayhdistys.fi\\\/historiayhdistys\\\/jukolan-motti-pirtti-valmiina-ottamaan-vastaan-juhannusvieraita\\\/\"},\"author\":{\"name\":\"RSHY\",\"@id\":\"http:\\\/\\\/www.rukajarvensuunnanhistoriayhdistys.fi\\\/historiayhdistys\\\/#\\\/schema\\\/person\\\/19de7db68bf72dfd2b5d7f6dfbf8454d\"},\"headline\":\"Jukolan motti -pirtti &#8211; valmiina &#8211; ottamaan vastaan juhannusvieraita\",\"datePublished\":\"2015-06-18T05:48:05+00:00\",\"dateModified\":\"2015-06-18T05:50:24+00:00\",\"mainEntityOfPage\":{\"@id\":\"https:\\\/\\\/www.rukajarvensuunnanhistoriayhdistys.fi\\\/historiayhdistys\\\/jukolan-motti-pirtti-valmiina-ottamaan-vastaan-juhannusvieraita\\\/\"},\"wordCount\":209,\"publisher\":{\"@id\":\"http:\\\/\\\/www.rukajarvensuunnanhistoriayhdistys.fi\\\/historiayhdistys\\\/#organization\"},\"image\":{\"@id\":\"https:\\\/\\\/www.rukajarvensuunnanhistoriayhdistys.fi\\\/historiayhdistys\\\/jukolan-motti-pirtti-valmiina-ottamaan-vastaan-juhannusvieraita\\\/#primaryimage\"},\"thumbnailUrl\":\"http:\\\/\\\/www.rukajarvensuunnanhistoriayhdistys.fi\\\/historiayhdistys\\\/wp-content\\\/uploads\\\/2015\\\/06\\\/DSC00956-Jukolan-motti.jpg\",\"articleSection\":[\"Ajankohtaista\"],\"inLanguage\":\"fi\"},{\"@type\":\"WebPage\",\"@id\":\"https:\\\/\\\/www.rukajarvensuunnanhistoriayhdistys.fi\\\/historiayhdistys\\\/jukolan-motti-pirtti-valmiina-ottamaan-vastaan-juhannusvieraita\\\/\",\"url\":\"https:\\\/\\\/www.rukajarvensuunnanhistoriayhdistys.fi\\\/historiayhdistys\\\/jukolan-motti-pirtti-valmiina-ottamaan-vastaan-juhannusvieraita\\\/\",\"name\":\"Jukolan motti -pirtti - valmiina - ottamaan vastaan juhannusvieraita - Rukaj\u00e4rven suunnan historiayhdistys\",\"isPartOf\":{\"@id\":\"http:\\\/\\\/www.rukajarvensuunnanhistoriayhdistys.fi\\\/historiayhdistys\\\/#website\"},\"primaryImageOfPage\":{\"@id\":\"https:\\\/\\\/www.rukajarvensuunnanhistoriayhdistys.fi\\\/historiayhdistys\\\/jukolan-motti-pirtti-valmiina-ottamaan-vastaan-juhannusvieraita\\\/#primaryimage\"},\"image\":{\"@id\":\"https:\\\/\\\/www.rukajarvensuunnanhistoriayhdistys.fi\\\/historiayhdistys\\\/jukolan-motti-pirtti-valmiina-ottamaan-vastaan-juhannusvieraita\\\/#primaryimage\"},\"thumbnailUrl\":\"http:\\\/\\\/www.rukajarvensuunnanhistoriayhdistys.fi\\\/historiayhdistys\\\/wp-content\\\/uploads\\\/2015\\\/06\\\/DSC00956-Jukolan-motti.jpg\",\"datePublished\":\"2015-06-18T05:48:05+00:00\",\"dateModified\":\"2015-06-18T05:50:24+00:00\",\"breadcrumb\":{\"@id\":\"https:\\\/\\\/www.rukajarvensuunnanhistoriayhdistys.fi\\\/historiayhdistys\\\/jukolan-motti-pirtti-valmiina-ottamaan-vastaan-juhannusvieraita\\\/#breadcrumb\"},\"inLanguage\":\"fi\",\"potentialAction\":[{\"@type\":\"ReadAction\",\"target\":[\"https:\\\/\\\/www.rukajarvensuunnanhistoriayhdistys.fi\\\/historiayhdistys\\\/jukolan-motti-pirtti-valmiina-ottamaan-vastaan-juhannusvieraita\\\/\"]}]},{\"@type\":\"ImageObject\",\"inLanguage\":\"fi\",\"@id\":\"https:\\\/\\\/www.rukajarvensuunnanhistoriayhdistys.fi\\\/historiayhdistys\\\/jukolan-motti-pirtti-valmiina-ottamaan-vastaan-juhannusvieraita\\\/#primaryimage\",\"url\":\"http:\\\/\\\/www.rukajarvensuunnanhistoriayhdistys.fi\\\/historiayhdistys\\\/wp-content\\\/uploads\\\/2015\\\/06\\\/DSC00956-Jukolan-motti.jpg\",\"contentUrl\":\"http:\\\/\\\/www.rukajarvensuunnanhistoriayhdistys.fi\\\/historiayhdistys\\\/wp-content\\\/uploads\\\/2015\\\/06\\\/DSC00956-Jukolan-motti.jpg\",\"width\":4460,\"height\":2944,\"caption\":\"Talkoomihet, Mauri M\u00f6nkk\u00f6nen, Heikki Turunen ja Raimo Saviranta. Erkki Turunen k\u00e4vi tasoittamassa piha-alueet. Kuva Tenho Tikkanen.\"},{\"@type\":\"BreadcrumbList\",\"@id\":\"https:\\\/\\\/www.rukajarvensuunnanhistoriayhdistys.fi\\\/historiayhdistys\\\/jukolan-motti-pirtti-valmiina-ottamaan-vastaan-juhannusvieraita\\\/#breadcrumb\",\"itemListElement\":[{\"@type\":\"ListItem\",\"position\":1,\"name\":\"Etusivu\",\"item\":\"http:\\\/\\\/www.rukajarvensuunnanhistoriayhdistys.fi\\\/historiayhdistys\\\/\"},{\"@type\":\"ListItem\",\"position\":2,\"name\":\"Jukolan motti -pirtti &#8211; valmiina &#8211; ottamaan vastaan juhannusvieraita\"}]},{\"@type\":\"WebSite\",\"@id\":\"http:\\\/\\\/www.rukajarvensuunnanhistoriayhdistys.fi\\\/historiayhdistys\\\/#website\",\"url\":\"http:\\\/\\\/www.rukajarvensuunnanhistoriayhdistys.fi\\\/historiayhdistys\\\/\",\"name\":\"Rukaj\u00e4rven suunnan historiayhdistys\",\"description\":\"Rukaj\u00e4rven suunnan historiayhdistyksen verkkosivut.\",\"publisher\":{\"@id\":\"http:\\\/\\\/www.rukajarvensuunnanhistoriayhdistys.fi\\\/historiayhdistys\\\/#organization\"},\"potentialAction\":[{\"@type\":\"SearchAction\",\"target\":{\"@type\":\"EntryPoint\",\"urlTemplate\":\"http:\\\/\\\/www.rukajarvensuunnanhistoriayhdistys.fi\\\/historiayhdistys\\\/?s={search_term_string}\"},\"query-input\":{\"@type\":\"PropertyValueSpecification\",\"valueRequired\":true,\"valueName\":\"search_term_string\"}}],\"inLanguage\":\"fi\"},{\"@type\":\"Organization\",\"@id\":\"http:\\\/\\\/www.rukajarvensuunnanhistoriayhdistys.fi\\\/historiayhdistys\\\/#organization\",\"name\":\"Rukaj\u00e4rven suunnan historiayhdistys\",\"url\":\"http:\\\/\\\/www.rukajarvensuunnanhistoriayhdistys.fi\\\/historiayhdistys\\\/\",\"logo\":{\"@type\":\"ImageObject\",\"inLanguage\":\"fi\",\"@id\":\"http:\\\/\\\/www.rukajarvensuunnanhistoriayhdistys.fi\\\/historiayhdistys\\\/#\\\/schema\\\/logo\\\/image\\\/\",\"url\":\"http:\\\/\\\/www.rukajarvensuunnanhistoriayhdistys.fi\\\/historiayhdistys\\\/wp-content\\\/uploads\\\/2013\\\/12\\\/Otsake_3.jpg\",\"contentUrl\":\"http:\\\/\\\/www.rukajarvensuunnanhistoriayhdistys.fi\\\/historiayhdistys\\\/wp-content\\\/uploads\\\/2013\\\/12\\\/Otsake_3.jpg\",\"width\":1000,\"height\":442,\"caption\":\"Rukaj\u00e4rven suunnan historiayhdistys\"},\"image\":{\"@id\":\"http:\\\/\\\/www.rukajarvensuunnanhistoriayhdistys.fi\\\/historiayhdistys\\\/#\\\/schema\\\/logo\\\/image\\\/\"}},{\"@type\":\"Person\",\"@id\":\"http:\\\/\\\/www.rukajarvensuunnanhistoriayhdistys.fi\\\/historiayhdistys\\\/#\\\/schema\\\/person\\\/19de7db68bf72dfd2b5d7f6dfbf8454d\",\"name\":\"RSHY\",\"image\":{\"@type\":\"ImageObject\",\"inLanguage\":\"fi\",\"@id\":\"https:\\\/\\\/secure.gravatar.com\\\/avatar\\\/598d59263a69cc8de65fcb4f9db78d6f58c098cb0e0ba22d73377441af9fa04c?s=96&d=blank&r=g\",\"url\":\"https:\\\/\\\/secure.gravatar.com\\\/avatar\\\/598d59263a69cc8de65fcb4f9db78d6f58c098cb0e0ba22d73377441af9fa04c?s=96&d=blank&r=g\",\"contentUrl\":\"https:\\\/\\\/secure.gravatar.com\\\/avatar\\\/598d59263a69cc8de65fcb4f9db78d6f58c098cb0e0ba22d73377441af9fa04c?s=96&d=blank&r=g\",\"caption\":\"RSHY\"},\"url\":\"http:\\\/\\\/www.rukajarvensuunnanhistoriayhdistys.fi\\\/historiayhdistys\\\/author\\\/rshy\\\/\"}]}<\/script>\n<!-- \/ Yoast SEO plugin. -->","yoast_head_json":{"title":"Jukolan motti -pirtti - valmiina - ottamaan vastaan juhannusvieraita - Rukaj\u00e4rven suunnan historiayhdistys","robots":{"index":"index","follow":"follow","max-snippet":"max-snippet:-1","max-image-preview":"max-image-preview:large","max-video-preview":"max-video-preview:-1"},"canonical":"https:\/\/www.rukajarvensuunnanhistoriayhdistys.fi\/historiayhdistys\/jukolan-motti-pirtti-valmiina-ottamaan-vastaan-juhannusvieraita\/","og_locale":"fi_FI","og_type":"article","og_title":"Jukolan motti -pirtti - valmiina - ottamaan vastaan juhannusvieraita - Rukaj\u00e4rven suunnan historiayhdistys","og_description":"Jukolan motissa pidettiin 17.6.2015 juhannustalkoot. Motti -pirtin rakennukset maalattiin tuhka-asita asetettiin paikalleen ja paikat siivottiin. Nyt paikka on valmis vastaanottamaan juhannusvieraita. Tilojen ohjeistusta t\u00e4ydennettiin, niihin kannattaa tutustua paikanp\u00e4\u00e4ll\u00e4. Y\u00f6tt\u00f6m\u00e4n y\u00f6n Teksti jatkuu...Jukolan motti -pirtti &#8211; valmiina &#8211; ottamaan vastaan juhannusvieraita\u2192","og_url":"https:\/\/www.rukajarvensuunnanhistoriayhdistys.fi\/historiayhdistys\/jukolan-motti-pirtti-valmiina-ottamaan-vastaan-juhannusvieraita\/","og_site_name":"Rukaj\u00e4rven suunnan historiayhdistys","article_published_time":"2015-06-18T05:48:05+00:00","article_modified_time":"2015-06-18T05:50:24+00:00","og_image":[{"width":1024,"height":676,"url":"https:\/\/www.rukajarvensuunnanhistoriayhdistys.fi\/historiayhdistys\/wp-content\/uploads\/2015\/06\/DSC00956-Jukolan-motti-1024x676.jpg","type":"image\/jpeg"}],"author":"RSHY","twitter_misc":{"Kirjoittanut":"RSHY","Arvioitu lukuaika":"1 minuutti"},"schema":{"@context":"https:\/\/schema.org","@graph":[{"@type":"Article","@id":"https:\/\/www.rukajarvensuunnanhistoriayhdistys.fi\/historiayhdistys\/jukolan-motti-pirtti-valmiina-ottamaan-vastaan-juhannusvieraita\/#article","isPartOf":{"@id":"https:\/\/www.rukajarvensuunnanhistoriayhdistys.fi\/historiayhdistys\/jukolan-motti-pirtti-valmiina-ottamaan-vastaan-juhannusvieraita\/"},"author":{"name":"RSHY","@id":"http:\/\/www.rukajarvensuunnanhistoriayhdistys.fi\/historiayhdistys\/#\/schema\/person\/19de7db68bf72dfd2b5d7f6dfbf8454d"},"headline":"Jukolan motti -pirtti &#8211; valmiina &#8211; ottamaan vastaan juhannusvieraita","datePublished":"2015-06-18T05:48:05+00:00","dateModified":"2015-06-18T05:50:24+00:00","mainEntityOfPage":{"@id":"https:\/\/www.rukajarvensuunnanhistoriayhdistys.fi\/historiayhdistys\/jukolan-motti-pirtti-valmiina-ottamaan-vastaan-juhannusvieraita\/"},"wordCount":209,"publisher":{"@id":"http:\/\/www.rukajarvensuunnanhistoriayhdistys.fi\/historiayhdistys\/#organization"},"image":{"@id":"https:\/\/www.rukajarvensuunnanhistoriayhdistys.fi\/historiayhdistys\/jukolan-motti-pirtti-valmiina-ottamaan-vastaan-juhannusvieraita\/#primaryimage"},"thumbnailUrl":"http:\/\/www.rukajarvensuunnanhistoriayhdistys.fi\/historiayhdistys\/wp-content\/uploads\/2015\/06\/DSC00956-Jukolan-motti.jpg","articleSection":["Ajankohtaista"],"inLanguage":"fi"},{"@type":"WebPage","@id":"https:\/\/www.rukajarvensuunnanhistoriayhdistys.fi\/historiayhdistys\/jukolan-motti-pirtti-valmiina-ottamaan-vastaan-juhannusvieraita\/","url":"https:\/\/www.rukajarvensuunnanhistoriayhdistys.fi\/historiayhdistys\/jukolan-motti-pirtti-valmiina-ottamaan-vastaan-juhannusvieraita\/","name":"Jukolan motti -pirtti - valmiina - ottamaan vastaan juhannusvieraita - Rukaj\u00e4rven suunnan historiayhdistys","isPartOf":{"@id":"http:\/\/www.rukajarvensuunnanhistoriayhdistys.fi\/historiayhdistys\/#website"},"primaryImageOfPage":{"@id":"https:\/\/www.rukajarvensuunnanhistoriayhdistys.fi\/historiayhdistys\/jukolan-motti-pirtti-valmiina-ottamaan-vastaan-juhannusvieraita\/#primaryimage"},"image":{"@id":"https:\/\/www.rukajarvensuunnanhistoriayhdistys.fi\/historiayhdistys\/jukolan-motti-pirtti-valmiina-ottamaan-vastaan-juhannusvieraita\/#primaryimage"},"thumbnailUrl":"http:\/\/www.rukajarvensuunnanhistoriayhdistys.fi\/historiayhdistys\/wp-content\/uploads\/2015\/06\/DSC00956-Jukolan-motti.jpg","datePublished":"2015-06-18T05:48:05+00:00","dateModified":"2015-06-18T05:50:24+00:00","breadcrumb":{"@id":"https:\/\/www.rukajarvensuunnanhistoriayhdistys.fi\/historiayhdistys\/jukolan-motti-pirtti-valmiina-ottamaan-vastaan-juhannusvieraita\/#breadcrumb"},"inLanguage":"fi","potentialAction":[{"@type":"ReadAction","target":["https:\/\/www.rukajarvensuunnanhistoriayhdistys.fi\/historiayhdistys\/jukolan-motti-pirtti-valmiina-ottamaan-vastaan-juhannusvieraita\/"]}]},{"@type":"ImageObject","inLanguage":"fi","@id":"https:\/\/www.rukajarvensuunnanhistoriayhdistys.fi\/historiayhdistys\/jukolan-motti-pirtti-valmiina-ottamaan-vastaan-juhannusvieraita\/#primaryimage","url":"http:\/\/www.rukajarvensuunnanhistoriayhdistys.fi\/historiayhdistys\/wp-content\/uploads\/2015\/06\/DSC00956-Jukolan-motti.jpg","contentUrl":"http:\/\/www.rukajarvensuunnanhistoriayhdistys.fi\/historiayhdistys\/wp-content\/uploads\/2015\/06\/DSC00956-Jukolan-motti.jpg","width":4460,"height":2944,"caption":"Talkoomihet, Mauri M\u00f6nkk\u00f6nen, Heikki Turunen ja Raimo Saviranta. Erkki Turunen k\u00e4vi tasoittamassa piha-alueet. Kuva Tenho Tikkanen."},{"@type":"BreadcrumbList","@id":"https:\/\/www.rukajarvensuunnanhistoriayhdistys.fi\/historiayhdistys\/jukolan-motti-pirtti-valmiina-ottamaan-vastaan-juhannusvieraita\/#breadcrumb","itemListElement":[{"@type":"ListItem","position":1,"name":"Etusivu","item":"http:\/\/www.rukajarvensuunnanhistoriayhdistys.fi\/historiayhdistys\/"},{"@type":"ListItem","position":2,"name":"Jukolan motti -pirtti &#8211; valmiina &#8211; ottamaan vastaan juhannusvieraita"}]},{"@type":"WebSite","@id":"http:\/\/www.rukajarvensuunnanhistoriayhdistys.fi\/historiayhdistys\/#website","url":"http:\/\/www.rukajarvensuunnanhistoriayhdistys.fi\/historiayhdistys\/","name":"Rukaj\u00e4rven suunnan historiayhdistys","description":"Rukaj\u00e4rven suunnan historiayhdistyksen verkkosivut.","publisher":{"@id":"http:\/\/www.rukajarvensuunnanhistoriayhdistys.fi\/historiayhdistys\/#organization"},"potentialAction":[{"@type":"SearchAction","target":{"@type":"EntryPoint","urlTemplate":"http:\/\/www.rukajarvensuunnanhistoriayhdistys.fi\/historiayhdistys\/?s={search_term_string}"},"query-input":{"@type":"PropertyValueSpecification","valueRequired":true,"valueName":"search_term_string"}}],"inLanguage":"fi"},{"@type":"Organization","@id":"http:\/\/www.rukajarvensuunnanhistoriayhdistys.fi\/historiayhdistys\/#organization","name":"Rukaj\u00e4rven suunnan historiayhdistys","url":"http:\/\/www.rukajarvensuunnanhistoriayhdistys.fi\/historiayhdistys\/","logo":{"@type":"ImageObject","inLanguage":"fi","@id":"http:\/\/www.rukajarvensuunnanhistoriayhdistys.fi\/historiayhdistys\/#\/schema\/logo\/image\/","url":"http:\/\/www.rukajarvensuunnanhistoriayhdistys.fi\/historiayhdistys\/wp-content\/uploads\/2013\/12\/Otsake_3.jpg","contentUrl":"http:\/\/www.rukajarvensuunnanhistoriayhdistys.fi\/historiayhdistys\/wp-content\/uploads\/2013\/12\/Otsake_3.jpg","width":1000,"height":442,"caption":"Rukaj\u00e4rven suunnan historiayhdistys"},"image":{"@id":"http:\/\/www.rukajarvensuunnanhistoriayhdistys.fi\/historiayhdistys\/#\/schema\/logo\/image\/"}},{"@type":"Person","@id":"http:\/\/www.rukajarvensuunnanhistoriayhdistys.fi\/historiayhdistys\/#\/schema\/person\/19de7db68bf72dfd2b5d7f6dfbf8454d","name":"RSHY","image":{"@type":"ImageObject","inLanguage":"fi","@id":"https:\/\/secure.gravatar.com\/avatar\/598d59263a69cc8de65fcb4f9db78d6f58c098cb0e0ba22d73377441af9fa04c?s=96&d=blank&r=g","url":"https:\/\/secure.gravatar.com\/avatar\/598d59263a69cc8de65fcb4f9db78d6f58c098cb0e0ba22d73377441af9fa04c?s=96&d=blank&r=g","contentUrl":"https:\/\/secure.gravatar.com\/avatar\/598d59263a69cc8de65fcb4f9db78d6f58c098cb0e0ba22d73377441af9fa04c?s=96&d=blank&r=g","caption":"RSHY"},"url":"http:\/\/www.rukajarvensuunnanhistoriayhdistys.fi\/historiayhdistys\/author\/rshy\/"}]}},"_links":{"self":[{"href":"http:\/\/www.rukajarvensuunnanhistoriayhdistys.fi\/historiayhdistys\/wp-json\/wp\/v2\/posts\/10071","targetHints":{"allow":["GET"]}}],"collection":[{"href":"http:\/\/www.rukajarvensuunnanhistoriayhdistys.fi\/historiayhdistys\/wp-json\/wp\/v2\/posts"}],"about":[{"href":"http:\/\/www.rukajarvensuunnanhistoriayhdistys.fi\/historiayhdistys\/wp-json\/wp\/v2\/types\/post"}],"author":[{"embeddable":true,"href":"http:\/\/www.rukajarvensuunnanhistoriayhdistys.fi\/historiayhdistys\/wp-json\/wp\/v2\/users\/3"}],"replies":[{"embeddable":true,"href":"http:\/\/www.rukajarvensuunnanhistoriayhdistys.fi\/historiayhdistys\/wp-json\/wp\/v2\/comments?post=10071"}],"version-history":[{"count":1,"href":"http:\/\/www.rukajarvensuunnanhistoriayhdistys.fi\/historiayhdistys\/wp-json\/wp\/v2\/posts\/10071\/revisions"}],"predecessor-version":[{"id":10076,"href":"http:\/\/www.rukajarvensuunnanhistoriayhdistys.fi\/historiayhdistys\/wp-json\/wp\/v2\/posts\/10071\/revisions\/10076"}],"wp:featuredmedia":[{"embeddable":true,"href":"http:\/\/www.rukajarvensuunnanhistoriayhdistys.fi\/historiayhdistys\/wp-json\/wp\/v2\/media\/10072"}],"wp:attachment":[{"href":"http:\/\/www.rukajarvensuunnanhistoriayhdistys.fi\/historiayhdistys\/wp-json\/wp\/v2\/media?parent=10071"}],"wp:term":[{"taxonomy":"category","embeddable":true,"href":"http:\/\/www.rukajarvensuunnanhistoriayhdistys.fi\/historiayhdistys\/wp-json\/wp\/v2\/categories?post=10071"},{"taxonomy":"post_tag","embeddable":true,"href":"http:\/\/www.rukajarvensuunnanhistoriayhdistys.fi\/historiayhdistys\/wp-json\/wp\/v2\/tags?post=10071"}],"curies":[{"name":"wp","href":"https:\/\/api.w.org\/{rel}","templated":true}]}}