{"id":10080,"date":"2015-07-22T07:52:51","date_gmt":"2015-07-22T04:52:51","guid":{"rendered":"http:\/\/www.rukajarvensuunnanhistoriayhdistys.fi\/historiayhdistys\/?p=10080"},"modified":"2015-07-22T07:51:44","modified_gmt":"2015-07-22T04:51:44","slug":"kainuun-prikaati-saapuu-viljo-messuille-25-7-2015-myos-rshy-lla-nayttelyosasto","status":"publish","type":"post","link":"http:\/\/www.rukajarvensuunnanhistoriayhdistys.fi\/historiayhdistys\/kainuun-prikaati-saapuu-viljo-messuille-25-7-2015-myos-rshy-lla-nayttelyosasto\/","title":{"rendered":"Kainuun prikaati saapuu Viljo-messuille Kiuruvedelle 25.7.2015 &#8211; my\u00f6s RSHY:ll\u00e4 n\u00e4yttelyosasto"},"content":{"rendered":"<div class=\"fcbkbttn_buttons_block\" id=\"fcbkbttn_left\"><div class=\"fcbkbttn_like \"><fb:like href=\"http:\/\/www.rukajarvensuunnanhistoriayhdistys.fi\/historiayhdistys\/kainuun-prikaati-saapuu-viljo-messuille-25-7-2015-myos-rshy-lla-nayttelyosasto\/\" action=\"like\" colorscheme=\"light\" layout=\"button_count\"  size=\"small\"><\/fb:like><\/div><\/div><p>Kainuun prikaati esitt\u00e4ytyy Viljo messuilla. Esittelypaikka on urheilukent\u00e4n viereisell\u00e4 nurmikolla n\u00e4yttelypaikoilla 12-13. Halukkaat saavat kokeilla ns. eko-aseita ja lis\u00e4ksi prikaatin edustajat esittelev\u00e4t puolustusvoimien toimintaa.<\/p>\n<p>Esittelypiste on avoinna yleis\u00f6lle 25.7.2015 klo 10:00-16:00 v\u00e4lisen\u00e4 aikana.<\/p>\n<figure id=\"attachment_10084\" aria-describedby=\"caption-attachment-10084\" style=\"width: 3036px\" class=\"wp-caption alignnone\"><a href=\"http:\/\/www.rukajarvensuunnanhistoriayhdistys.fi\/historiayhdistys\/wp-content\/uploads\/2015\/06\/Viljo-messut-n\u00e4yttelypaikka.jpg\"><img loading=\"lazy\" decoding=\"async\" class=\"wp-image-10084 size-full\" src=\"http:\/\/www.rukajarvensuunnanhistoriayhdistys.fi\/historiayhdistys\/wp-content\/uploads\/2015\/06\/Viljo-messut-n\u00e4yttelypaikka.jpg\" alt=\"KaiPr ja RSHY -n\u00e4yttelyosastot vierekk\u00e4in, jossa on myyt\u00e4v\u00e4n\u00e4 yhdistyksen julkaisemia kirjoja mm. uunituoreita Rukaj\u00e4rven karttakirjaa ja Raappanan nyrkki\u00e4. Osastot 11 ja 12-13.\" width=\"3036\" height=\"2364\" data-id=\"10084\" srcset=\"http:\/\/www.rukajarvensuunnanhistoriayhdistys.fi\/historiayhdistys\/wp-content\/uploads\/2015\/06\/Viljo-messut-n\u00e4yttelypaikka.jpg 3036w, http:\/\/www.rukajarvensuunnanhistoriayhdistys.fi\/historiayhdistys\/wp-content\/uploads\/2015\/06\/Viljo-messut-n\u00e4yttelypaikka-300x234.jpg 300w, http:\/\/www.rukajarvensuunnanhistoriayhdistys.fi\/historiayhdistys\/wp-content\/uploads\/2015\/06\/Viljo-messut-n\u00e4yttelypaikka-1024x797.jpg 1024w\" sizes=\"auto, (max-width: 3036px) 100vw, 3036px\" \/><\/a><figcaption id=\"caption-attachment-10084\" class=\"wp-caption-text\">KaiPr ja RSHY -n\u00e4yttelyosastot ovat vierekk\u00e4in, jossa on myyt\u00e4v\u00e4n\u00e4 yhdistyksen julkaisemia kirjoja mm. uunituoreita Rukaj\u00e4rven karttakirjaa ja Raappanan nyrkki\u00e4. Osastot 11 ja 12-13.<\/figcaption><\/figure>\n<p>KaiPr jakaa tilaisuudessa yleistietoa Kainuun Prikaatista. Tarjolla on halukkalle ja kiinnostuneille my\u00f6s joukko-osaston Hurtti-Ukko- sek\u00e4 Ruotuv\u00e4ki-lehte\u00e4.<\/p>\n<p><a href=\"http:\/\/www.rukajarvensuunnanhistoriayhdistys.fi\/historiayhdistys\/wp-content\/uploads\/2015\/06\/kainuun_prikaati1.jpg\"><img loading=\"lazy\" decoding=\"async\" class=\"alignnone wp-image-10083 size-full\" src=\"http:\/\/www.rukajarvensuunnanhistoriayhdistys.fi\/historiayhdistys\/wp-content\/uploads\/2015\/06\/kainuun_prikaati1.jpg\" alt=\"kainuun_prikaati[1]\" width=\"1020\" height=\"444\" data-id=\"10083\" srcset=\"http:\/\/www.rukajarvensuunnanhistoriayhdistys.fi\/historiayhdistys\/wp-content\/uploads\/2015\/06\/kainuun_prikaati1.jpg 1020w, http:\/\/www.rukajarvensuunnanhistoriayhdistys.fi\/historiayhdistys\/wp-content\/uploads\/2015\/06\/kainuun_prikaati1-300x131.jpg 300w\" sizes=\"auto, (max-width: 1020px) 100vw, 1020px\" \/><\/a><\/p>\n<p><a href=\"http:\/\/www.rukajarvensuunnanhistoriayhdistys.fi\/historiayhdistys\/wp-content\/uploads\/2015\/06\/Eko-aims-2.jpg\"><img loading=\"lazy\" decoding=\"async\" class=\"alignnone wp-image-10082 size-full\" src=\"http:\/\/www.rukajarvensuunnanhistoriayhdistys.fi\/historiayhdistys\/wp-content\/uploads\/2015\/06\/Eko-aims-2.jpg\" alt=\"Eko aims (2)\" width=\"615\" height=\"158\" data-id=\"10082\" srcset=\"http:\/\/www.rukajarvensuunnanhistoriayhdistys.fi\/historiayhdistys\/wp-content\/uploads\/2015\/06\/Eko-aims-2.jpg 615w, http:\/\/www.rukajarvensuunnanhistoriayhdistys.fi\/historiayhdistys\/wp-content\/uploads\/2015\/06\/Eko-aims-2-300x77.jpg 300w\" sizes=\"auto, (max-width: 615px) 100vw, 615px\" \/><\/a><\/p>\n<p>Yleis\u00f6ll\u00e4 on mahdollisuuden kokeilla ampumataitoa eko-aseella. J\u00e4rjestelm\u00e4 on s\u00e4hk\u00f6inen, eik\u00e4 vaadi mit\u00e4\u00e4n erityisi\u00e4 &#8221;turvallisuusj\u00e4rjestelyit\u00e4&#8221;.\u00a0Rynn\u00e4kk\u00f6kiv\u00e4\u00e4rin aihioon rakennettua Eko-Aims-simulaattori, joka on tarkoitettu varusmiesten ampumataidon harjoittamiseen ja kehitt\u00e4miseen. Simulaattori on ollut k\u00e4yt\u00f6ss\u00e4 kaikissa perusyksik\u00f6iss\u00e4.<\/p>\n<p>Kainuun prikaatin viereiselle osastolle sijoittuu Rukaj\u00e4rven suunnan historiayhdistys, joka esittelee toimintaansa. Esittelytilasta voivat halukkaat ostaa my\u00f6s yhdistyksen julkaisemia kirjoja. Esittelyteltta on avoinna kaikkina p\u00e4ivin\u00e4 23.-25.7.2015 klo 10-16 v\u00e4lisen ajan.<\/p>\n<p>Kainuun prikaatin sodanaikainen perinnejoukko-osasto on 14. divisioona, jonka perinteit\u00e4 my\u00f6s Rukaj\u00e4rven suunnan historiayhdistys vaalii.<\/p>\n<p>&nbsp;<\/p>\n<p><strong><strong>Radio-ohjattavan helikopterin lenton\u00e4yt\u00f6s &#8211; Viljo messuilla<\/strong><\/strong><\/p>\n<p>Multihelikoptereista on tullut suosittuja kuvausv\u00e4lineit\u00e4, joita k\u00e4ytet\u00e4\u00e4n uutistuotannossa, mainoskuvauksissa, matkailunedist\u00e4miseen ja my\u00f6s perhejuhlien kuvauksessa.<\/p>\n<figure id=\"attachment_10081\" aria-describedby=\"caption-attachment-10081\" style=\"width: 800px\" class=\"wp-caption alignnone\"><a href=\"http:\/\/www.rukajarvensuunnanhistoriayhdistys.fi\/historiayhdistys\/wp-content\/uploads\/2015\/06\/yuneec_q500-ja-tarvikkeet.jpg\"><img loading=\"lazy\" decoding=\"async\" class=\"wp-image-10081 size-full\" src=\"http:\/\/www.rukajarvensuunnanhistoriayhdistys.fi\/historiayhdistys\/wp-content\/uploads\/2015\/06\/yuneec_q500-ja-tarvikkeet.jpg\" alt=\"Rukaj\u00e4rven suunnan historiayhdistys k\u00e4ytt\u00e4\u00e4 oheista Yuneec Typhoon Q500+ ilmakuvauskopteria sotahistoriakohteitten kuvauksiin.\" width=\"800\" height=\"600\" data-id=\"10081\" srcset=\"http:\/\/www.rukajarvensuunnanhistoriayhdistys.fi\/historiayhdistys\/wp-content\/uploads\/2015\/06\/yuneec_q500-ja-tarvikkeet.jpg 800w, http:\/\/www.rukajarvensuunnanhistoriayhdistys.fi\/historiayhdistys\/wp-content\/uploads\/2015\/06\/yuneec_q500-ja-tarvikkeet-300x225.jpg 300w\" sizes=\"auto, (max-width: 800px) 100vw, 800px\" \/><\/a><figcaption id=\"caption-attachment-10081\" class=\"wp-caption-text\">Rukaj\u00e4rven suunnan historiayhdistys k\u00e4ytt\u00e4\u00e4 oheista Yuneec Typhoon Q500+ ilmakuvauskopteria sotahistoriakohteitten kuvauksiin.<\/figcaption><\/figure>\n<p>J\u00e4rjest\u00e4mme p\u00e4ivitt\u00e4in messualueen urheilukent\u00e4ll\u00e4 yhteisty\u00f6kumppanimme kanssa multihelikoptereitten lento- ja kuvausn\u00e4yt\u00f6ksen, johon voi osallistua Viljo-messujen p\u00e4\u00e4sylipulla.<\/p>\n<p>N\u00e4yt\u00f6s j\u00e4rjestet\u00e4\u00e4n jokaisena p\u00e4iv\u00e4n\u00e4 urheilukent\u00e4ll\u00e4, jonne kuvausaikana on p\u00e4\u00e4sy kielletty turvallisuussyist\u00e4. Helikopterin lenn\u00e4tys- ja kuvausesittelyn j\u00e4rjest\u00e4\u00e4 Rukaj\u00e4rven suunnan historiayhdistys ry. Lenton\u00e4yt\u00f6ksen k\u00e4yt\u00e4nn\u00f6n j\u00e4rjestelyt hoitaa Kiuruvedelt\u00e4 kotoisin oleva Jani Niskanen, jolla on vastaavasta toiminnasta kokemusta jo nelj\u00e4n vuoden ajalta.<\/p>\n<p><span style=\"color: #333333; font-family: 'Helvetica','sans-serif';\"><span style=\"font-size: medium;\">N\u00e4yt\u00f6s j\u00e4rjestet\u00e4\u00e4n jokaisena p\u00e4iv\u00e4n\u00e4 urheilukent\u00e4ll\u00e4, jonne kuvausaikana on p\u00e4\u00e4sy kielletty turvallisuussyist\u00e4. Helikopterin lenn\u00e4tys- ja kuvausesittelyn j\u00e4rjest\u00e4\u00e4 Rukaj\u00e4rven suunnan historiayhdistys ry. Lenton\u00e4yt\u00f6ksen k\u00e4yt\u00e4nn\u00f6n j\u00e4rjestelyt hoitaa Kiuruvedelt\u00e4 kotoisin oleva Jani Niskanen, jolla on vastaavasta toiminnasta kokemusta jo nelj\u00e4n vuoden ajalta.<\/span><\/span><\/p>\n<p>&nbsp;<\/p>\n<p>RSHY:n osastolla vierailee p\u00e4ivitt\u00e4in my\u00f6s Mannerheim, jota esitt\u00e4\u00e4 n\u00e4yttelij\u00e4 Mikko Remes.<\/p>\n<p>&nbsp;<\/p>\n","protected":false},"excerpt":{"rendered":"<p>Kainuun prikaati esitt\u00e4ytyy Viljo messuilla. Esittelypaikka on urheilukent\u00e4n viereisell\u00e4 nurmikolla n\u00e4yttelypaikoilla 12-13. Halukkaat saavat kokeilla ns. eko-aseita ja lis\u00e4ksi prikaatin edustajat esittelev\u00e4t puolustusvoimien toimintaa. Esittelypiste on avoinna yleis\u00f6lle 25.7.2015 klo <a class=\"more-link\" href=\"http:\/\/www.rukajarvensuunnanhistoriayhdistys.fi\/historiayhdistys\/kainuun-prikaati-saapuu-viljo-messuille-25-7-2015-myos-rshy-lla-nayttelyosasto\/\">Teksti jatkuu&#8230;<span class=\"screen-reader-text\">Kainuun prikaati saapuu Viljo-messuille Kiuruvedelle 25.7.2015 &#8211; my\u00f6s RSHY:ll\u00e4 n\u00e4yttelyosasto<\/span><span class=\"meta-nav\">\u2192<\/span><\/a><\/p>\n","protected":false},"author":3,"featured_media":10081,"comment_status":"closed","ping_status":"open","sticky":false,"template":"","format":"standard","meta":{"footnotes":""},"categories":[22],"tags":[],"class_list":["post-10080","post","type-post","status-publish","format-standard","has-post-thumbnail","hentry","category-ajankohtaista"],"yoast_head":"<!-- This site is optimized with the Yoast SEO plugin v27.4 - https:\/\/yoast.com\/product\/yoast-seo-wordpress\/ -->\n<title>Kainuun prikaati saapuu Viljo-messuille Kiuruvedelle 25.7.2015 - my\u00f6s RSHY:ll\u00e4 n\u00e4yttelyosasto - Rukaj\u00e4rven suunnan historiayhdistys<\/title>\n<meta name=\"robots\" content=\"index, follow, max-snippet:-1, max-image-preview:large, max-video-preview:-1\" \/>\n<link rel=\"canonical\" href=\"https:\/\/www.rukajarvensuunnanhistoriayhdistys.fi\/historiayhdistys\/kainuun-prikaati-saapuu-viljo-messuille-25-7-2015-myos-rshy-lla-nayttelyosasto\/\" \/>\n<meta property=\"og:locale\" content=\"fi_FI\" \/>\n<meta property=\"og:type\" content=\"article\" \/>\n<meta property=\"og:title\" content=\"Kainuun prikaati saapuu Viljo-messuille Kiuruvedelle 25.7.2015 - my\u00f6s RSHY:ll\u00e4 n\u00e4yttelyosasto - Rukaj\u00e4rven suunnan historiayhdistys\" \/>\n<meta property=\"og:description\" content=\"Kainuun prikaati esitt\u00e4ytyy Viljo messuilla. Esittelypaikka on urheilukent\u00e4n viereisell\u00e4 nurmikolla n\u00e4yttelypaikoilla 12-13. Halukkaat saavat kokeilla ns. eko-aseita ja lis\u00e4ksi prikaatin edustajat esittelev\u00e4t puolustusvoimien toimintaa. Esittelypiste on avoinna yleis\u00f6lle 25.7.2015 klo Teksti jatkuu...Kainuun prikaati saapuu Viljo-messuille Kiuruvedelle 25.7.2015 &#8211; my\u00f6s RSHY:ll\u00e4 n\u00e4yttelyosasto\u2192\" \/>\n<meta property=\"og:url\" content=\"https:\/\/www.rukajarvensuunnanhistoriayhdistys.fi\/historiayhdistys\/kainuun-prikaati-saapuu-viljo-messuille-25-7-2015-myos-rshy-lla-nayttelyosasto\/\" \/>\n<meta property=\"og:site_name\" content=\"Rukaj\u00e4rven suunnan historiayhdistys\" \/>\n<meta property=\"article:published_time\" content=\"2015-07-22T04:52:51+00:00\" \/>\n<meta property=\"og:image\" content=\"https:\/\/www.rukajarvensuunnanhistoriayhdistys.fi\/historiayhdistys\/wp-content\/uploads\/2015\/06\/yuneec_q500-ja-tarvikkeet.jpg\" \/>\n\t<meta property=\"og:image:width\" content=\"800\" \/>\n\t<meta property=\"og:image:height\" content=\"600\" \/>\n\t<meta property=\"og:image:type\" content=\"image\/jpeg\" \/>\n<meta name=\"author\" content=\"RSHY\" \/>\n<meta name=\"twitter:label1\" content=\"Kirjoittanut\" \/>\n\t<meta name=\"twitter:data1\" content=\"RSHY\" \/>\n\t<meta name=\"twitter:label2\" content=\"Arvioitu lukuaika\" \/>\n\t<meta name=\"twitter:data2\" content=\"2 minuuttia\" \/>\n<script type=\"application\/ld+json\" class=\"yoast-schema-graph\">{\"@context\":\"https:\\\/\\\/schema.org\",\"@graph\":[{\"@type\":\"Article\",\"@id\":\"https:\\\/\\\/www.rukajarvensuunnanhistoriayhdistys.fi\\\/historiayhdistys\\\/kainuun-prikaati-saapuu-viljo-messuille-25-7-2015-myos-rshy-lla-nayttelyosasto\\\/#article\",\"isPartOf\":{\"@id\":\"https:\\\/\\\/www.rukajarvensuunnanhistoriayhdistys.fi\\\/historiayhdistys\\\/kainuun-prikaati-saapuu-viljo-messuille-25-7-2015-myos-rshy-lla-nayttelyosasto\\\/\"},\"author\":{\"name\":\"RSHY\",\"@id\":\"http:\\\/\\\/www.rukajarvensuunnanhistoriayhdistys.fi\\\/historiayhdistys\\\/#\\\/schema\\\/person\\\/19de7db68bf72dfd2b5d7f6dfbf8454d\"},\"headline\":\"Kainuun prikaati saapuu Viljo-messuille Kiuruvedelle 25.7.2015 &#8211; my\u00f6s RSHY:ll\u00e4 n\u00e4yttelyosasto\",\"datePublished\":\"2015-07-22T04:52:51+00:00\",\"mainEntityOfPage\":{\"@id\":\"https:\\\/\\\/www.rukajarvensuunnanhistoriayhdistys.fi\\\/historiayhdistys\\\/kainuun-prikaati-saapuu-viljo-messuille-25-7-2015-myos-rshy-lla-nayttelyosasto\\\/\"},\"wordCount\":398,\"publisher\":{\"@id\":\"http:\\\/\\\/www.rukajarvensuunnanhistoriayhdistys.fi\\\/historiayhdistys\\\/#organization\"},\"image\":{\"@id\":\"https:\\\/\\\/www.rukajarvensuunnanhistoriayhdistys.fi\\\/historiayhdistys\\\/kainuun-prikaati-saapuu-viljo-messuille-25-7-2015-myos-rshy-lla-nayttelyosasto\\\/#primaryimage\"},\"thumbnailUrl\":\"http:\\\/\\\/www.rukajarvensuunnanhistoriayhdistys.fi\\\/historiayhdistys\\\/wp-content\\\/uploads\\\/2015\\\/06\\\/yuneec_q500-ja-tarvikkeet.jpg\",\"articleSection\":[\"Ajankohtaista\"],\"inLanguage\":\"fi\"},{\"@type\":\"WebPage\",\"@id\":\"https:\\\/\\\/www.rukajarvensuunnanhistoriayhdistys.fi\\\/historiayhdistys\\\/kainuun-prikaati-saapuu-viljo-messuille-25-7-2015-myos-rshy-lla-nayttelyosasto\\\/\",\"url\":\"https:\\\/\\\/www.rukajarvensuunnanhistoriayhdistys.fi\\\/historiayhdistys\\\/kainuun-prikaati-saapuu-viljo-messuille-25-7-2015-myos-rshy-lla-nayttelyosasto\\\/\",\"name\":\"Kainuun prikaati saapuu Viljo-messuille Kiuruvedelle 25.7.2015 - my\u00f6s RSHY:ll\u00e4 n\u00e4yttelyosasto - Rukaj\u00e4rven suunnan historiayhdistys\",\"isPartOf\":{\"@id\":\"http:\\\/\\\/www.rukajarvensuunnanhistoriayhdistys.fi\\\/historiayhdistys\\\/#website\"},\"primaryImageOfPage\":{\"@id\":\"https:\\\/\\\/www.rukajarvensuunnanhistoriayhdistys.fi\\\/historiayhdistys\\\/kainuun-prikaati-saapuu-viljo-messuille-25-7-2015-myos-rshy-lla-nayttelyosasto\\\/#primaryimage\"},\"image\":{\"@id\":\"https:\\\/\\\/www.rukajarvensuunnanhistoriayhdistys.fi\\\/historiayhdistys\\\/kainuun-prikaati-saapuu-viljo-messuille-25-7-2015-myos-rshy-lla-nayttelyosasto\\\/#primaryimage\"},\"thumbnailUrl\":\"http:\\\/\\\/www.rukajarvensuunnanhistoriayhdistys.fi\\\/historiayhdistys\\\/wp-content\\\/uploads\\\/2015\\\/06\\\/yuneec_q500-ja-tarvikkeet.jpg\",\"datePublished\":\"2015-07-22T04:52:51+00:00\",\"breadcrumb\":{\"@id\":\"https:\\\/\\\/www.rukajarvensuunnanhistoriayhdistys.fi\\\/historiayhdistys\\\/kainuun-prikaati-saapuu-viljo-messuille-25-7-2015-myos-rshy-lla-nayttelyosasto\\\/#breadcrumb\"},\"inLanguage\":\"fi\",\"potentialAction\":[{\"@type\":\"ReadAction\",\"target\":[\"https:\\\/\\\/www.rukajarvensuunnanhistoriayhdistys.fi\\\/historiayhdistys\\\/kainuun-prikaati-saapuu-viljo-messuille-25-7-2015-myos-rshy-lla-nayttelyosasto\\\/\"]}]},{\"@type\":\"ImageObject\",\"inLanguage\":\"fi\",\"@id\":\"https:\\\/\\\/www.rukajarvensuunnanhistoriayhdistys.fi\\\/historiayhdistys\\\/kainuun-prikaati-saapuu-viljo-messuille-25-7-2015-myos-rshy-lla-nayttelyosasto\\\/#primaryimage\",\"url\":\"http:\\\/\\\/www.rukajarvensuunnanhistoriayhdistys.fi\\\/historiayhdistys\\\/wp-content\\\/uploads\\\/2015\\\/06\\\/yuneec_q500-ja-tarvikkeet.jpg\",\"contentUrl\":\"http:\\\/\\\/www.rukajarvensuunnanhistoriayhdistys.fi\\\/historiayhdistys\\\/wp-content\\\/uploads\\\/2015\\\/06\\\/yuneec_q500-ja-tarvikkeet.jpg\",\"width\":800,\"height\":600,\"caption\":\"Rukaj\u00e4rven suunnan historiayhdistys k\u00e4ytt\u00e4\u00e4 oheista Yuneec Typhoon Q500+ ilmakuvauskopteria sotahistoriakohteitten kuvauksiin.\"},{\"@type\":\"BreadcrumbList\",\"@id\":\"https:\\\/\\\/www.rukajarvensuunnanhistoriayhdistys.fi\\\/historiayhdistys\\\/kainuun-prikaati-saapuu-viljo-messuille-25-7-2015-myos-rshy-lla-nayttelyosasto\\\/#breadcrumb\",\"itemListElement\":[{\"@type\":\"ListItem\",\"position\":1,\"name\":\"Etusivu\",\"item\":\"http:\\\/\\\/www.rukajarvensuunnanhistoriayhdistys.fi\\\/historiayhdistys\\\/\"},{\"@type\":\"ListItem\",\"position\":2,\"name\":\"Kainuun prikaati saapuu Viljo-messuille Kiuruvedelle 25.7.2015 &#8211; my\u00f6s RSHY:ll\u00e4 n\u00e4yttelyosasto\"}]},{\"@type\":\"WebSite\",\"@id\":\"http:\\\/\\\/www.rukajarvensuunnanhistoriayhdistys.fi\\\/historiayhdistys\\\/#website\",\"url\":\"http:\\\/\\\/www.rukajarvensuunnanhistoriayhdistys.fi\\\/historiayhdistys\\\/\",\"name\":\"Rukaj\u00e4rven suunnan historiayhdistys\",\"description\":\"Rukaj\u00e4rven suunnan historiayhdistyksen verkkosivut.\",\"publisher\":{\"@id\":\"http:\\\/\\\/www.rukajarvensuunnanhistoriayhdistys.fi\\\/historiayhdistys\\\/#organization\"},\"potentialAction\":[{\"@type\":\"SearchAction\",\"target\":{\"@type\":\"EntryPoint\",\"urlTemplate\":\"http:\\\/\\\/www.rukajarvensuunnanhistoriayhdistys.fi\\\/historiayhdistys\\\/?s={search_term_string}\"},\"query-input\":{\"@type\":\"PropertyValueSpecification\",\"valueRequired\":true,\"valueName\":\"search_term_string\"}}],\"inLanguage\":\"fi\"},{\"@type\":\"Organization\",\"@id\":\"http:\\\/\\\/www.rukajarvensuunnanhistoriayhdistys.fi\\\/historiayhdistys\\\/#organization\",\"name\":\"Rukaj\u00e4rven suunnan historiayhdistys\",\"url\":\"http:\\\/\\\/www.rukajarvensuunnanhistoriayhdistys.fi\\\/historiayhdistys\\\/\",\"logo\":{\"@type\":\"ImageObject\",\"inLanguage\":\"fi\",\"@id\":\"http:\\\/\\\/www.rukajarvensuunnanhistoriayhdistys.fi\\\/historiayhdistys\\\/#\\\/schema\\\/logo\\\/image\\\/\",\"url\":\"http:\\\/\\\/www.rukajarvensuunnanhistoriayhdistys.fi\\\/historiayhdistys\\\/wp-content\\\/uploads\\\/2013\\\/12\\\/Otsake_3.jpg\",\"contentUrl\":\"http:\\\/\\\/www.rukajarvensuunnanhistoriayhdistys.fi\\\/historiayhdistys\\\/wp-content\\\/uploads\\\/2013\\\/12\\\/Otsake_3.jpg\",\"width\":1000,\"height\":442,\"caption\":\"Rukaj\u00e4rven suunnan historiayhdistys\"},\"image\":{\"@id\":\"http:\\\/\\\/www.rukajarvensuunnanhistoriayhdistys.fi\\\/historiayhdistys\\\/#\\\/schema\\\/logo\\\/image\\\/\"}},{\"@type\":\"Person\",\"@id\":\"http:\\\/\\\/www.rukajarvensuunnanhistoriayhdistys.fi\\\/historiayhdistys\\\/#\\\/schema\\\/person\\\/19de7db68bf72dfd2b5d7f6dfbf8454d\",\"name\":\"RSHY\",\"image\":{\"@type\":\"ImageObject\",\"inLanguage\":\"fi\",\"@id\":\"https:\\\/\\\/secure.gravatar.com\\\/avatar\\\/598d59263a69cc8de65fcb4f9db78d6f58c098cb0e0ba22d73377441af9fa04c?s=96&d=blank&r=g\",\"url\":\"https:\\\/\\\/secure.gravatar.com\\\/avatar\\\/598d59263a69cc8de65fcb4f9db78d6f58c098cb0e0ba22d73377441af9fa04c?s=96&d=blank&r=g\",\"contentUrl\":\"https:\\\/\\\/secure.gravatar.com\\\/avatar\\\/598d59263a69cc8de65fcb4f9db78d6f58c098cb0e0ba22d73377441af9fa04c?s=96&d=blank&r=g\",\"caption\":\"RSHY\"},\"url\":\"http:\\\/\\\/www.rukajarvensuunnanhistoriayhdistys.fi\\\/historiayhdistys\\\/author\\\/rshy\\\/\"}]}<\/script>\n<!-- \/ Yoast SEO plugin. -->","yoast_head_json":{"title":"Kainuun prikaati saapuu Viljo-messuille Kiuruvedelle 25.7.2015 - my\u00f6s RSHY:ll\u00e4 n\u00e4yttelyosasto - Rukaj\u00e4rven suunnan historiayhdistys","robots":{"index":"index","follow":"follow","max-snippet":"max-snippet:-1","max-image-preview":"max-image-preview:large","max-video-preview":"max-video-preview:-1"},"canonical":"https:\/\/www.rukajarvensuunnanhistoriayhdistys.fi\/historiayhdistys\/kainuun-prikaati-saapuu-viljo-messuille-25-7-2015-myos-rshy-lla-nayttelyosasto\/","og_locale":"fi_FI","og_type":"article","og_title":"Kainuun prikaati saapuu Viljo-messuille Kiuruvedelle 25.7.2015 - my\u00f6s RSHY:ll\u00e4 n\u00e4yttelyosasto - Rukaj\u00e4rven suunnan historiayhdistys","og_description":"Kainuun prikaati esitt\u00e4ytyy Viljo messuilla. Esittelypaikka on urheilukent\u00e4n viereisell\u00e4 nurmikolla n\u00e4yttelypaikoilla 12-13. Halukkaat saavat kokeilla ns. eko-aseita ja lis\u00e4ksi prikaatin edustajat esittelev\u00e4t puolustusvoimien toimintaa. Esittelypiste on avoinna yleis\u00f6lle 25.7.2015 klo Teksti jatkuu...Kainuun prikaati saapuu Viljo-messuille Kiuruvedelle 25.7.2015 &#8211; my\u00f6s RSHY:ll\u00e4 n\u00e4yttelyosasto\u2192","og_url":"https:\/\/www.rukajarvensuunnanhistoriayhdistys.fi\/historiayhdistys\/kainuun-prikaati-saapuu-viljo-messuille-25-7-2015-myos-rshy-lla-nayttelyosasto\/","og_site_name":"Rukaj\u00e4rven suunnan historiayhdistys","article_published_time":"2015-07-22T04:52:51+00:00","og_image":[{"width":800,"height":600,"url":"https:\/\/www.rukajarvensuunnanhistoriayhdistys.fi\/historiayhdistys\/wp-content\/uploads\/2015\/06\/yuneec_q500-ja-tarvikkeet.jpg","type":"image\/jpeg"}],"author":"RSHY","twitter_misc":{"Kirjoittanut":"RSHY","Arvioitu lukuaika":"2 minuuttia"},"schema":{"@context":"https:\/\/schema.org","@graph":[{"@type":"Article","@id":"https:\/\/www.rukajarvensuunnanhistoriayhdistys.fi\/historiayhdistys\/kainuun-prikaati-saapuu-viljo-messuille-25-7-2015-myos-rshy-lla-nayttelyosasto\/#article","isPartOf":{"@id":"https:\/\/www.rukajarvensuunnanhistoriayhdistys.fi\/historiayhdistys\/kainuun-prikaati-saapuu-viljo-messuille-25-7-2015-myos-rshy-lla-nayttelyosasto\/"},"author":{"name":"RSHY","@id":"http:\/\/www.rukajarvensuunnanhistoriayhdistys.fi\/historiayhdistys\/#\/schema\/person\/19de7db68bf72dfd2b5d7f6dfbf8454d"},"headline":"Kainuun prikaati saapuu Viljo-messuille Kiuruvedelle 25.7.2015 &#8211; my\u00f6s RSHY:ll\u00e4 n\u00e4yttelyosasto","datePublished":"2015-07-22T04:52:51+00:00","mainEntityOfPage":{"@id":"https:\/\/www.rukajarvensuunnanhistoriayhdistys.fi\/historiayhdistys\/kainuun-prikaati-saapuu-viljo-messuille-25-7-2015-myos-rshy-lla-nayttelyosasto\/"},"wordCount":398,"publisher":{"@id":"http:\/\/www.rukajarvensuunnanhistoriayhdistys.fi\/historiayhdistys\/#organization"},"image":{"@id":"https:\/\/www.rukajarvensuunnanhistoriayhdistys.fi\/historiayhdistys\/kainuun-prikaati-saapuu-viljo-messuille-25-7-2015-myos-rshy-lla-nayttelyosasto\/#primaryimage"},"thumbnailUrl":"http:\/\/www.rukajarvensuunnanhistoriayhdistys.fi\/historiayhdistys\/wp-content\/uploads\/2015\/06\/yuneec_q500-ja-tarvikkeet.jpg","articleSection":["Ajankohtaista"],"inLanguage":"fi"},{"@type":"WebPage","@id":"https:\/\/www.rukajarvensuunnanhistoriayhdistys.fi\/historiayhdistys\/kainuun-prikaati-saapuu-viljo-messuille-25-7-2015-myos-rshy-lla-nayttelyosasto\/","url":"https:\/\/www.rukajarvensuunnanhistoriayhdistys.fi\/historiayhdistys\/kainuun-prikaati-saapuu-viljo-messuille-25-7-2015-myos-rshy-lla-nayttelyosasto\/","name":"Kainuun prikaati saapuu Viljo-messuille Kiuruvedelle 25.7.2015 - my\u00f6s RSHY:ll\u00e4 n\u00e4yttelyosasto - Rukaj\u00e4rven suunnan historiayhdistys","isPartOf":{"@id":"http:\/\/www.rukajarvensuunnanhistoriayhdistys.fi\/historiayhdistys\/#website"},"primaryImageOfPage":{"@id":"https:\/\/www.rukajarvensuunnanhistoriayhdistys.fi\/historiayhdistys\/kainuun-prikaati-saapuu-viljo-messuille-25-7-2015-myos-rshy-lla-nayttelyosasto\/#primaryimage"},"image":{"@id":"https:\/\/www.rukajarvensuunnanhistoriayhdistys.fi\/historiayhdistys\/kainuun-prikaati-saapuu-viljo-messuille-25-7-2015-myos-rshy-lla-nayttelyosasto\/#primaryimage"},"thumbnailUrl":"http:\/\/www.rukajarvensuunnanhistoriayhdistys.fi\/historiayhdistys\/wp-content\/uploads\/2015\/06\/yuneec_q500-ja-tarvikkeet.jpg","datePublished":"2015-07-22T04:52:51+00:00","breadcrumb":{"@id":"https:\/\/www.rukajarvensuunnanhistoriayhdistys.fi\/historiayhdistys\/kainuun-prikaati-saapuu-viljo-messuille-25-7-2015-myos-rshy-lla-nayttelyosasto\/#breadcrumb"},"inLanguage":"fi","potentialAction":[{"@type":"ReadAction","target":["https:\/\/www.rukajarvensuunnanhistoriayhdistys.fi\/historiayhdistys\/kainuun-prikaati-saapuu-viljo-messuille-25-7-2015-myos-rshy-lla-nayttelyosasto\/"]}]},{"@type":"ImageObject","inLanguage":"fi","@id":"https:\/\/www.rukajarvensuunnanhistoriayhdistys.fi\/historiayhdistys\/kainuun-prikaati-saapuu-viljo-messuille-25-7-2015-myos-rshy-lla-nayttelyosasto\/#primaryimage","url":"http:\/\/www.rukajarvensuunnanhistoriayhdistys.fi\/historiayhdistys\/wp-content\/uploads\/2015\/06\/yuneec_q500-ja-tarvikkeet.jpg","contentUrl":"http:\/\/www.rukajarvensuunnanhistoriayhdistys.fi\/historiayhdistys\/wp-content\/uploads\/2015\/06\/yuneec_q500-ja-tarvikkeet.jpg","width":800,"height":600,"caption":"Rukaj\u00e4rven suunnan historiayhdistys k\u00e4ytt\u00e4\u00e4 oheista Yuneec Typhoon Q500+ ilmakuvauskopteria sotahistoriakohteitten kuvauksiin."},{"@type":"BreadcrumbList","@id":"https:\/\/www.rukajarvensuunnanhistoriayhdistys.fi\/historiayhdistys\/kainuun-prikaati-saapuu-viljo-messuille-25-7-2015-myos-rshy-lla-nayttelyosasto\/#breadcrumb","itemListElement":[{"@type":"ListItem","position":1,"name":"Etusivu","item":"http:\/\/www.rukajarvensuunnanhistoriayhdistys.fi\/historiayhdistys\/"},{"@type":"ListItem","position":2,"name":"Kainuun prikaati saapuu Viljo-messuille Kiuruvedelle 25.7.2015 &#8211; my\u00f6s RSHY:ll\u00e4 n\u00e4yttelyosasto"}]},{"@type":"WebSite","@id":"http:\/\/www.rukajarvensuunnanhistoriayhdistys.fi\/historiayhdistys\/#website","url":"http:\/\/www.rukajarvensuunnanhistoriayhdistys.fi\/historiayhdistys\/","name":"Rukaj\u00e4rven suunnan historiayhdistys","description":"Rukaj\u00e4rven suunnan historiayhdistyksen verkkosivut.","publisher":{"@id":"http:\/\/www.rukajarvensuunnanhistoriayhdistys.fi\/historiayhdistys\/#organization"},"potentialAction":[{"@type":"SearchAction","target":{"@type":"EntryPoint","urlTemplate":"http:\/\/www.rukajarvensuunnanhistoriayhdistys.fi\/historiayhdistys\/?s={search_term_string}"},"query-input":{"@type":"PropertyValueSpecification","valueRequired":true,"valueName":"search_term_string"}}],"inLanguage":"fi"},{"@type":"Organization","@id":"http:\/\/www.rukajarvensuunnanhistoriayhdistys.fi\/historiayhdistys\/#organization","name":"Rukaj\u00e4rven suunnan historiayhdistys","url":"http:\/\/www.rukajarvensuunnanhistoriayhdistys.fi\/historiayhdistys\/","logo":{"@type":"ImageObject","inLanguage":"fi","@id":"http:\/\/www.rukajarvensuunnanhistoriayhdistys.fi\/historiayhdistys\/#\/schema\/logo\/image\/","url":"http:\/\/www.rukajarvensuunnanhistoriayhdistys.fi\/historiayhdistys\/wp-content\/uploads\/2013\/12\/Otsake_3.jpg","contentUrl":"http:\/\/www.rukajarvensuunnanhistoriayhdistys.fi\/historiayhdistys\/wp-content\/uploads\/2013\/12\/Otsake_3.jpg","width":1000,"height":442,"caption":"Rukaj\u00e4rven suunnan historiayhdistys"},"image":{"@id":"http:\/\/www.rukajarvensuunnanhistoriayhdistys.fi\/historiayhdistys\/#\/schema\/logo\/image\/"}},{"@type":"Person","@id":"http:\/\/www.rukajarvensuunnanhistoriayhdistys.fi\/historiayhdistys\/#\/schema\/person\/19de7db68bf72dfd2b5d7f6dfbf8454d","name":"RSHY","image":{"@type":"ImageObject","inLanguage":"fi","@id":"https:\/\/secure.gravatar.com\/avatar\/598d59263a69cc8de65fcb4f9db78d6f58c098cb0e0ba22d73377441af9fa04c?s=96&d=blank&r=g","url":"https:\/\/secure.gravatar.com\/avatar\/598d59263a69cc8de65fcb4f9db78d6f58c098cb0e0ba22d73377441af9fa04c?s=96&d=blank&r=g","contentUrl":"https:\/\/secure.gravatar.com\/avatar\/598d59263a69cc8de65fcb4f9db78d6f58c098cb0e0ba22d73377441af9fa04c?s=96&d=blank&r=g","caption":"RSHY"},"url":"http:\/\/www.rukajarvensuunnanhistoriayhdistys.fi\/historiayhdistys\/author\/rshy\/"}]}},"_links":{"self":[{"href":"http:\/\/www.rukajarvensuunnanhistoriayhdistys.fi\/historiayhdistys\/wp-json\/wp\/v2\/posts\/10080","targetHints":{"allow":["GET"]}}],"collection":[{"href":"http:\/\/www.rukajarvensuunnanhistoriayhdistys.fi\/historiayhdistys\/wp-json\/wp\/v2\/posts"}],"about":[{"href":"http:\/\/www.rukajarvensuunnanhistoriayhdistys.fi\/historiayhdistys\/wp-json\/wp\/v2\/types\/post"}],"author":[{"embeddable":true,"href":"http:\/\/www.rukajarvensuunnanhistoriayhdistys.fi\/historiayhdistys\/wp-json\/wp\/v2\/users\/3"}],"replies":[{"embeddable":true,"href":"http:\/\/www.rukajarvensuunnanhistoriayhdistys.fi\/historiayhdistys\/wp-json\/wp\/v2\/comments?post=10080"}],"version-history":[{"count":7,"href":"http:\/\/www.rukajarvensuunnanhistoriayhdistys.fi\/historiayhdistys\/wp-json\/wp\/v2\/posts\/10080\/revisions"}],"predecessor-version":[{"id":10171,"href":"http:\/\/www.rukajarvensuunnanhistoriayhdistys.fi\/historiayhdistys\/wp-json\/wp\/v2\/posts\/10080\/revisions\/10171"}],"wp:featuredmedia":[{"embeddable":true,"href":"http:\/\/www.rukajarvensuunnanhistoriayhdistys.fi\/historiayhdistys\/wp-json\/wp\/v2\/media\/10081"}],"wp:attachment":[{"href":"http:\/\/www.rukajarvensuunnanhistoriayhdistys.fi\/historiayhdistys\/wp-json\/wp\/v2\/media?parent=10080"}],"wp:term":[{"taxonomy":"category","embeddable":true,"href":"http:\/\/www.rukajarvensuunnanhistoriayhdistys.fi\/historiayhdistys\/wp-json\/wp\/v2\/categories?post=10080"},{"taxonomy":"post_tag","embeddable":true,"href":"http:\/\/www.rukajarvensuunnanhistoriayhdistys.fi\/historiayhdistys\/wp-json\/wp\/v2\/tags?post=10080"}],"curies":[{"name":"wp","href":"https:\/\/api.w.org\/{rel}","templated":true}]}}