{"id":10097,"date":"2015-07-17T08:49:28","date_gmt":"2015-07-17T05:49:28","guid":{"rendered":"http:\/\/www.rukajarvensuunnanhistoriayhdistys.fi\/historiayhdistys\/?p=10097"},"modified":"2015-07-17T09:30:43","modified_gmt":"2015-07-17T06:30:43","slug":"veteraaneille-tiedossa-ilmainen-hoyryjunamatka","status":"publish","type":"post","link":"http:\/\/www.rukajarvensuunnanhistoriayhdistys.fi\/historiayhdistys\/veteraaneille-tiedossa-ilmainen-hoyryjunamatka\/","title":{"rendered":"Veteraaneille tiedossa ilmainen h\u00f6yryjunamatka"},"content":{"rendered":"<div class=\"fcbkbttn_buttons_block\" id=\"fcbkbttn_left\"><div class=\"fcbkbttn_like \"><fb:like href=\"http:\/\/www.rukajarvensuunnanhistoriayhdistys.fi\/historiayhdistys\/veteraaneille-tiedossa-ilmainen-hoyryjunamatka\/\" action=\"like\" colorscheme=\"light\" layout=\"button_count\"  size=\"small\"><\/fb:like><\/div><\/div><p>H\u00f6yryjuna saapuu j\u00e4lleen Yl\u00e4-Savoon ja liikenn\u00f6i 17.-19.7.2015 v\u00e4lisen ajan kahdesti p\u00e4iv\u00e4\u00e4n Kiuruveden ja Iisalmen v\u00e4lill\u00e4.<\/p>\n<p>H\u00f6yryjuna on sama &#8221;Heikki&#8221; (Hv3 995) mill\u00e4 veteraanit matkustivat viime syksyn\u00e4 veteraanijuhlille Lieksaan. Junan tarkempi aikataulu ei ole viel\u00e4 tiedossa. Veteraaneille ja lotille h\u00f6yryjunamatka on ilmaista my\u00f6s t\u00e4n\u00e4 kes\u00e4n\u00e4.<\/p>\n<figure id=\"attachment_944\" aria-describedby=\"caption-attachment-944\" style=\"width: 1754px\" class=\"wp-caption alignnone\"><a href=\"http:\/\/www.rukajarvensuunnanhistoriayhdistys.fi\/historiayhdistys\/wp-content\/uploads\/2014\/09\/Kiuruvesi-4-9-2014-vesitys-2.jpg\"><img loading=\"lazy\" decoding=\"async\" class=\"wp-image-944 size-full\" src=\"http:\/\/www.rukajarvensuunnanhistoriayhdistys.fi\/historiayhdistys\/wp-content\/uploads\/2014\/09\/Kiuruvesi-4-9-2014-vesitys-2.jpg\" alt=\"Tapani Laaksomies vesitt\u00e4\u00e4 Juhlajunan perinteisin menoin Kiuruvedell\u00e4. \" width=\"1754\" height=\"1240\" data-id=\"944\" srcset=\"http:\/\/www.rukajarvensuunnanhistoriayhdistys.fi\/historiayhdistys\/wp-content\/uploads\/2014\/09\/Kiuruvesi-4-9-2014-vesitys-2.jpg 1754w, http:\/\/www.rukajarvensuunnanhistoriayhdistys.fi\/historiayhdistys\/wp-content\/uploads\/2014\/09\/Kiuruvesi-4-9-2014-vesitys-2-300x212.jpg 300w, http:\/\/www.rukajarvensuunnanhistoriayhdistys.fi\/historiayhdistys\/wp-content\/uploads\/2014\/09\/Kiuruvesi-4-9-2014-vesitys-2-1024x723.jpg 1024w\" sizes=\"auto, (max-width: 1754px) 100vw, 1754px\" \/><\/a><figcaption id=\"caption-attachment-944\" class=\"wp-caption-text\">Tapani Laaksomies vesitt\u00e4\u00e4 Juhlajunan perinteisin menoin Kiuruvedell\u00e4 4.9.2014. Kuva Antero Huttunen<\/figcaption><\/figure>\n<p>H\u00f6yryjuna saapui Yl\u00e4-Savoon Joensuusta jo 12.7.\u00a0T\u00e4n\u00e4\u00e4n se ajaa Iisalmesta Kiuruvedelle.\u00a0Tapani Laaksomies yhteystieto: puhelin, 0400 845466, \u00a0s\u00e4hk\u00f6posti,\u00a0<a href=\"mailto:tapani.laaksomies@steamrail.fi\"><u>tapani.laaksomies@steamrail.fi<\/u><\/a>.<\/p>\n<p>Aikataulu oheisena:<\/p>\n<p><a href=\"http:\/\/www.rukajarvensuunnanhistoriayhdistys.fi\/historiayhdistys\/wp-content\/uploads\/2015\/07\/Veteraanijuna-07-2015-aikataulu.jpg\"><img loading=\"lazy\" decoding=\"async\" class=\"aligncenter size-full wp-image-10162\" src=\"http:\/\/www.rukajarvensuunnanhistoriayhdistys.fi\/historiayhdistys\/wp-content\/uploads\/2015\/07\/Veteraanijuna-07-2015-aikataulu.jpg\" alt=\"Veteraanijuna-07-2015 - aikataulu\" width=\"704\" height=\"686\" data-id=\"10162\" srcset=\"http:\/\/www.rukajarvensuunnanhistoriayhdistys.fi\/historiayhdistys\/wp-content\/uploads\/2015\/07\/Veteraanijuna-07-2015-aikataulu.jpg 704w, http:\/\/www.rukajarvensuunnanhistoriayhdistys.fi\/historiayhdistys\/wp-content\/uploads\/2015\/07\/Veteraanijuna-07-2015-aikataulu-300x292.jpg 300w\" sizes=\"auto, (max-width: 704px) 100vw, 704px\" \/><\/a><\/p>\n<figure id=\"attachment_973\" aria-describedby=\"caption-attachment-973\" style=\"width: 1754px\" class=\"wp-caption alignnone\"><a href=\"http:\/\/www.rukajarvensuunnanhistoriayhdistys.fi\/historiayhdistys\/wp-content\/uploads\/2014\/09\/Kiuruvesi-4-9-2014-vesitys-3.jpg\"><img loading=\"lazy\" decoding=\"async\" class=\"wp-image-973 size-full\" src=\"http:\/\/www.rukajarvensuunnanhistoriayhdistys.fi\/historiayhdistys\/wp-content\/uploads\/2014\/09\/Kiuruvesi-4-9-2014-vesitys-3.jpg\" alt=\"Kiuruveden asemalla oli paljon v\u00e4ke\u00e4 saattelemassa veteraanijunaa 4.9.2014.\" width=\"1754\" height=\"1240\" data-id=\"973\" srcset=\"http:\/\/www.rukajarvensuunnanhistoriayhdistys.fi\/historiayhdistys\/wp-content\/uploads\/2014\/09\/Kiuruvesi-4-9-2014-vesitys-3.jpg 1754w, http:\/\/www.rukajarvensuunnanhistoriayhdistys.fi\/historiayhdistys\/wp-content\/uploads\/2014\/09\/Kiuruvesi-4-9-2014-vesitys-3-300x212.jpg 300w, http:\/\/www.rukajarvensuunnanhistoriayhdistys.fi\/historiayhdistys\/wp-content\/uploads\/2014\/09\/Kiuruvesi-4-9-2014-vesitys-3-1024x723.jpg 1024w\" sizes=\"auto, (max-width: 1754px) 100vw, 1754px\" \/><\/a><figcaption id=\"caption-attachment-973\" class=\"wp-caption-text\">Kiuruveden asemalla oli paljon v\u00e4ke\u00e4 saattelemassa veteraanijunaa 4.9.2014. Kuva Antero Huttunen.<\/figcaption><\/figure>\n<p>Nyt on mahdollista tehd\u00e4 tutustumisk\u00e4ynti Iisalmen Rukaj\u00e4rvi-keskukseen perinteisell\u00e4 kyydill\u00e4.<\/p>\n<p><strong>Mottitalkoot:<\/strong><\/p>\n<p>Veteraanien kuljetuksen j\u00e4rjest\u00e4miseksi j\u00e4rjestettiin perinteiset mottitalkoot. Talkooty\u00f6h\u00f6n osallistui jo 99 vuotias veteraani Tauno Tikkanen. H\u00e4n halusi omalta osaltaan varmistaa, sen ett\u00e4 halukkaat veteraaniveljet voivat matkustaa h\u00f6yryjunalla my\u00f6s t\u00e4ll\u00e4kin kertaa. H\u00e4n kiitt\u00e4\u00e4 Tapani Laaksomiest\u00e4\u00a0veteraaneille osoittamasta my\u00f6t\u00e4tunnosta.<\/p>\n<figure id=\"attachment_10164\" aria-describedby=\"caption-attachment-10164\" style=\"width: 3072px\" class=\"wp-caption aligncenter\"><a href=\"http:\/\/www.rukajarvensuunnanhistoriayhdistys.fi\/historiayhdistys\/wp-content\/uploads\/2015\/07\/WP_20150716_18_25_05_Pro-Veterani.jpg\"><img loading=\"lazy\" decoding=\"async\" class=\"wp-image-10164 size-full\" src=\"http:\/\/www.rukajarvensuunnanhistoriayhdistys.fi\/historiayhdistys\/wp-content\/uploads\/2015\/07\/WP_20150716_18_25_05_Pro-Veterani.jpg\" alt=\"Jo 99 vuotias veteraani osallistui mottitalkoisiin. H\u00e4nt\u00e4 avustivat h\u00e4nen naapurinsa Matti Eskelinen ja Martti Ker\u00e4nen.\" width=\"3072\" height=\"1728\" data-id=\"10164\" srcset=\"http:\/\/www.rukajarvensuunnanhistoriayhdistys.fi\/historiayhdistys\/wp-content\/uploads\/2015\/07\/WP_20150716_18_25_05_Pro-Veterani.jpg 3072w, http:\/\/www.rukajarvensuunnanhistoriayhdistys.fi\/historiayhdistys\/wp-content\/uploads\/2015\/07\/WP_20150716_18_25_05_Pro-Veterani-300x169.jpg 300w, http:\/\/www.rukajarvensuunnanhistoriayhdistys.fi\/historiayhdistys\/wp-content\/uploads\/2015\/07\/WP_20150716_18_25_05_Pro-Veterani-1024x576.jpg 1024w\" sizes=\"auto, (max-width: 3072px) 100vw, 3072px\" \/><\/a><figcaption id=\"caption-attachment-10164\" class=\"wp-caption-text\">Jo 99 vuotias veteraani osallistui mottitalkoisiin. H\u00e4nt\u00e4 avustivat naapurit Matti Eskelinen ja Martti Ker\u00e4nen.<\/figcaption><\/figure>\n<figure id=\"attachment_10163\" aria-describedby=\"caption-attachment-10163\" style=\"width: 3072px\" class=\"wp-caption aligncenter\"><a href=\"http:\/\/www.rukajarvensuunnanhistoriayhdistys.fi\/historiayhdistys\/wp-content\/uploads\/2015\/07\/WP_20150716_18_24_29_Pro-Veterani.jpg\"><img loading=\"lazy\" decoding=\"async\" class=\"wp-image-10163 size-full\" src=\"http:\/\/www.rukajarvensuunnanhistoriayhdistys.fi\/historiayhdistys\/wp-content\/uploads\/2015\/07\/WP_20150716_18_24_29_Pro-Veterani.jpg\" alt=\"Veteraani kantaa omia pilkkomiaan puita. - Puut h\u00e4n hakkasi vuonna 1988. Kuivia puita on viel\u00e4kin pinossa liki 200 kuutiota. Matti Eskelinen, veteraani Tauno Tikkanen (10.3.1916) ja naapuri Martti Ker\u00e4nen.\" width=\"3072\" height=\"1728\" data-id=\"10163\" srcset=\"http:\/\/www.rukajarvensuunnanhistoriayhdistys.fi\/historiayhdistys\/wp-content\/uploads\/2015\/07\/WP_20150716_18_24_29_Pro-Veterani.jpg 3072w, http:\/\/www.rukajarvensuunnanhistoriayhdistys.fi\/historiayhdistys\/wp-content\/uploads\/2015\/07\/WP_20150716_18_24_29_Pro-Veterani-300x169.jpg 300w, http:\/\/www.rukajarvensuunnanhistoriayhdistys.fi\/historiayhdistys\/wp-content\/uploads\/2015\/07\/WP_20150716_18_24_29_Pro-Veterani-1024x576.jpg 1024w\" sizes=\"auto, (max-width: 3072px) 100vw, 3072px\" \/><\/a><figcaption id=\"caption-attachment-10163\" class=\"wp-caption-text\">Veteraani kantaa omia pilkkomiaan puita. &#8211; Puut h\u00e4n hakkasi vuonna 1988. Kuivia puita on viel\u00e4kin pinossa liki 200 kuutiota. Matti Eskelinen, veteraani Tauno Tikkanen (10.3.1916) ja naapuri Martti Ker\u00e4nen.<\/figcaption><\/figure>\n<p>&nbsp;<\/p>\n<figure id=\"attachment_10165\" aria-describedby=\"caption-attachment-10165\" style=\"width: 5376px\" class=\"wp-caption aligncenter\"><a href=\"http:\/\/www.rukajarvensuunnanhistoriayhdistys.fi\/historiayhdistys\/wp-content\/uploads\/2015\/07\/WP_20150716_21_12_34_Pro__highres.jpg\"><img loading=\"lazy\" decoding=\"async\" class=\"wp-image-10165 size-full\" src=\"http:\/\/www.rukajarvensuunnanhistoriayhdistys.fi\/historiayhdistys\/wp-content\/uploads\/2015\/07\/WP_20150716_21_12_34_Pro__highres.jpg\" alt=\"Kiuruveden rautatieasemalla kuorman purkutalkoisiin osallistuivat V\u00e4in\u00f6 Remes, Antero Huttunen, Pekka Ahonen &quot;Paljakan Pekka&quot;, Martti Ker\u00e4nen ja Tenho Tikkanen. Kiuruveden kaupunki on varannut makasiiinin h\u00f6yryjunan puille. Puita sinne ovat tuoneet muutkin ja niit\u00e4 sinne on kertynyt reilut liki 25 kuutiota.\" width=\"5376\" height=\"3024\" data-id=\"10165\" srcset=\"http:\/\/www.rukajarvensuunnanhistoriayhdistys.fi\/historiayhdistys\/wp-content\/uploads\/2015\/07\/WP_20150716_21_12_34_Pro__highres.jpg 5376w, http:\/\/www.rukajarvensuunnanhistoriayhdistys.fi\/historiayhdistys\/wp-content\/uploads\/2015\/07\/WP_20150716_21_12_34_Pro__highres-300x169.jpg 300w, http:\/\/www.rukajarvensuunnanhistoriayhdistys.fi\/historiayhdistys\/wp-content\/uploads\/2015\/07\/WP_20150716_21_12_34_Pro__highres-1024x576.jpg 1024w\" sizes=\"auto, (max-width: 5376px) 100vw, 5376px\" \/><\/a><figcaption id=\"caption-attachment-10165\" class=\"wp-caption-text\">Kiuruveden rautatieasemalla kuorman purkutalkoisiin osallistuivat V\u00e4in\u00f6 Remes, Antero Huttunen, Pekka Ahonen &#8221;Paljakan Pekka&#8221;, Martti Ker\u00e4nen ja Tenho Tikkanen. Kiuruveden kaupunki on varannut makasiiinin h\u00f6yryjunan puille. Puita sinne ovat tuoneet muutkin ja niit\u00e4 sinne on kertynyt liki 25 kuutiota.<\/figcaption><\/figure>\n<p>Museojunan liikenn\u00f6innist\u00e4 saa lis\u00e4tietoa nettiosoitteesta <a href=\"http:\/\/www.steamrail.fi\/2015\/01\/museojunaliikenne-2015\/\">http:\/\/www.steamrail.fi\/2015\/01\/museojunaliikenne-2015\/<\/a><\/p>\n","protected":false},"excerpt":{"rendered":"<p>H\u00f6yryjuna saapuu j\u00e4lleen Yl\u00e4-Savoon ja liikenn\u00f6i 17.-19.7.2015 v\u00e4lisen ajan kahdesti p\u00e4iv\u00e4\u00e4n Kiuruveden ja Iisalmen v\u00e4lill\u00e4. H\u00f6yryjuna on sama &#8221;Heikki&#8221; (Hv3 995) mill\u00e4 veteraanit matkustivat viime syksyn\u00e4 veteraanijuhlille Lieksaan. Junan tarkempi <a class=\"more-link\" href=\"http:\/\/www.rukajarvensuunnanhistoriayhdistys.fi\/historiayhdistys\/veteraaneille-tiedossa-ilmainen-hoyryjunamatka\/\">Teksti jatkuu&#8230;<span class=\"screen-reader-text\">Veteraaneille tiedossa ilmainen h\u00f6yryjunamatka<\/span><span class=\"meta-nav\">\u2192<\/span><\/a><\/p>\n","protected":false},"author":3,"featured_media":944,"comment_status":"closed","ping_status":"open","sticky":false,"template":"","format":"standard","meta":{"footnotes":""},"categories":[22],"tags":[],"class_list":["post-10097","post","type-post","status-publish","format-standard","has-post-thumbnail","hentry","category-ajankohtaista"],"yoast_head":"<!-- This site is optimized with the Yoast SEO plugin v27.4 - https:\/\/yoast.com\/product\/yoast-seo-wordpress\/ -->\n<title>Veteraaneille tiedossa ilmainen h\u00f6yryjunamatka - Rukaj\u00e4rven suunnan historiayhdistys<\/title>\n<meta name=\"robots\" content=\"index, follow, max-snippet:-1, max-image-preview:large, max-video-preview:-1\" \/>\n<link rel=\"canonical\" href=\"https:\/\/www.rukajarvensuunnanhistoriayhdistys.fi\/historiayhdistys\/veteraaneille-tiedossa-ilmainen-hoyryjunamatka\/\" \/>\n<meta property=\"og:locale\" content=\"fi_FI\" \/>\n<meta property=\"og:type\" content=\"article\" \/>\n<meta property=\"og:title\" content=\"Veteraaneille tiedossa ilmainen h\u00f6yryjunamatka - Rukaj\u00e4rven suunnan historiayhdistys\" \/>\n<meta property=\"og:description\" content=\"H\u00f6yryjuna saapuu j\u00e4lleen Yl\u00e4-Savoon ja liikenn\u00f6i 17.-19.7.2015 v\u00e4lisen ajan kahdesti p\u00e4iv\u00e4\u00e4n Kiuruveden ja Iisalmen v\u00e4lill\u00e4. H\u00f6yryjuna on sama &#8221;Heikki&#8221; (Hv3 995) mill\u00e4 veteraanit matkustivat viime syksyn\u00e4 veteraanijuhlille Lieksaan. Junan tarkempi Teksti jatkuu...Veteraaneille tiedossa ilmainen h\u00f6yryjunamatka\u2192\" \/>\n<meta property=\"og:url\" content=\"https:\/\/www.rukajarvensuunnanhistoriayhdistys.fi\/historiayhdistys\/veteraaneille-tiedossa-ilmainen-hoyryjunamatka\/\" \/>\n<meta property=\"og:site_name\" content=\"Rukaj\u00e4rven suunnan historiayhdistys\" \/>\n<meta property=\"article:published_time\" content=\"2015-07-17T05:49:28+00:00\" \/>\n<meta property=\"article:modified_time\" content=\"2015-07-17T06:30:43+00:00\" \/>\n<meta property=\"og:image\" content=\"https:\/\/www.rukajarvensuunnanhistoriayhdistys.fi\/historiayhdistys\/wp-content\/uploads\/2014\/09\/Kiuruvesi-4-9-2014-vesitys-2.jpg\" \/>\n\t<meta property=\"og:image:width\" content=\"1754\" \/>\n\t<meta property=\"og:image:height\" content=\"1240\" \/>\n\t<meta property=\"og:image:type\" content=\"image\/jpeg\" \/>\n<meta name=\"author\" content=\"RSHY\" \/>\n<meta name=\"twitter:label1\" content=\"Kirjoittanut\" \/>\n\t<meta name=\"twitter:data1\" content=\"RSHY\" \/>\n\t<meta name=\"twitter:label2\" content=\"Arvioitu lukuaika\" \/>\n\t<meta name=\"twitter:data2\" content=\"1 minuutti\" \/>\n<script type=\"application\/ld+json\" class=\"yoast-schema-graph\">{\"@context\":\"https:\\\/\\\/schema.org\",\"@graph\":[{\"@type\":\"Article\",\"@id\":\"https:\\\/\\\/www.rukajarvensuunnanhistoriayhdistys.fi\\\/historiayhdistys\\\/veteraaneille-tiedossa-ilmainen-hoyryjunamatka\\\/#article\",\"isPartOf\":{\"@id\":\"https:\\\/\\\/www.rukajarvensuunnanhistoriayhdistys.fi\\\/historiayhdistys\\\/veteraaneille-tiedossa-ilmainen-hoyryjunamatka\\\/\"},\"author\":{\"name\":\"RSHY\",\"@id\":\"http:\\\/\\\/www.rukajarvensuunnanhistoriayhdistys.fi\\\/historiayhdistys\\\/#\\\/schema\\\/person\\\/19de7db68bf72dfd2b5d7f6dfbf8454d\"},\"headline\":\"Veteraaneille tiedossa ilmainen h\u00f6yryjunamatka\",\"datePublished\":\"2015-07-17T05:49:28+00:00\",\"dateModified\":\"2015-07-17T06:30:43+00:00\",\"mainEntityOfPage\":{\"@id\":\"https:\\\/\\\/www.rukajarvensuunnanhistoriayhdistys.fi\\\/historiayhdistys\\\/veteraaneille-tiedossa-ilmainen-hoyryjunamatka\\\/\"},\"wordCount\":301,\"publisher\":{\"@id\":\"http:\\\/\\\/www.rukajarvensuunnanhistoriayhdistys.fi\\\/historiayhdistys\\\/#organization\"},\"image\":{\"@id\":\"https:\\\/\\\/www.rukajarvensuunnanhistoriayhdistys.fi\\\/historiayhdistys\\\/veteraaneille-tiedossa-ilmainen-hoyryjunamatka\\\/#primaryimage\"},\"thumbnailUrl\":\"http:\\\/\\\/www.rukajarvensuunnanhistoriayhdistys.fi\\\/historiayhdistys\\\/wp-content\\\/uploads\\\/2014\\\/09\\\/Kiuruvesi-4-9-2014-vesitys-2.jpg\",\"articleSection\":[\"Ajankohtaista\"],\"inLanguage\":\"fi\"},{\"@type\":\"WebPage\",\"@id\":\"https:\\\/\\\/www.rukajarvensuunnanhistoriayhdistys.fi\\\/historiayhdistys\\\/veteraaneille-tiedossa-ilmainen-hoyryjunamatka\\\/\",\"url\":\"https:\\\/\\\/www.rukajarvensuunnanhistoriayhdistys.fi\\\/historiayhdistys\\\/veteraaneille-tiedossa-ilmainen-hoyryjunamatka\\\/\",\"name\":\"Veteraaneille tiedossa ilmainen h\u00f6yryjunamatka - Rukaj\u00e4rven suunnan historiayhdistys\",\"isPartOf\":{\"@id\":\"http:\\\/\\\/www.rukajarvensuunnanhistoriayhdistys.fi\\\/historiayhdistys\\\/#website\"},\"primaryImageOfPage\":{\"@id\":\"https:\\\/\\\/www.rukajarvensuunnanhistoriayhdistys.fi\\\/historiayhdistys\\\/veteraaneille-tiedossa-ilmainen-hoyryjunamatka\\\/#primaryimage\"},\"image\":{\"@id\":\"https:\\\/\\\/www.rukajarvensuunnanhistoriayhdistys.fi\\\/historiayhdistys\\\/veteraaneille-tiedossa-ilmainen-hoyryjunamatka\\\/#primaryimage\"},\"thumbnailUrl\":\"http:\\\/\\\/www.rukajarvensuunnanhistoriayhdistys.fi\\\/historiayhdistys\\\/wp-content\\\/uploads\\\/2014\\\/09\\\/Kiuruvesi-4-9-2014-vesitys-2.jpg\",\"datePublished\":\"2015-07-17T05:49:28+00:00\",\"dateModified\":\"2015-07-17T06:30:43+00:00\",\"breadcrumb\":{\"@id\":\"https:\\\/\\\/www.rukajarvensuunnanhistoriayhdistys.fi\\\/historiayhdistys\\\/veteraaneille-tiedossa-ilmainen-hoyryjunamatka\\\/#breadcrumb\"},\"inLanguage\":\"fi\",\"potentialAction\":[{\"@type\":\"ReadAction\",\"target\":[\"https:\\\/\\\/www.rukajarvensuunnanhistoriayhdistys.fi\\\/historiayhdistys\\\/veteraaneille-tiedossa-ilmainen-hoyryjunamatka\\\/\"]}]},{\"@type\":\"ImageObject\",\"inLanguage\":\"fi\",\"@id\":\"https:\\\/\\\/www.rukajarvensuunnanhistoriayhdistys.fi\\\/historiayhdistys\\\/veteraaneille-tiedossa-ilmainen-hoyryjunamatka\\\/#primaryimage\",\"url\":\"http:\\\/\\\/www.rukajarvensuunnanhistoriayhdistys.fi\\\/historiayhdistys\\\/wp-content\\\/uploads\\\/2014\\\/09\\\/Kiuruvesi-4-9-2014-vesitys-2.jpg\",\"contentUrl\":\"http:\\\/\\\/www.rukajarvensuunnanhistoriayhdistys.fi\\\/historiayhdistys\\\/wp-content\\\/uploads\\\/2014\\\/09\\\/Kiuruvesi-4-9-2014-vesitys-2.jpg\",\"width\":1754,\"height\":1240,\"caption\":\"Tapani Laaksomies vesitt\u00e4\u00e4 Juhlajunan perinteisin menoin Kiuruvedell\u00e4.\"},{\"@type\":\"BreadcrumbList\",\"@id\":\"https:\\\/\\\/www.rukajarvensuunnanhistoriayhdistys.fi\\\/historiayhdistys\\\/veteraaneille-tiedossa-ilmainen-hoyryjunamatka\\\/#breadcrumb\",\"itemListElement\":[{\"@type\":\"ListItem\",\"position\":1,\"name\":\"Etusivu\",\"item\":\"http:\\\/\\\/www.rukajarvensuunnanhistoriayhdistys.fi\\\/historiayhdistys\\\/\"},{\"@type\":\"ListItem\",\"position\":2,\"name\":\"Veteraaneille tiedossa ilmainen h\u00f6yryjunamatka\"}]},{\"@type\":\"WebSite\",\"@id\":\"http:\\\/\\\/www.rukajarvensuunnanhistoriayhdistys.fi\\\/historiayhdistys\\\/#website\",\"url\":\"http:\\\/\\\/www.rukajarvensuunnanhistoriayhdistys.fi\\\/historiayhdistys\\\/\",\"name\":\"Rukaj\u00e4rven suunnan historiayhdistys\",\"description\":\"Rukaj\u00e4rven suunnan historiayhdistyksen verkkosivut.\",\"publisher\":{\"@id\":\"http:\\\/\\\/www.rukajarvensuunnanhistoriayhdistys.fi\\\/historiayhdistys\\\/#organization\"},\"potentialAction\":[{\"@type\":\"SearchAction\",\"target\":{\"@type\":\"EntryPoint\",\"urlTemplate\":\"http:\\\/\\\/www.rukajarvensuunnanhistoriayhdistys.fi\\\/historiayhdistys\\\/?s={search_term_string}\"},\"query-input\":{\"@type\":\"PropertyValueSpecification\",\"valueRequired\":true,\"valueName\":\"search_term_string\"}}],\"inLanguage\":\"fi\"},{\"@type\":\"Organization\",\"@id\":\"http:\\\/\\\/www.rukajarvensuunnanhistoriayhdistys.fi\\\/historiayhdistys\\\/#organization\",\"name\":\"Rukaj\u00e4rven suunnan historiayhdistys\",\"url\":\"http:\\\/\\\/www.rukajarvensuunnanhistoriayhdistys.fi\\\/historiayhdistys\\\/\",\"logo\":{\"@type\":\"ImageObject\",\"inLanguage\":\"fi\",\"@id\":\"http:\\\/\\\/www.rukajarvensuunnanhistoriayhdistys.fi\\\/historiayhdistys\\\/#\\\/schema\\\/logo\\\/image\\\/\",\"url\":\"http:\\\/\\\/www.rukajarvensuunnanhistoriayhdistys.fi\\\/historiayhdistys\\\/wp-content\\\/uploads\\\/2013\\\/12\\\/Otsake_3.jpg\",\"contentUrl\":\"http:\\\/\\\/www.rukajarvensuunnanhistoriayhdistys.fi\\\/historiayhdistys\\\/wp-content\\\/uploads\\\/2013\\\/12\\\/Otsake_3.jpg\",\"width\":1000,\"height\":442,\"caption\":\"Rukaj\u00e4rven suunnan historiayhdistys\"},\"image\":{\"@id\":\"http:\\\/\\\/www.rukajarvensuunnanhistoriayhdistys.fi\\\/historiayhdistys\\\/#\\\/schema\\\/logo\\\/image\\\/\"}},{\"@type\":\"Person\",\"@id\":\"http:\\\/\\\/www.rukajarvensuunnanhistoriayhdistys.fi\\\/historiayhdistys\\\/#\\\/schema\\\/person\\\/19de7db68bf72dfd2b5d7f6dfbf8454d\",\"name\":\"RSHY\",\"image\":{\"@type\":\"ImageObject\",\"inLanguage\":\"fi\",\"@id\":\"https:\\\/\\\/secure.gravatar.com\\\/avatar\\\/598d59263a69cc8de65fcb4f9db78d6f58c098cb0e0ba22d73377441af9fa04c?s=96&d=blank&r=g\",\"url\":\"https:\\\/\\\/secure.gravatar.com\\\/avatar\\\/598d59263a69cc8de65fcb4f9db78d6f58c098cb0e0ba22d73377441af9fa04c?s=96&d=blank&r=g\",\"contentUrl\":\"https:\\\/\\\/secure.gravatar.com\\\/avatar\\\/598d59263a69cc8de65fcb4f9db78d6f58c098cb0e0ba22d73377441af9fa04c?s=96&d=blank&r=g\",\"caption\":\"RSHY\"},\"url\":\"http:\\\/\\\/www.rukajarvensuunnanhistoriayhdistys.fi\\\/historiayhdistys\\\/author\\\/rshy\\\/\"}]}<\/script>\n<!-- \/ Yoast SEO plugin. -->","yoast_head_json":{"title":"Veteraaneille tiedossa ilmainen h\u00f6yryjunamatka - Rukaj\u00e4rven suunnan historiayhdistys","robots":{"index":"index","follow":"follow","max-snippet":"max-snippet:-1","max-image-preview":"max-image-preview:large","max-video-preview":"max-video-preview:-1"},"canonical":"https:\/\/www.rukajarvensuunnanhistoriayhdistys.fi\/historiayhdistys\/veteraaneille-tiedossa-ilmainen-hoyryjunamatka\/","og_locale":"fi_FI","og_type":"article","og_title":"Veteraaneille tiedossa ilmainen h\u00f6yryjunamatka - Rukaj\u00e4rven suunnan historiayhdistys","og_description":"H\u00f6yryjuna saapuu j\u00e4lleen Yl\u00e4-Savoon ja liikenn\u00f6i 17.-19.7.2015 v\u00e4lisen ajan kahdesti p\u00e4iv\u00e4\u00e4n Kiuruveden ja Iisalmen v\u00e4lill\u00e4. H\u00f6yryjuna on sama &#8221;Heikki&#8221; (Hv3 995) mill\u00e4 veteraanit matkustivat viime syksyn\u00e4 veteraanijuhlille Lieksaan. Junan tarkempi Teksti jatkuu...Veteraaneille tiedossa ilmainen h\u00f6yryjunamatka\u2192","og_url":"https:\/\/www.rukajarvensuunnanhistoriayhdistys.fi\/historiayhdistys\/veteraaneille-tiedossa-ilmainen-hoyryjunamatka\/","og_site_name":"Rukaj\u00e4rven suunnan historiayhdistys","article_published_time":"2015-07-17T05:49:28+00:00","article_modified_time":"2015-07-17T06:30:43+00:00","og_image":[{"width":1754,"height":1240,"url":"https:\/\/www.rukajarvensuunnanhistoriayhdistys.fi\/historiayhdistys\/wp-content\/uploads\/2014\/09\/Kiuruvesi-4-9-2014-vesitys-2.jpg","type":"image\/jpeg"}],"author":"RSHY","twitter_misc":{"Kirjoittanut":"RSHY","Arvioitu lukuaika":"1 minuutti"},"schema":{"@context":"https:\/\/schema.org","@graph":[{"@type":"Article","@id":"https:\/\/www.rukajarvensuunnanhistoriayhdistys.fi\/historiayhdistys\/veteraaneille-tiedossa-ilmainen-hoyryjunamatka\/#article","isPartOf":{"@id":"https:\/\/www.rukajarvensuunnanhistoriayhdistys.fi\/historiayhdistys\/veteraaneille-tiedossa-ilmainen-hoyryjunamatka\/"},"author":{"name":"RSHY","@id":"http:\/\/www.rukajarvensuunnanhistoriayhdistys.fi\/historiayhdistys\/#\/schema\/person\/19de7db68bf72dfd2b5d7f6dfbf8454d"},"headline":"Veteraaneille tiedossa ilmainen h\u00f6yryjunamatka","datePublished":"2015-07-17T05:49:28+00:00","dateModified":"2015-07-17T06:30:43+00:00","mainEntityOfPage":{"@id":"https:\/\/www.rukajarvensuunnanhistoriayhdistys.fi\/historiayhdistys\/veteraaneille-tiedossa-ilmainen-hoyryjunamatka\/"},"wordCount":301,"publisher":{"@id":"http:\/\/www.rukajarvensuunnanhistoriayhdistys.fi\/historiayhdistys\/#organization"},"image":{"@id":"https:\/\/www.rukajarvensuunnanhistoriayhdistys.fi\/historiayhdistys\/veteraaneille-tiedossa-ilmainen-hoyryjunamatka\/#primaryimage"},"thumbnailUrl":"http:\/\/www.rukajarvensuunnanhistoriayhdistys.fi\/historiayhdistys\/wp-content\/uploads\/2014\/09\/Kiuruvesi-4-9-2014-vesitys-2.jpg","articleSection":["Ajankohtaista"],"inLanguage":"fi"},{"@type":"WebPage","@id":"https:\/\/www.rukajarvensuunnanhistoriayhdistys.fi\/historiayhdistys\/veteraaneille-tiedossa-ilmainen-hoyryjunamatka\/","url":"https:\/\/www.rukajarvensuunnanhistoriayhdistys.fi\/historiayhdistys\/veteraaneille-tiedossa-ilmainen-hoyryjunamatka\/","name":"Veteraaneille tiedossa ilmainen h\u00f6yryjunamatka - Rukaj\u00e4rven suunnan historiayhdistys","isPartOf":{"@id":"http:\/\/www.rukajarvensuunnanhistoriayhdistys.fi\/historiayhdistys\/#website"},"primaryImageOfPage":{"@id":"https:\/\/www.rukajarvensuunnanhistoriayhdistys.fi\/historiayhdistys\/veteraaneille-tiedossa-ilmainen-hoyryjunamatka\/#primaryimage"},"image":{"@id":"https:\/\/www.rukajarvensuunnanhistoriayhdistys.fi\/historiayhdistys\/veteraaneille-tiedossa-ilmainen-hoyryjunamatka\/#primaryimage"},"thumbnailUrl":"http:\/\/www.rukajarvensuunnanhistoriayhdistys.fi\/historiayhdistys\/wp-content\/uploads\/2014\/09\/Kiuruvesi-4-9-2014-vesitys-2.jpg","datePublished":"2015-07-17T05:49:28+00:00","dateModified":"2015-07-17T06:30:43+00:00","breadcrumb":{"@id":"https:\/\/www.rukajarvensuunnanhistoriayhdistys.fi\/historiayhdistys\/veteraaneille-tiedossa-ilmainen-hoyryjunamatka\/#breadcrumb"},"inLanguage":"fi","potentialAction":[{"@type":"ReadAction","target":["https:\/\/www.rukajarvensuunnanhistoriayhdistys.fi\/historiayhdistys\/veteraaneille-tiedossa-ilmainen-hoyryjunamatka\/"]}]},{"@type":"ImageObject","inLanguage":"fi","@id":"https:\/\/www.rukajarvensuunnanhistoriayhdistys.fi\/historiayhdistys\/veteraaneille-tiedossa-ilmainen-hoyryjunamatka\/#primaryimage","url":"http:\/\/www.rukajarvensuunnanhistoriayhdistys.fi\/historiayhdistys\/wp-content\/uploads\/2014\/09\/Kiuruvesi-4-9-2014-vesitys-2.jpg","contentUrl":"http:\/\/www.rukajarvensuunnanhistoriayhdistys.fi\/historiayhdistys\/wp-content\/uploads\/2014\/09\/Kiuruvesi-4-9-2014-vesitys-2.jpg","width":1754,"height":1240,"caption":"Tapani Laaksomies vesitt\u00e4\u00e4 Juhlajunan perinteisin menoin Kiuruvedell\u00e4."},{"@type":"BreadcrumbList","@id":"https:\/\/www.rukajarvensuunnanhistoriayhdistys.fi\/historiayhdistys\/veteraaneille-tiedossa-ilmainen-hoyryjunamatka\/#breadcrumb","itemListElement":[{"@type":"ListItem","position":1,"name":"Etusivu","item":"http:\/\/www.rukajarvensuunnanhistoriayhdistys.fi\/historiayhdistys\/"},{"@type":"ListItem","position":2,"name":"Veteraaneille tiedossa ilmainen h\u00f6yryjunamatka"}]},{"@type":"WebSite","@id":"http:\/\/www.rukajarvensuunnanhistoriayhdistys.fi\/historiayhdistys\/#website","url":"http:\/\/www.rukajarvensuunnanhistoriayhdistys.fi\/historiayhdistys\/","name":"Rukaj\u00e4rven suunnan historiayhdistys","description":"Rukaj\u00e4rven suunnan historiayhdistyksen verkkosivut.","publisher":{"@id":"http:\/\/www.rukajarvensuunnanhistoriayhdistys.fi\/historiayhdistys\/#organization"},"potentialAction":[{"@type":"SearchAction","target":{"@type":"EntryPoint","urlTemplate":"http:\/\/www.rukajarvensuunnanhistoriayhdistys.fi\/historiayhdistys\/?s={search_term_string}"},"query-input":{"@type":"PropertyValueSpecification","valueRequired":true,"valueName":"search_term_string"}}],"inLanguage":"fi"},{"@type":"Organization","@id":"http:\/\/www.rukajarvensuunnanhistoriayhdistys.fi\/historiayhdistys\/#organization","name":"Rukaj\u00e4rven suunnan historiayhdistys","url":"http:\/\/www.rukajarvensuunnanhistoriayhdistys.fi\/historiayhdistys\/","logo":{"@type":"ImageObject","inLanguage":"fi","@id":"http:\/\/www.rukajarvensuunnanhistoriayhdistys.fi\/historiayhdistys\/#\/schema\/logo\/image\/","url":"http:\/\/www.rukajarvensuunnanhistoriayhdistys.fi\/historiayhdistys\/wp-content\/uploads\/2013\/12\/Otsake_3.jpg","contentUrl":"http:\/\/www.rukajarvensuunnanhistoriayhdistys.fi\/historiayhdistys\/wp-content\/uploads\/2013\/12\/Otsake_3.jpg","width":1000,"height":442,"caption":"Rukaj\u00e4rven suunnan historiayhdistys"},"image":{"@id":"http:\/\/www.rukajarvensuunnanhistoriayhdistys.fi\/historiayhdistys\/#\/schema\/logo\/image\/"}},{"@type":"Person","@id":"http:\/\/www.rukajarvensuunnanhistoriayhdistys.fi\/historiayhdistys\/#\/schema\/person\/19de7db68bf72dfd2b5d7f6dfbf8454d","name":"RSHY","image":{"@type":"ImageObject","inLanguage":"fi","@id":"https:\/\/secure.gravatar.com\/avatar\/598d59263a69cc8de65fcb4f9db78d6f58c098cb0e0ba22d73377441af9fa04c?s=96&d=blank&r=g","url":"https:\/\/secure.gravatar.com\/avatar\/598d59263a69cc8de65fcb4f9db78d6f58c098cb0e0ba22d73377441af9fa04c?s=96&d=blank&r=g","contentUrl":"https:\/\/secure.gravatar.com\/avatar\/598d59263a69cc8de65fcb4f9db78d6f58c098cb0e0ba22d73377441af9fa04c?s=96&d=blank&r=g","caption":"RSHY"},"url":"http:\/\/www.rukajarvensuunnanhistoriayhdistys.fi\/historiayhdistys\/author\/rshy\/"}]}},"_links":{"self":[{"href":"http:\/\/www.rukajarvensuunnanhistoriayhdistys.fi\/historiayhdistys\/wp-json\/wp\/v2\/posts\/10097","targetHints":{"allow":["GET"]}}],"collection":[{"href":"http:\/\/www.rukajarvensuunnanhistoriayhdistys.fi\/historiayhdistys\/wp-json\/wp\/v2\/posts"}],"about":[{"href":"http:\/\/www.rukajarvensuunnanhistoriayhdistys.fi\/historiayhdistys\/wp-json\/wp\/v2\/types\/post"}],"author":[{"embeddable":true,"href":"http:\/\/www.rukajarvensuunnanhistoriayhdistys.fi\/historiayhdistys\/wp-json\/wp\/v2\/users\/3"}],"replies":[{"embeddable":true,"href":"http:\/\/www.rukajarvensuunnanhistoriayhdistys.fi\/historiayhdistys\/wp-json\/wp\/v2\/comments?post=10097"}],"version-history":[{"count":7,"href":"http:\/\/www.rukajarvensuunnanhistoriayhdistys.fi\/historiayhdistys\/wp-json\/wp\/v2\/posts\/10097\/revisions"}],"predecessor-version":[{"id":10169,"href":"http:\/\/www.rukajarvensuunnanhistoriayhdistys.fi\/historiayhdistys\/wp-json\/wp\/v2\/posts\/10097\/revisions\/10169"}],"wp:featuredmedia":[{"embeddable":true,"href":"http:\/\/www.rukajarvensuunnanhistoriayhdistys.fi\/historiayhdistys\/wp-json\/wp\/v2\/media\/944"}],"wp:attachment":[{"href":"http:\/\/www.rukajarvensuunnanhistoriayhdistys.fi\/historiayhdistys\/wp-json\/wp\/v2\/media?parent=10097"}],"wp:term":[{"taxonomy":"category","embeddable":true,"href":"http:\/\/www.rukajarvensuunnanhistoriayhdistys.fi\/historiayhdistys\/wp-json\/wp\/v2\/categories?post=10097"},{"taxonomy":"post_tag","embeddable":true,"href":"http:\/\/www.rukajarvensuunnanhistoriayhdistys.fi\/historiayhdistys\/wp-json\/wp\/v2\/tags?post=10097"}],"curies":[{"name":"wp","href":"https:\/\/api.w.org\/{rel}","templated":true}]}}