{"id":10119,"date":"2015-07-01T22:23:08","date_gmt":"2015-07-01T19:23:08","guid":{"rendered":"http:\/\/www.rukajarvensuunnanhistoriayhdistys.fi\/historiayhdistys\/?p=10119"},"modified":"2015-07-01T22:25:20","modified_gmt":"2015-07-01T19:25:20","slug":"yrjo-ilmari-kauranen-27-8-1921-8-6-2015","status":"publish","type":"post","link":"http:\/\/www.rukajarvensuunnanhistoriayhdistys.fi\/historiayhdistys\/yrjo-ilmari-kauranen-27-8-1921-8-6-2015\/","title":{"rendered":"Yrj\u00f6 Ilmari Kauranen (27.8.1921 &#8211; 8.6.2015)"},"content":{"rendered":"<div class=\"fcbkbttn_buttons_block\" id=\"fcbkbttn_left\"><div class=\"fcbkbttn_like \"><fb:like href=\"http:\/\/www.rukajarvensuunnanhistoriayhdistys.fi\/historiayhdistys\/yrjo-ilmari-kauranen-27-8-1921-8-6-2015\/\" action=\"like\" colorscheme=\"light\" layout=\"button_count\"  size=\"small\"><\/fb:like><\/div><\/div><p><span style=\"line-height: 115%; font-family: 'Arial','sans-serif'; font-size: 12pt;\"><span style=\"color: #000000;\"><strong>IS\u00c4NI YRJ\u00d6 ILMARI KAURASEN (27.8.1921 \u2013 8.6.2015) MUISTOLLE<\/strong> <\/span><\/span><\/p>\n<p><span style=\"line-height: 115%; font-family: 'Arial','sans-serif'; font-size: 12pt;\"><span style=\"color: #000000;\">Hyv\u00e4t lukijat, aloitan muisteloni runoilija Lauri Viidan sanoin: <\/span><\/span><\/p>\n<p><a href=\"http:\/\/www.rukajarvensuunnanhistoriayhdistys.fi\/historiayhdistys\/wp-content\/uploads\/2015\/07\/Yrj\u00f6-Kauranen-1.jpg\"><img loading=\"lazy\" decoding=\"async\" class=\"aligncenter wp-image-10121 size-full\" src=\"http:\/\/www.rukajarvensuunnanhistoriayhdistys.fi\/historiayhdistys\/wp-content\/uploads\/2015\/07\/Yrj\u00f6-Kauranen-1.jpg\" alt=\"Yrj\u00f6 Kauranen 1\" width=\"498\" height=\"273\" data-id=\"10121\" srcset=\"http:\/\/www.rukajarvensuunnanhistoriayhdistys.fi\/historiayhdistys\/wp-content\/uploads\/2015\/07\/Yrj\u00f6-Kauranen-1.jpg 498w, http:\/\/www.rukajarvensuunnanhistoriayhdistys.fi\/historiayhdistys\/wp-content\/uploads\/2015\/07\/Yrj\u00f6-Kauranen-1-300x164.jpg 300w\" sizes=\"auto, (max-width: 498px) 100vw, 498px\" \/><\/a><\/p>\n<p><span style=\"line-height: 115%; font-family: 'Arial','sans-serif'; font-size: 12pt;\"><span style=\"color: #000000;\">Is\u00e4ni haavoittui ns. Pallon taisteluissa 26.-28.6.1943 (juhannuksen kes\u00e4ll\u00e4) puussa r\u00e4j\u00e4ht\u00e4neeseen, vihollisen asentamaan ja viritt\u00e4m\u00e4\u00e4n sirpalekranaattiin. <\/span><\/span><\/p>\n<p><span style=\"line-height: 115%; font-family: 'Arial','sans-serif'; font-size: 12pt;\"><span style=\"color: #000000;\">Sotasairaalan l\u00e4\u00e4k\u00e4ri oli todennut sirpaleen tunkeutuneen keuhkoihin, koska sielt\u00e4 pursuaa verta ja ilmaa. Suureen leikkaukseen niiss\u00e4 olosuhteissa ei ollut mahdollisuutta; oli vaan toivottu, ett\u00e4 sirpale \u201dkoteloituisi \u201deik\u00e4 l\u00e4htisi liikkeelle ja n\u00e4in tapahtui , sirpale koteloitui. <\/span><\/span><\/p>\n<figure id=\"attachment_10122\" aria-describedby=\"caption-attachment-10122\" style=\"width: 3264px\" class=\"wp-caption aligncenter\"><a href=\"http:\/\/www.rukajarvensuunnanhistoriayhdistys.fi\/historiayhdistys\/wp-content\/uploads\/2015\/07\/P7222777-H.jpg\"><img loading=\"lazy\" decoding=\"async\" class=\"wp-image-10122 size-full\" src=\"http:\/\/www.rukajarvensuunnanhistoriayhdistys.fi\/historiayhdistys\/wp-content\/uploads\/2015\/07\/P7222777-H.jpg\" alt=\"Rukaj\u00e4rven suunnan historiayhdistys haastatteli Rukaj\u00e4rven veteraanit Viljo Kemil\u00e4isen ja Yrj\u00f6 Kaurasen 22.7.2011. Haastattelun suorittivat Hannu Kauppinen, Antero Huttunen ja Tenho Tikkanen. Haastattelu tehtiin Kiuruvedell\u00e4 M\u00e4enp\u00e4\u00e4n tuvassa.\" width=\"3264\" height=\"2448\" data-id=\"10122\" srcset=\"http:\/\/www.rukajarvensuunnanhistoriayhdistys.fi\/historiayhdistys\/wp-content\/uploads\/2015\/07\/P7222777-H.jpg 3264w, http:\/\/www.rukajarvensuunnanhistoriayhdistys.fi\/historiayhdistys\/wp-content\/uploads\/2015\/07\/P7222777-H-300x225.jpg 300w, http:\/\/www.rukajarvensuunnanhistoriayhdistys.fi\/historiayhdistys\/wp-content\/uploads\/2015\/07\/P7222777-H-1024x768.jpg 1024w\" sizes=\"auto, (max-width: 3264px) 100vw, 3264px\" \/><\/a><figcaption id=\"caption-attachment-10122\" class=\"wp-caption-text\">Kartat on levitetty M\u00e4enp\u00e4\u00e4n tuvan p\u00f6yd\u00e4lle. Rukaj\u00e4rven suunnan historiayhdistys haastatteli Rukaj\u00e4rven veteraanit Viljo Kemil\u00e4isen ja Yrj\u00f6 Kaurasen 22.7.2011. Haastattelun suorittivat Hannu Kauppinen, Antero Huttunen ja Tenho Tikkanen. Haastattelu on tallennettu yhdistyksen digiarkistoon.<\/figcaption><\/figure>\n<p><span style=\"line-height: 115%; font-family: 'Arial','sans-serif'; font-size: 12pt;\"><span style=\"color: #000000;\">Pitk\u00e4n, pitk\u00e4n toipumisajan is\u00e4 vietti Tiiksan sotasairaalassa. Muistan h\u00e4nen kertoneen \u201dty\u00f6komennuksesta\u201d, jossa h\u00e4n sai avustaa hoitajaa huovalla (viltill\u00e4) peitetyn p\u00e4revakan siirrossa. Kuvitelkaa lukijat! Vakasta oli kuulunut hento mies\u00e4\u00e4ni \u201dkantakaa varovasti, t\u00e4ss\u00e4 vakassa on huonot korvat\u201d. T\u00e4lle ihmiselle ei ollut en\u00e4\u00e4 t\u00e4rkeint\u00e4, puuttuiko h\u00e4nelt\u00e4 kenties k\u00e4det tai jalat vaiko molemmat, vaan t\u00e4rkeint\u00e4 oli se, ett\u00e4 saisi el\u00e4\u00e4. Periksi ei annettu, velje\u00e4 ei j\u00e4tetty, se oli talvisodan henki. <\/span><\/span><\/p>\n<p><span style=\"line-height: 115%; font-family: 'Arial','sans-serif'; font-size: 12pt;\"><span style=\"color: #000000;\">Vuosia sitten olin is\u00e4\u00e4ni k\u00e4ytt\u00e4m\u00e4ss\u00e4 KYS:ssa magneettikuvauksessa. L\u00e4\u00e4k\u00e4ri oli kysynyt is\u00e4lt\u00e4, onko h\u00e4nell\u00e4 kenties sormuksia tai kelloa tai muuta metalliesinett\u00e4, kun kuvauslaite ei toimi, vaan antaa h\u00e4lytysmerkki\u00e4. Is\u00e4 oli vastannut, ettei ole kelloa eik\u00e4 sormuksia &#8211; vain se Veliven\u00e4l\u00e4isen muisto siell\u00e4 keuhkoissa. Kuvausta ei suoritettu, koska sirpale olisi saattanut l\u00e4hte\u00e4 liikkeelle kohtalokkain seurauksin.<\/span><\/span><\/p>\n<p><span style=\"line-height: 115%; font-family: 'Arial','sans-serif'; font-size: 12pt;\"><span style=\"color: #000000;\">Is\u00e4 sai viett\u00e4\u00e4 kaksi vuotta Vetre\u00e4ss\u00e4, johon h\u00e4net oli kotoutettu. Se oli h\u00e4nelle toinen koti, jossa h\u00e4n viihtyi eritt\u00e4in hyvin aseveljien seurassa. \u201dT\u00e4\u00e4ll\u00e4 meit\u00e4 nukutetaan kahden valkoisen lakanan v\u00e4liss\u00e4, toisin kuin Rukaj\u00e4rvell\u00e4\u201d, h\u00e4n tapasi sanoa. Menness\u00e4ni katsomaan is\u00e4\u00e4 h\u00e4nen viimeisin\u00e4 elinp\u00e4ivin\u00e4\u00e4n ja n\u00e4hdess\u00e4ni l\u00e4hd\u00f6n olevan l\u00e4hell\u00e4, esitin henkil\u00f6kunnalle toiveen, ett\u00e4 \u201dmaalia ei en\u00e4\u00e4 siirrett\u00e4isi\u201d, vaan kivut poistavaa l\u00e4\u00e4kityst\u00e4 annettaisiin s\u00e4\u00e4stelem\u00e4tt\u00e4. Kiitos Vetre\u00e4lle ja Iisalmen sairaalalle. <\/span><\/span><\/p>\n<p><span style=\"line-height: 115%; font-family: 'Arial','sans-serif'; font-size: 12pt;\"><span style=\"color: #000000;\">Is\u00e4ni siunattiin viimeiselle matkalleen Kiuruveden kirkossa 18.6.2015. <\/span><\/span><\/p>\n<p><span style=\"line-height: 115%; font-family: 'Arial','sans-serif'; font-size: 12pt;\"><span style=\"color: #000000;\">Siin\u00e4 tilaisuudessa mieleeni muistuivat sanat:<\/span><\/span><\/p>\n<p><img loading=\"lazy\" decoding=\"async\" class=\"aligncenter wp-image-10120 size-full\" src=\"http:\/\/www.rukajarvensuunnanhistoriayhdistys.fi\/historiayhdistys\/wp-content\/uploads\/2015\/07\/Yrj\u00f6-Kauranen-2.jpg\" alt=\"Yrj\u00f6 Kauranen 2\" width=\"516\" height=\"216\" data-id=\"10120\" srcset=\"http:\/\/www.rukajarvensuunnanhistoriayhdistys.fi\/historiayhdistys\/wp-content\/uploads\/2015\/07\/Yrj\u00f6-Kauranen-2.jpg 516w, http:\/\/www.rukajarvensuunnanhistoriayhdistys.fi\/historiayhdistys\/wp-content\/uploads\/2015\/07\/Yrj\u00f6-Kauranen-2-300x126.jpg 300w\" sizes=\"auto, (max-width: 516px) 100vw, 516px\" \/><\/p>\n<p><span style=\"line-height: 115%; font-family: 'Arial','sans-serif'; font-size: 12pt;\"><span style=\"color: #000000;\">Pieni Ellen-tytt\u00f6 k\u00e4vi laskemassa oman sinivalkoisen kukkakimppunsa ukin honka-arkulle ja sittemmin h\u00e4nen haudalleen. <\/span><\/span><\/p>\n<p><span style=\"line-height: 115%; font-family: 'Arial','sans-serif'; font-size: 12pt;\"><span style=\"color: #000000;\">Is\u00e4ni haudattiin \u00e4idin viereen n. parinkymmenen metrin p\u00e4\u00e4h\u00e4n sankarihaudoista \u2013 ik\u00e4\u00e4n kuin 452 sodassa kaatuneen veljens\u00e4 joukkoon. Hyv\u00e4\u00e4 I\u00e4isyysmatkaa Is\u00e4. <\/span><\/span><\/p>\n<p><span style=\"line-height: 115%; font-family: 'Arial','sans-serif'; font-size: 12pt;\"><span style=\"color: #000000;\"><strong>Poikasi Ky\u00f6sti<\/strong><\/span><\/span><\/p>\n<p>&nbsp;<\/p>\n<p>&nbsp;<\/p>\n","protected":false},"excerpt":{"rendered":"<p>IS\u00c4NI YRJ\u00d6 ILMARI KAURASEN (27.8.1921 \u2013 8.6.2015) MUISTOLLE Hyv\u00e4t lukijat, aloitan muisteloni runoilija Lauri Viidan sanoin: Is\u00e4ni haavoittui ns. Pallon taisteluissa 26.-28.6.1943 (juhannuksen kes\u00e4ll\u00e4) puussa r\u00e4j\u00e4ht\u00e4neeseen, vihollisen asentamaan ja viritt\u00e4m\u00e4\u00e4n <a class=\"more-link\" href=\"http:\/\/www.rukajarvensuunnanhistoriayhdistys.fi\/historiayhdistys\/yrjo-ilmari-kauranen-27-8-1921-8-6-2015\/\">Teksti jatkuu&#8230;<span class=\"screen-reader-text\">Yrj\u00f6 Ilmari Kauranen (27.8.1921 &#8211; 8.6.2015)<\/span><span class=\"meta-nav\">\u2192<\/span><\/a><\/p>\n","protected":false},"author":3,"featured_media":10122,"comment_status":"closed","ping_status":"open","sticky":false,"template":"","format":"standard","meta":{"footnotes":""},"categories":[22],"tags":[],"class_list":["post-10119","post","type-post","status-publish","format-standard","has-post-thumbnail","hentry","category-ajankohtaista"],"yoast_head":"<!-- This site is optimized with the Yoast SEO plugin v27.4 - https:\/\/yoast.com\/product\/yoast-seo-wordpress\/ -->\n<title>Yrj\u00f6 Ilmari Kauranen (27.8.1921 - 8.6.2015) - Rukaj\u00e4rven suunnan historiayhdistys<\/title>\n<meta name=\"robots\" content=\"index, follow, max-snippet:-1, max-image-preview:large, max-video-preview:-1\" \/>\n<link rel=\"canonical\" href=\"http:\/\/www.rukajarvensuunnanhistoriayhdistys.fi\/historiayhdistys\/yrjo-ilmari-kauranen-27-8-1921-8-6-2015\/\" \/>\n<meta property=\"og:locale\" content=\"fi_FI\" \/>\n<meta property=\"og:type\" content=\"article\" \/>\n<meta property=\"og:title\" content=\"Yrj\u00f6 Ilmari Kauranen (27.8.1921 - 8.6.2015) - Rukaj\u00e4rven suunnan historiayhdistys\" \/>\n<meta property=\"og:description\" content=\"IS\u00c4NI YRJ\u00d6 ILMARI KAURASEN (27.8.1921 \u2013 8.6.2015) MUISTOLLE Hyv\u00e4t lukijat, aloitan muisteloni runoilija Lauri Viidan sanoin: Is\u00e4ni haavoittui ns. Pallon taisteluissa 26.-28.6.1943 (juhannuksen kes\u00e4ll\u00e4) puussa r\u00e4j\u00e4ht\u00e4neeseen, vihollisen asentamaan ja viritt\u00e4m\u00e4\u00e4n Teksti jatkuu...Yrj\u00f6 Ilmari Kauranen (27.8.1921 &#8211; 8.6.2015)\u2192\" \/>\n<meta property=\"og:url\" content=\"http:\/\/www.rukajarvensuunnanhistoriayhdistys.fi\/historiayhdistys\/yrjo-ilmari-kauranen-27-8-1921-8-6-2015\/\" \/>\n<meta property=\"og:site_name\" content=\"Rukaj\u00e4rven suunnan historiayhdistys\" \/>\n<meta property=\"article:published_time\" content=\"2015-07-01T19:23:08+00:00\" \/>\n<meta property=\"article:modified_time\" content=\"2015-07-01T19:25:20+00:00\" \/>\n<meta property=\"og:image\" content=\"http:\/\/www.rukajarvensuunnanhistoriayhdistys.fi\/historiayhdistys\/wp-content\/uploads\/2015\/07\/P7222777-H.jpg\" \/>\n\t<meta property=\"og:image:width\" content=\"3264\" \/>\n\t<meta property=\"og:image:height\" content=\"2448\" \/>\n\t<meta property=\"og:image:type\" content=\"image\/jpeg\" \/>\n<meta name=\"author\" content=\"RSHY\" \/>\n<meta name=\"twitter:label1\" content=\"Kirjoittanut\" \/>\n\t<meta name=\"twitter:data1\" content=\"RSHY\" \/>\n\t<meta name=\"twitter:label2\" content=\"Arvioitu lukuaika\" \/>\n\t<meta name=\"twitter:data2\" content=\"2 minuuttia\" \/>\n<script type=\"application\/ld+json\" class=\"yoast-schema-graph\">{\"@context\":\"https:\\\/\\\/schema.org\",\"@graph\":[{\"@type\":\"Article\",\"@id\":\"http:\\\/\\\/www.rukajarvensuunnanhistoriayhdistys.fi\\\/historiayhdistys\\\/yrjo-ilmari-kauranen-27-8-1921-8-6-2015\\\/#article\",\"isPartOf\":{\"@id\":\"http:\\\/\\\/www.rukajarvensuunnanhistoriayhdistys.fi\\\/historiayhdistys\\\/yrjo-ilmari-kauranen-27-8-1921-8-6-2015\\\/\"},\"author\":{\"name\":\"RSHY\",\"@id\":\"http:\\\/\\\/www.rukajarvensuunnanhistoriayhdistys.fi\\\/historiayhdistys\\\/#\\\/schema\\\/person\\\/19de7db68bf72dfd2b5d7f6dfbf8454d\"},\"headline\":\"Yrj\u00f6 Ilmari Kauranen (27.8.1921 &#8211; 8.6.2015)\",\"datePublished\":\"2015-07-01T19:23:08+00:00\",\"dateModified\":\"2015-07-01T19:25:20+00:00\",\"mainEntityOfPage\":{\"@id\":\"http:\\\/\\\/www.rukajarvensuunnanhistoriayhdistys.fi\\\/historiayhdistys\\\/yrjo-ilmari-kauranen-27-8-1921-8-6-2015\\\/\"},\"wordCount\":414,\"publisher\":{\"@id\":\"http:\\\/\\\/www.rukajarvensuunnanhistoriayhdistys.fi\\\/historiayhdistys\\\/#organization\"},\"image\":{\"@id\":\"http:\\\/\\\/www.rukajarvensuunnanhistoriayhdistys.fi\\\/historiayhdistys\\\/yrjo-ilmari-kauranen-27-8-1921-8-6-2015\\\/#primaryimage\"},\"thumbnailUrl\":\"http:\\\/\\\/www.rukajarvensuunnanhistoriayhdistys.fi\\\/historiayhdistys\\\/wp-content\\\/uploads\\\/2015\\\/07\\\/P7222777-H.jpg\",\"articleSection\":[\"Ajankohtaista\"],\"inLanguage\":\"fi\"},{\"@type\":\"WebPage\",\"@id\":\"http:\\\/\\\/www.rukajarvensuunnanhistoriayhdistys.fi\\\/historiayhdistys\\\/yrjo-ilmari-kauranen-27-8-1921-8-6-2015\\\/\",\"url\":\"http:\\\/\\\/www.rukajarvensuunnanhistoriayhdistys.fi\\\/historiayhdistys\\\/yrjo-ilmari-kauranen-27-8-1921-8-6-2015\\\/\",\"name\":\"Yrj\u00f6 Ilmari Kauranen (27.8.1921 - 8.6.2015) - Rukaj\u00e4rven suunnan historiayhdistys\",\"isPartOf\":{\"@id\":\"http:\\\/\\\/www.rukajarvensuunnanhistoriayhdistys.fi\\\/historiayhdistys\\\/#website\"},\"primaryImageOfPage\":{\"@id\":\"http:\\\/\\\/www.rukajarvensuunnanhistoriayhdistys.fi\\\/historiayhdistys\\\/yrjo-ilmari-kauranen-27-8-1921-8-6-2015\\\/#primaryimage\"},\"image\":{\"@id\":\"http:\\\/\\\/www.rukajarvensuunnanhistoriayhdistys.fi\\\/historiayhdistys\\\/yrjo-ilmari-kauranen-27-8-1921-8-6-2015\\\/#primaryimage\"},\"thumbnailUrl\":\"http:\\\/\\\/www.rukajarvensuunnanhistoriayhdistys.fi\\\/historiayhdistys\\\/wp-content\\\/uploads\\\/2015\\\/07\\\/P7222777-H.jpg\",\"datePublished\":\"2015-07-01T19:23:08+00:00\",\"dateModified\":\"2015-07-01T19:25:20+00:00\",\"breadcrumb\":{\"@id\":\"http:\\\/\\\/www.rukajarvensuunnanhistoriayhdistys.fi\\\/historiayhdistys\\\/yrjo-ilmari-kauranen-27-8-1921-8-6-2015\\\/#breadcrumb\"},\"inLanguage\":\"fi\",\"potentialAction\":[{\"@type\":\"ReadAction\",\"target\":[\"http:\\\/\\\/www.rukajarvensuunnanhistoriayhdistys.fi\\\/historiayhdistys\\\/yrjo-ilmari-kauranen-27-8-1921-8-6-2015\\\/\"]}]},{\"@type\":\"ImageObject\",\"inLanguage\":\"fi\",\"@id\":\"http:\\\/\\\/www.rukajarvensuunnanhistoriayhdistys.fi\\\/historiayhdistys\\\/yrjo-ilmari-kauranen-27-8-1921-8-6-2015\\\/#primaryimage\",\"url\":\"http:\\\/\\\/www.rukajarvensuunnanhistoriayhdistys.fi\\\/historiayhdistys\\\/wp-content\\\/uploads\\\/2015\\\/07\\\/P7222777-H.jpg\",\"contentUrl\":\"http:\\\/\\\/www.rukajarvensuunnanhistoriayhdistys.fi\\\/historiayhdistys\\\/wp-content\\\/uploads\\\/2015\\\/07\\\/P7222777-H.jpg\",\"width\":3264,\"height\":2448,\"caption\":\"Rukaj\u00e4rven suunnan historiayhdistys haastatteli Rukaj\u00e4rven veteraanit Viljo Kemil\u00e4isen ja Yrj\u00f6 Kaurasen 22.7.2011. Haastattelun suorittivat Hannu Kauppinen, Antero Huttunen ja Tenho Tikkanen. Haastattelu tehtiin Kiuruvedell\u00e4 M\u00e4enp\u00e4\u00e4n tuvassa.\"},{\"@type\":\"BreadcrumbList\",\"@id\":\"http:\\\/\\\/www.rukajarvensuunnanhistoriayhdistys.fi\\\/historiayhdistys\\\/yrjo-ilmari-kauranen-27-8-1921-8-6-2015\\\/#breadcrumb\",\"itemListElement\":[{\"@type\":\"ListItem\",\"position\":1,\"name\":\"Etusivu\",\"item\":\"http:\\\/\\\/www.rukajarvensuunnanhistoriayhdistys.fi\\\/historiayhdistys\\\/\"},{\"@type\":\"ListItem\",\"position\":2,\"name\":\"Yrj\u00f6 Ilmari Kauranen (27.8.1921 &#8211; 8.6.2015)\"}]},{\"@type\":\"WebSite\",\"@id\":\"http:\\\/\\\/www.rukajarvensuunnanhistoriayhdistys.fi\\\/historiayhdistys\\\/#website\",\"url\":\"http:\\\/\\\/www.rukajarvensuunnanhistoriayhdistys.fi\\\/historiayhdistys\\\/\",\"name\":\"Rukaj\u00e4rven suunnan historiayhdistys\",\"description\":\"Rukaj\u00e4rven suunnan historiayhdistyksen verkkosivut.\",\"publisher\":{\"@id\":\"http:\\\/\\\/www.rukajarvensuunnanhistoriayhdistys.fi\\\/historiayhdistys\\\/#organization\"},\"potentialAction\":[{\"@type\":\"SearchAction\",\"target\":{\"@type\":\"EntryPoint\",\"urlTemplate\":\"http:\\\/\\\/www.rukajarvensuunnanhistoriayhdistys.fi\\\/historiayhdistys\\\/?s={search_term_string}\"},\"query-input\":{\"@type\":\"PropertyValueSpecification\",\"valueRequired\":true,\"valueName\":\"search_term_string\"}}],\"inLanguage\":\"fi\"},{\"@type\":\"Organization\",\"@id\":\"http:\\\/\\\/www.rukajarvensuunnanhistoriayhdistys.fi\\\/historiayhdistys\\\/#organization\",\"name\":\"Rukaj\u00e4rven suunnan historiayhdistys\",\"url\":\"http:\\\/\\\/www.rukajarvensuunnanhistoriayhdistys.fi\\\/historiayhdistys\\\/\",\"logo\":{\"@type\":\"ImageObject\",\"inLanguage\":\"fi\",\"@id\":\"http:\\\/\\\/www.rukajarvensuunnanhistoriayhdistys.fi\\\/historiayhdistys\\\/#\\\/schema\\\/logo\\\/image\\\/\",\"url\":\"http:\\\/\\\/www.rukajarvensuunnanhistoriayhdistys.fi\\\/historiayhdistys\\\/wp-content\\\/uploads\\\/2013\\\/12\\\/Otsake_3.jpg\",\"contentUrl\":\"http:\\\/\\\/www.rukajarvensuunnanhistoriayhdistys.fi\\\/historiayhdistys\\\/wp-content\\\/uploads\\\/2013\\\/12\\\/Otsake_3.jpg\",\"width\":1000,\"height\":442,\"caption\":\"Rukaj\u00e4rven suunnan historiayhdistys\"},\"image\":{\"@id\":\"http:\\\/\\\/www.rukajarvensuunnanhistoriayhdistys.fi\\\/historiayhdistys\\\/#\\\/schema\\\/logo\\\/image\\\/\"}},{\"@type\":\"Person\",\"@id\":\"http:\\\/\\\/www.rukajarvensuunnanhistoriayhdistys.fi\\\/historiayhdistys\\\/#\\\/schema\\\/person\\\/19de7db68bf72dfd2b5d7f6dfbf8454d\",\"name\":\"RSHY\",\"image\":{\"@type\":\"ImageObject\",\"inLanguage\":\"fi\",\"@id\":\"https:\\\/\\\/secure.gravatar.com\\\/avatar\\\/598d59263a69cc8de65fcb4f9db78d6f58c098cb0e0ba22d73377441af9fa04c?s=96&d=blank&r=g\",\"url\":\"https:\\\/\\\/secure.gravatar.com\\\/avatar\\\/598d59263a69cc8de65fcb4f9db78d6f58c098cb0e0ba22d73377441af9fa04c?s=96&d=blank&r=g\",\"contentUrl\":\"https:\\\/\\\/secure.gravatar.com\\\/avatar\\\/598d59263a69cc8de65fcb4f9db78d6f58c098cb0e0ba22d73377441af9fa04c?s=96&d=blank&r=g\",\"caption\":\"RSHY\"},\"url\":\"http:\\\/\\\/www.rukajarvensuunnanhistoriayhdistys.fi\\\/historiayhdistys\\\/author\\\/rshy\\\/\"}]}<\/script>\n<!-- \/ Yoast SEO plugin. -->","yoast_head_json":{"title":"Yrj\u00f6 Ilmari Kauranen (27.8.1921 - 8.6.2015) - Rukaj\u00e4rven suunnan historiayhdistys","robots":{"index":"index","follow":"follow","max-snippet":"max-snippet:-1","max-image-preview":"max-image-preview:large","max-video-preview":"max-video-preview:-1"},"canonical":"http:\/\/www.rukajarvensuunnanhistoriayhdistys.fi\/historiayhdistys\/yrjo-ilmari-kauranen-27-8-1921-8-6-2015\/","og_locale":"fi_FI","og_type":"article","og_title":"Yrj\u00f6 Ilmari Kauranen (27.8.1921 - 8.6.2015) - Rukaj\u00e4rven suunnan historiayhdistys","og_description":"IS\u00c4NI YRJ\u00d6 ILMARI KAURASEN (27.8.1921 \u2013 8.6.2015) MUISTOLLE Hyv\u00e4t lukijat, aloitan muisteloni runoilija Lauri Viidan sanoin: Is\u00e4ni haavoittui ns. Pallon taisteluissa 26.-28.6.1943 (juhannuksen kes\u00e4ll\u00e4) puussa r\u00e4j\u00e4ht\u00e4neeseen, vihollisen asentamaan ja viritt\u00e4m\u00e4\u00e4n Teksti jatkuu...Yrj\u00f6 Ilmari Kauranen (27.8.1921 &#8211; 8.6.2015)\u2192","og_url":"http:\/\/www.rukajarvensuunnanhistoriayhdistys.fi\/historiayhdistys\/yrjo-ilmari-kauranen-27-8-1921-8-6-2015\/","og_site_name":"Rukaj\u00e4rven suunnan historiayhdistys","article_published_time":"2015-07-01T19:23:08+00:00","article_modified_time":"2015-07-01T19:25:20+00:00","og_image":[{"width":3264,"height":2448,"url":"http:\/\/www.rukajarvensuunnanhistoriayhdistys.fi\/historiayhdistys\/wp-content\/uploads\/2015\/07\/P7222777-H.jpg","type":"image\/jpeg"}],"author":"RSHY","twitter_misc":{"Kirjoittanut":"RSHY","Arvioitu lukuaika":"2 minuuttia"},"schema":{"@context":"https:\/\/schema.org","@graph":[{"@type":"Article","@id":"http:\/\/www.rukajarvensuunnanhistoriayhdistys.fi\/historiayhdistys\/yrjo-ilmari-kauranen-27-8-1921-8-6-2015\/#article","isPartOf":{"@id":"http:\/\/www.rukajarvensuunnanhistoriayhdistys.fi\/historiayhdistys\/yrjo-ilmari-kauranen-27-8-1921-8-6-2015\/"},"author":{"name":"RSHY","@id":"http:\/\/www.rukajarvensuunnanhistoriayhdistys.fi\/historiayhdistys\/#\/schema\/person\/19de7db68bf72dfd2b5d7f6dfbf8454d"},"headline":"Yrj\u00f6 Ilmari Kauranen (27.8.1921 &#8211; 8.6.2015)","datePublished":"2015-07-01T19:23:08+00:00","dateModified":"2015-07-01T19:25:20+00:00","mainEntityOfPage":{"@id":"http:\/\/www.rukajarvensuunnanhistoriayhdistys.fi\/historiayhdistys\/yrjo-ilmari-kauranen-27-8-1921-8-6-2015\/"},"wordCount":414,"publisher":{"@id":"http:\/\/www.rukajarvensuunnanhistoriayhdistys.fi\/historiayhdistys\/#organization"},"image":{"@id":"http:\/\/www.rukajarvensuunnanhistoriayhdistys.fi\/historiayhdistys\/yrjo-ilmari-kauranen-27-8-1921-8-6-2015\/#primaryimage"},"thumbnailUrl":"http:\/\/www.rukajarvensuunnanhistoriayhdistys.fi\/historiayhdistys\/wp-content\/uploads\/2015\/07\/P7222777-H.jpg","articleSection":["Ajankohtaista"],"inLanguage":"fi"},{"@type":"WebPage","@id":"http:\/\/www.rukajarvensuunnanhistoriayhdistys.fi\/historiayhdistys\/yrjo-ilmari-kauranen-27-8-1921-8-6-2015\/","url":"http:\/\/www.rukajarvensuunnanhistoriayhdistys.fi\/historiayhdistys\/yrjo-ilmari-kauranen-27-8-1921-8-6-2015\/","name":"Yrj\u00f6 Ilmari Kauranen (27.8.1921 - 8.6.2015) - Rukaj\u00e4rven suunnan historiayhdistys","isPartOf":{"@id":"http:\/\/www.rukajarvensuunnanhistoriayhdistys.fi\/historiayhdistys\/#website"},"primaryImageOfPage":{"@id":"http:\/\/www.rukajarvensuunnanhistoriayhdistys.fi\/historiayhdistys\/yrjo-ilmari-kauranen-27-8-1921-8-6-2015\/#primaryimage"},"image":{"@id":"http:\/\/www.rukajarvensuunnanhistoriayhdistys.fi\/historiayhdistys\/yrjo-ilmari-kauranen-27-8-1921-8-6-2015\/#primaryimage"},"thumbnailUrl":"http:\/\/www.rukajarvensuunnanhistoriayhdistys.fi\/historiayhdistys\/wp-content\/uploads\/2015\/07\/P7222777-H.jpg","datePublished":"2015-07-01T19:23:08+00:00","dateModified":"2015-07-01T19:25:20+00:00","breadcrumb":{"@id":"http:\/\/www.rukajarvensuunnanhistoriayhdistys.fi\/historiayhdistys\/yrjo-ilmari-kauranen-27-8-1921-8-6-2015\/#breadcrumb"},"inLanguage":"fi","potentialAction":[{"@type":"ReadAction","target":["http:\/\/www.rukajarvensuunnanhistoriayhdistys.fi\/historiayhdistys\/yrjo-ilmari-kauranen-27-8-1921-8-6-2015\/"]}]},{"@type":"ImageObject","inLanguage":"fi","@id":"http:\/\/www.rukajarvensuunnanhistoriayhdistys.fi\/historiayhdistys\/yrjo-ilmari-kauranen-27-8-1921-8-6-2015\/#primaryimage","url":"http:\/\/www.rukajarvensuunnanhistoriayhdistys.fi\/historiayhdistys\/wp-content\/uploads\/2015\/07\/P7222777-H.jpg","contentUrl":"http:\/\/www.rukajarvensuunnanhistoriayhdistys.fi\/historiayhdistys\/wp-content\/uploads\/2015\/07\/P7222777-H.jpg","width":3264,"height":2448,"caption":"Rukaj\u00e4rven suunnan historiayhdistys haastatteli Rukaj\u00e4rven veteraanit Viljo Kemil\u00e4isen ja Yrj\u00f6 Kaurasen 22.7.2011. Haastattelun suorittivat Hannu Kauppinen, Antero Huttunen ja Tenho Tikkanen. Haastattelu tehtiin Kiuruvedell\u00e4 M\u00e4enp\u00e4\u00e4n tuvassa."},{"@type":"BreadcrumbList","@id":"http:\/\/www.rukajarvensuunnanhistoriayhdistys.fi\/historiayhdistys\/yrjo-ilmari-kauranen-27-8-1921-8-6-2015\/#breadcrumb","itemListElement":[{"@type":"ListItem","position":1,"name":"Etusivu","item":"http:\/\/www.rukajarvensuunnanhistoriayhdistys.fi\/historiayhdistys\/"},{"@type":"ListItem","position":2,"name":"Yrj\u00f6 Ilmari Kauranen (27.8.1921 &#8211; 8.6.2015)"}]},{"@type":"WebSite","@id":"http:\/\/www.rukajarvensuunnanhistoriayhdistys.fi\/historiayhdistys\/#website","url":"http:\/\/www.rukajarvensuunnanhistoriayhdistys.fi\/historiayhdistys\/","name":"Rukaj\u00e4rven suunnan historiayhdistys","description":"Rukaj\u00e4rven suunnan historiayhdistyksen verkkosivut.","publisher":{"@id":"http:\/\/www.rukajarvensuunnanhistoriayhdistys.fi\/historiayhdistys\/#organization"},"potentialAction":[{"@type":"SearchAction","target":{"@type":"EntryPoint","urlTemplate":"http:\/\/www.rukajarvensuunnanhistoriayhdistys.fi\/historiayhdistys\/?s={search_term_string}"},"query-input":{"@type":"PropertyValueSpecification","valueRequired":true,"valueName":"search_term_string"}}],"inLanguage":"fi"},{"@type":"Organization","@id":"http:\/\/www.rukajarvensuunnanhistoriayhdistys.fi\/historiayhdistys\/#organization","name":"Rukaj\u00e4rven suunnan historiayhdistys","url":"http:\/\/www.rukajarvensuunnanhistoriayhdistys.fi\/historiayhdistys\/","logo":{"@type":"ImageObject","inLanguage":"fi","@id":"http:\/\/www.rukajarvensuunnanhistoriayhdistys.fi\/historiayhdistys\/#\/schema\/logo\/image\/","url":"http:\/\/www.rukajarvensuunnanhistoriayhdistys.fi\/historiayhdistys\/wp-content\/uploads\/2013\/12\/Otsake_3.jpg","contentUrl":"http:\/\/www.rukajarvensuunnanhistoriayhdistys.fi\/historiayhdistys\/wp-content\/uploads\/2013\/12\/Otsake_3.jpg","width":1000,"height":442,"caption":"Rukaj\u00e4rven suunnan historiayhdistys"},"image":{"@id":"http:\/\/www.rukajarvensuunnanhistoriayhdistys.fi\/historiayhdistys\/#\/schema\/logo\/image\/"}},{"@type":"Person","@id":"http:\/\/www.rukajarvensuunnanhistoriayhdistys.fi\/historiayhdistys\/#\/schema\/person\/19de7db68bf72dfd2b5d7f6dfbf8454d","name":"RSHY","image":{"@type":"ImageObject","inLanguage":"fi","@id":"https:\/\/secure.gravatar.com\/avatar\/598d59263a69cc8de65fcb4f9db78d6f58c098cb0e0ba22d73377441af9fa04c?s=96&d=blank&r=g","url":"https:\/\/secure.gravatar.com\/avatar\/598d59263a69cc8de65fcb4f9db78d6f58c098cb0e0ba22d73377441af9fa04c?s=96&d=blank&r=g","contentUrl":"https:\/\/secure.gravatar.com\/avatar\/598d59263a69cc8de65fcb4f9db78d6f58c098cb0e0ba22d73377441af9fa04c?s=96&d=blank&r=g","caption":"RSHY"},"url":"http:\/\/www.rukajarvensuunnanhistoriayhdistys.fi\/historiayhdistys\/author\/rshy\/"}]}},"_links":{"self":[{"href":"http:\/\/www.rukajarvensuunnanhistoriayhdistys.fi\/historiayhdistys\/wp-json\/wp\/v2\/posts\/10119","targetHints":{"allow":["GET"]}}],"collection":[{"href":"http:\/\/www.rukajarvensuunnanhistoriayhdistys.fi\/historiayhdistys\/wp-json\/wp\/v2\/posts"}],"about":[{"href":"http:\/\/www.rukajarvensuunnanhistoriayhdistys.fi\/historiayhdistys\/wp-json\/wp\/v2\/types\/post"}],"author":[{"embeddable":true,"href":"http:\/\/www.rukajarvensuunnanhistoriayhdistys.fi\/historiayhdistys\/wp-json\/wp\/v2\/users\/3"}],"replies":[{"embeddable":true,"href":"http:\/\/www.rukajarvensuunnanhistoriayhdistys.fi\/historiayhdistys\/wp-json\/wp\/v2\/comments?post=10119"}],"version-history":[{"count":5,"href":"http:\/\/www.rukajarvensuunnanhistoriayhdistys.fi\/historiayhdistys\/wp-json\/wp\/v2\/posts\/10119\/revisions"}],"predecessor-version":[{"id":10127,"href":"http:\/\/www.rukajarvensuunnanhistoriayhdistys.fi\/historiayhdistys\/wp-json\/wp\/v2\/posts\/10119\/revisions\/10127"}],"wp:featuredmedia":[{"embeddable":true,"href":"http:\/\/www.rukajarvensuunnanhistoriayhdistys.fi\/historiayhdistys\/wp-json\/wp\/v2\/media\/10122"}],"wp:attachment":[{"href":"http:\/\/www.rukajarvensuunnanhistoriayhdistys.fi\/historiayhdistys\/wp-json\/wp\/v2\/media?parent=10119"}],"wp:term":[{"taxonomy":"category","embeddable":true,"href":"http:\/\/www.rukajarvensuunnanhistoriayhdistys.fi\/historiayhdistys\/wp-json\/wp\/v2\/categories?post=10119"},{"taxonomy":"post_tag","embeddable":true,"href":"http:\/\/www.rukajarvensuunnanhistoriayhdistys.fi\/historiayhdistys\/wp-json\/wp\/v2\/tags?post=10119"}],"curies":[{"name":"wp","href":"https:\/\/api.w.org\/{rel}","templated":true}]}}