{"id":10128,"date":"2015-07-12T13:02:51","date_gmt":"2015-07-12T10:02:51","guid":{"rendered":"http:\/\/www.rukajarvensuunnanhistoriayhdistys.fi\/historiayhdistys\/?p=10128"},"modified":"2015-07-14T21:32:18","modified_gmt":"2015-07-14T18:32:18","slug":"laila-halme-1923-2015-in-memoriam","status":"publish","type":"post","link":"http:\/\/www.rukajarvensuunnanhistoriayhdistys.fi\/historiayhdistys\/laila-halme-1923-2015-in-memoriam\/","title":{"rendered":"Laila Halme (1923 &#8211; 2015) in memoriam"},"content":{"rendered":"<div class=\"fcbkbttn_buttons_block\" id=\"fcbkbttn_left\"><div class=\"fcbkbttn_like \"><fb:like href=\"http:\/\/www.rukajarvensuunnanhistoriayhdistys.fi\/historiayhdistys\/laila-halme-1923-2015-in-memoriam\/\" action=\"like\" colorscheme=\"light\" layout=\"button_count\"  size=\"small\"><\/fb:like><\/div><\/div><p><a href=\"http:\/\/www.rukajarvensuunnanhistoriayhdistys.fi\/historiayhdistys\/wp-content\/uploads\/2015\/07\/DSC00072.jpg\"><img loading=\"lazy\" decoding=\"async\" class=\"size-large wp-image-10129\" src=\"http:\/\/www.rukajarvensuunnanhistoriayhdistys.fi\/historiayhdistys\/wp-content\/uploads\/2015\/07\/DSC00072-1024x576.jpg\" alt=\"Laila Halme kotonaan Tampereella talvella 2013\" width=\"530\" height=\"298\" data-id=\"10129\" srcset=\"http:\/\/www.rukajarvensuunnanhistoriayhdistys.fi\/historiayhdistys\/wp-content\/uploads\/2015\/07\/DSC00072-1024x576.jpg 1024w, http:\/\/www.rukajarvensuunnanhistoriayhdistys.fi\/historiayhdistys\/wp-content\/uploads\/2015\/07\/DSC00072-300x169.jpg 300w\" sizes=\"auto, (max-width: 530px) 100vw, 530px\" \/><\/a><\/p>\n<p>Laila Kyllikki Halme (o.s. Pulkkinen) syntyi 23.9.1923 Kuhmossa, jossa h\u00e4nen is\u00e4ns\u00e4 toimi tuohon aikaan kunnan kirjurina. Kolmevuotiaana h\u00e4nen perheens\u00e4 muutti Nuottij\u00e4rvelle, silloisen Kajaanin maalaiskunnan alueelle &#8211; nykyisen viitostien varteen.<\/p>\n<p>Lottaty\u00f6st\u00e4 h\u00e4n kiinnostui \u00e4itins\u00e4 esimerkki\u00e4 noudattaen, ja perheen muutettua Iisalmeen Laila siirtyi Iisalmen Lotta Sv\u00e4rdin tytt\u00f6osastoon. Vuonna 1942 h\u00e4n l\u00e4hti 18-vuotiaana yst\u00e4v\u00e4ns\u00e4 kanssa Sorjan lottaopistoon Karkkuun. Kahden ja puolen kuukauden radios\u00e4hk\u00f6tt\u00e4j\u00e4kurssi alkoi 8. toukokuuta 1942 ja p\u00e4\u00e4ttyi 26. hein\u00e4kuuta, jonka j\u00e4lkeen h\u00e4net komennettiin Rukaj\u00e4rven suunnalle.<\/p>\n<figure id=\"attachment_10132\" aria-describedby=\"caption-attachment-10132\" style=\"width: 530px\" class=\"wp-caption aligncenter\"><a href=\"http:\/\/www.rukajarvensuunnanhistoriayhdistys.fi\/historiayhdistys\/wp-content\/uploads\/2015\/07\/5_LottiaKarkussa_2015b.jpg\"><img loading=\"lazy\" decoding=\"async\" class=\"size-large wp-image-10132\" src=\"http:\/\/www.rukajarvensuunnanhistoriayhdistys.fi\/historiayhdistys\/wp-content\/uploads\/2015\/07\/5_LottiaKarkussa_2015b-1024x663.jpg\" alt=\"Lottia kev\u00e4\u00e4ll\u00e4 1942 radistikurssilaisia Sorjan opistolla Karkussa.\" width=\"530\" height=\"343\" data-id=\"10132\" srcset=\"http:\/\/www.rukajarvensuunnanhistoriayhdistys.fi\/historiayhdistys\/wp-content\/uploads\/2015\/07\/5_LottiaKarkussa_2015b-1024x663.jpg 1024w, http:\/\/www.rukajarvensuunnanhistoriayhdistys.fi\/historiayhdistys\/wp-content\/uploads\/2015\/07\/5_LottiaKarkussa_2015b-300x194.jpg 300w, http:\/\/www.rukajarvensuunnanhistoriayhdistys.fi\/historiayhdistys\/wp-content\/uploads\/2015\/07\/5_LottiaKarkussa_2015b.jpg 1747w\" sizes=\"auto, (max-width: 530px) 100vw, 530px\" \/><\/a><figcaption id=\"caption-attachment-10132\" class=\"wp-caption-text\">Lottia kev\u00e4\u00e4ll\u00e4 1942 radistikurssilla Sorjan lottaopistolla Karkussa.<\/figcaption><\/figure>\n<p>Laila Halme siirrettiin Lotta Sv\u00e4rdin Iisalmen piirist\u00e4 uuteen yksikk\u00f6\u00f6ns\u00e4 Rukaj\u00e4rven ilmavalvontakeskukseen 19.8.1942 radiolotaksi. Samaan aikaan siirrettiin muitakin lottia, joista tuli Lailan hyvi\u00e4 yst\u00e4vi\u00e4 koko h\u00e4nen el\u00e4m\u00e4ns\u00e4 ajaksi.<\/p>\n<p><strong>Rannan korva ja Korva<\/strong><\/p>\n<p>Laila toimi lottana Rukaj\u00e4rven suunnalla \u201dKorvassa\u201d, Tiiksj\u00e4rven lentokent\u00e4n l\u00e4himaastossa, Repola-Rukaj\u00e4rvi -tien v\u00e4litt\u00f6m\u00e4ss\u00e4 l\u00e4heisyydess\u00e4. Korva oli kuunteluaseman (ilmavalvontaviestien ker\u00e4yspaikka, ivke) peitenimi. Aluksi he asuivat pahviparakissa Tiiksj\u00e4rven rantamaastossa, jossa ensimm\u00e4isin\u00e4 syksyn pakkas\u00f6in\u00e4 oli j\u00e4\u00e4t\u00e4v\u00e4n kylm\u00e4\u00e4. My\u00f6hemmin syksyll\u00e4 he majoittuivat valmiiksi saatuun lautarakenteisen Ivken majoitustiloihin. Isossa huoneessa oli kaksikerroksiset s\u00e4ngyt, joissa nelj\u00e4 radistilottaa ja nelj\u00e4 puhelinlottaa nukkuivat. Rakennuksen toisessa p\u00e4\u00e4ss\u00e4 oli p\u00e4ivystyshuone.<\/p>\n<figure id=\"attachment_10133\" aria-describedby=\"caption-attachment-10133\" style=\"width: 530px\" class=\"wp-caption aligncenter\"><a href=\"http:\/\/www.rukajarvensuunnanhistoriayhdistys.fi\/historiayhdistys\/wp-content\/uploads\/2015\/07\/1_KorvanKorsu.jpg\"><img loading=\"lazy\" decoding=\"async\" class=\"size-large wp-image-10133\" src=\"http:\/\/www.rukajarvensuunnanhistoriayhdistys.fi\/historiayhdistys\/wp-content\/uploads\/2015\/07\/1_KorvanKorsu-1024x744.jpg\" alt=\"Korvan korsu talvisessa asussaan.\" width=\"530\" height=\"385\" data-id=\"10133\" srcset=\"http:\/\/www.rukajarvensuunnanhistoriayhdistys.fi\/historiayhdistys\/wp-content\/uploads\/2015\/07\/1_KorvanKorsu-1024x744.jpg 1024w, http:\/\/www.rukajarvensuunnanhistoriayhdistys.fi\/historiayhdistys\/wp-content\/uploads\/2015\/07\/1_KorvanKorsu-300x218.jpg 300w, http:\/\/www.rukajarvensuunnanhistoriayhdistys.fi\/historiayhdistys\/wp-content\/uploads\/2015\/07\/1_KorvanKorsu.jpg 1699w\" sizes=\"auto, (max-width: 530px) 100vw, 530px\" \/><\/a><figcaption id=\"caption-attachment-10133\" class=\"wp-caption-text\">Korvan korsu talvisessa asussaan.<\/figcaption><\/figure>\n<p>Lotat v\u00e4littiv\u00e4t mm. s\u00e4\u00e4sanomat ja viholliskoneiden tiedot eteenp\u00e4in, ty\u00f6vuoro kesti aina 4 tuntia kerrallaan, y\u00f6t ja p\u00e4iv\u00e4t. Lotat p\u00e4\u00e4siv\u00e4t my\u00f6s lomalle palveluksen aikana, Lailakin sai olla kotonaan lomalla jouluna 1942.<\/p>\n<figure id=\"attachment_10139\" aria-describedby=\"caption-attachment-10139\" style=\"width: 530px\" class=\"wp-caption aligncenter\"><a href=\"http:\/\/www.rukajarvensuunnanhistoriayhdistys.fi\/historiayhdistys\/wp-content\/uploads\/2015\/07\/1_Korvalaisia.jpg\"><img loading=\"lazy\" decoding=\"async\" class=\"size-large wp-image-10139\" src=\"http:\/\/www.rukajarvensuunnanhistoriayhdistys.fi\/historiayhdistys\/wp-content\/uploads\/2015\/07\/1_Korvalaisia-1024x731.jpg\" alt=\"&quot;Korvan&quot; henkil\u00f6it\u00e4 kuunteluaseman ulkopuolella.\" width=\"530\" height=\"378\" data-id=\"10139\" srcset=\"http:\/\/www.rukajarvensuunnanhistoriayhdistys.fi\/historiayhdistys\/wp-content\/uploads\/2015\/07\/1_Korvalaisia-1024x731.jpg 1024w, http:\/\/www.rukajarvensuunnanhistoriayhdistys.fi\/historiayhdistys\/wp-content\/uploads\/2015\/07\/1_Korvalaisia-300x214.jpg 300w\" sizes=\"auto, (max-width: 530px) 100vw, 530px\" \/><\/a><figcaption id=\"caption-attachment-10139\" class=\"wp-caption-text\">&#8221;Korvan&#8221; henkil\u00f6it\u00e4 kuunteluaseman edess\u00e4.<\/figcaption><\/figure>\n<p>Laila Halme osallistui kev\u00e4\u00e4ll\u00e4 1943 Korven Kaiku \u2013rintamalehden j\u00e4rjest\u00e4m\u00e4\u00e4n lottien runokilpailuun. Ykk\u00f6ssijan h\u00e4n jakoi lottatoverinsa Kyllikki Villan kanssa.<\/p>\n<figure id=\"attachment_10131\" aria-describedby=\"caption-attachment-10131\" style=\"width: 530px\" class=\"wp-caption aligncenter\"><a href=\"http:\/\/www.rukajarvensuunnanhistoriayhdistys.fi\/historiayhdistys\/wp-content\/uploads\/2015\/07\/KorvenKaiku-12-5-1943-Runokilpailu.jpg\"><img loading=\"lazy\" decoding=\"async\" class=\"size-large wp-image-10131\" src=\"http:\/\/www.rukajarvensuunnanhistoriayhdistys.fi\/historiayhdistys\/wp-content\/uploads\/2015\/07\/KorvenKaiku-12-5-1943-Runokilpailu-1024x703.jpg\" alt=\"Korven Kaiun j\u00e4rjest\u00e4m\u00e4n runokilpailun voittaneet runot.\" width=\"530\" height=\"364\" data-id=\"10131\" srcset=\"http:\/\/www.rukajarvensuunnanhistoriayhdistys.fi\/historiayhdistys\/wp-content\/uploads\/2015\/07\/KorvenKaiku-12-5-1943-Runokilpailu-1024x703.jpg 1024w, http:\/\/www.rukajarvensuunnanhistoriayhdistys.fi\/historiayhdistys\/wp-content\/uploads\/2015\/07\/KorvenKaiku-12-5-1943-Runokilpailu-300x206.jpg 300w, http:\/\/www.rukajarvensuunnanhistoriayhdistys.fi\/historiayhdistys\/wp-content\/uploads\/2015\/07\/KorvenKaiku-12-5-1943-Runokilpailu.jpg 1359w\" sizes=\"auto, (max-width: 530px) 100vw, 530px\" \/><\/a><figcaption id=\"caption-attachment-10131\" class=\"wp-caption-text\">Korven Kaiun j\u00e4rjest\u00e4m\u00e4n runokilpailun voittaneet runot.<\/figcaption><\/figure>\n<p><strong>Syv\u00e4rilt\u00e4 Suomenlinnan kautta Porkkalaan<\/strong><\/p>\n<p>Syyskuussa 1943 lotat siirrettiin uuteen palveluspaikkaan, nuorimmat l\u00e4hetettiin jatkamaan sodan alussa keskeytynytt\u00e4 kouluaan. Tilalle tulivat taas uudet lotat. Kuitenkin Laila hankki seuraavana kes\u00e4n\u00e4 siirron Syv\u00e4rinniskalle, Vosnesenjaan radiolotaksi.<\/p>\n<p>Kes\u00e4n 1944 vet\u00e4ytymisen aikaan Laila palasi viimeisess\u00e4 junassa Suomeen. H\u00e4net siirrettiin aluksi Suomenlinnaan, josta sodan p\u00e4\u00e4tytty\u00e4 edelleen Neuvostoliitolle luovutettavaan Porkkalan niemeen. Viikon ajan h\u00e4n oli nostamassa er\u00e4\u00e4n maatilan sokerijuurikassatoa. Majoitus tapahtui suuressa salissa, jossa peitteena oli ainoastaan lottamantteli.<\/p>\n<p>Lottapalveluksen p\u00e4\u00e4ttymisen j\u00e4lkeen Laila palasi yhteiskoulun viimeiselle luokalle ja kev\u00e4\u00e4ll\u00e4 1945 h\u00e4nest\u00e4 tuli ylioppilas. Laila Halme ty\u00f6skenteli kaksi vuotta toimittajana Kainuun Sanomissa ja perusti my\u00f6hemmin perheen Tampereelle. Laila Halme ty\u00f6skenteli Aamulehden toimittajana ja pakinoitsijana. Aikuisi\u00e4ll\u00e4 Laila jatkoi opintojaan ja h\u00e4n valmistui maisteriksi historia p\u00e4\u00e4aineenaan Tampereen Yliopistosta vuonna 1973. El\u00e4kkeelle j\u00e4\u00e4ty\u00e4\u00e4n h\u00e4n kirjoitti useita j\u00e4rjest\u00f6historiikkeja ja julkaisi omakustanteita.<\/p>\n<p>Kunnallispollitiikassa h\u00e4n toimi valtuutettuna Tampereen kaupunginvaltuustossa yhteens\u00e4 12 vuotta, josta kaupunginhallituksen j\u00e4senen\u00e4 kuusi vuotta. H\u00e4n oli my\u00f6s kansanedustaja- ja presidentin valitsijamiesehdokkaana.<\/p>\n<p><strong>\u201dEi niin ett\u00e4 olisi kuvitellut pystyv\u00e4ns\u00e4 ihmeellist\u00e4 tekem\u00e4\u00e4n\u201d<\/strong><\/p>\n<p>Kuolemaansa saakka h\u00e4n jatkoi toimintaansa sotaveteraani- ja lotta-asioissa. H\u00e4nelle oli kaikki kaikessa Rukaj\u00e4rvell\u00e4 syntyneet yst\u00e4vyyssiteet lottakollegoiden kanssa.<\/p>\n<p>Rukaj\u00e4rven suunnan tapahtumista h\u00e4nt\u00e4 haastatellessamme vuonna 2013, h\u00e4n kiteytti suhtautumistaan jatkosodan aikaisiin tapahtumiin seuraavasti:<\/p>\n<ul>\n<li><em>\u201dSit\u00e4 kai nuori ihminen ei ylip\u00e4\u00e4ns\u00e4 ollenkaan ajattele &#8211; on mahdollista ett\u00e4 sattuu onnettomuus. Sit\u00e4 vain ajattelee ett\u00e4 huominen vain tulee.\u201d<\/em><\/li>\n<\/ul>\n<ul>\n<li>\u00a0<em>\u201dOli merkillist\u00e4. Eih\u00e4n me is\u00e4nmaasta puhuttu. Mutta jotenkin vain oli semmoinen tunne, ett\u00e4 on v\u00e4ltt\u00e4m\u00e4t\u00f6nt\u00e4 olla t\u00e4\u00e4ll\u00e4. On v\u00e4ltt\u00e4m\u00e4t\u00f6nt\u00e4 tehd\u00e4 jotain, kun on t\u00e4m\u00e4 maa \u2013 is\u00e4nmaa joutunut t\u00e4mm\u00f6iseen pinteeseen. Ei niin ett\u00e4 olisi kuvitellut pystyv\u00e4ns\u00e4 ihmeellist\u00e4 tekem\u00e4\u00e4n, vaan olisi jokin kolo, jossa jotain voisi puuhata is\u00e4nmaan hyv\u00e4ksi.\u201d<\/em><\/li>\n<\/ul>\n<p>Kamarineuvos Laila Halme kuoli 9. kes\u00e4kuuta Tampereella ja h\u00e4net saatettiin haudan lepoon 11. hein\u00e4kuuta 2015.<\/p>\n<figure id=\"attachment_10134\" aria-describedby=\"caption-attachment-10134\" style=\"width: 530px\" class=\"wp-caption aligncenter\"><a href=\"http:\/\/www.rukajarvensuunnanhistoriayhdistys.fi\/historiayhdistys\/wp-content\/uploads\/2015\/07\/P9192043-Marskin-Maja.19-9-2010.jpg\"><img loading=\"lazy\" decoding=\"async\" class=\"size-large wp-image-10134\" src=\"http:\/\/www.rukajarvensuunnanhistoriayhdistys.fi\/historiayhdistys\/wp-content\/uploads\/2015\/07\/P9192043-Marskin-Maja.19-9-2010-1024x734.jpg\" alt=\"Yhdistyksen j\u00e4seni\u00e4 Marsalkka Mannerheimin majalla vuonna 2010. Takarivist\u00e4 alkaen Martti Soikkeli, Ossi Laine, Timo Laukkanen, Pekka Sahari, Reijo Kortelainen, Timo Tolvanen, V\u00e4in\u00f6 V\u00e4\u00e4n\u00e4nen, Matti Ahtiainen, Paavo Salmensuu, Antero Huttunen, Sami Sihvo, Tenho Tikkanen, Eeva-Liisa Kumpulainen, Ermei Kanninen, Laila Halme, Raimo Jokisalmi ja Pentti Perttuli.\" width=\"530\" height=\"380\" data-id=\"10134\" srcset=\"http:\/\/www.rukajarvensuunnanhistoriayhdistys.fi\/historiayhdistys\/wp-content\/uploads\/2015\/07\/P9192043-Marskin-Maja.19-9-2010-1024x734.jpg 1024w, http:\/\/www.rukajarvensuunnanhistoriayhdistys.fi\/historiayhdistys\/wp-content\/uploads\/2015\/07\/P9192043-Marskin-Maja.19-9-2010-300x215.jpg 300w\" sizes=\"auto, (max-width: 530px) 100vw, 530px\" \/><\/a><figcaption id=\"caption-attachment-10134\" class=\"wp-caption-text\">Yhdistyksen j\u00e4seni\u00e4 Marsalkka Mannerheimin majalla vuonna 2010. Takarivist\u00e4 alkaen Martti Soikkeli, Ossi Laine, Timo Laukkanen, Pekka Sahari, Reijo Kortelainen, Timo Tolvanen, V\u00e4in\u00f6 V\u00e4\u00e4n\u00e4nen, Matti Ahtiainen, Paavo Salmensuu, Antero Huttunen, Sami Sihvo, Tenho Tikkanen, Eeva-Liisa Kumpulainen, Ermei Kanninen, Laila Halme, Raimo Jokisalmi ja Pentti Perttuli.<\/figcaption><\/figure>\n<p>Laila Halmeen valokuva-aineisto ja muu materiaali n\u00e4ht\u00e4viss\u00e4 Rukaj\u00e4rvikeskuksissa. Haastattelu on n\u00e4ht\u00e4viss\u00e4 osoitteessa<\/p>\n<p>&#8221;https:\/\/www.youtube.com\/watch?v=W62EJ0EzPiU&#8221;.<\/p>\n","protected":false},"excerpt":{"rendered":"<p>Laila Kyllikki Halme (o.s. Pulkkinen) syntyi 23.9.1923 Kuhmossa, jossa h\u00e4nen is\u00e4ns\u00e4 toimi tuohon aikaan kunnan kirjurina. Kolmevuotiaana h\u00e4nen perheens\u00e4 muutti Nuottij\u00e4rvelle, silloisen Kajaanin maalaiskunnan alueelle &#8211; nykyisen viitostien varteen. Lottaty\u00f6st\u00e4 <a class=\"more-link\" href=\"http:\/\/www.rukajarvensuunnanhistoriayhdistys.fi\/historiayhdistys\/laila-halme-1923-2015-in-memoriam\/\">Teksti jatkuu&#8230;<span class=\"screen-reader-text\">Laila Halme (1923 &#8211; 2015) in memoriam<\/span><span class=\"meta-nav\">\u2192<\/span><\/a><\/p>\n","protected":false},"author":3,"featured_media":10129,"comment_status":"closed","ping_status":"open","sticky":false,"template":"","format":"standard","meta":{"footnotes":""},"categories":[22],"tags":[],"class_list":["post-10128","post","type-post","status-publish","format-standard","has-post-thumbnail","hentry","category-ajankohtaista"],"yoast_head":"<!-- This site is optimized with the Yoast SEO plugin v27.4 - https:\/\/yoast.com\/product\/yoast-seo-wordpress\/ -->\n<title>Laila Halme (1923 - 2015) in memoriam - Rukaj\u00e4rven suunnan historiayhdistys<\/title>\n<meta name=\"robots\" content=\"index, follow, max-snippet:-1, max-image-preview:large, max-video-preview:-1\" \/>\n<link rel=\"canonical\" href=\"http:\/\/www.rukajarvensuunnanhistoriayhdistys.fi\/historiayhdistys\/laila-halme-1923-2015-in-memoriam\/\" \/>\n<meta property=\"og:locale\" content=\"fi_FI\" \/>\n<meta property=\"og:type\" content=\"article\" \/>\n<meta property=\"og:title\" content=\"Laila Halme (1923 - 2015) in memoriam - Rukaj\u00e4rven suunnan historiayhdistys\" \/>\n<meta property=\"og:description\" content=\"Laila Kyllikki Halme (o.s. Pulkkinen) syntyi 23.9.1923 Kuhmossa, jossa h\u00e4nen is\u00e4ns\u00e4 toimi tuohon aikaan kunnan kirjurina. Kolmevuotiaana h\u00e4nen perheens\u00e4 muutti Nuottij\u00e4rvelle, silloisen Kajaanin maalaiskunnan alueelle &#8211; nykyisen viitostien varteen. Lottaty\u00f6st\u00e4 Teksti jatkuu...Laila Halme (1923 &#8211; 2015) in memoriam\u2192\" \/>\n<meta property=\"og:url\" content=\"http:\/\/www.rukajarvensuunnanhistoriayhdistys.fi\/historiayhdistys\/laila-halme-1923-2015-in-memoriam\/\" \/>\n<meta property=\"og:site_name\" content=\"Rukaj\u00e4rven suunnan historiayhdistys\" \/>\n<meta property=\"article:published_time\" content=\"2015-07-12T10:02:51+00:00\" \/>\n<meta property=\"article:modified_time\" content=\"2015-07-14T18:32:18+00:00\" \/>\n<meta property=\"og:image\" content=\"http:\/\/www.rukajarvensuunnanhistoriayhdistys.fi\/historiayhdistys\/wp-content\/uploads\/2015\/07\/DSC00072-1024x576.jpg\" \/>\n\t<meta property=\"og:image:width\" content=\"1024\" \/>\n\t<meta property=\"og:image:height\" content=\"576\" \/>\n\t<meta property=\"og:image:type\" content=\"image\/jpeg\" \/>\n<meta name=\"author\" content=\"RSHY\" \/>\n<meta name=\"twitter:label1\" content=\"Kirjoittanut\" \/>\n\t<meta name=\"twitter:data1\" content=\"RSHY\" \/>\n\t<meta name=\"twitter:label2\" content=\"Arvioitu lukuaika\" \/>\n\t<meta name=\"twitter:data2\" content=\"4 minuuttia\" \/>\n<script type=\"application\/ld+json\" class=\"yoast-schema-graph\">{\"@context\":\"https:\\\/\\\/schema.org\",\"@graph\":[{\"@type\":\"Article\",\"@id\":\"http:\\\/\\\/www.rukajarvensuunnanhistoriayhdistys.fi\\\/historiayhdistys\\\/laila-halme-1923-2015-in-memoriam\\\/#article\",\"isPartOf\":{\"@id\":\"http:\\\/\\\/www.rukajarvensuunnanhistoriayhdistys.fi\\\/historiayhdistys\\\/laila-halme-1923-2015-in-memoriam\\\/\"},\"author\":{\"name\":\"RSHY\",\"@id\":\"http:\\\/\\\/www.rukajarvensuunnanhistoriayhdistys.fi\\\/historiayhdistys\\\/#\\\/schema\\\/person\\\/19de7db68bf72dfd2b5d7f6dfbf8454d\"},\"headline\":\"Laila Halme (1923 &#8211; 2015) in memoriam\",\"datePublished\":\"2015-07-12T10:02:51+00:00\",\"dateModified\":\"2015-07-14T18:32:18+00:00\",\"mainEntityOfPage\":{\"@id\":\"http:\\\/\\\/www.rukajarvensuunnanhistoriayhdistys.fi\\\/historiayhdistys\\\/laila-halme-1923-2015-in-memoriam\\\/\"},\"wordCount\":729,\"publisher\":{\"@id\":\"http:\\\/\\\/www.rukajarvensuunnanhistoriayhdistys.fi\\\/historiayhdistys\\\/#organization\"},\"image\":{\"@id\":\"http:\\\/\\\/www.rukajarvensuunnanhistoriayhdistys.fi\\\/historiayhdistys\\\/laila-halme-1923-2015-in-memoriam\\\/#primaryimage\"},\"thumbnailUrl\":\"http:\\\/\\\/www.rukajarvensuunnanhistoriayhdistys.fi\\\/historiayhdistys\\\/wp-content\\\/uploads\\\/2015\\\/07\\\/DSC00072.jpg\",\"articleSection\":[\"Ajankohtaista\"],\"inLanguage\":\"fi\"},{\"@type\":\"WebPage\",\"@id\":\"http:\\\/\\\/www.rukajarvensuunnanhistoriayhdistys.fi\\\/historiayhdistys\\\/laila-halme-1923-2015-in-memoriam\\\/\",\"url\":\"http:\\\/\\\/www.rukajarvensuunnanhistoriayhdistys.fi\\\/historiayhdistys\\\/laila-halme-1923-2015-in-memoriam\\\/\",\"name\":\"Laila Halme (1923 - 2015) in memoriam - Rukaj\u00e4rven suunnan historiayhdistys\",\"isPartOf\":{\"@id\":\"http:\\\/\\\/www.rukajarvensuunnanhistoriayhdistys.fi\\\/historiayhdistys\\\/#website\"},\"primaryImageOfPage\":{\"@id\":\"http:\\\/\\\/www.rukajarvensuunnanhistoriayhdistys.fi\\\/historiayhdistys\\\/laila-halme-1923-2015-in-memoriam\\\/#primaryimage\"},\"image\":{\"@id\":\"http:\\\/\\\/www.rukajarvensuunnanhistoriayhdistys.fi\\\/historiayhdistys\\\/laila-halme-1923-2015-in-memoriam\\\/#primaryimage\"},\"thumbnailUrl\":\"http:\\\/\\\/www.rukajarvensuunnanhistoriayhdistys.fi\\\/historiayhdistys\\\/wp-content\\\/uploads\\\/2015\\\/07\\\/DSC00072.jpg\",\"datePublished\":\"2015-07-12T10:02:51+00:00\",\"dateModified\":\"2015-07-14T18:32:18+00:00\",\"breadcrumb\":{\"@id\":\"http:\\\/\\\/www.rukajarvensuunnanhistoriayhdistys.fi\\\/historiayhdistys\\\/laila-halme-1923-2015-in-memoriam\\\/#breadcrumb\"},\"inLanguage\":\"fi\",\"potentialAction\":[{\"@type\":\"ReadAction\",\"target\":[\"http:\\\/\\\/www.rukajarvensuunnanhistoriayhdistys.fi\\\/historiayhdistys\\\/laila-halme-1923-2015-in-memoriam\\\/\"]}]},{\"@type\":\"ImageObject\",\"inLanguage\":\"fi\",\"@id\":\"http:\\\/\\\/www.rukajarvensuunnanhistoriayhdistys.fi\\\/historiayhdistys\\\/laila-halme-1923-2015-in-memoriam\\\/#primaryimage\",\"url\":\"http:\\\/\\\/www.rukajarvensuunnanhistoriayhdistys.fi\\\/historiayhdistys\\\/wp-content\\\/uploads\\\/2015\\\/07\\\/DSC00072.jpg\",\"contentUrl\":\"http:\\\/\\\/www.rukajarvensuunnanhistoriayhdistys.fi\\\/historiayhdistys\\\/wp-content\\\/uploads\\\/2015\\\/07\\\/DSC00072.jpg\",\"width\":6016,\"height\":3384,\"caption\":\"Laila Halme kotonaan Tampereella talvella 2013.\"},{\"@type\":\"BreadcrumbList\",\"@id\":\"http:\\\/\\\/www.rukajarvensuunnanhistoriayhdistys.fi\\\/historiayhdistys\\\/laila-halme-1923-2015-in-memoriam\\\/#breadcrumb\",\"itemListElement\":[{\"@type\":\"ListItem\",\"position\":1,\"name\":\"Etusivu\",\"item\":\"http:\\\/\\\/www.rukajarvensuunnanhistoriayhdistys.fi\\\/historiayhdistys\\\/\"},{\"@type\":\"ListItem\",\"position\":2,\"name\":\"Laila Halme (1923 &#8211; 2015) in memoriam\"}]},{\"@type\":\"WebSite\",\"@id\":\"http:\\\/\\\/www.rukajarvensuunnanhistoriayhdistys.fi\\\/historiayhdistys\\\/#website\",\"url\":\"http:\\\/\\\/www.rukajarvensuunnanhistoriayhdistys.fi\\\/historiayhdistys\\\/\",\"name\":\"Rukaj\u00e4rven suunnan historiayhdistys\",\"description\":\"Rukaj\u00e4rven suunnan historiayhdistyksen verkkosivut.\",\"publisher\":{\"@id\":\"http:\\\/\\\/www.rukajarvensuunnanhistoriayhdistys.fi\\\/historiayhdistys\\\/#organization\"},\"potentialAction\":[{\"@type\":\"SearchAction\",\"target\":{\"@type\":\"EntryPoint\",\"urlTemplate\":\"http:\\\/\\\/www.rukajarvensuunnanhistoriayhdistys.fi\\\/historiayhdistys\\\/?s={search_term_string}\"},\"query-input\":{\"@type\":\"PropertyValueSpecification\",\"valueRequired\":true,\"valueName\":\"search_term_string\"}}],\"inLanguage\":\"fi\"},{\"@type\":\"Organization\",\"@id\":\"http:\\\/\\\/www.rukajarvensuunnanhistoriayhdistys.fi\\\/historiayhdistys\\\/#organization\",\"name\":\"Rukaj\u00e4rven suunnan historiayhdistys\",\"url\":\"http:\\\/\\\/www.rukajarvensuunnanhistoriayhdistys.fi\\\/historiayhdistys\\\/\",\"logo\":{\"@type\":\"ImageObject\",\"inLanguage\":\"fi\",\"@id\":\"http:\\\/\\\/www.rukajarvensuunnanhistoriayhdistys.fi\\\/historiayhdistys\\\/#\\\/schema\\\/logo\\\/image\\\/\",\"url\":\"http:\\\/\\\/www.rukajarvensuunnanhistoriayhdistys.fi\\\/historiayhdistys\\\/wp-content\\\/uploads\\\/2013\\\/12\\\/Otsake_3.jpg\",\"contentUrl\":\"http:\\\/\\\/www.rukajarvensuunnanhistoriayhdistys.fi\\\/historiayhdistys\\\/wp-content\\\/uploads\\\/2013\\\/12\\\/Otsake_3.jpg\",\"width\":1000,\"height\":442,\"caption\":\"Rukaj\u00e4rven suunnan historiayhdistys\"},\"image\":{\"@id\":\"http:\\\/\\\/www.rukajarvensuunnanhistoriayhdistys.fi\\\/historiayhdistys\\\/#\\\/schema\\\/logo\\\/image\\\/\"}},{\"@type\":\"Person\",\"@id\":\"http:\\\/\\\/www.rukajarvensuunnanhistoriayhdistys.fi\\\/historiayhdistys\\\/#\\\/schema\\\/person\\\/19de7db68bf72dfd2b5d7f6dfbf8454d\",\"name\":\"RSHY\",\"image\":{\"@type\":\"ImageObject\",\"inLanguage\":\"fi\",\"@id\":\"https:\\\/\\\/secure.gravatar.com\\\/avatar\\\/598d59263a69cc8de65fcb4f9db78d6f58c098cb0e0ba22d73377441af9fa04c?s=96&d=blank&r=g\",\"url\":\"https:\\\/\\\/secure.gravatar.com\\\/avatar\\\/598d59263a69cc8de65fcb4f9db78d6f58c098cb0e0ba22d73377441af9fa04c?s=96&d=blank&r=g\",\"contentUrl\":\"https:\\\/\\\/secure.gravatar.com\\\/avatar\\\/598d59263a69cc8de65fcb4f9db78d6f58c098cb0e0ba22d73377441af9fa04c?s=96&d=blank&r=g\",\"caption\":\"RSHY\"},\"url\":\"http:\\\/\\\/www.rukajarvensuunnanhistoriayhdistys.fi\\\/historiayhdistys\\\/author\\\/rshy\\\/\"}]}<\/script>\n<!-- \/ Yoast SEO plugin. -->","yoast_head_json":{"title":"Laila Halme (1923 - 2015) in memoriam - Rukaj\u00e4rven suunnan historiayhdistys","robots":{"index":"index","follow":"follow","max-snippet":"max-snippet:-1","max-image-preview":"max-image-preview:large","max-video-preview":"max-video-preview:-1"},"canonical":"http:\/\/www.rukajarvensuunnanhistoriayhdistys.fi\/historiayhdistys\/laila-halme-1923-2015-in-memoriam\/","og_locale":"fi_FI","og_type":"article","og_title":"Laila Halme (1923 - 2015) in memoriam - Rukaj\u00e4rven suunnan historiayhdistys","og_description":"Laila Kyllikki Halme (o.s. Pulkkinen) syntyi 23.9.1923 Kuhmossa, jossa h\u00e4nen is\u00e4ns\u00e4 toimi tuohon aikaan kunnan kirjurina. Kolmevuotiaana h\u00e4nen perheens\u00e4 muutti Nuottij\u00e4rvelle, silloisen Kajaanin maalaiskunnan alueelle &#8211; nykyisen viitostien varteen. Lottaty\u00f6st\u00e4 Teksti jatkuu...Laila Halme (1923 &#8211; 2015) in memoriam\u2192","og_url":"http:\/\/www.rukajarvensuunnanhistoriayhdistys.fi\/historiayhdistys\/laila-halme-1923-2015-in-memoriam\/","og_site_name":"Rukaj\u00e4rven suunnan historiayhdistys","article_published_time":"2015-07-12T10:02:51+00:00","article_modified_time":"2015-07-14T18:32:18+00:00","og_image":[{"width":1024,"height":576,"url":"http:\/\/www.rukajarvensuunnanhistoriayhdistys.fi\/historiayhdistys\/wp-content\/uploads\/2015\/07\/DSC00072-1024x576.jpg","type":"image\/jpeg"}],"author":"RSHY","twitter_misc":{"Kirjoittanut":"RSHY","Arvioitu lukuaika":"4 minuuttia"},"schema":{"@context":"https:\/\/schema.org","@graph":[{"@type":"Article","@id":"http:\/\/www.rukajarvensuunnanhistoriayhdistys.fi\/historiayhdistys\/laila-halme-1923-2015-in-memoriam\/#article","isPartOf":{"@id":"http:\/\/www.rukajarvensuunnanhistoriayhdistys.fi\/historiayhdistys\/laila-halme-1923-2015-in-memoriam\/"},"author":{"name":"RSHY","@id":"http:\/\/www.rukajarvensuunnanhistoriayhdistys.fi\/historiayhdistys\/#\/schema\/person\/19de7db68bf72dfd2b5d7f6dfbf8454d"},"headline":"Laila Halme (1923 &#8211; 2015) in memoriam","datePublished":"2015-07-12T10:02:51+00:00","dateModified":"2015-07-14T18:32:18+00:00","mainEntityOfPage":{"@id":"http:\/\/www.rukajarvensuunnanhistoriayhdistys.fi\/historiayhdistys\/laila-halme-1923-2015-in-memoriam\/"},"wordCount":729,"publisher":{"@id":"http:\/\/www.rukajarvensuunnanhistoriayhdistys.fi\/historiayhdistys\/#organization"},"image":{"@id":"http:\/\/www.rukajarvensuunnanhistoriayhdistys.fi\/historiayhdistys\/laila-halme-1923-2015-in-memoriam\/#primaryimage"},"thumbnailUrl":"http:\/\/www.rukajarvensuunnanhistoriayhdistys.fi\/historiayhdistys\/wp-content\/uploads\/2015\/07\/DSC00072.jpg","articleSection":["Ajankohtaista"],"inLanguage":"fi"},{"@type":"WebPage","@id":"http:\/\/www.rukajarvensuunnanhistoriayhdistys.fi\/historiayhdistys\/laila-halme-1923-2015-in-memoriam\/","url":"http:\/\/www.rukajarvensuunnanhistoriayhdistys.fi\/historiayhdistys\/laila-halme-1923-2015-in-memoriam\/","name":"Laila Halme (1923 - 2015) in memoriam - Rukaj\u00e4rven suunnan historiayhdistys","isPartOf":{"@id":"http:\/\/www.rukajarvensuunnanhistoriayhdistys.fi\/historiayhdistys\/#website"},"primaryImageOfPage":{"@id":"http:\/\/www.rukajarvensuunnanhistoriayhdistys.fi\/historiayhdistys\/laila-halme-1923-2015-in-memoriam\/#primaryimage"},"image":{"@id":"http:\/\/www.rukajarvensuunnanhistoriayhdistys.fi\/historiayhdistys\/laila-halme-1923-2015-in-memoriam\/#primaryimage"},"thumbnailUrl":"http:\/\/www.rukajarvensuunnanhistoriayhdistys.fi\/historiayhdistys\/wp-content\/uploads\/2015\/07\/DSC00072.jpg","datePublished":"2015-07-12T10:02:51+00:00","dateModified":"2015-07-14T18:32:18+00:00","breadcrumb":{"@id":"http:\/\/www.rukajarvensuunnanhistoriayhdistys.fi\/historiayhdistys\/laila-halme-1923-2015-in-memoriam\/#breadcrumb"},"inLanguage":"fi","potentialAction":[{"@type":"ReadAction","target":["http:\/\/www.rukajarvensuunnanhistoriayhdistys.fi\/historiayhdistys\/laila-halme-1923-2015-in-memoriam\/"]}]},{"@type":"ImageObject","inLanguage":"fi","@id":"http:\/\/www.rukajarvensuunnanhistoriayhdistys.fi\/historiayhdistys\/laila-halme-1923-2015-in-memoriam\/#primaryimage","url":"http:\/\/www.rukajarvensuunnanhistoriayhdistys.fi\/historiayhdistys\/wp-content\/uploads\/2015\/07\/DSC00072.jpg","contentUrl":"http:\/\/www.rukajarvensuunnanhistoriayhdistys.fi\/historiayhdistys\/wp-content\/uploads\/2015\/07\/DSC00072.jpg","width":6016,"height":3384,"caption":"Laila Halme kotonaan Tampereella talvella 2013."},{"@type":"BreadcrumbList","@id":"http:\/\/www.rukajarvensuunnanhistoriayhdistys.fi\/historiayhdistys\/laila-halme-1923-2015-in-memoriam\/#breadcrumb","itemListElement":[{"@type":"ListItem","position":1,"name":"Etusivu","item":"http:\/\/www.rukajarvensuunnanhistoriayhdistys.fi\/historiayhdistys\/"},{"@type":"ListItem","position":2,"name":"Laila Halme (1923 &#8211; 2015) in memoriam"}]},{"@type":"WebSite","@id":"http:\/\/www.rukajarvensuunnanhistoriayhdistys.fi\/historiayhdistys\/#website","url":"http:\/\/www.rukajarvensuunnanhistoriayhdistys.fi\/historiayhdistys\/","name":"Rukaj\u00e4rven suunnan historiayhdistys","description":"Rukaj\u00e4rven suunnan historiayhdistyksen verkkosivut.","publisher":{"@id":"http:\/\/www.rukajarvensuunnanhistoriayhdistys.fi\/historiayhdistys\/#organization"},"potentialAction":[{"@type":"SearchAction","target":{"@type":"EntryPoint","urlTemplate":"http:\/\/www.rukajarvensuunnanhistoriayhdistys.fi\/historiayhdistys\/?s={search_term_string}"},"query-input":{"@type":"PropertyValueSpecification","valueRequired":true,"valueName":"search_term_string"}}],"inLanguage":"fi"},{"@type":"Organization","@id":"http:\/\/www.rukajarvensuunnanhistoriayhdistys.fi\/historiayhdistys\/#organization","name":"Rukaj\u00e4rven suunnan historiayhdistys","url":"http:\/\/www.rukajarvensuunnanhistoriayhdistys.fi\/historiayhdistys\/","logo":{"@type":"ImageObject","inLanguage":"fi","@id":"http:\/\/www.rukajarvensuunnanhistoriayhdistys.fi\/historiayhdistys\/#\/schema\/logo\/image\/","url":"http:\/\/www.rukajarvensuunnanhistoriayhdistys.fi\/historiayhdistys\/wp-content\/uploads\/2013\/12\/Otsake_3.jpg","contentUrl":"http:\/\/www.rukajarvensuunnanhistoriayhdistys.fi\/historiayhdistys\/wp-content\/uploads\/2013\/12\/Otsake_3.jpg","width":1000,"height":442,"caption":"Rukaj\u00e4rven suunnan historiayhdistys"},"image":{"@id":"http:\/\/www.rukajarvensuunnanhistoriayhdistys.fi\/historiayhdistys\/#\/schema\/logo\/image\/"}},{"@type":"Person","@id":"http:\/\/www.rukajarvensuunnanhistoriayhdistys.fi\/historiayhdistys\/#\/schema\/person\/19de7db68bf72dfd2b5d7f6dfbf8454d","name":"RSHY","image":{"@type":"ImageObject","inLanguage":"fi","@id":"https:\/\/secure.gravatar.com\/avatar\/598d59263a69cc8de65fcb4f9db78d6f58c098cb0e0ba22d73377441af9fa04c?s=96&d=blank&r=g","url":"https:\/\/secure.gravatar.com\/avatar\/598d59263a69cc8de65fcb4f9db78d6f58c098cb0e0ba22d73377441af9fa04c?s=96&d=blank&r=g","contentUrl":"https:\/\/secure.gravatar.com\/avatar\/598d59263a69cc8de65fcb4f9db78d6f58c098cb0e0ba22d73377441af9fa04c?s=96&d=blank&r=g","caption":"RSHY"},"url":"http:\/\/www.rukajarvensuunnanhistoriayhdistys.fi\/historiayhdistys\/author\/rshy\/"}]}},"_links":{"self":[{"href":"http:\/\/www.rukajarvensuunnanhistoriayhdistys.fi\/historiayhdistys\/wp-json\/wp\/v2\/posts\/10128","targetHints":{"allow":["GET"]}}],"collection":[{"href":"http:\/\/www.rukajarvensuunnanhistoriayhdistys.fi\/historiayhdistys\/wp-json\/wp\/v2\/posts"}],"about":[{"href":"http:\/\/www.rukajarvensuunnanhistoriayhdistys.fi\/historiayhdistys\/wp-json\/wp\/v2\/types\/post"}],"author":[{"embeddable":true,"href":"http:\/\/www.rukajarvensuunnanhistoriayhdistys.fi\/historiayhdistys\/wp-json\/wp\/v2\/users\/3"}],"replies":[{"embeddable":true,"href":"http:\/\/www.rukajarvensuunnanhistoriayhdistys.fi\/historiayhdistys\/wp-json\/wp\/v2\/comments?post=10128"}],"version-history":[{"count":8,"href":"http:\/\/www.rukajarvensuunnanhistoriayhdistys.fi\/historiayhdistys\/wp-json\/wp\/v2\/posts\/10128\/revisions"}],"predecessor-version":[{"id":10159,"href":"http:\/\/www.rukajarvensuunnanhistoriayhdistys.fi\/historiayhdistys\/wp-json\/wp\/v2\/posts\/10128\/revisions\/10159"}],"wp:featuredmedia":[{"embeddable":true,"href":"http:\/\/www.rukajarvensuunnanhistoriayhdistys.fi\/historiayhdistys\/wp-json\/wp\/v2\/media\/10129"}],"wp:attachment":[{"href":"http:\/\/www.rukajarvensuunnanhistoriayhdistys.fi\/historiayhdistys\/wp-json\/wp\/v2\/media?parent=10128"}],"wp:term":[{"taxonomy":"category","embeddable":true,"href":"http:\/\/www.rukajarvensuunnanhistoriayhdistys.fi\/historiayhdistys\/wp-json\/wp\/v2\/categories?post=10128"},{"taxonomy":"post_tag","embeddable":true,"href":"http:\/\/www.rukajarvensuunnanhistoriayhdistys.fi\/historiayhdistys\/wp-json\/wp\/v2\/tags?post=10128"}],"curies":[{"name":"wp","href":"https:\/\/api.w.org\/{rel}","templated":true}]}}