{"id":10143,"date":"2015-07-14T17:52:40","date_gmt":"2015-07-14T14:52:40","guid":{"rendered":"http:\/\/www.rukajarvensuunnanhistoriayhdistys.fi\/historiayhdistys\/?p=10143"},"modified":"2015-07-14T17:52:40","modified_gmt":"2015-07-14T14:52:40","slug":"sibelius-karelia-nayttely-avattiin-lieksassa-yleisolle","status":"publish","type":"post","link":"http:\/\/www.rukajarvensuunnanhistoriayhdistys.fi\/historiayhdistys\/sibelius-karelia-nayttely-avattiin-lieksassa-yleisolle\/","title":{"rendered":"Sibelius Karelia n\u00e4yttely avattiin Lieksassa yleis\u00f6lle"},"content":{"rendered":"<div class=\"fcbkbttn_buttons_block\" id=\"fcbkbttn_left\"><div class=\"fcbkbttn_like \"><fb:like href=\"http:\/\/www.rukajarvensuunnanhistoriayhdistys.fi\/historiayhdistys\/sibelius-karelia-nayttely-avattiin-lieksassa-yleisolle\/\" action=\"like\" colorscheme=\"light\" layout=\"button_count\"  size=\"small\"><\/fb:like><\/div><\/div><p>Sellisti Jussi Makkonen avasi Sibelius Karelia valokuvan\u00e4yttelyn Lieksan asemamakasiinissa 11.7.2015 pidetyss\u00e4 tilaisuudessa. Muusikot Jussi Makkonen ja Nazig Azezian j\u00e4rjestiv\u00e4t avaustilaisuudessa yll\u00e4tyksellisen Sibelius-konsertin. He esittiv\u00e4t Sibeliuksen s\u00e4vellykset &#8221;Souvenir op. 99&#8221; sek\u00e4 Puusarjaan kuuluvan &#8221;Kuusi op. 75&#8221;. Lis\u00e4ksi Jussi Makkonen kertoi koskettavasti Sibeliuksen Lieksan Monolan aitan tarinan sek\u00e4 my\u00f6hemm\u00e4st\u00e4 vierailusta Kolille.<\/p>\n<figure id=\"attachment_10148\" aria-describedby=\"caption-attachment-10148\" style=\"width: 4572px\" class=\"wp-caption aligncenter\"><a href=\"http:\/\/www.rukajarvensuunnanhistoriayhdistys.fi\/historiayhdistys\/wp-content\/uploads\/2015\/07\/DSC01075.jpg\"><img loading=\"lazy\" decoding=\"async\" class=\"wp-image-10148 size-full\" src=\"http:\/\/www.rukajarvensuunnanhistoriayhdistys.fi\/historiayhdistys\/wp-content\/uploads\/2015\/07\/DSC01075.jpg\" alt=\"Sellisti Jussi Makkonen ja pianisti Nazig Azezian esittiv\u00e4t Sibeliuksen s\u00e4vellykset &quot;Souvenir op. 99&quot; sek\u00e4 Puusarjaan kuuluvan &quot;Kuusi op. 75&quot;. Taustalla Mauri M\u00f6nkk\u00f6nen, joka on yksi Sibelius Karelia n\u00e4yttelyn pystytt\u00e4jist\u00e4 sek\u00e4 Sibeliuksen Lieksan vaiheita tutkinut opettaja Terttu Heiskanen-Timonen.\" width=\"4572\" height=\"3044\" data-id=\"10148\" srcset=\"http:\/\/www.rukajarvensuunnanhistoriayhdistys.fi\/historiayhdistys\/wp-content\/uploads\/2015\/07\/DSC01075.jpg 4572w, http:\/\/www.rukajarvensuunnanhistoriayhdistys.fi\/historiayhdistys\/wp-content\/uploads\/2015\/07\/DSC01075-300x200.jpg 300w, http:\/\/www.rukajarvensuunnanhistoriayhdistys.fi\/historiayhdistys\/wp-content\/uploads\/2015\/07\/DSC01075-1024x682.jpg 1024w\" sizes=\"auto, (max-width: 4572px) 100vw, 4572px\" \/><\/a><figcaption id=\"caption-attachment-10148\" class=\"wp-caption-text\">Sellisti Jussi Makkonen ja pianisti Nazig Azezian esittiv\u00e4t Sibeliuksen s\u00e4vellykset &#8221;Souvenir op. 99&#8221; sek\u00e4 Puusarjaan kuuluvan &#8221;Kuusi op. 75&#8221;. Taustalla Mauri M\u00f6nkk\u00f6nen, joka on yksi Sibelius Karelia n\u00e4yttelyn pystytt\u00e4jist\u00e4 sek\u00e4 Sibeliuksen Lieksan vaiheita tutkinut opettaja Terttu Heiskanen-Timonen sek\u00e4 kirjailija Esko Heikkinen.<\/figcaption><\/figure>\n<p>Tilaisuuden lopuksi Jussi Makkonen esitteli n\u00e4yttelyn.<\/p>\n<figure id=\"attachment_10150\" aria-describedby=\"caption-attachment-10150\" style=\"width: 4572px\" class=\"wp-caption aligncenter\"><a href=\"http:\/\/www.rukajarvensuunnanhistoriayhdistys.fi\/historiayhdistys\/wp-content\/uploads\/2015\/07\/DSC01098.jpg\"><img loading=\"lazy\" decoding=\"async\" class=\"wp-image-10150 size-full\" src=\"http:\/\/www.rukajarvensuunnanhistoriayhdistys.fi\/historiayhdistys\/wp-content\/uploads\/2015\/07\/DSC01098.jpg\" alt=\"Jussi Makkonen esitteli juuri avaamansa n\u00e4yttelyn, vierell\u00e4\u00e4n Nazig Azezian sek\u00e4 n\u00e4yttelyn pystytt\u00e4nyt Hannu Huuskonen. Avajaisiin osallistui my\u00f6s Lieksan kaupunginvaltuuston puheenjohtaja Ari Marjeta.\" width=\"4572\" height=\"3024\" data-id=\"10150\" srcset=\"http:\/\/www.rukajarvensuunnanhistoriayhdistys.fi\/historiayhdistys\/wp-content\/uploads\/2015\/07\/DSC01098.jpg 4572w, http:\/\/www.rukajarvensuunnanhistoriayhdistys.fi\/historiayhdistys\/wp-content\/uploads\/2015\/07\/DSC01098-300x198.jpg 300w, http:\/\/www.rukajarvensuunnanhistoriayhdistys.fi\/historiayhdistys\/wp-content\/uploads\/2015\/07\/DSC01098-1024x677.jpg 1024w\" sizes=\"auto, (max-width: 4572px) 100vw, 4572px\" \/><\/a><figcaption id=\"caption-attachment-10150\" class=\"wp-caption-text\">Jussi Makkonen esitteli juuri avaamansa n\u00e4yttelyn, vierell\u00e4\u00e4n Nazig Azezian sek\u00e4 n\u00e4yttelyn pystytt\u00e4nyt Hannu Huuskonen. Avajaisiin osallistui my\u00f6s Lieksan kaupunginvaltuuston puheenjohtaja Ari Marjeta.<\/figcaption><\/figure>\n<p>N\u00e4yttelyn ovat koonneet Rukaj\u00e4rven suunnan historiayhdistyksen j\u00e4senet Hannu Huuskonen, Mauri M\u00f6nkk\u00f6nen ja Tenho Tikkanen, jotka my\u00f6s suorittivat n\u00e4yttelyn pystytt\u00e4misen.<\/p>\n<p>Puheenjohtaja tilaisuuden avauspuheessaan kertoi, ett\u00e4 n\u00e4yttely on suunniteltu pysyv\u00e4ksi, jota jatkuvasti t\u00e4ydennet\u00e4\u00e4n ja n\u00e4yttelyyn lis\u00e4t\u00e4\u00e4n vitriineihin Sibelius-kirjallisuutta, reliefej\u00e4 sek\u00e4 Sibeliuksen Karelianismiin liittyvi\u00e4 videotallenteita.<\/p>\n<p>N\u00e4yttelytilaan pyrit\u00e4\u00e4n saamaan laitteet, joiden avulla on kuultavissa Jussi Makkosen ja Nazig Azezianin esitt\u00e4min\u00e4 Sibeliuksen Lieksassa s\u00e4velt\u00e4mi\u00e4 teoksia. Sibelius Karelia n\u00e4yttely (47 kuvaa) t\u00e4ydent\u00e4\u00e4 asemalle yhdistyksen jo viime kes\u00e4n\u00e4 pystytt\u00e4mi\u00e4 n\u00e4yttelyit\u00e4 &#8221;Mannerheim ja rautatiet&#8221; (44 kuvaa) sek\u00e4 &#8221;Rautatiet sodan huoltoteht\u00e4viss\u00e4&#8221; (230 kuvaa). N\u00e4yttelyn tuotosta kolmasosa menee Monolan aitan kunnostamiseen.<\/p>\n<p><strong><strong>Lieksassa kuultiin kolme Sibelius-konserttia samana p\u00e4iv\u00e4n\u00e4<\/strong><\/strong><\/p>\n<p>Monola \u2013gaalakonsertin yhteyteen oli koottu upea Sibelius-tapahtumien sarja. Sibelius Karelia-n\u00e4yttelyn yhteydess\u00e4 kuultiin yll\u00e4tyksen\u00e4 Sibeliusta.<\/p>\n<figure id=\"attachment_10151\" aria-describedby=\"caption-attachment-10151\" style=\"width: 4556px\" class=\"wp-caption aligncenter\"><a href=\"http:\/\/www.rukajarvensuunnanhistoriayhdistys.fi\/historiayhdistys\/wp-content\/uploads\/2015\/07\/DSC01112.jpg\"><img loading=\"lazy\" decoding=\"async\" class=\"wp-image-10151 size-full\" src=\"http:\/\/www.rukajarvensuunnanhistoriayhdistys.fi\/historiayhdistys\/wp-content\/uploads\/2015\/07\/DSC01112.jpg\" alt=\"Monola \u2013gaalakonsertin yhteyteen oli koottu varsinainen Sibelius-tapahtumien sarja. Konserttiyleis\u00f6lle oli j\u00e4rjestetty useita venematkoja Monolan aitalle.\" width=\"4556\" height=\"3032\" data-id=\"10151\" srcset=\"http:\/\/www.rukajarvensuunnanhistoriayhdistys.fi\/historiayhdistys\/wp-content\/uploads\/2015\/07\/DSC01112.jpg 4556w, http:\/\/www.rukajarvensuunnanhistoriayhdistys.fi\/historiayhdistys\/wp-content\/uploads\/2015\/07\/DSC01112-300x200.jpg 300w, http:\/\/www.rukajarvensuunnanhistoriayhdistys.fi\/historiayhdistys\/wp-content\/uploads\/2015\/07\/DSC01112-1024x681.jpg 1024w\" sizes=\"auto, (max-width: 4556px) 100vw, 4556px\" \/><\/a><figcaption id=\"caption-attachment-10151\" class=\"wp-caption-text\">Monola \u2013gaalakonsertin yhteyteen oli koottu varsinainen Sibelius-tapahtumien sarja. Konserttiyleis\u00f6lle oli j\u00e4rjestetty useita venematkoja Monolan aitalle.<\/figcaption><\/figure>\n<figure id=\"attachment_10152\" aria-describedby=\"caption-attachment-10152\" style=\"width: 4556px\" class=\"wp-caption aligncenter\"><a href=\"http:\/\/www.rukajarvensuunnanhistoriayhdistys.fi\/historiayhdistys\/wp-content\/uploads\/2015\/07\/DSC01125.jpg\"><img loading=\"lazy\" decoding=\"async\" class=\"wp-image-10152 size-full\" src=\"http:\/\/www.rukajarvensuunnanhistoriayhdistys.fi\/historiayhdistys\/wp-content\/uploads\/2015\/07\/DSC01125.jpg\" alt=\"Monolan aitalle kuljettiin juuri tuota samaa reitti\u00e4 mit\u00e4 Sibeliukset k\u00e4yttiv\u00e4t kes\u00e4kuussa 1892. Tuolloin matka tehtiin kahdella soutuveneell\u00e4, nyt Rauni Hietasen koskenlaskussa k\u00e4ytt\u00e4mill\u00e4 turvallisilla veneill\u00e4.\" width=\"4556\" height=\"3024\" data-id=\"10152\" srcset=\"http:\/\/www.rukajarvensuunnanhistoriayhdistys.fi\/historiayhdistys\/wp-content\/uploads\/2015\/07\/DSC01125.jpg 4556w, http:\/\/www.rukajarvensuunnanhistoriayhdistys.fi\/historiayhdistys\/wp-content\/uploads\/2015\/07\/DSC01125-300x199.jpg 300w, http:\/\/www.rukajarvensuunnanhistoriayhdistys.fi\/historiayhdistys\/wp-content\/uploads\/2015\/07\/DSC01125-1024x680.jpg 1024w\" sizes=\"auto, (max-width: 4556px) 100vw, 4556px\" \/><\/a><figcaption id=\"caption-attachment-10152\" class=\"wp-caption-text\">Monolan aitalle kuljettiin juuri tuota samaa reitti\u00e4 mit\u00e4 Sibeliukset k\u00e4yttiv\u00e4t kes\u00e4kuussa 1892. Tuolloin matka tehtiin kahdella soutuveneell\u00e4, nyt Rauni Hietasen Ruunaan koskenlaskussa k\u00e4ytt\u00e4mill\u00e4 turvallisilla moottoriveneill\u00e4. Antero Huttunen kuvasi p\u00e4iv\u00e4retken. Iltaretkill\u00e4 oppaana toimi itse\u00a0Jussi Makkonen.<\/figcaption><\/figure>\n<p>V\u00e4litt\u00f6m\u00e4sti n\u00e4yttelyn avajaisten j\u00e4lkeen Lieksan satamasta oli j\u00e4rjestetty kuljetus Monolan aitalle, jonka j\u00e4lkeen oli tapahtuman huipennus Lieksan kirkossa Sibelius-teoksen &#8221;Sadun&#8221; uuden sovituksen maailman ensiesityksineen.\u00a0 Lieksan kirkko oli t\u00e4yttynyt konserttiyleis\u00f6st\u00e4.<\/p>\n<figure id=\"attachment_10144\" aria-describedby=\"caption-attachment-10144\" style=\"width: 4556px\" class=\"wp-caption aligncenter\"><a href=\"http:\/\/www.rukajarvensuunnanhistoriayhdistys.fi\/historiayhdistys\/wp-content\/uploads\/2015\/07\/DSC01137.jpg\"><img loading=\"lazy\" decoding=\"async\" class=\"wp-image-10144 size-full\" src=\"http:\/\/www.rukajarvensuunnanhistoriayhdistys.fi\/historiayhdistys\/wp-content\/uploads\/2015\/07\/DSC01137.jpg\" alt=\"Lieksan kirkko on juhlava konserttipaikka. Kirkon ikkunasta avautuu n\u00e4kym\u00e4 kirkkopuistoon, josta Sibelius matkasi veneell\u00e4 Monolaan.\" width=\"4556\" height=\"3000\" data-id=\"10144\" srcset=\"http:\/\/www.rukajarvensuunnanhistoriayhdistys.fi\/historiayhdistys\/wp-content\/uploads\/2015\/07\/DSC01137.jpg 4556w, http:\/\/www.rukajarvensuunnanhistoriayhdistys.fi\/historiayhdistys\/wp-content\/uploads\/2015\/07\/DSC01137-300x198.jpg 300w, http:\/\/www.rukajarvensuunnanhistoriayhdistys.fi\/historiayhdistys\/wp-content\/uploads\/2015\/07\/DSC01137-1024x674.jpg 1024w\" sizes=\"auto, (max-width: 4556px) 100vw, 4556px\" \/><\/a><figcaption id=\"caption-attachment-10144\" class=\"wp-caption-text\">Lieksan kirkko on juhlava konserttipaikka. Kirkon ikkunasta avautuu n\u00e4kym\u00e4 kirkkopuistoon, josta Sibelius matkasi veneell\u00e4 Monolaan.<\/figcaption><\/figure>\n<p>Lieksan kirkon konsertissa esiintyiv\u00e4t Jussi Makkonen, sello, Nazig Azezian, piano, Esa Ruuttunen, Baritoni, Annastiina Tahkola mezzosopraano, Susanna Mieskonen-Makkonen, viulu, Joensuun kaupunginorkesterin muusikoita, jota johti Arturo Alvarado, Eveliina Laine, huilu; Nahoko Kinoshita, oboe; Marjo Vattulainen, klarinetti; Lauri Mykr\u00e4, fagotti; Pertti Vattulainen, k\u00e4yr\u00e4torvi; Heli Untamala, viulu; Ulla Karvinen, alttoviulu; Konstantin Misukov, sello; Heikki Helske, kontrabasso. Sovitukset Matti Makkonen ja Jussi-Matti Haavisto.<\/p>\n<p>Lieksan kirkon konsertin j\u00e4lkeen yleis\u00f6ll\u00e4 oli mahdollista osallistua konsertti-illallisille Timitran Linnan TalliGalleriassa, jossa Lieksan kirkossa esiintyneet muusikot pitiv\u00e4t saman p\u00e4iv\u00e4n aikana jo kolmannen konserttinsa.<\/p>\n<figure id=\"attachment_10154\" aria-describedby=\"caption-attachment-10154\" style=\"width: 4828px\" class=\"wp-caption aligncenter\"><a href=\"http:\/\/www.rukajarvensuunnanhistoriayhdistys.fi\/historiayhdistys\/wp-content\/uploads\/2015\/07\/S9450422.jpg\"><img loading=\"lazy\" decoding=\"async\" class=\"wp-image-10154 size-full\" src=\"http:\/\/www.rukajarvensuunnanhistoriayhdistys.fi\/historiayhdistys\/wp-content\/uploads\/2015\/07\/S9450422.jpg\" alt=\"Timitran Linnan TalliGallerian illalliskonsertissa esiintyiv\u00e4t Susanna Mieskonen-Makkonen ja Matti Makkonen.\" width=\"4828\" height=\"2712\" data-id=\"10154\" srcset=\"http:\/\/www.rukajarvensuunnanhistoriayhdistys.fi\/historiayhdistys\/wp-content\/uploads\/2015\/07\/S9450422.jpg 4828w, http:\/\/www.rukajarvensuunnanhistoriayhdistys.fi\/historiayhdistys\/wp-content\/uploads\/2015\/07\/S9450422-300x169.jpg 300w, http:\/\/www.rukajarvensuunnanhistoriayhdistys.fi\/historiayhdistys\/wp-content\/uploads\/2015\/07\/S9450422-1024x575.jpg 1024w\" sizes=\"auto, (max-width: 4828px) 100vw, 4828px\" \/><\/a><figcaption id=\"caption-attachment-10154\" class=\"wp-caption-text\">Timitran Linnan TalliGallerian illalliskonsertissa esiintyiv\u00e4t Susanna Mieskonen-Makkonen ja Matti Makkonen.<\/figcaption><\/figure>\n<figure id=\"attachment_10147\" aria-describedby=\"caption-attachment-10147\" style=\"width: 3072px\" class=\"wp-caption aligncenter\"><a href=\"http:\/\/www.rukajarvensuunnanhistoriayhdistys.fi\/historiayhdistys\/wp-content\/uploads\/2015\/07\/WP_20150711_19_41_31_Pro.jpg\"><img loading=\"lazy\" decoding=\"async\" class=\"wp-image-10147 size-full\" src=\"http:\/\/www.rukajarvensuunnanhistoriayhdistys.fi\/historiayhdistys\/wp-content\/uploads\/2015\/07\/WP_20150711_19_41_31_Pro.jpg\" alt=\"Sopraano Laura Kokkonen-Uhinki oli saapunut kuulemaan Lieksan Sibelius-viikonloppua. H\u00e4n esiintyy Sibelius museon j\u00e4rjest\u00e4m\u00e4ss\u00e4 16.9.2015 konsertissa. Laura Kokkonen-Uhinki, puolisonsa Patrik ja heid\u00e4n poikansa Henrik.\" width=\"3072\" height=\"1728\" data-id=\"10147\" srcset=\"http:\/\/www.rukajarvensuunnanhistoriayhdistys.fi\/historiayhdistys\/wp-content\/uploads\/2015\/07\/WP_20150711_19_41_31_Pro.jpg 3072w, http:\/\/www.rukajarvensuunnanhistoriayhdistys.fi\/historiayhdistys\/wp-content\/uploads\/2015\/07\/WP_20150711_19_41_31_Pro-300x169.jpg 300w, http:\/\/www.rukajarvensuunnanhistoriayhdistys.fi\/historiayhdistys\/wp-content\/uploads\/2015\/07\/WP_20150711_19_41_31_Pro-1024x576.jpg 1024w\" sizes=\"auto, (max-width: 3072px) 100vw, 3072px\" \/><\/a><figcaption id=\"caption-attachment-10147\" class=\"wp-caption-text\">Sopraano Laura Kokkonen-Uhinki oli saapunut kuulemaan Lieksan Sibelius-viikonloppua. H\u00e4n esiintyy Sibelius museon 16.9.2015 j\u00e4rjest\u00e4m\u00e4ss\u00e4 konsertissa. Laura Kokkonen-Uhinki, puolisonsa Patrik ja heid\u00e4n poikansa Henrik.<\/figcaption><\/figure>\n<p>Konserttiyleis\u00f6st\u00e4 suuri osa tutustui my\u00f6s Lieksan Rukaj\u00e4rvi-keskuksen uusittuun n\u00e4yttelyyn.<\/p>\n<p>Kaikkiin n\u00e4ihin tilaisuuksiin osallistui my\u00f6s jo 93 vuotta t\u00e4ytt\u00e4nyt veteraani Olavi Tiittanen, joka muisteli yli 70 vuoden takaista Rukaj\u00e4rvell\u00e4 viett\u00e4m\u00e4\u00e4ns\u00e4 aikaa ja osallistumistaan siell\u00e4 erilaisiin viihdetilaisuuksiin.<\/p>\n<figure id=\"attachment_10145\" aria-describedby=\"caption-attachment-10145\" style=\"width: 4864px\" class=\"wp-caption aligncenter\"><a href=\"http:\/\/www.rukajarvensuunnanhistoriayhdistys.fi\/historiayhdistys\/wp-content\/uploads\/2015\/07\/S9450236.jpg\"><img loading=\"lazy\" decoding=\"async\" class=\"wp-image-10145 size-full\" src=\"http:\/\/www.rukajarvensuunnanhistoriayhdistys.fi\/historiayhdistys\/wp-content\/uploads\/2015\/07\/S9450236.jpg\" alt=\"Rukaj\u00e4rven veteraani Olavi Tiittanen juhlisti tilaisuutta ja kertoi matkaseurueelle 70 vuoden takaisista sotakokemuksistaan. T\u00e4ll\u00e4 kertaa aiheena oli Sukellusveneen tukikohdan taistelu.\" width=\"4864\" height=\"2736\" data-id=\"10145\" srcset=\"http:\/\/www.rukajarvensuunnanhistoriayhdistys.fi\/historiayhdistys\/wp-content\/uploads\/2015\/07\/S9450236.jpg 4864w, http:\/\/www.rukajarvensuunnanhistoriayhdistys.fi\/historiayhdistys\/wp-content\/uploads\/2015\/07\/S9450236-300x169.jpg 300w, http:\/\/www.rukajarvensuunnanhistoriayhdistys.fi\/historiayhdistys\/wp-content\/uploads\/2015\/07\/S9450236-1024x576.jpg 1024w\" sizes=\"auto, (max-width: 4864px) 100vw, 4864px\" \/><\/a><figcaption id=\"caption-attachment-10145\" class=\"wp-caption-text\">Rukaj\u00e4rven veteraani Olavi Tiittanen juhlisti tilaisuutta ja kertoi matkaseurueelle 70 vuoden takaisista sotakokemuksistaan. T\u00e4ll\u00e4 kertaa aiheena oli Sukellusveneen tukikohdan taistelu.<\/figcaption><\/figure>\n<figure id=\"attachment_10146\" aria-describedby=\"caption-attachment-10146\" style=\"width: 4836px\" class=\"wp-caption aligncenter\"><a href=\"http:\/\/www.rukajarvensuunnanhistoriayhdistys.fi\/historiayhdistys\/wp-content\/uploads\/2015\/07\/S9450254.jpg\"><img loading=\"lazy\" decoding=\"async\" class=\"wp-image-10146 size-full\" src=\"http:\/\/www.rukajarvensuunnanhistoriayhdistys.fi\/historiayhdistys\/wp-content\/uploads\/2015\/07\/S9450254.jpg\" alt=\"Patrik Uhinki lahjoitti Rukaj\u00e4rven suunnan historiayhdistykselle ukistaan Paavo Ketolasta kirjoittamansa  sotamuistelmat sek\u00e4 ukkinsa valmistaman muistolaatan.\" width=\"4836\" height=\"2716\" data-id=\"10146\" srcset=\"http:\/\/www.rukajarvensuunnanhistoriayhdistys.fi\/historiayhdistys\/wp-content\/uploads\/2015\/07\/S9450254.jpg 4836w, http:\/\/www.rukajarvensuunnanhistoriayhdistys.fi\/historiayhdistys\/wp-content\/uploads\/2015\/07\/S9450254-300x168.jpg 300w, http:\/\/www.rukajarvensuunnanhistoriayhdistys.fi\/historiayhdistys\/wp-content\/uploads\/2015\/07\/S9450254-1024x575.jpg 1024w\" sizes=\"auto, (max-width: 4836px) 100vw, 4836px\" \/><\/a><figcaption id=\"caption-attachment-10146\" class=\"wp-caption-text\">Patrik Uhinki lahjoitti Rukaj\u00e4rven suunnan historiayhdistykselle ukistaan Paavo Ketolasta kirjoittamansa sotamuistelmat sek\u00e4 ukkinsa valmistaman muistolaatan.<\/figcaption><\/figure>\n<p>Rukaj\u00e4rvi-keskus sai upean lahjoituksen. Patrik Uhinki oli koonnut ukkinsa Paavo Ketolan sotamuistot ja lahjoitti n\u00e4yttelyyn Rukaj\u00e4rven rintamalla toimineen ukkinsa valmistaman muistolaatan. Laatta asetettiin samantien n\u00e4yttelyvitriiniin. Paavo Ketola toimi Rukaj\u00e4rven rintamalla sotilaspastorina.<\/p>\n<p><strong><strong>Sibelius Karelia matkailijan opasj\u00e4rjestelm\u00e4 <\/strong>\u00a0<\/strong><\/p>\n<p><strong>HeiJoe on \u00e4lylaitteelle kehitetty, k\u00e4ytt\u00e4j\u00e4lleen maksuton matkailuopasj\u00e4rjestelm\u00e4.<\/strong> J\u00e4rjestelm\u00e4\u00e4n on luotu valtava m\u00e4\u00e4r\u00e4 erilaisia reittej\u00e4 joiden varrella on paljon n\u00e4kemist\u00e4 matkailijoille. HeiJoe opastaa Sinut kohteelta toiselle, samalla se antaa monipuolista tietoa reitin varrella olevista k\u00e4yntikohteista ja n\u00e4ht\u00e4vyyksist\u00e4, tekstin\u00e4, kuvina ja my\u00f6s videoina.<\/p>\n<p>HeiJoe -opasj\u00e4rjestelm\u00e4 on otettu k\u00e4ytt\u00f6\u00f6n mm. Joensuussa sek\u00e4 Lieksassa, Rukaj\u00e4rven tiell\u00e4. <strong>Rukaj\u00e4rven tie<\/strong> -nimikkeen alta l\u00f6ytyville reiteille on tallennettu Rukaj\u00e4rven suunnan historiayhdistys ry:n kokoamaa tietoa jatkosodan taistelutien historiasta. <strong>Sibelius Karelia <\/strong>-reittipisteet puolestaan ulottuvat aina Helsingist\u00e4 Lieksaan ja V\u00f6yriin saakka.<\/p>\n<p>J\u00e4rjestelm\u00e4n latauslinkit (App Store, Google play, Windows Phone Store) l\u00f6yd\u00e4t sivulta <a href=\"http:\/\/www.heijoe.com\/\">www.heijoe.com<\/a>. Kun olet ladannut HeiJoen \u00e4lylaitteellesi, tulet &#8221;aulaan&#8221;, jossa on kolme huonetta. Voit joko hakea reittej\u00e4 5 km:n tai 50 km:n s\u00e4teell\u00e4 olinpaikastasi tai liitty\u00e4 johonkin tiettyyn huoneeseen.<\/p>\n<p><strong>Huoneen nimeksi voit siis laittaa esim. &#8221;Rukaj\u00e4rven tie&#8221;, &#8221;Sibelius Karelia&#8221; tai &#8221;Joensuu&#8221;.<\/strong><\/p>\n<p>K\u00e4ytt\u00f6ohjeisiin ja Rukaj\u00e4rven tie -nimikkeen alta l\u00f6ytyvien reittien lis\u00e4tietoihin p\u00e4\u00e4set <a href=\"http:\/\/www.visitkarelia.fi\/loader.aspx?id=9c8c7dea-edab-4861-95a8-32b617645cb1\">klikkaamalla t\u00e4st\u00e4. <\/a> Sibelius Karelia -reittipistelistauksen <a href=\"http:\/\/www.visitkarelia.fi\/loader.aspx?id=a7579432-f8e1-4258-a999-95135b5eff44\">l\u00f6yd\u00e4t t\u00e4st\u00e4. <\/a><\/p>\n<p><strong>Julkaisemme kokonaisuudessaan puheenjohtaja Tenho Tikkasen Sibelius Karelia -valokuvan\u00e4yttelyn avauspuheen seuraavassa:<\/strong><\/p>\n<p><strong><em>Arvoisat veteraani, arvoisa yleis\u00f6.<\/em><\/strong><\/p>\n<p><em>T\u00e4n\u00e4 vuonna tulee kuluneeksi 150 vuotta s\u00e4velt\u00e4j\u00e4mestari Jean Sibeliuksen syntym\u00e4st\u00e4. H\u00e4n el\u00e4\u00e4 keskuudessamme yh\u00e4 arvokkaan tuotantonsa ja erityisesti nuorten taiteilijoitten, todellisten Sibelius-tuntijoitten esitysten ja taiteen kautta. <\/em><\/p>\n<p><em>Yleens\u00e4 Sibeliusta kuullaan juhla-asussa ja istutaan juhlasaleissa. Nazig Azezianin ja Jussi Makkosen yleis\u00f6ll\u00e4 on vaihtoehtoja. He viev\u00e4t kuulijansa Kolin huipulle ja Pieliselle, juuri siihen maisemaan, josta Sibelius ammensi luomisvoimansa kiihkein\u00e4 maamme itsen\u00e4istymisen vuosina. Silloiset eturivin taiteilijat, Sibelius etummaisena, etsiv\u00e4t Karjalasta ja Kalevalasta suomalaisuuden perusjuuria, ydint\u00e4 mille he rakensivat tuotantonsa kivijalan. <\/em><\/p>\n<p><em>Joku voi kysy\u00e4, miten sotahistoria ja s\u00e4veltaide liittyv\u00e4t yhteen. Siihen kysymykseen on helppo vastata t\u00e4\u00e4ll\u00e4 Lieksassa. <\/em>Pielisell\u00e4, Lieksalla ja Kolilla oli suuri merkitys s\u00e4velt\u00e4j\u00e4mestari Jean Sibeliuksen (1865-1957) s\u00e4veltaiteeseen. Kansalliss\u00e4velt\u00e4j\u00e4mme ja h\u00e4nen tuotantonsa sek\u00e4 Rukaj\u00e4rven tie muistuttavat meit\u00e4 kansamme l\u00e4hihistoriasta. Kansakunnalla ei ole mit\u00e4\u00e4n sen arvokkaampaa kuin itsen\u00e4isyys. Itsen\u00e4isyyteen kuuluvat oma kieli ja kulttuuri, omissa k\u00e4siss\u00e4 oleva p\u00e4\u00e4t\u00f6svalta, oma raha, joita tuolloin kiihke\u00e4sti tavoiteltiin.<\/p>\n<p>J\u00e4rjestimme viime vuonna kansalaisjuhlan 70 vuotta sitten p\u00e4\u00e4ttyneen jatkosodan aselevon muistoksi. Samalla pystytimme t\u00e4nne Lieksan rautatieasemalle valokuvan\u00e4yttelyt \u201cRautatiet sodan huoltoteht\u00e4viss\u00e4\u201d sek\u00e4 \u201cMannerheim ja rautatiet\u201d. Tuolloin p\u00e4\u00e4timme t\u00e4ydent\u00e4\u00e4 n\u00e4yttely\u00e4 tulevina vuosina.<\/p>\n<p><em>Sibelius oli suurmies, jolle Suomi ja suomalaisuus merkitsiv\u00e4t paljon. <\/em>Miksi juuri taiteilijat tekiv\u00e4t voimallista ty\u00f6t\u00e4 suomalaisuuden ja kansan itsen\u00e4isyyden saavuttamiseksi? T\u00e4h\u00e4n kysymykseen etsit\u00e4\u00e4n vastausta n\u00e4ist\u00e4 esill\u00e4 olevista n\u00e4yttelyist\u00e4.<\/p>\n<p>Havaittuamme, ett\u00e4 muusikot Jussi Makkonen ja Nazig Azezian j\u00e4rjest\u00e4v\u00e4t Sibelius-konsertteja Sibeliuksen h\u00e4\u00e4matkakohteen, Monolan aitan hyv\u00e4ksi, otimme heihin yhteytt\u00e4 ja nyt Sibelius Karelia-n\u00e4yttely on koottu.<\/p>\n<p>He ovat tehneet pitk\u00e4j\u00e4nteisesti perustavanlaatuista ty\u00f6t\u00e4 \u00a0koko Pohjois-Karjalan hyv\u00e4ksi. T\u00e4n\u00e4\u00e4n he ovat t\u00e4\u00e4ll\u00e4 luonamme avaamassa Sibelius Karelia-n\u00e4yttely\u00e4. Lis\u00e4ksi kuulemme heit\u00e4 viel\u00e4 t\u00e4n\u00e4\u00e4n Monola \u2013gaalakonsertissa Lieksan kirkossa. Nurmeksessa 15.8.2015 he j\u00e4rjest\u00e4v\u00e4t \u201cAlla rannan kuusten\u201d \u2013konsertin yhdess\u00e4 Jorma Hynnisen kanssa. He tuovat esille s\u00e4velt\u00e4j\u00e4mestarin tuotantoa poikkeuksellisen koskettavalla tavalla. Haluamme olla heille avuksi heid\u00e4n asettamansa arvokkaan p\u00e4\u00e4m\u00e4\u00e4r\u00e4n saavuttamisessa. Voimat on syyt\u00e4 yhdist\u00e4\u00e4, yhdess\u00e4 olemme vahvempia Lieksan ja koko maakunnan kehitt\u00e4misess\u00e4.<\/p>\n<p><em>On asioita, joita kuunnellaan korvilla. &#8211; <\/em><em>On asioita, joita kuunnellaan silmill\u00e4. &#8211; <\/em><em>Ja on asioita, joita kuulee vain syd\u00e4mell\u00e4, <\/em><em>my\u00f6t\u00e4el\u00e4misell\u00e4. <\/em><\/p>\n<p><em>&#8221;Tuntemattomaksi&#8221; j\u00e4\u00e4neen kirjoittajan sanoma sis\u00e4lt\u00e4\u00e4 olennaisen tiedon siit\u00e4 mik\u00e4 oli er\u00e4s valistustoiminnan t\u00e4rkeimmist\u00e4 teht\u00e4vist\u00e4, itsen\u00e4istymisen aamunkoitteessa ja my\u00f6s rintamalla. Tuon saman tekstin sis\u00e4lt\u00f6 antaa vastauksen my\u00f6s siihen kysymykseen, miksi yhdistyksemme on perustettu. \u00a0Teht\u00e4v\u00e4mme on jatkaa veteraanien itsens\u00e4 k\u00e4ynnist\u00e4m\u00e4\u00e4 perinnety\u00f6t\u00e4, heid\u00e4n tarinoidensa tallentamista ja perinneaineiston ker\u00e4yst\u00e4. Sibeliuksesta ja Suomen sodista puhuttaessa, maamme itsen\u00e4isyys on yhdist\u00e4v\u00e4 tekij\u00e4.<\/em><\/p>\n<p><em>Kun puhumme nuorista etevist\u00e4 muusikoista Nazig Azezianista ja Jussi Makkosesta, voidaan sanoa, ett\u00e4 he ovat sis\u00e4ist\u00e4neet Sibeliuksen s\u00e4veltaiteen ytimen.<\/em><\/p>\n","protected":false},"excerpt":{"rendered":"<p>Sellisti Jussi Makkonen avasi Sibelius Karelia valokuvan\u00e4yttelyn Lieksan asemamakasiinissa 11.7.2015 pidetyss\u00e4 tilaisuudessa. Muusikot Jussi Makkonen ja Nazig Azezian j\u00e4rjestiv\u00e4t avaustilaisuudessa yll\u00e4tyksellisen Sibelius-konsertin. He esittiv\u00e4t Sibeliuksen s\u00e4vellykset &#8221;Souvenir op. 99&#8221; sek\u00e4 <a class=\"more-link\" href=\"http:\/\/www.rukajarvensuunnanhistoriayhdistys.fi\/historiayhdistys\/sibelius-karelia-nayttely-avattiin-lieksassa-yleisolle\/\">Teksti jatkuu&#8230;<span class=\"screen-reader-text\">Sibelius Karelia n\u00e4yttely avattiin Lieksassa yleis\u00f6lle<\/span><span class=\"meta-nav\">\u2192<\/span><\/a><\/p>\n","protected":false},"author":3,"featured_media":10148,"comment_status":"closed","ping_status":"open","sticky":false,"template":"","format":"standard","meta":{"footnotes":""},"categories":[22],"tags":[],"class_list":["post-10143","post","type-post","status-publish","format-standard","has-post-thumbnail","hentry","category-ajankohtaista"],"yoast_head":"<!-- This site is optimized with the Yoast SEO plugin v27.4 - https:\/\/yoast.com\/product\/yoast-seo-wordpress\/ -->\n<title>Sibelius Karelia n\u00e4yttely avattiin Lieksassa yleis\u00f6lle - Rukaj\u00e4rven suunnan historiayhdistys<\/title>\n<meta name=\"robots\" content=\"index, follow, max-snippet:-1, max-image-preview:large, max-video-preview:-1\" \/>\n<link rel=\"canonical\" href=\"https:\/\/www.rukajarvensuunnanhistoriayhdistys.fi\/historiayhdistys\/sibelius-karelia-nayttely-avattiin-lieksassa-yleisolle\/\" \/>\n<meta property=\"og:locale\" content=\"fi_FI\" \/>\n<meta property=\"og:type\" content=\"article\" \/>\n<meta property=\"og:title\" content=\"Sibelius Karelia n\u00e4yttely avattiin Lieksassa yleis\u00f6lle - Rukaj\u00e4rven suunnan historiayhdistys\" \/>\n<meta property=\"og:description\" content=\"Sellisti Jussi Makkonen avasi Sibelius Karelia valokuvan\u00e4yttelyn Lieksan asemamakasiinissa 11.7.2015 pidetyss\u00e4 tilaisuudessa. Muusikot Jussi Makkonen ja Nazig Azezian j\u00e4rjestiv\u00e4t avaustilaisuudessa yll\u00e4tyksellisen Sibelius-konsertin. He esittiv\u00e4t Sibeliuksen s\u00e4vellykset &#8221;Souvenir op. 99&#8221; sek\u00e4 Teksti jatkuu...Sibelius Karelia n\u00e4yttely avattiin Lieksassa yleis\u00f6lle\u2192\" \/>\n<meta property=\"og:url\" content=\"https:\/\/www.rukajarvensuunnanhistoriayhdistys.fi\/historiayhdistys\/sibelius-karelia-nayttely-avattiin-lieksassa-yleisolle\/\" \/>\n<meta property=\"og:site_name\" content=\"Rukaj\u00e4rven suunnan historiayhdistys\" \/>\n<meta property=\"article:published_time\" content=\"2015-07-14T14:52:40+00:00\" \/>\n<meta property=\"og:image\" content=\"https:\/\/www.rukajarvensuunnanhistoriayhdistys.fi\/historiayhdistys\/wp-content\/uploads\/2015\/07\/DSC01075-1024x682.jpg\" \/>\n\t<meta property=\"og:image:width\" content=\"1024\" \/>\n\t<meta property=\"og:image:height\" content=\"682\" \/>\n\t<meta property=\"og:image:type\" content=\"image\/jpeg\" \/>\n<meta name=\"author\" content=\"RSHY\" \/>\n<meta name=\"twitter:label1\" content=\"Kirjoittanut\" \/>\n\t<meta name=\"twitter:data1\" content=\"RSHY\" \/>\n\t<meta name=\"twitter:label2\" content=\"Arvioitu lukuaika\" \/>\n\t<meta name=\"twitter:data2\" content=\"7 minuuttia\" \/>\n<script type=\"application\/ld+json\" class=\"yoast-schema-graph\">{\"@context\":\"https:\\\/\\\/schema.org\",\"@graph\":[{\"@type\":\"Article\",\"@id\":\"https:\\\/\\\/www.rukajarvensuunnanhistoriayhdistys.fi\\\/historiayhdistys\\\/sibelius-karelia-nayttely-avattiin-lieksassa-yleisolle\\\/#article\",\"isPartOf\":{\"@id\":\"https:\\\/\\\/www.rukajarvensuunnanhistoriayhdistys.fi\\\/historiayhdistys\\\/sibelius-karelia-nayttely-avattiin-lieksassa-yleisolle\\\/\"},\"author\":{\"name\":\"RSHY\",\"@id\":\"http:\\\/\\\/www.rukajarvensuunnanhistoriayhdistys.fi\\\/historiayhdistys\\\/#\\\/schema\\\/person\\\/19de7db68bf72dfd2b5d7f6dfbf8454d\"},\"headline\":\"Sibelius Karelia n\u00e4yttely avattiin Lieksassa yleis\u00f6lle\",\"datePublished\":\"2015-07-14T14:52:40+00:00\",\"mainEntityOfPage\":{\"@id\":\"https:\\\/\\\/www.rukajarvensuunnanhistoriayhdistys.fi\\\/historiayhdistys\\\/sibelius-karelia-nayttely-avattiin-lieksassa-yleisolle\\\/\"},\"wordCount\":1388,\"publisher\":{\"@id\":\"http:\\\/\\\/www.rukajarvensuunnanhistoriayhdistys.fi\\\/historiayhdistys\\\/#organization\"},\"image\":{\"@id\":\"https:\\\/\\\/www.rukajarvensuunnanhistoriayhdistys.fi\\\/historiayhdistys\\\/sibelius-karelia-nayttely-avattiin-lieksassa-yleisolle\\\/#primaryimage\"},\"thumbnailUrl\":\"http:\\\/\\\/www.rukajarvensuunnanhistoriayhdistys.fi\\\/historiayhdistys\\\/wp-content\\\/uploads\\\/2015\\\/07\\\/DSC01075.jpg\",\"articleSection\":[\"Ajankohtaista\"],\"inLanguage\":\"fi\"},{\"@type\":\"WebPage\",\"@id\":\"https:\\\/\\\/www.rukajarvensuunnanhistoriayhdistys.fi\\\/historiayhdistys\\\/sibelius-karelia-nayttely-avattiin-lieksassa-yleisolle\\\/\",\"url\":\"https:\\\/\\\/www.rukajarvensuunnanhistoriayhdistys.fi\\\/historiayhdistys\\\/sibelius-karelia-nayttely-avattiin-lieksassa-yleisolle\\\/\",\"name\":\"Sibelius Karelia n\u00e4yttely avattiin Lieksassa yleis\u00f6lle - Rukaj\u00e4rven suunnan historiayhdistys\",\"isPartOf\":{\"@id\":\"http:\\\/\\\/www.rukajarvensuunnanhistoriayhdistys.fi\\\/historiayhdistys\\\/#website\"},\"primaryImageOfPage\":{\"@id\":\"https:\\\/\\\/www.rukajarvensuunnanhistoriayhdistys.fi\\\/historiayhdistys\\\/sibelius-karelia-nayttely-avattiin-lieksassa-yleisolle\\\/#primaryimage\"},\"image\":{\"@id\":\"https:\\\/\\\/www.rukajarvensuunnanhistoriayhdistys.fi\\\/historiayhdistys\\\/sibelius-karelia-nayttely-avattiin-lieksassa-yleisolle\\\/#primaryimage\"},\"thumbnailUrl\":\"http:\\\/\\\/www.rukajarvensuunnanhistoriayhdistys.fi\\\/historiayhdistys\\\/wp-content\\\/uploads\\\/2015\\\/07\\\/DSC01075.jpg\",\"datePublished\":\"2015-07-14T14:52:40+00:00\",\"breadcrumb\":{\"@id\":\"https:\\\/\\\/www.rukajarvensuunnanhistoriayhdistys.fi\\\/historiayhdistys\\\/sibelius-karelia-nayttely-avattiin-lieksassa-yleisolle\\\/#breadcrumb\"},\"inLanguage\":\"fi\",\"potentialAction\":[{\"@type\":\"ReadAction\",\"target\":[\"https:\\\/\\\/www.rukajarvensuunnanhistoriayhdistys.fi\\\/historiayhdistys\\\/sibelius-karelia-nayttely-avattiin-lieksassa-yleisolle\\\/\"]}]},{\"@type\":\"ImageObject\",\"inLanguage\":\"fi\",\"@id\":\"https:\\\/\\\/www.rukajarvensuunnanhistoriayhdistys.fi\\\/historiayhdistys\\\/sibelius-karelia-nayttely-avattiin-lieksassa-yleisolle\\\/#primaryimage\",\"url\":\"http:\\\/\\\/www.rukajarvensuunnanhistoriayhdistys.fi\\\/historiayhdistys\\\/wp-content\\\/uploads\\\/2015\\\/07\\\/DSC01075.jpg\",\"contentUrl\":\"http:\\\/\\\/www.rukajarvensuunnanhistoriayhdistys.fi\\\/historiayhdistys\\\/wp-content\\\/uploads\\\/2015\\\/07\\\/DSC01075.jpg\",\"width\":4572,\"height\":3044,\"caption\":\"Sellisti Jussi Makkonen ja pianisti Nazig Azezian esittiv\u00e4t Sibeliuksen s\u00e4vellykset \\\"Souvenir op. 99\\\" sek\u00e4 Puusarjaan kuuluvan \\\"Kuusi op. 75\\\". Taustalla Mauri M\u00f6nkk\u00f6nen, joka on yksi Sibelius Karelia n\u00e4yttelyn pystytt\u00e4jist\u00e4 sek\u00e4 Sibeliuksen Lieksan vaiheita tutkinut opettaja Terttu Heiskanen-Timonen.\"},{\"@type\":\"BreadcrumbList\",\"@id\":\"https:\\\/\\\/www.rukajarvensuunnanhistoriayhdistys.fi\\\/historiayhdistys\\\/sibelius-karelia-nayttely-avattiin-lieksassa-yleisolle\\\/#breadcrumb\",\"itemListElement\":[{\"@type\":\"ListItem\",\"position\":1,\"name\":\"Etusivu\",\"item\":\"http:\\\/\\\/www.rukajarvensuunnanhistoriayhdistys.fi\\\/historiayhdistys\\\/\"},{\"@type\":\"ListItem\",\"position\":2,\"name\":\"Sibelius Karelia n\u00e4yttely avattiin Lieksassa yleis\u00f6lle\"}]},{\"@type\":\"WebSite\",\"@id\":\"http:\\\/\\\/www.rukajarvensuunnanhistoriayhdistys.fi\\\/historiayhdistys\\\/#website\",\"url\":\"http:\\\/\\\/www.rukajarvensuunnanhistoriayhdistys.fi\\\/historiayhdistys\\\/\",\"name\":\"Rukaj\u00e4rven suunnan historiayhdistys\",\"description\":\"Rukaj\u00e4rven suunnan historiayhdistyksen verkkosivut.\",\"publisher\":{\"@id\":\"http:\\\/\\\/www.rukajarvensuunnanhistoriayhdistys.fi\\\/historiayhdistys\\\/#organization\"},\"potentialAction\":[{\"@type\":\"SearchAction\",\"target\":{\"@type\":\"EntryPoint\",\"urlTemplate\":\"http:\\\/\\\/www.rukajarvensuunnanhistoriayhdistys.fi\\\/historiayhdistys\\\/?s={search_term_string}\"},\"query-input\":{\"@type\":\"PropertyValueSpecification\",\"valueRequired\":true,\"valueName\":\"search_term_string\"}}],\"inLanguage\":\"fi\"},{\"@type\":\"Organization\",\"@id\":\"http:\\\/\\\/www.rukajarvensuunnanhistoriayhdistys.fi\\\/historiayhdistys\\\/#organization\",\"name\":\"Rukaj\u00e4rven suunnan historiayhdistys\",\"url\":\"http:\\\/\\\/www.rukajarvensuunnanhistoriayhdistys.fi\\\/historiayhdistys\\\/\",\"logo\":{\"@type\":\"ImageObject\",\"inLanguage\":\"fi\",\"@id\":\"http:\\\/\\\/www.rukajarvensuunnanhistoriayhdistys.fi\\\/historiayhdistys\\\/#\\\/schema\\\/logo\\\/image\\\/\",\"url\":\"http:\\\/\\\/www.rukajarvensuunnanhistoriayhdistys.fi\\\/historiayhdistys\\\/wp-content\\\/uploads\\\/2013\\\/12\\\/Otsake_3.jpg\",\"contentUrl\":\"http:\\\/\\\/www.rukajarvensuunnanhistoriayhdistys.fi\\\/historiayhdistys\\\/wp-content\\\/uploads\\\/2013\\\/12\\\/Otsake_3.jpg\",\"width\":1000,\"height\":442,\"caption\":\"Rukaj\u00e4rven suunnan historiayhdistys\"},\"image\":{\"@id\":\"http:\\\/\\\/www.rukajarvensuunnanhistoriayhdistys.fi\\\/historiayhdistys\\\/#\\\/schema\\\/logo\\\/image\\\/\"}},{\"@type\":\"Person\",\"@id\":\"http:\\\/\\\/www.rukajarvensuunnanhistoriayhdistys.fi\\\/historiayhdistys\\\/#\\\/schema\\\/person\\\/19de7db68bf72dfd2b5d7f6dfbf8454d\",\"name\":\"RSHY\",\"image\":{\"@type\":\"ImageObject\",\"inLanguage\":\"fi\",\"@id\":\"https:\\\/\\\/secure.gravatar.com\\\/avatar\\\/598d59263a69cc8de65fcb4f9db78d6f58c098cb0e0ba22d73377441af9fa04c?s=96&d=blank&r=g\",\"url\":\"https:\\\/\\\/secure.gravatar.com\\\/avatar\\\/598d59263a69cc8de65fcb4f9db78d6f58c098cb0e0ba22d73377441af9fa04c?s=96&d=blank&r=g\",\"contentUrl\":\"https:\\\/\\\/secure.gravatar.com\\\/avatar\\\/598d59263a69cc8de65fcb4f9db78d6f58c098cb0e0ba22d73377441af9fa04c?s=96&d=blank&r=g\",\"caption\":\"RSHY\"},\"url\":\"http:\\\/\\\/www.rukajarvensuunnanhistoriayhdistys.fi\\\/historiayhdistys\\\/author\\\/rshy\\\/\"}]}<\/script>\n<!-- \/ Yoast SEO plugin. -->","yoast_head_json":{"title":"Sibelius Karelia n\u00e4yttely avattiin Lieksassa yleis\u00f6lle - Rukaj\u00e4rven suunnan historiayhdistys","robots":{"index":"index","follow":"follow","max-snippet":"max-snippet:-1","max-image-preview":"max-image-preview:large","max-video-preview":"max-video-preview:-1"},"canonical":"https:\/\/www.rukajarvensuunnanhistoriayhdistys.fi\/historiayhdistys\/sibelius-karelia-nayttely-avattiin-lieksassa-yleisolle\/","og_locale":"fi_FI","og_type":"article","og_title":"Sibelius Karelia n\u00e4yttely avattiin Lieksassa yleis\u00f6lle - Rukaj\u00e4rven suunnan historiayhdistys","og_description":"Sellisti Jussi Makkonen avasi Sibelius Karelia valokuvan\u00e4yttelyn Lieksan asemamakasiinissa 11.7.2015 pidetyss\u00e4 tilaisuudessa. Muusikot Jussi Makkonen ja Nazig Azezian j\u00e4rjestiv\u00e4t avaustilaisuudessa yll\u00e4tyksellisen Sibelius-konsertin. He esittiv\u00e4t Sibeliuksen s\u00e4vellykset &#8221;Souvenir op. 99&#8221; sek\u00e4 Teksti jatkuu...Sibelius Karelia n\u00e4yttely avattiin Lieksassa yleis\u00f6lle\u2192","og_url":"https:\/\/www.rukajarvensuunnanhistoriayhdistys.fi\/historiayhdistys\/sibelius-karelia-nayttely-avattiin-lieksassa-yleisolle\/","og_site_name":"Rukaj\u00e4rven suunnan historiayhdistys","article_published_time":"2015-07-14T14:52:40+00:00","og_image":[{"width":1024,"height":682,"url":"https:\/\/www.rukajarvensuunnanhistoriayhdistys.fi\/historiayhdistys\/wp-content\/uploads\/2015\/07\/DSC01075-1024x682.jpg","type":"image\/jpeg"}],"author":"RSHY","twitter_misc":{"Kirjoittanut":"RSHY","Arvioitu lukuaika":"7 minuuttia"},"schema":{"@context":"https:\/\/schema.org","@graph":[{"@type":"Article","@id":"https:\/\/www.rukajarvensuunnanhistoriayhdistys.fi\/historiayhdistys\/sibelius-karelia-nayttely-avattiin-lieksassa-yleisolle\/#article","isPartOf":{"@id":"https:\/\/www.rukajarvensuunnanhistoriayhdistys.fi\/historiayhdistys\/sibelius-karelia-nayttely-avattiin-lieksassa-yleisolle\/"},"author":{"name":"RSHY","@id":"http:\/\/www.rukajarvensuunnanhistoriayhdistys.fi\/historiayhdistys\/#\/schema\/person\/19de7db68bf72dfd2b5d7f6dfbf8454d"},"headline":"Sibelius Karelia n\u00e4yttely avattiin Lieksassa yleis\u00f6lle","datePublished":"2015-07-14T14:52:40+00:00","mainEntityOfPage":{"@id":"https:\/\/www.rukajarvensuunnanhistoriayhdistys.fi\/historiayhdistys\/sibelius-karelia-nayttely-avattiin-lieksassa-yleisolle\/"},"wordCount":1388,"publisher":{"@id":"http:\/\/www.rukajarvensuunnanhistoriayhdistys.fi\/historiayhdistys\/#organization"},"image":{"@id":"https:\/\/www.rukajarvensuunnanhistoriayhdistys.fi\/historiayhdistys\/sibelius-karelia-nayttely-avattiin-lieksassa-yleisolle\/#primaryimage"},"thumbnailUrl":"http:\/\/www.rukajarvensuunnanhistoriayhdistys.fi\/historiayhdistys\/wp-content\/uploads\/2015\/07\/DSC01075.jpg","articleSection":["Ajankohtaista"],"inLanguage":"fi"},{"@type":"WebPage","@id":"https:\/\/www.rukajarvensuunnanhistoriayhdistys.fi\/historiayhdistys\/sibelius-karelia-nayttely-avattiin-lieksassa-yleisolle\/","url":"https:\/\/www.rukajarvensuunnanhistoriayhdistys.fi\/historiayhdistys\/sibelius-karelia-nayttely-avattiin-lieksassa-yleisolle\/","name":"Sibelius Karelia n\u00e4yttely avattiin Lieksassa yleis\u00f6lle - Rukaj\u00e4rven suunnan historiayhdistys","isPartOf":{"@id":"http:\/\/www.rukajarvensuunnanhistoriayhdistys.fi\/historiayhdistys\/#website"},"primaryImageOfPage":{"@id":"https:\/\/www.rukajarvensuunnanhistoriayhdistys.fi\/historiayhdistys\/sibelius-karelia-nayttely-avattiin-lieksassa-yleisolle\/#primaryimage"},"image":{"@id":"https:\/\/www.rukajarvensuunnanhistoriayhdistys.fi\/historiayhdistys\/sibelius-karelia-nayttely-avattiin-lieksassa-yleisolle\/#primaryimage"},"thumbnailUrl":"http:\/\/www.rukajarvensuunnanhistoriayhdistys.fi\/historiayhdistys\/wp-content\/uploads\/2015\/07\/DSC01075.jpg","datePublished":"2015-07-14T14:52:40+00:00","breadcrumb":{"@id":"https:\/\/www.rukajarvensuunnanhistoriayhdistys.fi\/historiayhdistys\/sibelius-karelia-nayttely-avattiin-lieksassa-yleisolle\/#breadcrumb"},"inLanguage":"fi","potentialAction":[{"@type":"ReadAction","target":["https:\/\/www.rukajarvensuunnanhistoriayhdistys.fi\/historiayhdistys\/sibelius-karelia-nayttely-avattiin-lieksassa-yleisolle\/"]}]},{"@type":"ImageObject","inLanguage":"fi","@id":"https:\/\/www.rukajarvensuunnanhistoriayhdistys.fi\/historiayhdistys\/sibelius-karelia-nayttely-avattiin-lieksassa-yleisolle\/#primaryimage","url":"http:\/\/www.rukajarvensuunnanhistoriayhdistys.fi\/historiayhdistys\/wp-content\/uploads\/2015\/07\/DSC01075.jpg","contentUrl":"http:\/\/www.rukajarvensuunnanhistoriayhdistys.fi\/historiayhdistys\/wp-content\/uploads\/2015\/07\/DSC01075.jpg","width":4572,"height":3044,"caption":"Sellisti Jussi Makkonen ja pianisti Nazig Azezian esittiv\u00e4t Sibeliuksen s\u00e4vellykset \"Souvenir op. 99\" sek\u00e4 Puusarjaan kuuluvan \"Kuusi op. 75\". Taustalla Mauri M\u00f6nkk\u00f6nen, joka on yksi Sibelius Karelia n\u00e4yttelyn pystytt\u00e4jist\u00e4 sek\u00e4 Sibeliuksen Lieksan vaiheita tutkinut opettaja Terttu Heiskanen-Timonen."},{"@type":"BreadcrumbList","@id":"https:\/\/www.rukajarvensuunnanhistoriayhdistys.fi\/historiayhdistys\/sibelius-karelia-nayttely-avattiin-lieksassa-yleisolle\/#breadcrumb","itemListElement":[{"@type":"ListItem","position":1,"name":"Etusivu","item":"http:\/\/www.rukajarvensuunnanhistoriayhdistys.fi\/historiayhdistys\/"},{"@type":"ListItem","position":2,"name":"Sibelius Karelia n\u00e4yttely avattiin Lieksassa yleis\u00f6lle"}]},{"@type":"WebSite","@id":"http:\/\/www.rukajarvensuunnanhistoriayhdistys.fi\/historiayhdistys\/#website","url":"http:\/\/www.rukajarvensuunnanhistoriayhdistys.fi\/historiayhdistys\/","name":"Rukaj\u00e4rven suunnan historiayhdistys","description":"Rukaj\u00e4rven suunnan historiayhdistyksen verkkosivut.","publisher":{"@id":"http:\/\/www.rukajarvensuunnanhistoriayhdistys.fi\/historiayhdistys\/#organization"},"potentialAction":[{"@type":"SearchAction","target":{"@type":"EntryPoint","urlTemplate":"http:\/\/www.rukajarvensuunnanhistoriayhdistys.fi\/historiayhdistys\/?s={search_term_string}"},"query-input":{"@type":"PropertyValueSpecification","valueRequired":true,"valueName":"search_term_string"}}],"inLanguage":"fi"},{"@type":"Organization","@id":"http:\/\/www.rukajarvensuunnanhistoriayhdistys.fi\/historiayhdistys\/#organization","name":"Rukaj\u00e4rven suunnan historiayhdistys","url":"http:\/\/www.rukajarvensuunnanhistoriayhdistys.fi\/historiayhdistys\/","logo":{"@type":"ImageObject","inLanguage":"fi","@id":"http:\/\/www.rukajarvensuunnanhistoriayhdistys.fi\/historiayhdistys\/#\/schema\/logo\/image\/","url":"http:\/\/www.rukajarvensuunnanhistoriayhdistys.fi\/historiayhdistys\/wp-content\/uploads\/2013\/12\/Otsake_3.jpg","contentUrl":"http:\/\/www.rukajarvensuunnanhistoriayhdistys.fi\/historiayhdistys\/wp-content\/uploads\/2013\/12\/Otsake_3.jpg","width":1000,"height":442,"caption":"Rukaj\u00e4rven suunnan historiayhdistys"},"image":{"@id":"http:\/\/www.rukajarvensuunnanhistoriayhdistys.fi\/historiayhdistys\/#\/schema\/logo\/image\/"}},{"@type":"Person","@id":"http:\/\/www.rukajarvensuunnanhistoriayhdistys.fi\/historiayhdistys\/#\/schema\/person\/19de7db68bf72dfd2b5d7f6dfbf8454d","name":"RSHY","image":{"@type":"ImageObject","inLanguage":"fi","@id":"https:\/\/secure.gravatar.com\/avatar\/598d59263a69cc8de65fcb4f9db78d6f58c098cb0e0ba22d73377441af9fa04c?s=96&d=blank&r=g","url":"https:\/\/secure.gravatar.com\/avatar\/598d59263a69cc8de65fcb4f9db78d6f58c098cb0e0ba22d73377441af9fa04c?s=96&d=blank&r=g","contentUrl":"https:\/\/secure.gravatar.com\/avatar\/598d59263a69cc8de65fcb4f9db78d6f58c098cb0e0ba22d73377441af9fa04c?s=96&d=blank&r=g","caption":"RSHY"},"url":"http:\/\/www.rukajarvensuunnanhistoriayhdistys.fi\/historiayhdistys\/author\/rshy\/"}]}},"_links":{"self":[{"href":"http:\/\/www.rukajarvensuunnanhistoriayhdistys.fi\/historiayhdistys\/wp-json\/wp\/v2\/posts\/10143","targetHints":{"allow":["GET"]}}],"collection":[{"href":"http:\/\/www.rukajarvensuunnanhistoriayhdistys.fi\/historiayhdistys\/wp-json\/wp\/v2\/posts"}],"about":[{"href":"http:\/\/www.rukajarvensuunnanhistoriayhdistys.fi\/historiayhdistys\/wp-json\/wp\/v2\/types\/post"}],"author":[{"embeddable":true,"href":"http:\/\/www.rukajarvensuunnanhistoriayhdistys.fi\/historiayhdistys\/wp-json\/wp\/v2\/users\/3"}],"replies":[{"embeddable":true,"href":"http:\/\/www.rukajarvensuunnanhistoriayhdistys.fi\/historiayhdistys\/wp-json\/wp\/v2\/comments?post=10143"}],"version-history":[{"count":3,"href":"http:\/\/www.rukajarvensuunnanhistoriayhdistys.fi\/historiayhdistys\/wp-json\/wp\/v2\/posts\/10143\/revisions"}],"predecessor-version":[{"id":10156,"href":"http:\/\/www.rukajarvensuunnanhistoriayhdistys.fi\/historiayhdistys\/wp-json\/wp\/v2\/posts\/10143\/revisions\/10156"}],"wp:featuredmedia":[{"embeddable":true,"href":"http:\/\/www.rukajarvensuunnanhistoriayhdistys.fi\/historiayhdistys\/wp-json\/wp\/v2\/media\/10148"}],"wp:attachment":[{"href":"http:\/\/www.rukajarvensuunnanhistoriayhdistys.fi\/historiayhdistys\/wp-json\/wp\/v2\/media?parent=10143"}],"wp:term":[{"taxonomy":"category","embeddable":true,"href":"http:\/\/www.rukajarvensuunnanhistoriayhdistys.fi\/historiayhdistys\/wp-json\/wp\/v2\/categories?post=10143"},{"taxonomy":"post_tag","embeddable":true,"href":"http:\/\/www.rukajarvensuunnanhistoriayhdistys.fi\/historiayhdistys\/wp-json\/wp\/v2\/tags?post=10143"}],"curies":[{"name":"wp","href":"https:\/\/api.w.org\/{rel}","templated":true}]}}