{"id":10172,"date":"2015-07-22T08:03:57","date_gmt":"2015-07-22T05:03:57","guid":{"rendered":"http:\/\/www.rukajarvensuunnanhistoriayhdistys.fi\/historiayhdistys\/?p=10172"},"modified":"2015-07-22T08:32:49","modified_gmt":"2015-07-22T05:32:49","slug":"rukajarven-suunnan-historiayhdistys-esittaytyy-viljo-messuilla-kiuruvedella-23-7-25-7-2015","status":"publish","type":"post","link":"http:\/\/www.rukajarvensuunnanhistoriayhdistys.fi\/historiayhdistys\/rukajarven-suunnan-historiayhdistys-esittaytyy-viljo-messuilla-kiuruvedella-23-7-25-7-2015\/","title":{"rendered":"Rukaj\u00e4rven suunnan historiayhdistys esitt\u00e4ytyy &#8211; Viljo-messuilla Kiuruvedell\u00e4 23.7. &#8211; 25.7.2015"},"content":{"rendered":"<div class=\"fcbkbttn_buttons_block\" id=\"fcbkbttn_left\"><div class=\"fcbkbttn_like \"><fb:like href=\"http:\/\/www.rukajarvensuunnanhistoriayhdistys.fi\/historiayhdistys\/rukajarven-suunnan-historiayhdistys-esittaytyy-viljo-messuilla-kiuruvedella-23-7-25-7-2015\/\" action=\"like\" colorscheme=\"light\" layout=\"button_count\"  size=\"small\"><\/fb:like><\/div><\/div><p><span style=\"color: #333333; font-family: 'Helvetica','sans-serif';\"><span style=\"font-size: medium;\">Rukaj\u00e4rven suunnan historiayhdistys, joka esittelee toimintaansa. Esittelytilasta voivat halukkaat ostaa my\u00f6s yhdistyksen julkaisemia kirjoja. Esittelyteltta on avoinna kaikkina p\u00e4ivin\u00e4 23.-25.7.2015 klo 10-16 v\u00e4lisen ajan.<\/span><\/span><\/p>\n<figure id=\"attachment_10173\" aria-describedby=\"caption-attachment-10173\" style=\"width: 5440px\" class=\"wp-caption aligncenter\"><a href=\"http:\/\/www.rukajarvensuunnanhistoriayhdistys.fi\/historiayhdistys\/wp-content\/uploads\/2015\/07\/Kiuruvesi-Rautatieasema-4-9-2014-1.jpg\"><img loading=\"lazy\" decoding=\"async\" class=\"wp-image-10173 size-full\" src=\"http:\/\/www.rukajarvensuunnanhistoriayhdistys.fi\/historiayhdistys\/wp-content\/uploads\/2015\/07\/Kiuruvesi-Rautatieasema-4-9-2014-1.jpg\" alt=\"Mannerheim esitt\u00e4ytyy p\u00e4ivitt\u00e4in Viljo-messuilla Rukaj\u00e4rven suunnan historiayhdistyksen osastolla. Kuva 4.9.2014.\" width=\"5440\" height=\"3605\" data-id=\"10173\" srcset=\"http:\/\/www.rukajarvensuunnanhistoriayhdistys.fi\/historiayhdistys\/wp-content\/uploads\/2015\/07\/Kiuruvesi-Rautatieasema-4-9-2014-1.jpg 5440w, http:\/\/www.rukajarvensuunnanhistoriayhdistys.fi\/historiayhdistys\/wp-content\/uploads\/2015\/07\/Kiuruvesi-Rautatieasema-4-9-2014-1-300x199.jpg 300w, http:\/\/www.rukajarvensuunnanhistoriayhdistys.fi\/historiayhdistys\/wp-content\/uploads\/2015\/07\/Kiuruvesi-Rautatieasema-4-9-2014-1-1024x679.jpg 1024w\" sizes=\"auto, (max-width: 5440px) 100vw, 5440px\" \/><\/a><figcaption id=\"caption-attachment-10173\" class=\"wp-caption-text\">Mannerheim esitt\u00e4ytyy p\u00e4ivitt\u00e4in Viljo-messuilla Rukaj\u00e4rven suunnan historiayhdistyksen osastolla. Kuva 4.9.2014.<\/figcaption><\/figure>\n<p><span style=\"color: #333333; font-family: 'Helvetica','sans-serif';\"><span style=\"font-size: medium;\">RSHY:n osastolla vierailee p\u00e4ivitt\u00e4in my\u00f6s Mannerheim, jota esitt\u00e4\u00e4 n\u00e4yttelij\u00e4 Mikko Remes.<\/span><\/span><\/p>\n<p><strong><span style=\"color: #333333; font-family: 'Helvetica','sans-serif';\"><span style=\"font-size: medium;\">Radio-ohjattavan helikopterin lenton\u00e4yt\u00f6s &#8211; Viljo messuilla<\/span><\/span><\/strong><\/p>\n<p><span style=\"color: #333333; font-family: 'Helvetica','sans-serif';\"><span style=\"font-size: medium;\">Multihelikoptereista on tullut suosittuja kuvausv\u00e4lineit\u00e4, joita k\u00e4ytet\u00e4\u00e4n uutistuotannossa, mainoskuvauksissa, matkailunedist\u00e4miseen ja my\u00f6s perhejuhlien kuvauksessa.<\/span><\/span><\/p>\n<figure id=\"attachment_10081\" aria-describedby=\"caption-attachment-10081\" style=\"width: 800px\" class=\"wp-caption aligncenter\"><a href=\"http:\/\/www.rukajarvensuunnanhistoriayhdistys.fi\/historiayhdistys\/wp-content\/uploads\/2015\/06\/yuneec_q500-ja-tarvikkeet.jpg\"><img loading=\"lazy\" decoding=\"async\" class=\"wp-image-10081 size-full\" src=\"http:\/\/www.rukajarvensuunnanhistoriayhdistys.fi\/historiayhdistys\/wp-content\/uploads\/2015\/06\/yuneec_q500-ja-tarvikkeet.jpg\" alt=\"Rukaj\u00e4rven suunnan historiayhdistys k\u00e4ytt\u00e4\u00e4 oheista Yuneec Typhoon Q500+ ilmakuvauskopteria sotahistoriakohteitten kuvauksiin.\" width=\"800\" height=\"600\" data-id=\"10081\" srcset=\"http:\/\/www.rukajarvensuunnanhistoriayhdistys.fi\/historiayhdistys\/wp-content\/uploads\/2015\/06\/yuneec_q500-ja-tarvikkeet.jpg 800w, http:\/\/www.rukajarvensuunnanhistoriayhdistys.fi\/historiayhdistys\/wp-content\/uploads\/2015\/06\/yuneec_q500-ja-tarvikkeet-300x225.jpg 300w\" sizes=\"auto, (max-width: 800px) 100vw, 800px\" \/><\/a><figcaption id=\"caption-attachment-10081\" class=\"wp-caption-text\">Rukaj\u00e4rven suunnan historiayhdistys k\u00e4ytt\u00e4\u00e4 oheista Yuneec Typhoon Q500+ ilmakuvauskopteria sotahistoriakohteitten kuvauksiin.<\/figcaption><\/figure>\n<p><span style=\"color: #333333; font-family: 'Helvetica','sans-serif';\"><span style=\"font-size: medium;\">N\u00e4yt\u00f6s j\u00e4rjestet\u00e4\u00e4n jokaisena p\u00e4iv\u00e4n\u00e4 urheilukent\u00e4ll\u00e4, jonne kuvausaikana on p\u00e4\u00e4sy kielletty turvallisuussyist\u00e4. Helikopterin lenn\u00e4tys- ja kuvausesittelyn j\u00e4rjest\u00e4\u00e4 Rukaj\u00e4rven suunnan historiayhdistys ry. Lenton\u00e4yt\u00f6ksen k\u00e4yt\u00e4nn\u00f6n j\u00e4rjestelyt hoitaa Kiuruvedelt\u00e4 kotoisin oleva Jani Niskanen, jolla on vastaavasta toiminnasta kokemusta jo nelj\u00e4n vuoden ajalta. S\u00e4\u00e4varaus, tuuli ja sade est\u00e4\u00e4 lent\u00e4misen.<\/span><\/span><\/p>\n<p><span style=\"color: #333333; font-family: 'Helvetica','sans-serif';\"><span style=\"font-size: medium;\">N\u00e4yt\u00f6ksi\u00e4 on kaksi ja yksi n\u00e4yt\u00f6s kest\u00e4\u00e4 kerrallaan vain 15 minuuttia. N\u00e4yt\u00f6kset iltap\u00e4ivisin, ne sovitetaan messujen muun ohjelman lomaan. N\u00e4yt\u00f6ksen j\u00e4lkeen laite on n\u00e4ht\u00e4viss\u00e4 Rukaj\u00e4rven suunnan historiayhdistyksen n\u00e4yttelyosastolla nro 11, urheilukent\u00e4n p\u00e4\u00e4ss\u00e4,\u00a0 uimahallin v\u00e4lisell\u00e4 nurmikolla.<\/span><\/span><\/p>\n<figure id=\"attachment_10084\" aria-describedby=\"caption-attachment-10084\" style=\"width: 3036px\" class=\"wp-caption aligncenter\"><a href=\"http:\/\/www.rukajarvensuunnanhistoriayhdistys.fi\/historiayhdistys\/wp-content\/uploads\/2015\/06\/Viljo-messut-n\u00e4yttelypaikka.jpg\"><img loading=\"lazy\" decoding=\"async\" class=\"wp-image-10084 size-full\" src=\"http:\/\/www.rukajarvensuunnanhistoriayhdistys.fi\/historiayhdistys\/wp-content\/uploads\/2015\/06\/Viljo-messut-n\u00e4yttelypaikka.jpg\" alt=\"KaiPr ja RSHY -n\u00e4yttelyosastot vierekk\u00e4in, jossa on myyt\u00e4v\u00e4n\u00e4 yhdistyksen julkaisemia kirjoja mm. uunituoreita Rukaj\u00e4rven karttakirjaa ja Raappanan nyrkki\u00e4. Osastot 11 ja 12-13.\" width=\"3036\" height=\"2364\" data-id=\"10084\" srcset=\"http:\/\/www.rukajarvensuunnanhistoriayhdistys.fi\/historiayhdistys\/wp-content\/uploads\/2015\/06\/Viljo-messut-n\u00e4yttelypaikka.jpg 3036w, http:\/\/www.rukajarvensuunnanhistoriayhdistys.fi\/historiayhdistys\/wp-content\/uploads\/2015\/06\/Viljo-messut-n\u00e4yttelypaikka-300x234.jpg 300w, http:\/\/www.rukajarvensuunnanhistoriayhdistys.fi\/historiayhdistys\/wp-content\/uploads\/2015\/06\/Viljo-messut-n\u00e4yttelypaikka-1024x797.jpg 1024w\" sizes=\"auto, (max-width: 3036px) 100vw, 3036px\" \/><\/a><figcaption id=\"caption-attachment-10084\" class=\"wp-caption-text\">KaiPr ja RSHY -n\u00e4yttelyosastot vierekk\u00e4in, jossa on myyt\u00e4v\u00e4n\u00e4 yhdistyksen julkaisemia kirjoja mm. uunituoreita Rukaj\u00e4rven karttakirjaa ja Raappanan nyrkki\u00e4. Osastot 11 ja 12-13.<\/figcaption><\/figure>\n<p>&nbsp;<\/p>\n","protected":false},"excerpt":{"rendered":"<p>Rukaj\u00e4rven suunnan historiayhdistys, joka esittelee toimintaansa. Esittelytilasta voivat halukkaat ostaa my\u00f6s yhdistyksen julkaisemia kirjoja. Esittelyteltta on avoinna kaikkina p\u00e4ivin\u00e4 23.-25.7.2015 klo 10-16 v\u00e4lisen ajan. RSHY:n osastolla vierailee p\u00e4ivitt\u00e4in my\u00f6s Mannerheim, <a class=\"more-link\" href=\"http:\/\/www.rukajarvensuunnanhistoriayhdistys.fi\/historiayhdistys\/rukajarven-suunnan-historiayhdistys-esittaytyy-viljo-messuilla-kiuruvedella-23-7-25-7-2015\/\">Teksti jatkuu&#8230;<span class=\"screen-reader-text\">Rukaj\u00e4rven suunnan historiayhdistys esitt\u00e4ytyy &#8211; Viljo-messuilla Kiuruvedell\u00e4 23.7. &#8211; 25.7.2015<\/span><span class=\"meta-nav\">\u2192<\/span><\/a><\/p>\n","protected":false},"author":3,"featured_media":10081,"comment_status":"closed","ping_status":"open","sticky":false,"template":"","format":"standard","meta":{"footnotes":""},"categories":[22],"tags":[],"class_list":["post-10172","post","type-post","status-publish","format-standard","has-post-thumbnail","hentry","category-ajankohtaista"],"yoast_head":"<!-- This site is optimized with the Yoast SEO plugin v27.4 - https:\/\/yoast.com\/product\/yoast-seo-wordpress\/ -->\n<title>Rukaj\u00e4rven suunnan historiayhdistys esitt\u00e4ytyy - Viljo-messuilla Kiuruvedell\u00e4 23.7. - 25.7.2015 - Rukaj\u00e4rven suunnan historiayhdistys<\/title>\n<meta name=\"robots\" content=\"index, follow, max-snippet:-1, max-image-preview:large, max-video-preview:-1\" \/>\n<link rel=\"canonical\" href=\"https:\/\/www.rukajarvensuunnanhistoriayhdistys.fi\/historiayhdistys\/rukajarven-suunnan-historiayhdistys-esittaytyy-viljo-messuilla-kiuruvedella-23-7-25-7-2015\/\" \/>\n<meta property=\"og:locale\" content=\"fi_FI\" \/>\n<meta property=\"og:type\" content=\"article\" \/>\n<meta property=\"og:title\" content=\"Rukaj\u00e4rven suunnan historiayhdistys esitt\u00e4ytyy - Viljo-messuilla Kiuruvedell\u00e4 23.7. - 25.7.2015 - Rukaj\u00e4rven suunnan historiayhdistys\" \/>\n<meta property=\"og:description\" content=\"Rukaj\u00e4rven suunnan historiayhdistys, joka esittelee toimintaansa. Esittelytilasta voivat halukkaat ostaa my\u00f6s yhdistyksen julkaisemia kirjoja. Esittelyteltta on avoinna kaikkina p\u00e4ivin\u00e4 23.-25.7.2015 klo 10-16 v\u00e4lisen ajan. RSHY:n osastolla vierailee p\u00e4ivitt\u00e4in my\u00f6s Mannerheim, Teksti jatkuu...Rukaj\u00e4rven suunnan historiayhdistys esitt\u00e4ytyy &#8211; Viljo-messuilla Kiuruvedell\u00e4 23.7. &#8211; 25.7.2015\u2192\" \/>\n<meta property=\"og:url\" content=\"https:\/\/www.rukajarvensuunnanhistoriayhdistys.fi\/historiayhdistys\/rukajarven-suunnan-historiayhdistys-esittaytyy-viljo-messuilla-kiuruvedella-23-7-25-7-2015\/\" \/>\n<meta property=\"og:site_name\" content=\"Rukaj\u00e4rven suunnan historiayhdistys\" \/>\n<meta property=\"article:published_time\" content=\"2015-07-22T05:03:57+00:00\" \/>\n<meta property=\"article:modified_time\" content=\"2015-07-22T05:32:49+00:00\" \/>\n<meta property=\"og:image\" content=\"https:\/\/www.rukajarvensuunnanhistoriayhdistys.fi\/historiayhdistys\/wp-content\/uploads\/2015\/06\/yuneec_q500-ja-tarvikkeet.jpg\" \/>\n\t<meta property=\"og:image:width\" content=\"800\" \/>\n\t<meta property=\"og:image:height\" content=\"600\" \/>\n\t<meta property=\"og:image:type\" content=\"image\/jpeg\" \/>\n<meta name=\"author\" content=\"RSHY\" \/>\n<meta name=\"twitter:label1\" content=\"Kirjoittanut\" \/>\n\t<meta name=\"twitter:data1\" content=\"RSHY\" \/>\n\t<meta name=\"twitter:label2\" content=\"Arvioitu lukuaika\" \/>\n\t<meta name=\"twitter:data2\" content=\"1 minuutti\" \/>\n<script type=\"application\/ld+json\" class=\"yoast-schema-graph\">{\"@context\":\"https:\\\/\\\/schema.org\",\"@graph\":[{\"@type\":\"Article\",\"@id\":\"https:\\\/\\\/www.rukajarvensuunnanhistoriayhdistys.fi\\\/historiayhdistys\\\/rukajarven-suunnan-historiayhdistys-esittaytyy-viljo-messuilla-kiuruvedella-23-7-25-7-2015\\\/#article\",\"isPartOf\":{\"@id\":\"https:\\\/\\\/www.rukajarvensuunnanhistoriayhdistys.fi\\\/historiayhdistys\\\/rukajarven-suunnan-historiayhdistys-esittaytyy-viljo-messuilla-kiuruvedella-23-7-25-7-2015\\\/\"},\"author\":{\"name\":\"RSHY\",\"@id\":\"http:\\\/\\\/www.rukajarvensuunnanhistoriayhdistys.fi\\\/historiayhdistys\\\/#\\\/schema\\\/person\\\/19de7db68bf72dfd2b5d7f6dfbf8454d\"},\"headline\":\"Rukaj\u00e4rven suunnan historiayhdistys esitt\u00e4ytyy &#8211; Viljo-messuilla Kiuruvedell\u00e4 23.7. &#8211; 25.7.2015\",\"datePublished\":\"2015-07-22T05:03:57+00:00\",\"dateModified\":\"2015-07-22T05:32:49+00:00\",\"mainEntityOfPage\":{\"@id\":\"https:\\\/\\\/www.rukajarvensuunnanhistoriayhdistys.fi\\\/historiayhdistys\\\/rukajarven-suunnan-historiayhdistys-esittaytyy-viljo-messuilla-kiuruvedella-23-7-25-7-2015\\\/\"},\"wordCount\":269,\"publisher\":{\"@id\":\"http:\\\/\\\/www.rukajarvensuunnanhistoriayhdistys.fi\\\/historiayhdistys\\\/#organization\"},\"image\":{\"@id\":\"https:\\\/\\\/www.rukajarvensuunnanhistoriayhdistys.fi\\\/historiayhdistys\\\/rukajarven-suunnan-historiayhdistys-esittaytyy-viljo-messuilla-kiuruvedella-23-7-25-7-2015\\\/#primaryimage\"},\"thumbnailUrl\":\"http:\\\/\\\/www.rukajarvensuunnanhistoriayhdistys.fi\\\/historiayhdistys\\\/wp-content\\\/uploads\\\/2015\\\/06\\\/yuneec_q500-ja-tarvikkeet.jpg\",\"articleSection\":[\"Ajankohtaista\"],\"inLanguage\":\"fi\"},{\"@type\":\"WebPage\",\"@id\":\"https:\\\/\\\/www.rukajarvensuunnanhistoriayhdistys.fi\\\/historiayhdistys\\\/rukajarven-suunnan-historiayhdistys-esittaytyy-viljo-messuilla-kiuruvedella-23-7-25-7-2015\\\/\",\"url\":\"https:\\\/\\\/www.rukajarvensuunnanhistoriayhdistys.fi\\\/historiayhdistys\\\/rukajarven-suunnan-historiayhdistys-esittaytyy-viljo-messuilla-kiuruvedella-23-7-25-7-2015\\\/\",\"name\":\"Rukaj\u00e4rven suunnan historiayhdistys esitt\u00e4ytyy - Viljo-messuilla Kiuruvedell\u00e4 23.7. - 25.7.2015 - Rukaj\u00e4rven suunnan historiayhdistys\",\"isPartOf\":{\"@id\":\"http:\\\/\\\/www.rukajarvensuunnanhistoriayhdistys.fi\\\/historiayhdistys\\\/#website\"},\"primaryImageOfPage\":{\"@id\":\"https:\\\/\\\/www.rukajarvensuunnanhistoriayhdistys.fi\\\/historiayhdistys\\\/rukajarven-suunnan-historiayhdistys-esittaytyy-viljo-messuilla-kiuruvedella-23-7-25-7-2015\\\/#primaryimage\"},\"image\":{\"@id\":\"https:\\\/\\\/www.rukajarvensuunnanhistoriayhdistys.fi\\\/historiayhdistys\\\/rukajarven-suunnan-historiayhdistys-esittaytyy-viljo-messuilla-kiuruvedella-23-7-25-7-2015\\\/#primaryimage\"},\"thumbnailUrl\":\"http:\\\/\\\/www.rukajarvensuunnanhistoriayhdistys.fi\\\/historiayhdistys\\\/wp-content\\\/uploads\\\/2015\\\/06\\\/yuneec_q500-ja-tarvikkeet.jpg\",\"datePublished\":\"2015-07-22T05:03:57+00:00\",\"dateModified\":\"2015-07-22T05:32:49+00:00\",\"breadcrumb\":{\"@id\":\"https:\\\/\\\/www.rukajarvensuunnanhistoriayhdistys.fi\\\/historiayhdistys\\\/rukajarven-suunnan-historiayhdistys-esittaytyy-viljo-messuilla-kiuruvedella-23-7-25-7-2015\\\/#breadcrumb\"},\"inLanguage\":\"fi\",\"potentialAction\":[{\"@type\":\"ReadAction\",\"target\":[\"https:\\\/\\\/www.rukajarvensuunnanhistoriayhdistys.fi\\\/historiayhdistys\\\/rukajarven-suunnan-historiayhdistys-esittaytyy-viljo-messuilla-kiuruvedella-23-7-25-7-2015\\\/\"]}]},{\"@type\":\"ImageObject\",\"inLanguage\":\"fi\",\"@id\":\"https:\\\/\\\/www.rukajarvensuunnanhistoriayhdistys.fi\\\/historiayhdistys\\\/rukajarven-suunnan-historiayhdistys-esittaytyy-viljo-messuilla-kiuruvedella-23-7-25-7-2015\\\/#primaryimage\",\"url\":\"http:\\\/\\\/www.rukajarvensuunnanhistoriayhdistys.fi\\\/historiayhdistys\\\/wp-content\\\/uploads\\\/2015\\\/06\\\/yuneec_q500-ja-tarvikkeet.jpg\",\"contentUrl\":\"http:\\\/\\\/www.rukajarvensuunnanhistoriayhdistys.fi\\\/historiayhdistys\\\/wp-content\\\/uploads\\\/2015\\\/06\\\/yuneec_q500-ja-tarvikkeet.jpg\",\"width\":800,\"height\":600,\"caption\":\"Rukaj\u00e4rven suunnan historiayhdistys k\u00e4ytt\u00e4\u00e4 oheista Yuneec Typhoon Q500+ ilmakuvauskopteria sotahistoriakohteitten kuvauksiin.\"},{\"@type\":\"BreadcrumbList\",\"@id\":\"https:\\\/\\\/www.rukajarvensuunnanhistoriayhdistys.fi\\\/historiayhdistys\\\/rukajarven-suunnan-historiayhdistys-esittaytyy-viljo-messuilla-kiuruvedella-23-7-25-7-2015\\\/#breadcrumb\",\"itemListElement\":[{\"@type\":\"ListItem\",\"position\":1,\"name\":\"Etusivu\",\"item\":\"http:\\\/\\\/www.rukajarvensuunnanhistoriayhdistys.fi\\\/historiayhdistys\\\/\"},{\"@type\":\"ListItem\",\"position\":2,\"name\":\"Rukaj\u00e4rven suunnan historiayhdistys esitt\u00e4ytyy &#8211; Viljo-messuilla Kiuruvedell\u00e4 23.7. &#8211; 25.7.2015\"}]},{\"@type\":\"WebSite\",\"@id\":\"http:\\\/\\\/www.rukajarvensuunnanhistoriayhdistys.fi\\\/historiayhdistys\\\/#website\",\"url\":\"http:\\\/\\\/www.rukajarvensuunnanhistoriayhdistys.fi\\\/historiayhdistys\\\/\",\"name\":\"Rukaj\u00e4rven suunnan historiayhdistys\",\"description\":\"Rukaj\u00e4rven suunnan historiayhdistyksen verkkosivut.\",\"publisher\":{\"@id\":\"http:\\\/\\\/www.rukajarvensuunnanhistoriayhdistys.fi\\\/historiayhdistys\\\/#organization\"},\"potentialAction\":[{\"@type\":\"SearchAction\",\"target\":{\"@type\":\"EntryPoint\",\"urlTemplate\":\"http:\\\/\\\/www.rukajarvensuunnanhistoriayhdistys.fi\\\/historiayhdistys\\\/?s={search_term_string}\"},\"query-input\":{\"@type\":\"PropertyValueSpecification\",\"valueRequired\":true,\"valueName\":\"search_term_string\"}}],\"inLanguage\":\"fi\"},{\"@type\":\"Organization\",\"@id\":\"http:\\\/\\\/www.rukajarvensuunnanhistoriayhdistys.fi\\\/historiayhdistys\\\/#organization\",\"name\":\"Rukaj\u00e4rven suunnan historiayhdistys\",\"url\":\"http:\\\/\\\/www.rukajarvensuunnanhistoriayhdistys.fi\\\/historiayhdistys\\\/\",\"logo\":{\"@type\":\"ImageObject\",\"inLanguage\":\"fi\",\"@id\":\"http:\\\/\\\/www.rukajarvensuunnanhistoriayhdistys.fi\\\/historiayhdistys\\\/#\\\/schema\\\/logo\\\/image\\\/\",\"url\":\"http:\\\/\\\/www.rukajarvensuunnanhistoriayhdistys.fi\\\/historiayhdistys\\\/wp-content\\\/uploads\\\/2013\\\/12\\\/Otsake_3.jpg\",\"contentUrl\":\"http:\\\/\\\/www.rukajarvensuunnanhistoriayhdistys.fi\\\/historiayhdistys\\\/wp-content\\\/uploads\\\/2013\\\/12\\\/Otsake_3.jpg\",\"width\":1000,\"height\":442,\"caption\":\"Rukaj\u00e4rven suunnan historiayhdistys\"},\"image\":{\"@id\":\"http:\\\/\\\/www.rukajarvensuunnanhistoriayhdistys.fi\\\/historiayhdistys\\\/#\\\/schema\\\/logo\\\/image\\\/\"}},{\"@type\":\"Person\",\"@id\":\"http:\\\/\\\/www.rukajarvensuunnanhistoriayhdistys.fi\\\/historiayhdistys\\\/#\\\/schema\\\/person\\\/19de7db68bf72dfd2b5d7f6dfbf8454d\",\"name\":\"RSHY\",\"image\":{\"@type\":\"ImageObject\",\"inLanguage\":\"fi\",\"@id\":\"https:\\\/\\\/secure.gravatar.com\\\/avatar\\\/598d59263a69cc8de65fcb4f9db78d6f58c098cb0e0ba22d73377441af9fa04c?s=96&d=blank&r=g\",\"url\":\"https:\\\/\\\/secure.gravatar.com\\\/avatar\\\/598d59263a69cc8de65fcb4f9db78d6f58c098cb0e0ba22d73377441af9fa04c?s=96&d=blank&r=g\",\"contentUrl\":\"https:\\\/\\\/secure.gravatar.com\\\/avatar\\\/598d59263a69cc8de65fcb4f9db78d6f58c098cb0e0ba22d73377441af9fa04c?s=96&d=blank&r=g\",\"caption\":\"RSHY\"},\"url\":\"http:\\\/\\\/www.rukajarvensuunnanhistoriayhdistys.fi\\\/historiayhdistys\\\/author\\\/rshy\\\/\"}]}<\/script>\n<!-- \/ Yoast SEO plugin. -->","yoast_head_json":{"title":"Rukaj\u00e4rven suunnan historiayhdistys esitt\u00e4ytyy - Viljo-messuilla Kiuruvedell\u00e4 23.7. - 25.7.2015 - Rukaj\u00e4rven suunnan historiayhdistys","robots":{"index":"index","follow":"follow","max-snippet":"max-snippet:-1","max-image-preview":"max-image-preview:large","max-video-preview":"max-video-preview:-1"},"canonical":"https:\/\/www.rukajarvensuunnanhistoriayhdistys.fi\/historiayhdistys\/rukajarven-suunnan-historiayhdistys-esittaytyy-viljo-messuilla-kiuruvedella-23-7-25-7-2015\/","og_locale":"fi_FI","og_type":"article","og_title":"Rukaj\u00e4rven suunnan historiayhdistys esitt\u00e4ytyy - Viljo-messuilla Kiuruvedell\u00e4 23.7. - 25.7.2015 - Rukaj\u00e4rven suunnan historiayhdistys","og_description":"Rukaj\u00e4rven suunnan historiayhdistys, joka esittelee toimintaansa. Esittelytilasta voivat halukkaat ostaa my\u00f6s yhdistyksen julkaisemia kirjoja. Esittelyteltta on avoinna kaikkina p\u00e4ivin\u00e4 23.-25.7.2015 klo 10-16 v\u00e4lisen ajan. RSHY:n osastolla vierailee p\u00e4ivitt\u00e4in my\u00f6s Mannerheim, Teksti jatkuu...Rukaj\u00e4rven suunnan historiayhdistys esitt\u00e4ytyy &#8211; Viljo-messuilla Kiuruvedell\u00e4 23.7. &#8211; 25.7.2015\u2192","og_url":"https:\/\/www.rukajarvensuunnanhistoriayhdistys.fi\/historiayhdistys\/rukajarven-suunnan-historiayhdistys-esittaytyy-viljo-messuilla-kiuruvedella-23-7-25-7-2015\/","og_site_name":"Rukaj\u00e4rven suunnan historiayhdistys","article_published_time":"2015-07-22T05:03:57+00:00","article_modified_time":"2015-07-22T05:32:49+00:00","og_image":[{"width":800,"height":600,"url":"https:\/\/www.rukajarvensuunnanhistoriayhdistys.fi\/historiayhdistys\/wp-content\/uploads\/2015\/06\/yuneec_q500-ja-tarvikkeet.jpg","type":"image\/jpeg"}],"author":"RSHY","twitter_misc":{"Kirjoittanut":"RSHY","Arvioitu lukuaika":"1 minuutti"},"schema":{"@context":"https:\/\/schema.org","@graph":[{"@type":"Article","@id":"https:\/\/www.rukajarvensuunnanhistoriayhdistys.fi\/historiayhdistys\/rukajarven-suunnan-historiayhdistys-esittaytyy-viljo-messuilla-kiuruvedella-23-7-25-7-2015\/#article","isPartOf":{"@id":"https:\/\/www.rukajarvensuunnanhistoriayhdistys.fi\/historiayhdistys\/rukajarven-suunnan-historiayhdistys-esittaytyy-viljo-messuilla-kiuruvedella-23-7-25-7-2015\/"},"author":{"name":"RSHY","@id":"http:\/\/www.rukajarvensuunnanhistoriayhdistys.fi\/historiayhdistys\/#\/schema\/person\/19de7db68bf72dfd2b5d7f6dfbf8454d"},"headline":"Rukaj\u00e4rven suunnan historiayhdistys esitt\u00e4ytyy &#8211; Viljo-messuilla Kiuruvedell\u00e4 23.7. &#8211; 25.7.2015","datePublished":"2015-07-22T05:03:57+00:00","dateModified":"2015-07-22T05:32:49+00:00","mainEntityOfPage":{"@id":"https:\/\/www.rukajarvensuunnanhistoriayhdistys.fi\/historiayhdistys\/rukajarven-suunnan-historiayhdistys-esittaytyy-viljo-messuilla-kiuruvedella-23-7-25-7-2015\/"},"wordCount":269,"publisher":{"@id":"http:\/\/www.rukajarvensuunnanhistoriayhdistys.fi\/historiayhdistys\/#organization"},"image":{"@id":"https:\/\/www.rukajarvensuunnanhistoriayhdistys.fi\/historiayhdistys\/rukajarven-suunnan-historiayhdistys-esittaytyy-viljo-messuilla-kiuruvedella-23-7-25-7-2015\/#primaryimage"},"thumbnailUrl":"http:\/\/www.rukajarvensuunnanhistoriayhdistys.fi\/historiayhdistys\/wp-content\/uploads\/2015\/06\/yuneec_q500-ja-tarvikkeet.jpg","articleSection":["Ajankohtaista"],"inLanguage":"fi"},{"@type":"WebPage","@id":"https:\/\/www.rukajarvensuunnanhistoriayhdistys.fi\/historiayhdistys\/rukajarven-suunnan-historiayhdistys-esittaytyy-viljo-messuilla-kiuruvedella-23-7-25-7-2015\/","url":"https:\/\/www.rukajarvensuunnanhistoriayhdistys.fi\/historiayhdistys\/rukajarven-suunnan-historiayhdistys-esittaytyy-viljo-messuilla-kiuruvedella-23-7-25-7-2015\/","name":"Rukaj\u00e4rven suunnan historiayhdistys esitt\u00e4ytyy - Viljo-messuilla Kiuruvedell\u00e4 23.7. - 25.7.2015 - Rukaj\u00e4rven suunnan historiayhdistys","isPartOf":{"@id":"http:\/\/www.rukajarvensuunnanhistoriayhdistys.fi\/historiayhdistys\/#website"},"primaryImageOfPage":{"@id":"https:\/\/www.rukajarvensuunnanhistoriayhdistys.fi\/historiayhdistys\/rukajarven-suunnan-historiayhdistys-esittaytyy-viljo-messuilla-kiuruvedella-23-7-25-7-2015\/#primaryimage"},"image":{"@id":"https:\/\/www.rukajarvensuunnanhistoriayhdistys.fi\/historiayhdistys\/rukajarven-suunnan-historiayhdistys-esittaytyy-viljo-messuilla-kiuruvedella-23-7-25-7-2015\/#primaryimage"},"thumbnailUrl":"http:\/\/www.rukajarvensuunnanhistoriayhdistys.fi\/historiayhdistys\/wp-content\/uploads\/2015\/06\/yuneec_q500-ja-tarvikkeet.jpg","datePublished":"2015-07-22T05:03:57+00:00","dateModified":"2015-07-22T05:32:49+00:00","breadcrumb":{"@id":"https:\/\/www.rukajarvensuunnanhistoriayhdistys.fi\/historiayhdistys\/rukajarven-suunnan-historiayhdistys-esittaytyy-viljo-messuilla-kiuruvedella-23-7-25-7-2015\/#breadcrumb"},"inLanguage":"fi","potentialAction":[{"@type":"ReadAction","target":["https:\/\/www.rukajarvensuunnanhistoriayhdistys.fi\/historiayhdistys\/rukajarven-suunnan-historiayhdistys-esittaytyy-viljo-messuilla-kiuruvedella-23-7-25-7-2015\/"]}]},{"@type":"ImageObject","inLanguage":"fi","@id":"https:\/\/www.rukajarvensuunnanhistoriayhdistys.fi\/historiayhdistys\/rukajarven-suunnan-historiayhdistys-esittaytyy-viljo-messuilla-kiuruvedella-23-7-25-7-2015\/#primaryimage","url":"http:\/\/www.rukajarvensuunnanhistoriayhdistys.fi\/historiayhdistys\/wp-content\/uploads\/2015\/06\/yuneec_q500-ja-tarvikkeet.jpg","contentUrl":"http:\/\/www.rukajarvensuunnanhistoriayhdistys.fi\/historiayhdistys\/wp-content\/uploads\/2015\/06\/yuneec_q500-ja-tarvikkeet.jpg","width":800,"height":600,"caption":"Rukaj\u00e4rven suunnan historiayhdistys k\u00e4ytt\u00e4\u00e4 oheista Yuneec Typhoon Q500+ ilmakuvauskopteria sotahistoriakohteitten kuvauksiin."},{"@type":"BreadcrumbList","@id":"https:\/\/www.rukajarvensuunnanhistoriayhdistys.fi\/historiayhdistys\/rukajarven-suunnan-historiayhdistys-esittaytyy-viljo-messuilla-kiuruvedella-23-7-25-7-2015\/#breadcrumb","itemListElement":[{"@type":"ListItem","position":1,"name":"Etusivu","item":"http:\/\/www.rukajarvensuunnanhistoriayhdistys.fi\/historiayhdistys\/"},{"@type":"ListItem","position":2,"name":"Rukaj\u00e4rven suunnan historiayhdistys esitt\u00e4ytyy &#8211; Viljo-messuilla Kiuruvedell\u00e4 23.7. &#8211; 25.7.2015"}]},{"@type":"WebSite","@id":"http:\/\/www.rukajarvensuunnanhistoriayhdistys.fi\/historiayhdistys\/#website","url":"http:\/\/www.rukajarvensuunnanhistoriayhdistys.fi\/historiayhdistys\/","name":"Rukaj\u00e4rven suunnan historiayhdistys","description":"Rukaj\u00e4rven suunnan historiayhdistyksen verkkosivut.","publisher":{"@id":"http:\/\/www.rukajarvensuunnanhistoriayhdistys.fi\/historiayhdistys\/#organization"},"potentialAction":[{"@type":"SearchAction","target":{"@type":"EntryPoint","urlTemplate":"http:\/\/www.rukajarvensuunnanhistoriayhdistys.fi\/historiayhdistys\/?s={search_term_string}"},"query-input":{"@type":"PropertyValueSpecification","valueRequired":true,"valueName":"search_term_string"}}],"inLanguage":"fi"},{"@type":"Organization","@id":"http:\/\/www.rukajarvensuunnanhistoriayhdistys.fi\/historiayhdistys\/#organization","name":"Rukaj\u00e4rven suunnan historiayhdistys","url":"http:\/\/www.rukajarvensuunnanhistoriayhdistys.fi\/historiayhdistys\/","logo":{"@type":"ImageObject","inLanguage":"fi","@id":"http:\/\/www.rukajarvensuunnanhistoriayhdistys.fi\/historiayhdistys\/#\/schema\/logo\/image\/","url":"http:\/\/www.rukajarvensuunnanhistoriayhdistys.fi\/historiayhdistys\/wp-content\/uploads\/2013\/12\/Otsake_3.jpg","contentUrl":"http:\/\/www.rukajarvensuunnanhistoriayhdistys.fi\/historiayhdistys\/wp-content\/uploads\/2013\/12\/Otsake_3.jpg","width":1000,"height":442,"caption":"Rukaj\u00e4rven suunnan historiayhdistys"},"image":{"@id":"http:\/\/www.rukajarvensuunnanhistoriayhdistys.fi\/historiayhdistys\/#\/schema\/logo\/image\/"}},{"@type":"Person","@id":"http:\/\/www.rukajarvensuunnanhistoriayhdistys.fi\/historiayhdistys\/#\/schema\/person\/19de7db68bf72dfd2b5d7f6dfbf8454d","name":"RSHY","image":{"@type":"ImageObject","inLanguage":"fi","@id":"https:\/\/secure.gravatar.com\/avatar\/598d59263a69cc8de65fcb4f9db78d6f58c098cb0e0ba22d73377441af9fa04c?s=96&d=blank&r=g","url":"https:\/\/secure.gravatar.com\/avatar\/598d59263a69cc8de65fcb4f9db78d6f58c098cb0e0ba22d73377441af9fa04c?s=96&d=blank&r=g","contentUrl":"https:\/\/secure.gravatar.com\/avatar\/598d59263a69cc8de65fcb4f9db78d6f58c098cb0e0ba22d73377441af9fa04c?s=96&d=blank&r=g","caption":"RSHY"},"url":"http:\/\/www.rukajarvensuunnanhistoriayhdistys.fi\/historiayhdistys\/author\/rshy\/"}]}},"_links":{"self":[{"href":"http:\/\/www.rukajarvensuunnanhistoriayhdistys.fi\/historiayhdistys\/wp-json\/wp\/v2\/posts\/10172","targetHints":{"allow":["GET"]}}],"collection":[{"href":"http:\/\/www.rukajarvensuunnanhistoriayhdistys.fi\/historiayhdistys\/wp-json\/wp\/v2\/posts"}],"about":[{"href":"http:\/\/www.rukajarvensuunnanhistoriayhdistys.fi\/historiayhdistys\/wp-json\/wp\/v2\/types\/post"}],"author":[{"embeddable":true,"href":"http:\/\/www.rukajarvensuunnanhistoriayhdistys.fi\/historiayhdistys\/wp-json\/wp\/v2\/users\/3"}],"replies":[{"embeddable":true,"href":"http:\/\/www.rukajarvensuunnanhistoriayhdistys.fi\/historiayhdistys\/wp-json\/wp\/v2\/comments?post=10172"}],"version-history":[{"count":5,"href":"http:\/\/www.rukajarvensuunnanhistoriayhdistys.fi\/historiayhdistys\/wp-json\/wp\/v2\/posts\/10172\/revisions"}],"predecessor-version":[{"id":10178,"href":"http:\/\/www.rukajarvensuunnanhistoriayhdistys.fi\/historiayhdistys\/wp-json\/wp\/v2\/posts\/10172\/revisions\/10178"}],"wp:featuredmedia":[{"embeddable":true,"href":"http:\/\/www.rukajarvensuunnanhistoriayhdistys.fi\/historiayhdistys\/wp-json\/wp\/v2\/media\/10081"}],"wp:attachment":[{"href":"http:\/\/www.rukajarvensuunnanhistoriayhdistys.fi\/historiayhdistys\/wp-json\/wp\/v2\/media?parent=10172"}],"wp:term":[{"taxonomy":"category","embeddable":true,"href":"http:\/\/www.rukajarvensuunnanhistoriayhdistys.fi\/historiayhdistys\/wp-json\/wp\/v2\/categories?post=10172"},{"taxonomy":"post_tag","embeddable":true,"href":"http:\/\/www.rukajarvensuunnanhistoriayhdistys.fi\/historiayhdistys\/wp-json\/wp\/v2\/tags?post=10172"}],"curies":[{"name":"wp","href":"https:\/\/api.w.org\/{rel}","templated":true}]}}