{"id":10179,"date":"2015-07-26T22:55:23","date_gmt":"2015-07-26T19:55:23","guid":{"rendered":"http:\/\/www.rukajarvensuunnanhistoriayhdistys.fi\/historiayhdistys\/?p=10179"},"modified":"2015-07-26T23:54:07","modified_gmt":"2015-07-26T20:54:07","slug":"paamajan-kaukopartiosissi-toivo-jarvinen-in-memoriam","status":"publish","type":"post","link":"http:\/\/www.rukajarvensuunnanhistoriayhdistys.fi\/historiayhdistys\/paamajan-kaukopartiosissi-toivo-jarvinen-in-memoriam\/","title":{"rendered":"P\u00e4\u00e4majan kaukopartiosissi Toivo J\u00e4rvinen &#8211; in memoriam"},"content":{"rendered":"<div class=\"fcbkbttn_buttons_block\" id=\"fcbkbttn_left\"><div class=\"fcbkbttn_like \"><fb:like href=\"http:\/\/www.rukajarvensuunnanhistoriayhdistys.fi\/historiayhdistys\/paamajan-kaukopartiosissi-toivo-jarvinen-in-memoriam\/\" action=\"like\" colorscheme=\"light\" layout=\"button_count\"  size=\"small\"><\/fb:like><\/div><\/div><p>Toivo Olavi J\u00e4rvinen syntyi Juupajoella 16.8. 1921 ja kuoli Espoossa l\u00e4hes 94 vuotiaana 15.5.2015.<\/p>\n<figure id=\"attachment_10180\" aria-describedby=\"caption-attachment-10180\" style=\"width: 530px\" class=\"wp-caption aligncenter\"><a href=\"http:\/\/www.rukajarvensuunnanhistoriayhdistys.fi\/historiayhdistys\/wp-content\/uploads\/2015\/07\/Toivo-J\u00e4rvinen-001-2.jpg\"><img loading=\"lazy\" decoding=\"async\" class=\"size-large wp-image-10180\" src=\"http:\/\/www.rukajarvensuunnanhistoriayhdistys.fi\/historiayhdistys\/wp-content\/uploads\/2015\/07\/Toivo-J\u00e4rvinen-001-2-752x1024.jpg\" alt=\"Toivo J\u00e4rvinen (16.8.1921-15.5.2015). H\u00e4n osallistui Osasto Marttinassa ainakin seuraaville partiomatkoille: - Partio Mauri 2.2. \u20136.2. 1944  johtajana kokelas Sulo Uitto - Yhteispartio Kaleva 27.3. \u201331.3. 1944  johtajana majuri Into Kuismanen - Partio Hyyryl\u00e4inen 18.7.-17.8.1944 johtajana ylikersantti Eino Hyyryl\u00e4inen \" width=\"530\" height=\"722\" data-id=\"10180\" srcset=\"http:\/\/www.rukajarvensuunnanhistoriayhdistys.fi\/historiayhdistys\/wp-content\/uploads\/2015\/07\/Toivo-J\u00e4rvinen-001-2-752x1024.jpg 752w, http:\/\/www.rukajarvensuunnanhistoriayhdistys.fi\/historiayhdistys\/wp-content\/uploads\/2015\/07\/Toivo-J\u00e4rvinen-001-2-220x300.jpg 220w, http:\/\/www.rukajarvensuunnanhistoriayhdistys.fi\/historiayhdistys\/wp-content\/uploads\/2015\/07\/Toivo-J\u00e4rvinen-001-2.jpg 1164w\" sizes=\"auto, (max-width: 530px) 100vw, 530px\" \/><\/a><figcaption id=\"caption-attachment-10180\" class=\"wp-caption-text\">Toivo J\u00e4rvinen (16.8.1921-15.5.2015).<br \/>H\u00e4n osallistui Osasto Marttinassa ainakin seuraaville partiomatkoille:<br \/>&#8211; Partio Mauri 2.2. \u20136.2. 1944 johtajana kokelas Sulo Uitto<br \/>&#8211; Yhteispartio Kaleva 27.3. \u201331.3. 1944 johtajana majuri Into Kuismanen<br \/>&#8211; Partio Hyyryl\u00e4inen 18.7.-17.8.1944 johtajana ylikersantti Eino Hyyryl\u00e4inen<\/figcaption><\/figure>\n<p>Kaksivuotisen asevelvollisuuden Toivo j\u00e4rvinen suoritti sodan aikana 1.9.1941\u20131.9.1943 Jalkav\u00e4kirykmentiss\u00e4 48:ssa. Jo syksyll\u00e4 1941 Toivo J\u00e4rvisest\u00e4 koulutettiin konepistoolimies. H\u00e4nen rintamakelpoisuutensa arvosteltiin kauttaaltaan hyv\u00e4ksi.<\/p>\n<p>Asevelvollisuuden suorittamisen j\u00e4lkeen Toivo J\u00e4rvinen siirtyi suoraan rintamalle. H\u00e4n osallistui taisteluihin mm. Valkeasaaressa ja Rajajoella.<\/p>\n<p>P\u00e4\u00e4majan alaiseen Erilliseen Pataljoona 4:\u00e4n ker\u00e4ttiin kaukopartiointiin joukko-osastoista vapaaehtoisia, fyysisesti kovakuntoisia miehi\u00e4, jotka kestiv\u00e4t my\u00f6s henkisesti rasittavia partiomatkoja.\u00a0 Toivo J\u00e4rvinen valittiin Osasto Marttinaan, joka toimi Uhtuan ja Rukaj\u00e4rven suunnalla.<\/p>\n<p>Toivo J\u00e4rvinen muisteli tehneens\u00e4 useita kaukopartiomatkoja.\u00a0 Sotahistoriasta l\u00f6ytyy tiedot kolmesta matkasta. N\u00e4ist\u00e4 kaksi ensimm\u00e4ist\u00e4 olivat eritt\u00e4in vaativia talvipartioita vuonna 1944.\u00a0 Kolmannessa 31 vrk kest\u00e4neess\u00e4 tiedustelumatkassa partio selvitti vihollisen liikkeit\u00e4 hein\u00e4-elokuussa 1944 vihollisen suurhy\u00f6kk\u00e4yksen ollessa k\u00e4ynniss\u00e4.<\/p>\n<p>Toivo J\u00e4rvinen palkittiin ansioistaan kaukopartioissa ja taisteluissa P\u00e4\u00e4majan ja Rukaj\u00e4rven muistoristeill\u00e4 (14. divisioonan muistoristi). \u00a0H\u00e4n voitti my\u00f6s sotilasurheilussa useita palkintoja.\u00a0 Sodan j\u00e4lkeen Toivo j\u00e4rvinen kuului Espoon Sotaveteraaneihin.<\/p>\n<p>Sodittuaan Toivo J\u00e4rvinen palveli viel\u00e4 rajaj\u00e4\u00e4k\u00e4rin\u00e4 15 kuukautta hein\u00e4kuusta 1945 lokakuuhun 1946.<\/p>\n<p>Toivo J\u00e4rvinen harrasti useita vuosia monipuolisesti yleisurheilua. Vuonna 1946 h\u00e4n voitti mm. Ty\u00f6v\u00e4en Urheiluliiton (TUL) Etel\u00e4-Saimaan piirinmestaruuden 4 km maastojuoksussa. Niin ik\u00e4\u00e4n TUL:n H\u00e4meen piirin mestaruus vuonna 1948 heltisi 400 metrin aidoissa.\u00a0 Urheilusta kertyikin h\u00e4nelle lukuisia palkintoja.<\/p>\n<p>Toivo J\u00e4rvinen ty\u00f6skenteli kirvesmiehen\u00e4 ja puusepp\u00e4n\u00e4. H\u00e4n oli rakentamassa mm. ruotsalaista kauppakorkeakoulua Hankenia ja Kulttuuritaloa Helsingiss\u00e4, Espoon Olaria ja Matinkyl\u00e4\u00e4 sek\u00e4 Otaniemen kampusta Teknilliselle korkeakoululle.\u00a0 Viel\u00e4 1980-luvulla Toivo J\u00e4rvinen ty\u00f6skenteli puusepp\u00e4n\u00e4 MTV:n studiolla.<\/p>\n<p>1960-luvun alussa Toivo J\u00e4rvinen perusti vaimonsa Lainan (os. Roikonen) toiminimi Kehr\u00e4 L. J\u00e4rvisen, joka valmisti alihankintana solmioita ja kaulaliinoja. Sotaveteraani kiersi my\u00f6s myyntimiehen\u00e4 kauppaamassa n\u00e4it\u00e4 tuotteita, joita tilattiin ulkomaita my\u00f6ten.<\/p>\n<p>Toivo J\u00e4rvinen asui perheineen vuonna 1966 hankkimassaan rintamamiestalossa Espoon Friisil\u00e4st\u00e4 kuolemaansa saakka. Talon kunnossa pidossa h\u00e4nt\u00e4 auttoivat N\u00f6ykki\u00f6n ja Espoon Lions-klubit.<\/p>\n<p>Toivo J\u00e4rvinen py\u00f6r\u00e4ili, k\u00e4veli ja ui viel\u00e4 yli 90-vuotiaana. H\u00e4nt\u00e4 kiinnostivat yhteiskunnalliset asiat, Espoon rakentaminen sek\u00e4 ravinto ja terveyden hoito. Yksityisyytt\u00e4\u00e4n varjeleva veteraani kertoi mielell\u00e4\u00e4n sotaretkist\u00e4\u00e4n ja n\u00e4ytti my\u00f6s valokuvia.<\/p>\n<p>Muistokirjoituksen kirjoittajat: Jussi J\u00e4rvinen, veteraanin poika,<\/p>\n<p>Erkki Koivisto ja Pertti Vuorela ovat veteraanin\u00a0pitk\u00e4aikaisia yst\u00e4vi\u00e4.<\/p>\n","protected":false},"excerpt":{"rendered":"<p>Toivo Olavi J\u00e4rvinen syntyi Juupajoella 16.8. 1921 ja kuoli Espoossa l\u00e4hes 94 vuotiaana 15.5.2015. Kaksivuotisen asevelvollisuuden Toivo j\u00e4rvinen suoritti sodan aikana 1.9.1941\u20131.9.1943 Jalkav\u00e4kirykmentiss\u00e4 48:ssa. Jo syksyll\u00e4 1941 Toivo J\u00e4rvisest\u00e4 koulutettiin <a class=\"more-link\" href=\"http:\/\/www.rukajarvensuunnanhistoriayhdistys.fi\/historiayhdistys\/paamajan-kaukopartiosissi-toivo-jarvinen-in-memoriam\/\">Teksti jatkuu&#8230;<span class=\"screen-reader-text\">P\u00e4\u00e4majan kaukopartiosissi Toivo J\u00e4rvinen &#8211; in memoriam<\/span><span class=\"meta-nav\">\u2192<\/span><\/a><\/p>\n","protected":false},"author":3,"featured_media":10180,"comment_status":"closed","ping_status":"open","sticky":false,"template":"","format":"standard","meta":{"footnotes":""},"categories":[22],"tags":[],"class_list":["post-10179","post","type-post","status-publish","format-standard","has-post-thumbnail","hentry","category-ajankohtaista"],"yoast_head":"<!-- This site is optimized with the Yoast SEO plugin v27.4 - https:\/\/yoast.com\/product\/yoast-seo-wordpress\/ -->\n<title>P\u00e4\u00e4majan kaukopartiosissi Toivo J\u00e4rvinen - in memoriam - Rukaj\u00e4rven suunnan historiayhdistys<\/title>\n<meta name=\"robots\" content=\"index, follow, max-snippet:-1, max-image-preview:large, max-video-preview:-1\" \/>\n<link rel=\"canonical\" href=\"http:\/\/www.rukajarvensuunnanhistoriayhdistys.fi\/historiayhdistys\/paamajan-kaukopartiosissi-toivo-jarvinen-in-memoriam\/\" \/>\n<meta property=\"og:locale\" content=\"fi_FI\" \/>\n<meta property=\"og:type\" content=\"article\" \/>\n<meta property=\"og:title\" content=\"P\u00e4\u00e4majan kaukopartiosissi Toivo J\u00e4rvinen - in memoriam - Rukaj\u00e4rven suunnan historiayhdistys\" \/>\n<meta property=\"og:description\" content=\"Toivo Olavi J\u00e4rvinen syntyi Juupajoella 16.8. 1921 ja kuoli Espoossa l\u00e4hes 94 vuotiaana 15.5.2015. Kaksivuotisen asevelvollisuuden Toivo j\u00e4rvinen suoritti sodan aikana 1.9.1941\u20131.9.1943 Jalkav\u00e4kirykmentiss\u00e4 48:ssa. Jo syksyll\u00e4 1941 Toivo J\u00e4rvisest\u00e4 koulutettiin Teksti jatkuu...P\u00e4\u00e4majan kaukopartiosissi Toivo J\u00e4rvinen &#8211; in memoriam\u2192\" \/>\n<meta property=\"og:url\" content=\"http:\/\/www.rukajarvensuunnanhistoriayhdistys.fi\/historiayhdistys\/paamajan-kaukopartiosissi-toivo-jarvinen-in-memoriam\/\" \/>\n<meta property=\"og:site_name\" content=\"Rukaj\u00e4rven suunnan historiayhdistys\" \/>\n<meta property=\"article:published_time\" content=\"2015-07-26T19:55:23+00:00\" \/>\n<meta property=\"article:modified_time\" content=\"2015-07-26T20:54:07+00:00\" \/>\n<meta property=\"og:image\" content=\"http:\/\/www.rukajarvensuunnanhistoriayhdistys.fi\/historiayhdistys\/wp-content\/uploads\/2015\/07\/Toivo-J\u00e4rvinen-001-2.jpg\" \/>\n\t<meta property=\"og:image:width\" content=\"1164\" \/>\n\t<meta property=\"og:image:height\" content=\"1584\" \/>\n\t<meta property=\"og:image:type\" content=\"image\/jpeg\" \/>\n<meta name=\"author\" content=\"RSHY\" \/>\n<meta name=\"twitter:label1\" content=\"Kirjoittanut\" \/>\n\t<meta name=\"twitter:data1\" content=\"RSHY\" \/>\n\t<meta name=\"twitter:label2\" content=\"Arvioitu lukuaika\" \/>\n\t<meta name=\"twitter:data2\" content=\"2 minuuttia\" \/>\n<script type=\"application\/ld+json\" class=\"yoast-schema-graph\">{\"@context\":\"https:\\\/\\\/schema.org\",\"@graph\":[{\"@type\":\"Article\",\"@id\":\"http:\\\/\\\/www.rukajarvensuunnanhistoriayhdistys.fi\\\/historiayhdistys\\\/paamajan-kaukopartiosissi-toivo-jarvinen-in-memoriam\\\/#article\",\"isPartOf\":{\"@id\":\"http:\\\/\\\/www.rukajarvensuunnanhistoriayhdistys.fi\\\/historiayhdistys\\\/paamajan-kaukopartiosissi-toivo-jarvinen-in-memoriam\\\/\"},\"author\":{\"name\":\"RSHY\",\"@id\":\"http:\\\/\\\/www.rukajarvensuunnanhistoriayhdistys.fi\\\/historiayhdistys\\\/#\\\/schema\\\/person\\\/19de7db68bf72dfd2b5d7f6dfbf8454d\"},\"headline\":\"P\u00e4\u00e4majan kaukopartiosissi Toivo J\u00e4rvinen &#8211; in memoriam\",\"datePublished\":\"2015-07-26T19:55:23+00:00\",\"dateModified\":\"2015-07-26T20:54:07+00:00\",\"mainEntityOfPage\":{\"@id\":\"http:\\\/\\\/www.rukajarvensuunnanhistoriayhdistys.fi\\\/historiayhdistys\\\/paamajan-kaukopartiosissi-toivo-jarvinen-in-memoriam\\\/\"},\"wordCount\":429,\"publisher\":{\"@id\":\"http:\\\/\\\/www.rukajarvensuunnanhistoriayhdistys.fi\\\/historiayhdistys\\\/#organization\"},\"image\":{\"@id\":\"http:\\\/\\\/www.rukajarvensuunnanhistoriayhdistys.fi\\\/historiayhdistys\\\/paamajan-kaukopartiosissi-toivo-jarvinen-in-memoriam\\\/#primaryimage\"},\"thumbnailUrl\":\"http:\\\/\\\/www.rukajarvensuunnanhistoriayhdistys.fi\\\/historiayhdistys\\\/wp-content\\\/uploads\\\/2015\\\/07\\\/Toivo-J\u00e4rvinen-001-2.jpg\",\"articleSection\":[\"Ajankohtaista\"],\"inLanguage\":\"fi\"},{\"@type\":\"WebPage\",\"@id\":\"http:\\\/\\\/www.rukajarvensuunnanhistoriayhdistys.fi\\\/historiayhdistys\\\/paamajan-kaukopartiosissi-toivo-jarvinen-in-memoriam\\\/\",\"url\":\"http:\\\/\\\/www.rukajarvensuunnanhistoriayhdistys.fi\\\/historiayhdistys\\\/paamajan-kaukopartiosissi-toivo-jarvinen-in-memoriam\\\/\",\"name\":\"P\u00e4\u00e4majan kaukopartiosissi Toivo J\u00e4rvinen - in memoriam - Rukaj\u00e4rven suunnan historiayhdistys\",\"isPartOf\":{\"@id\":\"http:\\\/\\\/www.rukajarvensuunnanhistoriayhdistys.fi\\\/historiayhdistys\\\/#website\"},\"primaryImageOfPage\":{\"@id\":\"http:\\\/\\\/www.rukajarvensuunnanhistoriayhdistys.fi\\\/historiayhdistys\\\/paamajan-kaukopartiosissi-toivo-jarvinen-in-memoriam\\\/#primaryimage\"},\"image\":{\"@id\":\"http:\\\/\\\/www.rukajarvensuunnanhistoriayhdistys.fi\\\/historiayhdistys\\\/paamajan-kaukopartiosissi-toivo-jarvinen-in-memoriam\\\/#primaryimage\"},\"thumbnailUrl\":\"http:\\\/\\\/www.rukajarvensuunnanhistoriayhdistys.fi\\\/historiayhdistys\\\/wp-content\\\/uploads\\\/2015\\\/07\\\/Toivo-J\u00e4rvinen-001-2.jpg\",\"datePublished\":\"2015-07-26T19:55:23+00:00\",\"dateModified\":\"2015-07-26T20:54:07+00:00\",\"breadcrumb\":{\"@id\":\"http:\\\/\\\/www.rukajarvensuunnanhistoriayhdistys.fi\\\/historiayhdistys\\\/paamajan-kaukopartiosissi-toivo-jarvinen-in-memoriam\\\/#breadcrumb\"},\"inLanguage\":\"fi\",\"potentialAction\":[{\"@type\":\"ReadAction\",\"target\":[\"http:\\\/\\\/www.rukajarvensuunnanhistoriayhdistys.fi\\\/historiayhdistys\\\/paamajan-kaukopartiosissi-toivo-jarvinen-in-memoriam\\\/\"]}]},{\"@type\":\"ImageObject\",\"inLanguage\":\"fi\",\"@id\":\"http:\\\/\\\/www.rukajarvensuunnanhistoriayhdistys.fi\\\/historiayhdistys\\\/paamajan-kaukopartiosissi-toivo-jarvinen-in-memoriam\\\/#primaryimage\",\"url\":\"http:\\\/\\\/www.rukajarvensuunnanhistoriayhdistys.fi\\\/historiayhdistys\\\/wp-content\\\/uploads\\\/2015\\\/07\\\/Toivo-J\u00e4rvinen-001-2.jpg\",\"contentUrl\":\"http:\\\/\\\/www.rukajarvensuunnanhistoriayhdistys.fi\\\/historiayhdistys\\\/wp-content\\\/uploads\\\/2015\\\/07\\\/Toivo-J\u00e4rvinen-001-2.jpg\",\"width\":1164,\"height\":1584},{\"@type\":\"BreadcrumbList\",\"@id\":\"http:\\\/\\\/www.rukajarvensuunnanhistoriayhdistys.fi\\\/historiayhdistys\\\/paamajan-kaukopartiosissi-toivo-jarvinen-in-memoriam\\\/#breadcrumb\",\"itemListElement\":[{\"@type\":\"ListItem\",\"position\":1,\"name\":\"Etusivu\",\"item\":\"http:\\\/\\\/www.rukajarvensuunnanhistoriayhdistys.fi\\\/historiayhdistys\\\/\"},{\"@type\":\"ListItem\",\"position\":2,\"name\":\"P\u00e4\u00e4majan kaukopartiosissi Toivo J\u00e4rvinen &#8211; in memoriam\"}]},{\"@type\":\"WebSite\",\"@id\":\"http:\\\/\\\/www.rukajarvensuunnanhistoriayhdistys.fi\\\/historiayhdistys\\\/#website\",\"url\":\"http:\\\/\\\/www.rukajarvensuunnanhistoriayhdistys.fi\\\/historiayhdistys\\\/\",\"name\":\"Rukaj\u00e4rven suunnan historiayhdistys\",\"description\":\"Rukaj\u00e4rven suunnan historiayhdistyksen verkkosivut.\",\"publisher\":{\"@id\":\"http:\\\/\\\/www.rukajarvensuunnanhistoriayhdistys.fi\\\/historiayhdistys\\\/#organization\"},\"potentialAction\":[{\"@type\":\"SearchAction\",\"target\":{\"@type\":\"EntryPoint\",\"urlTemplate\":\"http:\\\/\\\/www.rukajarvensuunnanhistoriayhdistys.fi\\\/historiayhdistys\\\/?s={search_term_string}\"},\"query-input\":{\"@type\":\"PropertyValueSpecification\",\"valueRequired\":true,\"valueName\":\"search_term_string\"}}],\"inLanguage\":\"fi\"},{\"@type\":\"Organization\",\"@id\":\"http:\\\/\\\/www.rukajarvensuunnanhistoriayhdistys.fi\\\/historiayhdistys\\\/#organization\",\"name\":\"Rukaj\u00e4rven suunnan historiayhdistys\",\"url\":\"http:\\\/\\\/www.rukajarvensuunnanhistoriayhdistys.fi\\\/historiayhdistys\\\/\",\"logo\":{\"@type\":\"ImageObject\",\"inLanguage\":\"fi\",\"@id\":\"http:\\\/\\\/www.rukajarvensuunnanhistoriayhdistys.fi\\\/historiayhdistys\\\/#\\\/schema\\\/logo\\\/image\\\/\",\"url\":\"http:\\\/\\\/www.rukajarvensuunnanhistoriayhdistys.fi\\\/historiayhdistys\\\/wp-content\\\/uploads\\\/2013\\\/12\\\/Otsake_3.jpg\",\"contentUrl\":\"http:\\\/\\\/www.rukajarvensuunnanhistoriayhdistys.fi\\\/historiayhdistys\\\/wp-content\\\/uploads\\\/2013\\\/12\\\/Otsake_3.jpg\",\"width\":1000,\"height\":442,\"caption\":\"Rukaj\u00e4rven suunnan historiayhdistys\"},\"image\":{\"@id\":\"http:\\\/\\\/www.rukajarvensuunnanhistoriayhdistys.fi\\\/historiayhdistys\\\/#\\\/schema\\\/logo\\\/image\\\/\"}},{\"@type\":\"Person\",\"@id\":\"http:\\\/\\\/www.rukajarvensuunnanhistoriayhdistys.fi\\\/historiayhdistys\\\/#\\\/schema\\\/person\\\/19de7db68bf72dfd2b5d7f6dfbf8454d\",\"name\":\"RSHY\",\"image\":{\"@type\":\"ImageObject\",\"inLanguage\":\"fi\",\"@id\":\"https:\\\/\\\/secure.gravatar.com\\\/avatar\\\/598d59263a69cc8de65fcb4f9db78d6f58c098cb0e0ba22d73377441af9fa04c?s=96&d=blank&r=g\",\"url\":\"https:\\\/\\\/secure.gravatar.com\\\/avatar\\\/598d59263a69cc8de65fcb4f9db78d6f58c098cb0e0ba22d73377441af9fa04c?s=96&d=blank&r=g\",\"contentUrl\":\"https:\\\/\\\/secure.gravatar.com\\\/avatar\\\/598d59263a69cc8de65fcb4f9db78d6f58c098cb0e0ba22d73377441af9fa04c?s=96&d=blank&r=g\",\"caption\":\"RSHY\"},\"url\":\"http:\\\/\\\/www.rukajarvensuunnanhistoriayhdistys.fi\\\/historiayhdistys\\\/author\\\/rshy\\\/\"}]}<\/script>\n<!-- \/ Yoast SEO plugin. -->","yoast_head_json":{"title":"P\u00e4\u00e4majan kaukopartiosissi Toivo J\u00e4rvinen - in memoriam - Rukaj\u00e4rven suunnan historiayhdistys","robots":{"index":"index","follow":"follow","max-snippet":"max-snippet:-1","max-image-preview":"max-image-preview:large","max-video-preview":"max-video-preview:-1"},"canonical":"http:\/\/www.rukajarvensuunnanhistoriayhdistys.fi\/historiayhdistys\/paamajan-kaukopartiosissi-toivo-jarvinen-in-memoriam\/","og_locale":"fi_FI","og_type":"article","og_title":"P\u00e4\u00e4majan kaukopartiosissi Toivo J\u00e4rvinen - in memoriam - Rukaj\u00e4rven suunnan historiayhdistys","og_description":"Toivo Olavi J\u00e4rvinen syntyi Juupajoella 16.8. 1921 ja kuoli Espoossa l\u00e4hes 94 vuotiaana 15.5.2015. Kaksivuotisen asevelvollisuuden Toivo j\u00e4rvinen suoritti sodan aikana 1.9.1941\u20131.9.1943 Jalkav\u00e4kirykmentiss\u00e4 48:ssa. Jo syksyll\u00e4 1941 Toivo J\u00e4rvisest\u00e4 koulutettiin Teksti jatkuu...P\u00e4\u00e4majan kaukopartiosissi Toivo J\u00e4rvinen &#8211; in memoriam\u2192","og_url":"http:\/\/www.rukajarvensuunnanhistoriayhdistys.fi\/historiayhdistys\/paamajan-kaukopartiosissi-toivo-jarvinen-in-memoriam\/","og_site_name":"Rukaj\u00e4rven suunnan historiayhdistys","article_published_time":"2015-07-26T19:55:23+00:00","article_modified_time":"2015-07-26T20:54:07+00:00","og_image":[{"width":1164,"height":1584,"url":"http:\/\/www.rukajarvensuunnanhistoriayhdistys.fi\/historiayhdistys\/wp-content\/uploads\/2015\/07\/Toivo-J\u00e4rvinen-001-2.jpg","type":"image\/jpeg"}],"author":"RSHY","twitter_misc":{"Kirjoittanut":"RSHY","Arvioitu lukuaika":"2 minuuttia"},"schema":{"@context":"https:\/\/schema.org","@graph":[{"@type":"Article","@id":"http:\/\/www.rukajarvensuunnanhistoriayhdistys.fi\/historiayhdistys\/paamajan-kaukopartiosissi-toivo-jarvinen-in-memoriam\/#article","isPartOf":{"@id":"http:\/\/www.rukajarvensuunnanhistoriayhdistys.fi\/historiayhdistys\/paamajan-kaukopartiosissi-toivo-jarvinen-in-memoriam\/"},"author":{"name":"RSHY","@id":"http:\/\/www.rukajarvensuunnanhistoriayhdistys.fi\/historiayhdistys\/#\/schema\/person\/19de7db68bf72dfd2b5d7f6dfbf8454d"},"headline":"P\u00e4\u00e4majan kaukopartiosissi Toivo J\u00e4rvinen &#8211; in memoriam","datePublished":"2015-07-26T19:55:23+00:00","dateModified":"2015-07-26T20:54:07+00:00","mainEntityOfPage":{"@id":"http:\/\/www.rukajarvensuunnanhistoriayhdistys.fi\/historiayhdistys\/paamajan-kaukopartiosissi-toivo-jarvinen-in-memoriam\/"},"wordCount":429,"publisher":{"@id":"http:\/\/www.rukajarvensuunnanhistoriayhdistys.fi\/historiayhdistys\/#organization"},"image":{"@id":"http:\/\/www.rukajarvensuunnanhistoriayhdistys.fi\/historiayhdistys\/paamajan-kaukopartiosissi-toivo-jarvinen-in-memoriam\/#primaryimage"},"thumbnailUrl":"http:\/\/www.rukajarvensuunnanhistoriayhdistys.fi\/historiayhdistys\/wp-content\/uploads\/2015\/07\/Toivo-J\u00e4rvinen-001-2.jpg","articleSection":["Ajankohtaista"],"inLanguage":"fi"},{"@type":"WebPage","@id":"http:\/\/www.rukajarvensuunnanhistoriayhdistys.fi\/historiayhdistys\/paamajan-kaukopartiosissi-toivo-jarvinen-in-memoriam\/","url":"http:\/\/www.rukajarvensuunnanhistoriayhdistys.fi\/historiayhdistys\/paamajan-kaukopartiosissi-toivo-jarvinen-in-memoriam\/","name":"P\u00e4\u00e4majan kaukopartiosissi Toivo J\u00e4rvinen - in memoriam - Rukaj\u00e4rven suunnan historiayhdistys","isPartOf":{"@id":"http:\/\/www.rukajarvensuunnanhistoriayhdistys.fi\/historiayhdistys\/#website"},"primaryImageOfPage":{"@id":"http:\/\/www.rukajarvensuunnanhistoriayhdistys.fi\/historiayhdistys\/paamajan-kaukopartiosissi-toivo-jarvinen-in-memoriam\/#primaryimage"},"image":{"@id":"http:\/\/www.rukajarvensuunnanhistoriayhdistys.fi\/historiayhdistys\/paamajan-kaukopartiosissi-toivo-jarvinen-in-memoriam\/#primaryimage"},"thumbnailUrl":"http:\/\/www.rukajarvensuunnanhistoriayhdistys.fi\/historiayhdistys\/wp-content\/uploads\/2015\/07\/Toivo-J\u00e4rvinen-001-2.jpg","datePublished":"2015-07-26T19:55:23+00:00","dateModified":"2015-07-26T20:54:07+00:00","breadcrumb":{"@id":"http:\/\/www.rukajarvensuunnanhistoriayhdistys.fi\/historiayhdistys\/paamajan-kaukopartiosissi-toivo-jarvinen-in-memoriam\/#breadcrumb"},"inLanguage":"fi","potentialAction":[{"@type":"ReadAction","target":["http:\/\/www.rukajarvensuunnanhistoriayhdistys.fi\/historiayhdistys\/paamajan-kaukopartiosissi-toivo-jarvinen-in-memoriam\/"]}]},{"@type":"ImageObject","inLanguage":"fi","@id":"http:\/\/www.rukajarvensuunnanhistoriayhdistys.fi\/historiayhdistys\/paamajan-kaukopartiosissi-toivo-jarvinen-in-memoriam\/#primaryimage","url":"http:\/\/www.rukajarvensuunnanhistoriayhdistys.fi\/historiayhdistys\/wp-content\/uploads\/2015\/07\/Toivo-J\u00e4rvinen-001-2.jpg","contentUrl":"http:\/\/www.rukajarvensuunnanhistoriayhdistys.fi\/historiayhdistys\/wp-content\/uploads\/2015\/07\/Toivo-J\u00e4rvinen-001-2.jpg","width":1164,"height":1584},{"@type":"BreadcrumbList","@id":"http:\/\/www.rukajarvensuunnanhistoriayhdistys.fi\/historiayhdistys\/paamajan-kaukopartiosissi-toivo-jarvinen-in-memoriam\/#breadcrumb","itemListElement":[{"@type":"ListItem","position":1,"name":"Etusivu","item":"http:\/\/www.rukajarvensuunnanhistoriayhdistys.fi\/historiayhdistys\/"},{"@type":"ListItem","position":2,"name":"P\u00e4\u00e4majan kaukopartiosissi Toivo J\u00e4rvinen &#8211; in memoriam"}]},{"@type":"WebSite","@id":"http:\/\/www.rukajarvensuunnanhistoriayhdistys.fi\/historiayhdistys\/#website","url":"http:\/\/www.rukajarvensuunnanhistoriayhdistys.fi\/historiayhdistys\/","name":"Rukaj\u00e4rven suunnan historiayhdistys","description":"Rukaj\u00e4rven suunnan historiayhdistyksen verkkosivut.","publisher":{"@id":"http:\/\/www.rukajarvensuunnanhistoriayhdistys.fi\/historiayhdistys\/#organization"},"potentialAction":[{"@type":"SearchAction","target":{"@type":"EntryPoint","urlTemplate":"http:\/\/www.rukajarvensuunnanhistoriayhdistys.fi\/historiayhdistys\/?s={search_term_string}"},"query-input":{"@type":"PropertyValueSpecification","valueRequired":true,"valueName":"search_term_string"}}],"inLanguage":"fi"},{"@type":"Organization","@id":"http:\/\/www.rukajarvensuunnanhistoriayhdistys.fi\/historiayhdistys\/#organization","name":"Rukaj\u00e4rven suunnan historiayhdistys","url":"http:\/\/www.rukajarvensuunnanhistoriayhdistys.fi\/historiayhdistys\/","logo":{"@type":"ImageObject","inLanguage":"fi","@id":"http:\/\/www.rukajarvensuunnanhistoriayhdistys.fi\/historiayhdistys\/#\/schema\/logo\/image\/","url":"http:\/\/www.rukajarvensuunnanhistoriayhdistys.fi\/historiayhdistys\/wp-content\/uploads\/2013\/12\/Otsake_3.jpg","contentUrl":"http:\/\/www.rukajarvensuunnanhistoriayhdistys.fi\/historiayhdistys\/wp-content\/uploads\/2013\/12\/Otsake_3.jpg","width":1000,"height":442,"caption":"Rukaj\u00e4rven suunnan historiayhdistys"},"image":{"@id":"http:\/\/www.rukajarvensuunnanhistoriayhdistys.fi\/historiayhdistys\/#\/schema\/logo\/image\/"}},{"@type":"Person","@id":"http:\/\/www.rukajarvensuunnanhistoriayhdistys.fi\/historiayhdistys\/#\/schema\/person\/19de7db68bf72dfd2b5d7f6dfbf8454d","name":"RSHY","image":{"@type":"ImageObject","inLanguage":"fi","@id":"https:\/\/secure.gravatar.com\/avatar\/598d59263a69cc8de65fcb4f9db78d6f58c098cb0e0ba22d73377441af9fa04c?s=96&d=blank&r=g","url":"https:\/\/secure.gravatar.com\/avatar\/598d59263a69cc8de65fcb4f9db78d6f58c098cb0e0ba22d73377441af9fa04c?s=96&d=blank&r=g","contentUrl":"https:\/\/secure.gravatar.com\/avatar\/598d59263a69cc8de65fcb4f9db78d6f58c098cb0e0ba22d73377441af9fa04c?s=96&d=blank&r=g","caption":"RSHY"},"url":"http:\/\/www.rukajarvensuunnanhistoriayhdistys.fi\/historiayhdistys\/author\/rshy\/"}]}},"_links":{"self":[{"href":"http:\/\/www.rukajarvensuunnanhistoriayhdistys.fi\/historiayhdistys\/wp-json\/wp\/v2\/posts\/10179","targetHints":{"allow":["GET"]}}],"collection":[{"href":"http:\/\/www.rukajarvensuunnanhistoriayhdistys.fi\/historiayhdistys\/wp-json\/wp\/v2\/posts"}],"about":[{"href":"http:\/\/www.rukajarvensuunnanhistoriayhdistys.fi\/historiayhdistys\/wp-json\/wp\/v2\/types\/post"}],"author":[{"embeddable":true,"href":"http:\/\/www.rukajarvensuunnanhistoriayhdistys.fi\/historiayhdistys\/wp-json\/wp\/v2\/users\/3"}],"replies":[{"embeddable":true,"href":"http:\/\/www.rukajarvensuunnanhistoriayhdistys.fi\/historiayhdistys\/wp-json\/wp\/v2\/comments?post=10179"}],"version-history":[{"count":1,"href":"http:\/\/www.rukajarvensuunnanhistoriayhdistys.fi\/historiayhdistys\/wp-json\/wp\/v2\/posts\/10179\/revisions"}],"predecessor-version":[{"id":10181,"href":"http:\/\/www.rukajarvensuunnanhistoriayhdistys.fi\/historiayhdistys\/wp-json\/wp\/v2\/posts\/10179\/revisions\/10181"}],"wp:featuredmedia":[{"embeddable":true,"href":"http:\/\/www.rukajarvensuunnanhistoriayhdistys.fi\/historiayhdistys\/wp-json\/wp\/v2\/media\/10180"}],"wp:attachment":[{"href":"http:\/\/www.rukajarvensuunnanhistoriayhdistys.fi\/historiayhdistys\/wp-json\/wp\/v2\/media?parent=10179"}],"wp:term":[{"taxonomy":"category","embeddable":true,"href":"http:\/\/www.rukajarvensuunnanhistoriayhdistys.fi\/historiayhdistys\/wp-json\/wp\/v2\/categories?post=10179"},{"taxonomy":"post_tag","embeddable":true,"href":"http:\/\/www.rukajarvensuunnanhistoriayhdistys.fi\/historiayhdistys\/wp-json\/wp\/v2\/tags?post=10179"}],"curies":[{"name":"wp","href":"https:\/\/api.w.org\/{rel}","templated":true}]}}