{"id":10182,"date":"2015-07-26T23:50:06","date_gmt":"2015-07-26T20:50:06","guid":{"rendered":"http:\/\/www.rukajarvensuunnanhistoriayhdistys.fi\/historiayhdistys\/?p=10182"},"modified":"2015-07-27T08:34:05","modified_gmt":"2015-07-27T05:34:05","slug":"rshyn-nayttelyosasto-kiinnosti-yleisoa-kiuruvedella","status":"publish","type":"post","link":"http:\/\/www.rukajarvensuunnanhistoriayhdistys.fi\/historiayhdistys\/rshyn-nayttelyosasto-kiinnosti-yleisoa-kiuruvedella\/","title":{"rendered":"RSHY:n n\u00e4yttelyosasto kiinnosti yleis\u00f6\u00e4 Kiuruvedell\u00e4"},"content":{"rendered":"<div class=\"fcbkbttn_buttons_block\" id=\"fcbkbttn_left\"><div class=\"fcbkbttn_like \"><fb:like href=\"http:\/\/www.rukajarvensuunnanhistoriayhdistys.fi\/historiayhdistys\/rshyn-nayttelyosasto-kiinnosti-yleisoa-kiuruvedella\/\" action=\"like\" colorscheme=\"light\" layout=\"button_count\"  size=\"small\"><\/fb:like><\/div><\/div><p>Rukaj\u00e4rven suunnan historiayhdistys esitteli toimintaansa messuyleis\u00f6lle Kiuruvedell\u00e4 viikonvaihteessa. Viereisell\u00e4 osastolla oli my\u00f6s Kainuun prikaati. N\u00e4yttelyosastot kiinnostivat yleis\u00f6\u00e4 jopa siin\u00e4 m\u00e4\u00e4rin, ett\u00e4 ajoittain oli pient\u00e4 jonoakin. Kaukaisimmat vieraat tulivat osastolle per\u00e4ti Ilmajoelta ja Kuopiosta saakka.<\/p>\n<figure id=\"attachment_10188\" aria-describedby=\"caption-attachment-10188\" style=\"width: 5376px\" class=\"wp-caption aligncenter\"><a href=\"http:\/\/www.rukajarvensuunnanhistoriayhdistys.fi\/historiayhdistys\/wp-content\/uploads\/2015\/07\/WP_20150725_13_52_22_Pro__highres.jpg\"><img loading=\"lazy\" decoding=\"async\" class=\"wp-image-10188 size-full\" src=\"http:\/\/www.rukajarvensuunnanhistoriayhdistys.fi\/historiayhdistys\/wp-content\/uploads\/2015\/07\/WP_20150725_13_52_22_Pro__highres.jpg\" alt=\"Rami RAsku oli saapunut Ilmajoelta saakka selvitt\u00e4m\u00e4\u00e4n isois\u00e4ns\u00e4 sotatiet\u00e4.\" width=\"5376\" height=\"3024\" data-id=\"10188\" srcset=\"http:\/\/www.rukajarvensuunnanhistoriayhdistys.fi\/historiayhdistys\/wp-content\/uploads\/2015\/07\/WP_20150725_13_52_22_Pro__highres.jpg 5376w, http:\/\/www.rukajarvensuunnanhistoriayhdistys.fi\/historiayhdistys\/wp-content\/uploads\/2015\/07\/WP_20150725_13_52_22_Pro__highres-300x169.jpg 300w, http:\/\/www.rukajarvensuunnanhistoriayhdistys.fi\/historiayhdistys\/wp-content\/uploads\/2015\/07\/WP_20150725_13_52_22_Pro__highres-1024x576.jpg 1024w\" sizes=\"auto, (max-width: 5376px) 100vw, 5376px\" \/><\/a><figcaption id=\"caption-attachment-10188\" class=\"wp-caption-text\">Rami RAsku oli saapunut Ilmajoelta saakka selvitt\u00e4m\u00e4\u00e4n isois\u00e4ns\u00e4 sotatiet\u00e4.<\/figcaption><\/figure>\n<figure id=\"attachment_10184\" aria-describedby=\"caption-attachment-10184\" style=\"width: 3072px\" class=\"wp-caption aligncenter\"><a href=\"http:\/\/www.rukajarvensuunnanhistoriayhdistys.fi\/historiayhdistys\/wp-content\/uploads\/2015\/07\/WP_20150724_11_28_53_Pro.jpg\"><img loading=\"lazy\" decoding=\"async\" class=\"wp-image-10184 size-full\" src=\"http:\/\/www.rukajarvensuunnanhistoriayhdistys.fi\/historiayhdistys\/wp-content\/uploads\/2015\/07\/WP_20150724_11_28_53_Pro.jpg\" alt=\"Yhdistyksen osastoon tutustui my\u00f6s Rukaj\u00e4rven veteraani Viljo RAntonen, joka juttelee Ari Komulaisen kanssa.\" width=\"3072\" height=\"1728\" data-id=\"10184\" srcset=\"http:\/\/www.rukajarvensuunnanhistoriayhdistys.fi\/historiayhdistys\/wp-content\/uploads\/2015\/07\/WP_20150724_11_28_53_Pro.jpg 3072w, http:\/\/www.rukajarvensuunnanhistoriayhdistys.fi\/historiayhdistys\/wp-content\/uploads\/2015\/07\/WP_20150724_11_28_53_Pro-300x169.jpg 300w, http:\/\/www.rukajarvensuunnanhistoriayhdistys.fi\/historiayhdistys\/wp-content\/uploads\/2015\/07\/WP_20150724_11_28_53_Pro-1024x576.jpg 1024w\" sizes=\"auto, (max-width: 3072px) 100vw, 3072px\" \/><\/a><figcaption id=\"caption-attachment-10184\" class=\"wp-caption-text\">Yhdistyksen osastoon tutustui my\u00f6s Rukaj\u00e4rven veteraani Viljo Rantonen, joka juttelee Ari Komulaisen kanssa.<\/figcaption><\/figure>\n<figure id=\"attachment_10190\" aria-describedby=\"caption-attachment-10190\" style=\"width: 530px\" class=\"wp-caption aligncenter\"><a href=\"http:\/\/www.rukajarvensuunnanhistoriayhdistys.fi\/historiayhdistys\/wp-content\/uploads\/2015\/07\/WP_20150725_10_45_09_Pro__highres.jpg\"><img loading=\"lazy\" decoding=\"async\" class=\"size-large wp-image-10190\" src=\"http:\/\/www.rukajarvensuunnanhistoriayhdistys.fi\/historiayhdistys\/wp-content\/uploads\/2015\/07\/WP_20150725_10_45_09_Pro__highres-1024x576.jpg\" alt=\"N\u00e4yttely\u00e4 esitteliv\u00e4t Antti Haapalainen, Ari Komulainen, Pekka Tenhunen, Antero Huttunen sek\u00e4 Tenho Tikkanen. N\u00e4yttely\u00e4 olivat pystytt\u00e4m\u00e4ss\u00e4 my\u00f6s yhdistyksen j\u00e4senet Erkki ja Yrj\u00f6 L\u00e4ms\u00e4.\" width=\"530\" height=\"298\" data-id=\"10190\" srcset=\"http:\/\/www.rukajarvensuunnanhistoriayhdistys.fi\/historiayhdistys\/wp-content\/uploads\/2015\/07\/WP_20150725_10_45_09_Pro__highres-1024x576.jpg 1024w, http:\/\/www.rukajarvensuunnanhistoriayhdistys.fi\/historiayhdistys\/wp-content\/uploads\/2015\/07\/WP_20150725_10_45_09_Pro__highres-300x169.jpg 300w\" sizes=\"auto, (max-width: 530px) 100vw, 530px\" \/><\/a><figcaption id=\"caption-attachment-10190\" class=\"wp-caption-text\">N\u00e4yttely\u00e4 esitteliv\u00e4t Antti Haapalainen, Ari Komulainen, Pekka Tenhunen, Antero Huttunen, Hannu Kauppinen\u00a0sek\u00e4 Tenho Tikkanen. N\u00e4yttely\u00e4 olivat pystytt\u00e4m\u00e4ss\u00e4 my\u00f6s yhdistyksen j\u00e4senet Raimo Jokisalmi, Erkki ja Yrj\u00f6 L\u00e4ms\u00e4. Osastololla esiteltiin lenton\u00e4yt\u00f6ksess\u00e4 k\u00e4ytettyj\u00e4 multihelikoptereita. Kuvassa Terttu ja Jouko Immonen.<\/figcaption><\/figure>\n<p>N\u00e4yttelyvieraat hakivat tietoa vanhempiensa ja isovanhempiensa sotatiest\u00e4 ja saivat samalla opastusta miten tieto niin yhdistyksen arkistoista kuin my\u00f6s sota-arkiston tietokannoista parhaiten l\u00f6ytyisi. Antti Haapalainen oli laatinut n\u00e4yttelyvieraita varten erillisen kirjallisen ohjeen, joka luovutettiin tietoa etsiville tulevia sukututkimuksia varten.<\/p>\n<p><strong>Multihelikopterin esittelyt<\/strong><\/p>\n<p>Yhdistys j\u00e4rjesti p\u00e4ivitt\u00e4in multihelikopterin lenton\u00e4yt\u00f6ksi\u00e4 kahteen otteeseen. My\u00f6s t\u00e4m\u00e4 lenton\u00e4yt\u00f6s kiinnosti yleis\u00f6\u00e4. Radio-ohjattavat kopterit olivat esill\u00e4 osastolla ja n\u00e4yt\u00f6sten j\u00e4lkeen opastettiin ja kerrottiin miten videokuvia tullaan historiaty\u00f6ss\u00e4 hy\u00f6dynt\u00e4m\u00e4\u00e4n.<\/p>\n<figure id=\"attachment_10187\" aria-describedby=\"caption-attachment-10187\" style=\"width: 4608px\" class=\"wp-caption aligncenter\"><a href=\"http:\/\/www.rukajarvensuunnanhistoriayhdistys.fi\/historiayhdistys\/wp-content\/uploads\/2015\/07\/YUNC0051.jpg\"><img loading=\"lazy\" decoding=\"async\" class=\"wp-image-10187 size-full\" src=\"http:\/\/www.rukajarvensuunnanhistoriayhdistys.fi\/historiayhdistys\/wp-content\/uploads\/2015\/07\/YUNC0051.jpg\" alt=\"Messujen kuulutuksesta huolehti &quot;Viljotar&quot; Miia Nuuttila, haastattelee kuvaajia, t\u00e4ss\u00e4 Antero Huttusta ja Tenho Tikkasta.\" width=\"4608\" height=\"3456\" data-id=\"10187\" srcset=\"http:\/\/www.rukajarvensuunnanhistoriayhdistys.fi\/historiayhdistys\/wp-content\/uploads\/2015\/07\/YUNC0051.jpg 4608w, http:\/\/www.rukajarvensuunnanhistoriayhdistys.fi\/historiayhdistys\/wp-content\/uploads\/2015\/07\/YUNC0051-300x225.jpg 300w, http:\/\/www.rukajarvensuunnanhistoriayhdistys.fi\/historiayhdistys\/wp-content\/uploads\/2015\/07\/YUNC0051-1024x768.jpg 1024w\" sizes=\"auto, (max-width: 4608px) 100vw, 4608px\" \/><\/a><figcaption id=\"caption-attachment-10187\" class=\"wp-caption-text\">Messujen kuulutuksesta huolehti &#8221;Viljotar&#8221; Miia Nuuttila, haastattelee kuvaajia, t\u00e4ss\u00e4 Antero Huttusta ja Tenho Tikkasta.<\/figcaption><\/figure>\n<p>Yhdistyksen osastoon tutustui my\u00f6s kansanedustaja Hannakaisa Heikkinen puolisonsa Harrin ja poikiensa kanssa. H\u00e4n suunnittelee multihelikopterikuvauksia viljelyalojen rekister\u00f6intiin ja sadon tarkkailuun.<\/p>\n<p><a href=\"http:\/\/www.rukajarvensuunnanhistoriayhdistys.fi\/historiayhdistys\/wp-content\/uploads\/2015\/07\/WP_20150723_14_01_03_Pro.jpg\"><img loading=\"lazy\" decoding=\"async\" class=\"aligncenter wp-image-10183 size-full\" src=\"http:\/\/www.rukajarvensuunnanhistoriayhdistys.fi\/historiayhdistys\/wp-content\/uploads\/2015\/07\/WP_20150723_14_01_03_Pro.jpg\" alt=\"WP_20150723_14_01_03_Pro\" width=\"3072\" height=\"1728\" data-id=\"10183\" srcset=\"http:\/\/www.rukajarvensuunnanhistoriayhdistys.fi\/historiayhdistys\/wp-content\/uploads\/2015\/07\/WP_20150723_14_01_03_Pro.jpg 3072w, http:\/\/www.rukajarvensuunnanhistoriayhdistys.fi\/historiayhdistys\/wp-content\/uploads\/2015\/07\/WP_20150723_14_01_03_Pro-300x169.jpg 300w, http:\/\/www.rukajarvensuunnanhistoriayhdistys.fi\/historiayhdistys\/wp-content\/uploads\/2015\/07\/WP_20150723_14_01_03_Pro-1024x576.jpg 1024w\" sizes=\"auto, (max-width: 3072px) 100vw, 3072px\" \/><\/a><\/p>\n<figure id=\"attachment_10185\" aria-describedby=\"caption-attachment-10185\" style=\"width: 1728px\" class=\"wp-caption aligncenter\"><a href=\"http:\/\/www.rukajarvensuunnanhistoriayhdistys.fi\/historiayhdistys\/wp-content\/uploads\/2015\/07\/WP_20150724_15_17_25_Pro.jpg\"><img loading=\"lazy\" decoding=\"async\" class=\"wp-image-10185 size-full\" src=\"http:\/\/www.rukajarvensuunnanhistoriayhdistys.fi\/historiayhdistys\/wp-content\/uploads\/2015\/07\/WP_20150724_15_17_25_Pro.jpg\" alt=\"Helikopteria ohjasi kokenut kippari, Jani Niskanen.\" width=\"1728\" height=\"3072\" data-id=\"10185\" srcset=\"http:\/\/www.rukajarvensuunnanhistoriayhdistys.fi\/historiayhdistys\/wp-content\/uploads\/2015\/07\/WP_20150724_15_17_25_Pro.jpg 1728w, http:\/\/www.rukajarvensuunnanhistoriayhdistys.fi\/historiayhdistys\/wp-content\/uploads\/2015\/07\/WP_20150724_15_17_25_Pro-169x300.jpg 169w, http:\/\/www.rukajarvensuunnanhistoriayhdistys.fi\/historiayhdistys\/wp-content\/uploads\/2015\/07\/WP_20150724_15_17_25_Pro-576x1024.jpg 576w\" sizes=\"auto, (max-width: 1728px) 100vw, 1728px\" \/><\/a><figcaption id=\"caption-attachment-10185\" class=\"wp-caption-text\">Helikopteria ohjasi kokenut kippari, Jani Niskanen.<\/figcaption><\/figure>\n<p>Kuvauksia suorittivat Jani Niskanen, jolla on jo vuosien kokemus multihelikoptereitten k\u00e4yt\u00f6st\u00e4, Antero Huttunen ja Tenho Tikkanen suorittivat kuvauksia historiaty\u00f6ss\u00e4 k\u00e4yt\u00f6ss\u00e4\u00e4n olevilla k\u00e4sikameroilla.<\/p>\n<p>Videoleikkeet tallennettiin p\u00e4iv\u00e4n p\u00e4\u00e4tteeksi yhdistyksen YouTube-kanavalle &#8221;Rukajarvi-keskus&#8221;, josta ne tullaan poistamaan viikon kuluessa messutapahtuman p\u00e4\u00e4ttymisest\u00e4.<\/p>\n<figure id=\"attachment_10186\" aria-describedby=\"caption-attachment-10186\" style=\"width: 4608px\" class=\"wp-caption aligncenter\"><a href=\"http:\/\/www.rukajarvensuunnanhistoriayhdistys.fi\/historiayhdistys\/wp-content\/uploads\/2015\/07\/YUNC0096.jpg\"><img loading=\"lazy\" decoding=\"async\" class=\"wp-image-10186 size-full\" src=\"http:\/\/www.rukajarvensuunnanhistoriayhdistys.fi\/historiayhdistys\/wp-content\/uploads\/2015\/07\/YUNC0096.jpg\" alt=\"Osastolle oli tulostettu joitakin valokuvia, joista voitiin vertailla kuvien tasokkuutta. T\u00e4ss\u00e4 kuva messualueesta.\" width=\"4608\" height=\"3456\" data-id=\"10186\" srcset=\"http:\/\/www.rukajarvensuunnanhistoriayhdistys.fi\/historiayhdistys\/wp-content\/uploads\/2015\/07\/YUNC0096.jpg 4608w, http:\/\/www.rukajarvensuunnanhistoriayhdistys.fi\/historiayhdistys\/wp-content\/uploads\/2015\/07\/YUNC0096-300x225.jpg 300w, http:\/\/www.rukajarvensuunnanhistoriayhdistys.fi\/historiayhdistys\/wp-content\/uploads\/2015\/07\/YUNC0096-1024x768.jpg 1024w\" sizes=\"auto, (max-width: 4608px) 100vw, 4608px\" \/><\/a><figcaption id=\"caption-attachment-10186\" class=\"wp-caption-text\">Osastolle oli tulostettu joitakin valokuvia, joista voitiin vertailla kuvien tasokkuutta. T\u00e4ss\u00e4 kuva messualueesta.<\/figcaption><\/figure>\n<figure id=\"attachment_10189\" aria-describedby=\"caption-attachment-10189\" style=\"width: 4608px\" class=\"wp-caption aligncenter\"><a href=\"http:\/\/www.rukajarvensuunnanhistoriayhdistys.fi\/historiayhdistys\/wp-content\/uploads\/2015\/07\/YUNC0047.jpg\"><img loading=\"lazy\" decoding=\"async\" class=\"wp-image-10189 size-full\" src=\"http:\/\/www.rukajarvensuunnanhistoriayhdistys.fi\/historiayhdistys\/wp-content\/uploads\/2015\/07\/YUNC0047.jpg\" alt=\"Messualue \u00e4\u00e4rimm\u00e4isen\u00e4 kuvan keskell\u00e4, kirkko vasemmalla, torialue aivan kuvan keskell\u00e4.\" width=\"4608\" height=\"3456\" data-id=\"10189\" srcset=\"http:\/\/www.rukajarvensuunnanhistoriayhdistys.fi\/historiayhdistys\/wp-content\/uploads\/2015\/07\/YUNC0047.jpg 4608w, http:\/\/www.rukajarvensuunnanhistoriayhdistys.fi\/historiayhdistys\/wp-content\/uploads\/2015\/07\/YUNC0047-300x225.jpg 300w, http:\/\/www.rukajarvensuunnanhistoriayhdistys.fi\/historiayhdistys\/wp-content\/uploads\/2015\/07\/YUNC0047-1024x768.jpg 1024w\" sizes=\"auto, (max-width: 4608px) 100vw, 4608px\" \/><\/a><figcaption id=\"caption-attachment-10189\" class=\"wp-caption-text\">Messualue \u00e4\u00e4rimm\u00e4isen\u00e4 kuvan keskell\u00e4, kirkko vasemmalla, torialue aivan kuvan keskell\u00e4.<\/figcaption><\/figure>\n<p>&nbsp;<\/p>\n","protected":false},"excerpt":{"rendered":"<p>Rukaj\u00e4rven suunnan historiayhdistys esitteli toimintaansa messuyleis\u00f6lle Kiuruvedell\u00e4 viikonvaihteessa. Viereisell\u00e4 osastolla oli my\u00f6s Kainuun prikaati. N\u00e4yttelyosastot kiinnostivat yleis\u00f6\u00e4 jopa siin\u00e4 m\u00e4\u00e4rin, ett\u00e4 ajoittain oli pient\u00e4 jonoakin. Kaukaisimmat vieraat tulivat osastolle per\u00e4ti <a class=\"more-link\" href=\"http:\/\/www.rukajarvensuunnanhistoriayhdistys.fi\/historiayhdistys\/rshyn-nayttelyosasto-kiinnosti-yleisoa-kiuruvedella\/\">Teksti jatkuu&#8230;<span class=\"screen-reader-text\">RSHY:n n\u00e4yttelyosasto kiinnosti yleis\u00f6\u00e4 Kiuruvedell\u00e4<\/span><span class=\"meta-nav\">\u2192<\/span><\/a><\/p>\n","protected":false},"author":3,"featured_media":10188,"comment_status":"closed","ping_status":"open","sticky":false,"template":"","format":"standard","meta":{"footnotes":""},"categories":[22],"tags":[],"class_list":["post-10182","post","type-post","status-publish","format-standard","has-post-thumbnail","hentry","category-ajankohtaista"],"yoast_head":"<!-- This site is optimized with the Yoast SEO plugin v27.4 - https:\/\/yoast.com\/product\/yoast-seo-wordpress\/ -->\n<title>RSHY:n n\u00e4yttelyosasto kiinnosti yleis\u00f6\u00e4 Kiuruvedell\u00e4 - Rukaj\u00e4rven suunnan historiayhdistys<\/title>\n<meta name=\"robots\" content=\"index, follow, max-snippet:-1, max-image-preview:large, max-video-preview:-1\" \/>\n<link rel=\"canonical\" href=\"http:\/\/www.rukajarvensuunnanhistoriayhdistys.fi\/historiayhdistys\/rshyn-nayttelyosasto-kiinnosti-yleisoa-kiuruvedella\/\" \/>\n<meta property=\"og:locale\" content=\"fi_FI\" \/>\n<meta property=\"og:type\" content=\"article\" \/>\n<meta property=\"og:title\" content=\"RSHY:n n\u00e4yttelyosasto kiinnosti yleis\u00f6\u00e4 Kiuruvedell\u00e4 - Rukaj\u00e4rven suunnan historiayhdistys\" \/>\n<meta property=\"og:description\" content=\"Rukaj\u00e4rven suunnan historiayhdistys esitteli toimintaansa messuyleis\u00f6lle Kiuruvedell\u00e4 viikonvaihteessa. Viereisell\u00e4 osastolla oli my\u00f6s Kainuun prikaati. N\u00e4yttelyosastot kiinnostivat yleis\u00f6\u00e4 jopa siin\u00e4 m\u00e4\u00e4rin, ett\u00e4 ajoittain oli pient\u00e4 jonoakin. Kaukaisimmat vieraat tulivat osastolle per\u00e4ti Teksti jatkuu...RSHY:n n\u00e4yttelyosasto kiinnosti yleis\u00f6\u00e4 Kiuruvedell\u00e4\u2192\" \/>\n<meta property=\"og:url\" content=\"http:\/\/www.rukajarvensuunnanhistoriayhdistys.fi\/historiayhdistys\/rshyn-nayttelyosasto-kiinnosti-yleisoa-kiuruvedella\/\" \/>\n<meta property=\"og:site_name\" content=\"Rukaj\u00e4rven suunnan historiayhdistys\" \/>\n<meta property=\"article:published_time\" content=\"2015-07-26T20:50:06+00:00\" \/>\n<meta property=\"article:modified_time\" content=\"2015-07-27T05:34:05+00:00\" \/>\n<meta property=\"og:image\" content=\"http:\/\/www.rukajarvensuunnanhistoriayhdistys.fi\/historiayhdistys\/wp-content\/uploads\/2015\/07\/WP_20150725_13_52_22_Pro__highres-1024x576.jpg\" \/>\n\t<meta property=\"og:image:width\" content=\"1024\" \/>\n\t<meta property=\"og:image:height\" content=\"576\" \/>\n\t<meta property=\"og:image:type\" content=\"image\/jpeg\" \/>\n<meta name=\"author\" content=\"RSHY\" \/>\n<meta name=\"twitter:label1\" content=\"Kirjoittanut\" \/>\n\t<meta name=\"twitter:data1\" content=\"RSHY\" \/>\n\t<meta name=\"twitter:label2\" content=\"Arvioitu lukuaika\" \/>\n\t<meta name=\"twitter:data2\" content=\"2 minuuttia\" \/>\n<script type=\"application\/ld+json\" class=\"yoast-schema-graph\">{\"@context\":\"https:\\\/\\\/schema.org\",\"@graph\":[{\"@type\":\"Article\",\"@id\":\"http:\\\/\\\/www.rukajarvensuunnanhistoriayhdistys.fi\\\/historiayhdistys\\\/rshyn-nayttelyosasto-kiinnosti-yleisoa-kiuruvedella\\\/#article\",\"isPartOf\":{\"@id\":\"http:\\\/\\\/www.rukajarvensuunnanhistoriayhdistys.fi\\\/historiayhdistys\\\/rshyn-nayttelyosasto-kiinnosti-yleisoa-kiuruvedella\\\/\"},\"author\":{\"name\":\"RSHY\",\"@id\":\"http:\\\/\\\/www.rukajarvensuunnanhistoriayhdistys.fi\\\/historiayhdistys\\\/#\\\/schema\\\/person\\\/19de7db68bf72dfd2b5d7f6dfbf8454d\"},\"headline\":\"RSHY:n n\u00e4yttelyosasto kiinnosti yleis\u00f6\u00e4 Kiuruvedell\u00e4\",\"datePublished\":\"2015-07-26T20:50:06+00:00\",\"dateModified\":\"2015-07-27T05:34:05+00:00\",\"mainEntityOfPage\":{\"@id\":\"http:\\\/\\\/www.rukajarvensuunnanhistoriayhdistys.fi\\\/historiayhdistys\\\/rshyn-nayttelyosasto-kiinnosti-yleisoa-kiuruvedella\\\/\"},\"wordCount\":377,\"publisher\":{\"@id\":\"http:\\\/\\\/www.rukajarvensuunnanhistoriayhdistys.fi\\\/historiayhdistys\\\/#organization\"},\"image\":{\"@id\":\"http:\\\/\\\/www.rukajarvensuunnanhistoriayhdistys.fi\\\/historiayhdistys\\\/rshyn-nayttelyosasto-kiinnosti-yleisoa-kiuruvedella\\\/#primaryimage\"},\"thumbnailUrl\":\"http:\\\/\\\/www.rukajarvensuunnanhistoriayhdistys.fi\\\/historiayhdistys\\\/wp-content\\\/uploads\\\/2015\\\/07\\\/WP_20150725_13_52_22_Pro__highres.jpg\",\"articleSection\":[\"Ajankohtaista\"],\"inLanguage\":\"fi\"},{\"@type\":\"WebPage\",\"@id\":\"http:\\\/\\\/www.rukajarvensuunnanhistoriayhdistys.fi\\\/historiayhdistys\\\/rshyn-nayttelyosasto-kiinnosti-yleisoa-kiuruvedella\\\/\",\"url\":\"http:\\\/\\\/www.rukajarvensuunnanhistoriayhdistys.fi\\\/historiayhdistys\\\/rshyn-nayttelyosasto-kiinnosti-yleisoa-kiuruvedella\\\/\",\"name\":\"RSHY:n n\u00e4yttelyosasto kiinnosti yleis\u00f6\u00e4 Kiuruvedell\u00e4 - Rukaj\u00e4rven suunnan historiayhdistys\",\"isPartOf\":{\"@id\":\"http:\\\/\\\/www.rukajarvensuunnanhistoriayhdistys.fi\\\/historiayhdistys\\\/#website\"},\"primaryImageOfPage\":{\"@id\":\"http:\\\/\\\/www.rukajarvensuunnanhistoriayhdistys.fi\\\/historiayhdistys\\\/rshyn-nayttelyosasto-kiinnosti-yleisoa-kiuruvedella\\\/#primaryimage\"},\"image\":{\"@id\":\"http:\\\/\\\/www.rukajarvensuunnanhistoriayhdistys.fi\\\/historiayhdistys\\\/rshyn-nayttelyosasto-kiinnosti-yleisoa-kiuruvedella\\\/#primaryimage\"},\"thumbnailUrl\":\"http:\\\/\\\/www.rukajarvensuunnanhistoriayhdistys.fi\\\/historiayhdistys\\\/wp-content\\\/uploads\\\/2015\\\/07\\\/WP_20150725_13_52_22_Pro__highres.jpg\",\"datePublished\":\"2015-07-26T20:50:06+00:00\",\"dateModified\":\"2015-07-27T05:34:05+00:00\",\"breadcrumb\":{\"@id\":\"http:\\\/\\\/www.rukajarvensuunnanhistoriayhdistys.fi\\\/historiayhdistys\\\/rshyn-nayttelyosasto-kiinnosti-yleisoa-kiuruvedella\\\/#breadcrumb\"},\"inLanguage\":\"fi\",\"potentialAction\":[{\"@type\":\"ReadAction\",\"target\":[\"http:\\\/\\\/www.rukajarvensuunnanhistoriayhdistys.fi\\\/historiayhdistys\\\/rshyn-nayttelyosasto-kiinnosti-yleisoa-kiuruvedella\\\/\"]}]},{\"@type\":\"ImageObject\",\"inLanguage\":\"fi\",\"@id\":\"http:\\\/\\\/www.rukajarvensuunnanhistoriayhdistys.fi\\\/historiayhdistys\\\/rshyn-nayttelyosasto-kiinnosti-yleisoa-kiuruvedella\\\/#primaryimage\",\"url\":\"http:\\\/\\\/www.rukajarvensuunnanhistoriayhdistys.fi\\\/historiayhdistys\\\/wp-content\\\/uploads\\\/2015\\\/07\\\/WP_20150725_13_52_22_Pro__highres.jpg\",\"contentUrl\":\"http:\\\/\\\/www.rukajarvensuunnanhistoriayhdistys.fi\\\/historiayhdistys\\\/wp-content\\\/uploads\\\/2015\\\/07\\\/WP_20150725_13_52_22_Pro__highres.jpg\",\"width\":5376,\"height\":3024,\"caption\":\"Rami RAsku oli saapunut Ilmajoelta saakka selvitt\u00e4m\u00e4\u00e4n isois\u00e4ns\u00e4 sotatiet\u00e4.\"},{\"@type\":\"BreadcrumbList\",\"@id\":\"http:\\\/\\\/www.rukajarvensuunnanhistoriayhdistys.fi\\\/historiayhdistys\\\/rshyn-nayttelyosasto-kiinnosti-yleisoa-kiuruvedella\\\/#breadcrumb\",\"itemListElement\":[{\"@type\":\"ListItem\",\"position\":1,\"name\":\"Etusivu\",\"item\":\"http:\\\/\\\/www.rukajarvensuunnanhistoriayhdistys.fi\\\/historiayhdistys\\\/\"},{\"@type\":\"ListItem\",\"position\":2,\"name\":\"RSHY:n n\u00e4yttelyosasto kiinnosti yleis\u00f6\u00e4 Kiuruvedell\u00e4\"}]},{\"@type\":\"WebSite\",\"@id\":\"http:\\\/\\\/www.rukajarvensuunnanhistoriayhdistys.fi\\\/historiayhdistys\\\/#website\",\"url\":\"http:\\\/\\\/www.rukajarvensuunnanhistoriayhdistys.fi\\\/historiayhdistys\\\/\",\"name\":\"Rukaj\u00e4rven suunnan historiayhdistys\",\"description\":\"Rukaj\u00e4rven suunnan historiayhdistyksen verkkosivut.\",\"publisher\":{\"@id\":\"http:\\\/\\\/www.rukajarvensuunnanhistoriayhdistys.fi\\\/historiayhdistys\\\/#organization\"},\"potentialAction\":[{\"@type\":\"SearchAction\",\"target\":{\"@type\":\"EntryPoint\",\"urlTemplate\":\"http:\\\/\\\/www.rukajarvensuunnanhistoriayhdistys.fi\\\/historiayhdistys\\\/?s={search_term_string}\"},\"query-input\":{\"@type\":\"PropertyValueSpecification\",\"valueRequired\":true,\"valueName\":\"search_term_string\"}}],\"inLanguage\":\"fi\"},{\"@type\":\"Organization\",\"@id\":\"http:\\\/\\\/www.rukajarvensuunnanhistoriayhdistys.fi\\\/historiayhdistys\\\/#organization\",\"name\":\"Rukaj\u00e4rven suunnan historiayhdistys\",\"url\":\"http:\\\/\\\/www.rukajarvensuunnanhistoriayhdistys.fi\\\/historiayhdistys\\\/\",\"logo\":{\"@type\":\"ImageObject\",\"inLanguage\":\"fi\",\"@id\":\"http:\\\/\\\/www.rukajarvensuunnanhistoriayhdistys.fi\\\/historiayhdistys\\\/#\\\/schema\\\/logo\\\/image\\\/\",\"url\":\"http:\\\/\\\/www.rukajarvensuunnanhistoriayhdistys.fi\\\/historiayhdistys\\\/wp-content\\\/uploads\\\/2013\\\/12\\\/Otsake_3.jpg\",\"contentUrl\":\"http:\\\/\\\/www.rukajarvensuunnanhistoriayhdistys.fi\\\/historiayhdistys\\\/wp-content\\\/uploads\\\/2013\\\/12\\\/Otsake_3.jpg\",\"width\":1000,\"height\":442,\"caption\":\"Rukaj\u00e4rven suunnan historiayhdistys\"},\"image\":{\"@id\":\"http:\\\/\\\/www.rukajarvensuunnanhistoriayhdistys.fi\\\/historiayhdistys\\\/#\\\/schema\\\/logo\\\/image\\\/\"}},{\"@type\":\"Person\",\"@id\":\"http:\\\/\\\/www.rukajarvensuunnanhistoriayhdistys.fi\\\/historiayhdistys\\\/#\\\/schema\\\/person\\\/19de7db68bf72dfd2b5d7f6dfbf8454d\",\"name\":\"RSHY\",\"image\":{\"@type\":\"ImageObject\",\"inLanguage\":\"fi\",\"@id\":\"https:\\\/\\\/secure.gravatar.com\\\/avatar\\\/598d59263a69cc8de65fcb4f9db78d6f58c098cb0e0ba22d73377441af9fa04c?s=96&d=blank&r=g\",\"url\":\"https:\\\/\\\/secure.gravatar.com\\\/avatar\\\/598d59263a69cc8de65fcb4f9db78d6f58c098cb0e0ba22d73377441af9fa04c?s=96&d=blank&r=g\",\"contentUrl\":\"https:\\\/\\\/secure.gravatar.com\\\/avatar\\\/598d59263a69cc8de65fcb4f9db78d6f58c098cb0e0ba22d73377441af9fa04c?s=96&d=blank&r=g\",\"caption\":\"RSHY\"},\"url\":\"http:\\\/\\\/www.rukajarvensuunnanhistoriayhdistys.fi\\\/historiayhdistys\\\/author\\\/rshy\\\/\"}]}<\/script>\n<!-- \/ Yoast SEO plugin. -->","yoast_head_json":{"title":"RSHY:n n\u00e4yttelyosasto kiinnosti yleis\u00f6\u00e4 Kiuruvedell\u00e4 - Rukaj\u00e4rven suunnan historiayhdistys","robots":{"index":"index","follow":"follow","max-snippet":"max-snippet:-1","max-image-preview":"max-image-preview:large","max-video-preview":"max-video-preview:-1"},"canonical":"http:\/\/www.rukajarvensuunnanhistoriayhdistys.fi\/historiayhdistys\/rshyn-nayttelyosasto-kiinnosti-yleisoa-kiuruvedella\/","og_locale":"fi_FI","og_type":"article","og_title":"RSHY:n n\u00e4yttelyosasto kiinnosti yleis\u00f6\u00e4 Kiuruvedell\u00e4 - Rukaj\u00e4rven suunnan historiayhdistys","og_description":"Rukaj\u00e4rven suunnan historiayhdistys esitteli toimintaansa messuyleis\u00f6lle Kiuruvedell\u00e4 viikonvaihteessa. Viereisell\u00e4 osastolla oli my\u00f6s Kainuun prikaati. N\u00e4yttelyosastot kiinnostivat yleis\u00f6\u00e4 jopa siin\u00e4 m\u00e4\u00e4rin, ett\u00e4 ajoittain oli pient\u00e4 jonoakin. Kaukaisimmat vieraat tulivat osastolle per\u00e4ti Teksti jatkuu...RSHY:n n\u00e4yttelyosasto kiinnosti yleis\u00f6\u00e4 Kiuruvedell\u00e4\u2192","og_url":"http:\/\/www.rukajarvensuunnanhistoriayhdistys.fi\/historiayhdistys\/rshyn-nayttelyosasto-kiinnosti-yleisoa-kiuruvedella\/","og_site_name":"Rukaj\u00e4rven suunnan historiayhdistys","article_published_time":"2015-07-26T20:50:06+00:00","article_modified_time":"2015-07-27T05:34:05+00:00","og_image":[{"width":1024,"height":576,"url":"http:\/\/www.rukajarvensuunnanhistoriayhdistys.fi\/historiayhdistys\/wp-content\/uploads\/2015\/07\/WP_20150725_13_52_22_Pro__highres-1024x576.jpg","type":"image\/jpeg"}],"author":"RSHY","twitter_misc":{"Kirjoittanut":"RSHY","Arvioitu lukuaika":"2 minuuttia"},"schema":{"@context":"https:\/\/schema.org","@graph":[{"@type":"Article","@id":"http:\/\/www.rukajarvensuunnanhistoriayhdistys.fi\/historiayhdistys\/rshyn-nayttelyosasto-kiinnosti-yleisoa-kiuruvedella\/#article","isPartOf":{"@id":"http:\/\/www.rukajarvensuunnanhistoriayhdistys.fi\/historiayhdistys\/rshyn-nayttelyosasto-kiinnosti-yleisoa-kiuruvedella\/"},"author":{"name":"RSHY","@id":"http:\/\/www.rukajarvensuunnanhistoriayhdistys.fi\/historiayhdistys\/#\/schema\/person\/19de7db68bf72dfd2b5d7f6dfbf8454d"},"headline":"RSHY:n n\u00e4yttelyosasto kiinnosti yleis\u00f6\u00e4 Kiuruvedell\u00e4","datePublished":"2015-07-26T20:50:06+00:00","dateModified":"2015-07-27T05:34:05+00:00","mainEntityOfPage":{"@id":"http:\/\/www.rukajarvensuunnanhistoriayhdistys.fi\/historiayhdistys\/rshyn-nayttelyosasto-kiinnosti-yleisoa-kiuruvedella\/"},"wordCount":377,"publisher":{"@id":"http:\/\/www.rukajarvensuunnanhistoriayhdistys.fi\/historiayhdistys\/#organization"},"image":{"@id":"http:\/\/www.rukajarvensuunnanhistoriayhdistys.fi\/historiayhdistys\/rshyn-nayttelyosasto-kiinnosti-yleisoa-kiuruvedella\/#primaryimage"},"thumbnailUrl":"http:\/\/www.rukajarvensuunnanhistoriayhdistys.fi\/historiayhdistys\/wp-content\/uploads\/2015\/07\/WP_20150725_13_52_22_Pro__highres.jpg","articleSection":["Ajankohtaista"],"inLanguage":"fi"},{"@type":"WebPage","@id":"http:\/\/www.rukajarvensuunnanhistoriayhdistys.fi\/historiayhdistys\/rshyn-nayttelyosasto-kiinnosti-yleisoa-kiuruvedella\/","url":"http:\/\/www.rukajarvensuunnanhistoriayhdistys.fi\/historiayhdistys\/rshyn-nayttelyosasto-kiinnosti-yleisoa-kiuruvedella\/","name":"RSHY:n n\u00e4yttelyosasto kiinnosti yleis\u00f6\u00e4 Kiuruvedell\u00e4 - Rukaj\u00e4rven suunnan historiayhdistys","isPartOf":{"@id":"http:\/\/www.rukajarvensuunnanhistoriayhdistys.fi\/historiayhdistys\/#website"},"primaryImageOfPage":{"@id":"http:\/\/www.rukajarvensuunnanhistoriayhdistys.fi\/historiayhdistys\/rshyn-nayttelyosasto-kiinnosti-yleisoa-kiuruvedella\/#primaryimage"},"image":{"@id":"http:\/\/www.rukajarvensuunnanhistoriayhdistys.fi\/historiayhdistys\/rshyn-nayttelyosasto-kiinnosti-yleisoa-kiuruvedella\/#primaryimage"},"thumbnailUrl":"http:\/\/www.rukajarvensuunnanhistoriayhdistys.fi\/historiayhdistys\/wp-content\/uploads\/2015\/07\/WP_20150725_13_52_22_Pro__highres.jpg","datePublished":"2015-07-26T20:50:06+00:00","dateModified":"2015-07-27T05:34:05+00:00","breadcrumb":{"@id":"http:\/\/www.rukajarvensuunnanhistoriayhdistys.fi\/historiayhdistys\/rshyn-nayttelyosasto-kiinnosti-yleisoa-kiuruvedella\/#breadcrumb"},"inLanguage":"fi","potentialAction":[{"@type":"ReadAction","target":["http:\/\/www.rukajarvensuunnanhistoriayhdistys.fi\/historiayhdistys\/rshyn-nayttelyosasto-kiinnosti-yleisoa-kiuruvedella\/"]}]},{"@type":"ImageObject","inLanguage":"fi","@id":"http:\/\/www.rukajarvensuunnanhistoriayhdistys.fi\/historiayhdistys\/rshyn-nayttelyosasto-kiinnosti-yleisoa-kiuruvedella\/#primaryimage","url":"http:\/\/www.rukajarvensuunnanhistoriayhdistys.fi\/historiayhdistys\/wp-content\/uploads\/2015\/07\/WP_20150725_13_52_22_Pro__highres.jpg","contentUrl":"http:\/\/www.rukajarvensuunnanhistoriayhdistys.fi\/historiayhdistys\/wp-content\/uploads\/2015\/07\/WP_20150725_13_52_22_Pro__highres.jpg","width":5376,"height":3024,"caption":"Rami RAsku oli saapunut Ilmajoelta saakka selvitt\u00e4m\u00e4\u00e4n isois\u00e4ns\u00e4 sotatiet\u00e4."},{"@type":"BreadcrumbList","@id":"http:\/\/www.rukajarvensuunnanhistoriayhdistys.fi\/historiayhdistys\/rshyn-nayttelyosasto-kiinnosti-yleisoa-kiuruvedella\/#breadcrumb","itemListElement":[{"@type":"ListItem","position":1,"name":"Etusivu","item":"http:\/\/www.rukajarvensuunnanhistoriayhdistys.fi\/historiayhdistys\/"},{"@type":"ListItem","position":2,"name":"RSHY:n n\u00e4yttelyosasto kiinnosti yleis\u00f6\u00e4 Kiuruvedell\u00e4"}]},{"@type":"WebSite","@id":"http:\/\/www.rukajarvensuunnanhistoriayhdistys.fi\/historiayhdistys\/#website","url":"http:\/\/www.rukajarvensuunnanhistoriayhdistys.fi\/historiayhdistys\/","name":"Rukaj\u00e4rven suunnan historiayhdistys","description":"Rukaj\u00e4rven suunnan historiayhdistyksen verkkosivut.","publisher":{"@id":"http:\/\/www.rukajarvensuunnanhistoriayhdistys.fi\/historiayhdistys\/#organization"},"potentialAction":[{"@type":"SearchAction","target":{"@type":"EntryPoint","urlTemplate":"http:\/\/www.rukajarvensuunnanhistoriayhdistys.fi\/historiayhdistys\/?s={search_term_string}"},"query-input":{"@type":"PropertyValueSpecification","valueRequired":true,"valueName":"search_term_string"}}],"inLanguage":"fi"},{"@type":"Organization","@id":"http:\/\/www.rukajarvensuunnanhistoriayhdistys.fi\/historiayhdistys\/#organization","name":"Rukaj\u00e4rven suunnan historiayhdistys","url":"http:\/\/www.rukajarvensuunnanhistoriayhdistys.fi\/historiayhdistys\/","logo":{"@type":"ImageObject","inLanguage":"fi","@id":"http:\/\/www.rukajarvensuunnanhistoriayhdistys.fi\/historiayhdistys\/#\/schema\/logo\/image\/","url":"http:\/\/www.rukajarvensuunnanhistoriayhdistys.fi\/historiayhdistys\/wp-content\/uploads\/2013\/12\/Otsake_3.jpg","contentUrl":"http:\/\/www.rukajarvensuunnanhistoriayhdistys.fi\/historiayhdistys\/wp-content\/uploads\/2013\/12\/Otsake_3.jpg","width":1000,"height":442,"caption":"Rukaj\u00e4rven suunnan historiayhdistys"},"image":{"@id":"http:\/\/www.rukajarvensuunnanhistoriayhdistys.fi\/historiayhdistys\/#\/schema\/logo\/image\/"}},{"@type":"Person","@id":"http:\/\/www.rukajarvensuunnanhistoriayhdistys.fi\/historiayhdistys\/#\/schema\/person\/19de7db68bf72dfd2b5d7f6dfbf8454d","name":"RSHY","image":{"@type":"ImageObject","inLanguage":"fi","@id":"https:\/\/secure.gravatar.com\/avatar\/598d59263a69cc8de65fcb4f9db78d6f58c098cb0e0ba22d73377441af9fa04c?s=96&d=blank&r=g","url":"https:\/\/secure.gravatar.com\/avatar\/598d59263a69cc8de65fcb4f9db78d6f58c098cb0e0ba22d73377441af9fa04c?s=96&d=blank&r=g","contentUrl":"https:\/\/secure.gravatar.com\/avatar\/598d59263a69cc8de65fcb4f9db78d6f58c098cb0e0ba22d73377441af9fa04c?s=96&d=blank&r=g","caption":"RSHY"},"url":"http:\/\/www.rukajarvensuunnanhistoriayhdistys.fi\/historiayhdistys\/author\/rshy\/"}]}},"_links":{"self":[{"href":"http:\/\/www.rukajarvensuunnanhistoriayhdistys.fi\/historiayhdistys\/wp-json\/wp\/v2\/posts\/10182","targetHints":{"allow":["GET"]}}],"collection":[{"href":"http:\/\/www.rukajarvensuunnanhistoriayhdistys.fi\/historiayhdistys\/wp-json\/wp\/v2\/posts"}],"about":[{"href":"http:\/\/www.rukajarvensuunnanhistoriayhdistys.fi\/historiayhdistys\/wp-json\/wp\/v2\/types\/post"}],"author":[{"embeddable":true,"href":"http:\/\/www.rukajarvensuunnanhistoriayhdistys.fi\/historiayhdistys\/wp-json\/wp\/v2\/users\/3"}],"replies":[{"embeddable":true,"href":"http:\/\/www.rukajarvensuunnanhistoriayhdistys.fi\/historiayhdistys\/wp-json\/wp\/v2\/comments?post=10182"}],"version-history":[{"count":4,"href":"http:\/\/www.rukajarvensuunnanhistoriayhdistys.fi\/historiayhdistys\/wp-json\/wp\/v2\/posts\/10182\/revisions"}],"predecessor-version":[{"id":10194,"href":"http:\/\/www.rukajarvensuunnanhistoriayhdistys.fi\/historiayhdistys\/wp-json\/wp\/v2\/posts\/10182\/revisions\/10194"}],"wp:featuredmedia":[{"embeddable":true,"href":"http:\/\/www.rukajarvensuunnanhistoriayhdistys.fi\/historiayhdistys\/wp-json\/wp\/v2\/media\/10188"}],"wp:attachment":[{"href":"http:\/\/www.rukajarvensuunnanhistoriayhdistys.fi\/historiayhdistys\/wp-json\/wp\/v2\/media?parent=10182"}],"wp:term":[{"taxonomy":"category","embeddable":true,"href":"http:\/\/www.rukajarvensuunnanhistoriayhdistys.fi\/historiayhdistys\/wp-json\/wp\/v2\/categories?post=10182"},{"taxonomy":"post_tag","embeddable":true,"href":"http:\/\/www.rukajarvensuunnanhistoriayhdistys.fi\/historiayhdistys\/wp-json\/wp\/v2\/tags?post=10182"}],"curies":[{"name":"wp","href":"https:\/\/api.w.org\/{rel}","templated":true}]}}