{"id":10197,"date":"2015-07-31T23:47:41","date_gmt":"2015-07-31T20:47:41","guid":{"rendered":"http:\/\/www.rukajarvensuunnanhistoriayhdistys.fi\/historiayhdistys\/?p=10197"},"modified":"2015-08-01T07:08:06","modified_gmt":"2015-08-01T04:08:06","slug":"kertausharjoitustyot-kaynnistyivat-rukajarven-tiella-anakaisissa","status":"publish","type":"post","link":"http:\/\/www.rukajarvensuunnanhistoriayhdistys.fi\/historiayhdistys\/kertausharjoitustyot-kaynnistyivat-rukajarven-tiella-anakaisissa\/","title":{"rendered":"Kertausharjoitusty\u00f6t k\u00e4ynnistyiv\u00e4t Rukaj\u00e4rven tiell\u00e4 \u00c4n\u00e4k\u00e4isiss\u00e4."},"content":{"rendered":"<div class=\"fcbkbttn_buttons_block\" id=\"fcbkbttn_left\"><div class=\"fcbkbttn_like \"><fb:like href=\"http:\/\/www.rukajarvensuunnanhistoriayhdistys.fi\/historiayhdistys\/kertausharjoitustyot-kaynnistyivat-rukajarven-tiella-anakaisissa\/\" action=\"like\" colorscheme=\"light\" layout=\"button_count\"  size=\"small\"><\/fb:like><\/div><\/div><p><span style=\"color: #000000; font-family: Calibri; font-size: medium;\">S\u00e4\u00e4 ei suosi kertausharjoitusty\u00f6t\u00e4 t\u00e4ll\u00e4k\u00e4\u00e4n kertaa. Sade piiskasi niin kertausharjoitukseen osallistuvia reservil\u00e4isi\u00e4 kuin varusmiehi\u00e4 ja yhdistyksemme j\u00e4seni\u00e4.<\/span><\/p>\n<p><span style=\"color: #000000; font-family: Calibri; font-size: medium;\">Vanhat taisteluhautarakenteet ehdittiin purkaa kokonaan. Ty\u00f6maalle saatiin uutta puutavaraa kuorma-autollinen. Sen toi Anaika Wood Oyj:st\u00e4 Reijo Lukkarinen. Ty\u00f6maalla oli rekkalasti aiemmin hankittua puutavaraa, mutta ammattimiesten silmill\u00e4 katsottuna se ei kaikilta osin sovellu t\u00e4h\u00e4n tarkoitukseen.<\/span><\/p>\n<figure id=\"attachment_10201\" aria-describedby=\"caption-attachment-10201\" style=\"width: 4585px\" class=\"wp-caption aligncenter\"><a href=\"http:\/\/www.rukajarvensuunnanhistoriayhdistys.fi\/historiayhdistys\/wp-content\/uploads\/2015\/07\/DSC01171-Net-pien.jpg\"><img loading=\"lazy\" decoding=\"async\" class=\"wp-image-10201 size-full\" src=\"http:\/\/www.rukajarvensuunnanhistoriayhdistys.fi\/historiayhdistys\/wp-content\/uploads\/2015\/07\/DSC01171-Net-pien.jpg\" alt=\"Kertausharjoituskurssilaiset k\u00e4viv\u00e4t tutustumassa alueeseen jo torstaina. Kuvassa  Seppo Suhonen, Tauno Oksanen, Pekka Sepp\u00e4nen ja Mikko Happo. Eversti luutnantti Tuomo Katisko toimii kurssin johtajana. \" width=\"4585\" height=\"3035\" data-id=\"10201\" srcset=\"http:\/\/www.rukajarvensuunnanhistoriayhdistys.fi\/historiayhdistys\/wp-content\/uploads\/2015\/07\/DSC01171-Net-pien.jpg 4585w, http:\/\/www.rukajarvensuunnanhistoriayhdistys.fi\/historiayhdistys\/wp-content\/uploads\/2015\/07\/DSC01171-Net-pien-300x199.jpg 300w, http:\/\/www.rukajarvensuunnanhistoriayhdistys.fi\/historiayhdistys\/wp-content\/uploads\/2015\/07\/DSC01171-Net-pien-1024x678.jpg 1024w\" sizes=\"auto, (max-width: 4585px) 100vw, 4585px\" \/><\/a><figcaption id=\"caption-attachment-10201\" class=\"wp-caption-text\">Kertausharjoituskurssilaiset k\u00e4viv\u00e4t tutustumassa alueeseen jo torstaina. Kuvassa Mikko Happo, Pekka Sepp\u00e4nen, Seppo Suhonen, Tauno Oksanen sek\u00e4 everstiluutnantti Tuomo Katisko toimii kurssin johtajana.<\/figcaption><\/figure>\n<figure id=\"attachment_10203\" aria-describedby=\"caption-attachment-10203\" style=\"width: 4555px\" class=\"wp-caption aligncenter\"><a href=\"http:\/\/www.rukajarvensuunnanhistoriayhdistys.fi\/historiayhdistys\/wp-content\/uploads\/2015\/07\/DSC01173-Net.jpg\"><img loading=\"lazy\" decoding=\"async\" class=\"wp-image-10203 size-full\" src=\"http:\/\/www.rukajarvensuunnanhistoriayhdistys.fi\/historiayhdistys\/wp-content\/uploads\/2015\/07\/DSC01173-Net.jpg\" alt=\"Reijo Lukkarinen toi ty\u00f6maalle tuoretta puutavaraa.\" width=\"4555\" height=\"3030\" data-id=\"10203\" srcset=\"http:\/\/www.rukajarvensuunnanhistoriayhdistys.fi\/historiayhdistys\/wp-content\/uploads\/2015\/07\/DSC01173-Net.jpg 4555w, http:\/\/www.rukajarvensuunnanhistoriayhdistys.fi\/historiayhdistys\/wp-content\/uploads\/2015\/07\/DSC01173-Net-300x200.jpg 300w, http:\/\/www.rukajarvensuunnanhistoriayhdistys.fi\/historiayhdistys\/wp-content\/uploads\/2015\/07\/DSC01173-Net-1024x681.jpg 1024w\" sizes=\"auto, (max-width: 4555px) 100vw, 4555px\" \/><\/a><figcaption id=\"caption-attachment-10203\" class=\"wp-caption-text\">Reijo Lukkarinen toi ty\u00f6maalle tuoretta puutavaraa.<\/figcaption><\/figure>\n<figure id=\"attachment_10204\" aria-describedby=\"caption-attachment-10204\" style=\"width: 3072px\" class=\"wp-caption aligncenter\"><a href=\"http:\/\/www.rukajarvensuunnanhistoriayhdistys.fi\/historiayhdistys\/wp-content\/uploads\/2015\/07\/WP_20150731_13_19_24_Pro.jpg\"><img loading=\"lazy\" decoding=\"async\" class=\"wp-image-10204 size-full\" src=\"http:\/\/www.rukajarvensuunnanhistoriayhdistys.fi\/historiayhdistys\/wp-content\/uploads\/2015\/07\/WP_20150731_13_19_24_Pro.jpg\" alt=\"Vanhat rakenteet saavat kyyti\u00e4.\" width=\"3072\" height=\"1728\" data-id=\"10204\" srcset=\"http:\/\/www.rukajarvensuunnanhistoriayhdistys.fi\/historiayhdistys\/wp-content\/uploads\/2015\/07\/WP_20150731_13_19_24_Pro.jpg 3072w, http:\/\/www.rukajarvensuunnanhistoriayhdistys.fi\/historiayhdistys\/wp-content\/uploads\/2015\/07\/WP_20150731_13_19_24_Pro-300x169.jpg 300w, http:\/\/www.rukajarvensuunnanhistoriayhdistys.fi\/historiayhdistys\/wp-content\/uploads\/2015\/07\/WP_20150731_13_19_24_Pro-1024x576.jpg 1024w\" sizes=\"auto, (max-width: 3072px) 100vw, 3072px\" \/><\/a><figcaption id=\"caption-attachment-10204\" class=\"wp-caption-text\">Vanhat rakenteet saavat kyyti\u00e4.<\/figcaption><\/figure>\n<p>&nbsp;<\/p>\n<figure id=\"attachment_10202\" aria-describedby=\"caption-attachment-10202\" style=\"width: 3072px\" class=\"wp-caption aligncenter\"><a href=\"http:\/\/www.rukajarvensuunnanhistoriayhdistys.fi\/historiayhdistys\/wp-content\/uploads\/2015\/07\/WP_20150731_15_31_28_Pro.jpg\"><img loading=\"lazy\" decoding=\"async\" class=\"wp-image-10202 size-full\" src=\"http:\/\/www.rukajarvensuunnanhistoriayhdistys.fi\/historiayhdistys\/wp-content\/uploads\/2015\/07\/WP_20150731_15_31_28_Pro.jpg\" alt=\"Kahdella kaivurilla saatiin ihmeit\u00e4 aikaan. Kaikki entiset jo lahonneet ja vaaralliset rakenteet poistettiin.\" width=\"3072\" height=\"1728\" data-id=\"10202\" srcset=\"http:\/\/www.rukajarvensuunnanhistoriayhdistys.fi\/historiayhdistys\/wp-content\/uploads\/2015\/07\/WP_20150731_15_31_28_Pro.jpg 3072w, http:\/\/www.rukajarvensuunnanhistoriayhdistys.fi\/historiayhdistys\/wp-content\/uploads\/2015\/07\/WP_20150731_15_31_28_Pro-300x169.jpg 300w, http:\/\/www.rukajarvensuunnanhistoriayhdistys.fi\/historiayhdistys\/wp-content\/uploads\/2015\/07\/WP_20150731_15_31_28_Pro-1024x576.jpg 1024w\" sizes=\"auto, (max-width: 3072px) 100vw, 3072px\" \/><\/a><figcaption id=\"caption-attachment-10202\" class=\"wp-caption-text\">Kahdella kaivurilla saatiin ihmeit\u00e4 aikaan. Kaikki entiset jo lahonneet ja vaaralliset rakenteet poistettiin.<\/figcaption><\/figure>\n<p><span style=\"color: #000000; font-family: Calibri; font-size: medium;\">Lauantaina ty\u00f6t jatkuvat uusien rakenteitten asentamisella. S\u00e4\u00e4ennusteet tosin lupailevat sades\u00e4\u00e4t\u00e4, mik\u00e4 hidastaa ty\u00f6t\u00e4 suuresti.<\/span><\/p>\n<p><span style=\"color: #000000; font-family: Calibri; font-size: medium;\">Kertausharjoitusjoukot pit\u00e4v\u00e4t Jukolan motti -pirtti\u00e4 tukikohtanaan, mik\u00e4 osoittautui my\u00f6s t\u00e4h\u00e4n tarkoitukseen erinomaisen sopivaksi paikaksi.<\/span><\/p>\n<figure id=\"attachment_10207\" aria-describedby=\"caption-attachment-10207\" style=\"width: 3072px\" class=\"wp-caption aligncenter\"><a href=\"http:\/\/www.rukajarvensuunnanhistoriayhdistys.fi\/historiayhdistys\/wp-content\/uploads\/2015\/07\/WP_20150731_17_06_16_Pro.jpg\"><img loading=\"lazy\" decoding=\"async\" class=\"wp-image-10207 size-full\" src=\"http:\/\/www.rukajarvensuunnanhistoriayhdistys.fi\/historiayhdistys\/wp-content\/uploads\/2015\/07\/WP_20150731_17_06_16_Pro.jpg\" alt=\"Kahvitauon aikana kertausharjoituskurssilaiset saivat maistaa hiukan sananrieskan lis\u00e4ksi t\u00e4n\u00e4 kes\u00e4n\u00e4 harvinaisesta auringonpaisteesta. Tauno Oksanen selvitti Jatkosodan aikaista pioneerity\u00f6t\u00e4.\" width=\"3072\" height=\"1728\" data-id=\"10207\" srcset=\"http:\/\/www.rukajarvensuunnanhistoriayhdistys.fi\/historiayhdistys\/wp-content\/uploads\/2015\/07\/WP_20150731_17_06_16_Pro.jpg 3072w, http:\/\/www.rukajarvensuunnanhistoriayhdistys.fi\/historiayhdistys\/wp-content\/uploads\/2015\/07\/WP_20150731_17_06_16_Pro-300x169.jpg 300w, http:\/\/www.rukajarvensuunnanhistoriayhdistys.fi\/historiayhdistys\/wp-content\/uploads\/2015\/07\/WP_20150731_17_06_16_Pro-1024x576.jpg 1024w\" sizes=\"auto, (max-width: 3072px) 100vw, 3072px\" \/><\/a><figcaption id=\"caption-attachment-10207\" class=\"wp-caption-text\">Kahvitauon aikana kertausharjoituskurssilaiset saivat maistaa hiukan sananrieskan lis\u00e4ksi t\u00e4n\u00e4 kes\u00e4n\u00e4 harvinaisesta auringonpaistetta. Tauno Oksanen selvitti Jatkosodan aikaista pioneerity\u00f6t\u00e4.<\/figcaption><\/figure>\n<p>Salpaetuaseman kunnostaminen kuuluu Rukaj\u00e4rven tie-matkailukohteen palvelutason parantamiseen. Suunnitteilla on nyt vaarallisiksi lahonneitten rakenteitten uusimisen lis\u00e4ksi my\u00f6s opasteitten parantaminen. Kertausharjoitukseen osallistui perjantaina\u00a0kaikkiaan 20 kurssilaista.<\/p>\n<p>Alkuper\u00e4isen suunnitelman mukaan\u00a0sein\u00e4elementit oli tarkoitus uusia betonista valmistetulla elementeill\u00e4, mik\u00e4 muistuttaa\u00a0kelopuuta.\u00a0Betonielementit olisivat t\u00e4h\u00e4n kohteeseen maksaneet 18.000 \u20ac, mutta rahoitusta sille ei saatu j\u00e4rjestym\u00e4\u00e4n\u00a0ponnisteluista huolimatta.<\/p>\n<p>&nbsp;<\/p>\n","protected":false},"excerpt":{"rendered":"<p>S\u00e4\u00e4 ei suosi kertausharjoitusty\u00f6t\u00e4 t\u00e4ll\u00e4k\u00e4\u00e4n kertaa. Sade piiskasi niin kertausharjoitukseen osallistuvia reservil\u00e4isi\u00e4 kuin varusmiehi\u00e4 ja yhdistyksemme j\u00e4seni\u00e4. Vanhat taisteluhautarakenteet ehdittiin purkaa kokonaan. Ty\u00f6maalle saatiin uutta puutavaraa kuorma-autollinen. Sen toi Anaika <a class=\"more-link\" href=\"http:\/\/www.rukajarvensuunnanhistoriayhdistys.fi\/historiayhdistys\/kertausharjoitustyot-kaynnistyivat-rukajarven-tiella-anakaisissa\/\">Teksti jatkuu&#8230;<span class=\"screen-reader-text\">Kertausharjoitusty\u00f6t k\u00e4ynnistyiv\u00e4t Rukaj\u00e4rven tiell\u00e4 \u00c4n\u00e4k\u00e4isiss\u00e4.<\/span><span class=\"meta-nav\">\u2192<\/span><\/a><\/p>\n","protected":false},"author":3,"featured_media":10202,"comment_status":"closed","ping_status":"open","sticky":false,"template":"","format":"standard","meta":{"footnotes":""},"categories":[22],"tags":[],"class_list":["post-10197","post","type-post","status-publish","format-standard","has-post-thumbnail","hentry","category-ajankohtaista"],"yoast_head":"<!-- This site is optimized with the Yoast SEO plugin v27.4 - https:\/\/yoast.com\/product\/yoast-seo-wordpress\/ -->\n<title>Kertausharjoitusty\u00f6t k\u00e4ynnistyiv\u00e4t Rukaj\u00e4rven tiell\u00e4 \u00c4n\u00e4k\u00e4isiss\u00e4. - Rukaj\u00e4rven suunnan historiayhdistys<\/title>\n<meta name=\"robots\" content=\"index, follow, max-snippet:-1, max-image-preview:large, max-video-preview:-1\" \/>\n<link rel=\"canonical\" href=\"http:\/\/www.rukajarvensuunnanhistoriayhdistys.fi\/historiayhdistys\/kertausharjoitustyot-kaynnistyivat-rukajarven-tiella-anakaisissa\/\" \/>\n<meta property=\"og:locale\" content=\"fi_FI\" \/>\n<meta property=\"og:type\" content=\"article\" \/>\n<meta property=\"og:title\" content=\"Kertausharjoitusty\u00f6t k\u00e4ynnistyiv\u00e4t Rukaj\u00e4rven tiell\u00e4 \u00c4n\u00e4k\u00e4isiss\u00e4. - Rukaj\u00e4rven suunnan historiayhdistys\" \/>\n<meta property=\"og:description\" content=\"S\u00e4\u00e4 ei suosi kertausharjoitusty\u00f6t\u00e4 t\u00e4ll\u00e4k\u00e4\u00e4n kertaa. Sade piiskasi niin kertausharjoitukseen osallistuvia reservil\u00e4isi\u00e4 kuin varusmiehi\u00e4 ja yhdistyksemme j\u00e4seni\u00e4. Vanhat taisteluhautarakenteet ehdittiin purkaa kokonaan. Ty\u00f6maalle saatiin uutta puutavaraa kuorma-autollinen. Sen toi Anaika Teksti jatkuu...Kertausharjoitusty\u00f6t k\u00e4ynnistyiv\u00e4t Rukaj\u00e4rven tiell\u00e4 \u00c4n\u00e4k\u00e4isiss\u00e4.\u2192\" \/>\n<meta property=\"og:url\" content=\"http:\/\/www.rukajarvensuunnanhistoriayhdistys.fi\/historiayhdistys\/kertausharjoitustyot-kaynnistyivat-rukajarven-tiella-anakaisissa\/\" \/>\n<meta property=\"og:site_name\" content=\"Rukaj\u00e4rven suunnan historiayhdistys\" \/>\n<meta property=\"article:published_time\" content=\"2015-07-31T20:47:41+00:00\" \/>\n<meta property=\"article:modified_time\" content=\"2015-08-01T04:08:06+00:00\" \/>\n<meta property=\"og:image\" content=\"http:\/\/www.rukajarvensuunnanhistoriayhdistys.fi\/historiayhdistys\/wp-content\/uploads\/2015\/07\/WP_20150731_15_31_28_Pro-1024x576.jpg\" \/>\n\t<meta property=\"og:image:width\" content=\"1024\" \/>\n\t<meta property=\"og:image:height\" content=\"576\" \/>\n\t<meta property=\"og:image:type\" content=\"image\/jpeg\" \/>\n<meta name=\"author\" content=\"RSHY\" \/>\n<meta name=\"twitter:label1\" content=\"Kirjoittanut\" \/>\n\t<meta name=\"twitter:data1\" content=\"RSHY\" \/>\n\t<meta name=\"twitter:label2\" content=\"Arvioitu lukuaika\" \/>\n\t<meta name=\"twitter:data2\" content=\"1 minuutti\" \/>\n<script type=\"application\/ld+json\" class=\"yoast-schema-graph\">{\"@context\":\"https:\\\/\\\/schema.org\",\"@graph\":[{\"@type\":\"Article\",\"@id\":\"http:\\\/\\\/www.rukajarvensuunnanhistoriayhdistys.fi\\\/historiayhdistys\\\/kertausharjoitustyot-kaynnistyivat-rukajarven-tiella-anakaisissa\\\/#article\",\"isPartOf\":{\"@id\":\"http:\\\/\\\/www.rukajarvensuunnanhistoriayhdistys.fi\\\/historiayhdistys\\\/kertausharjoitustyot-kaynnistyivat-rukajarven-tiella-anakaisissa\\\/\"},\"author\":{\"name\":\"RSHY\",\"@id\":\"http:\\\/\\\/www.rukajarvensuunnanhistoriayhdistys.fi\\\/historiayhdistys\\\/#\\\/schema\\\/person\\\/19de7db68bf72dfd2b5d7f6dfbf8454d\"},\"headline\":\"Kertausharjoitusty\u00f6t k\u00e4ynnistyiv\u00e4t Rukaj\u00e4rven tiell\u00e4 \u00c4n\u00e4k\u00e4isiss\u00e4.\",\"datePublished\":\"2015-07-31T20:47:41+00:00\",\"dateModified\":\"2015-08-01T04:08:06+00:00\",\"mainEntityOfPage\":{\"@id\":\"http:\\\/\\\/www.rukajarvensuunnanhistoriayhdistys.fi\\\/historiayhdistys\\\/kertausharjoitustyot-kaynnistyivat-rukajarven-tiella-anakaisissa\\\/\"},\"wordCount\":276,\"publisher\":{\"@id\":\"http:\\\/\\\/www.rukajarvensuunnanhistoriayhdistys.fi\\\/historiayhdistys\\\/#organization\"},\"image\":{\"@id\":\"http:\\\/\\\/www.rukajarvensuunnanhistoriayhdistys.fi\\\/historiayhdistys\\\/kertausharjoitustyot-kaynnistyivat-rukajarven-tiella-anakaisissa\\\/#primaryimage\"},\"thumbnailUrl\":\"http:\\\/\\\/www.rukajarvensuunnanhistoriayhdistys.fi\\\/historiayhdistys\\\/wp-content\\\/uploads\\\/2015\\\/07\\\/WP_20150731_15_31_28_Pro.jpg\",\"articleSection\":[\"Ajankohtaista\"],\"inLanguage\":\"fi\"},{\"@type\":\"WebPage\",\"@id\":\"http:\\\/\\\/www.rukajarvensuunnanhistoriayhdistys.fi\\\/historiayhdistys\\\/kertausharjoitustyot-kaynnistyivat-rukajarven-tiella-anakaisissa\\\/\",\"url\":\"http:\\\/\\\/www.rukajarvensuunnanhistoriayhdistys.fi\\\/historiayhdistys\\\/kertausharjoitustyot-kaynnistyivat-rukajarven-tiella-anakaisissa\\\/\",\"name\":\"Kertausharjoitusty\u00f6t k\u00e4ynnistyiv\u00e4t Rukaj\u00e4rven tiell\u00e4 \u00c4n\u00e4k\u00e4isiss\u00e4. - Rukaj\u00e4rven suunnan historiayhdistys\",\"isPartOf\":{\"@id\":\"http:\\\/\\\/www.rukajarvensuunnanhistoriayhdistys.fi\\\/historiayhdistys\\\/#website\"},\"primaryImageOfPage\":{\"@id\":\"http:\\\/\\\/www.rukajarvensuunnanhistoriayhdistys.fi\\\/historiayhdistys\\\/kertausharjoitustyot-kaynnistyivat-rukajarven-tiella-anakaisissa\\\/#primaryimage\"},\"image\":{\"@id\":\"http:\\\/\\\/www.rukajarvensuunnanhistoriayhdistys.fi\\\/historiayhdistys\\\/kertausharjoitustyot-kaynnistyivat-rukajarven-tiella-anakaisissa\\\/#primaryimage\"},\"thumbnailUrl\":\"http:\\\/\\\/www.rukajarvensuunnanhistoriayhdistys.fi\\\/historiayhdistys\\\/wp-content\\\/uploads\\\/2015\\\/07\\\/WP_20150731_15_31_28_Pro.jpg\",\"datePublished\":\"2015-07-31T20:47:41+00:00\",\"dateModified\":\"2015-08-01T04:08:06+00:00\",\"breadcrumb\":{\"@id\":\"http:\\\/\\\/www.rukajarvensuunnanhistoriayhdistys.fi\\\/historiayhdistys\\\/kertausharjoitustyot-kaynnistyivat-rukajarven-tiella-anakaisissa\\\/#breadcrumb\"},\"inLanguage\":\"fi\",\"potentialAction\":[{\"@type\":\"ReadAction\",\"target\":[\"http:\\\/\\\/www.rukajarvensuunnanhistoriayhdistys.fi\\\/historiayhdistys\\\/kertausharjoitustyot-kaynnistyivat-rukajarven-tiella-anakaisissa\\\/\"]}]},{\"@type\":\"ImageObject\",\"inLanguage\":\"fi\",\"@id\":\"http:\\\/\\\/www.rukajarvensuunnanhistoriayhdistys.fi\\\/historiayhdistys\\\/kertausharjoitustyot-kaynnistyivat-rukajarven-tiella-anakaisissa\\\/#primaryimage\",\"url\":\"http:\\\/\\\/www.rukajarvensuunnanhistoriayhdistys.fi\\\/historiayhdistys\\\/wp-content\\\/uploads\\\/2015\\\/07\\\/WP_20150731_15_31_28_Pro.jpg\",\"contentUrl\":\"http:\\\/\\\/www.rukajarvensuunnanhistoriayhdistys.fi\\\/historiayhdistys\\\/wp-content\\\/uploads\\\/2015\\\/07\\\/WP_20150731_15_31_28_Pro.jpg\",\"width\":3072,\"height\":1728,\"caption\":\"Kahdella kaivurilla saatiin ihmeit\u00e4 aikaan. Kaikki entiset jo lahonneet ja vaaralliset rakenteet poistettiin.\"},{\"@type\":\"BreadcrumbList\",\"@id\":\"http:\\\/\\\/www.rukajarvensuunnanhistoriayhdistys.fi\\\/historiayhdistys\\\/kertausharjoitustyot-kaynnistyivat-rukajarven-tiella-anakaisissa\\\/#breadcrumb\",\"itemListElement\":[{\"@type\":\"ListItem\",\"position\":1,\"name\":\"Etusivu\",\"item\":\"http:\\\/\\\/www.rukajarvensuunnanhistoriayhdistys.fi\\\/historiayhdistys\\\/\"},{\"@type\":\"ListItem\",\"position\":2,\"name\":\"Kertausharjoitusty\u00f6t k\u00e4ynnistyiv\u00e4t Rukaj\u00e4rven tiell\u00e4 \u00c4n\u00e4k\u00e4isiss\u00e4.\"}]},{\"@type\":\"WebSite\",\"@id\":\"http:\\\/\\\/www.rukajarvensuunnanhistoriayhdistys.fi\\\/historiayhdistys\\\/#website\",\"url\":\"http:\\\/\\\/www.rukajarvensuunnanhistoriayhdistys.fi\\\/historiayhdistys\\\/\",\"name\":\"Rukaj\u00e4rven suunnan historiayhdistys\",\"description\":\"Rukaj\u00e4rven suunnan historiayhdistyksen verkkosivut.\",\"publisher\":{\"@id\":\"http:\\\/\\\/www.rukajarvensuunnanhistoriayhdistys.fi\\\/historiayhdistys\\\/#organization\"},\"potentialAction\":[{\"@type\":\"SearchAction\",\"target\":{\"@type\":\"EntryPoint\",\"urlTemplate\":\"http:\\\/\\\/www.rukajarvensuunnanhistoriayhdistys.fi\\\/historiayhdistys\\\/?s={search_term_string}\"},\"query-input\":{\"@type\":\"PropertyValueSpecification\",\"valueRequired\":true,\"valueName\":\"search_term_string\"}}],\"inLanguage\":\"fi\"},{\"@type\":\"Organization\",\"@id\":\"http:\\\/\\\/www.rukajarvensuunnanhistoriayhdistys.fi\\\/historiayhdistys\\\/#organization\",\"name\":\"Rukaj\u00e4rven suunnan historiayhdistys\",\"url\":\"http:\\\/\\\/www.rukajarvensuunnanhistoriayhdistys.fi\\\/historiayhdistys\\\/\",\"logo\":{\"@type\":\"ImageObject\",\"inLanguage\":\"fi\",\"@id\":\"http:\\\/\\\/www.rukajarvensuunnanhistoriayhdistys.fi\\\/historiayhdistys\\\/#\\\/schema\\\/logo\\\/image\\\/\",\"url\":\"http:\\\/\\\/www.rukajarvensuunnanhistoriayhdistys.fi\\\/historiayhdistys\\\/wp-content\\\/uploads\\\/2013\\\/12\\\/Otsake_3.jpg\",\"contentUrl\":\"http:\\\/\\\/www.rukajarvensuunnanhistoriayhdistys.fi\\\/historiayhdistys\\\/wp-content\\\/uploads\\\/2013\\\/12\\\/Otsake_3.jpg\",\"width\":1000,\"height\":442,\"caption\":\"Rukaj\u00e4rven suunnan historiayhdistys\"},\"image\":{\"@id\":\"http:\\\/\\\/www.rukajarvensuunnanhistoriayhdistys.fi\\\/historiayhdistys\\\/#\\\/schema\\\/logo\\\/image\\\/\"}},{\"@type\":\"Person\",\"@id\":\"http:\\\/\\\/www.rukajarvensuunnanhistoriayhdistys.fi\\\/historiayhdistys\\\/#\\\/schema\\\/person\\\/19de7db68bf72dfd2b5d7f6dfbf8454d\",\"name\":\"RSHY\",\"image\":{\"@type\":\"ImageObject\",\"inLanguage\":\"fi\",\"@id\":\"https:\\\/\\\/secure.gravatar.com\\\/avatar\\\/598d59263a69cc8de65fcb4f9db78d6f58c098cb0e0ba22d73377441af9fa04c?s=96&d=blank&r=g\",\"url\":\"https:\\\/\\\/secure.gravatar.com\\\/avatar\\\/598d59263a69cc8de65fcb4f9db78d6f58c098cb0e0ba22d73377441af9fa04c?s=96&d=blank&r=g\",\"contentUrl\":\"https:\\\/\\\/secure.gravatar.com\\\/avatar\\\/598d59263a69cc8de65fcb4f9db78d6f58c098cb0e0ba22d73377441af9fa04c?s=96&d=blank&r=g\",\"caption\":\"RSHY\"},\"url\":\"http:\\\/\\\/www.rukajarvensuunnanhistoriayhdistys.fi\\\/historiayhdistys\\\/author\\\/rshy\\\/\"}]}<\/script>\n<!-- \/ Yoast SEO plugin. -->","yoast_head_json":{"title":"Kertausharjoitusty\u00f6t k\u00e4ynnistyiv\u00e4t Rukaj\u00e4rven tiell\u00e4 \u00c4n\u00e4k\u00e4isiss\u00e4. - Rukaj\u00e4rven suunnan historiayhdistys","robots":{"index":"index","follow":"follow","max-snippet":"max-snippet:-1","max-image-preview":"max-image-preview:large","max-video-preview":"max-video-preview:-1"},"canonical":"http:\/\/www.rukajarvensuunnanhistoriayhdistys.fi\/historiayhdistys\/kertausharjoitustyot-kaynnistyivat-rukajarven-tiella-anakaisissa\/","og_locale":"fi_FI","og_type":"article","og_title":"Kertausharjoitusty\u00f6t k\u00e4ynnistyiv\u00e4t Rukaj\u00e4rven tiell\u00e4 \u00c4n\u00e4k\u00e4isiss\u00e4. - Rukaj\u00e4rven suunnan historiayhdistys","og_description":"S\u00e4\u00e4 ei suosi kertausharjoitusty\u00f6t\u00e4 t\u00e4ll\u00e4k\u00e4\u00e4n kertaa. Sade piiskasi niin kertausharjoitukseen osallistuvia reservil\u00e4isi\u00e4 kuin varusmiehi\u00e4 ja yhdistyksemme j\u00e4seni\u00e4. Vanhat taisteluhautarakenteet ehdittiin purkaa kokonaan. Ty\u00f6maalle saatiin uutta puutavaraa kuorma-autollinen. Sen toi Anaika Teksti jatkuu...Kertausharjoitusty\u00f6t k\u00e4ynnistyiv\u00e4t Rukaj\u00e4rven tiell\u00e4 \u00c4n\u00e4k\u00e4isiss\u00e4.\u2192","og_url":"http:\/\/www.rukajarvensuunnanhistoriayhdistys.fi\/historiayhdistys\/kertausharjoitustyot-kaynnistyivat-rukajarven-tiella-anakaisissa\/","og_site_name":"Rukaj\u00e4rven suunnan historiayhdistys","article_published_time":"2015-07-31T20:47:41+00:00","article_modified_time":"2015-08-01T04:08:06+00:00","og_image":[{"width":1024,"height":576,"url":"http:\/\/www.rukajarvensuunnanhistoriayhdistys.fi\/historiayhdistys\/wp-content\/uploads\/2015\/07\/WP_20150731_15_31_28_Pro-1024x576.jpg","type":"image\/jpeg"}],"author":"RSHY","twitter_misc":{"Kirjoittanut":"RSHY","Arvioitu lukuaika":"1 minuutti"},"schema":{"@context":"https:\/\/schema.org","@graph":[{"@type":"Article","@id":"http:\/\/www.rukajarvensuunnanhistoriayhdistys.fi\/historiayhdistys\/kertausharjoitustyot-kaynnistyivat-rukajarven-tiella-anakaisissa\/#article","isPartOf":{"@id":"http:\/\/www.rukajarvensuunnanhistoriayhdistys.fi\/historiayhdistys\/kertausharjoitustyot-kaynnistyivat-rukajarven-tiella-anakaisissa\/"},"author":{"name":"RSHY","@id":"http:\/\/www.rukajarvensuunnanhistoriayhdistys.fi\/historiayhdistys\/#\/schema\/person\/19de7db68bf72dfd2b5d7f6dfbf8454d"},"headline":"Kertausharjoitusty\u00f6t k\u00e4ynnistyiv\u00e4t Rukaj\u00e4rven tiell\u00e4 \u00c4n\u00e4k\u00e4isiss\u00e4.","datePublished":"2015-07-31T20:47:41+00:00","dateModified":"2015-08-01T04:08:06+00:00","mainEntityOfPage":{"@id":"http:\/\/www.rukajarvensuunnanhistoriayhdistys.fi\/historiayhdistys\/kertausharjoitustyot-kaynnistyivat-rukajarven-tiella-anakaisissa\/"},"wordCount":276,"publisher":{"@id":"http:\/\/www.rukajarvensuunnanhistoriayhdistys.fi\/historiayhdistys\/#organization"},"image":{"@id":"http:\/\/www.rukajarvensuunnanhistoriayhdistys.fi\/historiayhdistys\/kertausharjoitustyot-kaynnistyivat-rukajarven-tiella-anakaisissa\/#primaryimage"},"thumbnailUrl":"http:\/\/www.rukajarvensuunnanhistoriayhdistys.fi\/historiayhdistys\/wp-content\/uploads\/2015\/07\/WP_20150731_15_31_28_Pro.jpg","articleSection":["Ajankohtaista"],"inLanguage":"fi"},{"@type":"WebPage","@id":"http:\/\/www.rukajarvensuunnanhistoriayhdistys.fi\/historiayhdistys\/kertausharjoitustyot-kaynnistyivat-rukajarven-tiella-anakaisissa\/","url":"http:\/\/www.rukajarvensuunnanhistoriayhdistys.fi\/historiayhdistys\/kertausharjoitustyot-kaynnistyivat-rukajarven-tiella-anakaisissa\/","name":"Kertausharjoitusty\u00f6t k\u00e4ynnistyiv\u00e4t Rukaj\u00e4rven tiell\u00e4 \u00c4n\u00e4k\u00e4isiss\u00e4. - Rukaj\u00e4rven suunnan historiayhdistys","isPartOf":{"@id":"http:\/\/www.rukajarvensuunnanhistoriayhdistys.fi\/historiayhdistys\/#website"},"primaryImageOfPage":{"@id":"http:\/\/www.rukajarvensuunnanhistoriayhdistys.fi\/historiayhdistys\/kertausharjoitustyot-kaynnistyivat-rukajarven-tiella-anakaisissa\/#primaryimage"},"image":{"@id":"http:\/\/www.rukajarvensuunnanhistoriayhdistys.fi\/historiayhdistys\/kertausharjoitustyot-kaynnistyivat-rukajarven-tiella-anakaisissa\/#primaryimage"},"thumbnailUrl":"http:\/\/www.rukajarvensuunnanhistoriayhdistys.fi\/historiayhdistys\/wp-content\/uploads\/2015\/07\/WP_20150731_15_31_28_Pro.jpg","datePublished":"2015-07-31T20:47:41+00:00","dateModified":"2015-08-01T04:08:06+00:00","breadcrumb":{"@id":"http:\/\/www.rukajarvensuunnanhistoriayhdistys.fi\/historiayhdistys\/kertausharjoitustyot-kaynnistyivat-rukajarven-tiella-anakaisissa\/#breadcrumb"},"inLanguage":"fi","potentialAction":[{"@type":"ReadAction","target":["http:\/\/www.rukajarvensuunnanhistoriayhdistys.fi\/historiayhdistys\/kertausharjoitustyot-kaynnistyivat-rukajarven-tiella-anakaisissa\/"]}]},{"@type":"ImageObject","inLanguage":"fi","@id":"http:\/\/www.rukajarvensuunnanhistoriayhdistys.fi\/historiayhdistys\/kertausharjoitustyot-kaynnistyivat-rukajarven-tiella-anakaisissa\/#primaryimage","url":"http:\/\/www.rukajarvensuunnanhistoriayhdistys.fi\/historiayhdistys\/wp-content\/uploads\/2015\/07\/WP_20150731_15_31_28_Pro.jpg","contentUrl":"http:\/\/www.rukajarvensuunnanhistoriayhdistys.fi\/historiayhdistys\/wp-content\/uploads\/2015\/07\/WP_20150731_15_31_28_Pro.jpg","width":3072,"height":1728,"caption":"Kahdella kaivurilla saatiin ihmeit\u00e4 aikaan. Kaikki entiset jo lahonneet ja vaaralliset rakenteet poistettiin."},{"@type":"BreadcrumbList","@id":"http:\/\/www.rukajarvensuunnanhistoriayhdistys.fi\/historiayhdistys\/kertausharjoitustyot-kaynnistyivat-rukajarven-tiella-anakaisissa\/#breadcrumb","itemListElement":[{"@type":"ListItem","position":1,"name":"Etusivu","item":"http:\/\/www.rukajarvensuunnanhistoriayhdistys.fi\/historiayhdistys\/"},{"@type":"ListItem","position":2,"name":"Kertausharjoitusty\u00f6t k\u00e4ynnistyiv\u00e4t Rukaj\u00e4rven tiell\u00e4 \u00c4n\u00e4k\u00e4isiss\u00e4."}]},{"@type":"WebSite","@id":"http:\/\/www.rukajarvensuunnanhistoriayhdistys.fi\/historiayhdistys\/#website","url":"http:\/\/www.rukajarvensuunnanhistoriayhdistys.fi\/historiayhdistys\/","name":"Rukaj\u00e4rven suunnan historiayhdistys","description":"Rukaj\u00e4rven suunnan historiayhdistyksen verkkosivut.","publisher":{"@id":"http:\/\/www.rukajarvensuunnanhistoriayhdistys.fi\/historiayhdistys\/#organization"},"potentialAction":[{"@type":"SearchAction","target":{"@type":"EntryPoint","urlTemplate":"http:\/\/www.rukajarvensuunnanhistoriayhdistys.fi\/historiayhdistys\/?s={search_term_string}"},"query-input":{"@type":"PropertyValueSpecification","valueRequired":true,"valueName":"search_term_string"}}],"inLanguage":"fi"},{"@type":"Organization","@id":"http:\/\/www.rukajarvensuunnanhistoriayhdistys.fi\/historiayhdistys\/#organization","name":"Rukaj\u00e4rven suunnan historiayhdistys","url":"http:\/\/www.rukajarvensuunnanhistoriayhdistys.fi\/historiayhdistys\/","logo":{"@type":"ImageObject","inLanguage":"fi","@id":"http:\/\/www.rukajarvensuunnanhistoriayhdistys.fi\/historiayhdistys\/#\/schema\/logo\/image\/","url":"http:\/\/www.rukajarvensuunnanhistoriayhdistys.fi\/historiayhdistys\/wp-content\/uploads\/2013\/12\/Otsake_3.jpg","contentUrl":"http:\/\/www.rukajarvensuunnanhistoriayhdistys.fi\/historiayhdistys\/wp-content\/uploads\/2013\/12\/Otsake_3.jpg","width":1000,"height":442,"caption":"Rukaj\u00e4rven suunnan historiayhdistys"},"image":{"@id":"http:\/\/www.rukajarvensuunnanhistoriayhdistys.fi\/historiayhdistys\/#\/schema\/logo\/image\/"}},{"@type":"Person","@id":"http:\/\/www.rukajarvensuunnanhistoriayhdistys.fi\/historiayhdistys\/#\/schema\/person\/19de7db68bf72dfd2b5d7f6dfbf8454d","name":"RSHY","image":{"@type":"ImageObject","inLanguage":"fi","@id":"https:\/\/secure.gravatar.com\/avatar\/598d59263a69cc8de65fcb4f9db78d6f58c098cb0e0ba22d73377441af9fa04c?s=96&d=blank&r=g","url":"https:\/\/secure.gravatar.com\/avatar\/598d59263a69cc8de65fcb4f9db78d6f58c098cb0e0ba22d73377441af9fa04c?s=96&d=blank&r=g","contentUrl":"https:\/\/secure.gravatar.com\/avatar\/598d59263a69cc8de65fcb4f9db78d6f58c098cb0e0ba22d73377441af9fa04c?s=96&d=blank&r=g","caption":"RSHY"},"url":"http:\/\/www.rukajarvensuunnanhistoriayhdistys.fi\/historiayhdistys\/author\/rshy\/"}]}},"_links":{"self":[{"href":"http:\/\/www.rukajarvensuunnanhistoriayhdistys.fi\/historiayhdistys\/wp-json\/wp\/v2\/posts\/10197","targetHints":{"allow":["GET"]}}],"collection":[{"href":"http:\/\/www.rukajarvensuunnanhistoriayhdistys.fi\/historiayhdistys\/wp-json\/wp\/v2\/posts"}],"about":[{"href":"http:\/\/www.rukajarvensuunnanhistoriayhdistys.fi\/historiayhdistys\/wp-json\/wp\/v2\/types\/post"}],"author":[{"embeddable":true,"href":"http:\/\/www.rukajarvensuunnanhistoriayhdistys.fi\/historiayhdistys\/wp-json\/wp\/v2\/users\/3"}],"replies":[{"embeddable":true,"href":"http:\/\/www.rukajarvensuunnanhistoriayhdistys.fi\/historiayhdistys\/wp-json\/wp\/v2\/comments?post=10197"}],"version-history":[{"count":5,"href":"http:\/\/www.rukajarvensuunnanhistoriayhdistys.fi\/historiayhdistys\/wp-json\/wp\/v2\/posts\/10197\/revisions"}],"predecessor-version":[{"id":10208,"href":"http:\/\/www.rukajarvensuunnanhistoriayhdistys.fi\/historiayhdistys\/wp-json\/wp\/v2\/posts\/10197\/revisions\/10208"}],"wp:featuredmedia":[{"embeddable":true,"href":"http:\/\/www.rukajarvensuunnanhistoriayhdistys.fi\/historiayhdistys\/wp-json\/wp\/v2\/media\/10202"}],"wp:attachment":[{"href":"http:\/\/www.rukajarvensuunnanhistoriayhdistys.fi\/historiayhdistys\/wp-json\/wp\/v2\/media?parent=10197"}],"wp:term":[{"taxonomy":"category","embeddable":true,"href":"http:\/\/www.rukajarvensuunnanhistoriayhdistys.fi\/historiayhdistys\/wp-json\/wp\/v2\/categories?post=10197"},{"taxonomy":"post_tag","embeddable":true,"href":"http:\/\/www.rukajarvensuunnanhistoriayhdistys.fi\/historiayhdistys\/wp-json\/wp\/v2\/tags?post=10197"}],"curies":[{"name":"wp","href":"https:\/\/api.w.org\/{rel}","templated":true}]}}