{"id":10209,"date":"2015-08-01T22:31:33","date_gmt":"2015-08-01T19:31:33","guid":{"rendered":"http:\/\/www.rukajarvensuunnanhistoriayhdistys.fi\/historiayhdistys\/?p=10209"},"modified":"2015-08-02T07:27:37","modified_gmt":"2015-08-02T04:27:37","slug":"satoi-kuin-saavista-tyot-jatkuivat-keskeytyksetta","status":"publish","type":"post","link":"http:\/\/www.rukajarvensuunnanhistoriayhdistys.fi\/historiayhdistys\/satoi-kuin-saavista-tyot-jatkuivat-keskeytyksetta\/","title":{"rendered":"Satoi kuin saavista &#8211; ty\u00f6t jatkuivat keskeytyksett\u00e4"},"content":{"rendered":"<div class=\"fcbkbttn_buttons_block\" id=\"fcbkbttn_left\"><div class=\"fcbkbttn_like \"><fb:like href=\"http:\/\/www.rukajarvensuunnanhistoriayhdistys.fi\/historiayhdistys\/satoi-kuin-saavista-tyot-jatkuivat-keskeytyksetta\/\" action=\"like\" colorscheme=\"light\" layout=\"button_count\"  size=\"small\"><\/fb:like><\/div><\/div><p>Sade-ennusteet pitiv\u00e4t kuin pitiv\u00e4tkin paikkansa. Sade s\u00e4\u00e4 hidasti merkitt\u00e4v\u00e4sti ty\u00f6t\u00e4. Puutavara toi lis\u00e4haasteen ja\u00a0vaikeutti ty\u00f6n edistymist\u00e4, silti valmistakin tuli.<\/p>\n<figure id=\"attachment_10212\" aria-describedby=\"caption-attachment-10212\" style=\"width: 3072px\" class=\"wp-caption aligncenter\"><a href=\"http:\/\/www.rukajarvensuunnanhistoriayhdistys.fi\/historiayhdistys\/wp-content\/uploads\/2015\/08\/WP_20150801_17_35_48_Pro-Netti.jpg\"><img loading=\"lazy\" decoding=\"async\" class=\"wp-image-10212 size-full\" src=\"http:\/\/www.rukajarvensuunnanhistoriayhdistys.fi\/historiayhdistys\/wp-content\/uploads\/2015\/08\/WP_20150801_17_35_48_Pro-Netti.jpg\" alt=\"Kurssin johto Tuomo Katisko ja Arto Mononen asensivat sis\u00e4\u00e4nk\u00e4ynnin kiveyst\u00e4\" width=\"3072\" height=\"1728\" data-id=\"10212\" srcset=\"http:\/\/www.rukajarvensuunnanhistoriayhdistys.fi\/historiayhdistys\/wp-content\/uploads\/2015\/08\/WP_20150801_17_35_48_Pro-Netti.jpg 3072w, http:\/\/www.rukajarvensuunnanhistoriayhdistys.fi\/historiayhdistys\/wp-content\/uploads\/2015\/08\/WP_20150801_17_35_48_Pro-Netti-300x169.jpg 300w, http:\/\/www.rukajarvensuunnanhistoriayhdistys.fi\/historiayhdistys\/wp-content\/uploads\/2015\/08\/WP_20150801_17_35_48_Pro-Netti-1024x576.jpg 1024w\" sizes=\"auto, (max-width: 3072px) 100vw, 3072px\" \/><\/a><figcaption id=\"caption-attachment-10212\" class=\"wp-caption-text\">Kurssin johto Tuomo Katisko ja Arto Mononen asentavat sis\u00e4\u00e4nk\u00e4ynnin kiveyst\u00e4<\/figcaption><\/figure>\n<figure id=\"attachment_10211\" aria-describedby=\"caption-attachment-10211\" style=\"width: 3072px\" class=\"wp-caption aligncenter\"><a href=\"http:\/\/www.rukajarvensuunnanhistoriayhdistys.fi\/historiayhdistys\/wp-content\/uploads\/2015\/08\/WP_20150801_17_15_26_Pro-Netti.jpg\"><img loading=\"lazy\" decoding=\"async\" class=\"wp-image-10211 size-full\" src=\"http:\/\/www.rukajarvensuunnanhistoriayhdistys.fi\/historiayhdistys\/wp-content\/uploads\/2015\/08\/WP_20150801_17_15_26_Pro-Netti.jpg\" alt=\"Raskas kaivinkone kiipesi Vornasenvaaralle aivan luolastolle saakka.\" width=\"3072\" height=\"1728\" data-id=\"10211\" srcset=\"http:\/\/www.rukajarvensuunnanhistoriayhdistys.fi\/historiayhdistys\/wp-content\/uploads\/2015\/08\/WP_20150801_17_15_26_Pro-Netti.jpg 3072w, http:\/\/www.rukajarvensuunnanhistoriayhdistys.fi\/historiayhdistys\/wp-content\/uploads\/2015\/08\/WP_20150801_17_15_26_Pro-Netti-300x169.jpg 300w, http:\/\/www.rukajarvensuunnanhistoriayhdistys.fi\/historiayhdistys\/wp-content\/uploads\/2015\/08\/WP_20150801_17_15_26_Pro-Netti-1024x576.jpg 1024w\" sizes=\"auto, (max-width: 3072px) 100vw, 3072px\" \/><\/a><figcaption id=\"caption-attachment-10211\" class=\"wp-caption-text\">Raskas kaivinkone kiipesi Vornasenvaaralle aivan luolastolle saakka. Liebher 934 on ballistisesti suojattu, joten kest\u00e4\u00e4 kivenlohkareitten putoilua.<\/figcaption><\/figure>\n<p>Huomenna saadaan taisteluhaudasta valmiiksi noin kymmenen metrin osuus ja lis\u00e4ksi puretaan lahonneet ja vaaraa aiheuttavat luolaston puurakenteet. Kertausharjoituksen tavoitteet tulisivatkin jo sill\u00e4 saavutetuksi, ett\u00e4 kaikki lahonneet ja vaarallisiksi todetut rakenteet on purettu. Lis\u00e4ksi\u00a0valmistui uutta rakennetta l\u00e4hes tavoitteen mukainen m\u00e4\u00e4r\u00e4.<\/p>\n<p>Luolaston konekiv\u00e4\u00e4ripes\u00e4kkeen suulle asennetaan kyltit ja suuaukkoon p\u00e4\u00e4syeste, johon tehd\u00e4\u00e4n asianmukaiset kohteen vaarallisuutta osoittavat merkinn\u00e4t. Luolan suuaukon kohdalle kallion p\u00e4\u00e4ll\u00e4 aidat tarkastetaan.<\/p>\n<p>Lauantai-illan p\u00e4\u00e4tteeksi saunan j\u00e4lkeen kokoonnuttiin yhteiseen kolutustilaisuuteen, jossa jokaiselle kertausharjoitukseen osallistuja my\u00f6nnettiin &#8221;Rukaj\u00e4rven suunnan perinnelinnoittajan arvonimi&#8221;. Kuultiin rajakapteeni Tauno Oksasen esitelm\u00e4 Rukaj\u00e4rven suunnan pioneerien toiminnasta ja Salpalinnoittamisesta.<\/p>\n<p>Tilaisuuden avauspuheessaan yhdistyksen puheenjohtaja Tenho Tikkanen kiitteli kurssilaisia kenraali E.J. Raappanan sanoin: &#8221;Meill\u00e4 on ollut suuri ilo k\u00e4yd\u00e4 teid\u00e4n kanssanne, min\u00e4 kiit\u00e4n teit\u00e4 teoistanne ja toivon, ett\u00e4 saamme kulkea kanssanne vastedeskin, jos is\u00e4nmaa niin vaatii.&#8221;<\/p>\n<p>Tikkanen kertoi, ett\u00e4 yhdistys on kovin kiitollinen siit\u00e4, ett\u00e4 otitte t\u00e4m\u00e4n arvokkaan Rukaj\u00e4rven tien perinnekohteen ohjelmaanne. &#8211; Olemme yhdess\u00e4 tehneet vaaralliset rakenteet vaarattomiksi &#8211; turvallisiksi sotahistoriasta kiinnostuneille matkailijoille.<\/p>\n<p>&#8211; Velvollisuus n\u00e4iden rakenteitten korjaamiseen on kokonaan muilla, mutta me voimme iloita siit\u00e4, ett\u00e4 olemme ne kunnostaneet, tehneet vaarallisen kohteen vaarattomaksi ja voimme kertoa mit\u00e4 kaikkea t\u00e4\u00e4ll\u00e4 tapahtui yli 70 vuotta sitten. Voimme iloita samoin, kuin komentaja E. J. Raappana, joka kiitteli sotilaitaan, voittamattomina palaavia rintamamiehi\u00e4 sodan j\u00e4lkeen.<\/p>\n<p>Tikkanen kertoi pahoittaneensa mielens\u00e4 siit\u00e4, ett\u00e4 rahoittajat eiv\u00e4t ole ymm\u00e4rt\u00e4neet kohteen suurta perinnearvoa eik\u00e4 matkailullista lis\u00e4arvoa. Lieksan kaupunki ei ole edes suvainnut vastata avustuspyynt\u00f6\u00f6n, vaikka juuri heid\u00e4n velvollisuus olisi tuon vaaraa aiheuttavan lahonneen kohteen kunnostamisessa.<\/p>\n<figure id=\"attachment_10214\" aria-describedby=\"caption-attachment-10214\" style=\"width: 3072px\" class=\"wp-caption aligncenter\"><a href=\"http:\/\/www.rukajarvensuunnanhistoriayhdistys.fi\/historiayhdistys\/wp-content\/uploads\/2015\/08\/WP_20150801_19_46_04_Pro-netti.jpg\"><img loading=\"lazy\" decoding=\"async\" class=\"wp-image-10214 size-full\" src=\"http:\/\/www.rukajarvensuunnanhistoriayhdistys.fi\/historiayhdistys\/wp-content\/uploads\/2015\/08\/WP_20150801_19_46_04_Pro-netti.jpg\" alt=\"Tauno Oksanen piti esitykset Rukaj\u00e4rven pioneeritoiminnasta ja Salpalinjan rakentamisesta, jollaista juuri t\u00e4ll\u00e4 kertausharjoituskurssilla kunnostetaan.\" width=\"3072\" height=\"1728\" data-id=\"10214\" srcset=\"http:\/\/www.rukajarvensuunnanhistoriayhdistys.fi\/historiayhdistys\/wp-content\/uploads\/2015\/08\/WP_20150801_19_46_04_Pro-netti.jpg 3072w, http:\/\/www.rukajarvensuunnanhistoriayhdistys.fi\/historiayhdistys\/wp-content\/uploads\/2015\/08\/WP_20150801_19_46_04_Pro-netti-300x169.jpg 300w, http:\/\/www.rukajarvensuunnanhistoriayhdistys.fi\/historiayhdistys\/wp-content\/uploads\/2015\/08\/WP_20150801_19_46_04_Pro-netti-1024x576.jpg 1024w\" sizes=\"auto, (max-width: 3072px) 100vw, 3072px\" \/><\/a><figcaption id=\"caption-attachment-10214\" class=\"wp-caption-text\">Tauno Oksanen piti esitykset Rukaj\u00e4rven pioneeritoiminnasta ja Salpalinjan rakentamisesta, jollaista juuri t\u00e4ll\u00e4 kertausharjoituskurssilla kunnostetaan.<\/figcaption><\/figure>\n<figure id=\"attachment_10213\" aria-describedby=\"caption-attachment-10213\" style=\"width: 3072px\" class=\"wp-caption aligncenter\"><a href=\"http:\/\/www.rukajarvensuunnanhistoriayhdistys.fi\/historiayhdistys\/wp-content\/uploads\/2015\/08\/WP_20150801_19_42_36_Pro-Netti.jpg\"><img loading=\"lazy\" decoding=\"async\" class=\"wp-image-10213 size-full\" src=\"http:\/\/www.rukajarvensuunnanhistoriayhdistys.fi\/historiayhdistys\/wp-content\/uploads\/2015\/08\/WP_20150801_19_42_36_Pro-Netti.jpg\" alt=\"Kurssin johto, Arto Mononen, Seppo Suhonen ja Tuomo Katisko seuraavat Tauno Oksasen esitelm\u00e4\u00e4.\" width=\"3072\" height=\"1728\" data-id=\"10213\" srcset=\"http:\/\/www.rukajarvensuunnanhistoriayhdistys.fi\/historiayhdistys\/wp-content\/uploads\/2015\/08\/WP_20150801_19_42_36_Pro-Netti.jpg 3072w, http:\/\/www.rukajarvensuunnanhistoriayhdistys.fi\/historiayhdistys\/wp-content\/uploads\/2015\/08\/WP_20150801_19_42_36_Pro-Netti-300x169.jpg 300w, http:\/\/www.rukajarvensuunnanhistoriayhdistys.fi\/historiayhdistys\/wp-content\/uploads\/2015\/08\/WP_20150801_19_42_36_Pro-Netti-1024x576.jpg 1024w\" sizes=\"auto, (max-width: 3072px) 100vw, 3072px\" \/><\/a><figcaption id=\"caption-attachment-10213\" class=\"wp-caption-text\">Kurssin johto, Arto Mononen, Seppo Suhonen ja Tuomo Katisko sek\u00e4 Jyrki Raunio seuraavat Tauno Oksasen esitelm\u00e4\u00e4.<\/figcaption><\/figure>\n<figure id=\"attachment_10215\" aria-describedby=\"caption-attachment-10215\" style=\"width: 3072px\" class=\"wp-caption aligncenter\"><a href=\"http:\/\/www.rukajarvensuunnanhistoriayhdistys.fi\/historiayhdistys\/wp-content\/uploads\/2015\/08\/WP_20150801_20_39_10_Pro-Netti.jpg\"><img loading=\"lazy\" decoding=\"async\" class=\"wp-image-10215 size-full\" src=\"http:\/\/www.rukajarvensuunnanhistoriayhdistys.fi\/historiayhdistys\/wp-content\/uploads\/2015\/08\/WP_20150801_20_39_10_Pro-Netti.jpg\" alt=\"Illan lopuksi katsottiin elokuvat, Rukaj\u00e4rven tien tapahtuma  \u00c4n\u00e4k\u00e4inen 2005 ja Neuvostopartisaanien toiminta Lieksassa 1944.\" width=\"3072\" height=\"1728\" data-id=\"10215\" srcset=\"http:\/\/www.rukajarvensuunnanhistoriayhdistys.fi\/historiayhdistys\/wp-content\/uploads\/2015\/08\/WP_20150801_20_39_10_Pro-Netti.jpg 3072w, http:\/\/www.rukajarvensuunnanhistoriayhdistys.fi\/historiayhdistys\/wp-content\/uploads\/2015\/08\/WP_20150801_20_39_10_Pro-Netti-300x169.jpg 300w, http:\/\/www.rukajarvensuunnanhistoriayhdistys.fi\/historiayhdistys\/wp-content\/uploads\/2015\/08\/WP_20150801_20_39_10_Pro-Netti-1024x576.jpg 1024w\" sizes=\"auto, (max-width: 3072px) 100vw, 3072px\" \/><\/a><figcaption id=\"caption-attachment-10215\" class=\"wp-caption-text\">Illan lopuksi katsottiin dokumenttielokuvat.<\/figcaption><\/figure>\n<p>Tilaisuuden lopuksi katsottiin kaksi lyhytelokuvaa, &#8221;Neuvostopartisaanien toiminta \u00a0Lieksassa 1944&#8221;, ja Rukaj\u00e4rven tien sotahistoriallinen tapahtuma vuodelta 2005, joka tilaisuus oli pidetty juuri t\u00e4ss\u00e4 samassa \u00c4n\u00e4k\u00e4isen kohteessa, jota nyt kunnostetaan.<\/p>\n","protected":false},"excerpt":{"rendered":"<p>Sade-ennusteet pitiv\u00e4t kuin pitiv\u00e4tkin paikkansa. Sade s\u00e4\u00e4 hidasti merkitt\u00e4v\u00e4sti ty\u00f6t\u00e4. Puutavara toi lis\u00e4haasteen ja\u00a0vaikeutti ty\u00f6n edistymist\u00e4, silti valmistakin tuli. Huomenna saadaan taisteluhaudasta valmiiksi noin kymmenen metrin osuus ja lis\u00e4ksi puretaan <a class=\"more-link\" href=\"http:\/\/www.rukajarvensuunnanhistoriayhdistys.fi\/historiayhdistys\/satoi-kuin-saavista-tyot-jatkuivat-keskeytyksetta\/\">Teksti jatkuu&#8230;<span class=\"screen-reader-text\">Satoi kuin saavista &#8211; ty\u00f6t jatkuivat keskeytyksett\u00e4<\/span><span class=\"meta-nav\">\u2192<\/span><\/a><\/p>\n","protected":false},"author":3,"featured_media":10212,"comment_status":"closed","ping_status":"open","sticky":false,"template":"","format":"standard","meta":{"footnotes":""},"categories":[22],"tags":[],"class_list":["post-10209","post","type-post","status-publish","format-standard","has-post-thumbnail","hentry","category-ajankohtaista"],"yoast_head":"<!-- This site is optimized with the Yoast SEO plugin v27.4 - https:\/\/yoast.com\/product\/yoast-seo-wordpress\/ -->\n<title>Satoi kuin saavista - ty\u00f6t jatkuivat keskeytyksett\u00e4 - Rukaj\u00e4rven suunnan historiayhdistys<\/title>\n<meta name=\"robots\" content=\"index, follow, max-snippet:-1, max-image-preview:large, max-video-preview:-1\" \/>\n<link rel=\"canonical\" href=\"http:\/\/www.rukajarvensuunnanhistoriayhdistys.fi\/historiayhdistys\/satoi-kuin-saavista-tyot-jatkuivat-keskeytyksetta\/\" \/>\n<meta property=\"og:locale\" content=\"fi_FI\" \/>\n<meta property=\"og:type\" content=\"article\" \/>\n<meta property=\"og:title\" content=\"Satoi kuin saavista - ty\u00f6t jatkuivat keskeytyksett\u00e4 - Rukaj\u00e4rven suunnan historiayhdistys\" \/>\n<meta property=\"og:description\" content=\"Sade-ennusteet pitiv\u00e4t kuin pitiv\u00e4tkin paikkansa. Sade s\u00e4\u00e4 hidasti merkitt\u00e4v\u00e4sti ty\u00f6t\u00e4. Puutavara toi lis\u00e4haasteen ja\u00a0vaikeutti ty\u00f6n edistymist\u00e4, silti valmistakin tuli. Huomenna saadaan taisteluhaudasta valmiiksi noin kymmenen metrin osuus ja lis\u00e4ksi puretaan Teksti jatkuu...Satoi kuin saavista &#8211; ty\u00f6t jatkuivat keskeytyksett\u00e4\u2192\" \/>\n<meta property=\"og:url\" content=\"http:\/\/www.rukajarvensuunnanhistoriayhdistys.fi\/historiayhdistys\/satoi-kuin-saavista-tyot-jatkuivat-keskeytyksetta\/\" \/>\n<meta property=\"og:site_name\" content=\"Rukaj\u00e4rven suunnan historiayhdistys\" \/>\n<meta property=\"article:published_time\" content=\"2015-08-01T19:31:33+00:00\" \/>\n<meta property=\"article:modified_time\" content=\"2015-08-02T04:27:37+00:00\" \/>\n<meta property=\"og:image\" content=\"http:\/\/www.rukajarvensuunnanhistoriayhdistys.fi\/historiayhdistys\/wp-content\/uploads\/2015\/08\/WP_20150801_17_35_48_Pro-Netti-1024x576.jpg\" \/>\n\t<meta property=\"og:image:width\" content=\"1024\" \/>\n\t<meta property=\"og:image:height\" content=\"576\" \/>\n\t<meta property=\"og:image:type\" content=\"image\/jpeg\" \/>\n<meta name=\"author\" content=\"RSHY\" \/>\n<meta name=\"twitter:label1\" content=\"Kirjoittanut\" \/>\n\t<meta name=\"twitter:data1\" content=\"RSHY\" \/>\n\t<meta name=\"twitter:label2\" content=\"Arvioitu lukuaika\" \/>\n\t<meta name=\"twitter:data2\" content=\"2 minuuttia\" \/>\n<script type=\"application\/ld+json\" class=\"yoast-schema-graph\">{\"@context\":\"https:\\\/\\\/schema.org\",\"@graph\":[{\"@type\":\"Article\",\"@id\":\"http:\\\/\\\/www.rukajarvensuunnanhistoriayhdistys.fi\\\/historiayhdistys\\\/satoi-kuin-saavista-tyot-jatkuivat-keskeytyksetta\\\/#article\",\"isPartOf\":{\"@id\":\"http:\\\/\\\/www.rukajarvensuunnanhistoriayhdistys.fi\\\/historiayhdistys\\\/satoi-kuin-saavista-tyot-jatkuivat-keskeytyksetta\\\/\"},\"author\":{\"name\":\"RSHY\",\"@id\":\"http:\\\/\\\/www.rukajarvensuunnanhistoriayhdistys.fi\\\/historiayhdistys\\\/#\\\/schema\\\/person\\\/19de7db68bf72dfd2b5d7f6dfbf8454d\"},\"headline\":\"Satoi kuin saavista &#8211; ty\u00f6t jatkuivat keskeytyksett\u00e4\",\"datePublished\":\"2015-08-01T19:31:33+00:00\",\"dateModified\":\"2015-08-02T04:27:37+00:00\",\"mainEntityOfPage\":{\"@id\":\"http:\\\/\\\/www.rukajarvensuunnanhistoriayhdistys.fi\\\/historiayhdistys\\\/satoi-kuin-saavista-tyot-jatkuivat-keskeytyksetta\\\/\"},\"wordCount\":429,\"publisher\":{\"@id\":\"http:\\\/\\\/www.rukajarvensuunnanhistoriayhdistys.fi\\\/historiayhdistys\\\/#organization\"},\"image\":{\"@id\":\"http:\\\/\\\/www.rukajarvensuunnanhistoriayhdistys.fi\\\/historiayhdistys\\\/satoi-kuin-saavista-tyot-jatkuivat-keskeytyksetta\\\/#primaryimage\"},\"thumbnailUrl\":\"http:\\\/\\\/www.rukajarvensuunnanhistoriayhdistys.fi\\\/historiayhdistys\\\/wp-content\\\/uploads\\\/2015\\\/08\\\/WP_20150801_17_35_48_Pro-Netti.jpg\",\"articleSection\":[\"Ajankohtaista\"],\"inLanguage\":\"fi\"},{\"@type\":\"WebPage\",\"@id\":\"http:\\\/\\\/www.rukajarvensuunnanhistoriayhdistys.fi\\\/historiayhdistys\\\/satoi-kuin-saavista-tyot-jatkuivat-keskeytyksetta\\\/\",\"url\":\"http:\\\/\\\/www.rukajarvensuunnanhistoriayhdistys.fi\\\/historiayhdistys\\\/satoi-kuin-saavista-tyot-jatkuivat-keskeytyksetta\\\/\",\"name\":\"Satoi kuin saavista - ty\u00f6t jatkuivat keskeytyksett\u00e4 - Rukaj\u00e4rven suunnan historiayhdistys\",\"isPartOf\":{\"@id\":\"http:\\\/\\\/www.rukajarvensuunnanhistoriayhdistys.fi\\\/historiayhdistys\\\/#website\"},\"primaryImageOfPage\":{\"@id\":\"http:\\\/\\\/www.rukajarvensuunnanhistoriayhdistys.fi\\\/historiayhdistys\\\/satoi-kuin-saavista-tyot-jatkuivat-keskeytyksetta\\\/#primaryimage\"},\"image\":{\"@id\":\"http:\\\/\\\/www.rukajarvensuunnanhistoriayhdistys.fi\\\/historiayhdistys\\\/satoi-kuin-saavista-tyot-jatkuivat-keskeytyksetta\\\/#primaryimage\"},\"thumbnailUrl\":\"http:\\\/\\\/www.rukajarvensuunnanhistoriayhdistys.fi\\\/historiayhdistys\\\/wp-content\\\/uploads\\\/2015\\\/08\\\/WP_20150801_17_35_48_Pro-Netti.jpg\",\"datePublished\":\"2015-08-01T19:31:33+00:00\",\"dateModified\":\"2015-08-02T04:27:37+00:00\",\"breadcrumb\":{\"@id\":\"http:\\\/\\\/www.rukajarvensuunnanhistoriayhdistys.fi\\\/historiayhdistys\\\/satoi-kuin-saavista-tyot-jatkuivat-keskeytyksetta\\\/#breadcrumb\"},\"inLanguage\":\"fi\",\"potentialAction\":[{\"@type\":\"ReadAction\",\"target\":[\"http:\\\/\\\/www.rukajarvensuunnanhistoriayhdistys.fi\\\/historiayhdistys\\\/satoi-kuin-saavista-tyot-jatkuivat-keskeytyksetta\\\/\"]}]},{\"@type\":\"ImageObject\",\"inLanguage\":\"fi\",\"@id\":\"http:\\\/\\\/www.rukajarvensuunnanhistoriayhdistys.fi\\\/historiayhdistys\\\/satoi-kuin-saavista-tyot-jatkuivat-keskeytyksetta\\\/#primaryimage\",\"url\":\"http:\\\/\\\/www.rukajarvensuunnanhistoriayhdistys.fi\\\/historiayhdistys\\\/wp-content\\\/uploads\\\/2015\\\/08\\\/WP_20150801_17_35_48_Pro-Netti.jpg\",\"contentUrl\":\"http:\\\/\\\/www.rukajarvensuunnanhistoriayhdistys.fi\\\/historiayhdistys\\\/wp-content\\\/uploads\\\/2015\\\/08\\\/WP_20150801_17_35_48_Pro-Netti.jpg\",\"width\":3072,\"height\":1728,\"caption\":\"Kurssin johto Tuomo Katisko ja Arto Mononen asensivat sis\u00e4\u00e4nk\u00e4ynnin kiveyst\u00e4\"},{\"@type\":\"BreadcrumbList\",\"@id\":\"http:\\\/\\\/www.rukajarvensuunnanhistoriayhdistys.fi\\\/historiayhdistys\\\/satoi-kuin-saavista-tyot-jatkuivat-keskeytyksetta\\\/#breadcrumb\",\"itemListElement\":[{\"@type\":\"ListItem\",\"position\":1,\"name\":\"Etusivu\",\"item\":\"http:\\\/\\\/www.rukajarvensuunnanhistoriayhdistys.fi\\\/historiayhdistys\\\/\"},{\"@type\":\"ListItem\",\"position\":2,\"name\":\"Satoi kuin saavista &#8211; ty\u00f6t jatkuivat keskeytyksett\u00e4\"}]},{\"@type\":\"WebSite\",\"@id\":\"http:\\\/\\\/www.rukajarvensuunnanhistoriayhdistys.fi\\\/historiayhdistys\\\/#website\",\"url\":\"http:\\\/\\\/www.rukajarvensuunnanhistoriayhdistys.fi\\\/historiayhdistys\\\/\",\"name\":\"Rukaj\u00e4rven suunnan historiayhdistys\",\"description\":\"Rukaj\u00e4rven suunnan historiayhdistyksen verkkosivut.\",\"publisher\":{\"@id\":\"http:\\\/\\\/www.rukajarvensuunnanhistoriayhdistys.fi\\\/historiayhdistys\\\/#organization\"},\"potentialAction\":[{\"@type\":\"SearchAction\",\"target\":{\"@type\":\"EntryPoint\",\"urlTemplate\":\"http:\\\/\\\/www.rukajarvensuunnanhistoriayhdistys.fi\\\/historiayhdistys\\\/?s={search_term_string}\"},\"query-input\":{\"@type\":\"PropertyValueSpecification\",\"valueRequired\":true,\"valueName\":\"search_term_string\"}}],\"inLanguage\":\"fi\"},{\"@type\":\"Organization\",\"@id\":\"http:\\\/\\\/www.rukajarvensuunnanhistoriayhdistys.fi\\\/historiayhdistys\\\/#organization\",\"name\":\"Rukaj\u00e4rven suunnan historiayhdistys\",\"url\":\"http:\\\/\\\/www.rukajarvensuunnanhistoriayhdistys.fi\\\/historiayhdistys\\\/\",\"logo\":{\"@type\":\"ImageObject\",\"inLanguage\":\"fi\",\"@id\":\"http:\\\/\\\/www.rukajarvensuunnanhistoriayhdistys.fi\\\/historiayhdistys\\\/#\\\/schema\\\/logo\\\/image\\\/\",\"url\":\"http:\\\/\\\/www.rukajarvensuunnanhistoriayhdistys.fi\\\/historiayhdistys\\\/wp-content\\\/uploads\\\/2013\\\/12\\\/Otsake_3.jpg\",\"contentUrl\":\"http:\\\/\\\/www.rukajarvensuunnanhistoriayhdistys.fi\\\/historiayhdistys\\\/wp-content\\\/uploads\\\/2013\\\/12\\\/Otsake_3.jpg\",\"width\":1000,\"height\":442,\"caption\":\"Rukaj\u00e4rven suunnan historiayhdistys\"},\"image\":{\"@id\":\"http:\\\/\\\/www.rukajarvensuunnanhistoriayhdistys.fi\\\/historiayhdistys\\\/#\\\/schema\\\/logo\\\/image\\\/\"}},{\"@type\":\"Person\",\"@id\":\"http:\\\/\\\/www.rukajarvensuunnanhistoriayhdistys.fi\\\/historiayhdistys\\\/#\\\/schema\\\/person\\\/19de7db68bf72dfd2b5d7f6dfbf8454d\",\"name\":\"RSHY\",\"image\":{\"@type\":\"ImageObject\",\"inLanguage\":\"fi\",\"@id\":\"https:\\\/\\\/secure.gravatar.com\\\/avatar\\\/598d59263a69cc8de65fcb4f9db78d6f58c098cb0e0ba22d73377441af9fa04c?s=96&d=blank&r=g\",\"url\":\"https:\\\/\\\/secure.gravatar.com\\\/avatar\\\/598d59263a69cc8de65fcb4f9db78d6f58c098cb0e0ba22d73377441af9fa04c?s=96&d=blank&r=g\",\"contentUrl\":\"https:\\\/\\\/secure.gravatar.com\\\/avatar\\\/598d59263a69cc8de65fcb4f9db78d6f58c098cb0e0ba22d73377441af9fa04c?s=96&d=blank&r=g\",\"caption\":\"RSHY\"},\"url\":\"http:\\\/\\\/www.rukajarvensuunnanhistoriayhdistys.fi\\\/historiayhdistys\\\/author\\\/rshy\\\/\"}]}<\/script>\n<!-- \/ Yoast SEO plugin. -->","yoast_head_json":{"title":"Satoi kuin saavista - ty\u00f6t jatkuivat keskeytyksett\u00e4 - Rukaj\u00e4rven suunnan historiayhdistys","robots":{"index":"index","follow":"follow","max-snippet":"max-snippet:-1","max-image-preview":"max-image-preview:large","max-video-preview":"max-video-preview:-1"},"canonical":"http:\/\/www.rukajarvensuunnanhistoriayhdistys.fi\/historiayhdistys\/satoi-kuin-saavista-tyot-jatkuivat-keskeytyksetta\/","og_locale":"fi_FI","og_type":"article","og_title":"Satoi kuin saavista - ty\u00f6t jatkuivat keskeytyksett\u00e4 - Rukaj\u00e4rven suunnan historiayhdistys","og_description":"Sade-ennusteet pitiv\u00e4t kuin pitiv\u00e4tkin paikkansa. Sade s\u00e4\u00e4 hidasti merkitt\u00e4v\u00e4sti ty\u00f6t\u00e4. Puutavara toi lis\u00e4haasteen ja\u00a0vaikeutti ty\u00f6n edistymist\u00e4, silti valmistakin tuli. Huomenna saadaan taisteluhaudasta valmiiksi noin kymmenen metrin osuus ja lis\u00e4ksi puretaan Teksti jatkuu...Satoi kuin saavista &#8211; ty\u00f6t jatkuivat keskeytyksett\u00e4\u2192","og_url":"http:\/\/www.rukajarvensuunnanhistoriayhdistys.fi\/historiayhdistys\/satoi-kuin-saavista-tyot-jatkuivat-keskeytyksetta\/","og_site_name":"Rukaj\u00e4rven suunnan historiayhdistys","article_published_time":"2015-08-01T19:31:33+00:00","article_modified_time":"2015-08-02T04:27:37+00:00","og_image":[{"width":1024,"height":576,"url":"http:\/\/www.rukajarvensuunnanhistoriayhdistys.fi\/historiayhdistys\/wp-content\/uploads\/2015\/08\/WP_20150801_17_35_48_Pro-Netti-1024x576.jpg","type":"image\/jpeg"}],"author":"RSHY","twitter_misc":{"Kirjoittanut":"RSHY","Arvioitu lukuaika":"2 minuuttia"},"schema":{"@context":"https:\/\/schema.org","@graph":[{"@type":"Article","@id":"http:\/\/www.rukajarvensuunnanhistoriayhdistys.fi\/historiayhdistys\/satoi-kuin-saavista-tyot-jatkuivat-keskeytyksetta\/#article","isPartOf":{"@id":"http:\/\/www.rukajarvensuunnanhistoriayhdistys.fi\/historiayhdistys\/satoi-kuin-saavista-tyot-jatkuivat-keskeytyksetta\/"},"author":{"name":"RSHY","@id":"http:\/\/www.rukajarvensuunnanhistoriayhdistys.fi\/historiayhdistys\/#\/schema\/person\/19de7db68bf72dfd2b5d7f6dfbf8454d"},"headline":"Satoi kuin saavista &#8211; ty\u00f6t jatkuivat keskeytyksett\u00e4","datePublished":"2015-08-01T19:31:33+00:00","dateModified":"2015-08-02T04:27:37+00:00","mainEntityOfPage":{"@id":"http:\/\/www.rukajarvensuunnanhistoriayhdistys.fi\/historiayhdistys\/satoi-kuin-saavista-tyot-jatkuivat-keskeytyksetta\/"},"wordCount":429,"publisher":{"@id":"http:\/\/www.rukajarvensuunnanhistoriayhdistys.fi\/historiayhdistys\/#organization"},"image":{"@id":"http:\/\/www.rukajarvensuunnanhistoriayhdistys.fi\/historiayhdistys\/satoi-kuin-saavista-tyot-jatkuivat-keskeytyksetta\/#primaryimage"},"thumbnailUrl":"http:\/\/www.rukajarvensuunnanhistoriayhdistys.fi\/historiayhdistys\/wp-content\/uploads\/2015\/08\/WP_20150801_17_35_48_Pro-Netti.jpg","articleSection":["Ajankohtaista"],"inLanguage":"fi"},{"@type":"WebPage","@id":"http:\/\/www.rukajarvensuunnanhistoriayhdistys.fi\/historiayhdistys\/satoi-kuin-saavista-tyot-jatkuivat-keskeytyksetta\/","url":"http:\/\/www.rukajarvensuunnanhistoriayhdistys.fi\/historiayhdistys\/satoi-kuin-saavista-tyot-jatkuivat-keskeytyksetta\/","name":"Satoi kuin saavista - ty\u00f6t jatkuivat keskeytyksett\u00e4 - Rukaj\u00e4rven suunnan historiayhdistys","isPartOf":{"@id":"http:\/\/www.rukajarvensuunnanhistoriayhdistys.fi\/historiayhdistys\/#website"},"primaryImageOfPage":{"@id":"http:\/\/www.rukajarvensuunnanhistoriayhdistys.fi\/historiayhdistys\/satoi-kuin-saavista-tyot-jatkuivat-keskeytyksetta\/#primaryimage"},"image":{"@id":"http:\/\/www.rukajarvensuunnanhistoriayhdistys.fi\/historiayhdistys\/satoi-kuin-saavista-tyot-jatkuivat-keskeytyksetta\/#primaryimage"},"thumbnailUrl":"http:\/\/www.rukajarvensuunnanhistoriayhdistys.fi\/historiayhdistys\/wp-content\/uploads\/2015\/08\/WP_20150801_17_35_48_Pro-Netti.jpg","datePublished":"2015-08-01T19:31:33+00:00","dateModified":"2015-08-02T04:27:37+00:00","breadcrumb":{"@id":"http:\/\/www.rukajarvensuunnanhistoriayhdistys.fi\/historiayhdistys\/satoi-kuin-saavista-tyot-jatkuivat-keskeytyksetta\/#breadcrumb"},"inLanguage":"fi","potentialAction":[{"@type":"ReadAction","target":["http:\/\/www.rukajarvensuunnanhistoriayhdistys.fi\/historiayhdistys\/satoi-kuin-saavista-tyot-jatkuivat-keskeytyksetta\/"]}]},{"@type":"ImageObject","inLanguage":"fi","@id":"http:\/\/www.rukajarvensuunnanhistoriayhdistys.fi\/historiayhdistys\/satoi-kuin-saavista-tyot-jatkuivat-keskeytyksetta\/#primaryimage","url":"http:\/\/www.rukajarvensuunnanhistoriayhdistys.fi\/historiayhdistys\/wp-content\/uploads\/2015\/08\/WP_20150801_17_35_48_Pro-Netti.jpg","contentUrl":"http:\/\/www.rukajarvensuunnanhistoriayhdistys.fi\/historiayhdistys\/wp-content\/uploads\/2015\/08\/WP_20150801_17_35_48_Pro-Netti.jpg","width":3072,"height":1728,"caption":"Kurssin johto Tuomo Katisko ja Arto Mononen asensivat sis\u00e4\u00e4nk\u00e4ynnin kiveyst\u00e4"},{"@type":"BreadcrumbList","@id":"http:\/\/www.rukajarvensuunnanhistoriayhdistys.fi\/historiayhdistys\/satoi-kuin-saavista-tyot-jatkuivat-keskeytyksetta\/#breadcrumb","itemListElement":[{"@type":"ListItem","position":1,"name":"Etusivu","item":"http:\/\/www.rukajarvensuunnanhistoriayhdistys.fi\/historiayhdistys\/"},{"@type":"ListItem","position":2,"name":"Satoi kuin saavista &#8211; ty\u00f6t jatkuivat keskeytyksett\u00e4"}]},{"@type":"WebSite","@id":"http:\/\/www.rukajarvensuunnanhistoriayhdistys.fi\/historiayhdistys\/#website","url":"http:\/\/www.rukajarvensuunnanhistoriayhdistys.fi\/historiayhdistys\/","name":"Rukaj\u00e4rven suunnan historiayhdistys","description":"Rukaj\u00e4rven suunnan historiayhdistyksen verkkosivut.","publisher":{"@id":"http:\/\/www.rukajarvensuunnanhistoriayhdistys.fi\/historiayhdistys\/#organization"},"potentialAction":[{"@type":"SearchAction","target":{"@type":"EntryPoint","urlTemplate":"http:\/\/www.rukajarvensuunnanhistoriayhdistys.fi\/historiayhdistys\/?s={search_term_string}"},"query-input":{"@type":"PropertyValueSpecification","valueRequired":true,"valueName":"search_term_string"}}],"inLanguage":"fi"},{"@type":"Organization","@id":"http:\/\/www.rukajarvensuunnanhistoriayhdistys.fi\/historiayhdistys\/#organization","name":"Rukaj\u00e4rven suunnan historiayhdistys","url":"http:\/\/www.rukajarvensuunnanhistoriayhdistys.fi\/historiayhdistys\/","logo":{"@type":"ImageObject","inLanguage":"fi","@id":"http:\/\/www.rukajarvensuunnanhistoriayhdistys.fi\/historiayhdistys\/#\/schema\/logo\/image\/","url":"http:\/\/www.rukajarvensuunnanhistoriayhdistys.fi\/historiayhdistys\/wp-content\/uploads\/2013\/12\/Otsake_3.jpg","contentUrl":"http:\/\/www.rukajarvensuunnanhistoriayhdistys.fi\/historiayhdistys\/wp-content\/uploads\/2013\/12\/Otsake_3.jpg","width":1000,"height":442,"caption":"Rukaj\u00e4rven suunnan historiayhdistys"},"image":{"@id":"http:\/\/www.rukajarvensuunnanhistoriayhdistys.fi\/historiayhdistys\/#\/schema\/logo\/image\/"}},{"@type":"Person","@id":"http:\/\/www.rukajarvensuunnanhistoriayhdistys.fi\/historiayhdistys\/#\/schema\/person\/19de7db68bf72dfd2b5d7f6dfbf8454d","name":"RSHY","image":{"@type":"ImageObject","inLanguage":"fi","@id":"https:\/\/secure.gravatar.com\/avatar\/598d59263a69cc8de65fcb4f9db78d6f58c098cb0e0ba22d73377441af9fa04c?s=96&d=blank&r=g","url":"https:\/\/secure.gravatar.com\/avatar\/598d59263a69cc8de65fcb4f9db78d6f58c098cb0e0ba22d73377441af9fa04c?s=96&d=blank&r=g","contentUrl":"https:\/\/secure.gravatar.com\/avatar\/598d59263a69cc8de65fcb4f9db78d6f58c098cb0e0ba22d73377441af9fa04c?s=96&d=blank&r=g","caption":"RSHY"},"url":"http:\/\/www.rukajarvensuunnanhistoriayhdistys.fi\/historiayhdistys\/author\/rshy\/"}]}},"_links":{"self":[{"href":"http:\/\/www.rukajarvensuunnanhistoriayhdistys.fi\/historiayhdistys\/wp-json\/wp\/v2\/posts\/10209","targetHints":{"allow":["GET"]}}],"collection":[{"href":"http:\/\/www.rukajarvensuunnanhistoriayhdistys.fi\/historiayhdistys\/wp-json\/wp\/v2\/posts"}],"about":[{"href":"http:\/\/www.rukajarvensuunnanhistoriayhdistys.fi\/historiayhdistys\/wp-json\/wp\/v2\/types\/post"}],"author":[{"embeddable":true,"href":"http:\/\/www.rukajarvensuunnanhistoriayhdistys.fi\/historiayhdistys\/wp-json\/wp\/v2\/users\/3"}],"replies":[{"embeddable":true,"href":"http:\/\/www.rukajarvensuunnanhistoriayhdistys.fi\/historiayhdistys\/wp-json\/wp\/v2\/comments?post=10209"}],"version-history":[{"count":6,"href":"http:\/\/www.rukajarvensuunnanhistoriayhdistys.fi\/historiayhdistys\/wp-json\/wp\/v2\/posts\/10209\/revisions"}],"predecessor-version":[{"id":10220,"href":"http:\/\/www.rukajarvensuunnanhistoriayhdistys.fi\/historiayhdistys\/wp-json\/wp\/v2\/posts\/10209\/revisions\/10220"}],"wp:featuredmedia":[{"embeddable":true,"href":"http:\/\/www.rukajarvensuunnanhistoriayhdistys.fi\/historiayhdistys\/wp-json\/wp\/v2\/media\/10212"}],"wp:attachment":[{"href":"http:\/\/www.rukajarvensuunnanhistoriayhdistys.fi\/historiayhdistys\/wp-json\/wp\/v2\/media?parent=10209"}],"wp:term":[{"taxonomy":"category","embeddable":true,"href":"http:\/\/www.rukajarvensuunnanhistoriayhdistys.fi\/historiayhdistys\/wp-json\/wp\/v2\/categories?post=10209"},{"taxonomy":"post_tag","embeddable":true,"href":"http:\/\/www.rukajarvensuunnanhistoriayhdistys.fi\/historiayhdistys\/wp-json\/wp\/v2\/tags?post=10209"}],"curies":[{"name":"wp","href":"https:\/\/api.w.org\/{rel}","templated":true}]}}