{"id":10234,"date":"2015-08-04T10:12:04","date_gmt":"2015-08-04T07:12:04","guid":{"rendered":"http:\/\/www.rukajarvensuunnanhistoriayhdistys.fi\/historiayhdistys\/?p=10234"},"modified":"2015-08-04T10:22:08","modified_gmt":"2015-08-04T07:22:08","slug":"kalervo-hamalaiselle-muistokirja","status":"publish","type":"post","link":"http:\/\/www.rukajarvensuunnanhistoriayhdistys.fi\/historiayhdistys\/kalervo-hamalaiselle-muistokirja\/","title":{"rendered":"Kalervo H\u00e4m\u00e4l\u00e4iselle muistokirja"},"content":{"rendered":"<div class=\"fcbkbttn_buttons_block\" id=\"fcbkbttn_left\"><div class=\"fcbkbttn_like \"><fb:like href=\"http:\/\/www.rukajarvensuunnanhistoriayhdistys.fi\/historiayhdistys\/kalervo-hamalaiselle-muistokirja\/\" action=\"like\" colorscheme=\"light\" layout=\"button_count\"  size=\"small\"><\/fb:like><\/div><\/div><p>Kamarineuvos Kalervo H\u00e4m\u00e4l\u00e4inen menehtyi 98-vuotiaana 22.7.2015 Helsingiss\u00e4. Kalervo H\u00e4m\u00e4l\u00e4isen musiikki oli is\u00e4nmaallista. Erityisesti sotiemme veteraaneihin liittyv\u00e4 Veteraanin Iltahuuto on liikuttanut suomalaisten syvimpi\u00e4 tuntoja. Linkist\u00e4 aukeaa Sotaveteraaniliiton 50-vuotisjuhlavuoden konsertissa Laivaston soittokunnan, Jorma Hynnisen ja 1000 henkisen Sotaveteraanikuoron tulkinta Veteraanin Iltahuudosta.\u00a0\u00a0\u00a0<a href=\"https:\/\/www.youtube.com\/watch?v=arKxCiTZoyQ\"><u>https:\/\/www.youtube.com\/watch?v=arKxCiTZoyQ<\/u><\/a><\/p>\n<figure id=\"attachment_10235\" aria-describedby=\"caption-attachment-10235\" style=\"width: 472px\" class=\"wp-caption aligncenter\"><a href=\"http:\/\/www.rukajarvensuunnanhistoriayhdistys.fi\/historiayhdistys\/wp-content\/uploads\/2015\/08\/Kalervo-H\u00e4m\u00e4l\u00e4inen.jpg\"><img loading=\"lazy\" decoding=\"async\" class=\"wp-image-10235 size-full\" src=\"http:\/\/www.rukajarvensuunnanhistoriayhdistys.fi\/historiayhdistys\/wp-content\/uploads\/2015\/08\/Kalervo-H\u00e4m\u00e4l\u00e4inen.jpg\" alt=\"Kamarineuvos Kalervo H\u00e4m\u00e4l\u00e4inen (17.1.1917 - 22.7.2015)\" width=\"472\" height=\"616\" data-id=\"10235\" srcset=\"http:\/\/www.rukajarvensuunnanhistoriayhdistys.fi\/historiayhdistys\/wp-content\/uploads\/2015\/08\/Kalervo-H\u00e4m\u00e4l\u00e4inen.jpg 472w, http:\/\/www.rukajarvensuunnanhistoriayhdistys.fi\/historiayhdistys\/wp-content\/uploads\/2015\/08\/Kalervo-H\u00e4m\u00e4l\u00e4inen-230x300.jpg 230w\" sizes=\"auto, (max-width: 472px) 100vw, 472px\" \/><\/a><figcaption id=\"caption-attachment-10235\" class=\"wp-caption-text\">Kamarineuvos Kalervo H\u00e4m\u00e4l\u00e4inen (17.1.1917 &#8211; 22.7.2015)<\/figcaption><\/figure>\n<p>Kalervo H\u00e4m\u00e4l\u00e4inen toimi musiikinopettajana Karjalan Yhteiskoulussa ja Suomi-Pojat ja -tyt\u00f6t ry:n toiminnanjohtajajana. Nuorista muodostettu kuoro ja orkesteri esitti mm. Tasavallan Presidentin vastaanotolla 6.12.1965 Ateenalaisten laulun. Laulua kritisoitiin lehdist\u00f6ss\u00e4 sopimattomana.<\/p>\n<p>Tasavallan Presidentti ja rouva Jenni Haukion is\u00e4nn\u00f6im\u00e4ss\u00e4 Itsen\u00e4isyysp\u00e4iv\u00e4n juhlakonsertissa Tampere-talossa 6.12.2013 esitettiin H\u00e4m\u00e4l\u00e4isen s\u00e4velt\u00e4m\u00e4 ja sanoittama Lapin\u00e4idin kehtolaulu.<\/p>\n<p>Nyt on mahdollista muistaa suurta musiikkimiest\u00e4 kirjoittamalla nimen, paikkakunnan ja viestin. Viestit kootaan kirjaksi, joka luovutetaan muistotilaisuudessa Kalervo H\u00e4m\u00e4l\u00e4isen l\u00e4heisille.<\/p>\n<p>Muistokirja avautuu Sotaveteraaniliiton facebook-sivuilta osoitteesta:<\/p>\n<p><a href=\"http:\/\/www.adressit.com\/veteraanin_iltahuudon_saveltaja_kalervo_hamalainen_muistokirja\"><u>http:\/\/www.adressit.com\/veteraanin_iltahuudon_saveltaja_kalervo_hamalainen_muistokirja<\/u><\/a><\/p>\n<p>Sotaveteraaniliiton facebook-sivuilla on my\u00f6s kes\u00e4n ajalta muita mielenkiintoisia p\u00e4ivityksi\u00e4.<\/p>\n<p><a href=\"https:\/\/www.facebook.com\/sotaveteraaniliitto\"><u>https:\/\/www.facebook.com\/sotaveteraaniliitto<\/u><\/a><\/p>\n<p><strong>Kirjoittaja on Sotaveteraaniliiton toiminnanjohtaja Markku Sepp\u00e4<\/strong><\/p>\n","protected":false},"excerpt":{"rendered":"<p>Kamarineuvos Kalervo H\u00e4m\u00e4l\u00e4inen menehtyi 98-vuotiaana 22.7.2015 Helsingiss\u00e4. Kalervo H\u00e4m\u00e4l\u00e4isen musiikki oli is\u00e4nmaallista. Erityisesti sotiemme veteraaneihin liittyv\u00e4 Veteraanin Iltahuuto on liikuttanut suomalaisten syvimpi\u00e4 tuntoja. Linkist\u00e4 aukeaa Sotaveteraaniliiton 50-vuotisjuhlavuoden konsertissa Laivaston soittokunnan, <a class=\"more-link\" href=\"http:\/\/www.rukajarvensuunnanhistoriayhdistys.fi\/historiayhdistys\/kalervo-hamalaiselle-muistokirja\/\">Teksti jatkuu&#8230;<span class=\"screen-reader-text\">Kalervo H\u00e4m\u00e4l\u00e4iselle muistokirja<\/span><span class=\"meta-nav\">\u2192<\/span><\/a><\/p>\n","protected":false},"author":3,"featured_media":10235,"comment_status":"closed","ping_status":"open","sticky":false,"template":"","format":"standard","meta":{"footnotes":""},"categories":[22],"tags":[],"class_list":["post-10234","post","type-post","status-publish","format-standard","has-post-thumbnail","hentry","category-ajankohtaista"],"yoast_head":"<!-- This site is optimized with the Yoast SEO plugin v27.4 - https:\/\/yoast.com\/product\/yoast-seo-wordpress\/ -->\n<title>Kalervo H\u00e4m\u00e4l\u00e4iselle muistokirja - Rukaj\u00e4rven suunnan historiayhdistys<\/title>\n<meta name=\"robots\" content=\"index, follow, max-snippet:-1, max-image-preview:large, max-video-preview:-1\" \/>\n<link rel=\"canonical\" href=\"https:\/\/www.rukajarvensuunnanhistoriayhdistys.fi\/historiayhdistys\/kalervo-hamalaiselle-muistokirja\/\" \/>\n<meta property=\"og:locale\" content=\"fi_FI\" \/>\n<meta property=\"og:type\" content=\"article\" \/>\n<meta property=\"og:title\" content=\"Kalervo H\u00e4m\u00e4l\u00e4iselle muistokirja - Rukaj\u00e4rven suunnan historiayhdistys\" \/>\n<meta property=\"og:description\" content=\"Kamarineuvos Kalervo H\u00e4m\u00e4l\u00e4inen menehtyi 98-vuotiaana 22.7.2015 Helsingiss\u00e4. Kalervo H\u00e4m\u00e4l\u00e4isen musiikki oli is\u00e4nmaallista. Erityisesti sotiemme veteraaneihin liittyv\u00e4 Veteraanin Iltahuuto on liikuttanut suomalaisten syvimpi\u00e4 tuntoja. Linkist\u00e4 aukeaa Sotaveteraaniliiton 50-vuotisjuhlavuoden konsertissa Laivaston soittokunnan, Teksti jatkuu...Kalervo H\u00e4m\u00e4l\u00e4iselle muistokirja\u2192\" \/>\n<meta property=\"og:url\" content=\"https:\/\/www.rukajarvensuunnanhistoriayhdistys.fi\/historiayhdistys\/kalervo-hamalaiselle-muistokirja\/\" \/>\n<meta property=\"og:site_name\" content=\"Rukaj\u00e4rven suunnan historiayhdistys\" \/>\n<meta property=\"article:published_time\" content=\"2015-08-04T07:12:04+00:00\" \/>\n<meta property=\"article:modified_time\" content=\"2015-08-04T07:22:08+00:00\" \/>\n<meta property=\"og:image\" content=\"https:\/\/www.rukajarvensuunnanhistoriayhdistys.fi\/historiayhdistys\/wp-content\/uploads\/2015\/08\/Kalervo-H\u00e4m\u00e4l\u00e4inen.jpg\" \/>\n\t<meta property=\"og:image:width\" content=\"472\" \/>\n\t<meta property=\"og:image:height\" content=\"616\" \/>\n\t<meta property=\"og:image:type\" content=\"image\/jpeg\" \/>\n<meta name=\"author\" content=\"RSHY\" \/>\n<meta name=\"twitter:label1\" content=\"Kirjoittanut\" \/>\n\t<meta name=\"twitter:data1\" content=\"RSHY\" \/>\n\t<meta name=\"twitter:label2\" content=\"Arvioitu lukuaika\" \/>\n\t<meta name=\"twitter:data2\" content=\"1 minuutti\" \/>\n<script type=\"application\/ld+json\" class=\"yoast-schema-graph\">{\"@context\":\"https:\\\/\\\/schema.org\",\"@graph\":[{\"@type\":\"Article\",\"@id\":\"https:\\\/\\\/www.rukajarvensuunnanhistoriayhdistys.fi\\\/historiayhdistys\\\/kalervo-hamalaiselle-muistokirja\\\/#article\",\"isPartOf\":{\"@id\":\"https:\\\/\\\/www.rukajarvensuunnanhistoriayhdistys.fi\\\/historiayhdistys\\\/kalervo-hamalaiselle-muistokirja\\\/\"},\"author\":{\"name\":\"RSHY\",\"@id\":\"http:\\\/\\\/www.rukajarvensuunnanhistoriayhdistys.fi\\\/historiayhdistys\\\/#\\\/schema\\\/person\\\/19de7db68bf72dfd2b5d7f6dfbf8454d\"},\"headline\":\"Kalervo H\u00e4m\u00e4l\u00e4iselle muistokirja\",\"datePublished\":\"2015-08-04T07:12:04+00:00\",\"dateModified\":\"2015-08-04T07:22:08+00:00\",\"mainEntityOfPage\":{\"@id\":\"https:\\\/\\\/www.rukajarvensuunnanhistoriayhdistys.fi\\\/historiayhdistys\\\/kalervo-hamalaiselle-muistokirja\\\/\"},\"wordCount\":196,\"publisher\":{\"@id\":\"http:\\\/\\\/www.rukajarvensuunnanhistoriayhdistys.fi\\\/historiayhdistys\\\/#organization\"},\"image\":{\"@id\":\"https:\\\/\\\/www.rukajarvensuunnanhistoriayhdistys.fi\\\/historiayhdistys\\\/kalervo-hamalaiselle-muistokirja\\\/#primaryimage\"},\"thumbnailUrl\":\"http:\\\/\\\/www.rukajarvensuunnanhistoriayhdistys.fi\\\/historiayhdistys\\\/wp-content\\\/uploads\\\/2015\\\/08\\\/Kalervo-H\u00e4m\u00e4l\u00e4inen.jpg\",\"articleSection\":[\"Ajankohtaista\"],\"inLanguage\":\"fi\"},{\"@type\":\"WebPage\",\"@id\":\"https:\\\/\\\/www.rukajarvensuunnanhistoriayhdistys.fi\\\/historiayhdistys\\\/kalervo-hamalaiselle-muistokirja\\\/\",\"url\":\"https:\\\/\\\/www.rukajarvensuunnanhistoriayhdistys.fi\\\/historiayhdistys\\\/kalervo-hamalaiselle-muistokirja\\\/\",\"name\":\"Kalervo H\u00e4m\u00e4l\u00e4iselle muistokirja - Rukaj\u00e4rven suunnan historiayhdistys\",\"isPartOf\":{\"@id\":\"http:\\\/\\\/www.rukajarvensuunnanhistoriayhdistys.fi\\\/historiayhdistys\\\/#website\"},\"primaryImageOfPage\":{\"@id\":\"https:\\\/\\\/www.rukajarvensuunnanhistoriayhdistys.fi\\\/historiayhdistys\\\/kalervo-hamalaiselle-muistokirja\\\/#primaryimage\"},\"image\":{\"@id\":\"https:\\\/\\\/www.rukajarvensuunnanhistoriayhdistys.fi\\\/historiayhdistys\\\/kalervo-hamalaiselle-muistokirja\\\/#primaryimage\"},\"thumbnailUrl\":\"http:\\\/\\\/www.rukajarvensuunnanhistoriayhdistys.fi\\\/historiayhdistys\\\/wp-content\\\/uploads\\\/2015\\\/08\\\/Kalervo-H\u00e4m\u00e4l\u00e4inen.jpg\",\"datePublished\":\"2015-08-04T07:12:04+00:00\",\"dateModified\":\"2015-08-04T07:22:08+00:00\",\"breadcrumb\":{\"@id\":\"https:\\\/\\\/www.rukajarvensuunnanhistoriayhdistys.fi\\\/historiayhdistys\\\/kalervo-hamalaiselle-muistokirja\\\/#breadcrumb\"},\"inLanguage\":\"fi\",\"potentialAction\":[{\"@type\":\"ReadAction\",\"target\":[\"https:\\\/\\\/www.rukajarvensuunnanhistoriayhdistys.fi\\\/historiayhdistys\\\/kalervo-hamalaiselle-muistokirja\\\/\"]}]},{\"@type\":\"ImageObject\",\"inLanguage\":\"fi\",\"@id\":\"https:\\\/\\\/www.rukajarvensuunnanhistoriayhdistys.fi\\\/historiayhdistys\\\/kalervo-hamalaiselle-muistokirja\\\/#primaryimage\",\"url\":\"http:\\\/\\\/www.rukajarvensuunnanhistoriayhdistys.fi\\\/historiayhdistys\\\/wp-content\\\/uploads\\\/2015\\\/08\\\/Kalervo-H\u00e4m\u00e4l\u00e4inen.jpg\",\"contentUrl\":\"http:\\\/\\\/www.rukajarvensuunnanhistoriayhdistys.fi\\\/historiayhdistys\\\/wp-content\\\/uploads\\\/2015\\\/08\\\/Kalervo-H\u00e4m\u00e4l\u00e4inen.jpg\",\"width\":472,\"height\":616,\"caption\":\"Kamarineuvos Kalervo H\u00e4m\u00e4l\u00e4inen (17.1.1917 - 22.7.2015)\"},{\"@type\":\"BreadcrumbList\",\"@id\":\"https:\\\/\\\/www.rukajarvensuunnanhistoriayhdistys.fi\\\/historiayhdistys\\\/kalervo-hamalaiselle-muistokirja\\\/#breadcrumb\",\"itemListElement\":[{\"@type\":\"ListItem\",\"position\":1,\"name\":\"Etusivu\",\"item\":\"http:\\\/\\\/www.rukajarvensuunnanhistoriayhdistys.fi\\\/historiayhdistys\\\/\"},{\"@type\":\"ListItem\",\"position\":2,\"name\":\"Kalervo H\u00e4m\u00e4l\u00e4iselle muistokirja\"}]},{\"@type\":\"WebSite\",\"@id\":\"http:\\\/\\\/www.rukajarvensuunnanhistoriayhdistys.fi\\\/historiayhdistys\\\/#website\",\"url\":\"http:\\\/\\\/www.rukajarvensuunnanhistoriayhdistys.fi\\\/historiayhdistys\\\/\",\"name\":\"Rukaj\u00e4rven suunnan historiayhdistys\",\"description\":\"Rukaj\u00e4rven suunnan historiayhdistyksen verkkosivut.\",\"publisher\":{\"@id\":\"http:\\\/\\\/www.rukajarvensuunnanhistoriayhdistys.fi\\\/historiayhdistys\\\/#organization\"},\"potentialAction\":[{\"@type\":\"SearchAction\",\"target\":{\"@type\":\"EntryPoint\",\"urlTemplate\":\"http:\\\/\\\/www.rukajarvensuunnanhistoriayhdistys.fi\\\/historiayhdistys\\\/?s={search_term_string}\"},\"query-input\":{\"@type\":\"PropertyValueSpecification\",\"valueRequired\":true,\"valueName\":\"search_term_string\"}}],\"inLanguage\":\"fi\"},{\"@type\":\"Organization\",\"@id\":\"http:\\\/\\\/www.rukajarvensuunnanhistoriayhdistys.fi\\\/historiayhdistys\\\/#organization\",\"name\":\"Rukaj\u00e4rven suunnan historiayhdistys\",\"url\":\"http:\\\/\\\/www.rukajarvensuunnanhistoriayhdistys.fi\\\/historiayhdistys\\\/\",\"logo\":{\"@type\":\"ImageObject\",\"inLanguage\":\"fi\",\"@id\":\"http:\\\/\\\/www.rukajarvensuunnanhistoriayhdistys.fi\\\/historiayhdistys\\\/#\\\/schema\\\/logo\\\/image\\\/\",\"url\":\"http:\\\/\\\/www.rukajarvensuunnanhistoriayhdistys.fi\\\/historiayhdistys\\\/wp-content\\\/uploads\\\/2013\\\/12\\\/Otsake_3.jpg\",\"contentUrl\":\"http:\\\/\\\/www.rukajarvensuunnanhistoriayhdistys.fi\\\/historiayhdistys\\\/wp-content\\\/uploads\\\/2013\\\/12\\\/Otsake_3.jpg\",\"width\":1000,\"height\":442,\"caption\":\"Rukaj\u00e4rven suunnan historiayhdistys\"},\"image\":{\"@id\":\"http:\\\/\\\/www.rukajarvensuunnanhistoriayhdistys.fi\\\/historiayhdistys\\\/#\\\/schema\\\/logo\\\/image\\\/\"}},{\"@type\":\"Person\",\"@id\":\"http:\\\/\\\/www.rukajarvensuunnanhistoriayhdistys.fi\\\/historiayhdistys\\\/#\\\/schema\\\/person\\\/19de7db68bf72dfd2b5d7f6dfbf8454d\",\"name\":\"RSHY\",\"image\":{\"@type\":\"ImageObject\",\"inLanguage\":\"fi\",\"@id\":\"https:\\\/\\\/secure.gravatar.com\\\/avatar\\\/598d59263a69cc8de65fcb4f9db78d6f58c098cb0e0ba22d73377441af9fa04c?s=96&d=blank&r=g\",\"url\":\"https:\\\/\\\/secure.gravatar.com\\\/avatar\\\/598d59263a69cc8de65fcb4f9db78d6f58c098cb0e0ba22d73377441af9fa04c?s=96&d=blank&r=g\",\"contentUrl\":\"https:\\\/\\\/secure.gravatar.com\\\/avatar\\\/598d59263a69cc8de65fcb4f9db78d6f58c098cb0e0ba22d73377441af9fa04c?s=96&d=blank&r=g\",\"caption\":\"RSHY\"},\"url\":\"http:\\\/\\\/www.rukajarvensuunnanhistoriayhdistys.fi\\\/historiayhdistys\\\/author\\\/rshy\\\/\"}]}<\/script>\n<!-- \/ Yoast SEO plugin. -->","yoast_head_json":{"title":"Kalervo H\u00e4m\u00e4l\u00e4iselle muistokirja - Rukaj\u00e4rven suunnan historiayhdistys","robots":{"index":"index","follow":"follow","max-snippet":"max-snippet:-1","max-image-preview":"max-image-preview:large","max-video-preview":"max-video-preview:-1"},"canonical":"https:\/\/www.rukajarvensuunnanhistoriayhdistys.fi\/historiayhdistys\/kalervo-hamalaiselle-muistokirja\/","og_locale":"fi_FI","og_type":"article","og_title":"Kalervo H\u00e4m\u00e4l\u00e4iselle muistokirja - Rukaj\u00e4rven suunnan historiayhdistys","og_description":"Kamarineuvos Kalervo H\u00e4m\u00e4l\u00e4inen menehtyi 98-vuotiaana 22.7.2015 Helsingiss\u00e4. Kalervo H\u00e4m\u00e4l\u00e4isen musiikki oli is\u00e4nmaallista. Erityisesti sotiemme veteraaneihin liittyv\u00e4 Veteraanin Iltahuuto on liikuttanut suomalaisten syvimpi\u00e4 tuntoja. Linkist\u00e4 aukeaa Sotaveteraaniliiton 50-vuotisjuhlavuoden konsertissa Laivaston soittokunnan, Teksti jatkuu...Kalervo H\u00e4m\u00e4l\u00e4iselle muistokirja\u2192","og_url":"https:\/\/www.rukajarvensuunnanhistoriayhdistys.fi\/historiayhdistys\/kalervo-hamalaiselle-muistokirja\/","og_site_name":"Rukaj\u00e4rven suunnan historiayhdistys","article_published_time":"2015-08-04T07:12:04+00:00","article_modified_time":"2015-08-04T07:22:08+00:00","og_image":[{"width":472,"height":616,"url":"https:\/\/www.rukajarvensuunnanhistoriayhdistys.fi\/historiayhdistys\/wp-content\/uploads\/2015\/08\/Kalervo-H\u00e4m\u00e4l\u00e4inen.jpg","type":"image\/jpeg"}],"author":"RSHY","twitter_misc":{"Kirjoittanut":"RSHY","Arvioitu lukuaika":"1 minuutti"},"schema":{"@context":"https:\/\/schema.org","@graph":[{"@type":"Article","@id":"https:\/\/www.rukajarvensuunnanhistoriayhdistys.fi\/historiayhdistys\/kalervo-hamalaiselle-muistokirja\/#article","isPartOf":{"@id":"https:\/\/www.rukajarvensuunnanhistoriayhdistys.fi\/historiayhdistys\/kalervo-hamalaiselle-muistokirja\/"},"author":{"name":"RSHY","@id":"http:\/\/www.rukajarvensuunnanhistoriayhdistys.fi\/historiayhdistys\/#\/schema\/person\/19de7db68bf72dfd2b5d7f6dfbf8454d"},"headline":"Kalervo H\u00e4m\u00e4l\u00e4iselle muistokirja","datePublished":"2015-08-04T07:12:04+00:00","dateModified":"2015-08-04T07:22:08+00:00","mainEntityOfPage":{"@id":"https:\/\/www.rukajarvensuunnanhistoriayhdistys.fi\/historiayhdistys\/kalervo-hamalaiselle-muistokirja\/"},"wordCount":196,"publisher":{"@id":"http:\/\/www.rukajarvensuunnanhistoriayhdistys.fi\/historiayhdistys\/#organization"},"image":{"@id":"https:\/\/www.rukajarvensuunnanhistoriayhdistys.fi\/historiayhdistys\/kalervo-hamalaiselle-muistokirja\/#primaryimage"},"thumbnailUrl":"http:\/\/www.rukajarvensuunnanhistoriayhdistys.fi\/historiayhdistys\/wp-content\/uploads\/2015\/08\/Kalervo-H\u00e4m\u00e4l\u00e4inen.jpg","articleSection":["Ajankohtaista"],"inLanguage":"fi"},{"@type":"WebPage","@id":"https:\/\/www.rukajarvensuunnanhistoriayhdistys.fi\/historiayhdistys\/kalervo-hamalaiselle-muistokirja\/","url":"https:\/\/www.rukajarvensuunnanhistoriayhdistys.fi\/historiayhdistys\/kalervo-hamalaiselle-muistokirja\/","name":"Kalervo H\u00e4m\u00e4l\u00e4iselle muistokirja - Rukaj\u00e4rven suunnan historiayhdistys","isPartOf":{"@id":"http:\/\/www.rukajarvensuunnanhistoriayhdistys.fi\/historiayhdistys\/#website"},"primaryImageOfPage":{"@id":"https:\/\/www.rukajarvensuunnanhistoriayhdistys.fi\/historiayhdistys\/kalervo-hamalaiselle-muistokirja\/#primaryimage"},"image":{"@id":"https:\/\/www.rukajarvensuunnanhistoriayhdistys.fi\/historiayhdistys\/kalervo-hamalaiselle-muistokirja\/#primaryimage"},"thumbnailUrl":"http:\/\/www.rukajarvensuunnanhistoriayhdistys.fi\/historiayhdistys\/wp-content\/uploads\/2015\/08\/Kalervo-H\u00e4m\u00e4l\u00e4inen.jpg","datePublished":"2015-08-04T07:12:04+00:00","dateModified":"2015-08-04T07:22:08+00:00","breadcrumb":{"@id":"https:\/\/www.rukajarvensuunnanhistoriayhdistys.fi\/historiayhdistys\/kalervo-hamalaiselle-muistokirja\/#breadcrumb"},"inLanguage":"fi","potentialAction":[{"@type":"ReadAction","target":["https:\/\/www.rukajarvensuunnanhistoriayhdistys.fi\/historiayhdistys\/kalervo-hamalaiselle-muistokirja\/"]}]},{"@type":"ImageObject","inLanguage":"fi","@id":"https:\/\/www.rukajarvensuunnanhistoriayhdistys.fi\/historiayhdistys\/kalervo-hamalaiselle-muistokirja\/#primaryimage","url":"http:\/\/www.rukajarvensuunnanhistoriayhdistys.fi\/historiayhdistys\/wp-content\/uploads\/2015\/08\/Kalervo-H\u00e4m\u00e4l\u00e4inen.jpg","contentUrl":"http:\/\/www.rukajarvensuunnanhistoriayhdistys.fi\/historiayhdistys\/wp-content\/uploads\/2015\/08\/Kalervo-H\u00e4m\u00e4l\u00e4inen.jpg","width":472,"height":616,"caption":"Kamarineuvos Kalervo H\u00e4m\u00e4l\u00e4inen (17.1.1917 - 22.7.2015)"},{"@type":"BreadcrumbList","@id":"https:\/\/www.rukajarvensuunnanhistoriayhdistys.fi\/historiayhdistys\/kalervo-hamalaiselle-muistokirja\/#breadcrumb","itemListElement":[{"@type":"ListItem","position":1,"name":"Etusivu","item":"http:\/\/www.rukajarvensuunnanhistoriayhdistys.fi\/historiayhdistys\/"},{"@type":"ListItem","position":2,"name":"Kalervo H\u00e4m\u00e4l\u00e4iselle muistokirja"}]},{"@type":"WebSite","@id":"http:\/\/www.rukajarvensuunnanhistoriayhdistys.fi\/historiayhdistys\/#website","url":"http:\/\/www.rukajarvensuunnanhistoriayhdistys.fi\/historiayhdistys\/","name":"Rukaj\u00e4rven suunnan historiayhdistys","description":"Rukaj\u00e4rven suunnan historiayhdistyksen verkkosivut.","publisher":{"@id":"http:\/\/www.rukajarvensuunnanhistoriayhdistys.fi\/historiayhdistys\/#organization"},"potentialAction":[{"@type":"SearchAction","target":{"@type":"EntryPoint","urlTemplate":"http:\/\/www.rukajarvensuunnanhistoriayhdistys.fi\/historiayhdistys\/?s={search_term_string}"},"query-input":{"@type":"PropertyValueSpecification","valueRequired":true,"valueName":"search_term_string"}}],"inLanguage":"fi"},{"@type":"Organization","@id":"http:\/\/www.rukajarvensuunnanhistoriayhdistys.fi\/historiayhdistys\/#organization","name":"Rukaj\u00e4rven suunnan historiayhdistys","url":"http:\/\/www.rukajarvensuunnanhistoriayhdistys.fi\/historiayhdistys\/","logo":{"@type":"ImageObject","inLanguage":"fi","@id":"http:\/\/www.rukajarvensuunnanhistoriayhdistys.fi\/historiayhdistys\/#\/schema\/logo\/image\/","url":"http:\/\/www.rukajarvensuunnanhistoriayhdistys.fi\/historiayhdistys\/wp-content\/uploads\/2013\/12\/Otsake_3.jpg","contentUrl":"http:\/\/www.rukajarvensuunnanhistoriayhdistys.fi\/historiayhdistys\/wp-content\/uploads\/2013\/12\/Otsake_3.jpg","width":1000,"height":442,"caption":"Rukaj\u00e4rven suunnan historiayhdistys"},"image":{"@id":"http:\/\/www.rukajarvensuunnanhistoriayhdistys.fi\/historiayhdistys\/#\/schema\/logo\/image\/"}},{"@type":"Person","@id":"http:\/\/www.rukajarvensuunnanhistoriayhdistys.fi\/historiayhdistys\/#\/schema\/person\/19de7db68bf72dfd2b5d7f6dfbf8454d","name":"RSHY","image":{"@type":"ImageObject","inLanguage":"fi","@id":"https:\/\/secure.gravatar.com\/avatar\/598d59263a69cc8de65fcb4f9db78d6f58c098cb0e0ba22d73377441af9fa04c?s=96&d=blank&r=g","url":"https:\/\/secure.gravatar.com\/avatar\/598d59263a69cc8de65fcb4f9db78d6f58c098cb0e0ba22d73377441af9fa04c?s=96&d=blank&r=g","contentUrl":"https:\/\/secure.gravatar.com\/avatar\/598d59263a69cc8de65fcb4f9db78d6f58c098cb0e0ba22d73377441af9fa04c?s=96&d=blank&r=g","caption":"RSHY"},"url":"http:\/\/www.rukajarvensuunnanhistoriayhdistys.fi\/historiayhdistys\/author\/rshy\/"}]}},"_links":{"self":[{"href":"http:\/\/www.rukajarvensuunnanhistoriayhdistys.fi\/historiayhdistys\/wp-json\/wp\/v2\/posts\/10234","targetHints":{"allow":["GET"]}}],"collection":[{"href":"http:\/\/www.rukajarvensuunnanhistoriayhdistys.fi\/historiayhdistys\/wp-json\/wp\/v2\/posts"}],"about":[{"href":"http:\/\/www.rukajarvensuunnanhistoriayhdistys.fi\/historiayhdistys\/wp-json\/wp\/v2\/types\/post"}],"author":[{"embeddable":true,"href":"http:\/\/www.rukajarvensuunnanhistoriayhdistys.fi\/historiayhdistys\/wp-json\/wp\/v2\/users\/3"}],"replies":[{"embeddable":true,"href":"http:\/\/www.rukajarvensuunnanhistoriayhdistys.fi\/historiayhdistys\/wp-json\/wp\/v2\/comments?post=10234"}],"version-history":[{"count":3,"href":"http:\/\/www.rukajarvensuunnanhistoriayhdistys.fi\/historiayhdistys\/wp-json\/wp\/v2\/posts\/10234\/revisions"}],"predecessor-version":[{"id":10238,"href":"http:\/\/www.rukajarvensuunnanhistoriayhdistys.fi\/historiayhdistys\/wp-json\/wp\/v2\/posts\/10234\/revisions\/10238"}],"wp:featuredmedia":[{"embeddable":true,"href":"http:\/\/www.rukajarvensuunnanhistoriayhdistys.fi\/historiayhdistys\/wp-json\/wp\/v2\/media\/10235"}],"wp:attachment":[{"href":"http:\/\/www.rukajarvensuunnanhistoriayhdistys.fi\/historiayhdistys\/wp-json\/wp\/v2\/media?parent=10234"}],"wp:term":[{"taxonomy":"category","embeddable":true,"href":"http:\/\/www.rukajarvensuunnanhistoriayhdistys.fi\/historiayhdistys\/wp-json\/wp\/v2\/categories?post=10234"},{"taxonomy":"post_tag","embeddable":true,"href":"http:\/\/www.rukajarvensuunnanhistoriayhdistys.fi\/historiayhdistys\/wp-json\/wp\/v2\/tags?post=10234"}],"curies":[{"name":"wp","href":"https:\/\/api.w.org\/{rel}","templated":true}]}}