{"id":10244,"date":"2015-08-05T10:05:47","date_gmt":"2015-08-05T07:05:47","guid":{"rendered":"http:\/\/www.rukajarvensuunnanhistoriayhdistys.fi\/historiayhdistys\/?p=10244"},"modified":"2015-08-08T07:34:04","modified_gmt":"2015-08-08T04:34:04","slug":"suuri-sibelius-konsertti-bomballa-lauantaina-15-paiva-elokuuta-klo-13-00","status":"publish","type":"post","link":"http:\/\/www.rukajarvensuunnanhistoriayhdistys.fi\/historiayhdistys\/suuri-sibelius-konsertti-bomballa-lauantaina-15-paiva-elokuuta-klo-13-00\/","title":{"rendered":"Suuri Sibelius \u2013konsertti Bomballa lauantaina 15. p\u00e4iv\u00e4 elokuuta klo 13.00"},"content":{"rendered":"<div class=\"fcbkbttn_buttons_block\" id=\"fcbkbttn_left\"><div class=\"fcbkbttn_like \"><fb:like href=\"http:\/\/www.rukajarvensuunnanhistoriayhdistys.fi\/historiayhdistys\/suuri-sibelius-konsertti-bomballa-lauantaina-15-paiva-elokuuta-klo-13-00\/\" action=\"like\" colorscheme=\"light\" layout=\"button_count\"  size=\"small\"><\/fb:like><\/div><\/div><p><span style=\"color: #333333; font-family: 'Arial','sans-serif';\"><span style=\"font-size: medium;\">Kansallistaiteilija Jorma Hynninen tulkitsee Sibeliusta yhdess\u00e4 sellisti Jussi Makkosen ja pianisti Nazig Azezianin kanssa Sibeliuksen h\u00e4\u00e4matkan maisemissa Pielisell\u00e4.<\/span><\/span><\/p>\n<p><a href=\"http:\/\/www.rukajarvensuunnanhistoriayhdistys.fi\/historiayhdistys\/wp-content\/uploads\/2015\/08\/Hynninen-Sibelius-juliste-Nurmes-15-2.jpg\"><img loading=\"lazy\" decoding=\"async\" class=\"aligncenter wp-image-10245 size-full\" src=\"http:\/\/www.rukajarvensuunnanhistoriayhdistys.fi\/historiayhdistys\/wp-content\/uploads\/2015\/08\/Hynninen-Sibelius-juliste-Nurmes-15-2.jpg\" alt=\"Hynninen-&amp;-Sibelius--juliste,-Nurmes-15 (2)\" width=\"744\" height=\"1052\" data-id=\"10245\" srcset=\"http:\/\/www.rukajarvensuunnanhistoriayhdistys.fi\/historiayhdistys\/wp-content\/uploads\/2015\/08\/Hynninen-Sibelius-juliste-Nurmes-15-2.jpg 744w, http:\/\/www.rukajarvensuunnanhistoriayhdistys.fi\/historiayhdistys\/wp-content\/uploads\/2015\/08\/Hynninen-Sibelius-juliste-Nurmes-15-2-212x300.jpg 212w, http:\/\/www.rukajarvensuunnanhistoriayhdistys.fi\/historiayhdistys\/wp-content\/uploads\/2015\/08\/Hynninen-Sibelius-juliste-Nurmes-15-2-724x1024.jpg 724w\" sizes=\"auto, (max-width: 744px) 100vw, 744px\" \/><\/a><\/p>\n<p><span style=\"color: #333333; font-family: 'Arial','sans-serif';\"><span style=\"font-size: medium;\">Hyv\u00e4ntekev\u00e4isyyskonsertin tuotto ohjataan Sibeliuksen h\u00e4\u00e4matkakohteen, Monolan aitan kunnostamisen hyv\u00e4ksi.<\/span><\/span><\/p>\n<p><span style=\"color: #333333; font-family: 'Arial','sans-serif';\"><span style=\"font-size: medium;\">Uusittu Bomban kes\u00e4teatteri Nurmeksessa keskell\u00e4 karjalaista kyl\u00e4\u00e4 luo ainutlaatuiset puitteet konsertille, jossa kuullaan Sibeliuksen Karjalan matkan aikana s\u00e4velt\u00e4m\u00e4t kappaleet.<\/span><\/span><\/p>\n<p><span style=\"color: #333333; font-family: 'Arial','sans-serif';\"><span style=\"font-size: medium;\">Tule aistimaan aitoa kalevalaista ja karjalaista tunnelmaa Pielisen \u00e4\u00e4relle, Sibeliuksen inspiraation l\u00e4hteille!<\/span><\/span><\/p>\n<p><span style=\"font-size: medium;\"><strong><span style=\"color: #333333; font-family: 'Arial','sans-serif';\">Liput ennakkoon: <\/span><\/strong><span style=\"color: #333333; font-family: 'Arial','sans-serif';\">Break Sokos Hotel Bomba; Lomasirmakka, Nurmes; Hyv\u00e4ril\u00e4, Nurmes; Karelia Expert, Nurmes; Karelia Expert, Lieksa; store.charmi.eu<\/span><\/span><\/p>\n<p><strong><span style=\"color: #333333; font-family: 'Arial','sans-serif';\"><span style=\"font-size: medium;\">Konserttimatkat &#8211; paluumatkat &#8211; y\u00f6pyminen juhlan j\u00e4lkeen<\/span><\/span><\/strong><\/p>\n<p><span style=\"color: #333333; font-family: 'Arial','sans-serif';\"><span style=\"font-size: medium;\">Mik\u00e4li juhlayleis\u00f6 haluaa varata y\u00f6pymisen se on mahdollista mm. seuraavista hotelleista, joiden yhteystiedot. Maininnalla <strong><span style=\"font-family: 'Arial','sans-serif';\">&#8221;Hyv\u00e4ntekev\u00e4isyyskonsertin&#8221;<\/span><\/strong> konserttivieraalle on ennakkoon neuvoteltu alennusta:<\/span><\/span><\/p>\n<p><strong><span style=\"color: #333333; font-family: 'Arial','sans-serif';\"><span style=\"font-size: medium;\">Asuminen Nurmeksessa:<\/span><\/span><\/strong><\/p>\n<p><span style=\"color: #333333; font-family: 'Arial','sans-serif';\"><span style=\"font-size: medium;\">Nurmes, LomaSirmakka, Tavintie 6, 75500 Nurmes, sp: info@lomasirmakka.com, puh.013 &#8211; 480 455, mainitse <strong><span style=\"font-family: 'Arial','sans-serif';\">Hyv\u00e4ntekev\u00e4isyyskonsertti<\/span><\/strong><\/span><\/span><\/p>\n<p><span style=\"color: #333333; font-family: 'Arial','sans-serif';\"><span style=\"font-size: medium;\">Nurmes, Sokos-Hotelli Bomba, Tuulentie 10, 75500 Nurmes,\u00a0sp: myynti.bomba@sokoshotels.fi, +358 10 7830 450, mainitse\u00a0<strong><span style=\"font-family: 'Arial','sans-serif';\">Hyv\u00e4ntekev\u00e4isyyskonsertti.<\/span><\/strong><\/span><\/span><\/p>\n<p><span style=\"color: #333333; font-family: 'Arial','sans-serif';\"><span style=\"font-size: medium;\">Nurmes, Hyv\u00e4ril\u00e4 MATKAILU- JA NUORISOKESKUS, Lomatie 12, 75500 Nurmes,\u00a0puh. 040-1045960, sp: hyvarila@nurmes.fi, mainitse <strong><span style=\"font-family: 'Arial','sans-serif';\">Hyv\u00e4ntekev\u00e4isyyskonsertti.<\/span><\/strong><\/span><\/span><\/p>\n<p><strong><span style=\"color: #333333; font-family: 'Arial','sans-serif';\"><span style=\"font-size: medium;\">Karelia Expert &#8211; Visitkarelia &#8211; matkailupalvelut:<\/span><\/span><\/strong><\/p>\n<p><span style=\"color: #333333; font-family: 'Arial','sans-serif';\"><span style=\"font-size: medium;\">Nurmes- Karelia Expert, Kauppatori 3, 75500 Nurmes, puh. 050-3360707,\u00a0\u00a0sp: nurmes@visitkarelia.fi<\/span><\/span><\/p>\n<p><span style=\"color: #333333; font-family: 'Arial','sans-serif';\"><span style=\"font-size: medium;\">Lieksa &#8211; Karelia Expert, Pielisentie 19, 81700 Lieksa, puh. 0400-175 323, 0400-311 213,\u00a0sp. lieksa@visitkarelia.fi<\/span><\/span><\/p>\n<p><strong><span style=\"color: #333333; font-family: 'Arial','sans-serif';\"><span style=\"font-size: medium;\">Liput my\u00f6s netist\u00e4:<\/span><\/span><\/strong><\/p>\n<p><span style=\"color: #333333; font-family: 'Arial','sans-serif';\"><span style=\"font-size: medium;\">Liput voi ostaa konserttiin my\u00f6s suoraan netist\u00e4 : <\/span><a href=\"http:\/\/www.pielinensoi.fi\/\"><u><span style=\"font-family: Arial; font-size: medium;\">www.pielinensoi.fi<\/span><\/u><\/a><\/span><\/p>\n<p>RadioSandels tukee konsertin onnistumista ja j\u00e4rjest\u00e4\u00e4 kuuntelijamatkan.\u00a0(<a href=\"http:\/\/radiosandels.fi\/kuuntelijamatka-suuri-sibelius-konsertti\/)\"><u><span style=\"color: #0000ff;\">http:\/\/radiosandels.fi\/kuuntelijamatka-suuri-sibelius-konsertti\/)<\/span><\/u><\/a>.<\/p>\n<p>Seuraa nettisivujemme tiedottamista, julkaisemme my\u00f6hemmin yksityiskohtaisen ohjelman.<\/p>\n<p><span style=\"color: #333333; font-family: 'Arial','sans-serif';\"><span style=\"font-size: medium;\"><span style=\"color: #000000;\">\u00a0<\/span><\/span><\/span><\/p>\n<p>&nbsp;<\/p>\n","protected":false},"excerpt":{"rendered":"<p>Kansallistaiteilija Jorma Hynninen tulkitsee Sibeliusta yhdess\u00e4 sellisti Jussi Makkosen ja pianisti Nazig Azezianin kanssa Sibeliuksen h\u00e4\u00e4matkan maisemissa Pielisell\u00e4. Hyv\u00e4ntekev\u00e4isyyskonsertin tuotto ohjataan Sibeliuksen h\u00e4\u00e4matkakohteen, Monolan aitan kunnostamisen hyv\u00e4ksi. Uusittu Bomban kes\u00e4teatteri <a class=\"more-link\" href=\"http:\/\/www.rukajarvensuunnanhistoriayhdistys.fi\/historiayhdistys\/suuri-sibelius-konsertti-bomballa-lauantaina-15-paiva-elokuuta-klo-13-00\/\">Teksti jatkuu&#8230;<span class=\"screen-reader-text\">Suuri Sibelius \u2013konsertti Bomballa lauantaina 15. p\u00e4iv\u00e4 elokuuta klo 13.00<\/span><span class=\"meta-nav\">\u2192<\/span><\/a><\/p>\n","protected":false},"author":3,"featured_media":10245,"comment_status":"closed","ping_status":"open","sticky":false,"template":"","format":"standard","meta":{"footnotes":""},"categories":[22],"tags":[],"class_list":["post-10244","post","type-post","status-publish","format-standard","has-post-thumbnail","hentry","category-ajankohtaista"],"yoast_head":"<!-- This site is optimized with the Yoast SEO plugin v27.4 - https:\/\/yoast.com\/product\/yoast-seo-wordpress\/ -->\n<title>Suuri Sibelius \u2013konsertti Bomballa lauantaina 15. p\u00e4iv\u00e4 elokuuta klo 13.00 - Rukaj\u00e4rven suunnan historiayhdistys<\/title>\n<meta name=\"robots\" content=\"index, follow, max-snippet:-1, max-image-preview:large, max-video-preview:-1\" \/>\n<link rel=\"canonical\" href=\"https:\/\/www.rukajarvensuunnanhistoriayhdistys.fi\/historiayhdistys\/suuri-sibelius-konsertti-bomballa-lauantaina-15-paiva-elokuuta-klo-13-00\/\" \/>\n<meta property=\"og:locale\" content=\"fi_FI\" \/>\n<meta property=\"og:type\" content=\"article\" \/>\n<meta property=\"og:title\" content=\"Suuri Sibelius \u2013konsertti Bomballa lauantaina 15. p\u00e4iv\u00e4 elokuuta klo 13.00 - Rukaj\u00e4rven suunnan historiayhdistys\" \/>\n<meta property=\"og:description\" content=\"Kansallistaiteilija Jorma Hynninen tulkitsee Sibeliusta yhdess\u00e4 sellisti Jussi Makkosen ja pianisti Nazig Azezianin kanssa Sibeliuksen h\u00e4\u00e4matkan maisemissa Pielisell\u00e4. Hyv\u00e4ntekev\u00e4isyyskonsertin tuotto ohjataan Sibeliuksen h\u00e4\u00e4matkakohteen, Monolan aitan kunnostamisen hyv\u00e4ksi. Uusittu Bomban kes\u00e4teatteri Teksti jatkuu...Suuri Sibelius \u2013konsertti Bomballa lauantaina 15. p\u00e4iv\u00e4 elokuuta klo 13.00\u2192\" \/>\n<meta property=\"og:url\" content=\"https:\/\/www.rukajarvensuunnanhistoriayhdistys.fi\/historiayhdistys\/suuri-sibelius-konsertti-bomballa-lauantaina-15-paiva-elokuuta-klo-13-00\/\" \/>\n<meta property=\"og:site_name\" content=\"Rukaj\u00e4rven suunnan historiayhdistys\" \/>\n<meta property=\"article:published_time\" content=\"2015-08-05T07:05:47+00:00\" \/>\n<meta property=\"article:modified_time\" content=\"2015-08-08T04:34:04+00:00\" \/>\n<meta property=\"og:image\" content=\"https:\/\/www.rukajarvensuunnanhistoriayhdistys.fi\/historiayhdistys\/wp-content\/uploads\/2015\/08\/Hynninen-Sibelius-juliste-Nurmes-15-2.jpg\" \/>\n\t<meta property=\"og:image:width\" content=\"744\" \/>\n\t<meta property=\"og:image:height\" content=\"1052\" \/>\n\t<meta property=\"og:image:type\" content=\"image\/jpeg\" \/>\n<meta name=\"author\" content=\"RSHY\" \/>\n<meta name=\"twitter:label1\" content=\"Kirjoittanut\" \/>\n\t<meta name=\"twitter:data1\" content=\"RSHY\" \/>\n\t<meta name=\"twitter:label2\" content=\"Arvioitu lukuaika\" \/>\n\t<meta name=\"twitter:data2\" content=\"1 minuutti\" \/>\n<script type=\"application\/ld+json\" class=\"yoast-schema-graph\">{\"@context\":\"https:\\\/\\\/schema.org\",\"@graph\":[{\"@type\":\"Article\",\"@id\":\"https:\\\/\\\/www.rukajarvensuunnanhistoriayhdistys.fi\\\/historiayhdistys\\\/suuri-sibelius-konsertti-bomballa-lauantaina-15-paiva-elokuuta-klo-13-00\\\/#article\",\"isPartOf\":{\"@id\":\"https:\\\/\\\/www.rukajarvensuunnanhistoriayhdistys.fi\\\/historiayhdistys\\\/suuri-sibelius-konsertti-bomballa-lauantaina-15-paiva-elokuuta-klo-13-00\\\/\"},\"author\":{\"name\":\"RSHY\",\"@id\":\"http:\\\/\\\/www.rukajarvensuunnanhistoriayhdistys.fi\\\/historiayhdistys\\\/#\\\/schema\\\/person\\\/19de7db68bf72dfd2b5d7f6dfbf8454d\"},\"headline\":\"Suuri Sibelius \u2013konsertti Bomballa lauantaina 15. p\u00e4iv\u00e4 elokuuta klo 13.00\",\"datePublished\":\"2015-08-05T07:05:47+00:00\",\"dateModified\":\"2015-08-08T04:34:04+00:00\",\"mainEntityOfPage\":{\"@id\":\"https:\\\/\\\/www.rukajarvensuunnanhistoriayhdistys.fi\\\/historiayhdistys\\\/suuri-sibelius-konsertti-bomballa-lauantaina-15-paiva-elokuuta-klo-13-00\\\/\"},\"wordCount\":244,\"publisher\":{\"@id\":\"http:\\\/\\\/www.rukajarvensuunnanhistoriayhdistys.fi\\\/historiayhdistys\\\/#organization\"},\"image\":{\"@id\":\"https:\\\/\\\/www.rukajarvensuunnanhistoriayhdistys.fi\\\/historiayhdistys\\\/suuri-sibelius-konsertti-bomballa-lauantaina-15-paiva-elokuuta-klo-13-00\\\/#primaryimage\"},\"thumbnailUrl\":\"http:\\\/\\\/www.rukajarvensuunnanhistoriayhdistys.fi\\\/historiayhdistys\\\/wp-content\\\/uploads\\\/2015\\\/08\\\/Hynninen-Sibelius-juliste-Nurmes-15-2.jpg\",\"articleSection\":[\"Ajankohtaista\"],\"inLanguage\":\"fi\"},{\"@type\":\"WebPage\",\"@id\":\"https:\\\/\\\/www.rukajarvensuunnanhistoriayhdistys.fi\\\/historiayhdistys\\\/suuri-sibelius-konsertti-bomballa-lauantaina-15-paiva-elokuuta-klo-13-00\\\/\",\"url\":\"https:\\\/\\\/www.rukajarvensuunnanhistoriayhdistys.fi\\\/historiayhdistys\\\/suuri-sibelius-konsertti-bomballa-lauantaina-15-paiva-elokuuta-klo-13-00\\\/\",\"name\":\"Suuri Sibelius \u2013konsertti Bomballa lauantaina 15. p\u00e4iv\u00e4 elokuuta klo 13.00 - Rukaj\u00e4rven suunnan historiayhdistys\",\"isPartOf\":{\"@id\":\"http:\\\/\\\/www.rukajarvensuunnanhistoriayhdistys.fi\\\/historiayhdistys\\\/#website\"},\"primaryImageOfPage\":{\"@id\":\"https:\\\/\\\/www.rukajarvensuunnanhistoriayhdistys.fi\\\/historiayhdistys\\\/suuri-sibelius-konsertti-bomballa-lauantaina-15-paiva-elokuuta-klo-13-00\\\/#primaryimage\"},\"image\":{\"@id\":\"https:\\\/\\\/www.rukajarvensuunnanhistoriayhdistys.fi\\\/historiayhdistys\\\/suuri-sibelius-konsertti-bomballa-lauantaina-15-paiva-elokuuta-klo-13-00\\\/#primaryimage\"},\"thumbnailUrl\":\"http:\\\/\\\/www.rukajarvensuunnanhistoriayhdistys.fi\\\/historiayhdistys\\\/wp-content\\\/uploads\\\/2015\\\/08\\\/Hynninen-Sibelius-juliste-Nurmes-15-2.jpg\",\"datePublished\":\"2015-08-05T07:05:47+00:00\",\"dateModified\":\"2015-08-08T04:34:04+00:00\",\"breadcrumb\":{\"@id\":\"https:\\\/\\\/www.rukajarvensuunnanhistoriayhdistys.fi\\\/historiayhdistys\\\/suuri-sibelius-konsertti-bomballa-lauantaina-15-paiva-elokuuta-klo-13-00\\\/#breadcrumb\"},\"inLanguage\":\"fi\",\"potentialAction\":[{\"@type\":\"ReadAction\",\"target\":[\"https:\\\/\\\/www.rukajarvensuunnanhistoriayhdistys.fi\\\/historiayhdistys\\\/suuri-sibelius-konsertti-bomballa-lauantaina-15-paiva-elokuuta-klo-13-00\\\/\"]}]},{\"@type\":\"ImageObject\",\"inLanguage\":\"fi\",\"@id\":\"https:\\\/\\\/www.rukajarvensuunnanhistoriayhdistys.fi\\\/historiayhdistys\\\/suuri-sibelius-konsertti-bomballa-lauantaina-15-paiva-elokuuta-klo-13-00\\\/#primaryimage\",\"url\":\"http:\\\/\\\/www.rukajarvensuunnanhistoriayhdistys.fi\\\/historiayhdistys\\\/wp-content\\\/uploads\\\/2015\\\/08\\\/Hynninen-Sibelius-juliste-Nurmes-15-2.jpg\",\"contentUrl\":\"http:\\\/\\\/www.rukajarvensuunnanhistoriayhdistys.fi\\\/historiayhdistys\\\/wp-content\\\/uploads\\\/2015\\\/08\\\/Hynninen-Sibelius-juliste-Nurmes-15-2.jpg\",\"width\":744,\"height\":1052,\"caption\":\"Ohjelma sivu 2.\"},{\"@type\":\"BreadcrumbList\",\"@id\":\"https:\\\/\\\/www.rukajarvensuunnanhistoriayhdistys.fi\\\/historiayhdistys\\\/suuri-sibelius-konsertti-bomballa-lauantaina-15-paiva-elokuuta-klo-13-00\\\/#breadcrumb\",\"itemListElement\":[{\"@type\":\"ListItem\",\"position\":1,\"name\":\"Etusivu\",\"item\":\"http:\\\/\\\/www.rukajarvensuunnanhistoriayhdistys.fi\\\/historiayhdistys\\\/\"},{\"@type\":\"ListItem\",\"position\":2,\"name\":\"Suuri Sibelius \u2013konsertti Bomballa lauantaina 15. p\u00e4iv\u00e4 elokuuta klo 13.00\"}]},{\"@type\":\"WebSite\",\"@id\":\"http:\\\/\\\/www.rukajarvensuunnanhistoriayhdistys.fi\\\/historiayhdistys\\\/#website\",\"url\":\"http:\\\/\\\/www.rukajarvensuunnanhistoriayhdistys.fi\\\/historiayhdistys\\\/\",\"name\":\"Rukaj\u00e4rven suunnan historiayhdistys\",\"description\":\"Rukaj\u00e4rven suunnan historiayhdistyksen verkkosivut.\",\"publisher\":{\"@id\":\"http:\\\/\\\/www.rukajarvensuunnanhistoriayhdistys.fi\\\/historiayhdistys\\\/#organization\"},\"potentialAction\":[{\"@type\":\"SearchAction\",\"target\":{\"@type\":\"EntryPoint\",\"urlTemplate\":\"http:\\\/\\\/www.rukajarvensuunnanhistoriayhdistys.fi\\\/historiayhdistys\\\/?s={search_term_string}\"},\"query-input\":{\"@type\":\"PropertyValueSpecification\",\"valueRequired\":true,\"valueName\":\"search_term_string\"}}],\"inLanguage\":\"fi\"},{\"@type\":\"Organization\",\"@id\":\"http:\\\/\\\/www.rukajarvensuunnanhistoriayhdistys.fi\\\/historiayhdistys\\\/#organization\",\"name\":\"Rukaj\u00e4rven suunnan historiayhdistys\",\"url\":\"http:\\\/\\\/www.rukajarvensuunnanhistoriayhdistys.fi\\\/historiayhdistys\\\/\",\"logo\":{\"@type\":\"ImageObject\",\"inLanguage\":\"fi\",\"@id\":\"http:\\\/\\\/www.rukajarvensuunnanhistoriayhdistys.fi\\\/historiayhdistys\\\/#\\\/schema\\\/logo\\\/image\\\/\",\"url\":\"http:\\\/\\\/www.rukajarvensuunnanhistoriayhdistys.fi\\\/historiayhdistys\\\/wp-content\\\/uploads\\\/2013\\\/12\\\/Otsake_3.jpg\",\"contentUrl\":\"http:\\\/\\\/www.rukajarvensuunnanhistoriayhdistys.fi\\\/historiayhdistys\\\/wp-content\\\/uploads\\\/2013\\\/12\\\/Otsake_3.jpg\",\"width\":1000,\"height\":442,\"caption\":\"Rukaj\u00e4rven suunnan historiayhdistys\"},\"image\":{\"@id\":\"http:\\\/\\\/www.rukajarvensuunnanhistoriayhdistys.fi\\\/historiayhdistys\\\/#\\\/schema\\\/logo\\\/image\\\/\"}},{\"@type\":\"Person\",\"@id\":\"http:\\\/\\\/www.rukajarvensuunnanhistoriayhdistys.fi\\\/historiayhdistys\\\/#\\\/schema\\\/person\\\/19de7db68bf72dfd2b5d7f6dfbf8454d\",\"name\":\"RSHY\",\"image\":{\"@type\":\"ImageObject\",\"inLanguage\":\"fi\",\"@id\":\"https:\\\/\\\/secure.gravatar.com\\\/avatar\\\/598d59263a69cc8de65fcb4f9db78d6f58c098cb0e0ba22d73377441af9fa04c?s=96&d=blank&r=g\",\"url\":\"https:\\\/\\\/secure.gravatar.com\\\/avatar\\\/598d59263a69cc8de65fcb4f9db78d6f58c098cb0e0ba22d73377441af9fa04c?s=96&d=blank&r=g\",\"contentUrl\":\"https:\\\/\\\/secure.gravatar.com\\\/avatar\\\/598d59263a69cc8de65fcb4f9db78d6f58c098cb0e0ba22d73377441af9fa04c?s=96&d=blank&r=g\",\"caption\":\"RSHY\"},\"url\":\"http:\\\/\\\/www.rukajarvensuunnanhistoriayhdistys.fi\\\/historiayhdistys\\\/author\\\/rshy\\\/\"}]}<\/script>\n<!-- \/ Yoast SEO plugin. -->","yoast_head_json":{"title":"Suuri Sibelius \u2013konsertti Bomballa lauantaina 15. p\u00e4iv\u00e4 elokuuta klo 13.00 - Rukaj\u00e4rven suunnan historiayhdistys","robots":{"index":"index","follow":"follow","max-snippet":"max-snippet:-1","max-image-preview":"max-image-preview:large","max-video-preview":"max-video-preview:-1"},"canonical":"https:\/\/www.rukajarvensuunnanhistoriayhdistys.fi\/historiayhdistys\/suuri-sibelius-konsertti-bomballa-lauantaina-15-paiva-elokuuta-klo-13-00\/","og_locale":"fi_FI","og_type":"article","og_title":"Suuri Sibelius \u2013konsertti Bomballa lauantaina 15. p\u00e4iv\u00e4 elokuuta klo 13.00 - Rukaj\u00e4rven suunnan historiayhdistys","og_description":"Kansallistaiteilija Jorma Hynninen tulkitsee Sibeliusta yhdess\u00e4 sellisti Jussi Makkosen ja pianisti Nazig Azezianin kanssa Sibeliuksen h\u00e4\u00e4matkan maisemissa Pielisell\u00e4. Hyv\u00e4ntekev\u00e4isyyskonsertin tuotto ohjataan Sibeliuksen h\u00e4\u00e4matkakohteen, Monolan aitan kunnostamisen hyv\u00e4ksi. Uusittu Bomban kes\u00e4teatteri Teksti jatkuu...Suuri Sibelius \u2013konsertti Bomballa lauantaina 15. p\u00e4iv\u00e4 elokuuta klo 13.00\u2192","og_url":"https:\/\/www.rukajarvensuunnanhistoriayhdistys.fi\/historiayhdistys\/suuri-sibelius-konsertti-bomballa-lauantaina-15-paiva-elokuuta-klo-13-00\/","og_site_name":"Rukaj\u00e4rven suunnan historiayhdistys","article_published_time":"2015-08-05T07:05:47+00:00","article_modified_time":"2015-08-08T04:34:04+00:00","og_image":[{"width":744,"height":1052,"url":"https:\/\/www.rukajarvensuunnanhistoriayhdistys.fi\/historiayhdistys\/wp-content\/uploads\/2015\/08\/Hynninen-Sibelius-juliste-Nurmes-15-2.jpg","type":"image\/jpeg"}],"author":"RSHY","twitter_misc":{"Kirjoittanut":"RSHY","Arvioitu lukuaika":"1 minuutti"},"schema":{"@context":"https:\/\/schema.org","@graph":[{"@type":"Article","@id":"https:\/\/www.rukajarvensuunnanhistoriayhdistys.fi\/historiayhdistys\/suuri-sibelius-konsertti-bomballa-lauantaina-15-paiva-elokuuta-klo-13-00\/#article","isPartOf":{"@id":"https:\/\/www.rukajarvensuunnanhistoriayhdistys.fi\/historiayhdistys\/suuri-sibelius-konsertti-bomballa-lauantaina-15-paiva-elokuuta-klo-13-00\/"},"author":{"name":"RSHY","@id":"http:\/\/www.rukajarvensuunnanhistoriayhdistys.fi\/historiayhdistys\/#\/schema\/person\/19de7db68bf72dfd2b5d7f6dfbf8454d"},"headline":"Suuri Sibelius \u2013konsertti Bomballa lauantaina 15. p\u00e4iv\u00e4 elokuuta klo 13.00","datePublished":"2015-08-05T07:05:47+00:00","dateModified":"2015-08-08T04:34:04+00:00","mainEntityOfPage":{"@id":"https:\/\/www.rukajarvensuunnanhistoriayhdistys.fi\/historiayhdistys\/suuri-sibelius-konsertti-bomballa-lauantaina-15-paiva-elokuuta-klo-13-00\/"},"wordCount":244,"publisher":{"@id":"http:\/\/www.rukajarvensuunnanhistoriayhdistys.fi\/historiayhdistys\/#organization"},"image":{"@id":"https:\/\/www.rukajarvensuunnanhistoriayhdistys.fi\/historiayhdistys\/suuri-sibelius-konsertti-bomballa-lauantaina-15-paiva-elokuuta-klo-13-00\/#primaryimage"},"thumbnailUrl":"http:\/\/www.rukajarvensuunnanhistoriayhdistys.fi\/historiayhdistys\/wp-content\/uploads\/2015\/08\/Hynninen-Sibelius-juliste-Nurmes-15-2.jpg","articleSection":["Ajankohtaista"],"inLanguage":"fi"},{"@type":"WebPage","@id":"https:\/\/www.rukajarvensuunnanhistoriayhdistys.fi\/historiayhdistys\/suuri-sibelius-konsertti-bomballa-lauantaina-15-paiva-elokuuta-klo-13-00\/","url":"https:\/\/www.rukajarvensuunnanhistoriayhdistys.fi\/historiayhdistys\/suuri-sibelius-konsertti-bomballa-lauantaina-15-paiva-elokuuta-klo-13-00\/","name":"Suuri Sibelius \u2013konsertti Bomballa lauantaina 15. p\u00e4iv\u00e4 elokuuta klo 13.00 - Rukaj\u00e4rven suunnan historiayhdistys","isPartOf":{"@id":"http:\/\/www.rukajarvensuunnanhistoriayhdistys.fi\/historiayhdistys\/#website"},"primaryImageOfPage":{"@id":"https:\/\/www.rukajarvensuunnanhistoriayhdistys.fi\/historiayhdistys\/suuri-sibelius-konsertti-bomballa-lauantaina-15-paiva-elokuuta-klo-13-00\/#primaryimage"},"image":{"@id":"https:\/\/www.rukajarvensuunnanhistoriayhdistys.fi\/historiayhdistys\/suuri-sibelius-konsertti-bomballa-lauantaina-15-paiva-elokuuta-klo-13-00\/#primaryimage"},"thumbnailUrl":"http:\/\/www.rukajarvensuunnanhistoriayhdistys.fi\/historiayhdistys\/wp-content\/uploads\/2015\/08\/Hynninen-Sibelius-juliste-Nurmes-15-2.jpg","datePublished":"2015-08-05T07:05:47+00:00","dateModified":"2015-08-08T04:34:04+00:00","breadcrumb":{"@id":"https:\/\/www.rukajarvensuunnanhistoriayhdistys.fi\/historiayhdistys\/suuri-sibelius-konsertti-bomballa-lauantaina-15-paiva-elokuuta-klo-13-00\/#breadcrumb"},"inLanguage":"fi","potentialAction":[{"@type":"ReadAction","target":["https:\/\/www.rukajarvensuunnanhistoriayhdistys.fi\/historiayhdistys\/suuri-sibelius-konsertti-bomballa-lauantaina-15-paiva-elokuuta-klo-13-00\/"]}]},{"@type":"ImageObject","inLanguage":"fi","@id":"https:\/\/www.rukajarvensuunnanhistoriayhdistys.fi\/historiayhdistys\/suuri-sibelius-konsertti-bomballa-lauantaina-15-paiva-elokuuta-klo-13-00\/#primaryimage","url":"http:\/\/www.rukajarvensuunnanhistoriayhdistys.fi\/historiayhdistys\/wp-content\/uploads\/2015\/08\/Hynninen-Sibelius-juliste-Nurmes-15-2.jpg","contentUrl":"http:\/\/www.rukajarvensuunnanhistoriayhdistys.fi\/historiayhdistys\/wp-content\/uploads\/2015\/08\/Hynninen-Sibelius-juliste-Nurmes-15-2.jpg","width":744,"height":1052,"caption":"Ohjelma sivu 2."},{"@type":"BreadcrumbList","@id":"https:\/\/www.rukajarvensuunnanhistoriayhdistys.fi\/historiayhdistys\/suuri-sibelius-konsertti-bomballa-lauantaina-15-paiva-elokuuta-klo-13-00\/#breadcrumb","itemListElement":[{"@type":"ListItem","position":1,"name":"Etusivu","item":"http:\/\/www.rukajarvensuunnanhistoriayhdistys.fi\/historiayhdistys\/"},{"@type":"ListItem","position":2,"name":"Suuri Sibelius \u2013konsertti Bomballa lauantaina 15. p\u00e4iv\u00e4 elokuuta klo 13.00"}]},{"@type":"WebSite","@id":"http:\/\/www.rukajarvensuunnanhistoriayhdistys.fi\/historiayhdistys\/#website","url":"http:\/\/www.rukajarvensuunnanhistoriayhdistys.fi\/historiayhdistys\/","name":"Rukaj\u00e4rven suunnan historiayhdistys","description":"Rukaj\u00e4rven suunnan historiayhdistyksen verkkosivut.","publisher":{"@id":"http:\/\/www.rukajarvensuunnanhistoriayhdistys.fi\/historiayhdistys\/#organization"},"potentialAction":[{"@type":"SearchAction","target":{"@type":"EntryPoint","urlTemplate":"http:\/\/www.rukajarvensuunnanhistoriayhdistys.fi\/historiayhdistys\/?s={search_term_string}"},"query-input":{"@type":"PropertyValueSpecification","valueRequired":true,"valueName":"search_term_string"}}],"inLanguage":"fi"},{"@type":"Organization","@id":"http:\/\/www.rukajarvensuunnanhistoriayhdistys.fi\/historiayhdistys\/#organization","name":"Rukaj\u00e4rven suunnan historiayhdistys","url":"http:\/\/www.rukajarvensuunnanhistoriayhdistys.fi\/historiayhdistys\/","logo":{"@type":"ImageObject","inLanguage":"fi","@id":"http:\/\/www.rukajarvensuunnanhistoriayhdistys.fi\/historiayhdistys\/#\/schema\/logo\/image\/","url":"http:\/\/www.rukajarvensuunnanhistoriayhdistys.fi\/historiayhdistys\/wp-content\/uploads\/2013\/12\/Otsake_3.jpg","contentUrl":"http:\/\/www.rukajarvensuunnanhistoriayhdistys.fi\/historiayhdistys\/wp-content\/uploads\/2013\/12\/Otsake_3.jpg","width":1000,"height":442,"caption":"Rukaj\u00e4rven suunnan historiayhdistys"},"image":{"@id":"http:\/\/www.rukajarvensuunnanhistoriayhdistys.fi\/historiayhdistys\/#\/schema\/logo\/image\/"}},{"@type":"Person","@id":"http:\/\/www.rukajarvensuunnanhistoriayhdistys.fi\/historiayhdistys\/#\/schema\/person\/19de7db68bf72dfd2b5d7f6dfbf8454d","name":"RSHY","image":{"@type":"ImageObject","inLanguage":"fi","@id":"https:\/\/secure.gravatar.com\/avatar\/598d59263a69cc8de65fcb4f9db78d6f58c098cb0e0ba22d73377441af9fa04c?s=96&d=blank&r=g","url":"https:\/\/secure.gravatar.com\/avatar\/598d59263a69cc8de65fcb4f9db78d6f58c098cb0e0ba22d73377441af9fa04c?s=96&d=blank&r=g","contentUrl":"https:\/\/secure.gravatar.com\/avatar\/598d59263a69cc8de65fcb4f9db78d6f58c098cb0e0ba22d73377441af9fa04c?s=96&d=blank&r=g","caption":"RSHY"},"url":"http:\/\/www.rukajarvensuunnanhistoriayhdistys.fi\/historiayhdistys\/author\/rshy\/"}]}},"_links":{"self":[{"href":"http:\/\/www.rukajarvensuunnanhistoriayhdistys.fi\/historiayhdistys\/wp-json\/wp\/v2\/posts\/10244","targetHints":{"allow":["GET"]}}],"collection":[{"href":"http:\/\/www.rukajarvensuunnanhistoriayhdistys.fi\/historiayhdistys\/wp-json\/wp\/v2\/posts"}],"about":[{"href":"http:\/\/www.rukajarvensuunnanhistoriayhdistys.fi\/historiayhdistys\/wp-json\/wp\/v2\/types\/post"}],"author":[{"embeddable":true,"href":"http:\/\/www.rukajarvensuunnanhistoriayhdistys.fi\/historiayhdistys\/wp-json\/wp\/v2\/users\/3"}],"replies":[{"embeddable":true,"href":"http:\/\/www.rukajarvensuunnanhistoriayhdistys.fi\/historiayhdistys\/wp-json\/wp\/v2\/comments?post=10244"}],"version-history":[{"count":4,"href":"http:\/\/www.rukajarvensuunnanhistoriayhdistys.fi\/historiayhdistys\/wp-json\/wp\/v2\/posts\/10244\/revisions"}],"predecessor-version":[{"id":10266,"href":"http:\/\/www.rukajarvensuunnanhistoriayhdistys.fi\/historiayhdistys\/wp-json\/wp\/v2\/posts\/10244\/revisions\/10266"}],"wp:featuredmedia":[{"embeddable":true,"href":"http:\/\/www.rukajarvensuunnanhistoriayhdistys.fi\/historiayhdistys\/wp-json\/wp\/v2\/media\/10245"}],"wp:attachment":[{"href":"http:\/\/www.rukajarvensuunnanhistoriayhdistys.fi\/historiayhdistys\/wp-json\/wp\/v2\/media?parent=10244"}],"wp:term":[{"taxonomy":"category","embeddable":true,"href":"http:\/\/www.rukajarvensuunnanhistoriayhdistys.fi\/historiayhdistys\/wp-json\/wp\/v2\/categories?post=10244"},{"taxonomy":"post_tag","embeddable":true,"href":"http:\/\/www.rukajarvensuunnanhistoriayhdistys.fi\/historiayhdistys\/wp-json\/wp\/v2\/tags?post=10244"}],"curies":[{"name":"wp","href":"https:\/\/api.w.org\/{rel}","templated":true}]}}