{"id":10296,"date":"2015-11-13T23:04:04","date_gmt":"2015-11-13T21:04:04","guid":{"rendered":"http:\/\/www.rukajarvensuunnanhistoriayhdistys.fi\/historiayhdistys\/?p=10296"},"modified":"2015-11-22T23:37:51","modified_gmt":"2015-11-22T21:37:51","slug":"rukajarven-luutnantti-ermei-kanninen-on-kuollut","status":"publish","type":"post","link":"http:\/\/www.rukajarvensuunnanhistoriayhdistys.fi\/historiayhdistys\/rukajarven-luutnantti-ermei-kanninen-on-kuollut\/","title":{"rendered":"&#8221;Rukaj\u00e4rven luutnantti&#8221; Ermei Kanninen on kuollut"},"content":{"rendered":"<div class=\"fcbkbttn_buttons_block\" id=\"fcbkbttn_left\"><div class=\"fcbkbttn_like \"><fb:like href=\"http:\/\/www.rukajarvensuunnanhistoriayhdistys.fi\/historiayhdistys\/rukajarven-luutnantti-ermei-kanninen-on-kuollut\/\" action=\"like\" colorscheme=\"light\" layout=\"button_count\"  size=\"small\"><\/fb:like><\/div><\/div><p>Yksi kenraalikuntamme vanhimmista ja arvostetuimmista j\u00e4senist\u00e4, pitk\u00e4n uran puolustusvoimissa tehnyt kenraaliluutnantti Ermei Kanninen (s. 19.10.1922) menehtyi eilen 12.11.2015,\u00a0 \u00a093 vuoden ik\u00e4isen\u00e4.<\/p>\n<p><a href=\"http:\/\/www.rukajarvensuunnanhistoriayhdistys.fi\/historiayhdistys\/wp-content\/uploads\/2015\/11\/A-04-Scan10006-1-EK.jpg\"><img loading=\"lazy\" decoding=\"async\" class=\"alignnone size-full wp-image-10297\" src=\"http:\/\/www.rukajarvensuunnanhistoriayhdistys.fi\/historiayhdistys\/wp-content\/uploads\/2015\/11\/A-04-Scan10006-1-EK.jpg\" alt=\"A-04-Scan10006-1-EK\" width=\"1048\" height=\"1612\" data-id=\"10297\" srcset=\"http:\/\/www.rukajarvensuunnanhistoriayhdistys.fi\/historiayhdistys\/wp-content\/uploads\/2015\/11\/A-04-Scan10006-1-EK.jpg 1048w, http:\/\/www.rukajarvensuunnanhistoriayhdistys.fi\/historiayhdistys\/wp-content\/uploads\/2015\/11\/A-04-Scan10006-1-EK-195x300.jpg 195w, http:\/\/www.rukajarvensuunnanhistoriayhdistys.fi\/historiayhdistys\/wp-content\/uploads\/2015\/11\/A-04-Scan10006-1-EK-666x1024.jpg 666w\" sizes=\"auto, (max-width: 1048px) 100vw, 1048px\" \/><\/a><\/p>\n<p>Ermei Kanninen oli kahden sodan veteraani. Talvisodan alussa\u00a0 h\u00e4n osallistui Helsingin paikallispuolustukseen ja Talvisodan lopulla h\u00e4net komennettiin varusmiehen\u00e4 rannikkotykist\u00f6\u00f6n Ahvenanmaalle.<\/p>\n<p>Jatkosodassa Ermei Kanninen palveli rintamalla, ensin Karjalan Kannaksella v\u00e4nrikkin\u00e4 ja sodan lopulla luutnanttina Rukaj\u00e4rven rintamalla.<\/p>\n<p>Kanninen toimi aktiivisesti monissa erilaisissa j\u00e4rjest\u00f6teht\u00e4viss\u00e4 ja h\u00e4n oli suosittu esitelmien pit\u00e4j\u00e4 aivan viimevuosiin saakka.<\/p>\n<p>Kenraaliluutnantti Ermei Kanninen oli Rukaj\u00e4rven suunnan historiayhdistyksen perustajaj\u00e4sen. Yhdistyksen perustamiskokous pidettiin 19.9.2009 Marskin Majalla.<\/p>\n<p>Rukaj\u00e4rven suunnan historiayhdistys ry kunnioittaa h\u00e4nen muistoaan ja ottaa osaa omaisten suruun.<\/p>\n<p>****<\/p>\n<p>Kenraaliluutnantti Ermei Kannisen Rukaj\u00e4rven suunnan historiayhdistyksen tilaisuuksissa pit\u00e4m\u00e4t esitelm\u00e4t on taltioitu ja ne ovat n\u00e4ht\u00e4viss\u00e4 kokonaisuudessaan Rukaj\u00e4rvi-keskuksissa Iisalmessa ja Lieksassa ja otteita niist\u00e4 \u00a0on julkaistu my\u00f6s yhdistyksemme nettisivuilla.<\/p>\n<p>Muistokirjoitus julkaistaan 28.11.2015 t\u00e4ll\u00e4 Rukaj\u00e4rven suunnan historiayhdistyksen nettisivulla.<\/p>\n<p>&nbsp;<\/p>\n","protected":false},"excerpt":{"rendered":"<p>Yksi kenraalikuntamme vanhimmista ja arvostetuimmista j\u00e4senist\u00e4, pitk\u00e4n uran puolustusvoimissa tehnyt kenraaliluutnantti Ermei Kanninen (s. 19.10.1922) menehtyi eilen 12.11.2015,\u00a0 \u00a093 vuoden ik\u00e4isen\u00e4. Ermei Kanninen oli kahden sodan veteraani. Talvisodan alussa\u00a0 h\u00e4n <a class=\"more-link\" href=\"http:\/\/www.rukajarvensuunnanhistoriayhdistys.fi\/historiayhdistys\/rukajarven-luutnantti-ermei-kanninen-on-kuollut\/\">Teksti jatkuu&#8230;<span class=\"screen-reader-text\">&#8221;Rukaj\u00e4rven luutnantti&#8221; Ermei Kanninen on kuollut<\/span><span class=\"meta-nav\">\u2192<\/span><\/a><\/p>\n","protected":false},"author":2,"featured_media":10300,"comment_status":"closed","ping_status":"open","sticky":false,"template":"","format":"standard","meta":{"footnotes":""},"categories":[22],"tags":[],"class_list":["post-10296","post","type-post","status-publish","format-standard","has-post-thumbnail","hentry","category-ajankohtaista"],"yoast_head":"<!-- This site is optimized with the Yoast SEO plugin v27.4 - https:\/\/yoast.com\/product\/yoast-seo-wordpress\/ -->\n<title>&quot;Rukaj\u00e4rven luutnantti&quot; Ermei Kanninen on kuollut - Rukaj\u00e4rven suunnan historiayhdistys<\/title>\n<meta name=\"robots\" content=\"index, follow, max-snippet:-1, max-image-preview:large, max-video-preview:-1\" \/>\n<link rel=\"canonical\" href=\"http:\/\/www.rukajarvensuunnanhistoriayhdistys.fi\/historiayhdistys\/rukajarven-luutnantti-ermei-kanninen-on-kuollut\/\" \/>\n<meta property=\"og:locale\" content=\"fi_FI\" \/>\n<meta property=\"og:type\" content=\"article\" \/>\n<meta property=\"og:title\" content=\"&quot;Rukaj\u00e4rven luutnantti&quot; Ermei Kanninen on kuollut - Rukaj\u00e4rven suunnan historiayhdistys\" \/>\n<meta property=\"og:description\" content=\"Yksi kenraalikuntamme vanhimmista ja arvostetuimmista j\u00e4senist\u00e4, pitk\u00e4n uran puolustusvoimissa tehnyt kenraaliluutnantti Ermei Kanninen (s. 19.10.1922) menehtyi eilen 12.11.2015,\u00a0 \u00a093 vuoden ik\u00e4isen\u00e4. Ermei Kanninen oli kahden sodan veteraani. Talvisodan alussa\u00a0 h\u00e4n Teksti jatkuu...&#8221;Rukaj\u00e4rven luutnantti&#8221; Ermei Kanninen on kuollut\u2192\" \/>\n<meta property=\"og:url\" content=\"http:\/\/www.rukajarvensuunnanhistoriayhdistys.fi\/historiayhdistys\/rukajarven-luutnantti-ermei-kanninen-on-kuollut\/\" \/>\n<meta property=\"og:site_name\" content=\"Rukaj\u00e4rven suunnan historiayhdistys\" \/>\n<meta property=\"article:published_time\" content=\"2015-11-13T21:04:04+00:00\" \/>\n<meta property=\"article:modified_time\" content=\"2015-11-22T21:37:51+00:00\" \/>\n<meta property=\"og:image\" content=\"http:\/\/www.rukajarvensuunnanhistoriayhdistys.fi\/historiayhdistys\/wp-content\/uploads\/2015\/11\/N\u00e4ytt\u00f6kuva-2015-11-13-kello-23.08.25.png\" \/>\n\t<meta property=\"og:image:width\" content=\"895\" \/>\n\t<meta property=\"og:image:height\" content=\"577\" \/>\n\t<meta property=\"og:image:type\" content=\"image\/png\" \/>\n<meta name=\"author\" content=\"Toimitus\" \/>\n<meta name=\"twitter:label1\" content=\"Kirjoittanut\" \/>\n\t<meta name=\"twitter:data1\" content=\"Toimitus\" \/>\n\t<meta name=\"twitter:label2\" content=\"Arvioitu lukuaika\" \/>\n\t<meta name=\"twitter:data2\" content=\"1 minuutti\" \/>\n<script type=\"application\/ld+json\" class=\"yoast-schema-graph\">{\"@context\":\"https:\\\/\\\/schema.org\",\"@graph\":[{\"@type\":\"Article\",\"@id\":\"http:\\\/\\\/www.rukajarvensuunnanhistoriayhdistys.fi\\\/historiayhdistys\\\/rukajarven-luutnantti-ermei-kanninen-on-kuollut\\\/#article\",\"isPartOf\":{\"@id\":\"http:\\\/\\\/www.rukajarvensuunnanhistoriayhdistys.fi\\\/historiayhdistys\\\/rukajarven-luutnantti-ermei-kanninen-on-kuollut\\\/\"},\"author\":{\"name\":\"Toimitus\",\"@id\":\"http:\\\/\\\/www.rukajarvensuunnanhistoriayhdistys.fi\\\/historiayhdistys\\\/#\\\/schema\\\/person\\\/d317fab98e9d8a2e649d05eee95d6449\"},\"headline\":\"&#8221;Rukaj\u00e4rven luutnantti&#8221; Ermei Kanninen on kuollut\",\"datePublished\":\"2015-11-13T21:04:04+00:00\",\"dateModified\":\"2015-11-22T21:37:51+00:00\",\"mainEntityOfPage\":{\"@id\":\"http:\\\/\\\/www.rukajarvensuunnanhistoriayhdistys.fi\\\/historiayhdistys\\\/rukajarven-luutnantti-ermei-kanninen-on-kuollut\\\/\"},\"wordCount\":163,\"publisher\":{\"@id\":\"http:\\\/\\\/www.rukajarvensuunnanhistoriayhdistys.fi\\\/historiayhdistys\\\/#organization\"},\"image\":{\"@id\":\"http:\\\/\\\/www.rukajarvensuunnanhistoriayhdistys.fi\\\/historiayhdistys\\\/rukajarven-luutnantti-ermei-kanninen-on-kuollut\\\/#primaryimage\"},\"thumbnailUrl\":\"http:\\\/\\\/www.rukajarvensuunnanhistoriayhdistys.fi\\\/historiayhdistys\\\/wp-content\\\/uploads\\\/2015\\\/11\\\/N\u00e4ytt\u00f6kuva-2015-11-13-kello-23.08.25.png\",\"articleSection\":[\"Ajankohtaista\"],\"inLanguage\":\"fi\"},{\"@type\":\"WebPage\",\"@id\":\"http:\\\/\\\/www.rukajarvensuunnanhistoriayhdistys.fi\\\/historiayhdistys\\\/rukajarven-luutnantti-ermei-kanninen-on-kuollut\\\/\",\"url\":\"http:\\\/\\\/www.rukajarvensuunnanhistoriayhdistys.fi\\\/historiayhdistys\\\/rukajarven-luutnantti-ermei-kanninen-on-kuollut\\\/\",\"name\":\"\\\"Rukaj\u00e4rven luutnantti\\\" Ermei Kanninen on kuollut - Rukaj\u00e4rven suunnan historiayhdistys\",\"isPartOf\":{\"@id\":\"http:\\\/\\\/www.rukajarvensuunnanhistoriayhdistys.fi\\\/historiayhdistys\\\/#website\"},\"primaryImageOfPage\":{\"@id\":\"http:\\\/\\\/www.rukajarvensuunnanhistoriayhdistys.fi\\\/historiayhdistys\\\/rukajarven-luutnantti-ermei-kanninen-on-kuollut\\\/#primaryimage\"},\"image\":{\"@id\":\"http:\\\/\\\/www.rukajarvensuunnanhistoriayhdistys.fi\\\/historiayhdistys\\\/rukajarven-luutnantti-ermei-kanninen-on-kuollut\\\/#primaryimage\"},\"thumbnailUrl\":\"http:\\\/\\\/www.rukajarvensuunnanhistoriayhdistys.fi\\\/historiayhdistys\\\/wp-content\\\/uploads\\\/2015\\\/11\\\/N\u00e4ytt\u00f6kuva-2015-11-13-kello-23.08.25.png\",\"datePublished\":\"2015-11-13T21:04:04+00:00\",\"dateModified\":\"2015-11-22T21:37:51+00:00\",\"breadcrumb\":{\"@id\":\"http:\\\/\\\/www.rukajarvensuunnanhistoriayhdistys.fi\\\/historiayhdistys\\\/rukajarven-luutnantti-ermei-kanninen-on-kuollut\\\/#breadcrumb\"},\"inLanguage\":\"fi\",\"potentialAction\":[{\"@type\":\"ReadAction\",\"target\":[\"http:\\\/\\\/www.rukajarvensuunnanhistoriayhdistys.fi\\\/historiayhdistys\\\/rukajarven-luutnantti-ermei-kanninen-on-kuollut\\\/\"]}]},{\"@type\":\"ImageObject\",\"inLanguage\":\"fi\",\"@id\":\"http:\\\/\\\/www.rukajarvensuunnanhistoriayhdistys.fi\\\/historiayhdistys\\\/rukajarven-luutnantti-ermei-kanninen-on-kuollut\\\/#primaryimage\",\"url\":\"http:\\\/\\\/www.rukajarvensuunnanhistoriayhdistys.fi\\\/historiayhdistys\\\/wp-content\\\/uploads\\\/2015\\\/11\\\/N\u00e4ytt\u00f6kuva-2015-11-13-kello-23.08.25.png\",\"contentUrl\":\"http:\\\/\\\/www.rukajarvensuunnanhistoriayhdistys.fi\\\/historiayhdistys\\\/wp-content\\\/uploads\\\/2015\\\/11\\\/N\u00e4ytt\u00f6kuva-2015-11-13-kello-23.08.25.png\",\"width\":895,\"height\":577},{\"@type\":\"BreadcrumbList\",\"@id\":\"http:\\\/\\\/www.rukajarvensuunnanhistoriayhdistys.fi\\\/historiayhdistys\\\/rukajarven-luutnantti-ermei-kanninen-on-kuollut\\\/#breadcrumb\",\"itemListElement\":[{\"@type\":\"ListItem\",\"position\":1,\"name\":\"Etusivu\",\"item\":\"http:\\\/\\\/www.rukajarvensuunnanhistoriayhdistys.fi\\\/historiayhdistys\\\/\"},{\"@type\":\"ListItem\",\"position\":2,\"name\":\"&#8221;Rukaj\u00e4rven luutnantti&#8221; Ermei Kanninen on kuollut\"}]},{\"@type\":\"WebSite\",\"@id\":\"http:\\\/\\\/www.rukajarvensuunnanhistoriayhdistys.fi\\\/historiayhdistys\\\/#website\",\"url\":\"http:\\\/\\\/www.rukajarvensuunnanhistoriayhdistys.fi\\\/historiayhdistys\\\/\",\"name\":\"Rukaj\u00e4rven suunnan historiayhdistys\",\"description\":\"Rukaj\u00e4rven suunnan historiayhdistyksen verkkosivut.\",\"publisher\":{\"@id\":\"http:\\\/\\\/www.rukajarvensuunnanhistoriayhdistys.fi\\\/historiayhdistys\\\/#organization\"},\"potentialAction\":[{\"@type\":\"SearchAction\",\"target\":{\"@type\":\"EntryPoint\",\"urlTemplate\":\"http:\\\/\\\/www.rukajarvensuunnanhistoriayhdistys.fi\\\/historiayhdistys\\\/?s={search_term_string}\"},\"query-input\":{\"@type\":\"PropertyValueSpecification\",\"valueRequired\":true,\"valueName\":\"search_term_string\"}}],\"inLanguage\":\"fi\"},{\"@type\":\"Organization\",\"@id\":\"http:\\\/\\\/www.rukajarvensuunnanhistoriayhdistys.fi\\\/historiayhdistys\\\/#organization\",\"name\":\"Rukaj\u00e4rven suunnan historiayhdistys\",\"url\":\"http:\\\/\\\/www.rukajarvensuunnanhistoriayhdistys.fi\\\/historiayhdistys\\\/\",\"logo\":{\"@type\":\"ImageObject\",\"inLanguage\":\"fi\",\"@id\":\"http:\\\/\\\/www.rukajarvensuunnanhistoriayhdistys.fi\\\/historiayhdistys\\\/#\\\/schema\\\/logo\\\/image\\\/\",\"url\":\"http:\\\/\\\/www.rukajarvensuunnanhistoriayhdistys.fi\\\/historiayhdistys\\\/wp-content\\\/uploads\\\/2013\\\/12\\\/Otsake_3.jpg\",\"contentUrl\":\"http:\\\/\\\/www.rukajarvensuunnanhistoriayhdistys.fi\\\/historiayhdistys\\\/wp-content\\\/uploads\\\/2013\\\/12\\\/Otsake_3.jpg\",\"width\":1000,\"height\":442,\"caption\":\"Rukaj\u00e4rven suunnan historiayhdistys\"},\"image\":{\"@id\":\"http:\\\/\\\/www.rukajarvensuunnanhistoriayhdistys.fi\\\/historiayhdistys\\\/#\\\/schema\\\/logo\\\/image\\\/\"}},{\"@type\":\"Person\",\"@id\":\"http:\\\/\\\/www.rukajarvensuunnanhistoriayhdistys.fi\\\/historiayhdistys\\\/#\\\/schema\\\/person\\\/d317fab98e9d8a2e649d05eee95d6449\",\"name\":\"Toimitus\",\"image\":{\"@type\":\"ImageObject\",\"inLanguage\":\"fi\",\"@id\":\"https:\\\/\\\/secure.gravatar.com\\\/avatar\\\/82f421127bdf3e0569576d58a571bfc01eff80ca5969720f6c2819d3765a55a6?s=96&d=blank&r=g\",\"url\":\"https:\\\/\\\/secure.gravatar.com\\\/avatar\\\/82f421127bdf3e0569576d58a571bfc01eff80ca5969720f6c2819d3765a55a6?s=96&d=blank&r=g\",\"contentUrl\":\"https:\\\/\\\/secure.gravatar.com\\\/avatar\\\/82f421127bdf3e0569576d58a571bfc01eff80ca5969720f6c2819d3765a55a6?s=96&d=blank&r=g\",\"caption\":\"Toimitus\"},\"url\":\"http:\\\/\\\/www.rukajarvensuunnanhistoriayhdistys.fi\\\/historiayhdistys\\\/author\\\/toimitus\\\/\"}]}<\/script>\n<!-- \/ Yoast SEO plugin. -->","yoast_head_json":{"title":"\"Rukaj\u00e4rven luutnantti\" Ermei Kanninen on kuollut - Rukaj\u00e4rven suunnan historiayhdistys","robots":{"index":"index","follow":"follow","max-snippet":"max-snippet:-1","max-image-preview":"max-image-preview:large","max-video-preview":"max-video-preview:-1"},"canonical":"http:\/\/www.rukajarvensuunnanhistoriayhdistys.fi\/historiayhdistys\/rukajarven-luutnantti-ermei-kanninen-on-kuollut\/","og_locale":"fi_FI","og_type":"article","og_title":"\"Rukaj\u00e4rven luutnantti\" Ermei Kanninen on kuollut - Rukaj\u00e4rven suunnan historiayhdistys","og_description":"Yksi kenraalikuntamme vanhimmista ja arvostetuimmista j\u00e4senist\u00e4, pitk\u00e4n uran puolustusvoimissa tehnyt kenraaliluutnantti Ermei Kanninen (s. 19.10.1922) menehtyi eilen 12.11.2015,\u00a0 \u00a093 vuoden ik\u00e4isen\u00e4. Ermei Kanninen oli kahden sodan veteraani. Talvisodan alussa\u00a0 h\u00e4n Teksti jatkuu...&#8221;Rukaj\u00e4rven luutnantti&#8221; Ermei Kanninen on kuollut\u2192","og_url":"http:\/\/www.rukajarvensuunnanhistoriayhdistys.fi\/historiayhdistys\/rukajarven-luutnantti-ermei-kanninen-on-kuollut\/","og_site_name":"Rukaj\u00e4rven suunnan historiayhdistys","article_published_time":"2015-11-13T21:04:04+00:00","article_modified_time":"2015-11-22T21:37:51+00:00","og_image":[{"width":895,"height":577,"url":"http:\/\/www.rukajarvensuunnanhistoriayhdistys.fi\/historiayhdistys\/wp-content\/uploads\/2015\/11\/N\u00e4ytt\u00f6kuva-2015-11-13-kello-23.08.25.png","type":"image\/png"}],"author":"Toimitus","twitter_misc":{"Kirjoittanut":"Toimitus","Arvioitu lukuaika":"1 minuutti"},"schema":{"@context":"https:\/\/schema.org","@graph":[{"@type":"Article","@id":"http:\/\/www.rukajarvensuunnanhistoriayhdistys.fi\/historiayhdistys\/rukajarven-luutnantti-ermei-kanninen-on-kuollut\/#article","isPartOf":{"@id":"http:\/\/www.rukajarvensuunnanhistoriayhdistys.fi\/historiayhdistys\/rukajarven-luutnantti-ermei-kanninen-on-kuollut\/"},"author":{"name":"Toimitus","@id":"http:\/\/www.rukajarvensuunnanhistoriayhdistys.fi\/historiayhdistys\/#\/schema\/person\/d317fab98e9d8a2e649d05eee95d6449"},"headline":"&#8221;Rukaj\u00e4rven luutnantti&#8221; Ermei Kanninen on kuollut","datePublished":"2015-11-13T21:04:04+00:00","dateModified":"2015-11-22T21:37:51+00:00","mainEntityOfPage":{"@id":"http:\/\/www.rukajarvensuunnanhistoriayhdistys.fi\/historiayhdistys\/rukajarven-luutnantti-ermei-kanninen-on-kuollut\/"},"wordCount":163,"publisher":{"@id":"http:\/\/www.rukajarvensuunnanhistoriayhdistys.fi\/historiayhdistys\/#organization"},"image":{"@id":"http:\/\/www.rukajarvensuunnanhistoriayhdistys.fi\/historiayhdistys\/rukajarven-luutnantti-ermei-kanninen-on-kuollut\/#primaryimage"},"thumbnailUrl":"http:\/\/www.rukajarvensuunnanhistoriayhdistys.fi\/historiayhdistys\/wp-content\/uploads\/2015\/11\/N\u00e4ytt\u00f6kuva-2015-11-13-kello-23.08.25.png","articleSection":["Ajankohtaista"],"inLanguage":"fi"},{"@type":"WebPage","@id":"http:\/\/www.rukajarvensuunnanhistoriayhdistys.fi\/historiayhdistys\/rukajarven-luutnantti-ermei-kanninen-on-kuollut\/","url":"http:\/\/www.rukajarvensuunnanhistoriayhdistys.fi\/historiayhdistys\/rukajarven-luutnantti-ermei-kanninen-on-kuollut\/","name":"\"Rukaj\u00e4rven luutnantti\" Ermei Kanninen on kuollut - Rukaj\u00e4rven suunnan historiayhdistys","isPartOf":{"@id":"http:\/\/www.rukajarvensuunnanhistoriayhdistys.fi\/historiayhdistys\/#website"},"primaryImageOfPage":{"@id":"http:\/\/www.rukajarvensuunnanhistoriayhdistys.fi\/historiayhdistys\/rukajarven-luutnantti-ermei-kanninen-on-kuollut\/#primaryimage"},"image":{"@id":"http:\/\/www.rukajarvensuunnanhistoriayhdistys.fi\/historiayhdistys\/rukajarven-luutnantti-ermei-kanninen-on-kuollut\/#primaryimage"},"thumbnailUrl":"http:\/\/www.rukajarvensuunnanhistoriayhdistys.fi\/historiayhdistys\/wp-content\/uploads\/2015\/11\/N\u00e4ytt\u00f6kuva-2015-11-13-kello-23.08.25.png","datePublished":"2015-11-13T21:04:04+00:00","dateModified":"2015-11-22T21:37:51+00:00","breadcrumb":{"@id":"http:\/\/www.rukajarvensuunnanhistoriayhdistys.fi\/historiayhdistys\/rukajarven-luutnantti-ermei-kanninen-on-kuollut\/#breadcrumb"},"inLanguage":"fi","potentialAction":[{"@type":"ReadAction","target":["http:\/\/www.rukajarvensuunnanhistoriayhdistys.fi\/historiayhdistys\/rukajarven-luutnantti-ermei-kanninen-on-kuollut\/"]}]},{"@type":"ImageObject","inLanguage":"fi","@id":"http:\/\/www.rukajarvensuunnanhistoriayhdistys.fi\/historiayhdistys\/rukajarven-luutnantti-ermei-kanninen-on-kuollut\/#primaryimage","url":"http:\/\/www.rukajarvensuunnanhistoriayhdistys.fi\/historiayhdistys\/wp-content\/uploads\/2015\/11\/N\u00e4ytt\u00f6kuva-2015-11-13-kello-23.08.25.png","contentUrl":"http:\/\/www.rukajarvensuunnanhistoriayhdistys.fi\/historiayhdistys\/wp-content\/uploads\/2015\/11\/N\u00e4ytt\u00f6kuva-2015-11-13-kello-23.08.25.png","width":895,"height":577},{"@type":"BreadcrumbList","@id":"http:\/\/www.rukajarvensuunnanhistoriayhdistys.fi\/historiayhdistys\/rukajarven-luutnantti-ermei-kanninen-on-kuollut\/#breadcrumb","itemListElement":[{"@type":"ListItem","position":1,"name":"Etusivu","item":"http:\/\/www.rukajarvensuunnanhistoriayhdistys.fi\/historiayhdistys\/"},{"@type":"ListItem","position":2,"name":"&#8221;Rukaj\u00e4rven luutnantti&#8221; Ermei Kanninen on kuollut"}]},{"@type":"WebSite","@id":"http:\/\/www.rukajarvensuunnanhistoriayhdistys.fi\/historiayhdistys\/#website","url":"http:\/\/www.rukajarvensuunnanhistoriayhdistys.fi\/historiayhdistys\/","name":"Rukaj\u00e4rven suunnan historiayhdistys","description":"Rukaj\u00e4rven suunnan historiayhdistyksen verkkosivut.","publisher":{"@id":"http:\/\/www.rukajarvensuunnanhistoriayhdistys.fi\/historiayhdistys\/#organization"},"potentialAction":[{"@type":"SearchAction","target":{"@type":"EntryPoint","urlTemplate":"http:\/\/www.rukajarvensuunnanhistoriayhdistys.fi\/historiayhdistys\/?s={search_term_string}"},"query-input":{"@type":"PropertyValueSpecification","valueRequired":true,"valueName":"search_term_string"}}],"inLanguage":"fi"},{"@type":"Organization","@id":"http:\/\/www.rukajarvensuunnanhistoriayhdistys.fi\/historiayhdistys\/#organization","name":"Rukaj\u00e4rven suunnan historiayhdistys","url":"http:\/\/www.rukajarvensuunnanhistoriayhdistys.fi\/historiayhdistys\/","logo":{"@type":"ImageObject","inLanguage":"fi","@id":"http:\/\/www.rukajarvensuunnanhistoriayhdistys.fi\/historiayhdistys\/#\/schema\/logo\/image\/","url":"http:\/\/www.rukajarvensuunnanhistoriayhdistys.fi\/historiayhdistys\/wp-content\/uploads\/2013\/12\/Otsake_3.jpg","contentUrl":"http:\/\/www.rukajarvensuunnanhistoriayhdistys.fi\/historiayhdistys\/wp-content\/uploads\/2013\/12\/Otsake_3.jpg","width":1000,"height":442,"caption":"Rukaj\u00e4rven suunnan historiayhdistys"},"image":{"@id":"http:\/\/www.rukajarvensuunnanhistoriayhdistys.fi\/historiayhdistys\/#\/schema\/logo\/image\/"}},{"@type":"Person","@id":"http:\/\/www.rukajarvensuunnanhistoriayhdistys.fi\/historiayhdistys\/#\/schema\/person\/d317fab98e9d8a2e649d05eee95d6449","name":"Toimitus","image":{"@type":"ImageObject","inLanguage":"fi","@id":"https:\/\/secure.gravatar.com\/avatar\/82f421127bdf3e0569576d58a571bfc01eff80ca5969720f6c2819d3765a55a6?s=96&d=blank&r=g","url":"https:\/\/secure.gravatar.com\/avatar\/82f421127bdf3e0569576d58a571bfc01eff80ca5969720f6c2819d3765a55a6?s=96&d=blank&r=g","contentUrl":"https:\/\/secure.gravatar.com\/avatar\/82f421127bdf3e0569576d58a571bfc01eff80ca5969720f6c2819d3765a55a6?s=96&d=blank&r=g","caption":"Toimitus"},"url":"http:\/\/www.rukajarvensuunnanhistoriayhdistys.fi\/historiayhdistys\/author\/toimitus\/"}]}},"_links":{"self":[{"href":"http:\/\/www.rukajarvensuunnanhistoriayhdistys.fi\/historiayhdistys\/wp-json\/wp\/v2\/posts\/10296","targetHints":{"allow":["GET"]}}],"collection":[{"href":"http:\/\/www.rukajarvensuunnanhistoriayhdistys.fi\/historiayhdistys\/wp-json\/wp\/v2\/posts"}],"about":[{"href":"http:\/\/www.rukajarvensuunnanhistoriayhdistys.fi\/historiayhdistys\/wp-json\/wp\/v2\/types\/post"}],"author":[{"embeddable":true,"href":"http:\/\/www.rukajarvensuunnanhistoriayhdistys.fi\/historiayhdistys\/wp-json\/wp\/v2\/users\/2"}],"replies":[{"embeddable":true,"href":"http:\/\/www.rukajarvensuunnanhistoriayhdistys.fi\/historiayhdistys\/wp-json\/wp\/v2\/comments?post=10296"}],"version-history":[{"count":4,"href":"http:\/\/www.rukajarvensuunnanhistoriayhdistys.fi\/historiayhdistys\/wp-json\/wp\/v2\/posts\/10296\/revisions"}],"predecessor-version":[{"id":10305,"href":"http:\/\/www.rukajarvensuunnanhistoriayhdistys.fi\/historiayhdistys\/wp-json\/wp\/v2\/posts\/10296\/revisions\/10305"}],"wp:featuredmedia":[{"embeddable":true,"href":"http:\/\/www.rukajarvensuunnanhistoriayhdistys.fi\/historiayhdistys\/wp-json\/wp\/v2\/media\/10300"}],"wp:attachment":[{"href":"http:\/\/www.rukajarvensuunnanhistoriayhdistys.fi\/historiayhdistys\/wp-json\/wp\/v2\/media?parent=10296"}],"wp:term":[{"taxonomy":"category","embeddable":true,"href":"http:\/\/www.rukajarvensuunnanhistoriayhdistys.fi\/historiayhdistys\/wp-json\/wp\/v2\/categories?post=10296"},{"taxonomy":"post_tag","embeddable":true,"href":"http:\/\/www.rukajarvensuunnanhistoriayhdistys.fi\/historiayhdistys\/wp-json\/wp\/v2\/tags?post=10296"}],"curies":[{"name":"wp","href":"https:\/\/api.w.org\/{rel}","templated":true}]}}