{"id":10307,"date":"2015-11-28T00:15:37","date_gmt":"2015-11-27T22:15:37","guid":{"rendered":"http:\/\/www.rukajarvensuunnanhistoriayhdistys.fi\/historiayhdistys\/?p=10307"},"modified":"2015-11-28T00:57:00","modified_gmt":"2015-11-27T22:57:00","slug":"ermei-kannisen-vireat-elakevuodet-suomen-lahettilaana-perinnetyontekijana-ja-esitelmien-pitajana","status":"publish","type":"post","link":"http:\/\/www.rukajarvensuunnanhistoriayhdistys.fi\/historiayhdistys\/ermei-kannisen-vireat-elakevuodet-suomen-lahettilaana-perinnetyontekijana-ja-esitelmien-pitajana\/","title":{"rendered":"Ermei Kannisen vire\u00e4t el\u00e4kevuodet Suomen l\u00e4hettil\u00e4\u00e4n\u00e4, perinnety\u00f6ntekij\u00e4n\u00e4 ja esitelmien pit\u00e4j\u00e4n\u00e4"},"content":{"rendered":"<div class=\"fcbkbttn_buttons_block\" id=\"fcbkbttn_left\"><div class=\"fcbkbttn_like \"><fb:like href=\"http:\/\/www.rukajarvensuunnanhistoriayhdistys.fi\/historiayhdistys\/ermei-kannisen-vireat-elakevuodet-suomen-lahettilaana-perinnetyontekijana-ja-esitelmien-pitajana\/\" action=\"like\" colorscheme=\"light\" layout=\"button_count\"  size=\"small\"><\/fb:like><\/div><\/div><p>Yksi kenraalikuntamme vanhimmista ja arvostetuimmista j\u00e4senist\u00e4, pitk\u00e4n uran puolustusvoimissa tehnyt kenraaliluutnantti Ermei Kanninen kuoli 12.11.2015 yll\u00e4tt\u00e4en 93 vuoden ik\u00e4isen\u00e4. Kaaduttuaan kotonaan lempituolinsa \u00e4\u00e4reen, sit\u00e4 seurasi nopea kunnon heikkeneminen ja menehtyminen.<\/p>\n<p>Ermei Kanninen oli kahden sodan veteraani. Talvisodan alussa h\u00e4n osallistui\u00a0 Helsingin paikallispuolustukseen ja Talvisodan lopulla h\u00e4net komennettiin varusmiehen\u00e4 rannikkotykist\u00f6\u00f6n Ahvenanmaalle.<\/p>\n<p>Jatkosodassa Ermei Kanninen palveli rintamalla, ensin Karjalan Kannaksella v\u00e4nrikkin\u00e4 ja my\u00f6hemmin luutnanttina Rukaj\u00e4rven rintamalla.<\/p>\n<p>Kanninen oli aktiivinen toimija my\u00f6s monissa erilaisissa j\u00e4rjest\u00f6iss\u00e4 ja yhteis\u00f6iss\u00e4 ja h\u00e4n oli suosittu esitelmien ja puheiden pit\u00e4j\u00e4 aivan viimevuosiin saakka.<\/p>\n<p>Kenraaliluutnantti Ermei Kanninen oli Rukaj\u00e4rven suunnan historiayhdistyksen perustajaj\u00e4sen. Yhdistyksen perustamiskokous pidettiin 19.9.2009 Marskin Majalla.<\/p>\n<p>Ermei Kanninen k\u00e4vi Kadettikoulun Jatkosodan aikana 1942\u20131943 ja Sotakorkeakoulun 1953\u20131954. H\u00e4n my\u00f6s opetti Kadettikoulussa 1946\u20131952 ja Taistelukoulussa 1955\u20131956. Apulaissotilasasiamiehen\u00e4 Ranskassa Kanninen toimi 1956\u20131957. Siirrytty\u00e4\u00e4n Porin prikaatiin h\u00e4n toimi siell\u00e4 komppanianp\u00e4\u00e4llikk\u00f6n\u00e4 ja pataljoonankomentajana 1957\u20131958. Toimistoesiupseerina h\u00e4n ty\u00f6skenteli 1958\u20131963 p\u00e4\u00e4esikunnassa. H\u00e4meen ratsuj\u00e4\u00e4k\u00e4ripataljoonaan h\u00e4n oli sijoitettuna 1963\u20131965. Sotilasasiamiehen\u00e4 h\u00e4n oli sijoitettuna Pariisiin ja Brysseliin 1965\u20131967. P\u00e4\u00e4esikunnan operatiivisen osaston p\u00e4\u00e4llikk\u00f6n\u00e4 h\u00e4n toimi 1967\u20131971 ja P\u00e4\u00e4majamestarina 1971\u20131974. Yleisesikunnan p\u00e4\u00e4llikk\u00f6n\u00e4 h\u00e4n oli 1974\u20131978 ja toimi P\u00e4\u00e4esikunnan p\u00e4\u00e4llikk\u00f6n\u00e4 1978\u20131982, josta teht\u00e4v\u00e4st\u00e4 h\u00e4n siirtyi el\u00e4kkeelle.<\/p>\n<p>Kenraaliluutnantti Ermei Kanninen oli merkitt\u00e4v\u00e4sti vaikuttamassa mm. alueellisen puolustusj\u00e4rjestelm\u00e4n rakentamiseen ja kalustohankintojen kehitt\u00e4miseen.<\/p>\n<p>Kanninen ylennettiin v\u00e4nrikiksi 1941, luutnantiksi 1943, kapteeniksi 1948, majuriksi 1958, everstiluutnantiksi 1965, everstiksi 1968, kenraalimajuriksi 1971 ja kenraaliluutnantiksi 1974.<\/p>\n<p>Sotilasuransa ohella Ermei Kanninen toimi vuosien ajan autoilu- ja autourheiluj\u00e4rjest\u00f6jen johtoteht\u00e4viss\u00e4 niin kansallisella kuin kansainv\u00e4lisell\u00e4kin tasolla, muun muassa Autourheilun Kansallisen Kilpailulautakunnan (AKK) j\u00e4senen\u00e4 1958\u20131965 ja varapuheenjohtajana 1961\u20131965, Autoliiton hallituksen puheenjohtajana 1972\u20131978 ja valtuuskunnan puheenjohtajana 1978\u20131980, Kansainv\u00e4lisen autoliiton (FIA)\u00a0 hallituksen j\u00e4senen\u00e4 1964\u20131981 sek\u00e4 FIA:n kansainv\u00e4lisen vetoomustuomioistuimen j\u00e4senen\u00e4 1970\u20131987. H\u00e4net kutsuttiin Autoliiton kunniapuheenjohtajaksi vuonna 1980 ja FIA:n kunniaj\u00e4seneksi vuonna 1987.<\/p>\n<p>Kenraali Kanninen toimi my\u00f6s Suomen Sotahistorian Komission puheenjohtaja vuodesta 1981 alkaen. H\u00e4n on kyseisen seuran kunniapuheenjohtaja.<\/p>\n<p><strong><strong>Esitelmi\u00e4<\/strong><\/strong><\/p>\n<p>Kenraali oli kysytty esitelm\u00e4n pit\u00e4j\u00e4. 90-vuotisp\u00e4iv\u00e4\u00e4ns\u00e4 menness\u00e4, oltuaan 30 vuotta el\u00e4kkeell\u00e4, h\u00e4n oli pit\u00e4nyt 230 kirjallista esitelm\u00e4\u00e4 20 eri maassa, kaikissa maanosissa. Esitelm\u00e4t koskivat p\u00e4\u00e4osin maamme turvallisuuspolitiikkaa. Tuon lis\u00e4ksi h\u00e4n osallistui tilaisuuksiin kutsuttuna juhlapuhujana ja silloin ei puhuttu paperista.<\/p>\n<p><strong><strong>Perustajaj\u00e4sen ja perinnety\u00f6<\/strong><\/strong><\/p>\n<p>Kaikki alkoi Kajaanista 5.9.2008, jossa veteraanit Ermei Kanninen ja Pentti Perttuli k\u00e4yttiv\u00e4t tunnetuksi tulleet puheenvuoronsa. Tuon j\u00e4lkeen k\u00e4ynnistyiv\u00e4t neuvottelut Rukaj\u00e4rven perinnety\u00f6n jatkamisesta siten kuin veteraanit itse sit\u00e4 olivat jo vuosia tehneet. Yhdistyksemme perustamista koskeviin neuvotteluihin kenraali Kanninen osallistui tiiviisti. H\u00e4nen k\u00e4sialaansa ovat s\u00e4\u00e4nt\u00f6jen toinen ja kolmas pyk\u00e4l\u00e4, jotka luovat pohjan perinnety\u00f6lle. N\u00e4in h\u00e4n j\u00e4rjesti vankan kivijalan toiminnallemme ja n\u00e4in halusi seurata toimintaamme viimep\u00e4iviin asti.<\/p>\n<figure id=\"attachment_10312\" aria-describedby=\"caption-attachment-10312\" style=\"width: 1980px\" class=\"wp-caption aligncenter\"><a href=\"http:\/\/www.rukajarvensuunnanhistoriayhdistys.fi\/historiayhdistys\/wp-content\/uploads\/2015\/11\/5-EK-Kanninen-puhuu_IV.jpg\"><img loading=\"lazy\" decoding=\"async\" class=\"wp-image-10312 size-full\" src=\"http:\/\/www.rukajarvensuunnanhistoriayhdistys.fi\/historiayhdistys\/wp-content\/uploads\/2015\/11\/5-EK-Kanninen-puhuu_IV.jpg\" alt=\"Ermei Kanninen avaamassa Lieksan Rukaj\u00e4rvi-keskusta 1.7.2013. Jo aiemmin 2.7.2011 h\u00e4n vihki Rukaj\u00e4rven tien k\u00e4ytt\u00f6\u00f6n Lieksassa pidetyss\u00e4 kansalaisjuhlassa.\" width=\"1980\" height=\"1369\" data-id=\"10312\" srcset=\"http:\/\/www.rukajarvensuunnanhistoriayhdistys.fi\/historiayhdistys\/wp-content\/uploads\/2015\/11\/5-EK-Kanninen-puhuu_IV.jpg 1980w, http:\/\/www.rukajarvensuunnanhistoriayhdistys.fi\/historiayhdistys\/wp-content\/uploads\/2015\/11\/5-EK-Kanninen-puhuu_IV-300x207.jpg 300w, http:\/\/www.rukajarvensuunnanhistoriayhdistys.fi\/historiayhdistys\/wp-content\/uploads\/2015\/11\/5-EK-Kanninen-puhuu_IV-1024x708.jpg 1024w\" sizes=\"auto, (max-width: 1980px) 100vw, 1980px\" \/><\/a><figcaption id=\"caption-attachment-10312\" class=\"wp-caption-text\">Ermei Kanninen avaamassa Lieksan Rukaj\u00e4rvi-keskusta 1.7.2013. Jo aiemmin 2.7.2011 h\u00e4n vihki Rukaj\u00e4rven tien k\u00e4ytt\u00f6\u00f6n Lieksassa pidetyss\u00e4 kansalaisjuhlassa.<\/figcaption><\/figure>\n<p>Kenraaliluutnantti Ermei Kannisen Rukaj\u00e4rven suunnan historiayhdistyksen tilaisuuksissa pit\u00e4m\u00e4t esitelm\u00e4t on taltioitu ja ne ovat n\u00e4ht\u00e4viss\u00e4 kokonaisuudessaan Rukaj\u00e4rvi-keskuksissa Iisalmessa ja Lieksassa ja otteita niist\u00e4 on julkaistu my\u00f6s yhdistyksemme nettisivuilla.<\/p>\n<p>Yhdistyksemme lyhyen historian aikana kenraali osallistui Iisalmen kulttuurikeskuksessa ja Lappaj\u00e4rven Kivitipun kylpyl\u00e4ss\u00e4 pidettyihin seminaareihimme puhuen t\u00e4ydelle salille &#8221;ilman paperia&#8221;. N\u00e4iden lis\u00e4ksi h\u00e4n piti esitelm\u00e4t Suomen puolustuksesta niin yhdistyksemme perustavassa kokouksessa kuin Marskin Majan kaikissa j\u00e4rjest\u00e4miss\u00e4mme nelj\u00e4ss\u00e4 tilaisuudessa. H\u00e4n vihki Lieksassa Rukaj\u00e4rven tien 2.7.2011, avasi <a href=\"https:\/\/www.youtube.com\/watch?v=qmD3qPhroj4\">Rukaj\u00e4rvi-keskuksen 1.7.2013<\/a> ja seurasi kaikkea yhdistyksemme toimintaa viikoittain. H\u00e4n antoi pyydett\u00e4ess\u00e4 ohjeita, onneksi joskus pyyt\u00e4m\u00e4tt\u00e4kin. H\u00e4n edellytti, ett\u00e4 kysytt\u00e4ess\u00e4 neuvoa, asia oli valmisteltu ja vaihtoehtoja oli useampia, vasta sitten oli mahdollista saada onnistunut ratkaisu.<\/p>\n<figure id=\"attachment_10317\" aria-describedby=\"caption-attachment-10317\" style=\"width: 4864px\" class=\"wp-caption aligncenter\"><a href=\"http:\/\/www.rukajarvensuunnanhistoriayhdistys.fi\/historiayhdistys\/wp-content\/uploads\/2015\/11\/S6200196.jpg\"><img loading=\"lazy\" decoding=\"async\" class=\"wp-image-10317 size-full\" src=\"http:\/\/www.rukajarvensuunnanhistoriayhdistys.fi\/historiayhdistys\/wp-content\/uploads\/2015\/11\/S6200196.jpg\" alt=\"Ermei Kanninen Lieksan kirkossa 5.9.2014 Kansalaisjuhla 70 vuotta Jatkosodan p\u00e4\u00e4ttymisest\u00e4.\" width=\"4864\" height=\"2736\" data-id=\"10317\" srcset=\"http:\/\/www.rukajarvensuunnanhistoriayhdistys.fi\/historiayhdistys\/wp-content\/uploads\/2015\/11\/S6200196.jpg 4864w, http:\/\/www.rukajarvensuunnanhistoriayhdistys.fi\/historiayhdistys\/wp-content\/uploads\/2015\/11\/S6200196-300x169.jpg 300w, http:\/\/www.rukajarvensuunnanhistoriayhdistys.fi\/historiayhdistys\/wp-content\/uploads\/2015\/11\/S6200196-1024x576.jpg 1024w\" sizes=\"auto, (max-width: 4864px) 100vw, 4864px\" \/><\/a><figcaption id=\"caption-attachment-10317\" class=\"wp-caption-text\">Ermei Kanninen Lieksan kirkossa 5.9.2014 Kansalaisjuhla 70 vuotta Jatkosodan p\u00e4\u00e4ttymisest\u00e4. Veteraanit saapuivat juhlaan h\u00f6yryjunalla.<\/figcaption><\/figure>\n<p>Kenraalin liikkuminen vaikeutui viimevuosina ja siksi kuljimme paljon yhdess\u00e4 autolla. H\u00e4n luki paljon, h\u00e4n oli edelleen hyvin informoitu.<\/p>\n<p>H\u00e4nen kirjoittamissaan kirjoissa olisi paljon opiksi otettavaa suomalaisilla ty\u00f6paikoilla t\u00e4n\u00e4kin p\u00e4iv\u00e4n\u00e4. Sielt\u00e4 l\u00f6ytyy vastaus kysymykseen, miten ty\u00f6yhteis\u00f6 motivoidaan. Kannisen Rukaj\u00e4rven luutnantti teos on oivallinen oppikirja monille esimiehille, jotta suomalainen yhteiskunta kehittyisi ja tuottavuus kohenisi. Se on esimiehille oppikirja, jossa kerrotaan mik\u00e4 on esimiehen t\u00e4rkein teht\u00e4v\u00e4 sodanoloissa ja mit\u00e4 se on rauhanaikana.<\/p>\n<figure id=\"attachment_10315\" aria-describedby=\"caption-attachment-10315\" style=\"width: 4864px\" class=\"wp-caption aligncenter\"><a href=\"http:\/\/www.rukajarvensuunnanhistoriayhdistys.fi\/historiayhdistys\/wp-content\/uploads\/2015\/11\/1-EK-S1090053-2.jpg\"><img loading=\"lazy\" decoding=\"async\" class=\"wp-image-10315 size-full\" src=\"http:\/\/www.rukajarvensuunnanhistoriayhdistys.fi\/historiayhdistys\/wp-content\/uploads\/2015\/11\/1-EK-S1090053-2.jpg\" alt=\"Kenraali Ermei Kanninen (19.10.1922-.12.11.2015) Marskin Majalla julkistettiin kirja &quot;Rukaj\u00e4rven luutnantti&quot;.\" width=\"4864\" height=\"2736\" data-id=\"10315\" srcset=\"http:\/\/www.rukajarvensuunnanhistoriayhdistys.fi\/historiayhdistys\/wp-content\/uploads\/2015\/11\/1-EK-S1090053-2.jpg 4864w, http:\/\/www.rukajarvensuunnanhistoriayhdistys.fi\/historiayhdistys\/wp-content\/uploads\/2015\/11\/1-EK-S1090053-2-300x169.jpg 300w, http:\/\/www.rukajarvensuunnanhistoriayhdistys.fi\/historiayhdistys\/wp-content\/uploads\/2015\/11\/1-EK-S1090053-2-1024x576.jpg 1024w\" sizes=\"auto, (max-width: 4864px) 100vw, 4864px\" \/><\/a><figcaption id=\"caption-attachment-10315\" class=\"wp-caption-text\">Kenraali Ermei Kanninen (19.10.1922-.12.11.2015) Marskin Majalla julkistettiin kirja &#8221;Rukaj\u00e4rven luutnantti&#8221;.<\/figcaption><\/figure>\n<figure id=\"attachment_10310\" aria-describedby=\"caption-attachment-10310\" style=\"width: 4864px\" class=\"wp-caption aligncenter\"><a href=\"http:\/\/www.rukajarvensuunnanhistoriayhdistys.fi\/historiayhdistys\/wp-content\/uploads\/2015\/11\/3-EK-S1090144-2.jpg\"><img loading=\"lazy\" decoding=\"async\" class=\"wp-image-10310 size-full\" src=\"http:\/\/www.rukajarvensuunnanhistoriayhdistys.fi\/historiayhdistys\/wp-content\/uploads\/2015\/11\/3-EK-S1090144-2.jpg\" alt=\"Heikki A. Reenp\u00e4\u00e4 onnittelee pian 90 vuotta t\u00e4ytt\u00e4v\u00e4\u00e4 yst\u00e4v\u00e4\u00e4ns\u00e4.\" width=\"4864\" height=\"2736\" data-id=\"10310\" srcset=\"http:\/\/www.rukajarvensuunnanhistoriayhdistys.fi\/historiayhdistys\/wp-content\/uploads\/2015\/11\/3-EK-S1090144-2.jpg 4864w, http:\/\/www.rukajarvensuunnanhistoriayhdistys.fi\/historiayhdistys\/wp-content\/uploads\/2015\/11\/3-EK-S1090144-2-300x169.jpg 300w, http:\/\/www.rukajarvensuunnanhistoriayhdistys.fi\/historiayhdistys\/wp-content\/uploads\/2015\/11\/3-EK-S1090144-2-1024x576.jpg 1024w\" sizes=\"auto, (max-width: 4864px) 100vw, 4864px\" \/><\/a><figcaption id=\"caption-attachment-10310\" class=\"wp-caption-text\">Heikki A. Reenp\u00e4\u00e4 onnittelee pian 90 vuotta t\u00e4ytt\u00e4v\u00e4\u00e4 yst\u00e4v\u00e4\u00e4ns\u00e4.<\/figcaption><\/figure>\n<figure id=\"attachment_10311\" aria-describedby=\"caption-attachment-10311\" style=\"width: 4864px\" class=\"wp-caption aligncenter\"><a href=\"http:\/\/www.rukajarvensuunnanhistoriayhdistys.fi\/historiayhdistys\/wp-content\/uploads\/2015\/11\/4-EK-S1090152-2.jpg\"><img loading=\"lazy\" decoding=\"async\" class=\"wp-image-10311 size-full\" src=\"http:\/\/www.rukajarvensuunnanhistoriayhdistys.fi\/historiayhdistys\/wp-content\/uploads\/2015\/11\/4-EK-S1090152-2.jpg\" alt=\"Rukaj\u00e4rven luutnantti kirjan julkistamistilaisuudessa olivat mukana veteraanit Heikki A. Reenp\u00e4\u00e4, Olavi Tiittanen, Ilmari Koppinen sek\u00e4 puolustusvoimain entinen komentaja Jaakko Valtanen.\" width=\"4864\" height=\"2736\" data-id=\"10311\" srcset=\"http:\/\/www.rukajarvensuunnanhistoriayhdistys.fi\/historiayhdistys\/wp-content\/uploads\/2015\/11\/4-EK-S1090152-2.jpg 4864w, http:\/\/www.rukajarvensuunnanhistoriayhdistys.fi\/historiayhdistys\/wp-content\/uploads\/2015\/11\/4-EK-S1090152-2-300x169.jpg 300w, http:\/\/www.rukajarvensuunnanhistoriayhdistys.fi\/historiayhdistys\/wp-content\/uploads\/2015\/11\/4-EK-S1090152-2-1024x576.jpg 1024w\" sizes=\"auto, (max-width: 4864px) 100vw, 4864px\" \/><\/a><figcaption id=\"caption-attachment-10311\" class=\"wp-caption-text\">Rukaj\u00e4rven luutnantti kirjan julkistamistilaisuudessa olivat mukana veteraanit Heikki A. Reenp\u00e4\u00e4, Olavi Tiittanen, Ilmari Koppinen sek\u00e4 puolustusvoimain entinen komentaja Jaakko Valtanen.<\/figcaption><\/figure>\n<p>Kenraali Ermei Kannisen valtava tietom\u00e4\u00e4r\u00e4 tuli monesti esille h\u00e4nen hyvin asiapitoisissa, mielenkiintoisissa ja v\u00e4rikk\u00e4iss\u00e4 vapaasti pidetyiss\u00e4 suullisissa esityksiss\u00e4\u00e4n. Priimus on priimus kouluajoista poismenoon asti.<\/p>\n<p><strong><strong>Jatkosodan p\u00e4\u00e4t\u00f6s<\/strong><\/strong><\/p>\n<p>Sodan lopulla jo aselevon kynnyksell\u00e4 h\u00e4n joutui erikoisiin tilanteisiin. Ollessaan tiedustelusta vastaavana ErP 7:n luutnanttina ja esikuntaupseerina h\u00e4nen esimiehens\u00e4 sairastui. N\u00e4in Kanninen joutui joukkojensa sotatoimien johtajaksi Rukaj\u00e4rven suunnan etel\u00e4isell\u00e4 rintamalohkolla.<\/p>\n<p>Suomen asema oli tuossa vaiheessa eritt\u00e4in tukala. Joukot per\u00e4\u00e4ntyiv\u00e4t muualla, vain Rukaj\u00e4rvell\u00e4 asemat pidettiin. Vihollisen asteittain etenev\u00e4 suunnitelma murtautua l\u00e4pi ensin Kannaksella siirtyi vaiheittain pohjoisemmaksi, lopulta Rukaj\u00e4rvelle.<\/p>\n<p>Elokuun alussa 1944 Rukaj\u00e4rven rintama oli vaarassa joutua kokonaan saarrostetuksi, ainut huoltotie Rukaj\u00e4rven tie oli poikki. Vihollisen joukot eteniv\u00e4t Poraj\u00e4rven tien suunnassa Ermei Kannisen ErP 7:n vastuualueen editse Ilomantsiin. Ilomantsissa taistelut p\u00e4\u00e4ttyiv\u00e4t 13.8.1944, mutta Rukaj\u00e4rven suunnalla taistelut jatkuivat. Kanninen toimi nuorena luutnanttina ErP 7:n tiedustelusta vastaavana esikuntap\u00e4\u00e4llikk\u00f6n\u00e4. Sodan loppun\u00e4yt\u00f6ksess\u00e4 esimiehens\u00e4 sairastumisen vuoksi sotatoimien johto k\u00e4yt\u00e4nn\u00f6ss\u00e4 siirtyi Kanniselle.<\/p>\n<p>Tuossa hermoja kysyv\u00e4ss\u00e4 tilanteessa Kannisen esimies kimpaantui ja oli ampua rintamalta luvatta poistuvan oman sotilaansa. Kanninen tarttui esimiehen pistoolia pitelev\u00e4\u00e4n k\u00e4teen todeten &#8221;eih\u00e4n t\u00e4\u00e4ll\u00e4 nyt sent\u00e4\u00e4n omia ammuta.&#8221; Kovin moni ei rohkenisi tehd\u00e4 vastaavaa liikett\u00e4.<\/p>\n<p>Jatkosota p\u00e4\u00e4ttyi Ermei Kannisen osalta rajaneuvotteluihin. Nuhruisiksi kuukausia yht\u00e4mittaisesti kest\u00e4neiss\u00e4 sotatoimissa likaantuneissa vaatteissa nuori &#8221;Rukaj\u00e4rven luutnantti&#8221; komennettiin rajaneuvotteluihin. Kunniakas teht\u00e4v\u00e4, johon vastapuolen korkea-arvoiset komentajat tulivat kiilt\u00e4viss\u00e4 juhla-asuissa ja kiilt\u00e4v\u00e4ll\u00e4 ameriikan Jeepill\u00e4, Kanninen jalan. Liikuttavaa oli kuulla h\u00e4nen puhettaan 5.9.2014 Lieksassa pidetyss\u00e4 Kansalaisjuhlassa 70 vuotta Jatkosodan p\u00e4\u00e4ttymisest\u00e4, jossa h\u00e4n kertoi keskusteluistaan vihollisen edustajien kanssa per\u00e4\u00e4ntymisen j\u00e4lkeen rajalla. K\u00e4tt\u00e4 puristaen, Kanninen kuuli vihollisen suusta: &#8221;Olkoon t\u00e4m\u00e4 raja ikuisen rauhan raja.&#8221;<\/p>\n<figure id=\"attachment_10313\" aria-describedby=\"caption-attachment-10313\" style=\"width: 4044px\" class=\"wp-caption aligncenter\"><a href=\"http:\/\/www.rukajarvensuunnanhistoriayhdistys.fi\/historiayhdistys\/wp-content\/uploads\/2015\/11\/9-EK-Aselepo-25-9-44-Tulkki-Seitamo-Kanninen-1200.jpg\"><img loading=\"lazy\" decoding=\"async\" class=\"wp-image-10313 size-full\" src=\"http:\/\/www.rukajarvensuunnanhistoriayhdistys.fi\/historiayhdistys\/wp-content\/uploads\/2015\/11\/9-EK-Aselepo-25-9-44-Tulkki-Seitamo-Kanninen-1200.jpg\" alt=\"Aselevon j\u00e4lkeen Ermei Kanninen komennettiin rajaneuvotteluihin. Kunniakas teht\u00e4v\u00e4 nuorelle luutnantille.\" width=\"4044\" height=\"4032\" data-id=\"10313\" srcset=\"http:\/\/www.rukajarvensuunnanhistoriayhdistys.fi\/historiayhdistys\/wp-content\/uploads\/2015\/11\/9-EK-Aselepo-25-9-44-Tulkki-Seitamo-Kanninen-1200.jpg 4044w, http:\/\/www.rukajarvensuunnanhistoriayhdistys.fi\/historiayhdistys\/wp-content\/uploads\/2015\/11\/9-EK-Aselepo-25-9-44-Tulkki-Seitamo-Kanninen-1200-150x150.jpg 150w, http:\/\/www.rukajarvensuunnanhistoriayhdistys.fi\/historiayhdistys\/wp-content\/uploads\/2015\/11\/9-EK-Aselepo-25-9-44-Tulkki-Seitamo-Kanninen-1200-300x300.jpg 300w, http:\/\/www.rukajarvensuunnanhistoriayhdistys.fi\/historiayhdistys\/wp-content\/uploads\/2015\/11\/9-EK-Aselepo-25-9-44-Tulkki-Seitamo-Kanninen-1200-1024x1021.jpg 1024w\" sizes=\"auto, (max-width: 4044px) 100vw, 4044px\" \/><\/a><figcaption id=\"caption-attachment-10313\" class=\"wp-caption-text\">Aselevon j\u00e4lkeen Ermei Kanninen komennettiin rajaneuvotteluihin. Kunniakas teht\u00e4v\u00e4 nuorelle luutnantille.<\/figcaption><\/figure>\n<p>Kokemus, tieto ja rohkeus paistaa h\u00e4nen kaikissa toimissaan, niin sodan j\u00e4lkeisess\u00e4 sotilasurassa kuin el\u00e4kevuosina. Tuo rohkeus ja suorapuheisuutensa esti h\u00e4nen nimitt\u00e4misens\u00e4 puolustusvoimain komentajan teht\u00e4v\u00e4\u00e4n. Nimitetyksi tulleille Kanninen oli lojaali ja v\u00e4lit kunnossa.<\/p>\n<p>Rukaj\u00e4rven suunnan historiayhdistys ry kunnioittaa perustajaj\u00e4senens\u00e4 muistoa ja ottaa osaa omaisten suruun.<\/p>\n<p>Tenho Tikkanen\u00a0 puheenjohtaja<\/p>\n","protected":false},"excerpt":{"rendered":"<p>Yksi kenraalikuntamme vanhimmista ja arvostetuimmista j\u00e4senist\u00e4, pitk\u00e4n uran puolustusvoimissa tehnyt kenraaliluutnantti Ermei Kanninen kuoli 12.11.2015 yll\u00e4tt\u00e4en 93 vuoden ik\u00e4isen\u00e4. Kaaduttuaan kotonaan lempituolinsa \u00e4\u00e4reen, sit\u00e4 seurasi nopea kunnon heikkeneminen ja menehtyminen. <a class=\"more-link\" href=\"http:\/\/www.rukajarvensuunnanhistoriayhdistys.fi\/historiayhdistys\/ermei-kannisen-vireat-elakevuodet-suomen-lahettilaana-perinnetyontekijana-ja-esitelmien-pitajana\/\">Teksti jatkuu&#8230;<span class=\"screen-reader-text\">Ermei Kannisen vire\u00e4t el\u00e4kevuodet Suomen l\u00e4hettil\u00e4\u00e4n\u00e4, perinnety\u00f6ntekij\u00e4n\u00e4 ja esitelmien pit\u00e4j\u00e4n\u00e4<\/span><span class=\"meta-nav\">\u2192<\/span><\/a><\/p>\n","protected":false},"author":3,"featured_media":10315,"comment_status":"closed","ping_status":"open","sticky":false,"template":"","format":"standard","meta":{"footnotes":""},"categories":[22],"tags":[],"class_list":["post-10307","post","type-post","status-publish","format-standard","has-post-thumbnail","hentry","category-ajankohtaista"],"yoast_head":"<!-- This site is optimized with the Yoast SEO plugin v27.4 - https:\/\/yoast.com\/product\/yoast-seo-wordpress\/ -->\n<title>Ermei Kannisen vire\u00e4t el\u00e4kevuodet Suomen l\u00e4hettil\u00e4\u00e4n\u00e4, perinnety\u00f6ntekij\u00e4n\u00e4 ja esitelmien pit\u00e4j\u00e4n\u00e4 - Rukaj\u00e4rven suunnan historiayhdistys<\/title>\n<meta name=\"robots\" content=\"index, follow, max-snippet:-1, max-image-preview:large, max-video-preview:-1\" \/>\n<link rel=\"canonical\" href=\"http:\/\/www.rukajarvensuunnanhistoriayhdistys.fi\/historiayhdistys\/ermei-kannisen-vireat-elakevuodet-suomen-lahettilaana-perinnetyontekijana-ja-esitelmien-pitajana\/\" \/>\n<meta property=\"og:locale\" content=\"fi_FI\" \/>\n<meta property=\"og:type\" content=\"article\" \/>\n<meta property=\"og:title\" content=\"Ermei Kannisen vire\u00e4t el\u00e4kevuodet Suomen l\u00e4hettil\u00e4\u00e4n\u00e4, perinnety\u00f6ntekij\u00e4n\u00e4 ja esitelmien pit\u00e4j\u00e4n\u00e4 - Rukaj\u00e4rven suunnan historiayhdistys\" \/>\n<meta property=\"og:description\" content=\"Yksi kenraalikuntamme vanhimmista ja arvostetuimmista j\u00e4senist\u00e4, pitk\u00e4n uran puolustusvoimissa tehnyt kenraaliluutnantti Ermei Kanninen kuoli 12.11.2015 yll\u00e4tt\u00e4en 93 vuoden ik\u00e4isen\u00e4. Kaaduttuaan kotonaan lempituolinsa \u00e4\u00e4reen, sit\u00e4 seurasi nopea kunnon heikkeneminen ja menehtyminen. Teksti jatkuu...Ermei Kannisen vire\u00e4t el\u00e4kevuodet Suomen l\u00e4hettil\u00e4\u00e4n\u00e4, perinnety\u00f6ntekij\u00e4n\u00e4 ja esitelmien pit\u00e4j\u00e4n\u00e4\u2192\" \/>\n<meta property=\"og:url\" content=\"http:\/\/www.rukajarvensuunnanhistoriayhdistys.fi\/historiayhdistys\/ermei-kannisen-vireat-elakevuodet-suomen-lahettilaana-perinnetyontekijana-ja-esitelmien-pitajana\/\" \/>\n<meta property=\"og:site_name\" content=\"Rukaj\u00e4rven suunnan historiayhdistys\" \/>\n<meta property=\"article:published_time\" content=\"2015-11-27T22:15:37+00:00\" \/>\n<meta property=\"article:modified_time\" content=\"2015-11-27T22:57:00+00:00\" \/>\n<meta property=\"og:image\" content=\"http:\/\/www.rukajarvensuunnanhistoriayhdistys.fi\/historiayhdistys\/wp-content\/uploads\/2015\/11\/1-EK-S1090053-2-1024x576.jpg\" \/>\n\t<meta property=\"og:image:width\" content=\"1024\" \/>\n\t<meta property=\"og:image:height\" content=\"576\" \/>\n\t<meta property=\"og:image:type\" content=\"image\/jpeg\" \/>\n<meta name=\"author\" content=\"RSHY\" \/>\n<meta name=\"twitter:label1\" content=\"Kirjoittanut\" \/>\n\t<meta name=\"twitter:data1\" content=\"RSHY\" \/>\n\t<meta name=\"twitter:label2\" content=\"Arvioitu lukuaika\" \/>\n\t<meta name=\"twitter:data2\" content=\"6 minuuttia\" \/>\n<script type=\"application\/ld+json\" class=\"yoast-schema-graph\">{\"@context\":\"https:\\\/\\\/schema.org\",\"@graph\":[{\"@type\":\"Article\",\"@id\":\"http:\\\/\\\/www.rukajarvensuunnanhistoriayhdistys.fi\\\/historiayhdistys\\\/ermei-kannisen-vireat-elakevuodet-suomen-lahettilaana-perinnetyontekijana-ja-esitelmien-pitajana\\\/#article\",\"isPartOf\":{\"@id\":\"http:\\\/\\\/www.rukajarvensuunnanhistoriayhdistys.fi\\\/historiayhdistys\\\/ermei-kannisen-vireat-elakevuodet-suomen-lahettilaana-perinnetyontekijana-ja-esitelmien-pitajana\\\/\"},\"author\":{\"name\":\"RSHY\",\"@id\":\"http:\\\/\\\/www.rukajarvensuunnanhistoriayhdistys.fi\\\/historiayhdistys\\\/#\\\/schema\\\/person\\\/19de7db68bf72dfd2b5d7f6dfbf8454d\"},\"headline\":\"Ermei Kannisen vire\u00e4t el\u00e4kevuodet Suomen l\u00e4hettil\u00e4\u00e4n\u00e4, perinnety\u00f6ntekij\u00e4n\u00e4 ja esitelmien pit\u00e4j\u00e4n\u00e4\",\"datePublished\":\"2015-11-27T22:15:37+00:00\",\"dateModified\":\"2015-11-27T22:57:00+00:00\",\"mainEntityOfPage\":{\"@id\":\"http:\\\/\\\/www.rukajarvensuunnanhistoriayhdistys.fi\\\/historiayhdistys\\\/ermei-kannisen-vireat-elakevuodet-suomen-lahettilaana-perinnetyontekijana-ja-esitelmien-pitajana\\\/\"},\"wordCount\":1167,\"publisher\":{\"@id\":\"http:\\\/\\\/www.rukajarvensuunnanhistoriayhdistys.fi\\\/historiayhdistys\\\/#organization\"},\"image\":{\"@id\":\"http:\\\/\\\/www.rukajarvensuunnanhistoriayhdistys.fi\\\/historiayhdistys\\\/ermei-kannisen-vireat-elakevuodet-suomen-lahettilaana-perinnetyontekijana-ja-esitelmien-pitajana\\\/#primaryimage\"},\"thumbnailUrl\":\"http:\\\/\\\/www.rukajarvensuunnanhistoriayhdistys.fi\\\/historiayhdistys\\\/wp-content\\\/uploads\\\/2015\\\/11\\\/1-EK-S1090053-2.jpg\",\"articleSection\":[\"Ajankohtaista\"],\"inLanguage\":\"fi\"},{\"@type\":\"WebPage\",\"@id\":\"http:\\\/\\\/www.rukajarvensuunnanhistoriayhdistys.fi\\\/historiayhdistys\\\/ermei-kannisen-vireat-elakevuodet-suomen-lahettilaana-perinnetyontekijana-ja-esitelmien-pitajana\\\/\",\"url\":\"http:\\\/\\\/www.rukajarvensuunnanhistoriayhdistys.fi\\\/historiayhdistys\\\/ermei-kannisen-vireat-elakevuodet-suomen-lahettilaana-perinnetyontekijana-ja-esitelmien-pitajana\\\/\",\"name\":\"Ermei Kannisen vire\u00e4t el\u00e4kevuodet Suomen l\u00e4hettil\u00e4\u00e4n\u00e4, perinnety\u00f6ntekij\u00e4n\u00e4 ja esitelmien pit\u00e4j\u00e4n\u00e4 - Rukaj\u00e4rven suunnan historiayhdistys\",\"isPartOf\":{\"@id\":\"http:\\\/\\\/www.rukajarvensuunnanhistoriayhdistys.fi\\\/historiayhdistys\\\/#website\"},\"primaryImageOfPage\":{\"@id\":\"http:\\\/\\\/www.rukajarvensuunnanhistoriayhdistys.fi\\\/historiayhdistys\\\/ermei-kannisen-vireat-elakevuodet-suomen-lahettilaana-perinnetyontekijana-ja-esitelmien-pitajana\\\/#primaryimage\"},\"image\":{\"@id\":\"http:\\\/\\\/www.rukajarvensuunnanhistoriayhdistys.fi\\\/historiayhdistys\\\/ermei-kannisen-vireat-elakevuodet-suomen-lahettilaana-perinnetyontekijana-ja-esitelmien-pitajana\\\/#primaryimage\"},\"thumbnailUrl\":\"http:\\\/\\\/www.rukajarvensuunnanhistoriayhdistys.fi\\\/historiayhdistys\\\/wp-content\\\/uploads\\\/2015\\\/11\\\/1-EK-S1090053-2.jpg\",\"datePublished\":\"2015-11-27T22:15:37+00:00\",\"dateModified\":\"2015-11-27T22:57:00+00:00\",\"breadcrumb\":{\"@id\":\"http:\\\/\\\/www.rukajarvensuunnanhistoriayhdistys.fi\\\/historiayhdistys\\\/ermei-kannisen-vireat-elakevuodet-suomen-lahettilaana-perinnetyontekijana-ja-esitelmien-pitajana\\\/#breadcrumb\"},\"inLanguage\":\"fi\",\"potentialAction\":[{\"@type\":\"ReadAction\",\"target\":[\"http:\\\/\\\/www.rukajarvensuunnanhistoriayhdistys.fi\\\/historiayhdistys\\\/ermei-kannisen-vireat-elakevuodet-suomen-lahettilaana-perinnetyontekijana-ja-esitelmien-pitajana\\\/\"]}]},{\"@type\":\"ImageObject\",\"inLanguage\":\"fi\",\"@id\":\"http:\\\/\\\/www.rukajarvensuunnanhistoriayhdistys.fi\\\/historiayhdistys\\\/ermei-kannisen-vireat-elakevuodet-suomen-lahettilaana-perinnetyontekijana-ja-esitelmien-pitajana\\\/#primaryimage\",\"url\":\"http:\\\/\\\/www.rukajarvensuunnanhistoriayhdistys.fi\\\/historiayhdistys\\\/wp-content\\\/uploads\\\/2015\\\/11\\\/1-EK-S1090053-2.jpg\",\"contentUrl\":\"http:\\\/\\\/www.rukajarvensuunnanhistoriayhdistys.fi\\\/historiayhdistys\\\/wp-content\\\/uploads\\\/2015\\\/11\\\/1-EK-S1090053-2.jpg\",\"width\":4864,\"height\":2736,\"caption\":\"Kenraali Ermei Kanninen (19.10.1922-.12.11.2015) Marskin Majalla julkistettiin kirja \\\"Rukaj\u00e4rven luutnantti\\\".\"},{\"@type\":\"BreadcrumbList\",\"@id\":\"http:\\\/\\\/www.rukajarvensuunnanhistoriayhdistys.fi\\\/historiayhdistys\\\/ermei-kannisen-vireat-elakevuodet-suomen-lahettilaana-perinnetyontekijana-ja-esitelmien-pitajana\\\/#breadcrumb\",\"itemListElement\":[{\"@type\":\"ListItem\",\"position\":1,\"name\":\"Etusivu\",\"item\":\"http:\\\/\\\/www.rukajarvensuunnanhistoriayhdistys.fi\\\/historiayhdistys\\\/\"},{\"@type\":\"ListItem\",\"position\":2,\"name\":\"Ermei Kannisen vire\u00e4t el\u00e4kevuodet Suomen l\u00e4hettil\u00e4\u00e4n\u00e4, perinnety\u00f6ntekij\u00e4n\u00e4 ja esitelmien pit\u00e4j\u00e4n\u00e4\"}]},{\"@type\":\"WebSite\",\"@id\":\"http:\\\/\\\/www.rukajarvensuunnanhistoriayhdistys.fi\\\/historiayhdistys\\\/#website\",\"url\":\"http:\\\/\\\/www.rukajarvensuunnanhistoriayhdistys.fi\\\/historiayhdistys\\\/\",\"name\":\"Rukaj\u00e4rven suunnan historiayhdistys\",\"description\":\"Rukaj\u00e4rven suunnan historiayhdistyksen verkkosivut.\",\"publisher\":{\"@id\":\"http:\\\/\\\/www.rukajarvensuunnanhistoriayhdistys.fi\\\/historiayhdistys\\\/#organization\"},\"potentialAction\":[{\"@type\":\"SearchAction\",\"target\":{\"@type\":\"EntryPoint\",\"urlTemplate\":\"http:\\\/\\\/www.rukajarvensuunnanhistoriayhdistys.fi\\\/historiayhdistys\\\/?s={search_term_string}\"},\"query-input\":{\"@type\":\"PropertyValueSpecification\",\"valueRequired\":true,\"valueName\":\"search_term_string\"}}],\"inLanguage\":\"fi\"},{\"@type\":\"Organization\",\"@id\":\"http:\\\/\\\/www.rukajarvensuunnanhistoriayhdistys.fi\\\/historiayhdistys\\\/#organization\",\"name\":\"Rukaj\u00e4rven suunnan historiayhdistys\",\"url\":\"http:\\\/\\\/www.rukajarvensuunnanhistoriayhdistys.fi\\\/historiayhdistys\\\/\",\"logo\":{\"@type\":\"ImageObject\",\"inLanguage\":\"fi\",\"@id\":\"http:\\\/\\\/www.rukajarvensuunnanhistoriayhdistys.fi\\\/historiayhdistys\\\/#\\\/schema\\\/logo\\\/image\\\/\",\"url\":\"http:\\\/\\\/www.rukajarvensuunnanhistoriayhdistys.fi\\\/historiayhdistys\\\/wp-content\\\/uploads\\\/2013\\\/12\\\/Otsake_3.jpg\",\"contentUrl\":\"http:\\\/\\\/www.rukajarvensuunnanhistoriayhdistys.fi\\\/historiayhdistys\\\/wp-content\\\/uploads\\\/2013\\\/12\\\/Otsake_3.jpg\",\"width\":1000,\"height\":442,\"caption\":\"Rukaj\u00e4rven suunnan historiayhdistys\"},\"image\":{\"@id\":\"http:\\\/\\\/www.rukajarvensuunnanhistoriayhdistys.fi\\\/historiayhdistys\\\/#\\\/schema\\\/logo\\\/image\\\/\"}},{\"@type\":\"Person\",\"@id\":\"http:\\\/\\\/www.rukajarvensuunnanhistoriayhdistys.fi\\\/historiayhdistys\\\/#\\\/schema\\\/person\\\/19de7db68bf72dfd2b5d7f6dfbf8454d\",\"name\":\"RSHY\",\"image\":{\"@type\":\"ImageObject\",\"inLanguage\":\"fi\",\"@id\":\"https:\\\/\\\/secure.gravatar.com\\\/avatar\\\/598d59263a69cc8de65fcb4f9db78d6f58c098cb0e0ba22d73377441af9fa04c?s=96&d=blank&r=g\",\"url\":\"https:\\\/\\\/secure.gravatar.com\\\/avatar\\\/598d59263a69cc8de65fcb4f9db78d6f58c098cb0e0ba22d73377441af9fa04c?s=96&d=blank&r=g\",\"contentUrl\":\"https:\\\/\\\/secure.gravatar.com\\\/avatar\\\/598d59263a69cc8de65fcb4f9db78d6f58c098cb0e0ba22d73377441af9fa04c?s=96&d=blank&r=g\",\"caption\":\"RSHY\"},\"url\":\"http:\\\/\\\/www.rukajarvensuunnanhistoriayhdistys.fi\\\/historiayhdistys\\\/author\\\/rshy\\\/\"}]}<\/script>\n<!-- \/ Yoast SEO plugin. -->","yoast_head_json":{"title":"Ermei Kannisen vire\u00e4t el\u00e4kevuodet Suomen l\u00e4hettil\u00e4\u00e4n\u00e4, perinnety\u00f6ntekij\u00e4n\u00e4 ja esitelmien pit\u00e4j\u00e4n\u00e4 - Rukaj\u00e4rven suunnan historiayhdistys","robots":{"index":"index","follow":"follow","max-snippet":"max-snippet:-1","max-image-preview":"max-image-preview:large","max-video-preview":"max-video-preview:-1"},"canonical":"http:\/\/www.rukajarvensuunnanhistoriayhdistys.fi\/historiayhdistys\/ermei-kannisen-vireat-elakevuodet-suomen-lahettilaana-perinnetyontekijana-ja-esitelmien-pitajana\/","og_locale":"fi_FI","og_type":"article","og_title":"Ermei Kannisen vire\u00e4t el\u00e4kevuodet Suomen l\u00e4hettil\u00e4\u00e4n\u00e4, perinnety\u00f6ntekij\u00e4n\u00e4 ja esitelmien pit\u00e4j\u00e4n\u00e4 - Rukaj\u00e4rven suunnan historiayhdistys","og_description":"Yksi kenraalikuntamme vanhimmista ja arvostetuimmista j\u00e4senist\u00e4, pitk\u00e4n uran puolustusvoimissa tehnyt kenraaliluutnantti Ermei Kanninen kuoli 12.11.2015 yll\u00e4tt\u00e4en 93 vuoden ik\u00e4isen\u00e4. Kaaduttuaan kotonaan lempituolinsa \u00e4\u00e4reen, sit\u00e4 seurasi nopea kunnon heikkeneminen ja menehtyminen. Teksti jatkuu...Ermei Kannisen vire\u00e4t el\u00e4kevuodet Suomen l\u00e4hettil\u00e4\u00e4n\u00e4, perinnety\u00f6ntekij\u00e4n\u00e4 ja esitelmien pit\u00e4j\u00e4n\u00e4\u2192","og_url":"http:\/\/www.rukajarvensuunnanhistoriayhdistys.fi\/historiayhdistys\/ermei-kannisen-vireat-elakevuodet-suomen-lahettilaana-perinnetyontekijana-ja-esitelmien-pitajana\/","og_site_name":"Rukaj\u00e4rven suunnan historiayhdistys","article_published_time":"2015-11-27T22:15:37+00:00","article_modified_time":"2015-11-27T22:57:00+00:00","og_image":[{"width":1024,"height":576,"url":"http:\/\/www.rukajarvensuunnanhistoriayhdistys.fi\/historiayhdistys\/wp-content\/uploads\/2015\/11\/1-EK-S1090053-2-1024x576.jpg","type":"image\/jpeg"}],"author":"RSHY","twitter_misc":{"Kirjoittanut":"RSHY","Arvioitu lukuaika":"6 minuuttia"},"schema":{"@context":"https:\/\/schema.org","@graph":[{"@type":"Article","@id":"http:\/\/www.rukajarvensuunnanhistoriayhdistys.fi\/historiayhdistys\/ermei-kannisen-vireat-elakevuodet-suomen-lahettilaana-perinnetyontekijana-ja-esitelmien-pitajana\/#article","isPartOf":{"@id":"http:\/\/www.rukajarvensuunnanhistoriayhdistys.fi\/historiayhdistys\/ermei-kannisen-vireat-elakevuodet-suomen-lahettilaana-perinnetyontekijana-ja-esitelmien-pitajana\/"},"author":{"name":"RSHY","@id":"http:\/\/www.rukajarvensuunnanhistoriayhdistys.fi\/historiayhdistys\/#\/schema\/person\/19de7db68bf72dfd2b5d7f6dfbf8454d"},"headline":"Ermei Kannisen vire\u00e4t el\u00e4kevuodet Suomen l\u00e4hettil\u00e4\u00e4n\u00e4, perinnety\u00f6ntekij\u00e4n\u00e4 ja esitelmien pit\u00e4j\u00e4n\u00e4","datePublished":"2015-11-27T22:15:37+00:00","dateModified":"2015-11-27T22:57:00+00:00","mainEntityOfPage":{"@id":"http:\/\/www.rukajarvensuunnanhistoriayhdistys.fi\/historiayhdistys\/ermei-kannisen-vireat-elakevuodet-suomen-lahettilaana-perinnetyontekijana-ja-esitelmien-pitajana\/"},"wordCount":1167,"publisher":{"@id":"http:\/\/www.rukajarvensuunnanhistoriayhdistys.fi\/historiayhdistys\/#organization"},"image":{"@id":"http:\/\/www.rukajarvensuunnanhistoriayhdistys.fi\/historiayhdistys\/ermei-kannisen-vireat-elakevuodet-suomen-lahettilaana-perinnetyontekijana-ja-esitelmien-pitajana\/#primaryimage"},"thumbnailUrl":"http:\/\/www.rukajarvensuunnanhistoriayhdistys.fi\/historiayhdistys\/wp-content\/uploads\/2015\/11\/1-EK-S1090053-2.jpg","articleSection":["Ajankohtaista"],"inLanguage":"fi"},{"@type":"WebPage","@id":"http:\/\/www.rukajarvensuunnanhistoriayhdistys.fi\/historiayhdistys\/ermei-kannisen-vireat-elakevuodet-suomen-lahettilaana-perinnetyontekijana-ja-esitelmien-pitajana\/","url":"http:\/\/www.rukajarvensuunnanhistoriayhdistys.fi\/historiayhdistys\/ermei-kannisen-vireat-elakevuodet-suomen-lahettilaana-perinnetyontekijana-ja-esitelmien-pitajana\/","name":"Ermei Kannisen vire\u00e4t el\u00e4kevuodet Suomen l\u00e4hettil\u00e4\u00e4n\u00e4, perinnety\u00f6ntekij\u00e4n\u00e4 ja esitelmien pit\u00e4j\u00e4n\u00e4 - Rukaj\u00e4rven suunnan historiayhdistys","isPartOf":{"@id":"http:\/\/www.rukajarvensuunnanhistoriayhdistys.fi\/historiayhdistys\/#website"},"primaryImageOfPage":{"@id":"http:\/\/www.rukajarvensuunnanhistoriayhdistys.fi\/historiayhdistys\/ermei-kannisen-vireat-elakevuodet-suomen-lahettilaana-perinnetyontekijana-ja-esitelmien-pitajana\/#primaryimage"},"image":{"@id":"http:\/\/www.rukajarvensuunnanhistoriayhdistys.fi\/historiayhdistys\/ermei-kannisen-vireat-elakevuodet-suomen-lahettilaana-perinnetyontekijana-ja-esitelmien-pitajana\/#primaryimage"},"thumbnailUrl":"http:\/\/www.rukajarvensuunnanhistoriayhdistys.fi\/historiayhdistys\/wp-content\/uploads\/2015\/11\/1-EK-S1090053-2.jpg","datePublished":"2015-11-27T22:15:37+00:00","dateModified":"2015-11-27T22:57:00+00:00","breadcrumb":{"@id":"http:\/\/www.rukajarvensuunnanhistoriayhdistys.fi\/historiayhdistys\/ermei-kannisen-vireat-elakevuodet-suomen-lahettilaana-perinnetyontekijana-ja-esitelmien-pitajana\/#breadcrumb"},"inLanguage":"fi","potentialAction":[{"@type":"ReadAction","target":["http:\/\/www.rukajarvensuunnanhistoriayhdistys.fi\/historiayhdistys\/ermei-kannisen-vireat-elakevuodet-suomen-lahettilaana-perinnetyontekijana-ja-esitelmien-pitajana\/"]}]},{"@type":"ImageObject","inLanguage":"fi","@id":"http:\/\/www.rukajarvensuunnanhistoriayhdistys.fi\/historiayhdistys\/ermei-kannisen-vireat-elakevuodet-suomen-lahettilaana-perinnetyontekijana-ja-esitelmien-pitajana\/#primaryimage","url":"http:\/\/www.rukajarvensuunnanhistoriayhdistys.fi\/historiayhdistys\/wp-content\/uploads\/2015\/11\/1-EK-S1090053-2.jpg","contentUrl":"http:\/\/www.rukajarvensuunnanhistoriayhdistys.fi\/historiayhdistys\/wp-content\/uploads\/2015\/11\/1-EK-S1090053-2.jpg","width":4864,"height":2736,"caption":"Kenraali Ermei Kanninen (19.10.1922-.12.11.2015) Marskin Majalla julkistettiin kirja \"Rukaj\u00e4rven luutnantti\"."},{"@type":"BreadcrumbList","@id":"http:\/\/www.rukajarvensuunnanhistoriayhdistys.fi\/historiayhdistys\/ermei-kannisen-vireat-elakevuodet-suomen-lahettilaana-perinnetyontekijana-ja-esitelmien-pitajana\/#breadcrumb","itemListElement":[{"@type":"ListItem","position":1,"name":"Etusivu","item":"http:\/\/www.rukajarvensuunnanhistoriayhdistys.fi\/historiayhdistys\/"},{"@type":"ListItem","position":2,"name":"Ermei Kannisen vire\u00e4t el\u00e4kevuodet Suomen l\u00e4hettil\u00e4\u00e4n\u00e4, perinnety\u00f6ntekij\u00e4n\u00e4 ja esitelmien pit\u00e4j\u00e4n\u00e4"}]},{"@type":"WebSite","@id":"http:\/\/www.rukajarvensuunnanhistoriayhdistys.fi\/historiayhdistys\/#website","url":"http:\/\/www.rukajarvensuunnanhistoriayhdistys.fi\/historiayhdistys\/","name":"Rukaj\u00e4rven suunnan historiayhdistys","description":"Rukaj\u00e4rven suunnan historiayhdistyksen verkkosivut.","publisher":{"@id":"http:\/\/www.rukajarvensuunnanhistoriayhdistys.fi\/historiayhdistys\/#organization"},"potentialAction":[{"@type":"SearchAction","target":{"@type":"EntryPoint","urlTemplate":"http:\/\/www.rukajarvensuunnanhistoriayhdistys.fi\/historiayhdistys\/?s={search_term_string}"},"query-input":{"@type":"PropertyValueSpecification","valueRequired":true,"valueName":"search_term_string"}}],"inLanguage":"fi"},{"@type":"Organization","@id":"http:\/\/www.rukajarvensuunnanhistoriayhdistys.fi\/historiayhdistys\/#organization","name":"Rukaj\u00e4rven suunnan historiayhdistys","url":"http:\/\/www.rukajarvensuunnanhistoriayhdistys.fi\/historiayhdistys\/","logo":{"@type":"ImageObject","inLanguage":"fi","@id":"http:\/\/www.rukajarvensuunnanhistoriayhdistys.fi\/historiayhdistys\/#\/schema\/logo\/image\/","url":"http:\/\/www.rukajarvensuunnanhistoriayhdistys.fi\/historiayhdistys\/wp-content\/uploads\/2013\/12\/Otsake_3.jpg","contentUrl":"http:\/\/www.rukajarvensuunnanhistoriayhdistys.fi\/historiayhdistys\/wp-content\/uploads\/2013\/12\/Otsake_3.jpg","width":1000,"height":442,"caption":"Rukaj\u00e4rven suunnan historiayhdistys"},"image":{"@id":"http:\/\/www.rukajarvensuunnanhistoriayhdistys.fi\/historiayhdistys\/#\/schema\/logo\/image\/"}},{"@type":"Person","@id":"http:\/\/www.rukajarvensuunnanhistoriayhdistys.fi\/historiayhdistys\/#\/schema\/person\/19de7db68bf72dfd2b5d7f6dfbf8454d","name":"RSHY","image":{"@type":"ImageObject","inLanguage":"fi","@id":"https:\/\/secure.gravatar.com\/avatar\/598d59263a69cc8de65fcb4f9db78d6f58c098cb0e0ba22d73377441af9fa04c?s=96&d=blank&r=g","url":"https:\/\/secure.gravatar.com\/avatar\/598d59263a69cc8de65fcb4f9db78d6f58c098cb0e0ba22d73377441af9fa04c?s=96&d=blank&r=g","contentUrl":"https:\/\/secure.gravatar.com\/avatar\/598d59263a69cc8de65fcb4f9db78d6f58c098cb0e0ba22d73377441af9fa04c?s=96&d=blank&r=g","caption":"RSHY"},"url":"http:\/\/www.rukajarvensuunnanhistoriayhdistys.fi\/historiayhdistys\/author\/rshy\/"}]}},"_links":{"self":[{"href":"http:\/\/www.rukajarvensuunnanhistoriayhdistys.fi\/historiayhdistys\/wp-json\/wp\/v2\/posts\/10307","targetHints":{"allow":["GET"]}}],"collection":[{"href":"http:\/\/www.rukajarvensuunnanhistoriayhdistys.fi\/historiayhdistys\/wp-json\/wp\/v2\/posts"}],"about":[{"href":"http:\/\/www.rukajarvensuunnanhistoriayhdistys.fi\/historiayhdistys\/wp-json\/wp\/v2\/types\/post"}],"author":[{"embeddable":true,"href":"http:\/\/www.rukajarvensuunnanhistoriayhdistys.fi\/historiayhdistys\/wp-json\/wp\/v2\/users\/3"}],"replies":[{"embeddable":true,"href":"http:\/\/www.rukajarvensuunnanhistoriayhdistys.fi\/historiayhdistys\/wp-json\/wp\/v2\/comments?post=10307"}],"version-history":[{"count":5,"href":"http:\/\/www.rukajarvensuunnanhistoriayhdistys.fi\/historiayhdistys\/wp-json\/wp\/v2\/posts\/10307\/revisions"}],"predecessor-version":[{"id":10321,"href":"http:\/\/www.rukajarvensuunnanhistoriayhdistys.fi\/historiayhdistys\/wp-json\/wp\/v2\/posts\/10307\/revisions\/10321"}],"wp:featuredmedia":[{"embeddable":true,"href":"http:\/\/www.rukajarvensuunnanhistoriayhdistys.fi\/historiayhdistys\/wp-json\/wp\/v2\/media\/10315"}],"wp:attachment":[{"href":"http:\/\/www.rukajarvensuunnanhistoriayhdistys.fi\/historiayhdistys\/wp-json\/wp\/v2\/media?parent=10307"}],"wp:term":[{"taxonomy":"category","embeddable":true,"href":"http:\/\/www.rukajarvensuunnanhistoriayhdistys.fi\/historiayhdistys\/wp-json\/wp\/v2\/categories?post=10307"},{"taxonomy":"post_tag","embeddable":true,"href":"http:\/\/www.rukajarvensuunnanhistoriayhdistys.fi\/historiayhdistys\/wp-json\/wp\/v2\/tags?post=10307"}],"curies":[{"name":"wp","href":"https:\/\/api.w.org\/{rel}","templated":true}]}}