{"id":10323,"date":"2015-12-04T08:30:41","date_gmt":"2015-12-04T06:30:41","guid":{"rendered":"http:\/\/www.rukajarvensuunnanhistoriayhdistys.fi\/historiayhdistys\/?p=10323"},"modified":"2015-12-03T23:43:57","modified_gmt":"2015-12-03T21:43:57","slug":"10323-2","status":"publish","type":"post","link":"http:\/\/www.rukajarvensuunnanhistoriayhdistys.fi\/historiayhdistys\/10323-2\/","title":{"rendered":"&#8221;\u00c4l\u00e4 kysy mit\u00e4 maa voi tehd\u00e4 puolestasi, vaan kysy, mit\u00e4 sin\u00e4 voit tehd\u00e4 maasi puolesta.&#8221;"},"content":{"rendered":"<div class=\"fcbkbttn_buttons_block\" id=\"fcbkbttn_left\"><div class=\"fcbkbttn_like \"><fb:like href=\"http:\/\/www.rukajarvensuunnanhistoriayhdistys.fi\/historiayhdistys\/10323-2\/\" action=\"like\" colorscheme=\"light\" layout=\"button_count\"  size=\"small\"><\/fb:like><\/div><\/div><p>Rukaj\u00e4rven suunnan historiayhdistyksen puheenjohtaja Tenho Tikkanen 4.12.2015 Iisalmessa, Sankarniemen muistomerkill\u00e4\u00a0 Savon ammatti- ja aikuisopiston\u00a0 SUOMEN ITSEN\u00c4ISYYDEN 98-VUOTISJUHLASSA:<\/p>\n<figure id=\"attachment_9678\" aria-describedby=\"caption-attachment-9678\" style=\"width: 694px\" class=\"wp-caption aligncenter\"><a href=\"http:\/\/www.rukajarvensuunnanhistoriayhdistys.fi\/historiayhdistys\/wp-content\/uploads\/2014\/12\/Sakky.jpg\"><img loading=\"lazy\" decoding=\"async\" class=\"size-full wp-image-9678\" src=\"http:\/\/www.rukajarvensuunnanhistoriayhdistys.fi\/historiayhdistys\/wp-content\/uploads\/2014\/12\/Sakky.jpg\" alt=\"Savon ammatti- ja aikuisopisto kannustaa opiskelijoitaan. N\u00e4in kuntayhtym\u00e4n johtaja Esa Karvinen. Kuva oppilaitoksen nettisivulta.\" width=\"694\" height=\"576\" data-id=\"9678\" srcset=\"http:\/\/www.rukajarvensuunnanhistoriayhdistys.fi\/historiayhdistys\/wp-content\/uploads\/2014\/12\/Sakky.jpg 694w, http:\/\/www.rukajarvensuunnanhistoriayhdistys.fi\/historiayhdistys\/wp-content\/uploads\/2014\/12\/Sakky-300x248.jpg 300w\" sizes=\"auto, (max-width: 694px) 100vw, 694px\" \/><\/a><figcaption id=\"caption-attachment-9678\" class=\"wp-caption-text\">Savon ammatti- ja aikuisopisto kannustaa opiskelijoitaan. N\u00e4in kuntayhtym\u00e4n johtaja Esa Karvinen. Kuva oppilaitoksen nettisivulta.<\/figcaption><\/figure>\n<figure id=\"attachment_9683\" aria-describedby=\"caption-attachment-9683\" style=\"width: 530px\" class=\"wp-caption aligncenter\"><a href=\"http:\/\/www.rukajarvensuunnanhistoriayhdistys.fi\/historiayhdistys\/wp-content\/uploads\/2014\/12\/Sankariniemi.jpg\"><img loading=\"lazy\" decoding=\"async\" class=\"size-large wp-image-9683\" src=\"http:\/\/www.rukajarvensuunnanhistoriayhdistys.fi\/historiayhdistys\/wp-content\/uploads\/2014\/12\/Sankariniemi-1024x723.jpg\" alt=\"Oppilaitten kynttil\u00e4t sytytettiin Talvi - ja Jatkosodassa kaatuneitten v. 1939 - 1945 muistomerkille. Sen on suunnitellut arkkitehti Hannu Puurunen. \" width=\"530\" height=\"374\" data-id=\"9683\" srcset=\"http:\/\/www.rukajarvensuunnanhistoriayhdistys.fi\/historiayhdistys\/wp-content\/uploads\/2014\/12\/Sankariniemi-1024x723.jpg 1024w, http:\/\/www.rukajarvensuunnanhistoriayhdistys.fi\/historiayhdistys\/wp-content\/uploads\/2014\/12\/Sankariniemi-300x212.jpg 300w, http:\/\/www.rukajarvensuunnanhistoriayhdistys.fi\/historiayhdistys\/wp-content\/uploads\/2014\/12\/Sankariniemi.jpg 1754w\" sizes=\"auto, (max-width: 530px) 100vw, 530px\" \/><\/a><figcaption id=\"caption-attachment-9683\" class=\"wp-caption-text\">Oppilaitten kynttil\u00e4t sytytettiin Talvi &#8211; ja Jatkosodassa kaatuneitten v. 1939 &#8211; 1945 muistomerkille. Sen on suunnitellut arkkitehti Hannu Puurunen.<\/figcaption><\/figure>\n<p>Hyv\u00e4t nuoret, hyv\u00e4t opettajat.<\/p>\n<p>Historia on Suomen kansalle opettanut, ett\u00e4 ihminen voi ilman omaa syyt\u00e4\u00e4n ja tahtomattaan joutua turvattomaksi ja \u00a0pakolaisen asemaan my\u00f6s ja\/tai jopa omassa kotimaassaan, kuten aikanaan k\u00e4vi mm. Karjalan evakoille ja muulle siirtov\u00e4elle. He joutuivat talvi- ja jatkosotien aikana ja j\u00e4lkeen hakemaan uuden el\u00e4m\u00e4n alkua hyvinkin kaukaa synnyinseutujensa ulkopuolelta, ei toki tuolloin yht\u00e4 kaukaa kuin nyt ulkopuolisten tekemien hy\u00f6kk\u00e4yssotien ja sis\u00e4llissotien liikkeelle ajamat pakolaiset ja turvapaikanhakijat n\u00e4in\u00e4 aikoina l\u00e4ntisest\u00e4 Euroopasta ja siten my\u00f6s t\u00e4\u00e4lt\u00e4 Suomesta.<\/p>\n<p>Olemme rauhaa rakastava kansa, joka kokemuksensa kautta ymm\u00e4rt\u00e4\u00e4 sodan ja v\u00e4kivallan kauheudet. Olen saanut vuosikymmenen varrella vierailla\u00a0 lukuisten veteraanien luona heid\u00e4n kotonaan ja erilaisissa hoitopaikoissa. Suurin osa sotiemme veteraaneista puhuu rauhan puolesta ja sovinnonteon merkityksest\u00e4. Jo liki 100-vuotias is\u00e4ni totesi: &#8221;Min\u00e4 olen sit\u00e4 mielt\u00e4, ett\u00e4 tuumoomalla asiat hoituu, eik\u00e4 tappelemalla.&#8221;<\/p>\n<p>Keskustelin vastik\u00e4\u00e4n yhdistyksemme varapuheenjohtajan, veteraani Olavi Tiittasen kanssa v\u00e4litt\u00f6m\u00e4sti sotaa seuranneesta ajasta. Alussa h\u00e4n n\u00e4ki tulevaisuutensa varsin synkk\u00e4n\u00e4. H\u00e4n pelk\u00e4si monen muun suomalaisen tavoin, ett\u00e4 sotilaat karkotettaisiin Siperiaan. Niinp\u00e4 h\u00e4n kertoi tehneens\u00e4 pelastautumissuunnitelman. Ensin h\u00e4n pestautuisi merivoimiin miinanraivausteht\u00e4viin, jota tehtiin p\u00e4\u00e4osin Suomenlahdella Porkkalanniemen rannoilla. T\u00e4st\u00e4 ty\u00f6st\u00e4 h\u00e4n arvioi saavansa kokemusta, jonka varassa h\u00e4n voisi hakeutua kauppalaivaston palvelukseen. Laivoilla h\u00e4n p\u00e4\u00e4sisi riitt\u00e4v\u00e4n kaukaiseen maahan, jossa siirtyisi siirtolaiseksi rakentaakseen siell\u00e4 tulevan el\u00e4m\u00e4ns\u00e4.<\/p>\n<p>Miinanraivaajat majoittuivat Suomenlinnassa. Kulttuurista kiinnostuneena Olavi poikkesi Suomenlinnassa pidettyyn kirkkokonserttiin, jossa h\u00e4n sai syv\u00e4llisen her\u00e4tyksen. Kauniista melodisesta Sibeliuksen viulumusiikista liikuttuneena h\u00e4n oivalsi, ettei h\u00e4n voi j\u00e4tt\u00e4\u00e4 kotimaataan, vaan h\u00e4nt\u00e4 tullaan tarvitsemaan j\u00e4lleenrakennusty\u00f6ss\u00e4, yht\u00e4lailla rauhan kuin sodan aikana. Olavi kouluttautui. H\u00e4nen neuvottelutaitojaan tultiin tarvitsemaan monessa vaativassa teht\u00e4v\u00e4ss\u00e4. El\u00e4kkeelle h\u00e4n j\u00e4i Juuan kunnanjohtajan paikalta.<\/p>\n<p>Yritt\u00e4k\u00e4\u00e4mme asettautua Olavin asemaan, pitkien uuvuttavien sotavuosien j\u00e4lkeiseen aikaan. Vastaavan syyn, jonka vuoksi Olavi ajatteli Suomesta l\u00e4htemist\u00e4, er\u00e4\u00e4n tiedon mukaan per\u00e4ti 51.000 kansalaista muutti maasta. Tuona aikana k\u00e4ytiin mm. raskaat sotasyyllisyysoikeudenk\u00e4ynnit, asutettiin yli 400.000 henke\u00e4 siirtov\u00e4ke\u00e4, sotakorvaukset maksettiin ainoana maailmassa ja jopa etuajassa. Veteraanit joutuivat kest\u00e4m\u00e4\u00e4n monenlaista solvausta, kuten er\u00e4\u00e4n junamatkan aikana jopa sanoin &#8221;mit\u00e4s menitte ja ammuitte yst\u00e4vi\u00e4mme&#8221;. Tuolla samalla matkalla Olavi l\u00f6ysi junan lattialta suuren tukon rahaa. Paikalleen palattuaan h\u00e4n kuulutti, onko joku teist\u00e4 kadottanut rahaa. Nuori mies kopeloi taskujaan, h\u00e4t\u00e4\u00e4ntyi ja kertoi rahojensa h\u00e4vi\u00e4misest\u00e4. Olavi luovutti rahat h\u00e4nelle. Viereisell\u00e4 penkill\u00e4 samat kaksi naista, jotka \u00e4sken syyttiv\u00e4t Olavia sotatoimiin osallistumisesta herjasivat nyt sanoen: &#8221;Tyhm\u00e4 mies, olisit toki pit\u00e4nyt l\u00f6yt\u00e4m\u00e4si varat.&#8221;<\/p>\n<p>Olavi yhdess\u00e4 aseveljiens\u00e4 kanssa taisteli itsen\u00e4isen Suomen puolesta. Hetken usko horjui, mutta kuitenkin juuri sen uskon avulla h\u00e4n ja tuo sukupolvi rakensivat maansa vaurauden katkeroitumatta. Kansalla ei ole mit\u00e4\u00e4n sen arvokkaampaa kuin itsen\u00e4isyys.<\/p>\n<p>Sellainen maa, joka puolustaa kansalaistensa vapautta ja perusoikeuksia sek\u00e4 pit\u00e4\u00e4 huolta heikompiosaisista j\u00e4senist\u00e4\u00e4n, on itsen\u00e4isyytens\u00e4 ansainnut. Vain t\u00e4llaisissa oloissa jokainen voi kokea maansa puolustamisen arvoiseksi ulkoista uhkaa vastaan. \u00a0Mutta onko Suomi en\u00e4\u00e4 itsen\u00e4inen, valtio, valtio, joka itse s\u00e4\u00e4t\u00e4\u00e4 lakinsa?<\/p>\n<p>T\u00e4h\u00e4n hetkeen sopii presidentti Kennedyn sanonta: &#8221;\u00c4l\u00e4 kysy mit\u00e4 maa voi tehd\u00e4 puolestasi, vaan kysy, mit\u00e4 sin\u00e4 voit tehd\u00e4 maasi puolesta.&#8221; Yhdistyksemme juuri edesmennyt perustajaj\u00e4sen, kenraaliluutnantti Ermei Kanninen lausui asian samaa tarkoittavin toisin sanoin: &#8221;Nyt pit\u00e4\u00e4 puhaltaa yhteiseen hiileen&#8221;. Ja min\u00e4 sanon: Nyt on se aika, jolloin jokaista tarvitaan maamme j\u00e4lleenrakennusty\u00f6ss\u00e4.<\/p>\n<p>Olemme kokoontuneet muistomerkille, joka muistuttaa meit\u00e4 maamme vaikeista ajoista, ristiriidoista, joista ei p\u00e4\u00e4sty sopuun neuvotellen. Toisaalta muistomerkki on my\u00f6s osoitus siit\u00e4, ett\u00e4 pian tuon v\u00e4kivaltaisen ajan j\u00e4lkeen Suomi oli yhten\u00e4inen. Vaaran uhatessa yhten\u00e4inen Suomi pystyi sopimaan asioistaan ja onnistui s\u00e4ilytt\u00e4m\u00e4\u00e4n itsen\u00e4isyytemme ja vapautemme.<\/p>\n<p>Sotiemme veteraaneja on viel\u00e4 elossa muutamia kymmeni\u00e4 tuhansia. Nyt on viimeisi\u00e4 hetki\u00e4, jolloin viel\u00e4 voimme ja meid\u00e4n kaikkien kannattaa pit\u00e4\u00e4 yhteytt\u00e4 n\u00e4ihin\u00a0 paljon kokeneisiin kunniakansalaisiin niin kuin koko sodanaikaiseen sukupolveenkin.<\/p>\n<p>Viime vuonna t\u00e4ll\u00e4 samalla paikalla esitin Teille kaksi toivomusta. Esit\u00e4n yhteisen kiitoksemme yhteydenotoistanne. Toisen toiveen uudistan t\u00e4ss\u00e4 nyt n\u00e4ill\u00e4 sanoilla:<\/p>\n<p>&#8221;Ja muistakaa. Vanhempanne ja isovanhempanne iloitsevat k\u00e4ynneist\u00e4nne. He odottavat Teit\u00e4 aina ja kun heit\u00e4 tapaatte, kuunnelkaa ja kyselk\u00e4\u00e4 heilt\u00e4 kaikkea mahdollista. Tallentakaa vanhempien sukupolvien kertomukset niin kauan kuin se vain suinkin on mahdollista. Sit\u00e4 ty\u00f6t\u00e4 ette tule koskaan katumaan\u201d<\/p>\n<p>Toivotan Teille Hyv\u00e4\u00e4 Itsen\u00e4isyysp\u00e4iv\u00e4\u00e4 ja Joulun Odotusta sek\u00e4 Menestyst\u00e4 kouluty\u00f6ss\u00e4nne.<\/p>\n<p>Tenho Tikkanen, puheenjohtaja<\/p>\n","protected":false},"excerpt":{"rendered":"<p>Rukaj\u00e4rven suunnan historiayhdistyksen puheenjohtaja Tenho Tikkanen 4.12.2015 Iisalmessa, Sankarniemen muistomerkill\u00e4\u00a0 Savon ammatti- ja aikuisopiston\u00a0 SUOMEN ITSEN\u00c4ISYYDEN 98-VUOTISJUHLASSA: Hyv\u00e4t nuoret, hyv\u00e4t opettajat. Historia on Suomen kansalle opettanut, ett\u00e4 ihminen voi ilman <a class=\"more-link\" href=\"http:\/\/www.rukajarvensuunnanhistoriayhdistys.fi\/historiayhdistys\/10323-2\/\">Teksti jatkuu&#8230;<span class=\"screen-reader-text\">&#8221;\u00c4l\u00e4 kysy mit\u00e4 maa voi tehd\u00e4 puolestasi, vaan kysy, mit\u00e4 sin\u00e4 voit tehd\u00e4 maasi puolesta.&#8221;<\/span><span class=\"meta-nav\">\u2192<\/span><\/a><\/p>\n","protected":false},"author":3,"featured_media":9683,"comment_status":"closed","ping_status":"open","sticky":false,"template":"","format":"standard","meta":{"footnotes":""},"categories":[22],"tags":[],"class_list":["post-10323","post","type-post","status-publish","format-standard","has-post-thumbnail","hentry","category-ajankohtaista"],"yoast_head":"<!-- This site is optimized with the Yoast SEO plugin v27.4 - https:\/\/yoast.com\/product\/yoast-seo-wordpress\/ -->\n<title>&quot;\u00c4l\u00e4 kysy mit\u00e4 maa voi tehd\u00e4 puolestasi, vaan kysy, mit\u00e4 sin\u00e4 voit tehd\u00e4 maasi puolesta.&quot; - Rukaj\u00e4rven suunnan historiayhdistys<\/title>\n<meta name=\"robots\" content=\"index, follow, max-snippet:-1, max-image-preview:large, max-video-preview:-1\" \/>\n<link rel=\"canonical\" href=\"http:\/\/www.rukajarvensuunnanhistoriayhdistys.fi\/historiayhdistys\/10323-2\/\" \/>\n<meta property=\"og:locale\" content=\"fi_FI\" \/>\n<meta property=\"og:type\" content=\"article\" \/>\n<meta property=\"og:title\" content=\"&quot;\u00c4l\u00e4 kysy mit\u00e4 maa voi tehd\u00e4 puolestasi, vaan kysy, mit\u00e4 sin\u00e4 voit tehd\u00e4 maasi puolesta.&quot; - Rukaj\u00e4rven suunnan historiayhdistys\" \/>\n<meta property=\"og:description\" content=\"Rukaj\u00e4rven suunnan historiayhdistyksen puheenjohtaja Tenho Tikkanen 4.12.2015 Iisalmessa, Sankarniemen muistomerkill\u00e4\u00a0 Savon ammatti- ja aikuisopiston\u00a0 SUOMEN ITSEN\u00c4ISYYDEN 98-VUOTISJUHLASSA: Hyv\u00e4t nuoret, hyv\u00e4t opettajat. Historia on Suomen kansalle opettanut, ett\u00e4 ihminen voi ilman Teksti jatkuu...&#8221;\u00c4l\u00e4 kysy mit\u00e4 maa voi tehd\u00e4 puolestasi, vaan kysy, mit\u00e4 sin\u00e4 voit tehd\u00e4 maasi puolesta.&#8221;\u2192\" \/>\n<meta property=\"og:url\" content=\"http:\/\/www.rukajarvensuunnanhistoriayhdistys.fi\/historiayhdistys\/10323-2\/\" \/>\n<meta property=\"og:site_name\" content=\"Rukaj\u00e4rven suunnan historiayhdistys\" \/>\n<meta property=\"article:published_time\" content=\"2015-12-04T06:30:41+00:00\" \/>\n<meta property=\"og:image\" content=\"http:\/\/www.rukajarvensuunnanhistoriayhdistys.fi\/historiayhdistys\/wp-content\/uploads\/2014\/12\/Sankariniemi.jpg\" \/>\n\t<meta property=\"og:image:width\" content=\"1754\" \/>\n\t<meta property=\"og:image:height\" content=\"1240\" \/>\n\t<meta property=\"og:image:type\" content=\"image\/jpeg\" \/>\n<meta name=\"author\" content=\"RSHY\" \/>\n<meta name=\"twitter:label1\" content=\"Kirjoittanut\" \/>\n\t<meta name=\"twitter:data1\" content=\"RSHY\" \/>\n\t<meta name=\"twitter:label2\" content=\"Arvioitu lukuaika\" \/>\n\t<meta name=\"twitter:data2\" content=\"4 minuuttia\" \/>\n<script type=\"application\/ld+json\" class=\"yoast-schema-graph\">{\"@context\":\"https:\\\/\\\/schema.org\",\"@graph\":[{\"@type\":\"Article\",\"@id\":\"http:\\\/\\\/www.rukajarvensuunnanhistoriayhdistys.fi\\\/historiayhdistys\\\/10323-2\\\/#article\",\"isPartOf\":{\"@id\":\"http:\\\/\\\/www.rukajarvensuunnanhistoriayhdistys.fi\\\/historiayhdistys\\\/10323-2\\\/\"},\"author\":{\"name\":\"RSHY\",\"@id\":\"http:\\\/\\\/www.rukajarvensuunnanhistoriayhdistys.fi\\\/historiayhdistys\\\/#\\\/schema\\\/person\\\/19de7db68bf72dfd2b5d7f6dfbf8454d\"},\"headline\":\"&#8221;\u00c4l\u00e4 kysy mit\u00e4 maa voi tehd\u00e4 puolestasi, vaan kysy, mit\u00e4 sin\u00e4 voit tehd\u00e4 maasi puolesta.&#8221;\",\"datePublished\":\"2015-12-04T06:30:41+00:00\",\"mainEntityOfPage\":{\"@id\":\"http:\\\/\\\/www.rukajarvensuunnanhistoriayhdistys.fi\\\/historiayhdistys\\\/10323-2\\\/\"},\"wordCount\":834,\"publisher\":{\"@id\":\"http:\\\/\\\/www.rukajarvensuunnanhistoriayhdistys.fi\\\/historiayhdistys\\\/#organization\"},\"image\":{\"@id\":\"http:\\\/\\\/www.rukajarvensuunnanhistoriayhdistys.fi\\\/historiayhdistys\\\/10323-2\\\/#primaryimage\"},\"thumbnailUrl\":\"http:\\\/\\\/www.rukajarvensuunnanhistoriayhdistys.fi\\\/historiayhdistys\\\/wp-content\\\/uploads\\\/2014\\\/12\\\/Sankariniemi.jpg\",\"articleSection\":[\"Ajankohtaista\"],\"inLanguage\":\"fi\"},{\"@type\":\"WebPage\",\"@id\":\"http:\\\/\\\/www.rukajarvensuunnanhistoriayhdistys.fi\\\/historiayhdistys\\\/10323-2\\\/\",\"url\":\"http:\\\/\\\/www.rukajarvensuunnanhistoriayhdistys.fi\\\/historiayhdistys\\\/10323-2\\\/\",\"name\":\"\\\"\u00c4l\u00e4 kysy mit\u00e4 maa voi tehd\u00e4 puolestasi, vaan kysy, mit\u00e4 sin\u00e4 voit tehd\u00e4 maasi puolesta.\\\" - Rukaj\u00e4rven suunnan historiayhdistys\",\"isPartOf\":{\"@id\":\"http:\\\/\\\/www.rukajarvensuunnanhistoriayhdistys.fi\\\/historiayhdistys\\\/#website\"},\"primaryImageOfPage\":{\"@id\":\"http:\\\/\\\/www.rukajarvensuunnanhistoriayhdistys.fi\\\/historiayhdistys\\\/10323-2\\\/#primaryimage\"},\"image\":{\"@id\":\"http:\\\/\\\/www.rukajarvensuunnanhistoriayhdistys.fi\\\/historiayhdistys\\\/10323-2\\\/#primaryimage\"},\"thumbnailUrl\":\"http:\\\/\\\/www.rukajarvensuunnanhistoriayhdistys.fi\\\/historiayhdistys\\\/wp-content\\\/uploads\\\/2014\\\/12\\\/Sankariniemi.jpg\",\"datePublished\":\"2015-12-04T06:30:41+00:00\",\"breadcrumb\":{\"@id\":\"http:\\\/\\\/www.rukajarvensuunnanhistoriayhdistys.fi\\\/historiayhdistys\\\/10323-2\\\/#breadcrumb\"},\"inLanguage\":\"fi\",\"potentialAction\":[{\"@type\":\"ReadAction\",\"target\":[\"http:\\\/\\\/www.rukajarvensuunnanhistoriayhdistys.fi\\\/historiayhdistys\\\/10323-2\\\/\"]}]},{\"@type\":\"ImageObject\",\"inLanguage\":\"fi\",\"@id\":\"http:\\\/\\\/www.rukajarvensuunnanhistoriayhdistys.fi\\\/historiayhdistys\\\/10323-2\\\/#primaryimage\",\"url\":\"http:\\\/\\\/www.rukajarvensuunnanhistoriayhdistys.fi\\\/historiayhdistys\\\/wp-content\\\/uploads\\\/2014\\\/12\\\/Sankariniemi.jpg\",\"contentUrl\":\"http:\\\/\\\/www.rukajarvensuunnanhistoriayhdistys.fi\\\/historiayhdistys\\\/wp-content\\\/uploads\\\/2014\\\/12\\\/Sankariniemi.jpg\",\"width\":1754,\"height\":1240,\"caption\":\"Oppilaitten kynttil\u00e4t sytytettiin Talvi - ja Jatkosodassa kaatuneitten v. 1939 - 1945 muistomerkille. Sen on suunnitellut arkkitehti Hannu Puurunen.\"},{\"@type\":\"BreadcrumbList\",\"@id\":\"http:\\\/\\\/www.rukajarvensuunnanhistoriayhdistys.fi\\\/historiayhdistys\\\/10323-2\\\/#breadcrumb\",\"itemListElement\":[{\"@type\":\"ListItem\",\"position\":1,\"name\":\"Etusivu\",\"item\":\"http:\\\/\\\/www.rukajarvensuunnanhistoriayhdistys.fi\\\/historiayhdistys\\\/\"},{\"@type\":\"ListItem\",\"position\":2,\"name\":\"&#8221;\u00c4l\u00e4 kysy mit\u00e4 maa voi tehd\u00e4 puolestasi, vaan kysy, mit\u00e4 sin\u00e4 voit tehd\u00e4 maasi puolesta.&#8221;\"}]},{\"@type\":\"WebSite\",\"@id\":\"http:\\\/\\\/www.rukajarvensuunnanhistoriayhdistys.fi\\\/historiayhdistys\\\/#website\",\"url\":\"http:\\\/\\\/www.rukajarvensuunnanhistoriayhdistys.fi\\\/historiayhdistys\\\/\",\"name\":\"Rukaj\u00e4rven suunnan historiayhdistys\",\"description\":\"Rukaj\u00e4rven suunnan historiayhdistyksen verkkosivut.\",\"publisher\":{\"@id\":\"http:\\\/\\\/www.rukajarvensuunnanhistoriayhdistys.fi\\\/historiayhdistys\\\/#organization\"},\"potentialAction\":[{\"@type\":\"SearchAction\",\"target\":{\"@type\":\"EntryPoint\",\"urlTemplate\":\"http:\\\/\\\/www.rukajarvensuunnanhistoriayhdistys.fi\\\/historiayhdistys\\\/?s={search_term_string}\"},\"query-input\":{\"@type\":\"PropertyValueSpecification\",\"valueRequired\":true,\"valueName\":\"search_term_string\"}}],\"inLanguage\":\"fi\"},{\"@type\":\"Organization\",\"@id\":\"http:\\\/\\\/www.rukajarvensuunnanhistoriayhdistys.fi\\\/historiayhdistys\\\/#organization\",\"name\":\"Rukaj\u00e4rven suunnan historiayhdistys\",\"url\":\"http:\\\/\\\/www.rukajarvensuunnanhistoriayhdistys.fi\\\/historiayhdistys\\\/\",\"logo\":{\"@type\":\"ImageObject\",\"inLanguage\":\"fi\",\"@id\":\"http:\\\/\\\/www.rukajarvensuunnanhistoriayhdistys.fi\\\/historiayhdistys\\\/#\\\/schema\\\/logo\\\/image\\\/\",\"url\":\"http:\\\/\\\/www.rukajarvensuunnanhistoriayhdistys.fi\\\/historiayhdistys\\\/wp-content\\\/uploads\\\/2013\\\/12\\\/Otsake_3.jpg\",\"contentUrl\":\"http:\\\/\\\/www.rukajarvensuunnanhistoriayhdistys.fi\\\/historiayhdistys\\\/wp-content\\\/uploads\\\/2013\\\/12\\\/Otsake_3.jpg\",\"width\":1000,\"height\":442,\"caption\":\"Rukaj\u00e4rven suunnan historiayhdistys\"},\"image\":{\"@id\":\"http:\\\/\\\/www.rukajarvensuunnanhistoriayhdistys.fi\\\/historiayhdistys\\\/#\\\/schema\\\/logo\\\/image\\\/\"}},{\"@type\":\"Person\",\"@id\":\"http:\\\/\\\/www.rukajarvensuunnanhistoriayhdistys.fi\\\/historiayhdistys\\\/#\\\/schema\\\/person\\\/19de7db68bf72dfd2b5d7f6dfbf8454d\",\"name\":\"RSHY\",\"image\":{\"@type\":\"ImageObject\",\"inLanguage\":\"fi\",\"@id\":\"https:\\\/\\\/secure.gravatar.com\\\/avatar\\\/598d59263a69cc8de65fcb4f9db78d6f58c098cb0e0ba22d73377441af9fa04c?s=96&d=blank&r=g\",\"url\":\"https:\\\/\\\/secure.gravatar.com\\\/avatar\\\/598d59263a69cc8de65fcb4f9db78d6f58c098cb0e0ba22d73377441af9fa04c?s=96&d=blank&r=g\",\"contentUrl\":\"https:\\\/\\\/secure.gravatar.com\\\/avatar\\\/598d59263a69cc8de65fcb4f9db78d6f58c098cb0e0ba22d73377441af9fa04c?s=96&d=blank&r=g\",\"caption\":\"RSHY\"},\"url\":\"http:\\\/\\\/www.rukajarvensuunnanhistoriayhdistys.fi\\\/historiayhdistys\\\/author\\\/rshy\\\/\"}]}<\/script>\n<!-- \/ Yoast SEO plugin. -->","yoast_head_json":{"title":"\"\u00c4l\u00e4 kysy mit\u00e4 maa voi tehd\u00e4 puolestasi, vaan kysy, mit\u00e4 sin\u00e4 voit tehd\u00e4 maasi puolesta.\" - Rukaj\u00e4rven suunnan historiayhdistys","robots":{"index":"index","follow":"follow","max-snippet":"max-snippet:-1","max-image-preview":"max-image-preview:large","max-video-preview":"max-video-preview:-1"},"canonical":"http:\/\/www.rukajarvensuunnanhistoriayhdistys.fi\/historiayhdistys\/10323-2\/","og_locale":"fi_FI","og_type":"article","og_title":"\"\u00c4l\u00e4 kysy mit\u00e4 maa voi tehd\u00e4 puolestasi, vaan kysy, mit\u00e4 sin\u00e4 voit tehd\u00e4 maasi puolesta.\" - Rukaj\u00e4rven suunnan historiayhdistys","og_description":"Rukaj\u00e4rven suunnan historiayhdistyksen puheenjohtaja Tenho Tikkanen 4.12.2015 Iisalmessa, Sankarniemen muistomerkill\u00e4\u00a0 Savon ammatti- ja aikuisopiston\u00a0 SUOMEN ITSEN\u00c4ISYYDEN 98-VUOTISJUHLASSA: Hyv\u00e4t nuoret, hyv\u00e4t opettajat. Historia on Suomen kansalle opettanut, ett\u00e4 ihminen voi ilman Teksti jatkuu...&#8221;\u00c4l\u00e4 kysy mit\u00e4 maa voi tehd\u00e4 puolestasi, vaan kysy, mit\u00e4 sin\u00e4 voit tehd\u00e4 maasi puolesta.&#8221;\u2192","og_url":"http:\/\/www.rukajarvensuunnanhistoriayhdistys.fi\/historiayhdistys\/10323-2\/","og_site_name":"Rukaj\u00e4rven suunnan historiayhdistys","article_published_time":"2015-12-04T06:30:41+00:00","og_image":[{"width":1754,"height":1240,"url":"http:\/\/www.rukajarvensuunnanhistoriayhdistys.fi\/historiayhdistys\/wp-content\/uploads\/2014\/12\/Sankariniemi.jpg","type":"image\/jpeg"}],"author":"RSHY","twitter_misc":{"Kirjoittanut":"RSHY","Arvioitu lukuaika":"4 minuuttia"},"schema":{"@context":"https:\/\/schema.org","@graph":[{"@type":"Article","@id":"http:\/\/www.rukajarvensuunnanhistoriayhdistys.fi\/historiayhdistys\/10323-2\/#article","isPartOf":{"@id":"http:\/\/www.rukajarvensuunnanhistoriayhdistys.fi\/historiayhdistys\/10323-2\/"},"author":{"name":"RSHY","@id":"http:\/\/www.rukajarvensuunnanhistoriayhdistys.fi\/historiayhdistys\/#\/schema\/person\/19de7db68bf72dfd2b5d7f6dfbf8454d"},"headline":"&#8221;\u00c4l\u00e4 kysy mit\u00e4 maa voi tehd\u00e4 puolestasi, vaan kysy, mit\u00e4 sin\u00e4 voit tehd\u00e4 maasi puolesta.&#8221;","datePublished":"2015-12-04T06:30:41+00:00","mainEntityOfPage":{"@id":"http:\/\/www.rukajarvensuunnanhistoriayhdistys.fi\/historiayhdistys\/10323-2\/"},"wordCount":834,"publisher":{"@id":"http:\/\/www.rukajarvensuunnanhistoriayhdistys.fi\/historiayhdistys\/#organization"},"image":{"@id":"http:\/\/www.rukajarvensuunnanhistoriayhdistys.fi\/historiayhdistys\/10323-2\/#primaryimage"},"thumbnailUrl":"http:\/\/www.rukajarvensuunnanhistoriayhdistys.fi\/historiayhdistys\/wp-content\/uploads\/2014\/12\/Sankariniemi.jpg","articleSection":["Ajankohtaista"],"inLanguage":"fi"},{"@type":"WebPage","@id":"http:\/\/www.rukajarvensuunnanhistoriayhdistys.fi\/historiayhdistys\/10323-2\/","url":"http:\/\/www.rukajarvensuunnanhistoriayhdistys.fi\/historiayhdistys\/10323-2\/","name":"\"\u00c4l\u00e4 kysy mit\u00e4 maa voi tehd\u00e4 puolestasi, vaan kysy, mit\u00e4 sin\u00e4 voit tehd\u00e4 maasi puolesta.\" - Rukaj\u00e4rven suunnan historiayhdistys","isPartOf":{"@id":"http:\/\/www.rukajarvensuunnanhistoriayhdistys.fi\/historiayhdistys\/#website"},"primaryImageOfPage":{"@id":"http:\/\/www.rukajarvensuunnanhistoriayhdistys.fi\/historiayhdistys\/10323-2\/#primaryimage"},"image":{"@id":"http:\/\/www.rukajarvensuunnanhistoriayhdistys.fi\/historiayhdistys\/10323-2\/#primaryimage"},"thumbnailUrl":"http:\/\/www.rukajarvensuunnanhistoriayhdistys.fi\/historiayhdistys\/wp-content\/uploads\/2014\/12\/Sankariniemi.jpg","datePublished":"2015-12-04T06:30:41+00:00","breadcrumb":{"@id":"http:\/\/www.rukajarvensuunnanhistoriayhdistys.fi\/historiayhdistys\/10323-2\/#breadcrumb"},"inLanguage":"fi","potentialAction":[{"@type":"ReadAction","target":["http:\/\/www.rukajarvensuunnanhistoriayhdistys.fi\/historiayhdistys\/10323-2\/"]}]},{"@type":"ImageObject","inLanguage":"fi","@id":"http:\/\/www.rukajarvensuunnanhistoriayhdistys.fi\/historiayhdistys\/10323-2\/#primaryimage","url":"http:\/\/www.rukajarvensuunnanhistoriayhdistys.fi\/historiayhdistys\/wp-content\/uploads\/2014\/12\/Sankariniemi.jpg","contentUrl":"http:\/\/www.rukajarvensuunnanhistoriayhdistys.fi\/historiayhdistys\/wp-content\/uploads\/2014\/12\/Sankariniemi.jpg","width":1754,"height":1240,"caption":"Oppilaitten kynttil\u00e4t sytytettiin Talvi - ja Jatkosodassa kaatuneitten v. 1939 - 1945 muistomerkille. Sen on suunnitellut arkkitehti Hannu Puurunen."},{"@type":"BreadcrumbList","@id":"http:\/\/www.rukajarvensuunnanhistoriayhdistys.fi\/historiayhdistys\/10323-2\/#breadcrumb","itemListElement":[{"@type":"ListItem","position":1,"name":"Etusivu","item":"http:\/\/www.rukajarvensuunnanhistoriayhdistys.fi\/historiayhdistys\/"},{"@type":"ListItem","position":2,"name":"&#8221;\u00c4l\u00e4 kysy mit\u00e4 maa voi tehd\u00e4 puolestasi, vaan kysy, mit\u00e4 sin\u00e4 voit tehd\u00e4 maasi puolesta.&#8221;"}]},{"@type":"WebSite","@id":"http:\/\/www.rukajarvensuunnanhistoriayhdistys.fi\/historiayhdistys\/#website","url":"http:\/\/www.rukajarvensuunnanhistoriayhdistys.fi\/historiayhdistys\/","name":"Rukaj\u00e4rven suunnan historiayhdistys","description":"Rukaj\u00e4rven suunnan historiayhdistyksen verkkosivut.","publisher":{"@id":"http:\/\/www.rukajarvensuunnanhistoriayhdistys.fi\/historiayhdistys\/#organization"},"potentialAction":[{"@type":"SearchAction","target":{"@type":"EntryPoint","urlTemplate":"http:\/\/www.rukajarvensuunnanhistoriayhdistys.fi\/historiayhdistys\/?s={search_term_string}"},"query-input":{"@type":"PropertyValueSpecification","valueRequired":true,"valueName":"search_term_string"}}],"inLanguage":"fi"},{"@type":"Organization","@id":"http:\/\/www.rukajarvensuunnanhistoriayhdistys.fi\/historiayhdistys\/#organization","name":"Rukaj\u00e4rven suunnan historiayhdistys","url":"http:\/\/www.rukajarvensuunnanhistoriayhdistys.fi\/historiayhdistys\/","logo":{"@type":"ImageObject","inLanguage":"fi","@id":"http:\/\/www.rukajarvensuunnanhistoriayhdistys.fi\/historiayhdistys\/#\/schema\/logo\/image\/","url":"http:\/\/www.rukajarvensuunnanhistoriayhdistys.fi\/historiayhdistys\/wp-content\/uploads\/2013\/12\/Otsake_3.jpg","contentUrl":"http:\/\/www.rukajarvensuunnanhistoriayhdistys.fi\/historiayhdistys\/wp-content\/uploads\/2013\/12\/Otsake_3.jpg","width":1000,"height":442,"caption":"Rukaj\u00e4rven suunnan historiayhdistys"},"image":{"@id":"http:\/\/www.rukajarvensuunnanhistoriayhdistys.fi\/historiayhdistys\/#\/schema\/logo\/image\/"}},{"@type":"Person","@id":"http:\/\/www.rukajarvensuunnanhistoriayhdistys.fi\/historiayhdistys\/#\/schema\/person\/19de7db68bf72dfd2b5d7f6dfbf8454d","name":"RSHY","image":{"@type":"ImageObject","inLanguage":"fi","@id":"https:\/\/secure.gravatar.com\/avatar\/598d59263a69cc8de65fcb4f9db78d6f58c098cb0e0ba22d73377441af9fa04c?s=96&d=blank&r=g","url":"https:\/\/secure.gravatar.com\/avatar\/598d59263a69cc8de65fcb4f9db78d6f58c098cb0e0ba22d73377441af9fa04c?s=96&d=blank&r=g","contentUrl":"https:\/\/secure.gravatar.com\/avatar\/598d59263a69cc8de65fcb4f9db78d6f58c098cb0e0ba22d73377441af9fa04c?s=96&d=blank&r=g","caption":"RSHY"},"url":"http:\/\/www.rukajarvensuunnanhistoriayhdistys.fi\/historiayhdistys\/author\/rshy\/"}]}},"_links":{"self":[{"href":"http:\/\/www.rukajarvensuunnanhistoriayhdistys.fi\/historiayhdistys\/wp-json\/wp\/v2\/posts\/10323","targetHints":{"allow":["GET"]}}],"collection":[{"href":"http:\/\/www.rukajarvensuunnanhistoriayhdistys.fi\/historiayhdistys\/wp-json\/wp\/v2\/posts"}],"about":[{"href":"http:\/\/www.rukajarvensuunnanhistoriayhdistys.fi\/historiayhdistys\/wp-json\/wp\/v2\/types\/post"}],"author":[{"embeddable":true,"href":"http:\/\/www.rukajarvensuunnanhistoriayhdistys.fi\/historiayhdistys\/wp-json\/wp\/v2\/users\/3"}],"replies":[{"embeddable":true,"href":"http:\/\/www.rukajarvensuunnanhistoriayhdistys.fi\/historiayhdistys\/wp-json\/wp\/v2\/comments?post=10323"}],"version-history":[{"count":3,"href":"http:\/\/www.rukajarvensuunnanhistoriayhdistys.fi\/historiayhdistys\/wp-json\/wp\/v2\/posts\/10323\/revisions"}],"predecessor-version":[{"id":10326,"href":"http:\/\/www.rukajarvensuunnanhistoriayhdistys.fi\/historiayhdistys\/wp-json\/wp\/v2\/posts\/10323\/revisions\/10326"}],"wp:featuredmedia":[{"embeddable":true,"href":"http:\/\/www.rukajarvensuunnanhistoriayhdistys.fi\/historiayhdistys\/wp-json\/wp\/v2\/media\/9683"}],"wp:attachment":[{"href":"http:\/\/www.rukajarvensuunnanhistoriayhdistys.fi\/historiayhdistys\/wp-json\/wp\/v2\/media?parent=10323"}],"wp:term":[{"taxonomy":"category","embeddable":true,"href":"http:\/\/www.rukajarvensuunnanhistoriayhdistys.fi\/historiayhdistys\/wp-json\/wp\/v2\/categories?post=10323"},{"taxonomy":"post_tag","embeddable":true,"href":"http:\/\/www.rukajarvensuunnanhistoriayhdistys.fi\/historiayhdistys\/wp-json\/wp\/v2\/tags?post=10323"}],"curies":[{"name":"wp","href":"https:\/\/api.w.org\/{rel}","templated":true}]}}