{"id":10350,"date":"2015-12-21T20:04:01","date_gmt":"2015-12-21T18:04:01","guid":{"rendered":"http:\/\/www.rukajarvensuunnanhistoriayhdistys.fi\/historiayhdistys\/?p=10350"},"modified":"2015-12-22T11:42:50","modified_gmt":"2015-12-22T09:42:50","slug":"perustajajasenemme-kenraaliluutnantti-ermei-kannisen-siunaustilaisuus-8-12-2015","status":"publish","type":"post","link":"http:\/\/www.rukajarvensuunnanhistoriayhdistys.fi\/historiayhdistys\/perustajajasenemme-kenraaliluutnantti-ermei-kannisen-siunaustilaisuus-8-12-2015\/","title":{"rendered":"Perustajaj\u00e4senemme kenraaliluutnantti Ermei Kannisen siunaustilaisuus 8.12.2015"},"content":{"rendered":"<div class=\"fcbkbttn_buttons_block\" id=\"fcbkbttn_left\"><div class=\"fcbkbttn_like \"><fb:like href=\"http:\/\/www.rukajarvensuunnanhistoriayhdistys.fi\/historiayhdistys\/perustajajasenemme-kenraaliluutnantti-ermei-kannisen-siunaustilaisuus-8-12-2015\/\" action=\"like\" colorscheme=\"light\" layout=\"button_count\"  size=\"small\"><\/fb:like><\/div><\/div><p style=\"text-align: center;\"><strong>Perustajaj\u00e4senemme kenraaliluutnantti Ermei Kannisen siunaustilaisuus 8.12.2015 Temppeliaukion kirkossa.<\/strong><\/p>\n<figure id=\"attachment_10344\" aria-describedby=\"caption-attachment-10344\" style=\"width: 1943px\" class=\"wp-caption aligncenter\"><a href=\"http:\/\/www.rukajarvensuunnanhistoriayhdistys.fi\/historiayhdistys\/wp-content\/uploads\/2015\/12\/Rukaj\u00e4rvi-vedos-standaarin-vedos-7-8-2014.jpg\" rel=\"attachment wp-att-10344\"><img loading=\"lazy\" decoding=\"async\" class=\"wp-image-10344 size-full\" src=\"http:\/\/www.rukajarvensuunnanhistoriayhdistys.fi\/historiayhdistys\/wp-content\/uploads\/2015\/12\/Rukaj\u00e4rvi-vedos-standaarin-vedos-7-8-2014.jpg\" alt=\"Rukaj\u00e4rven suunnan historiayhdistys ry:n standaari, jonka suunnitteluun kenraali Ermei Kanninen ratkaisevasti vaikutti.\" width=\"1943\" height=\"2748\" data-id=\"10344\" srcset=\"http:\/\/www.rukajarvensuunnanhistoriayhdistys.fi\/historiayhdistys\/wp-content\/uploads\/2015\/12\/Rukaj\u00e4rvi-vedos-standaarin-vedos-7-8-2014.jpg 1943w, http:\/\/www.rukajarvensuunnanhistoriayhdistys.fi\/historiayhdistys\/wp-content\/uploads\/2015\/12\/Rukaj\u00e4rvi-vedos-standaarin-vedos-7-8-2014-212x300.jpg 212w, http:\/\/www.rukajarvensuunnanhistoriayhdistys.fi\/historiayhdistys\/wp-content\/uploads\/2015\/12\/Rukaj\u00e4rvi-vedos-standaarin-vedos-7-8-2014-768x1086.jpg 768w, http:\/\/www.rukajarvensuunnanhistoriayhdistys.fi\/historiayhdistys\/wp-content\/uploads\/2015\/12\/Rukaj\u00e4rvi-vedos-standaarin-vedos-7-8-2014-724x1024.jpg 724w\" sizes=\"auto, (max-width: 1943px) 100vw, 1943px\" \/><\/a><figcaption id=\"caption-attachment-10344\" class=\"wp-caption-text\">Rukaj\u00e4rven suunnan historiayhdistys ry:n standaari, jonka suunnitteluun kenraali Ermei Kanninen ratkaisevasti vaikutti.<\/figcaption><\/figure>\n<p>Siunaus- ja muistotilaisuuden ohjelman voi n\u00e4hd\u00e4 <a href=\"http:\/\/www.rukajarvensuunnanhistoriayhdistys.fi\/historiayhdistys\/wp-content\/uploads\/2015\/12\/Perustajaj\u00e4senemme-kenraaliluutnantti-Ermei-Kannisen-siunaustilaisuus-8-12-2015.pdf\">T\u00c4\u00c4LT\u00c4<\/a>.<\/p>\n<p><a href=\"http:\/\/www.rukajarvensuunnanhistoriayhdistys.fi\/historiayhdistys\/wp-content\/uploads\/2015\/12\/Kukkatervehdykset-luettelo-viralliset-edustajat.jpg\" rel=\"attachment wp-att-10352\"><img loading=\"lazy\" decoding=\"async\" class=\"aligncenter wp-image-10352 size-full\" src=\"http:\/\/www.rukajarvensuunnanhistoriayhdistys.fi\/historiayhdistys\/wp-content\/uploads\/2015\/12\/Kukkatervehdykset-luettelo-viralliset-edustajat.jpg\" alt=\"Kukkatervehdykset - luettelo - viralliset edustajat\" width=\"903\" height=\"489\" data-id=\"10352\" srcset=\"http:\/\/www.rukajarvensuunnanhistoriayhdistys.fi\/historiayhdistys\/wp-content\/uploads\/2015\/12\/Kukkatervehdykset-luettelo-viralliset-edustajat.jpg 903w, http:\/\/www.rukajarvensuunnanhistoriayhdistys.fi\/historiayhdistys\/wp-content\/uploads\/2015\/12\/Kukkatervehdykset-luettelo-viralliset-edustajat-300x162.jpg 300w, http:\/\/www.rukajarvensuunnanhistoriayhdistys.fi\/historiayhdistys\/wp-content\/uploads\/2015\/12\/Kukkatervehdykset-luettelo-viralliset-edustajat-768x416.jpg 768w\" sizes=\"auto, (max-width: 903px) 100vw, 903px\" \/><\/a><\/p>\n<figure id=\"attachment_10349\" aria-describedby=\"caption-attachment-10349\" style=\"width: 530px\" class=\"wp-caption aligncenter\"><a href=\"http:\/\/www.rukajarvensuunnanhistoriayhdistys.fi\/historiayhdistys\/wp-content\/uploads\/2015\/12\/ErmeiKanninen_05.jpg\" rel=\"attachment wp-att-10349\"><img loading=\"lazy\" decoding=\"async\" class=\"size-large wp-image-10349\" src=\"http:\/\/www.rukajarvensuunnanhistoriayhdistys.fi\/historiayhdistys\/wp-content\/uploads\/2015\/12\/ErmeiKanninen_05-1024x683.jpg\" alt=\"Olavi Tiittanen, Finn-G\u00f6ran Wennstr\u00f6m ja Erkki Merikallio\" width=\"530\" height=\"354\" data-id=\"10349\" srcset=\"http:\/\/www.rukajarvensuunnanhistoriayhdistys.fi\/historiayhdistys\/wp-content\/uploads\/2015\/12\/ErmeiKanninen_05-1024x683.jpg 1024w, http:\/\/www.rukajarvensuunnanhistoriayhdistys.fi\/historiayhdistys\/wp-content\/uploads\/2015\/12\/ErmeiKanninen_05-300x200.jpg 300w, http:\/\/www.rukajarvensuunnanhistoriayhdistys.fi\/historiayhdistys\/wp-content\/uploads\/2015\/12\/ErmeiKanninen_05-768x512.jpg 768w\" sizes=\"auto, (max-width: 530px) 100vw, 530px\" \/><\/a><figcaption id=\"caption-attachment-10349\" class=\"wp-caption-text\">Olavi Tiittanen, Finn-G\u00f6ran Wennstr\u00f6m ja Erkki Merikallio<\/figcaption><\/figure>\n<p>Olavi Tiittanen, veteraani, Rukaj\u00e4rven suunnan historiayhdistys, varapuheenjohtaja, Finn-G\u00f6ran Wennstr\u00f6m, Sotaveteraaniliitto, puheenjohtaja ja\u00a0Erkki Merikallio, veteraani, Helsingin Seudun Sotaveteraanipiiri, puheenjohtaja.<\/p>\n<figure id=\"attachment_10348\" aria-describedby=\"caption-attachment-10348\" style=\"width: 530px\" class=\"wp-caption aligncenter\"><a href=\"http:\/\/www.rukajarvensuunnanhistoriayhdistys.fi\/historiayhdistys\/wp-content\/uploads\/2015\/12\/ErmeiKanninen_10.jpg\" rel=\"attachment wp-att-10348\"><img loading=\"lazy\" decoding=\"async\" class=\"size-large wp-image-10348\" src=\"http:\/\/www.rukajarvensuunnanhistoriayhdistys.fi\/historiayhdistys\/wp-content\/uploads\/2015\/12\/ErmeiKanninen_10-1024x683.jpg\" alt=\"Aila Elo, Tenho Tikkanen ja Rami Rasku.\" width=\"530\" height=\"354\" data-id=\"10348\" srcset=\"http:\/\/www.rukajarvensuunnanhistoriayhdistys.fi\/historiayhdistys\/wp-content\/uploads\/2015\/12\/ErmeiKanninen_10-1024x683.jpg 1024w, http:\/\/www.rukajarvensuunnanhistoriayhdistys.fi\/historiayhdistys\/wp-content\/uploads\/2015\/12\/ErmeiKanninen_10-300x200.jpg 300w, http:\/\/www.rukajarvensuunnanhistoriayhdistys.fi\/historiayhdistys\/wp-content\/uploads\/2015\/12\/ErmeiKanninen_10-768x512.jpg 768w\" sizes=\"auto, (max-width: 530px) 100vw, 530px\" \/><\/a><figcaption id=\"caption-attachment-10348\" class=\"wp-caption-text\">Aila Elo, Tenho Tikkanen ja Rami Rasku.<\/figcaption><\/figure>\n<p><span style=\"color: #000000; font-family: Calibri;\">Aila Elo, sihteeri, Tenho Tikkanen, puheenjohtaja ja yhdistyksemme j\u00e4sen Rami Rasku. Rasku tapasi Ermei Kannisen, ukkinsa veteraaniveljen, haastattelun yhteydess\u00e4 vain pari viikkoa ennen kenraalin menehtymist\u00e4.<\/span><\/p>\n<figure id=\"attachment_10317\" aria-describedby=\"caption-attachment-10317\" style=\"width: 4864px\" class=\"wp-caption aligncenter\"><a href=\"http:\/\/www.rukajarvensuunnanhistoriayhdistys.fi\/historiayhdistys\/wp-content\/uploads\/2015\/11\/S6200196.jpg\" rel=\"attachment wp-att-10317\"><img loading=\"lazy\" decoding=\"async\" class=\"wp-image-10317 size-full\" src=\"http:\/\/www.rukajarvensuunnanhistoriayhdistys.fi\/historiayhdistys\/wp-content\/uploads\/2015\/11\/S6200196.jpg\" alt=\"Ermei Kanninen Lieksan kirkossa 5.9.2014 Kansalaisjuhla 70 vuotta Jatkosodan p\u00e4\u00e4ttymisest\u00e4.\" width=\"4864\" height=\"2736\" data-id=\"10317\" srcset=\"http:\/\/www.rukajarvensuunnanhistoriayhdistys.fi\/historiayhdistys\/wp-content\/uploads\/2015\/11\/S6200196.jpg 4864w, http:\/\/www.rukajarvensuunnanhistoriayhdistys.fi\/historiayhdistys\/wp-content\/uploads\/2015\/11\/S6200196-300x169.jpg 300w, http:\/\/www.rukajarvensuunnanhistoriayhdistys.fi\/historiayhdistys\/wp-content\/uploads\/2015\/11\/S6200196-1024x576.jpg 1024w\" sizes=\"auto, (max-width: 4864px) 100vw, 4864px\" \/><\/a><figcaption id=\"caption-attachment-10317\" class=\"wp-caption-text\">Ermei Kanninen Lieksan kirkossa 5.9.2014 Kansalaisjuhla 70 vuotta Jatkosodan p\u00e4\u00e4ttymisest\u00e4.<\/figcaption><\/figure>\n<figure id=\"attachment_10312\" aria-describedby=\"caption-attachment-10312\" style=\"width: 1980px\" class=\"wp-caption aligncenter\"><a href=\"http:\/\/www.rukajarvensuunnanhistoriayhdistys.fi\/historiayhdistys\/wp-content\/uploads\/2015\/11\/5-EK-Kanninen-puhuu_IV.jpg\" rel=\"attachment wp-att-10312\"><img loading=\"lazy\" decoding=\"async\" class=\"wp-image-10312 size-full\" src=\"http:\/\/www.rukajarvensuunnanhistoriayhdistys.fi\/historiayhdistys\/wp-content\/uploads\/2015\/11\/5-EK-Kanninen-puhuu_IV.jpg\" alt=\"Ermei Kanninen avaamassa Lieksan Rukaj\u00e4rvi-keskusta 1.7.2013. Jo aiemmin 2.7.2011 h\u00e4n vihki Rukaj\u00e4rven tien k\u00e4ytt\u00f6\u00f6n Lieksassa pidetyss\u00e4 kansalaisjuhlassa.\" width=\"1980\" height=\"1369\" data-id=\"10312\" srcset=\"http:\/\/www.rukajarvensuunnanhistoriayhdistys.fi\/historiayhdistys\/wp-content\/uploads\/2015\/11\/5-EK-Kanninen-puhuu_IV.jpg 1980w, http:\/\/www.rukajarvensuunnanhistoriayhdistys.fi\/historiayhdistys\/wp-content\/uploads\/2015\/11\/5-EK-Kanninen-puhuu_IV-300x207.jpg 300w, http:\/\/www.rukajarvensuunnanhistoriayhdistys.fi\/historiayhdistys\/wp-content\/uploads\/2015\/11\/5-EK-Kanninen-puhuu_IV-1024x708.jpg 1024w\" sizes=\"auto, (max-width: 1980px) 100vw, 1980px\" \/><\/a><figcaption id=\"caption-attachment-10312\" class=\"wp-caption-text\">Ermei Kanninen avaamassa Lieksan Rukaj\u00e4rvi-keskusta 1.7.2013. Jo aiemmin 2.7.2011 h\u00e4n vihki Rukaj\u00e4rven tien k\u00e4ytt\u00f6\u00f6n Lieksassa pidetyss\u00e4 kansalaisjuhlassa.<\/figcaption><\/figure>\n<figure id=\"attachment_10315\" aria-describedby=\"caption-attachment-10315\" style=\"width: 4864px\" class=\"wp-caption aligncenter\"><a href=\"http:\/\/www.rukajarvensuunnanhistoriayhdistys.fi\/historiayhdistys\/wp-content\/uploads\/2015\/11\/1-EK-S1090053-2.jpg\" rel=\"attachment wp-att-10315\"><img loading=\"lazy\" decoding=\"async\" class=\"wp-image-10315 size-full\" src=\"http:\/\/www.rukajarvensuunnanhistoriayhdistys.fi\/historiayhdistys\/wp-content\/uploads\/2015\/11\/1-EK-S1090053-2.jpg\" alt=\"Kenraali Ermei Kanninen (19.10.1922-.12.11.2015) Marskin Majalla julkistettiin kirja &quot;Rukaj\u00e4rven luutnantti&quot;.\" width=\"4864\" height=\"2736\" data-id=\"10315\" srcset=\"http:\/\/www.rukajarvensuunnanhistoriayhdistys.fi\/historiayhdistys\/wp-content\/uploads\/2015\/11\/1-EK-S1090053-2.jpg 4864w, http:\/\/www.rukajarvensuunnanhistoriayhdistys.fi\/historiayhdistys\/wp-content\/uploads\/2015\/11\/1-EK-S1090053-2-300x169.jpg 300w, http:\/\/www.rukajarvensuunnanhistoriayhdistys.fi\/historiayhdistys\/wp-content\/uploads\/2015\/11\/1-EK-S1090053-2-1024x576.jpg 1024w\" sizes=\"auto, (max-width: 4864px) 100vw, 4864px\" \/><\/a><figcaption id=\"caption-attachment-10315\" class=\"wp-caption-text\">Kenraali Ermei Kanninen (19.10.1922-.12.11.2015) Marskin Majalla julkistettiin kirja &#8221;Rukaj\u00e4rven luutnantti&#8221;. H\u00e4n t\u00e4ytti seuraavana\u00a0p\u00e4iv\u00e4n\u00e4 90 vuotta.<\/figcaption><\/figure>\n<figure id=\"attachment_10345\" aria-describedby=\"caption-attachment-10345\" style=\"width: 3374px\" class=\"wp-caption aligncenter\"><a href=\"http:\/\/www.rukajarvensuunnanhistoriayhdistys.fi\/historiayhdistys\/wp-content\/uploads\/2015\/12\/S1090045sr-2.jpg\" rel=\"attachment wp-att-10345\"><img loading=\"lazy\" decoding=\"async\" class=\"wp-image-10345 size-full\" src=\"http:\/\/www.rukajarvensuunnanhistoriayhdistys.fi\/historiayhdistys\/wp-content\/uploads\/2015\/12\/S1090045sr-2.jpg\" alt=\"Ermei Kanninen kirjan Rukaj\u00e4rven luutnantti, Kentt\u00e4postia sotasensuurin takaa julkistamistilaisuudessa Marskin Majalla 18.10.2012\" width=\"3374\" height=\"2640\" data-id=\"10345\" srcset=\"http:\/\/www.rukajarvensuunnanhistoriayhdistys.fi\/historiayhdistys\/wp-content\/uploads\/2015\/12\/S1090045sr-2.jpg 3374w, http:\/\/www.rukajarvensuunnanhistoriayhdistys.fi\/historiayhdistys\/wp-content\/uploads\/2015\/12\/S1090045sr-2-300x235.jpg 300w, http:\/\/www.rukajarvensuunnanhistoriayhdistys.fi\/historiayhdistys\/wp-content\/uploads\/2015\/12\/S1090045sr-2-768x601.jpg 768w, http:\/\/www.rukajarvensuunnanhistoriayhdistys.fi\/historiayhdistys\/wp-content\/uploads\/2015\/12\/S1090045sr-2-1024x801.jpg 1024w\" sizes=\"auto, (max-width: 3374px) 100vw, 3374px\" \/><\/a><figcaption id=\"caption-attachment-10345\" class=\"wp-caption-text\">Ermei Kanninen kirjan Rukaj\u00e4rven luutnantti, Kentt\u00e4postia sotasensuurin takaa julkistamistilaisuudessa Marskin Majalla 18.10.2012<\/figcaption><\/figure>\n<p><a href=\"http:\/\/www.rukajarvensuunnanhistoriayhdistys.fi\/historiayhdistys\/wp-content\/uploads\/2015\/12\/Perustajaj\u00e4senemme-kenraaliluutnantti-EK-iunaustilaisuus-8-12-15-5-2.jpg\" rel=\"attachment wp-att-10353\"><img loading=\"lazy\" decoding=\"async\" class=\"aligncenter size-large wp-image-10353\" src=\"http:\/\/www.rukajarvensuunnanhistoriayhdistys.fi\/historiayhdistys\/wp-content\/uploads\/2015\/12\/Perustajaj\u00e4senemme-kenraaliluutnantti-EK-iunaustilaisuus-8-12-15-5-2-1024x678.jpg\" alt=\"Perustajaj\u00e4senemme kenraaliluutnantti EK-iunaustilaisuus 8-12-15-5-2\" width=\"530\" height=\"351\" data-id=\"10353\" srcset=\"http:\/\/www.rukajarvensuunnanhistoriayhdistys.fi\/historiayhdistys\/wp-content\/uploads\/2015\/12\/Perustajaj\u00e4senemme-kenraaliluutnantti-EK-iunaustilaisuus-8-12-15-5-2-1024x678.jpg 1024w, http:\/\/www.rukajarvensuunnanhistoriayhdistys.fi\/historiayhdistys\/wp-content\/uploads\/2015\/12\/Perustajaj\u00e4senemme-kenraaliluutnantti-EK-iunaustilaisuus-8-12-15-5-2-300x199.jpg 300w, http:\/\/www.rukajarvensuunnanhistoriayhdistys.fi\/historiayhdistys\/wp-content\/uploads\/2015\/12\/Perustajaj\u00e4senemme-kenraaliluutnantti-EK-iunaustilaisuus-8-12-15-5-2-768x509.jpg 768w, http:\/\/www.rukajarvensuunnanhistoriayhdistys.fi\/historiayhdistys\/wp-content\/uploads\/2015\/12\/Perustajaj\u00e4senemme-kenraaliluutnantti-EK-iunaustilaisuus-8-12-15-5-2.jpg 1072w\" sizes=\"auto, (max-width: 530px) 100vw, 530px\" \/><\/a><\/p>\n<p style=\"text-align: center;\"><strong>Muistotilaisuus: Katajanokan kasinolla:<\/strong><\/p>\n<p style=\"text-align: center;\"><strong><strong>Ohjelma edell\u00e4. Lis\u00e4ksi vapaan sanan kohdalla puhuivat<\/strong><\/strong><\/p>\n<p style=\"text-align: center;\">&#8211; ulkoasiainneuvos, suurl\u00e4hettil\u00e4s Eva-Cristina M\u00e4kel\u00e4inen<\/p>\n<p style=\"text-align: center;\">&#8211; Rukaj\u00e4rven suunnan historiayhdistys ry:n puheenjohtaja\u00a0 Tenho Tikkanen<\/p>\n<p style=\"text-align: center;\">&#8211; Monaco-Suomi yhdistyksen puheenjohtaja Ulla Ladau-Harjulin<\/p>\n<p><strong><strong>****<\/strong><\/strong><\/p>\n<p><strong>Tenho Tikkanen. Rukaj\u00e4rven suunnan historiayhdistys ry:n puheenjohtajan puhe:<\/strong><\/p>\n<p>Hyv\u00e4t Ermei Kannisen omaiset, arvoisat veteraanit, hyv\u00e4 saattov\u00e4ki.<\/p>\n<p>Rukaj\u00e4rven veteraani, yhdistyksemme perustajaj\u00e4sen Ermei Kanninen on poissa. Muistot el\u00e4v\u00e4t ikuisesti. Hyv\u00e4n ihmisen el\u00e4m\u00e4 j\u00e4tt\u00e4\u00e4 kallisarvoisen muiston ja h\u00e4nen poismenonsa suuren surun.<\/p>\n<p>En\u00e4\u00e4 emme voi turvautua h\u00e4nen asiantunteviin ohjeisiinsa. Meid\u00e4n nuoremman sukupolven on tultava toimeen sen perinn\u00f6n turvin, mit\u00e4 Ermei Kanninen edusti puhtaimmillaan Suomen puolustusvoimain sotilaana niin sodassa kuin rauhan aikana. Rehellisyys, tasapuolisuus, avoimuus, hyv\u00e4 ja asiallinen asioihin paneutuminen olivat h\u00e4nen ohjeitaan. Sen ohjeen h\u00e4n antoi meille kaikille pari vuotta sitten kirjassaan Rukaj\u00e4rven luutnantti, Kentt\u00e4postia sotasensuurin takaa. Tuon kirjan sivuilta on l\u00f6ydett\u00e4viss\u00e4 ohjeita suomalaisille ty\u00f6paikoille, ohjeita, joilla motivoidaan ty\u00f6paikan ty\u00f6ntekij\u00f6it\u00e4 tekem\u00e4\u00e4n tulosta, mik\u00e4 hy\u00f6dynt\u00e4\u00e4 koko yhteiskuntaa.<\/p>\n<p>Ermei Kannisen esitelm\u00e4t sotahistorian ja perinnety\u00f6n merkityksest\u00e4 loivat perustan yhdistyksemme toiminnalle. Olemme ikuisesti kiitollisia h\u00e4nen yhdistyksellemme antamistaan ohjeista ja yhdistyksemme hyv\u00e4ksi tekem\u00e4st\u00e4\u00e4n ty\u00f6st\u00e4, mm. Rukaj\u00e4rven tien ja Lieksan Rukaj\u00e4rvi-keskuksen vihkimisest\u00e4. Nyt on koossa ainutlaatuinen ja laaja veteraanien perinneaineisto.<\/p>\n<p>Kiit\u00e4mme kaikkia niit\u00e4 henkil\u00f6it\u00e4, jotka ovat Ermei Kannisen omaisten toivomuksen mukaan kunnioittaneet kenraaliluutnantti Ermei Kannisen muistoa lahjoituksin.<\/p>\n<p>Ermei Kannisen syntym\u00e4p\u00e4iv\u00e4n, lokakuun 19. p\u00e4iv\u00e4n tienoilla tulemme j\u00e4rjest\u00e4m\u00e4\u00e4n jokainen vuosi Rukaj\u00e4rvi-keskuksissa seminaaritilaisuuden. Siell\u00e4 voimme muistella Ermei Kannisen el\u00e4m\u00e4nty\u00f6t\u00e4, t\u00e4h\u00e4n tilaisuuteen toivotamme Teid\u00e4t kaikki tervetulleiksi.<\/p>\n<p>Rukaj\u00e4rven suunnan historiayhdistys kunnioittaa perustajaj\u00e4senens\u00e4 muistoa ja ottaa osaa omaisten suruun.<\/p>\n<figure id=\"attachment_10354\" aria-describedby=\"caption-attachment-10354\" style=\"width: 283px\" class=\"wp-caption aligncenter\"><a href=\"http:\/\/www.rukajarvensuunnanhistoriayhdistys.fi\/historiayhdistys\/wp-content\/uploads\/2015\/12\/1-I-Rukaj\u00e4rven-suunnan-hopeinen-merkki-1942-V\u00e4in\u00f6-Partisen-merkki.jpg\" rel=\"attachment wp-att-10354\"><img loading=\"lazy\" decoding=\"async\" class=\"wp-image-10354 size-full\" src=\"http:\/\/www.rukajarvensuunnanhistoriayhdistys.fi\/historiayhdistys\/wp-content\/uploads\/2015\/12\/1-I-Rukaj\u00e4rven-suunnan-hopeinen-merkki-1942-V\u00e4in\u00f6-Partisen-merkki.jpg\" alt=\"Rukaj\u00e4rven suunnan hopeinen merkki 1942.\" width=\"283\" height=\"299\" data-id=\"10354\" \/><\/a><figcaption id=\"caption-attachment-10354\" class=\"wp-caption-text\">Rukaj\u00e4rven suunnan hopeinen merkki 1942.<\/figcaption><\/figure>\n<p style=\"text-align: center;\">Ermei Kanninen on haudattu Helsingin ortodoksiselle hautausmaalle.<\/p>\n<p><strong><strong>\u00a0<a href=\"http:\/\/www.rukajarvensuunnanhistoriayhdistys.fi\/historiayhdistys\/wp-content\/uploads\/2015\/12\/1-E-Rukaj\u00e4rven-suunnan-merkki-1942-v\u00e4rillisen\u00e4.jpg\" rel=\"attachment wp-att-10355\"><img loading=\"lazy\" decoding=\"async\" class=\"aligncenter size-full wp-image-10355\" src=\"http:\/\/www.rukajarvensuunnanhistoriayhdistys.fi\/historiayhdistys\/wp-content\/uploads\/2015\/12\/1-E-Rukaj\u00e4rven-suunnan-merkki-1942-v\u00e4rillisen\u00e4.jpg\" alt=\"1 E Rukaj\u00e4rven suunnan merkki 1942 v\u00e4rillisen\u00e4\" width=\"360\" height=\"354\" data-id=\"10355\" srcset=\"http:\/\/www.rukajarvensuunnanhistoriayhdistys.fi\/historiayhdistys\/wp-content\/uploads\/2015\/12\/1-E-Rukaj\u00e4rven-suunnan-merkki-1942-v\u00e4rillisen\u00e4.jpg 360w, http:\/\/www.rukajarvensuunnanhistoriayhdistys.fi\/historiayhdistys\/wp-content\/uploads\/2015\/12\/1-E-Rukaj\u00e4rven-suunnan-merkki-1942-v\u00e4rillisen\u00e4-300x295.jpg 300w\" sizes=\"auto, (max-width: 360px) 100vw, 360px\" \/><\/a><\/strong><\/strong><\/p>\n<p><strong><strong>\u00a0<\/strong><\/strong><\/p>\n<p style=\"text-align: center;\"><strong><strong>Rukaj\u00e4rven suunnan historiayhdistys ry.<\/strong><\/strong><\/p>\n<p style=\"text-align: center;\">www.rukajarvensuunnanhistoriayhdistys.fi<\/p>\n<p style=\"text-align: center;\">www.rukajarvikeskus.fi<\/p>\n<p>&nbsp;<\/p>\n<p>&nbsp;<\/p>\n<p>&nbsp;<\/p>\n","protected":false},"excerpt":{"rendered":"<p>Perustajaj\u00e4senemme kenraaliluutnantti Ermei Kannisen siunaustilaisuus 8.12.2015 Temppeliaukion kirkossa. Siunaus- ja muistotilaisuuden ohjelman voi n\u00e4hd\u00e4 T\u00c4\u00c4LT\u00c4. Olavi Tiittanen, veteraani, Rukaj\u00e4rven suunnan historiayhdistys, varapuheenjohtaja, Finn-G\u00f6ran Wennstr\u00f6m, Sotaveteraaniliitto, puheenjohtaja ja\u00a0Erkki Merikallio, veteraani, Helsingin <a class=\"more-link\" href=\"http:\/\/www.rukajarvensuunnanhistoriayhdistys.fi\/historiayhdistys\/perustajajasenemme-kenraaliluutnantti-ermei-kannisen-siunaustilaisuus-8-12-2015\/\">Teksti jatkuu&#8230;<span class=\"screen-reader-text\">Perustajaj\u00e4senemme kenraaliluutnantti Ermei Kannisen siunaustilaisuus 8.12.2015<\/span><span class=\"meta-nav\">\u2192<\/span><\/a><\/p>\n","protected":false},"author":3,"featured_media":10349,"comment_status":"closed","ping_status":"open","sticky":false,"template":"","format":"standard","meta":{"footnotes":""},"categories":[22],"tags":[],"class_list":["post-10350","post","type-post","status-publish","format-standard","has-post-thumbnail","hentry","category-ajankohtaista"],"yoast_head":"<!-- This site is optimized with the Yoast SEO plugin v27.4 - https:\/\/yoast.com\/product\/yoast-seo-wordpress\/ -->\n<title>Perustajaj\u00e4senemme kenraaliluutnantti Ermei Kannisen siunaustilaisuus 8.12.2015 - Rukaj\u00e4rven suunnan historiayhdistys<\/title>\n<meta name=\"robots\" content=\"index, follow, max-snippet:-1, max-image-preview:large, max-video-preview:-1\" \/>\n<link rel=\"canonical\" href=\"https:\/\/www.rukajarvensuunnanhistoriayhdistys.fi\/historiayhdistys\/perustajajasenemme-kenraaliluutnantti-ermei-kannisen-siunaustilaisuus-8-12-2015\/\" \/>\n<meta property=\"og:locale\" content=\"fi_FI\" \/>\n<meta property=\"og:type\" content=\"article\" \/>\n<meta property=\"og:title\" content=\"Perustajaj\u00e4senemme kenraaliluutnantti Ermei Kannisen siunaustilaisuus 8.12.2015 - Rukaj\u00e4rven suunnan historiayhdistys\" \/>\n<meta property=\"og:description\" content=\"Perustajaj\u00e4senemme kenraaliluutnantti Ermei Kannisen siunaustilaisuus 8.12.2015 Temppeliaukion kirkossa. Siunaus- ja muistotilaisuuden ohjelman voi n\u00e4hd\u00e4 T\u00c4\u00c4LT\u00c4. Olavi Tiittanen, veteraani, Rukaj\u00e4rven suunnan historiayhdistys, varapuheenjohtaja, Finn-G\u00f6ran Wennstr\u00f6m, Sotaveteraaniliitto, puheenjohtaja ja\u00a0Erkki Merikallio, veteraani, Helsingin Teksti jatkuu...Perustajaj\u00e4senemme kenraaliluutnantti Ermei Kannisen siunaustilaisuus 8.12.2015\u2192\" \/>\n<meta property=\"og:url\" content=\"https:\/\/www.rukajarvensuunnanhistoriayhdistys.fi\/historiayhdistys\/perustajajasenemme-kenraaliluutnantti-ermei-kannisen-siunaustilaisuus-8-12-2015\/\" \/>\n<meta property=\"og:site_name\" content=\"Rukaj\u00e4rven suunnan historiayhdistys\" \/>\n<meta property=\"article:published_time\" content=\"2015-12-21T18:04:01+00:00\" \/>\n<meta property=\"article:modified_time\" content=\"2015-12-22T09:42:50+00:00\" \/>\n<meta property=\"og:image\" content=\"https:\/\/www.rukajarvensuunnanhistoriayhdistys.fi\/historiayhdistys\/wp-content\/uploads\/2015\/12\/ErmeiKanninen_05-1024x683.jpg\" \/>\n\t<meta property=\"og:image:width\" content=\"1024\" \/>\n\t<meta property=\"og:image:height\" content=\"683\" \/>\n\t<meta property=\"og:image:type\" content=\"image\/jpeg\" \/>\n<meta name=\"author\" content=\"RSHY\" \/>\n<meta name=\"twitter:label1\" content=\"Kirjoittanut\" \/>\n\t<meta name=\"twitter:data1\" content=\"RSHY\" \/>\n\t<meta name=\"twitter:label2\" content=\"Arvioitu lukuaika\" \/>\n\t<meta name=\"twitter:data2\" content=\"3 minuuttia\" \/>\n<script type=\"application\/ld+json\" class=\"yoast-schema-graph\">{\"@context\":\"https:\\\/\\\/schema.org\",\"@graph\":[{\"@type\":\"Article\",\"@id\":\"https:\\\/\\\/www.rukajarvensuunnanhistoriayhdistys.fi\\\/historiayhdistys\\\/perustajajasenemme-kenraaliluutnantti-ermei-kannisen-siunaustilaisuus-8-12-2015\\\/#article\",\"isPartOf\":{\"@id\":\"https:\\\/\\\/www.rukajarvensuunnanhistoriayhdistys.fi\\\/historiayhdistys\\\/perustajajasenemme-kenraaliluutnantti-ermei-kannisen-siunaustilaisuus-8-12-2015\\\/\"},\"author\":{\"name\":\"RSHY\",\"@id\":\"http:\\\/\\\/www.rukajarvensuunnanhistoriayhdistys.fi\\\/historiayhdistys\\\/#\\\/schema\\\/person\\\/19de7db68bf72dfd2b5d7f6dfbf8454d\"},\"headline\":\"Perustajaj\u00e4senemme kenraaliluutnantti Ermei Kannisen siunaustilaisuus 8.12.2015\",\"datePublished\":\"2015-12-21T18:04:01+00:00\",\"dateModified\":\"2015-12-22T09:42:50+00:00\",\"mainEntityOfPage\":{\"@id\":\"https:\\\/\\\/www.rukajarvensuunnanhistoriayhdistys.fi\\\/historiayhdistys\\\/perustajajasenemme-kenraaliluutnantti-ermei-kannisen-siunaustilaisuus-8-12-2015\\\/\"},\"wordCount\":538,\"publisher\":{\"@id\":\"http:\\\/\\\/www.rukajarvensuunnanhistoriayhdistys.fi\\\/historiayhdistys\\\/#organization\"},\"image\":{\"@id\":\"https:\\\/\\\/www.rukajarvensuunnanhistoriayhdistys.fi\\\/historiayhdistys\\\/perustajajasenemme-kenraaliluutnantti-ermei-kannisen-siunaustilaisuus-8-12-2015\\\/#primaryimage\"},\"thumbnailUrl\":\"http:\\\/\\\/www.rukajarvensuunnanhistoriayhdistys.fi\\\/historiayhdistys\\\/wp-content\\\/uploads\\\/2015\\\/12\\\/ErmeiKanninen_05.jpg\",\"articleSection\":[\"Ajankohtaista\"],\"inLanguage\":\"fi\"},{\"@type\":\"WebPage\",\"@id\":\"https:\\\/\\\/www.rukajarvensuunnanhistoriayhdistys.fi\\\/historiayhdistys\\\/perustajajasenemme-kenraaliluutnantti-ermei-kannisen-siunaustilaisuus-8-12-2015\\\/\",\"url\":\"https:\\\/\\\/www.rukajarvensuunnanhistoriayhdistys.fi\\\/historiayhdistys\\\/perustajajasenemme-kenraaliluutnantti-ermei-kannisen-siunaustilaisuus-8-12-2015\\\/\",\"name\":\"Perustajaj\u00e4senemme kenraaliluutnantti Ermei Kannisen siunaustilaisuus 8.12.2015 - Rukaj\u00e4rven suunnan historiayhdistys\",\"isPartOf\":{\"@id\":\"http:\\\/\\\/www.rukajarvensuunnanhistoriayhdistys.fi\\\/historiayhdistys\\\/#website\"},\"primaryImageOfPage\":{\"@id\":\"https:\\\/\\\/www.rukajarvensuunnanhistoriayhdistys.fi\\\/historiayhdistys\\\/perustajajasenemme-kenraaliluutnantti-ermei-kannisen-siunaustilaisuus-8-12-2015\\\/#primaryimage\"},\"image\":{\"@id\":\"https:\\\/\\\/www.rukajarvensuunnanhistoriayhdistys.fi\\\/historiayhdistys\\\/perustajajasenemme-kenraaliluutnantti-ermei-kannisen-siunaustilaisuus-8-12-2015\\\/#primaryimage\"},\"thumbnailUrl\":\"http:\\\/\\\/www.rukajarvensuunnanhistoriayhdistys.fi\\\/historiayhdistys\\\/wp-content\\\/uploads\\\/2015\\\/12\\\/ErmeiKanninen_05.jpg\",\"datePublished\":\"2015-12-21T18:04:01+00:00\",\"dateModified\":\"2015-12-22T09:42:50+00:00\",\"breadcrumb\":{\"@id\":\"https:\\\/\\\/www.rukajarvensuunnanhistoriayhdistys.fi\\\/historiayhdistys\\\/perustajajasenemme-kenraaliluutnantti-ermei-kannisen-siunaustilaisuus-8-12-2015\\\/#breadcrumb\"},\"inLanguage\":\"fi\",\"potentialAction\":[{\"@type\":\"ReadAction\",\"target\":[\"https:\\\/\\\/www.rukajarvensuunnanhistoriayhdistys.fi\\\/historiayhdistys\\\/perustajajasenemme-kenraaliluutnantti-ermei-kannisen-siunaustilaisuus-8-12-2015\\\/\"]}]},{\"@type\":\"ImageObject\",\"inLanguage\":\"fi\",\"@id\":\"https:\\\/\\\/www.rukajarvensuunnanhistoriayhdistys.fi\\\/historiayhdistys\\\/perustajajasenemme-kenraaliluutnantti-ermei-kannisen-siunaustilaisuus-8-12-2015\\\/#primaryimage\",\"url\":\"http:\\\/\\\/www.rukajarvensuunnanhistoriayhdistys.fi\\\/historiayhdistys\\\/wp-content\\\/uploads\\\/2015\\\/12\\\/ErmeiKanninen_05.jpg\",\"contentUrl\":\"http:\\\/\\\/www.rukajarvensuunnanhistoriayhdistys.fi\\\/historiayhdistys\\\/wp-content\\\/uploads\\\/2015\\\/12\\\/ErmeiKanninen_05.jpg\",\"width\":5474,\"height\":3650,\"caption\":\"Olavi Tiittanen, Finn-G\u00f6ran Wennstr\u00f6m ja Erkki Merikallio\"},{\"@type\":\"BreadcrumbList\",\"@id\":\"https:\\\/\\\/www.rukajarvensuunnanhistoriayhdistys.fi\\\/historiayhdistys\\\/perustajajasenemme-kenraaliluutnantti-ermei-kannisen-siunaustilaisuus-8-12-2015\\\/#breadcrumb\",\"itemListElement\":[{\"@type\":\"ListItem\",\"position\":1,\"name\":\"Etusivu\",\"item\":\"http:\\\/\\\/www.rukajarvensuunnanhistoriayhdistys.fi\\\/historiayhdistys\\\/\"},{\"@type\":\"ListItem\",\"position\":2,\"name\":\"Perustajaj\u00e4senemme kenraaliluutnantti Ermei Kannisen siunaustilaisuus 8.12.2015\"}]},{\"@type\":\"WebSite\",\"@id\":\"http:\\\/\\\/www.rukajarvensuunnanhistoriayhdistys.fi\\\/historiayhdistys\\\/#website\",\"url\":\"http:\\\/\\\/www.rukajarvensuunnanhistoriayhdistys.fi\\\/historiayhdistys\\\/\",\"name\":\"Rukaj\u00e4rven suunnan historiayhdistys\",\"description\":\"Rukaj\u00e4rven suunnan historiayhdistyksen verkkosivut.\",\"publisher\":{\"@id\":\"http:\\\/\\\/www.rukajarvensuunnanhistoriayhdistys.fi\\\/historiayhdistys\\\/#organization\"},\"potentialAction\":[{\"@type\":\"SearchAction\",\"target\":{\"@type\":\"EntryPoint\",\"urlTemplate\":\"http:\\\/\\\/www.rukajarvensuunnanhistoriayhdistys.fi\\\/historiayhdistys\\\/?s={search_term_string}\"},\"query-input\":{\"@type\":\"PropertyValueSpecification\",\"valueRequired\":true,\"valueName\":\"search_term_string\"}}],\"inLanguage\":\"fi\"},{\"@type\":\"Organization\",\"@id\":\"http:\\\/\\\/www.rukajarvensuunnanhistoriayhdistys.fi\\\/historiayhdistys\\\/#organization\",\"name\":\"Rukaj\u00e4rven suunnan historiayhdistys\",\"url\":\"http:\\\/\\\/www.rukajarvensuunnanhistoriayhdistys.fi\\\/historiayhdistys\\\/\",\"logo\":{\"@type\":\"ImageObject\",\"inLanguage\":\"fi\",\"@id\":\"http:\\\/\\\/www.rukajarvensuunnanhistoriayhdistys.fi\\\/historiayhdistys\\\/#\\\/schema\\\/logo\\\/image\\\/\",\"url\":\"http:\\\/\\\/www.rukajarvensuunnanhistoriayhdistys.fi\\\/historiayhdistys\\\/wp-content\\\/uploads\\\/2013\\\/12\\\/Otsake_3.jpg\",\"contentUrl\":\"http:\\\/\\\/www.rukajarvensuunnanhistoriayhdistys.fi\\\/historiayhdistys\\\/wp-content\\\/uploads\\\/2013\\\/12\\\/Otsake_3.jpg\",\"width\":1000,\"height\":442,\"caption\":\"Rukaj\u00e4rven suunnan historiayhdistys\"},\"image\":{\"@id\":\"http:\\\/\\\/www.rukajarvensuunnanhistoriayhdistys.fi\\\/historiayhdistys\\\/#\\\/schema\\\/logo\\\/image\\\/\"}},{\"@type\":\"Person\",\"@id\":\"http:\\\/\\\/www.rukajarvensuunnanhistoriayhdistys.fi\\\/historiayhdistys\\\/#\\\/schema\\\/person\\\/19de7db68bf72dfd2b5d7f6dfbf8454d\",\"name\":\"RSHY\",\"image\":{\"@type\":\"ImageObject\",\"inLanguage\":\"fi\",\"@id\":\"https:\\\/\\\/secure.gravatar.com\\\/avatar\\\/598d59263a69cc8de65fcb4f9db78d6f58c098cb0e0ba22d73377441af9fa04c?s=96&d=blank&r=g\",\"url\":\"https:\\\/\\\/secure.gravatar.com\\\/avatar\\\/598d59263a69cc8de65fcb4f9db78d6f58c098cb0e0ba22d73377441af9fa04c?s=96&d=blank&r=g\",\"contentUrl\":\"https:\\\/\\\/secure.gravatar.com\\\/avatar\\\/598d59263a69cc8de65fcb4f9db78d6f58c098cb0e0ba22d73377441af9fa04c?s=96&d=blank&r=g\",\"caption\":\"RSHY\"},\"url\":\"http:\\\/\\\/www.rukajarvensuunnanhistoriayhdistys.fi\\\/historiayhdistys\\\/author\\\/rshy\\\/\"}]}<\/script>\n<!-- \/ Yoast SEO plugin. -->","yoast_head_json":{"title":"Perustajaj\u00e4senemme kenraaliluutnantti Ermei Kannisen siunaustilaisuus 8.12.2015 - Rukaj\u00e4rven suunnan historiayhdistys","robots":{"index":"index","follow":"follow","max-snippet":"max-snippet:-1","max-image-preview":"max-image-preview:large","max-video-preview":"max-video-preview:-1"},"canonical":"https:\/\/www.rukajarvensuunnanhistoriayhdistys.fi\/historiayhdistys\/perustajajasenemme-kenraaliluutnantti-ermei-kannisen-siunaustilaisuus-8-12-2015\/","og_locale":"fi_FI","og_type":"article","og_title":"Perustajaj\u00e4senemme kenraaliluutnantti Ermei Kannisen siunaustilaisuus 8.12.2015 - Rukaj\u00e4rven suunnan historiayhdistys","og_description":"Perustajaj\u00e4senemme kenraaliluutnantti Ermei Kannisen siunaustilaisuus 8.12.2015 Temppeliaukion kirkossa. Siunaus- ja muistotilaisuuden ohjelman voi n\u00e4hd\u00e4 T\u00c4\u00c4LT\u00c4. Olavi Tiittanen, veteraani, Rukaj\u00e4rven suunnan historiayhdistys, varapuheenjohtaja, Finn-G\u00f6ran Wennstr\u00f6m, Sotaveteraaniliitto, puheenjohtaja ja\u00a0Erkki Merikallio, veteraani, Helsingin Teksti jatkuu...Perustajaj\u00e4senemme kenraaliluutnantti Ermei Kannisen siunaustilaisuus 8.12.2015\u2192","og_url":"https:\/\/www.rukajarvensuunnanhistoriayhdistys.fi\/historiayhdistys\/perustajajasenemme-kenraaliluutnantti-ermei-kannisen-siunaustilaisuus-8-12-2015\/","og_site_name":"Rukaj\u00e4rven suunnan historiayhdistys","article_published_time":"2015-12-21T18:04:01+00:00","article_modified_time":"2015-12-22T09:42:50+00:00","og_image":[{"width":1024,"height":683,"url":"https:\/\/www.rukajarvensuunnanhistoriayhdistys.fi\/historiayhdistys\/wp-content\/uploads\/2015\/12\/ErmeiKanninen_05-1024x683.jpg","type":"image\/jpeg"}],"author":"RSHY","twitter_misc":{"Kirjoittanut":"RSHY","Arvioitu lukuaika":"3 minuuttia"},"schema":{"@context":"https:\/\/schema.org","@graph":[{"@type":"Article","@id":"https:\/\/www.rukajarvensuunnanhistoriayhdistys.fi\/historiayhdistys\/perustajajasenemme-kenraaliluutnantti-ermei-kannisen-siunaustilaisuus-8-12-2015\/#article","isPartOf":{"@id":"https:\/\/www.rukajarvensuunnanhistoriayhdistys.fi\/historiayhdistys\/perustajajasenemme-kenraaliluutnantti-ermei-kannisen-siunaustilaisuus-8-12-2015\/"},"author":{"name":"RSHY","@id":"http:\/\/www.rukajarvensuunnanhistoriayhdistys.fi\/historiayhdistys\/#\/schema\/person\/19de7db68bf72dfd2b5d7f6dfbf8454d"},"headline":"Perustajaj\u00e4senemme kenraaliluutnantti Ermei Kannisen siunaustilaisuus 8.12.2015","datePublished":"2015-12-21T18:04:01+00:00","dateModified":"2015-12-22T09:42:50+00:00","mainEntityOfPage":{"@id":"https:\/\/www.rukajarvensuunnanhistoriayhdistys.fi\/historiayhdistys\/perustajajasenemme-kenraaliluutnantti-ermei-kannisen-siunaustilaisuus-8-12-2015\/"},"wordCount":538,"publisher":{"@id":"http:\/\/www.rukajarvensuunnanhistoriayhdistys.fi\/historiayhdistys\/#organization"},"image":{"@id":"https:\/\/www.rukajarvensuunnanhistoriayhdistys.fi\/historiayhdistys\/perustajajasenemme-kenraaliluutnantti-ermei-kannisen-siunaustilaisuus-8-12-2015\/#primaryimage"},"thumbnailUrl":"http:\/\/www.rukajarvensuunnanhistoriayhdistys.fi\/historiayhdistys\/wp-content\/uploads\/2015\/12\/ErmeiKanninen_05.jpg","articleSection":["Ajankohtaista"],"inLanguage":"fi"},{"@type":"WebPage","@id":"https:\/\/www.rukajarvensuunnanhistoriayhdistys.fi\/historiayhdistys\/perustajajasenemme-kenraaliluutnantti-ermei-kannisen-siunaustilaisuus-8-12-2015\/","url":"https:\/\/www.rukajarvensuunnanhistoriayhdistys.fi\/historiayhdistys\/perustajajasenemme-kenraaliluutnantti-ermei-kannisen-siunaustilaisuus-8-12-2015\/","name":"Perustajaj\u00e4senemme kenraaliluutnantti Ermei Kannisen siunaustilaisuus 8.12.2015 - Rukaj\u00e4rven suunnan historiayhdistys","isPartOf":{"@id":"http:\/\/www.rukajarvensuunnanhistoriayhdistys.fi\/historiayhdistys\/#website"},"primaryImageOfPage":{"@id":"https:\/\/www.rukajarvensuunnanhistoriayhdistys.fi\/historiayhdistys\/perustajajasenemme-kenraaliluutnantti-ermei-kannisen-siunaustilaisuus-8-12-2015\/#primaryimage"},"image":{"@id":"https:\/\/www.rukajarvensuunnanhistoriayhdistys.fi\/historiayhdistys\/perustajajasenemme-kenraaliluutnantti-ermei-kannisen-siunaustilaisuus-8-12-2015\/#primaryimage"},"thumbnailUrl":"http:\/\/www.rukajarvensuunnanhistoriayhdistys.fi\/historiayhdistys\/wp-content\/uploads\/2015\/12\/ErmeiKanninen_05.jpg","datePublished":"2015-12-21T18:04:01+00:00","dateModified":"2015-12-22T09:42:50+00:00","breadcrumb":{"@id":"https:\/\/www.rukajarvensuunnanhistoriayhdistys.fi\/historiayhdistys\/perustajajasenemme-kenraaliluutnantti-ermei-kannisen-siunaustilaisuus-8-12-2015\/#breadcrumb"},"inLanguage":"fi","potentialAction":[{"@type":"ReadAction","target":["https:\/\/www.rukajarvensuunnanhistoriayhdistys.fi\/historiayhdistys\/perustajajasenemme-kenraaliluutnantti-ermei-kannisen-siunaustilaisuus-8-12-2015\/"]}]},{"@type":"ImageObject","inLanguage":"fi","@id":"https:\/\/www.rukajarvensuunnanhistoriayhdistys.fi\/historiayhdistys\/perustajajasenemme-kenraaliluutnantti-ermei-kannisen-siunaustilaisuus-8-12-2015\/#primaryimage","url":"http:\/\/www.rukajarvensuunnanhistoriayhdistys.fi\/historiayhdistys\/wp-content\/uploads\/2015\/12\/ErmeiKanninen_05.jpg","contentUrl":"http:\/\/www.rukajarvensuunnanhistoriayhdistys.fi\/historiayhdistys\/wp-content\/uploads\/2015\/12\/ErmeiKanninen_05.jpg","width":5474,"height":3650,"caption":"Olavi Tiittanen, Finn-G\u00f6ran Wennstr\u00f6m ja Erkki Merikallio"},{"@type":"BreadcrumbList","@id":"https:\/\/www.rukajarvensuunnanhistoriayhdistys.fi\/historiayhdistys\/perustajajasenemme-kenraaliluutnantti-ermei-kannisen-siunaustilaisuus-8-12-2015\/#breadcrumb","itemListElement":[{"@type":"ListItem","position":1,"name":"Etusivu","item":"http:\/\/www.rukajarvensuunnanhistoriayhdistys.fi\/historiayhdistys\/"},{"@type":"ListItem","position":2,"name":"Perustajaj\u00e4senemme kenraaliluutnantti Ermei Kannisen siunaustilaisuus 8.12.2015"}]},{"@type":"WebSite","@id":"http:\/\/www.rukajarvensuunnanhistoriayhdistys.fi\/historiayhdistys\/#website","url":"http:\/\/www.rukajarvensuunnanhistoriayhdistys.fi\/historiayhdistys\/","name":"Rukaj\u00e4rven suunnan historiayhdistys","description":"Rukaj\u00e4rven suunnan historiayhdistyksen verkkosivut.","publisher":{"@id":"http:\/\/www.rukajarvensuunnanhistoriayhdistys.fi\/historiayhdistys\/#organization"},"potentialAction":[{"@type":"SearchAction","target":{"@type":"EntryPoint","urlTemplate":"http:\/\/www.rukajarvensuunnanhistoriayhdistys.fi\/historiayhdistys\/?s={search_term_string}"},"query-input":{"@type":"PropertyValueSpecification","valueRequired":true,"valueName":"search_term_string"}}],"inLanguage":"fi"},{"@type":"Organization","@id":"http:\/\/www.rukajarvensuunnanhistoriayhdistys.fi\/historiayhdistys\/#organization","name":"Rukaj\u00e4rven suunnan historiayhdistys","url":"http:\/\/www.rukajarvensuunnanhistoriayhdistys.fi\/historiayhdistys\/","logo":{"@type":"ImageObject","inLanguage":"fi","@id":"http:\/\/www.rukajarvensuunnanhistoriayhdistys.fi\/historiayhdistys\/#\/schema\/logo\/image\/","url":"http:\/\/www.rukajarvensuunnanhistoriayhdistys.fi\/historiayhdistys\/wp-content\/uploads\/2013\/12\/Otsake_3.jpg","contentUrl":"http:\/\/www.rukajarvensuunnanhistoriayhdistys.fi\/historiayhdistys\/wp-content\/uploads\/2013\/12\/Otsake_3.jpg","width":1000,"height":442,"caption":"Rukaj\u00e4rven suunnan historiayhdistys"},"image":{"@id":"http:\/\/www.rukajarvensuunnanhistoriayhdistys.fi\/historiayhdistys\/#\/schema\/logo\/image\/"}},{"@type":"Person","@id":"http:\/\/www.rukajarvensuunnanhistoriayhdistys.fi\/historiayhdistys\/#\/schema\/person\/19de7db68bf72dfd2b5d7f6dfbf8454d","name":"RSHY","image":{"@type":"ImageObject","inLanguage":"fi","@id":"https:\/\/secure.gravatar.com\/avatar\/598d59263a69cc8de65fcb4f9db78d6f58c098cb0e0ba22d73377441af9fa04c?s=96&d=blank&r=g","url":"https:\/\/secure.gravatar.com\/avatar\/598d59263a69cc8de65fcb4f9db78d6f58c098cb0e0ba22d73377441af9fa04c?s=96&d=blank&r=g","contentUrl":"https:\/\/secure.gravatar.com\/avatar\/598d59263a69cc8de65fcb4f9db78d6f58c098cb0e0ba22d73377441af9fa04c?s=96&d=blank&r=g","caption":"RSHY"},"url":"http:\/\/www.rukajarvensuunnanhistoriayhdistys.fi\/historiayhdistys\/author\/rshy\/"}]}},"_links":{"self":[{"href":"http:\/\/www.rukajarvensuunnanhistoriayhdistys.fi\/historiayhdistys\/wp-json\/wp\/v2\/posts\/10350","targetHints":{"allow":["GET"]}}],"collection":[{"href":"http:\/\/www.rukajarvensuunnanhistoriayhdistys.fi\/historiayhdistys\/wp-json\/wp\/v2\/posts"}],"about":[{"href":"http:\/\/www.rukajarvensuunnanhistoriayhdistys.fi\/historiayhdistys\/wp-json\/wp\/v2\/types\/post"}],"author":[{"embeddable":true,"href":"http:\/\/www.rukajarvensuunnanhistoriayhdistys.fi\/historiayhdistys\/wp-json\/wp\/v2\/users\/3"}],"replies":[{"embeddable":true,"href":"http:\/\/www.rukajarvensuunnanhistoriayhdistys.fi\/historiayhdistys\/wp-json\/wp\/v2\/comments?post=10350"}],"version-history":[{"count":4,"href":"http:\/\/www.rukajarvensuunnanhistoriayhdistys.fi\/historiayhdistys\/wp-json\/wp\/v2\/posts\/10350\/revisions"}],"predecessor-version":[{"id":10359,"href":"http:\/\/www.rukajarvensuunnanhistoriayhdistys.fi\/historiayhdistys\/wp-json\/wp\/v2\/posts\/10350\/revisions\/10359"}],"wp:featuredmedia":[{"embeddable":true,"href":"http:\/\/www.rukajarvensuunnanhistoriayhdistys.fi\/historiayhdistys\/wp-json\/wp\/v2\/media\/10349"}],"wp:attachment":[{"href":"http:\/\/www.rukajarvensuunnanhistoriayhdistys.fi\/historiayhdistys\/wp-json\/wp\/v2\/media?parent=10350"}],"wp:term":[{"taxonomy":"category","embeddable":true,"href":"http:\/\/www.rukajarvensuunnanhistoriayhdistys.fi\/historiayhdistys\/wp-json\/wp\/v2\/categories?post=10350"},{"taxonomy":"post_tag","embeddable":true,"href":"http:\/\/www.rukajarvensuunnanhistoriayhdistys.fi\/historiayhdistys\/wp-json\/wp\/v2\/tags?post=10350"}],"curies":[{"name":"wp","href":"https:\/\/api.w.org\/{rel}","templated":true}]}}