{"id":1045,"date":"2014-09-11T13:01:00","date_gmt":"2014-09-11T10:01:00","guid":{"rendered":"http:\/\/www.rukajarvensuunnanhistoriayhdistys.fi\/historiayhdistys\/?p=1045"},"modified":"2014-09-11T13:14:21","modified_gmt":"2014-09-11T10:14:21","slug":"tietoa-tulevasta-toiminnasta-konserteista-seminaareista-ja-nayttelyista","status":"publish","type":"post","link":"http:\/\/www.rukajarvensuunnanhistoriayhdistys.fi\/historiayhdistys\/tietoa-tulevasta-toiminnasta-konserteista-seminaareista-ja-nayttelyista\/","title":{"rendered":"Tietoa tulevasta toiminnasta, konserteista &#8211; seminaareista ja esill\u00e4 olevista n\u00e4yttelyist\u00e4"},"content":{"rendered":"<div class=\"fcbkbttn_buttons_block\" id=\"fcbkbttn_left\"><div class=\"fcbkbttn_like \"><fb:like href=\"http:\/\/www.rukajarvensuunnanhistoriayhdistys.fi\/historiayhdistys\/tietoa-tulevasta-toiminnasta-konserteista-seminaareista-ja-nayttelyista\/\" action=\"like\" colorscheme=\"light\" layout=\"button_count\"  size=\"small\"><\/fb:like><\/div><\/div><p><strong>Juhlat on juhlittu. Kiitos kaikille.\u00a0Ja sitten palaamme arkit\u00f6ihin.<\/strong><\/p>\n<p><strong>Kansalaisjuhlasta, 70 vuotta Jatkosodan p\u00e4\u00e4ttymisest\u00e4\u00a0on tullut yhdistyksellemme paljon my\u00f6nteist\u00e4 palautetta. Juhlista lis\u00e4tietoa nettisivuiltamme. Juhlaa muistellaan ja k\u00e4sitell\u00e4\u00e4n syyskuun lopun seminaareissa ja eri tilaisuuksissa. Valmisteilla on juhlajunan kulkua ja Kansalaisjuhlaa k\u00e4sittelev\u00e4 dokumenttielokuva. Se on aikanaan n\u00e4ht\u00e4viss\u00e4 Rukaj\u00e4rvi-keskuksissa.<\/strong><\/p>\n<p>Seuraavassa tietoa yhdistyksemme tulevista tapahtumista:<\/p>\n<p><strong>A. Antti Haapalaisen luento Nurmeksessa 16.9.2014 klo 18.00: &#8221;<\/strong><strong>Jatkosota Rukaj\u00e4rven suunnalla&#8221;<\/strong><\/p>\n<p>Sotahistorian harrastaja Antti Haapalainen luennoi tiistaina 16.9 klo 18.00 Ikolan museossa. H\u00e4n kertoo ensin \u00a0Rukaj\u00e4rven suunnan historiayhdistyksen toiminnasta, 14.D:n joukkojen muodostamisesta ja sotatiest\u00e4 sek\u00e4 suomalaisten k\u00e4ytt\u00e4mist\u00e4 kartoista.<\/p>\n<p>P\u00e4\u00e4aiheena Haapalainen esittelee Rukaj\u00e4rven suunnan kentt\u00e4vartiopuolustusj\u00e4rjestelm\u00e4n jatkosodan eri vaiheessa. Lopuksi h\u00e4n kertoo miten n\u00e4ille sotahistoriallisille paikoille p\u00e4\u00e4see ja miten voi aloittaa tietyn henkil\u00f6n sotatien tutkinnan.<\/p>\n<p><strong>16.9.2014 klo 18.00 Nurmes, Ikolan museo Kotiniementie 2. J\u00e4rjest\u00e4j\u00e4n\u00e4 Nurmeksen reservil\u00e4iset<\/strong><\/p>\n<p>PS oletko muistanut hankkia kirjan <strong>\u201dRukaj\u00e4rven suunnan kartat suomeksi\u201d. <\/strong>Tilauksella tuet yhdistyksemme toimintaa. Linkki tilauslomakkeelle:<\/p>\n<p><a href=\"http:\/\/www.rukajarvensuunnanhistoriayhdistys.fi\/historiayhdistys\/rukajarven-suunnan-paikannimet-suomeksi\/\"><strong><strong>http:\/\/www.<\/strong>rukajarvensuunnanhistoriayhdistys.fi\/historiayhdistys\/rukajarven-suunnan-paikannimet-suomeksi\/<\/strong><\/a><\/p>\n<p><strong>Lis\u00e4tietoa Antilta yhteystieto: <\/strong>Antti Haapalainen, puh. 044 206 2414.<\/p>\n<p>&nbsp;<\/p>\n<p><strong>B. Konsertti Sota-ajan lauluja<\/strong><\/p>\n<p>Yl\u00e4-Savon Veteraanimuusikot ry j\u00e4rjest\u00e4\u00e4 sota-ajan lauluja konsertin Kannakselta Rukaj\u00e4rvelle Iisalmen kulttuurikeskuksessa Eino S\u00e4is\u00e4-salissa sunnuntaina 21.9.2014 klo 13.00. Konsertissa esitet\u00e4\u00e4n suosittuja kappaleita Rukaj\u00e4rvelt\u00e4 ensi kertaa sodan j\u00e4lkeen.<\/p>\n<p>Konsertin solisteina laulavat Taito Kainulainen, Risto Nissinen ja Tiina Karhu ja s\u00e4est\u00e4\u00e4 kuusimiehinen Vetmut-orkesteri.<\/p>\n<p>Lis\u00e4tietoa Raimolta, yhteystieto:<\/p>\n<p>Raimo Jokisalmi puh. 0400-993999<\/p>\n<p>&nbsp;<\/p>\n<p><strong>C. RSHY:n Vuosikokous Kiuruveden kulttuurikeskuksessa 27.9.2014 klo 14,00 &#8211; 16.00<\/strong><\/p>\n<p>&nbsp;<\/p>\n<p><strong>D. Kevytosasto 2:n taistelujen tie &#8211;\u00a0Raappanan nyrkki seminaarit<\/strong><\/p>\n<p>&#8211; Kiuruvesi Kultuurikeskus 27.9.2014 klo 10.00, os. L\u00e4hteentie 10<\/p>\n<p>&#8211; Iisalmi Rukaj\u00e4rvi-keskus 28.9.2014 klo 12.00, os. Savonkatu<\/p>\n<p>&#8211; Lieksa, Lieksan lukion auditorio 29.9.2014, klo 18.00, Koulukatu 16, Lieksa<\/p>\n<p>&nbsp;<\/p>\n<p><strong>E. Avoinna olevat n\u00e4yttelyt &#8211; kannattaa tutustua<\/strong><\/p>\n<ol>\n<li>Kiuruveden kulttuurikeskuksessa Kevytosasto 2:n taistelutie valokuvan\u00e4yttely syyskuun 27. p\u00e4iv\u00e4\u00e4n saakka<\/li>\n<li>Nurmeksen museo, K\u00f6tsintie 2, Nurmes, Veikko Haapalainen Jatkosodassa, Puhdet\u00f6it\u00e4 ja valokuvia Rukaj\u00e4rven suunnalta 26.8. &#8211; 15.10.2014.<\/li>\n<li>LomaSirmakan Raappana salissa os. Tavintie 6, Nurmes, Komentaja E. J. Raappanan el\u00e4m\u00e4nty\u00f6t\u00e4 k\u00e4sittelev\u00e4 n\u00e4yttely, esill\u00e4 loppuvuoden.<\/li>\n<li>Lieksan Asemalla &#8221;Rautatiet sodan huoltoteht\u00e4viss\u00e4&#8221;, Avoinna my\u00f6s tilauksesta, yhteystieto, P\u00e4ivi Putkonen 0400-916 470.<\/li>\n<li>Lieksan Rukaj\u00e4rvi-keskuksen n\u00e4yttely on uusiutunut. Esill\u00e4 on nyt aikaisemmin esill\u00e4 olleitten n\u00e4yttelyjen lis\u00e4ksi komentaja Raappana &#8211; uudessa valossa<\/li>\n<li>Iisalmen Rukaj\u00e4rvi-keskuksen n\u00e4yttely uudistuu 28.9.2014, seminaarin yhteydess\u00e4 avataan uusi n\u00e4yttely.<\/li>\n<\/ol>\n<p>N\u00e4ill\u00e4 nettisivuillamme kerromme em. tilaisuuksistamme lis\u00e4tietoa. Yrit\u00e4n valmistella esityksen Kansalaisjuhlasta ja juhlajunasta, josta tulen pit\u00e4m\u00e4\u00e4n tarpeen mukaan lyhyit\u00e4 ja pidempi\u00e4kin esityksi\u00e4 halukkaille em. tilaisuuksissa.<\/p>\n<p>Tervetuloa konsertteihin, tilaisuuksiin ja n\u00e4yttelyihimme.<\/p>\n<p>Tenho Tikkanen, puheenjohtaja<\/p>\n<p><a href=\"http:\/\/www.rukajarvensuunnanhistoriayhdistys.fi\/\">www.rukajarvensuunnanhistoriayhdistys.fi<\/a><\/p>\n","protected":false},"excerpt":{"rendered":"<p>Juhlat on juhlittu. Kiitos kaikille.\u00a0Ja sitten palaamme arkit\u00f6ihin. Kansalaisjuhlasta, 70 vuotta Jatkosodan p\u00e4\u00e4ttymisest\u00e4\u00a0on tullut yhdistyksellemme paljon my\u00f6nteist\u00e4 palautetta. Juhlista lis\u00e4tietoa nettisivuiltamme. Juhlaa muistellaan ja k\u00e4sitell\u00e4\u00e4n syyskuun lopun seminaareissa ja eri <a class=\"more-link\" href=\"http:\/\/www.rukajarvensuunnanhistoriayhdistys.fi\/historiayhdistys\/tietoa-tulevasta-toiminnasta-konserteista-seminaareista-ja-nayttelyista\/\">Teksti jatkuu&#8230;<span class=\"screen-reader-text\">Tietoa tulevasta toiminnasta, konserteista &#8211; seminaareista ja esill\u00e4 olevista n\u00e4yttelyist\u00e4<\/span><span class=\"meta-nav\">\u2192<\/span><\/a><\/p>\n","protected":false},"author":3,"featured_media":0,"comment_status":"closed","ping_status":"open","sticky":false,"template":"","format":"standard","meta":{"footnotes":""},"categories":[22,21],"tags":[],"class_list":["post-1045","post","type-post","status-publish","format-standard","hentry","category-ajankohtaista","category-rukajarvi-keskus"],"yoast_head":"<!-- This site is optimized with the Yoast SEO plugin v27.4 - https:\/\/yoast.com\/product\/yoast-seo-wordpress\/ -->\n<title>Tietoa tulevasta toiminnasta, konserteista - seminaareista ja esill\u00e4 olevista n\u00e4yttelyist\u00e4 - Rukaj\u00e4rven suunnan historiayhdistys<\/title>\n<meta name=\"robots\" content=\"index, follow, max-snippet:-1, max-image-preview:large, max-video-preview:-1\" \/>\n<link rel=\"canonical\" href=\"http:\/\/www.rukajarvensuunnanhistoriayhdistys.fi\/historiayhdistys\/tietoa-tulevasta-toiminnasta-konserteista-seminaareista-ja-nayttelyista\/\" \/>\n<meta property=\"og:locale\" content=\"fi_FI\" \/>\n<meta property=\"og:type\" content=\"article\" \/>\n<meta property=\"og:title\" content=\"Tietoa tulevasta toiminnasta, konserteista - seminaareista ja esill\u00e4 olevista n\u00e4yttelyist\u00e4 - Rukaj\u00e4rven suunnan historiayhdistys\" \/>\n<meta property=\"og:description\" content=\"Juhlat on juhlittu. Kiitos kaikille.\u00a0Ja sitten palaamme arkit\u00f6ihin. Kansalaisjuhlasta, 70 vuotta Jatkosodan p\u00e4\u00e4ttymisest\u00e4\u00a0on tullut yhdistyksellemme paljon my\u00f6nteist\u00e4 palautetta. Juhlista lis\u00e4tietoa nettisivuiltamme. Juhlaa muistellaan ja k\u00e4sitell\u00e4\u00e4n syyskuun lopun seminaareissa ja eri Teksti jatkuu...Tietoa tulevasta toiminnasta, konserteista &#8211; seminaareista ja esill\u00e4 olevista n\u00e4yttelyist\u00e4\u2192\" \/>\n<meta property=\"og:url\" content=\"http:\/\/www.rukajarvensuunnanhistoriayhdistys.fi\/historiayhdistys\/tietoa-tulevasta-toiminnasta-konserteista-seminaareista-ja-nayttelyista\/\" \/>\n<meta property=\"og:site_name\" content=\"Rukaj\u00e4rven suunnan historiayhdistys\" \/>\n<meta property=\"article:published_time\" content=\"2014-09-11T10:01:00+00:00\" \/>\n<meta property=\"article:modified_time\" content=\"2014-09-11T10:14:21+00:00\" \/>\n<meta name=\"author\" content=\"RSHY\" \/>\n<meta name=\"twitter:label1\" content=\"Kirjoittanut\" \/>\n\t<meta name=\"twitter:data1\" content=\"RSHY\" \/>\n\t<meta name=\"twitter:label2\" content=\"Arvioitu lukuaika\" \/>\n\t<meta name=\"twitter:data2\" content=\"2 minuuttia\" \/>\n<script type=\"application\/ld+json\" class=\"yoast-schema-graph\">{\"@context\":\"https:\\\/\\\/schema.org\",\"@graph\":[{\"@type\":\"Article\",\"@id\":\"http:\\\/\\\/www.rukajarvensuunnanhistoriayhdistys.fi\\\/historiayhdistys\\\/tietoa-tulevasta-toiminnasta-konserteista-seminaareista-ja-nayttelyista\\\/#article\",\"isPartOf\":{\"@id\":\"http:\\\/\\\/www.rukajarvensuunnanhistoriayhdistys.fi\\\/historiayhdistys\\\/tietoa-tulevasta-toiminnasta-konserteista-seminaareista-ja-nayttelyista\\\/\"},\"author\":{\"name\":\"RSHY\",\"@id\":\"http:\\\/\\\/www.rukajarvensuunnanhistoriayhdistys.fi\\\/historiayhdistys\\\/#\\\/schema\\\/person\\\/19de7db68bf72dfd2b5d7f6dfbf8454d\"},\"headline\":\"Tietoa tulevasta toiminnasta, konserteista &#8211; seminaareista ja esill\u00e4 olevista n\u00e4yttelyist\u00e4\",\"datePublished\":\"2014-09-11T10:01:00+00:00\",\"dateModified\":\"2014-09-11T10:14:21+00:00\",\"mainEntityOfPage\":{\"@id\":\"http:\\\/\\\/www.rukajarvensuunnanhistoriayhdistys.fi\\\/historiayhdistys\\\/tietoa-tulevasta-toiminnasta-konserteista-seminaareista-ja-nayttelyista\\\/\"},\"wordCount\":435,\"publisher\":{\"@id\":\"http:\\\/\\\/www.rukajarvensuunnanhistoriayhdistys.fi\\\/historiayhdistys\\\/#organization\"},\"articleSection\":[\"Ajankohtaista\",\"Rukaj\u00e4rvi-keskus\"],\"inLanguage\":\"fi\"},{\"@type\":\"WebPage\",\"@id\":\"http:\\\/\\\/www.rukajarvensuunnanhistoriayhdistys.fi\\\/historiayhdistys\\\/tietoa-tulevasta-toiminnasta-konserteista-seminaareista-ja-nayttelyista\\\/\",\"url\":\"http:\\\/\\\/www.rukajarvensuunnanhistoriayhdistys.fi\\\/historiayhdistys\\\/tietoa-tulevasta-toiminnasta-konserteista-seminaareista-ja-nayttelyista\\\/\",\"name\":\"Tietoa tulevasta toiminnasta, konserteista - seminaareista ja esill\u00e4 olevista n\u00e4yttelyist\u00e4 - Rukaj\u00e4rven suunnan historiayhdistys\",\"isPartOf\":{\"@id\":\"http:\\\/\\\/www.rukajarvensuunnanhistoriayhdistys.fi\\\/historiayhdistys\\\/#website\"},\"datePublished\":\"2014-09-11T10:01:00+00:00\",\"dateModified\":\"2014-09-11T10:14:21+00:00\",\"breadcrumb\":{\"@id\":\"http:\\\/\\\/www.rukajarvensuunnanhistoriayhdistys.fi\\\/historiayhdistys\\\/tietoa-tulevasta-toiminnasta-konserteista-seminaareista-ja-nayttelyista\\\/#breadcrumb\"},\"inLanguage\":\"fi\",\"potentialAction\":[{\"@type\":\"ReadAction\",\"target\":[\"http:\\\/\\\/www.rukajarvensuunnanhistoriayhdistys.fi\\\/historiayhdistys\\\/tietoa-tulevasta-toiminnasta-konserteista-seminaareista-ja-nayttelyista\\\/\"]}]},{\"@type\":\"BreadcrumbList\",\"@id\":\"http:\\\/\\\/www.rukajarvensuunnanhistoriayhdistys.fi\\\/historiayhdistys\\\/tietoa-tulevasta-toiminnasta-konserteista-seminaareista-ja-nayttelyista\\\/#breadcrumb\",\"itemListElement\":[{\"@type\":\"ListItem\",\"position\":1,\"name\":\"Etusivu\",\"item\":\"http:\\\/\\\/www.rukajarvensuunnanhistoriayhdistys.fi\\\/historiayhdistys\\\/\"},{\"@type\":\"ListItem\",\"position\":2,\"name\":\"Tietoa tulevasta toiminnasta, konserteista &#8211; seminaareista ja esill\u00e4 olevista n\u00e4yttelyist\u00e4\"}]},{\"@type\":\"WebSite\",\"@id\":\"http:\\\/\\\/www.rukajarvensuunnanhistoriayhdistys.fi\\\/historiayhdistys\\\/#website\",\"url\":\"http:\\\/\\\/www.rukajarvensuunnanhistoriayhdistys.fi\\\/historiayhdistys\\\/\",\"name\":\"Rukaj\u00e4rven suunnan historiayhdistys\",\"description\":\"Rukaj\u00e4rven suunnan historiayhdistyksen verkkosivut.\",\"publisher\":{\"@id\":\"http:\\\/\\\/www.rukajarvensuunnanhistoriayhdistys.fi\\\/historiayhdistys\\\/#organization\"},\"potentialAction\":[{\"@type\":\"SearchAction\",\"target\":{\"@type\":\"EntryPoint\",\"urlTemplate\":\"http:\\\/\\\/www.rukajarvensuunnanhistoriayhdistys.fi\\\/historiayhdistys\\\/?s={search_term_string}\"},\"query-input\":{\"@type\":\"PropertyValueSpecification\",\"valueRequired\":true,\"valueName\":\"search_term_string\"}}],\"inLanguage\":\"fi\"},{\"@type\":\"Organization\",\"@id\":\"http:\\\/\\\/www.rukajarvensuunnanhistoriayhdistys.fi\\\/historiayhdistys\\\/#organization\",\"name\":\"Rukaj\u00e4rven suunnan historiayhdistys\",\"url\":\"http:\\\/\\\/www.rukajarvensuunnanhistoriayhdistys.fi\\\/historiayhdistys\\\/\",\"logo\":{\"@type\":\"ImageObject\",\"inLanguage\":\"fi\",\"@id\":\"http:\\\/\\\/www.rukajarvensuunnanhistoriayhdistys.fi\\\/historiayhdistys\\\/#\\\/schema\\\/logo\\\/image\\\/\",\"url\":\"http:\\\/\\\/www.rukajarvensuunnanhistoriayhdistys.fi\\\/historiayhdistys\\\/wp-content\\\/uploads\\\/2013\\\/12\\\/Otsake_3.jpg\",\"contentUrl\":\"http:\\\/\\\/www.rukajarvensuunnanhistoriayhdistys.fi\\\/historiayhdistys\\\/wp-content\\\/uploads\\\/2013\\\/12\\\/Otsake_3.jpg\",\"width\":1000,\"height\":442,\"caption\":\"Rukaj\u00e4rven suunnan historiayhdistys\"},\"image\":{\"@id\":\"http:\\\/\\\/www.rukajarvensuunnanhistoriayhdistys.fi\\\/historiayhdistys\\\/#\\\/schema\\\/logo\\\/image\\\/\"}},{\"@type\":\"Person\",\"@id\":\"http:\\\/\\\/www.rukajarvensuunnanhistoriayhdistys.fi\\\/historiayhdistys\\\/#\\\/schema\\\/person\\\/19de7db68bf72dfd2b5d7f6dfbf8454d\",\"name\":\"RSHY\",\"image\":{\"@type\":\"ImageObject\",\"inLanguage\":\"fi\",\"@id\":\"https:\\\/\\\/secure.gravatar.com\\\/avatar\\\/598d59263a69cc8de65fcb4f9db78d6f58c098cb0e0ba22d73377441af9fa04c?s=96&d=blank&r=g\",\"url\":\"https:\\\/\\\/secure.gravatar.com\\\/avatar\\\/598d59263a69cc8de65fcb4f9db78d6f58c098cb0e0ba22d73377441af9fa04c?s=96&d=blank&r=g\",\"contentUrl\":\"https:\\\/\\\/secure.gravatar.com\\\/avatar\\\/598d59263a69cc8de65fcb4f9db78d6f58c098cb0e0ba22d73377441af9fa04c?s=96&d=blank&r=g\",\"caption\":\"RSHY\"},\"url\":\"http:\\\/\\\/www.rukajarvensuunnanhistoriayhdistys.fi\\\/historiayhdistys\\\/author\\\/rshy\\\/\"}]}<\/script>\n<!-- \/ Yoast SEO plugin. -->","yoast_head_json":{"title":"Tietoa tulevasta toiminnasta, konserteista - seminaareista ja esill\u00e4 olevista n\u00e4yttelyist\u00e4 - Rukaj\u00e4rven suunnan historiayhdistys","robots":{"index":"index","follow":"follow","max-snippet":"max-snippet:-1","max-image-preview":"max-image-preview:large","max-video-preview":"max-video-preview:-1"},"canonical":"http:\/\/www.rukajarvensuunnanhistoriayhdistys.fi\/historiayhdistys\/tietoa-tulevasta-toiminnasta-konserteista-seminaareista-ja-nayttelyista\/","og_locale":"fi_FI","og_type":"article","og_title":"Tietoa tulevasta toiminnasta, konserteista - seminaareista ja esill\u00e4 olevista n\u00e4yttelyist\u00e4 - Rukaj\u00e4rven suunnan historiayhdistys","og_description":"Juhlat on juhlittu. Kiitos kaikille.\u00a0Ja sitten palaamme arkit\u00f6ihin. Kansalaisjuhlasta, 70 vuotta Jatkosodan p\u00e4\u00e4ttymisest\u00e4\u00a0on tullut yhdistyksellemme paljon my\u00f6nteist\u00e4 palautetta. Juhlista lis\u00e4tietoa nettisivuiltamme. Juhlaa muistellaan ja k\u00e4sitell\u00e4\u00e4n syyskuun lopun seminaareissa ja eri Teksti jatkuu...Tietoa tulevasta toiminnasta, konserteista &#8211; seminaareista ja esill\u00e4 olevista n\u00e4yttelyist\u00e4\u2192","og_url":"http:\/\/www.rukajarvensuunnanhistoriayhdistys.fi\/historiayhdistys\/tietoa-tulevasta-toiminnasta-konserteista-seminaareista-ja-nayttelyista\/","og_site_name":"Rukaj\u00e4rven suunnan historiayhdistys","article_published_time":"2014-09-11T10:01:00+00:00","article_modified_time":"2014-09-11T10:14:21+00:00","author":"RSHY","twitter_misc":{"Kirjoittanut":"RSHY","Arvioitu lukuaika":"2 minuuttia"},"schema":{"@context":"https:\/\/schema.org","@graph":[{"@type":"Article","@id":"http:\/\/www.rukajarvensuunnanhistoriayhdistys.fi\/historiayhdistys\/tietoa-tulevasta-toiminnasta-konserteista-seminaareista-ja-nayttelyista\/#article","isPartOf":{"@id":"http:\/\/www.rukajarvensuunnanhistoriayhdistys.fi\/historiayhdistys\/tietoa-tulevasta-toiminnasta-konserteista-seminaareista-ja-nayttelyista\/"},"author":{"name":"RSHY","@id":"http:\/\/www.rukajarvensuunnanhistoriayhdistys.fi\/historiayhdistys\/#\/schema\/person\/19de7db68bf72dfd2b5d7f6dfbf8454d"},"headline":"Tietoa tulevasta toiminnasta, konserteista &#8211; seminaareista ja esill\u00e4 olevista n\u00e4yttelyist\u00e4","datePublished":"2014-09-11T10:01:00+00:00","dateModified":"2014-09-11T10:14:21+00:00","mainEntityOfPage":{"@id":"http:\/\/www.rukajarvensuunnanhistoriayhdistys.fi\/historiayhdistys\/tietoa-tulevasta-toiminnasta-konserteista-seminaareista-ja-nayttelyista\/"},"wordCount":435,"publisher":{"@id":"http:\/\/www.rukajarvensuunnanhistoriayhdistys.fi\/historiayhdistys\/#organization"},"articleSection":["Ajankohtaista","Rukaj\u00e4rvi-keskus"],"inLanguage":"fi"},{"@type":"WebPage","@id":"http:\/\/www.rukajarvensuunnanhistoriayhdistys.fi\/historiayhdistys\/tietoa-tulevasta-toiminnasta-konserteista-seminaareista-ja-nayttelyista\/","url":"http:\/\/www.rukajarvensuunnanhistoriayhdistys.fi\/historiayhdistys\/tietoa-tulevasta-toiminnasta-konserteista-seminaareista-ja-nayttelyista\/","name":"Tietoa tulevasta toiminnasta, konserteista - seminaareista ja esill\u00e4 olevista n\u00e4yttelyist\u00e4 - Rukaj\u00e4rven suunnan historiayhdistys","isPartOf":{"@id":"http:\/\/www.rukajarvensuunnanhistoriayhdistys.fi\/historiayhdistys\/#website"},"datePublished":"2014-09-11T10:01:00+00:00","dateModified":"2014-09-11T10:14:21+00:00","breadcrumb":{"@id":"http:\/\/www.rukajarvensuunnanhistoriayhdistys.fi\/historiayhdistys\/tietoa-tulevasta-toiminnasta-konserteista-seminaareista-ja-nayttelyista\/#breadcrumb"},"inLanguage":"fi","potentialAction":[{"@type":"ReadAction","target":["http:\/\/www.rukajarvensuunnanhistoriayhdistys.fi\/historiayhdistys\/tietoa-tulevasta-toiminnasta-konserteista-seminaareista-ja-nayttelyista\/"]}]},{"@type":"BreadcrumbList","@id":"http:\/\/www.rukajarvensuunnanhistoriayhdistys.fi\/historiayhdistys\/tietoa-tulevasta-toiminnasta-konserteista-seminaareista-ja-nayttelyista\/#breadcrumb","itemListElement":[{"@type":"ListItem","position":1,"name":"Etusivu","item":"http:\/\/www.rukajarvensuunnanhistoriayhdistys.fi\/historiayhdistys\/"},{"@type":"ListItem","position":2,"name":"Tietoa tulevasta toiminnasta, konserteista &#8211; seminaareista ja esill\u00e4 olevista n\u00e4yttelyist\u00e4"}]},{"@type":"WebSite","@id":"http:\/\/www.rukajarvensuunnanhistoriayhdistys.fi\/historiayhdistys\/#website","url":"http:\/\/www.rukajarvensuunnanhistoriayhdistys.fi\/historiayhdistys\/","name":"Rukaj\u00e4rven suunnan historiayhdistys","description":"Rukaj\u00e4rven suunnan historiayhdistyksen verkkosivut.","publisher":{"@id":"http:\/\/www.rukajarvensuunnanhistoriayhdistys.fi\/historiayhdistys\/#organization"},"potentialAction":[{"@type":"SearchAction","target":{"@type":"EntryPoint","urlTemplate":"http:\/\/www.rukajarvensuunnanhistoriayhdistys.fi\/historiayhdistys\/?s={search_term_string}"},"query-input":{"@type":"PropertyValueSpecification","valueRequired":true,"valueName":"search_term_string"}}],"inLanguage":"fi"},{"@type":"Organization","@id":"http:\/\/www.rukajarvensuunnanhistoriayhdistys.fi\/historiayhdistys\/#organization","name":"Rukaj\u00e4rven suunnan historiayhdistys","url":"http:\/\/www.rukajarvensuunnanhistoriayhdistys.fi\/historiayhdistys\/","logo":{"@type":"ImageObject","inLanguage":"fi","@id":"http:\/\/www.rukajarvensuunnanhistoriayhdistys.fi\/historiayhdistys\/#\/schema\/logo\/image\/","url":"http:\/\/www.rukajarvensuunnanhistoriayhdistys.fi\/historiayhdistys\/wp-content\/uploads\/2013\/12\/Otsake_3.jpg","contentUrl":"http:\/\/www.rukajarvensuunnanhistoriayhdistys.fi\/historiayhdistys\/wp-content\/uploads\/2013\/12\/Otsake_3.jpg","width":1000,"height":442,"caption":"Rukaj\u00e4rven suunnan historiayhdistys"},"image":{"@id":"http:\/\/www.rukajarvensuunnanhistoriayhdistys.fi\/historiayhdistys\/#\/schema\/logo\/image\/"}},{"@type":"Person","@id":"http:\/\/www.rukajarvensuunnanhistoriayhdistys.fi\/historiayhdistys\/#\/schema\/person\/19de7db68bf72dfd2b5d7f6dfbf8454d","name":"RSHY","image":{"@type":"ImageObject","inLanguage":"fi","@id":"https:\/\/secure.gravatar.com\/avatar\/598d59263a69cc8de65fcb4f9db78d6f58c098cb0e0ba22d73377441af9fa04c?s=96&d=blank&r=g","url":"https:\/\/secure.gravatar.com\/avatar\/598d59263a69cc8de65fcb4f9db78d6f58c098cb0e0ba22d73377441af9fa04c?s=96&d=blank&r=g","contentUrl":"https:\/\/secure.gravatar.com\/avatar\/598d59263a69cc8de65fcb4f9db78d6f58c098cb0e0ba22d73377441af9fa04c?s=96&d=blank&r=g","caption":"RSHY"},"url":"http:\/\/www.rukajarvensuunnanhistoriayhdistys.fi\/historiayhdistys\/author\/rshy\/"}]}},"_links":{"self":[{"href":"http:\/\/www.rukajarvensuunnanhistoriayhdistys.fi\/historiayhdistys\/wp-json\/wp\/v2\/posts\/1045","targetHints":{"allow":["GET"]}}],"collection":[{"href":"http:\/\/www.rukajarvensuunnanhistoriayhdistys.fi\/historiayhdistys\/wp-json\/wp\/v2\/posts"}],"about":[{"href":"http:\/\/www.rukajarvensuunnanhistoriayhdistys.fi\/historiayhdistys\/wp-json\/wp\/v2\/types\/post"}],"author":[{"embeddable":true,"href":"http:\/\/www.rukajarvensuunnanhistoriayhdistys.fi\/historiayhdistys\/wp-json\/wp\/v2\/users\/3"}],"replies":[{"embeddable":true,"href":"http:\/\/www.rukajarvensuunnanhistoriayhdistys.fi\/historiayhdistys\/wp-json\/wp\/v2\/comments?post=1045"}],"version-history":[{"count":8,"href":"http:\/\/www.rukajarvensuunnanhistoriayhdistys.fi\/historiayhdistys\/wp-json\/wp\/v2\/posts\/1045\/revisions"}],"predecessor-version":[{"id":1053,"href":"http:\/\/www.rukajarvensuunnanhistoriayhdistys.fi\/historiayhdistys\/wp-json\/wp\/v2\/posts\/1045\/revisions\/1053"}],"wp:attachment":[{"href":"http:\/\/www.rukajarvensuunnanhistoriayhdistys.fi\/historiayhdistys\/wp-json\/wp\/v2\/media?parent=1045"}],"wp:term":[{"taxonomy":"category","embeddable":true,"href":"http:\/\/www.rukajarvensuunnanhistoriayhdistys.fi\/historiayhdistys\/wp-json\/wp\/v2\/categories?post=1045"},{"taxonomy":"post_tag","embeddable":true,"href":"http:\/\/www.rukajarvensuunnanhistoriayhdistys.fi\/historiayhdistys\/wp-json\/wp\/v2\/tags?post=1045"}],"curies":[{"name":"wp","href":"https:\/\/api.w.org\/{rel}","templated":true}]}}