{"id":10725,"date":"2016-09-01T09:20:57","date_gmt":"2016-09-01T06:20:57","guid":{"rendered":"http:\/\/www.rukajarvensuunnanhistoriayhdistys.fi\/historiayhdistys\/?p=10725"},"modified":"2017-02-20T19:01:24","modified_gmt":"2017-02-20T17:01:24","slug":"tietoa-joen-kenttavartion-taisteluista-etsitaan","status":"publish","type":"post","link":"http:\/\/www.rukajarvensuunnanhistoriayhdistys.fi\/historiayhdistys\/tietoa-joen-kenttavartion-taisteluista-etsitaan\/","title":{"rendered":"Tietoa Joen kentt\u00e4vartion taisteluista etsit\u00e4\u00e4n"},"content":{"rendered":"<div class=\"fcbkbttn_buttons_block\" id=\"fcbkbttn_left\"><div class=\"fcbkbttn_like \"><fb:like href=\"http:\/\/www.rukajarvensuunnanhistoriayhdistys.fi\/historiayhdistys\/tietoa-joen-kenttavartion-taisteluista-etsitaan\/\" action=\"like\" colorscheme=\"light\" layout=\"button_count\"  size=\"small\"><\/fb:like><\/div><\/div><p><strong>Tietoa Joen kentt\u00e4vartion taisteluista etsit\u00e4\u00e4n &#8211; taistelusta 73 vuotta<\/strong><\/p>\n<p><strong><strong>Vierailu Jalasj\u00e4rvelle<\/strong><\/strong><\/p>\n<p>Yhdistyksemme edustajat vierailivat Jalasj\u00e4rvell\u00e4 veteraani V\u00e4in\u00f6 Taivalm\u00e4en (21.11.1921) luona. T\u00e4ll\u00e4 matkalla koottiin tietoa ja muisteltiin 12.8.1943 ja 13.9.1943 k\u00e4ytyj\u00e4 Joen kentt\u00e4vartion taisteluja. Keskusteluissa l\u00f6ytyi uutta tietoa merkitt\u00e4v\u00e4sti. V\u00e4in\u00f6 Taivalm\u00e4ki on laatinut henkil\u00f6luettelon Joen KV:n taisteluun osallistuneista. Lis\u00e4ksi h\u00e4n on tehnyt muistiinpanoja valokuvien perusteella.<\/p>\n<figure id=\"attachment_10715\" aria-describedby=\"caption-attachment-10715\" style=\"width: 3680px\" class=\"wp-caption aligncenter\"><a href=\"http:\/\/www.rukajarvensuunnanhistoriayhdistys.fi\/historiayhdistys\/wp-content\/uploads\/2016\/08\/DSC03612-V\u00e4in\u00f6-Taivalm\u00e4ki.jpg\"><img loading=\"lazy\" decoding=\"async\" class=\"wp-image-10715 size-full\" src=\"http:\/\/www.rukajarvensuunnanhistoriayhdistys.fi\/historiayhdistys\/wp-content\/uploads\/2016\/08\/DSC03612-V\u00e4in\u00f6-Taivalm\u00e4ki.jpg\" alt=\"V\u00e4in\u00f6 Taivalm\u00e4ki osallistui kentt\u00e4vartion Joen 12.8. ja 13.3.1943 taisteluihin ylivoimaista vihollista vastaan.\" width=\"3680\" height=\"2070\" data-id=\"10715\" srcset=\"http:\/\/www.rukajarvensuunnanhistoriayhdistys.fi\/historiayhdistys\/wp-content\/uploads\/2016\/08\/DSC03612-V\u00e4in\u00f6-Taivalm\u00e4ki.jpg 3680w, http:\/\/www.rukajarvensuunnanhistoriayhdistys.fi\/historiayhdistys\/wp-content\/uploads\/2016\/08\/DSC03612-V\u00e4in\u00f6-Taivalm\u00e4ki-300x169.jpg 300w, http:\/\/www.rukajarvensuunnanhistoriayhdistys.fi\/historiayhdistys\/wp-content\/uploads\/2016\/08\/DSC03612-V\u00e4in\u00f6-Taivalm\u00e4ki-768x432.jpg 768w, http:\/\/www.rukajarvensuunnanhistoriayhdistys.fi\/historiayhdistys\/wp-content\/uploads\/2016\/08\/DSC03612-V\u00e4in\u00f6-Taivalm\u00e4ki-1024x576.jpg 1024w\" sizes=\"auto, (max-width: 3680px) 100vw, 3680px\" \/><\/a><figcaption id=\"caption-attachment-10715\" class=\"wp-caption-text\">V\u00e4in\u00f6 Taivalm\u00e4ki osallistui kentt\u00e4vartion Joen 12.8. ja 13.9.1943 taisteluihin ylivoimaista vihollista vastaan. T\u00e4ss\u00e4 veteraani tunnistaa taisteluun osallistuneita asevelji\u00e4\u00e4n, joiden tunnistusty\u00f6\u00a0 viel\u00e4 jatkuu.<\/figcaption><\/figure>\n<p>Jalasj\u00e4rvel\u00e4inen sotahistorian harrastaja Pentti Rinta-Loppi j\u00e4rjesti onnistuneen vierailun ja piti V\u00e4in\u00f6 Taivalm\u00e4en kunniaksi my\u00f6s konsertin, jossa Rinta-Loppi esitti V\u00e4in\u00f6 Taivalm\u00e4en toivelistan mukaista musiikkia. Konsertti pidettiin Rinta-Loppien upeassa kodissa, jossa perinnett\u00e4 kunnioitetaan.<\/p>\n<figure id=\"attachment_10726\" aria-describedby=\"caption-attachment-10726\" style=\"width: 998px\" class=\"wp-caption aligncenter\"><a href=\"http:\/\/www.rukajarvensuunnanhistoriayhdistys.fi\/historiayhdistys\/wp-content\/uploads\/2016\/09\/Rinta-Loppi-Pentti.jpg\"><img loading=\"lazy\" decoding=\"async\" class=\"wp-image-10726 size-full\" src=\"http:\/\/www.rukajarvensuunnanhistoriayhdistys.fi\/historiayhdistys\/wp-content\/uploads\/2016\/09\/Rinta-Loppi-Pentti.jpg\" alt=\"Pntti Rinta-Loppi on monitaitoinen sotahistorian harrastaja\" width=\"998\" height=\"926\" data-id=\"10726\" srcset=\"http:\/\/www.rukajarvensuunnanhistoriayhdistys.fi\/historiayhdistys\/wp-content\/uploads\/2016\/09\/Rinta-Loppi-Pentti.jpg 998w, http:\/\/www.rukajarvensuunnanhistoriayhdistys.fi\/historiayhdistys\/wp-content\/uploads\/2016\/09\/Rinta-Loppi-Pentti-300x278.jpg 300w, http:\/\/www.rukajarvensuunnanhistoriayhdistys.fi\/historiayhdistys\/wp-content\/uploads\/2016\/09\/Rinta-Loppi-Pentti-768x713.jpg 768w\" sizes=\"auto, (max-width: 998px) 100vw, 998px\" \/><\/a><figcaption id=\"caption-attachment-10726\" class=\"wp-caption-text\">Pentti Rinta-Loppi on monitaitoinen sotahistorian harrastaja, ty\u00f6t\u00e4 kunnioituksesta koko veteraanisukupolvea\u00a0kohtaan.<\/figcaption><\/figure>\n<figure id=\"attachment_10716\" aria-describedby=\"caption-attachment-10716\" style=\"width: 2272px\" class=\"wp-caption aligncenter\"><a href=\"http:\/\/www.rukajarvensuunnanhistoriayhdistys.fi\/historiayhdistys\/wp-content\/uploads\/2016\/08\/Taivalm\u00e4en-muotokuva-Rinta-Loppi-ja-Pentti.jpg\"><img loading=\"lazy\" decoding=\"async\" class=\"wp-image-10716 size-full\" src=\"http:\/\/www.rukajarvensuunnanhistoriayhdistys.fi\/historiayhdistys\/wp-content\/uploads\/2016\/08\/Taivalm\u00e4en-muotokuva-Rinta-Loppi-ja-Pentti.jpg\" alt=\"Pentti Taivalm\u00e4ki otti vastaan Pentti Rinta-Lopin V\u00e4in\u00f6 Taivalm\u00e4en muotokuvamaalauksen.\" width=\"2272\" height=\"1704\" data-id=\"10716\" srcset=\"http:\/\/www.rukajarvensuunnanhistoriayhdistys.fi\/historiayhdistys\/wp-content\/uploads\/2016\/08\/Taivalm\u00e4en-muotokuva-Rinta-Loppi-ja-Pentti.jpg 2272w, http:\/\/www.rukajarvensuunnanhistoriayhdistys.fi\/historiayhdistys\/wp-content\/uploads\/2016\/08\/Taivalm\u00e4en-muotokuva-Rinta-Loppi-ja-Pentti-300x225.jpg 300w, http:\/\/www.rukajarvensuunnanhistoriayhdistys.fi\/historiayhdistys\/wp-content\/uploads\/2016\/08\/Taivalm\u00e4en-muotokuva-Rinta-Loppi-ja-Pentti-768x576.jpg 768w, http:\/\/www.rukajarvensuunnanhistoriayhdistys.fi\/historiayhdistys\/wp-content\/uploads\/2016\/08\/Taivalm\u00e4en-muotokuva-Rinta-Loppi-ja-Pentti-1024x768.jpg 1024w\" sizes=\"auto, (max-width: 2272px) 100vw, 2272px\" \/><\/a><figcaption id=\"caption-attachment-10716\" class=\"wp-caption-text\">Veteraani V\u00e4in\u00f6 Taivalm\u00e4en poika Pentti\u00a0otti vastaan Pentti Rinta-Lopin veteraani\u00a0V\u00e4in\u00f6 Taivalm\u00e4en muotokuvamaalauksen.<\/figcaption><\/figure>\n<p>Pentti Rinta-Loppi on haastatellut V\u00e4in\u00f6 Taivalm\u00e4ke\u00e4 ja tehnyt muistiinpanoja ja koonnut muutakin tietoa. Pentti Rinta-Loppi on luovuttanut V\u00e4in\u00f6 Taivalm\u00e4elle maalaamansa muotokuvan.<\/p>\n<p>Kaikki tuo tieto tallennetaan RSHY:n k\u00e4ytt\u00f6\u00f6nottamaan uuteen Epookki-tietoj\u00e4rjestelm\u00e4\u00e4n.<\/p>\n<p>Pentti Rinta-Lopin vaimon Tuovin is\u00e4 Samuel Piikkil\u00e4 on Rukaj\u00e4rven veteraani, joka osallistui mm. elokuussa 1944 tunnetuksi tulleisiin Tahkokosken taisteluihin. H\u00e4nen kertomuksensa on tallennettu yhdistyksen uuteen tietoj\u00e4rjestelm\u00e4\u00e4n. Esit\u00e4mme parhaat kiitoksemme V\u00e4in\u00f6 Taivalm\u00e4en pojalle Pentille h\u00e4nen puolisolleen Annelille sek\u00e4 Pentti Rinta-Lopille sek\u00e4 h\u00e4nen puolisolleen Tuoville vieraanvaraisesta vastaanotosta.<\/p>\n<p>Jalasj\u00e4rven matka liittyy yhdistyksemme hallituksen j\u00e4senen Jari K\u00e4rkk\u00e4isen johdolla teht\u00e4v\u00e4\u00e4n Joen kentt\u00e4vartion taistelupaikan tutkimusty\u00f6h\u00f6n. T\u00e4h\u00e4n yhdistyksemme arkistoon aineiston kokoamisty\u00f6h\u00f6n ovat osallistuneet jo vuosien ajan Pentti ja Jari K\u00e4rkk\u00e4inen, Leevi Kuokkanen, Ossi Laine, Reijo Pulkkinen, Jaakko Niiranen, Esa Siren ja Tenho Tikkanen.<\/p>\n<p>Jari K\u00e4rkk\u00e4isen laatimassa\u00a0selvityksess\u00e4\u00a0on my\u00f6s RSHY:n arkiston l\u00e4hdetiedot. Selvitys tallennetaan yhdistyksen tietoj\u00e4rjestelm\u00e4\u00e4n. Jari K\u00e4rkk\u00e4inen aikoo k\u00e4yd\u00e4 t\u00e4lle kes\u00e4lle viel\u00e4 kolmannen kerran Joen kentt\u00e4vartiossa, jonka j\u00e4lkeen selvitys valmistuu.<\/p>\n<figure id=\"attachment_10692\" aria-describedby=\"caption-attachment-10692\" style=\"width: 3072px\" class=\"wp-caption aligncenter\"><a href=\"http:\/\/www.rukajarvensuunnanhistoriayhdistys.fi\/historiayhdistys\/wp-content\/uploads\/2016\/08\/WP_20160811_12_20_25_Pro.jpg\"><img loading=\"lazy\" decoding=\"async\" class=\"size-full wp-image-10692\" src=\"http:\/\/www.rukajarvensuunnanhistoriayhdistys.fi\/historiayhdistys\/wp-content\/uploads\/2016\/08\/WP_20160811_12_20_25_Pro.jpg\" alt=\"Rankka reissu, v\u00e4lill\u00e4 ruokailutauko, Reijo Pulkkinen, Inna ja Jari K\u00e4rkk\u00e4inen. Kuva Tenho Tikkanen.\" width=\"3072\" height=\"1728\" data-id=\"10692\" srcset=\"http:\/\/www.rukajarvensuunnanhistoriayhdistys.fi\/historiayhdistys\/wp-content\/uploads\/2016\/08\/WP_20160811_12_20_25_Pro.jpg 3072w, http:\/\/www.rukajarvensuunnanhistoriayhdistys.fi\/historiayhdistys\/wp-content\/uploads\/2016\/08\/WP_20160811_12_20_25_Pro-300x169.jpg 300w, http:\/\/www.rukajarvensuunnanhistoriayhdistys.fi\/historiayhdistys\/wp-content\/uploads\/2016\/08\/WP_20160811_12_20_25_Pro-768x432.jpg 768w, http:\/\/www.rukajarvensuunnanhistoriayhdistys.fi\/historiayhdistys\/wp-content\/uploads\/2016\/08\/WP_20160811_12_20_25_Pro-1024x576.jpg 1024w\" sizes=\"auto, (max-width: 3072px) 100vw, 3072px\" \/><\/a><figcaption id=\"caption-attachment-10692\" class=\"wp-caption-text\">Rankka reissu, v\u00e4lill\u00e4 ruokailutauko, Reijo Pulkkinen, Inna ja Jari K\u00e4rkk\u00e4inen. Kuva 11.8.2016 matkalta Tenho Tikkanen.<\/figcaption><\/figure>\n<p><strong><strong>Kuvan henkil\u00f6itten tunnistaminen.<\/strong><\/strong><\/p>\n<figure id=\"attachment_10717\" aria-describedby=\"caption-attachment-10717\" style=\"width: 4788px\" class=\"wp-caption aligncenter\"><a href=\"http:\/\/www.rukajarvensuunnanhistoriayhdistys.fi\/historiayhdistys\/wp-content\/uploads\/2016\/08\/141547-j\u00e4ljellej\u00e4\u00e4neet-KV-joki-numerot.jpg\"><img loading=\"lazy\" decoding=\"async\" class=\"size-full wp-image-10717\" src=\"http:\/\/www.rukajarvensuunnanhistoriayhdistys.fi\/historiayhdistys\/wp-content\/uploads\/2016\/08\/141547-j\u00e4ljellej\u00e4\u00e4neet-KV-joki-numerot.jpg\" alt=\"&quot;Kentt\u00e4vartiosotilaita, jotka osallistuivat viimeaikoina k\u00e4ytyihin taisteluihin er\u00e4\u00e4st\u00e4 kentt\u00e4vartiostamme.(&quot;&quot;Joen&quot;&quot; miehist\u00f6st\u00e4 (28:sta) j\u00e4ljellej\u00e4\u00e4neet).&quot; SA-kuva ja teksti.\" width=\"4788\" height=\"4566\" data-id=\"10717\" srcset=\"http:\/\/www.rukajarvensuunnanhistoriayhdistys.fi\/historiayhdistys\/wp-content\/uploads\/2016\/08\/141547-j\u00e4ljellej\u00e4\u00e4neet-KV-joki-numerot.jpg 4788w, http:\/\/www.rukajarvensuunnanhistoriayhdistys.fi\/historiayhdistys\/wp-content\/uploads\/2016\/08\/141547-j\u00e4ljellej\u00e4\u00e4neet-KV-joki-numerot-300x286.jpg 300w, http:\/\/www.rukajarvensuunnanhistoriayhdistys.fi\/historiayhdistys\/wp-content\/uploads\/2016\/08\/141547-j\u00e4ljellej\u00e4\u00e4neet-KV-joki-numerot-768x732.jpg 768w, http:\/\/www.rukajarvensuunnanhistoriayhdistys.fi\/historiayhdistys\/wp-content\/uploads\/2016\/08\/141547-j\u00e4ljellej\u00e4\u00e4neet-KV-joki-numerot-1024x977.jpg 1024w\" sizes=\"auto, (max-width: 4788px) 100vw, 4788px\" \/><\/a><figcaption id=\"caption-attachment-10717\" class=\"wp-caption-text\">&#8221;Kentt\u00e4vartiosotilaita, jotka osallistuivat viimeaikoina k\u00e4ytyihin taisteluihin er\u00e4\u00e4st\u00e4 kentt\u00e4vartiostamme.(&#8221;&#8221;Joen&#8221;&#8221; miehist\u00f6st\u00e4 (28:sta) j\u00e4ljellej\u00e4\u00e4neet).&#8221; SA-kuva 141547\u00a0ja teksti.<\/figcaption><\/figure>\n<p>Kuvan henkil\u00f6itten tunnistaminen on k\u00e4ynniss\u00e4. Meill\u00e4 on tietoa kuvan henkil\u00f6ist\u00e4 jonkin verran, mutta t\u00e4ydellist\u00e4 tietoa ei ole viel\u00e4 koossa. T\u00e4st\u00e4 syyst\u00e4 toivomme, ett\u00e4 ne henkil\u00f6t, jotka tunnistavat kuvan henkil\u00f6t ns. &#8221;j\u00e4ljelle j\u00e4\u00e4neet&#8221; (SA-kuva 141547) toimittaisivat tiedon s\u00e4hk\u00f6postilla osoitettuna yhdistyksen hallitukselle, puheenjohtaja Tenho Tikkanen (rukajarvikeskus@gmail.com).<\/p>\n<p>KS. aiemmin t\u00e4ll\u00e4 sivulla julkaistut\u00a0artikkelit: 6.11.2015 (<a href=\"http:\/\/www.rukajarvensuunnanhistoriayhdistys.fi\/historiayhdistys\/matkakertomus-tutustuminen-kenttavartio-alkoon\/\">T\u00c4\u00c4LT\u00c4<\/a>), 21.6.2016 (<a href=\"http:\/\/www.rukajarvensuunnanhistoriayhdistys.fi\/historiayhdistys\/matka-mannerheimin-jaljille\/\">T\u00c4\u00c4LT\u00c4<\/a>)\u00a0ja 14.8.2016 (<a href=\"http:\/\/www.rukajarvensuunnanhistoriayhdistys.fi\/historiayhdistys\/seppo-hannisen-kaatumispaikka-varmistui\/\">T\u00c4\u00c4LT\u00c4<\/a>).<\/p>\n","protected":false},"excerpt":{"rendered":"<p>Tietoa Joen kentt\u00e4vartion taisteluista etsit\u00e4\u00e4n &#8211; taistelusta 73 vuotta Vierailu Jalasj\u00e4rvelle Yhdistyksemme edustajat vierailivat Jalasj\u00e4rvell\u00e4 veteraani V\u00e4in\u00f6 Taivalm\u00e4en (21.11.1921) luona. T\u00e4ll\u00e4 matkalla koottiin tietoa ja muisteltiin 12.8.1943 ja 13.9.1943 k\u00e4ytyj\u00e4 <a class=\"more-link\" href=\"http:\/\/www.rukajarvensuunnanhistoriayhdistys.fi\/historiayhdistys\/tietoa-joen-kenttavartion-taisteluista-etsitaan\/\">Teksti jatkuu&#8230;<span class=\"screen-reader-text\">Tietoa Joen kentt\u00e4vartion taisteluista etsit\u00e4\u00e4n<\/span><span class=\"meta-nav\">\u2192<\/span><\/a><\/p>\n","protected":false},"author":3,"featured_media":10717,"comment_status":"closed","ping_status":"open","sticky":false,"template":"","format":"standard","meta":{"footnotes":""},"categories":[22,43],"tags":[],"class_list":["post-10725","post","type-post","status-publish","format-standard","has-post-thumbnail","hentry","category-ajankohtaista","category-kenttavartiotutkimus"],"yoast_head":"<!-- This site is optimized with the Yoast SEO plugin v27.4 - https:\/\/yoast.com\/product\/yoast-seo-wordpress\/ -->\n<title>Tietoa Joen kentt\u00e4vartion taisteluista etsit\u00e4\u00e4n - Rukaj\u00e4rven suunnan historiayhdistys<\/title>\n<meta name=\"robots\" content=\"index, follow, max-snippet:-1, max-image-preview:large, max-video-preview:-1\" \/>\n<link rel=\"canonical\" href=\"http:\/\/www.rukajarvensuunnanhistoriayhdistys.fi\/historiayhdistys\/tietoa-joen-kenttavartion-taisteluista-etsitaan\/\" \/>\n<meta property=\"og:locale\" content=\"fi_FI\" \/>\n<meta property=\"og:type\" content=\"article\" \/>\n<meta property=\"og:title\" content=\"Tietoa Joen kentt\u00e4vartion taisteluista etsit\u00e4\u00e4n - Rukaj\u00e4rven suunnan historiayhdistys\" \/>\n<meta property=\"og:description\" content=\"Tietoa Joen kentt\u00e4vartion taisteluista etsit\u00e4\u00e4n &#8211; taistelusta 73 vuotta Vierailu Jalasj\u00e4rvelle Yhdistyksemme edustajat vierailivat Jalasj\u00e4rvell\u00e4 veteraani V\u00e4in\u00f6 Taivalm\u00e4en (21.11.1921) luona. T\u00e4ll\u00e4 matkalla koottiin tietoa ja muisteltiin 12.8.1943 ja 13.9.1943 k\u00e4ytyj\u00e4 Teksti jatkuu...Tietoa Joen kentt\u00e4vartion taisteluista etsit\u00e4\u00e4n\u2192\" \/>\n<meta property=\"og:url\" content=\"http:\/\/www.rukajarvensuunnanhistoriayhdistys.fi\/historiayhdistys\/tietoa-joen-kenttavartion-taisteluista-etsitaan\/\" \/>\n<meta property=\"og:site_name\" content=\"Rukaj\u00e4rven suunnan historiayhdistys\" \/>\n<meta property=\"article:published_time\" content=\"2016-09-01T06:20:57+00:00\" \/>\n<meta property=\"article:modified_time\" content=\"2017-02-20T17:01:24+00:00\" \/>\n<meta property=\"og:image\" content=\"http:\/\/www.rukajarvensuunnanhistoriayhdistys.fi\/historiayhdistys\/wp-content\/uploads\/2016\/08\/141547-j\u00e4ljellej\u00e4\u00e4neet-KV-joki-numerot-1024x977.jpg\" \/>\n\t<meta property=\"og:image:width\" content=\"1024\" \/>\n\t<meta property=\"og:image:height\" content=\"977\" \/>\n\t<meta property=\"og:image:type\" content=\"image\/jpeg\" \/>\n<meta name=\"author\" content=\"RSHY\" \/>\n<meta name=\"twitter:label1\" content=\"Kirjoittanut\" \/>\n\t<meta name=\"twitter:data1\" content=\"RSHY\" \/>\n\t<meta name=\"twitter:label2\" content=\"Arvioitu lukuaika\" \/>\n\t<meta name=\"twitter:data2\" content=\"2 minuuttia\" \/>\n<script type=\"application\/ld+json\" class=\"yoast-schema-graph\">{\"@context\":\"https:\\\/\\\/schema.org\",\"@graph\":[{\"@type\":\"Article\",\"@id\":\"http:\\\/\\\/www.rukajarvensuunnanhistoriayhdistys.fi\\\/historiayhdistys\\\/tietoa-joen-kenttavartion-taisteluista-etsitaan\\\/#article\",\"isPartOf\":{\"@id\":\"http:\\\/\\\/www.rukajarvensuunnanhistoriayhdistys.fi\\\/historiayhdistys\\\/tietoa-joen-kenttavartion-taisteluista-etsitaan\\\/\"},\"author\":{\"name\":\"RSHY\",\"@id\":\"http:\\\/\\\/www.rukajarvensuunnanhistoriayhdistys.fi\\\/historiayhdistys\\\/#\\\/schema\\\/person\\\/19de7db68bf72dfd2b5d7f6dfbf8454d\"},\"headline\":\"Tietoa Joen kentt\u00e4vartion taisteluista etsit\u00e4\u00e4n\",\"datePublished\":\"2016-09-01T06:20:57+00:00\",\"dateModified\":\"2017-02-20T17:01:24+00:00\",\"mainEntityOfPage\":{\"@id\":\"http:\\\/\\\/www.rukajarvensuunnanhistoriayhdistys.fi\\\/historiayhdistys\\\/tietoa-joen-kenttavartion-taisteluista-etsitaan\\\/\"},\"wordCount\":505,\"publisher\":{\"@id\":\"http:\\\/\\\/www.rukajarvensuunnanhistoriayhdistys.fi\\\/historiayhdistys\\\/#organization\"},\"image\":{\"@id\":\"http:\\\/\\\/www.rukajarvensuunnanhistoriayhdistys.fi\\\/historiayhdistys\\\/tietoa-joen-kenttavartion-taisteluista-etsitaan\\\/#primaryimage\"},\"thumbnailUrl\":\"http:\\\/\\\/www.rukajarvensuunnanhistoriayhdistys.fi\\\/historiayhdistys\\\/wp-content\\\/uploads\\\/2016\\\/08\\\/141547-j\u00e4ljellej\u00e4\u00e4neet-KV-joki-numerot.jpg\",\"articleSection\":[\"Ajankohtaista\",\"kentt\u00e4vartiotutkimus\"],\"inLanguage\":\"fi\"},{\"@type\":\"WebPage\",\"@id\":\"http:\\\/\\\/www.rukajarvensuunnanhistoriayhdistys.fi\\\/historiayhdistys\\\/tietoa-joen-kenttavartion-taisteluista-etsitaan\\\/\",\"url\":\"http:\\\/\\\/www.rukajarvensuunnanhistoriayhdistys.fi\\\/historiayhdistys\\\/tietoa-joen-kenttavartion-taisteluista-etsitaan\\\/\",\"name\":\"Tietoa Joen kentt\u00e4vartion taisteluista etsit\u00e4\u00e4n - Rukaj\u00e4rven suunnan historiayhdistys\",\"isPartOf\":{\"@id\":\"http:\\\/\\\/www.rukajarvensuunnanhistoriayhdistys.fi\\\/historiayhdistys\\\/#website\"},\"primaryImageOfPage\":{\"@id\":\"http:\\\/\\\/www.rukajarvensuunnanhistoriayhdistys.fi\\\/historiayhdistys\\\/tietoa-joen-kenttavartion-taisteluista-etsitaan\\\/#primaryimage\"},\"image\":{\"@id\":\"http:\\\/\\\/www.rukajarvensuunnanhistoriayhdistys.fi\\\/historiayhdistys\\\/tietoa-joen-kenttavartion-taisteluista-etsitaan\\\/#primaryimage\"},\"thumbnailUrl\":\"http:\\\/\\\/www.rukajarvensuunnanhistoriayhdistys.fi\\\/historiayhdistys\\\/wp-content\\\/uploads\\\/2016\\\/08\\\/141547-j\u00e4ljellej\u00e4\u00e4neet-KV-joki-numerot.jpg\",\"datePublished\":\"2016-09-01T06:20:57+00:00\",\"dateModified\":\"2017-02-20T17:01:24+00:00\",\"breadcrumb\":{\"@id\":\"http:\\\/\\\/www.rukajarvensuunnanhistoriayhdistys.fi\\\/historiayhdistys\\\/tietoa-joen-kenttavartion-taisteluista-etsitaan\\\/#breadcrumb\"},\"inLanguage\":\"fi\",\"potentialAction\":[{\"@type\":\"ReadAction\",\"target\":[\"http:\\\/\\\/www.rukajarvensuunnanhistoriayhdistys.fi\\\/historiayhdistys\\\/tietoa-joen-kenttavartion-taisteluista-etsitaan\\\/\"]}]},{\"@type\":\"ImageObject\",\"inLanguage\":\"fi\",\"@id\":\"http:\\\/\\\/www.rukajarvensuunnanhistoriayhdistys.fi\\\/historiayhdistys\\\/tietoa-joen-kenttavartion-taisteluista-etsitaan\\\/#primaryimage\",\"url\":\"http:\\\/\\\/www.rukajarvensuunnanhistoriayhdistys.fi\\\/historiayhdistys\\\/wp-content\\\/uploads\\\/2016\\\/08\\\/141547-j\u00e4ljellej\u00e4\u00e4neet-KV-joki-numerot.jpg\",\"contentUrl\":\"http:\\\/\\\/www.rukajarvensuunnanhistoriayhdistys.fi\\\/historiayhdistys\\\/wp-content\\\/uploads\\\/2016\\\/08\\\/141547-j\u00e4ljellej\u00e4\u00e4neet-KV-joki-numerot.jpg\",\"width\":4788,\"height\":4566,\"caption\":\"\\\"Kentt\u00e4vartiosotilaita, jotka osallistuivat viimeaikoina k\u00e4ytyihin taisteluihin er\u00e4\u00e4st\u00e4 kentt\u00e4vartiostamme.(\\\"\\\"Joen\\\"\\\" miehist\u00f6st\u00e4 (28:sta) j\u00e4ljellej\u00e4\u00e4neet).\\\" SA-kuva ja teksti.\"},{\"@type\":\"BreadcrumbList\",\"@id\":\"http:\\\/\\\/www.rukajarvensuunnanhistoriayhdistys.fi\\\/historiayhdistys\\\/tietoa-joen-kenttavartion-taisteluista-etsitaan\\\/#breadcrumb\",\"itemListElement\":[{\"@type\":\"ListItem\",\"position\":1,\"name\":\"Etusivu\",\"item\":\"http:\\\/\\\/www.rukajarvensuunnanhistoriayhdistys.fi\\\/historiayhdistys\\\/\"},{\"@type\":\"ListItem\",\"position\":2,\"name\":\"Tietoa Joen kentt\u00e4vartion taisteluista etsit\u00e4\u00e4n\"}]},{\"@type\":\"WebSite\",\"@id\":\"http:\\\/\\\/www.rukajarvensuunnanhistoriayhdistys.fi\\\/historiayhdistys\\\/#website\",\"url\":\"http:\\\/\\\/www.rukajarvensuunnanhistoriayhdistys.fi\\\/historiayhdistys\\\/\",\"name\":\"Rukaj\u00e4rven suunnan historiayhdistys\",\"description\":\"Rukaj\u00e4rven suunnan historiayhdistyksen verkkosivut.\",\"publisher\":{\"@id\":\"http:\\\/\\\/www.rukajarvensuunnanhistoriayhdistys.fi\\\/historiayhdistys\\\/#organization\"},\"potentialAction\":[{\"@type\":\"SearchAction\",\"target\":{\"@type\":\"EntryPoint\",\"urlTemplate\":\"http:\\\/\\\/www.rukajarvensuunnanhistoriayhdistys.fi\\\/historiayhdistys\\\/?s={search_term_string}\"},\"query-input\":{\"@type\":\"PropertyValueSpecification\",\"valueRequired\":true,\"valueName\":\"search_term_string\"}}],\"inLanguage\":\"fi\"},{\"@type\":\"Organization\",\"@id\":\"http:\\\/\\\/www.rukajarvensuunnanhistoriayhdistys.fi\\\/historiayhdistys\\\/#organization\",\"name\":\"Rukaj\u00e4rven suunnan historiayhdistys\",\"url\":\"http:\\\/\\\/www.rukajarvensuunnanhistoriayhdistys.fi\\\/historiayhdistys\\\/\",\"logo\":{\"@type\":\"ImageObject\",\"inLanguage\":\"fi\",\"@id\":\"http:\\\/\\\/www.rukajarvensuunnanhistoriayhdistys.fi\\\/historiayhdistys\\\/#\\\/schema\\\/logo\\\/image\\\/\",\"url\":\"http:\\\/\\\/www.rukajarvensuunnanhistoriayhdistys.fi\\\/historiayhdistys\\\/wp-content\\\/uploads\\\/2013\\\/12\\\/Otsake_3.jpg\",\"contentUrl\":\"http:\\\/\\\/www.rukajarvensuunnanhistoriayhdistys.fi\\\/historiayhdistys\\\/wp-content\\\/uploads\\\/2013\\\/12\\\/Otsake_3.jpg\",\"width\":1000,\"height\":442,\"caption\":\"Rukaj\u00e4rven suunnan historiayhdistys\"},\"image\":{\"@id\":\"http:\\\/\\\/www.rukajarvensuunnanhistoriayhdistys.fi\\\/historiayhdistys\\\/#\\\/schema\\\/logo\\\/image\\\/\"}},{\"@type\":\"Person\",\"@id\":\"http:\\\/\\\/www.rukajarvensuunnanhistoriayhdistys.fi\\\/historiayhdistys\\\/#\\\/schema\\\/person\\\/19de7db68bf72dfd2b5d7f6dfbf8454d\",\"name\":\"RSHY\",\"image\":{\"@type\":\"ImageObject\",\"inLanguage\":\"fi\",\"@id\":\"https:\\\/\\\/secure.gravatar.com\\\/avatar\\\/598d59263a69cc8de65fcb4f9db78d6f58c098cb0e0ba22d73377441af9fa04c?s=96&d=blank&r=g\",\"url\":\"https:\\\/\\\/secure.gravatar.com\\\/avatar\\\/598d59263a69cc8de65fcb4f9db78d6f58c098cb0e0ba22d73377441af9fa04c?s=96&d=blank&r=g\",\"contentUrl\":\"https:\\\/\\\/secure.gravatar.com\\\/avatar\\\/598d59263a69cc8de65fcb4f9db78d6f58c098cb0e0ba22d73377441af9fa04c?s=96&d=blank&r=g\",\"caption\":\"RSHY\"},\"url\":\"http:\\\/\\\/www.rukajarvensuunnanhistoriayhdistys.fi\\\/historiayhdistys\\\/author\\\/rshy\\\/\"}]}<\/script>\n<!-- \/ Yoast SEO plugin. -->","yoast_head_json":{"title":"Tietoa Joen kentt\u00e4vartion taisteluista etsit\u00e4\u00e4n - Rukaj\u00e4rven suunnan historiayhdistys","robots":{"index":"index","follow":"follow","max-snippet":"max-snippet:-1","max-image-preview":"max-image-preview:large","max-video-preview":"max-video-preview:-1"},"canonical":"http:\/\/www.rukajarvensuunnanhistoriayhdistys.fi\/historiayhdistys\/tietoa-joen-kenttavartion-taisteluista-etsitaan\/","og_locale":"fi_FI","og_type":"article","og_title":"Tietoa Joen kentt\u00e4vartion taisteluista etsit\u00e4\u00e4n - Rukaj\u00e4rven suunnan historiayhdistys","og_description":"Tietoa Joen kentt\u00e4vartion taisteluista etsit\u00e4\u00e4n &#8211; taistelusta 73 vuotta Vierailu Jalasj\u00e4rvelle Yhdistyksemme edustajat vierailivat Jalasj\u00e4rvell\u00e4 veteraani V\u00e4in\u00f6 Taivalm\u00e4en (21.11.1921) luona. T\u00e4ll\u00e4 matkalla koottiin tietoa ja muisteltiin 12.8.1943 ja 13.9.1943 k\u00e4ytyj\u00e4 Teksti jatkuu...Tietoa Joen kentt\u00e4vartion taisteluista etsit\u00e4\u00e4n\u2192","og_url":"http:\/\/www.rukajarvensuunnanhistoriayhdistys.fi\/historiayhdistys\/tietoa-joen-kenttavartion-taisteluista-etsitaan\/","og_site_name":"Rukaj\u00e4rven suunnan historiayhdistys","article_published_time":"2016-09-01T06:20:57+00:00","article_modified_time":"2017-02-20T17:01:24+00:00","og_image":[{"width":1024,"height":977,"url":"http:\/\/www.rukajarvensuunnanhistoriayhdistys.fi\/historiayhdistys\/wp-content\/uploads\/2016\/08\/141547-j\u00e4ljellej\u00e4\u00e4neet-KV-joki-numerot-1024x977.jpg","type":"image\/jpeg"}],"author":"RSHY","twitter_misc":{"Kirjoittanut":"RSHY","Arvioitu lukuaika":"2 minuuttia"},"schema":{"@context":"https:\/\/schema.org","@graph":[{"@type":"Article","@id":"http:\/\/www.rukajarvensuunnanhistoriayhdistys.fi\/historiayhdistys\/tietoa-joen-kenttavartion-taisteluista-etsitaan\/#article","isPartOf":{"@id":"http:\/\/www.rukajarvensuunnanhistoriayhdistys.fi\/historiayhdistys\/tietoa-joen-kenttavartion-taisteluista-etsitaan\/"},"author":{"name":"RSHY","@id":"http:\/\/www.rukajarvensuunnanhistoriayhdistys.fi\/historiayhdistys\/#\/schema\/person\/19de7db68bf72dfd2b5d7f6dfbf8454d"},"headline":"Tietoa Joen kentt\u00e4vartion taisteluista etsit\u00e4\u00e4n","datePublished":"2016-09-01T06:20:57+00:00","dateModified":"2017-02-20T17:01:24+00:00","mainEntityOfPage":{"@id":"http:\/\/www.rukajarvensuunnanhistoriayhdistys.fi\/historiayhdistys\/tietoa-joen-kenttavartion-taisteluista-etsitaan\/"},"wordCount":505,"publisher":{"@id":"http:\/\/www.rukajarvensuunnanhistoriayhdistys.fi\/historiayhdistys\/#organization"},"image":{"@id":"http:\/\/www.rukajarvensuunnanhistoriayhdistys.fi\/historiayhdistys\/tietoa-joen-kenttavartion-taisteluista-etsitaan\/#primaryimage"},"thumbnailUrl":"http:\/\/www.rukajarvensuunnanhistoriayhdistys.fi\/historiayhdistys\/wp-content\/uploads\/2016\/08\/141547-j\u00e4ljellej\u00e4\u00e4neet-KV-joki-numerot.jpg","articleSection":["Ajankohtaista","kentt\u00e4vartiotutkimus"],"inLanguage":"fi"},{"@type":"WebPage","@id":"http:\/\/www.rukajarvensuunnanhistoriayhdistys.fi\/historiayhdistys\/tietoa-joen-kenttavartion-taisteluista-etsitaan\/","url":"http:\/\/www.rukajarvensuunnanhistoriayhdistys.fi\/historiayhdistys\/tietoa-joen-kenttavartion-taisteluista-etsitaan\/","name":"Tietoa Joen kentt\u00e4vartion taisteluista etsit\u00e4\u00e4n - Rukaj\u00e4rven suunnan historiayhdistys","isPartOf":{"@id":"http:\/\/www.rukajarvensuunnanhistoriayhdistys.fi\/historiayhdistys\/#website"},"primaryImageOfPage":{"@id":"http:\/\/www.rukajarvensuunnanhistoriayhdistys.fi\/historiayhdistys\/tietoa-joen-kenttavartion-taisteluista-etsitaan\/#primaryimage"},"image":{"@id":"http:\/\/www.rukajarvensuunnanhistoriayhdistys.fi\/historiayhdistys\/tietoa-joen-kenttavartion-taisteluista-etsitaan\/#primaryimage"},"thumbnailUrl":"http:\/\/www.rukajarvensuunnanhistoriayhdistys.fi\/historiayhdistys\/wp-content\/uploads\/2016\/08\/141547-j\u00e4ljellej\u00e4\u00e4neet-KV-joki-numerot.jpg","datePublished":"2016-09-01T06:20:57+00:00","dateModified":"2017-02-20T17:01:24+00:00","breadcrumb":{"@id":"http:\/\/www.rukajarvensuunnanhistoriayhdistys.fi\/historiayhdistys\/tietoa-joen-kenttavartion-taisteluista-etsitaan\/#breadcrumb"},"inLanguage":"fi","potentialAction":[{"@type":"ReadAction","target":["http:\/\/www.rukajarvensuunnanhistoriayhdistys.fi\/historiayhdistys\/tietoa-joen-kenttavartion-taisteluista-etsitaan\/"]}]},{"@type":"ImageObject","inLanguage":"fi","@id":"http:\/\/www.rukajarvensuunnanhistoriayhdistys.fi\/historiayhdistys\/tietoa-joen-kenttavartion-taisteluista-etsitaan\/#primaryimage","url":"http:\/\/www.rukajarvensuunnanhistoriayhdistys.fi\/historiayhdistys\/wp-content\/uploads\/2016\/08\/141547-j\u00e4ljellej\u00e4\u00e4neet-KV-joki-numerot.jpg","contentUrl":"http:\/\/www.rukajarvensuunnanhistoriayhdistys.fi\/historiayhdistys\/wp-content\/uploads\/2016\/08\/141547-j\u00e4ljellej\u00e4\u00e4neet-KV-joki-numerot.jpg","width":4788,"height":4566,"caption":"\"Kentt\u00e4vartiosotilaita, jotka osallistuivat viimeaikoina k\u00e4ytyihin taisteluihin er\u00e4\u00e4st\u00e4 kentt\u00e4vartiostamme.(\"\"Joen\"\" miehist\u00f6st\u00e4 (28:sta) j\u00e4ljellej\u00e4\u00e4neet).\" SA-kuva ja teksti."},{"@type":"BreadcrumbList","@id":"http:\/\/www.rukajarvensuunnanhistoriayhdistys.fi\/historiayhdistys\/tietoa-joen-kenttavartion-taisteluista-etsitaan\/#breadcrumb","itemListElement":[{"@type":"ListItem","position":1,"name":"Etusivu","item":"http:\/\/www.rukajarvensuunnanhistoriayhdistys.fi\/historiayhdistys\/"},{"@type":"ListItem","position":2,"name":"Tietoa Joen kentt\u00e4vartion taisteluista etsit\u00e4\u00e4n"}]},{"@type":"WebSite","@id":"http:\/\/www.rukajarvensuunnanhistoriayhdistys.fi\/historiayhdistys\/#website","url":"http:\/\/www.rukajarvensuunnanhistoriayhdistys.fi\/historiayhdistys\/","name":"Rukaj\u00e4rven suunnan historiayhdistys","description":"Rukaj\u00e4rven suunnan historiayhdistyksen verkkosivut.","publisher":{"@id":"http:\/\/www.rukajarvensuunnanhistoriayhdistys.fi\/historiayhdistys\/#organization"},"potentialAction":[{"@type":"SearchAction","target":{"@type":"EntryPoint","urlTemplate":"http:\/\/www.rukajarvensuunnanhistoriayhdistys.fi\/historiayhdistys\/?s={search_term_string}"},"query-input":{"@type":"PropertyValueSpecification","valueRequired":true,"valueName":"search_term_string"}}],"inLanguage":"fi"},{"@type":"Organization","@id":"http:\/\/www.rukajarvensuunnanhistoriayhdistys.fi\/historiayhdistys\/#organization","name":"Rukaj\u00e4rven suunnan historiayhdistys","url":"http:\/\/www.rukajarvensuunnanhistoriayhdistys.fi\/historiayhdistys\/","logo":{"@type":"ImageObject","inLanguage":"fi","@id":"http:\/\/www.rukajarvensuunnanhistoriayhdistys.fi\/historiayhdistys\/#\/schema\/logo\/image\/","url":"http:\/\/www.rukajarvensuunnanhistoriayhdistys.fi\/historiayhdistys\/wp-content\/uploads\/2013\/12\/Otsake_3.jpg","contentUrl":"http:\/\/www.rukajarvensuunnanhistoriayhdistys.fi\/historiayhdistys\/wp-content\/uploads\/2013\/12\/Otsake_3.jpg","width":1000,"height":442,"caption":"Rukaj\u00e4rven suunnan historiayhdistys"},"image":{"@id":"http:\/\/www.rukajarvensuunnanhistoriayhdistys.fi\/historiayhdistys\/#\/schema\/logo\/image\/"}},{"@type":"Person","@id":"http:\/\/www.rukajarvensuunnanhistoriayhdistys.fi\/historiayhdistys\/#\/schema\/person\/19de7db68bf72dfd2b5d7f6dfbf8454d","name":"RSHY","image":{"@type":"ImageObject","inLanguage":"fi","@id":"https:\/\/secure.gravatar.com\/avatar\/598d59263a69cc8de65fcb4f9db78d6f58c098cb0e0ba22d73377441af9fa04c?s=96&d=blank&r=g","url":"https:\/\/secure.gravatar.com\/avatar\/598d59263a69cc8de65fcb4f9db78d6f58c098cb0e0ba22d73377441af9fa04c?s=96&d=blank&r=g","contentUrl":"https:\/\/secure.gravatar.com\/avatar\/598d59263a69cc8de65fcb4f9db78d6f58c098cb0e0ba22d73377441af9fa04c?s=96&d=blank&r=g","caption":"RSHY"},"url":"http:\/\/www.rukajarvensuunnanhistoriayhdistys.fi\/historiayhdistys\/author\/rshy\/"}]}},"_links":{"self":[{"href":"http:\/\/www.rukajarvensuunnanhistoriayhdistys.fi\/historiayhdistys\/wp-json\/wp\/v2\/posts\/10725","targetHints":{"allow":["GET"]}}],"collection":[{"href":"http:\/\/www.rukajarvensuunnanhistoriayhdistys.fi\/historiayhdistys\/wp-json\/wp\/v2\/posts"}],"about":[{"href":"http:\/\/www.rukajarvensuunnanhistoriayhdistys.fi\/historiayhdistys\/wp-json\/wp\/v2\/types\/post"}],"author":[{"embeddable":true,"href":"http:\/\/www.rukajarvensuunnanhistoriayhdistys.fi\/historiayhdistys\/wp-json\/wp\/v2\/users\/3"}],"replies":[{"embeddable":true,"href":"http:\/\/www.rukajarvensuunnanhistoriayhdistys.fi\/historiayhdistys\/wp-json\/wp\/v2\/comments?post=10725"}],"version-history":[{"count":3,"href":"http:\/\/www.rukajarvensuunnanhistoriayhdistys.fi\/historiayhdistys\/wp-json\/wp\/v2\/posts\/10725\/revisions"}],"predecessor-version":[{"id":10729,"href":"http:\/\/www.rukajarvensuunnanhistoriayhdistys.fi\/historiayhdistys\/wp-json\/wp\/v2\/posts\/10725\/revisions\/10729"}],"wp:featuredmedia":[{"embeddable":true,"href":"http:\/\/www.rukajarvensuunnanhistoriayhdistys.fi\/historiayhdistys\/wp-json\/wp\/v2\/media\/10717"}],"wp:attachment":[{"href":"http:\/\/www.rukajarvensuunnanhistoriayhdistys.fi\/historiayhdistys\/wp-json\/wp\/v2\/media?parent=10725"}],"wp:term":[{"taxonomy":"category","embeddable":true,"href":"http:\/\/www.rukajarvensuunnanhistoriayhdistys.fi\/historiayhdistys\/wp-json\/wp\/v2\/categories?post=10725"},{"taxonomy":"post_tag","embeddable":true,"href":"http:\/\/www.rukajarvensuunnanhistoriayhdistys.fi\/historiayhdistys\/wp-json\/wp\/v2\/tags?post=10725"}],"curies":[{"name":"wp","href":"https:\/\/api.w.org\/{rel}","templated":true}]}}