{"id":10867,"date":"2016-11-02T20:20:07","date_gmt":"2016-11-02T18:20:07","guid":{"rendered":"http:\/\/www.rukajarvensuunnanhistoriayhdistys.fi\/historiayhdistys\/?p=10867"},"modified":"2017-02-20T19:00:06","modified_gmt":"2017-02-20T17:00:06","slug":"antti-haapalaisen-reijo-pulkkisen-kolmas-matkakertomus-rukajarven-kenttavartioista","status":"publish","type":"post","link":"http:\/\/www.rukajarvensuunnanhistoriayhdistys.fi\/historiayhdistys\/antti-haapalaisen-reijo-pulkkisen-kolmas-matkakertomus-rukajarven-kenttavartioista\/","title":{"rendered":"Antti Haapalaisen ja Reijo Pulkkisen kolmas matkakertomus Rukaj\u00e4rven kentt\u00e4vartioista"},"content":{"rendered":"<div class=\"fcbkbttn_buttons_block\" id=\"fcbkbttn_left\"><div class=\"fcbkbttn_like \"><fb:like href=\"http:\/\/www.rukajarvensuunnanhistoriayhdistys.fi\/historiayhdistys\/antti-haapalaisen-reijo-pulkkisen-kolmas-matkakertomus-rukajarven-kenttavartioista\/\" action=\"like\" colorscheme=\"light\" layout=\"button_count\"  size=\"small\"><\/fb:like><\/div><\/div><p>Antti Haapalainen ja Reijo Pulkkinen kartoittivat Vilkoj\u00e4rven lohkon pohjoisosan elokuussa 2016 py\u00f6r\u00e4illen ja patikoiden sek\u00e4 etel\u00e4osan toukokuussa 2015 moottoriveneell\u00e4 ja patikoiden. Kertomus selvitt\u00e4\u00e4 lohkon sodanaikaisen historian sek\u00e4 kertoo milt\u00e4 siell\u00e4 nykyisin n\u00e4ytt\u00e4\u00e4.<\/p>\n<figure id=\"attachment_10868\" aria-describedby=\"caption-attachment-10868\" style=\"width: 5567px\" class=\"wp-caption aligncenter\"><a href=\"http:\/\/www.rukajarvensuunnanhistoriayhdistys.fi\/historiayhdistys\/wp-content\/uploads\/2016\/11\/Antti-ja-majavan-pato-2.jpg\"><img loading=\"lazy\" decoding=\"async\" class=\"size-full wp-image-10868\" src=\"http:\/\/www.rukajarvensuunnanhistoriayhdistys.fi\/historiayhdistys\/wp-content\/uploads\/2016\/11\/Antti-ja-majavan-pato-2.jpg\" alt=\"Eteenp\u00e4in on p\u00e4\u00e4st\u00e4v\u00e4, vaikka majavat ovat rakentaneet kulkuesteen. Antti Haapalainen ylitt\u00e4\u00e4. Kuva Reijo Pulkkinen.\" width=\"5567\" height=\"3247\" data-id=\"10868\" srcset=\"http:\/\/www.rukajarvensuunnanhistoriayhdistys.fi\/historiayhdistys\/wp-content\/uploads\/2016\/11\/Antti-ja-majavan-pato-2.jpg 5567w, http:\/\/www.rukajarvensuunnanhistoriayhdistys.fi\/historiayhdistys\/wp-content\/uploads\/2016\/11\/Antti-ja-majavan-pato-2-300x175.jpg 300w, http:\/\/www.rukajarvensuunnanhistoriayhdistys.fi\/historiayhdistys\/wp-content\/uploads\/2016\/11\/Antti-ja-majavan-pato-2-768x448.jpg 768w, http:\/\/www.rukajarvensuunnanhistoriayhdistys.fi\/historiayhdistys\/wp-content\/uploads\/2016\/11\/Antti-ja-majavan-pato-2-1024x597.jpg 1024w\" sizes=\"auto, (max-width: 5567px) 100vw, 5567px\" \/><\/a><figcaption id=\"caption-attachment-10868\" class=\"wp-caption-text\">Eteenp\u00e4in on p\u00e4\u00e4st\u00e4v\u00e4, vaikka majavat ovat rakentaneet kulkuesteen. Antti Haapalainen ylitt\u00e4\u00e4. N\u00e4ill\u00e4 retkill\u00e4\u00a0varusteitten on oltava kunnossa. Kuva Reijo Pulkkinen.<\/figcaption><\/figure>\n<p>Lue matkakertomus, 53 sivun PDF-tiedosto <a href=\"http:\/\/www.rukajarvensuunnanhistoriayhdistys.fi\/historiayhdistys\/wp-content\/uploads\/2016\/11\/Matkakertomus-Vilkoj.-lohko.pdf\">T\u00c4\u00c4LT\u00c4<\/a>.<\/p>\n<p><strong>Aikaisemmat matkakertomukset:<\/strong><\/p>\n<p>1) Matkakertomus \u2013 tutustuminen kentt\u00e4vartio \u201dAlkoon\u201d <a href=\"http:\/\/www.rukajarvensuunnanhistoriayhdistys.fi\/historiayhdistys\/matkakertomus-tutustuminen-kenttavartio-alkoon\/\">T\u00c4\u00c4LT\u00c4<\/a>:<\/p>\n<p>2) Ontaj\u00e4rven l\u00e4nsirannan kentt\u00e4vartiot &#8211; Antti Haapalaisen ja Reijo Pulkkisen matkakertomus 13.5.2016\u00a0<a href=\"http:\/\/www.rukajarvensuunnanhistoriayhdistys.fi\/historiayhdistys\/ontajarven-lansirannan-kenttavartiot\/\">T\u00c4\u00c4LT\u00c4<\/a>.<\/p>\n<p>Esit\u00e4mme parhaat kiitoksemme uutteruudesta.<\/p>\n<p><strong>\u00a0<\/strong><\/p>\n","protected":false},"excerpt":{"rendered":"<p>Antti Haapalainen ja Reijo Pulkkinen kartoittivat Vilkoj\u00e4rven lohkon pohjoisosan elokuussa 2016 py\u00f6r\u00e4illen ja patikoiden sek\u00e4 etel\u00e4osan toukokuussa 2015 moottoriveneell\u00e4 ja patikoiden. Kertomus selvitt\u00e4\u00e4 lohkon sodanaikaisen historian sek\u00e4 kertoo milt\u00e4 siell\u00e4 <a class=\"more-link\" href=\"http:\/\/www.rukajarvensuunnanhistoriayhdistys.fi\/historiayhdistys\/antti-haapalaisen-reijo-pulkkisen-kolmas-matkakertomus-rukajarven-kenttavartioista\/\">Teksti jatkuu&#8230;<span class=\"screen-reader-text\">Antti Haapalaisen ja Reijo Pulkkisen kolmas matkakertomus Rukaj\u00e4rven kentt\u00e4vartioista<\/span><span class=\"meta-nav\">\u2192<\/span><\/a><\/p>\n","protected":false},"author":3,"featured_media":10868,"comment_status":"closed","ping_status":"open","sticky":false,"template":"","format":"standard","meta":{"footnotes":""},"categories":[22,43,21,17],"tags":[],"class_list":["post-10867","post","type-post","status-publish","format-standard","has-post-thumbnail","hentry","category-ajankohtaista","category-kenttavartiotutkimus","category-rukajarvi-keskus","category-toiminta"],"yoast_head":"<!-- This site is optimized with the Yoast SEO plugin v27.4 - https:\/\/yoast.com\/product\/yoast-seo-wordpress\/ -->\n<title>Antti Haapalaisen ja Reijo Pulkkisen kolmas matkakertomus Rukaj\u00e4rven kentt\u00e4vartioista - Rukaj\u00e4rven suunnan historiayhdistys<\/title>\n<meta name=\"robots\" content=\"index, follow, max-snippet:-1, max-image-preview:large, max-video-preview:-1\" \/>\n<link rel=\"canonical\" href=\"http:\/\/www.rukajarvensuunnanhistoriayhdistys.fi\/historiayhdistys\/antti-haapalaisen-reijo-pulkkisen-kolmas-matkakertomus-rukajarven-kenttavartioista\/\" \/>\n<meta property=\"og:locale\" content=\"fi_FI\" \/>\n<meta property=\"og:type\" content=\"article\" \/>\n<meta property=\"og:title\" content=\"Antti Haapalaisen ja Reijo Pulkkisen kolmas matkakertomus Rukaj\u00e4rven kentt\u00e4vartioista - Rukaj\u00e4rven suunnan historiayhdistys\" \/>\n<meta property=\"og:description\" content=\"Antti Haapalainen ja Reijo Pulkkinen kartoittivat Vilkoj\u00e4rven lohkon pohjoisosan elokuussa 2016 py\u00f6r\u00e4illen ja patikoiden sek\u00e4 etel\u00e4osan toukokuussa 2015 moottoriveneell\u00e4 ja patikoiden. Kertomus selvitt\u00e4\u00e4 lohkon sodanaikaisen historian sek\u00e4 kertoo milt\u00e4 siell\u00e4 Teksti jatkuu...Antti Haapalaisen ja Reijo Pulkkisen kolmas matkakertomus Rukaj\u00e4rven kentt\u00e4vartioista\u2192\" \/>\n<meta property=\"og:url\" content=\"http:\/\/www.rukajarvensuunnanhistoriayhdistys.fi\/historiayhdistys\/antti-haapalaisen-reijo-pulkkisen-kolmas-matkakertomus-rukajarven-kenttavartioista\/\" \/>\n<meta property=\"og:site_name\" content=\"Rukaj\u00e4rven suunnan historiayhdistys\" \/>\n<meta property=\"article:published_time\" content=\"2016-11-02T18:20:07+00:00\" \/>\n<meta property=\"article:modified_time\" content=\"2017-02-20T17:00:06+00:00\" \/>\n<meta property=\"og:image\" content=\"http:\/\/www.rukajarvensuunnanhistoriayhdistys.fi\/historiayhdistys\/wp-content\/uploads\/2016\/11\/Antti-ja-majavan-pato-2-1024x597.jpg\" \/>\n\t<meta property=\"og:image:width\" content=\"1024\" \/>\n\t<meta property=\"og:image:height\" content=\"597\" \/>\n\t<meta property=\"og:image:type\" content=\"image\/jpeg\" \/>\n<meta name=\"author\" content=\"RSHY\" \/>\n<meta name=\"twitter:label1\" content=\"Kirjoittanut\" \/>\n\t<meta name=\"twitter:data1\" content=\"RSHY\" \/>\n\t<meta name=\"twitter:label2\" content=\"Arvioitu lukuaika\" \/>\n\t<meta name=\"twitter:data2\" content=\"1 minuutti\" \/>\n<script type=\"application\/ld+json\" class=\"yoast-schema-graph\">{\"@context\":\"https:\\\/\\\/schema.org\",\"@graph\":[{\"@type\":\"Article\",\"@id\":\"http:\\\/\\\/www.rukajarvensuunnanhistoriayhdistys.fi\\\/historiayhdistys\\\/antti-haapalaisen-reijo-pulkkisen-kolmas-matkakertomus-rukajarven-kenttavartioista\\\/#article\",\"isPartOf\":{\"@id\":\"http:\\\/\\\/www.rukajarvensuunnanhistoriayhdistys.fi\\\/historiayhdistys\\\/antti-haapalaisen-reijo-pulkkisen-kolmas-matkakertomus-rukajarven-kenttavartioista\\\/\"},\"author\":{\"name\":\"RSHY\",\"@id\":\"http:\\\/\\\/www.rukajarvensuunnanhistoriayhdistys.fi\\\/historiayhdistys\\\/#\\\/schema\\\/person\\\/19de7db68bf72dfd2b5d7f6dfbf8454d\"},\"headline\":\"Antti Haapalaisen ja Reijo Pulkkisen kolmas matkakertomus Rukaj\u00e4rven kentt\u00e4vartioista\",\"datePublished\":\"2016-11-02T18:20:07+00:00\",\"dateModified\":\"2017-02-20T17:00:06+00:00\",\"mainEntityOfPage\":{\"@id\":\"http:\\\/\\\/www.rukajarvensuunnanhistoriayhdistys.fi\\\/historiayhdistys\\\/antti-haapalaisen-reijo-pulkkisen-kolmas-matkakertomus-rukajarven-kenttavartioista\\\/\"},\"wordCount\":112,\"publisher\":{\"@id\":\"http:\\\/\\\/www.rukajarvensuunnanhistoriayhdistys.fi\\\/historiayhdistys\\\/#organization\"},\"image\":{\"@id\":\"http:\\\/\\\/www.rukajarvensuunnanhistoriayhdistys.fi\\\/historiayhdistys\\\/antti-haapalaisen-reijo-pulkkisen-kolmas-matkakertomus-rukajarven-kenttavartioista\\\/#primaryimage\"},\"thumbnailUrl\":\"http:\\\/\\\/www.rukajarvensuunnanhistoriayhdistys.fi\\\/historiayhdistys\\\/wp-content\\\/uploads\\\/2016\\\/11\\\/Antti-ja-majavan-pato-2.jpg\",\"articleSection\":[\"Ajankohtaista\",\"kentt\u00e4vartiotutkimus\",\"Rukaj\u00e4rvi-keskus\",\"Toiminta\"],\"inLanguage\":\"fi\"},{\"@type\":\"WebPage\",\"@id\":\"http:\\\/\\\/www.rukajarvensuunnanhistoriayhdistys.fi\\\/historiayhdistys\\\/antti-haapalaisen-reijo-pulkkisen-kolmas-matkakertomus-rukajarven-kenttavartioista\\\/\",\"url\":\"http:\\\/\\\/www.rukajarvensuunnanhistoriayhdistys.fi\\\/historiayhdistys\\\/antti-haapalaisen-reijo-pulkkisen-kolmas-matkakertomus-rukajarven-kenttavartioista\\\/\",\"name\":\"Antti Haapalaisen ja Reijo Pulkkisen kolmas matkakertomus Rukaj\u00e4rven kentt\u00e4vartioista - Rukaj\u00e4rven suunnan historiayhdistys\",\"isPartOf\":{\"@id\":\"http:\\\/\\\/www.rukajarvensuunnanhistoriayhdistys.fi\\\/historiayhdistys\\\/#website\"},\"primaryImageOfPage\":{\"@id\":\"http:\\\/\\\/www.rukajarvensuunnanhistoriayhdistys.fi\\\/historiayhdistys\\\/antti-haapalaisen-reijo-pulkkisen-kolmas-matkakertomus-rukajarven-kenttavartioista\\\/#primaryimage\"},\"image\":{\"@id\":\"http:\\\/\\\/www.rukajarvensuunnanhistoriayhdistys.fi\\\/historiayhdistys\\\/antti-haapalaisen-reijo-pulkkisen-kolmas-matkakertomus-rukajarven-kenttavartioista\\\/#primaryimage\"},\"thumbnailUrl\":\"http:\\\/\\\/www.rukajarvensuunnanhistoriayhdistys.fi\\\/historiayhdistys\\\/wp-content\\\/uploads\\\/2016\\\/11\\\/Antti-ja-majavan-pato-2.jpg\",\"datePublished\":\"2016-11-02T18:20:07+00:00\",\"dateModified\":\"2017-02-20T17:00:06+00:00\",\"breadcrumb\":{\"@id\":\"http:\\\/\\\/www.rukajarvensuunnanhistoriayhdistys.fi\\\/historiayhdistys\\\/antti-haapalaisen-reijo-pulkkisen-kolmas-matkakertomus-rukajarven-kenttavartioista\\\/#breadcrumb\"},\"inLanguage\":\"fi\",\"potentialAction\":[{\"@type\":\"ReadAction\",\"target\":[\"http:\\\/\\\/www.rukajarvensuunnanhistoriayhdistys.fi\\\/historiayhdistys\\\/antti-haapalaisen-reijo-pulkkisen-kolmas-matkakertomus-rukajarven-kenttavartioista\\\/\"]}]},{\"@type\":\"ImageObject\",\"inLanguage\":\"fi\",\"@id\":\"http:\\\/\\\/www.rukajarvensuunnanhistoriayhdistys.fi\\\/historiayhdistys\\\/antti-haapalaisen-reijo-pulkkisen-kolmas-matkakertomus-rukajarven-kenttavartioista\\\/#primaryimage\",\"url\":\"http:\\\/\\\/www.rukajarvensuunnanhistoriayhdistys.fi\\\/historiayhdistys\\\/wp-content\\\/uploads\\\/2016\\\/11\\\/Antti-ja-majavan-pato-2.jpg\",\"contentUrl\":\"http:\\\/\\\/www.rukajarvensuunnanhistoriayhdistys.fi\\\/historiayhdistys\\\/wp-content\\\/uploads\\\/2016\\\/11\\\/Antti-ja-majavan-pato-2.jpg\",\"width\":5567,\"height\":3247,\"caption\":\"Eteenp\u00e4in on p\u00e4\u00e4st\u00e4v\u00e4, vaikka majavat ovat rakentaneet kulkuesteen. Antti Haapalainen ylitt\u00e4\u00e4. Kuva Reijo Pulkkinen.\"},{\"@type\":\"BreadcrumbList\",\"@id\":\"http:\\\/\\\/www.rukajarvensuunnanhistoriayhdistys.fi\\\/historiayhdistys\\\/antti-haapalaisen-reijo-pulkkisen-kolmas-matkakertomus-rukajarven-kenttavartioista\\\/#breadcrumb\",\"itemListElement\":[{\"@type\":\"ListItem\",\"position\":1,\"name\":\"Etusivu\",\"item\":\"http:\\\/\\\/www.rukajarvensuunnanhistoriayhdistys.fi\\\/historiayhdistys\\\/\"},{\"@type\":\"ListItem\",\"position\":2,\"name\":\"Antti Haapalaisen ja Reijo Pulkkisen kolmas matkakertomus Rukaj\u00e4rven kentt\u00e4vartioista\"}]},{\"@type\":\"WebSite\",\"@id\":\"http:\\\/\\\/www.rukajarvensuunnanhistoriayhdistys.fi\\\/historiayhdistys\\\/#website\",\"url\":\"http:\\\/\\\/www.rukajarvensuunnanhistoriayhdistys.fi\\\/historiayhdistys\\\/\",\"name\":\"Rukaj\u00e4rven suunnan historiayhdistys\",\"description\":\"Rukaj\u00e4rven suunnan historiayhdistyksen verkkosivut.\",\"publisher\":{\"@id\":\"http:\\\/\\\/www.rukajarvensuunnanhistoriayhdistys.fi\\\/historiayhdistys\\\/#organization\"},\"potentialAction\":[{\"@type\":\"SearchAction\",\"target\":{\"@type\":\"EntryPoint\",\"urlTemplate\":\"http:\\\/\\\/www.rukajarvensuunnanhistoriayhdistys.fi\\\/historiayhdistys\\\/?s={search_term_string}\"},\"query-input\":{\"@type\":\"PropertyValueSpecification\",\"valueRequired\":true,\"valueName\":\"search_term_string\"}}],\"inLanguage\":\"fi\"},{\"@type\":\"Organization\",\"@id\":\"http:\\\/\\\/www.rukajarvensuunnanhistoriayhdistys.fi\\\/historiayhdistys\\\/#organization\",\"name\":\"Rukaj\u00e4rven suunnan historiayhdistys\",\"url\":\"http:\\\/\\\/www.rukajarvensuunnanhistoriayhdistys.fi\\\/historiayhdistys\\\/\",\"logo\":{\"@type\":\"ImageObject\",\"inLanguage\":\"fi\",\"@id\":\"http:\\\/\\\/www.rukajarvensuunnanhistoriayhdistys.fi\\\/historiayhdistys\\\/#\\\/schema\\\/logo\\\/image\\\/\",\"url\":\"http:\\\/\\\/www.rukajarvensuunnanhistoriayhdistys.fi\\\/historiayhdistys\\\/wp-content\\\/uploads\\\/2013\\\/12\\\/Otsake_3.jpg\",\"contentUrl\":\"http:\\\/\\\/www.rukajarvensuunnanhistoriayhdistys.fi\\\/historiayhdistys\\\/wp-content\\\/uploads\\\/2013\\\/12\\\/Otsake_3.jpg\",\"width\":1000,\"height\":442,\"caption\":\"Rukaj\u00e4rven suunnan historiayhdistys\"},\"image\":{\"@id\":\"http:\\\/\\\/www.rukajarvensuunnanhistoriayhdistys.fi\\\/historiayhdistys\\\/#\\\/schema\\\/logo\\\/image\\\/\"}},{\"@type\":\"Person\",\"@id\":\"http:\\\/\\\/www.rukajarvensuunnanhistoriayhdistys.fi\\\/historiayhdistys\\\/#\\\/schema\\\/person\\\/19de7db68bf72dfd2b5d7f6dfbf8454d\",\"name\":\"RSHY\",\"image\":{\"@type\":\"ImageObject\",\"inLanguage\":\"fi\",\"@id\":\"https:\\\/\\\/secure.gravatar.com\\\/avatar\\\/598d59263a69cc8de65fcb4f9db78d6f58c098cb0e0ba22d73377441af9fa04c?s=96&d=blank&r=g\",\"url\":\"https:\\\/\\\/secure.gravatar.com\\\/avatar\\\/598d59263a69cc8de65fcb4f9db78d6f58c098cb0e0ba22d73377441af9fa04c?s=96&d=blank&r=g\",\"contentUrl\":\"https:\\\/\\\/secure.gravatar.com\\\/avatar\\\/598d59263a69cc8de65fcb4f9db78d6f58c098cb0e0ba22d73377441af9fa04c?s=96&d=blank&r=g\",\"caption\":\"RSHY\"},\"url\":\"http:\\\/\\\/www.rukajarvensuunnanhistoriayhdistys.fi\\\/historiayhdistys\\\/author\\\/rshy\\\/\"}]}<\/script>\n<!-- \/ Yoast SEO plugin. -->","yoast_head_json":{"title":"Antti Haapalaisen ja Reijo Pulkkisen kolmas matkakertomus Rukaj\u00e4rven kentt\u00e4vartioista - Rukaj\u00e4rven suunnan historiayhdistys","robots":{"index":"index","follow":"follow","max-snippet":"max-snippet:-1","max-image-preview":"max-image-preview:large","max-video-preview":"max-video-preview:-1"},"canonical":"http:\/\/www.rukajarvensuunnanhistoriayhdistys.fi\/historiayhdistys\/antti-haapalaisen-reijo-pulkkisen-kolmas-matkakertomus-rukajarven-kenttavartioista\/","og_locale":"fi_FI","og_type":"article","og_title":"Antti Haapalaisen ja Reijo Pulkkisen kolmas matkakertomus Rukaj\u00e4rven kentt\u00e4vartioista - Rukaj\u00e4rven suunnan historiayhdistys","og_description":"Antti Haapalainen ja Reijo Pulkkinen kartoittivat Vilkoj\u00e4rven lohkon pohjoisosan elokuussa 2016 py\u00f6r\u00e4illen ja patikoiden sek\u00e4 etel\u00e4osan toukokuussa 2015 moottoriveneell\u00e4 ja patikoiden. Kertomus selvitt\u00e4\u00e4 lohkon sodanaikaisen historian sek\u00e4 kertoo milt\u00e4 siell\u00e4 Teksti jatkuu...Antti Haapalaisen ja Reijo Pulkkisen kolmas matkakertomus Rukaj\u00e4rven kentt\u00e4vartioista\u2192","og_url":"http:\/\/www.rukajarvensuunnanhistoriayhdistys.fi\/historiayhdistys\/antti-haapalaisen-reijo-pulkkisen-kolmas-matkakertomus-rukajarven-kenttavartioista\/","og_site_name":"Rukaj\u00e4rven suunnan historiayhdistys","article_published_time":"2016-11-02T18:20:07+00:00","article_modified_time":"2017-02-20T17:00:06+00:00","og_image":[{"width":1024,"height":597,"url":"http:\/\/www.rukajarvensuunnanhistoriayhdistys.fi\/historiayhdistys\/wp-content\/uploads\/2016\/11\/Antti-ja-majavan-pato-2-1024x597.jpg","type":"image\/jpeg"}],"author":"RSHY","twitter_misc":{"Kirjoittanut":"RSHY","Arvioitu lukuaika":"1 minuutti"},"schema":{"@context":"https:\/\/schema.org","@graph":[{"@type":"Article","@id":"http:\/\/www.rukajarvensuunnanhistoriayhdistys.fi\/historiayhdistys\/antti-haapalaisen-reijo-pulkkisen-kolmas-matkakertomus-rukajarven-kenttavartioista\/#article","isPartOf":{"@id":"http:\/\/www.rukajarvensuunnanhistoriayhdistys.fi\/historiayhdistys\/antti-haapalaisen-reijo-pulkkisen-kolmas-matkakertomus-rukajarven-kenttavartioista\/"},"author":{"name":"RSHY","@id":"http:\/\/www.rukajarvensuunnanhistoriayhdistys.fi\/historiayhdistys\/#\/schema\/person\/19de7db68bf72dfd2b5d7f6dfbf8454d"},"headline":"Antti Haapalaisen ja Reijo Pulkkisen kolmas matkakertomus Rukaj\u00e4rven kentt\u00e4vartioista","datePublished":"2016-11-02T18:20:07+00:00","dateModified":"2017-02-20T17:00:06+00:00","mainEntityOfPage":{"@id":"http:\/\/www.rukajarvensuunnanhistoriayhdistys.fi\/historiayhdistys\/antti-haapalaisen-reijo-pulkkisen-kolmas-matkakertomus-rukajarven-kenttavartioista\/"},"wordCount":112,"publisher":{"@id":"http:\/\/www.rukajarvensuunnanhistoriayhdistys.fi\/historiayhdistys\/#organization"},"image":{"@id":"http:\/\/www.rukajarvensuunnanhistoriayhdistys.fi\/historiayhdistys\/antti-haapalaisen-reijo-pulkkisen-kolmas-matkakertomus-rukajarven-kenttavartioista\/#primaryimage"},"thumbnailUrl":"http:\/\/www.rukajarvensuunnanhistoriayhdistys.fi\/historiayhdistys\/wp-content\/uploads\/2016\/11\/Antti-ja-majavan-pato-2.jpg","articleSection":["Ajankohtaista","kentt\u00e4vartiotutkimus","Rukaj\u00e4rvi-keskus","Toiminta"],"inLanguage":"fi"},{"@type":"WebPage","@id":"http:\/\/www.rukajarvensuunnanhistoriayhdistys.fi\/historiayhdistys\/antti-haapalaisen-reijo-pulkkisen-kolmas-matkakertomus-rukajarven-kenttavartioista\/","url":"http:\/\/www.rukajarvensuunnanhistoriayhdistys.fi\/historiayhdistys\/antti-haapalaisen-reijo-pulkkisen-kolmas-matkakertomus-rukajarven-kenttavartioista\/","name":"Antti Haapalaisen ja Reijo Pulkkisen kolmas matkakertomus Rukaj\u00e4rven kentt\u00e4vartioista - Rukaj\u00e4rven suunnan historiayhdistys","isPartOf":{"@id":"http:\/\/www.rukajarvensuunnanhistoriayhdistys.fi\/historiayhdistys\/#website"},"primaryImageOfPage":{"@id":"http:\/\/www.rukajarvensuunnanhistoriayhdistys.fi\/historiayhdistys\/antti-haapalaisen-reijo-pulkkisen-kolmas-matkakertomus-rukajarven-kenttavartioista\/#primaryimage"},"image":{"@id":"http:\/\/www.rukajarvensuunnanhistoriayhdistys.fi\/historiayhdistys\/antti-haapalaisen-reijo-pulkkisen-kolmas-matkakertomus-rukajarven-kenttavartioista\/#primaryimage"},"thumbnailUrl":"http:\/\/www.rukajarvensuunnanhistoriayhdistys.fi\/historiayhdistys\/wp-content\/uploads\/2016\/11\/Antti-ja-majavan-pato-2.jpg","datePublished":"2016-11-02T18:20:07+00:00","dateModified":"2017-02-20T17:00:06+00:00","breadcrumb":{"@id":"http:\/\/www.rukajarvensuunnanhistoriayhdistys.fi\/historiayhdistys\/antti-haapalaisen-reijo-pulkkisen-kolmas-matkakertomus-rukajarven-kenttavartioista\/#breadcrumb"},"inLanguage":"fi","potentialAction":[{"@type":"ReadAction","target":["http:\/\/www.rukajarvensuunnanhistoriayhdistys.fi\/historiayhdistys\/antti-haapalaisen-reijo-pulkkisen-kolmas-matkakertomus-rukajarven-kenttavartioista\/"]}]},{"@type":"ImageObject","inLanguage":"fi","@id":"http:\/\/www.rukajarvensuunnanhistoriayhdistys.fi\/historiayhdistys\/antti-haapalaisen-reijo-pulkkisen-kolmas-matkakertomus-rukajarven-kenttavartioista\/#primaryimage","url":"http:\/\/www.rukajarvensuunnanhistoriayhdistys.fi\/historiayhdistys\/wp-content\/uploads\/2016\/11\/Antti-ja-majavan-pato-2.jpg","contentUrl":"http:\/\/www.rukajarvensuunnanhistoriayhdistys.fi\/historiayhdistys\/wp-content\/uploads\/2016\/11\/Antti-ja-majavan-pato-2.jpg","width":5567,"height":3247,"caption":"Eteenp\u00e4in on p\u00e4\u00e4st\u00e4v\u00e4, vaikka majavat ovat rakentaneet kulkuesteen. Antti Haapalainen ylitt\u00e4\u00e4. Kuva Reijo Pulkkinen."},{"@type":"BreadcrumbList","@id":"http:\/\/www.rukajarvensuunnanhistoriayhdistys.fi\/historiayhdistys\/antti-haapalaisen-reijo-pulkkisen-kolmas-matkakertomus-rukajarven-kenttavartioista\/#breadcrumb","itemListElement":[{"@type":"ListItem","position":1,"name":"Etusivu","item":"http:\/\/www.rukajarvensuunnanhistoriayhdistys.fi\/historiayhdistys\/"},{"@type":"ListItem","position":2,"name":"Antti Haapalaisen ja Reijo Pulkkisen kolmas matkakertomus Rukaj\u00e4rven kentt\u00e4vartioista"}]},{"@type":"WebSite","@id":"http:\/\/www.rukajarvensuunnanhistoriayhdistys.fi\/historiayhdistys\/#website","url":"http:\/\/www.rukajarvensuunnanhistoriayhdistys.fi\/historiayhdistys\/","name":"Rukaj\u00e4rven suunnan historiayhdistys","description":"Rukaj\u00e4rven suunnan historiayhdistyksen verkkosivut.","publisher":{"@id":"http:\/\/www.rukajarvensuunnanhistoriayhdistys.fi\/historiayhdistys\/#organization"},"potentialAction":[{"@type":"SearchAction","target":{"@type":"EntryPoint","urlTemplate":"http:\/\/www.rukajarvensuunnanhistoriayhdistys.fi\/historiayhdistys\/?s={search_term_string}"},"query-input":{"@type":"PropertyValueSpecification","valueRequired":true,"valueName":"search_term_string"}}],"inLanguage":"fi"},{"@type":"Organization","@id":"http:\/\/www.rukajarvensuunnanhistoriayhdistys.fi\/historiayhdistys\/#organization","name":"Rukaj\u00e4rven suunnan historiayhdistys","url":"http:\/\/www.rukajarvensuunnanhistoriayhdistys.fi\/historiayhdistys\/","logo":{"@type":"ImageObject","inLanguage":"fi","@id":"http:\/\/www.rukajarvensuunnanhistoriayhdistys.fi\/historiayhdistys\/#\/schema\/logo\/image\/","url":"http:\/\/www.rukajarvensuunnanhistoriayhdistys.fi\/historiayhdistys\/wp-content\/uploads\/2013\/12\/Otsake_3.jpg","contentUrl":"http:\/\/www.rukajarvensuunnanhistoriayhdistys.fi\/historiayhdistys\/wp-content\/uploads\/2013\/12\/Otsake_3.jpg","width":1000,"height":442,"caption":"Rukaj\u00e4rven suunnan historiayhdistys"},"image":{"@id":"http:\/\/www.rukajarvensuunnanhistoriayhdistys.fi\/historiayhdistys\/#\/schema\/logo\/image\/"}},{"@type":"Person","@id":"http:\/\/www.rukajarvensuunnanhistoriayhdistys.fi\/historiayhdistys\/#\/schema\/person\/19de7db68bf72dfd2b5d7f6dfbf8454d","name":"RSHY","image":{"@type":"ImageObject","inLanguage":"fi","@id":"https:\/\/secure.gravatar.com\/avatar\/598d59263a69cc8de65fcb4f9db78d6f58c098cb0e0ba22d73377441af9fa04c?s=96&d=blank&r=g","url":"https:\/\/secure.gravatar.com\/avatar\/598d59263a69cc8de65fcb4f9db78d6f58c098cb0e0ba22d73377441af9fa04c?s=96&d=blank&r=g","contentUrl":"https:\/\/secure.gravatar.com\/avatar\/598d59263a69cc8de65fcb4f9db78d6f58c098cb0e0ba22d73377441af9fa04c?s=96&d=blank&r=g","caption":"RSHY"},"url":"http:\/\/www.rukajarvensuunnanhistoriayhdistys.fi\/historiayhdistys\/author\/rshy\/"}]}},"_links":{"self":[{"href":"http:\/\/www.rukajarvensuunnanhistoriayhdistys.fi\/historiayhdistys\/wp-json\/wp\/v2\/posts\/10867","targetHints":{"allow":["GET"]}}],"collection":[{"href":"http:\/\/www.rukajarvensuunnanhistoriayhdistys.fi\/historiayhdistys\/wp-json\/wp\/v2\/posts"}],"about":[{"href":"http:\/\/www.rukajarvensuunnanhistoriayhdistys.fi\/historiayhdistys\/wp-json\/wp\/v2\/types\/post"}],"author":[{"embeddable":true,"href":"http:\/\/www.rukajarvensuunnanhistoriayhdistys.fi\/historiayhdistys\/wp-json\/wp\/v2\/users\/3"}],"replies":[{"embeddable":true,"href":"http:\/\/www.rukajarvensuunnanhistoriayhdistys.fi\/historiayhdistys\/wp-json\/wp\/v2\/comments?post=10867"}],"version-history":[{"count":3,"href":"http:\/\/www.rukajarvensuunnanhistoriayhdistys.fi\/historiayhdistys\/wp-json\/wp\/v2\/posts\/10867\/revisions"}],"predecessor-version":[{"id":10872,"href":"http:\/\/www.rukajarvensuunnanhistoriayhdistys.fi\/historiayhdistys\/wp-json\/wp\/v2\/posts\/10867\/revisions\/10872"}],"wp:featuredmedia":[{"embeddable":true,"href":"http:\/\/www.rukajarvensuunnanhistoriayhdistys.fi\/historiayhdistys\/wp-json\/wp\/v2\/media\/10868"}],"wp:attachment":[{"href":"http:\/\/www.rukajarvensuunnanhistoriayhdistys.fi\/historiayhdistys\/wp-json\/wp\/v2\/media?parent=10867"}],"wp:term":[{"taxonomy":"category","embeddable":true,"href":"http:\/\/www.rukajarvensuunnanhistoriayhdistys.fi\/historiayhdistys\/wp-json\/wp\/v2\/categories?post=10867"},{"taxonomy":"post_tag","embeddable":true,"href":"http:\/\/www.rukajarvensuunnanhistoriayhdistys.fi\/historiayhdistys\/wp-json\/wp\/v2\/tags?post=10867"}],"curies":[{"name":"wp","href":"https:\/\/api.w.org\/{rel}","templated":true}]}}