{"id":10889,"date":"2016-11-07T23:01:46","date_gmt":"2016-11-07T21:01:46","guid":{"rendered":"http:\/\/www.rukajarvensuunnanhistoriayhdistys.fi\/historiayhdistys\/?p=10889"},"modified":"2016-11-08T09:05:55","modified_gmt":"2016-11-08T07:05:55","slug":"pyhainpaivan-vierailu-pentti-perttulin-5-11-2016","status":"publish","type":"post","link":"http:\/\/www.rukajarvensuunnanhistoriayhdistys.fi\/historiayhdistys\/pyhainpaivan-vierailu-pentti-perttulin-5-11-2016\/","title":{"rendered":"Pyh\u00e4inp\u00e4iv\u00e4n vierailu Pentti Perttulin luona (5.11.2016)"},"content":{"rendered":"<div class=\"fcbkbttn_buttons_block\" id=\"fcbkbttn_left\"><div class=\"fcbkbttn_like \"><fb:like href=\"http:\/\/www.rukajarvensuunnanhistoriayhdistys.fi\/historiayhdistys\/pyhainpaivan-vierailu-pentti-perttulin-5-11-2016\/\" action=\"like\" colorscheme=\"light\" layout=\"button_count\"  size=\"small\"><\/fb:like><\/div><\/div><p>Ensilumi ja -pakkaset olivat saapuneet my\u00f6s Laitilaan, miss\u00e4 Pentti Perttuli viett\u00e4\u00e4 vanhuudenp\u00e4ivi\u00e4\u00e4n. Hoitokodin nimi on Onnela. Se on nimens\u00e4 mukaisesti kodikas paikka sotiemme veteraaneille. Kohtelu on arvokasta, hoitajan kosketus, kesken kiireidenkin viipyy veteraanin harteilla tuoden l\u00e4mp\u00f6\u00e4. Ihmisill\u00e4 on silmiinpist\u00e4v\u00e4n l\u00e4heiset v\u00e4lit.<\/p>\n<figure id=\"attachment_10479\" aria-describedby=\"caption-attachment-10479\" style=\"width: 2597px\" class=\"wp-caption aligncenter\"><a href=\"http:\/\/www.rukajarvensuunnanhistoriayhdistys.fi\/historiayhdistys\/wp-content\/uploads\/2016\/03\/A-POP-100-vuotta-Pentti-Perttuli-13-3-2016.jpg\"><img loading=\"lazy\" decoding=\"async\" class=\"wp-image-10479 size-full\" src=\"http:\/\/www.rukajarvensuunnanhistoriayhdistys.fi\/historiayhdistys\/wp-content\/uploads\/2016\/03\/A-POP-100-vuotta-Pentti-Perttuli-13-3-2016.jpg\" alt=\"Pentti Perttuli 100 vuotta 13.3.2016.\" width=\"2597\" height=\"3210\" data-id=\"10479\" srcset=\"http:\/\/www.rukajarvensuunnanhistoriayhdistys.fi\/historiayhdistys\/wp-content\/uploads\/2016\/03\/A-POP-100-vuotta-Pentti-Perttuli-13-3-2016.jpg 2597w, http:\/\/www.rukajarvensuunnanhistoriayhdistys.fi\/historiayhdistys\/wp-content\/uploads\/2016\/03\/A-POP-100-vuotta-Pentti-Perttuli-13-3-2016-243x300.jpg 243w, http:\/\/www.rukajarvensuunnanhistoriayhdistys.fi\/historiayhdistys\/wp-content\/uploads\/2016\/03\/A-POP-100-vuotta-Pentti-Perttuli-13-3-2016-768x949.jpg 768w, http:\/\/www.rukajarvensuunnanhistoriayhdistys.fi\/historiayhdistys\/wp-content\/uploads\/2016\/03\/A-POP-100-vuotta-Pentti-Perttuli-13-3-2016-828x1024.jpg 828w\" sizes=\"auto, (max-width: 2597px) 100vw, 2597px\" \/><\/a><figcaption id=\"caption-attachment-10479\" class=\"wp-caption-text\">Pentti Perttuli 100 vuotta 13.3.2016.<\/figcaption><\/figure>\n<p>Yhdistyksemme perustajaj\u00e4sent\u00e4 haluttiin informoida henkil\u00f6kohtaisesti yhdistyksen suunnitteilla olevista tapahtumista. Pentti Perttulille kerrottiin tervehdysk\u00e4ynnin yhteydess\u00e4, ett\u00e4 tuleva vuosi on Itsen\u00e4isyytemme 100-vuotisjuhlavuosi, mink\u00e4 johdosta halutaan juuri tuona vuonna j\u00e4rjest\u00e4\u00e4 monia tapahtumia. Kaikki tulevan juhlavuoden tilaisuudet kertovat tapahtumista, mitk\u00e4 ovat merkinneet paljon Perttulille sotavuosina ja my\u00f6s sotien j\u00e4lkeen.<\/p>\n<p>Vierailun aikana k\u00e4ytiin l\u00e4pi Pentti Perttulin kanssa l\u00e4pi my\u00f6s Rukaj\u00e4rven suunnan historiikkitoimikunnan asioita, joista merkitt\u00e4vin on \u00e4\u00e4ninauha-aineiston digitointi. Perttulille kerrottiin, ett\u00e4 Rukaj\u00e4rven suunnan historiayhdistyksen j\u00e4sen Juhani Alakangas on halukas digitoimaan \u00e4\u00e4ninauhat, jotka Rukaj\u00e4rven suunnan historiikkitoimikunta vuosina 1987 &#8211; 1993 kokosi.<\/p>\n<p><a href=\"http:\/\/www.rukajarvensuunnanhistoriayhdistys.fi\/historiayhdistys\/wp-content\/uploads\/2016\/11\/001.jpg\"><img loading=\"lazy\" decoding=\"async\" class=\"aligncenter wp-image-10890 size-full\" src=\"http:\/\/www.rukajarvensuunnanhistoriayhdistys.fi\/historiayhdistys\/wp-content\/uploads\/2016\/11\/001.jpg\" alt=\"001\" width=\"2256\" height=\"1406\" data-id=\"10890\" srcset=\"http:\/\/www.rukajarvensuunnanhistoriayhdistys.fi\/historiayhdistys\/wp-content\/uploads\/2016\/11\/001.jpg 2256w, http:\/\/www.rukajarvensuunnanhistoriayhdistys.fi\/historiayhdistys\/wp-content\/uploads\/2016\/11\/001-300x187.jpg 300w, http:\/\/www.rukajarvensuunnanhistoriayhdistys.fi\/historiayhdistys\/wp-content\/uploads\/2016\/11\/001-768x479.jpg 768w, http:\/\/www.rukajarvensuunnanhistoriayhdistys.fi\/historiayhdistys\/wp-content\/uploads\/2016\/11\/001-1024x638.jpg 1024w\" sizes=\"auto, (max-width: 2256px) 100vw, 2256px\" \/><\/a><\/p>\n<p>Tapaamisessa Pentti Perttulille luovutettiin yhdistyksemme toimesta digitoidut Raappanan ritari &#8211; teos ja Pentti Perttulin 24 aseveljen muistelmat. T\u00e4t\u00e4 \u00e4\u00e4niteaineistoa t\u00e4ss\u00e4 yhteydess\u00e4 kertyi per\u00e4ti 36,5 Gt:a. Raappanan ritari-digiaineisto on kokonaisuudessaan 13,7 Gt:a ja se on tallennettu 20:lle levykkeelle. Pelk\u00e4st\u00e4\u00e4n Pentti Perttulin \u00e4\u00e4nitteit\u00e4 on yli 17 tunnin verran.<\/p>\n<p>Rappanan ritari-\u00e4\u00e4nitteet (ISBN 978-952-67950-4-1) on luovutettu Pentti Perttulin lis\u00e4ksi my\u00f6s Kansallliskirjaston audiovisuaaliseen arkistoon sek\u00e4 my\u00f6s SKS:lle, jossa l\u00e4hes koko muu historiikkitoimikunnan vuosina 1987-1993 ker\u00e4\u00e4m\u00e4 aineisto on.<\/p>\n<p>Pentti Perttulille kerrottiin t\u00e4m\u00e4n Pyh\u00e4inp\u00e4iv\u00e4n\u00e4 suoritetun tervehdysk\u00e4ynnin yhteydess\u00e4, ett\u00e4 Rukaj\u00e4rven suunnan historiayhdistys tulee j\u00e4rjest\u00e4m\u00e4\u00e4n vuonna 2017 ainakin seuraavat tilaisuudet:<\/p>\n<p><strong>&#8221;Is\u00e4ni sotakirjeenvaihtaja Muurmannin radalla 1942&#8221;, Raine Narva. <\/strong>\u00a0Iisalmen Rukaj\u00e4rvi-keskus, 14.1.2017 klo 18.00-20.00.<\/p>\n<p><strong>Perttuli Pentti &#8211; Perttulin Jotos seminaari<\/strong>. Iisalmen Rukaj\u00e4rvi-keskus, 12.3.2017 klo 12.00 &#8211; 14.00,<\/p>\n<p><strong>Lieksan Rukaj\u00e4rvi-keskus <\/strong> 1.6.2017 klo 11.00-14.00. &#8211;<strong> Lieksan Rukaj\u00e4rvi-keskuksen uudistettujen n\u00e4yttelyitten avaaminen. &#8211; Sodanaikaisen toimivan radioaseman avaaminen, esittely ja\u00a0VP 30 joukko-osaston historiateoksen esittely ja julkistaminen. <\/strong>&#8211; <strong>Rukaj\u00e4rven suunnan Jatkosodan tappiot<\/strong> ja kaatuneet, Hannu Kauppinen ja Ossi Laine<\/p>\n<p>Tilaisuuden j\u00e4lkeen opastettu tutustuminen Rukaj\u00e4rven tielle vuoden 1962 mallisella linja-autolla.<\/p>\n<p><strong>Kenraalimajuri E.J. Raappanan muistoseminaari 2.6.2017. <\/strong>&#8211; Seppeleen lasku E.J. Raappanan haudalla Joensuussa klo 9.00. Seminaariesitelm\u00e4t\u00a0 Lieksan Rukaj\u00e4rvi-keskuksessa klo 12.00 &#8211; 14.00.<\/p>\n<p>Tilaisuuden j\u00e4lkeen opastettu tutustuminen Rukaj\u00e4rven tielle vuoden 1962 mallisella linja-autolla.<\/p>\n<p><strong>&#8221;Is\u00e4ni sotakirjeenvaihtaja Muurmannin radalla 1942&#8221;, Raine Narva. <\/strong>&#8211; Lieksan Rukaj\u00e4rvi-keskus 22.7.2017 klo 12.00-14.00.<\/p>\n<p><strong>Kenraaliluutnantti Ermei Kannisen muistoseminaari. <\/strong>Helsingin Suomalainen Klubi, 21.10.2017 alkaen klo 15.00.<\/p>\n","protected":false},"excerpt":{"rendered":"<p>Ensilumi ja -pakkaset olivat saapuneet my\u00f6s Laitilaan, miss\u00e4 Pentti Perttuli viett\u00e4\u00e4 vanhuudenp\u00e4ivi\u00e4\u00e4n. Hoitokodin nimi on Onnela. Se on nimens\u00e4 mukaisesti kodikas paikka sotiemme veteraaneille. Kohtelu on arvokasta, hoitajan kosketus, kesken <a class=\"more-link\" href=\"http:\/\/www.rukajarvensuunnanhistoriayhdistys.fi\/historiayhdistys\/pyhainpaivan-vierailu-pentti-perttulin-5-11-2016\/\">Teksti jatkuu&#8230;<span class=\"screen-reader-text\">Pyh\u00e4inp\u00e4iv\u00e4n vierailu Pentti Perttulin luona (5.11.2016)<\/span><span class=\"meta-nav\">\u2192<\/span><\/a><\/p>\n","protected":false},"author":3,"featured_media":10468,"comment_status":"closed","ping_status":"open","sticky":false,"template":"","format":"standard","meta":{"footnotes":""},"categories":[22,21,33,34,17],"tags":[],"class_list":["post-10889","post","type-post","status-publish","format-standard","has-post-thumbnail","hentry","category-ajankohtaista","category-rukajarvi-keskus","category-rukajarvi-keskus-iisalmi","category-rukajarvi-keskus-lieksa","category-toiminta"],"yoast_head":"<!-- This site is optimized with the Yoast SEO plugin v27.4 - https:\/\/yoast.com\/product\/yoast-seo-wordpress\/ -->\n<title>Pyh\u00e4inp\u00e4iv\u00e4n vierailu Pentti Perttulin luona (5.11.2016) - Rukaj\u00e4rven suunnan historiayhdistys<\/title>\n<meta name=\"robots\" content=\"index, follow, max-snippet:-1, max-image-preview:large, max-video-preview:-1\" \/>\n<link rel=\"canonical\" href=\"https:\/\/www.rukajarvensuunnanhistoriayhdistys.fi\/historiayhdistys\/pyhainpaivan-vierailu-pentti-perttulin-5-11-2016\/\" \/>\n<meta property=\"og:locale\" content=\"fi_FI\" \/>\n<meta property=\"og:type\" content=\"article\" \/>\n<meta property=\"og:title\" content=\"Pyh\u00e4inp\u00e4iv\u00e4n vierailu Pentti Perttulin luona (5.11.2016) - Rukaj\u00e4rven suunnan historiayhdistys\" \/>\n<meta property=\"og:description\" content=\"Ensilumi ja -pakkaset olivat saapuneet my\u00f6s Laitilaan, miss\u00e4 Pentti Perttuli viett\u00e4\u00e4 vanhuudenp\u00e4ivi\u00e4\u00e4n. Hoitokodin nimi on Onnela. Se on nimens\u00e4 mukaisesti kodikas paikka sotiemme veteraaneille. Kohtelu on arvokasta, hoitajan kosketus, kesken Teksti jatkuu...Pyh\u00e4inp\u00e4iv\u00e4n vierailu Pentti Perttulin luona (5.11.2016)\u2192\" \/>\n<meta property=\"og:url\" content=\"https:\/\/www.rukajarvensuunnanhistoriayhdistys.fi\/historiayhdistys\/pyhainpaivan-vierailu-pentti-perttulin-5-11-2016\/\" \/>\n<meta property=\"og:site_name\" content=\"Rukaj\u00e4rven suunnan historiayhdistys\" \/>\n<meta property=\"article:published_time\" content=\"2016-11-07T21:01:46+00:00\" \/>\n<meta property=\"article:modified_time\" content=\"2016-11-08T07:05:55+00:00\" \/>\n<meta property=\"og:image\" content=\"https:\/\/www.rukajarvensuunnanhistoriayhdistys.fi\/historiayhdistys\/wp-content\/uploads\/2016\/03\/87-DSC07865-1024x768.jpg\" \/>\n\t<meta property=\"og:image:width\" content=\"1024\" \/>\n\t<meta property=\"og:image:height\" content=\"768\" \/>\n\t<meta property=\"og:image:type\" content=\"image\/jpeg\" \/>\n<meta name=\"author\" content=\"RSHY\" \/>\n<meta name=\"twitter:label1\" content=\"Kirjoittanut\" \/>\n\t<meta name=\"twitter:data1\" content=\"RSHY\" \/>\n\t<meta name=\"twitter:label2\" content=\"Arvioitu lukuaika\" \/>\n\t<meta name=\"twitter:data2\" content=\"2 minuuttia\" \/>\n<script type=\"application\/ld+json\" class=\"yoast-schema-graph\">{\"@context\":\"https:\\\/\\\/schema.org\",\"@graph\":[{\"@type\":\"Article\",\"@id\":\"https:\\\/\\\/www.rukajarvensuunnanhistoriayhdistys.fi\\\/historiayhdistys\\\/pyhainpaivan-vierailu-pentti-perttulin-5-11-2016\\\/#article\",\"isPartOf\":{\"@id\":\"https:\\\/\\\/www.rukajarvensuunnanhistoriayhdistys.fi\\\/historiayhdistys\\\/pyhainpaivan-vierailu-pentti-perttulin-5-11-2016\\\/\"},\"author\":{\"name\":\"RSHY\",\"@id\":\"http:\\\/\\\/www.rukajarvensuunnanhistoriayhdistys.fi\\\/historiayhdistys\\\/#\\\/schema\\\/person\\\/19de7db68bf72dfd2b5d7f6dfbf8454d\"},\"headline\":\"Pyh\u00e4inp\u00e4iv\u00e4n vierailu Pentti Perttulin luona (5.11.2016)\",\"datePublished\":\"2016-11-07T21:01:46+00:00\",\"dateModified\":\"2016-11-08T07:05:55+00:00\",\"mainEntityOfPage\":{\"@id\":\"https:\\\/\\\/www.rukajarvensuunnanhistoriayhdistys.fi\\\/historiayhdistys\\\/pyhainpaivan-vierailu-pentti-perttulin-5-11-2016\\\/\"},\"wordCount\":406,\"publisher\":{\"@id\":\"http:\\\/\\\/www.rukajarvensuunnanhistoriayhdistys.fi\\\/historiayhdistys\\\/#organization\"},\"image\":{\"@id\":\"https:\\\/\\\/www.rukajarvensuunnanhistoriayhdistys.fi\\\/historiayhdistys\\\/pyhainpaivan-vierailu-pentti-perttulin-5-11-2016\\\/#primaryimage\"},\"thumbnailUrl\":\"http:\\\/\\\/www.rukajarvensuunnanhistoriayhdistys.fi\\\/historiayhdistys\\\/wp-content\\\/uploads\\\/2016\\\/03\\\/87-DSC07865.jpg\",\"articleSection\":[\"Ajankohtaista\",\"Rukaj\u00e4rvi-keskus\",\"Rukaj\u00e4rvi-keskus \u2013 Kiuruvesi\",\"Rukaj\u00e4rvi-keskus \u2013 Lieksa\",\"Toiminta\"],\"inLanguage\":\"fi\"},{\"@type\":\"WebPage\",\"@id\":\"https:\\\/\\\/www.rukajarvensuunnanhistoriayhdistys.fi\\\/historiayhdistys\\\/pyhainpaivan-vierailu-pentti-perttulin-5-11-2016\\\/\",\"url\":\"https:\\\/\\\/www.rukajarvensuunnanhistoriayhdistys.fi\\\/historiayhdistys\\\/pyhainpaivan-vierailu-pentti-perttulin-5-11-2016\\\/\",\"name\":\"Pyh\u00e4inp\u00e4iv\u00e4n vierailu Pentti Perttulin luona (5.11.2016) - Rukaj\u00e4rven suunnan historiayhdistys\",\"isPartOf\":{\"@id\":\"http:\\\/\\\/www.rukajarvensuunnanhistoriayhdistys.fi\\\/historiayhdistys\\\/#website\"},\"primaryImageOfPage\":{\"@id\":\"https:\\\/\\\/www.rukajarvensuunnanhistoriayhdistys.fi\\\/historiayhdistys\\\/pyhainpaivan-vierailu-pentti-perttulin-5-11-2016\\\/#primaryimage\"},\"image\":{\"@id\":\"https:\\\/\\\/www.rukajarvensuunnanhistoriayhdistys.fi\\\/historiayhdistys\\\/pyhainpaivan-vierailu-pentti-perttulin-5-11-2016\\\/#primaryimage\"},\"thumbnailUrl\":\"http:\\\/\\\/www.rukajarvensuunnanhistoriayhdistys.fi\\\/historiayhdistys\\\/wp-content\\\/uploads\\\/2016\\\/03\\\/87-DSC07865.jpg\",\"datePublished\":\"2016-11-07T21:01:46+00:00\",\"dateModified\":\"2016-11-08T07:05:55+00:00\",\"breadcrumb\":{\"@id\":\"https:\\\/\\\/www.rukajarvensuunnanhistoriayhdistys.fi\\\/historiayhdistys\\\/pyhainpaivan-vierailu-pentti-perttulin-5-11-2016\\\/#breadcrumb\"},\"inLanguage\":\"fi\",\"potentialAction\":[{\"@type\":\"ReadAction\",\"target\":[\"https:\\\/\\\/www.rukajarvensuunnanhistoriayhdistys.fi\\\/historiayhdistys\\\/pyhainpaivan-vierailu-pentti-perttulin-5-11-2016\\\/\"]}]},{\"@type\":\"ImageObject\",\"inLanguage\":\"fi\",\"@id\":\"https:\\\/\\\/www.rukajarvensuunnanhistoriayhdistys.fi\\\/historiayhdistys\\\/pyhainpaivan-vierailu-pentti-perttulin-5-11-2016\\\/#primaryimage\",\"url\":\"http:\\\/\\\/www.rukajarvensuunnanhistoriayhdistys.fi\\\/historiayhdistys\\\/wp-content\\\/uploads\\\/2016\\\/03\\\/87-DSC07865.jpg\",\"contentUrl\":\"http:\\\/\\\/www.rukajarvensuunnanhistoriayhdistys.fi\\\/historiayhdistys\\\/wp-content\\\/uploads\\\/2016\\\/03\\\/87-DSC07865.jpg\",\"width\":2592,\"height\":1944,\"caption\":\"Pentti Perttuli kirjoittaa Rukaj\u00e4rven suunnan historiayhdistyksen perustavan kokouksen kutsua. Kokous pidettiin Marskin Majalla 19.9.2009.\"},{\"@type\":\"BreadcrumbList\",\"@id\":\"https:\\\/\\\/www.rukajarvensuunnanhistoriayhdistys.fi\\\/historiayhdistys\\\/pyhainpaivan-vierailu-pentti-perttulin-5-11-2016\\\/#breadcrumb\",\"itemListElement\":[{\"@type\":\"ListItem\",\"position\":1,\"name\":\"Etusivu\",\"item\":\"http:\\\/\\\/www.rukajarvensuunnanhistoriayhdistys.fi\\\/historiayhdistys\\\/\"},{\"@type\":\"ListItem\",\"position\":2,\"name\":\"Pyh\u00e4inp\u00e4iv\u00e4n vierailu Pentti Perttulin luona (5.11.2016)\"}]},{\"@type\":\"WebSite\",\"@id\":\"http:\\\/\\\/www.rukajarvensuunnanhistoriayhdistys.fi\\\/historiayhdistys\\\/#website\",\"url\":\"http:\\\/\\\/www.rukajarvensuunnanhistoriayhdistys.fi\\\/historiayhdistys\\\/\",\"name\":\"Rukaj\u00e4rven suunnan historiayhdistys\",\"description\":\"Rukaj\u00e4rven suunnan historiayhdistyksen verkkosivut.\",\"publisher\":{\"@id\":\"http:\\\/\\\/www.rukajarvensuunnanhistoriayhdistys.fi\\\/historiayhdistys\\\/#organization\"},\"potentialAction\":[{\"@type\":\"SearchAction\",\"target\":{\"@type\":\"EntryPoint\",\"urlTemplate\":\"http:\\\/\\\/www.rukajarvensuunnanhistoriayhdistys.fi\\\/historiayhdistys\\\/?s={search_term_string}\"},\"query-input\":{\"@type\":\"PropertyValueSpecification\",\"valueRequired\":true,\"valueName\":\"search_term_string\"}}],\"inLanguage\":\"fi\"},{\"@type\":\"Organization\",\"@id\":\"http:\\\/\\\/www.rukajarvensuunnanhistoriayhdistys.fi\\\/historiayhdistys\\\/#organization\",\"name\":\"Rukaj\u00e4rven suunnan historiayhdistys\",\"url\":\"http:\\\/\\\/www.rukajarvensuunnanhistoriayhdistys.fi\\\/historiayhdistys\\\/\",\"logo\":{\"@type\":\"ImageObject\",\"inLanguage\":\"fi\",\"@id\":\"http:\\\/\\\/www.rukajarvensuunnanhistoriayhdistys.fi\\\/historiayhdistys\\\/#\\\/schema\\\/logo\\\/image\\\/\",\"url\":\"http:\\\/\\\/www.rukajarvensuunnanhistoriayhdistys.fi\\\/historiayhdistys\\\/wp-content\\\/uploads\\\/2013\\\/12\\\/Otsake_3.jpg\",\"contentUrl\":\"http:\\\/\\\/www.rukajarvensuunnanhistoriayhdistys.fi\\\/historiayhdistys\\\/wp-content\\\/uploads\\\/2013\\\/12\\\/Otsake_3.jpg\",\"width\":1000,\"height\":442,\"caption\":\"Rukaj\u00e4rven suunnan historiayhdistys\"},\"image\":{\"@id\":\"http:\\\/\\\/www.rukajarvensuunnanhistoriayhdistys.fi\\\/historiayhdistys\\\/#\\\/schema\\\/logo\\\/image\\\/\"}},{\"@type\":\"Person\",\"@id\":\"http:\\\/\\\/www.rukajarvensuunnanhistoriayhdistys.fi\\\/historiayhdistys\\\/#\\\/schema\\\/person\\\/19de7db68bf72dfd2b5d7f6dfbf8454d\",\"name\":\"RSHY\",\"image\":{\"@type\":\"ImageObject\",\"inLanguage\":\"fi\",\"@id\":\"https:\\\/\\\/secure.gravatar.com\\\/avatar\\\/598d59263a69cc8de65fcb4f9db78d6f58c098cb0e0ba22d73377441af9fa04c?s=96&d=blank&r=g\",\"url\":\"https:\\\/\\\/secure.gravatar.com\\\/avatar\\\/598d59263a69cc8de65fcb4f9db78d6f58c098cb0e0ba22d73377441af9fa04c?s=96&d=blank&r=g\",\"contentUrl\":\"https:\\\/\\\/secure.gravatar.com\\\/avatar\\\/598d59263a69cc8de65fcb4f9db78d6f58c098cb0e0ba22d73377441af9fa04c?s=96&d=blank&r=g\",\"caption\":\"RSHY\"},\"url\":\"http:\\\/\\\/www.rukajarvensuunnanhistoriayhdistys.fi\\\/historiayhdistys\\\/author\\\/rshy\\\/\"}]}<\/script>\n<!-- \/ Yoast SEO plugin. -->","yoast_head_json":{"title":"Pyh\u00e4inp\u00e4iv\u00e4n vierailu Pentti Perttulin luona (5.11.2016) - Rukaj\u00e4rven suunnan historiayhdistys","robots":{"index":"index","follow":"follow","max-snippet":"max-snippet:-1","max-image-preview":"max-image-preview:large","max-video-preview":"max-video-preview:-1"},"canonical":"https:\/\/www.rukajarvensuunnanhistoriayhdistys.fi\/historiayhdistys\/pyhainpaivan-vierailu-pentti-perttulin-5-11-2016\/","og_locale":"fi_FI","og_type":"article","og_title":"Pyh\u00e4inp\u00e4iv\u00e4n vierailu Pentti Perttulin luona (5.11.2016) - Rukaj\u00e4rven suunnan historiayhdistys","og_description":"Ensilumi ja -pakkaset olivat saapuneet my\u00f6s Laitilaan, miss\u00e4 Pentti Perttuli viett\u00e4\u00e4 vanhuudenp\u00e4ivi\u00e4\u00e4n. Hoitokodin nimi on Onnela. Se on nimens\u00e4 mukaisesti kodikas paikka sotiemme veteraaneille. Kohtelu on arvokasta, hoitajan kosketus, kesken Teksti jatkuu...Pyh\u00e4inp\u00e4iv\u00e4n vierailu Pentti Perttulin luona (5.11.2016)\u2192","og_url":"https:\/\/www.rukajarvensuunnanhistoriayhdistys.fi\/historiayhdistys\/pyhainpaivan-vierailu-pentti-perttulin-5-11-2016\/","og_site_name":"Rukaj\u00e4rven suunnan historiayhdistys","article_published_time":"2016-11-07T21:01:46+00:00","article_modified_time":"2016-11-08T07:05:55+00:00","og_image":[{"width":1024,"height":768,"url":"https:\/\/www.rukajarvensuunnanhistoriayhdistys.fi\/historiayhdistys\/wp-content\/uploads\/2016\/03\/87-DSC07865-1024x768.jpg","type":"image\/jpeg"}],"author":"RSHY","twitter_misc":{"Kirjoittanut":"RSHY","Arvioitu lukuaika":"2 minuuttia"},"schema":{"@context":"https:\/\/schema.org","@graph":[{"@type":"Article","@id":"https:\/\/www.rukajarvensuunnanhistoriayhdistys.fi\/historiayhdistys\/pyhainpaivan-vierailu-pentti-perttulin-5-11-2016\/#article","isPartOf":{"@id":"https:\/\/www.rukajarvensuunnanhistoriayhdistys.fi\/historiayhdistys\/pyhainpaivan-vierailu-pentti-perttulin-5-11-2016\/"},"author":{"name":"RSHY","@id":"http:\/\/www.rukajarvensuunnanhistoriayhdistys.fi\/historiayhdistys\/#\/schema\/person\/19de7db68bf72dfd2b5d7f6dfbf8454d"},"headline":"Pyh\u00e4inp\u00e4iv\u00e4n vierailu Pentti Perttulin luona (5.11.2016)","datePublished":"2016-11-07T21:01:46+00:00","dateModified":"2016-11-08T07:05:55+00:00","mainEntityOfPage":{"@id":"https:\/\/www.rukajarvensuunnanhistoriayhdistys.fi\/historiayhdistys\/pyhainpaivan-vierailu-pentti-perttulin-5-11-2016\/"},"wordCount":406,"publisher":{"@id":"http:\/\/www.rukajarvensuunnanhistoriayhdistys.fi\/historiayhdistys\/#organization"},"image":{"@id":"https:\/\/www.rukajarvensuunnanhistoriayhdistys.fi\/historiayhdistys\/pyhainpaivan-vierailu-pentti-perttulin-5-11-2016\/#primaryimage"},"thumbnailUrl":"http:\/\/www.rukajarvensuunnanhistoriayhdistys.fi\/historiayhdistys\/wp-content\/uploads\/2016\/03\/87-DSC07865.jpg","articleSection":["Ajankohtaista","Rukaj\u00e4rvi-keskus","Rukaj\u00e4rvi-keskus \u2013 Kiuruvesi","Rukaj\u00e4rvi-keskus \u2013 Lieksa","Toiminta"],"inLanguage":"fi"},{"@type":"WebPage","@id":"https:\/\/www.rukajarvensuunnanhistoriayhdistys.fi\/historiayhdistys\/pyhainpaivan-vierailu-pentti-perttulin-5-11-2016\/","url":"https:\/\/www.rukajarvensuunnanhistoriayhdistys.fi\/historiayhdistys\/pyhainpaivan-vierailu-pentti-perttulin-5-11-2016\/","name":"Pyh\u00e4inp\u00e4iv\u00e4n vierailu Pentti Perttulin luona (5.11.2016) - Rukaj\u00e4rven suunnan historiayhdistys","isPartOf":{"@id":"http:\/\/www.rukajarvensuunnanhistoriayhdistys.fi\/historiayhdistys\/#website"},"primaryImageOfPage":{"@id":"https:\/\/www.rukajarvensuunnanhistoriayhdistys.fi\/historiayhdistys\/pyhainpaivan-vierailu-pentti-perttulin-5-11-2016\/#primaryimage"},"image":{"@id":"https:\/\/www.rukajarvensuunnanhistoriayhdistys.fi\/historiayhdistys\/pyhainpaivan-vierailu-pentti-perttulin-5-11-2016\/#primaryimage"},"thumbnailUrl":"http:\/\/www.rukajarvensuunnanhistoriayhdistys.fi\/historiayhdistys\/wp-content\/uploads\/2016\/03\/87-DSC07865.jpg","datePublished":"2016-11-07T21:01:46+00:00","dateModified":"2016-11-08T07:05:55+00:00","breadcrumb":{"@id":"https:\/\/www.rukajarvensuunnanhistoriayhdistys.fi\/historiayhdistys\/pyhainpaivan-vierailu-pentti-perttulin-5-11-2016\/#breadcrumb"},"inLanguage":"fi","potentialAction":[{"@type":"ReadAction","target":["https:\/\/www.rukajarvensuunnanhistoriayhdistys.fi\/historiayhdistys\/pyhainpaivan-vierailu-pentti-perttulin-5-11-2016\/"]}]},{"@type":"ImageObject","inLanguage":"fi","@id":"https:\/\/www.rukajarvensuunnanhistoriayhdistys.fi\/historiayhdistys\/pyhainpaivan-vierailu-pentti-perttulin-5-11-2016\/#primaryimage","url":"http:\/\/www.rukajarvensuunnanhistoriayhdistys.fi\/historiayhdistys\/wp-content\/uploads\/2016\/03\/87-DSC07865.jpg","contentUrl":"http:\/\/www.rukajarvensuunnanhistoriayhdistys.fi\/historiayhdistys\/wp-content\/uploads\/2016\/03\/87-DSC07865.jpg","width":2592,"height":1944,"caption":"Pentti Perttuli kirjoittaa Rukaj\u00e4rven suunnan historiayhdistyksen perustavan kokouksen kutsua. Kokous pidettiin Marskin Majalla 19.9.2009."},{"@type":"BreadcrumbList","@id":"https:\/\/www.rukajarvensuunnanhistoriayhdistys.fi\/historiayhdistys\/pyhainpaivan-vierailu-pentti-perttulin-5-11-2016\/#breadcrumb","itemListElement":[{"@type":"ListItem","position":1,"name":"Etusivu","item":"http:\/\/www.rukajarvensuunnanhistoriayhdistys.fi\/historiayhdistys\/"},{"@type":"ListItem","position":2,"name":"Pyh\u00e4inp\u00e4iv\u00e4n vierailu Pentti Perttulin luona (5.11.2016)"}]},{"@type":"WebSite","@id":"http:\/\/www.rukajarvensuunnanhistoriayhdistys.fi\/historiayhdistys\/#website","url":"http:\/\/www.rukajarvensuunnanhistoriayhdistys.fi\/historiayhdistys\/","name":"Rukaj\u00e4rven suunnan historiayhdistys","description":"Rukaj\u00e4rven suunnan historiayhdistyksen verkkosivut.","publisher":{"@id":"http:\/\/www.rukajarvensuunnanhistoriayhdistys.fi\/historiayhdistys\/#organization"},"potentialAction":[{"@type":"SearchAction","target":{"@type":"EntryPoint","urlTemplate":"http:\/\/www.rukajarvensuunnanhistoriayhdistys.fi\/historiayhdistys\/?s={search_term_string}"},"query-input":{"@type":"PropertyValueSpecification","valueRequired":true,"valueName":"search_term_string"}}],"inLanguage":"fi"},{"@type":"Organization","@id":"http:\/\/www.rukajarvensuunnanhistoriayhdistys.fi\/historiayhdistys\/#organization","name":"Rukaj\u00e4rven suunnan historiayhdistys","url":"http:\/\/www.rukajarvensuunnanhistoriayhdistys.fi\/historiayhdistys\/","logo":{"@type":"ImageObject","inLanguage":"fi","@id":"http:\/\/www.rukajarvensuunnanhistoriayhdistys.fi\/historiayhdistys\/#\/schema\/logo\/image\/","url":"http:\/\/www.rukajarvensuunnanhistoriayhdistys.fi\/historiayhdistys\/wp-content\/uploads\/2013\/12\/Otsake_3.jpg","contentUrl":"http:\/\/www.rukajarvensuunnanhistoriayhdistys.fi\/historiayhdistys\/wp-content\/uploads\/2013\/12\/Otsake_3.jpg","width":1000,"height":442,"caption":"Rukaj\u00e4rven suunnan historiayhdistys"},"image":{"@id":"http:\/\/www.rukajarvensuunnanhistoriayhdistys.fi\/historiayhdistys\/#\/schema\/logo\/image\/"}},{"@type":"Person","@id":"http:\/\/www.rukajarvensuunnanhistoriayhdistys.fi\/historiayhdistys\/#\/schema\/person\/19de7db68bf72dfd2b5d7f6dfbf8454d","name":"RSHY","image":{"@type":"ImageObject","inLanguage":"fi","@id":"https:\/\/secure.gravatar.com\/avatar\/598d59263a69cc8de65fcb4f9db78d6f58c098cb0e0ba22d73377441af9fa04c?s=96&d=blank&r=g","url":"https:\/\/secure.gravatar.com\/avatar\/598d59263a69cc8de65fcb4f9db78d6f58c098cb0e0ba22d73377441af9fa04c?s=96&d=blank&r=g","contentUrl":"https:\/\/secure.gravatar.com\/avatar\/598d59263a69cc8de65fcb4f9db78d6f58c098cb0e0ba22d73377441af9fa04c?s=96&d=blank&r=g","caption":"RSHY"},"url":"http:\/\/www.rukajarvensuunnanhistoriayhdistys.fi\/historiayhdistys\/author\/rshy\/"}]}},"_links":{"self":[{"href":"http:\/\/www.rukajarvensuunnanhistoriayhdistys.fi\/historiayhdistys\/wp-json\/wp\/v2\/posts\/10889","targetHints":{"allow":["GET"]}}],"collection":[{"href":"http:\/\/www.rukajarvensuunnanhistoriayhdistys.fi\/historiayhdistys\/wp-json\/wp\/v2\/posts"}],"about":[{"href":"http:\/\/www.rukajarvensuunnanhistoriayhdistys.fi\/historiayhdistys\/wp-json\/wp\/v2\/types\/post"}],"author":[{"embeddable":true,"href":"http:\/\/www.rukajarvensuunnanhistoriayhdistys.fi\/historiayhdistys\/wp-json\/wp\/v2\/users\/3"}],"replies":[{"embeddable":true,"href":"http:\/\/www.rukajarvensuunnanhistoriayhdistys.fi\/historiayhdistys\/wp-json\/wp\/v2\/comments?post=10889"}],"version-history":[{"count":3,"href":"http:\/\/www.rukajarvensuunnanhistoriayhdistys.fi\/historiayhdistys\/wp-json\/wp\/v2\/posts\/10889\/revisions"}],"predecessor-version":[{"id":10893,"href":"http:\/\/www.rukajarvensuunnanhistoriayhdistys.fi\/historiayhdistys\/wp-json\/wp\/v2\/posts\/10889\/revisions\/10893"}],"wp:featuredmedia":[{"embeddable":true,"href":"http:\/\/www.rukajarvensuunnanhistoriayhdistys.fi\/historiayhdistys\/wp-json\/wp\/v2\/media\/10468"}],"wp:attachment":[{"href":"http:\/\/www.rukajarvensuunnanhistoriayhdistys.fi\/historiayhdistys\/wp-json\/wp\/v2\/media?parent=10889"}],"wp:term":[{"taxonomy":"category","embeddable":true,"href":"http:\/\/www.rukajarvensuunnanhistoriayhdistys.fi\/historiayhdistys\/wp-json\/wp\/v2\/categories?post=10889"},{"taxonomy":"post_tag","embeddable":true,"href":"http:\/\/www.rukajarvensuunnanhistoriayhdistys.fi\/historiayhdistys\/wp-json\/wp\/v2\/tags?post=10889"}],"curies":[{"name":"wp","href":"https:\/\/api.w.org\/{rel}","templated":true}]}}