{"id":10909,"date":"2016-11-15T22:14:35","date_gmt":"2016-11-15T20:14:35","guid":{"rendered":"http:\/\/www.rukajarvensuunnanhistoriayhdistys.fi\/historiayhdistys\/?p=10909"},"modified":"2016-12-13T08:48:28","modified_gmt":"2016-12-13T06:48:28","slug":"matti-karkkainen-satavuotisjuhlassaan-nuorin-veteraani","status":"publish","type":"post","link":"http:\/\/www.rukajarvensuunnanhistoriayhdistys.fi\/historiayhdistys\/matti-karkkainen-satavuotisjuhlassaan-nuorin-veteraani\/","title":{"rendered":"Matti K\u00e4rkk\u00e4inen satavuotisjuhlassaan nuorin veteraani"},"content":{"rendered":"<div class=\"fcbkbttn_buttons_block\" id=\"fcbkbttn_left\"><div class=\"fcbkbttn_like \"><fb:like href=\"http:\/\/www.rukajarvensuunnanhistoriayhdistys.fi\/historiayhdistys\/matti-karkkainen-satavuotisjuhlassaan-nuorin-veteraani\/\" action=\"like\" colorscheme=\"light\" layout=\"button_count\"  size=\"small\"><\/fb:like><\/div><\/div><p>Matti K\u00e4rkk\u00e4inen (15.11.1916) vietti 100-vuotisjuhliaan Iisalmen Vetre\u00e4Terveys hoitokodissa. H\u00e4nt\u00e4 olivat onnittelemassa 103-vuotias Mikko Bergman (1.9.1913) ja 100-vuotias Tauno Tikkanen (10.3.1916).<\/p>\n<figure id=\"attachment_10910\" aria-describedby=\"caption-attachment-10910\" style=\"width: 4592px\" class=\"wp-caption aligncenter\"><a href=\"http:\/\/www.rukajarvensuunnanhistoriayhdistys.fi\/historiayhdistys\/wp-content\/uploads\/2016\/11\/DSC03899-Nuorin-veteraani.jpg\"><img loading=\"lazy\" decoding=\"async\" class=\"size-full wp-image-10910\" src=\"http:\/\/www.rukajarvensuunnanhistoriayhdistys.fi\/historiayhdistys\/wp-content\/uploads\/2016\/11\/DSC03899-Nuorin-veteraani.jpg\" alt=\"Matti K\u00e4rkk\u00e4inen satavuotisjuhlassaan nuorin veteraani. Matti K\u00e4rkk\u00e4inen (15.11.1916) vietti 100-vuotisjuhliaan Iisalmen Vetre\u00e4Terveys hoitokodissa. H\u00e4nt\u00e4 olivat onnittelemassa 103-vuotias Mikko Bergman (1.9.1913) ja 100-vuotias Tauno Tikkanen (10.3.1916).\" width=\"4592\" height=\"3056\" data-id=\"10910\" srcset=\"http:\/\/www.rukajarvensuunnanhistoriayhdistys.fi\/historiayhdistys\/wp-content\/uploads\/2016\/11\/DSC03899-Nuorin-veteraani.jpg 4592w, http:\/\/www.rukajarvensuunnanhistoriayhdistys.fi\/historiayhdistys\/wp-content\/uploads\/2016\/11\/DSC03899-Nuorin-veteraani-300x200.jpg 300w, http:\/\/www.rukajarvensuunnanhistoriayhdistys.fi\/historiayhdistys\/wp-content\/uploads\/2016\/11\/DSC03899-Nuorin-veteraani-768x511.jpg 768w, http:\/\/www.rukajarvensuunnanhistoriayhdistys.fi\/historiayhdistys\/wp-content\/uploads\/2016\/11\/DSC03899-Nuorin-veteraani-1024x681.jpg 1024w\" sizes=\"auto, (max-width: 4592px) 100vw, 4592px\" \/><\/a><figcaption id=\"caption-attachment-10910\" class=\"wp-caption-text\">Matti K\u00e4rkk\u00e4inen satavuotisjuhlassaan nuorin veteraani. Matti K\u00e4rkk\u00e4inen (15.11.1916) vietti 100-vuotisjuhliaan Iisalmen Vetre\u00e4Terveys hoitokodissa. H\u00e4nt\u00e4 olivat onnittelemassa 103-vuotias Mikko Bergman (1.9.1913) ja 100-vuotias Tauno Tikkanen (10.3.1916).<\/figcaption><\/figure>\n<p>Satavuotiasta k\u00e4viv\u00e4t onnittelemassa Kiuruveden seurakunnan kirkkoherra Risto Pentik\u00e4inen, Pohjois-Savon sotainvalidipiirin toiminnanjohtaja Juha Siivola, Kiuruveden Sotainvalidien puheenjohtaja Seppo R\u00e4ih\u00e4 ja varapuheenjohtaja Arvi Alpia. Rukaj\u00e4rven suunnan historiayhdistyksen onnittelut toivat Raimo Jokisalmi, Seppo R\u00e4ih\u00e4 ja Tenho Tikkanen. Matti K\u00e4rkk\u00e4ist\u00e4 onnittelivat my\u00f6s l\u00e4hisukulaiset, naapurit ja tuttavat.<\/p>\n<figure id=\"attachment_10913\" aria-describedby=\"caption-attachment-10913\" style=\"width: 4592px\" class=\"wp-caption aligncenter\"><a href=\"http:\/\/www.rukajarvensuunnanhistoriayhdistys.fi\/historiayhdistys\/wp-content\/uploads\/2016\/11\/DSC03921-Risto-Pentik\u00e4inen.jpg\"><img loading=\"lazy\" decoding=\"async\" class=\"size-full wp-image-10913\" src=\"http:\/\/www.rukajarvensuunnanhistoriayhdistys.fi\/historiayhdistys\/wp-content\/uploads\/2016\/11\/DSC03921-Risto-Pentik\u00e4inen.jpg\" alt=\"Kirkkoherra Risto Pentik\u00e4inen Kiuruvedelt\u00e4.\" width=\"4592\" height=\"3056\" data-id=\"10913\" srcset=\"http:\/\/www.rukajarvensuunnanhistoriayhdistys.fi\/historiayhdistys\/wp-content\/uploads\/2016\/11\/DSC03921-Risto-Pentik\u00e4inen.jpg 4592w, http:\/\/www.rukajarvensuunnanhistoriayhdistys.fi\/historiayhdistys\/wp-content\/uploads\/2016\/11\/DSC03921-Risto-Pentik\u00e4inen-300x200.jpg 300w, http:\/\/www.rukajarvensuunnanhistoriayhdistys.fi\/historiayhdistys\/wp-content\/uploads\/2016\/11\/DSC03921-Risto-Pentik\u00e4inen-768x511.jpg 768w, http:\/\/www.rukajarvensuunnanhistoriayhdistys.fi\/historiayhdistys\/wp-content\/uploads\/2016\/11\/DSC03921-Risto-Pentik\u00e4inen-1024x681.jpg 1024w\" sizes=\"auto, (max-width: 4592px) 100vw, 4592px\" \/><\/a><figcaption id=\"caption-attachment-10913\" class=\"wp-caption-text\">Kirkkoherra Risto Pentik\u00e4inen Kiuruvedelt\u00e4.<\/figcaption><\/figure>\n<figure id=\"attachment_10911\" aria-describedby=\"caption-attachment-10911\" style=\"width: 4592px\" class=\"wp-caption aligncenter\"><a href=\"http:\/\/www.rukajarvensuunnanhistoriayhdistys.fi\/historiayhdistys\/wp-content\/uploads\/2016\/11\/DSC03913-Juha-Siivola.jpg\"><img loading=\"lazy\" decoding=\"async\" class=\"size-full wp-image-10911\" src=\"http:\/\/www.rukajarvensuunnanhistoriayhdistys.fi\/historiayhdistys\/wp-content\/uploads\/2016\/11\/DSC03913-Juha-Siivola.jpg\" alt=\"Pohjois-Savon sotainvalidipiirin toiminnanjohtaja Juha Siivola.\" width=\"4592\" height=\"3056\" data-id=\"10911\" srcset=\"http:\/\/www.rukajarvensuunnanhistoriayhdistys.fi\/historiayhdistys\/wp-content\/uploads\/2016\/11\/DSC03913-Juha-Siivola.jpg 4592w, http:\/\/www.rukajarvensuunnanhistoriayhdistys.fi\/historiayhdistys\/wp-content\/uploads\/2016\/11\/DSC03913-Juha-Siivola-300x200.jpg 300w, http:\/\/www.rukajarvensuunnanhistoriayhdistys.fi\/historiayhdistys\/wp-content\/uploads\/2016\/11\/DSC03913-Juha-Siivola-768x511.jpg 768w, http:\/\/www.rukajarvensuunnanhistoriayhdistys.fi\/historiayhdistys\/wp-content\/uploads\/2016\/11\/DSC03913-Juha-Siivola-1024x681.jpg 1024w\" sizes=\"auto, (max-width: 4592px) 100vw, 4592px\" \/><\/a><figcaption id=\"caption-attachment-10911\" class=\"wp-caption-text\">Pohjois-Savon sotainvalidipiirin toiminnanjohtaja Juha Siivola.<\/figcaption><\/figure>\n<figure id=\"attachment_10912\" aria-describedby=\"caption-attachment-10912\" style=\"width: 4592px\" class=\"wp-caption aligncenter\"><a href=\"http:\/\/www.rukajarvensuunnanhistoriayhdistys.fi\/historiayhdistys\/wp-content\/uploads\/2016\/11\/DSC03915-Seppo-R\u00e4ih\u00e4.jpg\"><img loading=\"lazy\" decoding=\"async\" class=\"size-full wp-image-10912\" src=\"http:\/\/www.rukajarvensuunnanhistoriayhdistys.fi\/historiayhdistys\/wp-content\/uploads\/2016\/11\/DSC03915-Seppo-R\u00e4ih\u00e4.jpg\" alt=\"Kiuruveden Sotainvalidien puheenjohtaja Seppo R\u00e4ih\u00e4 ja varapuheenjohtaja Arvi Alpia.\" width=\"4592\" height=\"3056\" data-id=\"10912\" srcset=\"http:\/\/www.rukajarvensuunnanhistoriayhdistys.fi\/historiayhdistys\/wp-content\/uploads\/2016\/11\/DSC03915-Seppo-R\u00e4ih\u00e4.jpg 4592w, http:\/\/www.rukajarvensuunnanhistoriayhdistys.fi\/historiayhdistys\/wp-content\/uploads\/2016\/11\/DSC03915-Seppo-R\u00e4ih\u00e4-300x200.jpg 300w, http:\/\/www.rukajarvensuunnanhistoriayhdistys.fi\/historiayhdistys\/wp-content\/uploads\/2016\/11\/DSC03915-Seppo-R\u00e4ih\u00e4-768x511.jpg 768w, http:\/\/www.rukajarvensuunnanhistoriayhdistys.fi\/historiayhdistys\/wp-content\/uploads\/2016\/11\/DSC03915-Seppo-R\u00e4ih\u00e4-1024x681.jpg 1024w\" sizes=\"auto, (max-width: 4592px) 100vw, 4592px\" \/><\/a><figcaption id=\"caption-attachment-10912\" class=\"wp-caption-text\">Kiuruveden Sotainvalidien puheenjohtaja Seppo R\u00e4ih\u00e4 ja varapuheenjohtaja Arvi Alpia.<\/figcaption><\/figure>\n<figure id=\"attachment_10914\" aria-describedby=\"caption-attachment-10914\" style=\"width: 4592px\" class=\"wp-caption aligncenter\"><a href=\"http:\/\/www.rukajarvensuunnanhistoriayhdistys.fi\/historiayhdistys\/wp-content\/uploads\/2016\/11\/DSC03925-Henkil\u00f6kunta.jpg\"><img loading=\"lazy\" decoding=\"async\" class=\"size-full wp-image-10914\" src=\"http:\/\/www.rukajarvensuunnanhistoriayhdistys.fi\/historiayhdistys\/wp-content\/uploads\/2016\/11\/DSC03925-Henkil\u00f6kunta.jpg\" alt=\"Matin hoitajat \" width=\"4592\" height=\"3056\" data-id=\"10914\" srcset=\"http:\/\/www.rukajarvensuunnanhistoriayhdistys.fi\/historiayhdistys\/wp-content\/uploads\/2016\/11\/DSC03925-Henkil\u00f6kunta.jpg 4592w, http:\/\/www.rukajarvensuunnanhistoriayhdistys.fi\/historiayhdistys\/wp-content\/uploads\/2016\/11\/DSC03925-Henkil\u00f6kunta-300x200.jpg 300w, http:\/\/www.rukajarvensuunnanhistoriayhdistys.fi\/historiayhdistys\/wp-content\/uploads\/2016\/11\/DSC03925-Henkil\u00f6kunta-768x511.jpg 768w, http:\/\/www.rukajarvensuunnanhistoriayhdistys.fi\/historiayhdistys\/wp-content\/uploads\/2016\/11\/DSC03925-Henkil\u00f6kunta-1024x681.jpg 1024w\" sizes=\"auto, (max-width: 4592px) 100vw, 4592px\" \/><\/a><figcaption id=\"caption-attachment-10914\" class=\"wp-caption-text\">Matin hoitajat<\/figcaption><\/figure>\n<p>Henkil\u00f6kunta onnitteli veteraania Hjalmar Bakmanin s\u00e4velin: &#8221;Nyt onnentoivotuksin m\u00e4 sulle laulaa saan&#8221;. Laulun on sanoittanut Aila Nikola. Kaunis ja koskettava esitys.<\/p>\n<figure id=\"attachment_10918\" aria-describedby=\"caption-attachment-10918\" style=\"width: 4592px\" class=\"wp-caption aligncenter\"><a href=\"http:\/\/www.rukajarvensuunnanhistoriayhdistys.fi\/historiayhdistys\/wp-content\/uploads\/2016\/11\/DSC03933.jpg\"><img loading=\"lazy\" decoding=\"async\" class=\"size-full wp-image-10918\" src=\"http:\/\/www.rukajarvensuunnanhistoriayhdistys.fi\/historiayhdistys\/wp-content\/uploads\/2016\/11\/DSC03933.jpg\" alt=\"Veteraanimuusikko Raimo Jokisalmi.\" width=\"4592\" height=\"3056\" data-id=\"10918\" srcset=\"http:\/\/www.rukajarvensuunnanhistoriayhdistys.fi\/historiayhdistys\/wp-content\/uploads\/2016\/11\/DSC03933.jpg 4592w, http:\/\/www.rukajarvensuunnanhistoriayhdistys.fi\/historiayhdistys\/wp-content\/uploads\/2016\/11\/DSC03933-300x200.jpg 300w, http:\/\/www.rukajarvensuunnanhistoriayhdistys.fi\/historiayhdistys\/wp-content\/uploads\/2016\/11\/DSC03933-768x511.jpg 768w, http:\/\/www.rukajarvensuunnanhistoriayhdistys.fi\/historiayhdistys\/wp-content\/uploads\/2016\/11\/DSC03933-1024x681.jpg 1024w\" sizes=\"auto, (max-width: 4592px) 100vw, 4592px\" \/><\/a><figcaption id=\"caption-attachment-10918\" class=\"wp-caption-text\">Veteraanimuusikko Raimo Jokisalmi.<\/figcaption><\/figure>\n<p>Tilaisuudessa kuultiin my\u00f6s veteraanimuusikko Raimo Jokisalmen haitarilla esitt\u00e4m\u00e4 \u00c4\u00e4nisen aallot.<\/p>\n<p>Se osoittautuikin veteraanin suosikkis\u00e4velm\u00e4ksi. Matti K\u00e4rkk\u00e4inen esitteli laulun syntyhistorian. Se on George de Godzinsky s\u00e4vellys ja laulun on sanoittanut Kerttu Mustonen v. 1942. Tilaisuudessa paljastui, ett\u00e4 Matti K\u00e4rkk\u00e4inen oli kerran Jatkosodan alussa Lapissa tavannut teoksen s\u00e4velt\u00e4j\u00e4n.<\/p>\n<p>Matin sotatie on v\u00e4rik\u00e4s Kiestingist\u00e4 Kajaanin kautta Rukaj\u00e4rvelle valmistelemaan Sorokan valtausta. Rukaj\u00e4rvelt\u00e4 tuli siirto Karhum\u00e4elle ja Kannakselle, josta taistelutie sai jatkoa viel\u00e4 Ilomantsissa.<\/p>\n<p>Matti K\u00e4rkk\u00e4isen merkkip\u00e4iv\u00e4 alkoi juhlavasti. RadioSandels l\u00e4hetti tunnin juhlakonsertin. RadioSandels nauhoitti tilaisuuden ja nauhoite tulee radiosta l\u00e4hip\u00e4ivin\u00e4 ja on kaikkien kuunneltavissa RadioSandelssin nettiarkistosta.<\/p>\n<p>****<\/p>\n<p>Julkaisemme Rukaj\u00e4rven suunnan historiayhdistyksen onnittelut, jonka esitti puheenjohtaja Tenho Tikkanen:<\/p>\n<p><u>\u00a0<\/u><strong>Arvoisa veteraani Matti K\u00e4rkk\u00e4inen, arvoisat veteraanit, hyv\u00e4t l\u00e4sn\u00e4olijat.<\/strong><\/p>\n<p>Onnittelemme 100-vuotiasta veteraania, joka on palvellut is\u00e4nmaataan koko maamme itsen\u00e4isyyden ajan sek\u00e4 jokaista maamme kahtatoista p\u00e4\u00e4miest\u00e4. Elinp\u00e4ivi\u00e4nne kertyy yksitellen laskien 36.525. Ne pit\u00e4v\u00e4t sis\u00e4ll\u00e4\u00e4n monta aurinkoista ja iloista p\u00e4iv\u00e4\u00e4, mutta niihin sis\u00e4ltyy my\u00f6s surun p\u00e4ivi\u00e4 eritoten sotavuosina. Sotap\u00e4ivi\u00e4 kertyy per\u00e4ti 1614 eli yhteens\u00e4 reilut 4,5 vuotta. Se on todella pitk\u00e4 aika, parhaina nuoruusvuosina.<\/p>\n<p>Olemme usein voineet kuulla hyv\u00e4muistisen ja hyv\u00e4ntuulisen suomalaisen miehen el\u00e4m\u00e4nkokemuksista. V\u00e4rikk\u00e4\u00e4t sotamuistelut ovat sit\u00e4 mielenkiintoisinta antia. Kukaan toinen ei osaa paremmin kuvata sotilaan arkiel\u00e4m\u00e4\u00e4 kuin Perhonkankaan Matti.<\/p>\n<p>Te olette odotettu vieras kotiimme Sulkavanj\u00e4rven Lassilaan ja sen pihapiiriin rakennetulle Rukaj\u00e4rven perinnepolun laavulle.<\/p>\n<p>T\u00e4ll\u00e4 kertaa tapaamme Teid\u00e4t 100-vuotisjuhlissanne ik\u00e4tovereittenne seurassa. T\u00e4\u00e4ll\u00e4 ovat 103-vuotias Mikko Bergman ja 100-vuotias is\u00e4ni Tauno Tikkanen. Teit\u00e4 satavuotiaita kunniakansalaisia yhdist\u00e4\u00e4, ik\u00e4nne lis\u00e4ksi my\u00f6s se, ett\u00e4 olette osallistuneet sek\u00e4 Talvi- ett\u00e4 Jatkosotaan.<\/p>\n<figure id=\"attachment_10917\" aria-describedby=\"caption-attachment-10917\" style=\"width: 3072px\" class=\"wp-caption aligncenter\"><a href=\"http:\/\/www.rukajarvensuunnanhistoriayhdistys.fi\/historiayhdistys\/wp-content\/uploads\/2016\/11\/WP_20161115_12_43_30_Pro-Mikko-Tauno-ja-Matti.jpg\"><img loading=\"lazy\" decoding=\"async\" class=\"size-full wp-image-10917\" src=\"http:\/\/www.rukajarvensuunnanhistoriayhdistys.fi\/historiayhdistys\/wp-content\/uploads\/2016\/11\/WP_20161115_12_43_30_Pro-Mikko-Tauno-ja-Matti.jpg\" alt=\"Mikko Bergman s. 1.9.1913, Tauno Tikkanen s. 10.3.1916 ja p\u00e4iv\u00e4nsankari Matti K\u00e4rkk\u00e4inen s. 15.11.1916.\" width=\"3072\" height=\"1728\" data-id=\"10917\" srcset=\"http:\/\/www.rukajarvensuunnanhistoriayhdistys.fi\/historiayhdistys\/wp-content\/uploads\/2016\/11\/WP_20161115_12_43_30_Pro-Mikko-Tauno-ja-Matti.jpg 3072w, http:\/\/www.rukajarvensuunnanhistoriayhdistys.fi\/historiayhdistys\/wp-content\/uploads\/2016\/11\/WP_20161115_12_43_30_Pro-Mikko-Tauno-ja-Matti-300x169.jpg 300w, http:\/\/www.rukajarvensuunnanhistoriayhdistys.fi\/historiayhdistys\/wp-content\/uploads\/2016\/11\/WP_20161115_12_43_30_Pro-Mikko-Tauno-ja-Matti-768x432.jpg 768w, http:\/\/www.rukajarvensuunnanhistoriayhdistys.fi\/historiayhdistys\/wp-content\/uploads\/2016\/11\/WP_20161115_12_43_30_Pro-Mikko-Tauno-ja-Matti-1024x576.jpg 1024w\" sizes=\"auto, (max-width: 3072px) 100vw, 3072px\" \/><\/a><figcaption id=\"caption-attachment-10917\" class=\"wp-caption-text\">Mikko Bergman s. 1.9.1913, Tauno Tikkanen s. 10.3.1916 ja p\u00e4iv\u00e4nsankari Matti K\u00e4rkk\u00e4inen s. 15.11.1916.<\/figcaption><\/figure>\n<p>Teit\u00e4 yhdist\u00e4\u00e4 my\u00f6s haavoittuminen. Vaikeasta haavoittumisesta huolimatta olette suoriutuneet raskaista ty\u00f6teht\u00e4vist\u00e4 ja saavuttaneet korkean 100 vuoden i\u00e4n. Teid\u00e4n yhteinen ik\u00e4nne t\u00e4n\u00e4 p\u00e4iv\u00e4n\u00e4 on per\u00e4ti 304 vuotta yksi kuukausi ja kuusi p\u00e4iv\u00e4\u00e4.<\/p>\n<p>Teit\u00e4 yhdist\u00e4\u00e4 my\u00f6s se, ett\u00e4 Teill\u00e4 on oikeus kantaa kunniakasta Rukaj\u00e4rven rintaman tunnusta &#8211; Rukaj\u00e4rven muistoristi\u00e4. Onkin syyst\u00e4 kertoa muistoristin syntyyn vaikuttaneista tapahtumista.<\/p>\n<p>Ermei Kanninen lausui Rukaj\u00e4rven tien vihki\u00e4ispuheessaan Lieksan Jukolan motissa 2.7.2011 mm. seuraavaa: &#8221;Rukaj\u00e4rven suunta ei ollut mik\u00e4 tahansa rintama. Se oli ainut yhtym\u00e4, joka oli suoraan ylip\u00e4\u00e4llikk\u00f6 marsalkka Mannerheimin alainen. Lis\u00e4ksi se oli ainut rintama J\u00e4\u00e4meren ja Mustan meren v\u00e4lill\u00e4, joka s\u00e4ilytti jo hy\u00f6kk\u00e4ysvaiheessa saavuttamansa asemat. Rukaj\u00e4rven suunnan joukot ylittiv\u00e4t valtakunnan rajan ensimm\u00e4isin\u00e4 joukkoina jo hein\u00e4kuun 2. ja 3. p\u00e4iv\u00e4n v\u00e4lisen\u00e4 y\u00f6n\u00e4 vuonna 1941 Miinoan kiven kohdalla. Rukaj\u00e4rvelt\u00e4 my\u00f6s vet\u00e4ydyttiin viimeisen\u00e4 ja voittamattomana joukkona, kuten komentajanne E.J. Raappana lausui j\u00e4\u00e4hyv\u00e4ispuheessaan Repolassa j\u00e4rjestetyss\u00e4 paraatissa. Te olitte ylip\u00e4\u00e4llik\u00f6n luottomiehi\u00e4.<\/p>\n<p>N\u00e4ill\u00e4 sanoilla haluamme lausua yhdistyksemme puolesta parhaat kiitoksemme Teille Matti K\u00e4rkk\u00e4inen maamme hyv\u00e4ksi suorittamistanne ty\u00f6st\u00e4 ja esit\u00e4mme l\u00e4mpim\u00e4t onnentoivotuksemme merkkip\u00e4iv\u00e4n\u00e4nne.<\/p>\n<p>Matti K\u00e4rkk\u00e4isen syntym\u00e4p\u00e4iv\u00e4juhlan voi kuulla RadioSandelsin juttuarkistosta. Osa 1 <a href=\"https:\/\/soundcloud.com\/radio-sandels\/matti-karkkainen-100v-ohjelma-osa1-6122016\">T\u00c4\u00c4LT\u00c4<\/a> ja osa 2 <a href=\"https:\/\/soundcloud.com\/radio-sandels\/matti-karkkainen-100v-ohjelma-osa2-6122016\">T\u00c4\u00c4LT\u00c4<\/a>. RadioSandels l\u00e4hetti syntym\u00e4konsertin, kappaleet on n\u00e4ht\u00e4viss\u00e4 <a href=\"http:\/\/www.rukajarvensuunnanhistoriayhdistys.fi\/historiayhdistys\/wp-content\/uploads\/2016\/11\/Kirsti-Jauhiainen-ja-Matti-K\u00e4rkk\u00e4inen-100.pdf\">T\u00c4\u00c4LT\u00c4<\/a>.<\/p>\n<p>Onnittelun voi katsoa my\u00f6s (<a href=\"https:\/\/www.facebook.com\/pg\/sotaveteraaniliitto\/videos\/\">T\u00c4\u00c4LT\u00c4<\/a>):<\/p>\n<p>Syntym\u00e4p\u00e4ivist\u00e4 voi lukea lis\u00e4\u00e4 Savon Sanomista (<a href=\"http:\/\/www.savonsanomat.fi\/savo\/Yli-100-vuotias-kaverikolmikko-Toisella-satasella-korjataan-kaikki-aiemmat-virheet\/875218\">T\u00c4\u00c4LT\u00c4<\/a>)<\/p>\n","protected":false},"excerpt":{"rendered":"<p>Matti K\u00e4rkk\u00e4inen (15.11.1916) vietti 100-vuotisjuhliaan Iisalmen Vetre\u00e4Terveys hoitokodissa. H\u00e4nt\u00e4 olivat onnittelemassa 103-vuotias Mikko Bergman (1.9.1913) ja 100-vuotias Tauno Tikkanen (10.3.1916). Satavuotiasta k\u00e4viv\u00e4t onnittelemassa Kiuruveden seurakunnan kirkkoherra Risto Pentik\u00e4inen, Pohjois-Savon sotainvalidipiirin <a class=\"more-link\" href=\"http:\/\/www.rukajarvensuunnanhistoriayhdistys.fi\/historiayhdistys\/matti-karkkainen-satavuotisjuhlassaan-nuorin-veteraani\/\">Teksti jatkuu&#8230;<span class=\"screen-reader-text\">Matti K\u00e4rkk\u00e4inen satavuotisjuhlassaan nuorin veteraani<\/span><span class=\"meta-nav\">\u2192<\/span><\/a><\/p>\n","protected":false},"author":3,"featured_media":0,"comment_status":"closed","ping_status":"open","sticky":false,"template":"","format":"standard","meta":{"footnotes":""},"categories":[22,21],"tags":[],"class_list":["post-10909","post","type-post","status-publish","format-standard","hentry","category-ajankohtaista","category-rukajarvi-keskus"],"yoast_head":"<!-- This site is optimized with the Yoast SEO plugin v27.4 - https:\/\/yoast.com\/product\/yoast-seo-wordpress\/ -->\n<title>Matti K\u00e4rkk\u00e4inen satavuotisjuhlassaan nuorin veteraani - Rukaj\u00e4rven suunnan historiayhdistys<\/title>\n<meta name=\"robots\" content=\"index, follow, max-snippet:-1, max-image-preview:large, max-video-preview:-1\" \/>\n<link rel=\"canonical\" href=\"http:\/\/www.rukajarvensuunnanhistoriayhdistys.fi\/historiayhdistys\/matti-karkkainen-satavuotisjuhlassaan-nuorin-veteraani\/\" \/>\n<meta property=\"og:locale\" content=\"fi_FI\" \/>\n<meta property=\"og:type\" content=\"article\" \/>\n<meta property=\"og:title\" content=\"Matti K\u00e4rkk\u00e4inen satavuotisjuhlassaan nuorin veteraani - Rukaj\u00e4rven suunnan historiayhdistys\" \/>\n<meta property=\"og:description\" content=\"Matti K\u00e4rkk\u00e4inen (15.11.1916) vietti 100-vuotisjuhliaan Iisalmen Vetre\u00e4Terveys hoitokodissa. H\u00e4nt\u00e4 olivat onnittelemassa 103-vuotias Mikko Bergman (1.9.1913) ja 100-vuotias Tauno Tikkanen (10.3.1916). Satavuotiasta k\u00e4viv\u00e4t onnittelemassa Kiuruveden seurakunnan kirkkoherra Risto Pentik\u00e4inen, Pohjois-Savon sotainvalidipiirin Teksti jatkuu...Matti K\u00e4rkk\u00e4inen satavuotisjuhlassaan nuorin veteraani\u2192\" \/>\n<meta property=\"og:url\" content=\"http:\/\/www.rukajarvensuunnanhistoriayhdistys.fi\/historiayhdistys\/matti-karkkainen-satavuotisjuhlassaan-nuorin-veteraani\/\" \/>\n<meta property=\"og:site_name\" content=\"Rukaj\u00e4rven suunnan historiayhdistys\" \/>\n<meta property=\"article:published_time\" content=\"2016-11-15T20:14:35+00:00\" \/>\n<meta property=\"article:modified_time\" content=\"2016-12-13T06:48:28+00:00\" \/>\n<meta property=\"og:image\" content=\"http:\/\/www.rukajarvensuunnanhistoriayhdistys.fi\/historiayhdistys\/wp-content\/uploads\/2016\/11\/DSC03899-Nuorin-veteraani.jpg\" \/>\n<meta name=\"author\" content=\"RSHY\" \/>\n<meta name=\"twitter:label1\" content=\"Kirjoittanut\" \/>\n\t<meta name=\"twitter:data1\" content=\"RSHY\" \/>\n\t<meta name=\"twitter:label2\" content=\"Arvioitu lukuaika\" \/>\n\t<meta name=\"twitter:data2\" content=\"4 minuuttia\" \/>\n<script type=\"application\/ld+json\" class=\"yoast-schema-graph\">{\"@context\":\"https:\\\/\\\/schema.org\",\"@graph\":[{\"@type\":\"Article\",\"@id\":\"http:\\\/\\\/www.rukajarvensuunnanhistoriayhdistys.fi\\\/historiayhdistys\\\/matti-karkkainen-satavuotisjuhlassaan-nuorin-veteraani\\\/#article\",\"isPartOf\":{\"@id\":\"http:\\\/\\\/www.rukajarvensuunnanhistoriayhdistys.fi\\\/historiayhdistys\\\/matti-karkkainen-satavuotisjuhlassaan-nuorin-veteraani\\\/\"},\"author\":{\"name\":\"RSHY\",\"@id\":\"https:\\\/\\\/www.rukajarvensuunnanhistoriayhdistys.fi\\\/historiayhdistys\\\/#\\\/schema\\\/person\\\/19de7db68bf72dfd2b5d7f6dfbf8454d\"},\"headline\":\"Matti K\u00e4rkk\u00e4inen satavuotisjuhlassaan nuorin veteraani\",\"datePublished\":\"2016-11-15T20:14:35+00:00\",\"dateModified\":\"2016-12-13T06:48:28+00:00\",\"mainEntityOfPage\":{\"@id\":\"http:\\\/\\\/www.rukajarvensuunnanhistoriayhdistys.fi\\\/historiayhdistys\\\/matti-karkkainen-satavuotisjuhlassaan-nuorin-veteraani\\\/\"},\"wordCount\":768,\"publisher\":{\"@id\":\"https:\\\/\\\/www.rukajarvensuunnanhistoriayhdistys.fi\\\/historiayhdistys\\\/#organization\"},\"image\":{\"@id\":\"http:\\\/\\\/www.rukajarvensuunnanhistoriayhdistys.fi\\\/historiayhdistys\\\/matti-karkkainen-satavuotisjuhlassaan-nuorin-veteraani\\\/#primaryimage\"},\"thumbnailUrl\":\"http:\\\/\\\/www.rukajarvensuunnanhistoriayhdistys.fi\\\/historiayhdistys\\\/wp-content\\\/uploads\\\/2016\\\/11\\\/DSC03899-Nuorin-veteraani.jpg\",\"articleSection\":[\"Ajankohtaista\",\"Rukaj\u00e4rvi-keskus\"],\"inLanguage\":\"fi\"},{\"@type\":\"WebPage\",\"@id\":\"http:\\\/\\\/www.rukajarvensuunnanhistoriayhdistys.fi\\\/historiayhdistys\\\/matti-karkkainen-satavuotisjuhlassaan-nuorin-veteraani\\\/\",\"url\":\"http:\\\/\\\/www.rukajarvensuunnanhistoriayhdistys.fi\\\/historiayhdistys\\\/matti-karkkainen-satavuotisjuhlassaan-nuorin-veteraani\\\/\",\"name\":\"Matti K\u00e4rkk\u00e4inen satavuotisjuhlassaan nuorin veteraani - Rukaj\u00e4rven suunnan historiayhdistys\",\"isPartOf\":{\"@id\":\"https:\\\/\\\/www.rukajarvensuunnanhistoriayhdistys.fi\\\/historiayhdistys\\\/#website\"},\"primaryImageOfPage\":{\"@id\":\"http:\\\/\\\/www.rukajarvensuunnanhistoriayhdistys.fi\\\/historiayhdistys\\\/matti-karkkainen-satavuotisjuhlassaan-nuorin-veteraani\\\/#primaryimage\"},\"image\":{\"@id\":\"http:\\\/\\\/www.rukajarvensuunnanhistoriayhdistys.fi\\\/historiayhdistys\\\/matti-karkkainen-satavuotisjuhlassaan-nuorin-veteraani\\\/#primaryimage\"},\"thumbnailUrl\":\"http:\\\/\\\/www.rukajarvensuunnanhistoriayhdistys.fi\\\/historiayhdistys\\\/wp-content\\\/uploads\\\/2016\\\/11\\\/DSC03899-Nuorin-veteraani.jpg\",\"datePublished\":\"2016-11-15T20:14:35+00:00\",\"dateModified\":\"2016-12-13T06:48:28+00:00\",\"breadcrumb\":{\"@id\":\"http:\\\/\\\/www.rukajarvensuunnanhistoriayhdistys.fi\\\/historiayhdistys\\\/matti-karkkainen-satavuotisjuhlassaan-nuorin-veteraani\\\/#breadcrumb\"},\"inLanguage\":\"fi\",\"potentialAction\":[{\"@type\":\"ReadAction\",\"target\":[\"http:\\\/\\\/www.rukajarvensuunnanhistoriayhdistys.fi\\\/historiayhdistys\\\/matti-karkkainen-satavuotisjuhlassaan-nuorin-veteraani\\\/\"]}]},{\"@type\":\"ImageObject\",\"inLanguage\":\"fi\",\"@id\":\"http:\\\/\\\/www.rukajarvensuunnanhistoriayhdistys.fi\\\/historiayhdistys\\\/matti-karkkainen-satavuotisjuhlassaan-nuorin-veteraani\\\/#primaryimage\",\"url\":\"http:\\\/\\\/www.rukajarvensuunnanhistoriayhdistys.fi\\\/historiayhdistys\\\/wp-content\\\/uploads\\\/2016\\\/11\\\/DSC03899-Nuorin-veteraani.jpg\",\"contentUrl\":\"http:\\\/\\\/www.rukajarvensuunnanhistoriayhdistys.fi\\\/historiayhdistys\\\/wp-content\\\/uploads\\\/2016\\\/11\\\/DSC03899-Nuorin-veteraani.jpg\",\"width\":4592,\"height\":3056,\"caption\":\"Matti K\u00e4rkk\u00e4inen satavuotisjuhlassaan nuorin veteraani. Matti K\u00e4rkk\u00e4inen (15.11.1916) vietti 100-vuotisjuhliaan Iisalmen Vetre\u00e4Terveys hoitokodissa. H\u00e4nt\u00e4 olivat onnittelemassa 103-vuotias Mikko Bergman (1.9.1913) ja 100-vuotias Tauno Tikkanen (10.3.1916).\"},{\"@type\":\"BreadcrumbList\",\"@id\":\"http:\\\/\\\/www.rukajarvensuunnanhistoriayhdistys.fi\\\/historiayhdistys\\\/matti-karkkainen-satavuotisjuhlassaan-nuorin-veteraani\\\/#breadcrumb\",\"itemListElement\":[{\"@type\":\"ListItem\",\"position\":1,\"name\":\"Etusivu\",\"item\":\"https:\\\/\\\/www.rukajarvensuunnanhistoriayhdistys.fi\\\/historiayhdistys\\\/\"},{\"@type\":\"ListItem\",\"position\":2,\"name\":\"Matti K\u00e4rkk\u00e4inen satavuotisjuhlassaan nuorin veteraani\"}]},{\"@type\":\"WebSite\",\"@id\":\"https:\\\/\\\/www.rukajarvensuunnanhistoriayhdistys.fi\\\/historiayhdistys\\\/#website\",\"url\":\"https:\\\/\\\/www.rukajarvensuunnanhistoriayhdistys.fi\\\/historiayhdistys\\\/\",\"name\":\"Rukaj\u00e4rven suunnan historiayhdistys\",\"description\":\"Rukaj\u00e4rven suunnan historiayhdistyksen verkkosivut.\",\"publisher\":{\"@id\":\"https:\\\/\\\/www.rukajarvensuunnanhistoriayhdistys.fi\\\/historiayhdistys\\\/#organization\"},\"potentialAction\":[{\"@type\":\"SearchAction\",\"target\":{\"@type\":\"EntryPoint\",\"urlTemplate\":\"https:\\\/\\\/www.rukajarvensuunnanhistoriayhdistys.fi\\\/historiayhdistys\\\/?s={search_term_string}\"},\"query-input\":{\"@type\":\"PropertyValueSpecification\",\"valueRequired\":true,\"valueName\":\"search_term_string\"}}],\"inLanguage\":\"fi\"},{\"@type\":\"Organization\",\"@id\":\"https:\\\/\\\/www.rukajarvensuunnanhistoriayhdistys.fi\\\/historiayhdistys\\\/#organization\",\"name\":\"Rukaj\u00e4rven suunnan historiayhdistys\",\"url\":\"https:\\\/\\\/www.rukajarvensuunnanhistoriayhdistys.fi\\\/historiayhdistys\\\/\",\"logo\":{\"@type\":\"ImageObject\",\"inLanguage\":\"fi\",\"@id\":\"https:\\\/\\\/www.rukajarvensuunnanhistoriayhdistys.fi\\\/historiayhdistys\\\/#\\\/schema\\\/logo\\\/image\\\/\",\"url\":\"http:\\\/\\\/www.rukajarvensuunnanhistoriayhdistys.fi\\\/historiayhdistys\\\/wp-content\\\/uploads\\\/2013\\\/12\\\/Otsake_3.jpg\",\"contentUrl\":\"http:\\\/\\\/www.rukajarvensuunnanhistoriayhdistys.fi\\\/historiayhdistys\\\/wp-content\\\/uploads\\\/2013\\\/12\\\/Otsake_3.jpg\",\"width\":1000,\"height\":442,\"caption\":\"Rukaj\u00e4rven suunnan historiayhdistys\"},\"image\":{\"@id\":\"https:\\\/\\\/www.rukajarvensuunnanhistoriayhdistys.fi\\\/historiayhdistys\\\/#\\\/schema\\\/logo\\\/image\\\/\"}},{\"@type\":\"Person\",\"@id\":\"https:\\\/\\\/www.rukajarvensuunnanhistoriayhdistys.fi\\\/historiayhdistys\\\/#\\\/schema\\\/person\\\/19de7db68bf72dfd2b5d7f6dfbf8454d\",\"name\":\"RSHY\",\"image\":{\"@type\":\"ImageObject\",\"inLanguage\":\"fi\",\"@id\":\"https:\\\/\\\/secure.gravatar.com\\\/avatar\\\/598d59263a69cc8de65fcb4f9db78d6f58c098cb0e0ba22d73377441af9fa04c?s=96&d=blank&r=g\",\"url\":\"https:\\\/\\\/secure.gravatar.com\\\/avatar\\\/598d59263a69cc8de65fcb4f9db78d6f58c098cb0e0ba22d73377441af9fa04c?s=96&d=blank&r=g\",\"contentUrl\":\"https:\\\/\\\/secure.gravatar.com\\\/avatar\\\/598d59263a69cc8de65fcb4f9db78d6f58c098cb0e0ba22d73377441af9fa04c?s=96&d=blank&r=g\",\"caption\":\"RSHY\"},\"url\":\"http:\\\/\\\/www.rukajarvensuunnanhistoriayhdistys.fi\\\/historiayhdistys\\\/author\\\/rshy\\\/\"}]}<\/script>\n<!-- \/ Yoast SEO plugin. -->","yoast_head_json":{"title":"Matti K\u00e4rkk\u00e4inen satavuotisjuhlassaan nuorin veteraani - Rukaj\u00e4rven suunnan historiayhdistys","robots":{"index":"index","follow":"follow","max-snippet":"max-snippet:-1","max-image-preview":"max-image-preview:large","max-video-preview":"max-video-preview:-1"},"canonical":"http:\/\/www.rukajarvensuunnanhistoriayhdistys.fi\/historiayhdistys\/matti-karkkainen-satavuotisjuhlassaan-nuorin-veteraani\/","og_locale":"fi_FI","og_type":"article","og_title":"Matti K\u00e4rkk\u00e4inen satavuotisjuhlassaan nuorin veteraani - Rukaj\u00e4rven suunnan historiayhdistys","og_description":"Matti K\u00e4rkk\u00e4inen (15.11.1916) vietti 100-vuotisjuhliaan Iisalmen Vetre\u00e4Terveys hoitokodissa. H\u00e4nt\u00e4 olivat onnittelemassa 103-vuotias Mikko Bergman (1.9.1913) ja 100-vuotias Tauno Tikkanen (10.3.1916). Satavuotiasta k\u00e4viv\u00e4t onnittelemassa Kiuruveden seurakunnan kirkkoherra Risto Pentik\u00e4inen, Pohjois-Savon sotainvalidipiirin Teksti jatkuu...Matti K\u00e4rkk\u00e4inen satavuotisjuhlassaan nuorin veteraani\u2192","og_url":"http:\/\/www.rukajarvensuunnanhistoriayhdistys.fi\/historiayhdistys\/matti-karkkainen-satavuotisjuhlassaan-nuorin-veteraani\/","og_site_name":"Rukaj\u00e4rven suunnan historiayhdistys","article_published_time":"2016-11-15T20:14:35+00:00","article_modified_time":"2016-12-13T06:48:28+00:00","og_image":[{"url":"http:\/\/www.rukajarvensuunnanhistoriayhdistys.fi\/historiayhdistys\/wp-content\/uploads\/2016\/11\/DSC03899-Nuorin-veteraani.jpg","type":"","width":"","height":""}],"author":"RSHY","twitter_misc":{"Kirjoittanut":"RSHY","Arvioitu lukuaika":"4 minuuttia"},"schema":{"@context":"https:\/\/schema.org","@graph":[{"@type":"Article","@id":"http:\/\/www.rukajarvensuunnanhistoriayhdistys.fi\/historiayhdistys\/matti-karkkainen-satavuotisjuhlassaan-nuorin-veteraani\/#article","isPartOf":{"@id":"http:\/\/www.rukajarvensuunnanhistoriayhdistys.fi\/historiayhdistys\/matti-karkkainen-satavuotisjuhlassaan-nuorin-veteraani\/"},"author":{"name":"RSHY","@id":"https:\/\/www.rukajarvensuunnanhistoriayhdistys.fi\/historiayhdistys\/#\/schema\/person\/19de7db68bf72dfd2b5d7f6dfbf8454d"},"headline":"Matti K\u00e4rkk\u00e4inen satavuotisjuhlassaan nuorin veteraani","datePublished":"2016-11-15T20:14:35+00:00","dateModified":"2016-12-13T06:48:28+00:00","mainEntityOfPage":{"@id":"http:\/\/www.rukajarvensuunnanhistoriayhdistys.fi\/historiayhdistys\/matti-karkkainen-satavuotisjuhlassaan-nuorin-veteraani\/"},"wordCount":768,"publisher":{"@id":"https:\/\/www.rukajarvensuunnanhistoriayhdistys.fi\/historiayhdistys\/#organization"},"image":{"@id":"http:\/\/www.rukajarvensuunnanhistoriayhdistys.fi\/historiayhdistys\/matti-karkkainen-satavuotisjuhlassaan-nuorin-veteraani\/#primaryimage"},"thumbnailUrl":"http:\/\/www.rukajarvensuunnanhistoriayhdistys.fi\/historiayhdistys\/wp-content\/uploads\/2016\/11\/DSC03899-Nuorin-veteraani.jpg","articleSection":["Ajankohtaista","Rukaj\u00e4rvi-keskus"],"inLanguage":"fi"},{"@type":"WebPage","@id":"http:\/\/www.rukajarvensuunnanhistoriayhdistys.fi\/historiayhdistys\/matti-karkkainen-satavuotisjuhlassaan-nuorin-veteraani\/","url":"http:\/\/www.rukajarvensuunnanhistoriayhdistys.fi\/historiayhdistys\/matti-karkkainen-satavuotisjuhlassaan-nuorin-veteraani\/","name":"Matti K\u00e4rkk\u00e4inen satavuotisjuhlassaan nuorin veteraani - Rukaj\u00e4rven suunnan historiayhdistys","isPartOf":{"@id":"https:\/\/www.rukajarvensuunnanhistoriayhdistys.fi\/historiayhdistys\/#website"},"primaryImageOfPage":{"@id":"http:\/\/www.rukajarvensuunnanhistoriayhdistys.fi\/historiayhdistys\/matti-karkkainen-satavuotisjuhlassaan-nuorin-veteraani\/#primaryimage"},"image":{"@id":"http:\/\/www.rukajarvensuunnanhistoriayhdistys.fi\/historiayhdistys\/matti-karkkainen-satavuotisjuhlassaan-nuorin-veteraani\/#primaryimage"},"thumbnailUrl":"http:\/\/www.rukajarvensuunnanhistoriayhdistys.fi\/historiayhdistys\/wp-content\/uploads\/2016\/11\/DSC03899-Nuorin-veteraani.jpg","datePublished":"2016-11-15T20:14:35+00:00","dateModified":"2016-12-13T06:48:28+00:00","breadcrumb":{"@id":"http:\/\/www.rukajarvensuunnanhistoriayhdistys.fi\/historiayhdistys\/matti-karkkainen-satavuotisjuhlassaan-nuorin-veteraani\/#breadcrumb"},"inLanguage":"fi","potentialAction":[{"@type":"ReadAction","target":["http:\/\/www.rukajarvensuunnanhistoriayhdistys.fi\/historiayhdistys\/matti-karkkainen-satavuotisjuhlassaan-nuorin-veteraani\/"]}]},{"@type":"ImageObject","inLanguage":"fi","@id":"http:\/\/www.rukajarvensuunnanhistoriayhdistys.fi\/historiayhdistys\/matti-karkkainen-satavuotisjuhlassaan-nuorin-veteraani\/#primaryimage","url":"http:\/\/www.rukajarvensuunnanhistoriayhdistys.fi\/historiayhdistys\/wp-content\/uploads\/2016\/11\/DSC03899-Nuorin-veteraani.jpg","contentUrl":"http:\/\/www.rukajarvensuunnanhistoriayhdistys.fi\/historiayhdistys\/wp-content\/uploads\/2016\/11\/DSC03899-Nuorin-veteraani.jpg","width":4592,"height":3056,"caption":"Matti K\u00e4rkk\u00e4inen satavuotisjuhlassaan nuorin veteraani. Matti K\u00e4rkk\u00e4inen (15.11.1916) vietti 100-vuotisjuhliaan Iisalmen Vetre\u00e4Terveys hoitokodissa. H\u00e4nt\u00e4 olivat onnittelemassa 103-vuotias Mikko Bergman (1.9.1913) ja 100-vuotias Tauno Tikkanen (10.3.1916)."},{"@type":"BreadcrumbList","@id":"http:\/\/www.rukajarvensuunnanhistoriayhdistys.fi\/historiayhdistys\/matti-karkkainen-satavuotisjuhlassaan-nuorin-veteraani\/#breadcrumb","itemListElement":[{"@type":"ListItem","position":1,"name":"Etusivu","item":"https:\/\/www.rukajarvensuunnanhistoriayhdistys.fi\/historiayhdistys\/"},{"@type":"ListItem","position":2,"name":"Matti K\u00e4rkk\u00e4inen satavuotisjuhlassaan nuorin veteraani"}]},{"@type":"WebSite","@id":"https:\/\/www.rukajarvensuunnanhistoriayhdistys.fi\/historiayhdistys\/#website","url":"https:\/\/www.rukajarvensuunnanhistoriayhdistys.fi\/historiayhdistys\/","name":"Rukaj\u00e4rven suunnan historiayhdistys","description":"Rukaj\u00e4rven suunnan historiayhdistyksen verkkosivut.","publisher":{"@id":"https:\/\/www.rukajarvensuunnanhistoriayhdistys.fi\/historiayhdistys\/#organization"},"potentialAction":[{"@type":"SearchAction","target":{"@type":"EntryPoint","urlTemplate":"https:\/\/www.rukajarvensuunnanhistoriayhdistys.fi\/historiayhdistys\/?s={search_term_string}"},"query-input":{"@type":"PropertyValueSpecification","valueRequired":true,"valueName":"search_term_string"}}],"inLanguage":"fi"},{"@type":"Organization","@id":"https:\/\/www.rukajarvensuunnanhistoriayhdistys.fi\/historiayhdistys\/#organization","name":"Rukaj\u00e4rven suunnan historiayhdistys","url":"https:\/\/www.rukajarvensuunnanhistoriayhdistys.fi\/historiayhdistys\/","logo":{"@type":"ImageObject","inLanguage":"fi","@id":"https:\/\/www.rukajarvensuunnanhistoriayhdistys.fi\/historiayhdistys\/#\/schema\/logo\/image\/","url":"http:\/\/www.rukajarvensuunnanhistoriayhdistys.fi\/historiayhdistys\/wp-content\/uploads\/2013\/12\/Otsake_3.jpg","contentUrl":"http:\/\/www.rukajarvensuunnanhistoriayhdistys.fi\/historiayhdistys\/wp-content\/uploads\/2013\/12\/Otsake_3.jpg","width":1000,"height":442,"caption":"Rukaj\u00e4rven suunnan historiayhdistys"},"image":{"@id":"https:\/\/www.rukajarvensuunnanhistoriayhdistys.fi\/historiayhdistys\/#\/schema\/logo\/image\/"}},{"@type":"Person","@id":"https:\/\/www.rukajarvensuunnanhistoriayhdistys.fi\/historiayhdistys\/#\/schema\/person\/19de7db68bf72dfd2b5d7f6dfbf8454d","name":"RSHY","image":{"@type":"ImageObject","inLanguage":"fi","@id":"https:\/\/secure.gravatar.com\/avatar\/598d59263a69cc8de65fcb4f9db78d6f58c098cb0e0ba22d73377441af9fa04c?s=96&d=blank&r=g","url":"https:\/\/secure.gravatar.com\/avatar\/598d59263a69cc8de65fcb4f9db78d6f58c098cb0e0ba22d73377441af9fa04c?s=96&d=blank&r=g","contentUrl":"https:\/\/secure.gravatar.com\/avatar\/598d59263a69cc8de65fcb4f9db78d6f58c098cb0e0ba22d73377441af9fa04c?s=96&d=blank&r=g","caption":"RSHY"},"url":"http:\/\/www.rukajarvensuunnanhistoriayhdistys.fi\/historiayhdistys\/author\/rshy\/"}]}},"_links":{"self":[{"href":"http:\/\/www.rukajarvensuunnanhistoriayhdistys.fi\/historiayhdistys\/wp-json\/wp\/v2\/posts\/10909","targetHints":{"allow":["GET"]}}],"collection":[{"href":"http:\/\/www.rukajarvensuunnanhistoriayhdistys.fi\/historiayhdistys\/wp-json\/wp\/v2\/posts"}],"about":[{"href":"http:\/\/www.rukajarvensuunnanhistoriayhdistys.fi\/historiayhdistys\/wp-json\/wp\/v2\/types\/post"}],"author":[{"embeddable":true,"href":"http:\/\/www.rukajarvensuunnanhistoriayhdistys.fi\/historiayhdistys\/wp-json\/wp\/v2\/users\/3"}],"replies":[{"embeddable":true,"href":"http:\/\/www.rukajarvensuunnanhistoriayhdistys.fi\/historiayhdistys\/wp-json\/wp\/v2\/comments?post=10909"}],"version-history":[{"count":7,"href":"http:\/\/www.rukajarvensuunnanhistoriayhdistys.fi\/historiayhdistys\/wp-json\/wp\/v2\/posts\/10909\/revisions"}],"predecessor-version":[{"id":10920,"href":"http:\/\/www.rukajarvensuunnanhistoriayhdistys.fi\/historiayhdistys\/wp-json\/wp\/v2\/posts\/10909\/revisions\/10920"}],"wp:attachment":[{"href":"http:\/\/www.rukajarvensuunnanhistoriayhdistys.fi\/historiayhdistys\/wp-json\/wp\/v2\/media?parent=10909"}],"wp:term":[{"taxonomy":"category","embeddable":true,"href":"http:\/\/www.rukajarvensuunnanhistoriayhdistys.fi\/historiayhdistys\/wp-json\/wp\/v2\/categories?post=10909"},{"taxonomy":"post_tag","embeddable":true,"href":"http:\/\/www.rukajarvensuunnanhistoriayhdistys.fi\/historiayhdistys\/wp-json\/wp\/v2\/tags?post=10909"}],"curies":[{"name":"wp","href":"https:\/\/api.w.org\/{rel}","templated":true}]}}