{"id":10925,"date":"2016-11-20T09:22:55","date_gmt":"2016-11-20T07:22:55","guid":{"rendered":"http:\/\/www.rukajarvensuunnanhistoriayhdistys.fi\/historiayhdistys\/?p=10925"},"modified":"2018-11-21T23:04:47","modified_gmt":"2018-11-21T21:04:47","slug":"paavo-salmensuu-90-vuotta-22-11-2016","status":"publish","type":"post","link":"http:\/\/www.rukajarvensuunnanhistoriayhdistys.fi\/historiayhdistys\/paavo-salmensuu-90-vuotta-22-11-2016\/","title":{"rendered":"Paavo Salmensuu 90 vuotta 22.11.2016"},"content":{"rendered":"<div class=\"fcbkbttn_buttons_block\" id=\"fcbkbttn_left\"><div class=\"fcbkbttn_like \"><fb:like href=\"http:\/\/www.rukajarvensuunnanhistoriayhdistys.fi\/historiayhdistys\/paavo-salmensuu-90-vuotta-22-11-2016\/\" action=\"like\" colorscheme=\"light\" layout=\"button_count\"  size=\"small\"><\/fb:like><\/div><\/div><p><span style=\"color: #000000; font-family: Calibri; font-size: medium;\">Yhdistyksemme perustajaj\u00e4sen Paavo Salmensuu t\u00e4ytt\u00e4\u00e4 22.11.2016 90 vuotta. H\u00e4n toimi yhdistyksen hallituksen j\u00e4senen\u00e4 yhdistyksen perustamisesta alkaen ja hallituksen varapuheenjohtajana vuodet 2012-2014. Paavo viett\u00e4\u00e4 syntym\u00e4p\u00e4ivi\u00e4\u00e4n l\u00e4heistens\u00e4 kanssa, joten yhdistyksen edustajat k\u00e4viv\u00e4t tervehtim\u00e4ss\u00e4 h\u00e4nt\u00e4 ennakkoon 12.11.2016. Joensuun Vetre\u00e4 Terveys kuntoutuslaitoksessa j\u00e4rjestettiin kahvitilaisuus, jossa h\u00e4nelle luovutettiin yhdistyksen viimeksi julkaiseman teoksen &#8221;Raappanan ritari&#8221; numeroitu kappale. <\/span><\/p>\n<figure id=\"attachment_10898\" aria-describedby=\"caption-attachment-10898\" style=\"width: 3072px\" class=\"wp-caption aligncenter\"><a href=\"http:\/\/www.rukajarvensuunnanhistoriayhdistys.fi\/historiayhdistys\/wp-content\/uploads\/2016\/11\/WP_20161112_16_38_35_Pro-Paavo-Salmensuu.jpg\"><img loading=\"lazy\" decoding=\"async\" class=\"size-full wp-image-10898\" src=\"http:\/\/www.rukajarvensuunnanhistoriayhdistys.fi\/historiayhdistys\/wp-content\/uploads\/2016\/11\/WP_20161112_16_38_35_Pro-Paavo-Salmensuu.jpg\" alt=\"Paavo Salmensuu puolisoineen.\" width=\"3072\" height=\"1728\" data-id=\"10898\" srcset=\"http:\/\/www.rukajarvensuunnanhistoriayhdistys.fi\/historiayhdistys\/wp-content\/uploads\/2016\/11\/WP_20161112_16_38_35_Pro-Paavo-Salmensuu.jpg 3072w, http:\/\/www.rukajarvensuunnanhistoriayhdistys.fi\/historiayhdistys\/wp-content\/uploads\/2016\/11\/WP_20161112_16_38_35_Pro-Paavo-Salmensuu-300x169.jpg 300w, http:\/\/www.rukajarvensuunnanhistoriayhdistys.fi\/historiayhdistys\/wp-content\/uploads\/2016\/11\/WP_20161112_16_38_35_Pro-Paavo-Salmensuu-768x432.jpg 768w, http:\/\/www.rukajarvensuunnanhistoriayhdistys.fi\/historiayhdistys\/wp-content\/uploads\/2016\/11\/WP_20161112_16_38_35_Pro-Paavo-Salmensuu-1024x576.jpg 1024w\" sizes=\"auto, (max-width: 3072px) 100vw, 3072px\" \/><\/a><figcaption id=\"caption-attachment-10898\" class=\"wp-caption-text\">Paavo Salmensuu puolisoineen. Onnittelumme.<\/figcaption><\/figure>\n<figure id=\"attachment_10899\" aria-describedby=\"caption-attachment-10899\" style=\"width: 5376px\" class=\"wp-caption aligncenter\"><a href=\"http:\/\/www.rukajarvensuunnanhistoriayhdistys.fi\/historiayhdistys\/wp-content\/uploads\/2016\/11\/WP_20161112_16_45_03_Pro__highres-Paavo-Salmensuu.jpg\"><img loading=\"lazy\" decoding=\"async\" class=\"size-full wp-image-10899\" src=\"http:\/\/www.rukajarvensuunnanhistoriayhdistys.fi\/historiayhdistys\/wp-content\/uploads\/2016\/11\/WP_20161112_16_45_03_Pro__highres-Paavo-Salmensuu.jpg\" alt=\"Paavo Salmensuu t\u00e4ytt\u00e4\u00e4 90 vuotta 22.11.2016. Yhdistyksen edustajat luovuttivat veteraanille Raappanan ritari teoksen numeroidun kappaleen Joensuussa pidetyss\u00e4 kahvitilaisuudessa. Kuvassa Aimo Kettunen, Paavo ja Salmensuu, Olavi Tiittanen, Hannu Kauppinen ja Seppo R\u00e4ih\u00e4\" width=\"5376\" height=\"3024\" data-id=\"10899\" srcset=\"http:\/\/www.rukajarvensuunnanhistoriayhdistys.fi\/historiayhdistys\/wp-content\/uploads\/2016\/11\/WP_20161112_16_45_03_Pro__highres-Paavo-Salmensuu.jpg 5376w, http:\/\/www.rukajarvensuunnanhistoriayhdistys.fi\/historiayhdistys\/wp-content\/uploads\/2016\/11\/WP_20161112_16_45_03_Pro__highres-Paavo-Salmensuu-300x169.jpg 300w, http:\/\/www.rukajarvensuunnanhistoriayhdistys.fi\/historiayhdistys\/wp-content\/uploads\/2016\/11\/WP_20161112_16_45_03_Pro__highres-Paavo-Salmensuu-768x432.jpg 768w, http:\/\/www.rukajarvensuunnanhistoriayhdistys.fi\/historiayhdistys\/wp-content\/uploads\/2016\/11\/WP_20161112_16_45_03_Pro__highres-Paavo-Salmensuu-1024x576.jpg 1024w\" sizes=\"auto, (max-width: 5376px) 100vw, 5376px\" \/><\/a><figcaption id=\"caption-attachment-10899\" class=\"wp-caption-text\">Paavo Salmensuu t\u00e4ytt\u00e4\u00e4 90 vuotta 22.11.2016. Yhdistyksen edustajat luovuttivat veteraanille Raappanan ritari teoksen numeroidun kappaleen Joensuussa pidetyss\u00e4 kahvitilaisuudessa. Kuvassa Aimo Kettunen, Paavo Salmensuu puolisoineen, Olavi L\u00f6s\u00f6nen, Olavi Tiittanen, Hannu Kauppinen ja Seppo R\u00e4ih\u00e4. Kuva Tenho Tikkanen.<\/figcaption><\/figure>\n<p><span style=\"color: #000000; font-family: Calibri; font-size: medium;\">Tilaisuuteen olivat saapuneet Joensuun alueelta j\u00e4senet Aimo Kettunen, Hannu Kauppinen sek\u00e4 hallituksen j\u00e4senist\u00e4 veteraani, yhdistyksen nykyinen varapuheenjohtaja Olavi Tiittanen sek\u00e4 Seppo R\u00e4ih\u00e4 ja Tenho Tikkanen.<\/span><\/p>\n<p><span style=\"color: #000000; font-family: Calibri; font-size: medium;\">Tilaisuuteen oli saapunut my\u00f6s Pohjois-Karjalan Sotaveteraanit ry:n entinen pitk\u00e4aikainen puheenjohtaja Olavi L\u00f6s\u00f6nen, joka avasi tilaisuuden ja lausui runon.<\/span><\/p>\n<p><strong><u>Puheenjohtaja Tenho Tikkanen <\/u><\/strong><strong><u>12.11.2016 Paavo Salmensuun 90-vuotisp\u00e4iv\u00e4onnittelut:<\/u><\/strong><\/p>\n<p><u>\u00a0<\/u>Arvoisat Paavo Salmensuu ja puoliso, arvoisat veteraanit, hyv\u00e4t l\u00e4sn\u00e4olijat.<\/p>\n<p>Olemme kovin iloisia siit\u00e4, ett\u00e4 voimme Rukaj\u00e4rven suunnan veteraanihengess\u00e4 ja l\u00e4heisten ihmisten seurassa &#8211; perhepiiriss\u00e4 &#8211; onnitella Teit\u00e4 merkkip\u00e4iv\u00e4nne johdosta. T\u00e4yt\u00e4tte pian 90 vuotta. Veteraaniveljenne &#8211; is\u00e4ni Tauno Tikkanen pyysi my\u00f6s onnittelemaan Teit\u00e4 merkkip\u00e4iv\u00e4nne johdosta.<\/p>\n<p>Tulitte ensimm\u00e4isen\u00e4 veteraanina yhdistyksemme hallituksen j\u00e4seneksi. Olemme kovin kiitollisia ty\u00f6st\u00e4nne yhdistyksemme hyv\u00e4ksi.<\/p>\n<p>Kaikkina niin\u00e4 vuosina, joina toimitte yhdistyksemme hallituksessa, teimme kauaskantoisia p\u00e4\u00e4t\u00f6ksi\u00e4 ja tekoja Rukaj\u00e4rven perinnety\u00f6n saralla. N\u00e4ist\u00e4 mainittakoon Rukaj\u00e4rven tien vihkiminen 2.7.2011, Rukaj\u00e4rvi-keskusten perustaminen ja my\u00f6s n\u00e4it\u00e4 edelt\u00e4v\u00e4 laaja julkaisutoiminta. Toimitte eturiviss\u00e4 varojen ker\u00e4\u00e4miseksi toimintaamme varten. Kun apua tarvittiin, olitte aina valmis ty\u00f6ntekoon. T\u00e4st\u00e4 kaikesta esit\u00e4mme parhaat kiitoksemme.<\/p>\n<p>Tietenkin heti alkuun on todettava, ett\u00e4 Te arvoisat veteraanit loitte perustan t\u00e4lle veteraaniperinteen keruuty\u00f6llemme toimittuanne er\u00e4maassa kaukana kotoa pitkin\u00e4 ja raskaina sotavuosina sek\u00e4 sotien j\u00e4lkeen yhteisiss\u00e4 veteraanitilaisuuksissa.<\/p>\n<p>Rukaj\u00e4rven suunnan taistelut ovat j\u00e4rjestelm\u00e4llisen perinnety\u00f6n ansiosta tulleet tunnetuiksi yhdess\u00e4 muiden maineikkaiden taistelujen kanssa. Ermei Kanninen lausui Rukaj\u00e4rven tien vihki\u00e4ispuheessaan Lieksan Jukolan motissa 2.7.2011 mm. seuraavaa: &#8221;Rukaj\u00e4rven suunta ei ollut mik\u00e4 tahansa rintama. Se oli ainut yhtym\u00e4, joka oli suoraan ylip\u00e4\u00e4llikk\u00f6 marsalkka Mannerheimin alainen. Lis\u00e4ksi se oli ainut rintama J\u00e4\u00e4meren ja Mustan meren v\u00e4lill\u00e4, joka s\u00e4ilytti jo hy\u00f6kk\u00e4ysvaiheessa saavuttamansa asemat. Rukaj\u00e4rven suunnan joukot ylittiv\u00e4t valtakunnan rajan ensimm\u00e4isin\u00e4 joukkoina jo hein\u00e4kuun 2. ja 3. p\u00e4iv\u00e4n v\u00e4lisen\u00e4 y\u00f6n\u00e4 vuonna 1941 Miinoan kiven kohdalla. Rukaj\u00e4rvelt\u00e4 my\u00f6s vet\u00e4ydyttiin viimeisen\u00e4 ja voittamattomana joukkona, kuten komentajanne E.J. Raappana lausui j\u00e4\u00e4hyv\u00e4ispuheessaan Repolassa j\u00e4rjestetyss\u00e4 paraatissa. Te olitte ylip\u00e4\u00e4llik\u00f6n luottomiehi\u00e4.<\/p>\n<p>Te arvoisat veteraanit k\u00e4ynnistitte suunnan perinnety\u00f6n Lieksassa vuonna 1965. T\u00e4st\u00e4 meit\u00e4 muistuttaa teid\u00e4n toimestanne Lieksan kaupungin keskustaan 6.6.1966 pystytetty \u201dJotos\u201d muistomerkki. Lieksan tapahtuman j\u00e4lkeen kokoonnuitte parin vuoden v\u00e4lein Lieksan lis\u00e4ksi Kajaanissa, Iisalmessa, Kuhmossa, Sotkamossa sek\u00e4 Nurmeksessa, jossa 15.6.1986 pit\u00e4m\u00e4ss\u00e4nne juhlassa k\u00e4ynnistitte Rukaj\u00e4rven suunnan historiankirjoitusty\u00f6n. Se tuotti huikeat 10.000 sivua veteraanien kerrontaa. Haastattelitte kaikkiaan 640 veteraania. N\u00e4iden haastattelujen tuloksena Antti Tuuri, Onni Palaste, Urpo Korhonen sek\u00e4 Esa Siren ovat kirjoittaneet tunnetut teoksensa. Olli Saarelan ohjaama Rukaj\u00e4rven tie-elokuva oli julkitultuaan vuonna 1999 katsotuin elokuva. My\u00f6s tuo elokuva sai alkunsa teid\u00e4n suorittamanne ker\u00e4ysty\u00f6n tuloksena.<\/p>\n<p>Te arvoisat veteraanit teitte Nurmeksessa v. 1986 p\u00e4\u00e4t\u00f6kset Rukaj\u00e4rven veteraanimuistelmien kokoamisesta ja suunnan historiaty\u00f6n k\u00e4ynnist\u00e4misest\u00e4. Te t\u00e4\u00e4ll\u00e4 paikalla olevat veteraanit olette itse toimineet hyv\u00e4n\u00e4 esimerkkin\u00e4 ja olette huolehtineet siit\u00e4, ett\u00e4 tieto s\u00e4ilyy ja jalostuu tulevien sukupolvien k\u00e4ytt\u00f6\u00f6n my\u00f6s henkil\u00f6kohtaisten muistelmien osalta. Olemme etuoikeutettu sukupolvi, joka viel\u00e4 voi henkil\u00f6kohtaisesti tavata teit\u00e4, keskustella kanssanne ja t\u00e4ytt\u00e4\u00e4 toiveenne veteraanity\u00f6n jatkamisesta toivomustenne mukaisesti.<\/p>\n<p>Esimerkin voima kantaa kauas. Rintamakokemuksenne on ollut teid\u00e4n tulevan el\u00e4m\u00e4nne kannalta varmaankin se voimavara, joka on tehnyt teist\u00e4 esimerkillisi\u00e4 ihmisi\u00e4, perheenisi\u00e4 ja esimiehi\u00e4.<\/p>\n<p><strong><em>Vanhan mietelauseen mukaan: &#8221;kansakunnalla, joka ei tunne<\/em><\/strong> historiaansa, <strong><em>ei<\/em><\/strong> ole tulevaisuutta&#8221;. Meid\u00e4n, veteraanien lasten erityinen velvollisuus on huolehtia siit\u00e4, ett\u00e4 veteraanien muistelmat tallentuvat j\u00e4lkipolville. Perinnetiedon kokoamisella haluamme osoittaa kunnioituksemme Teit\u00e4 Paavo Salmensuu sek\u00e4 kaikkia muita sotiemme veteraaneja ja koko sit\u00e4 sukupolvea kohtaan, jotka velvollisuudentuntoisesti hoitivat teht\u00e4v\u00e4ns\u00e4 vaikeissa oloissa satojen kilometrien p\u00e4\u00e4ss\u00e4 kotoa, sek\u00e4 kotirintamalla huolehtien perheist\u00e4 ja arkisista askareista.<\/p>\n<p>N\u00e4ill\u00e4 sanoilla haluamme lausua yhdistyksemme puolesta parhaat kiitoksemme ja onnentoivotuksemme merkkip\u00e4iv\u00e4n\u00e4nne.<\/p>\n<p>****<\/p>\n<p><span style=\"color: #000000; font-family: Calibri; font-size: medium;\">\u00a0<\/span><strong><span style=\"color: #000000; font-family: Calibri; font-size: medium;\">Armas Tuonoselle Raappanan ritari -teos<\/span><\/strong><\/p>\n<p><span style=\"color: #000000; font-family: Calibri; font-size: medium;\">Armas Tuononen (s.7.4.1924)oli estynyt saapumasta aseveljens\u00e4 ja hyv\u00e4n yst\u00e4v\u00e4ns\u00e4 Paavo Salmensuun syntym\u00e4p\u00e4iv\u00e4n kunniaksi j\u00e4rjestettyyn kahvitilaisuuteen. Armas Tuononen ja Paavo Salmensuu ovat olleet vakiovieraita yhdistyksemme tilaisuuksissa aivan n\u00e4ihin p\u00e4iviin saakka. Armas on musiikkimiehi\u00e4. Rukaj\u00e4rven bussimatkat ovat sujuneet joutuisammin Armaksen toimiessa bussimatkoilla esilaulajana. <\/span><\/p>\n<figure id=\"attachment_10900\" aria-describedby=\"caption-attachment-10900\" style=\"width: 5376px\" class=\"wp-caption aligncenter\"><a href=\"http:\/\/www.rukajarvensuunnanhistoriayhdistys.fi\/historiayhdistys\/wp-content\/uploads\/2016\/11\/WP_20161112_18_18_07_Pro__highres-Armas-Tuononen.jpg\"><img loading=\"lazy\" decoding=\"async\" class=\"size-full wp-image-10900\" src=\"http:\/\/www.rukajarvensuunnanhistoriayhdistys.fi\/historiayhdistys\/wp-content\/uploads\/2016\/11\/WP_20161112_18_18_07_Pro__highres-Armas-Tuononen.jpg\" alt=\"Veteraani Armas Tuonoselle luovutettiin Raappanan ritari -teos 12.11.2016. Seppo R\u00e4ih\u00e4 onnittelee veteraania. Kuva Tenho Tikkanen.\" width=\"5376\" height=\"3024\" data-id=\"10900\" srcset=\"http:\/\/www.rukajarvensuunnanhistoriayhdistys.fi\/historiayhdistys\/wp-content\/uploads\/2016\/11\/WP_20161112_18_18_07_Pro__highres-Armas-Tuononen.jpg 5376w, http:\/\/www.rukajarvensuunnanhistoriayhdistys.fi\/historiayhdistys\/wp-content\/uploads\/2016\/11\/WP_20161112_18_18_07_Pro__highres-Armas-Tuononen-300x169.jpg 300w, http:\/\/www.rukajarvensuunnanhistoriayhdistys.fi\/historiayhdistys\/wp-content\/uploads\/2016\/11\/WP_20161112_18_18_07_Pro__highres-Armas-Tuononen-768x432.jpg 768w, http:\/\/www.rukajarvensuunnanhistoriayhdistys.fi\/historiayhdistys\/wp-content\/uploads\/2016\/11\/WP_20161112_18_18_07_Pro__highres-Armas-Tuononen-1024x576.jpg 1024w\" sizes=\"auto, (max-width: 5376px) 100vw, 5376px\" \/><\/a><figcaption id=\"caption-attachment-10900\" class=\"wp-caption-text\">Veteraani Armas Tuonoselle luovutettiin Raappanan ritari -teos 12.11.2016. Seppo R\u00e4ih\u00e4 onnittelee veteraania. Kuva Tenho Tikkanen.<\/figcaption><\/figure>\n<p><span style=\"color: #000000; font-family: Calibri; font-size: medium;\">Netist\u00e4 voitte katsoa lis\u00e4\u00e4 Paavosta: <\/span>Kirjoitus netist\u00e4 mm.\u00a0(<a href=\"http:\/\/koulut.kontiolahti.fi\/lukio\/ilpo\/rukaj08.html\">T\u00e4\u00e4lt\u00e4<\/a>), <span style=\"color: #000000; font-family: Calibri; font-size: medium;\">RSHY:n sivulta mm.\u00a0(<a href=\"http:\/\/www.rukajarvensuunnanhistoriayhdistys.fi\/historiayhdistys\/aleksis-kiven-paivan-viesti-veteraani-paavo-salmensuulta\/\">T\u00e4\u00e4lt\u00e4<\/a>), (<\/span><span style=\"color: #000000; font-family: Calibri; font-size: medium;\">YLE Areena (<a href=\"http:\/\/yle.fi\/aihe\/artikkeli\/2009\/09\/08\/tv-saamies-paavo-salmensuu\">T\u00e4\u00e4lt\u00e4<\/a>) ja <span style=\"font-family: Calibri;\">(<a href=\"http:\/\/yle.fi\/uutiset\/3-6811812\">T\u00e4\u00e4lt\u00e4<\/a>)<\/span>\u00a0sek\u00e4 <span style=\"font-family: Calibri;\">(<a href=\"http:\/\/areena.yle.fi\/1-2018347\">T\u00e4\u00e4lt\u00e4<\/a>)<\/span>.\u00a0<\/span><\/p>\n","protected":false},"excerpt":{"rendered":"<p>Yhdistyksemme perustajaj\u00e4sen Paavo Salmensuu t\u00e4ytt\u00e4\u00e4 22.11.2016 90 vuotta. H\u00e4n toimi yhdistyksen hallituksen j\u00e4senen\u00e4 yhdistyksen perustamisesta alkaen ja hallituksen varapuheenjohtajana vuodet 2012-2014. Paavo viett\u00e4\u00e4 syntym\u00e4p\u00e4ivi\u00e4\u00e4n l\u00e4heistens\u00e4 kanssa, joten yhdistyksen edustajat k\u00e4viv\u00e4t <a class=\"more-link\" href=\"http:\/\/www.rukajarvensuunnanhistoriayhdistys.fi\/historiayhdistys\/paavo-salmensuu-90-vuotta-22-11-2016\/\">Teksti jatkuu&#8230;<span class=\"screen-reader-text\">Paavo Salmensuu 90 vuotta 22.11.2016<\/span><span class=\"meta-nav\">\u2192<\/span><\/a><\/p>\n","protected":false},"author":3,"featured_media":0,"comment_status":"closed","ping_status":"open","sticky":false,"template":"","format":"standard","meta":{"footnotes":""},"categories":[17],"tags":[],"class_list":["post-10925","post","type-post","status-publish","format-standard","hentry","category-toiminta"],"yoast_head":"<!-- This site is optimized with the Yoast SEO plugin v27.4 - https:\/\/yoast.com\/product\/yoast-seo-wordpress\/ -->\n<title>Paavo Salmensuu 90 vuotta 22.11.2016 - Rukaj\u00e4rven suunnan historiayhdistys<\/title>\n<meta name=\"robots\" content=\"index, follow, max-snippet:-1, max-image-preview:large, max-video-preview:-1\" \/>\n<link rel=\"canonical\" href=\"http:\/\/www.rukajarvensuunnanhistoriayhdistys.fi\/historiayhdistys\/paavo-salmensuu-90-vuotta-22-11-2016\/\" \/>\n<meta property=\"og:locale\" content=\"fi_FI\" \/>\n<meta property=\"og:type\" content=\"article\" \/>\n<meta property=\"og:title\" content=\"Paavo Salmensuu 90 vuotta 22.11.2016 - Rukaj\u00e4rven suunnan historiayhdistys\" \/>\n<meta property=\"og:description\" content=\"Yhdistyksemme perustajaj\u00e4sen Paavo Salmensuu t\u00e4ytt\u00e4\u00e4 22.11.2016 90 vuotta. H\u00e4n toimi yhdistyksen hallituksen j\u00e4senen\u00e4 yhdistyksen perustamisesta alkaen ja hallituksen varapuheenjohtajana vuodet 2012-2014. Paavo viett\u00e4\u00e4 syntym\u00e4p\u00e4ivi\u00e4\u00e4n l\u00e4heistens\u00e4 kanssa, joten yhdistyksen edustajat k\u00e4viv\u00e4t Teksti jatkuu...Paavo Salmensuu 90 vuotta 22.11.2016\u2192\" \/>\n<meta property=\"og:url\" content=\"http:\/\/www.rukajarvensuunnanhistoriayhdistys.fi\/historiayhdistys\/paavo-salmensuu-90-vuotta-22-11-2016\/\" \/>\n<meta property=\"og:site_name\" content=\"Rukaj\u00e4rven suunnan historiayhdistys\" \/>\n<meta property=\"article:published_time\" content=\"2016-11-20T07:22:55+00:00\" \/>\n<meta property=\"article:modified_time\" content=\"2018-11-21T21:04:47+00:00\" \/>\n<meta property=\"og:image\" content=\"http:\/\/www.rukajarvensuunnanhistoriayhdistys.fi\/historiayhdistys\/wp-content\/uploads\/2016\/11\/WP_20161112_16_38_35_Pro-Paavo-Salmensuu.jpg\" \/>\n<meta name=\"author\" content=\"RSHY\" \/>\n<meta name=\"twitter:label1\" content=\"Kirjoittanut\" \/>\n\t<meta name=\"twitter:data1\" content=\"RSHY\" \/>\n\t<meta name=\"twitter:label2\" content=\"Arvioitu lukuaika\" \/>\n\t<meta name=\"twitter:data2\" content=\"4 minuuttia\" \/>\n<script type=\"application\/ld+json\" class=\"yoast-schema-graph\">{\"@context\":\"https:\\\/\\\/schema.org\",\"@graph\":[{\"@type\":\"Article\",\"@id\":\"http:\\\/\\\/www.rukajarvensuunnanhistoriayhdistys.fi\\\/historiayhdistys\\\/paavo-salmensuu-90-vuotta-22-11-2016\\\/#article\",\"isPartOf\":{\"@id\":\"http:\\\/\\\/www.rukajarvensuunnanhistoriayhdistys.fi\\\/historiayhdistys\\\/paavo-salmensuu-90-vuotta-22-11-2016\\\/\"},\"author\":{\"name\":\"RSHY\",\"@id\":\"https:\\\/\\\/www.rukajarvensuunnanhistoriayhdistys.fi\\\/historiayhdistys\\\/#\\\/schema\\\/person\\\/19de7db68bf72dfd2b5d7f6dfbf8454d\"},\"headline\":\"Paavo Salmensuu 90 vuotta 22.11.2016\",\"datePublished\":\"2016-11-20T07:22:55+00:00\",\"dateModified\":\"2018-11-21T21:04:47+00:00\",\"mainEntityOfPage\":{\"@id\":\"http:\\\/\\\/www.rukajarvensuunnanhistoriayhdistys.fi\\\/historiayhdistys\\\/paavo-salmensuu-90-vuotta-22-11-2016\\\/\"},\"wordCount\":860,\"publisher\":{\"@id\":\"https:\\\/\\\/www.rukajarvensuunnanhistoriayhdistys.fi\\\/historiayhdistys\\\/#organization\"},\"image\":{\"@id\":\"http:\\\/\\\/www.rukajarvensuunnanhistoriayhdistys.fi\\\/historiayhdistys\\\/paavo-salmensuu-90-vuotta-22-11-2016\\\/#primaryimage\"},\"thumbnailUrl\":\"http:\\\/\\\/www.rukajarvensuunnanhistoriayhdistys.fi\\\/historiayhdistys\\\/wp-content\\\/uploads\\\/2016\\\/11\\\/WP_20161112_16_38_35_Pro-Paavo-Salmensuu.jpg\",\"articleSection\":[\"Toiminta\"],\"inLanguage\":\"fi\"},{\"@type\":\"WebPage\",\"@id\":\"http:\\\/\\\/www.rukajarvensuunnanhistoriayhdistys.fi\\\/historiayhdistys\\\/paavo-salmensuu-90-vuotta-22-11-2016\\\/\",\"url\":\"http:\\\/\\\/www.rukajarvensuunnanhistoriayhdistys.fi\\\/historiayhdistys\\\/paavo-salmensuu-90-vuotta-22-11-2016\\\/\",\"name\":\"Paavo Salmensuu 90 vuotta 22.11.2016 - Rukaj\u00e4rven suunnan historiayhdistys\",\"isPartOf\":{\"@id\":\"https:\\\/\\\/www.rukajarvensuunnanhistoriayhdistys.fi\\\/historiayhdistys\\\/#website\"},\"primaryImageOfPage\":{\"@id\":\"http:\\\/\\\/www.rukajarvensuunnanhistoriayhdistys.fi\\\/historiayhdistys\\\/paavo-salmensuu-90-vuotta-22-11-2016\\\/#primaryimage\"},\"image\":{\"@id\":\"http:\\\/\\\/www.rukajarvensuunnanhistoriayhdistys.fi\\\/historiayhdistys\\\/paavo-salmensuu-90-vuotta-22-11-2016\\\/#primaryimage\"},\"thumbnailUrl\":\"http:\\\/\\\/www.rukajarvensuunnanhistoriayhdistys.fi\\\/historiayhdistys\\\/wp-content\\\/uploads\\\/2016\\\/11\\\/WP_20161112_16_38_35_Pro-Paavo-Salmensuu.jpg\",\"datePublished\":\"2016-11-20T07:22:55+00:00\",\"dateModified\":\"2018-11-21T21:04:47+00:00\",\"breadcrumb\":{\"@id\":\"http:\\\/\\\/www.rukajarvensuunnanhistoriayhdistys.fi\\\/historiayhdistys\\\/paavo-salmensuu-90-vuotta-22-11-2016\\\/#breadcrumb\"},\"inLanguage\":\"fi\",\"potentialAction\":[{\"@type\":\"ReadAction\",\"target\":[\"http:\\\/\\\/www.rukajarvensuunnanhistoriayhdistys.fi\\\/historiayhdistys\\\/paavo-salmensuu-90-vuotta-22-11-2016\\\/\"]}]},{\"@type\":\"ImageObject\",\"inLanguage\":\"fi\",\"@id\":\"http:\\\/\\\/www.rukajarvensuunnanhistoriayhdistys.fi\\\/historiayhdistys\\\/paavo-salmensuu-90-vuotta-22-11-2016\\\/#primaryimage\",\"url\":\"http:\\\/\\\/www.rukajarvensuunnanhistoriayhdistys.fi\\\/historiayhdistys\\\/wp-content\\\/uploads\\\/2016\\\/11\\\/WP_20161112_16_38_35_Pro-Paavo-Salmensuu.jpg\",\"contentUrl\":\"http:\\\/\\\/www.rukajarvensuunnanhistoriayhdistys.fi\\\/historiayhdistys\\\/wp-content\\\/uploads\\\/2016\\\/11\\\/WP_20161112_16_38_35_Pro-Paavo-Salmensuu.jpg\",\"width\":3072,\"height\":1728,\"caption\":\"Paavo Salmensuu puolisoineen.\"},{\"@type\":\"BreadcrumbList\",\"@id\":\"http:\\\/\\\/www.rukajarvensuunnanhistoriayhdistys.fi\\\/historiayhdistys\\\/paavo-salmensuu-90-vuotta-22-11-2016\\\/#breadcrumb\",\"itemListElement\":[{\"@type\":\"ListItem\",\"position\":1,\"name\":\"Etusivu\",\"item\":\"https:\\\/\\\/www.rukajarvensuunnanhistoriayhdistys.fi\\\/historiayhdistys\\\/\"},{\"@type\":\"ListItem\",\"position\":2,\"name\":\"Paavo Salmensuu 90 vuotta 22.11.2016\"}]},{\"@type\":\"WebSite\",\"@id\":\"https:\\\/\\\/www.rukajarvensuunnanhistoriayhdistys.fi\\\/historiayhdistys\\\/#website\",\"url\":\"https:\\\/\\\/www.rukajarvensuunnanhistoriayhdistys.fi\\\/historiayhdistys\\\/\",\"name\":\"Rukaj\u00e4rven suunnan historiayhdistys\",\"description\":\"Rukaj\u00e4rven suunnan historiayhdistyksen verkkosivut.\",\"publisher\":{\"@id\":\"https:\\\/\\\/www.rukajarvensuunnanhistoriayhdistys.fi\\\/historiayhdistys\\\/#organization\"},\"potentialAction\":[{\"@type\":\"SearchAction\",\"target\":{\"@type\":\"EntryPoint\",\"urlTemplate\":\"https:\\\/\\\/www.rukajarvensuunnanhistoriayhdistys.fi\\\/historiayhdistys\\\/?s={search_term_string}\"},\"query-input\":{\"@type\":\"PropertyValueSpecification\",\"valueRequired\":true,\"valueName\":\"search_term_string\"}}],\"inLanguage\":\"fi\"},{\"@type\":\"Organization\",\"@id\":\"https:\\\/\\\/www.rukajarvensuunnanhistoriayhdistys.fi\\\/historiayhdistys\\\/#organization\",\"name\":\"Rukaj\u00e4rven suunnan historiayhdistys\",\"url\":\"https:\\\/\\\/www.rukajarvensuunnanhistoriayhdistys.fi\\\/historiayhdistys\\\/\",\"logo\":{\"@type\":\"ImageObject\",\"inLanguage\":\"fi\",\"@id\":\"https:\\\/\\\/www.rukajarvensuunnanhistoriayhdistys.fi\\\/historiayhdistys\\\/#\\\/schema\\\/logo\\\/image\\\/\",\"url\":\"http:\\\/\\\/www.rukajarvensuunnanhistoriayhdistys.fi\\\/historiayhdistys\\\/wp-content\\\/uploads\\\/2013\\\/12\\\/Otsake_3.jpg\",\"contentUrl\":\"http:\\\/\\\/www.rukajarvensuunnanhistoriayhdistys.fi\\\/historiayhdistys\\\/wp-content\\\/uploads\\\/2013\\\/12\\\/Otsake_3.jpg\",\"width\":1000,\"height\":442,\"caption\":\"Rukaj\u00e4rven suunnan historiayhdistys\"},\"image\":{\"@id\":\"https:\\\/\\\/www.rukajarvensuunnanhistoriayhdistys.fi\\\/historiayhdistys\\\/#\\\/schema\\\/logo\\\/image\\\/\"}},{\"@type\":\"Person\",\"@id\":\"https:\\\/\\\/www.rukajarvensuunnanhistoriayhdistys.fi\\\/historiayhdistys\\\/#\\\/schema\\\/person\\\/19de7db68bf72dfd2b5d7f6dfbf8454d\",\"name\":\"RSHY\",\"image\":{\"@type\":\"ImageObject\",\"inLanguage\":\"fi\",\"@id\":\"https:\\\/\\\/secure.gravatar.com\\\/avatar\\\/598d59263a69cc8de65fcb4f9db78d6f58c098cb0e0ba22d73377441af9fa04c?s=96&d=blank&r=g\",\"url\":\"https:\\\/\\\/secure.gravatar.com\\\/avatar\\\/598d59263a69cc8de65fcb4f9db78d6f58c098cb0e0ba22d73377441af9fa04c?s=96&d=blank&r=g\",\"contentUrl\":\"https:\\\/\\\/secure.gravatar.com\\\/avatar\\\/598d59263a69cc8de65fcb4f9db78d6f58c098cb0e0ba22d73377441af9fa04c?s=96&d=blank&r=g\",\"caption\":\"RSHY\"},\"url\":\"http:\\\/\\\/www.rukajarvensuunnanhistoriayhdistys.fi\\\/historiayhdistys\\\/author\\\/rshy\\\/\"}]}<\/script>\n<!-- \/ Yoast SEO plugin. -->","yoast_head_json":{"title":"Paavo Salmensuu 90 vuotta 22.11.2016 - Rukaj\u00e4rven suunnan historiayhdistys","robots":{"index":"index","follow":"follow","max-snippet":"max-snippet:-1","max-image-preview":"max-image-preview:large","max-video-preview":"max-video-preview:-1"},"canonical":"http:\/\/www.rukajarvensuunnanhistoriayhdistys.fi\/historiayhdistys\/paavo-salmensuu-90-vuotta-22-11-2016\/","og_locale":"fi_FI","og_type":"article","og_title":"Paavo Salmensuu 90 vuotta 22.11.2016 - Rukaj\u00e4rven suunnan historiayhdistys","og_description":"Yhdistyksemme perustajaj\u00e4sen Paavo Salmensuu t\u00e4ytt\u00e4\u00e4 22.11.2016 90 vuotta. H\u00e4n toimi yhdistyksen hallituksen j\u00e4senen\u00e4 yhdistyksen perustamisesta alkaen ja hallituksen varapuheenjohtajana vuodet 2012-2014. Paavo viett\u00e4\u00e4 syntym\u00e4p\u00e4ivi\u00e4\u00e4n l\u00e4heistens\u00e4 kanssa, joten yhdistyksen edustajat k\u00e4viv\u00e4t Teksti jatkuu...Paavo Salmensuu 90 vuotta 22.11.2016\u2192","og_url":"http:\/\/www.rukajarvensuunnanhistoriayhdistys.fi\/historiayhdistys\/paavo-salmensuu-90-vuotta-22-11-2016\/","og_site_name":"Rukaj\u00e4rven suunnan historiayhdistys","article_published_time":"2016-11-20T07:22:55+00:00","article_modified_time":"2018-11-21T21:04:47+00:00","og_image":[{"url":"http:\/\/www.rukajarvensuunnanhistoriayhdistys.fi\/historiayhdistys\/wp-content\/uploads\/2016\/11\/WP_20161112_16_38_35_Pro-Paavo-Salmensuu.jpg","type":"","width":"","height":""}],"author":"RSHY","twitter_misc":{"Kirjoittanut":"RSHY","Arvioitu lukuaika":"4 minuuttia"},"schema":{"@context":"https:\/\/schema.org","@graph":[{"@type":"Article","@id":"http:\/\/www.rukajarvensuunnanhistoriayhdistys.fi\/historiayhdistys\/paavo-salmensuu-90-vuotta-22-11-2016\/#article","isPartOf":{"@id":"http:\/\/www.rukajarvensuunnanhistoriayhdistys.fi\/historiayhdistys\/paavo-salmensuu-90-vuotta-22-11-2016\/"},"author":{"name":"RSHY","@id":"https:\/\/www.rukajarvensuunnanhistoriayhdistys.fi\/historiayhdistys\/#\/schema\/person\/19de7db68bf72dfd2b5d7f6dfbf8454d"},"headline":"Paavo Salmensuu 90 vuotta 22.11.2016","datePublished":"2016-11-20T07:22:55+00:00","dateModified":"2018-11-21T21:04:47+00:00","mainEntityOfPage":{"@id":"http:\/\/www.rukajarvensuunnanhistoriayhdistys.fi\/historiayhdistys\/paavo-salmensuu-90-vuotta-22-11-2016\/"},"wordCount":860,"publisher":{"@id":"https:\/\/www.rukajarvensuunnanhistoriayhdistys.fi\/historiayhdistys\/#organization"},"image":{"@id":"http:\/\/www.rukajarvensuunnanhistoriayhdistys.fi\/historiayhdistys\/paavo-salmensuu-90-vuotta-22-11-2016\/#primaryimage"},"thumbnailUrl":"http:\/\/www.rukajarvensuunnanhistoriayhdistys.fi\/historiayhdistys\/wp-content\/uploads\/2016\/11\/WP_20161112_16_38_35_Pro-Paavo-Salmensuu.jpg","articleSection":["Toiminta"],"inLanguage":"fi"},{"@type":"WebPage","@id":"http:\/\/www.rukajarvensuunnanhistoriayhdistys.fi\/historiayhdistys\/paavo-salmensuu-90-vuotta-22-11-2016\/","url":"http:\/\/www.rukajarvensuunnanhistoriayhdistys.fi\/historiayhdistys\/paavo-salmensuu-90-vuotta-22-11-2016\/","name":"Paavo Salmensuu 90 vuotta 22.11.2016 - Rukaj\u00e4rven suunnan historiayhdistys","isPartOf":{"@id":"https:\/\/www.rukajarvensuunnanhistoriayhdistys.fi\/historiayhdistys\/#website"},"primaryImageOfPage":{"@id":"http:\/\/www.rukajarvensuunnanhistoriayhdistys.fi\/historiayhdistys\/paavo-salmensuu-90-vuotta-22-11-2016\/#primaryimage"},"image":{"@id":"http:\/\/www.rukajarvensuunnanhistoriayhdistys.fi\/historiayhdistys\/paavo-salmensuu-90-vuotta-22-11-2016\/#primaryimage"},"thumbnailUrl":"http:\/\/www.rukajarvensuunnanhistoriayhdistys.fi\/historiayhdistys\/wp-content\/uploads\/2016\/11\/WP_20161112_16_38_35_Pro-Paavo-Salmensuu.jpg","datePublished":"2016-11-20T07:22:55+00:00","dateModified":"2018-11-21T21:04:47+00:00","breadcrumb":{"@id":"http:\/\/www.rukajarvensuunnanhistoriayhdistys.fi\/historiayhdistys\/paavo-salmensuu-90-vuotta-22-11-2016\/#breadcrumb"},"inLanguage":"fi","potentialAction":[{"@type":"ReadAction","target":["http:\/\/www.rukajarvensuunnanhistoriayhdistys.fi\/historiayhdistys\/paavo-salmensuu-90-vuotta-22-11-2016\/"]}]},{"@type":"ImageObject","inLanguage":"fi","@id":"http:\/\/www.rukajarvensuunnanhistoriayhdistys.fi\/historiayhdistys\/paavo-salmensuu-90-vuotta-22-11-2016\/#primaryimage","url":"http:\/\/www.rukajarvensuunnanhistoriayhdistys.fi\/historiayhdistys\/wp-content\/uploads\/2016\/11\/WP_20161112_16_38_35_Pro-Paavo-Salmensuu.jpg","contentUrl":"http:\/\/www.rukajarvensuunnanhistoriayhdistys.fi\/historiayhdistys\/wp-content\/uploads\/2016\/11\/WP_20161112_16_38_35_Pro-Paavo-Salmensuu.jpg","width":3072,"height":1728,"caption":"Paavo Salmensuu puolisoineen."},{"@type":"BreadcrumbList","@id":"http:\/\/www.rukajarvensuunnanhistoriayhdistys.fi\/historiayhdistys\/paavo-salmensuu-90-vuotta-22-11-2016\/#breadcrumb","itemListElement":[{"@type":"ListItem","position":1,"name":"Etusivu","item":"https:\/\/www.rukajarvensuunnanhistoriayhdistys.fi\/historiayhdistys\/"},{"@type":"ListItem","position":2,"name":"Paavo Salmensuu 90 vuotta 22.11.2016"}]},{"@type":"WebSite","@id":"https:\/\/www.rukajarvensuunnanhistoriayhdistys.fi\/historiayhdistys\/#website","url":"https:\/\/www.rukajarvensuunnanhistoriayhdistys.fi\/historiayhdistys\/","name":"Rukaj\u00e4rven suunnan historiayhdistys","description":"Rukaj\u00e4rven suunnan historiayhdistyksen verkkosivut.","publisher":{"@id":"https:\/\/www.rukajarvensuunnanhistoriayhdistys.fi\/historiayhdistys\/#organization"},"potentialAction":[{"@type":"SearchAction","target":{"@type":"EntryPoint","urlTemplate":"https:\/\/www.rukajarvensuunnanhistoriayhdistys.fi\/historiayhdistys\/?s={search_term_string}"},"query-input":{"@type":"PropertyValueSpecification","valueRequired":true,"valueName":"search_term_string"}}],"inLanguage":"fi"},{"@type":"Organization","@id":"https:\/\/www.rukajarvensuunnanhistoriayhdistys.fi\/historiayhdistys\/#organization","name":"Rukaj\u00e4rven suunnan historiayhdistys","url":"https:\/\/www.rukajarvensuunnanhistoriayhdistys.fi\/historiayhdistys\/","logo":{"@type":"ImageObject","inLanguage":"fi","@id":"https:\/\/www.rukajarvensuunnanhistoriayhdistys.fi\/historiayhdistys\/#\/schema\/logo\/image\/","url":"http:\/\/www.rukajarvensuunnanhistoriayhdistys.fi\/historiayhdistys\/wp-content\/uploads\/2013\/12\/Otsake_3.jpg","contentUrl":"http:\/\/www.rukajarvensuunnanhistoriayhdistys.fi\/historiayhdistys\/wp-content\/uploads\/2013\/12\/Otsake_3.jpg","width":1000,"height":442,"caption":"Rukaj\u00e4rven suunnan historiayhdistys"},"image":{"@id":"https:\/\/www.rukajarvensuunnanhistoriayhdistys.fi\/historiayhdistys\/#\/schema\/logo\/image\/"}},{"@type":"Person","@id":"https:\/\/www.rukajarvensuunnanhistoriayhdistys.fi\/historiayhdistys\/#\/schema\/person\/19de7db68bf72dfd2b5d7f6dfbf8454d","name":"RSHY","image":{"@type":"ImageObject","inLanguage":"fi","@id":"https:\/\/secure.gravatar.com\/avatar\/598d59263a69cc8de65fcb4f9db78d6f58c098cb0e0ba22d73377441af9fa04c?s=96&d=blank&r=g","url":"https:\/\/secure.gravatar.com\/avatar\/598d59263a69cc8de65fcb4f9db78d6f58c098cb0e0ba22d73377441af9fa04c?s=96&d=blank&r=g","contentUrl":"https:\/\/secure.gravatar.com\/avatar\/598d59263a69cc8de65fcb4f9db78d6f58c098cb0e0ba22d73377441af9fa04c?s=96&d=blank&r=g","caption":"RSHY"},"url":"http:\/\/www.rukajarvensuunnanhistoriayhdistys.fi\/historiayhdistys\/author\/rshy\/"}]}},"_links":{"self":[{"href":"http:\/\/www.rukajarvensuunnanhistoriayhdistys.fi\/historiayhdistys\/wp-json\/wp\/v2\/posts\/10925","targetHints":{"allow":["GET"]}}],"collection":[{"href":"http:\/\/www.rukajarvensuunnanhistoriayhdistys.fi\/historiayhdistys\/wp-json\/wp\/v2\/posts"}],"about":[{"href":"http:\/\/www.rukajarvensuunnanhistoriayhdistys.fi\/historiayhdistys\/wp-json\/wp\/v2\/types\/post"}],"author":[{"embeddable":true,"href":"http:\/\/www.rukajarvensuunnanhistoriayhdistys.fi\/historiayhdistys\/wp-json\/wp\/v2\/users\/3"}],"replies":[{"embeddable":true,"href":"http:\/\/www.rukajarvensuunnanhistoriayhdistys.fi\/historiayhdistys\/wp-json\/wp\/v2\/comments?post=10925"}],"version-history":[{"count":2,"href":"http:\/\/www.rukajarvensuunnanhistoriayhdistys.fi\/historiayhdistys\/wp-json\/wp\/v2\/posts\/10925\/revisions"}],"predecessor-version":[{"id":10927,"href":"http:\/\/www.rukajarvensuunnanhistoriayhdistys.fi\/historiayhdistys\/wp-json\/wp\/v2\/posts\/10925\/revisions\/10927"}],"wp:attachment":[{"href":"http:\/\/www.rukajarvensuunnanhistoriayhdistys.fi\/historiayhdistys\/wp-json\/wp\/v2\/media?parent=10925"}],"wp:term":[{"taxonomy":"category","embeddable":true,"href":"http:\/\/www.rukajarvensuunnanhistoriayhdistys.fi\/historiayhdistys\/wp-json\/wp\/v2\/categories?post=10925"},{"taxonomy":"post_tag","embeddable":true,"href":"http:\/\/www.rukajarvensuunnanhistoriayhdistys.fi\/historiayhdistys\/wp-json\/wp\/v2\/tags?post=10925"}],"curies":[{"name":"wp","href":"https:\/\/api.w.org\/{rel}","templated":true}]}}