{"id":10936,"date":"2016-11-26T16:21:11","date_gmt":"2016-11-26T14:21:11","guid":{"rendered":"http:\/\/www.rukajarvensuunnanhistoriayhdistys.fi\/historiayhdistys\/?p=10936"},"modified":"2016-11-26T18:14:26","modified_gmt":"2016-11-26T16:14:26","slug":"rukajarven-veteraani-tykiston-kersantti-eino-hartikainen-poissa","status":"publish","type":"post","link":"http:\/\/www.rukajarvensuunnanhistoriayhdistys.fi\/historiayhdistys\/rukajarven-veteraani-tykiston-kersantti-eino-hartikainen-poissa\/","title":{"rendered":"Rukaj\u00e4rven veteraani, tykist\u00f6n kersantti Eino Hartikainen on poissa"},"content":{"rendered":"<div class=\"fcbkbttn_buttons_block\" id=\"fcbkbttn_left\"><div class=\"fcbkbttn_like \"><fb:like href=\"http:\/\/www.rukajarvensuunnanhistoriayhdistys.fi\/historiayhdistys\/rukajarven-veteraani-tykiston-kersantti-eino-hartikainen-poissa\/\" action=\"like\" colorscheme=\"light\" layout=\"button_count\"  size=\"small\"><\/fb:like><\/div><\/div><p><strong>Rukaj\u00e4rven veteraani, tykist\u00f6n kersantti Eino Hartikainen 13.12.1918 \u2013 2.11.2016<\/strong><\/p>\n<p><strong>\u201dOn viulun kieli katkennut\u201d<\/strong><\/p>\n<figure id=\"attachment_10938\" aria-describedby=\"caption-attachment-10938\" style=\"width: 426px\" class=\"wp-caption aligncenter\"><a href=\"http:\/\/www.rukajarvensuunnanhistoriayhdistys.fi\/historiayhdistys\/wp-content\/uploads\/2016\/11\/HartikainenEino-2.jpg\"><img loading=\"lazy\" decoding=\"async\" class=\"wp-image-10938 size-full\" src=\"http:\/\/www.rukajarvensuunnanhistoriayhdistys.fi\/historiayhdistys\/wp-content\/uploads\/2016\/11\/HartikainenEino-2.jpg\" alt=\"Eino Hartikainen\" width=\"426\" height=\"369\" data-id=\"10938\" srcset=\"http:\/\/www.rukajarvensuunnanhistoriayhdistys.fi\/historiayhdistys\/wp-content\/uploads\/2016\/11\/HartikainenEino-2.jpg 426w, http:\/\/www.rukajarvensuunnanhistoriayhdistys.fi\/historiayhdistys\/wp-content\/uploads\/2016\/11\/HartikainenEino-2-300x260.jpg 300w\" sizes=\"auto, (max-width: 426px) 100vw, 426px\" \/><\/a><figcaption id=\"caption-attachment-10938\" class=\"wp-caption-text\">Eino Hartikainen<\/figcaption><\/figure>\n<p>Eino Hartikainen syntyi Iisalmen maalaiskunnan Ruotaanm\u00e4en kyl\u00e4ss\u00e4 12-lapsisen perheen nuorimmaisena. Jo nuoresta pit\u00e4en h\u00e4n harrasti ahkerasti urheilua, etenkin hiihtoa, ja oli mukana politiikassa, maamiesseura- ja nuorisoty\u00f6ss\u00e4 ja suojeluskunnassa. My\u00f6s musiikki kuului kiinte\u00e4sti h\u00e4nen el\u00e4m\u00e4\u00e4ns\u00e4. Viulu kulki h\u00e4nen mukanaan sodan ja rauhan aikana. Sill\u00e4 h\u00e4n soitti nuorisoseuran iltamissa, Rukaj\u00e4rvell\u00e4 viihdytystilaisuuksissa ja viimeisin\u00e4 vuosikymmenin\u00e4 h\u00e4n s\u00e4esti Keravan ja J\u00e4rvenp\u00e4\u00e4n kansantanssijoita ja soitti Keravan Laulupelimannit yhtyeess\u00e4, mik\u00e4 teki my\u00f6s levyn. H\u00e4n toimi s\u00e4est\u00e4j\u00e4n\u00e4 useisiin Euroopan maihin suuntautuneilla kansantanssijoiden esiintymismatkoilla 10 vuoden ajan. H\u00e4n toimi esiintyj\u00e4n\u00e4 monissa veteraani- ja vanhusten tapahtumissa ja yhteislaulutilaisuuksissa.<\/p>\n<p>Eino Hartikainen hoiti kotitilaansa maanviljelij\u00e4n\u00e4 kunnes 60-luvulla pellot pistettiin pakettiin. Ty\u00f6t\u00e4 l\u00f6ytyi ensin Iisalmesta Olvi OY:lt\u00e4 ja rakennuksilta. Pitk\u00e4aikainen ty\u00f6paikka toi h\u00e4net v.1973 Tuusulaan, mist\u00e4 muodostui uusi kotipaikka.<\/p>\n<p>Eino Hartikaisella itsell\u00e4\u00e4nkin, kuten lapsuudenperheess\u00e4, oli iso perhe: 6 lasta, 7 lastenlasta ja 4 lastenlastenlasta. \u201dOman katraan\u201d hyvinvointi oli eritt\u00e4in t\u00e4rke\u00e4\u00e4. Vaimon\u00a0 kuoleman j\u00e4lkeen 7 vuoden ajan Helena-tyt\u00e4r piti h\u00e4nest\u00e4 hyv\u00e4\u00e4 huolta.<\/p>\n<p>Viimeiseen asti h\u00e4n oli kiinnostunut maailman tapahtumista. Radiosta ja televisiosta h\u00e4n seurasi varsinkin musiikki- ja urheiluohjelmia.<\/p>\n<p>Eino Hartikainen suoritti asevelvollisuutensa v.1939 Viipurissa, mist\u00e4 lyhyen koulutusjakson j\u00e4lkeen joutui Talvisotaan Karjalan kannakselle saaden tulikasteensa Summan lohkolla.<\/p>\n<p>Koko Jatkosodan ajan Eino Hartikainen palveli Rukaj\u00e4rven rintamalla III\/KTR 18:n 8. patterissa toimien tulenjohtajana ja tiedustelupartiossa.<\/p>\n<p>H\u00e4n puhui suojelusenkelist\u00e4, joka on ollut h\u00e4nell\u00e4 mukana koko el\u00e4m\u00e4n ajan. T\u00e4m\u00e4 oli varmasti l\u00e4sn\u00e4 my\u00f6s silloin, kun h\u00e4n ollessaan tiedusteluretkell\u00e4 tukikohta Sukellusveneen maastossa joutui yll\u00e4tt\u00e4en vihollispartion kanssa vastakkain. 50 metrin p\u00e4\u00e4st\u00e4 ammuttu luoti ei kuitenkaan osunut.<\/p>\n<p>Mestariluokan hiiht\u00e4j\u00e4n\u00e4 h\u00e4n oli ennen sotia p\u00e4\u00e4sem\u00e4ss\u00e4 maajoukkueeseen, mutta sota tuli v\u00e4liin. Rukaj\u00e4rvell\u00e4 h\u00e4n kunnostautui hiihdossa voittaen varpaallissuksilla mm. patteriston hiihtomestaruuden ja sijoittuen koko divisioonan kilpailussa toiseksi Kalevalan p\u00e4iv\u00e4n\u00e4 28.2.1942.<\/p>\n<figure id=\"attachment_10937\" aria-describedby=\"caption-attachment-10937\" style=\"width: 3680px\" class=\"wp-caption aligncenter\"><a href=\"http:\/\/www.rukajarvensuunnanhistoriayhdistys.fi\/historiayhdistys\/wp-content\/uploads\/2016\/11\/75058.jpg\"><img loading=\"lazy\" decoding=\"async\" class=\"size-full wp-image-10937\" src=\"http:\/\/www.rukajarvensuunnanhistoriayhdistys.fi\/historiayhdistys\/wp-content\/uploads\/2016\/11\/75058.jpg\" alt=\"&quot;Alikersantti Eino Hartikainen, 23-vuotias maanviljelij\u00e4 Iisalmen maalaiskunnasta on noussut t\u00e4ll\u00e4 sotaretkell\u00e4 suurhiiht\u00e4jien eturiviin.&quot; SA-kuvateksti 28.2.1942.\" width=\"3680\" height=\"4961\" data-id=\"10937\" srcset=\"http:\/\/www.rukajarvensuunnanhistoriayhdistys.fi\/historiayhdistys\/wp-content\/uploads\/2016\/11\/75058.jpg 3680w, http:\/\/www.rukajarvensuunnanhistoriayhdistys.fi\/historiayhdistys\/wp-content\/uploads\/2016\/11\/75058-223x300.jpg 223w, http:\/\/www.rukajarvensuunnanhistoriayhdistys.fi\/historiayhdistys\/wp-content\/uploads\/2016\/11\/75058-768x1035.jpg 768w, http:\/\/www.rukajarvensuunnanhistoriayhdistys.fi\/historiayhdistys\/wp-content\/uploads\/2016\/11\/75058-760x1024.jpg 760w\" sizes=\"auto, (max-width: 3680px) 100vw, 3680px\" \/><\/a><figcaption id=\"caption-attachment-10937\" class=\"wp-caption-text\">&#8221;Alikersantti Eino Hartikainen, 23-vuotias maanviljelij\u00e4 Iisalmen maalaiskunnasta on noussut t\u00e4ll\u00e4 sotaretkell\u00e4 suurhiiht\u00e4jien eturiviin.&#8221; SA-kuvateksti 28.2.1942.<\/figcaption><\/figure>\n<p>Rintamalla h\u00e4n viulunsoiton lis\u00e4ksi esiintyi my\u00f6s laulajana viihdytystilaisuuksissa ja jopa\u201d Korven radiossa\u201d.<\/p>\n<p>Oman kotipaikan nuorisoseuran johtokunnasta oli Rukaj\u00e4rvell\u00e4 7 miest\u00e4. Niinp\u00e4 teltassa Rukaj\u00e4rven kauppalassa pidettiin 18.10.1941 nuorisoseuran kokous kuten my\u00f6s kokous pikkujoulun merkeiss\u00e4 22.12.1942.<\/p>\n<p>Rukaj\u00e4rven suunnan historiayhdistyksen edustajat k\u00e4viv\u00e4t haastattelemassa Eino Hartikaista toukokuun alussa t\u00e4n\u00e4 vuonna ja t\u00e4ll\u00f6in t\u00e4m\u00e4 virke\u00e4 ja positiivinen veteraani kertoili sodan- ja rauhanaikaisista kokemuksistaan.<\/p>\n<p>Laulu\u00e4\u00e4ni oli tallella ja niinp\u00e4 h\u00e4n esitti viimeisen s\u00e4keist\u00f6n Ragnar \u00c5grenin s\u00e4velt\u00e4m\u00e4st\u00e4, alkujaan Dan Anderssonin sanoittamasta ja Kyllikki Solanter\u00e4n suomentamasta\u201d Soittoniekka \u201dlaulusta:<\/p>\n<p><a href=\"http:\/\/www.rukajarvensuunnanhistoriayhdistys.fi\/historiayhdistys\/wp-content\/uploads\/2016\/11\/On-kolme-kielt\u00e4-viulussani.jpg\"><img loading=\"lazy\" decoding=\"async\" class=\"aligncenter size-full wp-image-10942\" src=\"http:\/\/www.rukajarvensuunnanhistoriayhdistys.fi\/historiayhdistys\/wp-content\/uploads\/2016\/11\/On-kolme-kielt\u00e4-viulussani.jpg\" alt=\"on-kolme-kielta-viulussani\" width=\"813\" height=\"258\" data-id=\"10942\" srcset=\"http:\/\/www.rukajarvensuunnanhistoriayhdistys.fi\/historiayhdistys\/wp-content\/uploads\/2016\/11\/On-kolme-kielt\u00e4-viulussani.jpg 813w, http:\/\/www.rukajarvensuunnanhistoriayhdistys.fi\/historiayhdistys\/wp-content\/uploads\/2016\/11\/On-kolme-kielt\u00e4-viulussani-300x95.jpg 300w, http:\/\/www.rukajarvensuunnanhistoriayhdistys.fi\/historiayhdistys\/wp-content\/uploads\/2016\/11\/On-kolme-kielt\u00e4-viulussani-768x244.jpg 768w\" sizes=\"auto, (max-width: 813px) 100vw, 813px\" \/><\/a><\/p>\n<p>Omaisten suruun osaa ottaen<\/p>\n<p>Aila Elo, sihteeri<\/p>\n<p>Rukaj\u00e4rven suunnan historiayhdistys ry<\/p>\n","protected":false},"excerpt":{"rendered":"<p>Rukaj\u00e4rven veteraani, tykist\u00f6n kersantti Eino Hartikainen 13.12.1918 \u2013 2.11.2016 \u201dOn viulun kieli katkennut\u201d Eino Hartikainen syntyi Iisalmen maalaiskunnan Ruotaanm\u00e4en kyl\u00e4ss\u00e4 12-lapsisen perheen nuorimmaisena. Jo nuoresta pit\u00e4en h\u00e4n harrasti ahkerasti urheilua, <a class=\"more-link\" href=\"http:\/\/www.rukajarvensuunnanhistoriayhdistys.fi\/historiayhdistys\/rukajarven-veteraani-tykiston-kersantti-eino-hartikainen-poissa\/\">Teksti jatkuu&#8230;<span class=\"screen-reader-text\">Rukaj\u00e4rven veteraani, tykist\u00f6n kersantti Eino Hartikainen on poissa<\/span><span class=\"meta-nav\">\u2192<\/span><\/a><\/p>\n","protected":false},"author":3,"featured_media":0,"comment_status":"closed","ping_status":"open","sticky":false,"template":"","format":"standard","meta":{"footnotes":""},"categories":[22,21,33,34],"tags":[],"class_list":["post-10936","post","type-post","status-publish","format-standard","hentry","category-ajankohtaista","category-rukajarvi-keskus","category-rukajarvi-keskus-iisalmi","category-rukajarvi-keskus-lieksa"],"yoast_head":"<!-- This site is optimized with the Yoast SEO plugin v27.4 - https:\/\/yoast.com\/product\/yoast-seo-wordpress\/ -->\n<title>Rukaj\u00e4rven veteraani, tykist\u00f6n kersantti Eino Hartikainen on poissa - Rukaj\u00e4rven suunnan historiayhdistys<\/title>\n<meta name=\"robots\" content=\"index, follow, max-snippet:-1, max-image-preview:large, max-video-preview:-1\" \/>\n<link rel=\"canonical\" href=\"https:\/\/www.rukajarvensuunnanhistoriayhdistys.fi\/historiayhdistys\/rukajarven-veteraani-tykiston-kersantti-eino-hartikainen-poissa\/\" \/>\n<meta property=\"og:locale\" content=\"fi_FI\" \/>\n<meta property=\"og:type\" content=\"article\" \/>\n<meta property=\"og:title\" content=\"Rukaj\u00e4rven veteraani, tykist\u00f6n kersantti Eino Hartikainen on poissa - Rukaj\u00e4rven suunnan historiayhdistys\" \/>\n<meta property=\"og:description\" content=\"Rukaj\u00e4rven veteraani, tykist\u00f6n kersantti Eino Hartikainen 13.12.1918 \u2013 2.11.2016 \u201dOn viulun kieli katkennut\u201d Eino Hartikainen syntyi Iisalmen maalaiskunnan Ruotaanm\u00e4en kyl\u00e4ss\u00e4 12-lapsisen perheen nuorimmaisena. Jo nuoresta pit\u00e4en h\u00e4n harrasti ahkerasti urheilua, Teksti jatkuu...Rukaj\u00e4rven veteraani, tykist\u00f6n kersantti Eino Hartikainen on poissa\u2192\" \/>\n<meta property=\"og:url\" content=\"https:\/\/www.rukajarvensuunnanhistoriayhdistys.fi\/historiayhdistys\/rukajarven-veteraani-tykiston-kersantti-eino-hartikainen-poissa\/\" \/>\n<meta property=\"og:site_name\" content=\"Rukaj\u00e4rven suunnan historiayhdistys\" \/>\n<meta property=\"article:published_time\" content=\"2016-11-26T14:21:11+00:00\" \/>\n<meta property=\"article:modified_time\" content=\"2016-11-26T16:14:26+00:00\" \/>\n<meta property=\"og:image\" content=\"http:\/\/www.rukajarvensuunnanhistoriayhdistys.fi\/historiayhdistys\/wp-content\/uploads\/2016\/11\/HartikainenEino-2.jpg\" \/>\n<meta name=\"author\" content=\"RSHY\" \/>\n<meta name=\"twitter:label1\" content=\"Kirjoittanut\" \/>\n\t<meta name=\"twitter:data1\" content=\"RSHY\" \/>\n\t<meta name=\"twitter:label2\" content=\"Arvioitu lukuaika\" \/>\n\t<meta name=\"twitter:data2\" content=\"2 minuuttia\" \/>\n<script type=\"application\/ld+json\" class=\"yoast-schema-graph\">{\"@context\":\"https:\\\/\\\/schema.org\",\"@graph\":[{\"@type\":\"Article\",\"@id\":\"https:\\\/\\\/www.rukajarvensuunnanhistoriayhdistys.fi\\\/historiayhdistys\\\/rukajarven-veteraani-tykiston-kersantti-eino-hartikainen-poissa\\\/#article\",\"isPartOf\":{\"@id\":\"https:\\\/\\\/www.rukajarvensuunnanhistoriayhdistys.fi\\\/historiayhdistys\\\/rukajarven-veteraani-tykiston-kersantti-eino-hartikainen-poissa\\\/\"},\"author\":{\"name\":\"RSHY\",\"@id\":\"https:\\\/\\\/www.rukajarvensuunnanhistoriayhdistys.fi\\\/historiayhdistys\\\/#\\\/schema\\\/person\\\/19de7db68bf72dfd2b5d7f6dfbf8454d\"},\"headline\":\"Rukaj\u00e4rven veteraani, tykist\u00f6n kersantti Eino Hartikainen on poissa\",\"datePublished\":\"2016-11-26T14:21:11+00:00\",\"dateModified\":\"2016-11-26T16:14:26+00:00\",\"mainEntityOfPage\":{\"@id\":\"https:\\\/\\\/www.rukajarvensuunnanhistoriayhdistys.fi\\\/historiayhdistys\\\/rukajarven-veteraani-tykiston-kersantti-eino-hartikainen-poissa\\\/\"},\"wordCount\":485,\"publisher\":{\"@id\":\"https:\\\/\\\/www.rukajarvensuunnanhistoriayhdistys.fi\\\/historiayhdistys\\\/#organization\"},\"image\":{\"@id\":\"https:\\\/\\\/www.rukajarvensuunnanhistoriayhdistys.fi\\\/historiayhdistys\\\/rukajarven-veteraani-tykiston-kersantti-eino-hartikainen-poissa\\\/#primaryimage\"},\"thumbnailUrl\":\"http:\\\/\\\/www.rukajarvensuunnanhistoriayhdistys.fi\\\/historiayhdistys\\\/wp-content\\\/uploads\\\/2016\\\/11\\\/HartikainenEino-2.jpg\",\"articleSection\":[\"Ajankohtaista\",\"Rukaj\u00e4rvi-keskus\",\"Rukaj\u00e4rvi-keskus \u2013 Kiuruvesi\",\"Rukaj\u00e4rvi-keskus \u2013 Lieksa\"],\"inLanguage\":\"fi\"},{\"@type\":\"WebPage\",\"@id\":\"https:\\\/\\\/www.rukajarvensuunnanhistoriayhdistys.fi\\\/historiayhdistys\\\/rukajarven-veteraani-tykiston-kersantti-eino-hartikainen-poissa\\\/\",\"url\":\"https:\\\/\\\/www.rukajarvensuunnanhistoriayhdistys.fi\\\/historiayhdistys\\\/rukajarven-veteraani-tykiston-kersantti-eino-hartikainen-poissa\\\/\",\"name\":\"Rukaj\u00e4rven veteraani, tykist\u00f6n kersantti Eino Hartikainen on poissa - Rukaj\u00e4rven suunnan historiayhdistys\",\"isPartOf\":{\"@id\":\"https:\\\/\\\/www.rukajarvensuunnanhistoriayhdistys.fi\\\/historiayhdistys\\\/#website\"},\"primaryImageOfPage\":{\"@id\":\"https:\\\/\\\/www.rukajarvensuunnanhistoriayhdistys.fi\\\/historiayhdistys\\\/rukajarven-veteraani-tykiston-kersantti-eino-hartikainen-poissa\\\/#primaryimage\"},\"image\":{\"@id\":\"https:\\\/\\\/www.rukajarvensuunnanhistoriayhdistys.fi\\\/historiayhdistys\\\/rukajarven-veteraani-tykiston-kersantti-eino-hartikainen-poissa\\\/#primaryimage\"},\"thumbnailUrl\":\"http:\\\/\\\/www.rukajarvensuunnanhistoriayhdistys.fi\\\/historiayhdistys\\\/wp-content\\\/uploads\\\/2016\\\/11\\\/HartikainenEino-2.jpg\",\"datePublished\":\"2016-11-26T14:21:11+00:00\",\"dateModified\":\"2016-11-26T16:14:26+00:00\",\"breadcrumb\":{\"@id\":\"https:\\\/\\\/www.rukajarvensuunnanhistoriayhdistys.fi\\\/historiayhdistys\\\/rukajarven-veteraani-tykiston-kersantti-eino-hartikainen-poissa\\\/#breadcrumb\"},\"inLanguage\":\"fi\",\"potentialAction\":[{\"@type\":\"ReadAction\",\"target\":[\"https:\\\/\\\/www.rukajarvensuunnanhistoriayhdistys.fi\\\/historiayhdistys\\\/rukajarven-veteraani-tykiston-kersantti-eino-hartikainen-poissa\\\/\"]}]},{\"@type\":\"ImageObject\",\"inLanguage\":\"fi\",\"@id\":\"https:\\\/\\\/www.rukajarvensuunnanhistoriayhdistys.fi\\\/historiayhdistys\\\/rukajarven-veteraani-tykiston-kersantti-eino-hartikainen-poissa\\\/#primaryimage\",\"url\":\"http:\\\/\\\/www.rukajarvensuunnanhistoriayhdistys.fi\\\/historiayhdistys\\\/wp-content\\\/uploads\\\/2016\\\/11\\\/HartikainenEino-2.jpg\",\"contentUrl\":\"http:\\\/\\\/www.rukajarvensuunnanhistoriayhdistys.fi\\\/historiayhdistys\\\/wp-content\\\/uploads\\\/2016\\\/11\\\/HartikainenEino-2.jpg\",\"width\":426,\"height\":369,\"caption\":\"Eino Hartikainen\"},{\"@type\":\"BreadcrumbList\",\"@id\":\"https:\\\/\\\/www.rukajarvensuunnanhistoriayhdistys.fi\\\/historiayhdistys\\\/rukajarven-veteraani-tykiston-kersantti-eino-hartikainen-poissa\\\/#breadcrumb\",\"itemListElement\":[{\"@type\":\"ListItem\",\"position\":1,\"name\":\"Etusivu\",\"item\":\"https:\\\/\\\/www.rukajarvensuunnanhistoriayhdistys.fi\\\/historiayhdistys\\\/\"},{\"@type\":\"ListItem\",\"position\":2,\"name\":\"Rukaj\u00e4rven veteraani, tykist\u00f6n kersantti Eino Hartikainen on poissa\"}]},{\"@type\":\"WebSite\",\"@id\":\"https:\\\/\\\/www.rukajarvensuunnanhistoriayhdistys.fi\\\/historiayhdistys\\\/#website\",\"url\":\"https:\\\/\\\/www.rukajarvensuunnanhistoriayhdistys.fi\\\/historiayhdistys\\\/\",\"name\":\"Rukaj\u00e4rven suunnan historiayhdistys\",\"description\":\"Rukaj\u00e4rven suunnan historiayhdistyksen verkkosivut.\",\"publisher\":{\"@id\":\"https:\\\/\\\/www.rukajarvensuunnanhistoriayhdistys.fi\\\/historiayhdistys\\\/#organization\"},\"potentialAction\":[{\"@type\":\"SearchAction\",\"target\":{\"@type\":\"EntryPoint\",\"urlTemplate\":\"https:\\\/\\\/www.rukajarvensuunnanhistoriayhdistys.fi\\\/historiayhdistys\\\/?s={search_term_string}\"},\"query-input\":{\"@type\":\"PropertyValueSpecification\",\"valueRequired\":true,\"valueName\":\"search_term_string\"}}],\"inLanguage\":\"fi\"},{\"@type\":\"Organization\",\"@id\":\"https:\\\/\\\/www.rukajarvensuunnanhistoriayhdistys.fi\\\/historiayhdistys\\\/#organization\",\"name\":\"Rukaj\u00e4rven suunnan historiayhdistys\",\"url\":\"https:\\\/\\\/www.rukajarvensuunnanhistoriayhdistys.fi\\\/historiayhdistys\\\/\",\"logo\":{\"@type\":\"ImageObject\",\"inLanguage\":\"fi\",\"@id\":\"https:\\\/\\\/www.rukajarvensuunnanhistoriayhdistys.fi\\\/historiayhdistys\\\/#\\\/schema\\\/logo\\\/image\\\/\",\"url\":\"http:\\\/\\\/www.rukajarvensuunnanhistoriayhdistys.fi\\\/historiayhdistys\\\/wp-content\\\/uploads\\\/2013\\\/12\\\/Otsake_3.jpg\",\"contentUrl\":\"http:\\\/\\\/www.rukajarvensuunnanhistoriayhdistys.fi\\\/historiayhdistys\\\/wp-content\\\/uploads\\\/2013\\\/12\\\/Otsake_3.jpg\",\"width\":1000,\"height\":442,\"caption\":\"Rukaj\u00e4rven suunnan historiayhdistys\"},\"image\":{\"@id\":\"https:\\\/\\\/www.rukajarvensuunnanhistoriayhdistys.fi\\\/historiayhdistys\\\/#\\\/schema\\\/logo\\\/image\\\/\"}},{\"@type\":\"Person\",\"@id\":\"https:\\\/\\\/www.rukajarvensuunnanhistoriayhdistys.fi\\\/historiayhdistys\\\/#\\\/schema\\\/person\\\/19de7db68bf72dfd2b5d7f6dfbf8454d\",\"name\":\"RSHY\",\"image\":{\"@type\":\"ImageObject\",\"inLanguage\":\"fi\",\"@id\":\"https:\\\/\\\/secure.gravatar.com\\\/avatar\\\/598d59263a69cc8de65fcb4f9db78d6f58c098cb0e0ba22d73377441af9fa04c?s=96&d=blank&r=g\",\"url\":\"https:\\\/\\\/secure.gravatar.com\\\/avatar\\\/598d59263a69cc8de65fcb4f9db78d6f58c098cb0e0ba22d73377441af9fa04c?s=96&d=blank&r=g\",\"contentUrl\":\"https:\\\/\\\/secure.gravatar.com\\\/avatar\\\/598d59263a69cc8de65fcb4f9db78d6f58c098cb0e0ba22d73377441af9fa04c?s=96&d=blank&r=g\",\"caption\":\"RSHY\"},\"url\":\"http:\\\/\\\/www.rukajarvensuunnanhistoriayhdistys.fi\\\/historiayhdistys\\\/author\\\/rshy\\\/\"}]}<\/script>\n<!-- \/ Yoast SEO plugin. -->","yoast_head_json":{"title":"Rukaj\u00e4rven veteraani, tykist\u00f6n kersantti Eino Hartikainen on poissa - Rukaj\u00e4rven suunnan historiayhdistys","robots":{"index":"index","follow":"follow","max-snippet":"max-snippet:-1","max-image-preview":"max-image-preview:large","max-video-preview":"max-video-preview:-1"},"canonical":"https:\/\/www.rukajarvensuunnanhistoriayhdistys.fi\/historiayhdistys\/rukajarven-veteraani-tykiston-kersantti-eino-hartikainen-poissa\/","og_locale":"fi_FI","og_type":"article","og_title":"Rukaj\u00e4rven veteraani, tykist\u00f6n kersantti Eino Hartikainen on poissa - Rukaj\u00e4rven suunnan historiayhdistys","og_description":"Rukaj\u00e4rven veteraani, tykist\u00f6n kersantti Eino Hartikainen 13.12.1918 \u2013 2.11.2016 \u201dOn viulun kieli katkennut\u201d Eino Hartikainen syntyi Iisalmen maalaiskunnan Ruotaanm\u00e4en kyl\u00e4ss\u00e4 12-lapsisen perheen nuorimmaisena. Jo nuoresta pit\u00e4en h\u00e4n harrasti ahkerasti urheilua, Teksti jatkuu...Rukaj\u00e4rven veteraani, tykist\u00f6n kersantti Eino Hartikainen on poissa\u2192","og_url":"https:\/\/www.rukajarvensuunnanhistoriayhdistys.fi\/historiayhdistys\/rukajarven-veteraani-tykiston-kersantti-eino-hartikainen-poissa\/","og_site_name":"Rukaj\u00e4rven suunnan historiayhdistys","article_published_time":"2016-11-26T14:21:11+00:00","article_modified_time":"2016-11-26T16:14:26+00:00","og_image":[{"url":"http:\/\/www.rukajarvensuunnanhistoriayhdistys.fi\/historiayhdistys\/wp-content\/uploads\/2016\/11\/HartikainenEino-2.jpg","type":"","width":"","height":""}],"author":"RSHY","twitter_misc":{"Kirjoittanut":"RSHY","Arvioitu lukuaika":"2 minuuttia"},"schema":{"@context":"https:\/\/schema.org","@graph":[{"@type":"Article","@id":"https:\/\/www.rukajarvensuunnanhistoriayhdistys.fi\/historiayhdistys\/rukajarven-veteraani-tykiston-kersantti-eino-hartikainen-poissa\/#article","isPartOf":{"@id":"https:\/\/www.rukajarvensuunnanhistoriayhdistys.fi\/historiayhdistys\/rukajarven-veteraani-tykiston-kersantti-eino-hartikainen-poissa\/"},"author":{"name":"RSHY","@id":"https:\/\/www.rukajarvensuunnanhistoriayhdistys.fi\/historiayhdistys\/#\/schema\/person\/19de7db68bf72dfd2b5d7f6dfbf8454d"},"headline":"Rukaj\u00e4rven veteraani, tykist\u00f6n kersantti Eino Hartikainen on poissa","datePublished":"2016-11-26T14:21:11+00:00","dateModified":"2016-11-26T16:14:26+00:00","mainEntityOfPage":{"@id":"https:\/\/www.rukajarvensuunnanhistoriayhdistys.fi\/historiayhdistys\/rukajarven-veteraani-tykiston-kersantti-eino-hartikainen-poissa\/"},"wordCount":485,"publisher":{"@id":"https:\/\/www.rukajarvensuunnanhistoriayhdistys.fi\/historiayhdistys\/#organization"},"image":{"@id":"https:\/\/www.rukajarvensuunnanhistoriayhdistys.fi\/historiayhdistys\/rukajarven-veteraani-tykiston-kersantti-eino-hartikainen-poissa\/#primaryimage"},"thumbnailUrl":"http:\/\/www.rukajarvensuunnanhistoriayhdistys.fi\/historiayhdistys\/wp-content\/uploads\/2016\/11\/HartikainenEino-2.jpg","articleSection":["Ajankohtaista","Rukaj\u00e4rvi-keskus","Rukaj\u00e4rvi-keskus \u2013 Kiuruvesi","Rukaj\u00e4rvi-keskus \u2013 Lieksa"],"inLanguage":"fi"},{"@type":"WebPage","@id":"https:\/\/www.rukajarvensuunnanhistoriayhdistys.fi\/historiayhdistys\/rukajarven-veteraani-tykiston-kersantti-eino-hartikainen-poissa\/","url":"https:\/\/www.rukajarvensuunnanhistoriayhdistys.fi\/historiayhdistys\/rukajarven-veteraani-tykiston-kersantti-eino-hartikainen-poissa\/","name":"Rukaj\u00e4rven veteraani, tykist\u00f6n kersantti Eino Hartikainen on poissa - Rukaj\u00e4rven suunnan historiayhdistys","isPartOf":{"@id":"https:\/\/www.rukajarvensuunnanhistoriayhdistys.fi\/historiayhdistys\/#website"},"primaryImageOfPage":{"@id":"https:\/\/www.rukajarvensuunnanhistoriayhdistys.fi\/historiayhdistys\/rukajarven-veteraani-tykiston-kersantti-eino-hartikainen-poissa\/#primaryimage"},"image":{"@id":"https:\/\/www.rukajarvensuunnanhistoriayhdistys.fi\/historiayhdistys\/rukajarven-veteraani-tykiston-kersantti-eino-hartikainen-poissa\/#primaryimage"},"thumbnailUrl":"http:\/\/www.rukajarvensuunnanhistoriayhdistys.fi\/historiayhdistys\/wp-content\/uploads\/2016\/11\/HartikainenEino-2.jpg","datePublished":"2016-11-26T14:21:11+00:00","dateModified":"2016-11-26T16:14:26+00:00","breadcrumb":{"@id":"https:\/\/www.rukajarvensuunnanhistoriayhdistys.fi\/historiayhdistys\/rukajarven-veteraani-tykiston-kersantti-eino-hartikainen-poissa\/#breadcrumb"},"inLanguage":"fi","potentialAction":[{"@type":"ReadAction","target":["https:\/\/www.rukajarvensuunnanhistoriayhdistys.fi\/historiayhdistys\/rukajarven-veteraani-tykiston-kersantti-eino-hartikainen-poissa\/"]}]},{"@type":"ImageObject","inLanguage":"fi","@id":"https:\/\/www.rukajarvensuunnanhistoriayhdistys.fi\/historiayhdistys\/rukajarven-veteraani-tykiston-kersantti-eino-hartikainen-poissa\/#primaryimage","url":"http:\/\/www.rukajarvensuunnanhistoriayhdistys.fi\/historiayhdistys\/wp-content\/uploads\/2016\/11\/HartikainenEino-2.jpg","contentUrl":"http:\/\/www.rukajarvensuunnanhistoriayhdistys.fi\/historiayhdistys\/wp-content\/uploads\/2016\/11\/HartikainenEino-2.jpg","width":426,"height":369,"caption":"Eino Hartikainen"},{"@type":"BreadcrumbList","@id":"https:\/\/www.rukajarvensuunnanhistoriayhdistys.fi\/historiayhdistys\/rukajarven-veteraani-tykiston-kersantti-eino-hartikainen-poissa\/#breadcrumb","itemListElement":[{"@type":"ListItem","position":1,"name":"Etusivu","item":"https:\/\/www.rukajarvensuunnanhistoriayhdistys.fi\/historiayhdistys\/"},{"@type":"ListItem","position":2,"name":"Rukaj\u00e4rven veteraani, tykist\u00f6n kersantti Eino Hartikainen on poissa"}]},{"@type":"WebSite","@id":"https:\/\/www.rukajarvensuunnanhistoriayhdistys.fi\/historiayhdistys\/#website","url":"https:\/\/www.rukajarvensuunnanhistoriayhdistys.fi\/historiayhdistys\/","name":"Rukaj\u00e4rven suunnan historiayhdistys","description":"Rukaj\u00e4rven suunnan historiayhdistyksen verkkosivut.","publisher":{"@id":"https:\/\/www.rukajarvensuunnanhistoriayhdistys.fi\/historiayhdistys\/#organization"},"potentialAction":[{"@type":"SearchAction","target":{"@type":"EntryPoint","urlTemplate":"https:\/\/www.rukajarvensuunnanhistoriayhdistys.fi\/historiayhdistys\/?s={search_term_string}"},"query-input":{"@type":"PropertyValueSpecification","valueRequired":true,"valueName":"search_term_string"}}],"inLanguage":"fi"},{"@type":"Organization","@id":"https:\/\/www.rukajarvensuunnanhistoriayhdistys.fi\/historiayhdistys\/#organization","name":"Rukaj\u00e4rven suunnan historiayhdistys","url":"https:\/\/www.rukajarvensuunnanhistoriayhdistys.fi\/historiayhdistys\/","logo":{"@type":"ImageObject","inLanguage":"fi","@id":"https:\/\/www.rukajarvensuunnanhistoriayhdistys.fi\/historiayhdistys\/#\/schema\/logo\/image\/","url":"http:\/\/www.rukajarvensuunnanhistoriayhdistys.fi\/historiayhdistys\/wp-content\/uploads\/2013\/12\/Otsake_3.jpg","contentUrl":"http:\/\/www.rukajarvensuunnanhistoriayhdistys.fi\/historiayhdistys\/wp-content\/uploads\/2013\/12\/Otsake_3.jpg","width":1000,"height":442,"caption":"Rukaj\u00e4rven suunnan historiayhdistys"},"image":{"@id":"https:\/\/www.rukajarvensuunnanhistoriayhdistys.fi\/historiayhdistys\/#\/schema\/logo\/image\/"}},{"@type":"Person","@id":"https:\/\/www.rukajarvensuunnanhistoriayhdistys.fi\/historiayhdistys\/#\/schema\/person\/19de7db68bf72dfd2b5d7f6dfbf8454d","name":"RSHY","image":{"@type":"ImageObject","inLanguage":"fi","@id":"https:\/\/secure.gravatar.com\/avatar\/598d59263a69cc8de65fcb4f9db78d6f58c098cb0e0ba22d73377441af9fa04c?s=96&d=blank&r=g","url":"https:\/\/secure.gravatar.com\/avatar\/598d59263a69cc8de65fcb4f9db78d6f58c098cb0e0ba22d73377441af9fa04c?s=96&d=blank&r=g","contentUrl":"https:\/\/secure.gravatar.com\/avatar\/598d59263a69cc8de65fcb4f9db78d6f58c098cb0e0ba22d73377441af9fa04c?s=96&d=blank&r=g","caption":"RSHY"},"url":"http:\/\/www.rukajarvensuunnanhistoriayhdistys.fi\/historiayhdistys\/author\/rshy\/"}]}},"_links":{"self":[{"href":"http:\/\/www.rukajarvensuunnanhistoriayhdistys.fi\/historiayhdistys\/wp-json\/wp\/v2\/posts\/10936","targetHints":{"allow":["GET"]}}],"collection":[{"href":"http:\/\/www.rukajarvensuunnanhistoriayhdistys.fi\/historiayhdistys\/wp-json\/wp\/v2\/posts"}],"about":[{"href":"http:\/\/www.rukajarvensuunnanhistoriayhdistys.fi\/historiayhdistys\/wp-json\/wp\/v2\/types\/post"}],"author":[{"embeddable":true,"href":"http:\/\/www.rukajarvensuunnanhistoriayhdistys.fi\/historiayhdistys\/wp-json\/wp\/v2\/users\/3"}],"replies":[{"embeddable":true,"href":"http:\/\/www.rukajarvensuunnanhistoriayhdistys.fi\/historiayhdistys\/wp-json\/wp\/v2\/comments?post=10936"}],"version-history":[{"count":4,"href":"http:\/\/www.rukajarvensuunnanhistoriayhdistys.fi\/historiayhdistys\/wp-json\/wp\/v2\/posts\/10936\/revisions"}],"predecessor-version":[{"id":10940,"href":"http:\/\/www.rukajarvensuunnanhistoriayhdistys.fi\/historiayhdistys\/wp-json\/wp\/v2\/posts\/10936\/revisions\/10940"}],"wp:attachment":[{"href":"http:\/\/www.rukajarvensuunnanhistoriayhdistys.fi\/historiayhdistys\/wp-json\/wp\/v2\/media?parent=10936"}],"wp:term":[{"taxonomy":"category","embeddable":true,"href":"http:\/\/www.rukajarvensuunnanhistoriayhdistys.fi\/historiayhdistys\/wp-json\/wp\/v2\/categories?post=10936"},{"taxonomy":"post_tag","embeddable":true,"href":"http:\/\/www.rukajarvensuunnanhistoriayhdistys.fi\/historiayhdistys\/wp-json\/wp\/v2\/tags?post=10936"}],"curies":[{"name":"wp","href":"https:\/\/api.w.org\/{rel}","templated":true}]}}