{"id":10945,"date":"2016-11-30T09:00:25","date_gmt":"2016-11-30T07:00:25","guid":{"rendered":"http:\/\/www.rukajarvensuunnanhistoriayhdistys.fi\/historiayhdistys\/?p=10945"},"modified":"2016-12-01T20:18:26","modified_gmt":"2016-12-01T18:18:26","slug":"lieksan-kivivaaran-suunnan-uusi-muistomerkki-paljastettiin-30-11-2016","status":"publish","type":"post","link":"http:\/\/www.rukajarvensuunnanhistoriayhdistys.fi\/historiayhdistys\/lieksan-kivivaaran-suunnan-uusi-muistomerkki-paljastettiin-30-11-2016\/","title":{"rendered":"Lieksan Kivivaaran suunnan uusi muistomerkki paljastettiin 30.11.2016"},"content":{"rendered":"<div class=\"fcbkbttn_buttons_block\" id=\"fcbkbttn_left\"><div class=\"fcbkbttn_like \"><fb:like href=\"http:\/\/www.rukajarvensuunnanhistoriayhdistys.fi\/historiayhdistys\/lieksan-kivivaaran-suunnan-uusi-muistomerkki-paljastettiin-30-11-2016\/\" action=\"like\" colorscheme=\"light\" layout=\"button_count\"  size=\"small\"><\/fb:like><\/div><\/div><p><strong>Tauno Oksanen: TALVISODAN ALKAMISEN MUISTOTILAISUUTEEN LIITTYV\u00c4 MUISTOMERKIN PALJASTUSPUHE LIEKSAN KIVIVAARAN SUUNNALLA 30.11.2016<\/strong><\/p>\n<p>Kunnioitetut sotiemme veteraanit, lotat, tammenlehv\u00e4sukupolven edustajat, arvoisat tapahtuman l\u00e4sn\u00e4olijat !<\/p>\n<figure id=\"attachment_10970\" aria-describedby=\"caption-attachment-10970\" style=\"width: 5760px\" class=\"wp-caption aligncenter\"><a href=\"http:\/\/www.rukajarvensuunnanhistoriayhdistys.fi\/historiayhdistys\/wp-content\/uploads\/2016\/11\/023Talvisotapaiva.jpg\"><img loading=\"lazy\" decoding=\"async\" class=\"size-full wp-image-10970\" src=\"http:\/\/www.rukajarvensuunnanhistoriayhdistys.fi\/historiayhdistys\/wp-content\/uploads\/2016\/11\/023Talvisotapaiva.jpg\" alt=\"Muistomerkin paljastuspuheen piti rajakapteeni Tauno Oksanen. Muistomerkill\u00e4 puhui my\u00f6s Lieksan kaupunginvaltuuston puheenjohtaja Ari Marjeta sek\u00e4 lieksalainen Juhani Ryyn\u00e4nen. Kuva Ari Komulainen.\" width=\"5760\" height=\"3840\" data-id=\"10970\" srcset=\"http:\/\/www.rukajarvensuunnanhistoriayhdistys.fi\/historiayhdistys\/wp-content\/uploads\/2016\/11\/023Talvisotapaiva.jpg 5760w, http:\/\/www.rukajarvensuunnanhistoriayhdistys.fi\/historiayhdistys\/wp-content\/uploads\/2016\/11\/023Talvisotapaiva-300x200.jpg 300w, http:\/\/www.rukajarvensuunnanhistoriayhdistys.fi\/historiayhdistys\/wp-content\/uploads\/2016\/11\/023Talvisotapaiva-768x512.jpg 768w, http:\/\/www.rukajarvensuunnanhistoriayhdistys.fi\/historiayhdistys\/wp-content\/uploads\/2016\/11\/023Talvisotapaiva-1024x683.jpg 1024w\" sizes=\"auto, (max-width: 5760px) 100vw, 5760px\" \/><\/a><figcaption id=\"caption-attachment-10970\" class=\"wp-caption-text\">Muistomerkin paljastuspuheen piti rajakapteeni Tauno Oksanen. Muistomerkill\u00e4 puhui my\u00f6s Lieksan kaupunginvaltuuston puheenjohtaja Ari Marjeta sek\u00e4 lieksalainen Juhani Ryyn\u00e4nen. Kuva Ari Komulainen.<\/figcaption><\/figure>\n<p>&nbsp;<\/p>\n<p>Olemme kokoontuneet muistelemaan talvisodan alkua t\u00e4ll\u00e4 kerralla Kivivaaran suunnalle. Samalla paljastamme uuden muistomerkin t\u00e4m\u00e4n suunnan sodan ensimm\u00e4isen p\u00e4iv\u00e4n uhrien muistoksi.<\/p>\n<p>T\u00e4m\u00e4 merkki t\u00e4ydent\u00e4\u00e4 tuon p\u00e4iv\u00e4n muistoa, sill\u00e4 my\u00f6s alkuper\u00e4inen, tien oikaisun takia Louhikkom\u00e4en alla syrj\u00e4\u00e4n j\u00e4\u00e4nyt merkki laattoineen j\u00e4\u00e4 paikalleen. Samalla molemmat surmapaikat saavat omat muistomerkkins\u00e4. T\u00e4m\u00e4n nyt paljastettavan kiven viereen tulee my\u00f6hemmin opastustaulu, jossa tapahtumat molemmilla paikoilla selvitet\u00e4\u00e4n.<\/p>\n<p>Muistomerkkeihin liittyv\u00e4t tapahtumat kerrotaan tarkasti t\u00e4m\u00e4n tilaisuuden j\u00e4lkeen muistotilaisuudessa Jukolan Motti -pirtill\u00e4.<\/p>\n<p>Talvisota alkoi t\u00e4m\u00e4n silloisen Pielisj\u00e4rven Kivivaaran suunnalla 30.11. 1939 aamuseitsem\u00e4n j\u00e4lkeen. Neuvostojoukot yrittiv\u00e4t aluksi kaapata aivan valtakunnan rajan l\u00e4hell\u00e4 sijainneen vartioaseman miehist\u00f6ineen. T\u00e4m\u00e4 ei onnistunut, vaan tarkat vartiomiehet murtautuivat ulos saarroksista ja liittyiv\u00e4t Kivivaarassa olleeseen joukkueeseen. Ven\u00e4l\u00e4iset l\u00e4htiv\u00e4t etenem\u00e4\u00e4n kohti Nurmij\u00e4rve\u00e4 ja suomalaiset rajamiehet aloittivat viivytyksen aluksi kohti \u00c4n\u00e4k\u00e4ist\u00e4. Rajaseudun asukkaat olivat hy\u00f6kk\u00e4yksen alkaessa l\u00e4hes kokonaan evakuoimatta kotipaikoillaan ja rajamiehet h\u00e4lyttiv\u00e4t ihmisi\u00e4 pakenemaan pois hy\u00f6kk\u00e4\u00e4j\u00e4n alta niin paljon kuin viivytysteht\u00e4v\u00e4ns\u00e4 ohella ehtiv\u00e4t.<\/p>\n<p>Kolme henkil\u00f6\u00e4 j\u00e4i kuitenkin ven\u00e4l\u00e4isten vangeiksi sodan ensimm\u00e4isen\u00e4 p\u00e4iv\u00e4n\u00e4. Ensimm\u00e4inen oli 36-vuotias Pekka Ohtonen Tynnyrinvaarasta. H\u00e4net otettiin kiinni kotipaikaltaan ja kuljetettiin Louhikkom\u00e4en alle, jossa ammuttiin mets\u00e4\u00e4n tien varteen. Alkuper\u00e4inen uhrien muistomerkki on juuri sill\u00e4 paikalla. My\u00f6hemmin t\u00e4t\u00e4 Hattuselkosen tiet\u00e4 pitkin saapuivat t\u00e4h\u00e4n paikkaan hevosreell\u00e4 Hanhiahon Salmen 13-vuotias Elias-poika ja h\u00e4nen kyydiss\u00e4\u00e4n Salmen v\u00e4vy, 36-vuotias Pekka Partanen. Elias Salmi oli kuljettamassa lomalta palaavaa reservin sotamies Partasta maantien varteen. T\u00e4ss\u00e4 ven\u00e4l\u00e4iset vangitsivat miehet ja ilmeisen kovan kuulustelun j\u00e4lkeen tappoivat heid\u00e4t ja hautasivat l\u00e4heisen talon saunan taakse. Ruumiit l\u00f6ydettiin seuraavana kes\u00e4n\u00e4 p\u00e4\u00e4llekk\u00e4in matalaan haudattuna. Pekka Ohtosen ruumis l\u00f6ydettiin my\u00f6s kes\u00e4kuussa 1940 ampumispaikalta.<\/p>\n<p>N\u00e4m\u00e4 surmaty\u00f6t olivat sotarikoksia. Miksi heid\u00e4t piti tappaa? Sit\u00e4 emme saa koskaan selville mutta me voimme aina muistaa heit\u00e4. Raakalaismainen, kansainv\u00e4lisist\u00e4 sopimuksista piittaamaton hy\u00f6kk\u00e4\u00e4j\u00e4 ei kunnioittanut ihmishenki\u00e4. Kuitenkin Neuvostoliitto ilmoitti sodan alussa puna-armeijan tulevan vapauttamaan suomalaiset ty\u00f6l\u00e4iset hirmuvallan orjuudesta. Ensimm\u00e4isen hy\u00f6kk\u00e4ysp\u00e4iv\u00e4n tapahtumat t\u00e4ll\u00e4kin suunnalla osoittivat aivan muuta. Rajan kirot olivat j\u00e4lleen vaatineet syytt\u00f6m\u00e4t uhrinsa.<\/p>\n<p>Paljastamme nyt t\u00e4m\u00e4n muistomerkin. Olkoon se muistuttamassa nykyisi\u00e4 ja tulevia sukupolvia siit\u00e4 suurimmasta uhrista, jonka n\u00e4m\u00e4 rajaseudun asukkaat joutuivat is\u00e4nmaan puolesta antamaan. Muistomerkin luja panssarinestekivi kuvastaa sen ajan suomalaista j\u00e4rkkym\u00e4t\u00f6nt\u00e4 maanpuolustushenke\u00e4 vapauden ja itsem\u00e4\u00e4r\u00e4\u00e4misoikeuden s\u00e4ilytt\u00e4miseksi.<\/p>\n<p>Rajakapteeni Tauno Oksanen<\/p>\n<p><strong>Uuden muistomerkin paikasta:<\/strong><\/p>\n<figure id=\"attachment_10947\" aria-describedby=\"caption-attachment-10947\" style=\"width: 984px\" class=\"wp-caption aligncenter\"><a href=\"http:\/\/www.rukajarvensuunnanhistoriayhdistys.fi\/historiayhdistys\/wp-content\/uploads\/2016\/11\/Muistomerkki-1.jpg\"><img loading=\"lazy\" decoding=\"async\" class=\"wp-image-10947 size-full\" src=\"http:\/\/www.rukajarvensuunnanhistoriayhdistys.fi\/historiayhdistys\/wp-content\/uploads\/2016\/11\/Muistomerkki-1.jpg\" alt=\"Kivivaaran suunnan Talvisodan ensimm\u00e4isten siviiliuhrien muistomerkki.\" width=\"984\" height=\"580\" data-id=\"10947\" srcset=\"http:\/\/www.rukajarvensuunnanhistoriayhdistys.fi\/historiayhdistys\/wp-content\/uploads\/2016\/11\/Muistomerkki-1.jpg 984w, http:\/\/www.rukajarvensuunnanhistoriayhdistys.fi\/historiayhdistys\/wp-content\/uploads\/2016\/11\/Muistomerkki-1-300x177.jpg 300w, http:\/\/www.rukajarvensuunnanhistoriayhdistys.fi\/historiayhdistys\/wp-content\/uploads\/2016\/11\/Muistomerkki-1-768x453.jpg 768w\" sizes=\"auto, (max-width: 984px) 100vw, 984px\" \/><\/a><figcaption id=\"caption-attachment-10947\" class=\"wp-caption-text\">Kivivaaran suunnan Talvisodan ensimm\u00e4isten siviiliuhrien muistomerkki.<\/figcaption><\/figure>\n<figure id=\"attachment_10946\" aria-describedby=\"caption-attachment-10946\" style=\"width: 1920px\" class=\"wp-caption aligncenter\"><a href=\"http:\/\/www.rukajarvensuunnanhistoriayhdistys.fi\/historiayhdistys\/wp-content\/uploads\/2016\/11\/IMG_0547-2.jpg\"><img loading=\"lazy\" decoding=\"async\" class=\"size-full wp-image-10946\" src=\"http:\/\/www.rukajarvensuunnanhistoriayhdistys.fi\/historiayhdistys\/wp-content\/uploads\/2016\/11\/IMG_0547-2.jpg\" alt=\"Kivivaaran suunnan Talvisodan ensimm\u00e4isten siviiliuhrien muistomerkki Hattuselkosen tiehaarassa \" width=\"1920\" height=\"1080\" data-id=\"10946\" srcset=\"http:\/\/www.rukajarvensuunnanhistoriayhdistys.fi\/historiayhdistys\/wp-content\/uploads\/2016\/11\/IMG_0547-2.jpg 1920w, http:\/\/www.rukajarvensuunnanhistoriayhdistys.fi\/historiayhdistys\/wp-content\/uploads\/2016\/11\/IMG_0547-2-300x169.jpg 300w, http:\/\/www.rukajarvensuunnanhistoriayhdistys.fi\/historiayhdistys\/wp-content\/uploads\/2016\/11\/IMG_0547-2-768x432.jpg 768w, http:\/\/www.rukajarvensuunnanhistoriayhdistys.fi\/historiayhdistys\/wp-content\/uploads\/2016\/11\/IMG_0547-2-1024x576.jpg 1024w\" sizes=\"auto, (max-width: 1920px) 100vw, 1920px\" \/><\/a><figcaption id=\"caption-attachment-10946\" class=\"wp-caption-text\">Kivivaaran suunnan Talvisodan ensimm\u00e4isten uhrien muistomerkki Hattuselkosen tiehaarassa<\/figcaption><\/figure>\n<p><a href=\"http:\/\/www.rukajarvensuunnanhistoriayhdistys.fi\/historiayhdistys\/wp-content\/uploads\/2016\/11\/Rukaj\u00e4rven-tie-2016.jpg\"><img loading=\"lazy\" decoding=\"async\" class=\"aligncenter size-full wp-image-10948\" src=\"http:\/\/www.rukajarvensuunnanhistoriayhdistys.fi\/historiayhdistys\/wp-content\/uploads\/2016\/11\/Rukaj\u00e4rven-tie-2016.jpg\" alt=\"rukajarven-tie-2016\" width=\"790\" height=\"666\" data-id=\"10948\" srcset=\"http:\/\/www.rukajarvensuunnanhistoriayhdistys.fi\/historiayhdistys\/wp-content\/uploads\/2016\/11\/Rukaj\u00e4rven-tie-2016.jpg 790w, http:\/\/www.rukajarvensuunnanhistoriayhdistys.fi\/historiayhdistys\/wp-content\/uploads\/2016\/11\/Rukaj\u00e4rven-tie-2016-300x253.jpg 300w, http:\/\/www.rukajarvensuunnanhistoriayhdistys.fi\/historiayhdistys\/wp-content\/uploads\/2016\/11\/Rukaj\u00e4rven-tie-2016-768x647.jpg 768w\" sizes=\"auto, (max-width: 790px) 100vw, 790px\" \/><\/a><\/p>\n","protected":false},"excerpt":{"rendered":"<p>Tauno Oksanen: TALVISODAN ALKAMISEN MUISTOTILAISUUTEEN LIITTYV\u00c4 MUISTOMERKIN PALJASTUSPUHE LIEKSAN KIVIVAARAN SUUNNALLA 30.11.2016 Kunnioitetut sotiemme veteraanit, lotat, tammenlehv\u00e4sukupolven edustajat, arvoisat tapahtuman l\u00e4sn\u00e4olijat ! &nbsp; Olemme kokoontuneet muistelemaan talvisodan alkua t\u00e4ll\u00e4 kerralla <a class=\"more-link\" href=\"http:\/\/www.rukajarvensuunnanhistoriayhdistys.fi\/historiayhdistys\/lieksan-kivivaaran-suunnan-uusi-muistomerkki-paljastettiin-30-11-2016\/\">Teksti jatkuu&#8230;<span class=\"screen-reader-text\">Lieksan Kivivaaran suunnan uusi muistomerkki paljastettiin 30.11.2016<\/span><span class=\"meta-nav\">\u2192<\/span><\/a><\/p>\n","protected":false},"author":3,"featured_media":0,"comment_status":"closed","ping_status":"open","sticky":false,"template":"","format":"standard","meta":{"footnotes":""},"categories":[22],"tags":[],"class_list":["post-10945","post","type-post","status-publish","format-standard","hentry","category-ajankohtaista"],"yoast_head":"<!-- This site is optimized with the Yoast SEO plugin v27.4 - https:\/\/yoast.com\/product\/yoast-seo-wordpress\/ -->\n<title>Lieksan Kivivaaran suunnan uusi muistomerkki paljastettiin 30.11.2016 - Rukaj\u00e4rven suunnan historiayhdistys<\/title>\n<meta name=\"robots\" content=\"index, follow, max-snippet:-1, max-image-preview:large, max-video-preview:-1\" \/>\n<link rel=\"canonical\" href=\"http:\/\/www.rukajarvensuunnanhistoriayhdistys.fi\/historiayhdistys\/lieksan-kivivaaran-suunnan-uusi-muistomerkki-paljastettiin-30-11-2016\/\" \/>\n<meta property=\"og:locale\" content=\"fi_FI\" \/>\n<meta property=\"og:type\" content=\"article\" \/>\n<meta property=\"og:title\" content=\"Lieksan Kivivaaran suunnan uusi muistomerkki paljastettiin 30.11.2016 - Rukaj\u00e4rven suunnan historiayhdistys\" \/>\n<meta property=\"og:description\" content=\"Tauno Oksanen: TALVISODAN ALKAMISEN MUISTOTILAISUUTEEN LIITTYV\u00c4 MUISTOMERKIN PALJASTUSPUHE LIEKSAN KIVIVAARAN SUUNNALLA 30.11.2016 Kunnioitetut sotiemme veteraanit, lotat, tammenlehv\u00e4sukupolven edustajat, arvoisat tapahtuman l\u00e4sn\u00e4olijat ! &nbsp; Olemme kokoontuneet muistelemaan talvisodan alkua t\u00e4ll\u00e4 kerralla Teksti jatkuu...Lieksan Kivivaaran suunnan uusi muistomerkki paljastettiin 30.11.2016\u2192\" \/>\n<meta property=\"og:url\" content=\"http:\/\/www.rukajarvensuunnanhistoriayhdistys.fi\/historiayhdistys\/lieksan-kivivaaran-suunnan-uusi-muistomerkki-paljastettiin-30-11-2016\/\" \/>\n<meta property=\"og:site_name\" content=\"Rukaj\u00e4rven suunnan historiayhdistys\" \/>\n<meta property=\"article:published_time\" content=\"2016-11-30T07:00:25+00:00\" \/>\n<meta property=\"article:modified_time\" content=\"2016-12-01T18:18:26+00:00\" \/>\n<meta property=\"og:image\" content=\"http:\/\/www.rukajarvensuunnanhistoriayhdistys.fi\/historiayhdistys\/wp-content\/uploads\/2016\/11\/023Talvisotapaiva.jpg\" \/>\n<meta name=\"author\" content=\"RSHY\" \/>\n<meta name=\"twitter:label1\" content=\"Kirjoittanut\" \/>\n\t<meta name=\"twitter:data1\" content=\"RSHY\" \/>\n\t<meta name=\"twitter:label2\" content=\"Arvioitu lukuaika\" \/>\n\t<meta name=\"twitter:data2\" content=\"3 minuuttia\" \/>\n<script type=\"application\/ld+json\" class=\"yoast-schema-graph\">{\"@context\":\"https:\\\/\\\/schema.org\",\"@graph\":[{\"@type\":\"Article\",\"@id\":\"http:\\\/\\\/www.rukajarvensuunnanhistoriayhdistys.fi\\\/historiayhdistys\\\/lieksan-kivivaaran-suunnan-uusi-muistomerkki-paljastettiin-30-11-2016\\\/#article\",\"isPartOf\":{\"@id\":\"http:\\\/\\\/www.rukajarvensuunnanhistoriayhdistys.fi\\\/historiayhdistys\\\/lieksan-kivivaaran-suunnan-uusi-muistomerkki-paljastettiin-30-11-2016\\\/\"},\"author\":{\"name\":\"RSHY\",\"@id\":\"https:\\\/\\\/www.rukajarvensuunnanhistoriayhdistys.fi\\\/historiayhdistys\\\/#\\\/schema\\\/person\\\/19de7db68bf72dfd2b5d7f6dfbf8454d\"},\"headline\":\"Lieksan Kivivaaran suunnan uusi muistomerkki paljastettiin 30.11.2016\",\"datePublished\":\"2016-11-30T07:00:25+00:00\",\"dateModified\":\"2016-12-01T18:18:26+00:00\",\"mainEntityOfPage\":{\"@id\":\"http:\\\/\\\/www.rukajarvensuunnanhistoriayhdistys.fi\\\/historiayhdistys\\\/lieksan-kivivaaran-suunnan-uusi-muistomerkki-paljastettiin-30-11-2016\\\/\"},\"wordCount\":536,\"publisher\":{\"@id\":\"https:\\\/\\\/www.rukajarvensuunnanhistoriayhdistys.fi\\\/historiayhdistys\\\/#organization\"},\"image\":{\"@id\":\"http:\\\/\\\/www.rukajarvensuunnanhistoriayhdistys.fi\\\/historiayhdistys\\\/lieksan-kivivaaran-suunnan-uusi-muistomerkki-paljastettiin-30-11-2016\\\/#primaryimage\"},\"thumbnailUrl\":\"http:\\\/\\\/www.rukajarvensuunnanhistoriayhdistys.fi\\\/historiayhdistys\\\/wp-content\\\/uploads\\\/2016\\\/11\\\/023Talvisotapaiva.jpg\",\"articleSection\":[\"Ajankohtaista\"],\"inLanguage\":\"fi\"},{\"@type\":\"WebPage\",\"@id\":\"http:\\\/\\\/www.rukajarvensuunnanhistoriayhdistys.fi\\\/historiayhdistys\\\/lieksan-kivivaaran-suunnan-uusi-muistomerkki-paljastettiin-30-11-2016\\\/\",\"url\":\"http:\\\/\\\/www.rukajarvensuunnanhistoriayhdistys.fi\\\/historiayhdistys\\\/lieksan-kivivaaran-suunnan-uusi-muistomerkki-paljastettiin-30-11-2016\\\/\",\"name\":\"Lieksan Kivivaaran suunnan uusi muistomerkki paljastettiin 30.11.2016 - Rukaj\u00e4rven suunnan historiayhdistys\",\"isPartOf\":{\"@id\":\"https:\\\/\\\/www.rukajarvensuunnanhistoriayhdistys.fi\\\/historiayhdistys\\\/#website\"},\"primaryImageOfPage\":{\"@id\":\"http:\\\/\\\/www.rukajarvensuunnanhistoriayhdistys.fi\\\/historiayhdistys\\\/lieksan-kivivaaran-suunnan-uusi-muistomerkki-paljastettiin-30-11-2016\\\/#primaryimage\"},\"image\":{\"@id\":\"http:\\\/\\\/www.rukajarvensuunnanhistoriayhdistys.fi\\\/historiayhdistys\\\/lieksan-kivivaaran-suunnan-uusi-muistomerkki-paljastettiin-30-11-2016\\\/#primaryimage\"},\"thumbnailUrl\":\"http:\\\/\\\/www.rukajarvensuunnanhistoriayhdistys.fi\\\/historiayhdistys\\\/wp-content\\\/uploads\\\/2016\\\/11\\\/023Talvisotapaiva.jpg\",\"datePublished\":\"2016-11-30T07:00:25+00:00\",\"dateModified\":\"2016-12-01T18:18:26+00:00\",\"breadcrumb\":{\"@id\":\"http:\\\/\\\/www.rukajarvensuunnanhistoriayhdistys.fi\\\/historiayhdistys\\\/lieksan-kivivaaran-suunnan-uusi-muistomerkki-paljastettiin-30-11-2016\\\/#breadcrumb\"},\"inLanguage\":\"fi\",\"potentialAction\":[{\"@type\":\"ReadAction\",\"target\":[\"http:\\\/\\\/www.rukajarvensuunnanhistoriayhdistys.fi\\\/historiayhdistys\\\/lieksan-kivivaaran-suunnan-uusi-muistomerkki-paljastettiin-30-11-2016\\\/\"]}]},{\"@type\":\"ImageObject\",\"inLanguage\":\"fi\",\"@id\":\"http:\\\/\\\/www.rukajarvensuunnanhistoriayhdistys.fi\\\/historiayhdistys\\\/lieksan-kivivaaran-suunnan-uusi-muistomerkki-paljastettiin-30-11-2016\\\/#primaryimage\",\"url\":\"http:\\\/\\\/www.rukajarvensuunnanhistoriayhdistys.fi\\\/historiayhdistys\\\/wp-content\\\/uploads\\\/2016\\\/11\\\/023Talvisotapaiva.jpg\",\"contentUrl\":\"http:\\\/\\\/www.rukajarvensuunnanhistoriayhdistys.fi\\\/historiayhdistys\\\/wp-content\\\/uploads\\\/2016\\\/11\\\/023Talvisotapaiva.jpg\",\"width\":5760,\"height\":3840},{\"@type\":\"BreadcrumbList\",\"@id\":\"http:\\\/\\\/www.rukajarvensuunnanhistoriayhdistys.fi\\\/historiayhdistys\\\/lieksan-kivivaaran-suunnan-uusi-muistomerkki-paljastettiin-30-11-2016\\\/#breadcrumb\",\"itemListElement\":[{\"@type\":\"ListItem\",\"position\":1,\"name\":\"Etusivu\",\"item\":\"https:\\\/\\\/www.rukajarvensuunnanhistoriayhdistys.fi\\\/historiayhdistys\\\/\"},{\"@type\":\"ListItem\",\"position\":2,\"name\":\"Lieksan Kivivaaran suunnan uusi muistomerkki paljastettiin 30.11.2016\"}]},{\"@type\":\"WebSite\",\"@id\":\"https:\\\/\\\/www.rukajarvensuunnanhistoriayhdistys.fi\\\/historiayhdistys\\\/#website\",\"url\":\"https:\\\/\\\/www.rukajarvensuunnanhistoriayhdistys.fi\\\/historiayhdistys\\\/\",\"name\":\"Rukaj\u00e4rven suunnan historiayhdistys\",\"description\":\"Rukaj\u00e4rven suunnan historiayhdistyksen verkkosivut.\",\"publisher\":{\"@id\":\"https:\\\/\\\/www.rukajarvensuunnanhistoriayhdistys.fi\\\/historiayhdistys\\\/#organization\"},\"potentialAction\":[{\"@type\":\"SearchAction\",\"target\":{\"@type\":\"EntryPoint\",\"urlTemplate\":\"https:\\\/\\\/www.rukajarvensuunnanhistoriayhdistys.fi\\\/historiayhdistys\\\/?s={search_term_string}\"},\"query-input\":{\"@type\":\"PropertyValueSpecification\",\"valueRequired\":true,\"valueName\":\"search_term_string\"}}],\"inLanguage\":\"fi\"},{\"@type\":\"Organization\",\"@id\":\"https:\\\/\\\/www.rukajarvensuunnanhistoriayhdistys.fi\\\/historiayhdistys\\\/#organization\",\"name\":\"Rukaj\u00e4rven suunnan historiayhdistys\",\"url\":\"https:\\\/\\\/www.rukajarvensuunnanhistoriayhdistys.fi\\\/historiayhdistys\\\/\",\"logo\":{\"@type\":\"ImageObject\",\"inLanguage\":\"fi\",\"@id\":\"https:\\\/\\\/www.rukajarvensuunnanhistoriayhdistys.fi\\\/historiayhdistys\\\/#\\\/schema\\\/logo\\\/image\\\/\",\"url\":\"http:\\\/\\\/www.rukajarvensuunnanhistoriayhdistys.fi\\\/historiayhdistys\\\/wp-content\\\/uploads\\\/2013\\\/12\\\/Otsake_3.jpg\",\"contentUrl\":\"http:\\\/\\\/www.rukajarvensuunnanhistoriayhdistys.fi\\\/historiayhdistys\\\/wp-content\\\/uploads\\\/2013\\\/12\\\/Otsake_3.jpg\",\"width\":1000,\"height\":442,\"caption\":\"Rukaj\u00e4rven suunnan historiayhdistys\"},\"image\":{\"@id\":\"https:\\\/\\\/www.rukajarvensuunnanhistoriayhdistys.fi\\\/historiayhdistys\\\/#\\\/schema\\\/logo\\\/image\\\/\"}},{\"@type\":\"Person\",\"@id\":\"https:\\\/\\\/www.rukajarvensuunnanhistoriayhdistys.fi\\\/historiayhdistys\\\/#\\\/schema\\\/person\\\/19de7db68bf72dfd2b5d7f6dfbf8454d\",\"name\":\"RSHY\",\"image\":{\"@type\":\"ImageObject\",\"inLanguage\":\"fi\",\"@id\":\"https:\\\/\\\/secure.gravatar.com\\\/avatar\\\/598d59263a69cc8de65fcb4f9db78d6f58c098cb0e0ba22d73377441af9fa04c?s=96&d=blank&r=g\",\"url\":\"https:\\\/\\\/secure.gravatar.com\\\/avatar\\\/598d59263a69cc8de65fcb4f9db78d6f58c098cb0e0ba22d73377441af9fa04c?s=96&d=blank&r=g\",\"contentUrl\":\"https:\\\/\\\/secure.gravatar.com\\\/avatar\\\/598d59263a69cc8de65fcb4f9db78d6f58c098cb0e0ba22d73377441af9fa04c?s=96&d=blank&r=g\",\"caption\":\"RSHY\"},\"url\":\"http:\\\/\\\/www.rukajarvensuunnanhistoriayhdistys.fi\\\/historiayhdistys\\\/author\\\/rshy\\\/\"}]}<\/script>\n<!-- \/ Yoast SEO plugin. -->","yoast_head_json":{"title":"Lieksan Kivivaaran suunnan uusi muistomerkki paljastettiin 30.11.2016 - Rukaj\u00e4rven suunnan historiayhdistys","robots":{"index":"index","follow":"follow","max-snippet":"max-snippet:-1","max-image-preview":"max-image-preview:large","max-video-preview":"max-video-preview:-1"},"canonical":"http:\/\/www.rukajarvensuunnanhistoriayhdistys.fi\/historiayhdistys\/lieksan-kivivaaran-suunnan-uusi-muistomerkki-paljastettiin-30-11-2016\/","og_locale":"fi_FI","og_type":"article","og_title":"Lieksan Kivivaaran suunnan uusi muistomerkki paljastettiin 30.11.2016 - Rukaj\u00e4rven suunnan historiayhdistys","og_description":"Tauno Oksanen: TALVISODAN ALKAMISEN MUISTOTILAISUUTEEN LIITTYV\u00c4 MUISTOMERKIN PALJASTUSPUHE LIEKSAN KIVIVAARAN SUUNNALLA 30.11.2016 Kunnioitetut sotiemme veteraanit, lotat, tammenlehv\u00e4sukupolven edustajat, arvoisat tapahtuman l\u00e4sn\u00e4olijat ! &nbsp; Olemme kokoontuneet muistelemaan talvisodan alkua t\u00e4ll\u00e4 kerralla Teksti jatkuu...Lieksan Kivivaaran suunnan uusi muistomerkki paljastettiin 30.11.2016\u2192","og_url":"http:\/\/www.rukajarvensuunnanhistoriayhdistys.fi\/historiayhdistys\/lieksan-kivivaaran-suunnan-uusi-muistomerkki-paljastettiin-30-11-2016\/","og_site_name":"Rukaj\u00e4rven suunnan historiayhdistys","article_published_time":"2016-11-30T07:00:25+00:00","article_modified_time":"2016-12-01T18:18:26+00:00","og_image":[{"url":"http:\/\/www.rukajarvensuunnanhistoriayhdistys.fi\/historiayhdistys\/wp-content\/uploads\/2016\/11\/023Talvisotapaiva.jpg","type":"","width":"","height":""}],"author":"RSHY","twitter_misc":{"Kirjoittanut":"RSHY","Arvioitu lukuaika":"3 minuuttia"},"schema":{"@context":"https:\/\/schema.org","@graph":[{"@type":"Article","@id":"http:\/\/www.rukajarvensuunnanhistoriayhdistys.fi\/historiayhdistys\/lieksan-kivivaaran-suunnan-uusi-muistomerkki-paljastettiin-30-11-2016\/#article","isPartOf":{"@id":"http:\/\/www.rukajarvensuunnanhistoriayhdistys.fi\/historiayhdistys\/lieksan-kivivaaran-suunnan-uusi-muistomerkki-paljastettiin-30-11-2016\/"},"author":{"name":"RSHY","@id":"https:\/\/www.rukajarvensuunnanhistoriayhdistys.fi\/historiayhdistys\/#\/schema\/person\/19de7db68bf72dfd2b5d7f6dfbf8454d"},"headline":"Lieksan Kivivaaran suunnan uusi muistomerkki paljastettiin 30.11.2016","datePublished":"2016-11-30T07:00:25+00:00","dateModified":"2016-12-01T18:18:26+00:00","mainEntityOfPage":{"@id":"http:\/\/www.rukajarvensuunnanhistoriayhdistys.fi\/historiayhdistys\/lieksan-kivivaaran-suunnan-uusi-muistomerkki-paljastettiin-30-11-2016\/"},"wordCount":536,"publisher":{"@id":"https:\/\/www.rukajarvensuunnanhistoriayhdistys.fi\/historiayhdistys\/#organization"},"image":{"@id":"http:\/\/www.rukajarvensuunnanhistoriayhdistys.fi\/historiayhdistys\/lieksan-kivivaaran-suunnan-uusi-muistomerkki-paljastettiin-30-11-2016\/#primaryimage"},"thumbnailUrl":"http:\/\/www.rukajarvensuunnanhistoriayhdistys.fi\/historiayhdistys\/wp-content\/uploads\/2016\/11\/023Talvisotapaiva.jpg","articleSection":["Ajankohtaista"],"inLanguage":"fi"},{"@type":"WebPage","@id":"http:\/\/www.rukajarvensuunnanhistoriayhdistys.fi\/historiayhdistys\/lieksan-kivivaaran-suunnan-uusi-muistomerkki-paljastettiin-30-11-2016\/","url":"http:\/\/www.rukajarvensuunnanhistoriayhdistys.fi\/historiayhdistys\/lieksan-kivivaaran-suunnan-uusi-muistomerkki-paljastettiin-30-11-2016\/","name":"Lieksan Kivivaaran suunnan uusi muistomerkki paljastettiin 30.11.2016 - Rukaj\u00e4rven suunnan historiayhdistys","isPartOf":{"@id":"https:\/\/www.rukajarvensuunnanhistoriayhdistys.fi\/historiayhdistys\/#website"},"primaryImageOfPage":{"@id":"http:\/\/www.rukajarvensuunnanhistoriayhdistys.fi\/historiayhdistys\/lieksan-kivivaaran-suunnan-uusi-muistomerkki-paljastettiin-30-11-2016\/#primaryimage"},"image":{"@id":"http:\/\/www.rukajarvensuunnanhistoriayhdistys.fi\/historiayhdistys\/lieksan-kivivaaran-suunnan-uusi-muistomerkki-paljastettiin-30-11-2016\/#primaryimage"},"thumbnailUrl":"http:\/\/www.rukajarvensuunnanhistoriayhdistys.fi\/historiayhdistys\/wp-content\/uploads\/2016\/11\/023Talvisotapaiva.jpg","datePublished":"2016-11-30T07:00:25+00:00","dateModified":"2016-12-01T18:18:26+00:00","breadcrumb":{"@id":"http:\/\/www.rukajarvensuunnanhistoriayhdistys.fi\/historiayhdistys\/lieksan-kivivaaran-suunnan-uusi-muistomerkki-paljastettiin-30-11-2016\/#breadcrumb"},"inLanguage":"fi","potentialAction":[{"@type":"ReadAction","target":["http:\/\/www.rukajarvensuunnanhistoriayhdistys.fi\/historiayhdistys\/lieksan-kivivaaran-suunnan-uusi-muistomerkki-paljastettiin-30-11-2016\/"]}]},{"@type":"ImageObject","inLanguage":"fi","@id":"http:\/\/www.rukajarvensuunnanhistoriayhdistys.fi\/historiayhdistys\/lieksan-kivivaaran-suunnan-uusi-muistomerkki-paljastettiin-30-11-2016\/#primaryimage","url":"http:\/\/www.rukajarvensuunnanhistoriayhdistys.fi\/historiayhdistys\/wp-content\/uploads\/2016\/11\/023Talvisotapaiva.jpg","contentUrl":"http:\/\/www.rukajarvensuunnanhistoriayhdistys.fi\/historiayhdistys\/wp-content\/uploads\/2016\/11\/023Talvisotapaiva.jpg","width":5760,"height":3840},{"@type":"BreadcrumbList","@id":"http:\/\/www.rukajarvensuunnanhistoriayhdistys.fi\/historiayhdistys\/lieksan-kivivaaran-suunnan-uusi-muistomerkki-paljastettiin-30-11-2016\/#breadcrumb","itemListElement":[{"@type":"ListItem","position":1,"name":"Etusivu","item":"https:\/\/www.rukajarvensuunnanhistoriayhdistys.fi\/historiayhdistys\/"},{"@type":"ListItem","position":2,"name":"Lieksan Kivivaaran suunnan uusi muistomerkki paljastettiin 30.11.2016"}]},{"@type":"WebSite","@id":"https:\/\/www.rukajarvensuunnanhistoriayhdistys.fi\/historiayhdistys\/#website","url":"https:\/\/www.rukajarvensuunnanhistoriayhdistys.fi\/historiayhdistys\/","name":"Rukaj\u00e4rven suunnan historiayhdistys","description":"Rukaj\u00e4rven suunnan historiayhdistyksen verkkosivut.","publisher":{"@id":"https:\/\/www.rukajarvensuunnanhistoriayhdistys.fi\/historiayhdistys\/#organization"},"potentialAction":[{"@type":"SearchAction","target":{"@type":"EntryPoint","urlTemplate":"https:\/\/www.rukajarvensuunnanhistoriayhdistys.fi\/historiayhdistys\/?s={search_term_string}"},"query-input":{"@type":"PropertyValueSpecification","valueRequired":true,"valueName":"search_term_string"}}],"inLanguage":"fi"},{"@type":"Organization","@id":"https:\/\/www.rukajarvensuunnanhistoriayhdistys.fi\/historiayhdistys\/#organization","name":"Rukaj\u00e4rven suunnan historiayhdistys","url":"https:\/\/www.rukajarvensuunnanhistoriayhdistys.fi\/historiayhdistys\/","logo":{"@type":"ImageObject","inLanguage":"fi","@id":"https:\/\/www.rukajarvensuunnanhistoriayhdistys.fi\/historiayhdistys\/#\/schema\/logo\/image\/","url":"http:\/\/www.rukajarvensuunnanhistoriayhdistys.fi\/historiayhdistys\/wp-content\/uploads\/2013\/12\/Otsake_3.jpg","contentUrl":"http:\/\/www.rukajarvensuunnanhistoriayhdistys.fi\/historiayhdistys\/wp-content\/uploads\/2013\/12\/Otsake_3.jpg","width":1000,"height":442,"caption":"Rukaj\u00e4rven suunnan historiayhdistys"},"image":{"@id":"https:\/\/www.rukajarvensuunnanhistoriayhdistys.fi\/historiayhdistys\/#\/schema\/logo\/image\/"}},{"@type":"Person","@id":"https:\/\/www.rukajarvensuunnanhistoriayhdistys.fi\/historiayhdistys\/#\/schema\/person\/19de7db68bf72dfd2b5d7f6dfbf8454d","name":"RSHY","image":{"@type":"ImageObject","inLanguage":"fi","@id":"https:\/\/secure.gravatar.com\/avatar\/598d59263a69cc8de65fcb4f9db78d6f58c098cb0e0ba22d73377441af9fa04c?s=96&d=blank&r=g","url":"https:\/\/secure.gravatar.com\/avatar\/598d59263a69cc8de65fcb4f9db78d6f58c098cb0e0ba22d73377441af9fa04c?s=96&d=blank&r=g","contentUrl":"https:\/\/secure.gravatar.com\/avatar\/598d59263a69cc8de65fcb4f9db78d6f58c098cb0e0ba22d73377441af9fa04c?s=96&d=blank&r=g","caption":"RSHY"},"url":"http:\/\/www.rukajarvensuunnanhistoriayhdistys.fi\/historiayhdistys\/author\/rshy\/"}]}},"_links":{"self":[{"href":"http:\/\/www.rukajarvensuunnanhistoriayhdistys.fi\/historiayhdistys\/wp-json\/wp\/v2\/posts\/10945","targetHints":{"allow":["GET"]}}],"collection":[{"href":"http:\/\/www.rukajarvensuunnanhistoriayhdistys.fi\/historiayhdistys\/wp-json\/wp\/v2\/posts"}],"about":[{"href":"http:\/\/www.rukajarvensuunnanhistoriayhdistys.fi\/historiayhdistys\/wp-json\/wp\/v2\/types\/post"}],"author":[{"embeddable":true,"href":"http:\/\/www.rukajarvensuunnanhistoriayhdistys.fi\/historiayhdistys\/wp-json\/wp\/v2\/users\/3"}],"replies":[{"embeddable":true,"href":"http:\/\/www.rukajarvensuunnanhistoriayhdistys.fi\/historiayhdistys\/wp-json\/wp\/v2\/comments?post=10945"}],"version-history":[{"count":3,"href":"http:\/\/www.rukajarvensuunnanhistoriayhdistys.fi\/historiayhdistys\/wp-json\/wp\/v2\/posts\/10945\/revisions"}],"predecessor-version":[{"id":10985,"href":"http:\/\/www.rukajarvensuunnanhistoriayhdistys.fi\/historiayhdistys\/wp-json\/wp\/v2\/posts\/10945\/revisions\/10985"}],"wp:attachment":[{"href":"http:\/\/www.rukajarvensuunnanhistoriayhdistys.fi\/historiayhdistys\/wp-json\/wp\/v2\/media?parent=10945"}],"wp:term":[{"taxonomy":"category","embeddable":true,"href":"http:\/\/www.rukajarvensuunnanhistoriayhdistys.fi\/historiayhdistys\/wp-json\/wp\/v2\/categories?post=10945"},{"taxonomy":"post_tag","embeddable":true,"href":"http:\/\/www.rukajarvensuunnanhistoriayhdistys.fi\/historiayhdistys\/wp-json\/wp\/v2\/tags?post=10945"}],"curies":[{"name":"wp","href":"https:\/\/api.w.org\/{rel}","templated":true}]}}