{"id":10951,"date":"2016-11-29T18:30:07","date_gmt":"2016-11-29T16:30:07","guid":{"rendered":"http:\/\/www.rukajarvensuunnanhistoriayhdistys.fi\/historiayhdistys\/?p=10951"},"modified":"2016-12-01T08:40:22","modified_gmt":"2016-12-01T06:40:22","slug":"oma-tupa-oma-lupa","status":"publish","type":"post","link":"http:\/\/www.rukajarvensuunnanhistoriayhdistys.fi\/historiayhdistys\/oma-tupa-oma-lupa\/","title":{"rendered":"Oma tupa &#8211; Oma lupa &#8211; Lieksan Rukaj\u00e4rvi-keskus kiinteist\u00f6rekisteriin"},"content":{"rendered":"<div class=\"fcbkbttn_buttons_block\" id=\"fcbkbttn_left\"><div class=\"fcbkbttn_like \"><fb:like href=\"http:\/\/www.rukajarvensuunnanhistoriayhdistys.fi\/historiayhdistys\/oma-tupa-oma-lupa\/\" action=\"like\" colorscheme=\"light\" layout=\"button_count\"  size=\"small\"><\/fb:like><\/div><\/div><p>Lieksan Rukaj\u00e4rvi-keskus on nyt t\u00e4ysin Rukaj\u00e4rven suunnan historiayhdistyksen omistuksessa. Eilen 28.11.2016 tontin lohkominen on saanut lainvoiman ja tontti on merkitty kiinteist\u00f6rekisteriin.<\/p>\n<figure id=\"attachment_10958\" aria-describedby=\"caption-attachment-10958\" style=\"width: 2971px\" class=\"wp-caption aligncenter\"><a href=\"http:\/\/www.rukajarvensuunnanhistoriayhdistys.fi\/historiayhdistys\/wp-content\/uploads\/2016\/11\/Rukaj\u00e4rvi-keskus-Lieksa-lohkominen-tontti-4.490-m2-v\u00e4rit\u00e4ytt\u00f6.jpg\"><img loading=\"lazy\" decoding=\"async\" class=\"size-full wp-image-10958\" src=\"http:\/\/www.rukajarvensuunnanhistoriayhdistys.fi\/historiayhdistys\/wp-content\/uploads\/2016\/11\/Rukaj\u00e4rvi-keskus-Lieksa-lohkominen-tontti-4.490-m2-v\u00e4rit\u00e4ytt\u00f6.jpg\" alt=\"Rukaj\u00e4rvi-keskus merkitty kiinteist\u00f6rekisteriin. Tontin pinta-ala on 4.490.\" width=\"2971\" height=\"2101\" data-id=\"10958\" srcset=\"http:\/\/www.rukajarvensuunnanhistoriayhdistys.fi\/historiayhdistys\/wp-content\/uploads\/2016\/11\/Rukaj\u00e4rvi-keskus-Lieksa-lohkominen-tontti-4.490-m2-v\u00e4rit\u00e4ytt\u00f6.jpg 2971w, http:\/\/www.rukajarvensuunnanhistoriayhdistys.fi\/historiayhdistys\/wp-content\/uploads\/2016\/11\/Rukaj\u00e4rvi-keskus-Lieksa-lohkominen-tontti-4.490-m2-v\u00e4rit\u00e4ytt\u00f6-300x212.jpg 300w, http:\/\/www.rukajarvensuunnanhistoriayhdistys.fi\/historiayhdistys\/wp-content\/uploads\/2016\/11\/Rukaj\u00e4rvi-keskus-Lieksa-lohkominen-tontti-4.490-m2-v\u00e4rit\u00e4ytt\u00f6-768x543.jpg 768w, http:\/\/www.rukajarvensuunnanhistoriayhdistys.fi\/historiayhdistys\/wp-content\/uploads\/2016\/11\/Rukaj\u00e4rvi-keskus-Lieksa-lohkominen-tontti-4.490-m2-v\u00e4rit\u00e4ytt\u00f6-1024x724.jpg 1024w\" sizes=\"auto, (max-width: 2971px) 100vw, 2971px\" \/><\/a><figcaption id=\"caption-attachment-10958\" class=\"wp-caption-text\">Rukaj\u00e4rvi-keskus merkitty kiinteist\u00f6rekisteriin. Tontin pinta-ala on 4.490 m2. Rukaj\u00e4rvi-keskus k\u00e4sitt\u00e4\u00e4 nykyisin 373 k-m2, josta n\u00e4yttelytilaa on n. 300 m2\u00a0ja reilut 70 m2 on l\u00e4mmint\u00e4 toimistotilaa.<\/figcaption><\/figure>\n<p>Esit\u00e4mme kaikille asiaan vaikuttaneille tahoille parhaat kiitoksemme. Tontin myyj\u00e4lle P\u00e4ivi Putkoselle, jolta kiinteist\u00f6 hankittiin. Pielisen Osuuspankille, joka hoiti kauppakirjat ja muut asiakirjat kuntoon. Lieksan kaupungin virkamiehille, jotka joutuisasti suorittivat kiinteist\u00f6n toimintaan keskeisesti liittyv\u00e4t tarkastukset, poikkeamis-, ja rakennusluvat sek\u00e4 tietysti Maanmittauslaitokselle, joka toimitti tontin lohkomisen.<\/p>\n<p>Emme unohda kiitt\u00e4\u00e4 talkoov\u00e4ke\u00e4, yhteisty\u00f6kumppaneitamme, Lieksan Tukipiste ry:t\u00e4 sen henkil\u00f6kuntaa, Monola-seura ry:t\u00e4, Karelia Expertti\u00e4 sek\u00e4 Lieksan Matkailuoppaat ry:t\u00e4, jonka ammattioppaat huolehtivat p\u00e4\u00e4osin Rukaj\u00e4rvi-keskuksen opastuksesta.<\/p>\n<p>Talven aikana tulemme remontoimaan Rukaj\u00e4rvi-keskusta sis\u00e4lt\u00e4. Uudistamme n\u00e4yttelyit\u00e4, t\u00e4ysin uutena kokonaisuutena avataan VP 30:n toimintaa kuvaava viestin\u00e4yttely. Erikoisuutena voitaneen pit\u00e4\u00e4 my\u00f6s sit\u00e4, ett\u00e4 keskuksessa avataan 2.6.2017 sodanaikainen radioasema. Kaakkois-Suomen Viestikilta ry pystytt\u00e4\u00e4 viestitoimintaa koskevan n\u00e4yttelyn.<\/p>\n<p><a href=\"http:\/\/www.rukajarvensuunnanhistoriayhdistys.fi\/historiayhdistys\/wp-content\/uploads\/2016\/11\/Kes\u00e4n-2016-ohjelma-Lieksassa.jpg\"><img loading=\"lazy\" decoding=\"async\" class=\"aligncenter size-full wp-image-10961\" src=\"http:\/\/www.rukajarvensuunnanhistoriayhdistys.fi\/historiayhdistys\/wp-content\/uploads\/2016\/11\/Kes\u00e4n-2016-ohjelma-Lieksassa.jpg\" alt=\"kesan-2016-ohjelma-lieksassa\" width=\"1356\" height=\"882\" data-id=\"10961\" srcset=\"http:\/\/www.rukajarvensuunnanhistoriayhdistys.fi\/historiayhdistys\/wp-content\/uploads\/2016\/11\/Kes\u00e4n-2016-ohjelma-Lieksassa.jpg 1356w, http:\/\/www.rukajarvensuunnanhistoriayhdistys.fi\/historiayhdistys\/wp-content\/uploads\/2016\/11\/Kes\u00e4n-2016-ohjelma-Lieksassa-300x195.jpg 300w, http:\/\/www.rukajarvensuunnanhistoriayhdistys.fi\/historiayhdistys\/wp-content\/uploads\/2016\/11\/Kes\u00e4n-2016-ohjelma-Lieksassa-768x500.jpg 768w, http:\/\/www.rukajarvensuunnanhistoriayhdistys.fi\/historiayhdistys\/wp-content\/uploads\/2016\/11\/Kes\u00e4n-2016-ohjelma-Lieksassa-1024x666.jpg 1024w\" sizes=\"auto, (max-width: 1356px) 100vw, 1356px\" \/><\/a><\/p>\n<figure id=\"attachment_10953\" aria-describedby=\"caption-attachment-10953\" style=\"width: 4864px\" class=\"wp-caption aligncenter\"><a href=\"http:\/\/www.rukajarvensuunnanhistoriayhdistys.fi\/historiayhdistys\/wp-content\/uploads\/2016\/11\/S6200040-Lieksan-asema.jpg\"><img loading=\"lazy\" decoding=\"async\" class=\"size-full wp-image-10953\" src=\"http:\/\/www.rukajarvensuunnanhistoriayhdistys.fi\/historiayhdistys\/wp-content\/uploads\/2016\/11\/S6200040-Lieksan-asema.jpg\" alt=\"Lieksan rautatieasema on vilkas liikepaikka. \" width=\"4864\" height=\"2736\" data-id=\"10953\" srcset=\"http:\/\/www.rukajarvensuunnanhistoriayhdistys.fi\/historiayhdistys\/wp-content\/uploads\/2016\/11\/S6200040-Lieksan-asema.jpg 4864w, http:\/\/www.rukajarvensuunnanhistoriayhdistys.fi\/historiayhdistys\/wp-content\/uploads\/2016\/11\/S6200040-Lieksan-asema-300x169.jpg 300w, http:\/\/www.rukajarvensuunnanhistoriayhdistys.fi\/historiayhdistys\/wp-content\/uploads\/2016\/11\/S6200040-Lieksan-asema-768x432.jpg 768w, http:\/\/www.rukajarvensuunnanhistoriayhdistys.fi\/historiayhdistys\/wp-content\/uploads\/2016\/11\/S6200040-Lieksan-asema-1024x576.jpg 1024w\" sizes=\"auto, (max-width: 4864px) 100vw, 4864px\" \/><\/a><figcaption id=\"caption-attachment-10953\" class=\"wp-caption-text\">Lieksan rautatieasema on vilkas liikepaikka.<\/figcaption><\/figure>\n<figure id=\"attachment_10952\" aria-describedby=\"caption-attachment-10952\" style=\"width: 3072px\" class=\"wp-caption aligncenter\"><a href=\"http:\/\/www.rukajarvensuunnanhistoriayhdistys.fi\/historiayhdistys\/wp-content\/uploads\/2016\/11\/Lieksa-Rukaj\u00e4rvi-keskus-2016.jpg\"><img loading=\"lazy\" decoding=\"async\" class=\"size-full wp-image-10952\" src=\"http:\/\/www.rukajarvensuunnanhistoriayhdistys.fi\/historiayhdistys\/wp-content\/uploads\/2016\/11\/Lieksa-Rukaj\u00e4rvi-keskus-2016.jpg\" alt=\"Rukaj\u00e4rvi-keskuksen piha-alue on yhdistyksen omistuksessa ja varattu keskuksen vieraita varten.\" width=\"3072\" height=\"1728\" data-id=\"10952\" srcset=\"http:\/\/www.rukajarvensuunnanhistoriayhdistys.fi\/historiayhdistys\/wp-content\/uploads\/2016\/11\/Lieksa-Rukaj\u00e4rvi-keskus-2016.jpg 3072w, http:\/\/www.rukajarvensuunnanhistoriayhdistys.fi\/historiayhdistys\/wp-content\/uploads\/2016\/11\/Lieksa-Rukaj\u00e4rvi-keskus-2016-300x169.jpg 300w, http:\/\/www.rukajarvensuunnanhistoriayhdistys.fi\/historiayhdistys\/wp-content\/uploads\/2016\/11\/Lieksa-Rukaj\u00e4rvi-keskus-2016-768x432.jpg 768w, http:\/\/www.rukajarvensuunnanhistoriayhdistys.fi\/historiayhdistys\/wp-content\/uploads\/2016\/11\/Lieksa-Rukaj\u00e4rvi-keskus-2016-1024x576.jpg 1024w\" sizes=\"auto, (max-width: 3072px) 100vw, 3072px\" \/><\/a><figcaption id=\"caption-attachment-10952\" class=\"wp-caption-text\">Rukaj\u00e4rvi-keskuksen piha-alue on yhdistyksen omistuksessa ja varattu keskuksen\u00a0vieraitten parkkeerausta\u00a0varten. Kuva otettu 27.6.2016 aamuvarhaisella.<\/figcaption><\/figure>\n<figure id=\"attachment_10956\" aria-describedby=\"caption-attachment-10956\" style=\"width: 4592px\" class=\"wp-caption aligncenter\"><a href=\"http:\/\/www.rukajarvensuunnanhistoriayhdistys.fi\/historiayhdistys\/wp-content\/uploads\/2016\/11\/Lieksan-asemamakasiini-DSC09096.jpg\"><img loading=\"lazy\" decoding=\"async\" class=\"size-full wp-image-10956\" src=\"http:\/\/www.rukajarvensuunnanhistoriayhdistys.fi\/historiayhdistys\/wp-content\/uploads\/2016\/11\/Lieksan-asemamakasiini-DSC09096.jpg\" alt=\"Rukaj\u00e4rvi-keskuksen tilat ovat helposti muutettavissa seminaari- ja n\u00e4yttelytilaksi.\" width=\"4592\" height=\"3056\" data-id=\"10956\" srcset=\"http:\/\/www.rukajarvensuunnanhistoriayhdistys.fi\/historiayhdistys\/wp-content\/uploads\/2016\/11\/Lieksan-asemamakasiini-DSC09096.jpg 4592w, http:\/\/www.rukajarvensuunnanhistoriayhdistys.fi\/historiayhdistys\/wp-content\/uploads\/2016\/11\/Lieksan-asemamakasiini-DSC09096-300x200.jpg 300w, http:\/\/www.rukajarvensuunnanhistoriayhdistys.fi\/historiayhdistys\/wp-content\/uploads\/2016\/11\/Lieksan-asemamakasiini-DSC09096-768x511.jpg 768w, http:\/\/www.rukajarvensuunnanhistoriayhdistys.fi\/historiayhdistys\/wp-content\/uploads\/2016\/11\/Lieksan-asemamakasiini-DSC09096-1024x681.jpg 1024w\" sizes=\"auto, (max-width: 4592px) 100vw, 4592px\" \/><\/a><figcaption id=\"caption-attachment-10956\" class=\"wp-caption-text\">Rukaj\u00e4rvi-keskuksen tilat ovat helposti muutettavissa seminaari- ja n\u00e4yttelytilaksi.<\/figcaption><\/figure>\n<figure id=\"attachment_10955\" aria-describedby=\"caption-attachment-10955\" style=\"width: 4608px\" class=\"wp-caption aligncenter\"><a href=\"http:\/\/www.rukajarvensuunnanhistoriayhdistys.fi\/historiayhdistys\/wp-content\/uploads\/2016\/11\/YUNC0015.jpg\"><img loading=\"lazy\" decoding=\"async\" class=\"size-full wp-image-10955\" src=\"http:\/\/www.rukajarvensuunnanhistoriayhdistys.fi\/historiayhdistys\/wp-content\/uploads\/2016\/11\/YUNC0015.jpg\" alt=\"Rukaj\u00e4rvi-keskuksen pihapiiri\" width=\"4608\" height=\"3456\" data-id=\"10955\" srcset=\"http:\/\/www.rukajarvensuunnanhistoriayhdistys.fi\/historiayhdistys\/wp-content\/uploads\/2016\/11\/YUNC0015.jpg 4608w, http:\/\/www.rukajarvensuunnanhistoriayhdistys.fi\/historiayhdistys\/wp-content\/uploads\/2016\/11\/YUNC0015-300x225.jpg 300w, http:\/\/www.rukajarvensuunnanhistoriayhdistys.fi\/historiayhdistys\/wp-content\/uploads\/2016\/11\/YUNC0015-768x576.jpg 768w, http:\/\/www.rukajarvensuunnanhistoriayhdistys.fi\/historiayhdistys\/wp-content\/uploads\/2016\/11\/YUNC0015-1024x768.jpg 1024w\" sizes=\"auto, (max-width: 4608px) 100vw, 4608px\" \/><\/a><figcaption id=\"caption-attachment-10955\" class=\"wp-caption-text\">Rukaj\u00e4rvi-keskuksen pihapiiri. Kuvan oikeassa laidassa ns. &#8221;Sotap\u00e4tk\u00e4&#8221; eli\u00a0raide, johon Mannerheim saapui 9.9.1942. T\u00e4st\u00e4 Ylip\u00e4\u00e4llikk\u00f6 jatkoi matkaansa Rukaj\u00e4rvellle.<\/figcaption><\/figure>\n","protected":false},"excerpt":{"rendered":"<p>Lieksan Rukaj\u00e4rvi-keskus on nyt t\u00e4ysin Rukaj\u00e4rven suunnan historiayhdistyksen omistuksessa. Eilen 28.11.2016 tontin lohkominen on saanut lainvoiman ja tontti on merkitty kiinteist\u00f6rekisteriin. Esit\u00e4mme kaikille asiaan vaikuttaneille tahoille parhaat kiitoksemme. Tontin myyj\u00e4lle <a class=\"more-link\" href=\"http:\/\/www.rukajarvensuunnanhistoriayhdistys.fi\/historiayhdistys\/oma-tupa-oma-lupa\/\">Teksti jatkuu&#8230;<span class=\"screen-reader-text\">Oma tupa &#8211; Oma lupa &#8211; Lieksan Rukaj\u00e4rvi-keskus kiinteist\u00f6rekisteriin<\/span><span class=\"meta-nav\">\u2192<\/span><\/a><\/p>\n","protected":false},"author":3,"featured_media":0,"comment_status":"closed","ping_status":"open","sticky":false,"template":"","format":"standard","meta":{"footnotes":""},"categories":[22],"tags":[],"class_list":["post-10951","post","type-post","status-publish","format-standard","hentry","category-ajankohtaista"],"yoast_head":"<!-- This site is optimized with the Yoast SEO plugin v27.4 - https:\/\/yoast.com\/product\/yoast-seo-wordpress\/ -->\n<title>Oma tupa - Oma lupa - Lieksan Rukaj\u00e4rvi-keskus kiinteist\u00f6rekisteriin - Rukaj\u00e4rven suunnan historiayhdistys<\/title>\n<meta name=\"robots\" content=\"index, follow, max-snippet:-1, max-image-preview:large, max-video-preview:-1\" \/>\n<link rel=\"canonical\" href=\"http:\/\/www.rukajarvensuunnanhistoriayhdistys.fi\/historiayhdistys\/oma-tupa-oma-lupa\/\" \/>\n<meta property=\"og:locale\" content=\"fi_FI\" \/>\n<meta property=\"og:type\" content=\"article\" \/>\n<meta property=\"og:title\" content=\"Oma tupa - Oma lupa - Lieksan Rukaj\u00e4rvi-keskus kiinteist\u00f6rekisteriin - Rukaj\u00e4rven suunnan historiayhdistys\" \/>\n<meta property=\"og:description\" content=\"Lieksan Rukaj\u00e4rvi-keskus on nyt t\u00e4ysin Rukaj\u00e4rven suunnan historiayhdistyksen omistuksessa. Eilen 28.11.2016 tontin lohkominen on saanut lainvoiman ja tontti on merkitty kiinteist\u00f6rekisteriin. Esit\u00e4mme kaikille asiaan vaikuttaneille tahoille parhaat kiitoksemme. Tontin myyj\u00e4lle Teksti jatkuu...Oma tupa &#8211; Oma lupa &#8211; Lieksan Rukaj\u00e4rvi-keskus kiinteist\u00f6rekisteriin\u2192\" \/>\n<meta property=\"og:url\" content=\"http:\/\/www.rukajarvensuunnanhistoriayhdistys.fi\/historiayhdistys\/oma-tupa-oma-lupa\/\" \/>\n<meta property=\"og:site_name\" content=\"Rukaj\u00e4rven suunnan historiayhdistys\" \/>\n<meta property=\"article:published_time\" content=\"2016-11-29T16:30:07+00:00\" \/>\n<meta property=\"article:modified_time\" content=\"2016-12-01T06:40:22+00:00\" \/>\n<meta property=\"og:image\" content=\"http:\/\/www.rukajarvensuunnanhistoriayhdistys.fi\/historiayhdistys\/wp-content\/uploads\/2016\/11\/S6200040-Lieksan-asema.jpg\" \/>\n<meta name=\"author\" content=\"RSHY\" \/>\n<meta name=\"twitter:label1\" content=\"Kirjoittanut\" \/>\n\t<meta name=\"twitter:data1\" content=\"RSHY\" \/>\n\t<meta name=\"twitter:label2\" content=\"Arvioitu lukuaika\" \/>\n\t<meta name=\"twitter:data2\" content=\"1 minuutti\" \/>\n<script type=\"application\/ld+json\" class=\"yoast-schema-graph\">{\"@context\":\"https:\\\/\\\/schema.org\",\"@graph\":[{\"@type\":\"Article\",\"@id\":\"http:\\\/\\\/www.rukajarvensuunnanhistoriayhdistys.fi\\\/historiayhdistys\\\/oma-tupa-oma-lupa\\\/#article\",\"isPartOf\":{\"@id\":\"http:\\\/\\\/www.rukajarvensuunnanhistoriayhdistys.fi\\\/historiayhdistys\\\/oma-tupa-oma-lupa\\\/\"},\"author\":{\"name\":\"RSHY\",\"@id\":\"https:\\\/\\\/www.rukajarvensuunnanhistoriayhdistys.fi\\\/historiayhdistys\\\/#\\\/schema\\\/person\\\/19de7db68bf72dfd2b5d7f6dfbf8454d\"},\"headline\":\"Oma tupa &#8211; Oma lupa &#8211; Lieksan Rukaj\u00e4rvi-keskus kiinteist\u00f6rekisteriin\",\"datePublished\":\"2016-11-29T16:30:07+00:00\",\"dateModified\":\"2016-12-01T06:40:22+00:00\",\"mainEntityOfPage\":{\"@id\":\"http:\\\/\\\/www.rukajarvensuunnanhistoriayhdistys.fi\\\/historiayhdistys\\\/oma-tupa-oma-lupa\\\/\"},\"wordCount\":272,\"publisher\":{\"@id\":\"https:\\\/\\\/www.rukajarvensuunnanhistoriayhdistys.fi\\\/historiayhdistys\\\/#organization\"},\"image\":{\"@id\":\"http:\\\/\\\/www.rukajarvensuunnanhistoriayhdistys.fi\\\/historiayhdistys\\\/oma-tupa-oma-lupa\\\/#primaryimage\"},\"thumbnailUrl\":\"http:\\\/\\\/www.rukajarvensuunnanhistoriayhdistys.fi\\\/historiayhdistys\\\/wp-content\\\/uploads\\\/2016\\\/11\\\/S6200040-Lieksan-asema.jpg\",\"articleSection\":[\"Ajankohtaista\"],\"inLanguage\":\"fi\"},{\"@type\":\"WebPage\",\"@id\":\"http:\\\/\\\/www.rukajarvensuunnanhistoriayhdistys.fi\\\/historiayhdistys\\\/oma-tupa-oma-lupa\\\/\",\"url\":\"http:\\\/\\\/www.rukajarvensuunnanhistoriayhdistys.fi\\\/historiayhdistys\\\/oma-tupa-oma-lupa\\\/\",\"name\":\"Oma tupa - Oma lupa - Lieksan Rukaj\u00e4rvi-keskus kiinteist\u00f6rekisteriin - Rukaj\u00e4rven suunnan historiayhdistys\",\"isPartOf\":{\"@id\":\"https:\\\/\\\/www.rukajarvensuunnanhistoriayhdistys.fi\\\/historiayhdistys\\\/#website\"},\"primaryImageOfPage\":{\"@id\":\"http:\\\/\\\/www.rukajarvensuunnanhistoriayhdistys.fi\\\/historiayhdistys\\\/oma-tupa-oma-lupa\\\/#primaryimage\"},\"image\":{\"@id\":\"http:\\\/\\\/www.rukajarvensuunnanhistoriayhdistys.fi\\\/historiayhdistys\\\/oma-tupa-oma-lupa\\\/#primaryimage\"},\"thumbnailUrl\":\"http:\\\/\\\/www.rukajarvensuunnanhistoriayhdistys.fi\\\/historiayhdistys\\\/wp-content\\\/uploads\\\/2016\\\/11\\\/S6200040-Lieksan-asema.jpg\",\"datePublished\":\"2016-11-29T16:30:07+00:00\",\"dateModified\":\"2016-12-01T06:40:22+00:00\",\"breadcrumb\":{\"@id\":\"http:\\\/\\\/www.rukajarvensuunnanhistoriayhdistys.fi\\\/historiayhdistys\\\/oma-tupa-oma-lupa\\\/#breadcrumb\"},\"inLanguage\":\"fi\",\"potentialAction\":[{\"@type\":\"ReadAction\",\"target\":[\"http:\\\/\\\/www.rukajarvensuunnanhistoriayhdistys.fi\\\/historiayhdistys\\\/oma-tupa-oma-lupa\\\/\"]}]},{\"@type\":\"ImageObject\",\"inLanguage\":\"fi\",\"@id\":\"http:\\\/\\\/www.rukajarvensuunnanhistoriayhdistys.fi\\\/historiayhdistys\\\/oma-tupa-oma-lupa\\\/#primaryimage\",\"url\":\"http:\\\/\\\/www.rukajarvensuunnanhistoriayhdistys.fi\\\/historiayhdistys\\\/wp-content\\\/uploads\\\/2016\\\/11\\\/S6200040-Lieksan-asema.jpg\",\"contentUrl\":\"http:\\\/\\\/www.rukajarvensuunnanhistoriayhdistys.fi\\\/historiayhdistys\\\/wp-content\\\/uploads\\\/2016\\\/11\\\/S6200040-Lieksan-asema.jpg\",\"width\":4864,\"height\":2736,\"caption\":\"Lieksan rautatieasema on vilkas liikepaikka.\"},{\"@type\":\"BreadcrumbList\",\"@id\":\"http:\\\/\\\/www.rukajarvensuunnanhistoriayhdistys.fi\\\/historiayhdistys\\\/oma-tupa-oma-lupa\\\/#breadcrumb\",\"itemListElement\":[{\"@type\":\"ListItem\",\"position\":1,\"name\":\"Etusivu\",\"item\":\"https:\\\/\\\/www.rukajarvensuunnanhistoriayhdistys.fi\\\/historiayhdistys\\\/\"},{\"@type\":\"ListItem\",\"position\":2,\"name\":\"Oma tupa &#8211; Oma lupa &#8211; Lieksan Rukaj\u00e4rvi-keskus kiinteist\u00f6rekisteriin\"}]},{\"@type\":\"WebSite\",\"@id\":\"https:\\\/\\\/www.rukajarvensuunnanhistoriayhdistys.fi\\\/historiayhdistys\\\/#website\",\"url\":\"https:\\\/\\\/www.rukajarvensuunnanhistoriayhdistys.fi\\\/historiayhdistys\\\/\",\"name\":\"Rukaj\u00e4rven suunnan historiayhdistys\",\"description\":\"Rukaj\u00e4rven suunnan historiayhdistyksen verkkosivut.\",\"publisher\":{\"@id\":\"https:\\\/\\\/www.rukajarvensuunnanhistoriayhdistys.fi\\\/historiayhdistys\\\/#organization\"},\"potentialAction\":[{\"@type\":\"SearchAction\",\"target\":{\"@type\":\"EntryPoint\",\"urlTemplate\":\"https:\\\/\\\/www.rukajarvensuunnanhistoriayhdistys.fi\\\/historiayhdistys\\\/?s={search_term_string}\"},\"query-input\":{\"@type\":\"PropertyValueSpecification\",\"valueRequired\":true,\"valueName\":\"search_term_string\"}}],\"inLanguage\":\"fi\"},{\"@type\":\"Organization\",\"@id\":\"https:\\\/\\\/www.rukajarvensuunnanhistoriayhdistys.fi\\\/historiayhdistys\\\/#organization\",\"name\":\"Rukaj\u00e4rven suunnan historiayhdistys\",\"url\":\"https:\\\/\\\/www.rukajarvensuunnanhistoriayhdistys.fi\\\/historiayhdistys\\\/\",\"logo\":{\"@type\":\"ImageObject\",\"inLanguage\":\"fi\",\"@id\":\"https:\\\/\\\/www.rukajarvensuunnanhistoriayhdistys.fi\\\/historiayhdistys\\\/#\\\/schema\\\/logo\\\/image\\\/\",\"url\":\"http:\\\/\\\/www.rukajarvensuunnanhistoriayhdistys.fi\\\/historiayhdistys\\\/wp-content\\\/uploads\\\/2013\\\/12\\\/Otsake_3.jpg\",\"contentUrl\":\"http:\\\/\\\/www.rukajarvensuunnanhistoriayhdistys.fi\\\/historiayhdistys\\\/wp-content\\\/uploads\\\/2013\\\/12\\\/Otsake_3.jpg\",\"width\":1000,\"height\":442,\"caption\":\"Rukaj\u00e4rven suunnan historiayhdistys\"},\"image\":{\"@id\":\"https:\\\/\\\/www.rukajarvensuunnanhistoriayhdistys.fi\\\/historiayhdistys\\\/#\\\/schema\\\/logo\\\/image\\\/\"}},{\"@type\":\"Person\",\"@id\":\"https:\\\/\\\/www.rukajarvensuunnanhistoriayhdistys.fi\\\/historiayhdistys\\\/#\\\/schema\\\/person\\\/19de7db68bf72dfd2b5d7f6dfbf8454d\",\"name\":\"RSHY\",\"image\":{\"@type\":\"ImageObject\",\"inLanguage\":\"fi\",\"@id\":\"https:\\\/\\\/secure.gravatar.com\\\/avatar\\\/598d59263a69cc8de65fcb4f9db78d6f58c098cb0e0ba22d73377441af9fa04c?s=96&d=blank&r=g\",\"url\":\"https:\\\/\\\/secure.gravatar.com\\\/avatar\\\/598d59263a69cc8de65fcb4f9db78d6f58c098cb0e0ba22d73377441af9fa04c?s=96&d=blank&r=g\",\"contentUrl\":\"https:\\\/\\\/secure.gravatar.com\\\/avatar\\\/598d59263a69cc8de65fcb4f9db78d6f58c098cb0e0ba22d73377441af9fa04c?s=96&d=blank&r=g\",\"caption\":\"RSHY\"},\"url\":\"http:\\\/\\\/www.rukajarvensuunnanhistoriayhdistys.fi\\\/historiayhdistys\\\/author\\\/rshy\\\/\"}]}<\/script>\n<!-- \/ Yoast SEO plugin. -->","yoast_head_json":{"title":"Oma tupa - Oma lupa - Lieksan Rukaj\u00e4rvi-keskus kiinteist\u00f6rekisteriin - Rukaj\u00e4rven suunnan historiayhdistys","robots":{"index":"index","follow":"follow","max-snippet":"max-snippet:-1","max-image-preview":"max-image-preview:large","max-video-preview":"max-video-preview:-1"},"canonical":"http:\/\/www.rukajarvensuunnanhistoriayhdistys.fi\/historiayhdistys\/oma-tupa-oma-lupa\/","og_locale":"fi_FI","og_type":"article","og_title":"Oma tupa - Oma lupa - Lieksan Rukaj\u00e4rvi-keskus kiinteist\u00f6rekisteriin - Rukaj\u00e4rven suunnan historiayhdistys","og_description":"Lieksan Rukaj\u00e4rvi-keskus on nyt t\u00e4ysin Rukaj\u00e4rven suunnan historiayhdistyksen omistuksessa. Eilen 28.11.2016 tontin lohkominen on saanut lainvoiman ja tontti on merkitty kiinteist\u00f6rekisteriin. Esit\u00e4mme kaikille asiaan vaikuttaneille tahoille parhaat kiitoksemme. Tontin myyj\u00e4lle Teksti jatkuu...Oma tupa &#8211; Oma lupa &#8211; Lieksan Rukaj\u00e4rvi-keskus kiinteist\u00f6rekisteriin\u2192","og_url":"http:\/\/www.rukajarvensuunnanhistoriayhdistys.fi\/historiayhdistys\/oma-tupa-oma-lupa\/","og_site_name":"Rukaj\u00e4rven suunnan historiayhdistys","article_published_time":"2016-11-29T16:30:07+00:00","article_modified_time":"2016-12-01T06:40:22+00:00","og_image":[{"url":"http:\/\/www.rukajarvensuunnanhistoriayhdistys.fi\/historiayhdistys\/wp-content\/uploads\/2016\/11\/S6200040-Lieksan-asema.jpg","type":"","width":"","height":""}],"author":"RSHY","twitter_misc":{"Kirjoittanut":"RSHY","Arvioitu lukuaika":"1 minuutti"},"schema":{"@context":"https:\/\/schema.org","@graph":[{"@type":"Article","@id":"http:\/\/www.rukajarvensuunnanhistoriayhdistys.fi\/historiayhdistys\/oma-tupa-oma-lupa\/#article","isPartOf":{"@id":"http:\/\/www.rukajarvensuunnanhistoriayhdistys.fi\/historiayhdistys\/oma-tupa-oma-lupa\/"},"author":{"name":"RSHY","@id":"https:\/\/www.rukajarvensuunnanhistoriayhdistys.fi\/historiayhdistys\/#\/schema\/person\/19de7db68bf72dfd2b5d7f6dfbf8454d"},"headline":"Oma tupa &#8211; Oma lupa &#8211; Lieksan Rukaj\u00e4rvi-keskus kiinteist\u00f6rekisteriin","datePublished":"2016-11-29T16:30:07+00:00","dateModified":"2016-12-01T06:40:22+00:00","mainEntityOfPage":{"@id":"http:\/\/www.rukajarvensuunnanhistoriayhdistys.fi\/historiayhdistys\/oma-tupa-oma-lupa\/"},"wordCount":272,"publisher":{"@id":"https:\/\/www.rukajarvensuunnanhistoriayhdistys.fi\/historiayhdistys\/#organization"},"image":{"@id":"http:\/\/www.rukajarvensuunnanhistoriayhdistys.fi\/historiayhdistys\/oma-tupa-oma-lupa\/#primaryimage"},"thumbnailUrl":"http:\/\/www.rukajarvensuunnanhistoriayhdistys.fi\/historiayhdistys\/wp-content\/uploads\/2016\/11\/S6200040-Lieksan-asema.jpg","articleSection":["Ajankohtaista"],"inLanguage":"fi"},{"@type":"WebPage","@id":"http:\/\/www.rukajarvensuunnanhistoriayhdistys.fi\/historiayhdistys\/oma-tupa-oma-lupa\/","url":"http:\/\/www.rukajarvensuunnanhistoriayhdistys.fi\/historiayhdistys\/oma-tupa-oma-lupa\/","name":"Oma tupa - Oma lupa - Lieksan Rukaj\u00e4rvi-keskus kiinteist\u00f6rekisteriin - Rukaj\u00e4rven suunnan historiayhdistys","isPartOf":{"@id":"https:\/\/www.rukajarvensuunnanhistoriayhdistys.fi\/historiayhdistys\/#website"},"primaryImageOfPage":{"@id":"http:\/\/www.rukajarvensuunnanhistoriayhdistys.fi\/historiayhdistys\/oma-tupa-oma-lupa\/#primaryimage"},"image":{"@id":"http:\/\/www.rukajarvensuunnanhistoriayhdistys.fi\/historiayhdistys\/oma-tupa-oma-lupa\/#primaryimage"},"thumbnailUrl":"http:\/\/www.rukajarvensuunnanhistoriayhdistys.fi\/historiayhdistys\/wp-content\/uploads\/2016\/11\/S6200040-Lieksan-asema.jpg","datePublished":"2016-11-29T16:30:07+00:00","dateModified":"2016-12-01T06:40:22+00:00","breadcrumb":{"@id":"http:\/\/www.rukajarvensuunnanhistoriayhdistys.fi\/historiayhdistys\/oma-tupa-oma-lupa\/#breadcrumb"},"inLanguage":"fi","potentialAction":[{"@type":"ReadAction","target":["http:\/\/www.rukajarvensuunnanhistoriayhdistys.fi\/historiayhdistys\/oma-tupa-oma-lupa\/"]}]},{"@type":"ImageObject","inLanguage":"fi","@id":"http:\/\/www.rukajarvensuunnanhistoriayhdistys.fi\/historiayhdistys\/oma-tupa-oma-lupa\/#primaryimage","url":"http:\/\/www.rukajarvensuunnanhistoriayhdistys.fi\/historiayhdistys\/wp-content\/uploads\/2016\/11\/S6200040-Lieksan-asema.jpg","contentUrl":"http:\/\/www.rukajarvensuunnanhistoriayhdistys.fi\/historiayhdistys\/wp-content\/uploads\/2016\/11\/S6200040-Lieksan-asema.jpg","width":4864,"height":2736,"caption":"Lieksan rautatieasema on vilkas liikepaikka."},{"@type":"BreadcrumbList","@id":"http:\/\/www.rukajarvensuunnanhistoriayhdistys.fi\/historiayhdistys\/oma-tupa-oma-lupa\/#breadcrumb","itemListElement":[{"@type":"ListItem","position":1,"name":"Etusivu","item":"https:\/\/www.rukajarvensuunnanhistoriayhdistys.fi\/historiayhdistys\/"},{"@type":"ListItem","position":2,"name":"Oma tupa &#8211; Oma lupa &#8211; Lieksan Rukaj\u00e4rvi-keskus kiinteist\u00f6rekisteriin"}]},{"@type":"WebSite","@id":"https:\/\/www.rukajarvensuunnanhistoriayhdistys.fi\/historiayhdistys\/#website","url":"https:\/\/www.rukajarvensuunnanhistoriayhdistys.fi\/historiayhdistys\/","name":"Rukaj\u00e4rven suunnan historiayhdistys","description":"Rukaj\u00e4rven suunnan historiayhdistyksen verkkosivut.","publisher":{"@id":"https:\/\/www.rukajarvensuunnanhistoriayhdistys.fi\/historiayhdistys\/#organization"},"potentialAction":[{"@type":"SearchAction","target":{"@type":"EntryPoint","urlTemplate":"https:\/\/www.rukajarvensuunnanhistoriayhdistys.fi\/historiayhdistys\/?s={search_term_string}"},"query-input":{"@type":"PropertyValueSpecification","valueRequired":true,"valueName":"search_term_string"}}],"inLanguage":"fi"},{"@type":"Organization","@id":"https:\/\/www.rukajarvensuunnanhistoriayhdistys.fi\/historiayhdistys\/#organization","name":"Rukaj\u00e4rven suunnan historiayhdistys","url":"https:\/\/www.rukajarvensuunnanhistoriayhdistys.fi\/historiayhdistys\/","logo":{"@type":"ImageObject","inLanguage":"fi","@id":"https:\/\/www.rukajarvensuunnanhistoriayhdistys.fi\/historiayhdistys\/#\/schema\/logo\/image\/","url":"http:\/\/www.rukajarvensuunnanhistoriayhdistys.fi\/historiayhdistys\/wp-content\/uploads\/2013\/12\/Otsake_3.jpg","contentUrl":"http:\/\/www.rukajarvensuunnanhistoriayhdistys.fi\/historiayhdistys\/wp-content\/uploads\/2013\/12\/Otsake_3.jpg","width":1000,"height":442,"caption":"Rukaj\u00e4rven suunnan historiayhdistys"},"image":{"@id":"https:\/\/www.rukajarvensuunnanhistoriayhdistys.fi\/historiayhdistys\/#\/schema\/logo\/image\/"}},{"@type":"Person","@id":"https:\/\/www.rukajarvensuunnanhistoriayhdistys.fi\/historiayhdistys\/#\/schema\/person\/19de7db68bf72dfd2b5d7f6dfbf8454d","name":"RSHY","image":{"@type":"ImageObject","inLanguage":"fi","@id":"https:\/\/secure.gravatar.com\/avatar\/598d59263a69cc8de65fcb4f9db78d6f58c098cb0e0ba22d73377441af9fa04c?s=96&d=blank&r=g","url":"https:\/\/secure.gravatar.com\/avatar\/598d59263a69cc8de65fcb4f9db78d6f58c098cb0e0ba22d73377441af9fa04c?s=96&d=blank&r=g","contentUrl":"https:\/\/secure.gravatar.com\/avatar\/598d59263a69cc8de65fcb4f9db78d6f58c098cb0e0ba22d73377441af9fa04c?s=96&d=blank&r=g","caption":"RSHY"},"url":"http:\/\/www.rukajarvensuunnanhistoriayhdistys.fi\/historiayhdistys\/author\/rshy\/"}]}},"_links":{"self":[{"href":"http:\/\/www.rukajarvensuunnanhistoriayhdistys.fi\/historiayhdistys\/wp-json\/wp\/v2\/posts\/10951","targetHints":{"allow":["GET"]}}],"collection":[{"href":"http:\/\/www.rukajarvensuunnanhistoriayhdistys.fi\/historiayhdistys\/wp-json\/wp\/v2\/posts"}],"about":[{"href":"http:\/\/www.rukajarvensuunnanhistoriayhdistys.fi\/historiayhdistys\/wp-json\/wp\/v2\/types\/post"}],"author":[{"embeddable":true,"href":"http:\/\/www.rukajarvensuunnanhistoriayhdistys.fi\/historiayhdistys\/wp-json\/wp\/v2\/users\/3"}],"replies":[{"embeddable":true,"href":"http:\/\/www.rukajarvensuunnanhistoriayhdistys.fi\/historiayhdistys\/wp-json\/wp\/v2\/comments?post=10951"}],"version-history":[{"count":5,"href":"http:\/\/www.rukajarvensuunnanhistoriayhdistys.fi\/historiayhdistys\/wp-json\/wp\/v2\/posts\/10951\/revisions"}],"predecessor-version":[{"id":10964,"href":"http:\/\/www.rukajarvensuunnanhistoriayhdistys.fi\/historiayhdistys\/wp-json\/wp\/v2\/posts\/10951\/revisions\/10964"}],"wp:attachment":[{"href":"http:\/\/www.rukajarvensuunnanhistoriayhdistys.fi\/historiayhdistys\/wp-json\/wp\/v2\/media?parent=10951"}],"wp:term":[{"taxonomy":"category","embeddable":true,"href":"http:\/\/www.rukajarvensuunnanhistoriayhdistys.fi\/historiayhdistys\/wp-json\/wp\/v2\/categories?post=10951"},{"taxonomy":"post_tag","embeddable":true,"href":"http:\/\/www.rukajarvensuunnanhistoriayhdistys.fi\/historiayhdistys\/wp-json\/wp\/v2\/tags?post=10951"}],"curies":[{"name":"wp","href":"https:\/\/api.w.org\/{rel}","templated":true}]}}