{"id":10986,"date":"2016-12-01T20:52:00","date_gmt":"2016-12-01T18:52:00","guid":{"rendered":"http:\/\/www.rukajarvensuunnanhistoriayhdistys.fi\/historiayhdistys\/?p=10986"},"modified":"2016-12-02T06:31:12","modified_gmt":"2016-12-02T04:31:12","slug":"talvisodan-syttymisesta-77-vuotta-muistotilaisuus-30-11-2016-lieksan-kivivaarassa","status":"publish","type":"post","link":"http:\/\/www.rukajarvensuunnanhistoriayhdistys.fi\/historiayhdistys\/talvisodan-syttymisesta-77-vuotta-muistotilaisuus-30-11-2016-lieksan-kivivaarassa\/","title":{"rendered":"Talvisodan syttymisest\u00e4 77 vuotta &#8211; Muistotilaisuus 30.11.2016 Lieksan Kivivaarassa"},"content":{"rendered":"<div class=\"fcbkbttn_buttons_block\" id=\"fcbkbttn_left\"><div class=\"fcbkbttn_like \"><fb:like href=\"http:\/\/www.rukajarvensuunnanhistoriayhdistys.fi\/historiayhdistys\/talvisodan-syttymisesta-77-vuotta-muistotilaisuus-30-11-2016-lieksan-kivivaarassa\/\" action=\"like\" colorscheme=\"light\" layout=\"button_count\"  size=\"small\"><\/fb:like><\/div><\/div><p>Talvisodan syttymist\u00e4 muisteltiin Lieksan Kivivaarassa. Aluksi kokoonnuttiin uuden muistomerkin paljastustilaisuuteen. Timo Salmen alullepanema muistomerkki paljastettiin Hattuselkosen tienhaarassa. Tilaisuuden oli j\u00e4rjest\u00e4nyt Lieksan sotahistorian yhteisty\u00f6toimikunta, johon kuuluvat Lieksan kaupunki, Lieksan rajavartioasema, Lieksan ev.lut. seurakunta ja Lieksan Rajakilta ry. Toimikunnan puolesta tilaisuuden avasi Reijo Kortelainen. Timo Salmi, joka oli muistomerkkihankkeen k\u00e4ynnist\u00e4nyt, paljasti Talvisodan ensimm\u00e4isen p\u00e4iv\u00e4n uhrien muistomerkin.<\/p>\n<figure id=\"attachment_10968\" aria-describedby=\"caption-attachment-10968\" style=\"width: 5760px\" class=\"wp-caption aligncenter\"><a href=\"http:\/\/www.rukajarvensuunnanhistoriayhdistys.fi\/historiayhdistys\/wp-content\/uploads\/2016\/11\/007Talvisotapaiva.jpg\"><img loading=\"lazy\" decoding=\"async\" class=\"size-full wp-image-10968\" src=\"http:\/\/www.rukajarvensuunnanhistoriayhdistys.fi\/historiayhdistys\/wp-content\/uploads\/2016\/11\/007Talvisotapaiva.jpg\" alt=\"Uuden muistomerkin paljastus k\u00e4ynniss\u00e4. Nuorempi rajamies Onni Voutilainen. Timo Salmi ja vanhempi rajamies Niko Keronen, jonka ukki veteraani Viljo Keronen laski Lieksan rajavartioaseman seppeleen. Kuva Ari Komulainen.\" width=\"5760\" height=\"3840\" data-id=\"10968\" srcset=\"http:\/\/www.rukajarvensuunnanhistoriayhdistys.fi\/historiayhdistys\/wp-content\/uploads\/2016\/11\/007Talvisotapaiva.jpg 5760w, http:\/\/www.rukajarvensuunnanhistoriayhdistys.fi\/historiayhdistys\/wp-content\/uploads\/2016\/11\/007Talvisotapaiva-300x200.jpg 300w, http:\/\/www.rukajarvensuunnanhistoriayhdistys.fi\/historiayhdistys\/wp-content\/uploads\/2016\/11\/007Talvisotapaiva-768x512.jpg 768w, http:\/\/www.rukajarvensuunnanhistoriayhdistys.fi\/historiayhdistys\/wp-content\/uploads\/2016\/11\/007Talvisotapaiva-1024x683.jpg 1024w\" sizes=\"auto, (max-width: 5760px) 100vw, 5760px\" \/><\/a><figcaption id=\"caption-attachment-10968\" class=\"wp-caption-text\">Uuden muistomerkin paljastus k\u00e4ynniss\u00e4. Nuorempi rajamies Onni Voutilainen. Timo Salmi ja vanhempi rajamies Niko Keronen, jonka ukki veteraani Viljo Keronen laski Lieksan rajavartioaseman seppeleen. Kuva Ari Komulainen.<\/figcaption><\/figure>\n<p>Uudelle muistomerkille laskivat seppeleen Lieksan rajavartioasema p\u00e4\u00e4llikk\u00f6ns\u00e4 Markku Hassisen johdolla sek\u00e4 uhrien omaisten edustajat.<\/p>\n<figure id=\"attachment_10969\" aria-describedby=\"caption-attachment-10969\" style=\"width: 5306px\" class=\"wp-caption aligncenter\"><a href=\"http:\/\/www.rukajarvensuunnanhistoriayhdistys.fi\/historiayhdistys\/wp-content\/uploads\/2016\/11\/009Talvisotapaiva.jpg\"><img loading=\"lazy\" decoding=\"async\" class=\"size-full wp-image-10969\" src=\"http:\/\/www.rukajarvensuunnanhistoriayhdistys.fi\/historiayhdistys\/wp-content\/uploads\/2016\/11\/009Talvisotapaiva.jpg\" alt=\"Reino Salmi, Riku Salmi sek\u00e4 Lieksan sotaveteraanien puheenjohtaja Seppo Pulkkinen, Lieksan Rajavartioaseman p\u00e4\u00e4llikk\u00f6 kapteeni Markku Hassinen sek\u00e4 veteraani Viljo Keronen laskivat muistomerkille seppeleet. Kuva Ari Komulainen.\" width=\"5306\" height=\"3686\" data-id=\"10969\" srcset=\"http:\/\/www.rukajarvensuunnanhistoriayhdistys.fi\/historiayhdistys\/wp-content\/uploads\/2016\/11\/009Talvisotapaiva.jpg 5306w, http:\/\/www.rukajarvensuunnanhistoriayhdistys.fi\/historiayhdistys\/wp-content\/uploads\/2016\/11\/009Talvisotapaiva-300x208.jpg 300w, http:\/\/www.rukajarvensuunnanhistoriayhdistys.fi\/historiayhdistys\/wp-content\/uploads\/2016\/11\/009Talvisotapaiva-768x534.jpg 768w, http:\/\/www.rukajarvensuunnanhistoriayhdistys.fi\/historiayhdistys\/wp-content\/uploads\/2016\/11\/009Talvisotapaiva-1024x711.jpg 1024w\" sizes=\"auto, (max-width: 5306px) 100vw, 5306px\" \/><\/a><figcaption id=\"caption-attachment-10969\" class=\"wp-caption-text\">Reino Salmi, Riku Salmi sek\u00e4 Lieksan sotaveteraanien puheenjohtaja Seppo Pulkkinen, Lieksan Rajavartioaseman p\u00e4\u00e4llikk\u00f6 kapteeni Markku Hassinen sek\u00e4 veteraani Viljo Keronen laskivat muistomerkille seppeleet. Kuva Ari Komulainen.<\/figcaption><\/figure>\n<figure id=\"attachment_10966\" aria-describedby=\"caption-attachment-10966\" style=\"width: 3681px\" class=\"wp-caption aligncenter\"><a href=\"http:\/\/www.rukajarvensuunnanhistoriayhdistys.fi\/historiayhdistys\/wp-content\/uploads\/2016\/11\/029Talvisotapaiva.jpg\"><img loading=\"lazy\" decoding=\"async\" class=\"size-full wp-image-10966\" src=\"http:\/\/www.rukajarvensuunnanhistoriayhdistys.fi\/historiayhdistys\/wp-content\/uploads\/2016\/11\/029Talvisotapaiva.jpg\" alt=\"Hattuselkosen 30.11.2016 paljastettu muistomerkki.\" width=\"3681\" height=\"3083\" data-id=\"10966\" srcset=\"http:\/\/www.rukajarvensuunnanhistoriayhdistys.fi\/historiayhdistys\/wp-content\/uploads\/2016\/11\/029Talvisotapaiva.jpg 3681w, http:\/\/www.rukajarvensuunnanhistoriayhdistys.fi\/historiayhdistys\/wp-content\/uploads\/2016\/11\/029Talvisotapaiva-300x251.jpg 300w, http:\/\/www.rukajarvensuunnanhistoriayhdistys.fi\/historiayhdistys\/wp-content\/uploads\/2016\/11\/029Talvisotapaiva-768x643.jpg 768w, http:\/\/www.rukajarvensuunnanhistoriayhdistys.fi\/historiayhdistys\/wp-content\/uploads\/2016\/11\/029Talvisotapaiva-1024x858.jpg 1024w\" sizes=\"auto, (max-width: 3681px) 100vw, 3681px\" \/><\/a><figcaption id=\"caption-attachment-10966\" class=\"wp-caption-text\">Hattuselkosen 30.11.2016 paljastettu muistomerkki. Kuva Ari Komulainen.<\/figcaption><\/figure>\n<p>Varsinaisen muistopuheen piti rajakapteeni Tauno Oksanen. Tilaisuudessa puhuivat my\u00f6s Lieksan kaupunginvaltuuston puheenjohtaja Ari Marjeta sek\u00e4 my\u00f6s lieksalainen Juhani Ryyn\u00e4nen. Juuasta saakka oli saapunut linja-autollinen vieraita, joiden joukossa oli Rukaj\u00e4rven veteraani Olavi Tiittanen. H\u00e4nen lis\u00e4kseen paikalla oli my\u00f6s toinen veteraani Viljo Keronen.<\/p>\n<p>Seppeleen laskun j\u00e4lkeen yleis\u00f6ll\u00e4 oli tilaisuus k\u00e4yd\u00e4 uhrien l\u00f6yt\u00f6paikalla, miss\u00e4 paloi kynttil\u00e4. Osa yleis\u00f6st\u00e4 jatkoi Rukaj\u00e4rven tiet\u00e4 Louhikkom\u00e4en muistomerkille, josta siirryttiin Jukolan motti -pirtille.<\/p>\n<figure id=\"attachment_10967\" aria-describedby=\"caption-attachment-10967\" style=\"width: 3659px\" class=\"wp-caption aligncenter\"><a href=\"http:\/\/www.rukajarvensuunnanhistoriayhdistys.fi\/historiayhdistys\/wp-content\/uploads\/2016\/11\/032Talvisotapaiva.jpg\"><img loading=\"lazy\" decoding=\"async\" class=\"size-full wp-image-10967\" src=\"http:\/\/www.rukajarvensuunnanhistoriayhdistys.fi\/historiayhdistys\/wp-content\/uploads\/2016\/11\/032Talvisotapaiva.jpg\" alt=\"Louhikkom\u00e4en muistomerkki\" width=\"3659\" height=\"5233\" data-id=\"10967\" srcset=\"http:\/\/www.rukajarvensuunnanhistoriayhdistys.fi\/historiayhdistys\/wp-content\/uploads\/2016\/11\/032Talvisotapaiva.jpg 3659w, http:\/\/www.rukajarvensuunnanhistoriayhdistys.fi\/historiayhdistys\/wp-content\/uploads\/2016\/11\/032Talvisotapaiva-210x300.jpg 210w, http:\/\/www.rukajarvensuunnanhistoriayhdistys.fi\/historiayhdistys\/wp-content\/uploads\/2016\/11\/032Talvisotapaiva-768x1098.jpg 768w, http:\/\/www.rukajarvensuunnanhistoriayhdistys.fi\/historiayhdistys\/wp-content\/uploads\/2016\/11\/032Talvisotapaiva-716x1024.jpg 716w\" sizes=\"auto, (max-width: 3659px) 100vw, 3659px\" \/><\/a><figcaption id=\"caption-attachment-10967\" class=\"wp-caption-text\">Louhikkom\u00e4en muistomerkki<\/figcaption><\/figure>\n<p>Jukolan motti -pirtin tilaisuus alkoi Lieksan Rajakillan kahvitarjoilulla ja yleis\u00f6 saattoi nauttia Raimo Savirannan ja Hannu Huuskosen paistamia makkaroita.<\/p>\n<figure id=\"attachment_10977\" aria-describedby=\"caption-attachment-10977\" style=\"width: 5760px\" class=\"wp-caption aligncenter\"><a href=\"http:\/\/www.rukajarvensuunnanhistoriayhdistys.fi\/historiayhdistys\/wp-content\/uploads\/2016\/11\/034Talvisotapaiva.jpg\"><img loading=\"lazy\" decoding=\"async\" class=\"size-full wp-image-10977\" src=\"http:\/\/www.rukajarvensuunnanhistoriayhdistys.fi\/historiayhdistys\/wp-content\/uploads\/2016\/11\/034Talvisotapaiva.jpg\" alt=\"Jukolan motti -pirtti oli tupaten t\u00e4ynn\u00e4. Lieksan Rajakilta tarjosi kahvit ja makkarat. Kuva Ari Komulainen.\" width=\"5760\" height=\"3840\" data-id=\"10977\" srcset=\"http:\/\/www.rukajarvensuunnanhistoriayhdistys.fi\/historiayhdistys\/wp-content\/uploads\/2016\/11\/034Talvisotapaiva.jpg 5760w, http:\/\/www.rukajarvensuunnanhistoriayhdistys.fi\/historiayhdistys\/wp-content\/uploads\/2016\/11\/034Talvisotapaiva-300x200.jpg 300w, http:\/\/www.rukajarvensuunnanhistoriayhdistys.fi\/historiayhdistys\/wp-content\/uploads\/2016\/11\/034Talvisotapaiva-768x512.jpg 768w, http:\/\/www.rukajarvensuunnanhistoriayhdistys.fi\/historiayhdistys\/wp-content\/uploads\/2016\/11\/034Talvisotapaiva-1024x683.jpg 1024w\" sizes=\"auto, (max-width: 5760px) 100vw, 5760px\" \/><\/a><figcaption id=\"caption-attachment-10977\" class=\"wp-caption-text\">Jukolan motti -pirtti oli tupaten t\u00e4ynn\u00e4. Lieksan Rajakilta tarjosi kahvit ja makkarat. Kuva Ari Komulainen.<\/figcaption><\/figure>\n<figure id=\"attachment_10974\" aria-describedby=\"caption-attachment-10974\" style=\"width: 4592px\" class=\"wp-caption aligncenter\"><a href=\"http:\/\/www.rukajarvensuunnanhistoriayhdistys.fi\/historiayhdistys\/wp-content\/uploads\/2016\/11\/DSC03946.jpg\"><img loading=\"lazy\" decoding=\"async\" class=\"size-full wp-image-10974\" src=\"http:\/\/www.rukajarvensuunnanhistoriayhdistys.fi\/historiayhdistys\/wp-content\/uploads\/2016\/11\/DSC03946.jpg\" alt=\"Etualalla Osmo Kukkonen, jonka k\u00e4sialaa oli sek\u00e4 muistomerkille lasketun seppeleen valmistaminen. Kukkosen tekem\u00e4 seppele laskettiin my\u00f6s Inarin tien muistomerkille samanaikaisesti. Toisen seppeleen oli valmistanut hienopuusepp\u00e4 Timo Salmi. Kuvassa my\u00f6s Ari Marjeta ja Hannu Huuskonen.\" width=\"4592\" height=\"3056\" data-id=\"10974\" srcset=\"http:\/\/www.rukajarvensuunnanhistoriayhdistys.fi\/historiayhdistys\/wp-content\/uploads\/2016\/11\/DSC03946.jpg 4592w, http:\/\/www.rukajarvensuunnanhistoriayhdistys.fi\/historiayhdistys\/wp-content\/uploads\/2016\/11\/DSC03946-300x200.jpg 300w, http:\/\/www.rukajarvensuunnanhistoriayhdistys.fi\/historiayhdistys\/wp-content\/uploads\/2016\/11\/DSC03946-768x511.jpg 768w, http:\/\/www.rukajarvensuunnanhistoriayhdistys.fi\/historiayhdistys\/wp-content\/uploads\/2016\/11\/DSC03946-1024x681.jpg 1024w\" sizes=\"auto, (max-width: 4592px) 100vw, 4592px\" \/><\/a><figcaption id=\"caption-attachment-10974\" class=\"wp-caption-text\">Etualalla Osmo Kukkonen, jonka k\u00e4sialaa oli sek\u00e4 muistomerkille lasketun seppeleen valmistaminen. Kukkosen tekem\u00e4 seppele laskettiin my\u00f6s Inarin tien muistomerkille samanaikaisesti. Toisen seppeleen oli valmistanut hienopuusepp\u00e4 Timo Salmi. Kuvassa my\u00f6s Ari Marjeta ja Hannu Huuskonen.<\/figcaption><\/figure>\n<p>Tilaisuudessa kuultiin rajakapteeni Esko Kuitusen perusteellinen kuvaus sodan ensimm\u00e4isen p\u00e4iv\u00e4n uhreista, Louhikkom\u00e4est\u00e4 l\u00f6ydetyst\u00e4 Juhana V. Ohtosesta (30 v.) sek\u00e4 Hattuselkosen pihapiirist\u00e4 l\u00f6ytyneist\u00e4 Pekka Partasesta 36 v. ja Elias S. Salmesta (13 v.).<\/p>\n<figure id=\"attachment_10975\" aria-describedby=\"caption-attachment-10975\" style=\"width: 4592px\" class=\"wp-caption aligncenter\"><a href=\"http:\/\/www.rukajarvensuunnanhistoriayhdistys.fi\/historiayhdistys\/wp-content\/uploads\/2016\/11\/DSC03955-Kuitunen-Esko.jpg\"><img loading=\"lazy\" decoding=\"async\" class=\"size-full wp-image-10975\" src=\"http:\/\/www.rukajarvensuunnanhistoriayhdistys.fi\/historiayhdistys\/wp-content\/uploads\/2016\/11\/DSC03955-Kuitunen-Esko.jpg\" alt=\"Kivivaaran suunnan ensimm\u00e4isen p\u00e4iv\u00e4n uhrit oli Esko Kuitusen juhlap\u00e4iv\u00e4n esitelm\u00e4n aiheena.\" width=\"4592\" height=\"3056\" data-id=\"10975\" srcset=\"http:\/\/www.rukajarvensuunnanhistoriayhdistys.fi\/historiayhdistys\/wp-content\/uploads\/2016\/11\/DSC03955-Kuitunen-Esko.jpg 4592w, http:\/\/www.rukajarvensuunnanhistoriayhdistys.fi\/historiayhdistys\/wp-content\/uploads\/2016\/11\/DSC03955-Kuitunen-Esko-300x200.jpg 300w, http:\/\/www.rukajarvensuunnanhistoriayhdistys.fi\/historiayhdistys\/wp-content\/uploads\/2016\/11\/DSC03955-Kuitunen-Esko-768x511.jpg 768w, http:\/\/www.rukajarvensuunnanhistoriayhdistys.fi\/historiayhdistys\/wp-content\/uploads\/2016\/11\/DSC03955-Kuitunen-Esko-1024x681.jpg 1024w\" sizes=\"auto, (max-width: 4592px) 100vw, 4592px\" \/><\/a><figcaption id=\"caption-attachment-10975\" class=\"wp-caption-text\">Kivivaaran suunnan ensimm\u00e4isen p\u00e4iv\u00e4n uhrit oli Esko Kuitusen juhlap\u00e4iv\u00e4n esitelm\u00e4n aiheena.<\/figcaption><\/figure>\n<p>Rajakapteeni Tauno Oksasen esitelm\u00e4 k\u00e4sitteli aluksi yleisesti Talvisodan taisteluita sek\u00e4 yksityiskohtaisemmin Kuhmon ja Lieksan alueella k\u00e4ytyj\u00e4 taisteluita. Yhten\u00e4 erikoisuutena tuli esille se, ett\u00e4 aivan sodan alussa vangiksi joutuneen upseerin hallusta l\u00f6ytyi vihollisen yksityiskohtainen suunnitelma Suomen valtaamisesta sek\u00e4 suunnitelmaan liittyv\u00e4t kartat. Oksanen k\u00e4sitteli erikseen my\u00f6s taisteluita Lieksan Kivivaaran suunnalla, josta vihollisen joukot oli ajettu omalle puolelleen jouluun 1939 menness\u00e4.<\/p>\n<figure id=\"attachment_10976\" aria-describedby=\"caption-attachment-10976\" style=\"width: 4592px\" class=\"wp-caption aligncenter\"><a href=\"http:\/\/www.rukajarvensuunnanhistoriayhdistys.fi\/historiayhdistys\/wp-content\/uploads\/2016\/11\/DSC03956-Oksanen-Tauno.jpg\"><img loading=\"lazy\" decoding=\"async\" class=\"size-full wp-image-10976\" src=\"http:\/\/www.rukajarvensuunnanhistoriayhdistys.fi\/historiayhdistys\/wp-content\/uploads\/2016\/11\/DSC03956-Oksanen-Tauno.jpg\" alt=\"Jukolan Motti -pirtiss\u00e4 Tauno Oksasen esitelm\u00e4 k\u00e4sitteli Talvisotaa Kivivaaran suunnalla.\" width=\"4592\" height=\"3056\" data-id=\"10976\" srcset=\"http:\/\/www.rukajarvensuunnanhistoriayhdistys.fi\/historiayhdistys\/wp-content\/uploads\/2016\/11\/DSC03956-Oksanen-Tauno.jpg 4592w, http:\/\/www.rukajarvensuunnanhistoriayhdistys.fi\/historiayhdistys\/wp-content\/uploads\/2016\/11\/DSC03956-Oksanen-Tauno-300x200.jpg 300w, http:\/\/www.rukajarvensuunnanhistoriayhdistys.fi\/historiayhdistys\/wp-content\/uploads\/2016\/11\/DSC03956-Oksanen-Tauno-768x511.jpg 768w, http:\/\/www.rukajarvensuunnanhistoriayhdistys.fi\/historiayhdistys\/wp-content\/uploads\/2016\/11\/DSC03956-Oksanen-Tauno-1024x681.jpg 1024w\" sizes=\"auto, (max-width: 4592px) 100vw, 4592px\" \/><\/a><figcaption id=\"caption-attachment-10976\" class=\"wp-caption-text\">Jukolan Motti -pirtiss\u00e4 Tauno Oksasen esitelm\u00e4 k\u00e4sitteli Talvisotaa Kivivaaran suunnalla.<\/figcaption><\/figure>\n<p><strong>Lieksan Lehden Antti-patsaan luovuttaminen<\/strong><\/p>\n<p>Jukolan motissa pidetyn tilaisuuden lopuksi Lieksan Lehti luovutti Antti-patsaan. Ensimm\u00e4isen suomenkielisen sanomalehden julkaisijan <strong>Antti Lizeliuksen<\/strong> kunniaksi jaetaan vuosittain valtakunnallinen, maakunnallinen ja paikallinen Antti-patsas taholle, joka edist\u00e4\u00e4 kiitett\u00e4v\u00e4sti alueensa hyvinvointia ja kulttuuria. Palkintoa on jaettu vuodesta 1981 alkaen.<\/p>\n<p>T\u00e4m\u00e4n vuoden paikallisen Antti-patsaan sai Rukaj\u00e4rven suunnan historiayhdistyksen puheenjohtaja <strong>Tenho Tikkanen<\/strong>, joka vastaanotti palkinnon <em>Lieksan Lehden<\/em> p\u00e4\u00e4toimittaja <strong>Marja M\u00f6ls\u00e4lt\u00e4<\/strong>.<\/p>\n<p>Luovutuspuheessaan p\u00e4\u00e4toimittaja M\u00f6ls\u00e4 perusteli valintaa ja lausui mm: &#8221;Tenho Tikkanen on tuonut viime vuosien aikana Lieksan alueen sotahistoriaa esille runsain mitoin. Muutama vuosi sitten Tikkasella oli visio, jota h\u00e4n l\u00e4hti sinnikk\u00e4\u00e4sti toteuttamaan. Ty\u00f6ll\u00e4\u00e4n h\u00e4n on avannut ikkunoita, joista meid\u00e4n on helppo n\u00e4hd\u00e4, millaiset tapahtumat ovat ravistelleet t\u00e4t\u00e4 aluetta ja kansakuntaamme&#8221;.<\/p>\n<p>P\u00e4\u00e4toimittaja M\u00f6ls\u00e4n mukaan Tikkasen kokemuksen, n\u00e4kemyksen ja uskalluksen kautta Lieksaan on saatu Rukaj\u00e4rvi-keskus ja Jukolan motin tukikohta, joiden vetovoima kokoaa Lieksaan vuosi vuodelta enemm\u00e4n sotahistoriasta kiinnostuneita turisteja.<\/p>\n<figure id=\"attachment_10979\" aria-describedby=\"caption-attachment-10979\" style=\"width: 4945px\" class=\"wp-caption aligncenter\"><a href=\"http:\/\/www.rukajarvensuunnanhistoriayhdistys.fi\/historiayhdistys\/wp-content\/uploads\/2016\/11\/048Talvisotapaiva.jpg\"><img loading=\"lazy\" decoding=\"async\" class=\"size-full wp-image-10979\" src=\"http:\/\/www.rukajarvensuunnanhistoriayhdistys.fi\/historiayhdistys\/wp-content\/uploads\/2016\/11\/048Talvisotapaiva.jpg\" alt=\"T\u00e4m\u00e4n vuoden paikallisen Antti-patsaan sai Rukaj\u00e4rven suunnan historiayhdistyksen puheenjohtaja Tenho Tikkanen, joka vastaanotti palkinnon Lieksan Lehden p\u00e4\u00e4toimittaja Marja M\u00f6ls\u00e4lt\u00e4. Kuva Ari Komulainen.\" width=\"4945\" height=\"3408\" data-id=\"10979\" srcset=\"http:\/\/www.rukajarvensuunnanhistoriayhdistys.fi\/historiayhdistys\/wp-content\/uploads\/2016\/11\/048Talvisotapaiva.jpg 4945w, http:\/\/www.rukajarvensuunnanhistoriayhdistys.fi\/historiayhdistys\/wp-content\/uploads\/2016\/11\/048Talvisotapaiva-300x207.jpg 300w, http:\/\/www.rukajarvensuunnanhistoriayhdistys.fi\/historiayhdistys\/wp-content\/uploads\/2016\/11\/048Talvisotapaiva-768x529.jpg 768w, http:\/\/www.rukajarvensuunnanhistoriayhdistys.fi\/historiayhdistys\/wp-content\/uploads\/2016\/11\/048Talvisotapaiva-1024x706.jpg 1024w\" sizes=\"auto, (max-width: 4945px) 100vw, 4945px\" \/><\/a><figcaption id=\"caption-attachment-10979\" class=\"wp-caption-text\">T\u00e4m\u00e4n vuoden paikallisen Antti-patsaan sai Rukaj\u00e4rven suunnan historiayhdistyksen puheenjohtaja Tenho Tikkanen, joka vastaanotti palkinnon Lieksan Lehden p\u00e4\u00e4toimittaja Marja M\u00f6ls\u00e4lt\u00e4. Kuva Ari Komulainen.<\/figcaption><\/figure>\n<p>Julkaisemme seuraavaksi Tikkasen kolmiosaisen kiitospuheen kokonaisuudessaan. Sen voi lukea <a href=\"http:\/\/www.rukajarvensuunnanhistoriayhdistys.fi\/historiayhdistys\/wp-content\/uploads\/2016\/12\/Kiitos-puhe-Tenho-Tikkanen-30-11-2016.pdf\">T\u00c4\u00c4LT\u00c4<\/a>. Tikkanen viittasi puheessaan Jukolan motti -pirtin rakentamiseen vuoden 2014 lopulla, josta voi lukea yhteisty\u00f6kumppaneitten kyl\u00e4yhdistyksen j\u00e4senten toiminnasta ja mm. nimelt\u00e4 mainittujen puheenjohtaja Heikki Turusen ja Raimo Savirannan loka- marraskuulla 2014 julkaistuista artikkeleista sek\u00e4 Ari Marjetan osalta <a href=\"http:\/\/www.rukajarvensuunnanhistoriayhdistys.fi\/historiayhdistys\/onkohan-tanaan-jukolan-motissa-lakkahilloa-tarjolla\/\">T\u00c4\u00c4LT\u00c41<\/a>, Maija Riikosen osalta <a href=\"http:\/\/www.rukajarvensuunnanhistoriayhdistys.fi\/historiayhdistys\/jukolan-motissa-tanaan-valmistaudutaan-viikonloppuun\/\">T\u00c4\u00c4LT\u00c42<\/a> ja Sulo Eskelisen osalta\u00a0<a href=\"http:\/\/www.rukajarvensuunnanhistoriayhdistys.fi\/historiayhdistys\/kota-harjassa\/\">T\u00c4\u00c4LT\u00c43<\/a>. Katso my\u00f6s Lieksan Rukaj\u00e4rvi-keskuksen avajaiset 1.7.2013 <a href=\"https:\/\/www.youtube.com\/watch?v=F2L3xIZ5g64\">T\u00c4\u00c4LT\u00c4<\/a>.<\/p>\n<p><strong>Haaste otettiin vastaan<\/strong><\/p>\n<p>Lieksan kaupunginvaltuuston puheenjohtaja Ari Marjeta sek\u00e4 paikalla olleet Lieksan kaupunginhallituksen edustajat Maija Riikonen ja Sulo Eskelinen ilmoittivat ottavansa Rukaj\u00e4rven suunnan historiayhdistyksen haasteen vastaan ja pyydetty neuvottelutilaisuus tullaan kutsumaan koolle mahdollisimman pian.<\/p>\n<figure id=\"attachment_10973\" aria-describedby=\"caption-attachment-10973\" style=\"width: 5619px\" class=\"wp-caption aligncenter\"><a href=\"http:\/\/www.rukajarvensuunnanhistoriayhdistys.fi\/historiayhdistys\/wp-content\/uploads\/2016\/11\/052Talvisotapaiva.jpg\"><img loading=\"lazy\" decoding=\"async\" class=\"size-full wp-image-10973\" src=\"http:\/\/www.rukajarvensuunnanhistoriayhdistys.fi\/historiayhdistys\/wp-content\/uploads\/2016\/11\/052Talvisotapaiva.jpg\" alt=\"Jukolan motti -pirtin tilaisuuteen osallistunut ainut veteraani Olavi Tiittanen muisteli 72 vuoden takaista Jukolan motissa vietetty\u00e4 aselevon j\u00e4lkeist\u00e4 aikaa.\" width=\"5619\" height=\"3651\" data-id=\"10973\" srcset=\"http:\/\/www.rukajarvensuunnanhistoriayhdistys.fi\/historiayhdistys\/wp-content\/uploads\/2016\/11\/052Talvisotapaiva.jpg 5619w, http:\/\/www.rukajarvensuunnanhistoriayhdistys.fi\/historiayhdistys\/wp-content\/uploads\/2016\/11\/052Talvisotapaiva-300x195.jpg 300w, http:\/\/www.rukajarvensuunnanhistoriayhdistys.fi\/historiayhdistys\/wp-content\/uploads\/2016\/11\/052Talvisotapaiva-768x499.jpg 768w, http:\/\/www.rukajarvensuunnanhistoriayhdistys.fi\/historiayhdistys\/wp-content\/uploads\/2016\/11\/052Talvisotapaiva-1024x665.jpg 1024w\" sizes=\"auto, (max-width: 5619px) 100vw, 5619px\" \/><\/a><figcaption id=\"caption-attachment-10973\" class=\"wp-caption-text\">Jukolan motti -pirtin tilaisuuteen osallistunut ainut veteraani Olavi Tiittanen (94 v.) muisteli 72 vuoden takaista Jukolan motissa vietetty\u00e4 aselevon j\u00e4lkeist\u00e4 aikaa.<\/figcaption><\/figure>\n<p>Tilaisuuden p\u00e4\u00e4t\u00f6ssanat lausui paikalla oleva ainoa veteraani, Olavi Tiittanen. Tiittanen muisteli l\u00e4hes tarkalleen 72 vuoden takaisia aikoja, jolloin h\u00e4n Jatkosodan jo p\u00e4\u00e4tytty\u00e4 oli sijoitettuna &#8221;juuri t\u00e4nne Jukolan motin ymp\u00e4rist\u00f6\u00f6n&#8221; kentt\u00e4varustelut\u00f6ihin. Tiittanen hauskuutti yleis\u00f6\u00e4 mielenkiintoisella esityksell\u00e4\u00e4n, mik\u00e4 yleis\u00f6n taholta palkittiin raikuvin suosionosoituksin.<\/p>\n<figure id=\"attachment_10978\" aria-describedby=\"caption-attachment-10978\" style=\"width: 5245px\" class=\"wp-caption aligncenter\"><a href=\"http:\/\/www.rukajarvensuunnanhistoriayhdistys.fi\/historiayhdistys\/wp-content\/uploads\/2016\/11\/038Talvisotapaiva.jpg\"><img loading=\"lazy\" decoding=\"async\" class=\"size-full wp-image-10978\" src=\"http:\/\/www.rukajarvensuunnanhistoriayhdistys.fi\/historiayhdistys\/wp-content\/uploads\/2016\/11\/038Talvisotapaiva.jpg\" alt=\"Jukolan motti -pirtin tilaisuuteen osallistui Juuasta saapunut Rukaj\u00e4rven veteraani Olavi Tiittanen. Tilaisuudessa kuultiin Esko Kuitusen ja Tauno Oksasen esitelm\u00e4t. Tilaisuuden juontajana toimi Reijo Kortelainen. Kuva Ari Komulainen.\" width=\"5245\" height=\"3545\" data-id=\"10978\" srcset=\"http:\/\/www.rukajarvensuunnanhistoriayhdistys.fi\/historiayhdistys\/wp-content\/uploads\/2016\/11\/038Talvisotapaiva.jpg 5245w, http:\/\/www.rukajarvensuunnanhistoriayhdistys.fi\/historiayhdistys\/wp-content\/uploads\/2016\/11\/038Talvisotapaiva-300x203.jpg 300w, http:\/\/www.rukajarvensuunnanhistoriayhdistys.fi\/historiayhdistys\/wp-content\/uploads\/2016\/11\/038Talvisotapaiva-768x519.jpg 768w, http:\/\/www.rukajarvensuunnanhistoriayhdistys.fi\/historiayhdistys\/wp-content\/uploads\/2016\/11\/038Talvisotapaiva-1024x692.jpg 1024w\" sizes=\"auto, (max-width: 5245px) 100vw, 5245px\" \/><\/a><figcaption id=\"caption-attachment-10978\" class=\"wp-caption-text\">Jukolan motti -pirtin tilaisuuteen osallistui Juuasta saapunut Rukaj\u00e4rven veteraani Olavi Tiittanen. Tilaisuudessa kuultiin Esko Kuitusen ja Tauno Oksasen esitelm\u00e4t. Tilaisuuden juontajana toimi Reijo Kortelainen. Kuva Ari Komulainen.<\/figcaption><\/figure>\n<p><strong>Kuvia tilaisuudesta:<\/strong><\/p>\n<figure id=\"attachment_10981\" aria-describedby=\"caption-attachment-10981\" style=\"width: 4592px\" class=\"wp-caption aligncenter\"><a href=\"http:\/\/www.rukajarvensuunnanhistoriayhdistys.fi\/historiayhdistys\/wp-content\/uploads\/2016\/11\/DSC03945.jpg\"><img loading=\"lazy\" decoding=\"async\" class=\"size-full wp-image-10981\" src=\"http:\/\/www.rukajarvensuunnanhistoriayhdistys.fi\/historiayhdistys\/wp-content\/uploads\/2016\/11\/DSC03945.jpg\" alt=\"Kahvi maistui. Arvi Martikainen tuli Juuasta saakka, keskustelee t\u00e4ss\u00e4 Lieksan rajan p\u00e4\u00e4llikk\u00f6 Markku Hassisen kanssa.\" width=\"4592\" height=\"3056\" data-id=\"10981\" srcset=\"http:\/\/www.rukajarvensuunnanhistoriayhdistys.fi\/historiayhdistys\/wp-content\/uploads\/2016\/11\/DSC03945.jpg 4592w, http:\/\/www.rukajarvensuunnanhistoriayhdistys.fi\/historiayhdistys\/wp-content\/uploads\/2016\/11\/DSC03945-300x200.jpg 300w, http:\/\/www.rukajarvensuunnanhistoriayhdistys.fi\/historiayhdistys\/wp-content\/uploads\/2016\/11\/DSC03945-768x511.jpg 768w, http:\/\/www.rukajarvensuunnanhistoriayhdistys.fi\/historiayhdistys\/wp-content\/uploads\/2016\/11\/DSC03945-1024x681.jpg 1024w\" sizes=\"auto, (max-width: 4592px) 100vw, 4592px\" \/><\/a><figcaption id=\"caption-attachment-10981\" class=\"wp-caption-text\">Kahvi maistui. Arvi Martikainen tuli Juuasta saakka, keskustelee t\u00e4ss\u00e4 Lieksan rajan p\u00e4\u00e4llikk\u00f6 Markku Hassisen kanssa.<\/figcaption><\/figure>\n<figure id=\"attachment_10983\" aria-describedby=\"caption-attachment-10983\" style=\"width: 4592px\" class=\"wp-caption aligncenter\"><a href=\"http:\/\/www.rukajarvensuunnanhistoriayhdistys.fi\/historiayhdistys\/wp-content\/uploads\/2016\/11\/DSC03949.jpg\"><img loading=\"lazy\" decoding=\"async\" class=\"size-full wp-image-10983\" src=\"http:\/\/www.rukajarvensuunnanhistoriayhdistys.fi\/historiayhdistys\/wp-content\/uploads\/2016\/11\/DSC03949.jpg\" alt=\"Mauri M\u00f6nkk\u00f6nen on uutterimpia talkoomiehi\u00e4 Jukolan motti -pirtin ty\u00f6maalla., kuten my\u00f6s h\u00e4nen sisarensa Pirkko. Mauri M\u00f6nkk\u00f6nen on selvitt\u00e4nyt Jukolan motin sodanaikaista toimintaa.\" width=\"4592\" height=\"3056\" data-id=\"10983\" srcset=\"http:\/\/www.rukajarvensuunnanhistoriayhdistys.fi\/historiayhdistys\/wp-content\/uploads\/2016\/11\/DSC03949.jpg 4592w, http:\/\/www.rukajarvensuunnanhistoriayhdistys.fi\/historiayhdistys\/wp-content\/uploads\/2016\/11\/DSC03949-300x200.jpg 300w, http:\/\/www.rukajarvensuunnanhistoriayhdistys.fi\/historiayhdistys\/wp-content\/uploads\/2016\/11\/DSC03949-768x511.jpg 768w, http:\/\/www.rukajarvensuunnanhistoriayhdistys.fi\/historiayhdistys\/wp-content\/uploads\/2016\/11\/DSC03949-1024x681.jpg 1024w\" sizes=\"auto, (max-width: 4592px) 100vw, 4592px\" \/><\/a><figcaption id=\"caption-attachment-10983\" class=\"wp-caption-text\">Mauri M\u00f6nkk\u00f6nen on uutterimpia talkoomiehi\u00e4 Jukolan motti -pirtin ty\u00f6maalla., kuten my\u00f6s h\u00e4nen sisarensa Pirkko. Mauri M\u00f6nkk\u00f6nen on selvitt\u00e4nyt Jukolan motin sodanaikaista toimintaa.<\/figcaption><\/figure>\n<p><span style=\"line-height: 115%; font-family: 'Arial','sans-serif'; font-size: 12pt;\"><span style=\"color: #000000;\">Juuasta oli saapunut tilaisuuteen kokonainen linja-autollinen v\u00e4ke\u00e4. He tutustuivat samalla Rukaj\u00e4rven tien ja my\u00f6s Lieksan Talvisodan kohteisiin Hein\u00e4joen mottia my\u00f6ten Tauno Oksasen opastuksella. Lopulta he saapuivat my\u00f6s Lieksan Rukaj\u00e4rvi-keskukseen, jossa heit\u00e4 oli vastaanottamassa Lieksan kaupunginhallituksen j\u00e4sen Sulo Eskelinen. P\u00e4iv\u00e4n aikana satoi reilusti lunta, josta syyst\u00e4 keskuksen raput puhdistettiin. Sulo Eskelinen ty\u00f6n touhussa.<\/span><\/span><\/p>\n<figure id=\"attachment_10980\" aria-describedby=\"caption-attachment-10980\" style=\"width: 3072px\" class=\"wp-caption aligncenter\"><a href=\"http:\/\/www.rukajarvensuunnanhistoriayhdistys.fi\/historiayhdistys\/wp-content\/uploads\/2016\/11\/WP_20161130_13_19_32_Pro-Sulo-Eskelinen.jpg\"><img loading=\"lazy\" decoding=\"async\" class=\"size-full wp-image-10980\" src=\"http:\/\/www.rukajarvensuunnanhistoriayhdistys.fi\/historiayhdistys\/wp-content\/uploads\/2016\/11\/WP_20161130_13_19_32_Pro-Sulo-Eskelinen.jpg\" alt=\"Juuasta oli saapunut tilaisuuteen kokonainen linja-autollinen v\u00e4ke\u00e4. He tutustuivat Rukaj\u00e4rven tien ja my\u00f6s Lieksan Talvisodan kohteisiin Hein\u00e4joen mottia my\u00f6ten. Lopulta he saapuivat my\u00f6s Lieksan Rukaj\u00e4rvi\u00f6-keskukseen, jossa heit\u00e4 oli vastaanottamassa Lieksan kaupunginhallituksen j\u00e4sen Sulo Eskelinen. P\u00e4iv\u00e4n aikana satoi reilusti lunta, josta syyst\u00e4 keskuksen raput tuli puhdistaa. Sulo Eskelinen ty\u00f6n touhussa.\" width=\"3072\" height=\"1728\" data-id=\"10980\" srcset=\"http:\/\/www.rukajarvensuunnanhistoriayhdistys.fi\/historiayhdistys\/wp-content\/uploads\/2016\/11\/WP_20161130_13_19_32_Pro-Sulo-Eskelinen.jpg 3072w, http:\/\/www.rukajarvensuunnanhistoriayhdistys.fi\/historiayhdistys\/wp-content\/uploads\/2016\/11\/WP_20161130_13_19_32_Pro-Sulo-Eskelinen-300x169.jpg 300w, http:\/\/www.rukajarvensuunnanhistoriayhdistys.fi\/historiayhdistys\/wp-content\/uploads\/2016\/11\/WP_20161130_13_19_32_Pro-Sulo-Eskelinen-768x432.jpg 768w, http:\/\/www.rukajarvensuunnanhistoriayhdistys.fi\/historiayhdistys\/wp-content\/uploads\/2016\/11\/WP_20161130_13_19_32_Pro-Sulo-Eskelinen-1024x576.jpg 1024w\" sizes=\"auto, (max-width: 3072px) 100vw, 3072px\" \/><\/a><figcaption id=\"caption-attachment-10980\" class=\"wp-caption-text\">Sulo Eskelinen<\/figcaption><\/figure>\n","protected":false},"excerpt":{"rendered":"<p>Talvisodan syttymist\u00e4 muisteltiin Lieksan Kivivaarassa. Aluksi kokoonnuttiin uuden muistomerkin paljastustilaisuuteen. Timo Salmen alullepanema muistomerkki paljastettiin Hattuselkosen tienhaarassa. Tilaisuuden oli j\u00e4rjest\u00e4nyt Lieksan sotahistorian yhteisty\u00f6toimikunta, johon kuuluvat Lieksan kaupunki, Lieksan rajavartioasema, Lieksan <a class=\"more-link\" href=\"http:\/\/www.rukajarvensuunnanhistoriayhdistys.fi\/historiayhdistys\/talvisodan-syttymisesta-77-vuotta-muistotilaisuus-30-11-2016-lieksan-kivivaarassa\/\">Teksti jatkuu&#8230;<span class=\"screen-reader-text\">Talvisodan syttymisest\u00e4 77 vuotta &#8211; Muistotilaisuus 30.11.2016 Lieksan Kivivaarassa<\/span><span class=\"meta-nav\">\u2192<\/span><\/a><\/p>\n","protected":false},"author":3,"featured_media":0,"comment_status":"closed","ping_status":"open","sticky":false,"template":"","format":"standard","meta":{"footnotes":""},"categories":[22],"tags":[],"class_list":["post-10986","post","type-post","status-publish","format-standard","hentry","category-ajankohtaista"],"yoast_head":"<!-- This site is optimized with the Yoast SEO plugin v27.4 - https:\/\/yoast.com\/product\/yoast-seo-wordpress\/ -->\n<title>Talvisodan syttymisest\u00e4 77 vuotta - Muistotilaisuus 30.11.2016 Lieksan Kivivaarassa - Rukaj\u00e4rven suunnan historiayhdistys<\/title>\n<meta name=\"robots\" content=\"index, follow, max-snippet:-1, max-image-preview:large, max-video-preview:-1\" \/>\n<link rel=\"canonical\" href=\"http:\/\/www.rukajarvensuunnanhistoriayhdistys.fi\/historiayhdistys\/talvisodan-syttymisesta-77-vuotta-muistotilaisuus-30-11-2016-lieksan-kivivaarassa\/\" \/>\n<meta property=\"og:locale\" content=\"fi_FI\" \/>\n<meta property=\"og:type\" content=\"article\" \/>\n<meta property=\"og:title\" content=\"Talvisodan syttymisest\u00e4 77 vuotta - Muistotilaisuus 30.11.2016 Lieksan Kivivaarassa - Rukaj\u00e4rven suunnan historiayhdistys\" \/>\n<meta property=\"og:description\" content=\"Talvisodan syttymist\u00e4 muisteltiin Lieksan Kivivaarassa. Aluksi kokoonnuttiin uuden muistomerkin paljastustilaisuuteen. Timo Salmen alullepanema muistomerkki paljastettiin Hattuselkosen tienhaarassa. Tilaisuuden oli j\u00e4rjest\u00e4nyt Lieksan sotahistorian yhteisty\u00f6toimikunta, johon kuuluvat Lieksan kaupunki, Lieksan rajavartioasema, Lieksan Teksti jatkuu...Talvisodan syttymisest\u00e4 77 vuotta &#8211; Muistotilaisuus 30.11.2016 Lieksan Kivivaarassa\u2192\" \/>\n<meta property=\"og:url\" content=\"http:\/\/www.rukajarvensuunnanhistoriayhdistys.fi\/historiayhdistys\/talvisodan-syttymisesta-77-vuotta-muistotilaisuus-30-11-2016-lieksan-kivivaarassa\/\" \/>\n<meta property=\"og:site_name\" content=\"Rukaj\u00e4rven suunnan historiayhdistys\" \/>\n<meta property=\"article:published_time\" content=\"2016-12-01T18:52:00+00:00\" \/>\n<meta property=\"article:modified_time\" content=\"2016-12-02T04:31:12+00:00\" \/>\n<meta property=\"og:image\" content=\"http:\/\/www.rukajarvensuunnanhistoriayhdistys.fi\/historiayhdistys\/wp-content\/uploads\/2016\/11\/007Talvisotapaiva.jpg\" \/>\n<meta name=\"author\" content=\"RSHY\" \/>\n<meta name=\"twitter:label1\" content=\"Kirjoittanut\" \/>\n\t<meta name=\"twitter:data1\" content=\"RSHY\" \/>\n\t<meta name=\"twitter:label2\" content=\"Arvioitu lukuaika\" \/>\n\t<meta name=\"twitter:data2\" content=\"5 minuuttia\" \/>\n<script type=\"application\/ld+json\" class=\"yoast-schema-graph\">{\"@context\":\"https:\\\/\\\/schema.org\",\"@graph\":[{\"@type\":\"Article\",\"@id\":\"http:\\\/\\\/www.rukajarvensuunnanhistoriayhdistys.fi\\\/historiayhdistys\\\/talvisodan-syttymisesta-77-vuotta-muistotilaisuus-30-11-2016-lieksan-kivivaarassa\\\/#article\",\"isPartOf\":{\"@id\":\"http:\\\/\\\/www.rukajarvensuunnanhistoriayhdistys.fi\\\/historiayhdistys\\\/talvisodan-syttymisesta-77-vuotta-muistotilaisuus-30-11-2016-lieksan-kivivaarassa\\\/\"},\"author\":{\"name\":\"RSHY\",\"@id\":\"http:\\\/\\\/www.rukajarvensuunnanhistoriayhdistys.fi\\\/historiayhdistys\\\/#\\\/schema\\\/person\\\/19de7db68bf72dfd2b5d7f6dfbf8454d\"},\"headline\":\"Talvisodan syttymisest\u00e4 77 vuotta &#8211; Muistotilaisuus 30.11.2016 Lieksan Kivivaarassa\",\"datePublished\":\"2016-12-01T18:52:00+00:00\",\"dateModified\":\"2016-12-02T04:31:12+00:00\",\"mainEntityOfPage\":{\"@id\":\"http:\\\/\\\/www.rukajarvensuunnanhistoriayhdistys.fi\\\/historiayhdistys\\\/talvisodan-syttymisesta-77-vuotta-muistotilaisuus-30-11-2016-lieksan-kivivaarassa\\\/\"},\"wordCount\":1036,\"publisher\":{\"@id\":\"http:\\\/\\\/www.rukajarvensuunnanhistoriayhdistys.fi\\\/historiayhdistys\\\/#organization\"},\"image\":{\"@id\":\"http:\\\/\\\/www.rukajarvensuunnanhistoriayhdistys.fi\\\/historiayhdistys\\\/talvisodan-syttymisesta-77-vuotta-muistotilaisuus-30-11-2016-lieksan-kivivaarassa\\\/#primaryimage\"},\"thumbnailUrl\":\"http:\\\/\\\/www.rukajarvensuunnanhistoriayhdistys.fi\\\/historiayhdistys\\\/wp-content\\\/uploads\\\/2016\\\/11\\\/007Talvisotapaiva.jpg\",\"articleSection\":[\"Ajankohtaista\"],\"inLanguage\":\"fi\"},{\"@type\":\"WebPage\",\"@id\":\"http:\\\/\\\/www.rukajarvensuunnanhistoriayhdistys.fi\\\/historiayhdistys\\\/talvisodan-syttymisesta-77-vuotta-muistotilaisuus-30-11-2016-lieksan-kivivaarassa\\\/\",\"url\":\"http:\\\/\\\/www.rukajarvensuunnanhistoriayhdistys.fi\\\/historiayhdistys\\\/talvisodan-syttymisesta-77-vuotta-muistotilaisuus-30-11-2016-lieksan-kivivaarassa\\\/\",\"name\":\"Talvisodan syttymisest\u00e4 77 vuotta - Muistotilaisuus 30.11.2016 Lieksan Kivivaarassa - Rukaj\u00e4rven suunnan historiayhdistys\",\"isPartOf\":{\"@id\":\"http:\\\/\\\/www.rukajarvensuunnanhistoriayhdistys.fi\\\/historiayhdistys\\\/#website\"},\"primaryImageOfPage\":{\"@id\":\"http:\\\/\\\/www.rukajarvensuunnanhistoriayhdistys.fi\\\/historiayhdistys\\\/talvisodan-syttymisesta-77-vuotta-muistotilaisuus-30-11-2016-lieksan-kivivaarassa\\\/#primaryimage\"},\"image\":{\"@id\":\"http:\\\/\\\/www.rukajarvensuunnanhistoriayhdistys.fi\\\/historiayhdistys\\\/talvisodan-syttymisesta-77-vuotta-muistotilaisuus-30-11-2016-lieksan-kivivaarassa\\\/#primaryimage\"},\"thumbnailUrl\":\"http:\\\/\\\/www.rukajarvensuunnanhistoriayhdistys.fi\\\/historiayhdistys\\\/wp-content\\\/uploads\\\/2016\\\/11\\\/007Talvisotapaiva.jpg\",\"datePublished\":\"2016-12-01T18:52:00+00:00\",\"dateModified\":\"2016-12-02T04:31:12+00:00\",\"breadcrumb\":{\"@id\":\"http:\\\/\\\/www.rukajarvensuunnanhistoriayhdistys.fi\\\/historiayhdistys\\\/talvisodan-syttymisesta-77-vuotta-muistotilaisuus-30-11-2016-lieksan-kivivaarassa\\\/#breadcrumb\"},\"inLanguage\":\"fi\",\"potentialAction\":[{\"@type\":\"ReadAction\",\"target\":[\"http:\\\/\\\/www.rukajarvensuunnanhistoriayhdistys.fi\\\/historiayhdistys\\\/talvisodan-syttymisesta-77-vuotta-muistotilaisuus-30-11-2016-lieksan-kivivaarassa\\\/\"]}]},{\"@type\":\"ImageObject\",\"inLanguage\":\"fi\",\"@id\":\"http:\\\/\\\/www.rukajarvensuunnanhistoriayhdistys.fi\\\/historiayhdistys\\\/talvisodan-syttymisesta-77-vuotta-muistotilaisuus-30-11-2016-lieksan-kivivaarassa\\\/#primaryimage\",\"url\":\"http:\\\/\\\/www.rukajarvensuunnanhistoriayhdistys.fi\\\/historiayhdistys\\\/wp-content\\\/uploads\\\/2016\\\/11\\\/007Talvisotapaiva.jpg\",\"contentUrl\":\"http:\\\/\\\/www.rukajarvensuunnanhistoriayhdistys.fi\\\/historiayhdistys\\\/wp-content\\\/uploads\\\/2016\\\/11\\\/007Talvisotapaiva.jpg\",\"width\":5760,\"height\":3840,\"caption\":\"Uuden muistomerkin paljastus k\u00e4ynniss\u00e4. Nuorempi rajamies Onni Voutilainen. Timo Salmi ja vanhempi rajamies Niko Keronen, jonka ukki veteraani Viljo Keronen laski Lieksan rajavartioaseman seppeleen. Kuva Ari Komulainen.\"},{\"@type\":\"BreadcrumbList\",\"@id\":\"http:\\\/\\\/www.rukajarvensuunnanhistoriayhdistys.fi\\\/historiayhdistys\\\/talvisodan-syttymisesta-77-vuotta-muistotilaisuus-30-11-2016-lieksan-kivivaarassa\\\/#breadcrumb\",\"itemListElement\":[{\"@type\":\"ListItem\",\"position\":1,\"name\":\"Etusivu\",\"item\":\"http:\\\/\\\/www.rukajarvensuunnanhistoriayhdistys.fi\\\/historiayhdistys\\\/\"},{\"@type\":\"ListItem\",\"position\":2,\"name\":\"Talvisodan syttymisest\u00e4 77 vuotta &#8211; Muistotilaisuus 30.11.2016 Lieksan Kivivaarassa\"}]},{\"@type\":\"WebSite\",\"@id\":\"http:\\\/\\\/www.rukajarvensuunnanhistoriayhdistys.fi\\\/historiayhdistys\\\/#website\",\"url\":\"http:\\\/\\\/www.rukajarvensuunnanhistoriayhdistys.fi\\\/historiayhdistys\\\/\",\"name\":\"Rukaj\u00e4rven suunnan historiayhdistys\",\"description\":\"Rukaj\u00e4rven suunnan historiayhdistyksen verkkosivut.\",\"publisher\":{\"@id\":\"http:\\\/\\\/www.rukajarvensuunnanhistoriayhdistys.fi\\\/historiayhdistys\\\/#organization\"},\"potentialAction\":[{\"@type\":\"SearchAction\",\"target\":{\"@type\":\"EntryPoint\",\"urlTemplate\":\"http:\\\/\\\/www.rukajarvensuunnanhistoriayhdistys.fi\\\/historiayhdistys\\\/?s={search_term_string}\"},\"query-input\":{\"@type\":\"PropertyValueSpecification\",\"valueRequired\":true,\"valueName\":\"search_term_string\"}}],\"inLanguage\":\"fi\"},{\"@type\":\"Organization\",\"@id\":\"http:\\\/\\\/www.rukajarvensuunnanhistoriayhdistys.fi\\\/historiayhdistys\\\/#organization\",\"name\":\"Rukaj\u00e4rven suunnan historiayhdistys\",\"url\":\"http:\\\/\\\/www.rukajarvensuunnanhistoriayhdistys.fi\\\/historiayhdistys\\\/\",\"logo\":{\"@type\":\"ImageObject\",\"inLanguage\":\"fi\",\"@id\":\"http:\\\/\\\/www.rukajarvensuunnanhistoriayhdistys.fi\\\/historiayhdistys\\\/#\\\/schema\\\/logo\\\/image\\\/\",\"url\":\"http:\\\/\\\/www.rukajarvensuunnanhistoriayhdistys.fi\\\/historiayhdistys\\\/wp-content\\\/uploads\\\/2013\\\/12\\\/Otsake_3.jpg\",\"contentUrl\":\"http:\\\/\\\/www.rukajarvensuunnanhistoriayhdistys.fi\\\/historiayhdistys\\\/wp-content\\\/uploads\\\/2013\\\/12\\\/Otsake_3.jpg\",\"width\":1000,\"height\":442,\"caption\":\"Rukaj\u00e4rven suunnan historiayhdistys\"},\"image\":{\"@id\":\"http:\\\/\\\/www.rukajarvensuunnanhistoriayhdistys.fi\\\/historiayhdistys\\\/#\\\/schema\\\/logo\\\/image\\\/\"}},{\"@type\":\"Person\",\"@id\":\"http:\\\/\\\/www.rukajarvensuunnanhistoriayhdistys.fi\\\/historiayhdistys\\\/#\\\/schema\\\/person\\\/19de7db68bf72dfd2b5d7f6dfbf8454d\",\"name\":\"RSHY\",\"image\":{\"@type\":\"ImageObject\",\"inLanguage\":\"fi\",\"@id\":\"https:\\\/\\\/secure.gravatar.com\\\/avatar\\\/598d59263a69cc8de65fcb4f9db78d6f58c098cb0e0ba22d73377441af9fa04c?s=96&d=blank&r=g\",\"url\":\"https:\\\/\\\/secure.gravatar.com\\\/avatar\\\/598d59263a69cc8de65fcb4f9db78d6f58c098cb0e0ba22d73377441af9fa04c?s=96&d=blank&r=g\",\"contentUrl\":\"https:\\\/\\\/secure.gravatar.com\\\/avatar\\\/598d59263a69cc8de65fcb4f9db78d6f58c098cb0e0ba22d73377441af9fa04c?s=96&d=blank&r=g\",\"caption\":\"RSHY\"},\"url\":\"http:\\\/\\\/www.rukajarvensuunnanhistoriayhdistys.fi\\\/historiayhdistys\\\/author\\\/rshy\\\/\"}]}<\/script>\n<!-- \/ Yoast SEO plugin. -->","yoast_head_json":{"title":"Talvisodan syttymisest\u00e4 77 vuotta - Muistotilaisuus 30.11.2016 Lieksan Kivivaarassa - Rukaj\u00e4rven suunnan historiayhdistys","robots":{"index":"index","follow":"follow","max-snippet":"max-snippet:-1","max-image-preview":"max-image-preview:large","max-video-preview":"max-video-preview:-1"},"canonical":"http:\/\/www.rukajarvensuunnanhistoriayhdistys.fi\/historiayhdistys\/talvisodan-syttymisesta-77-vuotta-muistotilaisuus-30-11-2016-lieksan-kivivaarassa\/","og_locale":"fi_FI","og_type":"article","og_title":"Talvisodan syttymisest\u00e4 77 vuotta - Muistotilaisuus 30.11.2016 Lieksan Kivivaarassa - Rukaj\u00e4rven suunnan historiayhdistys","og_description":"Talvisodan syttymist\u00e4 muisteltiin Lieksan Kivivaarassa. Aluksi kokoonnuttiin uuden muistomerkin paljastustilaisuuteen. Timo Salmen alullepanema muistomerkki paljastettiin Hattuselkosen tienhaarassa. Tilaisuuden oli j\u00e4rjest\u00e4nyt Lieksan sotahistorian yhteisty\u00f6toimikunta, johon kuuluvat Lieksan kaupunki, Lieksan rajavartioasema, Lieksan Teksti jatkuu...Talvisodan syttymisest\u00e4 77 vuotta &#8211; Muistotilaisuus 30.11.2016 Lieksan Kivivaarassa\u2192","og_url":"http:\/\/www.rukajarvensuunnanhistoriayhdistys.fi\/historiayhdistys\/talvisodan-syttymisesta-77-vuotta-muistotilaisuus-30-11-2016-lieksan-kivivaarassa\/","og_site_name":"Rukaj\u00e4rven suunnan historiayhdistys","article_published_time":"2016-12-01T18:52:00+00:00","article_modified_time":"2016-12-02T04:31:12+00:00","og_image":[{"url":"http:\/\/www.rukajarvensuunnanhistoriayhdistys.fi\/historiayhdistys\/wp-content\/uploads\/2016\/11\/007Talvisotapaiva.jpg","type":"","width":"","height":""}],"author":"RSHY","twitter_misc":{"Kirjoittanut":"RSHY","Arvioitu lukuaika":"5 minuuttia"},"schema":{"@context":"https:\/\/schema.org","@graph":[{"@type":"Article","@id":"http:\/\/www.rukajarvensuunnanhistoriayhdistys.fi\/historiayhdistys\/talvisodan-syttymisesta-77-vuotta-muistotilaisuus-30-11-2016-lieksan-kivivaarassa\/#article","isPartOf":{"@id":"http:\/\/www.rukajarvensuunnanhistoriayhdistys.fi\/historiayhdistys\/talvisodan-syttymisesta-77-vuotta-muistotilaisuus-30-11-2016-lieksan-kivivaarassa\/"},"author":{"name":"RSHY","@id":"http:\/\/www.rukajarvensuunnanhistoriayhdistys.fi\/historiayhdistys\/#\/schema\/person\/19de7db68bf72dfd2b5d7f6dfbf8454d"},"headline":"Talvisodan syttymisest\u00e4 77 vuotta &#8211; Muistotilaisuus 30.11.2016 Lieksan Kivivaarassa","datePublished":"2016-12-01T18:52:00+00:00","dateModified":"2016-12-02T04:31:12+00:00","mainEntityOfPage":{"@id":"http:\/\/www.rukajarvensuunnanhistoriayhdistys.fi\/historiayhdistys\/talvisodan-syttymisesta-77-vuotta-muistotilaisuus-30-11-2016-lieksan-kivivaarassa\/"},"wordCount":1036,"publisher":{"@id":"http:\/\/www.rukajarvensuunnanhistoriayhdistys.fi\/historiayhdistys\/#organization"},"image":{"@id":"http:\/\/www.rukajarvensuunnanhistoriayhdistys.fi\/historiayhdistys\/talvisodan-syttymisesta-77-vuotta-muistotilaisuus-30-11-2016-lieksan-kivivaarassa\/#primaryimage"},"thumbnailUrl":"http:\/\/www.rukajarvensuunnanhistoriayhdistys.fi\/historiayhdistys\/wp-content\/uploads\/2016\/11\/007Talvisotapaiva.jpg","articleSection":["Ajankohtaista"],"inLanguage":"fi"},{"@type":"WebPage","@id":"http:\/\/www.rukajarvensuunnanhistoriayhdistys.fi\/historiayhdistys\/talvisodan-syttymisesta-77-vuotta-muistotilaisuus-30-11-2016-lieksan-kivivaarassa\/","url":"http:\/\/www.rukajarvensuunnanhistoriayhdistys.fi\/historiayhdistys\/talvisodan-syttymisesta-77-vuotta-muistotilaisuus-30-11-2016-lieksan-kivivaarassa\/","name":"Talvisodan syttymisest\u00e4 77 vuotta - Muistotilaisuus 30.11.2016 Lieksan Kivivaarassa - Rukaj\u00e4rven suunnan historiayhdistys","isPartOf":{"@id":"http:\/\/www.rukajarvensuunnanhistoriayhdistys.fi\/historiayhdistys\/#website"},"primaryImageOfPage":{"@id":"http:\/\/www.rukajarvensuunnanhistoriayhdistys.fi\/historiayhdistys\/talvisodan-syttymisesta-77-vuotta-muistotilaisuus-30-11-2016-lieksan-kivivaarassa\/#primaryimage"},"image":{"@id":"http:\/\/www.rukajarvensuunnanhistoriayhdistys.fi\/historiayhdistys\/talvisodan-syttymisesta-77-vuotta-muistotilaisuus-30-11-2016-lieksan-kivivaarassa\/#primaryimage"},"thumbnailUrl":"http:\/\/www.rukajarvensuunnanhistoriayhdistys.fi\/historiayhdistys\/wp-content\/uploads\/2016\/11\/007Talvisotapaiva.jpg","datePublished":"2016-12-01T18:52:00+00:00","dateModified":"2016-12-02T04:31:12+00:00","breadcrumb":{"@id":"http:\/\/www.rukajarvensuunnanhistoriayhdistys.fi\/historiayhdistys\/talvisodan-syttymisesta-77-vuotta-muistotilaisuus-30-11-2016-lieksan-kivivaarassa\/#breadcrumb"},"inLanguage":"fi","potentialAction":[{"@type":"ReadAction","target":["http:\/\/www.rukajarvensuunnanhistoriayhdistys.fi\/historiayhdistys\/talvisodan-syttymisesta-77-vuotta-muistotilaisuus-30-11-2016-lieksan-kivivaarassa\/"]}]},{"@type":"ImageObject","inLanguage":"fi","@id":"http:\/\/www.rukajarvensuunnanhistoriayhdistys.fi\/historiayhdistys\/talvisodan-syttymisesta-77-vuotta-muistotilaisuus-30-11-2016-lieksan-kivivaarassa\/#primaryimage","url":"http:\/\/www.rukajarvensuunnanhistoriayhdistys.fi\/historiayhdistys\/wp-content\/uploads\/2016\/11\/007Talvisotapaiva.jpg","contentUrl":"http:\/\/www.rukajarvensuunnanhistoriayhdistys.fi\/historiayhdistys\/wp-content\/uploads\/2016\/11\/007Talvisotapaiva.jpg","width":5760,"height":3840,"caption":"Uuden muistomerkin paljastus k\u00e4ynniss\u00e4. Nuorempi rajamies Onni Voutilainen. Timo Salmi ja vanhempi rajamies Niko Keronen, jonka ukki veteraani Viljo Keronen laski Lieksan rajavartioaseman seppeleen. Kuva Ari Komulainen."},{"@type":"BreadcrumbList","@id":"http:\/\/www.rukajarvensuunnanhistoriayhdistys.fi\/historiayhdistys\/talvisodan-syttymisesta-77-vuotta-muistotilaisuus-30-11-2016-lieksan-kivivaarassa\/#breadcrumb","itemListElement":[{"@type":"ListItem","position":1,"name":"Etusivu","item":"http:\/\/www.rukajarvensuunnanhistoriayhdistys.fi\/historiayhdistys\/"},{"@type":"ListItem","position":2,"name":"Talvisodan syttymisest\u00e4 77 vuotta &#8211; Muistotilaisuus 30.11.2016 Lieksan Kivivaarassa"}]},{"@type":"WebSite","@id":"http:\/\/www.rukajarvensuunnanhistoriayhdistys.fi\/historiayhdistys\/#website","url":"http:\/\/www.rukajarvensuunnanhistoriayhdistys.fi\/historiayhdistys\/","name":"Rukaj\u00e4rven suunnan historiayhdistys","description":"Rukaj\u00e4rven suunnan historiayhdistyksen verkkosivut.","publisher":{"@id":"http:\/\/www.rukajarvensuunnanhistoriayhdistys.fi\/historiayhdistys\/#organization"},"potentialAction":[{"@type":"SearchAction","target":{"@type":"EntryPoint","urlTemplate":"http:\/\/www.rukajarvensuunnanhistoriayhdistys.fi\/historiayhdistys\/?s={search_term_string}"},"query-input":{"@type":"PropertyValueSpecification","valueRequired":true,"valueName":"search_term_string"}}],"inLanguage":"fi"},{"@type":"Organization","@id":"http:\/\/www.rukajarvensuunnanhistoriayhdistys.fi\/historiayhdistys\/#organization","name":"Rukaj\u00e4rven suunnan historiayhdistys","url":"http:\/\/www.rukajarvensuunnanhistoriayhdistys.fi\/historiayhdistys\/","logo":{"@type":"ImageObject","inLanguage":"fi","@id":"http:\/\/www.rukajarvensuunnanhistoriayhdistys.fi\/historiayhdistys\/#\/schema\/logo\/image\/","url":"http:\/\/www.rukajarvensuunnanhistoriayhdistys.fi\/historiayhdistys\/wp-content\/uploads\/2013\/12\/Otsake_3.jpg","contentUrl":"http:\/\/www.rukajarvensuunnanhistoriayhdistys.fi\/historiayhdistys\/wp-content\/uploads\/2013\/12\/Otsake_3.jpg","width":1000,"height":442,"caption":"Rukaj\u00e4rven suunnan historiayhdistys"},"image":{"@id":"http:\/\/www.rukajarvensuunnanhistoriayhdistys.fi\/historiayhdistys\/#\/schema\/logo\/image\/"}},{"@type":"Person","@id":"http:\/\/www.rukajarvensuunnanhistoriayhdistys.fi\/historiayhdistys\/#\/schema\/person\/19de7db68bf72dfd2b5d7f6dfbf8454d","name":"RSHY","image":{"@type":"ImageObject","inLanguage":"fi","@id":"https:\/\/secure.gravatar.com\/avatar\/598d59263a69cc8de65fcb4f9db78d6f58c098cb0e0ba22d73377441af9fa04c?s=96&d=blank&r=g","url":"https:\/\/secure.gravatar.com\/avatar\/598d59263a69cc8de65fcb4f9db78d6f58c098cb0e0ba22d73377441af9fa04c?s=96&d=blank&r=g","contentUrl":"https:\/\/secure.gravatar.com\/avatar\/598d59263a69cc8de65fcb4f9db78d6f58c098cb0e0ba22d73377441af9fa04c?s=96&d=blank&r=g","caption":"RSHY"},"url":"http:\/\/www.rukajarvensuunnanhistoriayhdistys.fi\/historiayhdistys\/author\/rshy\/"}]}},"_links":{"self":[{"href":"http:\/\/www.rukajarvensuunnanhistoriayhdistys.fi\/historiayhdistys\/wp-json\/wp\/v2\/posts\/10986","targetHints":{"allow":["GET"]}}],"collection":[{"href":"http:\/\/www.rukajarvensuunnanhistoriayhdistys.fi\/historiayhdistys\/wp-json\/wp\/v2\/posts"}],"about":[{"href":"http:\/\/www.rukajarvensuunnanhistoriayhdistys.fi\/historiayhdistys\/wp-json\/wp\/v2\/types\/post"}],"author":[{"embeddable":true,"href":"http:\/\/www.rukajarvensuunnanhistoriayhdistys.fi\/historiayhdistys\/wp-json\/wp\/v2\/users\/3"}],"replies":[{"embeddable":true,"href":"http:\/\/www.rukajarvensuunnanhistoriayhdistys.fi\/historiayhdistys\/wp-json\/wp\/v2\/comments?post=10986"}],"version-history":[{"count":3,"href":"http:\/\/www.rukajarvensuunnanhistoriayhdistys.fi\/historiayhdistys\/wp-json\/wp\/v2\/posts\/10986\/revisions"}],"predecessor-version":[{"id":10992,"href":"http:\/\/www.rukajarvensuunnanhistoriayhdistys.fi\/historiayhdistys\/wp-json\/wp\/v2\/posts\/10986\/revisions\/10992"}],"wp:attachment":[{"href":"http:\/\/www.rukajarvensuunnanhistoriayhdistys.fi\/historiayhdistys\/wp-json\/wp\/v2\/media?parent=10986"}],"wp:term":[{"taxonomy":"category","embeddable":true,"href":"http:\/\/www.rukajarvensuunnanhistoriayhdistys.fi\/historiayhdistys\/wp-json\/wp\/v2\/categories?post=10986"},{"taxonomy":"post_tag","embeddable":true,"href":"http:\/\/www.rukajarvensuunnanhistoriayhdistys.fi\/historiayhdistys\/wp-json\/wp\/v2\/tags?post=10986"}],"curies":[{"name":"wp","href":"https:\/\/api.w.org\/{rel}","templated":true}]}}