{"id":11658,"date":"2017-08-16T22:14:25","date_gmt":"2017-08-16T19:14:25","guid":{"rendered":"http:\/\/www.rukajarvensuunnanhistoriayhdistys.fi\/historiayhdistys\/?p=11658"},"modified":"2017-08-18T11:46:05","modified_gmt":"2017-08-18T08:46:05","slug":"joen-kenttavartion-aineiston-keraystyo-jatkuu-taistelusta-74-vuotta","status":"publish","type":"post","link":"http:\/\/www.rukajarvensuunnanhistoriayhdistys.fi\/historiayhdistys\/joen-kenttavartion-aineiston-keraystyo-jatkuu-taistelusta-74-vuotta\/","title":{"rendered":"Joen kentt\u00e4vartion aineiston ker\u00e4ysty\u00f6 jatkuu &#8211; taistelusta 74 vuotta"},"content":{"rendered":"<div class=\"fcbkbttn_buttons_block\" id=\"fcbkbttn_left\"><div class=\"fcbkbttn_like \"><fb:like href=\"http:\/\/www.rukajarvensuunnanhistoriayhdistys.fi\/historiayhdistys\/joen-kenttavartion-aineiston-keraystyo-jatkuu-taistelusta-74-vuotta\/\" action=\"like\" colorscheme=\"light\" layout=\"button_count\"  size=\"small\"><\/fb:like><\/div><\/div><p>Joen kentt\u00e4vartio sijaitsi koskemattoman er\u00e4maan keskell\u00e4, Rukaj\u00e4rven tiest\u00e4 Tsirkka-Kemijoen vartta pohjoiseen kymmenkunta kilometri\u00e4, joen it\u00e4-puolella. Tukikohdasta k\u00e4ytiin kiivaita taisteluja 74 vuotta sitten. Ensin sen pyrki valloittamaan vihollisen n. 270 miehen joukko-osto 12.8.1943 ja kuukauden kuluttua eli 13.9.1943 sit\u00e4 vastaan rynnisti 1.000 miehen osasto, josta 400 hy\u00f6kk\u00e4si Joen tukikohtaan muiden vihollisjoukkojen varmistaessa hy\u00f6kk\u00e4yst\u00e4. Tukikohtaa puolustamassa oli tuolloin elokuussa yksi vajaa 15-miehinen joukkue ja syyskuussa siell\u00e4 oli 27 miest\u00e4.<\/p>\n<p>Pielaveden miehet n\u00e4ytteliv\u00e4t t\u00e4ss\u00e4 surullisessa n\u00e4ytelm\u00e4ss\u00e4 suurta osaa, vaikka loppujen lopuksi t\u00e4ll\u00e4 kertaa heist\u00e4 yksik\u00e4\u00e4n ei kaatunut, tosin suuri m\u00e4\u00e4r\u00e4 haavoittui. Suomalaisia kaatui 12.8.1943 k\u00e4ydyss\u00e4 Joen taistelussa kuusi miest\u00e4 ja 13.9.1943 k\u00e4ydyss\u00e4 taistelussa yhdeks\u00e4n miest\u00e4. Seuraavassa kaatuneitten luettelo:<\/p>\n<p><a href=\"http:\/\/kronos.narc.fi\/menehtyneet\/index.ph\">http:\/\/kronos.narc.fi\/menehtyneet\/index.ph<\/a><\/p>\n<p><strong>Kaatuneet 12.8.1943<\/strong>: Ltn. Hankom\u00e4ki Kauko, 6\/JR 10, Turku;\u00a0 korpr. Kemppainen Huugo, 6.\/JR 10, Sonkaj\u00e4rvi; kers. Leinonen Heikki, 6.\/JR 10, Paltamo;\u00a0stm. Lepp\u00e4nen Leo, 6.\/JR 10, Pietarsaari; alik. Ollikainen Artturi, 6.\/JR 10, Lapinlahti; alik. Rossinen Uuno, 6.\/JR 10, Rautavaara.<\/p>\n<p><strong>Kaatunet 13.9.1943: <\/strong>korpr. Haarala Juho, II.\/JR 10, Haapaj\u00e4rvi; korpr. Konsti Hugo, II.\/JR 10, Viipuri; stm. Makkonen Toivo, 6.\/JR 10, Sonkaj\u00e4rvi; stm. Myllynen Tauno, 6.\/JR 10, Sonkaj\u00e4rvi, stm. Nylund Nils, 6.\/JR 10, Helsinki; stm. Ruotsalainen Kaarlo, II.\/JR 10, Varpaisj\u00e4rvi; stm. Tenhunen Vilho, 6.\/JR 10, Keitele; stm. Valkama Taito, 6.\/JR 10, Uurainen.<\/p>\n<p><strong>Kaatui 14.9.1943:<\/strong> stm. Ikonen Olavi, 11.\/JR 10, haavoittui 13.9.1943, Yli-Ii.<\/p>\n<p>J\u00e4lkeenp\u00e4in on saatu merkitt\u00e4v\u00e4\u00e4 tietoa taisteluitten todellisesta kulusta. Antti Rasilon luento Lieksan Rukaj\u00e4rvi-keskuksessa 30.7.2017 ja Martti Tuovisen omaisten Iisalmen Rukaj\u00e4rvi-keskukselle 31.3.2014 luovuttama aineisto kertoo arvokasta tietoa taistelun kulusta.<\/p>\n<p>Yhdistyksemme jatkaa Joen kentt\u00e4vartion taistelun kartoitusty\u00f6t\u00e4. T\u00e4ss\u00e4kin tapauksessa valokuvissa olevista henkil\u00f6ist\u00e4 ei l\u00f6ydy t\u00e4ydellist\u00e4 luetteloa. Onnistuisimmeko yhdess\u00e4 t\u00e4ydent\u00e4m\u00e4\u00e4n puuttuvat tiedot ja l\u00f6yt\u00e4isimme taisteluun osallistuneitten sotilaitten nimet.<\/p>\n<p>Seuraavassa luettelo komentaja Raappanan palkitsemista taisteluun osallistuneista henkil\u00f6ist\u00e4:<\/p>\n<p><strong>Palkitut 4260, VR 3:<\/strong> ltn. Martti Ilmari Tuovinen<\/p>\n<p><strong>Palkitut 4270, VR 4:<\/strong> v\u00e4nr. Kaino Olavi Pekkala, ylik. Martti Jauhiainen, kers. Matti Kaikkonen, alik. Toimi Johannes Polvinen ja korpr. Sulo Aulis M\u00f6ls\u00e4.<\/p>\n<p><strong>Palkitut 4260, VR 1<\/strong>: stm. Kusti Harju, stm Reino Ernest Harmaala, alik. Mauno Olavi Koponen, korp. Eino Heikki Lindblad, stm. Toivo Henrik M\u00e4h\u00f6nen ja stm. Yrj\u00f6 Vilhelm Tikkanen.<\/p>\n<p><strong>Palkitut 4270<\/strong>, VM 1: korp. Reino Olavi Kortelainen, ylik. Viljo Emil Miettinen, alik. V\u00e4in\u00f6 Emil Partanen, alik. Aaro Johannes Pellikka, ylik.Pekka Olavi Remes, alik. Kaino Paavali Tahvanainen, ylik. Kauko Tuomas R\u00e4s\u00e4nen, alik. Martti J\u00e4\u00e4skel\u00e4inen, alik. Leo Yrj\u00f6 Kaija, alik. Oma Toivo Lennart R\u00f6nkk\u00f6, korpr. Aate Haverinen, korpr Tahvo Einari Kukkonen, korpr. Viljo Niiranen, korpr. Veikko Olavi Silvennoinen, korpr. Yrj\u00f6 Tikkanen, stm. Veikko Ahonen, stm. Johannes K\u00e4hk\u00f6nen, stm. Martti Paldan, stm. Viljo Ruotsalainen, stm. Eino Suutari ja stm. Aaro Viljam Turunen.<\/p>\n<p>Kokoamamme Joen kentt\u00e4vartion taistelujen aineisto on kokonaisuudessa n\u00e4ht\u00e4viss\u00e4 Rukaj\u00e4rvi-keskuksessa. Se sis\u00e4lt\u00e4\u00e4 taistelukertomusten ja sotap\u00e4iv\u00e4kirjojen lis\u00e4ksi mm. veteraanihaastatteluja. Vuosina 1987 &#8211; 1993 tekem\u00e4t historiikkitoimikunnan veteraanihaastattelut: &#8211; Kingo Endel, &#8211; Taivalm\u00e4ki V\u00e4in\u00f6, &#8211; Tikkanen Yrj\u00f6, &#8211; Tuovinen Martti<\/p>\n<p><strong>KANSA-TAISTELI-LEHDEN artikkelit: <\/strong>15.12.1965, Reino V\u00e4litalo, Joen tukikohdan taistelu, s. 378 ja 15.1.1961, Yrj\u00f6 Tikkanen, Kun ylivoima oli 40-kertainen, s. 9.<\/p>\n<p>Veteraani Yrj\u00f6 Tikkasen haastattelusta Eeva-Liisa Tikkasen tekem\u00e4n \u00e4\u00e4nitteen. Lis\u00e4ksi olemme tehneet vuoden 2011 j\u00e4lkeen Endel Kingon (Helsinki), Paavo Lonkilan (Kiuruvesi), V\u00e4in\u00f6 Taivalm\u00e4en ja Tauno Rautiaisen (Paltamo) videohaastattelut. Rukaj\u00e4rvikeskuksessa voi katsoa 12.8.1943 kaatuneen Kauko Hankom\u00e4en veljen Veikko Hankom\u00e4en haastattelun, jonka Hannu Taanila oli tehnyt v. 1991.<\/p>\n<figure id=\"attachment_11659\" aria-describedby=\"caption-attachment-11659\" style=\"width: 606px\" class=\"wp-caption aligncenter\"><a href=\"http:\/\/www.rukajarvensuunnanhistoriayhdistys.fi\/historiayhdistys\/joen-kenttavartion-aineiston-keraystyo-jatkuu-taistelusta-74-vuotta\/jaljelle-jaaneet-numeroitu\/\" rel=\"attachment wp-att-11659\"><img loading=\"lazy\" decoding=\"async\" class=\"size-full wp-image-11659\" src=\"http:\/\/www.rukajarvensuunnanhistoriayhdistys.fi\/historiayhdistys\/wp-content\/uploads\/2017\/08\/J\u00e4ljelle-j\u00e4\u00e4neet-numeroitu.jpg\" alt=\"\" width=\"606\" height=\"561\" data-id=\"11659\" srcset=\"http:\/\/www.rukajarvensuunnanhistoriayhdistys.fi\/historiayhdistys\/wp-content\/uploads\/2017\/08\/J\u00e4ljelle-j\u00e4\u00e4neet-numeroitu.jpg 606w, http:\/\/www.rukajarvensuunnanhistoriayhdistys.fi\/historiayhdistys\/wp-content\/uploads\/2017\/08\/J\u00e4ljelle-j\u00e4\u00e4neet-numeroitu-300x278.jpg 300w\" sizes=\"auto, (max-width: 606px) 100vw, 606px\" \/><\/a><figcaption id=\"caption-attachment-11659\" class=\"wp-caption-text\">Joen miehist\u00f6st\u00e4 (28:sta) j\u00e4ljellej\u00e4\u00e4neet. Tsirkka-Kemijoki 10.10.1943. <strong>SA-kuva 141547<\/strong>. nro 1. Matti Kaikkonen, nro 7. Viljo Niiranen, nro 9. Tuure Lappalainen, nro 11. Yrj\u00f6 Tikkanen ja nro 13. V\u00e4in\u00f6 Taivalm\u00e4ki.<\/figcaption><\/figure>\n<p>Mik\u00e4li Teist\u00e4 joku tunnistaa oheisissa valokuvissa olevia henkil\u00f6it\u00e4, pyyd\u00e4mme toimittamaan tiedot yhdistyksen puheenjohtajalle. Tiedot merkit\u00e4\u00e4n yhdistyksen epookki.fi tietoj\u00e4rjestelm\u00e4\u00e4n.<\/p>\n<p>Antti Rasilo on toimittanut is\u00e4ns\u00e4 Osmo Rasilon sota-aikana tekemist\u00e4 muistiinpanoista tietoa ja valokuvia, joista pyyd\u00e4mme toimittamaan vastaavia tunnistetietoja kuin em. SA-kuvasta 141547:<\/p>\n<p><a href=\"http:\/\/www.rukajarvensuunnanhistoriayhdistys.fi\/historiayhdistys\/joen-kenttavartion-aineiston-keraystyo-jatkuu-taistelusta-74-vuotta\/dia1\/\" rel=\"attachment wp-att-11660\"><img loading=\"lazy\" decoding=\"async\" class=\"aligncenter size-full wp-image-11660\" src=\"http:\/\/www.rukajarvensuunnanhistoriayhdistys.fi\/historiayhdistys\/wp-content\/uploads\/2017\/08\/Dia1.jpg\" alt=\"\" width=\"960\" height=\"720\" data-id=\"11660\" srcset=\"http:\/\/www.rukajarvensuunnanhistoriayhdistys.fi\/historiayhdistys\/wp-content\/uploads\/2017\/08\/Dia1.jpg 960w, http:\/\/www.rukajarvensuunnanhistoriayhdistys.fi\/historiayhdistys\/wp-content\/uploads\/2017\/08\/Dia1-300x225.jpg 300w, http:\/\/www.rukajarvensuunnanhistoriayhdistys.fi\/historiayhdistys\/wp-content\/uploads\/2017\/08\/Dia1-768x576.jpg 768w\" sizes=\"auto, (max-width: 960px) 100vw, 960px\" \/><\/a><\/p>\n<p><a href=\"http:\/\/www.rukajarvensuunnanhistoriayhdistys.fi\/historiayhdistys\/joen-kenttavartion-aineiston-keraystyo-jatkuu-taistelusta-74-vuotta\/dia2\/\" rel=\"attachment wp-att-11661\"><img loading=\"lazy\" decoding=\"async\" class=\"aligncenter size-full wp-image-11661\" src=\"http:\/\/www.rukajarvensuunnanhistoriayhdistys.fi\/historiayhdistys\/wp-content\/uploads\/2017\/08\/Dia2.jpg\" alt=\"\" width=\"960\" height=\"720\" data-id=\"11661\" srcset=\"http:\/\/www.rukajarvensuunnanhistoriayhdistys.fi\/historiayhdistys\/wp-content\/uploads\/2017\/08\/Dia2.jpg 960w, http:\/\/www.rukajarvensuunnanhistoriayhdistys.fi\/historiayhdistys\/wp-content\/uploads\/2017\/08\/Dia2-300x225.jpg 300w, http:\/\/www.rukajarvensuunnanhistoriayhdistys.fi\/historiayhdistys\/wp-content\/uploads\/2017\/08\/Dia2-768x576.jpg 768w\" sizes=\"auto, (max-width: 960px) 100vw, 960px\" \/><\/a><\/p>\n<p>Paljon kiitoksia j\u00e4senillemme, Pentti K\u00e4rkk\u00e4iselle, Ossi Laineelle, Jari K\u00e4rkk\u00e4iselle, Reijo Pulkkiselle, Leevi Kuokkaselle, Esa Sirenille,\u00a0Jaakko Niiraselle ja Antti Rasilolle Joen kentt\u00e4vartion tietojen kartoittamisesta.<\/p>\n","protected":false},"excerpt":{"rendered":"<p>Joen kentt\u00e4vartio sijaitsi koskemattoman er\u00e4maan keskell\u00e4, Rukaj\u00e4rven tiest\u00e4 Tsirkka-Kemijoen vartta pohjoiseen kymmenkunta kilometri\u00e4, joen it\u00e4-puolella. Tukikohdasta k\u00e4ytiin kiivaita taisteluja 74 vuotta sitten. Ensin sen pyrki valloittamaan vihollisen n. 270 miehen <a class=\"more-link\" href=\"http:\/\/www.rukajarvensuunnanhistoriayhdistys.fi\/historiayhdistys\/joen-kenttavartion-aineiston-keraystyo-jatkuu-taistelusta-74-vuotta\/\">Teksti jatkuu&#8230;<span class=\"screen-reader-text\">Joen kentt\u00e4vartion aineiston ker\u00e4ysty\u00f6 jatkuu &#8211; taistelusta 74 vuotta<\/span><span class=\"meta-nav\">\u2192<\/span><\/a><\/p>\n","protected":false},"author":3,"featured_media":0,"comment_status":"closed","ping_status":"open","sticky":false,"template":"","format":"standard","meta":{"footnotes":""},"categories":[22,21],"tags":[],"class_list":["post-11658","post","type-post","status-publish","format-standard","hentry","category-ajankohtaista","category-rukajarvi-keskus"],"yoast_head":"<!-- This site is optimized with the Yoast SEO plugin v27.4 - https:\/\/yoast.com\/product\/yoast-seo-wordpress\/ -->\n<title>Joen kentt\u00e4vartion aineiston ker\u00e4ysty\u00f6 jatkuu - taistelusta 74 vuotta - Rukaj\u00e4rven suunnan historiayhdistys<\/title>\n<meta name=\"robots\" content=\"index, follow, max-snippet:-1, max-image-preview:large, max-video-preview:-1\" \/>\n<link rel=\"canonical\" href=\"http:\/\/www.rukajarvensuunnanhistoriayhdistys.fi\/historiayhdistys\/joen-kenttavartion-aineiston-keraystyo-jatkuu-taistelusta-74-vuotta\/\" \/>\n<meta property=\"og:locale\" content=\"fi_FI\" \/>\n<meta property=\"og:type\" content=\"article\" \/>\n<meta property=\"og:title\" content=\"Joen kentt\u00e4vartion aineiston ker\u00e4ysty\u00f6 jatkuu - taistelusta 74 vuotta - Rukaj\u00e4rven suunnan historiayhdistys\" \/>\n<meta property=\"og:description\" content=\"Joen kentt\u00e4vartio sijaitsi koskemattoman er\u00e4maan keskell\u00e4, Rukaj\u00e4rven tiest\u00e4 Tsirkka-Kemijoen vartta pohjoiseen kymmenkunta kilometri\u00e4, joen it\u00e4-puolella. Tukikohdasta k\u00e4ytiin kiivaita taisteluja 74 vuotta sitten. Ensin sen pyrki valloittamaan vihollisen n. 270 miehen Teksti jatkuu...Joen kentt\u00e4vartion aineiston ker\u00e4ysty\u00f6 jatkuu &#8211; taistelusta 74 vuotta\u2192\" \/>\n<meta property=\"og:url\" content=\"http:\/\/www.rukajarvensuunnanhistoriayhdistys.fi\/historiayhdistys\/joen-kenttavartion-aineiston-keraystyo-jatkuu-taistelusta-74-vuotta\/\" \/>\n<meta property=\"og:site_name\" content=\"Rukaj\u00e4rven suunnan historiayhdistys\" \/>\n<meta property=\"article:published_time\" content=\"2017-08-16T19:14:25+00:00\" \/>\n<meta property=\"article:modified_time\" content=\"2017-08-18T08:46:05+00:00\" \/>\n<meta property=\"og:image\" content=\"http:\/\/www.rukajarvensuunnanhistoriayhdistys.fi\/historiayhdistys\/wp-content\/uploads\/2017\/08\/Dia1.jpg\" \/>\n<meta name=\"author\" content=\"RSHY\" \/>\n<meta name=\"twitter:label1\" content=\"Kirjoittanut\" \/>\n\t<meta name=\"twitter:data1\" content=\"RSHY\" \/>\n\t<meta name=\"twitter:label2\" content=\"Arvioitu lukuaika\" \/>\n\t<meta name=\"twitter:data2\" content=\"3 minuuttia\" \/>\n<script type=\"application\/ld+json\" class=\"yoast-schema-graph\">{\"@context\":\"https:\\\/\\\/schema.org\",\"@graph\":[{\"@type\":\"Article\",\"@id\":\"http:\\\/\\\/www.rukajarvensuunnanhistoriayhdistys.fi\\\/historiayhdistys\\\/joen-kenttavartion-aineiston-keraystyo-jatkuu-taistelusta-74-vuotta\\\/#article\",\"isPartOf\":{\"@id\":\"http:\\\/\\\/www.rukajarvensuunnanhistoriayhdistys.fi\\\/historiayhdistys\\\/joen-kenttavartion-aineiston-keraystyo-jatkuu-taistelusta-74-vuotta\\\/\"},\"author\":{\"name\":\"RSHY\",\"@id\":\"http:\\\/\\\/www.rukajarvensuunnanhistoriayhdistys.fi\\\/historiayhdistys\\\/#\\\/schema\\\/person\\\/19de7db68bf72dfd2b5d7f6dfbf8454d\"},\"headline\":\"Joen kentt\u00e4vartion aineiston ker\u00e4ysty\u00f6 jatkuu &#8211; taistelusta 74 vuotta\",\"datePublished\":\"2017-08-16T19:14:25+00:00\",\"dateModified\":\"2017-08-18T08:46:05+00:00\",\"mainEntityOfPage\":{\"@id\":\"http:\\\/\\\/www.rukajarvensuunnanhistoriayhdistys.fi\\\/historiayhdistys\\\/joen-kenttavartion-aineiston-keraystyo-jatkuu-taistelusta-74-vuotta\\\/\"},\"wordCount\":668,\"publisher\":{\"@id\":\"http:\\\/\\\/www.rukajarvensuunnanhistoriayhdistys.fi\\\/historiayhdistys\\\/#organization\"},\"image\":{\"@id\":\"http:\\\/\\\/www.rukajarvensuunnanhistoriayhdistys.fi\\\/historiayhdistys\\\/joen-kenttavartion-aineiston-keraystyo-jatkuu-taistelusta-74-vuotta\\\/#primaryimage\"},\"thumbnailUrl\":\"http:\\\/\\\/www.rukajarvensuunnanhistoriayhdistys.fi\\\/historiayhdistys\\\/wp-content\\\/uploads\\\/2017\\\/08\\\/Dia1.jpg\",\"articleSection\":[\"Ajankohtaista\",\"Rukaj\u00e4rvi-keskus\"],\"inLanguage\":\"fi\"},{\"@type\":\"WebPage\",\"@id\":\"http:\\\/\\\/www.rukajarvensuunnanhistoriayhdistys.fi\\\/historiayhdistys\\\/joen-kenttavartion-aineiston-keraystyo-jatkuu-taistelusta-74-vuotta\\\/\",\"url\":\"http:\\\/\\\/www.rukajarvensuunnanhistoriayhdistys.fi\\\/historiayhdistys\\\/joen-kenttavartion-aineiston-keraystyo-jatkuu-taistelusta-74-vuotta\\\/\",\"name\":\"Joen kentt\u00e4vartion aineiston ker\u00e4ysty\u00f6 jatkuu - taistelusta 74 vuotta - Rukaj\u00e4rven suunnan historiayhdistys\",\"isPartOf\":{\"@id\":\"http:\\\/\\\/www.rukajarvensuunnanhistoriayhdistys.fi\\\/historiayhdistys\\\/#website\"},\"primaryImageOfPage\":{\"@id\":\"http:\\\/\\\/www.rukajarvensuunnanhistoriayhdistys.fi\\\/historiayhdistys\\\/joen-kenttavartion-aineiston-keraystyo-jatkuu-taistelusta-74-vuotta\\\/#primaryimage\"},\"image\":{\"@id\":\"http:\\\/\\\/www.rukajarvensuunnanhistoriayhdistys.fi\\\/historiayhdistys\\\/joen-kenttavartion-aineiston-keraystyo-jatkuu-taistelusta-74-vuotta\\\/#primaryimage\"},\"thumbnailUrl\":\"http:\\\/\\\/www.rukajarvensuunnanhistoriayhdistys.fi\\\/historiayhdistys\\\/wp-content\\\/uploads\\\/2017\\\/08\\\/Dia1.jpg\",\"datePublished\":\"2017-08-16T19:14:25+00:00\",\"dateModified\":\"2017-08-18T08:46:05+00:00\",\"breadcrumb\":{\"@id\":\"http:\\\/\\\/www.rukajarvensuunnanhistoriayhdistys.fi\\\/historiayhdistys\\\/joen-kenttavartion-aineiston-keraystyo-jatkuu-taistelusta-74-vuotta\\\/#breadcrumb\"},\"inLanguage\":\"fi\",\"potentialAction\":[{\"@type\":\"ReadAction\",\"target\":[\"http:\\\/\\\/www.rukajarvensuunnanhistoriayhdistys.fi\\\/historiayhdistys\\\/joen-kenttavartion-aineiston-keraystyo-jatkuu-taistelusta-74-vuotta\\\/\"]}]},{\"@type\":\"ImageObject\",\"inLanguage\":\"fi\",\"@id\":\"http:\\\/\\\/www.rukajarvensuunnanhistoriayhdistys.fi\\\/historiayhdistys\\\/joen-kenttavartion-aineiston-keraystyo-jatkuu-taistelusta-74-vuotta\\\/#primaryimage\",\"url\":\"http:\\\/\\\/www.rukajarvensuunnanhistoriayhdistys.fi\\\/historiayhdistys\\\/wp-content\\\/uploads\\\/2017\\\/08\\\/Dia1.jpg\",\"contentUrl\":\"http:\\\/\\\/www.rukajarvensuunnanhistoriayhdistys.fi\\\/historiayhdistys\\\/wp-content\\\/uploads\\\/2017\\\/08\\\/Dia1.jpg\",\"width\":960,\"height\":720},{\"@type\":\"BreadcrumbList\",\"@id\":\"http:\\\/\\\/www.rukajarvensuunnanhistoriayhdistys.fi\\\/historiayhdistys\\\/joen-kenttavartion-aineiston-keraystyo-jatkuu-taistelusta-74-vuotta\\\/#breadcrumb\",\"itemListElement\":[{\"@type\":\"ListItem\",\"position\":1,\"name\":\"Etusivu\",\"item\":\"http:\\\/\\\/www.rukajarvensuunnanhistoriayhdistys.fi\\\/historiayhdistys\\\/\"},{\"@type\":\"ListItem\",\"position\":2,\"name\":\"Joen kentt\u00e4vartion aineiston ker\u00e4ysty\u00f6 jatkuu &#8211; taistelusta 74 vuotta\"}]},{\"@type\":\"WebSite\",\"@id\":\"http:\\\/\\\/www.rukajarvensuunnanhistoriayhdistys.fi\\\/historiayhdistys\\\/#website\",\"url\":\"http:\\\/\\\/www.rukajarvensuunnanhistoriayhdistys.fi\\\/historiayhdistys\\\/\",\"name\":\"Rukaj\u00e4rven suunnan historiayhdistys\",\"description\":\"Rukaj\u00e4rven suunnan historiayhdistyksen verkkosivut.\",\"publisher\":{\"@id\":\"http:\\\/\\\/www.rukajarvensuunnanhistoriayhdistys.fi\\\/historiayhdistys\\\/#organization\"},\"potentialAction\":[{\"@type\":\"SearchAction\",\"target\":{\"@type\":\"EntryPoint\",\"urlTemplate\":\"http:\\\/\\\/www.rukajarvensuunnanhistoriayhdistys.fi\\\/historiayhdistys\\\/?s={search_term_string}\"},\"query-input\":{\"@type\":\"PropertyValueSpecification\",\"valueRequired\":true,\"valueName\":\"search_term_string\"}}],\"inLanguage\":\"fi\"},{\"@type\":\"Organization\",\"@id\":\"http:\\\/\\\/www.rukajarvensuunnanhistoriayhdistys.fi\\\/historiayhdistys\\\/#organization\",\"name\":\"Rukaj\u00e4rven suunnan historiayhdistys\",\"url\":\"http:\\\/\\\/www.rukajarvensuunnanhistoriayhdistys.fi\\\/historiayhdistys\\\/\",\"logo\":{\"@type\":\"ImageObject\",\"inLanguage\":\"fi\",\"@id\":\"http:\\\/\\\/www.rukajarvensuunnanhistoriayhdistys.fi\\\/historiayhdistys\\\/#\\\/schema\\\/logo\\\/image\\\/\",\"url\":\"http:\\\/\\\/www.rukajarvensuunnanhistoriayhdistys.fi\\\/historiayhdistys\\\/wp-content\\\/uploads\\\/2013\\\/12\\\/Otsake_3.jpg\",\"contentUrl\":\"http:\\\/\\\/www.rukajarvensuunnanhistoriayhdistys.fi\\\/historiayhdistys\\\/wp-content\\\/uploads\\\/2013\\\/12\\\/Otsake_3.jpg\",\"width\":1000,\"height\":442,\"caption\":\"Rukaj\u00e4rven suunnan historiayhdistys\"},\"image\":{\"@id\":\"http:\\\/\\\/www.rukajarvensuunnanhistoriayhdistys.fi\\\/historiayhdistys\\\/#\\\/schema\\\/logo\\\/image\\\/\"}},{\"@type\":\"Person\",\"@id\":\"http:\\\/\\\/www.rukajarvensuunnanhistoriayhdistys.fi\\\/historiayhdistys\\\/#\\\/schema\\\/person\\\/19de7db68bf72dfd2b5d7f6dfbf8454d\",\"name\":\"RSHY\",\"image\":{\"@type\":\"ImageObject\",\"inLanguage\":\"fi\",\"@id\":\"https:\\\/\\\/secure.gravatar.com\\\/avatar\\\/598d59263a69cc8de65fcb4f9db78d6f58c098cb0e0ba22d73377441af9fa04c?s=96&d=blank&r=g\",\"url\":\"https:\\\/\\\/secure.gravatar.com\\\/avatar\\\/598d59263a69cc8de65fcb4f9db78d6f58c098cb0e0ba22d73377441af9fa04c?s=96&d=blank&r=g\",\"contentUrl\":\"https:\\\/\\\/secure.gravatar.com\\\/avatar\\\/598d59263a69cc8de65fcb4f9db78d6f58c098cb0e0ba22d73377441af9fa04c?s=96&d=blank&r=g\",\"caption\":\"RSHY\"},\"url\":\"http:\\\/\\\/www.rukajarvensuunnanhistoriayhdistys.fi\\\/historiayhdistys\\\/author\\\/rshy\\\/\"}]}<\/script>\n<!-- \/ Yoast SEO plugin. -->","yoast_head_json":{"title":"Joen kentt\u00e4vartion aineiston ker\u00e4ysty\u00f6 jatkuu - taistelusta 74 vuotta - Rukaj\u00e4rven suunnan historiayhdistys","robots":{"index":"index","follow":"follow","max-snippet":"max-snippet:-1","max-image-preview":"max-image-preview:large","max-video-preview":"max-video-preview:-1"},"canonical":"http:\/\/www.rukajarvensuunnanhistoriayhdistys.fi\/historiayhdistys\/joen-kenttavartion-aineiston-keraystyo-jatkuu-taistelusta-74-vuotta\/","og_locale":"fi_FI","og_type":"article","og_title":"Joen kentt\u00e4vartion aineiston ker\u00e4ysty\u00f6 jatkuu - taistelusta 74 vuotta - Rukaj\u00e4rven suunnan historiayhdistys","og_description":"Joen kentt\u00e4vartio sijaitsi koskemattoman er\u00e4maan keskell\u00e4, Rukaj\u00e4rven tiest\u00e4 Tsirkka-Kemijoen vartta pohjoiseen kymmenkunta kilometri\u00e4, joen it\u00e4-puolella. Tukikohdasta k\u00e4ytiin kiivaita taisteluja 74 vuotta sitten. Ensin sen pyrki valloittamaan vihollisen n. 270 miehen Teksti jatkuu...Joen kentt\u00e4vartion aineiston ker\u00e4ysty\u00f6 jatkuu &#8211; taistelusta 74 vuotta\u2192","og_url":"http:\/\/www.rukajarvensuunnanhistoriayhdistys.fi\/historiayhdistys\/joen-kenttavartion-aineiston-keraystyo-jatkuu-taistelusta-74-vuotta\/","og_site_name":"Rukaj\u00e4rven suunnan historiayhdistys","article_published_time":"2017-08-16T19:14:25+00:00","article_modified_time":"2017-08-18T08:46:05+00:00","og_image":[{"url":"http:\/\/www.rukajarvensuunnanhistoriayhdistys.fi\/historiayhdistys\/wp-content\/uploads\/2017\/08\/Dia1.jpg","type":"","width":"","height":""}],"author":"RSHY","twitter_misc":{"Kirjoittanut":"RSHY","Arvioitu lukuaika":"3 minuuttia"},"schema":{"@context":"https:\/\/schema.org","@graph":[{"@type":"Article","@id":"http:\/\/www.rukajarvensuunnanhistoriayhdistys.fi\/historiayhdistys\/joen-kenttavartion-aineiston-keraystyo-jatkuu-taistelusta-74-vuotta\/#article","isPartOf":{"@id":"http:\/\/www.rukajarvensuunnanhistoriayhdistys.fi\/historiayhdistys\/joen-kenttavartion-aineiston-keraystyo-jatkuu-taistelusta-74-vuotta\/"},"author":{"name":"RSHY","@id":"http:\/\/www.rukajarvensuunnanhistoriayhdistys.fi\/historiayhdistys\/#\/schema\/person\/19de7db68bf72dfd2b5d7f6dfbf8454d"},"headline":"Joen kentt\u00e4vartion aineiston ker\u00e4ysty\u00f6 jatkuu &#8211; taistelusta 74 vuotta","datePublished":"2017-08-16T19:14:25+00:00","dateModified":"2017-08-18T08:46:05+00:00","mainEntityOfPage":{"@id":"http:\/\/www.rukajarvensuunnanhistoriayhdistys.fi\/historiayhdistys\/joen-kenttavartion-aineiston-keraystyo-jatkuu-taistelusta-74-vuotta\/"},"wordCount":668,"publisher":{"@id":"http:\/\/www.rukajarvensuunnanhistoriayhdistys.fi\/historiayhdistys\/#organization"},"image":{"@id":"http:\/\/www.rukajarvensuunnanhistoriayhdistys.fi\/historiayhdistys\/joen-kenttavartion-aineiston-keraystyo-jatkuu-taistelusta-74-vuotta\/#primaryimage"},"thumbnailUrl":"http:\/\/www.rukajarvensuunnanhistoriayhdistys.fi\/historiayhdistys\/wp-content\/uploads\/2017\/08\/Dia1.jpg","articleSection":["Ajankohtaista","Rukaj\u00e4rvi-keskus"],"inLanguage":"fi"},{"@type":"WebPage","@id":"http:\/\/www.rukajarvensuunnanhistoriayhdistys.fi\/historiayhdistys\/joen-kenttavartion-aineiston-keraystyo-jatkuu-taistelusta-74-vuotta\/","url":"http:\/\/www.rukajarvensuunnanhistoriayhdistys.fi\/historiayhdistys\/joen-kenttavartion-aineiston-keraystyo-jatkuu-taistelusta-74-vuotta\/","name":"Joen kentt\u00e4vartion aineiston ker\u00e4ysty\u00f6 jatkuu - taistelusta 74 vuotta - Rukaj\u00e4rven suunnan historiayhdistys","isPartOf":{"@id":"http:\/\/www.rukajarvensuunnanhistoriayhdistys.fi\/historiayhdistys\/#website"},"primaryImageOfPage":{"@id":"http:\/\/www.rukajarvensuunnanhistoriayhdistys.fi\/historiayhdistys\/joen-kenttavartion-aineiston-keraystyo-jatkuu-taistelusta-74-vuotta\/#primaryimage"},"image":{"@id":"http:\/\/www.rukajarvensuunnanhistoriayhdistys.fi\/historiayhdistys\/joen-kenttavartion-aineiston-keraystyo-jatkuu-taistelusta-74-vuotta\/#primaryimage"},"thumbnailUrl":"http:\/\/www.rukajarvensuunnanhistoriayhdistys.fi\/historiayhdistys\/wp-content\/uploads\/2017\/08\/Dia1.jpg","datePublished":"2017-08-16T19:14:25+00:00","dateModified":"2017-08-18T08:46:05+00:00","breadcrumb":{"@id":"http:\/\/www.rukajarvensuunnanhistoriayhdistys.fi\/historiayhdistys\/joen-kenttavartion-aineiston-keraystyo-jatkuu-taistelusta-74-vuotta\/#breadcrumb"},"inLanguage":"fi","potentialAction":[{"@type":"ReadAction","target":["http:\/\/www.rukajarvensuunnanhistoriayhdistys.fi\/historiayhdistys\/joen-kenttavartion-aineiston-keraystyo-jatkuu-taistelusta-74-vuotta\/"]}]},{"@type":"ImageObject","inLanguage":"fi","@id":"http:\/\/www.rukajarvensuunnanhistoriayhdistys.fi\/historiayhdistys\/joen-kenttavartion-aineiston-keraystyo-jatkuu-taistelusta-74-vuotta\/#primaryimage","url":"http:\/\/www.rukajarvensuunnanhistoriayhdistys.fi\/historiayhdistys\/wp-content\/uploads\/2017\/08\/Dia1.jpg","contentUrl":"http:\/\/www.rukajarvensuunnanhistoriayhdistys.fi\/historiayhdistys\/wp-content\/uploads\/2017\/08\/Dia1.jpg","width":960,"height":720},{"@type":"BreadcrumbList","@id":"http:\/\/www.rukajarvensuunnanhistoriayhdistys.fi\/historiayhdistys\/joen-kenttavartion-aineiston-keraystyo-jatkuu-taistelusta-74-vuotta\/#breadcrumb","itemListElement":[{"@type":"ListItem","position":1,"name":"Etusivu","item":"http:\/\/www.rukajarvensuunnanhistoriayhdistys.fi\/historiayhdistys\/"},{"@type":"ListItem","position":2,"name":"Joen kentt\u00e4vartion aineiston ker\u00e4ysty\u00f6 jatkuu &#8211; taistelusta 74 vuotta"}]},{"@type":"WebSite","@id":"http:\/\/www.rukajarvensuunnanhistoriayhdistys.fi\/historiayhdistys\/#website","url":"http:\/\/www.rukajarvensuunnanhistoriayhdistys.fi\/historiayhdistys\/","name":"Rukaj\u00e4rven suunnan historiayhdistys","description":"Rukaj\u00e4rven suunnan historiayhdistyksen verkkosivut.","publisher":{"@id":"http:\/\/www.rukajarvensuunnanhistoriayhdistys.fi\/historiayhdistys\/#organization"},"potentialAction":[{"@type":"SearchAction","target":{"@type":"EntryPoint","urlTemplate":"http:\/\/www.rukajarvensuunnanhistoriayhdistys.fi\/historiayhdistys\/?s={search_term_string}"},"query-input":{"@type":"PropertyValueSpecification","valueRequired":true,"valueName":"search_term_string"}}],"inLanguage":"fi"},{"@type":"Organization","@id":"http:\/\/www.rukajarvensuunnanhistoriayhdistys.fi\/historiayhdistys\/#organization","name":"Rukaj\u00e4rven suunnan historiayhdistys","url":"http:\/\/www.rukajarvensuunnanhistoriayhdistys.fi\/historiayhdistys\/","logo":{"@type":"ImageObject","inLanguage":"fi","@id":"http:\/\/www.rukajarvensuunnanhistoriayhdistys.fi\/historiayhdistys\/#\/schema\/logo\/image\/","url":"http:\/\/www.rukajarvensuunnanhistoriayhdistys.fi\/historiayhdistys\/wp-content\/uploads\/2013\/12\/Otsake_3.jpg","contentUrl":"http:\/\/www.rukajarvensuunnanhistoriayhdistys.fi\/historiayhdistys\/wp-content\/uploads\/2013\/12\/Otsake_3.jpg","width":1000,"height":442,"caption":"Rukaj\u00e4rven suunnan historiayhdistys"},"image":{"@id":"http:\/\/www.rukajarvensuunnanhistoriayhdistys.fi\/historiayhdistys\/#\/schema\/logo\/image\/"}},{"@type":"Person","@id":"http:\/\/www.rukajarvensuunnanhistoriayhdistys.fi\/historiayhdistys\/#\/schema\/person\/19de7db68bf72dfd2b5d7f6dfbf8454d","name":"RSHY","image":{"@type":"ImageObject","inLanguage":"fi","@id":"https:\/\/secure.gravatar.com\/avatar\/598d59263a69cc8de65fcb4f9db78d6f58c098cb0e0ba22d73377441af9fa04c?s=96&d=blank&r=g","url":"https:\/\/secure.gravatar.com\/avatar\/598d59263a69cc8de65fcb4f9db78d6f58c098cb0e0ba22d73377441af9fa04c?s=96&d=blank&r=g","contentUrl":"https:\/\/secure.gravatar.com\/avatar\/598d59263a69cc8de65fcb4f9db78d6f58c098cb0e0ba22d73377441af9fa04c?s=96&d=blank&r=g","caption":"RSHY"},"url":"http:\/\/www.rukajarvensuunnanhistoriayhdistys.fi\/historiayhdistys\/author\/rshy\/"}]}},"_links":{"self":[{"href":"http:\/\/www.rukajarvensuunnanhistoriayhdistys.fi\/historiayhdistys\/wp-json\/wp\/v2\/posts\/11658","targetHints":{"allow":["GET"]}}],"collection":[{"href":"http:\/\/www.rukajarvensuunnanhistoriayhdistys.fi\/historiayhdistys\/wp-json\/wp\/v2\/posts"}],"about":[{"href":"http:\/\/www.rukajarvensuunnanhistoriayhdistys.fi\/historiayhdistys\/wp-json\/wp\/v2\/types\/post"}],"author":[{"embeddable":true,"href":"http:\/\/www.rukajarvensuunnanhistoriayhdistys.fi\/historiayhdistys\/wp-json\/wp\/v2\/users\/3"}],"replies":[{"embeddable":true,"href":"http:\/\/www.rukajarvensuunnanhistoriayhdistys.fi\/historiayhdistys\/wp-json\/wp\/v2\/comments?post=11658"}],"version-history":[{"count":5,"href":"http:\/\/www.rukajarvensuunnanhistoriayhdistys.fi\/historiayhdistys\/wp-json\/wp\/v2\/posts\/11658\/revisions"}],"predecessor-version":[{"id":11670,"href":"http:\/\/www.rukajarvensuunnanhistoriayhdistys.fi\/historiayhdistys\/wp-json\/wp\/v2\/posts\/11658\/revisions\/11670"}],"wp:attachment":[{"href":"http:\/\/www.rukajarvensuunnanhistoriayhdistys.fi\/historiayhdistys\/wp-json\/wp\/v2\/media?parent=11658"}],"wp:term":[{"taxonomy":"category","embeddable":true,"href":"http:\/\/www.rukajarvensuunnanhistoriayhdistys.fi\/historiayhdistys\/wp-json\/wp\/v2\/categories?post=11658"},{"taxonomy":"post_tag","embeddable":true,"href":"http:\/\/www.rukajarvensuunnanhistoriayhdistys.fi\/historiayhdistys\/wp-json\/wp\/v2\/tags?post=11658"}],"curies":[{"name":"wp","href":"https:\/\/api.w.org\/{rel}","templated":true}]}}