{"id":11671,"date":"2017-08-19T17:30:05","date_gmt":"2017-08-19T14:30:05","guid":{"rendered":"http:\/\/www.rukajarvensuunnanhistoriayhdistys.fi\/historiayhdistys\/?p=11671"},"modified":"2017-08-19T17:30:40","modified_gmt":"2017-08-19T14:30:40","slug":"iisalmen-rukajarvi-keskuksen-nayteikkunat-saivat-uuden-ilmeen","status":"publish","type":"post","link":"http:\/\/www.rukajarvensuunnanhistoriayhdistys.fi\/historiayhdistys\/iisalmen-rukajarvi-keskuksen-nayteikkunat-saivat-uuden-ilmeen\/","title":{"rendered":"Iisalmen Rukaj\u00e4rvi-keskuksen n\u00e4yteikkunat saivat uuden ilmeen."},"content":{"rendered":"<div class=\"fcbkbttn_buttons_block\" id=\"fcbkbttn_left\"><div class=\"fcbkbttn_like \"><fb:like href=\"http:\/\/www.rukajarvensuunnanhistoriayhdistys.fi\/historiayhdistys\/iisalmen-rukajarvi-keskuksen-nayteikkunat-saivat-uuden-ilmeen\/\" action=\"like\" colorscheme=\"light\" layout=\"button_count\"  size=\"small\"><\/fb:like><\/div><\/div><p>Iisalmen Rukaj\u00e4rvi-keskus avattiin k\u00e4ytt\u00f6\u00f6n 13.3.2014. Keskus toimii\u00a0 Iisalmen Seurahuoneen lasisalissa. Tila on valoisa ja niinp\u00e4 ikkunajulisteet haalistuvat. Kaikki julisteet uusittiin talkoovoimin.<\/p>\n<figure id=\"attachment_11675\" aria-describedby=\"caption-attachment-11675\" style=\"width: 3072px\" class=\"wp-caption aligncenter\"><a href=\"http:\/\/www.rukajarvensuunnanhistoriayhdistys.fi\/historiayhdistys\/iisalmen-rukajarvi-keskuksen-nayteikkunat-saivat-uuden-ilmeen\/wp_20170814_18_04_53_pro-iisalmi\/\" rel=\"attachment wp-att-11675\"><img loading=\"lazy\" decoding=\"async\" class=\"size-full wp-image-11675\" src=\"http:\/\/www.rukajarvensuunnanhistoriayhdistys.fi\/historiayhdistys\/wp-content\/uploads\/2017\/08\/WP_20170814_18_04_53_Pro-Iisalmi.jpg\" alt=\"\" width=\"3072\" height=\"1728\" data-id=\"11675\" srcset=\"http:\/\/www.rukajarvensuunnanhistoriayhdistys.fi\/historiayhdistys\/wp-content\/uploads\/2017\/08\/WP_20170814_18_04_53_Pro-Iisalmi.jpg 3072w, http:\/\/www.rukajarvensuunnanhistoriayhdistys.fi\/historiayhdistys\/wp-content\/uploads\/2017\/08\/WP_20170814_18_04_53_Pro-Iisalmi-300x169.jpg 300w, http:\/\/www.rukajarvensuunnanhistoriayhdistys.fi\/historiayhdistys\/wp-content\/uploads\/2017\/08\/WP_20170814_18_04_53_Pro-Iisalmi-768x432.jpg 768w, http:\/\/www.rukajarvensuunnanhistoriayhdistys.fi\/historiayhdistys\/wp-content\/uploads\/2017\/08\/WP_20170814_18_04_53_Pro-Iisalmi-1024x576.jpg 1024w\" sizes=\"auto, (max-width: 3072px) 100vw, 3072px\" \/><\/a><figcaption id=\"caption-attachment-11675\" class=\"wp-caption-text\">Talkoolaiset, Seppo R\u00e4ih\u00e4, Reijo Pulkkinen, Reijo Lappalainen, Seppo Ryh\u00e4nen. Kuva Tenho Tikkanen.<\/figcaption><\/figure>\n<figure id=\"attachment_11673\" aria-describedby=\"caption-attachment-11673\" style=\"width: 3072px\" class=\"wp-caption aligncenter\"><a href=\"http:\/\/www.rukajarvensuunnanhistoriayhdistys.fi\/historiayhdistys\/iisalmen-rukajarvi-keskuksen-nayteikkunat-saivat-uuden-ilmeen\/wp_20170817_16_10_37_pro\/\" rel=\"attachment wp-att-11673\"><img loading=\"lazy\" decoding=\"async\" class=\"size-full wp-image-11673\" src=\"http:\/\/www.rukajarvensuunnanhistoriayhdistys.fi\/historiayhdistys\/wp-content\/uploads\/2017\/08\/WP_20170817_16_10_37_Pro.jpg\" alt=\"\" width=\"3072\" height=\"1728\" data-id=\"11673\" srcset=\"http:\/\/www.rukajarvensuunnanhistoriayhdistys.fi\/historiayhdistys\/wp-content\/uploads\/2017\/08\/WP_20170817_16_10_37_Pro.jpg 3072w, http:\/\/www.rukajarvensuunnanhistoriayhdistys.fi\/historiayhdistys\/wp-content\/uploads\/2017\/08\/WP_20170817_16_10_37_Pro-300x169.jpg 300w, http:\/\/www.rukajarvensuunnanhistoriayhdistys.fi\/historiayhdistys\/wp-content\/uploads\/2017\/08\/WP_20170817_16_10_37_Pro-768x432.jpg 768w, http:\/\/www.rukajarvensuunnanhistoriayhdistys.fi\/historiayhdistys\/wp-content\/uploads\/2017\/08\/WP_20170817_16_10_37_Pro-1024x576.jpg 1024w\" sizes=\"auto, (max-width: 3072px) 100vw, 3072px\" \/><\/a><figcaption id=\"caption-attachment-11673\" class=\"wp-caption-text\">Iisalmen Rukaj\u00e4rvi-keskuksen ikkunajulisteet uusittiin. Kuvassa Matti Eskelinen tarkastelee ty\u00f6n j\u00e4lke\u00e4.<\/figcaption><\/figure>\n<figure id=\"attachment_11674\" aria-describedby=\"caption-attachment-11674\" style=\"width: 3072px\" class=\"wp-caption aligncenter\"><a href=\"http:\/\/www.rukajarvensuunnanhistoriayhdistys.fi\/historiayhdistys\/iisalmen-rukajarvi-keskuksen-nayteikkunat-saivat-uuden-ilmeen\/wp_20170817_16_10_47_pro\/\" rel=\"attachment wp-att-11674\"><img loading=\"lazy\" decoding=\"async\" class=\"size-full wp-image-11674\" src=\"http:\/\/www.rukajarvensuunnanhistoriayhdistys.fi\/historiayhdistys\/wp-content\/uploads\/2017\/08\/WP_20170817_16_10_47_Pro.jpg\" alt=\"\" width=\"3072\" height=\"1728\" data-id=\"11674\" srcset=\"http:\/\/www.rukajarvensuunnanhistoriayhdistys.fi\/historiayhdistys\/wp-content\/uploads\/2017\/08\/WP_20170817_16_10_47_Pro.jpg 3072w, http:\/\/www.rukajarvensuunnanhistoriayhdistys.fi\/historiayhdistys\/wp-content\/uploads\/2017\/08\/WP_20170817_16_10_47_Pro-300x169.jpg 300w, http:\/\/www.rukajarvensuunnanhistoriayhdistys.fi\/historiayhdistys\/wp-content\/uploads\/2017\/08\/WP_20170817_16_10_47_Pro-768x432.jpg 768w, http:\/\/www.rukajarvensuunnanhistoriayhdistys.fi\/historiayhdistys\/wp-content\/uploads\/2017\/08\/WP_20170817_16_10_47_Pro-1024x576.jpg 1024w\" sizes=\"auto, (max-width: 3072px) 100vw, 3072px\" \/><\/a><figcaption id=\"caption-attachment-11674\" class=\"wp-caption-text\">Iisalmen Rukaj\u00e4rvi-keskus toimii Savonkatu 24.<\/figcaption><\/figure>\n<p>Viel\u00e4 t\u00e4m\u00e4n kuukauden aikana uusitaan Iisalmen Rukaj\u00e4rvi-keskuksen valokuvan\u00e4yttely\u00e4.<\/p>\n<p>Keskus on yleis\u00f6lle avoinna p\u00e4ivitt\u00e4in.<\/p>\n<figure id=\"attachment_11672\" aria-describedby=\"caption-attachment-11672\" style=\"width: 3072px\" class=\"wp-caption aligncenter\"><a href=\"http:\/\/www.rukajarvensuunnanhistoriayhdistys.fi\/historiayhdistys\/iisalmen-rukajarvi-keskuksen-nayteikkunat-saivat-uuden-ilmeen\/wp_20170730_13_15_31_pro-antti-rasilo\/\" rel=\"attachment wp-att-11672\"><img loading=\"lazy\" decoding=\"async\" class=\"size-full wp-image-11672\" src=\"http:\/\/www.rukajarvensuunnanhistoriayhdistys.fi\/historiayhdistys\/wp-content\/uploads\/2017\/08\/WP_20170730_13_15_31_Pro-Antti-Rasilo.jpg\" alt=\"\" width=\"3072\" height=\"1728\" data-id=\"11672\" srcset=\"http:\/\/www.rukajarvensuunnanhistoriayhdistys.fi\/historiayhdistys\/wp-content\/uploads\/2017\/08\/WP_20170730_13_15_31_Pro-Antti-Rasilo.jpg 3072w, http:\/\/www.rukajarvensuunnanhistoriayhdistys.fi\/historiayhdistys\/wp-content\/uploads\/2017\/08\/WP_20170730_13_15_31_Pro-Antti-Rasilo-300x169.jpg 300w, http:\/\/www.rukajarvensuunnanhistoriayhdistys.fi\/historiayhdistys\/wp-content\/uploads\/2017\/08\/WP_20170730_13_15_31_Pro-Antti-Rasilo-768x432.jpg 768w, http:\/\/www.rukajarvensuunnanhistoriayhdistys.fi\/historiayhdistys\/wp-content\/uploads\/2017\/08\/WP_20170730_13_15_31_Pro-Antti-Rasilo-1024x576.jpg 1024w\" sizes=\"auto, (max-width: 3072px) 100vw, 3072px\" \/><\/a><figcaption id=\"caption-attachment-11672\" class=\"wp-caption-text\">Osmo Rasilon esitelm\u00e4 t\u00e4ytti Lieksan Rukaj\u00e4rvi-keskuksen 30.7.2017. Seuraavaksi esitelm\u00e4 kuullaan my\u00f6s Iisalmen Rukaj\u00e4rvi-keskuksessa.<\/figcaption><\/figure>\n<p>Iisalmen Rukaj\u00e4rvi-keskuksen seuraava esitelm\u00e4st\u00e4 neuvotellaan ja ajankohdasta ilmoitetaan piakkoin. Esitelm\u00e4n tulee pit\u00e4m\u00e4\u00e4n Antti Rasilo: V\u00c4NRIKKI OSMO RASILON JATKOSOTA RUKAJ\u00c4RVEN SUUNNALLA. Todella mielenkiintoinen esitelm\u00e4kokonaisuus. Esitys on sama mink\u00e4 Antti Rasilo piti 30.7.2017 Lieksan Rukaj\u00e4rvi-keskuksessa.<\/p>\n","protected":false},"excerpt":{"rendered":"<p>Iisalmen Rukaj\u00e4rvi-keskus avattiin k\u00e4ytt\u00f6\u00f6n 13.3.2014. Keskus toimii\u00a0 Iisalmen Seurahuoneen lasisalissa. Tila on valoisa ja niinp\u00e4 ikkunajulisteet haalistuvat. Kaikki julisteet uusittiin talkoovoimin. Viel\u00e4 t\u00e4m\u00e4n kuukauden aikana uusitaan Iisalmen Rukaj\u00e4rvi-keskuksen valokuvan\u00e4yttely\u00e4. Keskus <a class=\"more-link\" href=\"http:\/\/www.rukajarvensuunnanhistoriayhdistys.fi\/historiayhdistys\/iisalmen-rukajarvi-keskuksen-nayteikkunat-saivat-uuden-ilmeen\/\">Teksti jatkuu&#8230;<span class=\"screen-reader-text\">Iisalmen Rukaj\u00e4rvi-keskuksen n\u00e4yteikkunat saivat uuden ilmeen.<\/span><span class=\"meta-nav\">\u2192<\/span><\/a><\/p>\n","protected":false},"author":3,"featured_media":0,"comment_status":"closed","ping_status":"open","sticky":false,"template":"","format":"standard","meta":{"footnotes":""},"categories":[22,21,33,17],"tags":[],"class_list":["post-11671","post","type-post","status-publish","format-standard","hentry","category-ajankohtaista","category-rukajarvi-keskus","category-rukajarvi-keskus-iisalmi","category-toiminta"],"yoast_head":"<!-- This site is optimized with the Yoast SEO plugin v27.4 - https:\/\/yoast.com\/product\/yoast-seo-wordpress\/ -->\n<title>Iisalmen Rukaj\u00e4rvi-keskuksen n\u00e4yteikkunat saivat uuden ilmeen. - Rukaj\u00e4rven suunnan historiayhdistys<\/title>\n<meta name=\"robots\" content=\"index, follow, max-snippet:-1, max-image-preview:large, max-video-preview:-1\" \/>\n<link rel=\"canonical\" href=\"http:\/\/www.rukajarvensuunnanhistoriayhdistys.fi\/historiayhdistys\/iisalmen-rukajarvi-keskuksen-nayteikkunat-saivat-uuden-ilmeen\/\" \/>\n<meta property=\"og:locale\" content=\"fi_FI\" \/>\n<meta property=\"og:type\" content=\"article\" \/>\n<meta property=\"og:title\" content=\"Iisalmen Rukaj\u00e4rvi-keskuksen n\u00e4yteikkunat saivat uuden ilmeen. - Rukaj\u00e4rven suunnan historiayhdistys\" \/>\n<meta property=\"og:description\" content=\"Iisalmen Rukaj\u00e4rvi-keskus avattiin k\u00e4ytt\u00f6\u00f6n 13.3.2014. Keskus toimii\u00a0 Iisalmen Seurahuoneen lasisalissa. Tila on valoisa ja niinp\u00e4 ikkunajulisteet haalistuvat. Kaikki julisteet uusittiin talkoovoimin. Viel\u00e4 t\u00e4m\u00e4n kuukauden aikana uusitaan Iisalmen Rukaj\u00e4rvi-keskuksen valokuvan\u00e4yttely\u00e4. Keskus Teksti jatkuu...Iisalmen Rukaj\u00e4rvi-keskuksen n\u00e4yteikkunat saivat uuden ilmeen.\u2192\" \/>\n<meta property=\"og:url\" content=\"http:\/\/www.rukajarvensuunnanhistoriayhdistys.fi\/historiayhdistys\/iisalmen-rukajarvi-keskuksen-nayteikkunat-saivat-uuden-ilmeen\/\" \/>\n<meta property=\"og:site_name\" content=\"Rukaj\u00e4rven suunnan historiayhdistys\" \/>\n<meta property=\"article:published_time\" content=\"2017-08-19T14:30:05+00:00\" \/>\n<meta property=\"article:modified_time\" content=\"2017-08-19T14:30:40+00:00\" \/>\n<meta property=\"og:image\" content=\"http:\/\/www.rukajarvensuunnanhistoriayhdistys.fi\/historiayhdistys\/wp-content\/uploads\/2017\/08\/WP_20170814_18_04_53_Pro-Iisalmi.jpg\" \/>\n<meta name=\"author\" content=\"RSHY\" \/>\n<meta name=\"twitter:label1\" content=\"Kirjoittanut\" \/>\n\t<meta name=\"twitter:data1\" content=\"RSHY\" \/>\n\t<meta name=\"twitter:label2\" content=\"Arvioitu lukuaika\" \/>\n\t<meta name=\"twitter:data2\" content=\"1 minuutti\" \/>\n<script type=\"application\/ld+json\" class=\"yoast-schema-graph\">{\"@context\":\"https:\\\/\\\/schema.org\",\"@graph\":[{\"@type\":\"Article\",\"@id\":\"http:\\\/\\\/www.rukajarvensuunnanhistoriayhdistys.fi\\\/historiayhdistys\\\/iisalmen-rukajarvi-keskuksen-nayteikkunat-saivat-uuden-ilmeen\\\/#article\",\"isPartOf\":{\"@id\":\"http:\\\/\\\/www.rukajarvensuunnanhistoriayhdistys.fi\\\/historiayhdistys\\\/iisalmen-rukajarvi-keskuksen-nayteikkunat-saivat-uuden-ilmeen\\\/\"},\"author\":{\"name\":\"RSHY\",\"@id\":\"http:\\\/\\\/www.rukajarvensuunnanhistoriayhdistys.fi\\\/historiayhdistys\\\/#\\\/schema\\\/person\\\/19de7db68bf72dfd2b5d7f6dfbf8454d\"},\"headline\":\"Iisalmen Rukaj\u00e4rvi-keskuksen n\u00e4yteikkunat saivat uuden ilmeen.\",\"datePublished\":\"2017-08-19T14:30:05+00:00\",\"dateModified\":\"2017-08-19T14:30:40+00:00\",\"mainEntityOfPage\":{\"@id\":\"http:\\\/\\\/www.rukajarvensuunnanhistoriayhdistys.fi\\\/historiayhdistys\\\/iisalmen-rukajarvi-keskuksen-nayteikkunat-saivat-uuden-ilmeen\\\/\"},\"wordCount\":168,\"publisher\":{\"@id\":\"http:\\\/\\\/www.rukajarvensuunnanhistoriayhdistys.fi\\\/historiayhdistys\\\/#organization\"},\"image\":{\"@id\":\"http:\\\/\\\/www.rukajarvensuunnanhistoriayhdistys.fi\\\/historiayhdistys\\\/iisalmen-rukajarvi-keskuksen-nayteikkunat-saivat-uuden-ilmeen\\\/#primaryimage\"},\"thumbnailUrl\":\"http:\\\/\\\/www.rukajarvensuunnanhistoriayhdistys.fi\\\/historiayhdistys\\\/wp-content\\\/uploads\\\/2017\\\/08\\\/WP_20170814_18_04_53_Pro-Iisalmi.jpg\",\"articleSection\":[\"Ajankohtaista\",\"Rukaj\u00e4rvi-keskus\",\"Rukaj\u00e4rvi-keskus \u2013 Kiuruvesi\",\"Toiminta\"],\"inLanguage\":\"fi\"},{\"@type\":\"WebPage\",\"@id\":\"http:\\\/\\\/www.rukajarvensuunnanhistoriayhdistys.fi\\\/historiayhdistys\\\/iisalmen-rukajarvi-keskuksen-nayteikkunat-saivat-uuden-ilmeen\\\/\",\"url\":\"http:\\\/\\\/www.rukajarvensuunnanhistoriayhdistys.fi\\\/historiayhdistys\\\/iisalmen-rukajarvi-keskuksen-nayteikkunat-saivat-uuden-ilmeen\\\/\",\"name\":\"Iisalmen Rukaj\u00e4rvi-keskuksen n\u00e4yteikkunat saivat uuden ilmeen. - Rukaj\u00e4rven suunnan historiayhdistys\",\"isPartOf\":{\"@id\":\"http:\\\/\\\/www.rukajarvensuunnanhistoriayhdistys.fi\\\/historiayhdistys\\\/#website\"},\"primaryImageOfPage\":{\"@id\":\"http:\\\/\\\/www.rukajarvensuunnanhistoriayhdistys.fi\\\/historiayhdistys\\\/iisalmen-rukajarvi-keskuksen-nayteikkunat-saivat-uuden-ilmeen\\\/#primaryimage\"},\"image\":{\"@id\":\"http:\\\/\\\/www.rukajarvensuunnanhistoriayhdistys.fi\\\/historiayhdistys\\\/iisalmen-rukajarvi-keskuksen-nayteikkunat-saivat-uuden-ilmeen\\\/#primaryimage\"},\"thumbnailUrl\":\"http:\\\/\\\/www.rukajarvensuunnanhistoriayhdistys.fi\\\/historiayhdistys\\\/wp-content\\\/uploads\\\/2017\\\/08\\\/WP_20170814_18_04_53_Pro-Iisalmi.jpg\",\"datePublished\":\"2017-08-19T14:30:05+00:00\",\"dateModified\":\"2017-08-19T14:30:40+00:00\",\"breadcrumb\":{\"@id\":\"http:\\\/\\\/www.rukajarvensuunnanhistoriayhdistys.fi\\\/historiayhdistys\\\/iisalmen-rukajarvi-keskuksen-nayteikkunat-saivat-uuden-ilmeen\\\/#breadcrumb\"},\"inLanguage\":\"fi\",\"potentialAction\":[{\"@type\":\"ReadAction\",\"target\":[\"http:\\\/\\\/www.rukajarvensuunnanhistoriayhdistys.fi\\\/historiayhdistys\\\/iisalmen-rukajarvi-keskuksen-nayteikkunat-saivat-uuden-ilmeen\\\/\"]}]},{\"@type\":\"ImageObject\",\"inLanguage\":\"fi\",\"@id\":\"http:\\\/\\\/www.rukajarvensuunnanhistoriayhdistys.fi\\\/historiayhdistys\\\/iisalmen-rukajarvi-keskuksen-nayteikkunat-saivat-uuden-ilmeen\\\/#primaryimage\",\"url\":\"http:\\\/\\\/www.rukajarvensuunnanhistoriayhdistys.fi\\\/historiayhdistys\\\/wp-content\\\/uploads\\\/2017\\\/08\\\/WP_20170814_18_04_53_Pro-Iisalmi.jpg\",\"contentUrl\":\"http:\\\/\\\/www.rukajarvensuunnanhistoriayhdistys.fi\\\/historiayhdistys\\\/wp-content\\\/uploads\\\/2017\\\/08\\\/WP_20170814_18_04_53_Pro-Iisalmi.jpg\",\"width\":3072,\"height\":1728,\"caption\":\"Talkoolaiset, Seppo R\u00e4ih\u00e4, Reijo Pulkkinen, Reijo Lappalainen, Seppo Ryh\u00e4nen. Kuva Tenho Tikkanen.\"},{\"@type\":\"BreadcrumbList\",\"@id\":\"http:\\\/\\\/www.rukajarvensuunnanhistoriayhdistys.fi\\\/historiayhdistys\\\/iisalmen-rukajarvi-keskuksen-nayteikkunat-saivat-uuden-ilmeen\\\/#breadcrumb\",\"itemListElement\":[{\"@type\":\"ListItem\",\"position\":1,\"name\":\"Etusivu\",\"item\":\"http:\\\/\\\/www.rukajarvensuunnanhistoriayhdistys.fi\\\/historiayhdistys\\\/\"},{\"@type\":\"ListItem\",\"position\":2,\"name\":\"Iisalmen Rukaj\u00e4rvi-keskuksen n\u00e4yteikkunat saivat uuden ilmeen.\"}]},{\"@type\":\"WebSite\",\"@id\":\"http:\\\/\\\/www.rukajarvensuunnanhistoriayhdistys.fi\\\/historiayhdistys\\\/#website\",\"url\":\"http:\\\/\\\/www.rukajarvensuunnanhistoriayhdistys.fi\\\/historiayhdistys\\\/\",\"name\":\"Rukaj\u00e4rven suunnan historiayhdistys\",\"description\":\"Rukaj\u00e4rven suunnan historiayhdistyksen verkkosivut.\",\"publisher\":{\"@id\":\"http:\\\/\\\/www.rukajarvensuunnanhistoriayhdistys.fi\\\/historiayhdistys\\\/#organization\"},\"potentialAction\":[{\"@type\":\"SearchAction\",\"target\":{\"@type\":\"EntryPoint\",\"urlTemplate\":\"http:\\\/\\\/www.rukajarvensuunnanhistoriayhdistys.fi\\\/historiayhdistys\\\/?s={search_term_string}\"},\"query-input\":{\"@type\":\"PropertyValueSpecification\",\"valueRequired\":true,\"valueName\":\"search_term_string\"}}],\"inLanguage\":\"fi\"},{\"@type\":\"Organization\",\"@id\":\"http:\\\/\\\/www.rukajarvensuunnanhistoriayhdistys.fi\\\/historiayhdistys\\\/#organization\",\"name\":\"Rukaj\u00e4rven suunnan historiayhdistys\",\"url\":\"http:\\\/\\\/www.rukajarvensuunnanhistoriayhdistys.fi\\\/historiayhdistys\\\/\",\"logo\":{\"@type\":\"ImageObject\",\"inLanguage\":\"fi\",\"@id\":\"http:\\\/\\\/www.rukajarvensuunnanhistoriayhdistys.fi\\\/historiayhdistys\\\/#\\\/schema\\\/logo\\\/image\\\/\",\"url\":\"http:\\\/\\\/www.rukajarvensuunnanhistoriayhdistys.fi\\\/historiayhdistys\\\/wp-content\\\/uploads\\\/2013\\\/12\\\/Otsake_3.jpg\",\"contentUrl\":\"http:\\\/\\\/www.rukajarvensuunnanhistoriayhdistys.fi\\\/historiayhdistys\\\/wp-content\\\/uploads\\\/2013\\\/12\\\/Otsake_3.jpg\",\"width\":1000,\"height\":442,\"caption\":\"Rukaj\u00e4rven suunnan historiayhdistys\"},\"image\":{\"@id\":\"http:\\\/\\\/www.rukajarvensuunnanhistoriayhdistys.fi\\\/historiayhdistys\\\/#\\\/schema\\\/logo\\\/image\\\/\"}},{\"@type\":\"Person\",\"@id\":\"http:\\\/\\\/www.rukajarvensuunnanhistoriayhdistys.fi\\\/historiayhdistys\\\/#\\\/schema\\\/person\\\/19de7db68bf72dfd2b5d7f6dfbf8454d\",\"name\":\"RSHY\",\"image\":{\"@type\":\"ImageObject\",\"inLanguage\":\"fi\",\"@id\":\"https:\\\/\\\/secure.gravatar.com\\\/avatar\\\/598d59263a69cc8de65fcb4f9db78d6f58c098cb0e0ba22d73377441af9fa04c?s=96&d=blank&r=g\",\"url\":\"https:\\\/\\\/secure.gravatar.com\\\/avatar\\\/598d59263a69cc8de65fcb4f9db78d6f58c098cb0e0ba22d73377441af9fa04c?s=96&d=blank&r=g\",\"contentUrl\":\"https:\\\/\\\/secure.gravatar.com\\\/avatar\\\/598d59263a69cc8de65fcb4f9db78d6f58c098cb0e0ba22d73377441af9fa04c?s=96&d=blank&r=g\",\"caption\":\"RSHY\"},\"url\":\"http:\\\/\\\/www.rukajarvensuunnanhistoriayhdistys.fi\\\/historiayhdistys\\\/author\\\/rshy\\\/\"}]}<\/script>\n<!-- \/ Yoast SEO plugin. -->","yoast_head_json":{"title":"Iisalmen Rukaj\u00e4rvi-keskuksen n\u00e4yteikkunat saivat uuden ilmeen. - Rukaj\u00e4rven suunnan historiayhdistys","robots":{"index":"index","follow":"follow","max-snippet":"max-snippet:-1","max-image-preview":"max-image-preview:large","max-video-preview":"max-video-preview:-1"},"canonical":"http:\/\/www.rukajarvensuunnanhistoriayhdistys.fi\/historiayhdistys\/iisalmen-rukajarvi-keskuksen-nayteikkunat-saivat-uuden-ilmeen\/","og_locale":"fi_FI","og_type":"article","og_title":"Iisalmen Rukaj\u00e4rvi-keskuksen n\u00e4yteikkunat saivat uuden ilmeen. - Rukaj\u00e4rven suunnan historiayhdistys","og_description":"Iisalmen Rukaj\u00e4rvi-keskus avattiin k\u00e4ytt\u00f6\u00f6n 13.3.2014. Keskus toimii\u00a0 Iisalmen Seurahuoneen lasisalissa. Tila on valoisa ja niinp\u00e4 ikkunajulisteet haalistuvat. Kaikki julisteet uusittiin talkoovoimin. Viel\u00e4 t\u00e4m\u00e4n kuukauden aikana uusitaan Iisalmen Rukaj\u00e4rvi-keskuksen valokuvan\u00e4yttely\u00e4. Keskus Teksti jatkuu...Iisalmen Rukaj\u00e4rvi-keskuksen n\u00e4yteikkunat saivat uuden ilmeen.\u2192","og_url":"http:\/\/www.rukajarvensuunnanhistoriayhdistys.fi\/historiayhdistys\/iisalmen-rukajarvi-keskuksen-nayteikkunat-saivat-uuden-ilmeen\/","og_site_name":"Rukaj\u00e4rven suunnan historiayhdistys","article_published_time":"2017-08-19T14:30:05+00:00","article_modified_time":"2017-08-19T14:30:40+00:00","og_image":[{"url":"http:\/\/www.rukajarvensuunnanhistoriayhdistys.fi\/historiayhdistys\/wp-content\/uploads\/2017\/08\/WP_20170814_18_04_53_Pro-Iisalmi.jpg","type":"","width":"","height":""}],"author":"RSHY","twitter_misc":{"Kirjoittanut":"RSHY","Arvioitu lukuaika":"1 minuutti"},"schema":{"@context":"https:\/\/schema.org","@graph":[{"@type":"Article","@id":"http:\/\/www.rukajarvensuunnanhistoriayhdistys.fi\/historiayhdistys\/iisalmen-rukajarvi-keskuksen-nayteikkunat-saivat-uuden-ilmeen\/#article","isPartOf":{"@id":"http:\/\/www.rukajarvensuunnanhistoriayhdistys.fi\/historiayhdistys\/iisalmen-rukajarvi-keskuksen-nayteikkunat-saivat-uuden-ilmeen\/"},"author":{"name":"RSHY","@id":"http:\/\/www.rukajarvensuunnanhistoriayhdistys.fi\/historiayhdistys\/#\/schema\/person\/19de7db68bf72dfd2b5d7f6dfbf8454d"},"headline":"Iisalmen Rukaj\u00e4rvi-keskuksen n\u00e4yteikkunat saivat uuden ilmeen.","datePublished":"2017-08-19T14:30:05+00:00","dateModified":"2017-08-19T14:30:40+00:00","mainEntityOfPage":{"@id":"http:\/\/www.rukajarvensuunnanhistoriayhdistys.fi\/historiayhdistys\/iisalmen-rukajarvi-keskuksen-nayteikkunat-saivat-uuden-ilmeen\/"},"wordCount":168,"publisher":{"@id":"http:\/\/www.rukajarvensuunnanhistoriayhdistys.fi\/historiayhdistys\/#organization"},"image":{"@id":"http:\/\/www.rukajarvensuunnanhistoriayhdistys.fi\/historiayhdistys\/iisalmen-rukajarvi-keskuksen-nayteikkunat-saivat-uuden-ilmeen\/#primaryimage"},"thumbnailUrl":"http:\/\/www.rukajarvensuunnanhistoriayhdistys.fi\/historiayhdistys\/wp-content\/uploads\/2017\/08\/WP_20170814_18_04_53_Pro-Iisalmi.jpg","articleSection":["Ajankohtaista","Rukaj\u00e4rvi-keskus","Rukaj\u00e4rvi-keskus \u2013 Kiuruvesi","Toiminta"],"inLanguage":"fi"},{"@type":"WebPage","@id":"http:\/\/www.rukajarvensuunnanhistoriayhdistys.fi\/historiayhdistys\/iisalmen-rukajarvi-keskuksen-nayteikkunat-saivat-uuden-ilmeen\/","url":"http:\/\/www.rukajarvensuunnanhistoriayhdistys.fi\/historiayhdistys\/iisalmen-rukajarvi-keskuksen-nayteikkunat-saivat-uuden-ilmeen\/","name":"Iisalmen Rukaj\u00e4rvi-keskuksen n\u00e4yteikkunat saivat uuden ilmeen. - Rukaj\u00e4rven suunnan historiayhdistys","isPartOf":{"@id":"http:\/\/www.rukajarvensuunnanhistoriayhdistys.fi\/historiayhdistys\/#website"},"primaryImageOfPage":{"@id":"http:\/\/www.rukajarvensuunnanhistoriayhdistys.fi\/historiayhdistys\/iisalmen-rukajarvi-keskuksen-nayteikkunat-saivat-uuden-ilmeen\/#primaryimage"},"image":{"@id":"http:\/\/www.rukajarvensuunnanhistoriayhdistys.fi\/historiayhdistys\/iisalmen-rukajarvi-keskuksen-nayteikkunat-saivat-uuden-ilmeen\/#primaryimage"},"thumbnailUrl":"http:\/\/www.rukajarvensuunnanhistoriayhdistys.fi\/historiayhdistys\/wp-content\/uploads\/2017\/08\/WP_20170814_18_04_53_Pro-Iisalmi.jpg","datePublished":"2017-08-19T14:30:05+00:00","dateModified":"2017-08-19T14:30:40+00:00","breadcrumb":{"@id":"http:\/\/www.rukajarvensuunnanhistoriayhdistys.fi\/historiayhdistys\/iisalmen-rukajarvi-keskuksen-nayteikkunat-saivat-uuden-ilmeen\/#breadcrumb"},"inLanguage":"fi","potentialAction":[{"@type":"ReadAction","target":["http:\/\/www.rukajarvensuunnanhistoriayhdistys.fi\/historiayhdistys\/iisalmen-rukajarvi-keskuksen-nayteikkunat-saivat-uuden-ilmeen\/"]}]},{"@type":"ImageObject","inLanguage":"fi","@id":"http:\/\/www.rukajarvensuunnanhistoriayhdistys.fi\/historiayhdistys\/iisalmen-rukajarvi-keskuksen-nayteikkunat-saivat-uuden-ilmeen\/#primaryimage","url":"http:\/\/www.rukajarvensuunnanhistoriayhdistys.fi\/historiayhdistys\/wp-content\/uploads\/2017\/08\/WP_20170814_18_04_53_Pro-Iisalmi.jpg","contentUrl":"http:\/\/www.rukajarvensuunnanhistoriayhdistys.fi\/historiayhdistys\/wp-content\/uploads\/2017\/08\/WP_20170814_18_04_53_Pro-Iisalmi.jpg","width":3072,"height":1728,"caption":"Talkoolaiset, Seppo R\u00e4ih\u00e4, Reijo Pulkkinen, Reijo Lappalainen, Seppo Ryh\u00e4nen. Kuva Tenho Tikkanen."},{"@type":"BreadcrumbList","@id":"http:\/\/www.rukajarvensuunnanhistoriayhdistys.fi\/historiayhdistys\/iisalmen-rukajarvi-keskuksen-nayteikkunat-saivat-uuden-ilmeen\/#breadcrumb","itemListElement":[{"@type":"ListItem","position":1,"name":"Etusivu","item":"http:\/\/www.rukajarvensuunnanhistoriayhdistys.fi\/historiayhdistys\/"},{"@type":"ListItem","position":2,"name":"Iisalmen Rukaj\u00e4rvi-keskuksen n\u00e4yteikkunat saivat uuden ilmeen."}]},{"@type":"WebSite","@id":"http:\/\/www.rukajarvensuunnanhistoriayhdistys.fi\/historiayhdistys\/#website","url":"http:\/\/www.rukajarvensuunnanhistoriayhdistys.fi\/historiayhdistys\/","name":"Rukaj\u00e4rven suunnan historiayhdistys","description":"Rukaj\u00e4rven suunnan historiayhdistyksen verkkosivut.","publisher":{"@id":"http:\/\/www.rukajarvensuunnanhistoriayhdistys.fi\/historiayhdistys\/#organization"},"potentialAction":[{"@type":"SearchAction","target":{"@type":"EntryPoint","urlTemplate":"http:\/\/www.rukajarvensuunnanhistoriayhdistys.fi\/historiayhdistys\/?s={search_term_string}"},"query-input":{"@type":"PropertyValueSpecification","valueRequired":true,"valueName":"search_term_string"}}],"inLanguage":"fi"},{"@type":"Organization","@id":"http:\/\/www.rukajarvensuunnanhistoriayhdistys.fi\/historiayhdistys\/#organization","name":"Rukaj\u00e4rven suunnan historiayhdistys","url":"http:\/\/www.rukajarvensuunnanhistoriayhdistys.fi\/historiayhdistys\/","logo":{"@type":"ImageObject","inLanguage":"fi","@id":"http:\/\/www.rukajarvensuunnanhistoriayhdistys.fi\/historiayhdistys\/#\/schema\/logo\/image\/","url":"http:\/\/www.rukajarvensuunnanhistoriayhdistys.fi\/historiayhdistys\/wp-content\/uploads\/2013\/12\/Otsake_3.jpg","contentUrl":"http:\/\/www.rukajarvensuunnanhistoriayhdistys.fi\/historiayhdistys\/wp-content\/uploads\/2013\/12\/Otsake_3.jpg","width":1000,"height":442,"caption":"Rukaj\u00e4rven suunnan historiayhdistys"},"image":{"@id":"http:\/\/www.rukajarvensuunnanhistoriayhdistys.fi\/historiayhdistys\/#\/schema\/logo\/image\/"}},{"@type":"Person","@id":"http:\/\/www.rukajarvensuunnanhistoriayhdistys.fi\/historiayhdistys\/#\/schema\/person\/19de7db68bf72dfd2b5d7f6dfbf8454d","name":"RSHY","image":{"@type":"ImageObject","inLanguage":"fi","@id":"https:\/\/secure.gravatar.com\/avatar\/598d59263a69cc8de65fcb4f9db78d6f58c098cb0e0ba22d73377441af9fa04c?s=96&d=blank&r=g","url":"https:\/\/secure.gravatar.com\/avatar\/598d59263a69cc8de65fcb4f9db78d6f58c098cb0e0ba22d73377441af9fa04c?s=96&d=blank&r=g","contentUrl":"https:\/\/secure.gravatar.com\/avatar\/598d59263a69cc8de65fcb4f9db78d6f58c098cb0e0ba22d73377441af9fa04c?s=96&d=blank&r=g","caption":"RSHY"},"url":"http:\/\/www.rukajarvensuunnanhistoriayhdistys.fi\/historiayhdistys\/author\/rshy\/"}]}},"_links":{"self":[{"href":"http:\/\/www.rukajarvensuunnanhistoriayhdistys.fi\/historiayhdistys\/wp-json\/wp\/v2\/posts\/11671","targetHints":{"allow":["GET"]}}],"collection":[{"href":"http:\/\/www.rukajarvensuunnanhistoriayhdistys.fi\/historiayhdistys\/wp-json\/wp\/v2\/posts"}],"about":[{"href":"http:\/\/www.rukajarvensuunnanhistoriayhdistys.fi\/historiayhdistys\/wp-json\/wp\/v2\/types\/post"}],"author":[{"embeddable":true,"href":"http:\/\/www.rukajarvensuunnanhistoriayhdistys.fi\/historiayhdistys\/wp-json\/wp\/v2\/users\/3"}],"replies":[{"embeddable":true,"href":"http:\/\/www.rukajarvensuunnanhistoriayhdistys.fi\/historiayhdistys\/wp-json\/wp\/v2\/comments?post=11671"}],"version-history":[{"count":2,"href":"http:\/\/www.rukajarvensuunnanhistoriayhdistys.fi\/historiayhdistys\/wp-json\/wp\/v2\/posts\/11671\/revisions"}],"predecessor-version":[{"id":11677,"href":"http:\/\/www.rukajarvensuunnanhistoriayhdistys.fi\/historiayhdistys\/wp-json\/wp\/v2\/posts\/11671\/revisions\/11677"}],"wp:attachment":[{"href":"http:\/\/www.rukajarvensuunnanhistoriayhdistys.fi\/historiayhdistys\/wp-json\/wp\/v2\/media?parent=11671"}],"wp:term":[{"taxonomy":"category","embeddable":true,"href":"http:\/\/www.rukajarvensuunnanhistoriayhdistys.fi\/historiayhdistys\/wp-json\/wp\/v2\/categories?post=11671"},{"taxonomy":"post_tag","embeddable":true,"href":"http:\/\/www.rukajarvensuunnanhistoriayhdistys.fi\/historiayhdistys\/wp-json\/wp\/v2\/tags?post=11671"}],"curies":[{"name":"wp","href":"https:\/\/api.w.org\/{rel}","templated":true}]}}