{"id":11678,"date":"2017-08-19T18:14:59","date_gmt":"2017-08-19T15:14:59","guid":{"rendered":"http:\/\/www.rukajarvensuunnanhistoriayhdistys.fi\/historiayhdistys\/?p=11678"},"modified":"2017-08-19T18:19:10","modified_gmt":"2017-08-19T15:19:10","slug":"parhaat-kiitoksemme-muistamisesta","status":"publish","type":"post","link":"http:\/\/www.rukajarvensuunnanhistoriayhdistys.fi\/historiayhdistys\/parhaat-kiitoksemme-muistamisesta\/","title":{"rendered":"Parhaat kiitoksemme muistamisesta"},"content":{"rendered":"<div class=\"fcbkbttn_buttons_block\" id=\"fcbkbttn_left\"><div class=\"fcbkbttn_like \"><fb:like href=\"http:\/\/www.rukajarvensuunnanhistoriayhdistys.fi\/historiayhdistys\/parhaat-kiitoksemme-muistamisesta\/\" action=\"like\" colorscheme=\"light\" layout=\"button_count\"  size=\"small\"><\/fb:like><\/div><\/div><p>Pentti Perttulin muistorahastoa kartuttivat omaisten toivomuksen mukaisesti seuraavat yksityiset henkil\u00f6t ja yhteis\u00f6t:<\/p>\n<p><a href=\"http:\/\/www.rukajarvensuunnanhistoriayhdistys.fi\/historiayhdistys\/parhaat-kiitoksemme-muistamisesta\/perttuli-pentti-muistaneet_page_1\/\" rel=\"attachment wp-att-11680\"><img loading=\"lazy\" decoding=\"async\" class=\"aligncenter size-full wp-image-11680\" src=\"http:\/\/www.rukajarvensuunnanhistoriayhdistys.fi\/historiayhdistys\/wp-content\/uploads\/2017\/08\/Perttuli-Pentti-muistaneet_Page_1.jpg\" alt=\"\" width=\"1389\" height=\"1608\" data-id=\"11680\" srcset=\"http:\/\/www.rukajarvensuunnanhistoriayhdistys.fi\/historiayhdistys\/wp-content\/uploads\/2017\/08\/Perttuli-Pentti-muistaneet_Page_1.jpg 1389w, http:\/\/www.rukajarvensuunnanhistoriayhdistys.fi\/historiayhdistys\/wp-content\/uploads\/2017\/08\/Perttuli-Pentti-muistaneet_Page_1-259x300.jpg 259w, http:\/\/www.rukajarvensuunnanhistoriayhdistys.fi\/historiayhdistys\/wp-content\/uploads\/2017\/08\/Perttuli-Pentti-muistaneet_Page_1-768x889.jpg 768w, http:\/\/www.rukajarvensuunnanhistoriayhdistys.fi\/historiayhdistys\/wp-content\/uploads\/2017\/08\/Perttuli-Pentti-muistaneet_Page_1-885x1024.jpg 885w\" sizes=\"auto, (max-width: 1389px) 100vw, 1389px\" \/><\/a><\/p>\n<p>Pentti Perttulin l\u00e4hiomaiset ja Rukaj\u00e4rven suunnan historiayhdistys yhdess\u00e4 ovat l\u00e4hett\u00e4neet edell\u00e4 mainituille henkil\u00f6ille ja yhteis\u00f6ille kiitoskirjeen, joka on l\u00e4hetetty Pentti Perttulin kuvalla varustetulla postimerkill\u00e4.<\/p>\n<figure id=\"attachment_11681\" aria-describedby=\"caption-attachment-11681\" style=\"width: 247px\" class=\"wp-caption aligncenter\"><a href=\"http:\/\/www.rukajarvensuunnanhistoriayhdistys.fi\/historiayhdistys\/parhaat-kiitoksemme-muistamisesta\/postimerkki-pentti-perttuli-2017-2\/\" rel=\"attachment wp-att-11681\"><img loading=\"lazy\" decoding=\"async\" class=\"size-full wp-image-11681\" src=\"http:\/\/www.rukajarvensuunnanhistoriayhdistys.fi\/historiayhdistys\/wp-content\/uploads\/2017\/08\/Postimerkki-Pentti-Perttuli-2017-2.jpg\" alt=\"\" width=\"247\" height=\"299\" data-id=\"11681\" \/><\/a><figcaption id=\"caption-attachment-11681\" class=\"wp-caption-text\">Pentti Perttulin omakuvapostimerkki<\/figcaption><\/figure>\n<p><a href=\"http:\/\/www.rukajarvensuunnanhistoriayhdistys.fi\/historiayhdistys\/parhaat-kiitoksemme-muistamisesta\/arvoisa-pentti-perttulin-ystava-kiitos-nimet-jpg\/\" rel=\"attachment wp-att-11679\"><img loading=\"lazy\" decoding=\"async\" class=\"aligncenter size-full wp-image-11679\" src=\"http:\/\/www.rukajarvensuunnanhistoriayhdistys.fi\/historiayhdistys\/wp-content\/uploads\/2017\/08\/Arvoisa-Pentti-Perttulin-yst\u00e4v\u00e4-kiitos-nimet-jpg.jpg\" alt=\"\" width=\"1241\" height=\"1754\" data-id=\"11679\" srcset=\"http:\/\/www.rukajarvensuunnanhistoriayhdistys.fi\/historiayhdistys\/wp-content\/uploads\/2017\/08\/Arvoisa-Pentti-Perttulin-yst\u00e4v\u00e4-kiitos-nimet-jpg.jpg 1241w, http:\/\/www.rukajarvensuunnanhistoriayhdistys.fi\/historiayhdistys\/wp-content\/uploads\/2017\/08\/Arvoisa-Pentti-Perttulin-yst\u00e4v\u00e4-kiitos-nimet-jpg-212x300.jpg 212w, http:\/\/www.rukajarvensuunnanhistoriayhdistys.fi\/historiayhdistys\/wp-content\/uploads\/2017\/08\/Arvoisa-Pentti-Perttulin-yst\u00e4v\u00e4-kiitos-nimet-jpg-768x1085.jpg 768w, http:\/\/www.rukajarvensuunnanhistoriayhdistys.fi\/historiayhdistys\/wp-content\/uploads\/2017\/08\/Arvoisa-Pentti-Perttulin-yst\u00e4v\u00e4-kiitos-nimet-jpg-725x1024.jpg 725w\" sizes=\"auto, (max-width: 1241px) 100vw, 1241px\" \/><\/a><\/p>\n<p>Varat on rahastoitu ja niit\u00e4 kertyi 4.174 \u20ac. Varat k\u00e4ytet\u00e4\u00e4n vuosittain Pentti Perttuli syntym\u00e4p\u00e4iv\u00e4n (13.3.) tienoilla j\u00e4rjestett\u00e4v\u00e4n &#8221;Perttulin Jotos-seminaarin j\u00e4rjest\u00e4misest\u00e4 aiheutuvien kulujen kattamiseen. Ensimm\u00e4inen seminaaritilaisuus pidettiin jo 12.3.2017 Iisalmen Rukaj\u00e4rvi-keskuksessa.<\/p>\n<p>Pentti Perttulin poismenosta olemme julkaisseet t\u00e4ll\u00e4 sivulla aiemmin seuraavat artikkelit:<\/p>\n<ul>\n<li>Uutinen Pentti Perttulin poismenosta <a href=\"http:\/\/www.rukajarvensuunnanhistoriayhdistys.fi\/historiayhdistys\/yhdistyksemme-perustajajasen-rukajarven-veteraani-pentti-perttuli-poissa\/\"><strong>T\u00c4\u00c4LT\u00c4<\/strong><\/a>:<\/li>\n<li>Pentti Perttulin muistokirjoitus <a href=\"http:\/\/www.rukajarvensuunnanhistoriayhdistys.fi\/historiayhdistys\/pentti-perttulin-muistolle\/\"><strong>T\u00c4\u00c4LT\u00c4<\/strong><\/a>:<\/li>\n<li>Uutinen Pentti Perttulin hautajaisista ja muistotilaisuudesta <a href=\"http:\/\/www.rukajarvensuunnanhistoriayhdistys.fi\/historiayhdistys\/sakylan-kirkko-tayttyi-saattelemaan-pentti-perttulia-viimeiselle-matkalle\/\"><strong>T\u00c4\u00c4LT\u00c4<\/strong><\/a>:<\/li>\n<\/ul>\n<p>&nbsp;<\/p>\n","protected":false},"excerpt":{"rendered":"<p>Pentti Perttulin muistorahastoa kartuttivat omaisten toivomuksen mukaisesti seuraavat yksityiset henkil\u00f6t ja yhteis\u00f6t: Pentti Perttulin l\u00e4hiomaiset ja Rukaj\u00e4rven suunnan historiayhdistys yhdess\u00e4 ovat l\u00e4hett\u00e4neet edell\u00e4 mainituille henkil\u00f6ille ja yhteis\u00f6ille kiitoskirjeen, joka on <a class=\"more-link\" href=\"http:\/\/www.rukajarvensuunnanhistoriayhdistys.fi\/historiayhdistys\/parhaat-kiitoksemme-muistamisesta\/\">Teksti jatkuu&#8230;<span class=\"screen-reader-text\">Parhaat kiitoksemme muistamisesta<\/span><span class=\"meta-nav\">\u2192<\/span><\/a><\/p>\n","protected":false},"author":3,"featured_media":0,"comment_status":"closed","ping_status":"open","sticky":false,"template":"","format":"standard","meta":{"footnotes":""},"categories":[22,21,17],"tags":[],"class_list":["post-11678","post","type-post","status-publish","format-standard","hentry","category-ajankohtaista","category-rukajarvi-keskus","category-toiminta"],"yoast_head":"<!-- This site is optimized with the Yoast SEO plugin v27.4 - https:\/\/yoast.com\/product\/yoast-seo-wordpress\/ -->\n<title>Parhaat kiitoksemme muistamisesta - Rukaj\u00e4rven suunnan historiayhdistys<\/title>\n<meta name=\"robots\" content=\"index, follow, max-snippet:-1, max-image-preview:large, max-video-preview:-1\" \/>\n<link rel=\"canonical\" href=\"https:\/\/www.rukajarvensuunnanhistoriayhdistys.fi\/historiayhdistys\/parhaat-kiitoksemme-muistamisesta\/\" \/>\n<meta property=\"og:locale\" content=\"fi_FI\" \/>\n<meta property=\"og:type\" content=\"article\" \/>\n<meta property=\"og:title\" content=\"Parhaat kiitoksemme muistamisesta - Rukaj\u00e4rven suunnan historiayhdistys\" \/>\n<meta property=\"og:description\" content=\"Pentti Perttulin muistorahastoa kartuttivat omaisten toivomuksen mukaisesti seuraavat yksityiset henkil\u00f6t ja yhteis\u00f6t: Pentti Perttulin l\u00e4hiomaiset ja Rukaj\u00e4rven suunnan historiayhdistys yhdess\u00e4 ovat l\u00e4hett\u00e4neet edell\u00e4 mainituille henkil\u00f6ille ja yhteis\u00f6ille kiitoskirjeen, joka on Teksti jatkuu...Parhaat kiitoksemme muistamisesta\u2192\" \/>\n<meta property=\"og:url\" content=\"https:\/\/www.rukajarvensuunnanhistoriayhdistys.fi\/historiayhdistys\/parhaat-kiitoksemme-muistamisesta\/\" \/>\n<meta property=\"og:site_name\" content=\"Rukaj\u00e4rven suunnan historiayhdistys\" \/>\n<meta property=\"article:published_time\" content=\"2017-08-19T15:14:59+00:00\" \/>\n<meta property=\"article:modified_time\" content=\"2017-08-19T15:19:10+00:00\" \/>\n<meta property=\"og:image\" content=\"http:\/\/www.rukajarvensuunnanhistoriayhdistys.fi\/historiayhdistys\/wp-content\/uploads\/2017\/08\/Perttuli-Pentti-muistaneet_Page_1.jpg\" \/>\n<meta name=\"author\" content=\"RSHY\" \/>\n<meta name=\"twitter:label1\" content=\"Kirjoittanut\" \/>\n\t<meta name=\"twitter:data1\" content=\"RSHY\" \/>\n\t<meta name=\"twitter:label2\" content=\"Arvioitu lukuaika\" \/>\n\t<meta name=\"twitter:data2\" content=\"1 minuutti\" \/>\n<script type=\"application\/ld+json\" class=\"yoast-schema-graph\">{\"@context\":\"https:\\\/\\\/schema.org\",\"@graph\":[{\"@type\":\"Article\",\"@id\":\"https:\\\/\\\/www.rukajarvensuunnanhistoriayhdistys.fi\\\/historiayhdistys\\\/parhaat-kiitoksemme-muistamisesta\\\/#article\",\"isPartOf\":{\"@id\":\"https:\\\/\\\/www.rukajarvensuunnanhistoriayhdistys.fi\\\/historiayhdistys\\\/parhaat-kiitoksemme-muistamisesta\\\/\"},\"author\":{\"name\":\"RSHY\",\"@id\":\"http:\\\/\\\/www.rukajarvensuunnanhistoriayhdistys.fi\\\/historiayhdistys\\\/#\\\/schema\\\/person\\\/19de7db68bf72dfd2b5d7f6dfbf8454d\"},\"headline\":\"Parhaat kiitoksemme muistamisesta\",\"datePublished\":\"2017-08-19T15:14:59+00:00\",\"dateModified\":\"2017-08-19T15:19:10+00:00\",\"mainEntityOfPage\":{\"@id\":\"https:\\\/\\\/www.rukajarvensuunnanhistoriayhdistys.fi\\\/historiayhdistys\\\/parhaat-kiitoksemme-muistamisesta\\\/\"},\"wordCount\":127,\"publisher\":{\"@id\":\"http:\\\/\\\/www.rukajarvensuunnanhistoriayhdistys.fi\\\/historiayhdistys\\\/#organization\"},\"image\":{\"@id\":\"https:\\\/\\\/www.rukajarvensuunnanhistoriayhdistys.fi\\\/historiayhdistys\\\/parhaat-kiitoksemme-muistamisesta\\\/#primaryimage\"},\"thumbnailUrl\":\"http:\\\/\\\/www.rukajarvensuunnanhistoriayhdistys.fi\\\/historiayhdistys\\\/wp-content\\\/uploads\\\/2017\\\/08\\\/Perttuli-Pentti-muistaneet_Page_1.jpg\",\"articleSection\":[\"Ajankohtaista\",\"Rukaj\u00e4rvi-keskus\",\"Toiminta\"],\"inLanguage\":\"fi\"},{\"@type\":\"WebPage\",\"@id\":\"https:\\\/\\\/www.rukajarvensuunnanhistoriayhdistys.fi\\\/historiayhdistys\\\/parhaat-kiitoksemme-muistamisesta\\\/\",\"url\":\"https:\\\/\\\/www.rukajarvensuunnanhistoriayhdistys.fi\\\/historiayhdistys\\\/parhaat-kiitoksemme-muistamisesta\\\/\",\"name\":\"Parhaat kiitoksemme muistamisesta - Rukaj\u00e4rven suunnan historiayhdistys\",\"isPartOf\":{\"@id\":\"http:\\\/\\\/www.rukajarvensuunnanhistoriayhdistys.fi\\\/historiayhdistys\\\/#website\"},\"primaryImageOfPage\":{\"@id\":\"https:\\\/\\\/www.rukajarvensuunnanhistoriayhdistys.fi\\\/historiayhdistys\\\/parhaat-kiitoksemme-muistamisesta\\\/#primaryimage\"},\"image\":{\"@id\":\"https:\\\/\\\/www.rukajarvensuunnanhistoriayhdistys.fi\\\/historiayhdistys\\\/parhaat-kiitoksemme-muistamisesta\\\/#primaryimage\"},\"thumbnailUrl\":\"http:\\\/\\\/www.rukajarvensuunnanhistoriayhdistys.fi\\\/historiayhdistys\\\/wp-content\\\/uploads\\\/2017\\\/08\\\/Perttuli-Pentti-muistaneet_Page_1.jpg\",\"datePublished\":\"2017-08-19T15:14:59+00:00\",\"dateModified\":\"2017-08-19T15:19:10+00:00\",\"breadcrumb\":{\"@id\":\"https:\\\/\\\/www.rukajarvensuunnanhistoriayhdistys.fi\\\/historiayhdistys\\\/parhaat-kiitoksemme-muistamisesta\\\/#breadcrumb\"},\"inLanguage\":\"fi\",\"potentialAction\":[{\"@type\":\"ReadAction\",\"target\":[\"https:\\\/\\\/www.rukajarvensuunnanhistoriayhdistys.fi\\\/historiayhdistys\\\/parhaat-kiitoksemme-muistamisesta\\\/\"]}]},{\"@type\":\"ImageObject\",\"inLanguage\":\"fi\",\"@id\":\"https:\\\/\\\/www.rukajarvensuunnanhistoriayhdistys.fi\\\/historiayhdistys\\\/parhaat-kiitoksemme-muistamisesta\\\/#primaryimage\",\"url\":\"http:\\\/\\\/www.rukajarvensuunnanhistoriayhdistys.fi\\\/historiayhdistys\\\/wp-content\\\/uploads\\\/2017\\\/08\\\/Perttuli-Pentti-muistaneet_Page_1.jpg\",\"contentUrl\":\"http:\\\/\\\/www.rukajarvensuunnanhistoriayhdistys.fi\\\/historiayhdistys\\\/wp-content\\\/uploads\\\/2017\\\/08\\\/Perttuli-Pentti-muistaneet_Page_1.jpg\",\"width\":1389,\"height\":1608},{\"@type\":\"BreadcrumbList\",\"@id\":\"https:\\\/\\\/www.rukajarvensuunnanhistoriayhdistys.fi\\\/historiayhdistys\\\/parhaat-kiitoksemme-muistamisesta\\\/#breadcrumb\",\"itemListElement\":[{\"@type\":\"ListItem\",\"position\":1,\"name\":\"Etusivu\",\"item\":\"http:\\\/\\\/www.rukajarvensuunnanhistoriayhdistys.fi\\\/historiayhdistys\\\/\"},{\"@type\":\"ListItem\",\"position\":2,\"name\":\"Parhaat kiitoksemme muistamisesta\"}]},{\"@type\":\"WebSite\",\"@id\":\"http:\\\/\\\/www.rukajarvensuunnanhistoriayhdistys.fi\\\/historiayhdistys\\\/#website\",\"url\":\"http:\\\/\\\/www.rukajarvensuunnanhistoriayhdistys.fi\\\/historiayhdistys\\\/\",\"name\":\"Rukaj\u00e4rven suunnan historiayhdistys\",\"description\":\"Rukaj\u00e4rven suunnan historiayhdistyksen verkkosivut.\",\"publisher\":{\"@id\":\"http:\\\/\\\/www.rukajarvensuunnanhistoriayhdistys.fi\\\/historiayhdistys\\\/#organization\"},\"potentialAction\":[{\"@type\":\"SearchAction\",\"target\":{\"@type\":\"EntryPoint\",\"urlTemplate\":\"http:\\\/\\\/www.rukajarvensuunnanhistoriayhdistys.fi\\\/historiayhdistys\\\/?s={search_term_string}\"},\"query-input\":{\"@type\":\"PropertyValueSpecification\",\"valueRequired\":true,\"valueName\":\"search_term_string\"}}],\"inLanguage\":\"fi\"},{\"@type\":\"Organization\",\"@id\":\"http:\\\/\\\/www.rukajarvensuunnanhistoriayhdistys.fi\\\/historiayhdistys\\\/#organization\",\"name\":\"Rukaj\u00e4rven suunnan historiayhdistys\",\"url\":\"http:\\\/\\\/www.rukajarvensuunnanhistoriayhdistys.fi\\\/historiayhdistys\\\/\",\"logo\":{\"@type\":\"ImageObject\",\"inLanguage\":\"fi\",\"@id\":\"http:\\\/\\\/www.rukajarvensuunnanhistoriayhdistys.fi\\\/historiayhdistys\\\/#\\\/schema\\\/logo\\\/image\\\/\",\"url\":\"http:\\\/\\\/www.rukajarvensuunnanhistoriayhdistys.fi\\\/historiayhdistys\\\/wp-content\\\/uploads\\\/2013\\\/12\\\/Otsake_3.jpg\",\"contentUrl\":\"http:\\\/\\\/www.rukajarvensuunnanhistoriayhdistys.fi\\\/historiayhdistys\\\/wp-content\\\/uploads\\\/2013\\\/12\\\/Otsake_3.jpg\",\"width\":1000,\"height\":442,\"caption\":\"Rukaj\u00e4rven suunnan historiayhdistys\"},\"image\":{\"@id\":\"http:\\\/\\\/www.rukajarvensuunnanhistoriayhdistys.fi\\\/historiayhdistys\\\/#\\\/schema\\\/logo\\\/image\\\/\"}},{\"@type\":\"Person\",\"@id\":\"http:\\\/\\\/www.rukajarvensuunnanhistoriayhdistys.fi\\\/historiayhdistys\\\/#\\\/schema\\\/person\\\/19de7db68bf72dfd2b5d7f6dfbf8454d\",\"name\":\"RSHY\",\"image\":{\"@type\":\"ImageObject\",\"inLanguage\":\"fi\",\"@id\":\"https:\\\/\\\/secure.gravatar.com\\\/avatar\\\/598d59263a69cc8de65fcb4f9db78d6f58c098cb0e0ba22d73377441af9fa04c?s=96&d=blank&r=g\",\"url\":\"https:\\\/\\\/secure.gravatar.com\\\/avatar\\\/598d59263a69cc8de65fcb4f9db78d6f58c098cb0e0ba22d73377441af9fa04c?s=96&d=blank&r=g\",\"contentUrl\":\"https:\\\/\\\/secure.gravatar.com\\\/avatar\\\/598d59263a69cc8de65fcb4f9db78d6f58c098cb0e0ba22d73377441af9fa04c?s=96&d=blank&r=g\",\"caption\":\"RSHY\"},\"url\":\"http:\\\/\\\/www.rukajarvensuunnanhistoriayhdistys.fi\\\/historiayhdistys\\\/author\\\/rshy\\\/\"}]}<\/script>\n<!-- \/ Yoast SEO plugin. -->","yoast_head_json":{"title":"Parhaat kiitoksemme muistamisesta - Rukaj\u00e4rven suunnan historiayhdistys","robots":{"index":"index","follow":"follow","max-snippet":"max-snippet:-1","max-image-preview":"max-image-preview:large","max-video-preview":"max-video-preview:-1"},"canonical":"https:\/\/www.rukajarvensuunnanhistoriayhdistys.fi\/historiayhdistys\/parhaat-kiitoksemme-muistamisesta\/","og_locale":"fi_FI","og_type":"article","og_title":"Parhaat kiitoksemme muistamisesta - Rukaj\u00e4rven suunnan historiayhdistys","og_description":"Pentti Perttulin muistorahastoa kartuttivat omaisten toivomuksen mukaisesti seuraavat yksityiset henkil\u00f6t ja yhteis\u00f6t: Pentti Perttulin l\u00e4hiomaiset ja Rukaj\u00e4rven suunnan historiayhdistys yhdess\u00e4 ovat l\u00e4hett\u00e4neet edell\u00e4 mainituille henkil\u00f6ille ja yhteis\u00f6ille kiitoskirjeen, joka on Teksti jatkuu...Parhaat kiitoksemme muistamisesta\u2192","og_url":"https:\/\/www.rukajarvensuunnanhistoriayhdistys.fi\/historiayhdistys\/parhaat-kiitoksemme-muistamisesta\/","og_site_name":"Rukaj\u00e4rven suunnan historiayhdistys","article_published_time":"2017-08-19T15:14:59+00:00","article_modified_time":"2017-08-19T15:19:10+00:00","og_image":[{"url":"http:\/\/www.rukajarvensuunnanhistoriayhdistys.fi\/historiayhdistys\/wp-content\/uploads\/2017\/08\/Perttuli-Pentti-muistaneet_Page_1.jpg","type":"","width":"","height":""}],"author":"RSHY","twitter_misc":{"Kirjoittanut":"RSHY","Arvioitu lukuaika":"1 minuutti"},"schema":{"@context":"https:\/\/schema.org","@graph":[{"@type":"Article","@id":"https:\/\/www.rukajarvensuunnanhistoriayhdistys.fi\/historiayhdistys\/parhaat-kiitoksemme-muistamisesta\/#article","isPartOf":{"@id":"https:\/\/www.rukajarvensuunnanhistoriayhdistys.fi\/historiayhdistys\/parhaat-kiitoksemme-muistamisesta\/"},"author":{"name":"RSHY","@id":"http:\/\/www.rukajarvensuunnanhistoriayhdistys.fi\/historiayhdistys\/#\/schema\/person\/19de7db68bf72dfd2b5d7f6dfbf8454d"},"headline":"Parhaat kiitoksemme muistamisesta","datePublished":"2017-08-19T15:14:59+00:00","dateModified":"2017-08-19T15:19:10+00:00","mainEntityOfPage":{"@id":"https:\/\/www.rukajarvensuunnanhistoriayhdistys.fi\/historiayhdistys\/parhaat-kiitoksemme-muistamisesta\/"},"wordCount":127,"publisher":{"@id":"http:\/\/www.rukajarvensuunnanhistoriayhdistys.fi\/historiayhdistys\/#organization"},"image":{"@id":"https:\/\/www.rukajarvensuunnanhistoriayhdistys.fi\/historiayhdistys\/parhaat-kiitoksemme-muistamisesta\/#primaryimage"},"thumbnailUrl":"http:\/\/www.rukajarvensuunnanhistoriayhdistys.fi\/historiayhdistys\/wp-content\/uploads\/2017\/08\/Perttuli-Pentti-muistaneet_Page_1.jpg","articleSection":["Ajankohtaista","Rukaj\u00e4rvi-keskus","Toiminta"],"inLanguage":"fi"},{"@type":"WebPage","@id":"https:\/\/www.rukajarvensuunnanhistoriayhdistys.fi\/historiayhdistys\/parhaat-kiitoksemme-muistamisesta\/","url":"https:\/\/www.rukajarvensuunnanhistoriayhdistys.fi\/historiayhdistys\/parhaat-kiitoksemme-muistamisesta\/","name":"Parhaat kiitoksemme muistamisesta - Rukaj\u00e4rven suunnan historiayhdistys","isPartOf":{"@id":"http:\/\/www.rukajarvensuunnanhistoriayhdistys.fi\/historiayhdistys\/#website"},"primaryImageOfPage":{"@id":"https:\/\/www.rukajarvensuunnanhistoriayhdistys.fi\/historiayhdistys\/parhaat-kiitoksemme-muistamisesta\/#primaryimage"},"image":{"@id":"https:\/\/www.rukajarvensuunnanhistoriayhdistys.fi\/historiayhdistys\/parhaat-kiitoksemme-muistamisesta\/#primaryimage"},"thumbnailUrl":"http:\/\/www.rukajarvensuunnanhistoriayhdistys.fi\/historiayhdistys\/wp-content\/uploads\/2017\/08\/Perttuli-Pentti-muistaneet_Page_1.jpg","datePublished":"2017-08-19T15:14:59+00:00","dateModified":"2017-08-19T15:19:10+00:00","breadcrumb":{"@id":"https:\/\/www.rukajarvensuunnanhistoriayhdistys.fi\/historiayhdistys\/parhaat-kiitoksemme-muistamisesta\/#breadcrumb"},"inLanguage":"fi","potentialAction":[{"@type":"ReadAction","target":["https:\/\/www.rukajarvensuunnanhistoriayhdistys.fi\/historiayhdistys\/parhaat-kiitoksemme-muistamisesta\/"]}]},{"@type":"ImageObject","inLanguage":"fi","@id":"https:\/\/www.rukajarvensuunnanhistoriayhdistys.fi\/historiayhdistys\/parhaat-kiitoksemme-muistamisesta\/#primaryimage","url":"http:\/\/www.rukajarvensuunnanhistoriayhdistys.fi\/historiayhdistys\/wp-content\/uploads\/2017\/08\/Perttuli-Pentti-muistaneet_Page_1.jpg","contentUrl":"http:\/\/www.rukajarvensuunnanhistoriayhdistys.fi\/historiayhdistys\/wp-content\/uploads\/2017\/08\/Perttuli-Pentti-muistaneet_Page_1.jpg","width":1389,"height":1608},{"@type":"BreadcrumbList","@id":"https:\/\/www.rukajarvensuunnanhistoriayhdistys.fi\/historiayhdistys\/parhaat-kiitoksemme-muistamisesta\/#breadcrumb","itemListElement":[{"@type":"ListItem","position":1,"name":"Etusivu","item":"http:\/\/www.rukajarvensuunnanhistoriayhdistys.fi\/historiayhdistys\/"},{"@type":"ListItem","position":2,"name":"Parhaat kiitoksemme muistamisesta"}]},{"@type":"WebSite","@id":"http:\/\/www.rukajarvensuunnanhistoriayhdistys.fi\/historiayhdistys\/#website","url":"http:\/\/www.rukajarvensuunnanhistoriayhdistys.fi\/historiayhdistys\/","name":"Rukaj\u00e4rven suunnan historiayhdistys","description":"Rukaj\u00e4rven suunnan historiayhdistyksen verkkosivut.","publisher":{"@id":"http:\/\/www.rukajarvensuunnanhistoriayhdistys.fi\/historiayhdistys\/#organization"},"potentialAction":[{"@type":"SearchAction","target":{"@type":"EntryPoint","urlTemplate":"http:\/\/www.rukajarvensuunnanhistoriayhdistys.fi\/historiayhdistys\/?s={search_term_string}"},"query-input":{"@type":"PropertyValueSpecification","valueRequired":true,"valueName":"search_term_string"}}],"inLanguage":"fi"},{"@type":"Organization","@id":"http:\/\/www.rukajarvensuunnanhistoriayhdistys.fi\/historiayhdistys\/#organization","name":"Rukaj\u00e4rven suunnan historiayhdistys","url":"http:\/\/www.rukajarvensuunnanhistoriayhdistys.fi\/historiayhdistys\/","logo":{"@type":"ImageObject","inLanguage":"fi","@id":"http:\/\/www.rukajarvensuunnanhistoriayhdistys.fi\/historiayhdistys\/#\/schema\/logo\/image\/","url":"http:\/\/www.rukajarvensuunnanhistoriayhdistys.fi\/historiayhdistys\/wp-content\/uploads\/2013\/12\/Otsake_3.jpg","contentUrl":"http:\/\/www.rukajarvensuunnanhistoriayhdistys.fi\/historiayhdistys\/wp-content\/uploads\/2013\/12\/Otsake_3.jpg","width":1000,"height":442,"caption":"Rukaj\u00e4rven suunnan historiayhdistys"},"image":{"@id":"http:\/\/www.rukajarvensuunnanhistoriayhdistys.fi\/historiayhdistys\/#\/schema\/logo\/image\/"}},{"@type":"Person","@id":"http:\/\/www.rukajarvensuunnanhistoriayhdistys.fi\/historiayhdistys\/#\/schema\/person\/19de7db68bf72dfd2b5d7f6dfbf8454d","name":"RSHY","image":{"@type":"ImageObject","inLanguage":"fi","@id":"https:\/\/secure.gravatar.com\/avatar\/598d59263a69cc8de65fcb4f9db78d6f58c098cb0e0ba22d73377441af9fa04c?s=96&d=blank&r=g","url":"https:\/\/secure.gravatar.com\/avatar\/598d59263a69cc8de65fcb4f9db78d6f58c098cb0e0ba22d73377441af9fa04c?s=96&d=blank&r=g","contentUrl":"https:\/\/secure.gravatar.com\/avatar\/598d59263a69cc8de65fcb4f9db78d6f58c098cb0e0ba22d73377441af9fa04c?s=96&d=blank&r=g","caption":"RSHY"},"url":"http:\/\/www.rukajarvensuunnanhistoriayhdistys.fi\/historiayhdistys\/author\/rshy\/"}]}},"_links":{"self":[{"href":"http:\/\/www.rukajarvensuunnanhistoriayhdistys.fi\/historiayhdistys\/wp-json\/wp\/v2\/posts\/11678","targetHints":{"allow":["GET"]}}],"collection":[{"href":"http:\/\/www.rukajarvensuunnanhistoriayhdistys.fi\/historiayhdistys\/wp-json\/wp\/v2\/posts"}],"about":[{"href":"http:\/\/www.rukajarvensuunnanhistoriayhdistys.fi\/historiayhdistys\/wp-json\/wp\/v2\/types\/post"}],"author":[{"embeddable":true,"href":"http:\/\/www.rukajarvensuunnanhistoriayhdistys.fi\/historiayhdistys\/wp-json\/wp\/v2\/users\/3"}],"replies":[{"embeddable":true,"href":"http:\/\/www.rukajarvensuunnanhistoriayhdistys.fi\/historiayhdistys\/wp-json\/wp\/v2\/comments?post=11678"}],"version-history":[{"count":2,"href":"http:\/\/www.rukajarvensuunnanhistoriayhdistys.fi\/historiayhdistys\/wp-json\/wp\/v2\/posts\/11678\/revisions"}],"predecessor-version":[{"id":11683,"href":"http:\/\/www.rukajarvensuunnanhistoriayhdistys.fi\/historiayhdistys\/wp-json\/wp\/v2\/posts\/11678\/revisions\/11683"}],"wp:attachment":[{"href":"http:\/\/www.rukajarvensuunnanhistoriayhdistys.fi\/historiayhdistys\/wp-json\/wp\/v2\/media?parent=11678"}],"wp:term":[{"taxonomy":"category","embeddable":true,"href":"http:\/\/www.rukajarvensuunnanhistoriayhdistys.fi\/historiayhdistys\/wp-json\/wp\/v2\/categories?post=11678"},{"taxonomy":"post_tag","embeddable":true,"href":"http:\/\/www.rukajarvensuunnanhistoriayhdistys.fi\/historiayhdistys\/wp-json\/wp\/v2\/tags?post=11678"}],"curies":[{"name":"wp","href":"https:\/\/api.w.org\/{rel}","templated":true}]}}