{"id":11925,"date":"2017-11-21T10:44:04","date_gmt":"2017-11-21T08:44:04","guid":{"rendered":"http:\/\/www.rukajarvensuunnanhistoriayhdistys.fi\/historiayhdistys\/?p=11925"},"modified":"2017-11-21T10:44:05","modified_gmt":"2017-11-21T08:44:05","slug":"haapalaisen-ja-pulkkisen-matkakertomus-unkajarven-lohko","status":"publish","type":"post","link":"http:\/\/www.rukajarvensuunnanhistoriayhdistys.fi\/historiayhdistys\/haapalaisen-ja-pulkkisen-matkakertomus-unkajarven-lohko\/","title":{"rendered":"Haapalaisen ja Pulkkisen matkakertomus \u2013 Unkaj\u00e4rven lohko"},"content":{"rendered":"<div class=\"fcbkbttn_buttons_block\" id=\"fcbkbttn_left\"><div class=\"fcbkbttn_like \"><fb:like href=\"http:\/\/www.rukajarvensuunnanhistoriayhdistys.fi\/historiayhdistys\/haapalaisen-ja-pulkkisen-matkakertomus-unkajarven-lohko\/\" action=\"like\" colorscheme=\"light\" layout=\"button_count\"  size=\"small\"><\/fb:like><\/div><\/div><p>Antti Haapalainen ja Reijo Pulkkinen k\u00e4viv\u00e4t kes\u00e4ll\u00e4 2017 kartoitusmatkalla Rukaj\u00e4rven suunnan pohjoisella kentt\u00e4vartiolinjalla v\u00e4lill\u00e4 Puglaj\u00e4rvi \u2013 Unkaj\u00e4rvi \u2013 Talkkunaselk\u00e4 \u2013 Tervaj\u00e4rvi. Lohkolla toimi vuorollaan liki kaikki JR52:n komppaniat.<\/p>\n<figure id=\"attachment_11926\" aria-describedby=\"caption-attachment-11926\" style=\"width: 662px\" class=\"wp-caption aligncenter\"><a href=\"http:\/\/www.rukajarvensuunnanhistoriayhdistys.fi\/historiayhdistys\/haapalaisen-ja-pulkkisen-matkakertomus-unkajarven-lohko\/kv-esko-matkakertomus-2\/\" rel=\"attachment wp-att-11926\"><img loading=\"lazy\" decoding=\"async\" class=\"size-full wp-image-11926\" src=\"http:\/\/www.rukajarvensuunnanhistoriayhdistys.fi\/historiayhdistys\/wp-content\/uploads\/2017\/11\/KV-Esko-matkakertomus-2.jpg\" alt=\"\" width=\"662\" height=\"591\" data-id=\"11926\" srcset=\"http:\/\/www.rukajarvensuunnanhistoriayhdistys.fi\/historiayhdistys\/wp-content\/uploads\/2017\/11\/KV-Esko-matkakertomus-2.jpg 662w, http:\/\/www.rukajarvensuunnanhistoriayhdistys.fi\/historiayhdistys\/wp-content\/uploads\/2017\/11\/KV-Esko-matkakertomus-2-300x268.jpg 300w\" sizes=\"auto, (max-width: 662px) 100vw, 662px\" \/><\/a><figcaption id=\"caption-attachment-11926\" class=\"wp-caption-text\">Antti Haapalaisen ja Reijo Pulkkisen kartoituksen tulos KV Eskosta.<\/figcaption><\/figure>\n<p>Lue 49-sivuinen PDF matkakertomus HISTORIA edell\u00e4 <a href=\"http:\/\/www.rukajarvensuunnanhistoriayhdistys.fi\/historiayhdistys\/wp-content\/uploads\/2017\/11\/Unkaj\u00e4rven-lohko.pdf\"><strong>T\u00c4\u00c4LT\u00c4<\/strong><\/a>:<\/p>\n<p>Muut kentt\u00e4vartiotutkimukset l\u00f6ytyv\u00e4t koottuna sivulta &#8221;<a href=\"http:\/\/www.rukajarvensuunnanhistoriayhdistys.fi\/historiayhdistys\/rukajarven-rintaman-kenttavartiotutkimukset\/\"><strong>Kentt\u00e4vartiotutkimukset<\/strong><\/a>&#8221;.<\/p>\n","protected":false},"excerpt":{"rendered":"<p>Antti Haapalainen ja Reijo Pulkkinen k\u00e4viv\u00e4t kes\u00e4ll\u00e4 2017 kartoitusmatkalla Rukaj\u00e4rven suunnan pohjoisella kentt\u00e4vartiolinjalla v\u00e4lill\u00e4 Puglaj\u00e4rvi \u2013 Unkaj\u00e4rvi \u2013 Talkkunaselk\u00e4 \u2013 Tervaj\u00e4rvi. Lohkolla toimi vuorollaan liki kaikki JR52:n komppaniat. Lue 49-sivuinen <a class=\"more-link\" href=\"http:\/\/www.rukajarvensuunnanhistoriayhdistys.fi\/historiayhdistys\/haapalaisen-ja-pulkkisen-matkakertomus-unkajarven-lohko\/\">Teksti jatkuu&#8230;<span class=\"screen-reader-text\">Haapalaisen ja Pulkkisen matkakertomus \u2013 Unkaj\u00e4rven lohko<\/span><span class=\"meta-nav\">\u2192<\/span><\/a><\/p>\n","protected":false},"author":3,"featured_media":0,"comment_status":"closed","ping_status":"open","sticky":false,"template":"","format":"standard","meta":{"footnotes":""},"categories":[22,43,17],"tags":[],"class_list":["post-11925","post","type-post","status-publish","format-standard","hentry","category-ajankohtaista","category-kenttavartiotutkimus","category-toiminta"],"yoast_head":"<!-- This site is optimized with the Yoast SEO plugin v27.4 - https:\/\/yoast.com\/product\/yoast-seo-wordpress\/ -->\n<title>Haapalaisen ja Pulkkisen matkakertomus \u2013 Unkaj\u00e4rven lohko - Rukaj\u00e4rven suunnan historiayhdistys<\/title>\n<meta name=\"robots\" content=\"index, follow, max-snippet:-1, max-image-preview:large, max-video-preview:-1\" \/>\n<link rel=\"canonical\" href=\"https:\/\/www.rukajarvensuunnanhistoriayhdistys.fi\/historiayhdistys\/haapalaisen-ja-pulkkisen-matkakertomus-unkajarven-lohko\/\" \/>\n<meta property=\"og:locale\" content=\"fi_FI\" \/>\n<meta property=\"og:type\" content=\"article\" \/>\n<meta property=\"og:title\" content=\"Haapalaisen ja Pulkkisen matkakertomus \u2013 Unkaj\u00e4rven lohko - Rukaj\u00e4rven suunnan historiayhdistys\" \/>\n<meta property=\"og:description\" content=\"Antti Haapalainen ja Reijo Pulkkinen k\u00e4viv\u00e4t kes\u00e4ll\u00e4 2017 kartoitusmatkalla Rukaj\u00e4rven suunnan pohjoisella kentt\u00e4vartiolinjalla v\u00e4lill\u00e4 Puglaj\u00e4rvi \u2013 Unkaj\u00e4rvi \u2013 Talkkunaselk\u00e4 \u2013 Tervaj\u00e4rvi. Lohkolla toimi vuorollaan liki kaikki JR52:n komppaniat. Lue 49-sivuinen Teksti jatkuu...Haapalaisen ja Pulkkisen matkakertomus \u2013 Unkaj\u00e4rven lohko\u2192\" \/>\n<meta property=\"og:url\" content=\"https:\/\/www.rukajarvensuunnanhistoriayhdistys.fi\/historiayhdistys\/haapalaisen-ja-pulkkisen-matkakertomus-unkajarven-lohko\/\" \/>\n<meta property=\"og:site_name\" content=\"Rukaj\u00e4rven suunnan historiayhdistys\" \/>\n<meta property=\"article:published_time\" content=\"2017-11-21T08:44:04+00:00\" \/>\n<meta property=\"article:modified_time\" content=\"2017-11-21T08:44:05+00:00\" \/>\n<meta property=\"og:image\" content=\"http:\/\/www.rukajarvensuunnanhistoriayhdistys.fi\/historiayhdistys\/wp-content\/uploads\/2017\/11\/KV-Esko-matkakertomus-2.jpg\" \/>\n<meta name=\"author\" content=\"RSHY\" \/>\n<meta name=\"twitter:label1\" content=\"Kirjoittanut\" \/>\n\t<meta name=\"twitter:data1\" content=\"RSHY\" \/>\n<script type=\"application\/ld+json\" class=\"yoast-schema-graph\">{\"@context\":\"https:\\\/\\\/schema.org\",\"@graph\":[{\"@type\":\"Article\",\"@id\":\"https:\\\/\\\/www.rukajarvensuunnanhistoriayhdistys.fi\\\/historiayhdistys\\\/haapalaisen-ja-pulkkisen-matkakertomus-unkajarven-lohko\\\/#article\",\"isPartOf\":{\"@id\":\"https:\\\/\\\/www.rukajarvensuunnanhistoriayhdistys.fi\\\/historiayhdistys\\\/haapalaisen-ja-pulkkisen-matkakertomus-unkajarven-lohko\\\/\"},\"author\":{\"name\":\"RSHY\",\"@id\":\"http:\\\/\\\/www.rukajarvensuunnanhistoriayhdistys.fi\\\/historiayhdistys\\\/#\\\/schema\\\/person\\\/19de7db68bf72dfd2b5d7f6dfbf8454d\"},\"headline\":\"Haapalaisen ja Pulkkisen matkakertomus \u2013 Unkaj\u00e4rven lohko\",\"datePublished\":\"2017-11-21T08:44:04+00:00\",\"dateModified\":\"2017-11-21T08:44:05+00:00\",\"mainEntityOfPage\":{\"@id\":\"https:\\\/\\\/www.rukajarvensuunnanhistoriayhdistys.fi\\\/historiayhdistys\\\/haapalaisen-ja-pulkkisen-matkakertomus-unkajarven-lohko\\\/\"},\"wordCount\":75,\"publisher\":{\"@id\":\"http:\\\/\\\/www.rukajarvensuunnanhistoriayhdistys.fi\\\/historiayhdistys\\\/#organization\"},\"image\":{\"@id\":\"https:\\\/\\\/www.rukajarvensuunnanhistoriayhdistys.fi\\\/historiayhdistys\\\/haapalaisen-ja-pulkkisen-matkakertomus-unkajarven-lohko\\\/#primaryimage\"},\"thumbnailUrl\":\"http:\\\/\\\/www.rukajarvensuunnanhistoriayhdistys.fi\\\/historiayhdistys\\\/wp-content\\\/uploads\\\/2017\\\/11\\\/KV-Esko-matkakertomus-2.jpg\",\"articleSection\":[\"Ajankohtaista\",\"kentt\u00e4vartiotutkimus\",\"Toiminta\"],\"inLanguage\":\"fi\"},{\"@type\":\"WebPage\",\"@id\":\"https:\\\/\\\/www.rukajarvensuunnanhistoriayhdistys.fi\\\/historiayhdistys\\\/haapalaisen-ja-pulkkisen-matkakertomus-unkajarven-lohko\\\/\",\"url\":\"https:\\\/\\\/www.rukajarvensuunnanhistoriayhdistys.fi\\\/historiayhdistys\\\/haapalaisen-ja-pulkkisen-matkakertomus-unkajarven-lohko\\\/\",\"name\":\"Haapalaisen ja Pulkkisen matkakertomus \u2013 Unkaj\u00e4rven lohko - Rukaj\u00e4rven suunnan historiayhdistys\",\"isPartOf\":{\"@id\":\"http:\\\/\\\/www.rukajarvensuunnanhistoriayhdistys.fi\\\/historiayhdistys\\\/#website\"},\"primaryImageOfPage\":{\"@id\":\"https:\\\/\\\/www.rukajarvensuunnanhistoriayhdistys.fi\\\/historiayhdistys\\\/haapalaisen-ja-pulkkisen-matkakertomus-unkajarven-lohko\\\/#primaryimage\"},\"image\":{\"@id\":\"https:\\\/\\\/www.rukajarvensuunnanhistoriayhdistys.fi\\\/historiayhdistys\\\/haapalaisen-ja-pulkkisen-matkakertomus-unkajarven-lohko\\\/#primaryimage\"},\"thumbnailUrl\":\"http:\\\/\\\/www.rukajarvensuunnanhistoriayhdistys.fi\\\/historiayhdistys\\\/wp-content\\\/uploads\\\/2017\\\/11\\\/KV-Esko-matkakertomus-2.jpg\",\"datePublished\":\"2017-11-21T08:44:04+00:00\",\"dateModified\":\"2017-11-21T08:44:05+00:00\",\"breadcrumb\":{\"@id\":\"https:\\\/\\\/www.rukajarvensuunnanhistoriayhdistys.fi\\\/historiayhdistys\\\/haapalaisen-ja-pulkkisen-matkakertomus-unkajarven-lohko\\\/#breadcrumb\"},\"inLanguage\":\"fi\",\"potentialAction\":[{\"@type\":\"ReadAction\",\"target\":[\"https:\\\/\\\/www.rukajarvensuunnanhistoriayhdistys.fi\\\/historiayhdistys\\\/haapalaisen-ja-pulkkisen-matkakertomus-unkajarven-lohko\\\/\"]}]},{\"@type\":\"ImageObject\",\"inLanguage\":\"fi\",\"@id\":\"https:\\\/\\\/www.rukajarvensuunnanhistoriayhdistys.fi\\\/historiayhdistys\\\/haapalaisen-ja-pulkkisen-matkakertomus-unkajarven-lohko\\\/#primaryimage\",\"url\":\"http:\\\/\\\/www.rukajarvensuunnanhistoriayhdistys.fi\\\/historiayhdistys\\\/wp-content\\\/uploads\\\/2017\\\/11\\\/KV-Esko-matkakertomus-2.jpg\",\"contentUrl\":\"http:\\\/\\\/www.rukajarvensuunnanhistoriayhdistys.fi\\\/historiayhdistys\\\/wp-content\\\/uploads\\\/2017\\\/11\\\/KV-Esko-matkakertomus-2.jpg\",\"width\":662,\"height\":591,\"caption\":\"Antti Haapalaisen ja Reijo Pulkkisen kartoituksen tulos KV Eskosta.\"},{\"@type\":\"BreadcrumbList\",\"@id\":\"https:\\\/\\\/www.rukajarvensuunnanhistoriayhdistys.fi\\\/historiayhdistys\\\/haapalaisen-ja-pulkkisen-matkakertomus-unkajarven-lohko\\\/#breadcrumb\",\"itemListElement\":[{\"@type\":\"ListItem\",\"position\":1,\"name\":\"Etusivu\",\"item\":\"http:\\\/\\\/www.rukajarvensuunnanhistoriayhdistys.fi\\\/historiayhdistys\\\/\"},{\"@type\":\"ListItem\",\"position\":2,\"name\":\"Haapalaisen ja Pulkkisen matkakertomus \u2013 Unkaj\u00e4rven lohko\"}]},{\"@type\":\"WebSite\",\"@id\":\"http:\\\/\\\/www.rukajarvensuunnanhistoriayhdistys.fi\\\/historiayhdistys\\\/#website\",\"url\":\"http:\\\/\\\/www.rukajarvensuunnanhistoriayhdistys.fi\\\/historiayhdistys\\\/\",\"name\":\"Rukaj\u00e4rven suunnan historiayhdistys\",\"description\":\"Rukaj\u00e4rven suunnan historiayhdistyksen verkkosivut.\",\"publisher\":{\"@id\":\"http:\\\/\\\/www.rukajarvensuunnanhistoriayhdistys.fi\\\/historiayhdistys\\\/#organization\"},\"potentialAction\":[{\"@type\":\"SearchAction\",\"target\":{\"@type\":\"EntryPoint\",\"urlTemplate\":\"http:\\\/\\\/www.rukajarvensuunnanhistoriayhdistys.fi\\\/historiayhdistys\\\/?s={search_term_string}\"},\"query-input\":{\"@type\":\"PropertyValueSpecification\",\"valueRequired\":true,\"valueName\":\"search_term_string\"}}],\"inLanguage\":\"fi\"},{\"@type\":\"Organization\",\"@id\":\"http:\\\/\\\/www.rukajarvensuunnanhistoriayhdistys.fi\\\/historiayhdistys\\\/#organization\",\"name\":\"Rukaj\u00e4rven suunnan historiayhdistys\",\"url\":\"http:\\\/\\\/www.rukajarvensuunnanhistoriayhdistys.fi\\\/historiayhdistys\\\/\",\"logo\":{\"@type\":\"ImageObject\",\"inLanguage\":\"fi\",\"@id\":\"http:\\\/\\\/www.rukajarvensuunnanhistoriayhdistys.fi\\\/historiayhdistys\\\/#\\\/schema\\\/logo\\\/image\\\/\",\"url\":\"http:\\\/\\\/www.rukajarvensuunnanhistoriayhdistys.fi\\\/historiayhdistys\\\/wp-content\\\/uploads\\\/2013\\\/12\\\/Otsake_3.jpg\",\"contentUrl\":\"http:\\\/\\\/www.rukajarvensuunnanhistoriayhdistys.fi\\\/historiayhdistys\\\/wp-content\\\/uploads\\\/2013\\\/12\\\/Otsake_3.jpg\",\"width\":1000,\"height\":442,\"caption\":\"Rukaj\u00e4rven suunnan historiayhdistys\"},\"image\":{\"@id\":\"http:\\\/\\\/www.rukajarvensuunnanhistoriayhdistys.fi\\\/historiayhdistys\\\/#\\\/schema\\\/logo\\\/image\\\/\"}},{\"@type\":\"Person\",\"@id\":\"http:\\\/\\\/www.rukajarvensuunnanhistoriayhdistys.fi\\\/historiayhdistys\\\/#\\\/schema\\\/person\\\/19de7db68bf72dfd2b5d7f6dfbf8454d\",\"name\":\"RSHY\",\"image\":{\"@type\":\"ImageObject\",\"inLanguage\":\"fi\",\"@id\":\"https:\\\/\\\/secure.gravatar.com\\\/avatar\\\/598d59263a69cc8de65fcb4f9db78d6f58c098cb0e0ba22d73377441af9fa04c?s=96&d=blank&r=g\",\"url\":\"https:\\\/\\\/secure.gravatar.com\\\/avatar\\\/598d59263a69cc8de65fcb4f9db78d6f58c098cb0e0ba22d73377441af9fa04c?s=96&d=blank&r=g\",\"contentUrl\":\"https:\\\/\\\/secure.gravatar.com\\\/avatar\\\/598d59263a69cc8de65fcb4f9db78d6f58c098cb0e0ba22d73377441af9fa04c?s=96&d=blank&r=g\",\"caption\":\"RSHY\"},\"url\":\"http:\\\/\\\/www.rukajarvensuunnanhistoriayhdistys.fi\\\/historiayhdistys\\\/author\\\/rshy\\\/\"}]}<\/script>\n<!-- \/ Yoast SEO plugin. -->","yoast_head_json":{"title":"Haapalaisen ja Pulkkisen matkakertomus \u2013 Unkaj\u00e4rven lohko - Rukaj\u00e4rven suunnan historiayhdistys","robots":{"index":"index","follow":"follow","max-snippet":"max-snippet:-1","max-image-preview":"max-image-preview:large","max-video-preview":"max-video-preview:-1"},"canonical":"https:\/\/www.rukajarvensuunnanhistoriayhdistys.fi\/historiayhdistys\/haapalaisen-ja-pulkkisen-matkakertomus-unkajarven-lohko\/","og_locale":"fi_FI","og_type":"article","og_title":"Haapalaisen ja Pulkkisen matkakertomus \u2013 Unkaj\u00e4rven lohko - Rukaj\u00e4rven suunnan historiayhdistys","og_description":"Antti Haapalainen ja Reijo Pulkkinen k\u00e4viv\u00e4t kes\u00e4ll\u00e4 2017 kartoitusmatkalla Rukaj\u00e4rven suunnan pohjoisella kentt\u00e4vartiolinjalla v\u00e4lill\u00e4 Puglaj\u00e4rvi \u2013 Unkaj\u00e4rvi \u2013 Talkkunaselk\u00e4 \u2013 Tervaj\u00e4rvi. Lohkolla toimi vuorollaan liki kaikki JR52:n komppaniat. Lue 49-sivuinen Teksti jatkuu...Haapalaisen ja Pulkkisen matkakertomus \u2013 Unkaj\u00e4rven lohko\u2192","og_url":"https:\/\/www.rukajarvensuunnanhistoriayhdistys.fi\/historiayhdistys\/haapalaisen-ja-pulkkisen-matkakertomus-unkajarven-lohko\/","og_site_name":"Rukaj\u00e4rven suunnan historiayhdistys","article_published_time":"2017-11-21T08:44:04+00:00","article_modified_time":"2017-11-21T08:44:05+00:00","og_image":[{"url":"http:\/\/www.rukajarvensuunnanhistoriayhdistys.fi\/historiayhdistys\/wp-content\/uploads\/2017\/11\/KV-Esko-matkakertomus-2.jpg","type":"","width":"","height":""}],"author":"RSHY","twitter_misc":{"Kirjoittanut":"RSHY"},"schema":{"@context":"https:\/\/schema.org","@graph":[{"@type":"Article","@id":"https:\/\/www.rukajarvensuunnanhistoriayhdistys.fi\/historiayhdistys\/haapalaisen-ja-pulkkisen-matkakertomus-unkajarven-lohko\/#article","isPartOf":{"@id":"https:\/\/www.rukajarvensuunnanhistoriayhdistys.fi\/historiayhdistys\/haapalaisen-ja-pulkkisen-matkakertomus-unkajarven-lohko\/"},"author":{"name":"RSHY","@id":"http:\/\/www.rukajarvensuunnanhistoriayhdistys.fi\/historiayhdistys\/#\/schema\/person\/19de7db68bf72dfd2b5d7f6dfbf8454d"},"headline":"Haapalaisen ja Pulkkisen matkakertomus \u2013 Unkaj\u00e4rven lohko","datePublished":"2017-11-21T08:44:04+00:00","dateModified":"2017-11-21T08:44:05+00:00","mainEntityOfPage":{"@id":"https:\/\/www.rukajarvensuunnanhistoriayhdistys.fi\/historiayhdistys\/haapalaisen-ja-pulkkisen-matkakertomus-unkajarven-lohko\/"},"wordCount":75,"publisher":{"@id":"http:\/\/www.rukajarvensuunnanhistoriayhdistys.fi\/historiayhdistys\/#organization"},"image":{"@id":"https:\/\/www.rukajarvensuunnanhistoriayhdistys.fi\/historiayhdistys\/haapalaisen-ja-pulkkisen-matkakertomus-unkajarven-lohko\/#primaryimage"},"thumbnailUrl":"http:\/\/www.rukajarvensuunnanhistoriayhdistys.fi\/historiayhdistys\/wp-content\/uploads\/2017\/11\/KV-Esko-matkakertomus-2.jpg","articleSection":["Ajankohtaista","kentt\u00e4vartiotutkimus","Toiminta"],"inLanguage":"fi"},{"@type":"WebPage","@id":"https:\/\/www.rukajarvensuunnanhistoriayhdistys.fi\/historiayhdistys\/haapalaisen-ja-pulkkisen-matkakertomus-unkajarven-lohko\/","url":"https:\/\/www.rukajarvensuunnanhistoriayhdistys.fi\/historiayhdistys\/haapalaisen-ja-pulkkisen-matkakertomus-unkajarven-lohko\/","name":"Haapalaisen ja Pulkkisen matkakertomus \u2013 Unkaj\u00e4rven lohko - Rukaj\u00e4rven suunnan historiayhdistys","isPartOf":{"@id":"http:\/\/www.rukajarvensuunnanhistoriayhdistys.fi\/historiayhdistys\/#website"},"primaryImageOfPage":{"@id":"https:\/\/www.rukajarvensuunnanhistoriayhdistys.fi\/historiayhdistys\/haapalaisen-ja-pulkkisen-matkakertomus-unkajarven-lohko\/#primaryimage"},"image":{"@id":"https:\/\/www.rukajarvensuunnanhistoriayhdistys.fi\/historiayhdistys\/haapalaisen-ja-pulkkisen-matkakertomus-unkajarven-lohko\/#primaryimage"},"thumbnailUrl":"http:\/\/www.rukajarvensuunnanhistoriayhdistys.fi\/historiayhdistys\/wp-content\/uploads\/2017\/11\/KV-Esko-matkakertomus-2.jpg","datePublished":"2017-11-21T08:44:04+00:00","dateModified":"2017-11-21T08:44:05+00:00","breadcrumb":{"@id":"https:\/\/www.rukajarvensuunnanhistoriayhdistys.fi\/historiayhdistys\/haapalaisen-ja-pulkkisen-matkakertomus-unkajarven-lohko\/#breadcrumb"},"inLanguage":"fi","potentialAction":[{"@type":"ReadAction","target":["https:\/\/www.rukajarvensuunnanhistoriayhdistys.fi\/historiayhdistys\/haapalaisen-ja-pulkkisen-matkakertomus-unkajarven-lohko\/"]}]},{"@type":"ImageObject","inLanguage":"fi","@id":"https:\/\/www.rukajarvensuunnanhistoriayhdistys.fi\/historiayhdistys\/haapalaisen-ja-pulkkisen-matkakertomus-unkajarven-lohko\/#primaryimage","url":"http:\/\/www.rukajarvensuunnanhistoriayhdistys.fi\/historiayhdistys\/wp-content\/uploads\/2017\/11\/KV-Esko-matkakertomus-2.jpg","contentUrl":"http:\/\/www.rukajarvensuunnanhistoriayhdistys.fi\/historiayhdistys\/wp-content\/uploads\/2017\/11\/KV-Esko-matkakertomus-2.jpg","width":662,"height":591,"caption":"Antti Haapalaisen ja Reijo Pulkkisen kartoituksen tulos KV Eskosta."},{"@type":"BreadcrumbList","@id":"https:\/\/www.rukajarvensuunnanhistoriayhdistys.fi\/historiayhdistys\/haapalaisen-ja-pulkkisen-matkakertomus-unkajarven-lohko\/#breadcrumb","itemListElement":[{"@type":"ListItem","position":1,"name":"Etusivu","item":"http:\/\/www.rukajarvensuunnanhistoriayhdistys.fi\/historiayhdistys\/"},{"@type":"ListItem","position":2,"name":"Haapalaisen ja Pulkkisen matkakertomus \u2013 Unkaj\u00e4rven lohko"}]},{"@type":"WebSite","@id":"http:\/\/www.rukajarvensuunnanhistoriayhdistys.fi\/historiayhdistys\/#website","url":"http:\/\/www.rukajarvensuunnanhistoriayhdistys.fi\/historiayhdistys\/","name":"Rukaj\u00e4rven suunnan historiayhdistys","description":"Rukaj\u00e4rven suunnan historiayhdistyksen verkkosivut.","publisher":{"@id":"http:\/\/www.rukajarvensuunnanhistoriayhdistys.fi\/historiayhdistys\/#organization"},"potentialAction":[{"@type":"SearchAction","target":{"@type":"EntryPoint","urlTemplate":"http:\/\/www.rukajarvensuunnanhistoriayhdistys.fi\/historiayhdistys\/?s={search_term_string}"},"query-input":{"@type":"PropertyValueSpecification","valueRequired":true,"valueName":"search_term_string"}}],"inLanguage":"fi"},{"@type":"Organization","@id":"http:\/\/www.rukajarvensuunnanhistoriayhdistys.fi\/historiayhdistys\/#organization","name":"Rukaj\u00e4rven suunnan historiayhdistys","url":"http:\/\/www.rukajarvensuunnanhistoriayhdistys.fi\/historiayhdistys\/","logo":{"@type":"ImageObject","inLanguage":"fi","@id":"http:\/\/www.rukajarvensuunnanhistoriayhdistys.fi\/historiayhdistys\/#\/schema\/logo\/image\/","url":"http:\/\/www.rukajarvensuunnanhistoriayhdistys.fi\/historiayhdistys\/wp-content\/uploads\/2013\/12\/Otsake_3.jpg","contentUrl":"http:\/\/www.rukajarvensuunnanhistoriayhdistys.fi\/historiayhdistys\/wp-content\/uploads\/2013\/12\/Otsake_3.jpg","width":1000,"height":442,"caption":"Rukaj\u00e4rven suunnan historiayhdistys"},"image":{"@id":"http:\/\/www.rukajarvensuunnanhistoriayhdistys.fi\/historiayhdistys\/#\/schema\/logo\/image\/"}},{"@type":"Person","@id":"http:\/\/www.rukajarvensuunnanhistoriayhdistys.fi\/historiayhdistys\/#\/schema\/person\/19de7db68bf72dfd2b5d7f6dfbf8454d","name":"RSHY","image":{"@type":"ImageObject","inLanguage":"fi","@id":"https:\/\/secure.gravatar.com\/avatar\/598d59263a69cc8de65fcb4f9db78d6f58c098cb0e0ba22d73377441af9fa04c?s=96&d=blank&r=g","url":"https:\/\/secure.gravatar.com\/avatar\/598d59263a69cc8de65fcb4f9db78d6f58c098cb0e0ba22d73377441af9fa04c?s=96&d=blank&r=g","contentUrl":"https:\/\/secure.gravatar.com\/avatar\/598d59263a69cc8de65fcb4f9db78d6f58c098cb0e0ba22d73377441af9fa04c?s=96&d=blank&r=g","caption":"RSHY"},"url":"http:\/\/www.rukajarvensuunnanhistoriayhdistys.fi\/historiayhdistys\/author\/rshy\/"}]}},"_links":{"self":[{"href":"http:\/\/www.rukajarvensuunnanhistoriayhdistys.fi\/historiayhdistys\/wp-json\/wp\/v2\/posts\/11925","targetHints":{"allow":["GET"]}}],"collection":[{"href":"http:\/\/www.rukajarvensuunnanhistoriayhdistys.fi\/historiayhdistys\/wp-json\/wp\/v2\/posts"}],"about":[{"href":"http:\/\/www.rukajarvensuunnanhistoriayhdistys.fi\/historiayhdistys\/wp-json\/wp\/v2\/types\/post"}],"author":[{"embeddable":true,"href":"http:\/\/www.rukajarvensuunnanhistoriayhdistys.fi\/historiayhdistys\/wp-json\/wp\/v2\/users\/3"}],"replies":[{"embeddable":true,"href":"http:\/\/www.rukajarvensuunnanhistoriayhdistys.fi\/historiayhdistys\/wp-json\/wp\/v2\/comments?post=11925"}],"version-history":[{"count":2,"href":"http:\/\/www.rukajarvensuunnanhistoriayhdistys.fi\/historiayhdistys\/wp-json\/wp\/v2\/posts\/11925\/revisions"}],"predecessor-version":[{"id":11929,"href":"http:\/\/www.rukajarvensuunnanhistoriayhdistys.fi\/historiayhdistys\/wp-json\/wp\/v2\/posts\/11925\/revisions\/11929"}],"wp:attachment":[{"href":"http:\/\/www.rukajarvensuunnanhistoriayhdistys.fi\/historiayhdistys\/wp-json\/wp\/v2\/media?parent=11925"}],"wp:term":[{"taxonomy":"category","embeddable":true,"href":"http:\/\/www.rukajarvensuunnanhistoriayhdistys.fi\/historiayhdistys\/wp-json\/wp\/v2\/categories?post=11925"},{"taxonomy":"post_tag","embeddable":true,"href":"http:\/\/www.rukajarvensuunnanhistoriayhdistys.fi\/historiayhdistys\/wp-json\/wp\/v2\/tags?post=11925"}],"curies":[{"name":"wp","href":"https:\/\/api.w.org\/{rel}","templated":true}]}}