{"id":11930,"date":"2017-11-21T18:18:50","date_gmt":"2017-11-21T16:18:50","guid":{"rendered":"http:\/\/www.rukajarvensuunnanhistoriayhdistys.fi\/historiayhdistys\/?p=11930"},"modified":"2017-11-22T18:39:33","modified_gmt":"2017-11-22T16:39:33","slug":"arvokas-lahja-esilla-iisalmen-rukajarvi-keskuksessa","status":"publish","type":"post","link":"http:\/\/www.rukajarvensuunnanhistoriayhdistys.fi\/historiayhdistys\/arvokas-lahja-esilla-iisalmen-rukajarvi-keskuksessa\/","title":{"rendered":"Arvokas lahjoitus esill\u00e4 Iisalmen Rukaj\u00e4rvi-keskuksessa"},"content":{"rendered":"<div class=\"fcbkbttn_buttons_block\" id=\"fcbkbttn_left\"><div class=\"fcbkbttn_like \"><fb:like href=\"http:\/\/www.rukajarvensuunnanhistoriayhdistys.fi\/historiayhdistys\/arvokas-lahja-esilla-iisalmen-rukajarvi-keskuksessa\/\" action=\"like\" colorscheme=\"light\" layout=\"button_count\"  size=\"small\"><\/fb:like><\/div><\/div><p>Taiteilija Viggo Wallensk\u00f6ld lahjoitti huomattavan osan Arnold Majewskin ja Helga Sonck-Majewskin j\u00e4\u00e4mist\u00f6st\u00e4 Rukaj\u00e4rven suunnan historiayhdistykselle. Lahjoitus k\u00e4sitt\u00e4\u00e4 kokonaisen pakettiautollisen esineit\u00e4, mm. rintamalla valmistetut nuorenparin h\u00e4\u00e4lahjakalusteet, koriste-esineit\u00e4, Majewskin kunniamerkit, miekan, kynttil\u00e4njalkoja, suuren m\u00e4\u00e4r\u00e4n valokuvia ja asiakirjoja. Asiakirjojen joukossa on kunniamerkkien luovutustodistukset, koulutodistuksia, hautajaisadressit sek\u00e4 kirjeenvaihtoa. Vaikuttavimmat asiakirjat liittyv\u00e4t Majewskin kaatumiseen. N\u00e4ist\u00e4 l\u00f6ytyy s\u00e4hk\u00f6sanoma, jolla yst\u00e4v\u00e4t muistivat leske\u00e4, samoin Majewskin l\u00e4hetin kaatumisp\u00e4iv\u00e4n surunvalitteluadressi. Mukana on sotilaspukimia, kuten mantteli, asetakki, y\u00f6paitoja ja Majewskille tutut suikat sek\u00e4 karttalaukku.<\/p>\n<p><a href=\"http:\/\/www.rukajarvensuunnanhistoriayhdistys.fi\/historiayhdistys\/arvokas-lahja-esilla-iisalmen-rukajarvi-keskuksessa\/image3-2\/\" rel=\"attachment wp-att-11952\"><img loading=\"lazy\" decoding=\"async\" class=\"aligncenter size-full wp-image-11952\" src=\"http:\/\/www.rukajarvensuunnanhistoriayhdistys.fi\/historiayhdistys\/wp-content\/uploads\/2017\/11\/image3-2.jpg\" alt=\"\" width=\"1599\" height=\"899\" data-id=\"11952\" srcset=\"http:\/\/www.rukajarvensuunnanhistoriayhdistys.fi\/historiayhdistys\/wp-content\/uploads\/2017\/11\/image3-2.jpg 1599w, http:\/\/www.rukajarvensuunnanhistoriayhdistys.fi\/historiayhdistys\/wp-content\/uploads\/2017\/11\/image3-2-300x169.jpg 300w, http:\/\/www.rukajarvensuunnanhistoriayhdistys.fi\/historiayhdistys\/wp-content\/uploads\/2017\/11\/image3-2-768x432.jpg 768w, http:\/\/www.rukajarvensuunnanhistoriayhdistys.fi\/historiayhdistys\/wp-content\/uploads\/2017\/11\/image3-2-1024x576.jpg 1024w\" sizes=\"auto, (max-width: 1599px) 100vw, 1599px\" \/><\/a><\/p>\n<p><a href=\"http:\/\/www.rukajarvensuunnanhistoriayhdistys.fi\/historiayhdistys\/arvokas-lahja-esilla-iisalmen-rukajarvi-keskuksessa\/image2-2\/\" rel=\"attachment wp-att-11955\"><img loading=\"lazy\" decoding=\"async\" class=\"aligncenter size-full wp-image-11955\" src=\"http:\/\/www.rukajarvensuunnanhistoriayhdistys.fi\/historiayhdistys\/wp-content\/uploads\/2017\/11\/image2-2.jpg\" alt=\"\" width=\"1599\" height=\"899\" data-id=\"11955\" srcset=\"http:\/\/www.rukajarvensuunnanhistoriayhdistys.fi\/historiayhdistys\/wp-content\/uploads\/2017\/11\/image2-2.jpg 1599w, http:\/\/www.rukajarvensuunnanhistoriayhdistys.fi\/historiayhdistys\/wp-content\/uploads\/2017\/11\/image2-2-300x169.jpg 300w, http:\/\/www.rukajarvensuunnanhistoriayhdistys.fi\/historiayhdistys\/wp-content\/uploads\/2017\/11\/image2-2-768x432.jpg 768w, http:\/\/www.rukajarvensuunnanhistoriayhdistys.fi\/historiayhdistys\/wp-content\/uploads\/2017\/11\/image2-2-1024x576.jpg 1024w\" sizes=\"auto, (max-width: 1599px) 100vw, 1599px\" \/><\/a><\/p>\n<figure id=\"attachment_11931\" aria-describedby=\"caption-attachment-11931\" style=\"width: 2748px\" class=\"wp-caption aligncenter\"><a href=\"http:\/\/www.rukajarvensuunnanhistoriayhdistys.fi\/historiayhdistys\/arvokas-lahja-esilla-iisalmen-rukajarvi-keskuksessa\/sony-dsc-110\/\" rel=\"attachment wp-att-11931\"><img loading=\"lazy\" decoding=\"async\" class=\"size-full wp-image-11931\" src=\"http:\/\/www.rukajarvensuunnanhistoriayhdistys.fi\/historiayhdistys\/wp-content\/uploads\/2017\/11\/DSC04871.jpg\" alt=\"\" width=\"2748\" height=\"2492\" data-id=\"11931\" srcset=\"http:\/\/www.rukajarvensuunnanhistoriayhdistys.fi\/historiayhdistys\/wp-content\/uploads\/2017\/11\/DSC04871.jpg 2748w, http:\/\/www.rukajarvensuunnanhistoriayhdistys.fi\/historiayhdistys\/wp-content\/uploads\/2017\/11\/DSC04871-300x272.jpg 300w, http:\/\/www.rukajarvensuunnanhistoriayhdistys.fi\/historiayhdistys\/wp-content\/uploads\/2017\/11\/DSC04871-768x696.jpg 768w, http:\/\/www.rukajarvensuunnanhistoriayhdistys.fi\/historiayhdistys\/wp-content\/uploads\/2017\/11\/DSC04871-1024x929.jpg 1024w\" sizes=\"auto, (max-width: 2748px) 100vw, 2748px\" \/><\/a><figcaption id=\"caption-attachment-11931\" class=\"wp-caption-text\">Majewskin l\u00e4hetin Aarno Kallion maalaus &#8221;Toinen sauna&#8221; Tunkuan suunta 21.7.1942<\/figcaption><\/figure>\n<figure id=\"attachment_11943\" aria-describedby=\"caption-attachment-11943\" style=\"width: 2320px\" class=\"wp-caption aligncenter\"><a href=\"http:\/\/www.rukajarvensuunnanhistoriayhdistys.fi\/historiayhdistys\/arvokas-lahja-esilla-iisalmen-rukajarvi-keskuksessa\/sony-dsc-113\/\" rel=\"attachment wp-att-11943\"><img loading=\"lazy\" decoding=\"async\" class=\"size-full wp-image-11943\" src=\"http:\/\/www.rukajarvensuunnanhistoriayhdistys.fi\/historiayhdistys\/wp-content\/uploads\/2017\/11\/DSC04809.jpg\" alt=\"\" width=\"2320\" height=\"2972\" data-id=\"11943\" srcset=\"http:\/\/www.rukajarvensuunnanhistoriayhdistys.fi\/historiayhdistys\/wp-content\/uploads\/2017\/11\/DSC04809.jpg 2320w, http:\/\/www.rukajarvensuunnanhistoriayhdistys.fi\/historiayhdistys\/wp-content\/uploads\/2017\/11\/DSC04809-234x300.jpg 234w, http:\/\/www.rukajarvensuunnanhistoriayhdistys.fi\/historiayhdistys\/wp-content\/uploads\/2017\/11\/DSC04809-768x984.jpg 768w, http:\/\/www.rukajarvensuunnanhistoriayhdistys.fi\/historiayhdistys\/wp-content\/uploads\/2017\/11\/DSC04809-799x1024.jpg 799w\" sizes=\"auto, (max-width: 2320px) 100vw, 2320px\" \/><\/a><figcaption id=\"caption-attachment-11943\" class=\"wp-caption-text\">Majewskin l\u00e4hetin Aarno Kallion 10.10.1942 adressin etusivu,<\/figcaption><\/figure>\n<figure id=\"attachment_11944\" aria-describedby=\"caption-attachment-11944\" style=\"width: 2136px\" class=\"wp-caption aligncenter\"><a href=\"http:\/\/www.rukajarvensuunnanhistoriayhdistys.fi\/historiayhdistys\/arvokas-lahja-esilla-iisalmen-rukajarvi-keskuksessa\/sony-dsc-114\/\" rel=\"attachment wp-att-11944\"><img loading=\"lazy\" decoding=\"async\" class=\"size-full wp-image-11944\" src=\"http:\/\/www.rukajarvensuunnanhistoriayhdistys.fi\/historiayhdistys\/wp-content\/uploads\/2017\/11\/DSC04810.jpg\" alt=\"\" width=\"2136\" height=\"2868\" data-id=\"11944\" srcset=\"http:\/\/www.rukajarvensuunnanhistoriayhdistys.fi\/historiayhdistys\/wp-content\/uploads\/2017\/11\/DSC04810.jpg 2136w, http:\/\/www.rukajarvensuunnanhistoriayhdistys.fi\/historiayhdistys\/wp-content\/uploads\/2017\/11\/DSC04810-223x300.jpg 223w, http:\/\/www.rukajarvensuunnanhistoriayhdistys.fi\/historiayhdistys\/wp-content\/uploads\/2017\/11\/DSC04810-768x1031.jpg 768w, http:\/\/www.rukajarvensuunnanhistoriayhdistys.fi\/historiayhdistys\/wp-content\/uploads\/2017\/11\/DSC04810-763x1024.jpg 763w\" sizes=\"auto, (max-width: 2136px) 100vw, 2136px\" \/><\/a><figcaption id=\"caption-attachment-11944\" class=\"wp-caption-text\">Majewskin l\u00e4hetin Aarno Kallion 10.10.1942 adressin toinen sivu.<\/figcaption><\/figure>\n<figure id=\"attachment_11945\" aria-describedby=\"caption-attachment-11945\" style=\"width: 2124px\" class=\"wp-caption aligncenter\"><a href=\"http:\/\/www.rukajarvensuunnanhistoriayhdistys.fi\/historiayhdistys\/arvokas-lahja-esilla-iisalmen-rukajarvi-keskuksessa\/sony-dsc-115\/\" rel=\"attachment wp-att-11945\"><img loading=\"lazy\" decoding=\"async\" class=\"size-full wp-image-11945\" src=\"http:\/\/www.rukajarvensuunnanhistoriayhdistys.fi\/historiayhdistys\/wp-content\/uploads\/2017\/11\/DSC04811.jpg\" alt=\"\" width=\"2124\" height=\"2772\" data-id=\"11945\" srcset=\"http:\/\/www.rukajarvensuunnanhistoriayhdistys.fi\/historiayhdistys\/wp-content\/uploads\/2017\/11\/DSC04811.jpg 2124w, http:\/\/www.rukajarvensuunnanhistoriayhdistys.fi\/historiayhdistys\/wp-content\/uploads\/2017\/11\/DSC04811-230x300.jpg 230w, http:\/\/www.rukajarvensuunnanhistoriayhdistys.fi\/historiayhdistys\/wp-content\/uploads\/2017\/11\/DSC04811-768x1002.jpg 768w, http:\/\/www.rukajarvensuunnanhistoriayhdistys.fi\/historiayhdistys\/wp-content\/uploads\/2017\/11\/DSC04811-785x1024.jpg 785w\" sizes=\"auto, (max-width: 2124px) 100vw, 2124px\" \/><\/a><figcaption id=\"caption-attachment-11945\" class=\"wp-caption-text\">Majewskin l\u00e4hetin Aarno Kallion 10.10.1942 adressin kolmas sivu.<\/figcaption><\/figure>\n<p>Lahjoitettu aineisto kertoo sotien j\u00e4lkeisest\u00e4 eri joukko-osastojen yhteydenpidosta leskeen. Muurmannin retki oli 14.-23.1.1942 ja Helga Sonck-Majewskin kirje Touko Palojoelle 10.1.1992 kertoo: &#8221;&#8230; <em>Samana vuonna 10.10. Aleksis Kiven kunniaksi h\u00e4n kaatui Rukaj\u00e4rvell\u00e4.\u00a0 Sotilaat ?? kantoivat h\u00e4net arkussa juuri valmistuneeseen uuteen kotiimme, jota h\u00e4n ei el\u00e4v\u00e4n\u00e4 saanut n\u00e4hd\u00e4&#8221;.<\/em><\/p>\n<p>Helga Majewski muutti puolisonsa kuoleman j\u00e4lkeen Porvooseen ja nimens\u00e4 Sonck-Majewskiksi. Helga s\u00e4ilytti lahjaesineit\u00e4 kotonaan Porvoossa kuolemaansa saakka ja lahjoitti koko omaisuutensa taiteilijayst\u00e4v\u00e4ns\u00e4 pojalle, taiteilija Viggo Wallensk\u00f6ldille. Kirjahyllylle oli asetettu vierekk\u00e4in Arnoldin valokuva ja kunniamerkit, joita h\u00e4n usein katseli: &#8221;Siin\u00e4 se M\u00e4ski on, h\u00e4n oli rakuuna.&#8221; Esineet olivat rakkaan huolenpidon kohteena samalla paikalla taiteilijan el\u00e4m\u00e4n loppuun saakka.<\/p>\n<p>Helga hakeutui Suomen Taideakatemian kouluun Helsinkiin ja h\u00e4net promovoitiin maisteriksi taiteen ensimm\u00e4isess\u00e4 promootiossa Ateneumissa vuonna 2006. Taiteilijan uralle Helga hakeutui jo 1950-luvulla ja h\u00e4n on tehnyt puolisonsa muotokuvan, mik\u00e4 on nyt esill\u00e4 Iisalmen Rukaj\u00e4rvi-keskuksessa.<\/p>\n<figure id=\"attachment_11941\" aria-describedby=\"caption-attachment-11941\" style=\"width: 4592px\" class=\"wp-caption aligncenter\"><a href=\"http:\/\/www.rukajarvensuunnanhistoriayhdistys.fi\/historiayhdistys\/arvokas-lahja-esilla-iisalmen-rukajarvi-keskuksessa\/sony-dsc-111\/\" rel=\"attachment wp-att-11941\"><img loading=\"lazy\" decoding=\"async\" class=\"size-full wp-image-11941\" src=\"http:\/\/www.rukajarvensuunnanhistoriayhdistys.fi\/historiayhdistys\/wp-content\/uploads\/2017\/11\/DSC04745.jpg\" alt=\"\" width=\"4592\" height=\"3056\" data-id=\"11941\" srcset=\"http:\/\/www.rukajarvensuunnanhistoriayhdistys.fi\/historiayhdistys\/wp-content\/uploads\/2017\/11\/DSC04745.jpg 4592w, http:\/\/www.rukajarvensuunnanhistoriayhdistys.fi\/historiayhdistys\/wp-content\/uploads\/2017\/11\/DSC04745-300x200.jpg 300w, http:\/\/www.rukajarvensuunnanhistoriayhdistys.fi\/historiayhdistys\/wp-content\/uploads\/2017\/11\/DSC04745-768x511.jpg 768w, http:\/\/www.rukajarvensuunnanhistoriayhdistys.fi\/historiayhdistys\/wp-content\/uploads\/2017\/11\/DSC04745-1024x681.jpg 1024w\" sizes=\"auto, (max-width: 4592px) 100vw, 4592px\" \/><\/a><figcaption id=\"caption-attachment-11941\" class=\"wp-caption-text\">Aila Elo ja Tenho Tikkanen, luovuttivat yhdistyksen standaarin Eija ja Viggo Wallensk\u00f6ldille . Kuva Esa Elo.<\/figcaption><\/figure>\n<p>Rukaj\u00e4rven suunnan historiayhdistyksen puheenjohtaja Tenho Tikkanen ja sihteeri Aila Elo luovuttivat taiteilija Viggo Wallensk\u00f6dille ja h\u00e4nen Eija puolisolleen yhdistyksen standaarin. Kiitospuheessaan puheenjohtaja totesi aineiston olevan poikkeuksellisen arvokas. Aineistolla tulee olemaan suurta merkityst\u00e4 yhdistyksen sotahistoriaty\u00f6n kannalta jatkossa. Lahjakirjan mukaan on sovittu kalusteitten esille asettamisesta Lieksan Rukaj\u00e4rvi-keskukseen. Ensivaiheen sijoituspaikka kev\u00e4\u00e4seen 2018 saakka on kuitenkin Iisalmen Rukaj\u00e4rvi-keskus, koska n\u00e4in suuren esinem\u00e4\u00e4r\u00e4n esille asettaminen l\u00e4mpim\u00e4\u00e4n tilaan Lieksassa ei olisi nopeassa aikataulussa mahdollista. &#8211; Lis\u00e4ksi puheenjohtaja lausui mm.: Arvokas lahjoitus velvoittaa yhdistyst\u00e4mme. Lahjoitus kertoo lahjoittajan suuresta arvostuksesta veteraanisukupolvea kohtaan ja se on kunnianosoitus heid\u00e4n maamme itsen\u00e4isyyden hyv\u00e4ksi tekem\u00e4st\u00e4\u00e4n ty\u00f6st\u00e4 viime sodissa ja sotien j\u00e4lkeen. Yhdistyksemme tulee muistamaan lahjoituksen maamme itsen\u00e4isyyden 100-vuotisjuhlavuoden er\u00e4\u00e4n\u00e4 kohokohtana. &#8211; Esit\u00e4mme Teille parhaat kiitoksemme ja pyyd\u00e4mme v\u00e4litt\u00e4m\u00e4\u00e4n kiitoksemme er\u00e4\u00e4nlaisena kummina t\u00e4ss\u00e4 asiassa toimineelle Kirsti Marja Sundille, joka taiteilija Helga Sonck-Majewskin l\u00e4heisen\u00e4 ihmisen\u00e4 muisti Helga Sonck-Majewskin el\u00e4ess\u00e4 vuosia sitten tapahtuneet yhteydenottomme ja kiinnostuksemme Majewskiin liittyvien tietojen kokoamiseksi.<\/p>\n<figure id=\"attachment_11932\" aria-describedby=\"caption-attachment-11932\" style=\"width: 700px\" class=\"wp-caption aligncenter\"><a href=\"http:\/\/www.rukajarvensuunnanhistoriayhdistys.fi\/historiayhdistys\/arvokas-lahja-esilla-iisalmen-rukajarvi-keskuksessa\/esa-viggo-pekka-jpg\/\" rel=\"attachment wp-att-11932\"><img loading=\"lazy\" decoding=\"async\" class=\"size-full wp-image-11932\" src=\"http:\/\/www.rukajarvensuunnanhistoriayhdistys.fi\/historiayhdistys\/wp-content\/uploads\/2017\/11\/Esa-Viggo-Pekka-jpg.jpg\" alt=\"\" width=\"700\" height=\"394\" data-id=\"11932\" srcset=\"http:\/\/www.rukajarvensuunnanhistoriayhdistys.fi\/historiayhdistys\/wp-content\/uploads\/2017\/11\/Esa-Viggo-Pekka-jpg.jpg 700w, http:\/\/www.rukajarvensuunnanhistoriayhdistys.fi\/historiayhdistys\/wp-content\/uploads\/2017\/11\/Esa-Viggo-Pekka-jpg-300x169.jpg 300w\" sizes=\"auto, (max-width: 700px) 100vw, 700px\" \/><\/a><figcaption id=\"caption-attachment-11932\" class=\"wp-caption-text\">Aineiston lastausty\u00f6 k\u00e4ynniss\u00e4 18.11.2017. Esa Elo, Viggo Wallensk\u00f6ld ja Pekka Tikkanen.<\/figcaption><\/figure>\n<figure id=\"attachment_11934\" aria-describedby=\"caption-attachment-11934\" style=\"width: 700px\" class=\"wp-caption aligncenter\"><a href=\"http:\/\/www.rukajarvensuunnanhistoriayhdistys.fi\/historiayhdistys\/arvokas-lahja-esilla-iisalmen-rukajarvi-keskuksessa\/pekka-viggo-2-jpg\/\" rel=\"attachment wp-att-11934\"><img loading=\"lazy\" decoding=\"async\" class=\"size-full wp-image-11934\" src=\"http:\/\/www.rukajarvensuunnanhistoriayhdistys.fi\/historiayhdistys\/wp-content\/uploads\/2017\/11\/Pekka-Viggo-2-jpg.jpg\" alt=\"\" width=\"700\" height=\"394\" data-id=\"11934\" srcset=\"http:\/\/www.rukajarvensuunnanhistoriayhdistys.fi\/historiayhdistys\/wp-content\/uploads\/2017\/11\/Pekka-Viggo-2-jpg.jpg 700w, http:\/\/www.rukajarvensuunnanhistoriayhdistys.fi\/historiayhdistys\/wp-content\/uploads\/2017\/11\/Pekka-Viggo-2-jpg-300x169.jpg 300w\" sizes=\"auto, (max-width: 700px) 100vw, 700px\" \/><\/a><figcaption id=\"caption-attachment-11934\" class=\"wp-caption-text\">Aineiston lastausty\u00f6 k\u00e4ynniss\u00e4 18.11.2017. Pekka Tikkanen., Esa Elo, ja Viggo Wallensk\u00f6ld.<\/figcaption><\/figure>\n<figure id=\"attachment_11942\" aria-describedby=\"caption-attachment-11942\" style=\"width: 4592px\" class=\"wp-caption aligncenter\"><a href=\"http:\/\/www.rukajarvensuunnanhistoriayhdistys.fi\/historiayhdistys\/arvokas-lahja-esilla-iisalmen-rukajarvi-keskuksessa\/sony-dsc-112\/\" rel=\"attachment wp-att-11942\"><img loading=\"lazy\" decoding=\"async\" class=\"size-full wp-image-11942\" src=\"http:\/\/www.rukajarvensuunnanhistoriayhdistys.fi\/historiayhdistys\/wp-content\/uploads\/2017\/11\/DSC04787.jpg\" alt=\"\" width=\"4592\" height=\"3056\" data-id=\"11942\" srcset=\"http:\/\/www.rukajarvensuunnanhistoriayhdistys.fi\/historiayhdistys\/wp-content\/uploads\/2017\/11\/DSC04787.jpg 4592w, http:\/\/www.rukajarvensuunnanhistoriayhdistys.fi\/historiayhdistys\/wp-content\/uploads\/2017\/11\/DSC04787-300x200.jpg 300w, http:\/\/www.rukajarvensuunnanhistoriayhdistys.fi\/historiayhdistys\/wp-content\/uploads\/2017\/11\/DSC04787-768x511.jpg 768w, http:\/\/www.rukajarvensuunnanhistoriayhdistys.fi\/historiayhdistys\/wp-content\/uploads\/2017\/11\/DSC04787-1024x681.jpg 1024w\" sizes=\"auto, (max-width: 4592px) 100vw, 4592px\" \/><\/a><figcaption id=\"caption-attachment-11942\" class=\"wp-caption-text\">Talkooporukka k\u00e4v\u00e4isi v\u00e4lill\u00e4 kahvitauolla, Esa , Eija, Aila ja Viggo.<\/figcaption><\/figure>\n<p>Lahjoitusesineet inventoitiin ja valokuvattiin paikan p\u00e4\u00e4ll\u00e4 ja aineisto digitoidaan v\u00e4litt\u00f6m\u00e4sti yhdistyksen j\u00e4senten Antti Haapalaisen ja Reijo Pulkkisen toimesta. Digitoitu aineisto liitet\u00e4\u00e4n yhdistyksen perinnearkistoon.<\/p>\n<figure id=\"attachment_11937\" aria-describedby=\"caption-attachment-11937\" style=\"width: 3072px\" class=\"wp-caption aligncenter\"><a href=\"http:\/\/www.rukajarvensuunnanhistoriayhdistys.fi\/historiayhdistys\/arvokas-lahja-esilla-iisalmen-rukajarvi-keskuksessa\/wp_20171120_17_08_52_pro\/\" rel=\"attachment wp-att-11937\"><img loading=\"lazy\" decoding=\"async\" class=\"size-full wp-image-11937\" src=\"http:\/\/www.rukajarvensuunnanhistoriayhdistys.fi\/historiayhdistys\/wp-content\/uploads\/2017\/11\/WP_20171120_17_08_52_Pro.jpg\" alt=\"\" width=\"3072\" height=\"1728\" data-id=\"11937\" srcset=\"http:\/\/www.rukajarvensuunnanhistoriayhdistys.fi\/historiayhdistys\/wp-content\/uploads\/2017\/11\/WP_20171120_17_08_52_Pro.jpg 3072w, http:\/\/www.rukajarvensuunnanhistoriayhdistys.fi\/historiayhdistys\/wp-content\/uploads\/2017\/11\/WP_20171120_17_08_52_Pro-300x169.jpg 300w, http:\/\/www.rukajarvensuunnanhistoriayhdistys.fi\/historiayhdistys\/wp-content\/uploads\/2017\/11\/WP_20171120_17_08_52_Pro-768x432.jpg 768w, http:\/\/www.rukajarvensuunnanhistoriayhdistys.fi\/historiayhdistys\/wp-content\/uploads\/2017\/11\/WP_20171120_17_08_52_Pro-1024x576.jpg 1024w\" sizes=\"auto, (max-width: 3072px) 100vw, 3072px\" \/><\/a><figcaption id=\"caption-attachment-11937\" class=\"wp-caption-text\">Talkooporukka Iisalmen Rukaj\u00e4rvi-keskuksessa Majewskin h\u00e4\u00e4lahjap\u00f6yd\u00e4n \u00e4\u00e4ress\u00e4 ty\u00f6n j\u00e4lkeen 20.11.2017, Matti Tikka, Seppo R\u00e4ih\u00e4, Reijo Pulkkinen, Eero Juntunen, Reijo Lappalainen, ja Seppo Ryh\u00e4nen.<\/figcaption><\/figure>\n<figure id=\"attachment_11938\" aria-describedby=\"caption-attachment-11938\" style=\"width: 3072px\" class=\"wp-caption aligncenter\"><a href=\"http:\/\/www.rukajarvensuunnanhistoriayhdistys.fi\/historiayhdistys\/arvokas-lahja-esilla-iisalmen-rukajarvi-keskuksessa\/wp_20171120_17_10_01_pro\/\" rel=\"attachment wp-att-11938\"><img loading=\"lazy\" decoding=\"async\" class=\"size-full wp-image-11938\" src=\"http:\/\/www.rukajarvensuunnanhistoriayhdistys.fi\/historiayhdistys\/wp-content\/uploads\/2017\/11\/WP_20171120_17_10_01_Pro.jpg\" alt=\"\" width=\"3072\" height=\"1728\" data-id=\"11938\" srcset=\"http:\/\/www.rukajarvensuunnanhistoriayhdistys.fi\/historiayhdistys\/wp-content\/uploads\/2017\/11\/WP_20171120_17_10_01_Pro.jpg 3072w, http:\/\/www.rukajarvensuunnanhistoriayhdistys.fi\/historiayhdistys\/wp-content\/uploads\/2017\/11\/WP_20171120_17_10_01_Pro-300x169.jpg 300w, http:\/\/www.rukajarvensuunnanhistoriayhdistys.fi\/historiayhdistys\/wp-content\/uploads\/2017\/11\/WP_20171120_17_10_01_Pro-768x432.jpg 768w, http:\/\/www.rukajarvensuunnanhistoriayhdistys.fi\/historiayhdistys\/wp-content\/uploads\/2017\/11\/WP_20171120_17_10_01_Pro-1024x576.jpg 1024w\" sizes=\"auto, (max-width: 3072px) 100vw, 3072px\" \/><\/a><figcaption id=\"caption-attachment-11938\" class=\"wp-caption-text\">Kalustoon kuului Majewskin nojatuoli ja pahkap\u00f6yt\u00e4, Seppo Ryh\u00e4nen.<\/figcaption><\/figure>\n<figure id=\"attachment_11939\" aria-describedby=\"caption-attachment-11939\" style=\"width: 3072px\" class=\"wp-caption aligncenter\"><a href=\"http:\/\/www.rukajarvensuunnanhistoriayhdistys.fi\/historiayhdistys\/arvokas-lahja-esilla-iisalmen-rukajarvi-keskuksessa\/wp_20171120_17_11_01_pro\/\" rel=\"attachment wp-att-11939\"><img loading=\"lazy\" decoding=\"async\" class=\"size-full wp-image-11939\" src=\"http:\/\/www.rukajarvensuunnanhistoriayhdistys.fi\/historiayhdistys\/wp-content\/uploads\/2017\/11\/WP_20171120_17_11_01_Pro.jpg\" alt=\"\" width=\"3072\" height=\"1728\" data-id=\"11939\" srcset=\"http:\/\/www.rukajarvensuunnanhistoriayhdistys.fi\/historiayhdistys\/wp-content\/uploads\/2017\/11\/WP_20171120_17_11_01_Pro.jpg 3072w, http:\/\/www.rukajarvensuunnanhistoriayhdistys.fi\/historiayhdistys\/wp-content\/uploads\/2017\/11\/WP_20171120_17_11_01_Pro-300x169.jpg 300w, http:\/\/www.rukajarvensuunnanhistoriayhdistys.fi\/historiayhdistys\/wp-content\/uploads\/2017\/11\/WP_20171120_17_11_01_Pro-768x432.jpg 768w, http:\/\/www.rukajarvensuunnanhistoriayhdistys.fi\/historiayhdistys\/wp-content\/uploads\/2017\/11\/WP_20171120_17_11_01_Pro-1024x576.jpg 1024w\" sizes=\"auto, (max-width: 3072px) 100vw, 3072px\" \/><\/a><figcaption id=\"caption-attachment-11939\" class=\"wp-caption-text\">Kalustoon kuului Majewskin nojatuoli ja pahkap\u00f6yt\u00e4, Seppo R\u00e4ih\u00e4.<\/figcaption><\/figure>\n<figure id=\"attachment_11940\" aria-describedby=\"caption-attachment-11940\" style=\"width: 3072px\" class=\"wp-caption aligncenter\"><a href=\"http:\/\/www.rukajarvensuunnanhistoriayhdistys.fi\/historiayhdistys\/arvokas-lahja-esilla-iisalmen-rukajarvi-keskuksessa\/wp_20171120_18_03_47_pro\/\" rel=\"attachment wp-att-11940\"><img loading=\"lazy\" decoding=\"async\" class=\"size-full wp-image-11940\" src=\"http:\/\/www.rukajarvensuunnanhistoriayhdistys.fi\/historiayhdistys\/wp-content\/uploads\/2017\/11\/WP_20171120_18_03_47_Pro.jpg\" alt=\"\" width=\"3072\" height=\"1728\" data-id=\"11940\" srcset=\"http:\/\/www.rukajarvensuunnanhistoriayhdistys.fi\/historiayhdistys\/wp-content\/uploads\/2017\/11\/WP_20171120_18_03_47_Pro.jpg 3072w, http:\/\/www.rukajarvensuunnanhistoriayhdistys.fi\/historiayhdistys\/wp-content\/uploads\/2017\/11\/WP_20171120_18_03_47_Pro-300x169.jpg 300w, http:\/\/www.rukajarvensuunnanhistoriayhdistys.fi\/historiayhdistys\/wp-content\/uploads\/2017\/11\/WP_20171120_18_03_47_Pro-768x432.jpg 768w, http:\/\/www.rukajarvensuunnanhistoriayhdistys.fi\/historiayhdistys\/wp-content\/uploads\/2017\/11\/WP_20171120_18_03_47_Pro-1024x576.jpg 1024w\" sizes=\"auto, (max-width: 3072px) 100vw, 3072px\" \/><\/a><figcaption id=\"caption-attachment-11940\" class=\"wp-caption-text\">Helga Sonck-Majeski teki kaatuneesta puolisostaan muotokuvan. Reijo Lappalainen ja Seppo R\u00e4ih\u00e4 taulua asentamassa.<\/figcaption><\/figure>\n<p>Laajasta kokonaisuudesta n\u00e4in kerrottuna, eik\u00e4 my\u00f6sk\u00e4\u00e4n valokuvista, saa oikeata kuvaa, vaan se on jokaisen itse omin silmin n\u00e4ht\u00e4v\u00e4. Huonekalut ovat todellinen taidonn\u00e4yte rintamasotilaitten k\u00e4dentaidoista.<\/p>\n<p><strong>Kuka Arnold Majewski oli<\/strong><\/p>\n<p>Everstiluutnantti Karl Arnold Woldemar Majewski <strong>(29.11.1892 &#8211; 10.10.1942) <\/strong>oli armeijamme yksi v\u00e4rikk\u00e4immist\u00e4 upseereista. Urhoollisista urhoollisin sotilas, riuska ja karski, joka ensin\u00e4kem\u00e4lt\u00e4 oli pelottava, mutta jolla oli hyv\u00e4 ja l\u00e4mmin syd\u00e4n. Naissukupuolta kohtaan Majewski oli todellinen herrasmies.<\/p>\n<p><strong>Majewski <\/strong>oli tunnettu monien kaskujen kohde. Erkki Ylisippolan ratsumiehist\u00e4 kokoaman kaskukirjan mukaan eniten kaskuja on Marskista ja seuraavaksi eniten niit\u00e4 on &#8221;M\u00e4skist\u00e4&#8221;.<\/p>\n<p>H\u00e4n vaati alaisiltaan toden tullen paljon, mutta huolehti miehist\u00e4\u00e4n kuin hyv\u00e4 is\u00e4 lapsistaan. H\u00e4n ei vaatinut turhia muodollisuuksia ja siksi miehet h\u00e4nest\u00e4 my\u00f6s pitiv\u00e4t.<\/p>\n<p>Majewskin is\u00e4 oli puolalaiseen sotilassukuun kuuluva, mutta Suomessa syntynyt everstiluutnantti Alexander Majewski, ja \u00e4iti oli suomalainen Irene Hellman. Majewski p\u00e4\u00e4si ylioppilaaksi 1912 Turun ruotsalaisesta reaalilyseosta ja asui sitten Pietarissa. H\u00e4nen puolisonsa Helga Sonck-Majewski syntyi Tallinnassa 26.12.1916 ja kuoli 12. maaliskuuta 2015 Porvoossa.<\/p>\n<p>Majewski ja Lieksassa asuva farmaseutti Helga Sonck vihittiin avioliittoon 3.9.1941. H\u00e4\u00e4t pidettiin Lieksan asemaravintolassa, jonne kuljettiin punaista mattoa pitkin. Punaisesta matosta on kuultu usemanpiakin tarinoita. Martti Susipaipaleen is\u00e4n Paavon kirjassa on kerrottu yksi ja toinen Robert Bradbergin kirjassa ja kolmas Erkki Ylisippolan julkaisemattomassa Ratsumieshuumoria k\u00e4sittelev\u00e4ss\u00e4 teoksessa. Niiden mukaan punainen matto liittyy nuorenparin kihlajaisiin ja sit\u00e4 edelt\u00e4v\u00e4\u00e4n seurusteluun. Tied\u00e4mme, ett\u00e4 Brandberg tapasi Helgan ja on mit\u00e4 ilmeisint\u00e4, ett\u00e4 h\u00e4n olisi t\u00e4m\u00e4nkin asian siin\u00e4 yhteydess\u00e4 tarkistanut.<\/p>\n<p><strong>Majewski Talvi- ja Jatkosodassa<\/strong><\/p>\n<p>Talvisodan alkuvaiheessa Majewski oli Kevyt osasto 12:n eskadroonan p\u00e4\u00e4llikk\u00f6n\u00e4 Kollaan rintamalla. Tammikuun puoliv\u00e4liss\u00e4 1940 h\u00e4nest\u00e4 tuli JR 34:n 1. pataljoonan komentaja. Majewski haavoittui 28. helmikuuta kranaatinsirpaleista Uomaan Prokkosenm\u00e4ell\u00e4.<\/p>\n<p>Jatkosodan alkaessa majuriksi ylennyt Majewski oli 1. pataljoonan komentajana JR 10:ss\u00e4, joka eteni Repolan ja Rukaj\u00e4rven suunnassa. Tammikuussa 1942 h\u00e4n johti sissiretke\u00e4 Muurmannin radalle. Retkeen osallistui 1 924 miest\u00e4 ja 268 hevosta. Retken yhten\u00e4 tarkoituksena oli h\u00e4irit\u00e4 vihollisen hy\u00f6kk\u00e4ystoimia Maasel\u00e4n kannaksella. Retken alkaessa Majewski antoi ulkomaisella painotuksella tunnetuksi tulleen pelkistetyn taisteluk\u00e4skyn alaisilleen: \u00bbHyv\u00e4t h\u00e4rrat. Me ole saatu Marsalkkalta yks kunniakas teht\u00e4v\u00e4. Me hiiht\u00e4\u00e4 Muurmannin rata, pane rata poikki ja anta ryss\u00e4 pist\u00e4 meid\u00e4t motti. Sitte me ole kolme p\u00e4iv\u00e4 motissa ja sitte me hiiht\u00e4 takasi. Onko selv\u00e4, onko mite kysymist\u00e4?\u00bb<\/p>\n<p>Muurmannin radan partioretki oli vahvuudeltaan Jatkosodassa Suomen armeijan suurin.<\/p>\n<p>Majewski kaatui 10. lokakuuta 1942 Peukaloniemess\u00e4 esitelless\u00e4\u00e4n TK-miehille Rossille ja Laukkoselle pataljoonansa asemia Peukaloniemen tukikohdassa sen j\u00e4lkeen, kun suomalaiset olivat torjuneet vihollisen hy\u00f6kk\u00e4yksen. Majewski joutui taistelun j\u00e4lki\u00e4 tarkastaessaan tarkka-ampujan uhriksi nostaessaan p\u00e4\u00e4t\u00e4\u00e4n varomattomasti juoksuhaudan reunavallin yli.<\/p>\n<p>Arnold Majewski on haudattu Turun hautausmaalle sukuhautaan.<\/p>\n<figure id=\"attachment_11948\" aria-describedby=\"caption-attachment-11948\" style=\"width: 1094px\" class=\"wp-caption aligncenter\"><a href=\"http:\/\/www.rukajarvensuunnanhistoriayhdistys.fi\/historiayhdistys\/arvokas-lahja-esilla-iisalmen-rukajarvi-keskuksessa\/majewski30proz\/\" rel=\"attachment wp-att-11948\"><img loading=\"lazy\" decoding=\"async\" class=\"size-full wp-image-11948\" src=\"http:\/\/www.rukajarvensuunnanhistoriayhdistys.fi\/historiayhdistys\/wp-content\/uploads\/2017\/11\/majewski30proz.jpg\" alt=\"\" width=\"1094\" height=\"821\" data-id=\"11948\" srcset=\"http:\/\/www.rukajarvensuunnanhistoriayhdistys.fi\/historiayhdistys\/wp-content\/uploads\/2017\/11\/majewski30proz.jpg 1094w, http:\/\/www.rukajarvensuunnanhistoriayhdistys.fi\/historiayhdistys\/wp-content\/uploads\/2017\/11\/majewski30proz-300x225.jpg 300w, http:\/\/www.rukajarvensuunnanhistoriayhdistys.fi\/historiayhdistys\/wp-content\/uploads\/2017\/11\/majewski30proz-768x576.jpg 768w, http:\/\/www.rukajarvensuunnanhistoriayhdistys.fi\/historiayhdistys\/wp-content\/uploads\/2017\/11\/majewski30proz-1024x768.jpg 1024w\" sizes=\"auto, (max-width: 1094px) 100vw, 1094px\" \/><\/a><figcaption id=\"caption-attachment-11948\" class=\"wp-caption-text\">Arnold Majewski on haudattu 17.10.1942 Turun hautausmaalla sijaitsevaan sukuhautaan.<\/figcaption><\/figure>\n<figure id=\"attachment_11947\" aria-describedby=\"caption-attachment-11947\" style=\"width: 1645px\" class=\"wp-caption aligncenter\"><a href=\"http:\/\/www.rukajarvensuunnanhistoriayhdistys.fi\/historiayhdistys\/arvokas-lahja-esilla-iisalmen-rukajarvi-keskuksessa\/hautapaikka-majewski-kartta\/\" rel=\"attachment wp-att-11947\"><img loading=\"lazy\" decoding=\"async\" class=\"size-full wp-image-11947\" src=\"http:\/\/www.rukajarvensuunnanhistoriayhdistys.fi\/historiayhdistys\/wp-content\/uploads\/2017\/11\/Hautapaikka-majewski-kartta.jpg\" alt=\"\" width=\"1645\" height=\"2337\" data-id=\"11947\" srcset=\"http:\/\/www.rukajarvensuunnanhistoriayhdistys.fi\/historiayhdistys\/wp-content\/uploads\/2017\/11\/Hautapaikka-majewski-kartta.jpg 1645w, http:\/\/www.rukajarvensuunnanhistoriayhdistys.fi\/historiayhdistys\/wp-content\/uploads\/2017\/11\/Hautapaikka-majewski-kartta-211x300.jpg 211w, http:\/\/www.rukajarvensuunnanhistoriayhdistys.fi\/historiayhdistys\/wp-content\/uploads\/2017\/11\/Hautapaikka-majewski-kartta-768x1091.jpg 768w, http:\/\/www.rukajarvensuunnanhistoriayhdistys.fi\/historiayhdistys\/wp-content\/uploads\/2017\/11\/Hautapaikka-majewski-kartta-721x1024.jpg 721w\" sizes=\"auto, (max-width: 1645px) 100vw, 1645px\" \/><\/a><figcaption id=\"caption-attachment-11947\" class=\"wp-caption-text\">Arnold Majewski on haudattu 17.10.1942 Turun hautausmaalla sijaitsevaan sukuhautaan.<\/figcaption><\/figure>\n<figure id=\"attachment_11722\" aria-describedby=\"caption-attachment-11722\" style=\"width: 4996px\" class=\"wp-caption aligncenter\"><a href=\"http:\/\/www.rukajarvensuunnanhistoriayhdistys.fi\/historiayhdistys\/115308-majewski\/\"><img loading=\"lazy\" decoding=\"async\" class=\"size-full wp-image-11722\" src=\"http:\/\/www.rukajarvensuunnanhistoriayhdistys.fi\/historiayhdistys\/wp-content\/uploads\/2017\/08\/115308-Majewski.jpg\" alt=\"\" width=\"4996\" height=\"3281\" data-id=\"11722\" srcset=\"http:\/\/www.rukajarvensuunnanhistoriayhdistys.fi\/historiayhdistys\/wp-content\/uploads\/2017\/08\/115308-Majewski.jpg 4996w, http:\/\/www.rukajarvensuunnanhistoriayhdistys.fi\/historiayhdistys\/wp-content\/uploads\/2017\/08\/115308-Majewski-300x197.jpg 300w, http:\/\/www.rukajarvensuunnanhistoriayhdistys.fi\/historiayhdistys\/wp-content\/uploads\/2017\/08\/115308-Majewski-768x504.jpg 768w, http:\/\/www.rukajarvensuunnanhistoriayhdistys.fi\/historiayhdistys\/wp-content\/uploads\/2017\/08\/115308-Majewski-1024x672.jpg 1024w\" sizes=\"auto, (max-width: 4996px) 100vw, 4996px\" \/><\/a><figcaption id=\"caption-attachment-11722\" class=\"wp-caption-text\">Taistelu on p\u00e4\u00e4ttynyt. Komentaja everstiluutnantti Majewski tarkastamassa taistelun j\u00e4lki\u00e4. (20-30 m t\u00e4st\u00e4 paikasta eteenp\u00e4in kaatui everstiluutnantti Majewski viereeni tarkka-ampujan luodista. Kuvateksti Ilmari Laukkonen). Majewski otti KTR 18:sta tulehjohtaja Veikko Lukkariselta kiikarin ja nosti p\u00e4\u00e4t\u00e4\u00e4n taisteluhaudan vallin reunan yli. Samassa tarkka-ampujan luoti osui komentajan leuan k\u00e4rkeen. Kaatumisesta kertoo paikalle saapunut l\u00e4\u00e4kint\u00e4mies Maunu Turunen. Haastattelu kastottavissa <a href=\"https:\/\/www.facebook.com\/sotaveteraaniliitto\/videos\/784465161695677\/\"><strong>T\u00c4\u00c4LT\u00c4<\/strong><\/a>;<\/figcaption><\/figure>\n<p>&nbsp;<\/p>\n","protected":false},"excerpt":{"rendered":"<p>Taiteilija Viggo Wallensk\u00f6ld lahjoitti huomattavan osan Arnold Majewskin ja Helga Sonck-Majewskin j\u00e4\u00e4mist\u00f6st\u00e4 Rukaj\u00e4rven suunnan historiayhdistykselle. Lahjoitus k\u00e4sitt\u00e4\u00e4 kokonaisen pakettiautollisen esineit\u00e4, mm. rintamalla valmistetut nuorenparin h\u00e4\u00e4lahjakalusteet, koriste-esineit\u00e4, Majewskin kunniamerkit, miekan, kynttil\u00e4njalkoja, <a class=\"more-link\" href=\"http:\/\/www.rukajarvensuunnanhistoriayhdistys.fi\/historiayhdistys\/arvokas-lahja-esilla-iisalmen-rukajarvi-keskuksessa\/\">Teksti jatkuu&#8230;<span class=\"screen-reader-text\">Arvokas lahjoitus esill\u00e4 Iisalmen Rukaj\u00e4rvi-keskuksessa<\/span><span class=\"meta-nav\">\u2192<\/span><\/a><\/p>\n","protected":false},"author":3,"featured_media":0,"comment_status":"closed","ping_status":"open","sticky":false,"template":"","format":"standard","meta":{"footnotes":""},"categories":[22,21,33,17],"tags":[],"class_list":["post-11930","post","type-post","status-publish","format-standard","hentry","category-ajankohtaista","category-rukajarvi-keskus","category-rukajarvi-keskus-iisalmi","category-toiminta"],"yoast_head":"<!-- This site is optimized with the Yoast SEO plugin v27.4 - https:\/\/yoast.com\/product\/yoast-seo-wordpress\/ -->\n<title>Arvokas lahjoitus esill\u00e4 Iisalmen Rukaj\u00e4rvi-keskuksessa - Rukaj\u00e4rven suunnan historiayhdistys<\/title>\n<meta name=\"robots\" content=\"index, follow, max-snippet:-1, max-image-preview:large, max-video-preview:-1\" \/>\n<link rel=\"canonical\" href=\"http:\/\/www.rukajarvensuunnanhistoriayhdistys.fi\/historiayhdistys\/arvokas-lahja-esilla-iisalmen-rukajarvi-keskuksessa\/\" \/>\n<meta property=\"og:locale\" content=\"fi_FI\" \/>\n<meta property=\"og:type\" content=\"article\" \/>\n<meta property=\"og:title\" content=\"Arvokas lahjoitus esill\u00e4 Iisalmen Rukaj\u00e4rvi-keskuksessa - Rukaj\u00e4rven suunnan historiayhdistys\" \/>\n<meta property=\"og:description\" content=\"Taiteilija Viggo Wallensk\u00f6ld lahjoitti huomattavan osan Arnold Majewskin ja Helga Sonck-Majewskin j\u00e4\u00e4mist\u00f6st\u00e4 Rukaj\u00e4rven suunnan historiayhdistykselle. Lahjoitus k\u00e4sitt\u00e4\u00e4 kokonaisen pakettiautollisen esineit\u00e4, mm. rintamalla valmistetut nuorenparin h\u00e4\u00e4lahjakalusteet, koriste-esineit\u00e4, Majewskin kunniamerkit, miekan, kynttil\u00e4njalkoja, Teksti jatkuu...Arvokas lahjoitus esill\u00e4 Iisalmen Rukaj\u00e4rvi-keskuksessa\u2192\" \/>\n<meta property=\"og:url\" content=\"http:\/\/www.rukajarvensuunnanhistoriayhdistys.fi\/historiayhdistys\/arvokas-lahja-esilla-iisalmen-rukajarvi-keskuksessa\/\" \/>\n<meta property=\"og:site_name\" content=\"Rukaj\u00e4rven suunnan historiayhdistys\" \/>\n<meta property=\"article:published_time\" content=\"2017-11-21T16:18:50+00:00\" \/>\n<meta property=\"article:modified_time\" content=\"2017-11-22T16:39:33+00:00\" \/>\n<meta property=\"og:image\" content=\"http:\/\/www.rukajarvensuunnanhistoriayhdistys.fi\/historiayhdistys\/wp-content\/uploads\/2017\/11\/image3-2.jpg\" \/>\n<meta name=\"author\" content=\"RSHY\" \/>\n<meta name=\"twitter:label1\" content=\"Kirjoittanut\" \/>\n\t<meta name=\"twitter:data1\" content=\"RSHY\" \/>\n\t<meta name=\"twitter:label2\" content=\"Arvioitu lukuaika\" \/>\n\t<meta name=\"twitter:data2\" content=\"6 minuuttia\" \/>\n<script type=\"application\/ld+json\" class=\"yoast-schema-graph\">{\"@context\":\"https:\\\/\\\/schema.org\",\"@graph\":[{\"@type\":\"Article\",\"@id\":\"http:\\\/\\\/www.rukajarvensuunnanhistoriayhdistys.fi\\\/historiayhdistys\\\/arvokas-lahja-esilla-iisalmen-rukajarvi-keskuksessa\\\/#article\",\"isPartOf\":{\"@id\":\"http:\\\/\\\/www.rukajarvensuunnanhistoriayhdistys.fi\\\/historiayhdistys\\\/arvokas-lahja-esilla-iisalmen-rukajarvi-keskuksessa\\\/\"},\"author\":{\"name\":\"RSHY\",\"@id\":\"http:\\\/\\\/www.rukajarvensuunnanhistoriayhdistys.fi\\\/historiayhdistys\\\/#\\\/schema\\\/person\\\/19de7db68bf72dfd2b5d7f6dfbf8454d\"},\"headline\":\"Arvokas lahjoitus esill\u00e4 Iisalmen Rukaj\u00e4rvi-keskuksessa\",\"datePublished\":\"2017-11-21T16:18:50+00:00\",\"dateModified\":\"2017-11-22T16:39:33+00:00\",\"mainEntityOfPage\":{\"@id\":\"http:\\\/\\\/www.rukajarvensuunnanhistoriayhdistys.fi\\\/historiayhdistys\\\/arvokas-lahja-esilla-iisalmen-rukajarvi-keskuksessa\\\/\"},\"wordCount\":1233,\"publisher\":{\"@id\":\"http:\\\/\\\/www.rukajarvensuunnanhistoriayhdistys.fi\\\/historiayhdistys\\\/#organization\"},\"image\":{\"@id\":\"http:\\\/\\\/www.rukajarvensuunnanhistoriayhdistys.fi\\\/historiayhdistys\\\/arvokas-lahja-esilla-iisalmen-rukajarvi-keskuksessa\\\/#primaryimage\"},\"thumbnailUrl\":\"http:\\\/\\\/www.rukajarvensuunnanhistoriayhdistys.fi\\\/historiayhdistys\\\/wp-content\\\/uploads\\\/2017\\\/11\\\/image3-2.jpg\",\"articleSection\":[\"Ajankohtaista\",\"Rukaj\u00e4rvi-keskus\",\"Rukaj\u00e4rvi-keskus \u2013 Kiuruvesi\",\"Toiminta\"],\"inLanguage\":\"fi\"},{\"@type\":\"WebPage\",\"@id\":\"http:\\\/\\\/www.rukajarvensuunnanhistoriayhdistys.fi\\\/historiayhdistys\\\/arvokas-lahja-esilla-iisalmen-rukajarvi-keskuksessa\\\/\",\"url\":\"http:\\\/\\\/www.rukajarvensuunnanhistoriayhdistys.fi\\\/historiayhdistys\\\/arvokas-lahja-esilla-iisalmen-rukajarvi-keskuksessa\\\/\",\"name\":\"Arvokas lahjoitus esill\u00e4 Iisalmen Rukaj\u00e4rvi-keskuksessa - Rukaj\u00e4rven suunnan historiayhdistys\",\"isPartOf\":{\"@id\":\"http:\\\/\\\/www.rukajarvensuunnanhistoriayhdistys.fi\\\/historiayhdistys\\\/#website\"},\"primaryImageOfPage\":{\"@id\":\"http:\\\/\\\/www.rukajarvensuunnanhistoriayhdistys.fi\\\/historiayhdistys\\\/arvokas-lahja-esilla-iisalmen-rukajarvi-keskuksessa\\\/#primaryimage\"},\"image\":{\"@id\":\"http:\\\/\\\/www.rukajarvensuunnanhistoriayhdistys.fi\\\/historiayhdistys\\\/arvokas-lahja-esilla-iisalmen-rukajarvi-keskuksessa\\\/#primaryimage\"},\"thumbnailUrl\":\"http:\\\/\\\/www.rukajarvensuunnanhistoriayhdistys.fi\\\/historiayhdistys\\\/wp-content\\\/uploads\\\/2017\\\/11\\\/image3-2.jpg\",\"datePublished\":\"2017-11-21T16:18:50+00:00\",\"dateModified\":\"2017-11-22T16:39:33+00:00\",\"breadcrumb\":{\"@id\":\"http:\\\/\\\/www.rukajarvensuunnanhistoriayhdistys.fi\\\/historiayhdistys\\\/arvokas-lahja-esilla-iisalmen-rukajarvi-keskuksessa\\\/#breadcrumb\"},\"inLanguage\":\"fi\",\"potentialAction\":[{\"@type\":\"ReadAction\",\"target\":[\"http:\\\/\\\/www.rukajarvensuunnanhistoriayhdistys.fi\\\/historiayhdistys\\\/arvokas-lahja-esilla-iisalmen-rukajarvi-keskuksessa\\\/\"]}]},{\"@type\":\"ImageObject\",\"inLanguage\":\"fi\",\"@id\":\"http:\\\/\\\/www.rukajarvensuunnanhistoriayhdistys.fi\\\/historiayhdistys\\\/arvokas-lahja-esilla-iisalmen-rukajarvi-keskuksessa\\\/#primaryimage\",\"url\":\"http:\\\/\\\/www.rukajarvensuunnanhistoriayhdistys.fi\\\/historiayhdistys\\\/wp-content\\\/uploads\\\/2017\\\/11\\\/image3-2.jpg\",\"contentUrl\":\"http:\\\/\\\/www.rukajarvensuunnanhistoriayhdistys.fi\\\/historiayhdistys\\\/wp-content\\\/uploads\\\/2017\\\/11\\\/image3-2.jpg\",\"width\":1599,\"height\":899,\"caption\":\"Helga ja Arnolda Majewskin h\u00e4\u00e4lahjakalusto esill\u00e4 Rukaj\u00e4rvi-keskuksissa muun aineiston kanssa.\"},{\"@type\":\"BreadcrumbList\",\"@id\":\"http:\\\/\\\/www.rukajarvensuunnanhistoriayhdistys.fi\\\/historiayhdistys\\\/arvokas-lahja-esilla-iisalmen-rukajarvi-keskuksessa\\\/#breadcrumb\",\"itemListElement\":[{\"@type\":\"ListItem\",\"position\":1,\"name\":\"Etusivu\",\"item\":\"http:\\\/\\\/www.rukajarvensuunnanhistoriayhdistys.fi\\\/historiayhdistys\\\/\"},{\"@type\":\"ListItem\",\"position\":2,\"name\":\"Arvokas lahjoitus esill\u00e4 Iisalmen Rukaj\u00e4rvi-keskuksessa\"}]},{\"@type\":\"WebSite\",\"@id\":\"http:\\\/\\\/www.rukajarvensuunnanhistoriayhdistys.fi\\\/historiayhdistys\\\/#website\",\"url\":\"http:\\\/\\\/www.rukajarvensuunnanhistoriayhdistys.fi\\\/historiayhdistys\\\/\",\"name\":\"Rukaj\u00e4rven suunnan historiayhdistys\",\"description\":\"Rukaj\u00e4rven suunnan historiayhdistyksen verkkosivut.\",\"publisher\":{\"@id\":\"http:\\\/\\\/www.rukajarvensuunnanhistoriayhdistys.fi\\\/historiayhdistys\\\/#organization\"},\"potentialAction\":[{\"@type\":\"SearchAction\",\"target\":{\"@type\":\"EntryPoint\",\"urlTemplate\":\"http:\\\/\\\/www.rukajarvensuunnanhistoriayhdistys.fi\\\/historiayhdistys\\\/?s={search_term_string}\"},\"query-input\":{\"@type\":\"PropertyValueSpecification\",\"valueRequired\":true,\"valueName\":\"search_term_string\"}}],\"inLanguage\":\"fi\"},{\"@type\":\"Organization\",\"@id\":\"http:\\\/\\\/www.rukajarvensuunnanhistoriayhdistys.fi\\\/historiayhdistys\\\/#organization\",\"name\":\"Rukaj\u00e4rven suunnan historiayhdistys\",\"url\":\"http:\\\/\\\/www.rukajarvensuunnanhistoriayhdistys.fi\\\/historiayhdistys\\\/\",\"logo\":{\"@type\":\"ImageObject\",\"inLanguage\":\"fi\",\"@id\":\"http:\\\/\\\/www.rukajarvensuunnanhistoriayhdistys.fi\\\/historiayhdistys\\\/#\\\/schema\\\/logo\\\/image\\\/\",\"url\":\"http:\\\/\\\/www.rukajarvensuunnanhistoriayhdistys.fi\\\/historiayhdistys\\\/wp-content\\\/uploads\\\/2013\\\/12\\\/Otsake_3.jpg\",\"contentUrl\":\"http:\\\/\\\/www.rukajarvensuunnanhistoriayhdistys.fi\\\/historiayhdistys\\\/wp-content\\\/uploads\\\/2013\\\/12\\\/Otsake_3.jpg\",\"width\":1000,\"height\":442,\"caption\":\"Rukaj\u00e4rven suunnan historiayhdistys\"},\"image\":{\"@id\":\"http:\\\/\\\/www.rukajarvensuunnanhistoriayhdistys.fi\\\/historiayhdistys\\\/#\\\/schema\\\/logo\\\/image\\\/\"}},{\"@type\":\"Person\",\"@id\":\"http:\\\/\\\/www.rukajarvensuunnanhistoriayhdistys.fi\\\/historiayhdistys\\\/#\\\/schema\\\/person\\\/19de7db68bf72dfd2b5d7f6dfbf8454d\",\"name\":\"RSHY\",\"image\":{\"@type\":\"ImageObject\",\"inLanguage\":\"fi\",\"@id\":\"https:\\\/\\\/secure.gravatar.com\\\/avatar\\\/598d59263a69cc8de65fcb4f9db78d6f58c098cb0e0ba22d73377441af9fa04c?s=96&d=blank&r=g\",\"url\":\"https:\\\/\\\/secure.gravatar.com\\\/avatar\\\/598d59263a69cc8de65fcb4f9db78d6f58c098cb0e0ba22d73377441af9fa04c?s=96&d=blank&r=g\",\"contentUrl\":\"https:\\\/\\\/secure.gravatar.com\\\/avatar\\\/598d59263a69cc8de65fcb4f9db78d6f58c098cb0e0ba22d73377441af9fa04c?s=96&d=blank&r=g\",\"caption\":\"RSHY\"},\"url\":\"http:\\\/\\\/www.rukajarvensuunnanhistoriayhdistys.fi\\\/historiayhdistys\\\/author\\\/rshy\\\/\"}]}<\/script>\n<!-- \/ Yoast SEO plugin. -->","yoast_head_json":{"title":"Arvokas lahjoitus esill\u00e4 Iisalmen Rukaj\u00e4rvi-keskuksessa - Rukaj\u00e4rven suunnan historiayhdistys","robots":{"index":"index","follow":"follow","max-snippet":"max-snippet:-1","max-image-preview":"max-image-preview:large","max-video-preview":"max-video-preview:-1"},"canonical":"http:\/\/www.rukajarvensuunnanhistoriayhdistys.fi\/historiayhdistys\/arvokas-lahja-esilla-iisalmen-rukajarvi-keskuksessa\/","og_locale":"fi_FI","og_type":"article","og_title":"Arvokas lahjoitus esill\u00e4 Iisalmen Rukaj\u00e4rvi-keskuksessa - Rukaj\u00e4rven suunnan historiayhdistys","og_description":"Taiteilija Viggo Wallensk\u00f6ld lahjoitti huomattavan osan Arnold Majewskin ja Helga Sonck-Majewskin j\u00e4\u00e4mist\u00f6st\u00e4 Rukaj\u00e4rven suunnan historiayhdistykselle. Lahjoitus k\u00e4sitt\u00e4\u00e4 kokonaisen pakettiautollisen esineit\u00e4, mm. rintamalla valmistetut nuorenparin h\u00e4\u00e4lahjakalusteet, koriste-esineit\u00e4, Majewskin kunniamerkit, miekan, kynttil\u00e4njalkoja, Teksti jatkuu...Arvokas lahjoitus esill\u00e4 Iisalmen Rukaj\u00e4rvi-keskuksessa\u2192","og_url":"http:\/\/www.rukajarvensuunnanhistoriayhdistys.fi\/historiayhdistys\/arvokas-lahja-esilla-iisalmen-rukajarvi-keskuksessa\/","og_site_name":"Rukaj\u00e4rven suunnan historiayhdistys","article_published_time":"2017-11-21T16:18:50+00:00","article_modified_time":"2017-11-22T16:39:33+00:00","og_image":[{"url":"http:\/\/www.rukajarvensuunnanhistoriayhdistys.fi\/historiayhdistys\/wp-content\/uploads\/2017\/11\/image3-2.jpg","type":"","width":"","height":""}],"author":"RSHY","twitter_misc":{"Kirjoittanut":"RSHY","Arvioitu lukuaika":"6 minuuttia"},"schema":{"@context":"https:\/\/schema.org","@graph":[{"@type":"Article","@id":"http:\/\/www.rukajarvensuunnanhistoriayhdistys.fi\/historiayhdistys\/arvokas-lahja-esilla-iisalmen-rukajarvi-keskuksessa\/#article","isPartOf":{"@id":"http:\/\/www.rukajarvensuunnanhistoriayhdistys.fi\/historiayhdistys\/arvokas-lahja-esilla-iisalmen-rukajarvi-keskuksessa\/"},"author":{"name":"RSHY","@id":"http:\/\/www.rukajarvensuunnanhistoriayhdistys.fi\/historiayhdistys\/#\/schema\/person\/19de7db68bf72dfd2b5d7f6dfbf8454d"},"headline":"Arvokas lahjoitus esill\u00e4 Iisalmen Rukaj\u00e4rvi-keskuksessa","datePublished":"2017-11-21T16:18:50+00:00","dateModified":"2017-11-22T16:39:33+00:00","mainEntityOfPage":{"@id":"http:\/\/www.rukajarvensuunnanhistoriayhdistys.fi\/historiayhdistys\/arvokas-lahja-esilla-iisalmen-rukajarvi-keskuksessa\/"},"wordCount":1233,"publisher":{"@id":"http:\/\/www.rukajarvensuunnanhistoriayhdistys.fi\/historiayhdistys\/#organization"},"image":{"@id":"http:\/\/www.rukajarvensuunnanhistoriayhdistys.fi\/historiayhdistys\/arvokas-lahja-esilla-iisalmen-rukajarvi-keskuksessa\/#primaryimage"},"thumbnailUrl":"http:\/\/www.rukajarvensuunnanhistoriayhdistys.fi\/historiayhdistys\/wp-content\/uploads\/2017\/11\/image3-2.jpg","articleSection":["Ajankohtaista","Rukaj\u00e4rvi-keskus","Rukaj\u00e4rvi-keskus \u2013 Kiuruvesi","Toiminta"],"inLanguage":"fi"},{"@type":"WebPage","@id":"http:\/\/www.rukajarvensuunnanhistoriayhdistys.fi\/historiayhdistys\/arvokas-lahja-esilla-iisalmen-rukajarvi-keskuksessa\/","url":"http:\/\/www.rukajarvensuunnanhistoriayhdistys.fi\/historiayhdistys\/arvokas-lahja-esilla-iisalmen-rukajarvi-keskuksessa\/","name":"Arvokas lahjoitus esill\u00e4 Iisalmen Rukaj\u00e4rvi-keskuksessa - Rukaj\u00e4rven suunnan historiayhdistys","isPartOf":{"@id":"http:\/\/www.rukajarvensuunnanhistoriayhdistys.fi\/historiayhdistys\/#website"},"primaryImageOfPage":{"@id":"http:\/\/www.rukajarvensuunnanhistoriayhdistys.fi\/historiayhdistys\/arvokas-lahja-esilla-iisalmen-rukajarvi-keskuksessa\/#primaryimage"},"image":{"@id":"http:\/\/www.rukajarvensuunnanhistoriayhdistys.fi\/historiayhdistys\/arvokas-lahja-esilla-iisalmen-rukajarvi-keskuksessa\/#primaryimage"},"thumbnailUrl":"http:\/\/www.rukajarvensuunnanhistoriayhdistys.fi\/historiayhdistys\/wp-content\/uploads\/2017\/11\/image3-2.jpg","datePublished":"2017-11-21T16:18:50+00:00","dateModified":"2017-11-22T16:39:33+00:00","breadcrumb":{"@id":"http:\/\/www.rukajarvensuunnanhistoriayhdistys.fi\/historiayhdistys\/arvokas-lahja-esilla-iisalmen-rukajarvi-keskuksessa\/#breadcrumb"},"inLanguage":"fi","potentialAction":[{"@type":"ReadAction","target":["http:\/\/www.rukajarvensuunnanhistoriayhdistys.fi\/historiayhdistys\/arvokas-lahja-esilla-iisalmen-rukajarvi-keskuksessa\/"]}]},{"@type":"ImageObject","inLanguage":"fi","@id":"http:\/\/www.rukajarvensuunnanhistoriayhdistys.fi\/historiayhdistys\/arvokas-lahja-esilla-iisalmen-rukajarvi-keskuksessa\/#primaryimage","url":"http:\/\/www.rukajarvensuunnanhistoriayhdistys.fi\/historiayhdistys\/wp-content\/uploads\/2017\/11\/image3-2.jpg","contentUrl":"http:\/\/www.rukajarvensuunnanhistoriayhdistys.fi\/historiayhdistys\/wp-content\/uploads\/2017\/11\/image3-2.jpg","width":1599,"height":899,"caption":"Helga ja Arnolda Majewskin h\u00e4\u00e4lahjakalusto esill\u00e4 Rukaj\u00e4rvi-keskuksissa muun aineiston kanssa."},{"@type":"BreadcrumbList","@id":"http:\/\/www.rukajarvensuunnanhistoriayhdistys.fi\/historiayhdistys\/arvokas-lahja-esilla-iisalmen-rukajarvi-keskuksessa\/#breadcrumb","itemListElement":[{"@type":"ListItem","position":1,"name":"Etusivu","item":"http:\/\/www.rukajarvensuunnanhistoriayhdistys.fi\/historiayhdistys\/"},{"@type":"ListItem","position":2,"name":"Arvokas lahjoitus esill\u00e4 Iisalmen Rukaj\u00e4rvi-keskuksessa"}]},{"@type":"WebSite","@id":"http:\/\/www.rukajarvensuunnanhistoriayhdistys.fi\/historiayhdistys\/#website","url":"http:\/\/www.rukajarvensuunnanhistoriayhdistys.fi\/historiayhdistys\/","name":"Rukaj\u00e4rven suunnan historiayhdistys","description":"Rukaj\u00e4rven suunnan historiayhdistyksen verkkosivut.","publisher":{"@id":"http:\/\/www.rukajarvensuunnanhistoriayhdistys.fi\/historiayhdistys\/#organization"},"potentialAction":[{"@type":"SearchAction","target":{"@type":"EntryPoint","urlTemplate":"http:\/\/www.rukajarvensuunnanhistoriayhdistys.fi\/historiayhdistys\/?s={search_term_string}"},"query-input":{"@type":"PropertyValueSpecification","valueRequired":true,"valueName":"search_term_string"}}],"inLanguage":"fi"},{"@type":"Organization","@id":"http:\/\/www.rukajarvensuunnanhistoriayhdistys.fi\/historiayhdistys\/#organization","name":"Rukaj\u00e4rven suunnan historiayhdistys","url":"http:\/\/www.rukajarvensuunnanhistoriayhdistys.fi\/historiayhdistys\/","logo":{"@type":"ImageObject","inLanguage":"fi","@id":"http:\/\/www.rukajarvensuunnanhistoriayhdistys.fi\/historiayhdistys\/#\/schema\/logo\/image\/","url":"http:\/\/www.rukajarvensuunnanhistoriayhdistys.fi\/historiayhdistys\/wp-content\/uploads\/2013\/12\/Otsake_3.jpg","contentUrl":"http:\/\/www.rukajarvensuunnanhistoriayhdistys.fi\/historiayhdistys\/wp-content\/uploads\/2013\/12\/Otsake_3.jpg","width":1000,"height":442,"caption":"Rukaj\u00e4rven suunnan historiayhdistys"},"image":{"@id":"http:\/\/www.rukajarvensuunnanhistoriayhdistys.fi\/historiayhdistys\/#\/schema\/logo\/image\/"}},{"@type":"Person","@id":"http:\/\/www.rukajarvensuunnanhistoriayhdistys.fi\/historiayhdistys\/#\/schema\/person\/19de7db68bf72dfd2b5d7f6dfbf8454d","name":"RSHY","image":{"@type":"ImageObject","inLanguage":"fi","@id":"https:\/\/secure.gravatar.com\/avatar\/598d59263a69cc8de65fcb4f9db78d6f58c098cb0e0ba22d73377441af9fa04c?s=96&d=blank&r=g","url":"https:\/\/secure.gravatar.com\/avatar\/598d59263a69cc8de65fcb4f9db78d6f58c098cb0e0ba22d73377441af9fa04c?s=96&d=blank&r=g","contentUrl":"https:\/\/secure.gravatar.com\/avatar\/598d59263a69cc8de65fcb4f9db78d6f58c098cb0e0ba22d73377441af9fa04c?s=96&d=blank&r=g","caption":"RSHY"},"url":"http:\/\/www.rukajarvensuunnanhistoriayhdistys.fi\/historiayhdistys\/author\/rshy\/"}]}},"_links":{"self":[{"href":"http:\/\/www.rukajarvensuunnanhistoriayhdistys.fi\/historiayhdistys\/wp-json\/wp\/v2\/posts\/11930","targetHints":{"allow":["GET"]}}],"collection":[{"href":"http:\/\/www.rukajarvensuunnanhistoriayhdistys.fi\/historiayhdistys\/wp-json\/wp\/v2\/posts"}],"about":[{"href":"http:\/\/www.rukajarvensuunnanhistoriayhdistys.fi\/historiayhdistys\/wp-json\/wp\/v2\/types\/post"}],"author":[{"embeddable":true,"href":"http:\/\/www.rukajarvensuunnanhistoriayhdistys.fi\/historiayhdistys\/wp-json\/wp\/v2\/users\/3"}],"replies":[{"embeddable":true,"href":"http:\/\/www.rukajarvensuunnanhistoriayhdistys.fi\/historiayhdistys\/wp-json\/wp\/v2\/comments?post=11930"}],"version-history":[{"count":8,"href":"http:\/\/www.rukajarvensuunnanhistoriayhdistys.fi\/historiayhdistys\/wp-json\/wp\/v2\/posts\/11930\/revisions"}],"predecessor-version":[{"id":11965,"href":"http:\/\/www.rukajarvensuunnanhistoriayhdistys.fi\/historiayhdistys\/wp-json\/wp\/v2\/posts\/11930\/revisions\/11965"}],"wp:attachment":[{"href":"http:\/\/www.rukajarvensuunnanhistoriayhdistys.fi\/historiayhdistys\/wp-json\/wp\/v2\/media?parent=11930"}],"wp:term":[{"taxonomy":"category","embeddable":true,"href":"http:\/\/www.rukajarvensuunnanhistoriayhdistys.fi\/historiayhdistys\/wp-json\/wp\/v2\/categories?post=11930"},{"taxonomy":"post_tag","embeddable":true,"href":"http:\/\/www.rukajarvensuunnanhistoriayhdistys.fi\/historiayhdistys\/wp-json\/wp\/v2\/tags?post=11930"}],"curies":[{"name":"wp","href":"https:\/\/api.w.org\/{rel}","templated":true}]}}