{"id":12327,"date":"2018-04-24T00:50:12","date_gmt":"2018-04-23T21:50:12","guid":{"rendered":"http:\/\/www.rukajarvensuunnanhistoriayhdistys.fi\/historiayhdistys\/?p=12327"},"modified":"2018-04-24T08:18:13","modified_gmt":"2018-04-24T05:18:13","slug":"rshyryn-edustajat-miehikkalassa-salpalinjan-tiedotustilaisuudessa-23-4-2018","status":"publish","type":"post","link":"http:\/\/www.rukajarvensuunnanhistoriayhdistys.fi\/historiayhdistys\/rshyryn-edustajat-miehikkalassa-salpalinjan-tiedotustilaisuudessa-23-4-2018\/","title":{"rendered":"RSHYry:n edustajat Miehikk\u00e4l\u00e4ss\u00e4 -Salpalinjan tiedotustilaisuudessa 23.4.2018"},"content":{"rendered":"<div class=\"fcbkbttn_buttons_block\" id=\"fcbkbttn_left\"><div class=\"fcbkbttn_like \"><fb:like href=\"http:\/\/www.rukajarvensuunnanhistoriayhdistys.fi\/historiayhdistys\/rshyryn-edustajat-miehikkalassa-salpalinjan-tiedotustilaisuudessa-23-4-2018\/\" action=\"like\" colorscheme=\"light\" layout=\"button_count\"  size=\"small\"><\/fb:like><\/div><\/div><p>Valtiovarainministeri\u00f6 on p\u00e4\u00e4tt\u00e4nyt luovuttaa Salpalinja-puolustuslinjaan kuuluvat rakenteet maanomistajille ja l\u00e4htee nyt valmistelemaan rakenteisiin liittyvien k\u00e4ytt\u00f6oikeuden rajoitusten purkamista. Asiaa koskeva tiedotustilaisuus oli 23.4.2018 Salpalinja-museossa Miehikk\u00e4l\u00e4ss\u00e4.<\/p>\n<figure id=\"attachment_12329\" aria-describedby=\"caption-attachment-12329\" style=\"width: 4608px\" class=\"wp-caption aligncenter\"><a href=\"http:\/\/www.rukajarvensuunnanhistoriayhdistys.fi\/historiayhdistys\/rshyryn-edustajat-miehikkalassa-salpalinjan-tiedotustilaisuudessa-23-4-2018\/20180423_140248-2\/\" rel=\"attachment wp-att-12329\"><img loading=\"lazy\" decoding=\"async\" class=\"size-full wp-image-12329\" src=\"http:\/\/www.rukajarvensuunnanhistoriayhdistys.fi\/historiayhdistys\/wp-content\/uploads\/2018\/04\/20180423_140248-2.jpg\" alt=\"\" width=\"4608\" height=\"2592\" data-id=\"12329\" srcset=\"http:\/\/www.rukajarvensuunnanhistoriayhdistys.fi\/historiayhdistys\/wp-content\/uploads\/2018\/04\/20180423_140248-2.jpg 4608w, http:\/\/www.rukajarvensuunnanhistoriayhdistys.fi\/historiayhdistys\/wp-content\/uploads\/2018\/04\/20180423_140248-2-300x169.jpg 300w, http:\/\/www.rukajarvensuunnanhistoriayhdistys.fi\/historiayhdistys\/wp-content\/uploads\/2018\/04\/20180423_140248-2-768x432.jpg 768w, http:\/\/www.rukajarvensuunnanhistoriayhdistys.fi\/historiayhdistys\/wp-content\/uploads\/2018\/04\/20180423_140248-2-1024x576.jpg 1024w\" sizes=\"auto, (max-width: 4608px) 100vw, 4608px\" \/><\/a><figcaption id=\"caption-attachment-12329\" class=\"wp-caption-text\">Ministeri Anu Vehvil\u00e4inen: valtio luopuu Salpalinjan rakenteista. Kuva Jukka Lappi.<\/figcaption><\/figure>\n<figure id=\"attachment_12328\" aria-describedby=\"caption-attachment-12328\" style=\"width: 4608px\" class=\"wp-caption aligncenter\"><a href=\"http:\/\/www.rukajarvensuunnanhistoriayhdistys.fi\/historiayhdistys\/rshyryn-edustajat-miehikkalassa-salpalinjan-tiedotustilaisuudessa-23-4-2018\/20180423_145134-2\/\" rel=\"attachment wp-att-12328\"><img loading=\"lazy\" decoding=\"async\" class=\"size-full wp-image-12328\" src=\"http:\/\/www.rukajarvensuunnanhistoriayhdistys.fi\/historiayhdistys\/wp-content\/uploads\/2018\/04\/20180423_145134-2.jpg\" alt=\"\" width=\"4608\" height=\"2592\" data-id=\"12328\" srcset=\"http:\/\/www.rukajarvensuunnanhistoriayhdistys.fi\/historiayhdistys\/wp-content\/uploads\/2018\/04\/20180423_145134-2.jpg 4608w, http:\/\/www.rukajarvensuunnanhistoriayhdistys.fi\/historiayhdistys\/wp-content\/uploads\/2018\/04\/20180423_145134-2-300x169.jpg 300w, http:\/\/www.rukajarvensuunnanhistoriayhdistys.fi\/historiayhdistys\/wp-content\/uploads\/2018\/04\/20180423_145134-2-768x432.jpg 768w, http:\/\/www.rukajarvensuunnanhistoriayhdistys.fi\/historiayhdistys\/wp-content\/uploads\/2018\/04\/20180423_145134-2-1024x576.jpg 1024w\" sizes=\"auto, (max-width: 4608px) 100vw, 4608px\" \/><\/a><figcaption id=\"caption-attachment-12328\" class=\"wp-caption-text\">Salpalinjan perinneyhdistyksen puheenjohtaja Teppo Lahti: &#8221;Salpalinja matkailukohteena&#8221;. Kuva Jukka Lappi. Puheenjohtajan asiaa koskeva blogikirjoitus on luettavissa <a href=\"https:\/\/sotaveteraanit.fi\/blogi\/2018\/04\/23\/salpalinjan-on-sailyttavana-koko-kansan-itsenaisyyden-monumenttina\/\"><strong>T\u00c4\u00c4LT\u00c4<\/strong><\/a>:<\/figcaption><\/figure>\n<p>Salpalinjan selvitysty\u00f6 on tehty Salpayhdistys ry:n muutaman vuoden takaisen aloitteen pohjalta Senaattikiinteist\u00f6jen toimesta.<\/p>\n<p>Salpalinjaa on yll\u00e4pidetty 1980-luvulle puolustustarkoituksessa, silt\u00e4 osin kun on kysymys kantalinnoitetuista salpalinjan kohteita.<\/p>\n<p>Salpalinjaan liittyv\u00e4t\u00a0alueitten\u00a0maapohjat on luovutettu\u00a0jo\u00a0v. 1968\u00a0\u00a0maanomistajille. Siin\u00e4 yhteydess\u00e4 oli j\u00e4tetty k\u00e4ytt\u00f6oikeus puolustusvoimille.<\/p>\n<p>Puolustusvoimilta hallinta siirtyi valtiovarainministeri\u00f6lle v. 2003 ja sielt\u00e4 hallinta siirtyi edelleen Senaattikiinteist\u00f6lle siin\u00e4 vaiheessa kun yhti\u00f6 oli perustettu.<\/p>\n<p>Nyt on kyseess\u00e4 maanomistajia koskeva k\u00e4ytt\u00f6oikeusrajoituksen purku.\u00a0 Maanomistajia on 345 Suomessa.<\/p>\n<p>Vaikka k\u00e4ytt\u00f6oikeusrajoitus puretaan niin Salpalinjan merkitys ei v\u00e4hene suomalaisten mieless\u00e4, vakuutti ministeri.<\/p>\n<p>Tiedotustilaisuudessa paikalla oli n. 40 henkil\u00f6\u00e4. Rukaj\u00e4rven suunnan historiayhdistys ry:n edustajina tilaisuudessa olivat\u00a0Tauno Oksanen, Ari Komulainen ja Heikki Turunen.<\/p>\n<p>Muistiinpanot\u00a0 Ari Komulainen\/TJT.<\/p>\n<p>Lis\u00e4tietoa tilaisuudesta, jossa on julkaistu tilaisuuden kaikki materiaali:\u00a0<a href=\"http:\/\/www.vm.fi\/salpalinja\">www.vm.fi\/salpalinja<\/a><\/p>\n<p>sek\u00e4\u00a0 <a href=\"http:\/\/salpalinjansalat.blogspot.fi\/\">http:\/\/salpalinjansalat.blogspot.fi\/<\/a><\/p>\n<figure id=\"attachment_12335\" aria-describedby=\"caption-attachment-12335\" style=\"width: 2362px\" class=\"wp-caption aligncenter\"><a href=\"http:\/\/www.rukajarvensuunnanhistoriayhdistys.fi\/historiayhdistys\/rshyryn-edustajat-miehikkalassa-salpalinjan-tiedotustilaisuudessa-23-4-2018\/009_matkalla-tilaisuuteen-1\/\" rel=\"attachment wp-att-12335\"><img loading=\"lazy\" decoding=\"async\" class=\"size-full wp-image-12335\" src=\"http:\/\/www.rukajarvensuunnanhistoriayhdistys.fi\/historiayhdistys\/wp-content\/uploads\/2018\/04\/009_Matkalla-tilaisuuteen-1.jpg\" alt=\"\" width=\"2362\" height=\"2032\" data-id=\"12335\" srcset=\"http:\/\/www.rukajarvensuunnanhistoriayhdistys.fi\/historiayhdistys\/wp-content\/uploads\/2018\/04\/009_Matkalla-tilaisuuteen-1.jpg 2362w, http:\/\/www.rukajarvensuunnanhistoriayhdistys.fi\/historiayhdistys\/wp-content\/uploads\/2018\/04\/009_Matkalla-tilaisuuteen-1-300x258.jpg 300w, http:\/\/www.rukajarvensuunnanhistoriayhdistys.fi\/historiayhdistys\/wp-content\/uploads\/2018\/04\/009_Matkalla-tilaisuuteen-1-768x661.jpg 768w, http:\/\/www.rukajarvensuunnanhistoriayhdistys.fi\/historiayhdistys\/wp-content\/uploads\/2018\/04\/009_Matkalla-tilaisuuteen-1-1024x881.jpg 1024w\" sizes=\"auto, (max-width: 2362px) 100vw, 2362px\" \/><\/a><figcaption id=\"caption-attachment-12335\" class=\"wp-caption-text\">RSHYry:n edustajat matkalla Miehikk\u00e4l\u00e4\u00e4n 23.4.2018 Ari Komulainen, Tauno Oksanen ja Heikki Turunen.<\/figcaption><\/figure>\n<figure id=\"attachment_11920\" aria-describedby=\"caption-attachment-11920\" style=\"width: 2048px\" class=\"wp-caption aligncenter\"><a href=\"http:\/\/www.rukajarvensuunnanhistoriayhdistys.fi\/historiayhdistys\/tenho-tikkanen-rukajarven-tie-kutsuu\/anakainen-taulut-2017\/\" rel=\"attachment wp-att-11920\"><img loading=\"lazy\" decoding=\"async\" class=\"size-full wp-image-11920\" src=\"http:\/\/www.rukajarvensuunnanhistoriayhdistys.fi\/historiayhdistys\/wp-content\/uploads\/2017\/08\/\u00c4n\u00e4k\u00e4inen-taulut-2017.jpg\" alt=\"\" width=\"2048\" height=\"1536\" data-id=\"11920\" srcset=\"http:\/\/www.rukajarvensuunnanhistoriayhdistys.fi\/historiayhdistys\/wp-content\/uploads\/2017\/08\/\u00c4n\u00e4k\u00e4inen-taulut-2017.jpg 2048w, http:\/\/www.rukajarvensuunnanhistoriayhdistys.fi\/historiayhdistys\/wp-content\/uploads\/2017\/08\/\u00c4n\u00e4k\u00e4inen-taulut-2017-300x225.jpg 300w, http:\/\/www.rukajarvensuunnanhistoriayhdistys.fi\/historiayhdistys\/wp-content\/uploads\/2017\/08\/\u00c4n\u00e4k\u00e4inen-taulut-2017-768x576.jpg 768w, http:\/\/www.rukajarvensuunnanhistoriayhdistys.fi\/historiayhdistys\/wp-content\/uploads\/2017\/08\/\u00c4n\u00e4k\u00e4inen-taulut-2017-1024x768.jpg 1024w\" sizes=\"auto, (max-width: 2048px) 100vw, 2048px\" \/><\/a><figcaption id=\"caption-attachment-11920\" class=\"wp-caption-text\">\u00c4n\u00e4k\u00e4isen kohde valmistui kes\u00e4ll\u00e4 2017, ensikertaa taisteluhaudan kunnostamisessa k\u00e4ytettiin kelopuuj\u00e4ljitelm\u00e4betonielementtej\u00e4. \u00c4n\u00e4k\u00e4isiss\u00e4 maapohjan omistaa Mets\u00e4hallitus. Kuva Tenho Liimatta.<\/figcaption><\/figure>\n<figure id=\"attachment_12336\" aria-describedby=\"caption-attachment-12336\" style=\"width: 2667px\" class=\"wp-caption aligncenter\"><a href=\"http:\/\/www.rukajarvensuunnanhistoriayhdistys.fi\/historiayhdistys\/rshyryn-edustajat-miehikkalassa-salpalinjan-tiedotustilaisuudessa-23-4-2018\/rukajarven-tie-anakainen-2017\/\" rel=\"attachment wp-att-12336\"><img loading=\"lazy\" decoding=\"async\" class=\"size-full wp-image-12336\" src=\"http:\/\/www.rukajarvensuunnanhistoriayhdistys.fi\/historiayhdistys\/wp-content\/uploads\/2018\/04\/Rukaj\u00e4rven-tie-\u00c4n\u00e4k\u00e4inen-2017.jpg\" alt=\"\" width=\"2667\" height=\"1500\" data-id=\"12336\" srcset=\"http:\/\/www.rukajarvensuunnanhistoriayhdistys.fi\/historiayhdistys\/wp-content\/uploads\/2018\/04\/Rukaj\u00e4rven-tie-\u00c4n\u00e4k\u00e4inen-2017.jpg 2667w, http:\/\/www.rukajarvensuunnanhistoriayhdistys.fi\/historiayhdistys\/wp-content\/uploads\/2018\/04\/Rukaj\u00e4rven-tie-\u00c4n\u00e4k\u00e4inen-2017-300x169.jpg 300w, http:\/\/www.rukajarvensuunnanhistoriayhdistys.fi\/historiayhdistys\/wp-content\/uploads\/2018\/04\/Rukaj\u00e4rven-tie-\u00c4n\u00e4k\u00e4inen-2017-768x432.jpg 768w, http:\/\/www.rukajarvensuunnanhistoriayhdistys.fi\/historiayhdistys\/wp-content\/uploads\/2018\/04\/Rukaj\u00e4rven-tie-\u00c4n\u00e4k\u00e4inen-2017-1024x576.jpg 1024w\" sizes=\"auto, (max-width: 2667px) 100vw, 2667px\" \/><\/a><figcaption id=\"caption-attachment-12336\" class=\"wp-caption-text\">\u00c4n\u00e4k\u00e4isiss\u00e4 oli kysymys t\u00e4st\u00e4. Vuonna 2005 puusta valmistetut rakenteet oli jo vuonna 2013 romahtaneet ja vaaralliset. Nyt vuonna 2015 aloitettu hanke saatiin 2017 valmiiksi. Taisteluhaudan reunaelementit on valmistettu kelopuuj\u00e4ljitelm\u00e4betonielementeist\u00e4.<\/figcaption><\/figure>\n<p><a href=\"http:\/\/www.rukajarvensuunnanhistoriayhdistys.fi\/historiayhdistys\/rshyryn-edustajat-miehikkalassa-salpalinjan-tiedotustilaisuudessa-23-4-2018\/rukajarven-tie-anakainen-2017-talkoomiehet\/\" rel=\"attachment wp-att-12337\"><img loading=\"lazy\" decoding=\"async\" class=\"aligncenter size-full wp-image-12337\" src=\"http:\/\/www.rukajarvensuunnanhistoriayhdistys.fi\/historiayhdistys\/wp-content\/uploads\/2018\/04\/Rukaj\u00e4rven-tie-\u00c4n\u00e4k\u00e4inen-2017-Talkoomiehet.jpg\" alt=\"\" width=\"2667\" height=\"1500\" data-id=\"12337\" srcset=\"http:\/\/www.rukajarvensuunnanhistoriayhdistys.fi\/historiayhdistys\/wp-content\/uploads\/2018\/04\/Rukaj\u00e4rven-tie-\u00c4n\u00e4k\u00e4inen-2017-Talkoomiehet.jpg 2667w, http:\/\/www.rukajarvensuunnanhistoriayhdistys.fi\/historiayhdistys\/wp-content\/uploads\/2018\/04\/Rukaj\u00e4rven-tie-\u00c4n\u00e4k\u00e4inen-2017-Talkoomiehet-300x169.jpg 300w, http:\/\/www.rukajarvensuunnanhistoriayhdistys.fi\/historiayhdistys\/wp-content\/uploads\/2018\/04\/Rukaj\u00e4rven-tie-\u00c4n\u00e4k\u00e4inen-2017-Talkoomiehet-768x432.jpg 768w, http:\/\/www.rukajarvensuunnanhistoriayhdistys.fi\/historiayhdistys\/wp-content\/uploads\/2018\/04\/Rukaj\u00e4rven-tie-\u00c4n\u00e4k\u00e4inen-2017-Talkoomiehet-1024x576.jpg 1024w\" sizes=\"auto, (max-width: 2667px) 100vw, 2667px\" \/><\/a><\/p>\n<p>Rukaj\u00e4rven tien hankekokonaisuuteen liittyy kiinte\u00e4sti vuonna 2013 k\u00e4ynnistynyt Jukolan Motti -pirtin rakentaminen. Se otettiin k\u00e4ytt\u00f6\u00f6n 30.11.2014 pidetyss\u00e4 kansalaisjuhlassa.<\/p>\n<figure id=\"attachment_10834\" aria-describedby=\"caption-attachment-10834\" style=\"width: 4608px\" class=\"wp-caption aligncenter\"><a href=\"http:\/\/www.rukajarvensuunnanhistoriayhdistys.fi\/historiayhdistys\/lc-lieksa-tutustui-anakaisen-salpaetuasemaan-joukolla\/dcim100media-3\/\" rel=\"attachment wp-att-10834\"><img loading=\"lazy\" decoding=\"async\" class=\"size-full wp-image-10834\" src=\"http:\/\/www.rukajarvensuunnanhistoriayhdistys.fi\/historiayhdistys\/wp-content\/uploads\/2016\/09\/YUNC0004.jpg\" alt=\"\" width=\"4608\" height=\"3456\" data-id=\"10834\" srcset=\"http:\/\/www.rukajarvensuunnanhistoriayhdistys.fi\/historiayhdistys\/wp-content\/uploads\/2016\/09\/YUNC0004.jpg 4608w, http:\/\/www.rukajarvensuunnanhistoriayhdistys.fi\/historiayhdistys\/wp-content\/uploads\/2016\/09\/YUNC0004-300x225.jpg 300w, http:\/\/www.rukajarvensuunnanhistoriayhdistys.fi\/historiayhdistys\/wp-content\/uploads\/2016\/09\/YUNC0004-768x576.jpg 768w, http:\/\/www.rukajarvensuunnanhistoriayhdistys.fi\/historiayhdistys\/wp-content\/uploads\/2016\/09\/YUNC0004-1024x768.jpg 1024w\" sizes=\"auto, (max-width: 4608px) 100vw, 4608px\" \/><\/a><figcaption id=\"caption-attachment-10834\" class=\"wp-caption-text\">Jukolan motti -pirtti, johon Kaakkois-Suomen Viestikillan edustajat puheenjohtaja Tapio Teittisen ja hallituksen j\u00e4sen Martti Susitaival tutustuivat 14.8.2016. Kuva TJT.<\/figcaption><\/figure>\n<p>Rukaj\u00e4rven tien varrelta l\u00f6ytyy Salpalinjan rakenteita mm. Nurmij\u00e4rvelt\u00e4, Puuruulta ja \u00c4n\u00e4k\u00e4isist\u00e4.<\/p>\n<figure id=\"attachment_11700\" aria-describedby=\"caption-attachment-11700\" style=\"width: 3072px\" class=\"wp-caption aligncenter\"><a href=\"http:\/\/www.rukajarvensuunnanhistoriayhdistys.fi\/historiayhdistys\/tenho-tikkanen-rukajarven-tie-kutsuu\/wp_20170723_20_09_35_pro-kraateri\/\" rel=\"attachment wp-att-11700\"><img loading=\"lazy\" decoding=\"async\" class=\"size-full wp-image-11700\" src=\"http:\/\/www.rukajarvensuunnanhistoriayhdistys.fi\/historiayhdistys\/wp-content\/uploads\/2017\/08\/WP_20170723_20_09_35_Pro-Kraateri.jpg\" alt=\"\" width=\"3072\" height=\"1728\" data-id=\"11700\" srcset=\"http:\/\/www.rukajarvensuunnanhistoriayhdistys.fi\/historiayhdistys\/wp-content\/uploads\/2017\/08\/WP_20170723_20_09_35_Pro-Kraateri.jpg 3072w, http:\/\/www.rukajarvensuunnanhistoriayhdistys.fi\/historiayhdistys\/wp-content\/uploads\/2017\/08\/WP_20170723_20_09_35_Pro-Kraateri-300x169.jpg 300w, http:\/\/www.rukajarvensuunnanhistoriayhdistys.fi\/historiayhdistys\/wp-content\/uploads\/2017\/08\/WP_20170723_20_09_35_Pro-Kraateri-768x432.jpg 768w, http:\/\/www.rukajarvensuunnanhistoriayhdistys.fi\/historiayhdistys\/wp-content\/uploads\/2017\/08\/WP_20170723_20_09_35_Pro-Kraateri-1024x576.jpg 1024w\" sizes=\"auto, (max-width: 3072px) 100vw, 3072px\" \/><\/a><figcaption id=\"caption-attachment-11700\" class=\"wp-caption-text\">Upea Rukaj\u00e4rven tien kohde \u201dKraateri\u201d Salpaetuasema Puuruun linjalla, mist\u00e4 avautuu laaja panssariestekivien rivist\u00f6.\u00a0 Kuva TJT.<\/figcaption><\/figure>\n<p>Rukaj\u00e4rven tien kohteet, panssariesterivist\u00f6t Puuruulla ja \u00c4n\u00e4k\u00e4isiss\u00e4 on jokaisen omin silmin n\u00e4ht\u00e4v\u00e4. Valtava ty\u00f6.<\/p>\n<p>Rukaj\u00e4rven tien kohteissa maanomistus on Mets\u00e4hallituksella. Salpalinjan rakenteitten k\u00e4yt\u00f6ss\u00e4, ja kohteitten kunnostamisen toteuttamisessa ei ole esiintynyt kitkaa paikallisen viranomaisen taholta. My\u00f6s Mets\u00e4hallituksen luontopalvelujen kanssa yhteisty\u00f6 on sujunut mutkatonttomasti. Esit\u00e4mme kaikesta parhaat kiitoksemme. Jo n\u00e4ill\u00e4 toimenpiteill\u00e4 on voitu tukea paikkakunnan ja koko maakunnan matkailuelinkeinoa merkitt\u00e4v\u00e4sti kansakunnan yhteiseksi hyv\u00e4ksi.<\/p>\n<figure id=\"attachment_11689\" aria-describedby=\"caption-attachment-11689\" style=\"width: 3072px\" class=\"wp-caption aligncenter\"><a href=\"http:\/\/www.rukajarvensuunnanhistoriayhdistys.fi\/historiayhdistys\/tenho-tikkanen-rukajarven-tie-kutsuu\/wp_20170725_20_22_13_pro-graateri\/\" rel=\"attachment wp-att-11689\"><img loading=\"lazy\" decoding=\"async\" class=\"size-full wp-image-11689\" src=\"http:\/\/www.rukajarvensuunnanhistoriayhdistys.fi\/historiayhdistys\/wp-content\/uploads\/2017\/08\/WP_20170725_20_22_13_Pro-Graateri.jpg\" alt=\"\" width=\"3072\" height=\"1728\" data-id=\"11689\" srcset=\"http:\/\/www.rukajarvensuunnanhistoriayhdistys.fi\/historiayhdistys\/wp-content\/uploads\/2017\/08\/WP_20170725_20_22_13_Pro-Graateri.jpg 3072w, http:\/\/www.rukajarvensuunnanhistoriayhdistys.fi\/historiayhdistys\/wp-content\/uploads\/2017\/08\/WP_20170725_20_22_13_Pro-Graateri-300x169.jpg 300w, http:\/\/www.rukajarvensuunnanhistoriayhdistys.fi\/historiayhdistys\/wp-content\/uploads\/2017\/08\/WP_20170725_20_22_13_Pro-Graateri-768x432.jpg 768w, http:\/\/www.rukajarvensuunnanhistoriayhdistys.fi\/historiayhdistys\/wp-content\/uploads\/2017\/08\/WP_20170725_20_22_13_Pro-Graateri-1024x576.jpg 1024w\" sizes=\"auto, (max-width: 3072px) 100vw, 3072px\" \/><\/a><figcaption id=\"caption-attachment-11689\" class=\"wp-caption-text\">Upea Rukaj\u00e4rven tien kohde \u201dKraateri\u201d Puuruun linjalla, mist\u00e4 avautuu laaja panssariestekivien rivist\u00f6. Kuva TJT.<\/figcaption><\/figure>\n<figure id=\"attachment_12338\" aria-describedby=\"caption-attachment-12338\" style=\"width: 4974px\" class=\"wp-caption aligncenter\"><a href=\"http:\/\/www.rukajarvensuunnanhistoriayhdistys.fi\/historiayhdistys\/rshyryn-edustajat-miehikkalassa-salpalinjan-tiedotustilaisuudessa-23-4-2018\/nurmijarven-hv-esteita-esteet-estavat-lehmien-kulkemisen\/\" rel=\"attachment wp-att-12338\"><img loading=\"lazy\" decoding=\"async\" class=\"size-full wp-image-12338\" src=\"http:\/\/www.rukajarvensuunnanhistoriayhdistys.fi\/historiayhdistys\/wp-content\/uploads\/2018\/04\/24907.jpg\" alt=\"\" width=\"4974\" height=\"3581\" data-id=\"12338\" srcset=\"http:\/\/www.rukajarvensuunnanhistoriayhdistys.fi\/historiayhdistys\/wp-content\/uploads\/2018\/04\/24907.jpg 4974w, http:\/\/www.rukajarvensuunnanhistoriayhdistys.fi\/historiayhdistys\/wp-content\/uploads\/2018\/04\/24907-300x216.jpg 300w, http:\/\/www.rukajarvensuunnanhistoriayhdistys.fi\/historiayhdistys\/wp-content\/uploads\/2018\/04\/24907-768x553.jpg 768w, http:\/\/www.rukajarvensuunnanhistoriayhdistys.fi\/historiayhdistys\/wp-content\/uploads\/2018\/04\/24907-1024x737.jpg 1024w\" sizes=\"auto, (max-width: 4974px) 100vw, 4974px\" \/><\/a><figcaption id=\"caption-attachment-12338\" class=\"wp-caption-text\">Nurmij\u00e4rven HV-esteit\u00e4. Jatkosota on juuri alkanut. Rukaj\u00e4rven suunnan joukkojen huolto kulki t\u00e4m\u00e4n Rukaj\u00e4rven tien kiviportin kautta. SA-kuva 8.7.1941 nro. 24907.<\/figcaption><\/figure>\n","protected":false},"excerpt":{"rendered":"<p>Valtiovarainministeri\u00f6 on p\u00e4\u00e4tt\u00e4nyt luovuttaa Salpalinja-puolustuslinjaan kuuluvat rakenteet maanomistajille ja l\u00e4htee nyt valmistelemaan rakenteisiin liittyvien k\u00e4ytt\u00f6oikeuden rajoitusten purkamista. Asiaa koskeva tiedotustilaisuus oli 23.4.2018 Salpalinja-museossa Miehikk\u00e4l\u00e4ss\u00e4. Salpalinjan selvitysty\u00f6 on tehty Salpayhdistys ry:n <a class=\"more-link\" href=\"http:\/\/www.rukajarvensuunnanhistoriayhdistys.fi\/historiayhdistys\/rshyryn-edustajat-miehikkalassa-salpalinjan-tiedotustilaisuudessa-23-4-2018\/\">Teksti jatkuu&#8230;<span class=\"screen-reader-text\">RSHYry:n edustajat Miehikk\u00e4l\u00e4ss\u00e4 -Salpalinjan tiedotustilaisuudessa 23.4.2018<\/span><span class=\"meta-nav\">\u2192<\/span><\/a><\/p>\n","protected":false},"author":3,"featured_media":0,"comment_status":"closed","ping_status":"open","sticky":false,"template":"","format":"standard","meta":{"footnotes":""},"categories":[22,17,1],"tags":[],"class_list":["post-12327","post","type-post","status-publish","format-standard","hentry","category-ajankohtaista","category-toiminta","category-yleinen"],"yoast_head":"<!-- This site is optimized with the Yoast SEO plugin v27.4 - https:\/\/yoast.com\/product\/yoast-seo-wordpress\/ -->\n<title>RSHYry:n edustajat Miehikk\u00e4l\u00e4ss\u00e4 -Salpalinjan tiedotustilaisuudessa 23.4.2018 - Rukaj\u00e4rven suunnan historiayhdistys<\/title>\n<meta name=\"robots\" content=\"index, follow, max-snippet:-1, max-image-preview:large, max-video-preview:-1\" \/>\n<link rel=\"canonical\" href=\"http:\/\/www.rukajarvensuunnanhistoriayhdistys.fi\/historiayhdistys\/rshyryn-edustajat-miehikkalassa-salpalinjan-tiedotustilaisuudessa-23-4-2018\/\" \/>\n<meta property=\"og:locale\" content=\"fi_FI\" \/>\n<meta property=\"og:type\" content=\"article\" \/>\n<meta property=\"og:title\" content=\"RSHYry:n edustajat Miehikk\u00e4l\u00e4ss\u00e4 -Salpalinjan tiedotustilaisuudessa 23.4.2018 - Rukaj\u00e4rven suunnan historiayhdistys\" \/>\n<meta property=\"og:description\" content=\"Valtiovarainministeri\u00f6 on p\u00e4\u00e4tt\u00e4nyt luovuttaa Salpalinja-puolustuslinjaan kuuluvat rakenteet maanomistajille ja l\u00e4htee nyt valmistelemaan rakenteisiin liittyvien k\u00e4ytt\u00f6oikeuden rajoitusten purkamista. Asiaa koskeva tiedotustilaisuus oli 23.4.2018 Salpalinja-museossa Miehikk\u00e4l\u00e4ss\u00e4. Salpalinjan selvitysty\u00f6 on tehty Salpayhdistys ry:n Teksti jatkuu...RSHYry:n edustajat Miehikk\u00e4l\u00e4ss\u00e4 -Salpalinjan tiedotustilaisuudessa 23.4.2018\u2192\" \/>\n<meta property=\"og:url\" content=\"http:\/\/www.rukajarvensuunnanhistoriayhdistys.fi\/historiayhdistys\/rshyryn-edustajat-miehikkalassa-salpalinjan-tiedotustilaisuudessa-23-4-2018\/\" \/>\n<meta property=\"og:site_name\" content=\"Rukaj\u00e4rven suunnan historiayhdistys\" \/>\n<meta property=\"article:published_time\" content=\"2018-04-23T21:50:12+00:00\" \/>\n<meta property=\"article:modified_time\" content=\"2018-04-24T05:18:13+00:00\" \/>\n<meta property=\"og:image\" content=\"http:\/\/www.rukajarvensuunnanhistoriayhdistys.fi\/historiayhdistys\/wp-content\/uploads\/2018\/04\/20180423_140248-2.jpg\" \/>\n<meta name=\"author\" content=\"RSHY\" \/>\n<meta name=\"twitter:label1\" content=\"Kirjoittanut\" \/>\n\t<meta name=\"twitter:data1\" content=\"RSHY\" \/>\n\t<meta name=\"twitter:label2\" content=\"Arvioitu lukuaika\" \/>\n\t<meta name=\"twitter:data2\" content=\"3 minuuttia\" \/>\n<script type=\"application\/ld+json\" class=\"yoast-schema-graph\">{\"@context\":\"https:\\\/\\\/schema.org\",\"@graph\":[{\"@type\":\"Article\",\"@id\":\"http:\\\/\\\/www.rukajarvensuunnanhistoriayhdistys.fi\\\/historiayhdistys\\\/rshyryn-edustajat-miehikkalassa-salpalinjan-tiedotustilaisuudessa-23-4-2018\\\/#article\",\"isPartOf\":{\"@id\":\"http:\\\/\\\/www.rukajarvensuunnanhistoriayhdistys.fi\\\/historiayhdistys\\\/rshyryn-edustajat-miehikkalassa-salpalinjan-tiedotustilaisuudessa-23-4-2018\\\/\"},\"author\":{\"name\":\"RSHY\",\"@id\":\"http:\\\/\\\/www.rukajarvensuunnanhistoriayhdistys.fi\\\/historiayhdistys\\\/#\\\/schema\\\/person\\\/19de7db68bf72dfd2b5d7f6dfbf8454d\"},\"headline\":\"RSHYry:n edustajat Miehikk\u00e4l\u00e4ss\u00e4 -Salpalinjan tiedotustilaisuudessa 23.4.2018\",\"datePublished\":\"2018-04-23T21:50:12+00:00\",\"dateModified\":\"2018-04-24T05:18:13+00:00\",\"mainEntityOfPage\":{\"@id\":\"http:\\\/\\\/www.rukajarvensuunnanhistoriayhdistys.fi\\\/historiayhdistys\\\/rshyryn-edustajat-miehikkalassa-salpalinjan-tiedotustilaisuudessa-23-4-2018\\\/\"},\"wordCount\":524,\"publisher\":{\"@id\":\"http:\\\/\\\/www.rukajarvensuunnanhistoriayhdistys.fi\\\/historiayhdistys\\\/#organization\"},\"image\":{\"@id\":\"http:\\\/\\\/www.rukajarvensuunnanhistoriayhdistys.fi\\\/historiayhdistys\\\/rshyryn-edustajat-miehikkalassa-salpalinjan-tiedotustilaisuudessa-23-4-2018\\\/#primaryimage\"},\"thumbnailUrl\":\"http:\\\/\\\/www.rukajarvensuunnanhistoriayhdistys.fi\\\/historiayhdistys\\\/wp-content\\\/uploads\\\/2018\\\/04\\\/20180423_140248-2.jpg\",\"articleSection\":[\"Ajankohtaista\",\"Toiminta\"],\"inLanguage\":\"fi\"},{\"@type\":\"WebPage\",\"@id\":\"http:\\\/\\\/www.rukajarvensuunnanhistoriayhdistys.fi\\\/historiayhdistys\\\/rshyryn-edustajat-miehikkalassa-salpalinjan-tiedotustilaisuudessa-23-4-2018\\\/\",\"url\":\"http:\\\/\\\/www.rukajarvensuunnanhistoriayhdistys.fi\\\/historiayhdistys\\\/rshyryn-edustajat-miehikkalassa-salpalinjan-tiedotustilaisuudessa-23-4-2018\\\/\",\"name\":\"RSHYry:n edustajat Miehikk\u00e4l\u00e4ss\u00e4 -Salpalinjan tiedotustilaisuudessa 23.4.2018 - Rukaj\u00e4rven suunnan historiayhdistys\",\"isPartOf\":{\"@id\":\"http:\\\/\\\/www.rukajarvensuunnanhistoriayhdistys.fi\\\/historiayhdistys\\\/#website\"},\"primaryImageOfPage\":{\"@id\":\"http:\\\/\\\/www.rukajarvensuunnanhistoriayhdistys.fi\\\/historiayhdistys\\\/rshyryn-edustajat-miehikkalassa-salpalinjan-tiedotustilaisuudessa-23-4-2018\\\/#primaryimage\"},\"image\":{\"@id\":\"http:\\\/\\\/www.rukajarvensuunnanhistoriayhdistys.fi\\\/historiayhdistys\\\/rshyryn-edustajat-miehikkalassa-salpalinjan-tiedotustilaisuudessa-23-4-2018\\\/#primaryimage\"},\"thumbnailUrl\":\"http:\\\/\\\/www.rukajarvensuunnanhistoriayhdistys.fi\\\/historiayhdistys\\\/wp-content\\\/uploads\\\/2018\\\/04\\\/20180423_140248-2.jpg\",\"datePublished\":\"2018-04-23T21:50:12+00:00\",\"dateModified\":\"2018-04-24T05:18:13+00:00\",\"breadcrumb\":{\"@id\":\"http:\\\/\\\/www.rukajarvensuunnanhistoriayhdistys.fi\\\/historiayhdistys\\\/rshyryn-edustajat-miehikkalassa-salpalinjan-tiedotustilaisuudessa-23-4-2018\\\/#breadcrumb\"},\"inLanguage\":\"fi\",\"potentialAction\":[{\"@type\":\"ReadAction\",\"target\":[\"http:\\\/\\\/www.rukajarvensuunnanhistoriayhdistys.fi\\\/historiayhdistys\\\/rshyryn-edustajat-miehikkalassa-salpalinjan-tiedotustilaisuudessa-23-4-2018\\\/\"]}]},{\"@type\":\"ImageObject\",\"inLanguage\":\"fi\",\"@id\":\"http:\\\/\\\/www.rukajarvensuunnanhistoriayhdistys.fi\\\/historiayhdistys\\\/rshyryn-edustajat-miehikkalassa-salpalinjan-tiedotustilaisuudessa-23-4-2018\\\/#primaryimage\",\"url\":\"http:\\\/\\\/www.rukajarvensuunnanhistoriayhdistys.fi\\\/historiayhdistys\\\/wp-content\\\/uploads\\\/2018\\\/04\\\/20180423_140248-2.jpg\",\"contentUrl\":\"http:\\\/\\\/www.rukajarvensuunnanhistoriayhdistys.fi\\\/historiayhdistys\\\/wp-content\\\/uploads\\\/2018\\\/04\\\/20180423_140248-2.jpg\",\"width\":4608,\"height\":2592,\"caption\":\"Ministeri Anu Vehvil\u00e4inen: valtio luopuu Salpalinjan rakenteista.\"},{\"@type\":\"BreadcrumbList\",\"@id\":\"http:\\\/\\\/www.rukajarvensuunnanhistoriayhdistys.fi\\\/historiayhdistys\\\/rshyryn-edustajat-miehikkalassa-salpalinjan-tiedotustilaisuudessa-23-4-2018\\\/#breadcrumb\",\"itemListElement\":[{\"@type\":\"ListItem\",\"position\":1,\"name\":\"Etusivu\",\"item\":\"http:\\\/\\\/www.rukajarvensuunnanhistoriayhdistys.fi\\\/historiayhdistys\\\/\"},{\"@type\":\"ListItem\",\"position\":2,\"name\":\"RSHYry:n edustajat Miehikk\u00e4l\u00e4ss\u00e4 -Salpalinjan tiedotustilaisuudessa 23.4.2018\"}]},{\"@type\":\"WebSite\",\"@id\":\"http:\\\/\\\/www.rukajarvensuunnanhistoriayhdistys.fi\\\/historiayhdistys\\\/#website\",\"url\":\"http:\\\/\\\/www.rukajarvensuunnanhistoriayhdistys.fi\\\/historiayhdistys\\\/\",\"name\":\"Rukaj\u00e4rven suunnan historiayhdistys\",\"description\":\"Rukaj\u00e4rven suunnan historiayhdistyksen verkkosivut.\",\"publisher\":{\"@id\":\"http:\\\/\\\/www.rukajarvensuunnanhistoriayhdistys.fi\\\/historiayhdistys\\\/#organization\"},\"potentialAction\":[{\"@type\":\"SearchAction\",\"target\":{\"@type\":\"EntryPoint\",\"urlTemplate\":\"http:\\\/\\\/www.rukajarvensuunnanhistoriayhdistys.fi\\\/historiayhdistys\\\/?s={search_term_string}\"},\"query-input\":{\"@type\":\"PropertyValueSpecification\",\"valueRequired\":true,\"valueName\":\"search_term_string\"}}],\"inLanguage\":\"fi\"},{\"@type\":\"Organization\",\"@id\":\"http:\\\/\\\/www.rukajarvensuunnanhistoriayhdistys.fi\\\/historiayhdistys\\\/#organization\",\"name\":\"Rukaj\u00e4rven suunnan historiayhdistys\",\"url\":\"http:\\\/\\\/www.rukajarvensuunnanhistoriayhdistys.fi\\\/historiayhdistys\\\/\",\"logo\":{\"@type\":\"ImageObject\",\"inLanguage\":\"fi\",\"@id\":\"http:\\\/\\\/www.rukajarvensuunnanhistoriayhdistys.fi\\\/historiayhdistys\\\/#\\\/schema\\\/logo\\\/image\\\/\",\"url\":\"http:\\\/\\\/www.rukajarvensuunnanhistoriayhdistys.fi\\\/historiayhdistys\\\/wp-content\\\/uploads\\\/2013\\\/12\\\/Otsake_3.jpg\",\"contentUrl\":\"http:\\\/\\\/www.rukajarvensuunnanhistoriayhdistys.fi\\\/historiayhdistys\\\/wp-content\\\/uploads\\\/2013\\\/12\\\/Otsake_3.jpg\",\"width\":1000,\"height\":442,\"caption\":\"Rukaj\u00e4rven suunnan historiayhdistys\"},\"image\":{\"@id\":\"http:\\\/\\\/www.rukajarvensuunnanhistoriayhdistys.fi\\\/historiayhdistys\\\/#\\\/schema\\\/logo\\\/image\\\/\"}},{\"@type\":\"Person\",\"@id\":\"http:\\\/\\\/www.rukajarvensuunnanhistoriayhdistys.fi\\\/historiayhdistys\\\/#\\\/schema\\\/person\\\/19de7db68bf72dfd2b5d7f6dfbf8454d\",\"name\":\"RSHY\",\"image\":{\"@type\":\"ImageObject\",\"inLanguage\":\"fi\",\"@id\":\"https:\\\/\\\/secure.gravatar.com\\\/avatar\\\/598d59263a69cc8de65fcb4f9db78d6f58c098cb0e0ba22d73377441af9fa04c?s=96&d=blank&r=g\",\"url\":\"https:\\\/\\\/secure.gravatar.com\\\/avatar\\\/598d59263a69cc8de65fcb4f9db78d6f58c098cb0e0ba22d73377441af9fa04c?s=96&d=blank&r=g\",\"contentUrl\":\"https:\\\/\\\/secure.gravatar.com\\\/avatar\\\/598d59263a69cc8de65fcb4f9db78d6f58c098cb0e0ba22d73377441af9fa04c?s=96&d=blank&r=g\",\"caption\":\"RSHY\"},\"url\":\"http:\\\/\\\/www.rukajarvensuunnanhistoriayhdistys.fi\\\/historiayhdistys\\\/author\\\/rshy\\\/\"}]}<\/script>\n<!-- \/ Yoast SEO plugin. -->","yoast_head_json":{"title":"RSHYry:n edustajat Miehikk\u00e4l\u00e4ss\u00e4 -Salpalinjan tiedotustilaisuudessa 23.4.2018 - Rukaj\u00e4rven suunnan historiayhdistys","robots":{"index":"index","follow":"follow","max-snippet":"max-snippet:-1","max-image-preview":"max-image-preview:large","max-video-preview":"max-video-preview:-1"},"canonical":"http:\/\/www.rukajarvensuunnanhistoriayhdistys.fi\/historiayhdistys\/rshyryn-edustajat-miehikkalassa-salpalinjan-tiedotustilaisuudessa-23-4-2018\/","og_locale":"fi_FI","og_type":"article","og_title":"RSHYry:n edustajat Miehikk\u00e4l\u00e4ss\u00e4 -Salpalinjan tiedotustilaisuudessa 23.4.2018 - Rukaj\u00e4rven suunnan historiayhdistys","og_description":"Valtiovarainministeri\u00f6 on p\u00e4\u00e4tt\u00e4nyt luovuttaa Salpalinja-puolustuslinjaan kuuluvat rakenteet maanomistajille ja l\u00e4htee nyt valmistelemaan rakenteisiin liittyvien k\u00e4ytt\u00f6oikeuden rajoitusten purkamista. Asiaa koskeva tiedotustilaisuus oli 23.4.2018 Salpalinja-museossa Miehikk\u00e4l\u00e4ss\u00e4. Salpalinjan selvitysty\u00f6 on tehty Salpayhdistys ry:n Teksti jatkuu...RSHYry:n edustajat Miehikk\u00e4l\u00e4ss\u00e4 -Salpalinjan tiedotustilaisuudessa 23.4.2018\u2192","og_url":"http:\/\/www.rukajarvensuunnanhistoriayhdistys.fi\/historiayhdistys\/rshyryn-edustajat-miehikkalassa-salpalinjan-tiedotustilaisuudessa-23-4-2018\/","og_site_name":"Rukaj\u00e4rven suunnan historiayhdistys","article_published_time":"2018-04-23T21:50:12+00:00","article_modified_time":"2018-04-24T05:18:13+00:00","og_image":[{"url":"http:\/\/www.rukajarvensuunnanhistoriayhdistys.fi\/historiayhdistys\/wp-content\/uploads\/2018\/04\/20180423_140248-2.jpg","type":"","width":"","height":""}],"author":"RSHY","twitter_misc":{"Kirjoittanut":"RSHY","Arvioitu lukuaika":"3 minuuttia"},"schema":{"@context":"https:\/\/schema.org","@graph":[{"@type":"Article","@id":"http:\/\/www.rukajarvensuunnanhistoriayhdistys.fi\/historiayhdistys\/rshyryn-edustajat-miehikkalassa-salpalinjan-tiedotustilaisuudessa-23-4-2018\/#article","isPartOf":{"@id":"http:\/\/www.rukajarvensuunnanhistoriayhdistys.fi\/historiayhdistys\/rshyryn-edustajat-miehikkalassa-salpalinjan-tiedotustilaisuudessa-23-4-2018\/"},"author":{"name":"RSHY","@id":"http:\/\/www.rukajarvensuunnanhistoriayhdistys.fi\/historiayhdistys\/#\/schema\/person\/19de7db68bf72dfd2b5d7f6dfbf8454d"},"headline":"RSHYry:n edustajat Miehikk\u00e4l\u00e4ss\u00e4 -Salpalinjan tiedotustilaisuudessa 23.4.2018","datePublished":"2018-04-23T21:50:12+00:00","dateModified":"2018-04-24T05:18:13+00:00","mainEntityOfPage":{"@id":"http:\/\/www.rukajarvensuunnanhistoriayhdistys.fi\/historiayhdistys\/rshyryn-edustajat-miehikkalassa-salpalinjan-tiedotustilaisuudessa-23-4-2018\/"},"wordCount":524,"publisher":{"@id":"http:\/\/www.rukajarvensuunnanhistoriayhdistys.fi\/historiayhdistys\/#organization"},"image":{"@id":"http:\/\/www.rukajarvensuunnanhistoriayhdistys.fi\/historiayhdistys\/rshyryn-edustajat-miehikkalassa-salpalinjan-tiedotustilaisuudessa-23-4-2018\/#primaryimage"},"thumbnailUrl":"http:\/\/www.rukajarvensuunnanhistoriayhdistys.fi\/historiayhdistys\/wp-content\/uploads\/2018\/04\/20180423_140248-2.jpg","articleSection":["Ajankohtaista","Toiminta"],"inLanguage":"fi"},{"@type":"WebPage","@id":"http:\/\/www.rukajarvensuunnanhistoriayhdistys.fi\/historiayhdistys\/rshyryn-edustajat-miehikkalassa-salpalinjan-tiedotustilaisuudessa-23-4-2018\/","url":"http:\/\/www.rukajarvensuunnanhistoriayhdistys.fi\/historiayhdistys\/rshyryn-edustajat-miehikkalassa-salpalinjan-tiedotustilaisuudessa-23-4-2018\/","name":"RSHYry:n edustajat Miehikk\u00e4l\u00e4ss\u00e4 -Salpalinjan tiedotustilaisuudessa 23.4.2018 - Rukaj\u00e4rven suunnan historiayhdistys","isPartOf":{"@id":"http:\/\/www.rukajarvensuunnanhistoriayhdistys.fi\/historiayhdistys\/#website"},"primaryImageOfPage":{"@id":"http:\/\/www.rukajarvensuunnanhistoriayhdistys.fi\/historiayhdistys\/rshyryn-edustajat-miehikkalassa-salpalinjan-tiedotustilaisuudessa-23-4-2018\/#primaryimage"},"image":{"@id":"http:\/\/www.rukajarvensuunnanhistoriayhdistys.fi\/historiayhdistys\/rshyryn-edustajat-miehikkalassa-salpalinjan-tiedotustilaisuudessa-23-4-2018\/#primaryimage"},"thumbnailUrl":"http:\/\/www.rukajarvensuunnanhistoriayhdistys.fi\/historiayhdistys\/wp-content\/uploads\/2018\/04\/20180423_140248-2.jpg","datePublished":"2018-04-23T21:50:12+00:00","dateModified":"2018-04-24T05:18:13+00:00","breadcrumb":{"@id":"http:\/\/www.rukajarvensuunnanhistoriayhdistys.fi\/historiayhdistys\/rshyryn-edustajat-miehikkalassa-salpalinjan-tiedotustilaisuudessa-23-4-2018\/#breadcrumb"},"inLanguage":"fi","potentialAction":[{"@type":"ReadAction","target":["http:\/\/www.rukajarvensuunnanhistoriayhdistys.fi\/historiayhdistys\/rshyryn-edustajat-miehikkalassa-salpalinjan-tiedotustilaisuudessa-23-4-2018\/"]}]},{"@type":"ImageObject","inLanguage":"fi","@id":"http:\/\/www.rukajarvensuunnanhistoriayhdistys.fi\/historiayhdistys\/rshyryn-edustajat-miehikkalassa-salpalinjan-tiedotustilaisuudessa-23-4-2018\/#primaryimage","url":"http:\/\/www.rukajarvensuunnanhistoriayhdistys.fi\/historiayhdistys\/wp-content\/uploads\/2018\/04\/20180423_140248-2.jpg","contentUrl":"http:\/\/www.rukajarvensuunnanhistoriayhdistys.fi\/historiayhdistys\/wp-content\/uploads\/2018\/04\/20180423_140248-2.jpg","width":4608,"height":2592,"caption":"Ministeri Anu Vehvil\u00e4inen: valtio luopuu Salpalinjan rakenteista."},{"@type":"BreadcrumbList","@id":"http:\/\/www.rukajarvensuunnanhistoriayhdistys.fi\/historiayhdistys\/rshyryn-edustajat-miehikkalassa-salpalinjan-tiedotustilaisuudessa-23-4-2018\/#breadcrumb","itemListElement":[{"@type":"ListItem","position":1,"name":"Etusivu","item":"http:\/\/www.rukajarvensuunnanhistoriayhdistys.fi\/historiayhdistys\/"},{"@type":"ListItem","position":2,"name":"RSHYry:n edustajat Miehikk\u00e4l\u00e4ss\u00e4 -Salpalinjan tiedotustilaisuudessa 23.4.2018"}]},{"@type":"WebSite","@id":"http:\/\/www.rukajarvensuunnanhistoriayhdistys.fi\/historiayhdistys\/#website","url":"http:\/\/www.rukajarvensuunnanhistoriayhdistys.fi\/historiayhdistys\/","name":"Rukaj\u00e4rven suunnan historiayhdistys","description":"Rukaj\u00e4rven suunnan historiayhdistyksen verkkosivut.","publisher":{"@id":"http:\/\/www.rukajarvensuunnanhistoriayhdistys.fi\/historiayhdistys\/#organization"},"potentialAction":[{"@type":"SearchAction","target":{"@type":"EntryPoint","urlTemplate":"http:\/\/www.rukajarvensuunnanhistoriayhdistys.fi\/historiayhdistys\/?s={search_term_string}"},"query-input":{"@type":"PropertyValueSpecification","valueRequired":true,"valueName":"search_term_string"}}],"inLanguage":"fi"},{"@type":"Organization","@id":"http:\/\/www.rukajarvensuunnanhistoriayhdistys.fi\/historiayhdistys\/#organization","name":"Rukaj\u00e4rven suunnan historiayhdistys","url":"http:\/\/www.rukajarvensuunnanhistoriayhdistys.fi\/historiayhdistys\/","logo":{"@type":"ImageObject","inLanguage":"fi","@id":"http:\/\/www.rukajarvensuunnanhistoriayhdistys.fi\/historiayhdistys\/#\/schema\/logo\/image\/","url":"http:\/\/www.rukajarvensuunnanhistoriayhdistys.fi\/historiayhdistys\/wp-content\/uploads\/2013\/12\/Otsake_3.jpg","contentUrl":"http:\/\/www.rukajarvensuunnanhistoriayhdistys.fi\/historiayhdistys\/wp-content\/uploads\/2013\/12\/Otsake_3.jpg","width":1000,"height":442,"caption":"Rukaj\u00e4rven suunnan historiayhdistys"},"image":{"@id":"http:\/\/www.rukajarvensuunnanhistoriayhdistys.fi\/historiayhdistys\/#\/schema\/logo\/image\/"}},{"@type":"Person","@id":"http:\/\/www.rukajarvensuunnanhistoriayhdistys.fi\/historiayhdistys\/#\/schema\/person\/19de7db68bf72dfd2b5d7f6dfbf8454d","name":"RSHY","image":{"@type":"ImageObject","inLanguage":"fi","@id":"https:\/\/secure.gravatar.com\/avatar\/598d59263a69cc8de65fcb4f9db78d6f58c098cb0e0ba22d73377441af9fa04c?s=96&d=blank&r=g","url":"https:\/\/secure.gravatar.com\/avatar\/598d59263a69cc8de65fcb4f9db78d6f58c098cb0e0ba22d73377441af9fa04c?s=96&d=blank&r=g","contentUrl":"https:\/\/secure.gravatar.com\/avatar\/598d59263a69cc8de65fcb4f9db78d6f58c098cb0e0ba22d73377441af9fa04c?s=96&d=blank&r=g","caption":"RSHY"},"url":"http:\/\/www.rukajarvensuunnanhistoriayhdistys.fi\/historiayhdistys\/author\/rshy\/"}]}},"_links":{"self":[{"href":"http:\/\/www.rukajarvensuunnanhistoriayhdistys.fi\/historiayhdistys\/wp-json\/wp\/v2\/posts\/12327","targetHints":{"allow":["GET"]}}],"collection":[{"href":"http:\/\/www.rukajarvensuunnanhistoriayhdistys.fi\/historiayhdistys\/wp-json\/wp\/v2\/posts"}],"about":[{"href":"http:\/\/www.rukajarvensuunnanhistoriayhdistys.fi\/historiayhdistys\/wp-json\/wp\/v2\/types\/post"}],"author":[{"embeddable":true,"href":"http:\/\/www.rukajarvensuunnanhistoriayhdistys.fi\/historiayhdistys\/wp-json\/wp\/v2\/users\/3"}],"replies":[{"embeddable":true,"href":"http:\/\/www.rukajarvensuunnanhistoriayhdistys.fi\/historiayhdistys\/wp-json\/wp\/v2\/comments?post=12327"}],"version-history":[{"count":8,"href":"http:\/\/www.rukajarvensuunnanhistoriayhdistys.fi\/historiayhdistys\/wp-json\/wp\/v2\/posts\/12327\/revisions"}],"predecessor-version":[{"id":12341,"href":"http:\/\/www.rukajarvensuunnanhistoriayhdistys.fi\/historiayhdistys\/wp-json\/wp\/v2\/posts\/12327\/revisions\/12341"}],"wp:attachment":[{"href":"http:\/\/www.rukajarvensuunnanhistoriayhdistys.fi\/historiayhdistys\/wp-json\/wp\/v2\/media?parent=12327"}],"wp:term":[{"taxonomy":"category","embeddable":true,"href":"http:\/\/www.rukajarvensuunnanhistoriayhdistys.fi\/historiayhdistys\/wp-json\/wp\/v2\/categories?post=12327"},{"taxonomy":"post_tag","embeddable":true,"href":"http:\/\/www.rukajarvensuunnanhistoriayhdistys.fi\/historiayhdistys\/wp-json\/wp\/v2\/tags?post=12327"}],"curies":[{"name":"wp","href":"https:\/\/api.w.org\/{rel}","templated":true}]}}