{"id":12342,"date":"2018-04-25T12:44:03","date_gmt":"2018-04-25T09:44:03","guid":{"rendered":"http:\/\/www.rukajarvensuunnanhistoriayhdistys.fi\/historiayhdistys\/?p=12342"},"modified":"2018-04-25T12:44:03","modified_gmt":"2018-04-25T09:44:03","slug":"eino-syrjaniemi-tayttaa-tanaan-100-vuotta-paljon-onnea","status":"publish","type":"post","link":"http:\/\/www.rukajarvensuunnanhistoriayhdistys.fi\/historiayhdistys\/eino-syrjaniemi-tayttaa-tanaan-100-vuotta-paljon-onnea\/","title":{"rendered":"Eino Syrj\u00e4niemi t\u00e4ytt\u00e4\u00e4 t\u00e4n\u00e4\u00e4n  100 vuotta &#8211; paljon onnea."},"content":{"rendered":"<div class=\"fcbkbttn_buttons_block\" id=\"fcbkbttn_left\"><div class=\"fcbkbttn_like \"><fb:like href=\"http:\/\/www.rukajarvensuunnanhistoriayhdistys.fi\/historiayhdistys\/eino-syrjaniemi-tayttaa-tanaan-100-vuotta-paljon-onnea\/\" action=\"like\" colorscheme=\"light\" layout=\"button_count\"  size=\"small\"><\/fb:like><\/div><\/div><p><strong>Tosi taisteluihin osallistunut ei ihannoi sotimista, vaan osaa asettaa arvot paikalleen. Is\u00e4nmaan etu on ensin.<\/strong><\/p>\n<figure id=\"attachment_12345\" aria-describedby=\"caption-attachment-12345\" style=\"width: 3680px\" class=\"wp-caption aligncenter\"><a href=\"http:\/\/www.rukajarvensuunnanhistoriayhdistys.fi\/historiayhdistys\/eino-syrjaniemi-tayttaa-tanaan-100-vuotta-paljon-onnea\/dsc03763\/\" rel=\"attachment wp-att-12345\"><img loading=\"lazy\" decoding=\"async\" class=\"size-full wp-image-12345\" src=\"http:\/\/www.rukajarvensuunnanhistoriayhdistys.fi\/historiayhdistys\/wp-content\/uploads\/2018\/04\/DSC03763.jpg\" alt=\"\" width=\"3680\" height=\"2070\" data-id=\"12345\" srcset=\"http:\/\/www.rukajarvensuunnanhistoriayhdistys.fi\/historiayhdistys\/wp-content\/uploads\/2018\/04\/DSC03763.jpg 3680w, http:\/\/www.rukajarvensuunnanhistoriayhdistys.fi\/historiayhdistys\/wp-content\/uploads\/2018\/04\/DSC03763-300x169.jpg 300w, http:\/\/www.rukajarvensuunnanhistoriayhdistys.fi\/historiayhdistys\/wp-content\/uploads\/2018\/04\/DSC03763-768x432.jpg 768w, http:\/\/www.rukajarvensuunnanhistoriayhdistys.fi\/historiayhdistys\/wp-content\/uploads\/2018\/04\/DSC03763-1024x576.jpg 1024w\" sizes=\"auto, (max-width: 3680px) 100vw, 3680px\" \/><\/a><figcaption id=\"caption-attachment-12345\" class=\"wp-caption-text\">Eino Syrj\u00e4niemi t\u00e4n\u00e4\u00e4n 100 vuotta. Varsinaiset juhlat lauantaina 28.4.2018.\u00a0 Kuva Iisalmen Rukaj\u00e4rvi-keskuksessa 14.1.2017.<\/figcaption><\/figure>\n<p>Talvi- ja Jatkosodan veteraani\u00a0 Eino Syrj\u00e4niemi syntyi 25.4.1918. H\u00e4n asuu yksin omakotitalossa Haapaj\u00e4rvell\u00e4, l\u00e4mmitt\u00e4\u00e4 taloa hakkaamillaan puilla. Eino Syrj\u00e4niemi on k\u00e4tev\u00e4 k\u00e4sist\u00e4\u00e4n ja h\u00e4n on itse tehnyt kodin huonekalut.<\/p>\n<p>Humoristisen ja itseoppineen kanttori-urkurin laulu sujuu hienosti, nykyisin en\u00e4\u00e4 yst\u00e4vien iloksi.<\/p>\n<figure id=\"attachment_12344\" aria-describedby=\"caption-attachment-12344\" style=\"width: 768px\" class=\"wp-caption aligncenter\"><a href=\"http:\/\/www.rukajarvensuunnanhistoriayhdistys.fi\/historiayhdistys\/eino-syrjaniemi-tayttaa-tanaan-100-vuotta-paljon-onnea\/eino-syrjaniemi-kuva-tyttaren-ottama\/\" rel=\"attachment wp-att-12344\"><img loading=\"lazy\" decoding=\"async\" class=\"size-full wp-image-12344\" src=\"http:\/\/www.rukajarvensuunnanhistoriayhdistys.fi\/historiayhdistys\/wp-content\/uploads\/2018\/04\/Eino-Syrj\u00e4niemi-kuva-tytt\u00e4ren-ottama.jpg\" alt=\"\" width=\"768\" height=\"1024\" data-id=\"12344\" srcset=\"http:\/\/www.rukajarvensuunnanhistoriayhdistys.fi\/historiayhdistys\/wp-content\/uploads\/2018\/04\/Eino-Syrj\u00e4niemi-kuva-tytt\u00e4ren-ottama.jpg 768w, http:\/\/www.rukajarvensuunnanhistoriayhdistys.fi\/historiayhdistys\/wp-content\/uploads\/2018\/04\/Eino-Syrj\u00e4niemi-kuva-tytt\u00e4ren-ottama-225x300.jpg 225w\" sizes=\"auto, (max-width: 768px) 100vw, 768px\" \/><\/a><figcaption id=\"caption-attachment-12344\" class=\"wp-caption-text\">Itseoppineen kanttori-urkurin Eino Syrj\u00e4niemen kotona on edelleen k\u00e4yt\u00f6ss\u00e4 piano ja urut.\u00a0 Veteraani juhlii 100-vuotissyntym\u00e4p\u00e4iv\u00e4\u00e4ns\u00e4 Haapaj\u00e4rvell\u00e4 28.5.2018. Kuva Katri Syrj\u00e4niemi.<\/figcaption><\/figure>\n<p>Einon vaimo kuoli 7 vuotta sitten. Lapsia on seitsem\u00e4n, jotka pit\u00e4v\u00e4t huolta veteraanista. Haapaj\u00e4rven kanttorina toimiva tyt\u00e4r Katri asuu l\u00e4hinn\u00e4.<\/p>\n<p>Sotilasura alkoi Mikkeliss\u00e4 1939 ja parin kuukauden j\u00e4lkeen h\u00e4net siirrettiin rintamalle konepistoolimieheksi 3.\/Erp 10 joukkoihin, taisteluihin Aittojoelle ja Kivij\u00e4rvelle. Talvisodan j\u00e4lkeen jatkui varusmiespalvelus ja Jatkosodassa h\u00e4n taisteli 2.\/RjP 6:n joukoissa Rukaj\u00e4rven suunnalla.<\/p>\n<p>Syrj\u00e4niemi osallistui v. 1942 tammikuussa Mai Guban partioretkelle tulipalopakkasessa. Retkelle osallistui 1924 miest\u00e4 ja 268 hevosta. Sodan lopulla h\u00e4n osallistui Jatkosodan viimeiseksi j\u00e4\u00e4neisiin taisteluihin Suomen ja neuvostoarmeijan v\u00e4lill\u00e4<\/p>\n<p>&#8211; Sotien aikana en nukkunut yht\u00e4\u00e4n t\u00e4ytt\u00e4 y\u00f6t\u00e4 ja nyt voin nukkua vaikkapa p\u00e4iv\u00e4ll\u00e4, hyvinvointi nykysuomessa tuntuu sota-ajan kokeneesta veteraanista tosi ylelliselt\u00e4.<\/p>\n<p>&#8211; Monet asiat ovat painuneet mieleeni. Ensimm\u00e4inen vartiovuoron j\u00e4lkeen etulinjan kentt\u00e4vartioon tuotiin ruokaa ja kolme kappaletta Klubi 77 tupakkaa. Ruokailun j\u00e4lkeen sytytin tupakan ja yritin vet\u00e4ist\u00e4 siit\u00e4 savuja, mutta se maistui niin pahalle, ett\u00e4 en ole sen koommin tupakkaan koskenut. Sota-aikana vaihdoin p\u00e4ivitt\u00e4isen tupakka-annoksen kotiruokaan, sit\u00e4 oli aseveljill\u00e4 aina tarjolla.<\/p>\n<p>&#8211; Veteraanien kunnioitus on ajan my\u00f6t\u00e4 kohentunut ja omalla kohdallanikin arkeani tuetaan monin tavoin. Ajan l\u00e4himatkoja osin s\u00e4hk\u00f6k\u00e4ytt\u00f6isell\u00e4 kolmipy\u00f6r\u00e4isell\u00e4 ajopelill\u00e4.<\/p>\n<p>&#8211; Tosi taisteluihin osallistunut ei ihannoi sotimista, vaan osaa asettaa arvot paikalleen. Is\u00e4nmaan etu on ensin, mutta rauha luo perustan kansalaisten hyvinvoinnille. Tietoisuus aselevon solmimisesta toi suuren helpotuksentunteen, p\u00e4\u00e4tt\u00e4\u00e4 veteraani syntym\u00e4p\u00e4iv\u00e4n keskustelumme.<\/p>\n<p>Onnitellessamme Eino Syrj\u00e4nieme\u00e4 h\u00e4nen 100-vuotisp\u00e4iv\u00e4n\u00e4\u00e4n kiit\u00e4mme samalla haastattelusta, mink\u00e4 h\u00e4n antoi meille Iisalmen Rukaj\u00e4rvi-keskuksessa 14.1.2017. Tuona p\u00e4iv\u00e4n\u00e4 oli kulunut 75 vuotta Murmannin radan partioretkelle l\u00e4hd\u00f6st\u00e4. Syrj\u00e4niemi osallistui t\u00e4lle retkelle RajaJP 6:n sotilaana.<\/p>\n<figure id=\"attachment_11102\" aria-describedby=\"caption-attachment-11102\" style=\"width: 4592px\" class=\"wp-caption aligncenter\"><a href=\"http:\/\/www.rukajarvensuunnanhistoriayhdistys.fi\/historiayhdistys\/iisalmen-rukajarvi-keskus-tayttyi-jatkosodan-suurimmasta-muurmannin-radan-partioretkesta-kulunut-75-vuotta\/sony-dsc-89\/\" rel=\"attachment wp-att-11102\"><img loading=\"lazy\" decoding=\"async\" class=\"size-full wp-image-11102\" src=\"http:\/\/www.rukajarvensuunnanhistoriayhdistys.fi\/historiayhdistys\/wp-content\/uploads\/2017\/01\/DSC03962-Syrj\u00e4niemi-Eino.jpg\" alt=\"\" width=\"4592\" height=\"3056\" data-id=\"11102\" srcset=\"http:\/\/www.rukajarvensuunnanhistoriayhdistys.fi\/historiayhdistys\/wp-content\/uploads\/2017\/01\/DSC03962-Syrj\u00e4niemi-Eino.jpg 4592w, http:\/\/www.rukajarvensuunnanhistoriayhdistys.fi\/historiayhdistys\/wp-content\/uploads\/2017\/01\/DSC03962-Syrj\u00e4niemi-Eino-300x200.jpg 300w, http:\/\/www.rukajarvensuunnanhistoriayhdistys.fi\/historiayhdistys\/wp-content\/uploads\/2017\/01\/DSC03962-Syrj\u00e4niemi-Eino-768x511.jpg 768w, http:\/\/www.rukajarvensuunnanhistoriayhdistys.fi\/historiayhdistys\/wp-content\/uploads\/2017\/01\/DSC03962-Syrj\u00e4niemi-Eino-1024x681.jpg 1024w\" sizes=\"auto, (max-width: 4592px) 100vw, 4592px\" \/><\/a><figcaption id=\"caption-attachment-11102\" class=\"wp-caption-text\">Eino Syrj\u00e4niemen pojat Veikko ja Niilo toivat is\u00e4ns\u00e4 Rukaj\u00e4rvi-keskukseen jo pari tuntia aiemmin, jolloin h\u00e4n antoi yli tunnin videohaastattelunsa. Haastattelu on liitetty Rukaj\u00e4rven suunnan historiayhdistyksen digiarkistoon.<\/figcaption><\/figure>\n<figure id=\"attachment_11097\" aria-describedby=\"caption-attachment-11097\" style=\"width: 4592px\" class=\"wp-caption aligncenter\"><a href=\"http:\/\/www.rukajarvensuunnanhistoriayhdistys.fi\/historiayhdistys\/iisalmen-rukajarvi-keskus-tayttyi-jatkosodan-suurimmasta-muurmannin-radan-partioretkesta-kulunut-75-vuotta\/sony-dsc-87\/\" rel=\"attachment wp-att-11097\"><img loading=\"lazy\" decoding=\"async\" class=\"size-full wp-image-11097\" src=\"http:\/\/www.rukajarvensuunnanhistoriayhdistys.fi\/historiayhdistys\/wp-content\/uploads\/2017\/01\/DSC03965-Syrj\u00e4niemi.jpg\" alt=\"\" width=\"4592\" height=\"3056\" data-id=\"11097\" srcset=\"http:\/\/www.rukajarvensuunnanhistoriayhdistys.fi\/historiayhdistys\/wp-content\/uploads\/2017\/01\/DSC03965-Syrj\u00e4niemi.jpg 4592w, http:\/\/www.rukajarvensuunnanhistoriayhdistys.fi\/historiayhdistys\/wp-content\/uploads\/2017\/01\/DSC03965-Syrj\u00e4niemi-300x200.jpg 300w, http:\/\/www.rukajarvensuunnanhistoriayhdistys.fi\/historiayhdistys\/wp-content\/uploads\/2017\/01\/DSC03965-Syrj\u00e4niemi-768x511.jpg 768w, http:\/\/www.rukajarvensuunnanhistoriayhdistys.fi\/historiayhdistys\/wp-content\/uploads\/2017\/01\/DSC03965-Syrj\u00e4niemi-1024x681.jpg 1024w\" sizes=\"auto, (max-width: 4592px) 100vw, 4592px\" \/><\/a><figcaption id=\"caption-attachment-11097\" class=\"wp-caption-text\">Esitelm\u00f6itsij\u00e4 Raine Narva ja pian 99-vuotias vire\u00e4 sotaveteraani Eino Syrj\u00e4niemi. Syrj\u00e4niemi osallistui Muurmannin radan partioretkelle ja kertoi n\u00e4hneens\u00e4 omin silmin l\u00e4\u00e4kint\u00e4miesten &#8221;celsiusmittarista&#8221; pakkaslukeman -43 astetta. L\u00e4\u00e4kint\u00e4mies oli kertonut pakkasen laskeneen per\u00e4ti -50 asteeseen.<\/figcaption><\/figure>\n<p>Iisalmen Rukaj\u00e4rvi-keskuksen 14.1.2017 tapahtumaan voi tutustua <a href=\"http:\/\/www.rukajarvensuunnanhistoriayhdistys.fi\/historiayhdistys\/iisalmen-rukajarvi-keskus-tayttyi-jatkosodan-suurimmasta-muurmannin-radan-partioretkesta-kulunut-75-vuotta\/\"><strong>T\u00c4\u00c4LT\u00c4<\/strong><\/a>:<\/p>\n","protected":false},"excerpt":{"rendered":"<p>Tosi taisteluihin osallistunut ei ihannoi sotimista, vaan osaa asettaa arvot paikalleen. Is\u00e4nmaan etu on ensin. Talvi- ja Jatkosodan veteraani\u00a0 Eino Syrj\u00e4niemi syntyi 25.4.1918. H\u00e4n asuu yksin omakotitalossa Haapaj\u00e4rvell\u00e4, l\u00e4mmitt\u00e4\u00e4 taloa <a class=\"more-link\" href=\"http:\/\/www.rukajarvensuunnanhistoriayhdistys.fi\/historiayhdistys\/eino-syrjaniemi-tayttaa-tanaan-100-vuotta-paljon-onnea\/\">Teksti jatkuu&#8230;<span class=\"screen-reader-text\">Eino Syrj\u00e4niemi t\u00e4ytt\u00e4\u00e4 t\u00e4n\u00e4\u00e4n  100 vuotta &#8211; paljon onnea.<\/span><span class=\"meta-nav\">\u2192<\/span><\/a><\/p>\n","protected":false},"author":3,"featured_media":0,"comment_status":"closed","ping_status":"open","sticky":false,"template":"","format":"standard","meta":{"footnotes":""},"categories":[22,21,1],"tags":[],"class_list":["post-12342","post","type-post","status-publish","format-standard","hentry","category-ajankohtaista","category-rukajarvi-keskus","category-yleinen"],"yoast_head":"<!-- This site is optimized with the Yoast SEO plugin v27.4 - https:\/\/yoast.com\/product\/yoast-seo-wordpress\/ -->\n<title>Eino Syrj\u00e4niemi t\u00e4ytt\u00e4\u00e4 t\u00e4n\u00e4\u00e4n 100 vuotta - paljon onnea. - Rukaj\u00e4rven suunnan historiayhdistys<\/title>\n<meta name=\"robots\" content=\"index, follow, max-snippet:-1, max-image-preview:large, max-video-preview:-1\" \/>\n<link rel=\"canonical\" href=\"http:\/\/www.rukajarvensuunnanhistoriayhdistys.fi\/historiayhdistys\/eino-syrjaniemi-tayttaa-tanaan-100-vuotta-paljon-onnea\/\" \/>\n<meta property=\"og:locale\" content=\"fi_FI\" \/>\n<meta property=\"og:type\" content=\"article\" \/>\n<meta property=\"og:title\" content=\"Eino Syrj\u00e4niemi t\u00e4ytt\u00e4\u00e4 t\u00e4n\u00e4\u00e4n 100 vuotta - paljon onnea. - Rukaj\u00e4rven suunnan historiayhdistys\" \/>\n<meta property=\"og:description\" content=\"Tosi taisteluihin osallistunut ei ihannoi sotimista, vaan osaa asettaa arvot paikalleen. Is\u00e4nmaan etu on ensin. Talvi- ja Jatkosodan veteraani\u00a0 Eino Syrj\u00e4niemi syntyi 25.4.1918. H\u00e4n asuu yksin omakotitalossa Haapaj\u00e4rvell\u00e4, l\u00e4mmitt\u00e4\u00e4 taloa Teksti jatkuu...Eino Syrj\u00e4niemi t\u00e4ytt\u00e4\u00e4 t\u00e4n\u00e4\u00e4n 100 vuotta &#8211; paljon onnea.\u2192\" \/>\n<meta property=\"og:url\" content=\"http:\/\/www.rukajarvensuunnanhistoriayhdistys.fi\/historiayhdistys\/eino-syrjaniemi-tayttaa-tanaan-100-vuotta-paljon-onnea\/\" \/>\n<meta property=\"og:site_name\" content=\"Rukaj\u00e4rven suunnan historiayhdistys\" \/>\n<meta property=\"article:published_time\" content=\"2018-04-25T09:44:03+00:00\" \/>\n<meta property=\"og:image\" content=\"http:\/\/www.rukajarvensuunnanhistoriayhdistys.fi\/historiayhdistys\/wp-content\/uploads\/2018\/04\/DSC03763.jpg\" \/>\n<meta name=\"author\" content=\"RSHY\" \/>\n<meta name=\"twitter:label1\" content=\"Kirjoittanut\" \/>\n\t<meta name=\"twitter:data1\" content=\"RSHY\" \/>\n\t<meta name=\"twitter:label2\" content=\"Arvioitu lukuaika\" \/>\n\t<meta name=\"twitter:data2\" content=\"2 minuuttia\" \/>\n<script type=\"application\/ld+json\" class=\"yoast-schema-graph\">{\"@context\":\"https:\\\/\\\/schema.org\",\"@graph\":[{\"@type\":\"Article\",\"@id\":\"http:\\\/\\\/www.rukajarvensuunnanhistoriayhdistys.fi\\\/historiayhdistys\\\/eino-syrjaniemi-tayttaa-tanaan-100-vuotta-paljon-onnea\\\/#article\",\"isPartOf\":{\"@id\":\"http:\\\/\\\/www.rukajarvensuunnanhistoriayhdistys.fi\\\/historiayhdistys\\\/eino-syrjaniemi-tayttaa-tanaan-100-vuotta-paljon-onnea\\\/\"},\"author\":{\"name\":\"RSHY\",\"@id\":\"http:\\\/\\\/www.rukajarvensuunnanhistoriayhdistys.fi\\\/historiayhdistys\\\/#\\\/schema\\\/person\\\/19de7db68bf72dfd2b5d7f6dfbf8454d\"},\"headline\":\"Eino Syrj\u00e4niemi t\u00e4ytt\u00e4\u00e4 t\u00e4n\u00e4\u00e4n 100 vuotta &#8211; paljon onnea.\",\"datePublished\":\"2018-04-25T09:44:03+00:00\",\"mainEntityOfPage\":{\"@id\":\"http:\\\/\\\/www.rukajarvensuunnanhistoriayhdistys.fi\\\/historiayhdistys\\\/eino-syrjaniemi-tayttaa-tanaan-100-vuotta-paljon-onnea\\\/\"},\"wordCount\":508,\"publisher\":{\"@id\":\"http:\\\/\\\/www.rukajarvensuunnanhistoriayhdistys.fi\\\/historiayhdistys\\\/#organization\"},\"image\":{\"@id\":\"http:\\\/\\\/www.rukajarvensuunnanhistoriayhdistys.fi\\\/historiayhdistys\\\/eino-syrjaniemi-tayttaa-tanaan-100-vuotta-paljon-onnea\\\/#primaryimage\"},\"thumbnailUrl\":\"http:\\\/\\\/www.rukajarvensuunnanhistoriayhdistys.fi\\\/historiayhdistys\\\/wp-content\\\/uploads\\\/2018\\\/04\\\/DSC03763.jpg\",\"articleSection\":[\"Ajankohtaista\",\"Rukaj\u00e4rvi-keskus\"],\"inLanguage\":\"fi\"},{\"@type\":\"WebPage\",\"@id\":\"http:\\\/\\\/www.rukajarvensuunnanhistoriayhdistys.fi\\\/historiayhdistys\\\/eino-syrjaniemi-tayttaa-tanaan-100-vuotta-paljon-onnea\\\/\",\"url\":\"http:\\\/\\\/www.rukajarvensuunnanhistoriayhdistys.fi\\\/historiayhdistys\\\/eino-syrjaniemi-tayttaa-tanaan-100-vuotta-paljon-onnea\\\/\",\"name\":\"Eino Syrj\u00e4niemi t\u00e4ytt\u00e4\u00e4 t\u00e4n\u00e4\u00e4n 100 vuotta - paljon onnea. - Rukaj\u00e4rven suunnan historiayhdistys\",\"isPartOf\":{\"@id\":\"http:\\\/\\\/www.rukajarvensuunnanhistoriayhdistys.fi\\\/historiayhdistys\\\/#website\"},\"primaryImageOfPage\":{\"@id\":\"http:\\\/\\\/www.rukajarvensuunnanhistoriayhdistys.fi\\\/historiayhdistys\\\/eino-syrjaniemi-tayttaa-tanaan-100-vuotta-paljon-onnea\\\/#primaryimage\"},\"image\":{\"@id\":\"http:\\\/\\\/www.rukajarvensuunnanhistoriayhdistys.fi\\\/historiayhdistys\\\/eino-syrjaniemi-tayttaa-tanaan-100-vuotta-paljon-onnea\\\/#primaryimage\"},\"thumbnailUrl\":\"http:\\\/\\\/www.rukajarvensuunnanhistoriayhdistys.fi\\\/historiayhdistys\\\/wp-content\\\/uploads\\\/2018\\\/04\\\/DSC03763.jpg\",\"datePublished\":\"2018-04-25T09:44:03+00:00\",\"breadcrumb\":{\"@id\":\"http:\\\/\\\/www.rukajarvensuunnanhistoriayhdistys.fi\\\/historiayhdistys\\\/eino-syrjaniemi-tayttaa-tanaan-100-vuotta-paljon-onnea\\\/#breadcrumb\"},\"inLanguage\":\"fi\",\"potentialAction\":[{\"@type\":\"ReadAction\",\"target\":[\"http:\\\/\\\/www.rukajarvensuunnanhistoriayhdistys.fi\\\/historiayhdistys\\\/eino-syrjaniemi-tayttaa-tanaan-100-vuotta-paljon-onnea\\\/\"]}]},{\"@type\":\"ImageObject\",\"inLanguage\":\"fi\",\"@id\":\"http:\\\/\\\/www.rukajarvensuunnanhistoriayhdistys.fi\\\/historiayhdistys\\\/eino-syrjaniemi-tayttaa-tanaan-100-vuotta-paljon-onnea\\\/#primaryimage\",\"url\":\"http:\\\/\\\/www.rukajarvensuunnanhistoriayhdistys.fi\\\/historiayhdistys\\\/wp-content\\\/uploads\\\/2018\\\/04\\\/DSC03763.jpg\",\"contentUrl\":\"http:\\\/\\\/www.rukajarvensuunnanhistoriayhdistys.fi\\\/historiayhdistys\\\/wp-content\\\/uploads\\\/2018\\\/04\\\/DSC03763.jpg\",\"width\":3680,\"height\":2070,\"caption\":\"Eino Syrj\u00e4niemi Iisalmen Rukaj\u00e4rvi-keskuksessa 14.1.2017.\"},{\"@type\":\"BreadcrumbList\",\"@id\":\"http:\\\/\\\/www.rukajarvensuunnanhistoriayhdistys.fi\\\/historiayhdistys\\\/eino-syrjaniemi-tayttaa-tanaan-100-vuotta-paljon-onnea\\\/#breadcrumb\",\"itemListElement\":[{\"@type\":\"ListItem\",\"position\":1,\"name\":\"Etusivu\",\"item\":\"http:\\\/\\\/www.rukajarvensuunnanhistoriayhdistys.fi\\\/historiayhdistys\\\/\"},{\"@type\":\"ListItem\",\"position\":2,\"name\":\"Eino Syrj\u00e4niemi t\u00e4ytt\u00e4\u00e4 t\u00e4n\u00e4\u00e4n 100 vuotta &#8211; paljon onnea.\"}]},{\"@type\":\"WebSite\",\"@id\":\"http:\\\/\\\/www.rukajarvensuunnanhistoriayhdistys.fi\\\/historiayhdistys\\\/#website\",\"url\":\"http:\\\/\\\/www.rukajarvensuunnanhistoriayhdistys.fi\\\/historiayhdistys\\\/\",\"name\":\"Rukaj\u00e4rven suunnan historiayhdistys\",\"description\":\"Rukaj\u00e4rven suunnan historiayhdistyksen verkkosivut.\",\"publisher\":{\"@id\":\"http:\\\/\\\/www.rukajarvensuunnanhistoriayhdistys.fi\\\/historiayhdistys\\\/#organization\"},\"potentialAction\":[{\"@type\":\"SearchAction\",\"target\":{\"@type\":\"EntryPoint\",\"urlTemplate\":\"http:\\\/\\\/www.rukajarvensuunnanhistoriayhdistys.fi\\\/historiayhdistys\\\/?s={search_term_string}\"},\"query-input\":{\"@type\":\"PropertyValueSpecification\",\"valueRequired\":true,\"valueName\":\"search_term_string\"}}],\"inLanguage\":\"fi\"},{\"@type\":\"Organization\",\"@id\":\"http:\\\/\\\/www.rukajarvensuunnanhistoriayhdistys.fi\\\/historiayhdistys\\\/#organization\",\"name\":\"Rukaj\u00e4rven suunnan historiayhdistys\",\"url\":\"http:\\\/\\\/www.rukajarvensuunnanhistoriayhdistys.fi\\\/historiayhdistys\\\/\",\"logo\":{\"@type\":\"ImageObject\",\"inLanguage\":\"fi\",\"@id\":\"http:\\\/\\\/www.rukajarvensuunnanhistoriayhdistys.fi\\\/historiayhdistys\\\/#\\\/schema\\\/logo\\\/image\\\/\",\"url\":\"http:\\\/\\\/www.rukajarvensuunnanhistoriayhdistys.fi\\\/historiayhdistys\\\/wp-content\\\/uploads\\\/2013\\\/12\\\/Otsake_3.jpg\",\"contentUrl\":\"http:\\\/\\\/www.rukajarvensuunnanhistoriayhdistys.fi\\\/historiayhdistys\\\/wp-content\\\/uploads\\\/2013\\\/12\\\/Otsake_3.jpg\",\"width\":1000,\"height\":442,\"caption\":\"Rukaj\u00e4rven suunnan historiayhdistys\"},\"image\":{\"@id\":\"http:\\\/\\\/www.rukajarvensuunnanhistoriayhdistys.fi\\\/historiayhdistys\\\/#\\\/schema\\\/logo\\\/image\\\/\"}},{\"@type\":\"Person\",\"@id\":\"http:\\\/\\\/www.rukajarvensuunnanhistoriayhdistys.fi\\\/historiayhdistys\\\/#\\\/schema\\\/person\\\/19de7db68bf72dfd2b5d7f6dfbf8454d\",\"name\":\"RSHY\",\"image\":{\"@type\":\"ImageObject\",\"inLanguage\":\"fi\",\"@id\":\"https:\\\/\\\/secure.gravatar.com\\\/avatar\\\/598d59263a69cc8de65fcb4f9db78d6f58c098cb0e0ba22d73377441af9fa04c?s=96&d=blank&r=g\",\"url\":\"https:\\\/\\\/secure.gravatar.com\\\/avatar\\\/598d59263a69cc8de65fcb4f9db78d6f58c098cb0e0ba22d73377441af9fa04c?s=96&d=blank&r=g\",\"contentUrl\":\"https:\\\/\\\/secure.gravatar.com\\\/avatar\\\/598d59263a69cc8de65fcb4f9db78d6f58c098cb0e0ba22d73377441af9fa04c?s=96&d=blank&r=g\",\"caption\":\"RSHY\"},\"url\":\"http:\\\/\\\/www.rukajarvensuunnanhistoriayhdistys.fi\\\/historiayhdistys\\\/author\\\/rshy\\\/\"}]}<\/script>\n<!-- \/ Yoast SEO plugin. -->","yoast_head_json":{"title":"Eino Syrj\u00e4niemi t\u00e4ytt\u00e4\u00e4 t\u00e4n\u00e4\u00e4n 100 vuotta - paljon onnea. - Rukaj\u00e4rven suunnan historiayhdistys","robots":{"index":"index","follow":"follow","max-snippet":"max-snippet:-1","max-image-preview":"max-image-preview:large","max-video-preview":"max-video-preview:-1"},"canonical":"http:\/\/www.rukajarvensuunnanhistoriayhdistys.fi\/historiayhdistys\/eino-syrjaniemi-tayttaa-tanaan-100-vuotta-paljon-onnea\/","og_locale":"fi_FI","og_type":"article","og_title":"Eino Syrj\u00e4niemi t\u00e4ytt\u00e4\u00e4 t\u00e4n\u00e4\u00e4n 100 vuotta - paljon onnea. - Rukaj\u00e4rven suunnan historiayhdistys","og_description":"Tosi taisteluihin osallistunut ei ihannoi sotimista, vaan osaa asettaa arvot paikalleen. Is\u00e4nmaan etu on ensin. Talvi- ja Jatkosodan veteraani\u00a0 Eino Syrj\u00e4niemi syntyi 25.4.1918. H\u00e4n asuu yksin omakotitalossa Haapaj\u00e4rvell\u00e4, l\u00e4mmitt\u00e4\u00e4 taloa Teksti jatkuu...Eino Syrj\u00e4niemi t\u00e4ytt\u00e4\u00e4 t\u00e4n\u00e4\u00e4n 100 vuotta &#8211; paljon onnea.\u2192","og_url":"http:\/\/www.rukajarvensuunnanhistoriayhdistys.fi\/historiayhdistys\/eino-syrjaniemi-tayttaa-tanaan-100-vuotta-paljon-onnea\/","og_site_name":"Rukaj\u00e4rven suunnan historiayhdistys","article_published_time":"2018-04-25T09:44:03+00:00","og_image":[{"url":"http:\/\/www.rukajarvensuunnanhistoriayhdistys.fi\/historiayhdistys\/wp-content\/uploads\/2018\/04\/DSC03763.jpg","type":"","width":"","height":""}],"author":"RSHY","twitter_misc":{"Kirjoittanut":"RSHY","Arvioitu lukuaika":"2 minuuttia"},"schema":{"@context":"https:\/\/schema.org","@graph":[{"@type":"Article","@id":"http:\/\/www.rukajarvensuunnanhistoriayhdistys.fi\/historiayhdistys\/eino-syrjaniemi-tayttaa-tanaan-100-vuotta-paljon-onnea\/#article","isPartOf":{"@id":"http:\/\/www.rukajarvensuunnanhistoriayhdistys.fi\/historiayhdistys\/eino-syrjaniemi-tayttaa-tanaan-100-vuotta-paljon-onnea\/"},"author":{"name":"RSHY","@id":"http:\/\/www.rukajarvensuunnanhistoriayhdistys.fi\/historiayhdistys\/#\/schema\/person\/19de7db68bf72dfd2b5d7f6dfbf8454d"},"headline":"Eino Syrj\u00e4niemi t\u00e4ytt\u00e4\u00e4 t\u00e4n\u00e4\u00e4n 100 vuotta &#8211; paljon onnea.","datePublished":"2018-04-25T09:44:03+00:00","mainEntityOfPage":{"@id":"http:\/\/www.rukajarvensuunnanhistoriayhdistys.fi\/historiayhdistys\/eino-syrjaniemi-tayttaa-tanaan-100-vuotta-paljon-onnea\/"},"wordCount":508,"publisher":{"@id":"http:\/\/www.rukajarvensuunnanhistoriayhdistys.fi\/historiayhdistys\/#organization"},"image":{"@id":"http:\/\/www.rukajarvensuunnanhistoriayhdistys.fi\/historiayhdistys\/eino-syrjaniemi-tayttaa-tanaan-100-vuotta-paljon-onnea\/#primaryimage"},"thumbnailUrl":"http:\/\/www.rukajarvensuunnanhistoriayhdistys.fi\/historiayhdistys\/wp-content\/uploads\/2018\/04\/DSC03763.jpg","articleSection":["Ajankohtaista","Rukaj\u00e4rvi-keskus"],"inLanguage":"fi"},{"@type":"WebPage","@id":"http:\/\/www.rukajarvensuunnanhistoriayhdistys.fi\/historiayhdistys\/eino-syrjaniemi-tayttaa-tanaan-100-vuotta-paljon-onnea\/","url":"http:\/\/www.rukajarvensuunnanhistoriayhdistys.fi\/historiayhdistys\/eino-syrjaniemi-tayttaa-tanaan-100-vuotta-paljon-onnea\/","name":"Eino Syrj\u00e4niemi t\u00e4ytt\u00e4\u00e4 t\u00e4n\u00e4\u00e4n 100 vuotta - paljon onnea. - Rukaj\u00e4rven suunnan historiayhdistys","isPartOf":{"@id":"http:\/\/www.rukajarvensuunnanhistoriayhdistys.fi\/historiayhdistys\/#website"},"primaryImageOfPage":{"@id":"http:\/\/www.rukajarvensuunnanhistoriayhdistys.fi\/historiayhdistys\/eino-syrjaniemi-tayttaa-tanaan-100-vuotta-paljon-onnea\/#primaryimage"},"image":{"@id":"http:\/\/www.rukajarvensuunnanhistoriayhdistys.fi\/historiayhdistys\/eino-syrjaniemi-tayttaa-tanaan-100-vuotta-paljon-onnea\/#primaryimage"},"thumbnailUrl":"http:\/\/www.rukajarvensuunnanhistoriayhdistys.fi\/historiayhdistys\/wp-content\/uploads\/2018\/04\/DSC03763.jpg","datePublished":"2018-04-25T09:44:03+00:00","breadcrumb":{"@id":"http:\/\/www.rukajarvensuunnanhistoriayhdistys.fi\/historiayhdistys\/eino-syrjaniemi-tayttaa-tanaan-100-vuotta-paljon-onnea\/#breadcrumb"},"inLanguage":"fi","potentialAction":[{"@type":"ReadAction","target":["http:\/\/www.rukajarvensuunnanhistoriayhdistys.fi\/historiayhdistys\/eino-syrjaniemi-tayttaa-tanaan-100-vuotta-paljon-onnea\/"]}]},{"@type":"ImageObject","inLanguage":"fi","@id":"http:\/\/www.rukajarvensuunnanhistoriayhdistys.fi\/historiayhdistys\/eino-syrjaniemi-tayttaa-tanaan-100-vuotta-paljon-onnea\/#primaryimage","url":"http:\/\/www.rukajarvensuunnanhistoriayhdistys.fi\/historiayhdistys\/wp-content\/uploads\/2018\/04\/DSC03763.jpg","contentUrl":"http:\/\/www.rukajarvensuunnanhistoriayhdistys.fi\/historiayhdistys\/wp-content\/uploads\/2018\/04\/DSC03763.jpg","width":3680,"height":2070,"caption":"Eino Syrj\u00e4niemi Iisalmen Rukaj\u00e4rvi-keskuksessa 14.1.2017."},{"@type":"BreadcrumbList","@id":"http:\/\/www.rukajarvensuunnanhistoriayhdistys.fi\/historiayhdistys\/eino-syrjaniemi-tayttaa-tanaan-100-vuotta-paljon-onnea\/#breadcrumb","itemListElement":[{"@type":"ListItem","position":1,"name":"Etusivu","item":"http:\/\/www.rukajarvensuunnanhistoriayhdistys.fi\/historiayhdistys\/"},{"@type":"ListItem","position":2,"name":"Eino Syrj\u00e4niemi t\u00e4ytt\u00e4\u00e4 t\u00e4n\u00e4\u00e4n 100 vuotta &#8211; paljon onnea."}]},{"@type":"WebSite","@id":"http:\/\/www.rukajarvensuunnanhistoriayhdistys.fi\/historiayhdistys\/#website","url":"http:\/\/www.rukajarvensuunnanhistoriayhdistys.fi\/historiayhdistys\/","name":"Rukaj\u00e4rven suunnan historiayhdistys","description":"Rukaj\u00e4rven suunnan historiayhdistyksen verkkosivut.","publisher":{"@id":"http:\/\/www.rukajarvensuunnanhistoriayhdistys.fi\/historiayhdistys\/#organization"},"potentialAction":[{"@type":"SearchAction","target":{"@type":"EntryPoint","urlTemplate":"http:\/\/www.rukajarvensuunnanhistoriayhdistys.fi\/historiayhdistys\/?s={search_term_string}"},"query-input":{"@type":"PropertyValueSpecification","valueRequired":true,"valueName":"search_term_string"}}],"inLanguage":"fi"},{"@type":"Organization","@id":"http:\/\/www.rukajarvensuunnanhistoriayhdistys.fi\/historiayhdistys\/#organization","name":"Rukaj\u00e4rven suunnan historiayhdistys","url":"http:\/\/www.rukajarvensuunnanhistoriayhdistys.fi\/historiayhdistys\/","logo":{"@type":"ImageObject","inLanguage":"fi","@id":"http:\/\/www.rukajarvensuunnanhistoriayhdistys.fi\/historiayhdistys\/#\/schema\/logo\/image\/","url":"http:\/\/www.rukajarvensuunnanhistoriayhdistys.fi\/historiayhdistys\/wp-content\/uploads\/2013\/12\/Otsake_3.jpg","contentUrl":"http:\/\/www.rukajarvensuunnanhistoriayhdistys.fi\/historiayhdistys\/wp-content\/uploads\/2013\/12\/Otsake_3.jpg","width":1000,"height":442,"caption":"Rukaj\u00e4rven suunnan historiayhdistys"},"image":{"@id":"http:\/\/www.rukajarvensuunnanhistoriayhdistys.fi\/historiayhdistys\/#\/schema\/logo\/image\/"}},{"@type":"Person","@id":"http:\/\/www.rukajarvensuunnanhistoriayhdistys.fi\/historiayhdistys\/#\/schema\/person\/19de7db68bf72dfd2b5d7f6dfbf8454d","name":"RSHY","image":{"@type":"ImageObject","inLanguage":"fi","@id":"https:\/\/secure.gravatar.com\/avatar\/598d59263a69cc8de65fcb4f9db78d6f58c098cb0e0ba22d73377441af9fa04c?s=96&d=blank&r=g","url":"https:\/\/secure.gravatar.com\/avatar\/598d59263a69cc8de65fcb4f9db78d6f58c098cb0e0ba22d73377441af9fa04c?s=96&d=blank&r=g","contentUrl":"https:\/\/secure.gravatar.com\/avatar\/598d59263a69cc8de65fcb4f9db78d6f58c098cb0e0ba22d73377441af9fa04c?s=96&d=blank&r=g","caption":"RSHY"},"url":"http:\/\/www.rukajarvensuunnanhistoriayhdistys.fi\/historiayhdistys\/author\/rshy\/"}]}},"_links":{"self":[{"href":"http:\/\/www.rukajarvensuunnanhistoriayhdistys.fi\/historiayhdistys\/wp-json\/wp\/v2\/posts\/12342","targetHints":{"allow":["GET"]}}],"collection":[{"href":"http:\/\/www.rukajarvensuunnanhistoriayhdistys.fi\/historiayhdistys\/wp-json\/wp\/v2\/posts"}],"about":[{"href":"http:\/\/www.rukajarvensuunnanhistoriayhdistys.fi\/historiayhdistys\/wp-json\/wp\/v2\/types\/post"}],"author":[{"embeddable":true,"href":"http:\/\/www.rukajarvensuunnanhistoriayhdistys.fi\/historiayhdistys\/wp-json\/wp\/v2\/users\/3"}],"replies":[{"embeddable":true,"href":"http:\/\/www.rukajarvensuunnanhistoriayhdistys.fi\/historiayhdistys\/wp-json\/wp\/v2\/comments?post=12342"}],"version-history":[{"count":3,"href":"http:\/\/www.rukajarvensuunnanhistoriayhdistys.fi\/historiayhdistys\/wp-json\/wp\/v2\/posts\/12342\/revisions"}],"predecessor-version":[{"id":12348,"href":"http:\/\/www.rukajarvensuunnanhistoriayhdistys.fi\/historiayhdistys\/wp-json\/wp\/v2\/posts\/12342\/revisions\/12348"}],"wp:attachment":[{"href":"http:\/\/www.rukajarvensuunnanhistoriayhdistys.fi\/historiayhdistys\/wp-json\/wp\/v2\/media?parent=12342"}],"wp:term":[{"taxonomy":"category","embeddable":true,"href":"http:\/\/www.rukajarvensuunnanhistoriayhdistys.fi\/historiayhdistys\/wp-json\/wp\/v2\/categories?post=12342"},{"taxonomy":"post_tag","embeddable":true,"href":"http:\/\/www.rukajarvensuunnanhistoriayhdistys.fi\/historiayhdistys\/wp-json\/wp\/v2\/tags?post=12342"}],"curies":[{"name":"wp","href":"https:\/\/api.w.org\/{rel}","templated":true}]}}