{"id":12349,"date":"2018-04-27T00:01:09","date_gmt":"2018-04-26T21:01:09","guid":{"rendered":"http:\/\/www.rukajarvensuunnanhistoriayhdistys.fi\/historiayhdistys\/?p=12349"},"modified":"2018-04-26T23:33:26","modified_gmt":"2018-04-26T20:33:26","slug":"tauno-oksanen-lieksassa-kansallisena-veteraanipaivana-2018","status":"publish","type":"post","link":"http:\/\/www.rukajarvensuunnanhistoriayhdistys.fi\/historiayhdistys\/tauno-oksanen-lieksassa-kansallisena-veteraanipaivana-2018\/","title":{"rendered":"Tauno Oksanen Lieksassa KANSALLISENA VETERAANIP\u00c4IV\u00c4N\u00c4 2018"},"content":{"rendered":"<div class=\"fcbkbttn_buttons_block\" id=\"fcbkbttn_left\"><div class=\"fcbkbttn_like \"><fb:like href=\"http:\/\/www.rukajarvensuunnanhistoriayhdistys.fi\/historiayhdistys\/tauno-oksanen-lieksassa-kansallisena-veteraanipaivana-2018\/\" action=\"like\" colorscheme=\"light\" layout=\"button_count\"  size=\"small\"><\/fb:like><\/div><\/div><p>Rajakapteeni Tauno Oksanen:\u00a0\u00a0<strong>TERVEHDYS KANSALLISENA VETERAANIP\u00c4IV\u00c4N\u00c4 2018<\/strong><\/p>\n<figure id=\"attachment_11257\" aria-describedby=\"caption-attachment-11257\" style=\"width: 4592px\" class=\"wp-caption aligncenter\"><a href=\"http:\/\/www.rukajarvensuunnanhistoriayhdistys.fi\/historiayhdistys\/iisalmen-rukajarvi-keskus-tayttyi-perttulin-jotos-seminaariyleisosta\/sony-dsc-94\/\" rel=\"attachment wp-att-11257\"><img loading=\"lazy\" decoding=\"async\" class=\"size-full wp-image-11257\" src=\"http:\/\/www.rukajarvensuunnanhistoriayhdistys.fi\/historiayhdistys\/wp-content\/uploads\/2017\/03\/Okanen-12-3-2017.jpg\" alt=\"\" width=\"4592\" height=\"3056\" data-id=\"11257\" srcset=\"http:\/\/www.rukajarvensuunnanhistoriayhdistys.fi\/historiayhdistys\/wp-content\/uploads\/2017\/03\/Okanen-12-3-2017.jpg 4592w, http:\/\/www.rukajarvensuunnanhistoriayhdistys.fi\/historiayhdistys\/wp-content\/uploads\/2017\/03\/Okanen-12-3-2017-300x200.jpg 300w, http:\/\/www.rukajarvensuunnanhistoriayhdistys.fi\/historiayhdistys\/wp-content\/uploads\/2017\/03\/Okanen-12-3-2017-768x511.jpg 768w, http:\/\/www.rukajarvensuunnanhistoriayhdistys.fi\/historiayhdistys\/wp-content\/uploads\/2017\/03\/Okanen-12-3-2017-1024x681.jpg 1024w\" sizes=\"auto, (max-width: 4592px) 100vw, 4592px\" \/><\/a><figcaption id=\"caption-attachment-11257\" class=\"wp-caption-text\">Rajakapteeni Tauno Oksanen.<\/figcaption><\/figure>\n<p>Er\u00e4s tunnettu ja suosittu muusikko kertoi pontevasti televisiossa tutustuessaan monumenttiin, johon on tallennettu kaikkien tunnettujen sodissamme menehtyneiden ihmisten nimet, ett\u00e4 <strong>h\u00e4nen mielest\u00e4\u00e4n nelj\u00e4s sukupolvi veteraanien j\u00e4lkel\u00e4isist\u00e4 voi jo el\u00e4\u00e4 ilman h\u00e4pe\u00e4\u00e4 k\u00e4ydyist\u00e4 sodistamme!<\/strong> Ja julkkiksen kuulijat varmasti uskovat h\u00e4nen lausuntonsa ja hyv\u00e4ksyv\u00e4t sen oikeana mielipiteen\u00e4.<\/p>\n<p>T\u00e4m\u00e4k\u00f6 on nuorempien sukupolvien k\u00e4sitys? T\u00e4m\u00e4 tervehdys keskittyy ottamaan kantaa vahingollisia ja sotiemme veteraaneja sek\u00e4 heid\u00e4n saavutuksiaan halventavia tekij\u00f6it\u00e4 kohtaan.<\/p>\n<p>Kaiken perustana t\u00e4ytyy olla tieto sotiemme merkityksest\u00e4 ja veteraanisukupolvien saavutuksista. Se ei ole \u201dsotahulluutta\u201d tai kiihkoilua vaan kunnioitusta ja arvostusta. T\u00e4m\u00e4n ymm\u00e4rryksen j\u00e4lkeen voi ryhty\u00e4 selvitt\u00e4m\u00e4\u00e4n yksityiskohtia.<\/p>\n<p>Er\u00e4s \u201dsotahistorian kirjailija\u201d kirjoitti upeasti sanomalehti Karjalaisessa: \u201dMeid\u00e4n tulee aina muistaa, ett\u00e4 ilman sotiemme veteraanien panostusta ja uhrauksia emme voisi t\u00e4n\u00e4\u00e4n el\u00e4\u00e4 itsen\u00e4isess\u00e4 ja vapaassa Suomessa. Lis\u00e4ksi veteraanipolven teht\u00e4v\u00e4ksi tuli sotien j\u00e4lkeen vastata Suomen j\u00e4lleenrakennuksesta ja luoda se perusta, jolle t\u00e4m\u00e4n p\u00e4iv\u00e4n hyvinvointi &#8211; Suomi rakentuu. Heid\u00e4n ansiostaan olemme s\u00e4ilytt\u00e4neet my\u00f6s Suomen kansan sivistyksen. Veteraanisukupolven tarinat ja muistelmat v\u00e4litt\u00e4v\u00e4t meille tunnelman, joka syntyy aidosta kunnioituksesta ja kiitoksesta is\u00e4nmaamme puolesta taistelleiden sotiemme veteraanien, lottateht\u00e4viss\u00e4 palvelleiden naisten sek\u00e4 kotirintamalla ty\u00f6t\u00e4 tehneiden hyv\u00e4ksi. &#8211; Kertokaa lapsen lapsille lauluin, himmet\u00e4 ei muistot koskaan saa\u201d.<\/p>\n<p>Mik\u00e4 on se totuus sodistamme ja veteraaniemme suurty\u00f6st\u00e4 joka on siirrett\u00e4v\u00e4 nykyisille ja tuleville sukupolville?<\/p>\n<p>K\u00e4sityksen sodasta ja sen tapahtumista muodostaa jokainen, joka ei ole kokenut sotaa, omassa mieless\u00e4\u00e4n. Siksi varsinkin v\u00e4hemm\u00e4n asiaan paneutunut tai nuori on helposti alttiina v\u00e4\u00e4rille vaikutteille. T\u00e4st\u00e4 on syyt\u00e4 huolestua, koska suuri suomalainen sankaritarina t\u00e4ytyy s\u00e4ily\u00e4 oikeana my\u00f6s tuleville sukupolville. Kysymys kuuluukin: Kenelle kuuluu oikeellisuuden valvonta ja vastuu? Mik\u00e4 j\u00e4rjestelm\u00e4 vastaa oikean sotahistorian s\u00e4ilymisest\u00e4 ja esill\u00e4pidosta my\u00f6s tuleville sukupolville?<\/p>\n<p>T\u00e4h\u00e4n liittyy tietenkin my\u00f6s nykyisten kansalaisten ja tulevien sukupolvien maanpuolustushengen ja \u2013 halun yll\u00e4pito sek\u00e4 mieluummin kehitt\u00e4minen. Nykyisess\u00e4 maailmassa on j\u00e4lleen unohdettava \u201drauhan utopia\u201d, joka syntyi edellisen kylm\u00e4n sodan j\u00e4lkeen. Jopa korkeiden p\u00e4\u00e4tt\u00e4jien mieliss\u00e4 ikuinen rauha oli palannut maanosaamme ja t\u00e4ss\u00e4 idealismin imussa l\u00e4hes ajettiin alas asevoimat ja Suomessakin esimerkiksi jalkav\u00e4kimiinat monen muun supistuksen mukana.<\/p>\n<p>Tieteellinen tutkimus vastaa sotahistoriasta varmasti omalta osaltaan, mutta se ei puutu muiden \u201dmarkkinajuttuihin\u201d tai poliittisiin n\u00e4kemyksiin eiv\u00e4tk\u00e4 sen tutkimukset ole kaikkien kansalaisten k\u00e4ytett\u00e4viss\u00e4. Kuka valvoo esimerkiksi koulujen oppikirjojen sis\u00e4lt\u00f6\u00e4 oikeasti ja kuka opettajien k\u00e4sityksi\u00e4? Nykyisten markkinavoimien jyll\u00e4tess\u00e4 tuskin kukaan vastaa keskitetysti. Poliittiset p\u00e4\u00e4tt\u00e4j\u00e4t eiv\u00e4t ota kantaa, koska he el\u00e4v\u00e4t vain nelj\u00e4n vuoden periodeja ankarassa puoluekurissa ja kannan ottaminen saattaa vaikuttaa uraan ja \u00e4\u00e4nest\u00e4jien suosioon. T\u00e4m\u00e4 on paha heikkous, koska politikkojen k\u00e4siss\u00e4 on lopulta esimerkiksi se, ettei nuorisomme joskus joutuisi mahdollisesti puolustamaan maatamme puutteellisesti varustettuina ja puutteellisin v\u00e4linein talvisodan tapaan. Onko niin, ett\u00e4 asia tulee j\u00e4\u00e4m\u00e4\u00e4n p\u00e4\u00e4asiassa alan harrastajaj\u00e4rjest\u00f6jen ja muiden is\u00e4nmaallisten kansalaisj\u00e4rjest\u00f6jen vastuulle ja teht\u00e4v\u00e4ksi?<\/p>\n<p>Sotahistoriassa ei saa, eik\u00e4 voi spekuloida. Ratkaisut on tehty ja tapahtumat ovat menneet silloisen tilanteen mukaan ja piste. Poliittisten n\u00e4kemyksien sekoittaminen erityisesti sotahistoriaan on my\u00f6s tuomittavaa. My\u00f6hemmin tehdyt arvostelut ja spekuloinnit ovat joko \u201djeesustelua\u201d tai niill\u00e4 pyrit\u00e4\u00e4n muuttamaan mielipiteit\u00e4 yleens\u00e4 hy\u00f6tytarkoituksessa.<\/p>\n<p>Viime vuosina on ilmestynyt useita julkaisuja ja jopa tutkimuksia sotien eri vaiheissa tehdyist\u00e4 ratkaisuista johtaja-arvosteluineen. N\u00e4ihin ovat l\u00e4hteneet mukaan jopa korkeat el\u00e4kkeelle j\u00e4\u00e4neet upseeritkin. T\u00e4llaiset asiat kuuluvat hyvin suppealle joukolle erityisalana, ei julkisuuteen. Samaan sarjaan kuuluvat my\u00f6s ns. dokumentit sotilaiden massamaisesta hermojen pett\u00e4misest\u00e4, valtavasta alkoholin k\u00e4yt\u00f6st\u00e4 jne. Kaikilla n\u00e4ill\u00e4 erikoisuuksilla pyrit\u00e4\u00e4n vaikuttamaan mielipiteisiin mutta varsinkin myyntilukuihin. Suuret, todelliset tapahtumat ja saavutukset j\u00e4\u00e4v\u00e4t helposti \u201dhopealle\u201d n\u00e4iden \u201dpopulistitutkimuksien\u201d rinnalla.<\/p>\n<p>Hyv\u00e4n\u00e4 esimerkkin\u00e4 erityisen paljon v\u00e4\u00e4ri\u00e4 k\u00e4sityksi\u00e4 tuottaneista teoksista ovat Paavo Rintalan romaani \u201dSissiluutnantti\u201d ja siit\u00e4 tehty elokuva \u201dSissit\u201d. Toinen ja suurin vaikuttaja on \u201dTuntematon sotilas\u201d romaanina ja tietenkin monena elokuvaversiona. Kolmannen version ohjaaja Aku Louhimies kertoi haastattelussa syyksi t\u00e4m\u00e4n version tekemiselle sen, ett\u00e4 nuoriso ei tunne sotahistoriaa. H\u00e4n piti ilmeisesti k\u00e4sikirjoitusta ja elokuvaa dokumentteina.<\/p>\n<p>N\u00e4m\u00e4 eiv\u00e4t ole dokumentteja vaan kirjoittajiensa omia, kantaaottavia n\u00e4kemyksi\u00e4. Rintala ei tuntenut sotatapahtumia ja h\u00e4n v\u00e4\u00e4risti pahasti todellisuutta sek\u00e4 kaiken lis\u00e4ksi tahrasi ymm\u00e4rt\u00e4m\u00e4tt\u00f6myytt\u00e4\u00e4n lottien mainetta.<\/p>\n<p>\u201dKansalliseepos\u201d Tuntematon sotilas on hyv\u00e4 tarina ja se sis\u00e4lt\u00e4\u00e4 monia legendaarisia sanontoja sek\u00e4 esimerkiksi erinomaisia kuvauksia soturityypeist\u00e4 ja persoonista. Mutta se on romaani.<\/p>\n<p><strong>Kuinka moni on asiaa ajatellut tai tehnyt romaania tai elokuvaa kyseenalaiseksi dokumenttina? <\/strong><\/p>\n<p>Seuraavana on muutama ote P\u00e4\u00e4majan Osasto Marttinan p\u00e4\u00e4llik\u00f6n majuri Paul Marttinan arvioinnista \u201dTuntemattomasta sotilaasta\u201d pian sen ilmestymisen j\u00e4lkeen<strong>. <\/strong><\/p>\n<p>Marttina kirjoittaa: \u201dPuhtaana mielikuvituksen tuotteena kirjaa voisi pit\u00e4\u00e4 hyvin huomattavana realistisena sotaromaanina. Edellytyksen\u00e4 kuitenkin olisi ett\u00e4 se kuvaisi jotakin olemattoman maan olematonta armeijaa. Koska n\u00e4in ei kuitenkaan ole asian laita, kaatuu koko kirjailijan rakennelma, sill\u00e4 se nojaa pett\u00e4v\u00e4\u00e4n perustaan, nimitt\u00e4in valheeseen. Valheen voisimme puhtaassa mielikuvituksen luomassa teoksessa tietenkin kuvitella kirjailijan my\u00f6t\u00e4 totuudeksi, mutta kun tekij\u00e4 on rohjennut soluttaa viekkaasti valheensa Suomen kansan niin kipe\u00e4ss\u00e4 muistissa olevien, koko olemassaoloamme viel\u00e4kin j\u00e4rkytt\u00e4vien tapahtumien puitteisiin, on h\u00e4net paljastettava ja tuomittava. Teoksesta saatava kokonaiskuva on yht\u00e4 valheellinen kuin olisi se kuva, jonka saisi t\u00e4st\u00e4 kansasta lukemalla vain sen rikosrekisteri\u00e4 tai oikeuden p\u00f6yt\u00e4kirjoja.<\/p>\n<p>Linnan sotakirjan henkil\u00f6galleriasta puuttuvat kokonaan normaalit, kurinalaiset ja vastuuntuntoiset sotamiehet, aliupseerit, upseerit, lotat ja papit. Toisin sanoen siit\u00e4 puuttuu Suomen armeija.<\/p>\n<p>N\u00e4iden tunnettujen sotilaiden sijaan on Linna esitellyt meille tuntemattoman sotilaan.<\/p>\n<p>Aika velikulta. Meinaan tuo tekij\u00e4\u201d.<\/p>\n<p>Kansallisen veteraanip\u00e4iv\u00e4n p\u00e4\u00e4henkil\u00f6it\u00e4 ovat sotiemme veteraanit. Heit\u00e4 ja heid\u00e4n kokemuksiaan sek\u00e4 saavutuksiaan me kunnioitamme t\u00e4n\u00e4 p\u00e4iv\u00e4n\u00e4. Yritt\u00e4k\u00e4\u00e4mme p\u00e4\u00e4st\u00e4 veteraanien sielunmaisemaan Arvo Ylitalon sanoin. Ne ovat kirjoituksesta Mielensis\u00e4inen muistoristi:<\/p>\n<p>\u201dMe sotiemme veteraanit olemme muistojemme sotajoukko, keskell\u00e4mme my\u00f6s he, jotka kerran kent\u00e4lle j\u00e4iv\u00e4t ja he, jotka ennen meit\u00e4 iltaansa ehtiv\u00e4t.<\/p>\n<p>Mielemme salassa olemme edelleen yht\u00e4. Yh\u00e4 marssimme Uhtualla ja Aunuksessa, yh\u00e4 odotamme aamua \u00c4\u00e4nisen rannoilla ja Inkerinmaalla, katsomme kohti etel\u00e4\u00e4 Karjalan kannaksella. Jo vanhuksina el\u00e4mme mieless\u00e4mme viimeisen taistelun muisto: palavien panssarivaunujen musta savu Siiranm\u00e4ell\u00e4, tykkien tuli-iskut \u00c4yr\u00e4p\u00e4\u00e4ss\u00e4 ja Ihantalassa, hiekkaan hukkuvien mykk\u00e4 huuto Munakukkulalla \u2013 suomalaisen olemassa olon uhanalaisella rajalla, metsiss\u00e4, merill\u00e4, maan p\u00e4\u00e4ll\u00e4 ja maan alla majaa pit\u00e4en, yhdess\u00e4 omaamme ja yhteiseen uskoen vartiopaikallamme seisoimme. Sit\u00e4 ei voi unohtaa, Se on alati uudistuva toinen minuutemme, se on mielensis\u00e4inen muistoristi, sodan kunniamerkeist\u00e4 kantajalleen kallein.<\/p>\n<p>N\u00e4emme silmiss\u00e4mme oman sotatiemme mystisen maiseman ja sen kohtalokkaat tapahtumat el\u00e4v\u00e4t v\u00e4kevin\u00e4 mielemme kuvissa. Syv\u00e4sti kokien palaamme muistoihimme ja tunnemme kerran olleen totisen l\u00e4sn\u00e4olon.<\/p>\n<p>Sodan \u00e4\u00e4net sis\u00e4ll\u00e4mme soittavat sielunmessua sankareille. Kunnia heid\u00e4n muistolleen!\u201d<\/p>\n<p>Hyv\u00e4\u00e4 kansallista veteraanip\u00e4iv\u00e4\u00e4!<\/p>\n","protected":false},"excerpt":{"rendered":"<p>Rajakapteeni Tauno Oksanen:\u00a0\u00a0TERVEHDYS KANSALLISENA VETERAANIP\u00c4IV\u00c4N\u00c4 2018 Er\u00e4s tunnettu ja suosittu muusikko kertoi pontevasti televisiossa tutustuessaan monumenttiin, johon on tallennettu kaikkien tunnettujen sodissamme menehtyneiden ihmisten nimet, ett\u00e4 h\u00e4nen mielest\u00e4\u00e4n nelj\u00e4s sukupolvi <a class=\"more-link\" href=\"http:\/\/www.rukajarvensuunnanhistoriayhdistys.fi\/historiayhdistys\/tauno-oksanen-lieksassa-kansallisena-veteraanipaivana-2018\/\">Teksti jatkuu&#8230;<span class=\"screen-reader-text\">Tauno Oksanen Lieksassa KANSALLISENA VETERAANIP\u00c4IV\u00c4N\u00c4 2018<\/span><span class=\"meta-nav\">\u2192<\/span><\/a><\/p>\n","protected":false},"author":3,"featured_media":0,"comment_status":"closed","ping_status":"open","sticky":false,"template":"","format":"standard","meta":{"footnotes":""},"categories":[22],"tags":[],"class_list":["post-12349","post","type-post","status-publish","format-standard","hentry","category-ajankohtaista"],"yoast_head":"<!-- This site is optimized with the Yoast SEO plugin v27.4 - https:\/\/yoast.com\/product\/yoast-seo-wordpress\/ -->\n<title>Tauno Oksanen Lieksassa KANSALLISENA VETERAANIP\u00c4IV\u00c4N\u00c4 2018 - Rukaj\u00e4rven suunnan historiayhdistys<\/title>\n<meta name=\"robots\" content=\"index, follow, max-snippet:-1, max-image-preview:large, max-video-preview:-1\" \/>\n<link rel=\"canonical\" href=\"http:\/\/www.rukajarvensuunnanhistoriayhdistys.fi\/historiayhdistys\/tauno-oksanen-lieksassa-kansallisena-veteraanipaivana-2018\/\" \/>\n<meta property=\"og:locale\" content=\"fi_FI\" \/>\n<meta property=\"og:type\" content=\"article\" \/>\n<meta property=\"og:title\" content=\"Tauno Oksanen Lieksassa KANSALLISENA VETERAANIP\u00c4IV\u00c4N\u00c4 2018 - Rukaj\u00e4rven suunnan historiayhdistys\" \/>\n<meta property=\"og:description\" content=\"Rajakapteeni Tauno Oksanen:\u00a0\u00a0TERVEHDYS KANSALLISENA VETERAANIP\u00c4IV\u00c4N\u00c4 2018 Er\u00e4s tunnettu ja suosittu muusikko kertoi pontevasti televisiossa tutustuessaan monumenttiin, johon on tallennettu kaikkien tunnettujen sodissamme menehtyneiden ihmisten nimet, ett\u00e4 h\u00e4nen mielest\u00e4\u00e4n nelj\u00e4s sukupolvi Teksti jatkuu...Tauno Oksanen Lieksassa KANSALLISENA VETERAANIP\u00c4IV\u00c4N\u00c4 2018\u2192\" \/>\n<meta property=\"og:url\" content=\"http:\/\/www.rukajarvensuunnanhistoriayhdistys.fi\/historiayhdistys\/tauno-oksanen-lieksassa-kansallisena-veteraanipaivana-2018\/\" \/>\n<meta property=\"og:site_name\" content=\"Rukaj\u00e4rven suunnan historiayhdistys\" \/>\n<meta property=\"article:published_time\" content=\"2018-04-26T21:01:09+00:00\" \/>\n<meta property=\"og:image\" content=\"http:\/\/www.rukajarvensuunnanhistoriayhdistys.fi\/historiayhdistys\/wp-content\/uploads\/2017\/03\/Okanen-12-3-2017.jpg\" \/>\n<meta name=\"author\" content=\"RSHY\" \/>\n<meta name=\"twitter:label1\" content=\"Kirjoittanut\" \/>\n\t<meta name=\"twitter:data1\" content=\"RSHY\" \/>\n\t<meta name=\"twitter:label2\" content=\"Arvioitu lukuaika\" \/>\n\t<meta name=\"twitter:data2\" content=\"6 minuuttia\" \/>\n<script type=\"application\/ld+json\" class=\"yoast-schema-graph\">{\"@context\":\"https:\\\/\\\/schema.org\",\"@graph\":[{\"@type\":\"Article\",\"@id\":\"http:\\\/\\\/www.rukajarvensuunnanhistoriayhdistys.fi\\\/historiayhdistys\\\/tauno-oksanen-lieksassa-kansallisena-veteraanipaivana-2018\\\/#article\",\"isPartOf\":{\"@id\":\"http:\\\/\\\/www.rukajarvensuunnanhistoriayhdistys.fi\\\/historiayhdistys\\\/tauno-oksanen-lieksassa-kansallisena-veteraanipaivana-2018\\\/\"},\"author\":{\"name\":\"RSHY\",\"@id\":\"http:\\\/\\\/www.rukajarvensuunnanhistoriayhdistys.fi\\\/historiayhdistys\\\/#\\\/schema\\\/person\\\/19de7db68bf72dfd2b5d7f6dfbf8454d\"},\"headline\":\"Tauno Oksanen Lieksassa KANSALLISENA VETERAANIP\u00c4IV\u00c4N\u00c4 2018\",\"datePublished\":\"2018-04-26T21:01:09+00:00\",\"mainEntityOfPage\":{\"@id\":\"http:\\\/\\\/www.rukajarvensuunnanhistoriayhdistys.fi\\\/historiayhdistys\\\/tauno-oksanen-lieksassa-kansallisena-veteraanipaivana-2018\\\/\"},\"wordCount\":1181,\"publisher\":{\"@id\":\"http:\\\/\\\/www.rukajarvensuunnanhistoriayhdistys.fi\\\/historiayhdistys\\\/#organization\"},\"image\":{\"@id\":\"http:\\\/\\\/www.rukajarvensuunnanhistoriayhdistys.fi\\\/historiayhdistys\\\/tauno-oksanen-lieksassa-kansallisena-veteraanipaivana-2018\\\/#primaryimage\"},\"thumbnailUrl\":\"http:\\\/\\\/www.rukajarvensuunnanhistoriayhdistys.fi\\\/historiayhdistys\\\/wp-content\\\/uploads\\\/2017\\\/03\\\/Okanen-12-3-2017.jpg\",\"articleSection\":[\"Ajankohtaista\"],\"inLanguage\":\"fi\"},{\"@type\":\"WebPage\",\"@id\":\"http:\\\/\\\/www.rukajarvensuunnanhistoriayhdistys.fi\\\/historiayhdistys\\\/tauno-oksanen-lieksassa-kansallisena-veteraanipaivana-2018\\\/\",\"url\":\"http:\\\/\\\/www.rukajarvensuunnanhistoriayhdistys.fi\\\/historiayhdistys\\\/tauno-oksanen-lieksassa-kansallisena-veteraanipaivana-2018\\\/\",\"name\":\"Tauno Oksanen Lieksassa KANSALLISENA VETERAANIP\u00c4IV\u00c4N\u00c4 2018 - Rukaj\u00e4rven suunnan historiayhdistys\",\"isPartOf\":{\"@id\":\"http:\\\/\\\/www.rukajarvensuunnanhistoriayhdistys.fi\\\/historiayhdistys\\\/#website\"},\"primaryImageOfPage\":{\"@id\":\"http:\\\/\\\/www.rukajarvensuunnanhistoriayhdistys.fi\\\/historiayhdistys\\\/tauno-oksanen-lieksassa-kansallisena-veteraanipaivana-2018\\\/#primaryimage\"},\"image\":{\"@id\":\"http:\\\/\\\/www.rukajarvensuunnanhistoriayhdistys.fi\\\/historiayhdistys\\\/tauno-oksanen-lieksassa-kansallisena-veteraanipaivana-2018\\\/#primaryimage\"},\"thumbnailUrl\":\"http:\\\/\\\/www.rukajarvensuunnanhistoriayhdistys.fi\\\/historiayhdistys\\\/wp-content\\\/uploads\\\/2017\\\/03\\\/Okanen-12-3-2017.jpg\",\"datePublished\":\"2018-04-26T21:01:09+00:00\",\"breadcrumb\":{\"@id\":\"http:\\\/\\\/www.rukajarvensuunnanhistoriayhdistys.fi\\\/historiayhdistys\\\/tauno-oksanen-lieksassa-kansallisena-veteraanipaivana-2018\\\/#breadcrumb\"},\"inLanguage\":\"fi\",\"potentialAction\":[{\"@type\":\"ReadAction\",\"target\":[\"http:\\\/\\\/www.rukajarvensuunnanhistoriayhdistys.fi\\\/historiayhdistys\\\/tauno-oksanen-lieksassa-kansallisena-veteraanipaivana-2018\\\/\"]}]},{\"@type\":\"ImageObject\",\"inLanguage\":\"fi\",\"@id\":\"http:\\\/\\\/www.rukajarvensuunnanhistoriayhdistys.fi\\\/historiayhdistys\\\/tauno-oksanen-lieksassa-kansallisena-veteraanipaivana-2018\\\/#primaryimage\",\"url\":\"http:\\\/\\\/www.rukajarvensuunnanhistoriayhdistys.fi\\\/historiayhdistys\\\/wp-content\\\/uploads\\\/2017\\\/03\\\/Okanen-12-3-2017.jpg\",\"contentUrl\":\"http:\\\/\\\/www.rukajarvensuunnanhistoriayhdistys.fi\\\/historiayhdistys\\\/wp-content\\\/uploads\\\/2017\\\/03\\\/Okanen-12-3-2017.jpg\",\"width\":4592,\"height\":3056,\"caption\":\"Sotahistorioitsija, rajakapteeni Tauno Oksanen on my\u00f6s Pentti Perttulin pitk\u00e4aikainen l\u00e4heinen yst\u00e4v\u00e4.\"},{\"@type\":\"BreadcrumbList\",\"@id\":\"http:\\\/\\\/www.rukajarvensuunnanhistoriayhdistys.fi\\\/historiayhdistys\\\/tauno-oksanen-lieksassa-kansallisena-veteraanipaivana-2018\\\/#breadcrumb\",\"itemListElement\":[{\"@type\":\"ListItem\",\"position\":1,\"name\":\"Etusivu\",\"item\":\"http:\\\/\\\/www.rukajarvensuunnanhistoriayhdistys.fi\\\/historiayhdistys\\\/\"},{\"@type\":\"ListItem\",\"position\":2,\"name\":\"Tauno Oksanen Lieksassa KANSALLISENA VETERAANIP\u00c4IV\u00c4N\u00c4 2018\"}]},{\"@type\":\"WebSite\",\"@id\":\"http:\\\/\\\/www.rukajarvensuunnanhistoriayhdistys.fi\\\/historiayhdistys\\\/#website\",\"url\":\"http:\\\/\\\/www.rukajarvensuunnanhistoriayhdistys.fi\\\/historiayhdistys\\\/\",\"name\":\"Rukaj\u00e4rven suunnan historiayhdistys\",\"description\":\"Rukaj\u00e4rven suunnan historiayhdistyksen verkkosivut.\",\"publisher\":{\"@id\":\"http:\\\/\\\/www.rukajarvensuunnanhistoriayhdistys.fi\\\/historiayhdistys\\\/#organization\"},\"potentialAction\":[{\"@type\":\"SearchAction\",\"target\":{\"@type\":\"EntryPoint\",\"urlTemplate\":\"http:\\\/\\\/www.rukajarvensuunnanhistoriayhdistys.fi\\\/historiayhdistys\\\/?s={search_term_string}\"},\"query-input\":{\"@type\":\"PropertyValueSpecification\",\"valueRequired\":true,\"valueName\":\"search_term_string\"}}],\"inLanguage\":\"fi\"},{\"@type\":\"Organization\",\"@id\":\"http:\\\/\\\/www.rukajarvensuunnanhistoriayhdistys.fi\\\/historiayhdistys\\\/#organization\",\"name\":\"Rukaj\u00e4rven suunnan historiayhdistys\",\"url\":\"http:\\\/\\\/www.rukajarvensuunnanhistoriayhdistys.fi\\\/historiayhdistys\\\/\",\"logo\":{\"@type\":\"ImageObject\",\"inLanguage\":\"fi\",\"@id\":\"http:\\\/\\\/www.rukajarvensuunnanhistoriayhdistys.fi\\\/historiayhdistys\\\/#\\\/schema\\\/logo\\\/image\\\/\",\"url\":\"http:\\\/\\\/www.rukajarvensuunnanhistoriayhdistys.fi\\\/historiayhdistys\\\/wp-content\\\/uploads\\\/2013\\\/12\\\/Otsake_3.jpg\",\"contentUrl\":\"http:\\\/\\\/www.rukajarvensuunnanhistoriayhdistys.fi\\\/historiayhdistys\\\/wp-content\\\/uploads\\\/2013\\\/12\\\/Otsake_3.jpg\",\"width\":1000,\"height\":442,\"caption\":\"Rukaj\u00e4rven suunnan historiayhdistys\"},\"image\":{\"@id\":\"http:\\\/\\\/www.rukajarvensuunnanhistoriayhdistys.fi\\\/historiayhdistys\\\/#\\\/schema\\\/logo\\\/image\\\/\"}},{\"@type\":\"Person\",\"@id\":\"http:\\\/\\\/www.rukajarvensuunnanhistoriayhdistys.fi\\\/historiayhdistys\\\/#\\\/schema\\\/person\\\/19de7db68bf72dfd2b5d7f6dfbf8454d\",\"name\":\"RSHY\",\"image\":{\"@type\":\"ImageObject\",\"inLanguage\":\"fi\",\"@id\":\"https:\\\/\\\/secure.gravatar.com\\\/avatar\\\/598d59263a69cc8de65fcb4f9db78d6f58c098cb0e0ba22d73377441af9fa04c?s=96&d=blank&r=g\",\"url\":\"https:\\\/\\\/secure.gravatar.com\\\/avatar\\\/598d59263a69cc8de65fcb4f9db78d6f58c098cb0e0ba22d73377441af9fa04c?s=96&d=blank&r=g\",\"contentUrl\":\"https:\\\/\\\/secure.gravatar.com\\\/avatar\\\/598d59263a69cc8de65fcb4f9db78d6f58c098cb0e0ba22d73377441af9fa04c?s=96&d=blank&r=g\",\"caption\":\"RSHY\"},\"url\":\"http:\\\/\\\/www.rukajarvensuunnanhistoriayhdistys.fi\\\/historiayhdistys\\\/author\\\/rshy\\\/\"}]}<\/script>\n<!-- \/ Yoast SEO plugin. -->","yoast_head_json":{"title":"Tauno Oksanen Lieksassa KANSALLISENA VETERAANIP\u00c4IV\u00c4N\u00c4 2018 - Rukaj\u00e4rven suunnan historiayhdistys","robots":{"index":"index","follow":"follow","max-snippet":"max-snippet:-1","max-image-preview":"max-image-preview:large","max-video-preview":"max-video-preview:-1"},"canonical":"http:\/\/www.rukajarvensuunnanhistoriayhdistys.fi\/historiayhdistys\/tauno-oksanen-lieksassa-kansallisena-veteraanipaivana-2018\/","og_locale":"fi_FI","og_type":"article","og_title":"Tauno Oksanen Lieksassa KANSALLISENA VETERAANIP\u00c4IV\u00c4N\u00c4 2018 - Rukaj\u00e4rven suunnan historiayhdistys","og_description":"Rajakapteeni Tauno Oksanen:\u00a0\u00a0TERVEHDYS KANSALLISENA VETERAANIP\u00c4IV\u00c4N\u00c4 2018 Er\u00e4s tunnettu ja suosittu muusikko kertoi pontevasti televisiossa tutustuessaan monumenttiin, johon on tallennettu kaikkien tunnettujen sodissamme menehtyneiden ihmisten nimet, ett\u00e4 h\u00e4nen mielest\u00e4\u00e4n nelj\u00e4s sukupolvi Teksti jatkuu...Tauno Oksanen Lieksassa KANSALLISENA VETERAANIP\u00c4IV\u00c4N\u00c4 2018\u2192","og_url":"http:\/\/www.rukajarvensuunnanhistoriayhdistys.fi\/historiayhdistys\/tauno-oksanen-lieksassa-kansallisena-veteraanipaivana-2018\/","og_site_name":"Rukaj\u00e4rven suunnan historiayhdistys","article_published_time":"2018-04-26T21:01:09+00:00","og_image":[{"url":"http:\/\/www.rukajarvensuunnanhistoriayhdistys.fi\/historiayhdistys\/wp-content\/uploads\/2017\/03\/Okanen-12-3-2017.jpg","type":"","width":"","height":""}],"author":"RSHY","twitter_misc":{"Kirjoittanut":"RSHY","Arvioitu lukuaika":"6 minuuttia"},"schema":{"@context":"https:\/\/schema.org","@graph":[{"@type":"Article","@id":"http:\/\/www.rukajarvensuunnanhistoriayhdistys.fi\/historiayhdistys\/tauno-oksanen-lieksassa-kansallisena-veteraanipaivana-2018\/#article","isPartOf":{"@id":"http:\/\/www.rukajarvensuunnanhistoriayhdistys.fi\/historiayhdistys\/tauno-oksanen-lieksassa-kansallisena-veteraanipaivana-2018\/"},"author":{"name":"RSHY","@id":"http:\/\/www.rukajarvensuunnanhistoriayhdistys.fi\/historiayhdistys\/#\/schema\/person\/19de7db68bf72dfd2b5d7f6dfbf8454d"},"headline":"Tauno Oksanen Lieksassa KANSALLISENA VETERAANIP\u00c4IV\u00c4N\u00c4 2018","datePublished":"2018-04-26T21:01:09+00:00","mainEntityOfPage":{"@id":"http:\/\/www.rukajarvensuunnanhistoriayhdistys.fi\/historiayhdistys\/tauno-oksanen-lieksassa-kansallisena-veteraanipaivana-2018\/"},"wordCount":1181,"publisher":{"@id":"http:\/\/www.rukajarvensuunnanhistoriayhdistys.fi\/historiayhdistys\/#organization"},"image":{"@id":"http:\/\/www.rukajarvensuunnanhistoriayhdistys.fi\/historiayhdistys\/tauno-oksanen-lieksassa-kansallisena-veteraanipaivana-2018\/#primaryimage"},"thumbnailUrl":"http:\/\/www.rukajarvensuunnanhistoriayhdistys.fi\/historiayhdistys\/wp-content\/uploads\/2017\/03\/Okanen-12-3-2017.jpg","articleSection":["Ajankohtaista"],"inLanguage":"fi"},{"@type":"WebPage","@id":"http:\/\/www.rukajarvensuunnanhistoriayhdistys.fi\/historiayhdistys\/tauno-oksanen-lieksassa-kansallisena-veteraanipaivana-2018\/","url":"http:\/\/www.rukajarvensuunnanhistoriayhdistys.fi\/historiayhdistys\/tauno-oksanen-lieksassa-kansallisena-veteraanipaivana-2018\/","name":"Tauno Oksanen Lieksassa KANSALLISENA VETERAANIP\u00c4IV\u00c4N\u00c4 2018 - Rukaj\u00e4rven suunnan historiayhdistys","isPartOf":{"@id":"http:\/\/www.rukajarvensuunnanhistoriayhdistys.fi\/historiayhdistys\/#website"},"primaryImageOfPage":{"@id":"http:\/\/www.rukajarvensuunnanhistoriayhdistys.fi\/historiayhdistys\/tauno-oksanen-lieksassa-kansallisena-veteraanipaivana-2018\/#primaryimage"},"image":{"@id":"http:\/\/www.rukajarvensuunnanhistoriayhdistys.fi\/historiayhdistys\/tauno-oksanen-lieksassa-kansallisena-veteraanipaivana-2018\/#primaryimage"},"thumbnailUrl":"http:\/\/www.rukajarvensuunnanhistoriayhdistys.fi\/historiayhdistys\/wp-content\/uploads\/2017\/03\/Okanen-12-3-2017.jpg","datePublished":"2018-04-26T21:01:09+00:00","breadcrumb":{"@id":"http:\/\/www.rukajarvensuunnanhistoriayhdistys.fi\/historiayhdistys\/tauno-oksanen-lieksassa-kansallisena-veteraanipaivana-2018\/#breadcrumb"},"inLanguage":"fi","potentialAction":[{"@type":"ReadAction","target":["http:\/\/www.rukajarvensuunnanhistoriayhdistys.fi\/historiayhdistys\/tauno-oksanen-lieksassa-kansallisena-veteraanipaivana-2018\/"]}]},{"@type":"ImageObject","inLanguage":"fi","@id":"http:\/\/www.rukajarvensuunnanhistoriayhdistys.fi\/historiayhdistys\/tauno-oksanen-lieksassa-kansallisena-veteraanipaivana-2018\/#primaryimage","url":"http:\/\/www.rukajarvensuunnanhistoriayhdistys.fi\/historiayhdistys\/wp-content\/uploads\/2017\/03\/Okanen-12-3-2017.jpg","contentUrl":"http:\/\/www.rukajarvensuunnanhistoriayhdistys.fi\/historiayhdistys\/wp-content\/uploads\/2017\/03\/Okanen-12-3-2017.jpg","width":4592,"height":3056,"caption":"Sotahistorioitsija, rajakapteeni Tauno Oksanen on my\u00f6s Pentti Perttulin pitk\u00e4aikainen l\u00e4heinen yst\u00e4v\u00e4."},{"@type":"BreadcrumbList","@id":"http:\/\/www.rukajarvensuunnanhistoriayhdistys.fi\/historiayhdistys\/tauno-oksanen-lieksassa-kansallisena-veteraanipaivana-2018\/#breadcrumb","itemListElement":[{"@type":"ListItem","position":1,"name":"Etusivu","item":"http:\/\/www.rukajarvensuunnanhistoriayhdistys.fi\/historiayhdistys\/"},{"@type":"ListItem","position":2,"name":"Tauno Oksanen Lieksassa KANSALLISENA VETERAANIP\u00c4IV\u00c4N\u00c4 2018"}]},{"@type":"WebSite","@id":"http:\/\/www.rukajarvensuunnanhistoriayhdistys.fi\/historiayhdistys\/#website","url":"http:\/\/www.rukajarvensuunnanhistoriayhdistys.fi\/historiayhdistys\/","name":"Rukaj\u00e4rven suunnan historiayhdistys","description":"Rukaj\u00e4rven suunnan historiayhdistyksen verkkosivut.","publisher":{"@id":"http:\/\/www.rukajarvensuunnanhistoriayhdistys.fi\/historiayhdistys\/#organization"},"potentialAction":[{"@type":"SearchAction","target":{"@type":"EntryPoint","urlTemplate":"http:\/\/www.rukajarvensuunnanhistoriayhdistys.fi\/historiayhdistys\/?s={search_term_string}"},"query-input":{"@type":"PropertyValueSpecification","valueRequired":true,"valueName":"search_term_string"}}],"inLanguage":"fi"},{"@type":"Organization","@id":"http:\/\/www.rukajarvensuunnanhistoriayhdistys.fi\/historiayhdistys\/#organization","name":"Rukaj\u00e4rven suunnan historiayhdistys","url":"http:\/\/www.rukajarvensuunnanhistoriayhdistys.fi\/historiayhdistys\/","logo":{"@type":"ImageObject","inLanguage":"fi","@id":"http:\/\/www.rukajarvensuunnanhistoriayhdistys.fi\/historiayhdistys\/#\/schema\/logo\/image\/","url":"http:\/\/www.rukajarvensuunnanhistoriayhdistys.fi\/historiayhdistys\/wp-content\/uploads\/2013\/12\/Otsake_3.jpg","contentUrl":"http:\/\/www.rukajarvensuunnanhistoriayhdistys.fi\/historiayhdistys\/wp-content\/uploads\/2013\/12\/Otsake_3.jpg","width":1000,"height":442,"caption":"Rukaj\u00e4rven suunnan historiayhdistys"},"image":{"@id":"http:\/\/www.rukajarvensuunnanhistoriayhdistys.fi\/historiayhdistys\/#\/schema\/logo\/image\/"}},{"@type":"Person","@id":"http:\/\/www.rukajarvensuunnanhistoriayhdistys.fi\/historiayhdistys\/#\/schema\/person\/19de7db68bf72dfd2b5d7f6dfbf8454d","name":"RSHY","image":{"@type":"ImageObject","inLanguage":"fi","@id":"https:\/\/secure.gravatar.com\/avatar\/598d59263a69cc8de65fcb4f9db78d6f58c098cb0e0ba22d73377441af9fa04c?s=96&d=blank&r=g","url":"https:\/\/secure.gravatar.com\/avatar\/598d59263a69cc8de65fcb4f9db78d6f58c098cb0e0ba22d73377441af9fa04c?s=96&d=blank&r=g","contentUrl":"https:\/\/secure.gravatar.com\/avatar\/598d59263a69cc8de65fcb4f9db78d6f58c098cb0e0ba22d73377441af9fa04c?s=96&d=blank&r=g","caption":"RSHY"},"url":"http:\/\/www.rukajarvensuunnanhistoriayhdistys.fi\/historiayhdistys\/author\/rshy\/"}]}},"_links":{"self":[{"href":"http:\/\/www.rukajarvensuunnanhistoriayhdistys.fi\/historiayhdistys\/wp-json\/wp\/v2\/posts\/12349","targetHints":{"allow":["GET"]}}],"collection":[{"href":"http:\/\/www.rukajarvensuunnanhistoriayhdistys.fi\/historiayhdistys\/wp-json\/wp\/v2\/posts"}],"about":[{"href":"http:\/\/www.rukajarvensuunnanhistoriayhdistys.fi\/historiayhdistys\/wp-json\/wp\/v2\/types\/post"}],"author":[{"embeddable":true,"href":"http:\/\/www.rukajarvensuunnanhistoriayhdistys.fi\/historiayhdistys\/wp-json\/wp\/v2\/users\/3"}],"replies":[{"embeddable":true,"href":"http:\/\/www.rukajarvensuunnanhistoriayhdistys.fi\/historiayhdistys\/wp-json\/wp\/v2\/comments?post=12349"}],"version-history":[{"count":1,"href":"http:\/\/www.rukajarvensuunnanhistoriayhdistys.fi\/historiayhdistys\/wp-json\/wp\/v2\/posts\/12349\/revisions"}],"predecessor-version":[{"id":12350,"href":"http:\/\/www.rukajarvensuunnanhistoriayhdistys.fi\/historiayhdistys\/wp-json\/wp\/v2\/posts\/12349\/revisions\/12350"}],"wp:attachment":[{"href":"http:\/\/www.rukajarvensuunnanhistoriayhdistys.fi\/historiayhdistys\/wp-json\/wp\/v2\/media?parent=12349"}],"wp:term":[{"taxonomy":"category","embeddable":true,"href":"http:\/\/www.rukajarvensuunnanhistoriayhdistys.fi\/historiayhdistys\/wp-json\/wp\/v2\/categories?post=12349"},{"taxonomy":"post_tag","embeddable":true,"href":"http:\/\/www.rukajarvensuunnanhistoriayhdistys.fi\/historiayhdistys\/wp-json\/wp\/v2\/tags?post=12349"}],"curies":[{"name":"wp","href":"https:\/\/api.w.org\/{rel}","templated":true}]}}