{"id":12380,"date":"2018-04-28T12:00:33","date_gmt":"2018-04-28T09:00:33","guid":{"rendered":"http:\/\/www.rukajarvensuunnanhistoriayhdistys.fi\/historiayhdistys\/?p=12380"},"modified":"2018-04-28T15:39:51","modified_gmt":"2018-04-28T12:39:51","slug":"rukajarviyhteiso-onnitteli-100-vuotiasta-eino-syrjaniemea","status":"publish","type":"post","link":"http:\/\/www.rukajarvensuunnanhistoriayhdistys.fi\/historiayhdistys\/rukajarviyhteiso-onnitteli-100-vuotiasta-eino-syrjaniemea\/","title":{"rendered":"Rukaj\u00e4rviyhteis\u00f6 onnitteli 100-vuotiasta Eino Syrj\u00e4nieme\u00e4"},"content":{"rendered":"<div class=\"fcbkbttn_buttons_block\" id=\"fcbkbttn_left\"><div class=\"fcbkbttn_like \"><fb:like href=\"http:\/\/www.rukajarvensuunnanhistoriayhdistys.fi\/historiayhdistys\/rukajarviyhteiso-onnitteli-100-vuotiasta-eino-syrjaniemea\/\" action=\"like\" colorscheme=\"light\" layout=\"button_count\"  size=\"small\"><\/fb:like><\/div><\/div><p>Tenho Tikkanen Eino Syrj\u00e4niemen\u00a0 100-vuotisjuhlassa 28.4.2018:<\/p>\n<figure id=\"attachment_12382\" aria-describedby=\"caption-attachment-12382\" style=\"width: 1008px\" class=\"wp-caption aligncenter\"><a href=\"http:\/\/www.rukajarvensuunnanhistoriayhdistys.fi\/historiayhdistys\/rukajarviyhteiso-onnitteli-100-vuotiasta-eino-syrjaniemea\/eino-syrja%cc%88niemi3-2\/\" rel=\"attachment wp-att-12382\"><img loading=\"lazy\" decoding=\"async\" class=\"size-full wp-image-12382\" src=\"http:\/\/www.rukajarvensuunnanhistoriayhdistys.fi\/historiayhdistys\/wp-content\/uploads\/2018\/04\/Eino-Syrja\u0308niemi3-2.jpg\" alt=\"\" width=\"1008\" height=\"1509\" data-id=\"12382\" srcset=\"http:\/\/www.rukajarvensuunnanhistoriayhdistys.fi\/historiayhdistys\/wp-content\/uploads\/2018\/04\/Eino-Syrja\u0308niemi3-2.jpg 1008w, http:\/\/www.rukajarvensuunnanhistoriayhdistys.fi\/historiayhdistys\/wp-content\/uploads\/2018\/04\/Eino-Syrja\u0308niemi3-2-200x300.jpg 200w, http:\/\/www.rukajarvensuunnanhistoriayhdistys.fi\/historiayhdistys\/wp-content\/uploads\/2018\/04\/Eino-Syrja\u0308niemi3-2-768x1150.jpg 768w, http:\/\/www.rukajarvensuunnanhistoriayhdistys.fi\/historiayhdistys\/wp-content\/uploads\/2018\/04\/Eino-Syrja\u0308niemi3-2-684x1024.jpg 684w\" sizes=\"auto, (max-width: 1008px) 100vw, 1008px\" \/><\/a><figcaption id=\"caption-attachment-12382\" class=\"wp-caption-text\">Eino Syrj\u00e4niemi (s. 25.4.1918) juhli 100-vuotissyntym\u00e4p\u00e4iv\u00e4\u00e4ns\u00e4 Haapaj\u00e4rvell\u00e4 28.4.2018.<\/figcaption><\/figure>\n<p>Arvoisa 100-vuotias Rukaj\u00e4rven veteraani, hyv\u00e4t juhlavieraat.<\/p>\n<p>Olemme suurella joukolla saapuneet tervehtim\u00e4\u00e4n ja onnittelemaan Teit\u00e4, Rukaj\u00e4rven veteraani Eino Syrj\u00e4niemi, 100-vuotisp\u00e4iv\u00e4n\u00e4nne. Tuon Rukaj\u00e4rven suunnan historiikkitoimikunnan, historiayhdistyksemme ja monien Rukaj\u00e4rven veteraanien onnittelut ja terveiset.<\/p>\n<p>Arvoisa veteraani. Elinvuosiinne sis\u00e4ltyy monta itse koettua sotaa. Talvisodassa 3.\/ErP 10:n joukoissa osallistuitte Aittojoen ja Kivij\u00e4rven taisteluihin ja Jatkosodassa Rukaj\u00e4rven rintamalla meno olikin kovin vauhdikasta alusta pit\u00e4en monien vuosien ajan. Tunnette Tsirkka-Kemijoen, Pismajoen, Ontrosenvaaran, Rukaj\u00e4rven ja Ontaj\u00e4rven taistelut ja viel\u00e4 aivan sodan lopulla osallistuitte Kostamus-Kontokin taisteluihin. Teille tulivat tutuiksi poikkeukselliset er\u00e4maasodan taistelut Euroopan suurimman asumattoman salon, Piening\u00e4n salon, takana\u00a0 Rukaj\u00e4rvell\u00e4 per\u00e4ti 290 km levyisell\u00e4 rintamalla.<\/p>\n<p>Koko Rukaj\u00e4rven sotahistoriayhteis\u00f6mme puolesta kiit\u00e4n Teit\u00e4 vuosi sitten antamastanne haastattelusta, mink\u00e4 olemme tallentaneet digiarkistoomme.<\/p>\n<p>Tapasimme yhdistyksemme hallinnoimassa Iisalmen Rukaj\u00e4rvi-keskuksessa 14.1.2017.\u00a0 Tuona p\u00e4iv\u00e4n\u00e4 Muurmannin partioretkelle l\u00e4hd\u00f6st\u00e4 oli kulunut tarkalleen 75 vuotta. Haastattelussa kerroitte mm. osallistumisestanne t\u00e4lle Suomen armeijan miesvahvuudeltaan suurimmalle partiomatkalle. Partio hiihti kovassa pakkasessa, paksussa lumessa Murmannin radalle. Teid\u00e4n ja Rajapataljoonan urakka oli muita vaativampi, koska l\u00e4ht\u00f6nne tapahtui Rukaj\u00e4rven kyl\u00e4n liepeilt\u00e4, josta hiihditte ensin Ontaj\u00e4rvelle. Aseveljenne Pentti Perttuli, joka toimi retkenne suuntapartion johtajana, kertoo muistelmissaan, ett\u00e4 matkaa kertyi per\u00e4ti 330 km. Pakkanen kiristyi matkan aikana 50 asteen tienoille ja erityisesti paluumatkalla v\u00e4symys painoi miehi\u00e4, mik\u00e4 omalta osaltaan lis\u00e4si paleltumia. Retkelle osallistui kaikkiaan 1924 miest\u00e4 ja 268 hevosta.<\/p>\n<p>Aivan Jatkosodan lopulla jouduitte viel\u00e4 kovan paikan eteen. Vihollinen suunnitteli hy\u00f6kk\u00e4\u00e4v\u00e4ns\u00e4 Kostamus-Kontoki-linjalle syyskuun alussa 1944. Vihollisen divisioona rakensi huoltotiet\u00e4 synkk\u00e4\u00e4n korpeen pikavauhtia. Vihollisen tarkoituksena oli edet\u00e4 maahamme Kuhmon korkeudella. Juuri aselevon solmimisen kynnyksell\u00e4 4.9.1944 vihollisen k\u00e4rkijoukot olivat saavuttaneet Rajapataljoonan etulinjan. Odotettavissa oli ep\u00e4toivoinen taistelu, yksi pataljoona vastaan vihollisen divisioona, 1000 miest\u00e4 vastaan v\u00e4hint\u00e4\u00e4n 7.500 &#8211; 10.000 miest\u00e4. Mik\u00e4li aselepoa ei olisi syntynyt, Rajapataljoonan, jossa taistelitte, \u00a0tappiot olisivat olleet raskaat.<\/p>\n<p>Syntyess\u00e4nne 25.4.1918 \u00a0k\u00e4til\u00f6 oli sit\u00e4 mielt\u00e4, ett\u00e4 &#8221;Eino ei selviydy&#8221;. Sodissa olitte monesti kovissa paikoissa. Kaikesta olette kuitenkin selviytynyt hyvin ja olette edelleen huippukunnossa.<\/p>\n<p>Sodan j\u00e4lkeen paneuduitte katkeroitumatta maamme hyvinvoinnin rakennusty\u00f6h\u00f6n. Musiikki oli jo silloin l\u00e4hell\u00e4 syd\u00e4nt\u00e4nne. Koulutitte itsenne kanttori-urkuriksi ja viel\u00e4 t\u00e4n\u00e4 p\u00e4iv\u00e4n\u00e4kin soitto ja laulu sujuvat hienosti.<\/p>\n<p>Kerroitte, ett\u00e4 sotien aikana ette nukkunut yht\u00e4\u00e4n t\u00e4ytt\u00e4 y\u00f6t\u00e4, mutta nyt voitte nukkua vaikkapa p\u00e4iv\u00e4ll\u00e4. Totesitte, ett\u00e4 hyvinvointi nykysuomessa tuntuu sota-ajan kokeneesta veteraanista tosi ylelliselt\u00e4.<\/p>\n<p>Lastenne tuen my\u00f6t\u00e4 asutte viel\u00e4 100-vuotiaana omakotitalossanne ja l\u00e4mmit\u00e4tte itse rakentamaanne taloa pilkkomillanne puilla. Olette omin k\u00e4sin valmistanut my\u00f6s kotinne huonekalut. Kaikkien kovien kokemustenne j\u00e4lkeen olette s\u00e4ilytt\u00e4nyt valoisan el\u00e4m\u00e4nasenteenne. Te viihdytte kodissanne ja varmasti voitte yhty\u00e4 laulun sanoihin: &#8221;<a href=\"https:\/\/www.youtube.com\/watch?v=KB12-z-8wLg\">Tied\u00e4n paikan armahan, rauhallisen ihanan, jossa olo onnekas, elo tyyni suojakas.<\/a>&#8221; Sellaisen paikan ja turvan olette rakentanut my\u00f6s lapsillenne. Uskon, ett\u00e4 el\u00e4m\u00e4nkokemuksenne auttaa meit\u00e4 kaikkia paremmin asettamaan arvot paikalleen. Arvot, mitk\u00e4 Teille ovat luoneet uskoa ihmisiin ja tulevaisuuteen. On kannattanut tehd\u00e4 ty\u00f6t\u00e4, ett\u00e4 voi nukkua omassa kodissa ansaitsemassaan rauhassa. Toivoitte antamassanne haastattelussa rauhan ulottuvan maailman \u00e4\u00e4riin.<\/p>\n<p>Sodan p\u00e4\u00e4tytty\u00e4 Rajapataljoona ylitti Suomen rajan nykyisen Vartiuksen rajanylityspaikan etel\u00e4puolella Kiimavaarassa 7.9.1944. My\u00f6hemmin kunnioitettu komentajanne piti Repolassa sodasta palaaville joukoilleen puheen. Siin\u00e4 h\u00e4n esitti kiitoksensa:<\/p>\n<p>&#8221;Min\u00e4 uskallan toivoa, ett\u00e4 s\u00e4ilyt\u00e4tte saman kunniakkaan nimen, jonka joukkomme t\u00e4\u00e4ll\u00e4 ovat saavuttaneet. Pit\u00e4k\u00e4\u00e4 huolta itsest\u00e4nne, pit\u00e4k\u00e4\u00e4 itsenne kurissa. Jos siihen pystytte, olette niit\u00e4, joita kansa tarvitsee.&#8221; \u00a0Sen kunniakkaan nimen velvoittamana halusitte antaa Rukaj\u00e4rven suunnan veteraanina yhdistyksellemme haastattelun.<\/p>\n<p>Parhaiten kunnioitamme Teid\u00e4n veteraanien maamme itsen\u00e4isyyden puolesta tekem\u00e4\u00e4nne ty\u00f6t\u00e4 huolehtimalla siit\u00e4, ett\u00e4 kertomuksenne tallentuvat j\u00e4lkipolville. <strong>Te tied\u00e4tte, mit\u00e4 velvollisuus ja Is\u00e4nmaan puolustaminen on tosipaikan tullen. Se vaatii uhrauksia, mutta se on my\u00f6s sovittelua ja sopimusten pit\u00e4mist\u00e4 sek\u00e4 kovaa ty\u00f6t\u00e4 Is\u00e4nmaan hyv\u00e4ksi. Sen Te olette komentajanne sanojen mukaisesti kirjaimellisesti meille nuoremmille sukupolville opettaneet. Me yrit\u00e4mme olla luottamuksenne arvoisia ja suurella kunnioituksella toteuttaa toiveenne.<\/strong><\/p>\n<p>Te Rukaj\u00e4rven suunnan miehet ette olleet mik\u00e4 tahansa joukko, vaan ainut joukko-osasto koko Mustalta merelt\u00e4 J\u00e4\u00e4merelle ulottuvalla rintamalla, joka s\u00e4ilytti hy\u00f6kk\u00e4ysvaiheessa saavuttamansa asemat aina rauhan tuloon asti. Sen komentajanne E.J. Raappana Repolassa 25.9.1944 pit\u00e4m\u00e4ss\u00e4\u00e4n puheessa ilmaisi hienolla tavalla seuraavasti:<\/p>\n<p>&#8221;Me olemme j\u00e4lleen ne viimeiset suomalaiset joukot, jotka seisomme t\u00e4ll\u00e4 historiallisella maankamaralla kansamme ja maamme ensimm\u00e4isin\u00e4 etuvartioina. Te olette niit\u00e4 miehi\u00e4, jotka vaaran j\u00e4lleen uhatessa ensimm\u00e4isin\u00e4 saavuitte t\u00e4lle paikalle turvataksenne oman maamme.<\/p>\n<p>Ja te olette my\u00f6s viimeinen osa Suomen armeijaa, joka palaa omaan kotimaahansa teht\u00e4v\u00e4ns\u00e4 t\u00e4ytetty\u00e4\u00e4n. Te olette n\u00e4in\u00e4 raskaina vuosina jokainen t\u00e4ytt\u00e4neet teht\u00e4v\u00e4nne viimeist\u00e4 piirtoa my\u00f6ten niin kuin vapaan kansan mies omaansa puolustaessaan voi tehd\u00e4.<\/p>\n<p>Kun te nyt, ly\u00f6m\u00e4tt\u00f6m\u00e4n\u00e4, kunniakkaana joukkona palaatte kotiin kohti tuntemattomia kohtaloita, olette te tulen tuttavina tulleet veljiksi, tuli on pessyt teid\u00e4t puhtaiksi. El\u00e4k\u00e4\u00e4 suomalaisina, tehk\u00e4\u00e4 ty\u00f6t\u00e4 suomalaisina ja jos tarvitaan, kaatukaa suomalaisina.&#8221;<\/p>\n<p>Toivotamme Teille koko Rukaj\u00e4rven sotahistoriayhteis\u00f6mme puolesta hyv\u00e4\u00e4 vointia ja terveytt\u00e4 tuleviin vuosiin.<\/p>\n<figure id=\"attachment_12344\" aria-describedby=\"caption-attachment-12344\" style=\"width: 768px\" class=\"wp-caption aligncenter\"><a href=\"http:\/\/www.rukajarvensuunnanhistoriayhdistys.fi\/historiayhdistys\/eino-syrjaniemi-tayttaa-tanaan-100-vuotta-paljon-onnea\/eino-syrjaniemi-kuva-tyttaren-ottama\/\" rel=\"attachment wp-att-12344\"><img loading=\"lazy\" decoding=\"async\" class=\"size-full wp-image-12344\" src=\"http:\/\/www.rukajarvensuunnanhistoriayhdistys.fi\/historiayhdistys\/wp-content\/uploads\/2018\/04\/Eino-Syrj\u00e4niemi-kuva-tytt\u00e4ren-ottama.jpg\" alt=\"\" width=\"768\" height=\"1024\" data-id=\"12344\" srcset=\"http:\/\/www.rukajarvensuunnanhistoriayhdistys.fi\/historiayhdistys\/wp-content\/uploads\/2018\/04\/Eino-Syrj\u00e4niemi-kuva-tytt\u00e4ren-ottama.jpg 768w, http:\/\/www.rukajarvensuunnanhistoriayhdistys.fi\/historiayhdistys\/wp-content\/uploads\/2018\/04\/Eino-Syrj\u00e4niemi-kuva-tytt\u00e4ren-ottama-225x300.jpg 225w\" sizes=\"auto, (max-width: 768px) 100vw, 768px\" \/><\/a><figcaption id=\"caption-attachment-12344\" class=\"wp-caption-text\">Itseoppineen kanttori-urkuri Eino Syrj\u00e4niemen kotona on edelleen k\u00e4yt\u00f6ss\u00e4 piano ja urut. Kuva tytt\u00e4ren ottama. Veteraani juhlii 100-vuotissyntym\u00e4p\u00e4iv\u00e4\u00e4ns\u00e4 Haapaj\u00e4rvell\u00e4 28.4.2018.<\/figcaption><\/figure>\n<p><a href=\"http:\/\/www.rukajarvensuunnanhistoriayhdistys.fi\/historiayhdistys\/wp_20180428_11_57_03\/\"><img loading=\"lazy\" decoding=\"async\" class=\"aligncenter size-full wp-image-12389\" src=\"http:\/\/www.rukajarvensuunnanhistoriayhdistys.fi\/historiayhdistys\/wp-content\/uploads\/2018\/04\/WP_20180428_11_57_03.jpg\" alt=\"\" width=\"1407\" height=\"599\" data-id=\"12389\" srcset=\"http:\/\/www.rukajarvensuunnanhistoriayhdistys.fi\/historiayhdistys\/wp-content\/uploads\/2018\/04\/WP_20180428_11_57_03.jpg 1407w, http:\/\/www.rukajarvensuunnanhistoriayhdistys.fi\/historiayhdistys\/wp-content\/uploads\/2018\/04\/WP_20180428_11_57_03-300x128.jpg 300w, http:\/\/www.rukajarvensuunnanhistoriayhdistys.fi\/historiayhdistys\/wp-content\/uploads\/2018\/04\/WP_20180428_11_57_03-768x327.jpg 768w, http:\/\/www.rukajarvensuunnanhistoriayhdistys.fi\/historiayhdistys\/wp-content\/uploads\/2018\/04\/WP_20180428_11_57_03-1024x436.jpg 1024w\" sizes=\"auto, (max-width: 1407px) 100vw, 1407px\" \/><\/a><\/p>\n<p>100-vuotisjuhlassa oli paikalla kolme kuoroa,\u00a012 kanttoria samasta suvusta ja juhlavieraita oli noin 200.<\/p>\n<p><a href=\"http:\/\/www.rukajarvensuunnanhistoriayhdistys.fi\/historiayhdistys\/wp_20180428_12_05_13\/\"><img loading=\"lazy\" decoding=\"async\" class=\"aligncenter size-full wp-image-12391\" src=\"http:\/\/www.rukajarvensuunnanhistoriayhdistys.fi\/historiayhdistys\/wp-content\/uploads\/2018\/04\/WP_20180428_12_05_13.jpg\" alt=\"\" width=\"1549\" height=\"632\" data-id=\"12391\" srcset=\"http:\/\/www.rukajarvensuunnanhistoriayhdistys.fi\/historiayhdistys\/wp-content\/uploads\/2018\/04\/WP_20180428_12_05_13.jpg 1549w, http:\/\/www.rukajarvensuunnanhistoriayhdistys.fi\/historiayhdistys\/wp-content\/uploads\/2018\/04\/WP_20180428_12_05_13-300x122.jpg 300w, http:\/\/www.rukajarvensuunnanhistoriayhdistys.fi\/historiayhdistys\/wp-content\/uploads\/2018\/04\/WP_20180428_12_05_13-768x313.jpg 768w, http:\/\/www.rukajarvensuunnanhistoriayhdistys.fi\/historiayhdistys\/wp-content\/uploads\/2018\/04\/WP_20180428_12_05_13-1024x418.jpg 1024w, http:\/\/www.rukajarvensuunnanhistoriayhdistys.fi\/historiayhdistys\/wp-content\/uploads\/2018\/04\/WP_20180428_12_05_13-980x400.jpg 980w\" sizes=\"auto, (max-width: 1549px) 100vw, 1549px\" \/><\/a><\/p>\n<p>Komentaja, kenraalimajuri E.J. Raappanan Repolan paraatissa pit\u00e4m\u00e4\u00e4n puheeseen voi tutustua kokonaisuudessaan <a href=\"http:\/\/www.rukajarvensuunnanhistoriayhdistys.fi\/historiayhdistys\/wp-content\/uploads\/2018\/04\/Raappanan-puhe-Repolassa-20-25-9-1944.pdf\"><strong>T\u00c4\u00c4LT\u00c4<\/strong><\/a>:<\/p>\n<p>&nbsp;<\/p>\n","protected":false},"excerpt":{"rendered":"<p>Tenho Tikkanen Eino Syrj\u00e4niemen\u00a0 100-vuotisjuhlassa 28.4.2018: Arvoisa 100-vuotias Rukaj\u00e4rven veteraani, hyv\u00e4t juhlavieraat. Olemme suurella joukolla saapuneet tervehtim\u00e4\u00e4n ja onnittelemaan Teit\u00e4, Rukaj\u00e4rven veteraani Eino Syrj\u00e4niemi, 100-vuotisp\u00e4iv\u00e4n\u00e4nne. Tuon Rukaj\u00e4rven suunnan historiikkitoimikunnan, historiayhdistyksemme <a class=\"more-link\" href=\"http:\/\/www.rukajarvensuunnanhistoriayhdistys.fi\/historiayhdistys\/rukajarviyhteiso-onnitteli-100-vuotiasta-eino-syrjaniemea\/\">Teksti jatkuu&#8230;<span class=\"screen-reader-text\">Rukaj\u00e4rviyhteis\u00f6 onnitteli 100-vuotiasta Eino Syrj\u00e4nieme\u00e4<\/span><span class=\"meta-nav\">\u2192<\/span><\/a><\/p>\n","protected":false},"author":3,"featured_media":0,"comment_status":"closed","ping_status":"open","sticky":false,"template":"","format":"standard","meta":{"footnotes":""},"categories":[22,17],"tags":[],"class_list":["post-12380","post","type-post","status-publish","format-standard","hentry","category-ajankohtaista","category-toiminta"],"yoast_head":"<!-- This site is optimized with the Yoast SEO plugin v27.4 - https:\/\/yoast.com\/product\/yoast-seo-wordpress\/ -->\n<title>Rukaj\u00e4rviyhteis\u00f6 onnitteli 100-vuotiasta Eino Syrj\u00e4nieme\u00e4 - Rukaj\u00e4rven suunnan historiayhdistys<\/title>\n<meta name=\"robots\" content=\"index, follow, max-snippet:-1, max-image-preview:large, max-video-preview:-1\" \/>\n<link rel=\"canonical\" href=\"https:\/\/www.rukajarvensuunnanhistoriayhdistys.fi\/historiayhdistys\/rukajarviyhteiso-onnitteli-100-vuotiasta-eino-syrjaniemea\/\" \/>\n<meta property=\"og:locale\" content=\"fi_FI\" \/>\n<meta property=\"og:type\" content=\"article\" \/>\n<meta property=\"og:title\" content=\"Rukaj\u00e4rviyhteis\u00f6 onnitteli 100-vuotiasta Eino Syrj\u00e4nieme\u00e4 - Rukaj\u00e4rven suunnan historiayhdistys\" \/>\n<meta property=\"og:description\" content=\"Tenho Tikkanen Eino Syrj\u00e4niemen\u00a0 100-vuotisjuhlassa 28.4.2018: Arvoisa 100-vuotias Rukaj\u00e4rven veteraani, hyv\u00e4t juhlavieraat. Olemme suurella joukolla saapuneet tervehtim\u00e4\u00e4n ja onnittelemaan Teit\u00e4, Rukaj\u00e4rven veteraani Eino Syrj\u00e4niemi, 100-vuotisp\u00e4iv\u00e4n\u00e4nne. Tuon Rukaj\u00e4rven suunnan historiikkitoimikunnan, historiayhdistyksemme Teksti jatkuu...Rukaj\u00e4rviyhteis\u00f6 onnitteli 100-vuotiasta Eino Syrj\u00e4nieme\u00e4\u2192\" \/>\n<meta property=\"og:url\" content=\"https:\/\/www.rukajarvensuunnanhistoriayhdistys.fi\/historiayhdistys\/rukajarviyhteiso-onnitteli-100-vuotiasta-eino-syrjaniemea\/\" \/>\n<meta property=\"og:site_name\" content=\"Rukaj\u00e4rven suunnan historiayhdistys\" \/>\n<meta property=\"article:published_time\" content=\"2018-04-28T09:00:33+00:00\" \/>\n<meta property=\"article:modified_time\" content=\"2018-04-28T12:39:51+00:00\" \/>\n<meta property=\"og:image\" content=\"http:\/\/www.rukajarvensuunnanhistoriayhdistys.fi\/historiayhdistys\/wp-content\/uploads\/2018\/04\/WP_20180428_11_57_03.jpg\" \/>\n<meta name=\"author\" content=\"RSHY\" \/>\n<meta name=\"twitter:label1\" content=\"Kirjoittanut\" \/>\n\t<meta name=\"twitter:data1\" content=\"RSHY\" \/>\n\t<meta name=\"twitter:label2\" content=\"Arvioitu lukuaika\" \/>\n\t<meta name=\"twitter:data2\" content=\"5 minuuttia\" \/>\n<script type=\"application\/ld+json\" class=\"yoast-schema-graph\">{\"@context\":\"https:\\\/\\\/schema.org\",\"@graph\":[{\"@type\":\"Article\",\"@id\":\"https:\\\/\\\/www.rukajarvensuunnanhistoriayhdistys.fi\\\/historiayhdistys\\\/rukajarviyhteiso-onnitteli-100-vuotiasta-eino-syrjaniemea\\\/#article\",\"isPartOf\":{\"@id\":\"https:\\\/\\\/www.rukajarvensuunnanhistoriayhdistys.fi\\\/historiayhdistys\\\/rukajarviyhteiso-onnitteli-100-vuotiasta-eino-syrjaniemea\\\/\"},\"author\":{\"name\":\"RSHY\",\"@id\":\"http:\\\/\\\/www.rukajarvensuunnanhistoriayhdistys.fi\\\/historiayhdistys\\\/#\\\/schema\\\/person\\\/19de7db68bf72dfd2b5d7f6dfbf8454d\"},\"headline\":\"Rukaj\u00e4rviyhteis\u00f6 onnitteli 100-vuotiasta Eino Syrj\u00e4nieme\u00e4\",\"datePublished\":\"2018-04-28T09:00:33+00:00\",\"dateModified\":\"2018-04-28T12:39:51+00:00\",\"mainEntityOfPage\":{\"@id\":\"https:\\\/\\\/www.rukajarvensuunnanhistoriayhdistys.fi\\\/historiayhdistys\\\/rukajarviyhteiso-onnitteli-100-vuotiasta-eino-syrjaniemea\\\/\"},\"wordCount\":930,\"publisher\":{\"@id\":\"http:\\\/\\\/www.rukajarvensuunnanhistoriayhdistys.fi\\\/historiayhdistys\\\/#organization\"},\"image\":{\"@id\":\"https:\\\/\\\/www.rukajarvensuunnanhistoriayhdistys.fi\\\/historiayhdistys\\\/rukajarviyhteiso-onnitteli-100-vuotiasta-eino-syrjaniemea\\\/#primaryimage\"},\"thumbnailUrl\":\"http:\\\/\\\/www.rukajarvensuunnanhistoriayhdistys.fi\\\/historiayhdistys\\\/wp-content\\\/uploads\\\/2018\\\/04\\\/WP_20180428_11_57_03.jpg\",\"articleSection\":[\"Ajankohtaista\",\"Toiminta\"],\"inLanguage\":\"fi\"},{\"@type\":\"WebPage\",\"@id\":\"https:\\\/\\\/www.rukajarvensuunnanhistoriayhdistys.fi\\\/historiayhdistys\\\/rukajarviyhteiso-onnitteli-100-vuotiasta-eino-syrjaniemea\\\/\",\"url\":\"https:\\\/\\\/www.rukajarvensuunnanhistoriayhdistys.fi\\\/historiayhdistys\\\/rukajarviyhteiso-onnitteli-100-vuotiasta-eino-syrjaniemea\\\/\",\"name\":\"Rukaj\u00e4rviyhteis\u00f6 onnitteli 100-vuotiasta Eino Syrj\u00e4nieme\u00e4 - Rukaj\u00e4rven suunnan historiayhdistys\",\"isPartOf\":{\"@id\":\"http:\\\/\\\/www.rukajarvensuunnanhistoriayhdistys.fi\\\/historiayhdistys\\\/#website\"},\"primaryImageOfPage\":{\"@id\":\"https:\\\/\\\/www.rukajarvensuunnanhistoriayhdistys.fi\\\/historiayhdistys\\\/rukajarviyhteiso-onnitteli-100-vuotiasta-eino-syrjaniemea\\\/#primaryimage\"},\"image\":{\"@id\":\"https:\\\/\\\/www.rukajarvensuunnanhistoriayhdistys.fi\\\/historiayhdistys\\\/rukajarviyhteiso-onnitteli-100-vuotiasta-eino-syrjaniemea\\\/#primaryimage\"},\"thumbnailUrl\":\"http:\\\/\\\/www.rukajarvensuunnanhistoriayhdistys.fi\\\/historiayhdistys\\\/wp-content\\\/uploads\\\/2018\\\/04\\\/WP_20180428_11_57_03.jpg\",\"datePublished\":\"2018-04-28T09:00:33+00:00\",\"dateModified\":\"2018-04-28T12:39:51+00:00\",\"breadcrumb\":{\"@id\":\"https:\\\/\\\/www.rukajarvensuunnanhistoriayhdistys.fi\\\/historiayhdistys\\\/rukajarviyhteiso-onnitteli-100-vuotiasta-eino-syrjaniemea\\\/#breadcrumb\"},\"inLanguage\":\"fi\",\"potentialAction\":[{\"@type\":\"ReadAction\",\"target\":[\"https:\\\/\\\/www.rukajarvensuunnanhistoriayhdistys.fi\\\/historiayhdistys\\\/rukajarviyhteiso-onnitteli-100-vuotiasta-eino-syrjaniemea\\\/\"]}]},{\"@type\":\"ImageObject\",\"inLanguage\":\"fi\",\"@id\":\"https:\\\/\\\/www.rukajarvensuunnanhistoriayhdistys.fi\\\/historiayhdistys\\\/rukajarviyhteiso-onnitteli-100-vuotiasta-eino-syrjaniemea\\\/#primaryimage\",\"url\":\"http:\\\/\\\/www.rukajarvensuunnanhistoriayhdistys.fi\\\/historiayhdistys\\\/wp-content\\\/uploads\\\/2018\\\/04\\\/WP_20180428_11_57_03.jpg\",\"contentUrl\":\"http:\\\/\\\/www.rukajarvensuunnanhistoriayhdistys.fi\\\/historiayhdistys\\\/wp-content\\\/uploads\\\/2018\\\/04\\\/WP_20180428_11_57_03.jpg\",\"width\":1407,\"height\":599},{\"@type\":\"BreadcrumbList\",\"@id\":\"https:\\\/\\\/www.rukajarvensuunnanhistoriayhdistys.fi\\\/historiayhdistys\\\/rukajarviyhteiso-onnitteli-100-vuotiasta-eino-syrjaniemea\\\/#breadcrumb\",\"itemListElement\":[{\"@type\":\"ListItem\",\"position\":1,\"name\":\"Etusivu\",\"item\":\"http:\\\/\\\/www.rukajarvensuunnanhistoriayhdistys.fi\\\/historiayhdistys\\\/\"},{\"@type\":\"ListItem\",\"position\":2,\"name\":\"Rukaj\u00e4rviyhteis\u00f6 onnitteli 100-vuotiasta Eino Syrj\u00e4nieme\u00e4\"}]},{\"@type\":\"WebSite\",\"@id\":\"http:\\\/\\\/www.rukajarvensuunnanhistoriayhdistys.fi\\\/historiayhdistys\\\/#website\",\"url\":\"http:\\\/\\\/www.rukajarvensuunnanhistoriayhdistys.fi\\\/historiayhdistys\\\/\",\"name\":\"Rukaj\u00e4rven suunnan historiayhdistys\",\"description\":\"Rukaj\u00e4rven suunnan historiayhdistyksen verkkosivut.\",\"publisher\":{\"@id\":\"http:\\\/\\\/www.rukajarvensuunnanhistoriayhdistys.fi\\\/historiayhdistys\\\/#organization\"},\"potentialAction\":[{\"@type\":\"SearchAction\",\"target\":{\"@type\":\"EntryPoint\",\"urlTemplate\":\"http:\\\/\\\/www.rukajarvensuunnanhistoriayhdistys.fi\\\/historiayhdistys\\\/?s={search_term_string}\"},\"query-input\":{\"@type\":\"PropertyValueSpecification\",\"valueRequired\":true,\"valueName\":\"search_term_string\"}}],\"inLanguage\":\"fi\"},{\"@type\":\"Organization\",\"@id\":\"http:\\\/\\\/www.rukajarvensuunnanhistoriayhdistys.fi\\\/historiayhdistys\\\/#organization\",\"name\":\"Rukaj\u00e4rven suunnan historiayhdistys\",\"url\":\"http:\\\/\\\/www.rukajarvensuunnanhistoriayhdistys.fi\\\/historiayhdistys\\\/\",\"logo\":{\"@type\":\"ImageObject\",\"inLanguage\":\"fi\",\"@id\":\"http:\\\/\\\/www.rukajarvensuunnanhistoriayhdistys.fi\\\/historiayhdistys\\\/#\\\/schema\\\/logo\\\/image\\\/\",\"url\":\"http:\\\/\\\/www.rukajarvensuunnanhistoriayhdistys.fi\\\/historiayhdistys\\\/wp-content\\\/uploads\\\/2013\\\/12\\\/Otsake_3.jpg\",\"contentUrl\":\"http:\\\/\\\/www.rukajarvensuunnanhistoriayhdistys.fi\\\/historiayhdistys\\\/wp-content\\\/uploads\\\/2013\\\/12\\\/Otsake_3.jpg\",\"width\":1000,\"height\":442,\"caption\":\"Rukaj\u00e4rven suunnan historiayhdistys\"},\"image\":{\"@id\":\"http:\\\/\\\/www.rukajarvensuunnanhistoriayhdistys.fi\\\/historiayhdistys\\\/#\\\/schema\\\/logo\\\/image\\\/\"}},{\"@type\":\"Person\",\"@id\":\"http:\\\/\\\/www.rukajarvensuunnanhistoriayhdistys.fi\\\/historiayhdistys\\\/#\\\/schema\\\/person\\\/19de7db68bf72dfd2b5d7f6dfbf8454d\",\"name\":\"RSHY\",\"image\":{\"@type\":\"ImageObject\",\"inLanguage\":\"fi\",\"@id\":\"https:\\\/\\\/secure.gravatar.com\\\/avatar\\\/598d59263a69cc8de65fcb4f9db78d6f58c098cb0e0ba22d73377441af9fa04c?s=96&d=blank&r=g\",\"url\":\"https:\\\/\\\/secure.gravatar.com\\\/avatar\\\/598d59263a69cc8de65fcb4f9db78d6f58c098cb0e0ba22d73377441af9fa04c?s=96&d=blank&r=g\",\"contentUrl\":\"https:\\\/\\\/secure.gravatar.com\\\/avatar\\\/598d59263a69cc8de65fcb4f9db78d6f58c098cb0e0ba22d73377441af9fa04c?s=96&d=blank&r=g\",\"caption\":\"RSHY\"},\"url\":\"http:\\\/\\\/www.rukajarvensuunnanhistoriayhdistys.fi\\\/historiayhdistys\\\/author\\\/rshy\\\/\"}]}<\/script>\n<!-- \/ Yoast SEO plugin. -->","yoast_head_json":{"title":"Rukaj\u00e4rviyhteis\u00f6 onnitteli 100-vuotiasta Eino Syrj\u00e4nieme\u00e4 - Rukaj\u00e4rven suunnan historiayhdistys","robots":{"index":"index","follow":"follow","max-snippet":"max-snippet:-1","max-image-preview":"max-image-preview:large","max-video-preview":"max-video-preview:-1"},"canonical":"https:\/\/www.rukajarvensuunnanhistoriayhdistys.fi\/historiayhdistys\/rukajarviyhteiso-onnitteli-100-vuotiasta-eino-syrjaniemea\/","og_locale":"fi_FI","og_type":"article","og_title":"Rukaj\u00e4rviyhteis\u00f6 onnitteli 100-vuotiasta Eino Syrj\u00e4nieme\u00e4 - Rukaj\u00e4rven suunnan historiayhdistys","og_description":"Tenho Tikkanen Eino Syrj\u00e4niemen\u00a0 100-vuotisjuhlassa 28.4.2018: Arvoisa 100-vuotias Rukaj\u00e4rven veteraani, hyv\u00e4t juhlavieraat. Olemme suurella joukolla saapuneet tervehtim\u00e4\u00e4n ja onnittelemaan Teit\u00e4, Rukaj\u00e4rven veteraani Eino Syrj\u00e4niemi, 100-vuotisp\u00e4iv\u00e4n\u00e4nne. Tuon Rukaj\u00e4rven suunnan historiikkitoimikunnan, historiayhdistyksemme Teksti jatkuu...Rukaj\u00e4rviyhteis\u00f6 onnitteli 100-vuotiasta Eino Syrj\u00e4nieme\u00e4\u2192","og_url":"https:\/\/www.rukajarvensuunnanhistoriayhdistys.fi\/historiayhdistys\/rukajarviyhteiso-onnitteli-100-vuotiasta-eino-syrjaniemea\/","og_site_name":"Rukaj\u00e4rven suunnan historiayhdistys","article_published_time":"2018-04-28T09:00:33+00:00","article_modified_time":"2018-04-28T12:39:51+00:00","og_image":[{"url":"http:\/\/www.rukajarvensuunnanhistoriayhdistys.fi\/historiayhdistys\/wp-content\/uploads\/2018\/04\/WP_20180428_11_57_03.jpg","type":"","width":"","height":""}],"author":"RSHY","twitter_misc":{"Kirjoittanut":"RSHY","Arvioitu lukuaika":"5 minuuttia"},"schema":{"@context":"https:\/\/schema.org","@graph":[{"@type":"Article","@id":"https:\/\/www.rukajarvensuunnanhistoriayhdistys.fi\/historiayhdistys\/rukajarviyhteiso-onnitteli-100-vuotiasta-eino-syrjaniemea\/#article","isPartOf":{"@id":"https:\/\/www.rukajarvensuunnanhistoriayhdistys.fi\/historiayhdistys\/rukajarviyhteiso-onnitteli-100-vuotiasta-eino-syrjaniemea\/"},"author":{"name":"RSHY","@id":"http:\/\/www.rukajarvensuunnanhistoriayhdistys.fi\/historiayhdistys\/#\/schema\/person\/19de7db68bf72dfd2b5d7f6dfbf8454d"},"headline":"Rukaj\u00e4rviyhteis\u00f6 onnitteli 100-vuotiasta Eino Syrj\u00e4nieme\u00e4","datePublished":"2018-04-28T09:00:33+00:00","dateModified":"2018-04-28T12:39:51+00:00","mainEntityOfPage":{"@id":"https:\/\/www.rukajarvensuunnanhistoriayhdistys.fi\/historiayhdistys\/rukajarviyhteiso-onnitteli-100-vuotiasta-eino-syrjaniemea\/"},"wordCount":930,"publisher":{"@id":"http:\/\/www.rukajarvensuunnanhistoriayhdistys.fi\/historiayhdistys\/#organization"},"image":{"@id":"https:\/\/www.rukajarvensuunnanhistoriayhdistys.fi\/historiayhdistys\/rukajarviyhteiso-onnitteli-100-vuotiasta-eino-syrjaniemea\/#primaryimage"},"thumbnailUrl":"http:\/\/www.rukajarvensuunnanhistoriayhdistys.fi\/historiayhdistys\/wp-content\/uploads\/2018\/04\/WP_20180428_11_57_03.jpg","articleSection":["Ajankohtaista","Toiminta"],"inLanguage":"fi"},{"@type":"WebPage","@id":"https:\/\/www.rukajarvensuunnanhistoriayhdistys.fi\/historiayhdistys\/rukajarviyhteiso-onnitteli-100-vuotiasta-eino-syrjaniemea\/","url":"https:\/\/www.rukajarvensuunnanhistoriayhdistys.fi\/historiayhdistys\/rukajarviyhteiso-onnitteli-100-vuotiasta-eino-syrjaniemea\/","name":"Rukaj\u00e4rviyhteis\u00f6 onnitteli 100-vuotiasta Eino Syrj\u00e4nieme\u00e4 - Rukaj\u00e4rven suunnan historiayhdistys","isPartOf":{"@id":"http:\/\/www.rukajarvensuunnanhistoriayhdistys.fi\/historiayhdistys\/#website"},"primaryImageOfPage":{"@id":"https:\/\/www.rukajarvensuunnanhistoriayhdistys.fi\/historiayhdistys\/rukajarviyhteiso-onnitteli-100-vuotiasta-eino-syrjaniemea\/#primaryimage"},"image":{"@id":"https:\/\/www.rukajarvensuunnanhistoriayhdistys.fi\/historiayhdistys\/rukajarviyhteiso-onnitteli-100-vuotiasta-eino-syrjaniemea\/#primaryimage"},"thumbnailUrl":"http:\/\/www.rukajarvensuunnanhistoriayhdistys.fi\/historiayhdistys\/wp-content\/uploads\/2018\/04\/WP_20180428_11_57_03.jpg","datePublished":"2018-04-28T09:00:33+00:00","dateModified":"2018-04-28T12:39:51+00:00","breadcrumb":{"@id":"https:\/\/www.rukajarvensuunnanhistoriayhdistys.fi\/historiayhdistys\/rukajarviyhteiso-onnitteli-100-vuotiasta-eino-syrjaniemea\/#breadcrumb"},"inLanguage":"fi","potentialAction":[{"@type":"ReadAction","target":["https:\/\/www.rukajarvensuunnanhistoriayhdistys.fi\/historiayhdistys\/rukajarviyhteiso-onnitteli-100-vuotiasta-eino-syrjaniemea\/"]}]},{"@type":"ImageObject","inLanguage":"fi","@id":"https:\/\/www.rukajarvensuunnanhistoriayhdistys.fi\/historiayhdistys\/rukajarviyhteiso-onnitteli-100-vuotiasta-eino-syrjaniemea\/#primaryimage","url":"http:\/\/www.rukajarvensuunnanhistoriayhdistys.fi\/historiayhdistys\/wp-content\/uploads\/2018\/04\/WP_20180428_11_57_03.jpg","contentUrl":"http:\/\/www.rukajarvensuunnanhistoriayhdistys.fi\/historiayhdistys\/wp-content\/uploads\/2018\/04\/WP_20180428_11_57_03.jpg","width":1407,"height":599},{"@type":"BreadcrumbList","@id":"https:\/\/www.rukajarvensuunnanhistoriayhdistys.fi\/historiayhdistys\/rukajarviyhteiso-onnitteli-100-vuotiasta-eino-syrjaniemea\/#breadcrumb","itemListElement":[{"@type":"ListItem","position":1,"name":"Etusivu","item":"http:\/\/www.rukajarvensuunnanhistoriayhdistys.fi\/historiayhdistys\/"},{"@type":"ListItem","position":2,"name":"Rukaj\u00e4rviyhteis\u00f6 onnitteli 100-vuotiasta Eino Syrj\u00e4nieme\u00e4"}]},{"@type":"WebSite","@id":"http:\/\/www.rukajarvensuunnanhistoriayhdistys.fi\/historiayhdistys\/#website","url":"http:\/\/www.rukajarvensuunnanhistoriayhdistys.fi\/historiayhdistys\/","name":"Rukaj\u00e4rven suunnan historiayhdistys","description":"Rukaj\u00e4rven suunnan historiayhdistyksen verkkosivut.","publisher":{"@id":"http:\/\/www.rukajarvensuunnanhistoriayhdistys.fi\/historiayhdistys\/#organization"},"potentialAction":[{"@type":"SearchAction","target":{"@type":"EntryPoint","urlTemplate":"http:\/\/www.rukajarvensuunnanhistoriayhdistys.fi\/historiayhdistys\/?s={search_term_string}"},"query-input":{"@type":"PropertyValueSpecification","valueRequired":true,"valueName":"search_term_string"}}],"inLanguage":"fi"},{"@type":"Organization","@id":"http:\/\/www.rukajarvensuunnanhistoriayhdistys.fi\/historiayhdistys\/#organization","name":"Rukaj\u00e4rven suunnan historiayhdistys","url":"http:\/\/www.rukajarvensuunnanhistoriayhdistys.fi\/historiayhdistys\/","logo":{"@type":"ImageObject","inLanguage":"fi","@id":"http:\/\/www.rukajarvensuunnanhistoriayhdistys.fi\/historiayhdistys\/#\/schema\/logo\/image\/","url":"http:\/\/www.rukajarvensuunnanhistoriayhdistys.fi\/historiayhdistys\/wp-content\/uploads\/2013\/12\/Otsake_3.jpg","contentUrl":"http:\/\/www.rukajarvensuunnanhistoriayhdistys.fi\/historiayhdistys\/wp-content\/uploads\/2013\/12\/Otsake_3.jpg","width":1000,"height":442,"caption":"Rukaj\u00e4rven suunnan historiayhdistys"},"image":{"@id":"http:\/\/www.rukajarvensuunnanhistoriayhdistys.fi\/historiayhdistys\/#\/schema\/logo\/image\/"}},{"@type":"Person","@id":"http:\/\/www.rukajarvensuunnanhistoriayhdistys.fi\/historiayhdistys\/#\/schema\/person\/19de7db68bf72dfd2b5d7f6dfbf8454d","name":"RSHY","image":{"@type":"ImageObject","inLanguage":"fi","@id":"https:\/\/secure.gravatar.com\/avatar\/598d59263a69cc8de65fcb4f9db78d6f58c098cb0e0ba22d73377441af9fa04c?s=96&d=blank&r=g","url":"https:\/\/secure.gravatar.com\/avatar\/598d59263a69cc8de65fcb4f9db78d6f58c098cb0e0ba22d73377441af9fa04c?s=96&d=blank&r=g","contentUrl":"https:\/\/secure.gravatar.com\/avatar\/598d59263a69cc8de65fcb4f9db78d6f58c098cb0e0ba22d73377441af9fa04c?s=96&d=blank&r=g","caption":"RSHY"},"url":"http:\/\/www.rukajarvensuunnanhistoriayhdistys.fi\/historiayhdistys\/author\/rshy\/"}]}},"_links":{"self":[{"href":"http:\/\/www.rukajarvensuunnanhistoriayhdistys.fi\/historiayhdistys\/wp-json\/wp\/v2\/posts\/12380","targetHints":{"allow":["GET"]}}],"collection":[{"href":"http:\/\/www.rukajarvensuunnanhistoriayhdistys.fi\/historiayhdistys\/wp-json\/wp\/v2\/posts"}],"about":[{"href":"http:\/\/www.rukajarvensuunnanhistoriayhdistys.fi\/historiayhdistys\/wp-json\/wp\/v2\/types\/post"}],"author":[{"embeddable":true,"href":"http:\/\/www.rukajarvensuunnanhistoriayhdistys.fi\/historiayhdistys\/wp-json\/wp\/v2\/users\/3"}],"replies":[{"embeddable":true,"href":"http:\/\/www.rukajarvensuunnanhistoriayhdistys.fi\/historiayhdistys\/wp-json\/wp\/v2\/comments?post=12380"}],"version-history":[{"count":6,"href":"http:\/\/www.rukajarvensuunnanhistoriayhdistys.fi\/historiayhdistys\/wp-json\/wp\/v2\/posts\/12380\/revisions"}],"predecessor-version":[{"id":12393,"href":"http:\/\/www.rukajarvensuunnanhistoriayhdistys.fi\/historiayhdistys\/wp-json\/wp\/v2\/posts\/12380\/revisions\/12393"}],"wp:attachment":[{"href":"http:\/\/www.rukajarvensuunnanhistoriayhdistys.fi\/historiayhdistys\/wp-json\/wp\/v2\/media?parent=12380"}],"wp:term":[{"taxonomy":"category","embeddable":true,"href":"http:\/\/www.rukajarvensuunnanhistoriayhdistys.fi\/historiayhdistys\/wp-json\/wp\/v2\/categories?post=12380"},{"taxonomy":"post_tag","embeddable":true,"href":"http:\/\/www.rukajarvensuunnanhistoriayhdistys.fi\/historiayhdistys\/wp-json\/wp\/v2\/tags?post=12380"}],"curies":[{"name":"wp","href":"https:\/\/api.w.org\/{rel}","templated":true}]}}