{"id":12729,"date":"2018-10-01T09:02:19","date_gmt":"2018-10-01T06:02:19","guid":{"rendered":"http:\/\/www.rukajarvensuunnanhistoriayhdistys.fi\/historiayhdistys\/?p=12729"},"modified":"2018-10-01T07:24:55","modified_gmt":"2018-10-01T04:24:55","slug":"yllattava-huomionosoitus-tenho-tikkasesta-vuoden-lieksalainen-2018","status":"publish","type":"post","link":"http:\/\/www.rukajarvensuunnanhistoriayhdistys.fi\/historiayhdistys\/yllattava-huomionosoitus-tenho-tikkasesta-vuoden-lieksalainen-2018\/","title":{"rendered":"Yll\u00e4tt\u00e4v\u00e4 huomionosoitus &#8211; Tenho Tikkasesta vuoden lieksalainen 2018."},"content":{"rendered":"<div class=\"fcbkbttn_buttons_block\" id=\"fcbkbttn_left\"><div class=\"fcbkbttn_like \"><fb:like href=\"http:\/\/www.rukajarvensuunnanhistoriayhdistys.fi\/historiayhdistys\/yllattava-huomionosoitus-tenho-tikkasesta-vuoden-lieksalainen-2018\/\" action=\"like\" colorscheme=\"light\" layout=\"button_count\"  size=\"small\"><\/fb:like><\/div><\/div><p>Lieksan yritt\u00e4j\u00e4t valitsivat yhdennentoista kerran vuoden lieksalaisen. T\u00e4ll\u00e4 kertaa valituksi tuli Rukaj\u00e4rven suunnan historiayhdistyksen puheenjohtaja Tenho Tikkanen.<\/p>\n<p>Lieksassa j\u00e4rjestetyss\u00e4 tapahtumassa Lieksan Yritt\u00e4j\u00e4t luovuttivat Vuoden 2018 lieksalainen kunniakirjan Rukaj\u00e4rven suunnan historiayhdistys ry:n puheenjohtaja Tenho Tikkaselle. Puheenjohtaja Taisto Lehikoinen korosti luovutuspuheessaan, ett\u00e4 Rukaj\u00e4rven suunnan historiayhdistys ja sen puheenjohtaja ovat merkitt\u00e4v\u00e4ll\u00e4 tavalla tehneet vuosia ty\u00f6t\u00e4 Lieksan hyv\u00e4ksi. &#8221;T\u00e4m\u00e4 kunniakirja luovutetaan Sinulle kiitokseksi erinomaisista saavutuksistasi Rukaj\u00e4rven suunnan sotahistorian ja Lieksan tunnetuksi tekemisess\u00e4.&#8221;<\/p>\n<p>Tenho Tikkanen korosti kiitospuheessaan Lieksan matkailuvaltteja, mik\u00e4 tulisi huomioida my\u00f6s valtakunnallisesti, koska juuri se olisi my\u00f6s koko maan etu.<\/p>\n<figure id=\"attachment_12731\" aria-describedby=\"caption-attachment-12731\" style=\"width: 1312px\" class=\"wp-caption aligncenter\"><a href=\"http:\/\/www.rukajarvensuunnanhistoriayhdistys.fi\/historiayhdistys\/?attachment_id=12731\" rel=\"attachment wp-att-12731\"><img loading=\"lazy\" decoding=\"async\" class=\"size-full wp-image-12731\" src=\"http:\/\/www.rukajarvensuunnanhistoriayhdistys.fi\/historiayhdistys\/wp-content\/uploads\/2018\/10\/20180928_175139-Lehikoinen-Tikkanen-Tenho-2.jpg\" alt=\"\" width=\"1312\" height=\"856\" data-id=\"12731\" srcset=\"http:\/\/www.rukajarvensuunnanhistoriayhdistys.fi\/historiayhdistys\/wp-content\/uploads\/2018\/10\/20180928_175139-Lehikoinen-Tikkanen-Tenho-2.jpg 1312w, http:\/\/www.rukajarvensuunnanhistoriayhdistys.fi\/historiayhdistys\/wp-content\/uploads\/2018\/10\/20180928_175139-Lehikoinen-Tikkanen-Tenho-2-300x196.jpg 300w, http:\/\/www.rukajarvensuunnanhistoriayhdistys.fi\/historiayhdistys\/wp-content\/uploads\/2018\/10\/20180928_175139-Lehikoinen-Tikkanen-Tenho-2-768x501.jpg 768w, http:\/\/www.rukajarvensuunnanhistoriayhdistys.fi\/historiayhdistys\/wp-content\/uploads\/2018\/10\/20180928_175139-Lehikoinen-Tikkanen-Tenho-2-1024x668.jpg 1024w\" sizes=\"auto, (max-width: 1312px) 100vw, 1312px\" \/><\/a><figcaption id=\"caption-attachment-12731\" class=\"wp-caption-text\">Lieksan yritt\u00e4jien puheenjohtaja Taisto Lehikoinen luovutti vuoden 2018 lieksalainen kunniakirjan Tenho Tikkaselle. Lieksan kaupunkikeskuksessa j\u00e4rjestetty &#8221;H\u00e4m\u00e4r\u00e4nkaupan illan&#8221; tapahtuma oli 11 kerta. Tapahtuma k\u00e4ynnistyi aikanaan juuri Taisto Lehikoisen idean pohjalta. T\u00e4ll\u00e4 kertaa tapahtumaan osallistui per\u00e4ti 5000 vierasta.<\/figcaption><\/figure>\n<p>Seuraavassa julkaisemme Tikkasen kiitospuheen kokonaisuudessaan.<\/p>\n<p>&#8221;Kiit\u00e4n Lieksan yritt\u00e4ji\u00e4 t\u00e4n\u00e4\u00e4n my\u00f6nt\u00e4m\u00e4st\u00e4nne huomionosoituksesta, mik\u00e4 on luonnollisesti osoitettu Rukaj\u00e4rven tien ja sen eri kohteiden ja erityisesti Lieksan Rukaj\u00e4rvi-keskuksen tunnetuksi tekemisest\u00e4. \u00a0Sit\u00e4 ty\u00f6t\u00e4 olemme Rukaj\u00e4rven suunnan historiayhdistyksen puolesta tehneet j\u00e4sentemme ja lieksalaisten yhdistysten sek\u00e4 lukuisten talkoomiesten voimin. Erityisesti en unohda lieksalaisia naisia, jotka ovat aina rient\u00e4neet avukseni pyyt\u00e4m\u00e4tt\u00e4.<\/p>\n<p>Rukaj\u00e4rven tien ja Rukaj\u00e4rvi-keskusten perustamisella pyrimme sotahistoriaty\u00f6ss\u00e4 entist\u00e4 parempaan tulokseen, kokoamme veteraani- ja sotahistoriatietoa ja teemme sit\u00e4 k\u00e4sittelevi\u00e4 julkaisuja. Luonnollisesti toivomme, ett\u00e4 ty\u00f6mme edist\u00e4\u00e4 my\u00f6s lieksalaisten elinkeinotoimintaa.<\/p>\n<p>Rukaj\u00e4rven suunnan historiayhdistyksen perustamisesta tulee 2019 kuluneeksi kymmenen vuotta. Rukaj\u00e4rven tie nimettiin pian yhdistyksemme perustamisen j\u00e4lkeen 2.7.2011 Jukolan Motissa pidetyss\u00e4 kansalaisjuhlassa. Rukaj\u00e4rven tie on ainut auktorisoitu Jatkosodan taistelutie maassamme, varsin usein t\u00e4m\u00e4 unohdetaan. Olen todella kiitollinen, ett\u00e4 nimelt\u00e4 mainiten Lieksan yritt\u00e4j\u00e4t, Lieksan kaupunki, Lieksan Matkailuoppaat, Lieksan Tukipiste ja Nurmij\u00e4rvell\u00e4 toimiva kyl\u00e4yhdistys ovat oivaltaneet sen mik\u00e4 on matkailun kehitt\u00e4misess\u00e4 Lieksan ja lieksalaisten edun mukaista. Olemme saaneet kaikilta edell\u00e4 mainituilta tahoilta merkitt\u00e4v\u00e4\u00e4 tukea yhdistyksemme hankkeiden rakentamisessa, joita ovat mm. Lieksan Rukaj\u00e4rvi-keskus, mik\u00e4 vihittiin 1.7.2013 ja sille hankittiin 2016 omat tilat Lieksan rautatieasemalta. Rukaj\u00e4rven tien kohteita olemme kehitt\u00e4neet monella tavoin, Jukolan Motti -pirtti rakennettiin ja vihittiin k\u00e4ytt\u00f6\u00f6n 30.11.2014, \u00c4n\u00e4k\u00e4isen salpaetuasema kunnostettiin ja vihittiin k\u00e4ytt\u00f6\u00f6n 9.6.2017.<\/p>\n<p>Yhdistyksemme on onnistunut ty\u00f6ss\u00e4\u00e4n hyvin. Hankerahoituksessa taasen emme ole saavuttaneet toivottua tasoa, samaa tasoa kuin mihin ovat ylt\u00e4neet, Raatteentie, Kuhmo ja \u00a0Ilomantsi. Raatteentien valtion rahoitusosuus kohonnee arviolta n. 2 milj. \u20ac:oon, Kuhmon kohteet yhteens\u00e4 n. 1 milj. \u20ac:oon ja Ilomantsissakin sotahistoriakohteitten kokonaisinvestointien valtion rahoitusosuus kohonnee samoihin lukuihin. Lieksassa valtio on tukenut hankkeita 41.340 eurolla ja mm. Rukaj\u00e4rvi-keskusta ei lainkaan.<\/p>\n<p>N\u00e4iden lukujen valossa on syyt\u00e4 kysy\u00e4 vakavalla mielell\u00e4, mit\u00e4 voisimme tehd\u00e4 asian hyv\u00e4ksi: Onko Lieksaa syrjitty? Vastaavia sotahistoriakohteitten k\u00e4vij\u00e4m\u00e4\u00e4ri\u00e4 vertailtaessa voitaneen sanoa, ett\u00e4 olisi kaikkien Via Karelia -matkailutien varren kaupunkien ja kuntien etu, ett\u00e4 Lieksaa kohdeltaisiin tasapuolisesti. Lieksa on ylivoimaisesti houkuttelevin kaupunki kaikista em. Via Karelian matkailutien varren kaupungeista. Valtakunnallisten matkailualan j\u00e4rjest\u00f6jen tulisi huolehtia erityisesti Lieksan luonto- kulttuuri- mutta erityisesti my\u00f6s sotahistoriakohteitten valtakunnallisesta matkailualan markkinoinnista, koska se olisi samalla my\u00f6s koko maan etu.<\/p>\n<p>Huomionosoituksenne velvoittaa, niin minua kuin my\u00f6s Rukaj\u00e4rven suunnan historiayhdistyst\u00e4 huolehtimaan entist\u00e4kin tunnollisemmin teht\u00e4v\u00e4st\u00e4\u00e4n. T\u00e4m\u00e4n kes\u00e4n k\u00e4vij\u00e4m\u00e4\u00e4r\u00e4n noustua enn\u00e4tystasolle tulevaisuus t\u00e4lt\u00e4 osin n\u00e4ytt\u00e4\u00e4 valoisalta. Toivon yhteisty\u00f6mme kaikkien osapuolen kanssa jatkuvan, n\u00e4in rakennamme Lieksan ja sen kaupunkilaisten hyvinvointia tulevaisuudessa.&#8221;<\/p>\n","protected":false},"excerpt":{"rendered":"<p>Lieksan yritt\u00e4j\u00e4t valitsivat yhdennentoista kerran vuoden lieksalaisen. T\u00e4ll\u00e4 kertaa valituksi tuli Rukaj\u00e4rven suunnan historiayhdistyksen puheenjohtaja Tenho Tikkanen. Lieksassa j\u00e4rjestetyss\u00e4 tapahtumassa Lieksan Yritt\u00e4j\u00e4t luovuttivat Vuoden 2018 lieksalainen kunniakirjan Rukaj\u00e4rven suunnan historiayhdistys <a class=\"more-link\" href=\"http:\/\/www.rukajarvensuunnanhistoriayhdistys.fi\/historiayhdistys\/yllattava-huomionosoitus-tenho-tikkasesta-vuoden-lieksalainen-2018\/\">Teksti jatkuu&#8230;<span class=\"screen-reader-text\">Yll\u00e4tt\u00e4v\u00e4 huomionosoitus &#8211; Tenho Tikkasesta vuoden lieksalainen 2018.<\/span><span class=\"meta-nav\">\u2192<\/span><\/a><\/p>\n","protected":false},"author":3,"featured_media":0,"comment_status":"closed","ping_status":"open","sticky":false,"template":"","format":"standard","meta":{"footnotes":""},"categories":[22,21,17],"tags":[],"class_list":["post-12729","post","type-post","status-publish","format-standard","hentry","category-ajankohtaista","category-rukajarvi-keskus","category-toiminta"],"yoast_head":"<!-- This site is optimized with the Yoast SEO plugin v27.4 - https:\/\/yoast.com\/product\/yoast-seo-wordpress\/ -->\n<title>Yll\u00e4tt\u00e4v\u00e4 huomionosoitus - Tenho Tikkasesta vuoden lieksalainen 2018. - Rukaj\u00e4rven suunnan historiayhdistys<\/title>\n<meta name=\"robots\" content=\"index, follow, max-snippet:-1, max-image-preview:large, max-video-preview:-1\" \/>\n<link rel=\"canonical\" href=\"https:\/\/www.rukajarvensuunnanhistoriayhdistys.fi\/historiayhdistys\/yllattava-huomionosoitus-tenho-tikkasesta-vuoden-lieksalainen-2018\/\" \/>\n<meta property=\"og:locale\" content=\"fi_FI\" \/>\n<meta property=\"og:type\" content=\"article\" \/>\n<meta property=\"og:title\" content=\"Yll\u00e4tt\u00e4v\u00e4 huomionosoitus - Tenho Tikkasesta vuoden lieksalainen 2018. - Rukaj\u00e4rven suunnan historiayhdistys\" \/>\n<meta property=\"og:description\" content=\"Lieksan yritt\u00e4j\u00e4t valitsivat yhdennentoista kerran vuoden lieksalaisen. T\u00e4ll\u00e4 kertaa valituksi tuli Rukaj\u00e4rven suunnan historiayhdistyksen puheenjohtaja Tenho Tikkanen. Lieksassa j\u00e4rjestetyss\u00e4 tapahtumassa Lieksan Yritt\u00e4j\u00e4t luovuttivat Vuoden 2018 lieksalainen kunniakirjan Rukaj\u00e4rven suunnan historiayhdistys Teksti jatkuu...Yll\u00e4tt\u00e4v\u00e4 huomionosoitus &#8211; Tenho Tikkasesta vuoden lieksalainen 2018.\u2192\" \/>\n<meta property=\"og:url\" content=\"https:\/\/www.rukajarvensuunnanhistoriayhdistys.fi\/historiayhdistys\/yllattava-huomionosoitus-tenho-tikkasesta-vuoden-lieksalainen-2018\/\" \/>\n<meta property=\"og:site_name\" content=\"Rukaj\u00e4rven suunnan historiayhdistys\" \/>\n<meta property=\"article:published_time\" content=\"2018-10-01T06:02:19+00:00\" \/>\n<meta property=\"og:image\" content=\"http:\/\/www.rukajarvensuunnanhistoriayhdistys.fi\/historiayhdistys\/wp-content\/uploads\/2018\/10\/20180928_175139-Lehikoinen-Tikkanen-Tenho-2.jpg\" \/>\n<meta name=\"author\" content=\"RSHY\" \/>\n<meta name=\"twitter:label1\" content=\"Kirjoittanut\" \/>\n\t<meta name=\"twitter:data1\" content=\"RSHY\" \/>\n\t<meta name=\"twitter:label2\" content=\"Arvioitu lukuaika\" \/>\n\t<meta name=\"twitter:data2\" content=\"3 minuuttia\" \/>\n<script type=\"application\/ld+json\" class=\"yoast-schema-graph\">{\"@context\":\"https:\\\/\\\/schema.org\",\"@graph\":[{\"@type\":\"Article\",\"@id\":\"https:\\\/\\\/www.rukajarvensuunnanhistoriayhdistys.fi\\\/historiayhdistys\\\/yllattava-huomionosoitus-tenho-tikkasesta-vuoden-lieksalainen-2018\\\/#article\",\"isPartOf\":{\"@id\":\"https:\\\/\\\/www.rukajarvensuunnanhistoriayhdistys.fi\\\/historiayhdistys\\\/yllattava-huomionosoitus-tenho-tikkasesta-vuoden-lieksalainen-2018\\\/\"},\"author\":{\"name\":\"RSHY\",\"@id\":\"http:\\\/\\\/www.rukajarvensuunnanhistoriayhdistys.fi\\\/historiayhdistys\\\/#\\\/schema\\\/person\\\/19de7db68bf72dfd2b5d7f6dfbf8454d\"},\"headline\":\"Yll\u00e4tt\u00e4v\u00e4 huomionosoitus &#8211; Tenho Tikkasesta vuoden lieksalainen 2018.\",\"datePublished\":\"2018-10-01T06:02:19+00:00\",\"mainEntityOfPage\":{\"@id\":\"https:\\\/\\\/www.rukajarvensuunnanhistoriayhdistys.fi\\\/historiayhdistys\\\/yllattava-huomionosoitus-tenho-tikkasesta-vuoden-lieksalainen-2018\\\/\"},\"wordCount\":587,\"publisher\":{\"@id\":\"http:\\\/\\\/www.rukajarvensuunnanhistoriayhdistys.fi\\\/historiayhdistys\\\/#organization\"},\"image\":{\"@id\":\"https:\\\/\\\/www.rukajarvensuunnanhistoriayhdistys.fi\\\/historiayhdistys\\\/yllattava-huomionosoitus-tenho-tikkasesta-vuoden-lieksalainen-2018\\\/#primaryimage\"},\"thumbnailUrl\":\"http:\\\/\\\/www.rukajarvensuunnanhistoriayhdistys.fi\\\/historiayhdistys\\\/wp-content\\\/uploads\\\/2018\\\/10\\\/20180928_175139-Lehikoinen-Tikkanen-Tenho-2.jpg\",\"articleSection\":[\"Ajankohtaista\",\"Rukaj\u00e4rvi-keskus\",\"Toiminta\"],\"inLanguage\":\"fi\"},{\"@type\":\"WebPage\",\"@id\":\"https:\\\/\\\/www.rukajarvensuunnanhistoriayhdistys.fi\\\/historiayhdistys\\\/yllattava-huomionosoitus-tenho-tikkasesta-vuoden-lieksalainen-2018\\\/\",\"url\":\"https:\\\/\\\/www.rukajarvensuunnanhistoriayhdistys.fi\\\/historiayhdistys\\\/yllattava-huomionosoitus-tenho-tikkasesta-vuoden-lieksalainen-2018\\\/\",\"name\":\"Yll\u00e4tt\u00e4v\u00e4 huomionosoitus - Tenho Tikkasesta vuoden lieksalainen 2018. - Rukaj\u00e4rven suunnan historiayhdistys\",\"isPartOf\":{\"@id\":\"http:\\\/\\\/www.rukajarvensuunnanhistoriayhdistys.fi\\\/historiayhdistys\\\/#website\"},\"primaryImageOfPage\":{\"@id\":\"https:\\\/\\\/www.rukajarvensuunnanhistoriayhdistys.fi\\\/historiayhdistys\\\/yllattava-huomionosoitus-tenho-tikkasesta-vuoden-lieksalainen-2018\\\/#primaryimage\"},\"image\":{\"@id\":\"https:\\\/\\\/www.rukajarvensuunnanhistoriayhdistys.fi\\\/historiayhdistys\\\/yllattava-huomionosoitus-tenho-tikkasesta-vuoden-lieksalainen-2018\\\/#primaryimage\"},\"thumbnailUrl\":\"http:\\\/\\\/www.rukajarvensuunnanhistoriayhdistys.fi\\\/historiayhdistys\\\/wp-content\\\/uploads\\\/2018\\\/10\\\/20180928_175139-Lehikoinen-Tikkanen-Tenho-2.jpg\",\"datePublished\":\"2018-10-01T06:02:19+00:00\",\"breadcrumb\":{\"@id\":\"https:\\\/\\\/www.rukajarvensuunnanhistoriayhdistys.fi\\\/historiayhdistys\\\/yllattava-huomionosoitus-tenho-tikkasesta-vuoden-lieksalainen-2018\\\/#breadcrumb\"},\"inLanguage\":\"fi\",\"potentialAction\":[{\"@type\":\"ReadAction\",\"target\":[\"https:\\\/\\\/www.rukajarvensuunnanhistoriayhdistys.fi\\\/historiayhdistys\\\/yllattava-huomionosoitus-tenho-tikkasesta-vuoden-lieksalainen-2018\\\/\"]}]},{\"@type\":\"ImageObject\",\"inLanguage\":\"fi\",\"@id\":\"https:\\\/\\\/www.rukajarvensuunnanhistoriayhdistys.fi\\\/historiayhdistys\\\/yllattava-huomionosoitus-tenho-tikkasesta-vuoden-lieksalainen-2018\\\/#primaryimage\",\"url\":\"http:\\\/\\\/www.rukajarvensuunnanhistoriayhdistys.fi\\\/historiayhdistys\\\/wp-content\\\/uploads\\\/2018\\\/10\\\/20180928_175139-Lehikoinen-Tikkanen-Tenho-2.jpg\",\"contentUrl\":\"http:\\\/\\\/www.rukajarvensuunnanhistoriayhdistys.fi\\\/historiayhdistys\\\/wp-content\\\/uploads\\\/2018\\\/10\\\/20180928_175139-Lehikoinen-Tikkanen-Tenho-2.jpg\",\"width\":1312,\"height\":856,\"caption\":\"Lieksan yritt\u00e4jien puheenjohtaja Taisto Lehikoinen luovutti vuoden 2018 lieksalainen kunniakirjan Tenho Tikkaselle. Lieksan kaupunkikeskuksessa j\u00e4rjestetty \\\"H\u00e4m\u00e4r\u00e4nkaupan illan\\\" tapahtuma oli 11 kerta. Tapahtuma k\u00e4ynnistyi aikanaan juuri Taisto Lehikoisen idean pohjalta. T\u00e4ll\u00e4 kertaa tapahtumaan osallistui per\u00e4ti 5000 vierasta.\"},{\"@type\":\"BreadcrumbList\",\"@id\":\"https:\\\/\\\/www.rukajarvensuunnanhistoriayhdistys.fi\\\/historiayhdistys\\\/yllattava-huomionosoitus-tenho-tikkasesta-vuoden-lieksalainen-2018\\\/#breadcrumb\",\"itemListElement\":[{\"@type\":\"ListItem\",\"position\":1,\"name\":\"Etusivu\",\"item\":\"http:\\\/\\\/www.rukajarvensuunnanhistoriayhdistys.fi\\\/historiayhdistys\\\/\"},{\"@type\":\"ListItem\",\"position\":2,\"name\":\"Yll\u00e4tt\u00e4v\u00e4 huomionosoitus &#8211; Tenho Tikkasesta vuoden lieksalainen 2018.\"}]},{\"@type\":\"WebSite\",\"@id\":\"http:\\\/\\\/www.rukajarvensuunnanhistoriayhdistys.fi\\\/historiayhdistys\\\/#website\",\"url\":\"http:\\\/\\\/www.rukajarvensuunnanhistoriayhdistys.fi\\\/historiayhdistys\\\/\",\"name\":\"Rukaj\u00e4rven suunnan historiayhdistys\",\"description\":\"Rukaj\u00e4rven suunnan historiayhdistyksen verkkosivut.\",\"publisher\":{\"@id\":\"http:\\\/\\\/www.rukajarvensuunnanhistoriayhdistys.fi\\\/historiayhdistys\\\/#organization\"},\"potentialAction\":[{\"@type\":\"SearchAction\",\"target\":{\"@type\":\"EntryPoint\",\"urlTemplate\":\"http:\\\/\\\/www.rukajarvensuunnanhistoriayhdistys.fi\\\/historiayhdistys\\\/?s={search_term_string}\"},\"query-input\":{\"@type\":\"PropertyValueSpecification\",\"valueRequired\":true,\"valueName\":\"search_term_string\"}}],\"inLanguage\":\"fi\"},{\"@type\":\"Organization\",\"@id\":\"http:\\\/\\\/www.rukajarvensuunnanhistoriayhdistys.fi\\\/historiayhdistys\\\/#organization\",\"name\":\"Rukaj\u00e4rven suunnan historiayhdistys\",\"url\":\"http:\\\/\\\/www.rukajarvensuunnanhistoriayhdistys.fi\\\/historiayhdistys\\\/\",\"logo\":{\"@type\":\"ImageObject\",\"inLanguage\":\"fi\",\"@id\":\"http:\\\/\\\/www.rukajarvensuunnanhistoriayhdistys.fi\\\/historiayhdistys\\\/#\\\/schema\\\/logo\\\/image\\\/\",\"url\":\"http:\\\/\\\/www.rukajarvensuunnanhistoriayhdistys.fi\\\/historiayhdistys\\\/wp-content\\\/uploads\\\/2013\\\/12\\\/Otsake_3.jpg\",\"contentUrl\":\"http:\\\/\\\/www.rukajarvensuunnanhistoriayhdistys.fi\\\/historiayhdistys\\\/wp-content\\\/uploads\\\/2013\\\/12\\\/Otsake_3.jpg\",\"width\":1000,\"height\":442,\"caption\":\"Rukaj\u00e4rven suunnan historiayhdistys\"},\"image\":{\"@id\":\"http:\\\/\\\/www.rukajarvensuunnanhistoriayhdistys.fi\\\/historiayhdistys\\\/#\\\/schema\\\/logo\\\/image\\\/\"}},{\"@type\":\"Person\",\"@id\":\"http:\\\/\\\/www.rukajarvensuunnanhistoriayhdistys.fi\\\/historiayhdistys\\\/#\\\/schema\\\/person\\\/19de7db68bf72dfd2b5d7f6dfbf8454d\",\"name\":\"RSHY\",\"image\":{\"@type\":\"ImageObject\",\"inLanguage\":\"fi\",\"@id\":\"https:\\\/\\\/secure.gravatar.com\\\/avatar\\\/598d59263a69cc8de65fcb4f9db78d6f58c098cb0e0ba22d73377441af9fa04c?s=96&d=blank&r=g\",\"url\":\"https:\\\/\\\/secure.gravatar.com\\\/avatar\\\/598d59263a69cc8de65fcb4f9db78d6f58c098cb0e0ba22d73377441af9fa04c?s=96&d=blank&r=g\",\"contentUrl\":\"https:\\\/\\\/secure.gravatar.com\\\/avatar\\\/598d59263a69cc8de65fcb4f9db78d6f58c098cb0e0ba22d73377441af9fa04c?s=96&d=blank&r=g\",\"caption\":\"RSHY\"},\"url\":\"http:\\\/\\\/www.rukajarvensuunnanhistoriayhdistys.fi\\\/historiayhdistys\\\/author\\\/rshy\\\/\"}]}<\/script>\n<!-- \/ Yoast SEO plugin. -->","yoast_head_json":{"title":"Yll\u00e4tt\u00e4v\u00e4 huomionosoitus - Tenho Tikkasesta vuoden lieksalainen 2018. - Rukaj\u00e4rven suunnan historiayhdistys","robots":{"index":"index","follow":"follow","max-snippet":"max-snippet:-1","max-image-preview":"max-image-preview:large","max-video-preview":"max-video-preview:-1"},"canonical":"https:\/\/www.rukajarvensuunnanhistoriayhdistys.fi\/historiayhdistys\/yllattava-huomionosoitus-tenho-tikkasesta-vuoden-lieksalainen-2018\/","og_locale":"fi_FI","og_type":"article","og_title":"Yll\u00e4tt\u00e4v\u00e4 huomionosoitus - Tenho Tikkasesta vuoden lieksalainen 2018. - Rukaj\u00e4rven suunnan historiayhdistys","og_description":"Lieksan yritt\u00e4j\u00e4t valitsivat yhdennentoista kerran vuoden lieksalaisen. T\u00e4ll\u00e4 kertaa valituksi tuli Rukaj\u00e4rven suunnan historiayhdistyksen puheenjohtaja Tenho Tikkanen. Lieksassa j\u00e4rjestetyss\u00e4 tapahtumassa Lieksan Yritt\u00e4j\u00e4t luovuttivat Vuoden 2018 lieksalainen kunniakirjan Rukaj\u00e4rven suunnan historiayhdistys Teksti jatkuu...Yll\u00e4tt\u00e4v\u00e4 huomionosoitus &#8211; Tenho Tikkasesta vuoden lieksalainen 2018.\u2192","og_url":"https:\/\/www.rukajarvensuunnanhistoriayhdistys.fi\/historiayhdistys\/yllattava-huomionosoitus-tenho-tikkasesta-vuoden-lieksalainen-2018\/","og_site_name":"Rukaj\u00e4rven suunnan historiayhdistys","article_published_time":"2018-10-01T06:02:19+00:00","og_image":[{"url":"http:\/\/www.rukajarvensuunnanhistoriayhdistys.fi\/historiayhdistys\/wp-content\/uploads\/2018\/10\/20180928_175139-Lehikoinen-Tikkanen-Tenho-2.jpg","type":"","width":"","height":""}],"author":"RSHY","twitter_misc":{"Kirjoittanut":"RSHY","Arvioitu lukuaika":"3 minuuttia"},"schema":{"@context":"https:\/\/schema.org","@graph":[{"@type":"Article","@id":"https:\/\/www.rukajarvensuunnanhistoriayhdistys.fi\/historiayhdistys\/yllattava-huomionosoitus-tenho-tikkasesta-vuoden-lieksalainen-2018\/#article","isPartOf":{"@id":"https:\/\/www.rukajarvensuunnanhistoriayhdistys.fi\/historiayhdistys\/yllattava-huomionosoitus-tenho-tikkasesta-vuoden-lieksalainen-2018\/"},"author":{"name":"RSHY","@id":"http:\/\/www.rukajarvensuunnanhistoriayhdistys.fi\/historiayhdistys\/#\/schema\/person\/19de7db68bf72dfd2b5d7f6dfbf8454d"},"headline":"Yll\u00e4tt\u00e4v\u00e4 huomionosoitus &#8211; Tenho Tikkasesta vuoden lieksalainen 2018.","datePublished":"2018-10-01T06:02:19+00:00","mainEntityOfPage":{"@id":"https:\/\/www.rukajarvensuunnanhistoriayhdistys.fi\/historiayhdistys\/yllattava-huomionosoitus-tenho-tikkasesta-vuoden-lieksalainen-2018\/"},"wordCount":587,"publisher":{"@id":"http:\/\/www.rukajarvensuunnanhistoriayhdistys.fi\/historiayhdistys\/#organization"},"image":{"@id":"https:\/\/www.rukajarvensuunnanhistoriayhdistys.fi\/historiayhdistys\/yllattava-huomionosoitus-tenho-tikkasesta-vuoden-lieksalainen-2018\/#primaryimage"},"thumbnailUrl":"http:\/\/www.rukajarvensuunnanhistoriayhdistys.fi\/historiayhdistys\/wp-content\/uploads\/2018\/10\/20180928_175139-Lehikoinen-Tikkanen-Tenho-2.jpg","articleSection":["Ajankohtaista","Rukaj\u00e4rvi-keskus","Toiminta"],"inLanguage":"fi"},{"@type":"WebPage","@id":"https:\/\/www.rukajarvensuunnanhistoriayhdistys.fi\/historiayhdistys\/yllattava-huomionosoitus-tenho-tikkasesta-vuoden-lieksalainen-2018\/","url":"https:\/\/www.rukajarvensuunnanhistoriayhdistys.fi\/historiayhdistys\/yllattava-huomionosoitus-tenho-tikkasesta-vuoden-lieksalainen-2018\/","name":"Yll\u00e4tt\u00e4v\u00e4 huomionosoitus - Tenho Tikkasesta vuoden lieksalainen 2018. - Rukaj\u00e4rven suunnan historiayhdistys","isPartOf":{"@id":"http:\/\/www.rukajarvensuunnanhistoriayhdistys.fi\/historiayhdistys\/#website"},"primaryImageOfPage":{"@id":"https:\/\/www.rukajarvensuunnanhistoriayhdistys.fi\/historiayhdistys\/yllattava-huomionosoitus-tenho-tikkasesta-vuoden-lieksalainen-2018\/#primaryimage"},"image":{"@id":"https:\/\/www.rukajarvensuunnanhistoriayhdistys.fi\/historiayhdistys\/yllattava-huomionosoitus-tenho-tikkasesta-vuoden-lieksalainen-2018\/#primaryimage"},"thumbnailUrl":"http:\/\/www.rukajarvensuunnanhistoriayhdistys.fi\/historiayhdistys\/wp-content\/uploads\/2018\/10\/20180928_175139-Lehikoinen-Tikkanen-Tenho-2.jpg","datePublished":"2018-10-01T06:02:19+00:00","breadcrumb":{"@id":"https:\/\/www.rukajarvensuunnanhistoriayhdistys.fi\/historiayhdistys\/yllattava-huomionosoitus-tenho-tikkasesta-vuoden-lieksalainen-2018\/#breadcrumb"},"inLanguage":"fi","potentialAction":[{"@type":"ReadAction","target":["https:\/\/www.rukajarvensuunnanhistoriayhdistys.fi\/historiayhdistys\/yllattava-huomionosoitus-tenho-tikkasesta-vuoden-lieksalainen-2018\/"]}]},{"@type":"ImageObject","inLanguage":"fi","@id":"https:\/\/www.rukajarvensuunnanhistoriayhdistys.fi\/historiayhdistys\/yllattava-huomionosoitus-tenho-tikkasesta-vuoden-lieksalainen-2018\/#primaryimage","url":"http:\/\/www.rukajarvensuunnanhistoriayhdistys.fi\/historiayhdistys\/wp-content\/uploads\/2018\/10\/20180928_175139-Lehikoinen-Tikkanen-Tenho-2.jpg","contentUrl":"http:\/\/www.rukajarvensuunnanhistoriayhdistys.fi\/historiayhdistys\/wp-content\/uploads\/2018\/10\/20180928_175139-Lehikoinen-Tikkanen-Tenho-2.jpg","width":1312,"height":856,"caption":"Lieksan yritt\u00e4jien puheenjohtaja Taisto Lehikoinen luovutti vuoden 2018 lieksalainen kunniakirjan Tenho Tikkaselle. Lieksan kaupunkikeskuksessa j\u00e4rjestetty \"H\u00e4m\u00e4r\u00e4nkaupan illan\" tapahtuma oli 11 kerta. Tapahtuma k\u00e4ynnistyi aikanaan juuri Taisto Lehikoisen idean pohjalta. T\u00e4ll\u00e4 kertaa tapahtumaan osallistui per\u00e4ti 5000 vierasta."},{"@type":"BreadcrumbList","@id":"https:\/\/www.rukajarvensuunnanhistoriayhdistys.fi\/historiayhdistys\/yllattava-huomionosoitus-tenho-tikkasesta-vuoden-lieksalainen-2018\/#breadcrumb","itemListElement":[{"@type":"ListItem","position":1,"name":"Etusivu","item":"http:\/\/www.rukajarvensuunnanhistoriayhdistys.fi\/historiayhdistys\/"},{"@type":"ListItem","position":2,"name":"Yll\u00e4tt\u00e4v\u00e4 huomionosoitus &#8211; Tenho Tikkasesta vuoden lieksalainen 2018."}]},{"@type":"WebSite","@id":"http:\/\/www.rukajarvensuunnanhistoriayhdistys.fi\/historiayhdistys\/#website","url":"http:\/\/www.rukajarvensuunnanhistoriayhdistys.fi\/historiayhdistys\/","name":"Rukaj\u00e4rven suunnan historiayhdistys","description":"Rukaj\u00e4rven suunnan historiayhdistyksen verkkosivut.","publisher":{"@id":"http:\/\/www.rukajarvensuunnanhistoriayhdistys.fi\/historiayhdistys\/#organization"},"potentialAction":[{"@type":"SearchAction","target":{"@type":"EntryPoint","urlTemplate":"http:\/\/www.rukajarvensuunnanhistoriayhdistys.fi\/historiayhdistys\/?s={search_term_string}"},"query-input":{"@type":"PropertyValueSpecification","valueRequired":true,"valueName":"search_term_string"}}],"inLanguage":"fi"},{"@type":"Organization","@id":"http:\/\/www.rukajarvensuunnanhistoriayhdistys.fi\/historiayhdistys\/#organization","name":"Rukaj\u00e4rven suunnan historiayhdistys","url":"http:\/\/www.rukajarvensuunnanhistoriayhdistys.fi\/historiayhdistys\/","logo":{"@type":"ImageObject","inLanguage":"fi","@id":"http:\/\/www.rukajarvensuunnanhistoriayhdistys.fi\/historiayhdistys\/#\/schema\/logo\/image\/","url":"http:\/\/www.rukajarvensuunnanhistoriayhdistys.fi\/historiayhdistys\/wp-content\/uploads\/2013\/12\/Otsake_3.jpg","contentUrl":"http:\/\/www.rukajarvensuunnanhistoriayhdistys.fi\/historiayhdistys\/wp-content\/uploads\/2013\/12\/Otsake_3.jpg","width":1000,"height":442,"caption":"Rukaj\u00e4rven suunnan historiayhdistys"},"image":{"@id":"http:\/\/www.rukajarvensuunnanhistoriayhdistys.fi\/historiayhdistys\/#\/schema\/logo\/image\/"}},{"@type":"Person","@id":"http:\/\/www.rukajarvensuunnanhistoriayhdistys.fi\/historiayhdistys\/#\/schema\/person\/19de7db68bf72dfd2b5d7f6dfbf8454d","name":"RSHY","image":{"@type":"ImageObject","inLanguage":"fi","@id":"https:\/\/secure.gravatar.com\/avatar\/598d59263a69cc8de65fcb4f9db78d6f58c098cb0e0ba22d73377441af9fa04c?s=96&d=blank&r=g","url":"https:\/\/secure.gravatar.com\/avatar\/598d59263a69cc8de65fcb4f9db78d6f58c098cb0e0ba22d73377441af9fa04c?s=96&d=blank&r=g","contentUrl":"https:\/\/secure.gravatar.com\/avatar\/598d59263a69cc8de65fcb4f9db78d6f58c098cb0e0ba22d73377441af9fa04c?s=96&d=blank&r=g","caption":"RSHY"},"url":"http:\/\/www.rukajarvensuunnanhistoriayhdistys.fi\/historiayhdistys\/author\/rshy\/"}]}},"_links":{"self":[{"href":"http:\/\/www.rukajarvensuunnanhistoriayhdistys.fi\/historiayhdistys\/wp-json\/wp\/v2\/posts\/12729","targetHints":{"allow":["GET"]}}],"collection":[{"href":"http:\/\/www.rukajarvensuunnanhistoriayhdistys.fi\/historiayhdistys\/wp-json\/wp\/v2\/posts"}],"about":[{"href":"http:\/\/www.rukajarvensuunnanhistoriayhdistys.fi\/historiayhdistys\/wp-json\/wp\/v2\/types\/post"}],"author":[{"embeddable":true,"href":"http:\/\/www.rukajarvensuunnanhistoriayhdistys.fi\/historiayhdistys\/wp-json\/wp\/v2\/users\/3"}],"replies":[{"embeddable":true,"href":"http:\/\/www.rukajarvensuunnanhistoriayhdistys.fi\/historiayhdistys\/wp-json\/wp\/v2\/comments?post=12729"}],"version-history":[{"count":1,"href":"http:\/\/www.rukajarvensuunnanhistoriayhdistys.fi\/historiayhdistys\/wp-json\/wp\/v2\/posts\/12729\/revisions"}],"predecessor-version":[{"id":12732,"href":"http:\/\/www.rukajarvensuunnanhistoriayhdistys.fi\/historiayhdistys\/wp-json\/wp\/v2\/posts\/12729\/revisions\/12732"}],"wp:attachment":[{"href":"http:\/\/www.rukajarvensuunnanhistoriayhdistys.fi\/historiayhdistys\/wp-json\/wp\/v2\/media?parent=12729"}],"wp:term":[{"taxonomy":"category","embeddable":true,"href":"http:\/\/www.rukajarvensuunnanhistoriayhdistys.fi\/historiayhdistys\/wp-json\/wp\/v2\/categories?post=12729"},{"taxonomy":"post_tag","embeddable":true,"href":"http:\/\/www.rukajarvensuunnanhistoriayhdistys.fi\/historiayhdistys\/wp-json\/wp\/v2\/tags?post=12729"}],"curies":[{"name":"wp","href":"https:\/\/api.w.org\/{rel}","templated":true}]}}