{"id":12749,"date":"2018-11-20T11:55:07","date_gmt":"2018-11-20T09:55:07","guid":{"rendered":"http:\/\/www.rukajarvensuunnanhistoriayhdistys.fi\/historiayhdistys\/?p=12749"},"modified":"2018-12-24T08:51:30","modified_gmt":"2018-12-24T06:51:30","slug":"loytyisiko-lisatietoa-rukajarven-rintaman-asevelitaloista","status":"publish","type":"post","link":"http:\/\/www.rukajarvensuunnanhistoriayhdistys.fi\/historiayhdistys\/loytyisiko-lisatietoa-rukajarven-rintaman-asevelitaloista\/","title":{"rendered":"L\u00f6ytyisik\u00f6 lis\u00e4tietoa Rukaj\u00e4rven rintaman asevelitaloista"},"content":{"rendered":"<div class=\"fcbkbttn_buttons_block\" id=\"fcbkbttn_left\"><div class=\"fcbkbttn_like \"><fb:like href=\"http:\/\/www.rukajarvensuunnanhistoriayhdistys.fi\/historiayhdistys\/loytyisiko-lisatietoa-rukajarven-rintaman-asevelitaloista\/\" action=\"like\" colorscheme=\"light\" layout=\"button_count\"  size=\"small\"><\/fb:like><\/div><\/div><p>Kokoamme tietoja Rukaj\u00e4rven rintaman sotilaitten kaatuneitten aseveljien omaisille rintamalla puhdety\u00f6n\u00e4 valmistamista asevelitaloista sek\u00e4 muista rakennuksista, jotka on toimitettu kotirintamalle.<\/p>\n<p>Olemme t\u00e4h\u00e4n saakka saaneet tietoja 24 asevelitalosta ja 14 muusta Rukaj\u00e4rven rintamalla valmistetusta ja Jatkosodan aikana kotirintamalle toimitetusta rakennuksesta. Ker\u00e4\u00e4mme tietoa siis kaikentyyppisist\u00e4 Rukaj\u00e4rven rintamalla rakennetuista rakennuksista, jotka toimitettiin ja pystytettiin Suomeen.<\/p>\n<p>Tarkkaan ottaen asevelitalolla tarkoitetaan asuinrakennusta, jonka aseveljet ovat rakentaneet rintamalla tyyppipiirustusten mukaan useimmiten vapaa-aikanaan ja talkooty\u00f6n\u00e4. Aloitekin tuli usein aseveljilt\u00e4 ja tietenkin rakennus luovutettiin korvauksetta kaatuneen aseveljen omaisille.<\/p>\n<figure id=\"attachment_12777\" aria-describedby=\"caption-attachment-12777\" style=\"width: 4592px\" class=\"wp-caption aligncenter\"><a href=\"http:\/\/www.rukajarvensuunnanhistoriayhdistys.fi\/historiayhdistys\/loytyisiko-lisatietoa-rukajarven-rintaman-asevelitaloista\/sony-dsc-146\/\" rel=\"attachment wp-att-12777\"><img loading=\"lazy\" decoding=\"async\" class=\"size-full wp-image-12777\" src=\"http:\/\/www.rukajarvensuunnanhistoriayhdistys.fi\/historiayhdistys\/wp-content\/uploads\/2018\/11\/Pielavesi-Kaikkonen-Pekka-DSC06975.jpg\" alt=\"\" width=\"4592\" height=\"3056\" data-id=\"12777\" srcset=\"http:\/\/www.rukajarvensuunnanhistoriayhdistys.fi\/historiayhdistys\/wp-content\/uploads\/2018\/11\/Pielavesi-Kaikkonen-Pekka-DSC06975.jpg 4592w, http:\/\/www.rukajarvensuunnanhistoriayhdistys.fi\/historiayhdistys\/wp-content\/uploads\/2018\/11\/Pielavesi-Kaikkonen-Pekka-DSC06975-300x200.jpg 300w, http:\/\/www.rukajarvensuunnanhistoriayhdistys.fi\/historiayhdistys\/wp-content\/uploads\/2018\/11\/Pielavesi-Kaikkonen-Pekka-DSC06975-768x511.jpg 768w, http:\/\/www.rukajarvensuunnanhistoriayhdistys.fi\/historiayhdistys\/wp-content\/uploads\/2018\/11\/Pielavesi-Kaikkonen-Pekka-DSC06975-1024x681.jpg 1024w\" sizes=\"auto, (max-width: 4592px) 100vw, 4592px\" \/><\/a><figcaption id=\"caption-attachment-12777\" class=\"wp-caption-text\">T\u00e4m\u00e4n talon rakensivat rintamalla 7.\/JR 31 aseveljet 16.3.1943 vangiksi joutuneen ja kadonneen Pekka Kaikkosen omaisille Pielavedell\u00e4 talvella 1944. Kuva 6.11.2018 TJT.<\/figcaption><\/figure>\n<p>\u00a0<\/p>\n<figure id=\"attachment_12778\" aria-describedby=\"caption-attachment-12778\" style=\"width: 4592px\" class=\"wp-caption aligncenter\"><a href=\"http:\/\/www.rukajarvensuunnanhistoriayhdistys.fi\/historiayhdistys\/loytyisiko-lisatietoa-rukajarven-rintaman-asevelitaloista\/sony-dsc-147\/\" rel=\"attachment wp-att-12778\"><img loading=\"lazy\" decoding=\"async\" class=\"size-full wp-image-12778\" src=\"http:\/\/www.rukajarvensuunnanhistoriayhdistys.fi\/historiayhdistys\/wp-content\/uploads\/2018\/11\/Pielavesi-Leskinen-Anselmi-DSC06977.jpg\" alt=\"\" width=\"4592\" height=\"3056\" data-id=\"12778\" srcset=\"http:\/\/www.rukajarvensuunnanhistoriayhdistys.fi\/historiayhdistys\/wp-content\/uploads\/2018\/11\/Pielavesi-Leskinen-Anselmi-DSC06977.jpg 4592w, http:\/\/www.rukajarvensuunnanhistoriayhdistys.fi\/historiayhdistys\/wp-content\/uploads\/2018\/11\/Pielavesi-Leskinen-Anselmi-DSC06977-300x200.jpg 300w, http:\/\/www.rukajarvensuunnanhistoriayhdistys.fi\/historiayhdistys\/wp-content\/uploads\/2018\/11\/Pielavesi-Leskinen-Anselmi-DSC06977-768x511.jpg 768w, http:\/\/www.rukajarvensuunnanhistoriayhdistys.fi\/historiayhdistys\/wp-content\/uploads\/2018\/11\/Pielavesi-Leskinen-Anselmi-DSC06977-1024x681.jpg 1024w\" sizes=\"auto, (max-width: 4592px) 100vw, 4592px\" \/><\/a><figcaption id=\"caption-attachment-12778\" class=\"wp-caption-text\">Anselmi Leskisen asevelitalo, mink\u00e4 h\u00e4n sai omistukseensa vasta v. 1952. Alkujaan talo rakennettiin siirtov\u00e4en k\u00e4ytt\u00f6\u00f6n. Kuva 6.11.2018 TJT.<\/figcaption><\/figure>\n<p>\u00a0<\/p>\n<figure id=\"attachment_12776\" aria-describedby=\"caption-attachment-12776\" style=\"width: 600px\" class=\"wp-caption aligncenter\"><a href=\"http:\/\/www.rukajarvensuunnanhistoriayhdistys.fi\/historiayhdistys\/loytyisiko-lisatietoa-rukajarven-rintaman-asevelitaloista\/kuhmo-tahtela-kuva-arja-kovalainen-2\/\" rel=\"attachment wp-att-12776\"><img loading=\"lazy\" decoding=\"async\" class=\"size-full wp-image-12776\" src=\"http:\/\/www.rukajarvensuunnanhistoriayhdistys.fi\/historiayhdistys\/wp-content\/uploads\/2018\/11\/Kuhmo-T\u00e4htel\u00e4-kuva-Arja-Kovalainen-2.jpg\" alt=\"\" width=\"600\" height=\"410\" data-id=\"12776\" srcset=\"http:\/\/www.rukajarvensuunnanhistoriayhdistys.fi\/historiayhdistys\/wp-content\/uploads\/2018\/11\/Kuhmo-T\u00e4htel\u00e4-kuva-Arja-Kovalainen-2.jpg 600w, http:\/\/www.rukajarvensuunnanhistoriayhdistys.fi\/historiayhdistys\/wp-content\/uploads\/2018\/11\/Kuhmo-T\u00e4htel\u00e4-kuva-Arja-Kovalainen-2-300x205.jpg 300w\" sizes=\"auto, (max-width: 600px) 100vw, 600px\" \/><\/a><figcaption id=\"caption-attachment-12776\" class=\"wp-caption-text\">Arvi Piiraisen asevelitalo Kuhmosta. Kuva Arja Kovalainen.<\/figcaption><\/figure>\n<p><a href=\"http:\/\/www.rukajarvensuunnanhistoriayhdistys.fi\/historiayhdistys\/loytyisiko-lisatietoa-rukajarven-rintaman-asevelitaloista\/kajaani-asevelitalot-c-kuva\/\" rel=\"attachment wp-att-12768\"><img loading=\"lazy\" decoding=\"async\" class=\"size-full wp-image-12768\" src=\"http:\/\/www.rukajarvensuunnanhistoriayhdistys.fi\/historiayhdistys\/wp-content\/uploads\/2018\/11\/Kajaani-Asevelitalot-c-kuva.jpg\" alt=\"\" width=\"1324\" height=\"968\" data-id=\"12768\" srcset=\"http:\/\/www.rukajarvensuunnanhistoriayhdistys.fi\/historiayhdistys\/wp-content\/uploads\/2018\/11\/Kajaani-Asevelitalot-c-kuva.jpg 1324w, http:\/\/www.rukajarvensuunnanhistoriayhdistys.fi\/historiayhdistys\/wp-content\/uploads\/2018\/11\/Kajaani-Asevelitalot-c-kuva-300x219.jpg 300w, http:\/\/www.rukajarvensuunnanhistoriayhdistys.fi\/historiayhdistys\/wp-content\/uploads\/2018\/11\/Kajaani-Asevelitalot-c-kuva-768x561.jpg 768w, http:\/\/www.rukajarvensuunnanhistoriayhdistys.fi\/historiayhdistys\/wp-content\/uploads\/2018\/11\/Kajaani-Asevelitalot-c-kuva-1024x749.jpg 1024w\" sizes=\"auto, (max-width: 1324px) 100vw, 1324px\" \/><\/a><\/p>\n<figure id=\"attachment_12753\" aria-describedby=\"caption-attachment-12753\" style=\"width: 1154px\" class=\"wp-caption aligncenter\"><a href=\"http:\/\/www.rukajarvensuunnanhistoriayhdistys.fi\/historiayhdistys\/loytyisiko-lisatietoa-rukajarven-rintaman-asevelitaloista\/lieksa-tirronen-sa-kuva-21528\/\" rel=\"attachment wp-att-12753\"><img loading=\"lazy\" decoding=\"async\" class=\"size-full wp-image-12753\" src=\"http:\/\/www.rukajarvensuunnanhistoriayhdistys.fi\/historiayhdistys\/wp-content\/uploads\/2018\/11\/Lieksa-Tirronen-sa-kuva-21528.jpg\" alt=\"\" width=\"1154\" height=\"1200\" data-id=\"12753\" srcset=\"http:\/\/www.rukajarvensuunnanhistoriayhdistys.fi\/historiayhdistys\/wp-content\/uploads\/2018\/11\/Lieksa-Tirronen-sa-kuva-21528.jpg 1154w, http:\/\/www.rukajarvensuunnanhistoriayhdistys.fi\/historiayhdistys\/wp-content\/uploads\/2018\/11\/Lieksa-Tirronen-sa-kuva-21528-289x300.jpg 289w, http:\/\/www.rukajarvensuunnanhistoriayhdistys.fi\/historiayhdistys\/wp-content\/uploads\/2018\/11\/Lieksa-Tirronen-sa-kuva-21528-768x799.jpg 768w, http:\/\/www.rukajarvensuunnanhistoriayhdistys.fi\/historiayhdistys\/wp-content\/uploads\/2018\/11\/Lieksa-Tirronen-sa-kuva-21528-985x1024.jpg 985w\" sizes=\"auto, (max-width: 1154px) 100vw, 1154px\" \/><\/a><figcaption id=\"caption-attachment-12753\" class=\"wp-caption-text\">Lieksaan pystytetty Olli Tirrosen asevelitalo, jonka rakensivat Seitamon joukot.<\/figcaption><\/figure>\n<p>Ker\u00e4\u00e4miemme tietojen mukaan asevelitalojen joukossa on my\u00f6s eri paikkakuntien Aseveliyhdistysten tilaamia jo Talvisodassa kaatuneen aseveljen omaisille luovutettuja asuinrakennuksia, jopa yksi arpajaisvoittona saatu talo ja olivatpa jotkut sotilaat valmistaneet taloja puhdety\u00f6n\u00e4 my\u00f6s itselleen.<\/p>\n<p>Kaikkiaan Suomen armeija veisti rintamalla 833 asevelitaloa, joista 262 pystytettiin Kajalan kannakselle(teos Puolesta hengen ja heimon ja maan, v. 2001, s. 85). Rukaj\u00e4rven rintamalla valmistettujen asevelitalojen kokonaism\u00e4\u00e4r\u00e4 ei ole tiedossamme.<\/p>\n<p>T\u00e4ss\u00e4 ker\u00e4ysty\u00f6ss\u00e4 emme hae tietoja rintamamiestaloista, jotka v\u00e4lirauhan aikana ja sotien j\u00e4lkeen rintamamiehet itse rakensivat omaan k\u00e4ytt\u00f6\u00f6ns\u00e4 samojen tyyppipiirustusten mukaisesti. Emme etsi tietoja my\u00f6sk\u00e4\u00e4n rintamiestaloista, joita tehtiin ruotsalaisten lahjoitusten turvin.<\/p>\n<p>Ker\u00e4ysty\u00f6ss\u00e4 saamamme tiedot tallennetaan yhdistyksemme digiarkistoon ja lis\u00e4ksi tiedot julkaistaan Rukaj\u00e4rven suunnan sodan j\u00e4lkeist\u00e4 sotahistoriaty\u00f6t\u00e4 k\u00e4sittelev\u00e4ss\u00e4 julkaisussa.<\/p>\n<p>T\u00e4h\u00e4n saakka saatujen tietojen mukaan asevelitaloja l\u00f6ytyy seuraavilta paikkakunnilta:<\/p>\n<ol>\n<li><strong>Kuhmo<\/strong> 3 asevelitaloa ja <a href=\"http:\/\/www.rukajarvensuunnanhistoriayhdistys.fi\/historiayhdistys\/wp-content\/uploads\/2018\/12\/Piirainen-Arvi-T\u00e4htel\u00e4.pdf\">Arvi Piirainen<\/a>, <a href=\"http:\/\/www.rukajarvensuunnanhistoriayhdistys.fi\/historiayhdistys\/wp-content\/uploads\/2018\/11\/Kuhmo-Sutinen-Otto-Emil.pdf\">Otto Sutinen<\/a>,<span style=\"font-family: 'Helvetica Neue', Helvetica, Arial, sans-serif; font-size: 15px; font-style: normal; font-weight: 300;\">\u00a0<a href=\"http:\/\/www.rukajarvensuunnanhistoriayhdistys.fi\/historiayhdistys\/wp-content\/uploads\/2018\/11\/Kuhmo-Rokon-partiomaja-1.pdf\">Rokon partiomaja<\/a><\/span>,<\/li>\n<li><strong>Vuokatti<\/strong> <a href=\"http:\/\/www.rukajarvensuunnanhistoriayhdistys.fi\/historiayhdistys\/wp-content\/uploads\/2018\/11\/Vuokatti-Rukahovi-14-10-2018-kuvitettuna.pdf\">3 asevelitaloa, 4 muuta rakennusta, joista yksi Rukahovi<\/a><\/li>\n<li><strong>Iisalmi<\/strong> 5 asevelitaloa, <a href=\"http:\/\/www.rukajarvensuunnanhistoriayhdistys.fi\/historiayhdistys\/wp-content\/uploads\/2018\/11\/Iisalmi-Huttunen-Lauri.pdf\">Lauri Huttunen<\/a>, <a href=\"http:\/\/www.rukajarvensuunnanhistoriayhdistys.fi\/historiayhdistys\/wp-content\/uploads\/2018\/11\/Iisalmi-Niskanen-Taneli-Honkapirtti.pdf\">Taneli Niskanen<\/a>, <a href=\"http:\/\/www.rukajarvensuunnanhistoriayhdistys.fi\/historiayhdistys\/wp-content\/uploads\/2018\/11\/Iisalmi-Sahlstr\u00f6m-Santeri.pdf\">Santeri Sahlstr\u00f6m<\/a>, <a href=\"http:\/\/www.rukajarvensuunnanhistoriayhdistys.fi\/historiayhdistys\/wp-content\/uploads\/2018\/11\/Iisalmi-M\u00e4h\u00f6nen.pdf\">M\u00e4h\u00f6nen<\/a>, <a href=\"http:\/\/www.rukajarvensuunnanhistoriayhdistys.fi\/historiayhdistys\/wp-content\/uploads\/2018\/11\/Iisalmi-Palm-Taavetti-2.pdf\">Taavetti Palm<\/a>,\u00a0<a href=\"http:\/\/www.rukajarvensuunnanhistoriayhdistys.fi\/historiayhdistys\/wp-content\/uploads\/2018\/12\/Vitikainen-Mikael-Iisalmi.pdf\">Vitikainen Mikael<\/a><\/li>\n<li><strong>Kajaani<\/strong> <a href=\"http:\/\/www.rukajarvensuunnanhistoriayhdistys.fi\/historiayhdistys\/wp-content\/uploads\/2018\/11\/Kajaanin-asevelitalot-1943.pdf\">3 asevelitaloa, Juho Heikkinen, Pekka Jaatinen, Erkki Martikainen<\/a><\/li>\n<li><strong>Lapinlahti<\/strong> 1 asevelitalo, <a href=\"http:\/\/www.rukajarvensuunnanhistoriayhdistys.fi\/historiayhdistys\/wp-content\/uploads\/2018\/11\/Lapinlahti-Ollikainen-Janne-muistio-8-11-2018.pdf\">Janne Ollikainen<\/a>,<\/li>\n<li><strong>Lieksa<\/strong> 4 asevelitaloa, <a href=\"http:\/\/www.rukajarvensuunnanhistoriayhdistys.fi\/historiayhdistys\/wp-content\/uploads\/2018\/12\/Leinonen-Tauno-Ilmari.pdf\">Tauno Leinonen<\/a>, <a href=\"http:\/\/www.rukajarvensuunnanhistoriayhdistys.fi\/historiayhdistys\/wp-content\/uploads\/2018\/11\/Lieksa-Makkonen-Ville.pdf\">Makkonen<\/a>, <a href=\"http:\/\/www.rukajarvensuunnanhistoriayhdistys.fi\/historiayhdistys\/wp-content\/uploads\/2018\/12\/Sormunen-Valdemar-2.pdf\">Valdemar Sormunen<\/a>, Olli Tirronen,<\/li>\n<li><strong>Paltamo<\/strong> 4 asevelitaloa, <a href=\"http:\/\/www.rukajarvensuunnanhistoriayhdistys.fi\/historiayhdistys\/wp-content\/uploads\/2018\/11\/Paltamo-Moilanen-Johan-Ilmari.pdf\">Johan Moilanen<\/a>, <a href=\"http:\/\/www.rukajarvensuunnanhistoriayhdistys.fi\/historiayhdistys\/wp-content\/uploads\/2018\/11\/Paltamo-Romppainen-Veikko-Eemeli.pdf\">Veikko Eemeli Romppainen<\/a>, <a href=\"http:\/\/www.rukajarvensuunnanhistoriayhdistys.fi\/historiayhdistys\/wp-content\/uploads\/2018\/11\/Paltamo-Tervonen-Kaarlo-Vilho.pdf\">Kaarlo Vilho <strong>Tervonen<\/strong><\/a>, <a href=\"http:\/\/www.rukajarvensuunnanhistoriayhdistys.fi\/historiayhdistys\/wp-content\/uploads\/2018\/12\/Tolonen-Kalle-Augusti.pdf\">Kalle Aukusti Tolonen<\/a>,<\/li>\n<li><strong>Pielavesi<\/strong> 2 asevelitaloa, <a href=\"http:\/\/www.rukajarvensuunnanhistoriayhdistys.fi\/historiayhdistys\/wp-content\/uploads\/2018\/11\/Pielavesi-Kaikkonen-Pekka-9-11-1911.pdf\">Pekka Kaikkonen<\/a>, <a href=\"http:\/\/www.rukajarvensuunnanhistoriayhdistys.fi\/historiayhdistys\/wp-content\/uploads\/2018\/11\/Pielavesi-Leskinen-Anselmi-9-12-1910.pdf\">Anselmi Leskinen<\/a>,<\/li>\n<li><strong>Sonkaj\u00e4rvi<\/strong> 1 asevelitalo, <a href=\"http:\/\/www.rukajarvensuunnanhistoriayhdistys.fi\/historiayhdistys\/wp-content\/uploads\/2018\/11\/Sonkaj\u00e4rvi-Eskelinen-V\u00e4in\u00f6-Oskari-muistio.pdf\">V\u00e4in\u00f6 Eskelinen<\/a>,<\/li>\n<li><strong>Sotkamo<\/strong> 1 asevelitalo, <a href=\"http:\/\/www.rukajarvensuunnanhistoriayhdistys.fi\/historiayhdistys\/wp-content\/uploads\/2018\/11\/Sotkamo-Hakkarainen-Eino-Aleksanteri.pdf\">Eino ja Hilda Hakkarainen<\/a>,<\/li>\n<li><span style=\"font-family: 'Helvetica Neue', Helvetica, Arial, sans-serif; font-size: 15px; font-style: normal; font-weight: 300;\"><strong>Vierem\u00e4<\/strong> 1 asevelitalo, <a href=\"http:\/\/www.rukajarvensuunnanhistoriayhdistys.fi\/historiayhdistys\/wp-content\/uploads\/2018\/11\/Vierem\u00e4-Hukkanen-Hermanni-Vierem\u00e4.pdf\">Hermanni Hukkanen<\/a>,<\/span><\/li>\n<\/ol>\n<p>Jokaisesta em. rakennuksesta on laadittu muistio, mik\u00e4 avautuu pdf-tiedostona veteraanin nime\u00e4 napauttamalla.<\/p>\n<p>Mik\u00e4li teill\u00e4 on valokuvia tai tietoa Rukaj\u00e4rven rintamalla rakennetuista asevelitaloista, pyyd\u00e4mme toimittamaan tiedot allekirjoittaneelle (mieluiten s\u00e4hk\u00f6postilla). Olemme kiitollisia kaikista asevelitaloihin liittyvist\u00e4 tiedoista ja my\u00f6s siit\u00e4, mik\u00e4li voisitte antaa asiasta perill\u00e4 olevien henkil\u00f6itten yhteystiedot.<\/p>\n<ul>\n<li>Tenho Tikkanen<\/li>\n<li>Rukaj\u00e4rven suunnan historiayhdistys ry<\/li>\n<li>puheenjohtaja<\/li>\n<li>Yhteystiedot: puh. 040-5408045, sp: tenho.tikkanen@gmail.com<\/li>\n<li><strong>L\u00e4hteet:<\/strong><\/li>\n<li>Suomen rakennustaiteen ja Alvar Aalto museon \u201d40-Luku, korsujen ja j\u00e4lleenrakentamisen vuosikymmen\u201d, muut l\u00e4hteet mainittu muistioissa. Muistiot ovat alustavia luonnoksia, joiden sis\u00e4lt\u00f6\u00e4 t\u00e4ydenn\u00e4mme tietojen karttuessa.<\/li>\n<li>Kansa talkoissa, Kauko Leiponen, Kirjayhtym\u00e4 v. 1987<\/li>\n<li>Kansa talkoissa, talkootoimintaa esittelev\u00e4 kuvateos, Pekka Karunki, v. 1943<\/li>\n<li>Rukaj\u00e4rven aika, Antti Tuuri, v. 1991<\/li>\n<li>Sotasavotta, Mets\u00e4nhoitajat Talvi- ja Jatkosodassa, Jussi Halttunen, Pekka-Juhani Kuitto ja Antti Savela, v. v. 2015<\/li>\n<li>\u00a0<\/li>\n<\/ul>\n\n\n<p><\/p>\n","protected":false},"excerpt":{"rendered":"<p>Kokoamme tietoja Rukaj\u00e4rven rintaman sotilaitten kaatuneitten aseveljien omaisille rintamalla puhdety\u00f6n\u00e4 valmistamista asevelitaloista sek\u00e4 muista rakennuksista, jotka on toimitettu kotirintamalle. Olemme t\u00e4h\u00e4n saakka saaneet tietoja 24 asevelitalosta ja 14 muusta Rukaj\u00e4rven <a class=\"more-link\" href=\"http:\/\/www.rukajarvensuunnanhistoriayhdistys.fi\/historiayhdistys\/loytyisiko-lisatietoa-rukajarven-rintaman-asevelitaloista\/\">Teksti jatkuu&#8230;<span class=\"screen-reader-text\">L\u00f6ytyisik\u00f6 lis\u00e4tietoa Rukaj\u00e4rven rintaman asevelitaloista<\/span><span class=\"meta-nav\">\u2192<\/span><\/a><\/p>\n","protected":false},"author":3,"featured_media":0,"comment_status":"closed","ping_status":"open","sticky":false,"template":"","format":"standard","meta":{"footnotes":""},"categories":[22,17],"tags":[],"class_list":["post-12749","post","type-post","status-publish","format-standard","hentry","category-ajankohtaista","category-toiminta"],"yoast_head":"<!-- This site is optimized with the Yoast SEO plugin v27.4 - https:\/\/yoast.com\/product\/yoast-seo-wordpress\/ -->\n<title>L\u00f6ytyisik\u00f6 lis\u00e4tietoa Rukaj\u00e4rven rintaman asevelitaloista - Rukaj\u00e4rven suunnan historiayhdistys<\/title>\n<meta name=\"robots\" content=\"index, follow, max-snippet:-1, max-image-preview:large, max-video-preview:-1\" \/>\n<link rel=\"canonical\" href=\"http:\/\/www.rukajarvensuunnanhistoriayhdistys.fi\/historiayhdistys\/loytyisiko-lisatietoa-rukajarven-rintaman-asevelitaloista\/\" \/>\n<meta property=\"og:locale\" content=\"fi_FI\" \/>\n<meta property=\"og:type\" content=\"article\" \/>\n<meta property=\"og:title\" content=\"L\u00f6ytyisik\u00f6 lis\u00e4tietoa Rukaj\u00e4rven rintaman asevelitaloista - Rukaj\u00e4rven suunnan historiayhdistys\" \/>\n<meta property=\"og:description\" content=\"Kokoamme tietoja Rukaj\u00e4rven rintaman sotilaitten kaatuneitten aseveljien omaisille rintamalla puhdety\u00f6n\u00e4 valmistamista asevelitaloista sek\u00e4 muista rakennuksista, jotka on toimitettu kotirintamalle. Olemme t\u00e4h\u00e4n saakka saaneet tietoja 24 asevelitalosta ja 14 muusta Rukaj\u00e4rven Teksti jatkuu...L\u00f6ytyisik\u00f6 lis\u00e4tietoa Rukaj\u00e4rven rintaman asevelitaloista\u2192\" \/>\n<meta property=\"og:url\" content=\"http:\/\/www.rukajarvensuunnanhistoriayhdistys.fi\/historiayhdistys\/loytyisiko-lisatietoa-rukajarven-rintaman-asevelitaloista\/\" \/>\n<meta property=\"og:site_name\" content=\"Rukaj\u00e4rven suunnan historiayhdistys\" \/>\n<meta property=\"article:published_time\" content=\"2018-11-20T09:55:07+00:00\" \/>\n<meta property=\"article:modified_time\" content=\"2018-12-24T06:51:30+00:00\" \/>\n<meta property=\"og:image\" content=\"http:\/\/www.rukajarvensuunnanhistoriayhdistys.fi\/historiayhdistys\/wp-content\/uploads\/2018\/11\/Pielavesi-Kaikkonen-Pekka-DSC06975.jpg\" \/>\n<meta name=\"author\" content=\"RSHY\" \/>\n<meta name=\"twitter:label1\" content=\"Kirjoittanut\" \/>\n\t<meta name=\"twitter:data1\" content=\"RSHY\" \/>\n\t<meta name=\"twitter:label2\" content=\"Arvioitu lukuaika\" \/>\n\t<meta name=\"twitter:data2\" content=\"3 minuuttia\" \/>\n<script type=\"application\/ld+json\" class=\"yoast-schema-graph\">{\"@context\":\"https:\\\/\\\/schema.org\",\"@graph\":[{\"@type\":\"Article\",\"@id\":\"http:\\\/\\\/www.rukajarvensuunnanhistoriayhdistys.fi\\\/historiayhdistys\\\/loytyisiko-lisatietoa-rukajarven-rintaman-asevelitaloista\\\/#article\",\"isPartOf\":{\"@id\":\"http:\\\/\\\/www.rukajarvensuunnanhistoriayhdistys.fi\\\/historiayhdistys\\\/loytyisiko-lisatietoa-rukajarven-rintaman-asevelitaloista\\\/\"},\"author\":{\"name\":\"RSHY\",\"@id\":\"http:\\\/\\\/www.rukajarvensuunnanhistoriayhdistys.fi\\\/historiayhdistys\\\/#\\\/schema\\\/person\\\/19de7db68bf72dfd2b5d7f6dfbf8454d\"},\"headline\":\"L\u00f6ytyisik\u00f6 lis\u00e4tietoa Rukaj\u00e4rven rintaman asevelitaloista\",\"datePublished\":\"2018-11-20T09:55:07+00:00\",\"dateModified\":\"2018-12-24T06:51:30+00:00\",\"mainEntityOfPage\":{\"@id\":\"http:\\\/\\\/www.rukajarvensuunnanhistoriayhdistys.fi\\\/historiayhdistys\\\/loytyisiko-lisatietoa-rukajarven-rintaman-asevelitaloista\\\/\"},\"wordCount\":540,\"publisher\":{\"@id\":\"http:\\\/\\\/www.rukajarvensuunnanhistoriayhdistys.fi\\\/historiayhdistys\\\/#organization\"},\"image\":{\"@id\":\"http:\\\/\\\/www.rukajarvensuunnanhistoriayhdistys.fi\\\/historiayhdistys\\\/loytyisiko-lisatietoa-rukajarven-rintaman-asevelitaloista\\\/#primaryimage\"},\"thumbnailUrl\":\"http:\\\/\\\/www.rukajarvensuunnanhistoriayhdistys.fi\\\/historiayhdistys\\\/wp-content\\\/uploads\\\/2018\\\/11\\\/Pielavesi-Kaikkonen-Pekka-DSC06975.jpg\",\"articleSection\":[\"Ajankohtaista\",\"Toiminta\"],\"inLanguage\":\"fi\"},{\"@type\":\"WebPage\",\"@id\":\"http:\\\/\\\/www.rukajarvensuunnanhistoriayhdistys.fi\\\/historiayhdistys\\\/loytyisiko-lisatietoa-rukajarven-rintaman-asevelitaloista\\\/\",\"url\":\"http:\\\/\\\/www.rukajarvensuunnanhistoriayhdistys.fi\\\/historiayhdistys\\\/loytyisiko-lisatietoa-rukajarven-rintaman-asevelitaloista\\\/\",\"name\":\"L\u00f6ytyisik\u00f6 lis\u00e4tietoa Rukaj\u00e4rven rintaman asevelitaloista - Rukaj\u00e4rven suunnan historiayhdistys\",\"isPartOf\":{\"@id\":\"http:\\\/\\\/www.rukajarvensuunnanhistoriayhdistys.fi\\\/historiayhdistys\\\/#website\"},\"primaryImageOfPage\":{\"@id\":\"http:\\\/\\\/www.rukajarvensuunnanhistoriayhdistys.fi\\\/historiayhdistys\\\/loytyisiko-lisatietoa-rukajarven-rintaman-asevelitaloista\\\/#primaryimage\"},\"image\":{\"@id\":\"http:\\\/\\\/www.rukajarvensuunnanhistoriayhdistys.fi\\\/historiayhdistys\\\/loytyisiko-lisatietoa-rukajarven-rintaman-asevelitaloista\\\/#primaryimage\"},\"thumbnailUrl\":\"http:\\\/\\\/www.rukajarvensuunnanhistoriayhdistys.fi\\\/historiayhdistys\\\/wp-content\\\/uploads\\\/2018\\\/11\\\/Pielavesi-Kaikkonen-Pekka-DSC06975.jpg\",\"datePublished\":\"2018-11-20T09:55:07+00:00\",\"dateModified\":\"2018-12-24T06:51:30+00:00\",\"breadcrumb\":{\"@id\":\"http:\\\/\\\/www.rukajarvensuunnanhistoriayhdistys.fi\\\/historiayhdistys\\\/loytyisiko-lisatietoa-rukajarven-rintaman-asevelitaloista\\\/#breadcrumb\"},\"inLanguage\":\"fi\",\"potentialAction\":[{\"@type\":\"ReadAction\",\"target\":[\"http:\\\/\\\/www.rukajarvensuunnanhistoriayhdistys.fi\\\/historiayhdistys\\\/loytyisiko-lisatietoa-rukajarven-rintaman-asevelitaloista\\\/\"]}]},{\"@type\":\"ImageObject\",\"inLanguage\":\"fi\",\"@id\":\"http:\\\/\\\/www.rukajarvensuunnanhistoriayhdistys.fi\\\/historiayhdistys\\\/loytyisiko-lisatietoa-rukajarven-rintaman-asevelitaloista\\\/#primaryimage\",\"url\":\"http:\\\/\\\/www.rukajarvensuunnanhistoriayhdistys.fi\\\/historiayhdistys\\\/wp-content\\\/uploads\\\/2018\\\/11\\\/Pielavesi-Kaikkonen-Pekka-DSC06975.jpg\",\"contentUrl\":\"http:\\\/\\\/www.rukajarvensuunnanhistoriayhdistys.fi\\\/historiayhdistys\\\/wp-content\\\/uploads\\\/2018\\\/11\\\/Pielavesi-Kaikkonen-Pekka-DSC06975.jpg\",\"width\":4592,\"height\":3056,\"caption\":\"T\u00e4m\u00e4n talon rakensivat rintamalla 7.\\\/JR 31 aseveljet 16.3.1943 vangiksi joutuneen ja kadonneen Pekka Kaikkosen omaisille Pielavedell\u00e4 talvella 1944. Kuva 6.11.2018 TJT.\"},{\"@type\":\"BreadcrumbList\",\"@id\":\"http:\\\/\\\/www.rukajarvensuunnanhistoriayhdistys.fi\\\/historiayhdistys\\\/loytyisiko-lisatietoa-rukajarven-rintaman-asevelitaloista\\\/#breadcrumb\",\"itemListElement\":[{\"@type\":\"ListItem\",\"position\":1,\"name\":\"Etusivu\",\"item\":\"http:\\\/\\\/www.rukajarvensuunnanhistoriayhdistys.fi\\\/historiayhdistys\\\/\"},{\"@type\":\"ListItem\",\"position\":2,\"name\":\"L\u00f6ytyisik\u00f6 lis\u00e4tietoa Rukaj\u00e4rven rintaman asevelitaloista\"}]},{\"@type\":\"WebSite\",\"@id\":\"http:\\\/\\\/www.rukajarvensuunnanhistoriayhdistys.fi\\\/historiayhdistys\\\/#website\",\"url\":\"http:\\\/\\\/www.rukajarvensuunnanhistoriayhdistys.fi\\\/historiayhdistys\\\/\",\"name\":\"Rukaj\u00e4rven suunnan historiayhdistys\",\"description\":\"Rukaj\u00e4rven suunnan historiayhdistyksen verkkosivut.\",\"publisher\":{\"@id\":\"http:\\\/\\\/www.rukajarvensuunnanhistoriayhdistys.fi\\\/historiayhdistys\\\/#organization\"},\"potentialAction\":[{\"@type\":\"SearchAction\",\"target\":{\"@type\":\"EntryPoint\",\"urlTemplate\":\"http:\\\/\\\/www.rukajarvensuunnanhistoriayhdistys.fi\\\/historiayhdistys\\\/?s={search_term_string}\"},\"query-input\":{\"@type\":\"PropertyValueSpecification\",\"valueRequired\":true,\"valueName\":\"search_term_string\"}}],\"inLanguage\":\"fi\"},{\"@type\":\"Organization\",\"@id\":\"http:\\\/\\\/www.rukajarvensuunnanhistoriayhdistys.fi\\\/historiayhdistys\\\/#organization\",\"name\":\"Rukaj\u00e4rven suunnan historiayhdistys\",\"url\":\"http:\\\/\\\/www.rukajarvensuunnanhistoriayhdistys.fi\\\/historiayhdistys\\\/\",\"logo\":{\"@type\":\"ImageObject\",\"inLanguage\":\"fi\",\"@id\":\"http:\\\/\\\/www.rukajarvensuunnanhistoriayhdistys.fi\\\/historiayhdistys\\\/#\\\/schema\\\/logo\\\/image\\\/\",\"url\":\"http:\\\/\\\/www.rukajarvensuunnanhistoriayhdistys.fi\\\/historiayhdistys\\\/wp-content\\\/uploads\\\/2013\\\/12\\\/Otsake_3.jpg\",\"contentUrl\":\"http:\\\/\\\/www.rukajarvensuunnanhistoriayhdistys.fi\\\/historiayhdistys\\\/wp-content\\\/uploads\\\/2013\\\/12\\\/Otsake_3.jpg\",\"width\":1000,\"height\":442,\"caption\":\"Rukaj\u00e4rven suunnan historiayhdistys\"},\"image\":{\"@id\":\"http:\\\/\\\/www.rukajarvensuunnanhistoriayhdistys.fi\\\/historiayhdistys\\\/#\\\/schema\\\/logo\\\/image\\\/\"}},{\"@type\":\"Person\",\"@id\":\"http:\\\/\\\/www.rukajarvensuunnanhistoriayhdistys.fi\\\/historiayhdistys\\\/#\\\/schema\\\/person\\\/19de7db68bf72dfd2b5d7f6dfbf8454d\",\"name\":\"RSHY\",\"image\":{\"@type\":\"ImageObject\",\"inLanguage\":\"fi\",\"@id\":\"https:\\\/\\\/secure.gravatar.com\\\/avatar\\\/598d59263a69cc8de65fcb4f9db78d6f58c098cb0e0ba22d73377441af9fa04c?s=96&d=blank&r=g\",\"url\":\"https:\\\/\\\/secure.gravatar.com\\\/avatar\\\/598d59263a69cc8de65fcb4f9db78d6f58c098cb0e0ba22d73377441af9fa04c?s=96&d=blank&r=g\",\"contentUrl\":\"https:\\\/\\\/secure.gravatar.com\\\/avatar\\\/598d59263a69cc8de65fcb4f9db78d6f58c098cb0e0ba22d73377441af9fa04c?s=96&d=blank&r=g\",\"caption\":\"RSHY\"},\"url\":\"http:\\\/\\\/www.rukajarvensuunnanhistoriayhdistys.fi\\\/historiayhdistys\\\/author\\\/rshy\\\/\"}]}<\/script>\n<!-- \/ Yoast SEO plugin. -->","yoast_head_json":{"title":"L\u00f6ytyisik\u00f6 lis\u00e4tietoa Rukaj\u00e4rven rintaman asevelitaloista - Rukaj\u00e4rven suunnan historiayhdistys","robots":{"index":"index","follow":"follow","max-snippet":"max-snippet:-1","max-image-preview":"max-image-preview:large","max-video-preview":"max-video-preview:-1"},"canonical":"http:\/\/www.rukajarvensuunnanhistoriayhdistys.fi\/historiayhdistys\/loytyisiko-lisatietoa-rukajarven-rintaman-asevelitaloista\/","og_locale":"fi_FI","og_type":"article","og_title":"L\u00f6ytyisik\u00f6 lis\u00e4tietoa Rukaj\u00e4rven rintaman asevelitaloista - Rukaj\u00e4rven suunnan historiayhdistys","og_description":"Kokoamme tietoja Rukaj\u00e4rven rintaman sotilaitten kaatuneitten aseveljien omaisille rintamalla puhdety\u00f6n\u00e4 valmistamista asevelitaloista sek\u00e4 muista rakennuksista, jotka on toimitettu kotirintamalle. Olemme t\u00e4h\u00e4n saakka saaneet tietoja 24 asevelitalosta ja 14 muusta Rukaj\u00e4rven Teksti jatkuu...L\u00f6ytyisik\u00f6 lis\u00e4tietoa Rukaj\u00e4rven rintaman asevelitaloista\u2192","og_url":"http:\/\/www.rukajarvensuunnanhistoriayhdistys.fi\/historiayhdistys\/loytyisiko-lisatietoa-rukajarven-rintaman-asevelitaloista\/","og_site_name":"Rukaj\u00e4rven suunnan historiayhdistys","article_published_time":"2018-11-20T09:55:07+00:00","article_modified_time":"2018-12-24T06:51:30+00:00","og_image":[{"url":"http:\/\/www.rukajarvensuunnanhistoriayhdistys.fi\/historiayhdistys\/wp-content\/uploads\/2018\/11\/Pielavesi-Kaikkonen-Pekka-DSC06975.jpg","type":"","width":"","height":""}],"author":"RSHY","twitter_misc":{"Kirjoittanut":"RSHY","Arvioitu lukuaika":"3 minuuttia"},"schema":{"@context":"https:\/\/schema.org","@graph":[{"@type":"Article","@id":"http:\/\/www.rukajarvensuunnanhistoriayhdistys.fi\/historiayhdistys\/loytyisiko-lisatietoa-rukajarven-rintaman-asevelitaloista\/#article","isPartOf":{"@id":"http:\/\/www.rukajarvensuunnanhistoriayhdistys.fi\/historiayhdistys\/loytyisiko-lisatietoa-rukajarven-rintaman-asevelitaloista\/"},"author":{"name":"RSHY","@id":"http:\/\/www.rukajarvensuunnanhistoriayhdistys.fi\/historiayhdistys\/#\/schema\/person\/19de7db68bf72dfd2b5d7f6dfbf8454d"},"headline":"L\u00f6ytyisik\u00f6 lis\u00e4tietoa Rukaj\u00e4rven rintaman asevelitaloista","datePublished":"2018-11-20T09:55:07+00:00","dateModified":"2018-12-24T06:51:30+00:00","mainEntityOfPage":{"@id":"http:\/\/www.rukajarvensuunnanhistoriayhdistys.fi\/historiayhdistys\/loytyisiko-lisatietoa-rukajarven-rintaman-asevelitaloista\/"},"wordCount":540,"publisher":{"@id":"http:\/\/www.rukajarvensuunnanhistoriayhdistys.fi\/historiayhdistys\/#organization"},"image":{"@id":"http:\/\/www.rukajarvensuunnanhistoriayhdistys.fi\/historiayhdistys\/loytyisiko-lisatietoa-rukajarven-rintaman-asevelitaloista\/#primaryimage"},"thumbnailUrl":"http:\/\/www.rukajarvensuunnanhistoriayhdistys.fi\/historiayhdistys\/wp-content\/uploads\/2018\/11\/Pielavesi-Kaikkonen-Pekka-DSC06975.jpg","articleSection":["Ajankohtaista","Toiminta"],"inLanguage":"fi"},{"@type":"WebPage","@id":"http:\/\/www.rukajarvensuunnanhistoriayhdistys.fi\/historiayhdistys\/loytyisiko-lisatietoa-rukajarven-rintaman-asevelitaloista\/","url":"http:\/\/www.rukajarvensuunnanhistoriayhdistys.fi\/historiayhdistys\/loytyisiko-lisatietoa-rukajarven-rintaman-asevelitaloista\/","name":"L\u00f6ytyisik\u00f6 lis\u00e4tietoa Rukaj\u00e4rven rintaman asevelitaloista - Rukaj\u00e4rven suunnan historiayhdistys","isPartOf":{"@id":"http:\/\/www.rukajarvensuunnanhistoriayhdistys.fi\/historiayhdistys\/#website"},"primaryImageOfPage":{"@id":"http:\/\/www.rukajarvensuunnanhistoriayhdistys.fi\/historiayhdistys\/loytyisiko-lisatietoa-rukajarven-rintaman-asevelitaloista\/#primaryimage"},"image":{"@id":"http:\/\/www.rukajarvensuunnanhistoriayhdistys.fi\/historiayhdistys\/loytyisiko-lisatietoa-rukajarven-rintaman-asevelitaloista\/#primaryimage"},"thumbnailUrl":"http:\/\/www.rukajarvensuunnanhistoriayhdistys.fi\/historiayhdistys\/wp-content\/uploads\/2018\/11\/Pielavesi-Kaikkonen-Pekka-DSC06975.jpg","datePublished":"2018-11-20T09:55:07+00:00","dateModified":"2018-12-24T06:51:30+00:00","breadcrumb":{"@id":"http:\/\/www.rukajarvensuunnanhistoriayhdistys.fi\/historiayhdistys\/loytyisiko-lisatietoa-rukajarven-rintaman-asevelitaloista\/#breadcrumb"},"inLanguage":"fi","potentialAction":[{"@type":"ReadAction","target":["http:\/\/www.rukajarvensuunnanhistoriayhdistys.fi\/historiayhdistys\/loytyisiko-lisatietoa-rukajarven-rintaman-asevelitaloista\/"]}]},{"@type":"ImageObject","inLanguage":"fi","@id":"http:\/\/www.rukajarvensuunnanhistoriayhdistys.fi\/historiayhdistys\/loytyisiko-lisatietoa-rukajarven-rintaman-asevelitaloista\/#primaryimage","url":"http:\/\/www.rukajarvensuunnanhistoriayhdistys.fi\/historiayhdistys\/wp-content\/uploads\/2018\/11\/Pielavesi-Kaikkonen-Pekka-DSC06975.jpg","contentUrl":"http:\/\/www.rukajarvensuunnanhistoriayhdistys.fi\/historiayhdistys\/wp-content\/uploads\/2018\/11\/Pielavesi-Kaikkonen-Pekka-DSC06975.jpg","width":4592,"height":3056,"caption":"T\u00e4m\u00e4n talon rakensivat rintamalla 7.\/JR 31 aseveljet 16.3.1943 vangiksi joutuneen ja kadonneen Pekka Kaikkosen omaisille Pielavedell\u00e4 talvella 1944. Kuva 6.11.2018 TJT."},{"@type":"BreadcrumbList","@id":"http:\/\/www.rukajarvensuunnanhistoriayhdistys.fi\/historiayhdistys\/loytyisiko-lisatietoa-rukajarven-rintaman-asevelitaloista\/#breadcrumb","itemListElement":[{"@type":"ListItem","position":1,"name":"Etusivu","item":"http:\/\/www.rukajarvensuunnanhistoriayhdistys.fi\/historiayhdistys\/"},{"@type":"ListItem","position":2,"name":"L\u00f6ytyisik\u00f6 lis\u00e4tietoa Rukaj\u00e4rven rintaman asevelitaloista"}]},{"@type":"WebSite","@id":"http:\/\/www.rukajarvensuunnanhistoriayhdistys.fi\/historiayhdistys\/#website","url":"http:\/\/www.rukajarvensuunnanhistoriayhdistys.fi\/historiayhdistys\/","name":"Rukaj\u00e4rven suunnan historiayhdistys","description":"Rukaj\u00e4rven suunnan historiayhdistyksen verkkosivut.","publisher":{"@id":"http:\/\/www.rukajarvensuunnanhistoriayhdistys.fi\/historiayhdistys\/#organization"},"potentialAction":[{"@type":"SearchAction","target":{"@type":"EntryPoint","urlTemplate":"http:\/\/www.rukajarvensuunnanhistoriayhdistys.fi\/historiayhdistys\/?s={search_term_string}"},"query-input":{"@type":"PropertyValueSpecification","valueRequired":true,"valueName":"search_term_string"}}],"inLanguage":"fi"},{"@type":"Organization","@id":"http:\/\/www.rukajarvensuunnanhistoriayhdistys.fi\/historiayhdistys\/#organization","name":"Rukaj\u00e4rven suunnan historiayhdistys","url":"http:\/\/www.rukajarvensuunnanhistoriayhdistys.fi\/historiayhdistys\/","logo":{"@type":"ImageObject","inLanguage":"fi","@id":"http:\/\/www.rukajarvensuunnanhistoriayhdistys.fi\/historiayhdistys\/#\/schema\/logo\/image\/","url":"http:\/\/www.rukajarvensuunnanhistoriayhdistys.fi\/historiayhdistys\/wp-content\/uploads\/2013\/12\/Otsake_3.jpg","contentUrl":"http:\/\/www.rukajarvensuunnanhistoriayhdistys.fi\/historiayhdistys\/wp-content\/uploads\/2013\/12\/Otsake_3.jpg","width":1000,"height":442,"caption":"Rukaj\u00e4rven suunnan historiayhdistys"},"image":{"@id":"http:\/\/www.rukajarvensuunnanhistoriayhdistys.fi\/historiayhdistys\/#\/schema\/logo\/image\/"}},{"@type":"Person","@id":"http:\/\/www.rukajarvensuunnanhistoriayhdistys.fi\/historiayhdistys\/#\/schema\/person\/19de7db68bf72dfd2b5d7f6dfbf8454d","name":"RSHY","image":{"@type":"ImageObject","inLanguage":"fi","@id":"https:\/\/secure.gravatar.com\/avatar\/598d59263a69cc8de65fcb4f9db78d6f58c098cb0e0ba22d73377441af9fa04c?s=96&d=blank&r=g","url":"https:\/\/secure.gravatar.com\/avatar\/598d59263a69cc8de65fcb4f9db78d6f58c098cb0e0ba22d73377441af9fa04c?s=96&d=blank&r=g","contentUrl":"https:\/\/secure.gravatar.com\/avatar\/598d59263a69cc8de65fcb4f9db78d6f58c098cb0e0ba22d73377441af9fa04c?s=96&d=blank&r=g","caption":"RSHY"},"url":"http:\/\/www.rukajarvensuunnanhistoriayhdistys.fi\/historiayhdistys\/author\/rshy\/"}]}},"_links":{"self":[{"href":"http:\/\/www.rukajarvensuunnanhistoriayhdistys.fi\/historiayhdistys\/wp-json\/wp\/v2\/posts\/12749","targetHints":{"allow":["GET"]}}],"collection":[{"href":"http:\/\/www.rukajarvensuunnanhistoriayhdistys.fi\/historiayhdistys\/wp-json\/wp\/v2\/posts"}],"about":[{"href":"http:\/\/www.rukajarvensuunnanhistoriayhdistys.fi\/historiayhdistys\/wp-json\/wp\/v2\/types\/post"}],"author":[{"embeddable":true,"href":"http:\/\/www.rukajarvensuunnanhistoriayhdistys.fi\/historiayhdistys\/wp-json\/wp\/v2\/users\/3"}],"replies":[{"embeddable":true,"href":"http:\/\/www.rukajarvensuunnanhistoriayhdistys.fi\/historiayhdistys\/wp-json\/wp\/v2\/comments?post=12749"}],"version-history":[{"count":18,"href":"http:\/\/www.rukajarvensuunnanhistoriayhdistys.fi\/historiayhdistys\/wp-json\/wp\/v2\/posts\/12749\/revisions"}],"predecessor-version":[{"id":12936,"href":"http:\/\/www.rukajarvensuunnanhistoriayhdistys.fi\/historiayhdistys\/wp-json\/wp\/v2\/posts\/12749\/revisions\/12936"}],"wp:attachment":[{"href":"http:\/\/www.rukajarvensuunnanhistoriayhdistys.fi\/historiayhdistys\/wp-json\/wp\/v2\/media?parent=12749"}],"wp:term":[{"taxonomy":"category","embeddable":true,"href":"http:\/\/www.rukajarvensuunnanhistoriayhdistys.fi\/historiayhdistys\/wp-json\/wp\/v2\/categories?post=12749"},{"taxonomy":"post_tag","embeddable":true,"href":"http:\/\/www.rukajarvensuunnanhistoriayhdistys.fi\/historiayhdistys\/wp-json\/wp\/v2\/tags?post=12749"}],"curies":[{"name":"wp","href":"https:\/\/api.w.org\/{rel}","templated":true}]}}