{"id":1290,"date":"2014-09-13T10:07:18","date_gmt":"2014-09-13T07:07:18","guid":{"rendered":"http:\/\/www.rukajarvensuunnanhistoriayhdistys.fi\/historiayhdistys\/?p=1290"},"modified":"2014-09-22T22:12:46","modified_gmt":"2014-09-22T19:12:46","slug":"ensimmainen-rauhanviesti-ilmapallo-loytyi","status":"publish","type":"post","link":"http:\/\/www.rukajarvensuunnanhistoriayhdistys.fi\/historiayhdistys\/ensimmainen-rauhanviesti-ilmapallo-loytyi\/","title":{"rendered":"Ensimm\u00e4inen rauhanviesti ilmapallo l\u00f6ytyi"},"content":{"rendered":"<div class=\"fcbkbttn_buttons_block\" id=\"fcbkbttn_left\"><div class=\"fcbkbttn_like \"><fb:like href=\"http:\/\/www.rukajarvensuunnanhistoriayhdistys.fi\/historiayhdistys\/ensimmainen-rauhanviesti-ilmapallo-loytyi\/\" action=\"like\" colorscheme=\"light\" layout=\"button_count\"  size=\"small\"><\/fb:like><\/div><\/div><p>Oheinen aiemmin 13.9.2014 julkaistu viesti sai t\u00e4n\u00e4\u00e4n lis\u00e4v\u00e4ri\u00e4, kun Joensuussa asuva Arja Makkonen oli ilmoittanut l\u00f6yt\u00e4neens\u00e4 ilmapallon jo 4.9.2014 klo 17.30 kotipuutarhastaan. Pallo oli siis l\u00e4ht\u00f6isin Kiuruvedelt\u00e4, josta Kiuruveden Nivan koulun oppilaat l\u00e4hettiv\u00e4t rauhanviesti-ilmapallot\u00a0tasan klo 8.00. Juuri tuolloin 70 vuotta aikaisemmin suomalaisten aseet vaikenivat rintamalla.<\/p>\n<p>Ilmapallo oli kulkenut tuon p\u00e4iv\u00e4n aikana Kiuruveden kulttuuritalon pihamaalta, os. L\u00e4hteentie 10 Joensuuhun Hyv\u00e4ril\u00e4ntie 20:n Arja Makkosen puutarhaan. Matkaa on 200,4 km. Aiemmin Joensuun Hein\u00e4vaarasta l\u00f6ydetyn ilmapallon l\u00f6ytymispaikkaan on matkaa vain 15,1 km.<\/p>\n<figure id=\"attachment_5742\" aria-describedby=\"caption-attachment-5742\" style=\"width: 828px\" class=\"wp-caption alignnone\"><a href=\"http:\/\/www.rukajarvensuunnanhistoriayhdistys.fi\/historiayhdistys\/wp-content\/uploads\/2014\/09\/Joensuu-Hyv\u00e4ril\u00e4ntie-20.jpg\"><img loading=\"lazy\" decoding=\"async\" class=\"wp-image-5742 size-full\" src=\"http:\/\/www.rukajarvensuunnanhistoriayhdistys.fi\/historiayhdistys\/wp-content\/uploads\/2014\/09\/Joensuu-Hyv\u00e4ril\u00e4ntie-20.jpg\" alt=\"Rauhankyyhky ilmapallo l\u00f6ytyi jo 4.9.2014 klo 17.30 Arja Makkosen kotipuutarhasta Joensuusta os. Hyv\u00e4ril\u00e4ntie 20.\" width=\"828\" height=\"556\" data-id=\"5742\" srcset=\"http:\/\/www.rukajarvensuunnanhistoriayhdistys.fi\/historiayhdistys\/wp-content\/uploads\/2014\/09\/Joensuu-Hyv\u00e4ril\u00e4ntie-20.jpg 828w, http:\/\/www.rukajarvensuunnanhistoriayhdistys.fi\/historiayhdistys\/wp-content\/uploads\/2014\/09\/Joensuu-Hyv\u00e4ril\u00e4ntie-20-300x201.jpg 300w\" sizes=\"auto, (max-width: 828px) 100vw, 828px\" \/><\/a><figcaption id=\"caption-attachment-5742\" class=\"wp-caption-text\">Rauhankyyhky ilmapallo l\u00f6ytyi jo 4.9.2014 klo 17.30 Arja Makkosen kotipuutarhasta Joensuusta os. Hyv\u00e4ril\u00e4ntie 20.<\/figcaption><\/figure>\n<p>Arja Makkonen kertoo, ett\u00e4 h\u00e4nelle t\u00e4m\u00e4 asia on l\u00e4heinen, koska h\u00e4nen isois\u00e4ns\u00e4 Paavo Pyyk\u00f6nen oli ensimm\u00e4isi\u00e4 Talvisodan kaatuneita. Ukki haavoittui Suomussalmella Raatteentien taisteluissa 30.11.1939 ja menehtyi my\u00f6hemmin haavoihinsa. Arja Makkosen is\u00e4 Rauno Pyyk\u00f6nen oli tuolloin vain 4 kuukauden ik\u00e4inen ja h\u00e4nest\u00e4 tuli Talvisodan ensimm\u00e4isi\u00e4 sotaorpoja.<\/p>\n<p>Kiit\u00e4mme Arja Makkosta h\u00e4nen yhdistyksellemme toimittamasta viestist\u00e4.<\/p>\n<h1>Alla aiemmin jo 13.9.2014\u00a0julkaistu selvitys<\/h1>\n<p>Ensimm\u00e4inen rauhankyyhkyilmapallo l\u00f6ytyi 5.9.2014 klo 10.40.<\/p>\n<figure id=\"attachment_1300\" aria-describedby=\"caption-attachment-1300\" style=\"width: 1754px\" class=\"wp-caption alignnone\"><a href=\"http:\/\/www.rukajarvensuunnanhistoriayhdistys.fi\/historiayhdistys\/wp-content\/uploads\/2014\/09\/X-Ilmapallon-L\u00f6yt\u00f6paikka-Sanja-Laakkonen-retkikartta-4.jpg\"><img loading=\"lazy\" decoding=\"async\" class=\"wp-image-1300 size-full\" src=\"http:\/\/www.rukajarvensuunnanhistoriayhdistys.fi\/historiayhdistys\/wp-content\/uploads\/2014\/09\/X-Ilmapallon-L\u00f6yt\u00f6paikka-Sanja-Laakkonen-retkikartta-4.jpg\" alt=\"Sanna Laakkonen l\u00f6ysi ensimm\u00e4isen rauhanviesti ilmapallon 5.9.2014 klo 10.40.\" width=\"1754\" height=\"1240\" data-id=\"1300\" srcset=\"http:\/\/www.rukajarvensuunnanhistoriayhdistys.fi\/historiayhdistys\/wp-content\/uploads\/2014\/09\/X-Ilmapallon-L\u00f6yt\u00f6paikka-Sanja-Laakkonen-retkikartta-4.jpg 1754w, http:\/\/www.rukajarvensuunnanhistoriayhdistys.fi\/historiayhdistys\/wp-content\/uploads\/2014\/09\/X-Ilmapallon-L\u00f6yt\u00f6paikka-Sanja-Laakkonen-retkikartta-4-300x212.jpg 300w, http:\/\/www.rukajarvensuunnanhistoriayhdistys.fi\/historiayhdistys\/wp-content\/uploads\/2014\/09\/X-Ilmapallon-L\u00f6yt\u00f6paikka-Sanja-Laakkonen-retkikartta-4-1024x723.jpg 1024w\" sizes=\"auto, (max-width: 1754px) 100vw, 1754px\" \/><\/a><figcaption id=\"caption-attachment-1300\" class=\"wp-caption-text\">Sanja Laakkonen l\u00f6ysi ensimm\u00e4isen rauhanviesti ilmapallon 5.9.2014 klo 10.40.<\/figcaption><\/figure>\n<p>&nbsp;<\/p>\n<figure id=\"attachment_1299\" aria-describedby=\"caption-attachment-1299\" style=\"width: 2130px\" class=\"wp-caption alignnone\"><a href=\"http:\/\/www.rukajarvensuunnanhistoriayhdistys.fi\/historiayhdistys\/wp-content\/uploads\/2014\/09\/X-Scan10001.jpg\"><img loading=\"lazy\" decoding=\"async\" class=\"wp-image-1299 size-full\" src=\"http:\/\/www.rukajarvensuunnanhistoriayhdistys.fi\/historiayhdistys\/wp-content\/uploads\/2014\/09\/X-Scan10001.jpg\" alt=\"Rauhanviesti\" width=\"2130\" height=\"1085\" data-id=\"1299\" srcset=\"http:\/\/www.rukajarvensuunnanhistoriayhdistys.fi\/historiayhdistys\/wp-content\/uploads\/2014\/09\/X-Scan10001.jpg 2130w, http:\/\/www.rukajarvensuunnanhistoriayhdistys.fi\/historiayhdistys\/wp-content\/uploads\/2014\/09\/X-Scan10001-300x152.jpg 300w, http:\/\/www.rukajarvensuunnanhistoriayhdistys.fi\/historiayhdistys\/wp-content\/uploads\/2014\/09\/X-Scan10001-1024x521.jpg 1024w\" sizes=\"auto, (max-width: 2130px) 100vw, 2130px\" \/><\/a><figcaption id=\"caption-attachment-1299\" class=\"wp-caption-text\">Rauhanviesti<\/figcaption><\/figure>\n<p>Parhaat kiitoksemme Sanja Laakkoselle, joka sienimets\u00e4ll\u00e4 k\u00e4ydess\u00e4\u00e4n l\u00f6ysi ensimm\u00e4isen\u00e4 Kansalaisjuhlan 70 vuotta Jatkosodan p\u00e4\u00e4ttymisest\u00e4 juhlallisuuksien yhteydess\u00e4 l\u00e4hetetyn rauhanviesti-ilmapallon.<\/p>\n<figure id=\"attachment_1297\" aria-describedby=\"caption-attachment-1297\" style=\"width: 414px\" class=\"wp-caption alignnone\"><a href=\"http:\/\/www.rukajarvensuunnanhistoriayhdistys.fi\/historiayhdistys\/wp-content\/uploads\/2014\/09\/X-Ilmapallon-L\u00f6yt\u00f6paikka-Sanja-Laakkonen-retkikartta-2.jpg\"><img loading=\"lazy\" decoding=\"async\" class=\"wp-image-1297 size-full\" src=\"http:\/\/www.rukajarvensuunnanhistoriayhdistys.fi\/historiayhdistys\/wp-content\/uploads\/2014\/09\/X-Ilmapallon-L\u00f6yt\u00f6paikka-Sanja-Laakkonen-retkikartta-2.jpg\" alt=\"Pallon kulkureitti Lieksan asemalta Kiihtelysvaaraan on 85, 7 km. Sanja Laakkonen l\u00f6ysi pallon n. tunnin kuluttua sen l\u00e4hett\u00e4misest\u00e4.\" width=\"414\" height=\"521\" data-id=\"1297\" srcset=\"http:\/\/www.rukajarvensuunnanhistoriayhdistys.fi\/historiayhdistys\/wp-content\/uploads\/2014\/09\/X-Ilmapallon-L\u00f6yt\u00f6paikka-Sanja-Laakkonen-retkikartta-2.jpg 414w, http:\/\/www.rukajarvensuunnanhistoriayhdistys.fi\/historiayhdistys\/wp-content\/uploads\/2014\/09\/X-Ilmapallon-L\u00f6yt\u00f6paikka-Sanja-Laakkonen-retkikartta-2-238x300.jpg 238w\" sizes=\"auto, (max-width: 414px) 100vw, 414px\" \/><\/a><figcaption id=\"caption-attachment-1297\" class=\"wp-caption-text\">Pallon kulkureitti Lieksan asemalta Kiihtelysvaaraan on 85, 7 km. Sanja Laakkonen l\u00f6ysi pallon n. tunnin kuluttua sen l\u00e4hett\u00e4misest\u00e4.<\/figcaption><\/figure>\n<figure id=\"attachment_1296\" aria-describedby=\"caption-attachment-1296\" style=\"width: 598px\" class=\"wp-caption alignnone\"><a href=\"http:\/\/www.rukajarvensuunnanhistoriayhdistys.fi\/historiayhdistys\/wp-content\/uploads\/2014\/09\/X-Ilmapallon-L\u00f6yt\u00f6paikka-Sanja-Laakkonen-retkikartta.jpg\"><img loading=\"lazy\" decoding=\"async\" class=\"wp-image-1296 size-full\" src=\"http:\/\/www.rukajarvensuunnanhistoriayhdistys.fi\/historiayhdistys\/wp-content\/uploads\/2014\/09\/X-Ilmapallon-L\u00f6yt\u00f6paikka-Sanja-Laakkonen-retkikartta.jpg\" alt=\"Tarkka l\u00f6yt\u00f6paikka kartalla.\" width=\"598\" height=\"396\" data-id=\"1296\" srcset=\"http:\/\/www.rukajarvensuunnanhistoriayhdistys.fi\/historiayhdistys\/wp-content\/uploads\/2014\/09\/X-Ilmapallon-L\u00f6yt\u00f6paikka-Sanja-Laakkonen-retkikartta.jpg 598w, http:\/\/www.rukajarvensuunnanhistoriayhdistys.fi\/historiayhdistys\/wp-content\/uploads\/2014\/09\/X-Ilmapallon-L\u00f6yt\u00f6paikka-Sanja-Laakkonen-retkikartta-300x198.jpg 300w\" sizes=\"auto, (max-width: 598px) 100vw, 598px\" \/><\/a><figcaption id=\"caption-attachment-1296\" class=\"wp-caption-text\">Tarkka l\u00f6yt\u00f6paikka kartalla. L\u00f6yt\u00f6paikka on L-kirjaimen suorakulman k\u00e4rjen kohdalla kartassa.<\/figcaption><\/figure>\n<p>Sit\u00e4 emme p\u00e4\u00e4se varmuudella\u00a0tiet\u00e4m\u00e4\u00e4n l\u00e4hetettiink\u00f6 pallo Kiuruvedelt\u00e4 (4.9.2014 klo 8.00), \u00a0Iisalmesta (4.9.2014 klo 12.00),\u00a0tai my\u00f6hemmin samana p\u00e4iv\u00e4n\u00e4 Kajaanista, Kontiom\u00e4elt\u00e4, Vuokatista vaiko Nurmeksesta tai sitten Lieksan rautatieasemalta\u00a05.9.2014 n. klo 9.40. Lieksan asemalta l\u00f6yt\u00f6paikalle on matkaa 85,7 km.<\/p>\n<p>Seuraavassa l\u00e4hett\u00e4j\u00e4n viesti<\/p>\n<p><strong>L\u00e4hett\u00e4j\u00e4:<\/strong> Sanja Laakkonen &lt;<a href=\"mailto:sanja.laakkonen@gmail.com\">sanja.laakkonen@XXXXX<\/a>&gt; <strong>P\u00e4iv\u00e4ys:<\/strong> 5. syyskuuta 2014 13.41.08 UTC+3 <strong>Vastaanottaja:<\/strong> <a href=\"mailto:isto.turpeinen@gmail.com\">isto.turpeinen@gmail.com<\/a> <strong>Aihe:<\/strong> <strong>Rauhanviesti<\/strong><\/p>\n<p>L\u00e4hett\u00e4j\u00e4: Sanja Laakkonen Puhelinnumero: 050552XXXX S\u00e4hk\u00f6posti: <a href=\"mailto:sanja.laakkonen@gmail.com\">sanja.laakkonen@XXXXXX<\/a> Aihe: Rauhanviesti<\/p>\n<p>Viesti tai palaute:<\/p>\n<p>Hei!<\/p>\n<p>L\u00f6ysin yhden rauhanviestin Kiihtelysvaaran Hein\u00e4vaarasta, Tervasuon alueelta sienimet\u00e4ss\u00e4 ollessani t\u00e4n\u00e4 aamuna klo 10.40. L\u00e4hin osoite siihen paikkaan on Kangaslammentie 301. On pitk\u00e4n matkan kulkenut eto pallo \ud83d\ude42 Palautan lapun postissa ensi viikolla.<\/p>\n<p>Yst\u00e4v\u00e4llisin terveisin Sanja Laakkonen\u00a0XXXXXXX, 82110 Hein\u00e4vaara<\/p>\n<p>Parhaat kiitoksemme l\u00f6yt\u00e4j\u00e4lle. Ensimm\u00e4iselle l\u00f6yt\u00e4j\u00e4lle &#8211; Sanja Laakkoselle l\u00e4het\u00e4mme l\u00f6yt\u00f6palkkiona uunituoreen Tauno Oksasen\u00a0Kevytosasto 2:n joukko-osastohistoriateoksen\u00a0Raappanan Nyrkki.<\/p>\n<p>&nbsp;<\/p>\n","protected":false},"excerpt":{"rendered":"<p>Oheinen aiemmin 13.9.2014 julkaistu viesti sai t\u00e4n\u00e4\u00e4n lis\u00e4v\u00e4ri\u00e4, kun Joensuussa asuva Arja Makkonen oli ilmoittanut l\u00f6yt\u00e4neens\u00e4 ilmapallon jo 4.9.2014 klo 17.30 kotipuutarhastaan. Pallo oli siis l\u00e4ht\u00f6isin Kiuruvedelt\u00e4, josta Kiuruveden Nivan <a class=\"more-link\" href=\"http:\/\/www.rukajarvensuunnanhistoriayhdistys.fi\/historiayhdistys\/ensimmainen-rauhanviesti-ilmapallo-loytyi\/\">Teksti jatkuu&#8230;<span class=\"screen-reader-text\">Ensimm\u00e4inen rauhanviesti ilmapallo l\u00f6ytyi<\/span><span class=\"meta-nav\">\u2192<\/span><\/a><\/p>\n","protected":false},"author":3,"featured_media":1300,"comment_status":"closed","ping_status":"open","sticky":false,"template":"","format":"standard","meta":{"footnotes":""},"categories":[21],"tags":[],"class_list":["post-1290","post","type-post","status-publish","format-standard","has-post-thumbnail","hentry","category-rukajarvi-keskus"],"yoast_head":"<!-- This site is optimized with the Yoast SEO plugin v27.4 - https:\/\/yoast.com\/product\/yoast-seo-wordpress\/ -->\n<title>Ensimm\u00e4inen rauhanviesti ilmapallo l\u00f6ytyi - Rukaj\u00e4rven suunnan historiayhdistys<\/title>\n<meta name=\"robots\" content=\"index, follow, max-snippet:-1, max-image-preview:large, max-video-preview:-1\" \/>\n<link rel=\"canonical\" href=\"https:\/\/www.rukajarvensuunnanhistoriayhdistys.fi\/historiayhdistys\/ensimmainen-rauhanviesti-ilmapallo-loytyi\/\" \/>\n<meta property=\"og:locale\" content=\"fi_FI\" \/>\n<meta property=\"og:type\" content=\"article\" \/>\n<meta property=\"og:title\" content=\"Ensimm\u00e4inen rauhanviesti ilmapallo l\u00f6ytyi - Rukaj\u00e4rven suunnan historiayhdistys\" \/>\n<meta property=\"og:description\" content=\"Oheinen aiemmin 13.9.2014 julkaistu viesti sai t\u00e4n\u00e4\u00e4n lis\u00e4v\u00e4ri\u00e4, kun Joensuussa asuva Arja Makkonen oli ilmoittanut l\u00f6yt\u00e4neens\u00e4 ilmapallon jo 4.9.2014 klo 17.30 kotipuutarhastaan. Pallo oli siis l\u00e4ht\u00f6isin Kiuruvedelt\u00e4, josta Kiuruveden Nivan Teksti jatkuu...Ensimm\u00e4inen rauhanviesti ilmapallo l\u00f6ytyi\u2192\" \/>\n<meta property=\"og:url\" content=\"https:\/\/www.rukajarvensuunnanhistoriayhdistys.fi\/historiayhdistys\/ensimmainen-rauhanviesti-ilmapallo-loytyi\/\" \/>\n<meta property=\"og:site_name\" content=\"Rukaj\u00e4rven suunnan historiayhdistys\" \/>\n<meta property=\"article:published_time\" content=\"2014-09-13T07:07:18+00:00\" \/>\n<meta property=\"article:modified_time\" content=\"2014-09-22T19:12:46+00:00\" \/>\n<meta property=\"og:image\" content=\"https:\/\/www.rukajarvensuunnanhistoriayhdistys.fi\/historiayhdistys\/wp-content\/uploads\/2014\/09\/X-Ilmapallon-L\u00f6yt\u00f6paikka-Sanja-Laakkonen-retkikartta-4.jpg\" \/>\n\t<meta property=\"og:image:width\" content=\"1754\" \/>\n\t<meta property=\"og:image:height\" content=\"1240\" \/>\n\t<meta property=\"og:image:type\" content=\"image\/jpeg\" \/>\n<meta name=\"author\" content=\"RSHY\" \/>\n<meta name=\"twitter:label1\" content=\"Kirjoittanut\" \/>\n\t<meta name=\"twitter:data1\" content=\"RSHY\" \/>\n\t<meta name=\"twitter:label2\" content=\"Arvioitu lukuaika\" \/>\n\t<meta name=\"twitter:data2\" content=\"2 minuuttia\" \/>\n<script type=\"application\/ld+json\" class=\"yoast-schema-graph\">{\"@context\":\"https:\\\/\\\/schema.org\",\"@graph\":[{\"@type\":\"Article\",\"@id\":\"https:\\\/\\\/www.rukajarvensuunnanhistoriayhdistys.fi\\\/historiayhdistys\\\/ensimmainen-rauhanviesti-ilmapallo-loytyi\\\/#article\",\"isPartOf\":{\"@id\":\"https:\\\/\\\/www.rukajarvensuunnanhistoriayhdistys.fi\\\/historiayhdistys\\\/ensimmainen-rauhanviesti-ilmapallo-loytyi\\\/\"},\"author\":{\"name\":\"RSHY\",\"@id\":\"http:\\\/\\\/www.rukajarvensuunnanhistoriayhdistys.fi\\\/historiayhdistys\\\/#\\\/schema\\\/person\\\/19de7db68bf72dfd2b5d7f6dfbf8454d\"},\"headline\":\"Ensimm\u00e4inen rauhanviesti ilmapallo l\u00f6ytyi\",\"datePublished\":\"2014-09-13T07:07:18+00:00\",\"dateModified\":\"2014-09-22T19:12:46+00:00\",\"mainEntityOfPage\":{\"@id\":\"https:\\\/\\\/www.rukajarvensuunnanhistoriayhdistys.fi\\\/historiayhdistys\\\/ensimmainen-rauhanviesti-ilmapallo-loytyi\\\/\"},\"wordCount\":451,\"publisher\":{\"@id\":\"http:\\\/\\\/www.rukajarvensuunnanhistoriayhdistys.fi\\\/historiayhdistys\\\/#organization\"},\"image\":{\"@id\":\"https:\\\/\\\/www.rukajarvensuunnanhistoriayhdistys.fi\\\/historiayhdistys\\\/ensimmainen-rauhanviesti-ilmapallo-loytyi\\\/#primaryimage\"},\"thumbnailUrl\":\"http:\\\/\\\/www.rukajarvensuunnanhistoriayhdistys.fi\\\/historiayhdistys\\\/wp-content\\\/uploads\\\/2014\\\/09\\\/X-Ilmapallon-L\u00f6yt\u00f6paikka-Sanja-Laakkonen-retkikartta-4.jpg\",\"articleSection\":[\"Rukaj\u00e4rvi-keskus\"],\"inLanguage\":\"fi\"},{\"@type\":\"WebPage\",\"@id\":\"https:\\\/\\\/www.rukajarvensuunnanhistoriayhdistys.fi\\\/historiayhdistys\\\/ensimmainen-rauhanviesti-ilmapallo-loytyi\\\/\",\"url\":\"https:\\\/\\\/www.rukajarvensuunnanhistoriayhdistys.fi\\\/historiayhdistys\\\/ensimmainen-rauhanviesti-ilmapallo-loytyi\\\/\",\"name\":\"Ensimm\u00e4inen rauhanviesti ilmapallo l\u00f6ytyi - Rukaj\u00e4rven suunnan historiayhdistys\",\"isPartOf\":{\"@id\":\"http:\\\/\\\/www.rukajarvensuunnanhistoriayhdistys.fi\\\/historiayhdistys\\\/#website\"},\"primaryImageOfPage\":{\"@id\":\"https:\\\/\\\/www.rukajarvensuunnanhistoriayhdistys.fi\\\/historiayhdistys\\\/ensimmainen-rauhanviesti-ilmapallo-loytyi\\\/#primaryimage\"},\"image\":{\"@id\":\"https:\\\/\\\/www.rukajarvensuunnanhistoriayhdistys.fi\\\/historiayhdistys\\\/ensimmainen-rauhanviesti-ilmapallo-loytyi\\\/#primaryimage\"},\"thumbnailUrl\":\"http:\\\/\\\/www.rukajarvensuunnanhistoriayhdistys.fi\\\/historiayhdistys\\\/wp-content\\\/uploads\\\/2014\\\/09\\\/X-Ilmapallon-L\u00f6yt\u00f6paikka-Sanja-Laakkonen-retkikartta-4.jpg\",\"datePublished\":\"2014-09-13T07:07:18+00:00\",\"dateModified\":\"2014-09-22T19:12:46+00:00\",\"breadcrumb\":{\"@id\":\"https:\\\/\\\/www.rukajarvensuunnanhistoriayhdistys.fi\\\/historiayhdistys\\\/ensimmainen-rauhanviesti-ilmapallo-loytyi\\\/#breadcrumb\"},\"inLanguage\":\"fi\",\"potentialAction\":[{\"@type\":\"ReadAction\",\"target\":[\"https:\\\/\\\/www.rukajarvensuunnanhistoriayhdistys.fi\\\/historiayhdistys\\\/ensimmainen-rauhanviesti-ilmapallo-loytyi\\\/\"]}]},{\"@type\":\"ImageObject\",\"inLanguage\":\"fi\",\"@id\":\"https:\\\/\\\/www.rukajarvensuunnanhistoriayhdistys.fi\\\/historiayhdistys\\\/ensimmainen-rauhanviesti-ilmapallo-loytyi\\\/#primaryimage\",\"url\":\"http:\\\/\\\/www.rukajarvensuunnanhistoriayhdistys.fi\\\/historiayhdistys\\\/wp-content\\\/uploads\\\/2014\\\/09\\\/X-Ilmapallon-L\u00f6yt\u00f6paikka-Sanja-Laakkonen-retkikartta-4.jpg\",\"contentUrl\":\"http:\\\/\\\/www.rukajarvensuunnanhistoriayhdistys.fi\\\/historiayhdistys\\\/wp-content\\\/uploads\\\/2014\\\/09\\\/X-Ilmapallon-L\u00f6yt\u00f6paikka-Sanja-Laakkonen-retkikartta-4.jpg\",\"width\":1754,\"height\":1240,\"caption\":\"Sanna Laakkonen l\u00f6ysi ensimm\u00e4isen rauhanviesti ilmapallon 5.9.2014 klo 10.40.\"},{\"@type\":\"BreadcrumbList\",\"@id\":\"https:\\\/\\\/www.rukajarvensuunnanhistoriayhdistys.fi\\\/historiayhdistys\\\/ensimmainen-rauhanviesti-ilmapallo-loytyi\\\/#breadcrumb\",\"itemListElement\":[{\"@type\":\"ListItem\",\"position\":1,\"name\":\"Etusivu\",\"item\":\"http:\\\/\\\/www.rukajarvensuunnanhistoriayhdistys.fi\\\/historiayhdistys\\\/\"},{\"@type\":\"ListItem\",\"position\":2,\"name\":\"Ensimm\u00e4inen rauhanviesti ilmapallo l\u00f6ytyi\"}]},{\"@type\":\"WebSite\",\"@id\":\"http:\\\/\\\/www.rukajarvensuunnanhistoriayhdistys.fi\\\/historiayhdistys\\\/#website\",\"url\":\"http:\\\/\\\/www.rukajarvensuunnanhistoriayhdistys.fi\\\/historiayhdistys\\\/\",\"name\":\"Rukaj\u00e4rven suunnan historiayhdistys\",\"description\":\"Rukaj\u00e4rven suunnan historiayhdistyksen verkkosivut.\",\"publisher\":{\"@id\":\"http:\\\/\\\/www.rukajarvensuunnanhistoriayhdistys.fi\\\/historiayhdistys\\\/#organization\"},\"potentialAction\":[{\"@type\":\"SearchAction\",\"target\":{\"@type\":\"EntryPoint\",\"urlTemplate\":\"http:\\\/\\\/www.rukajarvensuunnanhistoriayhdistys.fi\\\/historiayhdistys\\\/?s={search_term_string}\"},\"query-input\":{\"@type\":\"PropertyValueSpecification\",\"valueRequired\":true,\"valueName\":\"search_term_string\"}}],\"inLanguage\":\"fi\"},{\"@type\":\"Organization\",\"@id\":\"http:\\\/\\\/www.rukajarvensuunnanhistoriayhdistys.fi\\\/historiayhdistys\\\/#organization\",\"name\":\"Rukaj\u00e4rven suunnan historiayhdistys\",\"url\":\"http:\\\/\\\/www.rukajarvensuunnanhistoriayhdistys.fi\\\/historiayhdistys\\\/\",\"logo\":{\"@type\":\"ImageObject\",\"inLanguage\":\"fi\",\"@id\":\"http:\\\/\\\/www.rukajarvensuunnanhistoriayhdistys.fi\\\/historiayhdistys\\\/#\\\/schema\\\/logo\\\/image\\\/\",\"url\":\"http:\\\/\\\/www.rukajarvensuunnanhistoriayhdistys.fi\\\/historiayhdistys\\\/wp-content\\\/uploads\\\/2013\\\/12\\\/Otsake_3.jpg\",\"contentUrl\":\"http:\\\/\\\/www.rukajarvensuunnanhistoriayhdistys.fi\\\/historiayhdistys\\\/wp-content\\\/uploads\\\/2013\\\/12\\\/Otsake_3.jpg\",\"width\":1000,\"height\":442,\"caption\":\"Rukaj\u00e4rven suunnan historiayhdistys\"},\"image\":{\"@id\":\"http:\\\/\\\/www.rukajarvensuunnanhistoriayhdistys.fi\\\/historiayhdistys\\\/#\\\/schema\\\/logo\\\/image\\\/\"}},{\"@type\":\"Person\",\"@id\":\"http:\\\/\\\/www.rukajarvensuunnanhistoriayhdistys.fi\\\/historiayhdistys\\\/#\\\/schema\\\/person\\\/19de7db68bf72dfd2b5d7f6dfbf8454d\",\"name\":\"RSHY\",\"image\":{\"@type\":\"ImageObject\",\"inLanguage\":\"fi\",\"@id\":\"https:\\\/\\\/secure.gravatar.com\\\/avatar\\\/598d59263a69cc8de65fcb4f9db78d6f58c098cb0e0ba22d73377441af9fa04c?s=96&d=blank&r=g\",\"url\":\"https:\\\/\\\/secure.gravatar.com\\\/avatar\\\/598d59263a69cc8de65fcb4f9db78d6f58c098cb0e0ba22d73377441af9fa04c?s=96&d=blank&r=g\",\"contentUrl\":\"https:\\\/\\\/secure.gravatar.com\\\/avatar\\\/598d59263a69cc8de65fcb4f9db78d6f58c098cb0e0ba22d73377441af9fa04c?s=96&d=blank&r=g\",\"caption\":\"RSHY\"},\"url\":\"http:\\\/\\\/www.rukajarvensuunnanhistoriayhdistys.fi\\\/historiayhdistys\\\/author\\\/rshy\\\/\"}]}<\/script>\n<!-- \/ Yoast SEO plugin. -->","yoast_head_json":{"title":"Ensimm\u00e4inen rauhanviesti ilmapallo l\u00f6ytyi - Rukaj\u00e4rven suunnan historiayhdistys","robots":{"index":"index","follow":"follow","max-snippet":"max-snippet:-1","max-image-preview":"max-image-preview:large","max-video-preview":"max-video-preview:-1"},"canonical":"https:\/\/www.rukajarvensuunnanhistoriayhdistys.fi\/historiayhdistys\/ensimmainen-rauhanviesti-ilmapallo-loytyi\/","og_locale":"fi_FI","og_type":"article","og_title":"Ensimm\u00e4inen rauhanviesti ilmapallo l\u00f6ytyi - Rukaj\u00e4rven suunnan historiayhdistys","og_description":"Oheinen aiemmin 13.9.2014 julkaistu viesti sai t\u00e4n\u00e4\u00e4n lis\u00e4v\u00e4ri\u00e4, kun Joensuussa asuva Arja Makkonen oli ilmoittanut l\u00f6yt\u00e4neens\u00e4 ilmapallon jo 4.9.2014 klo 17.30 kotipuutarhastaan. Pallo oli siis l\u00e4ht\u00f6isin Kiuruvedelt\u00e4, josta Kiuruveden Nivan Teksti jatkuu...Ensimm\u00e4inen rauhanviesti ilmapallo l\u00f6ytyi\u2192","og_url":"https:\/\/www.rukajarvensuunnanhistoriayhdistys.fi\/historiayhdistys\/ensimmainen-rauhanviesti-ilmapallo-loytyi\/","og_site_name":"Rukaj\u00e4rven suunnan historiayhdistys","article_published_time":"2014-09-13T07:07:18+00:00","article_modified_time":"2014-09-22T19:12:46+00:00","og_image":[{"width":1754,"height":1240,"url":"https:\/\/www.rukajarvensuunnanhistoriayhdistys.fi\/historiayhdistys\/wp-content\/uploads\/2014\/09\/X-Ilmapallon-L\u00f6yt\u00f6paikka-Sanja-Laakkonen-retkikartta-4.jpg","type":"image\/jpeg"}],"author":"RSHY","twitter_misc":{"Kirjoittanut":"RSHY","Arvioitu lukuaika":"2 minuuttia"},"schema":{"@context":"https:\/\/schema.org","@graph":[{"@type":"Article","@id":"https:\/\/www.rukajarvensuunnanhistoriayhdistys.fi\/historiayhdistys\/ensimmainen-rauhanviesti-ilmapallo-loytyi\/#article","isPartOf":{"@id":"https:\/\/www.rukajarvensuunnanhistoriayhdistys.fi\/historiayhdistys\/ensimmainen-rauhanviesti-ilmapallo-loytyi\/"},"author":{"name":"RSHY","@id":"http:\/\/www.rukajarvensuunnanhistoriayhdistys.fi\/historiayhdistys\/#\/schema\/person\/19de7db68bf72dfd2b5d7f6dfbf8454d"},"headline":"Ensimm\u00e4inen rauhanviesti ilmapallo l\u00f6ytyi","datePublished":"2014-09-13T07:07:18+00:00","dateModified":"2014-09-22T19:12:46+00:00","mainEntityOfPage":{"@id":"https:\/\/www.rukajarvensuunnanhistoriayhdistys.fi\/historiayhdistys\/ensimmainen-rauhanviesti-ilmapallo-loytyi\/"},"wordCount":451,"publisher":{"@id":"http:\/\/www.rukajarvensuunnanhistoriayhdistys.fi\/historiayhdistys\/#organization"},"image":{"@id":"https:\/\/www.rukajarvensuunnanhistoriayhdistys.fi\/historiayhdistys\/ensimmainen-rauhanviesti-ilmapallo-loytyi\/#primaryimage"},"thumbnailUrl":"http:\/\/www.rukajarvensuunnanhistoriayhdistys.fi\/historiayhdistys\/wp-content\/uploads\/2014\/09\/X-Ilmapallon-L\u00f6yt\u00f6paikka-Sanja-Laakkonen-retkikartta-4.jpg","articleSection":["Rukaj\u00e4rvi-keskus"],"inLanguage":"fi"},{"@type":"WebPage","@id":"https:\/\/www.rukajarvensuunnanhistoriayhdistys.fi\/historiayhdistys\/ensimmainen-rauhanviesti-ilmapallo-loytyi\/","url":"https:\/\/www.rukajarvensuunnanhistoriayhdistys.fi\/historiayhdistys\/ensimmainen-rauhanviesti-ilmapallo-loytyi\/","name":"Ensimm\u00e4inen rauhanviesti ilmapallo l\u00f6ytyi - Rukaj\u00e4rven suunnan historiayhdistys","isPartOf":{"@id":"http:\/\/www.rukajarvensuunnanhistoriayhdistys.fi\/historiayhdistys\/#website"},"primaryImageOfPage":{"@id":"https:\/\/www.rukajarvensuunnanhistoriayhdistys.fi\/historiayhdistys\/ensimmainen-rauhanviesti-ilmapallo-loytyi\/#primaryimage"},"image":{"@id":"https:\/\/www.rukajarvensuunnanhistoriayhdistys.fi\/historiayhdistys\/ensimmainen-rauhanviesti-ilmapallo-loytyi\/#primaryimage"},"thumbnailUrl":"http:\/\/www.rukajarvensuunnanhistoriayhdistys.fi\/historiayhdistys\/wp-content\/uploads\/2014\/09\/X-Ilmapallon-L\u00f6yt\u00f6paikka-Sanja-Laakkonen-retkikartta-4.jpg","datePublished":"2014-09-13T07:07:18+00:00","dateModified":"2014-09-22T19:12:46+00:00","breadcrumb":{"@id":"https:\/\/www.rukajarvensuunnanhistoriayhdistys.fi\/historiayhdistys\/ensimmainen-rauhanviesti-ilmapallo-loytyi\/#breadcrumb"},"inLanguage":"fi","potentialAction":[{"@type":"ReadAction","target":["https:\/\/www.rukajarvensuunnanhistoriayhdistys.fi\/historiayhdistys\/ensimmainen-rauhanviesti-ilmapallo-loytyi\/"]}]},{"@type":"ImageObject","inLanguage":"fi","@id":"https:\/\/www.rukajarvensuunnanhistoriayhdistys.fi\/historiayhdistys\/ensimmainen-rauhanviesti-ilmapallo-loytyi\/#primaryimage","url":"http:\/\/www.rukajarvensuunnanhistoriayhdistys.fi\/historiayhdistys\/wp-content\/uploads\/2014\/09\/X-Ilmapallon-L\u00f6yt\u00f6paikka-Sanja-Laakkonen-retkikartta-4.jpg","contentUrl":"http:\/\/www.rukajarvensuunnanhistoriayhdistys.fi\/historiayhdistys\/wp-content\/uploads\/2014\/09\/X-Ilmapallon-L\u00f6yt\u00f6paikka-Sanja-Laakkonen-retkikartta-4.jpg","width":1754,"height":1240,"caption":"Sanna Laakkonen l\u00f6ysi ensimm\u00e4isen rauhanviesti ilmapallon 5.9.2014 klo 10.40."},{"@type":"BreadcrumbList","@id":"https:\/\/www.rukajarvensuunnanhistoriayhdistys.fi\/historiayhdistys\/ensimmainen-rauhanviesti-ilmapallo-loytyi\/#breadcrumb","itemListElement":[{"@type":"ListItem","position":1,"name":"Etusivu","item":"http:\/\/www.rukajarvensuunnanhistoriayhdistys.fi\/historiayhdistys\/"},{"@type":"ListItem","position":2,"name":"Ensimm\u00e4inen rauhanviesti ilmapallo l\u00f6ytyi"}]},{"@type":"WebSite","@id":"http:\/\/www.rukajarvensuunnanhistoriayhdistys.fi\/historiayhdistys\/#website","url":"http:\/\/www.rukajarvensuunnanhistoriayhdistys.fi\/historiayhdistys\/","name":"Rukaj\u00e4rven suunnan historiayhdistys","description":"Rukaj\u00e4rven suunnan historiayhdistyksen verkkosivut.","publisher":{"@id":"http:\/\/www.rukajarvensuunnanhistoriayhdistys.fi\/historiayhdistys\/#organization"},"potentialAction":[{"@type":"SearchAction","target":{"@type":"EntryPoint","urlTemplate":"http:\/\/www.rukajarvensuunnanhistoriayhdistys.fi\/historiayhdistys\/?s={search_term_string}"},"query-input":{"@type":"PropertyValueSpecification","valueRequired":true,"valueName":"search_term_string"}}],"inLanguage":"fi"},{"@type":"Organization","@id":"http:\/\/www.rukajarvensuunnanhistoriayhdistys.fi\/historiayhdistys\/#organization","name":"Rukaj\u00e4rven suunnan historiayhdistys","url":"http:\/\/www.rukajarvensuunnanhistoriayhdistys.fi\/historiayhdistys\/","logo":{"@type":"ImageObject","inLanguage":"fi","@id":"http:\/\/www.rukajarvensuunnanhistoriayhdistys.fi\/historiayhdistys\/#\/schema\/logo\/image\/","url":"http:\/\/www.rukajarvensuunnanhistoriayhdistys.fi\/historiayhdistys\/wp-content\/uploads\/2013\/12\/Otsake_3.jpg","contentUrl":"http:\/\/www.rukajarvensuunnanhistoriayhdistys.fi\/historiayhdistys\/wp-content\/uploads\/2013\/12\/Otsake_3.jpg","width":1000,"height":442,"caption":"Rukaj\u00e4rven suunnan historiayhdistys"},"image":{"@id":"http:\/\/www.rukajarvensuunnanhistoriayhdistys.fi\/historiayhdistys\/#\/schema\/logo\/image\/"}},{"@type":"Person","@id":"http:\/\/www.rukajarvensuunnanhistoriayhdistys.fi\/historiayhdistys\/#\/schema\/person\/19de7db68bf72dfd2b5d7f6dfbf8454d","name":"RSHY","image":{"@type":"ImageObject","inLanguage":"fi","@id":"https:\/\/secure.gravatar.com\/avatar\/598d59263a69cc8de65fcb4f9db78d6f58c098cb0e0ba22d73377441af9fa04c?s=96&d=blank&r=g","url":"https:\/\/secure.gravatar.com\/avatar\/598d59263a69cc8de65fcb4f9db78d6f58c098cb0e0ba22d73377441af9fa04c?s=96&d=blank&r=g","contentUrl":"https:\/\/secure.gravatar.com\/avatar\/598d59263a69cc8de65fcb4f9db78d6f58c098cb0e0ba22d73377441af9fa04c?s=96&d=blank&r=g","caption":"RSHY"},"url":"http:\/\/www.rukajarvensuunnanhistoriayhdistys.fi\/historiayhdistys\/author\/rshy\/"}]}},"_links":{"self":[{"href":"http:\/\/www.rukajarvensuunnanhistoriayhdistys.fi\/historiayhdistys\/wp-json\/wp\/v2\/posts\/1290","targetHints":{"allow":["GET"]}}],"collection":[{"href":"http:\/\/www.rukajarvensuunnanhistoriayhdistys.fi\/historiayhdistys\/wp-json\/wp\/v2\/posts"}],"about":[{"href":"http:\/\/www.rukajarvensuunnanhistoriayhdistys.fi\/historiayhdistys\/wp-json\/wp\/v2\/types\/post"}],"author":[{"embeddable":true,"href":"http:\/\/www.rukajarvensuunnanhistoriayhdistys.fi\/historiayhdistys\/wp-json\/wp\/v2\/users\/3"}],"replies":[{"embeddable":true,"href":"http:\/\/www.rukajarvensuunnanhistoriayhdistys.fi\/historiayhdistys\/wp-json\/wp\/v2\/comments?post=1290"}],"version-history":[{"count":6,"href":"http:\/\/www.rukajarvensuunnanhistoriayhdistys.fi\/historiayhdistys\/wp-json\/wp\/v2\/posts\/1290\/revisions"}],"predecessor-version":[{"id":5757,"href":"http:\/\/www.rukajarvensuunnanhistoriayhdistys.fi\/historiayhdistys\/wp-json\/wp\/v2\/posts\/1290\/revisions\/5757"}],"wp:featuredmedia":[{"embeddable":true,"href":"http:\/\/www.rukajarvensuunnanhistoriayhdistys.fi\/historiayhdistys\/wp-json\/wp\/v2\/media\/1300"}],"wp:attachment":[{"href":"http:\/\/www.rukajarvensuunnanhistoriayhdistys.fi\/historiayhdistys\/wp-json\/wp\/v2\/media?parent=1290"}],"wp:term":[{"taxonomy":"category","embeddable":true,"href":"http:\/\/www.rukajarvensuunnanhistoriayhdistys.fi\/historiayhdistys\/wp-json\/wp\/v2\/categories?post=1290"},{"taxonomy":"post_tag","embeddable":true,"href":"http:\/\/www.rukajarvensuunnanhistoriayhdistys.fi\/historiayhdistys\/wp-json\/wp\/v2\/tags?post=1290"}],"curies":[{"name":"wp","href":"https:\/\/api.w.org\/{rel}","templated":true}]}}