{"id":12910,"date":"2018-12-10T17:00:39","date_gmt":"2018-12-10T15:00:39","guid":{"rendered":"http:\/\/www.rukajarvensuunnanhistoriayhdistys.fi\/historiayhdistys\/?p=12910"},"modified":"2018-12-10T20:14:30","modified_gmt":"2018-12-10T18:14:30","slug":"asevelitaloista-saatu-kiitettavasti-lisatietoa","status":"publish","type":"post","link":"http:\/\/www.rukajarvensuunnanhistoriayhdistys.fi\/historiayhdistys\/asevelitaloista-saatu-kiitettavasti-lisatietoa\/","title":{"rendered":"Asevelitaloista saatu kiitett\u00e4v\u00e4sti lis\u00e4tietoa"},"content":{"rendered":"<div class=\"fcbkbttn_buttons_block\" id=\"fcbkbttn_left\"><div class=\"fcbkbttn_like \"><fb:like href=\"http:\/\/www.rukajarvensuunnanhistoriayhdistys.fi\/historiayhdistys\/asevelitaloista-saatu-kiitettavasti-lisatietoa\/\" action=\"like\" colorscheme=\"light\" layout=\"button_count\"  size=\"small\"><\/fb:like><\/div><\/div>\n<p>K\u00e4ynnistimme 20.11.2018 asevelitalojen tietojenkeruutalkoot. Olemme saaneet kiitett\u00e4v\u00e4sti lis\u00e4tietoa Rukaj\u00e4rven rintamalla rakennetuista ja sodan aikana kotirintamalle aseveljien omaisten k\u00e4ytt\u00f6\u00f6n pystytetyist\u00e4 asuintaloista.<\/p>\n\n\n\n<p>T\u00e4h\u00e4n menness\u00e4 tiedossamme on n. 40:n asevelitalon ja muun rakennuksen tiedot. Keruuty\u00f6 jatkuu edelleen ja pyrimme kokoamaan jokaisesta asevelitalosta mahdollisimman tarkat taustatiedot.<\/p>\n\n\n\n<p>Ker\u00e4\u00e4mme tietoa siis kaikentyyppisist\u00e4 Rukaj\u00e4rven rintamalla rakennetuista rakennuksista, jotka sotien aikana toimitettiin ja pystytettiin Suomeen.<\/p>\n\n\n\n<p>Tarkkaan ottaen asevelitalolla tarkoitetaan asuinrakennusta, jonka aseveljet ovat rakentaneet rintamalla tyyppipiirustusten mukaan useimmiten vapaa-aikanaan ja talkooty\u00f6n\u00e4. Aloitekin tuli usein aseveljilt\u00e4 ja tietenkin rakennus luovutettiin korvauksetta kaatuneen aseveljen omaisille<\/p>\n\n\n\n<p>Mik\u00e4li teill\u00e4 on valokuvia tai tietoa Rukaj\u00e4rven rintamalla rakennetuista asevelitaloista, pyyd\u00e4mme toimittamaan tiedot allekirjoittaneelle (mieluiten s\u00e4hk\u00f6postilla). Olemme kiitollisia kaikista asevelitaloihin liittyvist\u00e4 tiedoista ja my\u00f6s siit\u00e4, mik\u00e4li voisitte antaa asiasta perill\u00e4 olevien henkil\u00f6itten yhteystiedot.<\/p>\n\n\n\n<p>Meille on kerrottu tietoa my\u00f6s muilla rintamilla rakennetuista asevelitaloista ja my\u00f6s eri puolille rakennetuista asevelikylist\u00e4. Tallennamme my\u00f6s n\u00e4m\u00e4 tiedot, vaikka emme niiden osalta tule tekem\u00e4\u00e4n jatkotutkimuksia. Kannakselle rakennettiin Jatkosodan aikana runsaasti asevelitaloja, joista esimerkkin\u00e4 Kansa Taisteli lehdess\u00e4 16.6.1981 julkaistu artikkeli, mihin voi tutustua <strong><a href=\"http:\/\/www.rukajarvensuunnanhistoriayhdistys.fi\/historiayhdistys\/wp-content\/uploads\/2018\/12\/Rasimus-Kaarle-Johannes.pdf\">T\u00c4\u00c4LT\u00c4<\/a><\/strong>:<\/p>\n\n\n\n<p>Oheisena kerromme poikkeuksellisen tarinan er\u00e4\u00e4st\u00e4 asevelitalon pienoismallista. Tuo asevelitalon pienoismalli oli luovutettu 7.3.1943 kaksinkertaiselle Marnnerheim-ristin ritari kenraalimajuri A.O. Pajarille.&nbsp; Muistioon voi tutustua <strong><a href=\"http:\/\/www.rukajarvensuunnanhistoriayhdistys.fi\/historiayhdistys\/wp-content\/uploads\/2018\/12\/Asevelitalon-Pienoismallin-tarina.pdf\">T\u00c4\u00c4LT\u00c4<\/a><\/strong>:<\/p>\n\n\n\n<p>Rukaj\u00e4rven suunnalta kiitollisin Hyv\u00e4n Joulun toivotuksin ja&nbsp; aseveliterveisin<\/p>\n\n\n\n<ul class=\"wp-block-list\"><li>Tenho Tikkanen<\/li><li>Rukaj\u00e4rven suunnan historiayhdistys ry<\/li><li>puheenjohtaja<\/li><li>Yhteystiedot: puh. 040 540 8045, sp: tenho.tikkanen@gmail.com<\/li><li><strong>L\u00e4hteet:<\/strong><\/li><li>Suomen rakennustaiteen ja Alvar Aalto museon \u201d40-Luku, korsujen ja j\u00e4lleenrakentamisen vuosikymmen\u201d, muut l\u00e4hteet mainittu muistioissa. Muistiot ovat alustavia luonnoksia, joiden sis\u00e4lt\u00f6\u00e4 t\u00e4ydenn\u00e4mme tietojen karttuessa.<\/li><li>Kansa talkoissa, Kauko Leiponen, Kirjayhtym\u00e4 v. 1987<\/li><li>Kansa talkoissa, talkootoimintaa esittelev\u00e4 kuvateos, Pekka Karunki, v.1943<\/li><li>Rukaj\u00e4rven aika, Antti Tuuri, v. 1991<\/li><li>Sotasavotta, Mets\u00e4nhoitajat Talvi- ja Jatkosodassa, Jussi Halttunen, Pekka-Juhani Kuitto ja Antti Savela, v. v. 2015<\/li><li>Rukaj\u00e4rven suunnan historiikkitoimikunnan haastattelut, RSHYry:n arkisto<\/li><\/ul>\n\n\n\n<p>PS: Aiemmin 20.11.2018 julkaisemaamme asevelitalojentietojen kokoamista koskevaan juttuun voi tutustua <strong><a href=\"http:\/\/www.rukajarvensuunnanhistoriayhdistys.fi\/historiayhdistys\/loytyisiko-lisatietoa-rukajarven-rintaman-asevelitaloista\/\">T\u00c4\u00c4LT\u00c4<\/a><\/strong>:&nbsp;<\/p>\n","protected":false},"excerpt":{"rendered":"<p>K\u00e4ynnistimme 20.11.2018 asevelitalojen tietojenkeruutalkoot. Olemme saaneet kiitett\u00e4v\u00e4sti lis\u00e4tietoa Rukaj\u00e4rven rintamalla rakennetuista ja sodan aikana kotirintamalle aseveljien omaisten k\u00e4ytt\u00f6\u00f6n pystytetyist\u00e4 asuintaloista. T\u00e4h\u00e4n menness\u00e4 tiedossamme on n. 40:n asevelitalon ja muun rakennuksen <a class=\"more-link\" href=\"http:\/\/www.rukajarvensuunnanhistoriayhdistys.fi\/historiayhdistys\/asevelitaloista-saatu-kiitettavasti-lisatietoa\/\">Teksti jatkuu&#8230;<span class=\"screen-reader-text\">Asevelitaloista saatu kiitett\u00e4v\u00e4sti lis\u00e4tietoa<\/span><span class=\"meta-nav\">\u2192<\/span><\/a><\/p>\n","protected":false},"author":3,"featured_media":0,"comment_status":"closed","ping_status":"open","sticky":false,"template":"","format":"standard","meta":{"footnotes":""},"categories":[22,21,17],"tags":[],"class_list":["post-12910","post","type-post","status-publish","format-standard","hentry","category-ajankohtaista","category-rukajarvi-keskus","category-toiminta"],"yoast_head":"<!-- This site is optimized with the Yoast SEO plugin v27.4 - https:\/\/yoast.com\/product\/yoast-seo-wordpress\/ -->\n<title>Asevelitaloista saatu kiitett\u00e4v\u00e4sti lis\u00e4tietoa - Rukaj\u00e4rven suunnan historiayhdistys<\/title>\n<meta name=\"robots\" content=\"index, follow, max-snippet:-1, max-image-preview:large, max-video-preview:-1\" \/>\n<link rel=\"canonical\" href=\"http:\/\/www.rukajarvensuunnanhistoriayhdistys.fi\/historiayhdistys\/asevelitaloista-saatu-kiitettavasti-lisatietoa\/\" \/>\n<meta property=\"og:locale\" content=\"fi_FI\" \/>\n<meta property=\"og:type\" content=\"article\" \/>\n<meta property=\"og:title\" content=\"Asevelitaloista saatu kiitett\u00e4v\u00e4sti lis\u00e4tietoa - Rukaj\u00e4rven suunnan historiayhdistys\" \/>\n<meta property=\"og:description\" content=\"K\u00e4ynnistimme 20.11.2018 asevelitalojen tietojenkeruutalkoot. Olemme saaneet kiitett\u00e4v\u00e4sti lis\u00e4tietoa Rukaj\u00e4rven rintamalla rakennetuista ja sodan aikana kotirintamalle aseveljien omaisten k\u00e4ytt\u00f6\u00f6n pystytetyist\u00e4 asuintaloista. T\u00e4h\u00e4n menness\u00e4 tiedossamme on n. 40:n asevelitalon ja muun rakennuksen Teksti jatkuu...Asevelitaloista saatu kiitett\u00e4v\u00e4sti lis\u00e4tietoa\u2192\" \/>\n<meta property=\"og:url\" content=\"http:\/\/www.rukajarvensuunnanhistoriayhdistys.fi\/historiayhdistys\/asevelitaloista-saatu-kiitettavasti-lisatietoa\/\" \/>\n<meta property=\"og:site_name\" content=\"Rukaj\u00e4rven suunnan historiayhdistys\" \/>\n<meta property=\"article:published_time\" content=\"2018-12-10T15:00:39+00:00\" \/>\n<meta property=\"article:modified_time\" content=\"2018-12-10T18:14:30+00:00\" \/>\n<meta name=\"author\" content=\"RSHY\" \/>\n<meta name=\"twitter:label1\" content=\"Kirjoittanut\" \/>\n\t<meta name=\"twitter:data1\" content=\"RSHY\" \/>\n\t<meta name=\"twitter:label2\" content=\"Arvioitu lukuaika\" \/>\n\t<meta name=\"twitter:data2\" content=\"2 minuuttia\" \/>\n<script type=\"application\/ld+json\" class=\"yoast-schema-graph\">{\"@context\":\"https:\\\/\\\/schema.org\",\"@graph\":[{\"@type\":\"Article\",\"@id\":\"http:\\\/\\\/www.rukajarvensuunnanhistoriayhdistys.fi\\\/historiayhdistys\\\/asevelitaloista-saatu-kiitettavasti-lisatietoa\\\/#article\",\"isPartOf\":{\"@id\":\"http:\\\/\\\/www.rukajarvensuunnanhistoriayhdistys.fi\\\/historiayhdistys\\\/asevelitaloista-saatu-kiitettavasti-lisatietoa\\\/\"},\"author\":{\"name\":\"RSHY\",\"@id\":\"http:\\\/\\\/www.rukajarvensuunnanhistoriayhdistys.fi\\\/historiayhdistys\\\/#\\\/schema\\\/person\\\/19de7db68bf72dfd2b5d7f6dfbf8454d\"},\"headline\":\"Asevelitaloista saatu kiitett\u00e4v\u00e4sti lis\u00e4tietoa\",\"datePublished\":\"2018-12-10T15:00:39+00:00\",\"dateModified\":\"2018-12-10T18:14:30+00:00\",\"mainEntityOfPage\":{\"@id\":\"http:\\\/\\\/www.rukajarvensuunnanhistoriayhdistys.fi\\\/historiayhdistys\\\/asevelitaloista-saatu-kiitettavasti-lisatietoa\\\/\"},\"wordCount\":331,\"publisher\":{\"@id\":\"http:\\\/\\\/www.rukajarvensuunnanhistoriayhdistys.fi\\\/historiayhdistys\\\/#organization\"},\"articleSection\":[\"Ajankohtaista\",\"Rukaj\u00e4rvi-keskus\",\"Toiminta\"],\"inLanguage\":\"fi\"},{\"@type\":\"WebPage\",\"@id\":\"http:\\\/\\\/www.rukajarvensuunnanhistoriayhdistys.fi\\\/historiayhdistys\\\/asevelitaloista-saatu-kiitettavasti-lisatietoa\\\/\",\"url\":\"http:\\\/\\\/www.rukajarvensuunnanhistoriayhdistys.fi\\\/historiayhdistys\\\/asevelitaloista-saatu-kiitettavasti-lisatietoa\\\/\",\"name\":\"Asevelitaloista saatu kiitett\u00e4v\u00e4sti lis\u00e4tietoa - Rukaj\u00e4rven suunnan historiayhdistys\",\"isPartOf\":{\"@id\":\"http:\\\/\\\/www.rukajarvensuunnanhistoriayhdistys.fi\\\/historiayhdistys\\\/#website\"},\"datePublished\":\"2018-12-10T15:00:39+00:00\",\"dateModified\":\"2018-12-10T18:14:30+00:00\",\"breadcrumb\":{\"@id\":\"http:\\\/\\\/www.rukajarvensuunnanhistoriayhdistys.fi\\\/historiayhdistys\\\/asevelitaloista-saatu-kiitettavasti-lisatietoa\\\/#breadcrumb\"},\"inLanguage\":\"fi\",\"potentialAction\":[{\"@type\":\"ReadAction\",\"target\":[\"http:\\\/\\\/www.rukajarvensuunnanhistoriayhdistys.fi\\\/historiayhdistys\\\/asevelitaloista-saatu-kiitettavasti-lisatietoa\\\/\"]}]},{\"@type\":\"BreadcrumbList\",\"@id\":\"http:\\\/\\\/www.rukajarvensuunnanhistoriayhdistys.fi\\\/historiayhdistys\\\/asevelitaloista-saatu-kiitettavasti-lisatietoa\\\/#breadcrumb\",\"itemListElement\":[{\"@type\":\"ListItem\",\"position\":1,\"name\":\"Etusivu\",\"item\":\"http:\\\/\\\/www.rukajarvensuunnanhistoriayhdistys.fi\\\/historiayhdistys\\\/\"},{\"@type\":\"ListItem\",\"position\":2,\"name\":\"Asevelitaloista saatu kiitett\u00e4v\u00e4sti lis\u00e4tietoa\"}]},{\"@type\":\"WebSite\",\"@id\":\"http:\\\/\\\/www.rukajarvensuunnanhistoriayhdistys.fi\\\/historiayhdistys\\\/#website\",\"url\":\"http:\\\/\\\/www.rukajarvensuunnanhistoriayhdistys.fi\\\/historiayhdistys\\\/\",\"name\":\"Rukaj\u00e4rven suunnan historiayhdistys\",\"description\":\"Rukaj\u00e4rven suunnan historiayhdistyksen verkkosivut.\",\"publisher\":{\"@id\":\"http:\\\/\\\/www.rukajarvensuunnanhistoriayhdistys.fi\\\/historiayhdistys\\\/#organization\"},\"potentialAction\":[{\"@type\":\"SearchAction\",\"target\":{\"@type\":\"EntryPoint\",\"urlTemplate\":\"http:\\\/\\\/www.rukajarvensuunnanhistoriayhdistys.fi\\\/historiayhdistys\\\/?s={search_term_string}\"},\"query-input\":{\"@type\":\"PropertyValueSpecification\",\"valueRequired\":true,\"valueName\":\"search_term_string\"}}],\"inLanguage\":\"fi\"},{\"@type\":\"Organization\",\"@id\":\"http:\\\/\\\/www.rukajarvensuunnanhistoriayhdistys.fi\\\/historiayhdistys\\\/#organization\",\"name\":\"Rukaj\u00e4rven suunnan historiayhdistys\",\"url\":\"http:\\\/\\\/www.rukajarvensuunnanhistoriayhdistys.fi\\\/historiayhdistys\\\/\",\"logo\":{\"@type\":\"ImageObject\",\"inLanguage\":\"fi\",\"@id\":\"http:\\\/\\\/www.rukajarvensuunnanhistoriayhdistys.fi\\\/historiayhdistys\\\/#\\\/schema\\\/logo\\\/image\\\/\",\"url\":\"http:\\\/\\\/www.rukajarvensuunnanhistoriayhdistys.fi\\\/historiayhdistys\\\/wp-content\\\/uploads\\\/2013\\\/12\\\/Otsake_3.jpg\",\"contentUrl\":\"http:\\\/\\\/www.rukajarvensuunnanhistoriayhdistys.fi\\\/historiayhdistys\\\/wp-content\\\/uploads\\\/2013\\\/12\\\/Otsake_3.jpg\",\"width\":1000,\"height\":442,\"caption\":\"Rukaj\u00e4rven suunnan historiayhdistys\"},\"image\":{\"@id\":\"http:\\\/\\\/www.rukajarvensuunnanhistoriayhdistys.fi\\\/historiayhdistys\\\/#\\\/schema\\\/logo\\\/image\\\/\"}},{\"@type\":\"Person\",\"@id\":\"http:\\\/\\\/www.rukajarvensuunnanhistoriayhdistys.fi\\\/historiayhdistys\\\/#\\\/schema\\\/person\\\/19de7db68bf72dfd2b5d7f6dfbf8454d\",\"name\":\"RSHY\",\"image\":{\"@type\":\"ImageObject\",\"inLanguage\":\"fi\",\"@id\":\"https:\\\/\\\/secure.gravatar.com\\\/avatar\\\/598d59263a69cc8de65fcb4f9db78d6f58c098cb0e0ba22d73377441af9fa04c?s=96&d=blank&r=g\",\"url\":\"https:\\\/\\\/secure.gravatar.com\\\/avatar\\\/598d59263a69cc8de65fcb4f9db78d6f58c098cb0e0ba22d73377441af9fa04c?s=96&d=blank&r=g\",\"contentUrl\":\"https:\\\/\\\/secure.gravatar.com\\\/avatar\\\/598d59263a69cc8de65fcb4f9db78d6f58c098cb0e0ba22d73377441af9fa04c?s=96&d=blank&r=g\",\"caption\":\"RSHY\"},\"url\":\"http:\\\/\\\/www.rukajarvensuunnanhistoriayhdistys.fi\\\/historiayhdistys\\\/author\\\/rshy\\\/\"}]}<\/script>\n<!-- \/ Yoast SEO plugin. -->","yoast_head_json":{"title":"Asevelitaloista saatu kiitett\u00e4v\u00e4sti lis\u00e4tietoa - Rukaj\u00e4rven suunnan historiayhdistys","robots":{"index":"index","follow":"follow","max-snippet":"max-snippet:-1","max-image-preview":"max-image-preview:large","max-video-preview":"max-video-preview:-1"},"canonical":"http:\/\/www.rukajarvensuunnanhistoriayhdistys.fi\/historiayhdistys\/asevelitaloista-saatu-kiitettavasti-lisatietoa\/","og_locale":"fi_FI","og_type":"article","og_title":"Asevelitaloista saatu kiitett\u00e4v\u00e4sti lis\u00e4tietoa - Rukaj\u00e4rven suunnan historiayhdistys","og_description":"K\u00e4ynnistimme 20.11.2018 asevelitalojen tietojenkeruutalkoot. Olemme saaneet kiitett\u00e4v\u00e4sti lis\u00e4tietoa Rukaj\u00e4rven rintamalla rakennetuista ja sodan aikana kotirintamalle aseveljien omaisten k\u00e4ytt\u00f6\u00f6n pystytetyist\u00e4 asuintaloista. T\u00e4h\u00e4n menness\u00e4 tiedossamme on n. 40:n asevelitalon ja muun rakennuksen Teksti jatkuu...Asevelitaloista saatu kiitett\u00e4v\u00e4sti lis\u00e4tietoa\u2192","og_url":"http:\/\/www.rukajarvensuunnanhistoriayhdistys.fi\/historiayhdistys\/asevelitaloista-saatu-kiitettavasti-lisatietoa\/","og_site_name":"Rukaj\u00e4rven suunnan historiayhdistys","article_published_time":"2018-12-10T15:00:39+00:00","article_modified_time":"2018-12-10T18:14:30+00:00","author":"RSHY","twitter_misc":{"Kirjoittanut":"RSHY","Arvioitu lukuaika":"2 minuuttia"},"schema":{"@context":"https:\/\/schema.org","@graph":[{"@type":"Article","@id":"http:\/\/www.rukajarvensuunnanhistoriayhdistys.fi\/historiayhdistys\/asevelitaloista-saatu-kiitettavasti-lisatietoa\/#article","isPartOf":{"@id":"http:\/\/www.rukajarvensuunnanhistoriayhdistys.fi\/historiayhdistys\/asevelitaloista-saatu-kiitettavasti-lisatietoa\/"},"author":{"name":"RSHY","@id":"http:\/\/www.rukajarvensuunnanhistoriayhdistys.fi\/historiayhdistys\/#\/schema\/person\/19de7db68bf72dfd2b5d7f6dfbf8454d"},"headline":"Asevelitaloista saatu kiitett\u00e4v\u00e4sti lis\u00e4tietoa","datePublished":"2018-12-10T15:00:39+00:00","dateModified":"2018-12-10T18:14:30+00:00","mainEntityOfPage":{"@id":"http:\/\/www.rukajarvensuunnanhistoriayhdistys.fi\/historiayhdistys\/asevelitaloista-saatu-kiitettavasti-lisatietoa\/"},"wordCount":331,"publisher":{"@id":"http:\/\/www.rukajarvensuunnanhistoriayhdistys.fi\/historiayhdistys\/#organization"},"articleSection":["Ajankohtaista","Rukaj\u00e4rvi-keskus","Toiminta"],"inLanguage":"fi"},{"@type":"WebPage","@id":"http:\/\/www.rukajarvensuunnanhistoriayhdistys.fi\/historiayhdistys\/asevelitaloista-saatu-kiitettavasti-lisatietoa\/","url":"http:\/\/www.rukajarvensuunnanhistoriayhdistys.fi\/historiayhdistys\/asevelitaloista-saatu-kiitettavasti-lisatietoa\/","name":"Asevelitaloista saatu kiitett\u00e4v\u00e4sti lis\u00e4tietoa - Rukaj\u00e4rven suunnan historiayhdistys","isPartOf":{"@id":"http:\/\/www.rukajarvensuunnanhistoriayhdistys.fi\/historiayhdistys\/#website"},"datePublished":"2018-12-10T15:00:39+00:00","dateModified":"2018-12-10T18:14:30+00:00","breadcrumb":{"@id":"http:\/\/www.rukajarvensuunnanhistoriayhdistys.fi\/historiayhdistys\/asevelitaloista-saatu-kiitettavasti-lisatietoa\/#breadcrumb"},"inLanguage":"fi","potentialAction":[{"@type":"ReadAction","target":["http:\/\/www.rukajarvensuunnanhistoriayhdistys.fi\/historiayhdistys\/asevelitaloista-saatu-kiitettavasti-lisatietoa\/"]}]},{"@type":"BreadcrumbList","@id":"http:\/\/www.rukajarvensuunnanhistoriayhdistys.fi\/historiayhdistys\/asevelitaloista-saatu-kiitettavasti-lisatietoa\/#breadcrumb","itemListElement":[{"@type":"ListItem","position":1,"name":"Etusivu","item":"http:\/\/www.rukajarvensuunnanhistoriayhdistys.fi\/historiayhdistys\/"},{"@type":"ListItem","position":2,"name":"Asevelitaloista saatu kiitett\u00e4v\u00e4sti lis\u00e4tietoa"}]},{"@type":"WebSite","@id":"http:\/\/www.rukajarvensuunnanhistoriayhdistys.fi\/historiayhdistys\/#website","url":"http:\/\/www.rukajarvensuunnanhistoriayhdistys.fi\/historiayhdistys\/","name":"Rukaj\u00e4rven suunnan historiayhdistys","description":"Rukaj\u00e4rven suunnan historiayhdistyksen verkkosivut.","publisher":{"@id":"http:\/\/www.rukajarvensuunnanhistoriayhdistys.fi\/historiayhdistys\/#organization"},"potentialAction":[{"@type":"SearchAction","target":{"@type":"EntryPoint","urlTemplate":"http:\/\/www.rukajarvensuunnanhistoriayhdistys.fi\/historiayhdistys\/?s={search_term_string}"},"query-input":{"@type":"PropertyValueSpecification","valueRequired":true,"valueName":"search_term_string"}}],"inLanguage":"fi"},{"@type":"Organization","@id":"http:\/\/www.rukajarvensuunnanhistoriayhdistys.fi\/historiayhdistys\/#organization","name":"Rukaj\u00e4rven suunnan historiayhdistys","url":"http:\/\/www.rukajarvensuunnanhistoriayhdistys.fi\/historiayhdistys\/","logo":{"@type":"ImageObject","inLanguage":"fi","@id":"http:\/\/www.rukajarvensuunnanhistoriayhdistys.fi\/historiayhdistys\/#\/schema\/logo\/image\/","url":"http:\/\/www.rukajarvensuunnanhistoriayhdistys.fi\/historiayhdistys\/wp-content\/uploads\/2013\/12\/Otsake_3.jpg","contentUrl":"http:\/\/www.rukajarvensuunnanhistoriayhdistys.fi\/historiayhdistys\/wp-content\/uploads\/2013\/12\/Otsake_3.jpg","width":1000,"height":442,"caption":"Rukaj\u00e4rven suunnan historiayhdistys"},"image":{"@id":"http:\/\/www.rukajarvensuunnanhistoriayhdistys.fi\/historiayhdistys\/#\/schema\/logo\/image\/"}},{"@type":"Person","@id":"http:\/\/www.rukajarvensuunnanhistoriayhdistys.fi\/historiayhdistys\/#\/schema\/person\/19de7db68bf72dfd2b5d7f6dfbf8454d","name":"RSHY","image":{"@type":"ImageObject","inLanguage":"fi","@id":"https:\/\/secure.gravatar.com\/avatar\/598d59263a69cc8de65fcb4f9db78d6f58c098cb0e0ba22d73377441af9fa04c?s=96&d=blank&r=g","url":"https:\/\/secure.gravatar.com\/avatar\/598d59263a69cc8de65fcb4f9db78d6f58c098cb0e0ba22d73377441af9fa04c?s=96&d=blank&r=g","contentUrl":"https:\/\/secure.gravatar.com\/avatar\/598d59263a69cc8de65fcb4f9db78d6f58c098cb0e0ba22d73377441af9fa04c?s=96&d=blank&r=g","caption":"RSHY"},"url":"http:\/\/www.rukajarvensuunnanhistoriayhdistys.fi\/historiayhdistys\/author\/rshy\/"}]}},"_links":{"self":[{"href":"http:\/\/www.rukajarvensuunnanhistoriayhdistys.fi\/historiayhdistys\/wp-json\/wp\/v2\/posts\/12910","targetHints":{"allow":["GET"]}}],"collection":[{"href":"http:\/\/www.rukajarvensuunnanhistoriayhdistys.fi\/historiayhdistys\/wp-json\/wp\/v2\/posts"}],"about":[{"href":"http:\/\/www.rukajarvensuunnanhistoriayhdistys.fi\/historiayhdistys\/wp-json\/wp\/v2\/types\/post"}],"author":[{"embeddable":true,"href":"http:\/\/www.rukajarvensuunnanhistoriayhdistys.fi\/historiayhdistys\/wp-json\/wp\/v2\/users\/3"}],"replies":[{"embeddable":true,"href":"http:\/\/www.rukajarvensuunnanhistoriayhdistys.fi\/historiayhdistys\/wp-json\/wp\/v2\/comments?post=12910"}],"version-history":[{"count":3,"href":"http:\/\/www.rukajarvensuunnanhistoriayhdistys.fi\/historiayhdistys\/wp-json\/wp\/v2\/posts\/12910\/revisions"}],"predecessor-version":[{"id":12930,"href":"http:\/\/www.rukajarvensuunnanhistoriayhdistys.fi\/historiayhdistys\/wp-json\/wp\/v2\/posts\/12910\/revisions\/12930"}],"wp:attachment":[{"href":"http:\/\/www.rukajarvensuunnanhistoriayhdistys.fi\/historiayhdistys\/wp-json\/wp\/v2\/media?parent=12910"}],"wp:term":[{"taxonomy":"category","embeddable":true,"href":"http:\/\/www.rukajarvensuunnanhistoriayhdistys.fi\/historiayhdistys\/wp-json\/wp\/v2\/categories?post=12910"},{"taxonomy":"post_tag","embeddable":true,"href":"http:\/\/www.rukajarvensuunnanhistoriayhdistys.fi\/historiayhdistys\/wp-json\/wp\/v2\/tags?post=12910"}],"curies":[{"name":"wp","href":"https:\/\/api.w.org\/{rel}","templated":true}]}}