{"id":12949,"date":"2019-01-08T19:10:49","date_gmt":"2019-01-08T17:10:49","guid":{"rendered":"http:\/\/www.rukajarvensuunnanhistoriayhdistys.fi\/historiayhdistys\/?p=12949"},"modified":"2019-01-25T20:45:10","modified_gmt":"2019-01-25T18:45:10","slug":"haapalainen-ja-pulkkinen-kellovaaran-ja-kyparajarven-lohkot","status":"publish","type":"post","link":"http:\/\/www.rukajarvensuunnanhistoriayhdistys.fi\/historiayhdistys\/haapalainen-ja-pulkkinen-kellovaaran-ja-kyparajarven-lohkot\/","title":{"rendered":"Haapalainen ja Pulkkinen \u2013 Kellovaaran ja Kyp\u00e4r\u00e4j\u00e4rven lohkot"},"content":{"rendered":"<div class=\"fcbkbttn_buttons_block\" id=\"fcbkbttn_left\"><div class=\"fcbkbttn_like \"><fb:like href=\"http:\/\/www.rukajarvensuunnanhistoriayhdistys.fi\/historiayhdistys\/haapalainen-ja-pulkkinen-kellovaaran-ja-kyparajarven-lohkot\/\" action=\"like\" colorscheme=\"light\" layout=\"button_count\"  size=\"small\"><\/fb:like><\/div><\/div>\n<p>Rukaj\u00e4rven suunnan kentt\u00e4vartiopuolustuksen varmaan mielenkiintoisin linja on t\u00e4m\u00e4 <strong>Tervaj\u00e4rvelt\u00e4 Nuokkij\u00e4rvelle<\/strong>. T\u00e4\u00e4ll\u00e4 tapahtuivat vihollisen suurimmat hy\u00f6kk\u00e4ykset kentt\u00e4vartioita vastaan kuten KV Joen ja KV Arinan taistelut sek\u00e4 kentt\u00e4vartio Askon motitus Tahkokosken taistelujen aikana.&nbsp; T\u00e4\u00e4ll\u00e4 k\u00e4vi vuorollaan kentt\u00e4vartiovastuussa liki kaikki 14.D:n pataljoonat. <\/p>\n\n\n\n<figure class=\"wp-block-image\"><img loading=\"lazy\" decoding=\"async\" width=\"702\" height=\"1024\" src=\"http:\/\/www.rukajarvensuunnanhistoriayhdistys.fi\/historiayhdistys\/wp-content\/uploads\/2019\/01\/Kartoitukset-kuva-702x1024.jpg\" alt=\"\" class=\"wp-image-12950\" srcset=\"http:\/\/www.rukajarvensuunnanhistoriayhdistys.fi\/historiayhdistys\/wp-content\/uploads\/2019\/01\/Kartoitukset-kuva-702x1024.jpg 702w, http:\/\/www.rukajarvensuunnanhistoriayhdistys.fi\/historiayhdistys\/wp-content\/uploads\/2019\/01\/Kartoitukset-kuva-206x300.jpg 206w, http:\/\/www.rukajarvensuunnanhistoriayhdistys.fi\/historiayhdistys\/wp-content\/uploads\/2019\/01\/Kartoitukset-kuva-768x1121.jpg 768w\" sizes=\"auto, (max-width: 702px) 100vw, 702px\" \/><\/figure>\n\n\n\n<p>Antti Haapalainen ja Reijo Pulkkinen kartoittivat t\u00e4m\u00e4n alueen kentt\u00e4vartiot ja komentopaikat vuosien 2015-2018 aikana. N\u00e4ist\u00e4 kohteista l\u00f6ytyy useita, joihin omatoimimatkailija p\u00e4\u00e4see maasturilla joko perille tai pienen patikointimatkan p\u00e4\u00e4h\u00e4n. <\/p>\n\n\n\n<p>Kattavaan matkakertomukseen ja selostukseen kentt\u00e4vartiolinjan kehittymisest\u00e4 l\u00f6ytyy <strong><a href=\"https:\/\/drive.google.com\/file\/d\/1vPWqi1bzWJDbsG6TuoaM8gNl5X916APK\/view?usp=sharing\" target=\"_blank\" rel=\"noreferrer noopener\" aria-label=\"T\u00c4\u00c4LT\u00c4 (avautuu uudessa v\u00e4lilehdess\u00e4)\">T\u00c4\u00c4LT\u00c4<\/a><\/strong><\/p>\n","protected":false},"excerpt":{"rendered":"<p>Rukaj\u00e4rven suunnan kentt\u00e4vartiopuolustuksen varmaan mielenkiintoisin linja on t\u00e4m\u00e4 Tervaj\u00e4rvelt\u00e4 Nuokkij\u00e4rvelle. T\u00e4\u00e4ll\u00e4 tapahtuivat vihollisen suurimmat hy\u00f6kk\u00e4ykset kentt\u00e4vartioita vastaan kuten KV Joen ja KV Arinan taistelut sek\u00e4 kentt\u00e4vartio Askon motitus Tahkokosken taistelujen <a class=\"more-link\" href=\"http:\/\/www.rukajarvensuunnanhistoriayhdistys.fi\/historiayhdistys\/haapalainen-ja-pulkkinen-kellovaaran-ja-kyparajarven-lohkot\/\">Teksti jatkuu&#8230;<span class=\"screen-reader-text\">Haapalainen ja Pulkkinen \u2013 Kellovaaran ja Kyp\u00e4r\u00e4j\u00e4rven lohkot<\/span><span class=\"meta-nav\">\u2192<\/span><\/a><\/p>\n","protected":false},"author":2,"featured_media":0,"comment_status":"closed","ping_status":"open","sticky":false,"template":"","format":"standard","meta":{"footnotes":""},"categories":[43],"tags":[45],"class_list":["post-12949","post","type-post","status-publish","format-standard","hentry","category-kenttavartiotutkimus","tag-kenttavartio"],"yoast_head":"<!-- This site is optimized with the Yoast SEO plugin v27.4 - https:\/\/yoast.com\/product\/yoast-seo-wordpress\/ -->\n<title>Haapalainen ja Pulkkinen \u2013 Kellovaaran ja Kyp\u00e4r\u00e4j\u00e4rven lohkot - Rukaj\u00e4rven suunnan historiayhdistys<\/title>\n<meta name=\"robots\" content=\"index, follow, max-snippet:-1, max-image-preview:large, max-video-preview:-1\" \/>\n<link rel=\"canonical\" href=\"http:\/\/www.rukajarvensuunnanhistoriayhdistys.fi\/historiayhdistys\/haapalainen-ja-pulkkinen-kellovaaran-ja-kyparajarven-lohkot\/\" \/>\n<meta property=\"og:locale\" content=\"fi_FI\" \/>\n<meta property=\"og:type\" content=\"article\" \/>\n<meta property=\"og:title\" content=\"Haapalainen ja Pulkkinen \u2013 Kellovaaran ja Kyp\u00e4r\u00e4j\u00e4rven lohkot - Rukaj\u00e4rven suunnan historiayhdistys\" \/>\n<meta property=\"og:description\" content=\"Rukaj\u00e4rven suunnan kentt\u00e4vartiopuolustuksen varmaan mielenkiintoisin linja on t\u00e4m\u00e4 Tervaj\u00e4rvelt\u00e4 Nuokkij\u00e4rvelle. T\u00e4\u00e4ll\u00e4 tapahtuivat vihollisen suurimmat hy\u00f6kk\u00e4ykset kentt\u00e4vartioita vastaan kuten KV Joen ja KV Arinan taistelut sek\u00e4 kentt\u00e4vartio Askon motitus Tahkokosken taistelujen Teksti jatkuu...Haapalainen ja Pulkkinen \u2013 Kellovaaran ja Kyp\u00e4r\u00e4j\u00e4rven lohkot\u2192\" \/>\n<meta property=\"og:url\" content=\"http:\/\/www.rukajarvensuunnanhistoriayhdistys.fi\/historiayhdistys\/haapalainen-ja-pulkkinen-kellovaaran-ja-kyparajarven-lohkot\/\" \/>\n<meta property=\"og:site_name\" content=\"Rukaj\u00e4rven suunnan historiayhdistys\" \/>\n<meta property=\"article:published_time\" content=\"2019-01-08T17:10:49+00:00\" \/>\n<meta property=\"article:modified_time\" content=\"2019-01-25T18:45:10+00:00\" \/>\n<meta property=\"og:image\" content=\"http:\/\/www.rukajarvensuunnanhistoriayhdistys.fi\/historiayhdistys\/wp-content\/uploads\/2019\/01\/Kartoitukset-kuva-702x1024.jpg\" \/>\n<meta name=\"author\" content=\"Toimitus\" \/>\n<meta name=\"twitter:label1\" content=\"Kirjoittanut\" \/>\n\t<meta name=\"twitter:data1\" content=\"Toimitus\" \/>\n\t<meta name=\"twitter:label2\" content=\"Arvioitu lukuaika\" \/>\n\t<meta name=\"twitter:data2\" content=\"1 minuutti\" \/>\n<script type=\"application\/ld+json\" class=\"yoast-schema-graph\">{\"@context\":\"https:\\\/\\\/schema.org\",\"@graph\":[{\"@type\":\"Article\",\"@id\":\"http:\\\/\\\/www.rukajarvensuunnanhistoriayhdistys.fi\\\/historiayhdistys\\\/haapalainen-ja-pulkkinen-kellovaaran-ja-kyparajarven-lohkot\\\/#article\",\"isPartOf\":{\"@id\":\"http:\\\/\\\/www.rukajarvensuunnanhistoriayhdistys.fi\\\/historiayhdistys\\\/haapalainen-ja-pulkkinen-kellovaaran-ja-kyparajarven-lohkot\\\/\"},\"author\":{\"name\":\"Toimitus\",\"@id\":\"http:\\\/\\\/www.rukajarvensuunnanhistoriayhdistys.fi\\\/historiayhdistys\\\/#\\\/schema\\\/person\\\/d317fab98e9d8a2e649d05eee95d6449\"},\"headline\":\"Haapalainen ja Pulkkinen \u2013 Kellovaaran ja Kyp\u00e4r\u00e4j\u00e4rven lohkot\",\"datePublished\":\"2019-01-08T17:10:49+00:00\",\"dateModified\":\"2019-01-25T18:45:10+00:00\",\"mainEntityOfPage\":{\"@id\":\"http:\\\/\\\/www.rukajarvensuunnanhistoriayhdistys.fi\\\/historiayhdistys\\\/haapalainen-ja-pulkkinen-kellovaaran-ja-kyparajarven-lohkot\\\/\"},\"wordCount\":111,\"publisher\":{\"@id\":\"http:\\\/\\\/www.rukajarvensuunnanhistoriayhdistys.fi\\\/historiayhdistys\\\/#organization\"},\"image\":{\"@id\":\"http:\\\/\\\/www.rukajarvensuunnanhistoriayhdistys.fi\\\/historiayhdistys\\\/haapalainen-ja-pulkkinen-kellovaaran-ja-kyparajarven-lohkot\\\/#primaryimage\"},\"thumbnailUrl\":\"http:\\\/\\\/www.rukajarvensuunnanhistoriayhdistys.fi\\\/historiayhdistys\\\/wp-content\\\/uploads\\\/2019\\\/01\\\/Kartoitukset-kuva-702x1024.jpg\",\"keywords\":[\"kentt\u00e4vartio\"],\"articleSection\":[\"kentt\u00e4vartiotutkimus\"],\"inLanguage\":\"fi\"},{\"@type\":\"WebPage\",\"@id\":\"http:\\\/\\\/www.rukajarvensuunnanhistoriayhdistys.fi\\\/historiayhdistys\\\/haapalainen-ja-pulkkinen-kellovaaran-ja-kyparajarven-lohkot\\\/\",\"url\":\"http:\\\/\\\/www.rukajarvensuunnanhistoriayhdistys.fi\\\/historiayhdistys\\\/haapalainen-ja-pulkkinen-kellovaaran-ja-kyparajarven-lohkot\\\/\",\"name\":\"Haapalainen ja Pulkkinen \u2013 Kellovaaran ja Kyp\u00e4r\u00e4j\u00e4rven lohkot - Rukaj\u00e4rven suunnan historiayhdistys\",\"isPartOf\":{\"@id\":\"http:\\\/\\\/www.rukajarvensuunnanhistoriayhdistys.fi\\\/historiayhdistys\\\/#website\"},\"primaryImageOfPage\":{\"@id\":\"http:\\\/\\\/www.rukajarvensuunnanhistoriayhdistys.fi\\\/historiayhdistys\\\/haapalainen-ja-pulkkinen-kellovaaran-ja-kyparajarven-lohkot\\\/#primaryimage\"},\"image\":{\"@id\":\"http:\\\/\\\/www.rukajarvensuunnanhistoriayhdistys.fi\\\/historiayhdistys\\\/haapalainen-ja-pulkkinen-kellovaaran-ja-kyparajarven-lohkot\\\/#primaryimage\"},\"thumbnailUrl\":\"http:\\\/\\\/www.rukajarvensuunnanhistoriayhdistys.fi\\\/historiayhdistys\\\/wp-content\\\/uploads\\\/2019\\\/01\\\/Kartoitukset-kuva-702x1024.jpg\",\"datePublished\":\"2019-01-08T17:10:49+00:00\",\"dateModified\":\"2019-01-25T18:45:10+00:00\",\"breadcrumb\":{\"@id\":\"http:\\\/\\\/www.rukajarvensuunnanhistoriayhdistys.fi\\\/historiayhdistys\\\/haapalainen-ja-pulkkinen-kellovaaran-ja-kyparajarven-lohkot\\\/#breadcrumb\"},\"inLanguage\":\"fi\",\"potentialAction\":[{\"@type\":\"ReadAction\",\"target\":[\"http:\\\/\\\/www.rukajarvensuunnanhistoriayhdistys.fi\\\/historiayhdistys\\\/haapalainen-ja-pulkkinen-kellovaaran-ja-kyparajarven-lohkot\\\/\"]}]},{\"@type\":\"ImageObject\",\"inLanguage\":\"fi\",\"@id\":\"http:\\\/\\\/www.rukajarvensuunnanhistoriayhdistys.fi\\\/historiayhdistys\\\/haapalainen-ja-pulkkinen-kellovaaran-ja-kyparajarven-lohkot\\\/#primaryimage\",\"url\":\"http:\\\/\\\/www.rukajarvensuunnanhistoriayhdistys.fi\\\/historiayhdistys\\\/wp-content\\\/uploads\\\/2019\\\/01\\\/Kartoitukset-kuva.jpg\",\"contentUrl\":\"http:\\\/\\\/www.rukajarvensuunnanhistoriayhdistys.fi\\\/historiayhdistys\\\/wp-content\\\/uploads\\\/2019\\\/01\\\/Kartoitukset-kuva.jpg\",\"width\":2438,\"height\":3558},{\"@type\":\"BreadcrumbList\",\"@id\":\"http:\\\/\\\/www.rukajarvensuunnanhistoriayhdistys.fi\\\/historiayhdistys\\\/haapalainen-ja-pulkkinen-kellovaaran-ja-kyparajarven-lohkot\\\/#breadcrumb\",\"itemListElement\":[{\"@type\":\"ListItem\",\"position\":1,\"name\":\"Etusivu\",\"item\":\"http:\\\/\\\/www.rukajarvensuunnanhistoriayhdistys.fi\\\/historiayhdistys\\\/\"},{\"@type\":\"ListItem\",\"position\":2,\"name\":\"Haapalainen ja Pulkkinen \u2013 Kellovaaran ja Kyp\u00e4r\u00e4j\u00e4rven lohkot\"}]},{\"@type\":\"WebSite\",\"@id\":\"http:\\\/\\\/www.rukajarvensuunnanhistoriayhdistys.fi\\\/historiayhdistys\\\/#website\",\"url\":\"http:\\\/\\\/www.rukajarvensuunnanhistoriayhdistys.fi\\\/historiayhdistys\\\/\",\"name\":\"Rukaj\u00e4rven suunnan historiayhdistys\",\"description\":\"Rukaj\u00e4rven suunnan historiayhdistyksen verkkosivut.\",\"publisher\":{\"@id\":\"http:\\\/\\\/www.rukajarvensuunnanhistoriayhdistys.fi\\\/historiayhdistys\\\/#organization\"},\"potentialAction\":[{\"@type\":\"SearchAction\",\"target\":{\"@type\":\"EntryPoint\",\"urlTemplate\":\"http:\\\/\\\/www.rukajarvensuunnanhistoriayhdistys.fi\\\/historiayhdistys\\\/?s={search_term_string}\"},\"query-input\":{\"@type\":\"PropertyValueSpecification\",\"valueRequired\":true,\"valueName\":\"search_term_string\"}}],\"inLanguage\":\"fi\"},{\"@type\":\"Organization\",\"@id\":\"http:\\\/\\\/www.rukajarvensuunnanhistoriayhdistys.fi\\\/historiayhdistys\\\/#organization\",\"name\":\"Rukaj\u00e4rven suunnan historiayhdistys\",\"url\":\"http:\\\/\\\/www.rukajarvensuunnanhistoriayhdistys.fi\\\/historiayhdistys\\\/\",\"logo\":{\"@type\":\"ImageObject\",\"inLanguage\":\"fi\",\"@id\":\"http:\\\/\\\/www.rukajarvensuunnanhistoriayhdistys.fi\\\/historiayhdistys\\\/#\\\/schema\\\/logo\\\/image\\\/\",\"url\":\"http:\\\/\\\/www.rukajarvensuunnanhistoriayhdistys.fi\\\/historiayhdistys\\\/wp-content\\\/uploads\\\/2013\\\/12\\\/Otsake_3.jpg\",\"contentUrl\":\"http:\\\/\\\/www.rukajarvensuunnanhistoriayhdistys.fi\\\/historiayhdistys\\\/wp-content\\\/uploads\\\/2013\\\/12\\\/Otsake_3.jpg\",\"width\":1000,\"height\":442,\"caption\":\"Rukaj\u00e4rven suunnan historiayhdistys\"},\"image\":{\"@id\":\"http:\\\/\\\/www.rukajarvensuunnanhistoriayhdistys.fi\\\/historiayhdistys\\\/#\\\/schema\\\/logo\\\/image\\\/\"}},{\"@type\":\"Person\",\"@id\":\"http:\\\/\\\/www.rukajarvensuunnanhistoriayhdistys.fi\\\/historiayhdistys\\\/#\\\/schema\\\/person\\\/d317fab98e9d8a2e649d05eee95d6449\",\"name\":\"Toimitus\",\"image\":{\"@type\":\"ImageObject\",\"inLanguage\":\"fi\",\"@id\":\"https:\\\/\\\/secure.gravatar.com\\\/avatar\\\/82f421127bdf3e0569576d58a571bfc01eff80ca5969720f6c2819d3765a55a6?s=96&d=blank&r=g\",\"url\":\"https:\\\/\\\/secure.gravatar.com\\\/avatar\\\/82f421127bdf3e0569576d58a571bfc01eff80ca5969720f6c2819d3765a55a6?s=96&d=blank&r=g\",\"contentUrl\":\"https:\\\/\\\/secure.gravatar.com\\\/avatar\\\/82f421127bdf3e0569576d58a571bfc01eff80ca5969720f6c2819d3765a55a6?s=96&d=blank&r=g\",\"caption\":\"Toimitus\"},\"url\":\"http:\\\/\\\/www.rukajarvensuunnanhistoriayhdistys.fi\\\/historiayhdistys\\\/author\\\/toimitus\\\/\"}]}<\/script>\n<!-- \/ Yoast SEO plugin. -->","yoast_head_json":{"title":"Haapalainen ja Pulkkinen \u2013 Kellovaaran ja Kyp\u00e4r\u00e4j\u00e4rven lohkot - Rukaj\u00e4rven suunnan historiayhdistys","robots":{"index":"index","follow":"follow","max-snippet":"max-snippet:-1","max-image-preview":"max-image-preview:large","max-video-preview":"max-video-preview:-1"},"canonical":"http:\/\/www.rukajarvensuunnanhistoriayhdistys.fi\/historiayhdistys\/haapalainen-ja-pulkkinen-kellovaaran-ja-kyparajarven-lohkot\/","og_locale":"fi_FI","og_type":"article","og_title":"Haapalainen ja Pulkkinen \u2013 Kellovaaran ja Kyp\u00e4r\u00e4j\u00e4rven lohkot - Rukaj\u00e4rven suunnan historiayhdistys","og_description":"Rukaj\u00e4rven suunnan kentt\u00e4vartiopuolustuksen varmaan mielenkiintoisin linja on t\u00e4m\u00e4 Tervaj\u00e4rvelt\u00e4 Nuokkij\u00e4rvelle. T\u00e4\u00e4ll\u00e4 tapahtuivat vihollisen suurimmat hy\u00f6kk\u00e4ykset kentt\u00e4vartioita vastaan kuten KV Joen ja KV Arinan taistelut sek\u00e4 kentt\u00e4vartio Askon motitus Tahkokosken taistelujen Teksti jatkuu...Haapalainen ja Pulkkinen \u2013 Kellovaaran ja Kyp\u00e4r\u00e4j\u00e4rven lohkot\u2192","og_url":"http:\/\/www.rukajarvensuunnanhistoriayhdistys.fi\/historiayhdistys\/haapalainen-ja-pulkkinen-kellovaaran-ja-kyparajarven-lohkot\/","og_site_name":"Rukaj\u00e4rven suunnan historiayhdistys","article_published_time":"2019-01-08T17:10:49+00:00","article_modified_time":"2019-01-25T18:45:10+00:00","og_image":[{"url":"http:\/\/www.rukajarvensuunnanhistoriayhdistys.fi\/historiayhdistys\/wp-content\/uploads\/2019\/01\/Kartoitukset-kuva-702x1024.jpg","type":"","width":"","height":""}],"author":"Toimitus","twitter_misc":{"Kirjoittanut":"Toimitus","Arvioitu lukuaika":"1 minuutti"},"schema":{"@context":"https:\/\/schema.org","@graph":[{"@type":"Article","@id":"http:\/\/www.rukajarvensuunnanhistoriayhdistys.fi\/historiayhdistys\/haapalainen-ja-pulkkinen-kellovaaran-ja-kyparajarven-lohkot\/#article","isPartOf":{"@id":"http:\/\/www.rukajarvensuunnanhistoriayhdistys.fi\/historiayhdistys\/haapalainen-ja-pulkkinen-kellovaaran-ja-kyparajarven-lohkot\/"},"author":{"name":"Toimitus","@id":"http:\/\/www.rukajarvensuunnanhistoriayhdistys.fi\/historiayhdistys\/#\/schema\/person\/d317fab98e9d8a2e649d05eee95d6449"},"headline":"Haapalainen ja Pulkkinen \u2013 Kellovaaran ja Kyp\u00e4r\u00e4j\u00e4rven lohkot","datePublished":"2019-01-08T17:10:49+00:00","dateModified":"2019-01-25T18:45:10+00:00","mainEntityOfPage":{"@id":"http:\/\/www.rukajarvensuunnanhistoriayhdistys.fi\/historiayhdistys\/haapalainen-ja-pulkkinen-kellovaaran-ja-kyparajarven-lohkot\/"},"wordCount":111,"publisher":{"@id":"http:\/\/www.rukajarvensuunnanhistoriayhdistys.fi\/historiayhdistys\/#organization"},"image":{"@id":"http:\/\/www.rukajarvensuunnanhistoriayhdistys.fi\/historiayhdistys\/haapalainen-ja-pulkkinen-kellovaaran-ja-kyparajarven-lohkot\/#primaryimage"},"thumbnailUrl":"http:\/\/www.rukajarvensuunnanhistoriayhdistys.fi\/historiayhdistys\/wp-content\/uploads\/2019\/01\/Kartoitukset-kuva-702x1024.jpg","keywords":["kentt\u00e4vartio"],"articleSection":["kentt\u00e4vartiotutkimus"],"inLanguage":"fi"},{"@type":"WebPage","@id":"http:\/\/www.rukajarvensuunnanhistoriayhdistys.fi\/historiayhdistys\/haapalainen-ja-pulkkinen-kellovaaran-ja-kyparajarven-lohkot\/","url":"http:\/\/www.rukajarvensuunnanhistoriayhdistys.fi\/historiayhdistys\/haapalainen-ja-pulkkinen-kellovaaran-ja-kyparajarven-lohkot\/","name":"Haapalainen ja Pulkkinen \u2013 Kellovaaran ja Kyp\u00e4r\u00e4j\u00e4rven lohkot - Rukaj\u00e4rven suunnan historiayhdistys","isPartOf":{"@id":"http:\/\/www.rukajarvensuunnanhistoriayhdistys.fi\/historiayhdistys\/#website"},"primaryImageOfPage":{"@id":"http:\/\/www.rukajarvensuunnanhistoriayhdistys.fi\/historiayhdistys\/haapalainen-ja-pulkkinen-kellovaaran-ja-kyparajarven-lohkot\/#primaryimage"},"image":{"@id":"http:\/\/www.rukajarvensuunnanhistoriayhdistys.fi\/historiayhdistys\/haapalainen-ja-pulkkinen-kellovaaran-ja-kyparajarven-lohkot\/#primaryimage"},"thumbnailUrl":"http:\/\/www.rukajarvensuunnanhistoriayhdistys.fi\/historiayhdistys\/wp-content\/uploads\/2019\/01\/Kartoitukset-kuva-702x1024.jpg","datePublished":"2019-01-08T17:10:49+00:00","dateModified":"2019-01-25T18:45:10+00:00","breadcrumb":{"@id":"http:\/\/www.rukajarvensuunnanhistoriayhdistys.fi\/historiayhdistys\/haapalainen-ja-pulkkinen-kellovaaran-ja-kyparajarven-lohkot\/#breadcrumb"},"inLanguage":"fi","potentialAction":[{"@type":"ReadAction","target":["http:\/\/www.rukajarvensuunnanhistoriayhdistys.fi\/historiayhdistys\/haapalainen-ja-pulkkinen-kellovaaran-ja-kyparajarven-lohkot\/"]}]},{"@type":"ImageObject","inLanguage":"fi","@id":"http:\/\/www.rukajarvensuunnanhistoriayhdistys.fi\/historiayhdistys\/haapalainen-ja-pulkkinen-kellovaaran-ja-kyparajarven-lohkot\/#primaryimage","url":"http:\/\/www.rukajarvensuunnanhistoriayhdistys.fi\/historiayhdistys\/wp-content\/uploads\/2019\/01\/Kartoitukset-kuva.jpg","contentUrl":"http:\/\/www.rukajarvensuunnanhistoriayhdistys.fi\/historiayhdistys\/wp-content\/uploads\/2019\/01\/Kartoitukset-kuva.jpg","width":2438,"height":3558},{"@type":"BreadcrumbList","@id":"http:\/\/www.rukajarvensuunnanhistoriayhdistys.fi\/historiayhdistys\/haapalainen-ja-pulkkinen-kellovaaran-ja-kyparajarven-lohkot\/#breadcrumb","itemListElement":[{"@type":"ListItem","position":1,"name":"Etusivu","item":"http:\/\/www.rukajarvensuunnanhistoriayhdistys.fi\/historiayhdistys\/"},{"@type":"ListItem","position":2,"name":"Haapalainen ja Pulkkinen \u2013 Kellovaaran ja Kyp\u00e4r\u00e4j\u00e4rven lohkot"}]},{"@type":"WebSite","@id":"http:\/\/www.rukajarvensuunnanhistoriayhdistys.fi\/historiayhdistys\/#website","url":"http:\/\/www.rukajarvensuunnanhistoriayhdistys.fi\/historiayhdistys\/","name":"Rukaj\u00e4rven suunnan historiayhdistys","description":"Rukaj\u00e4rven suunnan historiayhdistyksen verkkosivut.","publisher":{"@id":"http:\/\/www.rukajarvensuunnanhistoriayhdistys.fi\/historiayhdistys\/#organization"},"potentialAction":[{"@type":"SearchAction","target":{"@type":"EntryPoint","urlTemplate":"http:\/\/www.rukajarvensuunnanhistoriayhdistys.fi\/historiayhdistys\/?s={search_term_string}"},"query-input":{"@type":"PropertyValueSpecification","valueRequired":true,"valueName":"search_term_string"}}],"inLanguage":"fi"},{"@type":"Organization","@id":"http:\/\/www.rukajarvensuunnanhistoriayhdistys.fi\/historiayhdistys\/#organization","name":"Rukaj\u00e4rven suunnan historiayhdistys","url":"http:\/\/www.rukajarvensuunnanhistoriayhdistys.fi\/historiayhdistys\/","logo":{"@type":"ImageObject","inLanguage":"fi","@id":"http:\/\/www.rukajarvensuunnanhistoriayhdistys.fi\/historiayhdistys\/#\/schema\/logo\/image\/","url":"http:\/\/www.rukajarvensuunnanhistoriayhdistys.fi\/historiayhdistys\/wp-content\/uploads\/2013\/12\/Otsake_3.jpg","contentUrl":"http:\/\/www.rukajarvensuunnanhistoriayhdistys.fi\/historiayhdistys\/wp-content\/uploads\/2013\/12\/Otsake_3.jpg","width":1000,"height":442,"caption":"Rukaj\u00e4rven suunnan historiayhdistys"},"image":{"@id":"http:\/\/www.rukajarvensuunnanhistoriayhdistys.fi\/historiayhdistys\/#\/schema\/logo\/image\/"}},{"@type":"Person","@id":"http:\/\/www.rukajarvensuunnanhistoriayhdistys.fi\/historiayhdistys\/#\/schema\/person\/d317fab98e9d8a2e649d05eee95d6449","name":"Toimitus","image":{"@type":"ImageObject","inLanguage":"fi","@id":"https:\/\/secure.gravatar.com\/avatar\/82f421127bdf3e0569576d58a571bfc01eff80ca5969720f6c2819d3765a55a6?s=96&d=blank&r=g","url":"https:\/\/secure.gravatar.com\/avatar\/82f421127bdf3e0569576d58a571bfc01eff80ca5969720f6c2819d3765a55a6?s=96&d=blank&r=g","contentUrl":"https:\/\/secure.gravatar.com\/avatar\/82f421127bdf3e0569576d58a571bfc01eff80ca5969720f6c2819d3765a55a6?s=96&d=blank&r=g","caption":"Toimitus"},"url":"http:\/\/www.rukajarvensuunnanhistoriayhdistys.fi\/historiayhdistys\/author\/toimitus\/"}]}},"_links":{"self":[{"href":"http:\/\/www.rukajarvensuunnanhistoriayhdistys.fi\/historiayhdistys\/wp-json\/wp\/v2\/posts\/12949","targetHints":{"allow":["GET"]}}],"collection":[{"href":"http:\/\/www.rukajarvensuunnanhistoriayhdistys.fi\/historiayhdistys\/wp-json\/wp\/v2\/posts"}],"about":[{"href":"http:\/\/www.rukajarvensuunnanhistoriayhdistys.fi\/historiayhdistys\/wp-json\/wp\/v2\/types\/post"}],"author":[{"embeddable":true,"href":"http:\/\/www.rukajarvensuunnanhistoriayhdistys.fi\/historiayhdistys\/wp-json\/wp\/v2\/users\/2"}],"replies":[{"embeddable":true,"href":"http:\/\/www.rukajarvensuunnanhistoriayhdistys.fi\/historiayhdistys\/wp-json\/wp\/v2\/comments?post=12949"}],"version-history":[{"count":5,"href":"http:\/\/www.rukajarvensuunnanhistoriayhdistys.fi\/historiayhdistys\/wp-json\/wp\/v2\/posts\/12949\/revisions"}],"predecessor-version":[{"id":12957,"href":"http:\/\/www.rukajarvensuunnanhistoriayhdistys.fi\/historiayhdistys\/wp-json\/wp\/v2\/posts\/12949\/revisions\/12957"}],"wp:attachment":[{"href":"http:\/\/www.rukajarvensuunnanhistoriayhdistys.fi\/historiayhdistys\/wp-json\/wp\/v2\/media?parent=12949"}],"wp:term":[{"taxonomy":"category","embeddable":true,"href":"http:\/\/www.rukajarvensuunnanhistoriayhdistys.fi\/historiayhdistys\/wp-json\/wp\/v2\/categories?post=12949"},{"taxonomy":"post_tag","embeddable":true,"href":"http:\/\/www.rukajarvensuunnanhistoriayhdistys.fi\/historiayhdistys\/wp-json\/wp\/v2\/tags?post=12949"}],"curies":[{"name":"wp","href":"https:\/\/api.w.org\/{rel}","templated":true}]}}