{"id":13001,"date":"2019-03-03T00:11:53","date_gmt":"2019-03-02T22:11:53","guid":{"rendered":"http:\/\/www.rukajarvensuunnanhistoriayhdistys.fi\/historiayhdistys\/?p=13001"},"modified":"2019-03-04T14:54:23","modified_gmt":"2019-03-04T12:54:23","slug":"rukajarven-suunnan-100-vuotiaat-parhaat-onnittelumme","status":"publish","type":"post","link":"http:\/\/www.rukajarvensuunnanhistoriayhdistys.fi\/historiayhdistys\/rukajarven-suunnan-100-vuotiaat-parhaat-onnittelumme\/","title":{"rendered":"Rukaj\u00e4rven suunnan 100-vuotiaat 2019 &#8211; parhaat onnittelumme"},"content":{"rendered":"<div class=\"fcbkbttn_buttons_block\" id=\"fcbkbttn_left\"><div class=\"fcbkbttn_like \"><fb:like href=\"http:\/\/www.rukajarvensuunnanhistoriayhdistys.fi\/historiayhdistys\/rukajarven-suunnan-100-vuotiaat-parhaat-onnittelumme\/\" action=\"like\" colorscheme=\"light\" layout=\"button_count\"  size=\"small\"><\/fb:like><\/div><\/div>\n\n\n<p>Vuoden 2019 alussa\nveteraanitunnuksen omaavien veteraanien m\u00e4\u00e4r\u00e4 oli 10.326. &nbsp;Tilastoa siit\u00e4 mihin ik\u00e4luokkiin veteraanit\nsijoittuvat ei ole olemassa.<\/p>\n\n\n\n<p>Rukaj\u00e4rven suunnan\nhistoriayhdistys ry:n historiaty\u00f6ss\u00e4 on kartoitettu veteraanity\u00f6h\u00f6n\nosallistuneitten veteraanien tietoja. T\u00e4ss\u00e4 kartoituksessa ovat nousevat esille\nyli 100-vuotiaat. Tiedossamme on, ett\u00e4 Rukaj\u00e4rvell\u00e4 taistelleista yli\n100-vuotiaita veteraaneista on t\u00e4ll\u00e4 hetkell\u00e4 elossa 7, joista lottia kaksi.\nSeuraavassa yhteenveto 100 vuotta t\u00e4ytt\u00e4neist\u00e4 Rukaj\u00e4rven veteraaneista.<\/p>\n\n\n\n<p><strong>1. Professori Ilmari Koppinen 8.1.1918, Salo. <\/strong><\/p>\n\n\n\n<figure class=\"wp-block-image\"><img loading=\"lazy\" decoding=\"async\" width=\"800\" height=\"542\" src=\"http:\/\/www.rukajarvensuunnanhistoriayhdistys.fi\/historiayhdistys\/wp-content\/uploads\/2019\/03\/1-Koppinen-Ilmari-SSS-8-1-2018.jpg\" alt=\"\" class=\"wp-image-13031\" srcset=\"http:\/\/www.rukajarvensuunnanhistoriayhdistys.fi\/historiayhdistys\/wp-content\/uploads\/2019\/03\/1-Koppinen-Ilmari-SSS-8-1-2018.jpg 800w, http:\/\/www.rukajarvensuunnanhistoriayhdistys.fi\/historiayhdistys\/wp-content\/uploads\/2019\/03\/1-Koppinen-Ilmari-SSS-8-1-2018-300x203.jpg 300w, http:\/\/www.rukajarvensuunnanhistoriayhdistys.fi\/historiayhdistys\/wp-content\/uploads\/2019\/03\/1-Koppinen-Ilmari-SSS-8-1-2018-768x520.jpg 768w\" sizes=\"auto, (max-width: 800px) 100vw, 800px\" \/><figcaption>Ilmari Koppinen 8.1.1918, Salo.<\/figcaption><\/figure>\n\n\n\n<p>Ilmari Koppinen menestyi sodassa, siviiliss\u00e4 ja my\u00f6s el\u00e4kep\u00e4ivin\u00e4\u00e4n h\u00e4n onnistui my\u00f6s mm. veteraaniurheilijana. H\u00e4n on moninkertainen SM ja MM mitalisti. Ilmari Koppisen 100-vuotisjuhliin kokoontui laaja tuttavapiiri ja syntym\u00e4p\u00e4ivill\u00e4 kuultiin paljon p\u00e4iv\u00e4nsankarin mielimusiikkia, josta voi n\u00e4hd\u00e4 otteita 100-vuotisp\u00e4iv\u00e4n videokoosteesta <strong><a href=\"http:\/\/www.rukajarvensuunnanhistoriayhdistys.fi\/historiayhdistys\/ilmari-koppinen-tayttaa-tanaan-100-vuotta\/\">T\u00c4\u00c4LT\u00c4<\/a><\/strong>:<\/p>\n\n\n\n<p><strong>2. Toimi\nMarin&nbsp; 24.1.1919, Kuopio. <\/strong><\/p>\n\n\n\n<figure class=\"wp-block-image\"><img loading=\"lazy\" decoding=\"async\" width=\"1024\" height=\"576\" src=\"http:\/\/www.rukajarvensuunnanhistoriayhdistys.fi\/historiayhdistys\/wp-content\/uploads\/2019\/03\/2-DSC02495-Marin-Toimi-1024x576.jpg\" alt=\"\" class=\"wp-image-13032\" srcset=\"http:\/\/www.rukajarvensuunnanhistoriayhdistys.fi\/historiayhdistys\/wp-content\/uploads\/2019\/03\/2-DSC02495-Marin-Toimi-1024x576.jpg 1024w, http:\/\/www.rukajarvensuunnanhistoriayhdistys.fi\/historiayhdistys\/wp-content\/uploads\/2019\/03\/2-DSC02495-Marin-Toimi-300x169.jpg 300w, http:\/\/www.rukajarvensuunnanhistoriayhdistys.fi\/historiayhdistys\/wp-content\/uploads\/2019\/03\/2-DSC02495-Marin-Toimi-768x432.jpg 768w\" sizes=\"auto, (max-width: 1024px) 100vw, 1024px\" \/><figcaption>Toimi Marin  24.1.1919, Kuopio.<\/figcaption><\/figure>\n\n\n\n<p>Toivo Marin on taitava hanuristi. Soittoa h\u00e4n harrastaa yst\u00e4viens\u00e4 seurassa. Lis\u00e4tietoa 100-vuotiaasta <strong><a href=\"http:\/\/www.rukajarvensuunnanhistoriayhdistys.fi\/historiayhdistys\/toimi-marin-100-vuotta\/\">T\u00c4\u00c4LT\u00c4<\/a>:<\/strong><\/p>\n\n\n\n<p><strong>3. Hilja\nViljanen 28.1.1918, Nurmes. <\/strong><\/p>\n\n\n\n<figure class=\"wp-block-image\"><img loading=\"lazy\" decoding=\"async\" width=\"767\" height=\"1024\" src=\"http:\/\/www.rukajarvensuunnanhistoriayhdistys.fi\/historiayhdistys\/wp-content\/uploads\/2019\/03\/3-2018-01-2-8-Viljanen-Hilja-767x1024.jpg\" alt=\"\" class=\"wp-image-13024\" srcset=\"http:\/\/www.rukajarvensuunnanhistoriayhdistys.fi\/historiayhdistys\/wp-content\/uploads\/2019\/03\/3-2018-01-2-8-Viljanen-Hilja-767x1024.jpg 767w, http:\/\/www.rukajarvensuunnanhistoriayhdistys.fi\/historiayhdistys\/wp-content\/uploads\/2019\/03\/3-2018-01-2-8-Viljanen-Hilja-225x300.jpg 225w, http:\/\/www.rukajarvensuunnanhistoriayhdistys.fi\/historiayhdistys\/wp-content\/uploads\/2019\/03\/3-2018-01-2-8-Viljanen-Hilja-768x1025.jpg 768w, http:\/\/www.rukajarvensuunnanhistoriayhdistys.fi\/historiayhdistys\/wp-content\/uploads\/2019\/03\/3-2018-01-2-8-Viljanen-Hilja.jpg 1199w\" sizes=\"auto, (max-width: 767px) 100vw, 767px\" \/><figcaption>Hilja Viljanen 28.1.1918, Nurmes<\/figcaption><\/figure>\n\n\n\n<p>Sodanj\u00e4lkeen Suomessa monet leskeksi j\u00e4\u00e4neet naiset eliv\u00e4t yksinhuoltajina ja joutuivat vastaamaan perheens\u00e4 elatuksesta. N\u00e4in k\u00e4vi my\u00f6s Hiljalle. H\u00e4n j\u00e4i leskeksi, nuorin lapsista oli viisivuotias.&nbsp;Lis\u00e4tietoa 100-vuotiaasta rintamalotasta voi lukea <strong><a href=\"http:\/\/www.rukajarvensuunnanhistoriayhdistys.fi\/historiayhdistys\/100-vuotias-hilja-viljanen-arjessa-tiukasti-kiinni-parhaat-onnittelumme\/\">T\u00c4\u00c4LT\u00c4<\/a>:<\/strong><\/p>\n\n\n\n<p><strong>4. Hilja\nL\u00e4ms\u00e4 3.3.1919, Kiuruvesi. <\/strong><\/p>\n\n\n\n<figure class=\"wp-block-image\"><img loading=\"lazy\" decoding=\"async\" width=\"1024\" height=\"576\" src=\"http:\/\/www.rukajarvensuunnanhistoriayhdistys.fi\/historiayhdistys\/wp-content\/uploads\/2019\/03\/4-S1610064-Hilja-L\u00e4ms\u00e4-1024x576.jpg\" alt=\"\" class=\"wp-image-13025\" srcset=\"http:\/\/www.rukajarvensuunnanhistoriayhdistys.fi\/historiayhdistys\/wp-content\/uploads\/2019\/03\/4-S1610064-Hilja-L\u00e4ms\u00e4-1024x576.jpg 1024w, http:\/\/www.rukajarvensuunnanhistoriayhdistys.fi\/historiayhdistys\/wp-content\/uploads\/2019\/03\/4-S1610064-Hilja-L\u00e4ms\u00e4-300x169.jpg 300w, http:\/\/www.rukajarvensuunnanhistoriayhdistys.fi\/historiayhdistys\/wp-content\/uploads\/2019\/03\/4-S1610064-Hilja-L\u00e4ms\u00e4-768x432.jpg 768w\" sizes=\"auto, (max-width: 1024px) 100vw, 1024px\" \/><figcaption>Hilja L\u00e4ms\u00e4 3.3.1919, Kiuruvesi.<\/figcaption><\/figure>\n\n\n\n<p>Hilja L\u00e4ms\u00e4n haastattelu antaa erinomaista tietoa kotirintaman sodanaikaisesta ty\u00f6st\u00e4.<\/p>\n\n\n\n<p>Hilja L\u00e4ms\u00e4 (3.3.1919)\ntoimi lottaj\u00e4rjest\u00f6ss\u00e4 ensin pikkulotissa ja Jatkosodan aikana lottakouluttajana.\nHilja solmi avioliiton Matti L\u00e4ms\u00e4n (17.5.1917-28.9.1968) kanssa. H\u00e4\u00e4t\npidettiin 1.1.1942. Perheeseen syntyi 5 lasta.<\/p>\n\n\n\n<p>Hilja\nosallistui tulevan puolisonsa kanssa liikekannallepanom\u00e4\u00e4r\u00e4ysten jakeluun ja\nsotilaitten varustelut\u00f6ihin. Kevytosasto 2:n toinen komppania koottiin\nKiuruvedell\u00e4 &nbsp;Elokuvateatteri V\u00e4reell\u00e4,\njossa Hilja m\u00e4\u00e4r\u00e4ttiin komppanian kirjuriksi. Siin\u00e4 teht\u00e4v\u00e4ss\u00e4 h\u00e4n toimi 18.6.1941\nsaakka, jolloin Matti-puoliso l\u00e4hti Kiuruveden rautatieasemalta Rukaj\u00e4rven rintamalle.\n<\/p>\n\n\n\n<p>Rukaj\u00e4rven suunnan historiayhdistyksen j\u00e4senet, Hiljan pojat, Erkki ja Yrj\u00f6 sek\u00e4 Antero Huttunen ja Tenho Tikkanen tallensivat 8.3.2013 Hiljan L\u00e4ms\u00e4n haastattelun &#8221;Pikkulotasta Kevytosasto 2:n ensimm\u00e4iseksi kirjuriksi&#8221;. Haastatteluun h\u00e4n suostui vasta pitk\u00e4n neuvottelun j\u00e4lkeen. &#8221;Asiat kerron, mutta miss\u00e4\u00e4n tapauksessa ette saa nostaa minua millek\u00e4\u00e4n jalustalle.&#8221; T\u00e4m\u00e4 Hilja L\u00e4ms\u00e4n haastattelu on hieno kuvaus sodan jalkoihin joutuneen nuoren parin alkutaipaleesta, lottaty\u00f6st\u00e4 ja my\u00f6s siit\u00e4 miten h\u00e4n joutui j\u00e4\u00e4m\u00e4\u00e4n suuren talon is\u00e4nn\u00e4ksi. Hilja olisi halunnut rintamalle, mutta tyytyi kohtaloonsa, veli l\u00e4hti ja n\u00e4in h\u00e4nen vastuulleen j\u00e4i kotitilan hoitaminen. Talossa majoitettiin suuri m\u00e4\u00e4r\u00e4 sodanjaloista paennutta siirtov\u00e4ke\u00e4. Kaikki ruokailivat samaan aikaan saman p\u00f6yd\u00e4n \u00e4\u00e4rell\u00e4. Tilan suuri karja ja viljelyt\u00f6iden j\u00e4rjest\u00e4minen j\u00e4i nuoren tyt\u00f6n harteille. Silti j\u00e4i aikaa my\u00f6s pikkulotan teht\u00e4viin. Hilja kertoo haastattelussa osallistumisestaan ilmavalvontaan kirkontornissa, Koskenm\u00e4ell\u00e4 ja lis\u00e4ksi osallistumisestaan lottakanttiinin t\u00f6ihin mik\u00e4 valottaa sit\u00e4 arkista toimintaa, mill\u00e4 kotirintama auttoi rintamajoukkoja. <\/p>\n\n\n\n<p><strong>5. Tauno\nTikkanen 10.3.1916, Kiuruvesi. <\/strong><\/p>\n\n\n\n<figure class=\"wp-block-image\"><img loading=\"lazy\" decoding=\"async\" width=\"901\" height=\"1024\" src=\"http:\/\/www.rukajarvensuunnanhistoriayhdistys.fi\/historiayhdistys\/wp-content\/uploads\/2019\/03\/5-Tauno-Tikkanen-15-11-2016-901x1024.jpg\" alt=\"\" class=\"wp-image-13026\" srcset=\"http:\/\/www.rukajarvensuunnanhistoriayhdistys.fi\/historiayhdistys\/wp-content\/uploads\/2019\/03\/5-Tauno-Tikkanen-15-11-2016-901x1024.jpg 901w, http:\/\/www.rukajarvensuunnanhistoriayhdistys.fi\/historiayhdistys\/wp-content\/uploads\/2019\/03\/5-Tauno-Tikkanen-15-11-2016-264x300.jpg 264w, http:\/\/www.rukajarvensuunnanhistoriayhdistys.fi\/historiayhdistys\/wp-content\/uploads\/2019\/03\/5-Tauno-Tikkanen-15-11-2016-768x873.jpg 768w, http:\/\/www.rukajarvensuunnanhistoriayhdistys.fi\/historiayhdistys\/wp-content\/uploads\/2019\/03\/5-Tauno-Tikkanen-15-11-2016.jpg 1102w\" sizes=\"auto, (max-width: 901px) 100vw, 901px\" \/><figcaption>Tauno Tikkanen 10.3.1916, Kiuruvesi. <\/figcaption><\/figure>\n\n\n\n<p>Taunon mietelause: \u201dMin\u00e4 olen sit\u00e4 mielt\u00e4, ett\u00e4 tuumoomalla asiat hoituu, eik\u00e4 tappelemalla.\u201d T\u00e4m\u00e4n h\u00e4n lausui Kansalaisjuhlan 70 vuotta Jatkosodan p\u00e4\u00e4ttymisest\u00e4 TV2:n 4.9.2014 tekem\u00e4ss\u00e4 haastattelussa, sen voi kuulla <strong><a href=\"http:\/\/areena.yle.fi\/tv\/2380168\">T\u00c4\u00c4LT\u00c4<\/a><\/strong>:<\/p>\n\n\n\n<p>Taunon t\u00e4ytt\u00e4ess\u00e4 100 vuotta h\u00e4nt\u00e4 onnittelemaan saapui kolme saman komppanian asevelje\u00e4. Taunon 100-vuotisjuhlasta lis\u00e4tietoa <strong><a href=\"http:\/\/www.rukajarvensuunnanhistoriayhdistys.fi\/historiayhdistys\/tauno-tikkanen-100-vuotta\/\">T\u00c4\u00c4LT\u00c41 <\/a>ja <a href=\"https:\/\/www.facebook.com\/sotaveteraaniliitto\/videos\/693075050834689\/?t=4\">T\u00c4\u00c4LT\u00c42<\/a><\/strong>.<\/p>\n\n\n\n<p><strong>6. Eino\nSyrj\u00e4niemi 25.4.2018, Haapaj\u00e4rvi. <\/strong><\/p>\n\n\n\n<figure class=\"wp-block-image\"><img loading=\"lazy\" decoding=\"async\" width=\"684\" height=\"1024\" src=\"http:\/\/www.rukajarvensuunnanhistoriayhdistys.fi\/historiayhdistys\/wp-content\/uploads\/2018\/04\/Eino-Syrja\u0308niemi3-2-684x1024.jpg\" alt=\"\" class=\"wp-image-12382\" srcset=\"http:\/\/www.rukajarvensuunnanhistoriayhdistys.fi\/historiayhdistys\/wp-content\/uploads\/2018\/04\/Eino-Syrja\u0308niemi3-2-684x1024.jpg 684w, http:\/\/www.rukajarvensuunnanhistoriayhdistys.fi\/historiayhdistys\/wp-content\/uploads\/2018\/04\/Eino-Syrja\u0308niemi3-2-200x300.jpg 200w, http:\/\/www.rukajarvensuunnanhistoriayhdistys.fi\/historiayhdistys\/wp-content\/uploads\/2018\/04\/Eino-Syrja\u0308niemi3-2-768x1150.jpg 768w, http:\/\/www.rukajarvensuunnanhistoriayhdistys.fi\/historiayhdistys\/wp-content\/uploads\/2018\/04\/Eino-Syrja\u0308niemi3-2.jpg 1008w\" sizes=\"auto, (max-width: 684px) 100vw, 684px\" \/><figcaption>Eino Syrj\u00e4niemi (25.4.1918) Haapaj\u00e4rvi.<\/figcaption><\/figure>\n\n\n\n<p>Eino Syrj\u00e4niemi on yksi viel\u00e4 nelj\u00e4st\u00e4 elossa olevasta veteraanista, joka osallistui Jatkosodan miesvahvuudeltaan suurimmalle partioretkelle Muurmannin radalle tammikuussa 1942. <\/p>\n\n\n\n<p>Eino Syrj\u00e4niemen 100-vuotisp\u00e4ivill\u00e4 n\u00e4htiin vaikuttava musiikkiel\u00e4mys. H\u00e4nt\u00e4 onnitteli suvun 12 kanttorista koostuva kuoro. Eino Syrj\u00e4niemi itsekin on toiminut Haapaj\u00e4rvell\u00e4 kanttorina. Harvempi 100-vuotias pystyy lausumaan pitk\u00e4n Alpo Noposen kirjoittaman &#8221;Vuosileikki&#8221; runon virheett\u00f6m\u00e4sti. Einolta sekin onnistui, mink\u00e4 voi n\u00e4hd\u00e4 <strong><a href=\"https:\/\/youtu.be\/miLTkAu5R-s\">T\u00c4\u00c4LT\u00c4<\/a><\/strong>. H\u00e4nen 100-vuotisjuhlasta lis\u00e4tietoa <strong><a href=\"http:\/\/www.rukajarvensuunnanhistoriayhdistys.fi\/historiayhdistys\/eino-syrjaniemi-tayttaa-tanaan-100-vuotta-paljon-onnea\/\">T\u00c4\u00c4LT\u00c41<\/a> ja <a href=\"http:\/\/www.rukajarvensuunnanhistoriayhdistys.fi\/historiayhdistys\/rukajarviyhteiso-onnitteli-100-vuotiasta-eino-syrjaniemea\/\">T\u00c4\u00c4LT\u00c42&nbsp;<\/a><\/strong><\/p>\n\n\n\n<p><strong>7. Matti\nK\u00e4rkk\u00e4inen 15.11.1916, Kiuruvesi. <\/strong><\/p>\n\n\n\n<figure class=\"wp-block-image\"><img loading=\"lazy\" decoding=\"async\" width=\"1024\" height=\"819\" src=\"http:\/\/www.rukajarvensuunnanhistoriayhdistys.fi\/historiayhdistys\/wp-content\/uploads\/2019\/03\/7-Matti-K\u00e4rkk\u00e4inen-Jouluna-2014-1024x819.jpg\" alt=\"\" class=\"wp-image-13028\" srcset=\"http:\/\/www.rukajarvensuunnanhistoriayhdistys.fi\/historiayhdistys\/wp-content\/uploads\/2019\/03\/7-Matti-K\u00e4rkk\u00e4inen-Jouluna-2014-1024x819.jpg 1024w, http:\/\/www.rukajarvensuunnanhistoriayhdistys.fi\/historiayhdistys\/wp-content\/uploads\/2019\/03\/7-Matti-K\u00e4rkk\u00e4inen-Jouluna-2014-300x240.jpg 300w, http:\/\/www.rukajarvensuunnanhistoriayhdistys.fi\/historiayhdistys\/wp-content\/uploads\/2019\/03\/7-Matti-K\u00e4rkk\u00e4inen-Jouluna-2014-768x614.jpg 768w\" sizes=\"auto, (max-width: 1024px) 100vw, 1024px\" \/><figcaption>Matti K\u00e4rkk\u00e4inen 15.11.1916, Kiuruvesi. <\/figcaption><\/figure>\n\n\n\n<p>Matti K\u00e4rkk\u00e4isen 100-vuotisjuhlat olivat mieleenpainuvat. Vieraiden joukossa oli kolme veteraani ja h\u00e4n 100-vuotisjuhliensa nuorin. Syntym\u00e4p\u00e4iv\u00e4juhlista voi lukea lis\u00e4tietoa <strong><a href=\"http:\/\/www.rukajarvensuunnanhistoriayhdistys.fi\/historiayhdistys\/matti-karkkainen-satavuotisjuhlassaan-nuorin-veteraani\/\">T\u00c4\u00c4LT\u00c4<\/a><\/strong>. Matti K\u00e4rkk\u00e4isen vireys tulee esille h\u00e4nen 100-vuotisp\u00e4iv\u00e4n\u00e4 antamastaan videohaastattelusta <strong><a href=\"https:\/\/www.facebook.com\/sotaveteraaniliitto\/videos\/825468284262031\/?t=0\">T\u00c4\u00c4LT\u00c4<\/a><\/strong>:<\/p>\n\n\n\n\n\n<p><strong>8. Kirsti Jauhiainen, os. \u00d6ster \u00a0s. 14.11.1918.<\/strong><\/p>\n\n\n\n<p>Kirsti Jauhiainen toimi Karhum\u00e4en rintamalla p\u00e4\u00e4llikk\u00f6lottana kanttiinissa. H\u00e4nen puoliso oli Rukaj\u00e4rven veteraani Viljo Jauhiainen.<\/p>\n\n\n\n<p><\/p>\n\n\n\n<p><\/p>\n\n\n\n<p><strong>SEK\u00c4 MENEHTYNEET<\/strong><\/p>\n\n\n\n<p><strong>9. Pentti Perttuli (10.3.1916 &#8211; 23.5.2017), S\u00e4kyl\u00e4. <\/strong><\/p>\n\n\n\n<figure class=\"wp-block-image\"><img loading=\"lazy\" decoding=\"async\" width=\"778\" height=\"1024\" src=\"http:\/\/www.rukajarvensuunnanhistoriayhdistys.fi\/historiayhdistys\/wp-content\/uploads\/2019\/03\/8-Perttuli-Pentti-studio-kuva-90-778x1024.jpg\" alt=\"\" class=\"wp-image-13029\" srcset=\"http:\/\/www.rukajarvensuunnanhistoriayhdistys.fi\/historiayhdistys\/wp-content\/uploads\/2019\/03\/8-Perttuli-Pentti-studio-kuva-90-778x1024.jpg 778w, http:\/\/www.rukajarvensuunnanhistoriayhdistys.fi\/historiayhdistys\/wp-content\/uploads\/2019\/03\/8-Perttuli-Pentti-studio-kuva-90-228x300.jpg 228w, http:\/\/www.rukajarvensuunnanhistoriayhdistys.fi\/historiayhdistys\/wp-content\/uploads\/2019\/03\/8-Perttuli-Pentti-studio-kuva-90-768x1011.jpg 768w, http:\/\/www.rukajarvensuunnanhistoriayhdistys.fi\/historiayhdistys\/wp-content\/uploads\/2019\/03\/8-Perttuli-Pentti-studio-kuva-90.jpg 1610w\" sizes=\"auto, (max-width: 778px) 100vw, 778px\" \/><figcaption> Pentti Perttuli (10.3.1916 &#8211; 23.5.2017), S\u00e4kyl\u00e4. <\/figcaption><\/figure>\n\n\n\n<p>Pentti Perttuli toimi k\u00e4ynnist\u00e4v\u00e4n\u00e4 voimana Rukaj\u00e4rven suunnan sotahistoriaty\u00f6n k\u00e4ynnist\u00e4j\u00e4n\u00e4. Perttulista on kirjoitettu h\u00e4nen kattaviin muistiinpanoihinsa perustuvia teoksia ja useat tutkijat ovat tekem\u00e4ss\u00e4 Perttulin sotahistoriaty\u00f6h\u00f6n liittyvi\u00e4 tieteellisi\u00e4 jatkotutkimuksia. Perttulista l\u00f6ytyy tietoa suuri m\u00e4\u00e4r\u00e4 my\u00f6s RSHYry:n nettisivuilta, joista merkitt\u00e4vimm\u00e4t tapahtumat ja luennot l\u00f6ytyv\u00e4t oheisen linkkien takaa:<\/p>\n\n\n\n<p>8.1. Pentti Perttuli 100 vuotta <strong><a href=\"http:\/\/www.rukajarvensuunnanhistoriayhdistys.fi\/historiayhdistys\/pentti-perttuli-100-vuotta\/\">T\u00c4\u00c4LT\u00c41<\/a> ja <a href=\"http:\/\/www.rukajarvensuunnanhistoriayhdistys.fi\/historiayhdistys\/puheenjohtaja-tenho-tikkanen-paivansankarille-esimerkin-voima-pentti-perttulin-vahvuus\/\">T\u00c4\u00c4LT\u00c42<\/a> <\/strong><\/p>\n\n\n\n<p>8.2. Pentti Perttulin Jotos seminaari 2017 <strong><a href=\"http:\/\/www.rukajarvensuunnanhistoriayhdistys.fi\/historiayhdistys\/event\/pentti-perttuli-perttulin-jotos-seminaari-seka-viimeinen-paivakasky\/\">T\u00c4\u00c4LT\u00c41<\/a> ja <a href=\"http:\/\/www.rukajarvensuunnanhistoriayhdistys.fi\/historiayhdistys\/pentti-perttuli-eramaasodan-johtaja\/\">T\u00c4\u00c4LT\u00c42<\/a>:<\/strong><\/p>\n\n\n\n<p>8.3. Pentti Perttulin v. 2006 videohaastattelu <strong><a href=\"http:\/\/www.rukajarvensuunnanhistoriayhdistys.fi\/historiayhdistys\/pentti-perttulin-vuonna-2006-kuvattu-videohaastattelu-nyt-myos-netissa\/\">T\u00c4\u00c4LT\u00c4<\/a>:<\/strong><\/p>\n\n\n\n<p>8.4. Pentti Perttuli on poissa <strong><a href=\"http:\/\/www.rukajarvensuunnanhistoriayhdistys.fi\/historiayhdistys\/yhdistyksemme-perustajajasen-rukajarven-veteraani-pentti-perttuli-poissa\/\">T\u00c4\u00c4LT\u00c4<\/a><\/strong><\/p>\n\n\n\n<p>8.5. Pentti Perttuli muistokirjoitus <strong><a href=\"http:\/\/www.rukajarvensuunnanhistoriayhdistys.fi\/historiayhdistys\/pentti-perttulin-muistolle\/\">T\u00c4\u00c4LT\u00c4<\/a> <\/strong><\/p>\n\n\n\n<p>8.6. Pentti Perttulin hautajaiset 8.6.2017  <strong> <a href=\"http:\/\/www.rukajarvensuunnanhistoriayhdistys.fi\/historiayhdistys\/sakylan-kirkko-tayttyi-saattelemaan-pentti-perttulia-viimeiselle-matkalle\/\">T\u00c4\u00c4LT\u00c4<\/a>:<\/strong><\/p>\n\n\n\n<p>8.7. Pentti Perttuli Jotos muistoseminaari 2018 <strong><a href=\"http:\/\/www.rukajarvensuunnanhistoriayhdistys.fi\/historiayhdistys\/tenho-tikkanen-seminaariavaus-raappanan-ritari-pentti-perttuli-muistoseminaari\/\">T\u00c4\u00c4LT\u00c4<\/a><\/strong><\/p>\n\n\n\n<p><\/p>\n\n\n\n<p><\/p>\n\n\n\n<p><strong>10. Mikko Bergman, 1.9.1913 &#8211; 18.1.2017, Iisalmi<\/strong><\/p>\n\n\n\n<figure class=\"wp-block-image\"><img loading=\"lazy\" decoding=\"async\" width=\"683\" height=\"1024\" src=\"http:\/\/www.rukajarvensuunnanhistoriayhdistys.fi\/historiayhdistys\/wp-content\/uploads\/2019\/03\/9-Mikko-Bergman-683x1024.jpg\" alt=\"\" class=\"wp-image-13030\" srcset=\"http:\/\/www.rukajarvensuunnanhistoriayhdistys.fi\/historiayhdistys\/wp-content\/uploads\/2019\/03\/9-Mikko-Bergman-683x1024.jpg 683w, http:\/\/www.rukajarvensuunnanhistoriayhdistys.fi\/historiayhdistys\/wp-content\/uploads\/2019\/03\/9-Mikko-Bergman-200x300.jpg 200w, http:\/\/www.rukajarvensuunnanhistoriayhdistys.fi\/historiayhdistys\/wp-content\/uploads\/2019\/03\/9-Mikko-Bergman-768x1152.jpg 768w\" sizes=\"auto, (max-width: 683px) 100vw, 683px\" \/><figcaption>Mikko Bergman, 1.9.1913 &#8211; 18.1.2017, Iisalmi<\/figcaption><\/figure>\n\n\n\n<p>Mikko Bergman valmisti Marskin Majalle kaksi venett\u00e4, mink\u00e4 johdosta h\u00e4n sai liikanimen. Marskin veneentekij\u00e4st\u00e4 lis\u00e4tietoa voi saada <strong><a href=\"http:\/\/www.rukajarvensuunnanhistoriayhdistys.fi\/historiayhdistys\/mikko-bergman-in-memoriam\/\">T\u00c4\u00c4LT\u00c4<\/a><\/strong>: Mikko Bergman oli tunnettu hyv\u00e4st\u00e4 huumoristaan mik\u00e4 tuli esille h\u00e4nen 102-vuotishaastattelustaan: T\u00e4\u00e4ll\u00e4 otetaan vastaan aina onnitteluja.&#8221;, Tuohon ik\u00e4\u00e4n el\u00e4nytt\u00e4 monta sotaa k\u00e4yneell\u00e4 veteraanilla riitti onnittelijoita. Mikko Bergmanin poismeno liikutti suuria ihmisjoukkoja. H\u00e4nen muistokirjoituksensa voi lukea <strong><a href=\"http:\/\/www.rukajarvensuunnanhistoriayhdistys.fi\/historiayhdistys\/jo-102-vuotias-marskin-veneentekija-mikko-bergman-taalla-otetaan-vastaan-aina-onnitteluja\/\">T\u00c4\u00c4LT\u00c41<\/a>.<\/strong><\/p>\n\n\n\n<p><\/p>\n\n\n\n<p>Jutun on kirjoittanut Tenho Tikkanen<\/p>\n\n\n\n<p>Jutun tiedot ovat per\u00e4isin RSHYry:n arkistosta <\/p>\n\n\n\n<p><\/p>\n","protected":false},"excerpt":{"rendered":"<p>Vuoden 2019 alussa veteraanitunnuksen omaavien veteraanien m\u00e4\u00e4r\u00e4 oli 10.326. &nbsp;Tilastoa siit\u00e4 mihin ik\u00e4luokkiin veteraanit sijoittuvat ei ole olemassa. Rukaj\u00e4rven suunnan historiayhdistys ry:n historiaty\u00f6ss\u00e4 on kartoitettu veteraanity\u00f6h\u00f6n osallistuneitten veteraanien tietoja. T\u00e4ss\u00e4 <a class=\"more-link\" href=\"http:\/\/www.rukajarvensuunnanhistoriayhdistys.fi\/historiayhdistys\/rukajarven-suunnan-100-vuotiaat-parhaat-onnittelumme\/\">Teksti jatkuu&#8230;<span class=\"screen-reader-text\">Rukaj\u00e4rven suunnan 100-vuotiaat 2019 &#8211; parhaat onnittelumme<\/span><span class=\"meta-nav\">\u2192<\/span><\/a><\/p>\n","protected":false},"author":3,"featured_media":0,"comment_status":"closed","ping_status":"open","sticky":false,"template":"","format":"standard","meta":{"footnotes":""},"categories":[22,21,17],"tags":[],"class_list":["post-13001","post","type-post","status-publish","format-standard","hentry","category-ajankohtaista","category-rukajarvi-keskus","category-toiminta"],"yoast_head":"<!-- This site is optimized with the Yoast SEO plugin v27.4 - https:\/\/yoast.com\/product\/yoast-seo-wordpress\/ -->\n<title>Rukaj\u00e4rven suunnan 100-vuotiaat 2019 - parhaat onnittelumme - Rukaj\u00e4rven suunnan historiayhdistys<\/title>\n<meta name=\"robots\" content=\"index, follow, max-snippet:-1, max-image-preview:large, max-video-preview:-1\" \/>\n<link rel=\"canonical\" href=\"https:\/\/www.rukajarvensuunnanhistoriayhdistys.fi\/historiayhdistys\/rukajarven-suunnan-100-vuotiaat-parhaat-onnittelumme\/\" \/>\n<meta property=\"og:locale\" content=\"fi_FI\" \/>\n<meta property=\"og:type\" content=\"article\" \/>\n<meta property=\"og:title\" content=\"Rukaj\u00e4rven suunnan 100-vuotiaat 2019 - parhaat onnittelumme - Rukaj\u00e4rven suunnan historiayhdistys\" \/>\n<meta property=\"og:description\" content=\"Vuoden 2019 alussa veteraanitunnuksen omaavien veteraanien m\u00e4\u00e4r\u00e4 oli 10.326. &nbsp;Tilastoa siit\u00e4 mihin ik\u00e4luokkiin veteraanit sijoittuvat ei ole olemassa. Rukaj\u00e4rven suunnan historiayhdistys ry:n historiaty\u00f6ss\u00e4 on kartoitettu veteraanity\u00f6h\u00f6n osallistuneitten veteraanien tietoja. T\u00e4ss\u00e4 Teksti jatkuu...Rukaj\u00e4rven suunnan 100-vuotiaat 2019 &#8211; parhaat onnittelumme\u2192\" \/>\n<meta property=\"og:url\" content=\"https:\/\/www.rukajarvensuunnanhistoriayhdistys.fi\/historiayhdistys\/rukajarven-suunnan-100-vuotiaat-parhaat-onnittelumme\/\" \/>\n<meta property=\"og:site_name\" content=\"Rukaj\u00e4rven suunnan historiayhdistys\" \/>\n<meta property=\"article:published_time\" content=\"2019-03-02T22:11:53+00:00\" \/>\n<meta property=\"article:modified_time\" content=\"2019-03-04T12:54:23+00:00\" \/>\n<meta property=\"og:image\" content=\"http:\/\/www.rukajarvensuunnanhistoriayhdistys.fi\/historiayhdistys\/wp-content\/uploads\/2019\/03\/1-Koppinen-Ilmari-SSS-8-1-2018.jpg\" \/>\n<meta name=\"author\" content=\"RSHY\" \/>\n<meta name=\"twitter:label1\" content=\"Kirjoittanut\" \/>\n\t<meta name=\"twitter:data1\" content=\"RSHY\" \/>\n\t<meta name=\"twitter:label2\" content=\"Arvioitu lukuaika\" \/>\n\t<meta name=\"twitter:data2\" content=\"5 minuuttia\" \/>\n<script type=\"application\/ld+json\" class=\"yoast-schema-graph\">{\"@context\":\"https:\\\/\\\/schema.org\",\"@graph\":[{\"@type\":\"Article\",\"@id\":\"https:\\\/\\\/www.rukajarvensuunnanhistoriayhdistys.fi\\\/historiayhdistys\\\/rukajarven-suunnan-100-vuotiaat-parhaat-onnittelumme\\\/#article\",\"isPartOf\":{\"@id\":\"https:\\\/\\\/www.rukajarvensuunnanhistoriayhdistys.fi\\\/historiayhdistys\\\/rukajarven-suunnan-100-vuotiaat-parhaat-onnittelumme\\\/\"},\"author\":{\"name\":\"RSHY\",\"@id\":\"http:\\\/\\\/www.rukajarvensuunnanhistoriayhdistys.fi\\\/historiayhdistys\\\/#\\\/schema\\\/person\\\/19de7db68bf72dfd2b5d7f6dfbf8454d\"},\"headline\":\"Rukaj\u00e4rven suunnan 100-vuotiaat 2019 &#8211; parhaat onnittelumme\",\"datePublished\":\"2019-03-02T22:11:53+00:00\",\"dateModified\":\"2019-03-04T12:54:23+00:00\",\"mainEntityOfPage\":{\"@id\":\"https:\\\/\\\/www.rukajarvensuunnanhistoriayhdistys.fi\\\/historiayhdistys\\\/rukajarven-suunnan-100-vuotiaat-parhaat-onnittelumme\\\/\"},\"wordCount\":911,\"publisher\":{\"@id\":\"http:\\\/\\\/www.rukajarvensuunnanhistoriayhdistys.fi\\\/historiayhdistys\\\/#organization\"},\"image\":{\"@id\":\"https:\\\/\\\/www.rukajarvensuunnanhistoriayhdistys.fi\\\/historiayhdistys\\\/rukajarven-suunnan-100-vuotiaat-parhaat-onnittelumme\\\/#primaryimage\"},\"thumbnailUrl\":\"http:\\\/\\\/www.rukajarvensuunnanhistoriayhdistys.fi\\\/historiayhdistys\\\/wp-content\\\/uploads\\\/2019\\\/03\\\/1-Koppinen-Ilmari-SSS-8-1-2018.jpg\",\"articleSection\":[\"Ajankohtaista\",\"Rukaj\u00e4rvi-keskus\",\"Toiminta\"],\"inLanguage\":\"fi\"},{\"@type\":\"WebPage\",\"@id\":\"https:\\\/\\\/www.rukajarvensuunnanhistoriayhdistys.fi\\\/historiayhdistys\\\/rukajarven-suunnan-100-vuotiaat-parhaat-onnittelumme\\\/\",\"url\":\"https:\\\/\\\/www.rukajarvensuunnanhistoriayhdistys.fi\\\/historiayhdistys\\\/rukajarven-suunnan-100-vuotiaat-parhaat-onnittelumme\\\/\",\"name\":\"Rukaj\u00e4rven suunnan 100-vuotiaat 2019 - parhaat onnittelumme - Rukaj\u00e4rven suunnan historiayhdistys\",\"isPartOf\":{\"@id\":\"http:\\\/\\\/www.rukajarvensuunnanhistoriayhdistys.fi\\\/historiayhdistys\\\/#website\"},\"primaryImageOfPage\":{\"@id\":\"https:\\\/\\\/www.rukajarvensuunnanhistoriayhdistys.fi\\\/historiayhdistys\\\/rukajarven-suunnan-100-vuotiaat-parhaat-onnittelumme\\\/#primaryimage\"},\"image\":{\"@id\":\"https:\\\/\\\/www.rukajarvensuunnanhistoriayhdistys.fi\\\/historiayhdistys\\\/rukajarven-suunnan-100-vuotiaat-parhaat-onnittelumme\\\/#primaryimage\"},\"thumbnailUrl\":\"http:\\\/\\\/www.rukajarvensuunnanhistoriayhdistys.fi\\\/historiayhdistys\\\/wp-content\\\/uploads\\\/2019\\\/03\\\/1-Koppinen-Ilmari-SSS-8-1-2018.jpg\",\"datePublished\":\"2019-03-02T22:11:53+00:00\",\"dateModified\":\"2019-03-04T12:54:23+00:00\",\"breadcrumb\":{\"@id\":\"https:\\\/\\\/www.rukajarvensuunnanhistoriayhdistys.fi\\\/historiayhdistys\\\/rukajarven-suunnan-100-vuotiaat-parhaat-onnittelumme\\\/#breadcrumb\"},\"inLanguage\":\"fi\",\"potentialAction\":[{\"@type\":\"ReadAction\",\"target\":[\"https:\\\/\\\/www.rukajarvensuunnanhistoriayhdistys.fi\\\/historiayhdistys\\\/rukajarven-suunnan-100-vuotiaat-parhaat-onnittelumme\\\/\"]}]},{\"@type\":\"ImageObject\",\"inLanguage\":\"fi\",\"@id\":\"https:\\\/\\\/www.rukajarvensuunnanhistoriayhdistys.fi\\\/historiayhdistys\\\/rukajarven-suunnan-100-vuotiaat-parhaat-onnittelumme\\\/#primaryimage\",\"url\":\"http:\\\/\\\/www.rukajarvensuunnanhistoriayhdistys.fi\\\/historiayhdistys\\\/wp-content\\\/uploads\\\/2019\\\/03\\\/1-Koppinen-Ilmari-SSS-8-1-2018.jpg\",\"contentUrl\":\"http:\\\/\\\/www.rukajarvensuunnanhistoriayhdistys.fi\\\/historiayhdistys\\\/wp-content\\\/uploads\\\/2019\\\/03\\\/1-Koppinen-Ilmari-SSS-8-1-2018.jpg\",\"width\":800,\"height\":542,\"caption\":\"Ilmari Koppinen 8.1.1918, Salo.\"},{\"@type\":\"BreadcrumbList\",\"@id\":\"https:\\\/\\\/www.rukajarvensuunnanhistoriayhdistys.fi\\\/historiayhdistys\\\/rukajarven-suunnan-100-vuotiaat-parhaat-onnittelumme\\\/#breadcrumb\",\"itemListElement\":[{\"@type\":\"ListItem\",\"position\":1,\"name\":\"Etusivu\",\"item\":\"http:\\\/\\\/www.rukajarvensuunnanhistoriayhdistys.fi\\\/historiayhdistys\\\/\"},{\"@type\":\"ListItem\",\"position\":2,\"name\":\"Rukaj\u00e4rven suunnan 100-vuotiaat 2019 &#8211; parhaat onnittelumme\"}]},{\"@type\":\"WebSite\",\"@id\":\"http:\\\/\\\/www.rukajarvensuunnanhistoriayhdistys.fi\\\/historiayhdistys\\\/#website\",\"url\":\"http:\\\/\\\/www.rukajarvensuunnanhistoriayhdistys.fi\\\/historiayhdistys\\\/\",\"name\":\"Rukaj\u00e4rven suunnan historiayhdistys\",\"description\":\"Rukaj\u00e4rven suunnan historiayhdistyksen verkkosivut.\",\"publisher\":{\"@id\":\"http:\\\/\\\/www.rukajarvensuunnanhistoriayhdistys.fi\\\/historiayhdistys\\\/#organization\"},\"potentialAction\":[{\"@type\":\"SearchAction\",\"target\":{\"@type\":\"EntryPoint\",\"urlTemplate\":\"http:\\\/\\\/www.rukajarvensuunnanhistoriayhdistys.fi\\\/historiayhdistys\\\/?s={search_term_string}\"},\"query-input\":{\"@type\":\"PropertyValueSpecification\",\"valueRequired\":true,\"valueName\":\"search_term_string\"}}],\"inLanguage\":\"fi\"},{\"@type\":\"Organization\",\"@id\":\"http:\\\/\\\/www.rukajarvensuunnanhistoriayhdistys.fi\\\/historiayhdistys\\\/#organization\",\"name\":\"Rukaj\u00e4rven suunnan historiayhdistys\",\"url\":\"http:\\\/\\\/www.rukajarvensuunnanhistoriayhdistys.fi\\\/historiayhdistys\\\/\",\"logo\":{\"@type\":\"ImageObject\",\"inLanguage\":\"fi\",\"@id\":\"http:\\\/\\\/www.rukajarvensuunnanhistoriayhdistys.fi\\\/historiayhdistys\\\/#\\\/schema\\\/logo\\\/image\\\/\",\"url\":\"http:\\\/\\\/www.rukajarvensuunnanhistoriayhdistys.fi\\\/historiayhdistys\\\/wp-content\\\/uploads\\\/2013\\\/12\\\/Otsake_3.jpg\",\"contentUrl\":\"http:\\\/\\\/www.rukajarvensuunnanhistoriayhdistys.fi\\\/historiayhdistys\\\/wp-content\\\/uploads\\\/2013\\\/12\\\/Otsake_3.jpg\",\"width\":1000,\"height\":442,\"caption\":\"Rukaj\u00e4rven suunnan historiayhdistys\"},\"image\":{\"@id\":\"http:\\\/\\\/www.rukajarvensuunnanhistoriayhdistys.fi\\\/historiayhdistys\\\/#\\\/schema\\\/logo\\\/image\\\/\"}},{\"@type\":\"Person\",\"@id\":\"http:\\\/\\\/www.rukajarvensuunnanhistoriayhdistys.fi\\\/historiayhdistys\\\/#\\\/schema\\\/person\\\/19de7db68bf72dfd2b5d7f6dfbf8454d\",\"name\":\"RSHY\",\"image\":{\"@type\":\"ImageObject\",\"inLanguage\":\"fi\",\"@id\":\"https:\\\/\\\/secure.gravatar.com\\\/avatar\\\/598d59263a69cc8de65fcb4f9db78d6f58c098cb0e0ba22d73377441af9fa04c?s=96&d=blank&r=g\",\"url\":\"https:\\\/\\\/secure.gravatar.com\\\/avatar\\\/598d59263a69cc8de65fcb4f9db78d6f58c098cb0e0ba22d73377441af9fa04c?s=96&d=blank&r=g\",\"contentUrl\":\"https:\\\/\\\/secure.gravatar.com\\\/avatar\\\/598d59263a69cc8de65fcb4f9db78d6f58c098cb0e0ba22d73377441af9fa04c?s=96&d=blank&r=g\",\"caption\":\"RSHY\"},\"url\":\"http:\\\/\\\/www.rukajarvensuunnanhistoriayhdistys.fi\\\/historiayhdistys\\\/author\\\/rshy\\\/\"}]}<\/script>\n<!-- \/ Yoast SEO plugin. -->","yoast_head_json":{"title":"Rukaj\u00e4rven suunnan 100-vuotiaat 2019 - parhaat onnittelumme - Rukaj\u00e4rven suunnan historiayhdistys","robots":{"index":"index","follow":"follow","max-snippet":"max-snippet:-1","max-image-preview":"max-image-preview:large","max-video-preview":"max-video-preview:-1"},"canonical":"https:\/\/www.rukajarvensuunnanhistoriayhdistys.fi\/historiayhdistys\/rukajarven-suunnan-100-vuotiaat-parhaat-onnittelumme\/","og_locale":"fi_FI","og_type":"article","og_title":"Rukaj\u00e4rven suunnan 100-vuotiaat 2019 - parhaat onnittelumme - Rukaj\u00e4rven suunnan historiayhdistys","og_description":"Vuoden 2019 alussa veteraanitunnuksen omaavien veteraanien m\u00e4\u00e4r\u00e4 oli 10.326. &nbsp;Tilastoa siit\u00e4 mihin ik\u00e4luokkiin veteraanit sijoittuvat ei ole olemassa. Rukaj\u00e4rven suunnan historiayhdistys ry:n historiaty\u00f6ss\u00e4 on kartoitettu veteraanity\u00f6h\u00f6n osallistuneitten veteraanien tietoja. T\u00e4ss\u00e4 Teksti jatkuu...Rukaj\u00e4rven suunnan 100-vuotiaat 2019 &#8211; parhaat onnittelumme\u2192","og_url":"https:\/\/www.rukajarvensuunnanhistoriayhdistys.fi\/historiayhdistys\/rukajarven-suunnan-100-vuotiaat-parhaat-onnittelumme\/","og_site_name":"Rukaj\u00e4rven suunnan historiayhdistys","article_published_time":"2019-03-02T22:11:53+00:00","article_modified_time":"2019-03-04T12:54:23+00:00","og_image":[{"url":"http:\/\/www.rukajarvensuunnanhistoriayhdistys.fi\/historiayhdistys\/wp-content\/uploads\/2019\/03\/1-Koppinen-Ilmari-SSS-8-1-2018.jpg","type":"","width":"","height":""}],"author":"RSHY","twitter_misc":{"Kirjoittanut":"RSHY","Arvioitu lukuaika":"5 minuuttia"},"schema":{"@context":"https:\/\/schema.org","@graph":[{"@type":"Article","@id":"https:\/\/www.rukajarvensuunnanhistoriayhdistys.fi\/historiayhdistys\/rukajarven-suunnan-100-vuotiaat-parhaat-onnittelumme\/#article","isPartOf":{"@id":"https:\/\/www.rukajarvensuunnanhistoriayhdistys.fi\/historiayhdistys\/rukajarven-suunnan-100-vuotiaat-parhaat-onnittelumme\/"},"author":{"name":"RSHY","@id":"http:\/\/www.rukajarvensuunnanhistoriayhdistys.fi\/historiayhdistys\/#\/schema\/person\/19de7db68bf72dfd2b5d7f6dfbf8454d"},"headline":"Rukaj\u00e4rven suunnan 100-vuotiaat 2019 &#8211; parhaat onnittelumme","datePublished":"2019-03-02T22:11:53+00:00","dateModified":"2019-03-04T12:54:23+00:00","mainEntityOfPage":{"@id":"https:\/\/www.rukajarvensuunnanhistoriayhdistys.fi\/historiayhdistys\/rukajarven-suunnan-100-vuotiaat-parhaat-onnittelumme\/"},"wordCount":911,"publisher":{"@id":"http:\/\/www.rukajarvensuunnanhistoriayhdistys.fi\/historiayhdistys\/#organization"},"image":{"@id":"https:\/\/www.rukajarvensuunnanhistoriayhdistys.fi\/historiayhdistys\/rukajarven-suunnan-100-vuotiaat-parhaat-onnittelumme\/#primaryimage"},"thumbnailUrl":"http:\/\/www.rukajarvensuunnanhistoriayhdistys.fi\/historiayhdistys\/wp-content\/uploads\/2019\/03\/1-Koppinen-Ilmari-SSS-8-1-2018.jpg","articleSection":["Ajankohtaista","Rukaj\u00e4rvi-keskus","Toiminta"],"inLanguage":"fi"},{"@type":"WebPage","@id":"https:\/\/www.rukajarvensuunnanhistoriayhdistys.fi\/historiayhdistys\/rukajarven-suunnan-100-vuotiaat-parhaat-onnittelumme\/","url":"https:\/\/www.rukajarvensuunnanhistoriayhdistys.fi\/historiayhdistys\/rukajarven-suunnan-100-vuotiaat-parhaat-onnittelumme\/","name":"Rukaj\u00e4rven suunnan 100-vuotiaat 2019 - parhaat onnittelumme - Rukaj\u00e4rven suunnan historiayhdistys","isPartOf":{"@id":"http:\/\/www.rukajarvensuunnanhistoriayhdistys.fi\/historiayhdistys\/#website"},"primaryImageOfPage":{"@id":"https:\/\/www.rukajarvensuunnanhistoriayhdistys.fi\/historiayhdistys\/rukajarven-suunnan-100-vuotiaat-parhaat-onnittelumme\/#primaryimage"},"image":{"@id":"https:\/\/www.rukajarvensuunnanhistoriayhdistys.fi\/historiayhdistys\/rukajarven-suunnan-100-vuotiaat-parhaat-onnittelumme\/#primaryimage"},"thumbnailUrl":"http:\/\/www.rukajarvensuunnanhistoriayhdistys.fi\/historiayhdistys\/wp-content\/uploads\/2019\/03\/1-Koppinen-Ilmari-SSS-8-1-2018.jpg","datePublished":"2019-03-02T22:11:53+00:00","dateModified":"2019-03-04T12:54:23+00:00","breadcrumb":{"@id":"https:\/\/www.rukajarvensuunnanhistoriayhdistys.fi\/historiayhdistys\/rukajarven-suunnan-100-vuotiaat-parhaat-onnittelumme\/#breadcrumb"},"inLanguage":"fi","potentialAction":[{"@type":"ReadAction","target":["https:\/\/www.rukajarvensuunnanhistoriayhdistys.fi\/historiayhdistys\/rukajarven-suunnan-100-vuotiaat-parhaat-onnittelumme\/"]}]},{"@type":"ImageObject","inLanguage":"fi","@id":"https:\/\/www.rukajarvensuunnanhistoriayhdistys.fi\/historiayhdistys\/rukajarven-suunnan-100-vuotiaat-parhaat-onnittelumme\/#primaryimage","url":"http:\/\/www.rukajarvensuunnanhistoriayhdistys.fi\/historiayhdistys\/wp-content\/uploads\/2019\/03\/1-Koppinen-Ilmari-SSS-8-1-2018.jpg","contentUrl":"http:\/\/www.rukajarvensuunnanhistoriayhdistys.fi\/historiayhdistys\/wp-content\/uploads\/2019\/03\/1-Koppinen-Ilmari-SSS-8-1-2018.jpg","width":800,"height":542,"caption":"Ilmari Koppinen 8.1.1918, Salo."},{"@type":"BreadcrumbList","@id":"https:\/\/www.rukajarvensuunnanhistoriayhdistys.fi\/historiayhdistys\/rukajarven-suunnan-100-vuotiaat-parhaat-onnittelumme\/#breadcrumb","itemListElement":[{"@type":"ListItem","position":1,"name":"Etusivu","item":"http:\/\/www.rukajarvensuunnanhistoriayhdistys.fi\/historiayhdistys\/"},{"@type":"ListItem","position":2,"name":"Rukaj\u00e4rven suunnan 100-vuotiaat 2019 &#8211; parhaat onnittelumme"}]},{"@type":"WebSite","@id":"http:\/\/www.rukajarvensuunnanhistoriayhdistys.fi\/historiayhdistys\/#website","url":"http:\/\/www.rukajarvensuunnanhistoriayhdistys.fi\/historiayhdistys\/","name":"Rukaj\u00e4rven suunnan historiayhdistys","description":"Rukaj\u00e4rven suunnan historiayhdistyksen verkkosivut.","publisher":{"@id":"http:\/\/www.rukajarvensuunnanhistoriayhdistys.fi\/historiayhdistys\/#organization"},"potentialAction":[{"@type":"SearchAction","target":{"@type":"EntryPoint","urlTemplate":"http:\/\/www.rukajarvensuunnanhistoriayhdistys.fi\/historiayhdistys\/?s={search_term_string}"},"query-input":{"@type":"PropertyValueSpecification","valueRequired":true,"valueName":"search_term_string"}}],"inLanguage":"fi"},{"@type":"Organization","@id":"http:\/\/www.rukajarvensuunnanhistoriayhdistys.fi\/historiayhdistys\/#organization","name":"Rukaj\u00e4rven suunnan historiayhdistys","url":"http:\/\/www.rukajarvensuunnanhistoriayhdistys.fi\/historiayhdistys\/","logo":{"@type":"ImageObject","inLanguage":"fi","@id":"http:\/\/www.rukajarvensuunnanhistoriayhdistys.fi\/historiayhdistys\/#\/schema\/logo\/image\/","url":"http:\/\/www.rukajarvensuunnanhistoriayhdistys.fi\/historiayhdistys\/wp-content\/uploads\/2013\/12\/Otsake_3.jpg","contentUrl":"http:\/\/www.rukajarvensuunnanhistoriayhdistys.fi\/historiayhdistys\/wp-content\/uploads\/2013\/12\/Otsake_3.jpg","width":1000,"height":442,"caption":"Rukaj\u00e4rven suunnan historiayhdistys"},"image":{"@id":"http:\/\/www.rukajarvensuunnanhistoriayhdistys.fi\/historiayhdistys\/#\/schema\/logo\/image\/"}},{"@type":"Person","@id":"http:\/\/www.rukajarvensuunnanhistoriayhdistys.fi\/historiayhdistys\/#\/schema\/person\/19de7db68bf72dfd2b5d7f6dfbf8454d","name":"RSHY","image":{"@type":"ImageObject","inLanguage":"fi","@id":"https:\/\/secure.gravatar.com\/avatar\/598d59263a69cc8de65fcb4f9db78d6f58c098cb0e0ba22d73377441af9fa04c?s=96&d=blank&r=g","url":"https:\/\/secure.gravatar.com\/avatar\/598d59263a69cc8de65fcb4f9db78d6f58c098cb0e0ba22d73377441af9fa04c?s=96&d=blank&r=g","contentUrl":"https:\/\/secure.gravatar.com\/avatar\/598d59263a69cc8de65fcb4f9db78d6f58c098cb0e0ba22d73377441af9fa04c?s=96&d=blank&r=g","caption":"RSHY"},"url":"http:\/\/www.rukajarvensuunnanhistoriayhdistys.fi\/historiayhdistys\/author\/rshy\/"}]}},"_links":{"self":[{"href":"http:\/\/www.rukajarvensuunnanhistoriayhdistys.fi\/historiayhdistys\/wp-json\/wp\/v2\/posts\/13001","targetHints":{"allow":["GET"]}}],"collection":[{"href":"http:\/\/www.rukajarvensuunnanhistoriayhdistys.fi\/historiayhdistys\/wp-json\/wp\/v2\/posts"}],"about":[{"href":"http:\/\/www.rukajarvensuunnanhistoriayhdistys.fi\/historiayhdistys\/wp-json\/wp\/v2\/types\/post"}],"author":[{"embeddable":true,"href":"http:\/\/www.rukajarvensuunnanhistoriayhdistys.fi\/historiayhdistys\/wp-json\/wp\/v2\/users\/3"}],"replies":[{"embeddable":true,"href":"http:\/\/www.rukajarvensuunnanhistoriayhdistys.fi\/historiayhdistys\/wp-json\/wp\/v2\/comments?post=13001"}],"version-history":[{"count":12,"href":"http:\/\/www.rukajarvensuunnanhistoriayhdistys.fi\/historiayhdistys\/wp-json\/wp\/v2\/posts\/13001\/revisions"}],"predecessor-version":[{"id":13050,"href":"http:\/\/www.rukajarvensuunnanhistoriayhdistys.fi\/historiayhdistys\/wp-json\/wp\/v2\/posts\/13001\/revisions\/13050"}],"wp:attachment":[{"href":"http:\/\/www.rukajarvensuunnanhistoriayhdistys.fi\/historiayhdistys\/wp-json\/wp\/v2\/media?parent=13001"}],"wp:term":[{"taxonomy":"category","embeddable":true,"href":"http:\/\/www.rukajarvensuunnanhistoriayhdistys.fi\/historiayhdistys\/wp-json\/wp\/v2\/categories?post=13001"},{"taxonomy":"post_tag","embeddable":true,"href":"http:\/\/www.rukajarvensuunnanhistoriayhdistys.fi\/historiayhdistys\/wp-json\/wp\/v2\/tags?post=13001"}],"curies":[{"name":"wp","href":"https:\/\/api.w.org\/{rel}","templated":true}]}}