{"id":13139,"date":"2019-03-23T22:11:53","date_gmt":"2019-03-23T20:11:53","guid":{"rendered":"http:\/\/www.rukajarvensuunnanhistoriayhdistys.fi\/historiayhdistys\/?p=13139"},"modified":"2019-03-24T11:09:47","modified_gmt":"2019-03-24T09:09:47","slug":"rukajarven-suunnalla-puheenjohtaja-vaihtui","status":"publish","type":"post","link":"http:\/\/www.rukajarvensuunnanhistoriayhdistys.fi\/historiayhdistys\/rukajarven-suunnalla-puheenjohtaja-vaihtui\/","title":{"rendered":"Rukaj\u00e4rven suunnalla puheenjohtaja vaihtui"},"content":{"rendered":"<div class=\"fcbkbttn_buttons_block\" id=\"fcbkbttn_left\"><div class=\"fcbkbttn_like \"><fb:like href=\"http:\/\/www.rukajarvensuunnanhistoriayhdistys.fi\/historiayhdistys\/rukajarven-suunnalla-puheenjohtaja-vaihtui\/\" action=\"like\" colorscheme=\"light\" layout=\"button_count\"  size=\"small\"><\/fb:like><\/div><\/div>\n<p>Reservin majuri ja opettaja Seppo R\u00e4ih\u00e4 valittiin\nRukaj\u00e4rven suunnan historiayhdistys ry:n uudeksi puheenjohtajaksi n. 10 vuotta\nyhdistyksen puheenjohtajana toimineen verotarkastaja Tenho Tikkasen tilalle.<\/p>\n\n\n\n<p>Hallituksen varapuheenjohtajaksi hallitus valitsi el\u00e4kkeell\u00e4 olevan rikosylikomisario Seppo Ryh\u00e4nen Lapinlahdelta. Hallitukseen erovuoroisten tilalle tuli valituksi hirsirakentaja Matti Kilpel\u00e4inen, joka on syntyisin Nurmeksesta. Hallituksen sihteerin\u00e4 ja taloudenhoitajana jatkaa Jari K\u00e4rkk\u00e4inen ja muut hallituksen j\u00e4senet ovat Antero Huttunen, Ossi Laine, Tauno Oksanen sek\u00e4 Kari Veps\u00e4l\u00e4inen.<\/p>\n\n\n\n<p>Seppo R\u00e4ih\u00e4  piti kiitospuheen, miss\u00e4 h\u00e4n esitti kiitokset pitk\u00e4aikaiselle puheenjohtaja Tenho Tikkaselle.<\/p>\n\n\n\n<p>Tikkanen lahjoitti hankkimansa puheenjohtajan nuijat yhdistykselle, joista toivoi toista s\u00e4ilytett\u00e4v\u00e4ksi Iisalmen ja toista Lieksan Rukaj\u00e4rvi-keskuksessa.<\/p>\n\n\n\n<p>Valinnan j\u00e4lkeen Tikkanen onnitteli uutta puheenjohtajaa ja samalla h\u00e4n esitti Seppo R\u00e4ih\u00e4lle kiitoksensa h\u00e4nen yhdistyksen hallituksen varapuheenjohtajana antamastaan suuresta tuesta. <\/p>\n\n\n\n<figure class=\"wp-block-image\"><img loading=\"lazy\" decoding=\"async\" width=\"1024\" height=\"614\" src=\"http:\/\/www.rukajarvensuunnanhistoriayhdistys.fi\/historiayhdistys\/wp-content\/uploads\/2019\/03\/Tikkanen-Ryh\u00e4nen-R\u00e4ih\u00e4-1024x614.jpg\" alt=\"\" class=\"wp-image-13137\" srcset=\"http:\/\/www.rukajarvensuunnanhistoriayhdistys.fi\/historiayhdistys\/wp-content\/uploads\/2019\/03\/Tikkanen-Ryh\u00e4nen-R\u00e4ih\u00e4-1024x614.jpg 1024w, http:\/\/www.rukajarvensuunnanhistoriayhdistys.fi\/historiayhdistys\/wp-content\/uploads\/2019\/03\/Tikkanen-Ryh\u00e4nen-R\u00e4ih\u00e4-300x180.jpg 300w, http:\/\/www.rukajarvensuunnanhistoriayhdistys.fi\/historiayhdistys\/wp-content\/uploads\/2019\/03\/Tikkanen-Ryh\u00e4nen-R\u00e4ih\u00e4-768x461.jpg 768w, http:\/\/www.rukajarvensuunnanhistoriayhdistys.fi\/historiayhdistys\/wp-content\/uploads\/2019\/03\/Tikkanen-Ryh\u00e4nen-R\u00e4ih\u00e4.jpg 1600w\" sizes=\"auto, (max-width: 1024px) 100vw, 1024px\" \/><figcaption>Vanha puheenjohtaja ja uusi Seppo R\u00e4ih\u00e4 sek\u00e4 hallituksen varapuheenjohtaja Seppo Ryh\u00e4nen.<\/figcaption><\/figure>\n\n\n\n<p>Julkaisemme Tikkasen uudelle puheenjohtaja Seppo R\u00e4ih\u00e4lle ja hallitukselle ja kokousedustajille osoittamansa kiitospuheen sellaisenaan.<\/p>\n\n\n\n<p><strong>Tikkasen puhe<\/strong><\/p>\n\n\n\n<p>Onnea uudelle Rukaj\u00e4rven suunnan historiayhdistys ry:n puheenjohtaja Seppo R\u00e4ih\u00e4lle.<\/p>\n\n\n\n<p>Lahjoitan t\u00e4m\u00e4n symboolisen\nesineen Rukaj\u00e4rven suunnan historiayhdistys ry:lle.<\/p>\n\n\n\n<p>Yhdistyksen puheenjohtajaa valittaessa v. 2009 kenraaliluutnantti Ermei Kanninen sanoi, ett\u00e4 sin\u00e4 ryhdyt puheenjohtajaksi ja samalla valitset joukkueen mink\u00e4 kanssa tulevina vuosina haluat toimia. H\u00e4nen mukaansa n\u00e4in saavutettaisiin paras toiminnan tulos.<\/p>\n\n\n\n<p>Vastasin h\u00e4nelle. &#8221;Kiit\u00e4n luottamuksesta ja olen siihen teht\u00e4v\u00e4\u00e4n k\u00e4ytett\u00e4viss\u00e4. Otan siis teht\u00e4v\u00e4n vastaan, jos niin p\u00e4\u00e4tet\u00e4\u00e4n, mutta yhdistyksen s\u00e4\u00e4nt\u00f6jenkin mukaan j\u00e4senten tulee saada valita hallituksen j\u00e4senet.&#8221; Perttulin mielipide puheenjohtajan valinnasta tuolloin oli: &#8221;Se on hyv\u00e4 valinta.&#8221;<\/p>\n\n\n\n<p>N\u00e4in\u00e4 vuosina olen pyrkinyt noudattamaan j\u00e4senten tahtoa kirjaimellisesti. Minua t\u00e4ss\u00e4 ty\u00f6ss\u00e4 muutoin ovat ohjanneet veteraanien nimenomainen tahto ja esimerkki sek\u00e4 pyrkimys siihen, ettei totuutta peitell\u00e4 sotahistoriaty\u00f6ss\u00e4. Perttulin ja is\u00e4ni antama esimerkki on ollut vahva ohjenuorani. Esimiehen ja t\u00e4ss\u00e4 puheenjohtajan on t\u00e4ss\u00e4 ty\u00f6ss\u00e4 osoitettava joukoille hyv\u00e4\u00e4 esimerkki\u00e4, h\u00e4nen pit\u00e4\u00e4 olla vuorollaan etummaisena. Perttuli lausui: &#8221;Ei voinut katsoa miehi\u00e4 silmiin, jos esimies ei vihollisen selustaan suuntautuneella partioretkell\u00e4\u00e4n asettanut itse\u00e4\u00e4n vuorollaan vaaran paikkaan ja toiminut etummaisena tiedustelijana.&#8221;<\/p>\n\n\n\n<p>Ranskalainen filosofi\nVoltaire lausui: &#8221;En hyv\u00e4ksy mielipidett\u00e4nne, mutta tulen kuolemaani\nsaakka puolustamaan teid\u00e4n oikeuttanne ilmaista se.&#8221; T\u00e4t\u00e4kin ohjetta olen\nnoudattanut sisimm\u00e4ss\u00e4ni, mutta eniten olen kuullut suoraakin arvostelua, ett\u00e4\nolisin toiminut ns. ominp\u00e4in, vallattomasti. Sen tied\u00e4n vain min\u00e4, ett\u00e4\nyhteinen tahto on ollut tavoitteeni, jos ylip\u00e4\u00e4t\u00e4\u00e4n olen saanut yhteytt\u00e4\nhallituksen j\u00e4seniin. Vastuu toiminnan suunnasta kiireitten p\u00e4\u00e4t\u00f6stenkin osalta\non puheenjohtajalla ja Sinun on kestett\u00e4v\u00e4 my\u00f6s arvostelua.<\/p>\n\n\n\n<p>Seppo R\u00e4ih\u00e4n tied\u00e4n kunnon\nkansalaiseksi. H\u00e4n on reservin majuri. H\u00e4n on toiminut virassaan suurissa\noppilaitoksissa vastuullisissa rehtorin teht\u00e4viss\u00e4 ja j\u00e4rjest\u00f6puolella maamme\nsotiin liittyvien j\u00e4rjest\u00f6jen hallituksissa ja useissa puheenjohtajana. <\/p>\n\n\n\n<p>Arvostan Seppo R\u00e4ih\u00e4n asiallista k\u00e4yt\u00f6st\u00e4 kaikissa tilanteissa ja h\u00e4nen laajaa tiet\u00e4myst\u00e4\u00e4n sotahistorian alalla. <\/p>\n\n\n\n<p>Toimiessani varusmieskersanttina Pohjanmaan Tykist\u00f6rykmentin aliupseerikoulun santsarina minulle aina ilmoitettiin, ett\u00e4 teht\u00e4v\u00e4 on suoritettu. Sen ilmoituksen tekiv\u00e4t my\u00f6s kantahenkil\u00f6kunta, jopa koulunjohtaja majuri Rauno K\u00e4rki. Koin sen hyvin asianmukaiseksi ja  sellaiseksi eleeksi, ett\u00e4 my\u00f6s varusmiehen ty\u00f6t\u00e4 arvostettiin. Saman kohtelun olen saanut poikkeuksetta Seppo R\u00e4ih\u00e4lt\u00e4. <\/p>\n\n\n\n<p>Puheenjohtajalla on paljon\nteht\u00e4vi\u00e4, joten yritt\u00e4k\u00e4\u00e4mme h\u00e4nt\u00e4 jatkossa auttaa siin\u00e4 vaativassa teht\u00e4v\u00e4ss\u00e4,\nettei h\u00e4nen ole tarpeen mets\u00e4st\u00e4\u00e4 selvi\u00e4 asioita ja kuluttaa kallista aikaansa.<\/p>\n\n\n\n<p>Pid\u00e4n t\u00e4t\u00e4 p\u00e4iv\u00e4\u00e4 el\u00e4m\u00e4ss\u00e4ni hyvin t\u00e4rke\u00e4n\u00e4. Siit\u00e4 syyst\u00e4 k\u00e4vin nostamassa Suomen lipun kotitalon pihapiirin Rukaj\u00e4rven perinnepolun lipputankoon.<\/p>\n\n\n\n<figure class=\"wp-block-image\"><img loading=\"lazy\" decoding=\"async\" width=\"1024\" height=\"576\" src=\"http:\/\/www.rukajarvensuunnanhistoriayhdistys.fi\/historiayhdistys\/wp-content\/uploads\/2019\/03\/Lippu-Rukaj\u00e4rven-perinnepolulla-23-3-2019-1024x576.jpg\" alt=\"\" class=\"wp-image-13138\" srcset=\"http:\/\/www.rukajarvensuunnanhistoriayhdistys.fi\/historiayhdistys\/wp-content\/uploads\/2019\/03\/Lippu-Rukaj\u00e4rven-perinnepolulla-23-3-2019-1024x576.jpg 1024w, http:\/\/www.rukajarvensuunnanhistoriayhdistys.fi\/historiayhdistys\/wp-content\/uploads\/2019\/03\/Lippu-Rukaj\u00e4rven-perinnepolulla-23-3-2019-300x169.jpg 300w, http:\/\/www.rukajarvensuunnanhistoriayhdistys.fi\/historiayhdistys\/wp-content\/uploads\/2019\/03\/Lippu-Rukaj\u00e4rven-perinnepolulla-23-3-2019-768x432.jpg 768w, http:\/\/www.rukajarvensuunnanhistoriayhdistys.fi\/historiayhdistys\/wp-content\/uploads\/2019\/03\/Lippu-Rukaj\u00e4rven-perinnepolulla-23-3-2019.jpg 1632w\" sizes=\"auto, (max-width: 1024px) 100vw, 1024px\" \/><figcaption>Lippu liehuu Kiuruvedell\u00e4 entisen puheenjohtaja Tenho Tikkasen kotipihan l\u00e4helle rakennetulla Rukaj\u00e4rven perinnepolulla. Perinnepolun vihki kotiseutuneuvos Lauri Winberg 18.6.2009.  Peinnepolun laavu on rakennettu jo elokuussa 2001. T\u00e4ll\u00e4 laavulla ovat vierailleet lukuisat Rukaj\u00e4rven veteraanit, joilla kyll\u00e4 juttua riitt\u00e4\u00e4 ja niit\u00e4 on t\u00e4\u00e4ll\u00e4 taltioitu paljon.<\/figcaption><\/figure>\n\n\n\n<figure class=\"wp-block-image\"><img loading=\"lazy\" decoding=\"async\" width=\"1024\" height=\"576\" src=\"http:\/\/www.rukajarvensuunnanhistoriayhdistys.fi\/historiayhdistys\/wp-content\/uploads\/2019\/03\/Puheenjohtajan-nuija-vaihtuu-1024x576.jpg\" alt=\"\" class=\"wp-image-13121\" srcset=\"http:\/\/www.rukajarvensuunnanhistoriayhdistys.fi\/historiayhdistys\/wp-content\/uploads\/2019\/03\/Puheenjohtajan-nuija-vaihtuu-1024x576.jpg 1024w, http:\/\/www.rukajarvensuunnanhistoriayhdistys.fi\/historiayhdistys\/wp-content\/uploads\/2019\/03\/Puheenjohtajan-nuija-vaihtuu-300x169.jpg 300w, http:\/\/www.rukajarvensuunnanhistoriayhdistys.fi\/historiayhdistys\/wp-content\/uploads\/2019\/03\/Puheenjohtajan-nuija-vaihtuu-768x432.jpg 768w, http:\/\/www.rukajarvensuunnanhistoriayhdistys.fi\/historiayhdistys\/wp-content\/uploads\/2019\/03\/Puheenjohtajan-nuija-vaihtuu.jpg 1632w\" sizes=\"auto, (max-width: 1024px) 100vw, 1024px\" \/><\/figure>\n\n\n\n<p>N\u00e4ill\u00e4 sanoilla luovutan t\u00e4m\u00e4n symboolisen v\u00e4lineen yhdistyksen tunnuksin varustetun &#8221;puheenjohtajan nuijan&#8221; uudelle puheenjohtajalle ja toivotan h\u00e4nelle ja  yhdistykselle mit\u00e4 parhainta menestyst\u00e4.<\/p>\n\n\n\n<p>Vuosikokouksessa hyv\u00e4ksyttiin yhdistyksen<\/p>\n\n\n\n<ul class=\"wp-block-list\"><li>Tilinp\u00e4\u00e4t\u00f6sasiakirja v. 2018, mink\u00e4 voi lukea <a href=\"http:\/\/www.rukajarvensuunnanhistoriayhdistys.fi\/historiayhdistys\/wp-content\/uploads\/2019\/03\/RSHY-TILINP\u00c4\u00c4T\u00d6S-2018.pdf\">T\u00c4\u00c4LT\u00c4<\/a>:<\/li><li>Toimintakertomuksen v. 2018, mink\u00e4 voi lukea <a href=\"http:\/\/www.rukajarvensuunnanhistoriayhdistys.fi\/historiayhdistys\/wp-content\/uploads\/2019\/03\/RSHY-Toimintakertomus-2018.pdf\">T\u00c4\u00c4LT\u00c4<\/a>:<\/li><li>Toimintasuunnitelman v. 2019, mink\u00e4 voi lukea <a href=\"http:\/\/www.rukajarvensuunnanhistoriayhdistys.fi\/historiayhdistys\/wp-content\/uploads\/2019\/03\/RSHY-Toimintasuunnitelma-2019.pdf\">T\u00c4\u00c4LT\u00c4<\/a>:<\/li><li>Hallituksen yhteystiedot l\u00f6ytyv\u00e4 <a href=\"http:\/\/www.rukajarvensuunnanhistoriayhdistys.fi\/historiayhdistys\/wp-content\/uploads\/2019\/03\/Hallituksen-j\u00e4senten-yhteystiedot-2019.pdf\">T\u00c4\u00c4LT\u00c4<\/a>:<\/li><\/ul>\n\n\n\n<p>RSHY ry:n hallitus<\/p>\n\n\n\n<p><\/p>\n","protected":false},"excerpt":{"rendered":"<p>Reservin majuri ja opettaja Seppo R\u00e4ih\u00e4 valittiin Rukaj\u00e4rven suunnan historiayhdistys ry:n uudeksi puheenjohtajaksi n. 10 vuotta yhdistyksen puheenjohtajana toimineen verotarkastaja Tenho Tikkasen tilalle. Hallituksen varapuheenjohtajaksi hallitus valitsi el\u00e4kkeell\u00e4 olevan rikosylikomisario <a class=\"more-link\" href=\"http:\/\/www.rukajarvensuunnanhistoriayhdistys.fi\/historiayhdistys\/rukajarven-suunnalla-puheenjohtaja-vaihtui\/\">Teksti jatkuu&#8230;<span class=\"screen-reader-text\">Rukaj\u00e4rven suunnalla puheenjohtaja vaihtui<\/span><span class=\"meta-nav\">\u2192<\/span><\/a><\/p>\n","protected":false},"author":3,"featured_media":0,"comment_status":"closed","ping_status":"open","sticky":false,"template":"","format":"standard","meta":{"footnotes":""},"categories":[22,21,33,17],"tags":[],"class_list":["post-13139","post","type-post","status-publish","format-standard","hentry","category-ajankohtaista","category-rukajarvi-keskus","category-rukajarvi-keskus-iisalmi","category-toiminta"],"yoast_head":"<!-- This site is optimized with the Yoast SEO plugin v27.4 - https:\/\/yoast.com\/product\/yoast-seo-wordpress\/ -->\n<title>Rukaj\u00e4rven suunnalla puheenjohtaja vaihtui - Rukaj\u00e4rven suunnan historiayhdistys<\/title>\n<meta name=\"robots\" content=\"index, follow, max-snippet:-1, max-image-preview:large, max-video-preview:-1\" \/>\n<link rel=\"canonical\" href=\"http:\/\/www.rukajarvensuunnanhistoriayhdistys.fi\/historiayhdistys\/rukajarven-suunnalla-puheenjohtaja-vaihtui\/\" \/>\n<meta property=\"og:locale\" content=\"fi_FI\" \/>\n<meta property=\"og:type\" content=\"article\" \/>\n<meta property=\"og:title\" content=\"Rukaj\u00e4rven suunnalla puheenjohtaja vaihtui - Rukaj\u00e4rven suunnan historiayhdistys\" \/>\n<meta property=\"og:description\" content=\"Reservin majuri ja opettaja Seppo R\u00e4ih\u00e4 valittiin Rukaj\u00e4rven suunnan historiayhdistys ry:n uudeksi puheenjohtajaksi n. 10 vuotta yhdistyksen puheenjohtajana toimineen verotarkastaja Tenho Tikkasen tilalle. Hallituksen varapuheenjohtajaksi hallitus valitsi el\u00e4kkeell\u00e4 olevan rikosylikomisario Teksti jatkuu...Rukaj\u00e4rven suunnalla puheenjohtaja vaihtui\u2192\" \/>\n<meta property=\"og:url\" content=\"http:\/\/www.rukajarvensuunnanhistoriayhdistys.fi\/historiayhdistys\/rukajarven-suunnalla-puheenjohtaja-vaihtui\/\" \/>\n<meta property=\"og:site_name\" content=\"Rukaj\u00e4rven suunnan historiayhdistys\" \/>\n<meta property=\"article:published_time\" content=\"2019-03-23T20:11:53+00:00\" \/>\n<meta property=\"article:modified_time\" content=\"2019-03-24T09:09:47+00:00\" \/>\n<meta property=\"og:image\" content=\"http:\/\/www.rukajarvensuunnanhistoriayhdistys.fi\/historiayhdistys\/wp-content\/uploads\/2019\/03\/Puheenjohtajan-nuija-vaihtuu-1024x576.jpg\" \/>\n<meta name=\"author\" content=\"RSHY\" \/>\n<meta name=\"twitter:label1\" content=\"Kirjoittanut\" \/>\n\t<meta name=\"twitter:data1\" content=\"RSHY\" \/>\n\t<meta name=\"twitter:label2\" content=\"Arvioitu lukuaika\" \/>\n\t<meta name=\"twitter:data2\" content=\"4 minuuttia\" \/>\n<script type=\"application\/ld+json\" class=\"yoast-schema-graph\">{\"@context\":\"https:\\\/\\\/schema.org\",\"@graph\":[{\"@type\":\"Article\",\"@id\":\"http:\\\/\\\/www.rukajarvensuunnanhistoriayhdistys.fi\\\/historiayhdistys\\\/rukajarven-suunnalla-puheenjohtaja-vaihtui\\\/#article\",\"isPartOf\":{\"@id\":\"http:\\\/\\\/www.rukajarvensuunnanhistoriayhdistys.fi\\\/historiayhdistys\\\/rukajarven-suunnalla-puheenjohtaja-vaihtui\\\/\"},\"author\":{\"name\":\"RSHY\",\"@id\":\"http:\\\/\\\/www.rukajarvensuunnanhistoriayhdistys.fi\\\/historiayhdistys\\\/#\\\/schema\\\/person\\\/19de7db68bf72dfd2b5d7f6dfbf8454d\"},\"headline\":\"Rukaj\u00e4rven suunnalla puheenjohtaja vaihtui\",\"datePublished\":\"2019-03-23T20:11:53+00:00\",\"dateModified\":\"2019-03-24T09:09:47+00:00\",\"mainEntityOfPage\":{\"@id\":\"http:\\\/\\\/www.rukajarvensuunnanhistoriayhdistys.fi\\\/historiayhdistys\\\/rukajarven-suunnalla-puheenjohtaja-vaihtui\\\/\"},\"wordCount\":718,\"publisher\":{\"@id\":\"http:\\\/\\\/www.rukajarvensuunnanhistoriayhdistys.fi\\\/historiayhdistys\\\/#organization\"},\"image\":{\"@id\":\"http:\\\/\\\/www.rukajarvensuunnanhistoriayhdistys.fi\\\/historiayhdistys\\\/rukajarven-suunnalla-puheenjohtaja-vaihtui\\\/#primaryimage\"},\"thumbnailUrl\":\"http:\\\/\\\/www.rukajarvensuunnanhistoriayhdistys.fi\\\/historiayhdistys\\\/wp-content\\\/uploads\\\/2019\\\/03\\\/Puheenjohtajan-nuija-vaihtuu-1024x576.jpg\",\"articleSection\":[\"Ajankohtaista\",\"Rukaj\u00e4rvi-keskus\",\"Rukaj\u00e4rvi-keskus \u2013 Kiuruvesi\",\"Toiminta\"],\"inLanguage\":\"fi\"},{\"@type\":\"WebPage\",\"@id\":\"http:\\\/\\\/www.rukajarvensuunnanhistoriayhdistys.fi\\\/historiayhdistys\\\/rukajarven-suunnalla-puheenjohtaja-vaihtui\\\/\",\"url\":\"http:\\\/\\\/www.rukajarvensuunnanhistoriayhdistys.fi\\\/historiayhdistys\\\/rukajarven-suunnalla-puheenjohtaja-vaihtui\\\/\",\"name\":\"Rukaj\u00e4rven suunnalla puheenjohtaja vaihtui - Rukaj\u00e4rven suunnan historiayhdistys\",\"isPartOf\":{\"@id\":\"http:\\\/\\\/www.rukajarvensuunnanhistoriayhdistys.fi\\\/historiayhdistys\\\/#website\"},\"primaryImageOfPage\":{\"@id\":\"http:\\\/\\\/www.rukajarvensuunnanhistoriayhdistys.fi\\\/historiayhdistys\\\/rukajarven-suunnalla-puheenjohtaja-vaihtui\\\/#primaryimage\"},\"image\":{\"@id\":\"http:\\\/\\\/www.rukajarvensuunnanhistoriayhdistys.fi\\\/historiayhdistys\\\/rukajarven-suunnalla-puheenjohtaja-vaihtui\\\/#primaryimage\"},\"thumbnailUrl\":\"http:\\\/\\\/www.rukajarvensuunnanhistoriayhdistys.fi\\\/historiayhdistys\\\/wp-content\\\/uploads\\\/2019\\\/03\\\/Puheenjohtajan-nuija-vaihtuu-1024x576.jpg\",\"datePublished\":\"2019-03-23T20:11:53+00:00\",\"dateModified\":\"2019-03-24T09:09:47+00:00\",\"breadcrumb\":{\"@id\":\"http:\\\/\\\/www.rukajarvensuunnanhistoriayhdistys.fi\\\/historiayhdistys\\\/rukajarven-suunnalla-puheenjohtaja-vaihtui\\\/#breadcrumb\"},\"inLanguage\":\"fi\",\"potentialAction\":[{\"@type\":\"ReadAction\",\"target\":[\"http:\\\/\\\/www.rukajarvensuunnanhistoriayhdistys.fi\\\/historiayhdistys\\\/rukajarven-suunnalla-puheenjohtaja-vaihtui\\\/\"]}]},{\"@type\":\"ImageObject\",\"inLanguage\":\"fi\",\"@id\":\"http:\\\/\\\/www.rukajarvensuunnanhistoriayhdistys.fi\\\/historiayhdistys\\\/rukajarven-suunnalla-puheenjohtaja-vaihtui\\\/#primaryimage\",\"url\":\"http:\\\/\\\/www.rukajarvensuunnanhistoriayhdistys.fi\\\/historiayhdistys\\\/wp-content\\\/uploads\\\/2019\\\/03\\\/Puheenjohtajan-nuija-vaihtuu.jpg\",\"contentUrl\":\"http:\\\/\\\/www.rukajarvensuunnanhistoriayhdistys.fi\\\/historiayhdistys\\\/wp-content\\\/uploads\\\/2019\\\/03\\\/Puheenjohtajan-nuija-vaihtuu.jpg\",\"width\":1632,\"height\":918,\"caption\":\"Puheenjohtajan nuija vaihtui 23.3.2019 vuosikokouksessa.\"},{\"@type\":\"BreadcrumbList\",\"@id\":\"http:\\\/\\\/www.rukajarvensuunnanhistoriayhdistys.fi\\\/historiayhdistys\\\/rukajarven-suunnalla-puheenjohtaja-vaihtui\\\/#breadcrumb\",\"itemListElement\":[{\"@type\":\"ListItem\",\"position\":1,\"name\":\"Etusivu\",\"item\":\"http:\\\/\\\/www.rukajarvensuunnanhistoriayhdistys.fi\\\/historiayhdistys\\\/\"},{\"@type\":\"ListItem\",\"position\":2,\"name\":\"Rukaj\u00e4rven suunnalla puheenjohtaja vaihtui\"}]},{\"@type\":\"WebSite\",\"@id\":\"http:\\\/\\\/www.rukajarvensuunnanhistoriayhdistys.fi\\\/historiayhdistys\\\/#website\",\"url\":\"http:\\\/\\\/www.rukajarvensuunnanhistoriayhdistys.fi\\\/historiayhdistys\\\/\",\"name\":\"Rukaj\u00e4rven suunnan historiayhdistys\",\"description\":\"Rukaj\u00e4rven suunnan historiayhdistyksen verkkosivut.\",\"publisher\":{\"@id\":\"http:\\\/\\\/www.rukajarvensuunnanhistoriayhdistys.fi\\\/historiayhdistys\\\/#organization\"},\"potentialAction\":[{\"@type\":\"SearchAction\",\"target\":{\"@type\":\"EntryPoint\",\"urlTemplate\":\"http:\\\/\\\/www.rukajarvensuunnanhistoriayhdistys.fi\\\/historiayhdistys\\\/?s={search_term_string}\"},\"query-input\":{\"@type\":\"PropertyValueSpecification\",\"valueRequired\":true,\"valueName\":\"search_term_string\"}}],\"inLanguage\":\"fi\"},{\"@type\":\"Organization\",\"@id\":\"http:\\\/\\\/www.rukajarvensuunnanhistoriayhdistys.fi\\\/historiayhdistys\\\/#organization\",\"name\":\"Rukaj\u00e4rven suunnan historiayhdistys\",\"url\":\"http:\\\/\\\/www.rukajarvensuunnanhistoriayhdistys.fi\\\/historiayhdistys\\\/\",\"logo\":{\"@type\":\"ImageObject\",\"inLanguage\":\"fi\",\"@id\":\"http:\\\/\\\/www.rukajarvensuunnanhistoriayhdistys.fi\\\/historiayhdistys\\\/#\\\/schema\\\/logo\\\/image\\\/\",\"url\":\"http:\\\/\\\/www.rukajarvensuunnanhistoriayhdistys.fi\\\/historiayhdistys\\\/wp-content\\\/uploads\\\/2013\\\/12\\\/Otsake_3.jpg\",\"contentUrl\":\"http:\\\/\\\/www.rukajarvensuunnanhistoriayhdistys.fi\\\/historiayhdistys\\\/wp-content\\\/uploads\\\/2013\\\/12\\\/Otsake_3.jpg\",\"width\":1000,\"height\":442,\"caption\":\"Rukaj\u00e4rven suunnan historiayhdistys\"},\"image\":{\"@id\":\"http:\\\/\\\/www.rukajarvensuunnanhistoriayhdistys.fi\\\/historiayhdistys\\\/#\\\/schema\\\/logo\\\/image\\\/\"}},{\"@type\":\"Person\",\"@id\":\"http:\\\/\\\/www.rukajarvensuunnanhistoriayhdistys.fi\\\/historiayhdistys\\\/#\\\/schema\\\/person\\\/19de7db68bf72dfd2b5d7f6dfbf8454d\",\"name\":\"RSHY\",\"image\":{\"@type\":\"ImageObject\",\"inLanguage\":\"fi\",\"@id\":\"https:\\\/\\\/secure.gravatar.com\\\/avatar\\\/598d59263a69cc8de65fcb4f9db78d6f58c098cb0e0ba22d73377441af9fa04c?s=96&d=blank&r=g\",\"url\":\"https:\\\/\\\/secure.gravatar.com\\\/avatar\\\/598d59263a69cc8de65fcb4f9db78d6f58c098cb0e0ba22d73377441af9fa04c?s=96&d=blank&r=g\",\"contentUrl\":\"https:\\\/\\\/secure.gravatar.com\\\/avatar\\\/598d59263a69cc8de65fcb4f9db78d6f58c098cb0e0ba22d73377441af9fa04c?s=96&d=blank&r=g\",\"caption\":\"RSHY\"},\"url\":\"http:\\\/\\\/www.rukajarvensuunnanhistoriayhdistys.fi\\\/historiayhdistys\\\/author\\\/rshy\\\/\"}]}<\/script>\n<!-- \/ Yoast SEO plugin. -->","yoast_head_json":{"title":"Rukaj\u00e4rven suunnalla puheenjohtaja vaihtui - Rukaj\u00e4rven suunnan historiayhdistys","robots":{"index":"index","follow":"follow","max-snippet":"max-snippet:-1","max-image-preview":"max-image-preview:large","max-video-preview":"max-video-preview:-1"},"canonical":"http:\/\/www.rukajarvensuunnanhistoriayhdistys.fi\/historiayhdistys\/rukajarven-suunnalla-puheenjohtaja-vaihtui\/","og_locale":"fi_FI","og_type":"article","og_title":"Rukaj\u00e4rven suunnalla puheenjohtaja vaihtui - Rukaj\u00e4rven suunnan historiayhdistys","og_description":"Reservin majuri ja opettaja Seppo R\u00e4ih\u00e4 valittiin Rukaj\u00e4rven suunnan historiayhdistys ry:n uudeksi puheenjohtajaksi n. 10 vuotta yhdistyksen puheenjohtajana toimineen verotarkastaja Tenho Tikkasen tilalle. Hallituksen varapuheenjohtajaksi hallitus valitsi el\u00e4kkeell\u00e4 olevan rikosylikomisario Teksti jatkuu...Rukaj\u00e4rven suunnalla puheenjohtaja vaihtui\u2192","og_url":"http:\/\/www.rukajarvensuunnanhistoriayhdistys.fi\/historiayhdistys\/rukajarven-suunnalla-puheenjohtaja-vaihtui\/","og_site_name":"Rukaj\u00e4rven suunnan historiayhdistys","article_published_time":"2019-03-23T20:11:53+00:00","article_modified_time":"2019-03-24T09:09:47+00:00","og_image":[{"url":"http:\/\/www.rukajarvensuunnanhistoriayhdistys.fi\/historiayhdistys\/wp-content\/uploads\/2019\/03\/Puheenjohtajan-nuija-vaihtuu-1024x576.jpg","type":"","width":"","height":""}],"author":"RSHY","twitter_misc":{"Kirjoittanut":"RSHY","Arvioitu lukuaika":"4 minuuttia"},"schema":{"@context":"https:\/\/schema.org","@graph":[{"@type":"Article","@id":"http:\/\/www.rukajarvensuunnanhistoriayhdistys.fi\/historiayhdistys\/rukajarven-suunnalla-puheenjohtaja-vaihtui\/#article","isPartOf":{"@id":"http:\/\/www.rukajarvensuunnanhistoriayhdistys.fi\/historiayhdistys\/rukajarven-suunnalla-puheenjohtaja-vaihtui\/"},"author":{"name":"RSHY","@id":"http:\/\/www.rukajarvensuunnanhistoriayhdistys.fi\/historiayhdistys\/#\/schema\/person\/19de7db68bf72dfd2b5d7f6dfbf8454d"},"headline":"Rukaj\u00e4rven suunnalla puheenjohtaja vaihtui","datePublished":"2019-03-23T20:11:53+00:00","dateModified":"2019-03-24T09:09:47+00:00","mainEntityOfPage":{"@id":"http:\/\/www.rukajarvensuunnanhistoriayhdistys.fi\/historiayhdistys\/rukajarven-suunnalla-puheenjohtaja-vaihtui\/"},"wordCount":718,"publisher":{"@id":"http:\/\/www.rukajarvensuunnanhistoriayhdistys.fi\/historiayhdistys\/#organization"},"image":{"@id":"http:\/\/www.rukajarvensuunnanhistoriayhdistys.fi\/historiayhdistys\/rukajarven-suunnalla-puheenjohtaja-vaihtui\/#primaryimage"},"thumbnailUrl":"http:\/\/www.rukajarvensuunnanhistoriayhdistys.fi\/historiayhdistys\/wp-content\/uploads\/2019\/03\/Puheenjohtajan-nuija-vaihtuu-1024x576.jpg","articleSection":["Ajankohtaista","Rukaj\u00e4rvi-keskus","Rukaj\u00e4rvi-keskus \u2013 Kiuruvesi","Toiminta"],"inLanguage":"fi"},{"@type":"WebPage","@id":"http:\/\/www.rukajarvensuunnanhistoriayhdistys.fi\/historiayhdistys\/rukajarven-suunnalla-puheenjohtaja-vaihtui\/","url":"http:\/\/www.rukajarvensuunnanhistoriayhdistys.fi\/historiayhdistys\/rukajarven-suunnalla-puheenjohtaja-vaihtui\/","name":"Rukaj\u00e4rven suunnalla puheenjohtaja vaihtui - Rukaj\u00e4rven suunnan historiayhdistys","isPartOf":{"@id":"http:\/\/www.rukajarvensuunnanhistoriayhdistys.fi\/historiayhdistys\/#website"},"primaryImageOfPage":{"@id":"http:\/\/www.rukajarvensuunnanhistoriayhdistys.fi\/historiayhdistys\/rukajarven-suunnalla-puheenjohtaja-vaihtui\/#primaryimage"},"image":{"@id":"http:\/\/www.rukajarvensuunnanhistoriayhdistys.fi\/historiayhdistys\/rukajarven-suunnalla-puheenjohtaja-vaihtui\/#primaryimage"},"thumbnailUrl":"http:\/\/www.rukajarvensuunnanhistoriayhdistys.fi\/historiayhdistys\/wp-content\/uploads\/2019\/03\/Puheenjohtajan-nuija-vaihtuu-1024x576.jpg","datePublished":"2019-03-23T20:11:53+00:00","dateModified":"2019-03-24T09:09:47+00:00","breadcrumb":{"@id":"http:\/\/www.rukajarvensuunnanhistoriayhdistys.fi\/historiayhdistys\/rukajarven-suunnalla-puheenjohtaja-vaihtui\/#breadcrumb"},"inLanguage":"fi","potentialAction":[{"@type":"ReadAction","target":["http:\/\/www.rukajarvensuunnanhistoriayhdistys.fi\/historiayhdistys\/rukajarven-suunnalla-puheenjohtaja-vaihtui\/"]}]},{"@type":"ImageObject","inLanguage":"fi","@id":"http:\/\/www.rukajarvensuunnanhistoriayhdistys.fi\/historiayhdistys\/rukajarven-suunnalla-puheenjohtaja-vaihtui\/#primaryimage","url":"http:\/\/www.rukajarvensuunnanhistoriayhdistys.fi\/historiayhdistys\/wp-content\/uploads\/2019\/03\/Puheenjohtajan-nuija-vaihtuu.jpg","contentUrl":"http:\/\/www.rukajarvensuunnanhistoriayhdistys.fi\/historiayhdistys\/wp-content\/uploads\/2019\/03\/Puheenjohtajan-nuija-vaihtuu.jpg","width":1632,"height":918,"caption":"Puheenjohtajan nuija vaihtui 23.3.2019 vuosikokouksessa."},{"@type":"BreadcrumbList","@id":"http:\/\/www.rukajarvensuunnanhistoriayhdistys.fi\/historiayhdistys\/rukajarven-suunnalla-puheenjohtaja-vaihtui\/#breadcrumb","itemListElement":[{"@type":"ListItem","position":1,"name":"Etusivu","item":"http:\/\/www.rukajarvensuunnanhistoriayhdistys.fi\/historiayhdistys\/"},{"@type":"ListItem","position":2,"name":"Rukaj\u00e4rven suunnalla puheenjohtaja vaihtui"}]},{"@type":"WebSite","@id":"http:\/\/www.rukajarvensuunnanhistoriayhdistys.fi\/historiayhdistys\/#website","url":"http:\/\/www.rukajarvensuunnanhistoriayhdistys.fi\/historiayhdistys\/","name":"Rukaj\u00e4rven suunnan historiayhdistys","description":"Rukaj\u00e4rven suunnan historiayhdistyksen verkkosivut.","publisher":{"@id":"http:\/\/www.rukajarvensuunnanhistoriayhdistys.fi\/historiayhdistys\/#organization"},"potentialAction":[{"@type":"SearchAction","target":{"@type":"EntryPoint","urlTemplate":"http:\/\/www.rukajarvensuunnanhistoriayhdistys.fi\/historiayhdistys\/?s={search_term_string}"},"query-input":{"@type":"PropertyValueSpecification","valueRequired":true,"valueName":"search_term_string"}}],"inLanguage":"fi"},{"@type":"Organization","@id":"http:\/\/www.rukajarvensuunnanhistoriayhdistys.fi\/historiayhdistys\/#organization","name":"Rukaj\u00e4rven suunnan historiayhdistys","url":"http:\/\/www.rukajarvensuunnanhistoriayhdistys.fi\/historiayhdistys\/","logo":{"@type":"ImageObject","inLanguage":"fi","@id":"http:\/\/www.rukajarvensuunnanhistoriayhdistys.fi\/historiayhdistys\/#\/schema\/logo\/image\/","url":"http:\/\/www.rukajarvensuunnanhistoriayhdistys.fi\/historiayhdistys\/wp-content\/uploads\/2013\/12\/Otsake_3.jpg","contentUrl":"http:\/\/www.rukajarvensuunnanhistoriayhdistys.fi\/historiayhdistys\/wp-content\/uploads\/2013\/12\/Otsake_3.jpg","width":1000,"height":442,"caption":"Rukaj\u00e4rven suunnan historiayhdistys"},"image":{"@id":"http:\/\/www.rukajarvensuunnanhistoriayhdistys.fi\/historiayhdistys\/#\/schema\/logo\/image\/"}},{"@type":"Person","@id":"http:\/\/www.rukajarvensuunnanhistoriayhdistys.fi\/historiayhdistys\/#\/schema\/person\/19de7db68bf72dfd2b5d7f6dfbf8454d","name":"RSHY","image":{"@type":"ImageObject","inLanguage":"fi","@id":"https:\/\/secure.gravatar.com\/avatar\/598d59263a69cc8de65fcb4f9db78d6f58c098cb0e0ba22d73377441af9fa04c?s=96&d=blank&r=g","url":"https:\/\/secure.gravatar.com\/avatar\/598d59263a69cc8de65fcb4f9db78d6f58c098cb0e0ba22d73377441af9fa04c?s=96&d=blank&r=g","contentUrl":"https:\/\/secure.gravatar.com\/avatar\/598d59263a69cc8de65fcb4f9db78d6f58c098cb0e0ba22d73377441af9fa04c?s=96&d=blank&r=g","caption":"RSHY"},"url":"http:\/\/www.rukajarvensuunnanhistoriayhdistys.fi\/historiayhdistys\/author\/rshy\/"}]}},"_links":{"self":[{"href":"http:\/\/www.rukajarvensuunnanhistoriayhdistys.fi\/historiayhdistys\/wp-json\/wp\/v2\/posts\/13139","targetHints":{"allow":["GET"]}}],"collection":[{"href":"http:\/\/www.rukajarvensuunnanhistoriayhdistys.fi\/historiayhdistys\/wp-json\/wp\/v2\/posts"}],"about":[{"href":"http:\/\/www.rukajarvensuunnanhistoriayhdistys.fi\/historiayhdistys\/wp-json\/wp\/v2\/types\/post"}],"author":[{"embeddable":true,"href":"http:\/\/www.rukajarvensuunnanhistoriayhdistys.fi\/historiayhdistys\/wp-json\/wp\/v2\/users\/3"}],"replies":[{"embeddable":true,"href":"http:\/\/www.rukajarvensuunnanhistoriayhdistys.fi\/historiayhdistys\/wp-json\/wp\/v2\/comments?post=13139"}],"version-history":[{"count":3,"href":"http:\/\/www.rukajarvensuunnanhistoriayhdistys.fi\/historiayhdistys\/wp-json\/wp\/v2\/posts\/13139\/revisions"}],"predecessor-version":[{"id":13153,"href":"http:\/\/www.rukajarvensuunnanhistoriayhdistys.fi\/historiayhdistys\/wp-json\/wp\/v2\/posts\/13139\/revisions\/13153"}],"wp:attachment":[{"href":"http:\/\/www.rukajarvensuunnanhistoriayhdistys.fi\/historiayhdistys\/wp-json\/wp\/v2\/media?parent=13139"}],"wp:term":[{"taxonomy":"category","embeddable":true,"href":"http:\/\/www.rukajarvensuunnanhistoriayhdistys.fi\/historiayhdistys\/wp-json\/wp\/v2\/categories?post=13139"},{"taxonomy":"post_tag","embeddable":true,"href":"http:\/\/www.rukajarvensuunnanhistoriayhdistys.fi\/historiayhdistys\/wp-json\/wp\/v2\/tags?post=13139"}],"curies":[{"name":"wp","href":"https:\/\/api.w.org\/{rel}","templated":true}]}}