{"id":13179,"date":"2019-04-25T11:17:57","date_gmt":"2019-04-25T08:17:57","guid":{"rendered":"http:\/\/www.rukajarvensuunnanhistoriayhdistys.fi\/historiayhdistys\/?p=13179"},"modified":"2019-04-25T11:50:36","modified_gmt":"2019-04-25T08:50:36","slug":"rukajarven-veteraani-eino-syrjaniemi-tayttaa-tanaan-101-vuotta","status":"publish","type":"post","link":"http:\/\/www.rukajarvensuunnanhistoriayhdistys.fi\/historiayhdistys\/rukajarven-veteraani-eino-syrjaniemi-tayttaa-tanaan-101-vuotta\/","title":{"rendered":"Rukaj\u00e4rven veteraani Eino Syrj\u00e4niemi t\u00e4ytt\u00e4\u00e4 t\u00e4n\u00e4\u00e4n 101 vuotta"},"content":{"rendered":"<div class=\"fcbkbttn_buttons_block\" id=\"fcbkbttn_left\"><div class=\"fcbkbttn_like \"><fb:like href=\"http:\/\/www.rukajarvensuunnanhistoriayhdistys.fi\/historiayhdistys\/rukajarven-veteraani-eino-syrjaniemi-tayttaa-tanaan-101-vuotta\/\" action=\"like\" colorscheme=\"light\" layout=\"button_count\"  size=\"small\"><\/fb:like><\/div><\/div>\n<figure class=\"wp-block-image\"><img loading=\"lazy\" decoding=\"async\" width=\"684\" height=\"1024\" src=\"http:\/\/www.rukajarvensuunnanhistoriayhdistys.fi\/historiayhdistys\/wp-content\/uploads\/2018\/04\/Eino-Syrja\u0308niemi3-2-684x1024.jpg\" alt=\"\" class=\"wp-image-12382\" srcset=\"http:\/\/www.rukajarvensuunnanhistoriayhdistys.fi\/historiayhdistys\/wp-content\/uploads\/2018\/04\/Eino-Syrja\u0308niemi3-2-684x1024.jpg 684w, http:\/\/www.rukajarvensuunnanhistoriayhdistys.fi\/historiayhdistys\/wp-content\/uploads\/2018\/04\/Eino-Syrja\u0308niemi3-2-200x300.jpg 200w, http:\/\/www.rukajarvensuunnanhistoriayhdistys.fi\/historiayhdistys\/wp-content\/uploads\/2018\/04\/Eino-Syrja\u0308niemi3-2-768x1150.jpg 768w, http:\/\/www.rukajarvensuunnanhistoriayhdistys.fi\/historiayhdistys\/wp-content\/uploads\/2018\/04\/Eino-Syrja\u0308niemi3-2.jpg 1008w\" sizes=\"auto, (max-width: 684px) 100vw, 684px\" \/><figcaption>Eino Syrj\u00e4niemi (s. 25.4.1918)<\/figcaption><\/figure>\n\n\n\n<p>Ote Tenho Tikkasen Eino Syrj\u00e4niemen 100-vuotisp\u00e4ivill\u00e4 pit\u00e4m\u00e4st\u00e4 puheesta, juhla Haapaj\u00e4rvell\u00e4 25.4.2018:<\/p>\n\n\n\n<p><em>&#8221;Sodan j\u00e4lkeen paneuduitte katkeroitumatta maamme hyvinvoinnin rakennusty\u00f6h\u00f6n. Musiikki oli jo silloin l\u00e4hell\u00e4 syd\u00e4nt\u00e4nne. Koulutitte itsenne kanttori-urkuriksi ja viel\u00e4 t\u00e4n\u00e4 p\u00e4iv\u00e4n\u00e4kin soitto ja laulu sujuvat hienosti.<\/em><\/p>\n\n\n\n<p><em>Kerroitte, ett\u00e4 sotien aikana ette nukkunut yht\u00e4\u00e4n t\u00e4ytt\u00e4 y\u00f6t\u00e4, mutta nyt voitte nukkua vaikkapa p\u00e4iv\u00e4ll\u00e4. Totesitte, ett\u00e4 hyvinvointi nykysuomessa tuntuu sota-ajan kokeneesta veteraanista tosi ylelliselt\u00e4.<\/em><\/p>\n\n\n\n<p><em>Lastenne tuen my\u00f6t\u00e4 asutte viel\u00e4 100-vuotiaana omakotitalossanne ja l\u00e4mmit\u00e4tte itse rakentamaanne taloa pilkkomillanne puilla. Olette omin k\u00e4sin valmistanut my\u00f6s kotinne huonekalut. Kaikkien kovien kokemustenne j\u00e4lkeen olette s\u00e4ilytt\u00e4nyt valoisan el\u00e4m\u00e4nasenteenne. Te viihdytte kodissanne ja varmasti voitte yhty\u00e4 laulun sanoihin: \u201d<\/em><a href=\"https:\/\/www.youtube.com\/watch?v=KB12-z-8wLg\"><em>Tied\u00e4n paikan armahan, rauhallisen ihanan, jossa olo onnekas, elo tyyni suojakas.<\/em><\/a><em>\u201d Sellaisen paikan ja turvan olette rakentanut my\u00f6s lapsillenne. Uskon, ett\u00e4 el\u00e4m\u00e4nkokemuksenne auttaa meit\u00e4 kaikkia paremmin asettamaan arvot paikalleen. Arvot, mitk\u00e4 Teille ovat luoneet uskoa ihmisiin ja tulevaisuuteen. On kannattanut tehd\u00e4 ty\u00f6t\u00e4, ett\u00e4 voi nukkua omassa kodissa ansaitsemassaan rauhassa. Toivoitte antamassanne haastattelussa rauhan ulottuvan maailman \u00e4\u00e4riin.&#8221;<\/em><\/p>\n\n\n\n<p>Rukaj\u00e4rven veteraanit onnittelevat vire\u00e4\u00e4 veteraanivelje\u00e4\u00e4n. Onnitteluihin yhtyv\u00e4t Rukaj\u00e4rven suunnan historiikkitoimikunta, Rukaj\u00e4rven suunnan historiayhdistys ry ja Rukaj\u00e4rven tiell\u00e4 ry.<\/p>\n\n\n\n<p>Kiit\u00e4mme Teit\u00e4 siit\u00e4,\nett\u00e4 olemme voineet yhdess\u00e4 ja yhteisen Rukaj\u00e4rvi-yhteis\u00f6n kanssa tavata ja\nmuistella kauan sitten taaksej\u00e4\u00e4neit\u00e4 raskaita sotavuosia el\u00e4en siin\u00e4 toivossa,\nett\u00e4 rauhantila ulottuisi sanojenne mukaisesti &#8221;maanilman \u00e4\u00e4riin&#8221;.<\/p>\n\n\n\n<p>Eino Syrj\u00e4niemen haastatteluihin ja my\u00f6s h\u00e4nen\n100-vuotisjuhlaansa voi tutustua my\u00f6s seuraavien linkkien kautta:<\/p>\n\n\n\n<p>Suvivirsi soi Eino Syrj\u00e4niemen 100-vuotisjuhlilla <strong>(<a href=\"https:\/\/www.youtube.com\/watch?v=miLTkAu5R-s\">T\u00c4\u00c4LT\u00c4<\/a>), <\/strong>Eino Syrj\u00e4niemi 100 vuotta (<strong><a href=\"http:\/\/www.rukajarvensuunnanhistoriayhdistys.fi\/historiayhdistys\/eino-syrjaniemi-tayttaa-tanaan-100-vuotta-paljon-onnea\/\">T\u00c4\u00c4LT\u00c4<\/a><\/strong>) ja (<strong><a href=\"http:\/\/www.rukajarvensuunnanhistoriayhdistys.fi\/historiayhdistys\/rukajarviyhteiso-onnitteli-100-vuotiasta-eino-syrjaniemea\/\">T\u00c4\u00c4LT\u00c4<\/a><\/strong>), Rukaj\u00e4rven suunnan 100-vuotiaat (<strong><a href=\"http:\/\/www.rukajarvensuunnanhistoriayhdistys.fi\/historiayhdistys\/rukajarven-suunnan-100-vuotiaat-parhaat-onnittelumme\/\">T\u00c4\u00c4LT\u00c4<\/a><\/strong>) ja Muurmannin radan partioretki <strong>(<a href=\"http:\/\/www.rukajarvensuunnanhistoriayhdistys.fi\/historiayhdistys\/iisalmen-rukajarvi-keskus-tayttyi-jatkosodan-suurimmasta-muurmannin-radan-partioretkesta-kulunut-75-vuotta\/\">T\u00c4\u00c4LT\u00c4<\/a>). (TJT).<\/strong><\/p>\n","protected":false},"excerpt":{"rendered":"<p>Ote Tenho Tikkasen Eino Syrj\u00e4niemen 100-vuotisp\u00e4ivill\u00e4 pit\u00e4m\u00e4st\u00e4 puheesta, juhla Haapaj\u00e4rvell\u00e4 25.4.2018: &#8221;Sodan j\u00e4lkeen paneuduitte katkeroitumatta maamme hyvinvoinnin rakennusty\u00f6h\u00f6n. Musiikki oli jo silloin l\u00e4hell\u00e4 syd\u00e4nt\u00e4nne. Koulutitte itsenne kanttori-urkuriksi ja viel\u00e4 t\u00e4n\u00e4 <a class=\"more-link\" href=\"http:\/\/www.rukajarvensuunnanhistoriayhdistys.fi\/historiayhdistys\/rukajarven-veteraani-eino-syrjaniemi-tayttaa-tanaan-101-vuotta\/\">Teksti jatkuu&#8230;<span class=\"screen-reader-text\">Rukaj\u00e4rven veteraani Eino Syrj\u00e4niemi t\u00e4ytt\u00e4\u00e4 t\u00e4n\u00e4\u00e4n 101 vuotta<\/span><span class=\"meta-nav\">\u2192<\/span><\/a><\/p>\n","protected":false},"author":3,"featured_media":0,"comment_status":"closed","ping_status":"open","sticky":false,"template":"","format":"standard","meta":{"footnotes":""},"categories":[22,21,1],"tags":[],"class_list":["post-13179","post","type-post","status-publish","format-standard","hentry","category-ajankohtaista","category-rukajarvi-keskus","category-yleinen"],"yoast_head":"<!-- This site is optimized with the Yoast SEO plugin v27.4 - https:\/\/yoast.com\/product\/yoast-seo-wordpress\/ -->\n<title>Rukaj\u00e4rven veteraani Eino Syrj\u00e4niemi t\u00e4ytt\u00e4\u00e4 t\u00e4n\u00e4\u00e4n 101 vuotta - Rukaj\u00e4rven suunnan historiayhdistys<\/title>\n<meta name=\"robots\" content=\"index, follow, max-snippet:-1, max-image-preview:large, max-video-preview:-1\" \/>\n<link rel=\"canonical\" href=\"http:\/\/www.rukajarvensuunnanhistoriayhdistys.fi\/historiayhdistys\/rukajarven-veteraani-eino-syrjaniemi-tayttaa-tanaan-101-vuotta\/\" \/>\n<meta property=\"og:locale\" content=\"fi_FI\" \/>\n<meta property=\"og:type\" content=\"article\" \/>\n<meta property=\"og:title\" content=\"Rukaj\u00e4rven veteraani Eino Syrj\u00e4niemi t\u00e4ytt\u00e4\u00e4 t\u00e4n\u00e4\u00e4n 101 vuotta - Rukaj\u00e4rven suunnan historiayhdistys\" \/>\n<meta property=\"og:description\" content=\"Ote Tenho Tikkasen Eino Syrj\u00e4niemen 100-vuotisp\u00e4ivill\u00e4 pit\u00e4m\u00e4st\u00e4 puheesta, juhla Haapaj\u00e4rvell\u00e4 25.4.2018: &#8221;Sodan j\u00e4lkeen paneuduitte katkeroitumatta maamme hyvinvoinnin rakennusty\u00f6h\u00f6n. Musiikki oli jo silloin l\u00e4hell\u00e4 syd\u00e4nt\u00e4nne. Koulutitte itsenne kanttori-urkuriksi ja viel\u00e4 t\u00e4n\u00e4 Teksti jatkuu...Rukaj\u00e4rven veteraani Eino Syrj\u00e4niemi t\u00e4ytt\u00e4\u00e4 t\u00e4n\u00e4\u00e4n 101 vuotta\u2192\" \/>\n<meta property=\"og:url\" content=\"http:\/\/www.rukajarvensuunnanhistoriayhdistys.fi\/historiayhdistys\/rukajarven-veteraani-eino-syrjaniemi-tayttaa-tanaan-101-vuotta\/\" \/>\n<meta property=\"og:site_name\" content=\"Rukaj\u00e4rven suunnan historiayhdistys\" \/>\n<meta property=\"article:published_time\" content=\"2019-04-25T08:17:57+00:00\" \/>\n<meta property=\"article:modified_time\" content=\"2019-04-25T08:50:36+00:00\" \/>\n<meta name=\"author\" content=\"RSHY\" \/>\n<meta name=\"twitter:label1\" content=\"Kirjoittanut\" \/>\n\t<meta name=\"twitter:data1\" content=\"RSHY\" \/>\n\t<meta name=\"twitter:label2\" content=\"Arvioitu lukuaika\" \/>\n\t<meta name=\"twitter:data2\" content=\"1 minuutti\" \/>\n<script type=\"application\/ld+json\" class=\"yoast-schema-graph\">{\"@context\":\"https:\\\/\\\/schema.org\",\"@graph\":[{\"@type\":\"Article\",\"@id\":\"http:\\\/\\\/www.rukajarvensuunnanhistoriayhdistys.fi\\\/historiayhdistys\\\/rukajarven-veteraani-eino-syrjaniemi-tayttaa-tanaan-101-vuotta\\\/#article\",\"isPartOf\":{\"@id\":\"http:\\\/\\\/www.rukajarvensuunnanhistoriayhdistys.fi\\\/historiayhdistys\\\/rukajarven-veteraani-eino-syrjaniemi-tayttaa-tanaan-101-vuotta\\\/\"},\"author\":{\"name\":\"RSHY\",\"@id\":\"http:\\\/\\\/www.rukajarvensuunnanhistoriayhdistys.fi\\\/historiayhdistys\\\/#\\\/schema\\\/person\\\/19de7db68bf72dfd2b5d7f6dfbf8454d\"},\"headline\":\"Rukaj\u00e4rven veteraani Eino Syrj\u00e4niemi t\u00e4ytt\u00e4\u00e4 t\u00e4n\u00e4\u00e4n 101 vuotta\",\"datePublished\":\"2019-04-25T08:17:57+00:00\",\"dateModified\":\"2019-04-25T08:50:36+00:00\",\"mainEntityOfPage\":{\"@id\":\"http:\\\/\\\/www.rukajarvensuunnanhistoriayhdistys.fi\\\/historiayhdistys\\\/rukajarven-veteraani-eino-syrjaniemi-tayttaa-tanaan-101-vuotta\\\/\"},\"wordCount\":310,\"publisher\":{\"@id\":\"http:\\\/\\\/www.rukajarvensuunnanhistoriayhdistys.fi\\\/historiayhdistys\\\/#organization\"},\"articleSection\":[\"Ajankohtaista\",\"Rukaj\u00e4rvi-keskus\"],\"inLanguage\":\"fi\"},{\"@type\":\"WebPage\",\"@id\":\"http:\\\/\\\/www.rukajarvensuunnanhistoriayhdistys.fi\\\/historiayhdistys\\\/rukajarven-veteraani-eino-syrjaniemi-tayttaa-tanaan-101-vuotta\\\/\",\"url\":\"http:\\\/\\\/www.rukajarvensuunnanhistoriayhdistys.fi\\\/historiayhdistys\\\/rukajarven-veteraani-eino-syrjaniemi-tayttaa-tanaan-101-vuotta\\\/\",\"name\":\"Rukaj\u00e4rven veteraani Eino Syrj\u00e4niemi t\u00e4ytt\u00e4\u00e4 t\u00e4n\u00e4\u00e4n 101 vuotta - Rukaj\u00e4rven suunnan historiayhdistys\",\"isPartOf\":{\"@id\":\"http:\\\/\\\/www.rukajarvensuunnanhistoriayhdistys.fi\\\/historiayhdistys\\\/#website\"},\"datePublished\":\"2019-04-25T08:17:57+00:00\",\"dateModified\":\"2019-04-25T08:50:36+00:00\",\"breadcrumb\":{\"@id\":\"http:\\\/\\\/www.rukajarvensuunnanhistoriayhdistys.fi\\\/historiayhdistys\\\/rukajarven-veteraani-eino-syrjaniemi-tayttaa-tanaan-101-vuotta\\\/#breadcrumb\"},\"inLanguage\":\"fi\",\"potentialAction\":[{\"@type\":\"ReadAction\",\"target\":[\"http:\\\/\\\/www.rukajarvensuunnanhistoriayhdistys.fi\\\/historiayhdistys\\\/rukajarven-veteraani-eino-syrjaniemi-tayttaa-tanaan-101-vuotta\\\/\"]}]},{\"@type\":\"BreadcrumbList\",\"@id\":\"http:\\\/\\\/www.rukajarvensuunnanhistoriayhdistys.fi\\\/historiayhdistys\\\/rukajarven-veteraani-eino-syrjaniemi-tayttaa-tanaan-101-vuotta\\\/#breadcrumb\",\"itemListElement\":[{\"@type\":\"ListItem\",\"position\":1,\"name\":\"Etusivu\",\"item\":\"http:\\\/\\\/www.rukajarvensuunnanhistoriayhdistys.fi\\\/historiayhdistys\\\/\"},{\"@type\":\"ListItem\",\"position\":2,\"name\":\"Rukaj\u00e4rven veteraani Eino Syrj\u00e4niemi t\u00e4ytt\u00e4\u00e4 t\u00e4n\u00e4\u00e4n 101 vuotta\"}]},{\"@type\":\"WebSite\",\"@id\":\"http:\\\/\\\/www.rukajarvensuunnanhistoriayhdistys.fi\\\/historiayhdistys\\\/#website\",\"url\":\"http:\\\/\\\/www.rukajarvensuunnanhistoriayhdistys.fi\\\/historiayhdistys\\\/\",\"name\":\"Rukaj\u00e4rven suunnan historiayhdistys\",\"description\":\"Rukaj\u00e4rven suunnan historiayhdistyksen verkkosivut.\",\"publisher\":{\"@id\":\"http:\\\/\\\/www.rukajarvensuunnanhistoriayhdistys.fi\\\/historiayhdistys\\\/#organization\"},\"potentialAction\":[{\"@type\":\"SearchAction\",\"target\":{\"@type\":\"EntryPoint\",\"urlTemplate\":\"http:\\\/\\\/www.rukajarvensuunnanhistoriayhdistys.fi\\\/historiayhdistys\\\/?s={search_term_string}\"},\"query-input\":{\"@type\":\"PropertyValueSpecification\",\"valueRequired\":true,\"valueName\":\"search_term_string\"}}],\"inLanguage\":\"fi\"},{\"@type\":\"Organization\",\"@id\":\"http:\\\/\\\/www.rukajarvensuunnanhistoriayhdistys.fi\\\/historiayhdistys\\\/#organization\",\"name\":\"Rukaj\u00e4rven suunnan historiayhdistys\",\"url\":\"http:\\\/\\\/www.rukajarvensuunnanhistoriayhdistys.fi\\\/historiayhdistys\\\/\",\"logo\":{\"@type\":\"ImageObject\",\"inLanguage\":\"fi\",\"@id\":\"http:\\\/\\\/www.rukajarvensuunnanhistoriayhdistys.fi\\\/historiayhdistys\\\/#\\\/schema\\\/logo\\\/image\\\/\",\"url\":\"http:\\\/\\\/www.rukajarvensuunnanhistoriayhdistys.fi\\\/historiayhdistys\\\/wp-content\\\/uploads\\\/2013\\\/12\\\/Otsake_3.jpg\",\"contentUrl\":\"http:\\\/\\\/www.rukajarvensuunnanhistoriayhdistys.fi\\\/historiayhdistys\\\/wp-content\\\/uploads\\\/2013\\\/12\\\/Otsake_3.jpg\",\"width\":1000,\"height\":442,\"caption\":\"Rukaj\u00e4rven suunnan historiayhdistys\"},\"image\":{\"@id\":\"http:\\\/\\\/www.rukajarvensuunnanhistoriayhdistys.fi\\\/historiayhdistys\\\/#\\\/schema\\\/logo\\\/image\\\/\"}},{\"@type\":\"Person\",\"@id\":\"http:\\\/\\\/www.rukajarvensuunnanhistoriayhdistys.fi\\\/historiayhdistys\\\/#\\\/schema\\\/person\\\/19de7db68bf72dfd2b5d7f6dfbf8454d\",\"name\":\"RSHY\",\"image\":{\"@type\":\"ImageObject\",\"inLanguage\":\"fi\",\"@id\":\"https:\\\/\\\/secure.gravatar.com\\\/avatar\\\/598d59263a69cc8de65fcb4f9db78d6f58c098cb0e0ba22d73377441af9fa04c?s=96&d=blank&r=g\",\"url\":\"https:\\\/\\\/secure.gravatar.com\\\/avatar\\\/598d59263a69cc8de65fcb4f9db78d6f58c098cb0e0ba22d73377441af9fa04c?s=96&d=blank&r=g\",\"contentUrl\":\"https:\\\/\\\/secure.gravatar.com\\\/avatar\\\/598d59263a69cc8de65fcb4f9db78d6f58c098cb0e0ba22d73377441af9fa04c?s=96&d=blank&r=g\",\"caption\":\"RSHY\"},\"url\":\"http:\\\/\\\/www.rukajarvensuunnanhistoriayhdistys.fi\\\/historiayhdistys\\\/author\\\/rshy\\\/\"}]}<\/script>\n<!-- \/ Yoast SEO plugin. -->","yoast_head_json":{"title":"Rukaj\u00e4rven veteraani Eino Syrj\u00e4niemi t\u00e4ytt\u00e4\u00e4 t\u00e4n\u00e4\u00e4n 101 vuotta - Rukaj\u00e4rven suunnan historiayhdistys","robots":{"index":"index","follow":"follow","max-snippet":"max-snippet:-1","max-image-preview":"max-image-preview:large","max-video-preview":"max-video-preview:-1"},"canonical":"http:\/\/www.rukajarvensuunnanhistoriayhdistys.fi\/historiayhdistys\/rukajarven-veteraani-eino-syrjaniemi-tayttaa-tanaan-101-vuotta\/","og_locale":"fi_FI","og_type":"article","og_title":"Rukaj\u00e4rven veteraani Eino Syrj\u00e4niemi t\u00e4ytt\u00e4\u00e4 t\u00e4n\u00e4\u00e4n 101 vuotta - Rukaj\u00e4rven suunnan historiayhdistys","og_description":"Ote Tenho Tikkasen Eino Syrj\u00e4niemen 100-vuotisp\u00e4ivill\u00e4 pit\u00e4m\u00e4st\u00e4 puheesta, juhla Haapaj\u00e4rvell\u00e4 25.4.2018: &#8221;Sodan j\u00e4lkeen paneuduitte katkeroitumatta maamme hyvinvoinnin rakennusty\u00f6h\u00f6n. Musiikki oli jo silloin l\u00e4hell\u00e4 syd\u00e4nt\u00e4nne. Koulutitte itsenne kanttori-urkuriksi ja viel\u00e4 t\u00e4n\u00e4 Teksti jatkuu...Rukaj\u00e4rven veteraani Eino Syrj\u00e4niemi t\u00e4ytt\u00e4\u00e4 t\u00e4n\u00e4\u00e4n 101 vuotta\u2192","og_url":"http:\/\/www.rukajarvensuunnanhistoriayhdistys.fi\/historiayhdistys\/rukajarven-veteraani-eino-syrjaniemi-tayttaa-tanaan-101-vuotta\/","og_site_name":"Rukaj\u00e4rven suunnan historiayhdistys","article_published_time":"2019-04-25T08:17:57+00:00","article_modified_time":"2019-04-25T08:50:36+00:00","author":"RSHY","twitter_misc":{"Kirjoittanut":"RSHY","Arvioitu lukuaika":"1 minuutti"},"schema":{"@context":"https:\/\/schema.org","@graph":[{"@type":"Article","@id":"http:\/\/www.rukajarvensuunnanhistoriayhdistys.fi\/historiayhdistys\/rukajarven-veteraani-eino-syrjaniemi-tayttaa-tanaan-101-vuotta\/#article","isPartOf":{"@id":"http:\/\/www.rukajarvensuunnanhistoriayhdistys.fi\/historiayhdistys\/rukajarven-veteraani-eino-syrjaniemi-tayttaa-tanaan-101-vuotta\/"},"author":{"name":"RSHY","@id":"http:\/\/www.rukajarvensuunnanhistoriayhdistys.fi\/historiayhdistys\/#\/schema\/person\/19de7db68bf72dfd2b5d7f6dfbf8454d"},"headline":"Rukaj\u00e4rven veteraani Eino Syrj\u00e4niemi t\u00e4ytt\u00e4\u00e4 t\u00e4n\u00e4\u00e4n 101 vuotta","datePublished":"2019-04-25T08:17:57+00:00","dateModified":"2019-04-25T08:50:36+00:00","mainEntityOfPage":{"@id":"http:\/\/www.rukajarvensuunnanhistoriayhdistys.fi\/historiayhdistys\/rukajarven-veteraani-eino-syrjaniemi-tayttaa-tanaan-101-vuotta\/"},"wordCount":310,"publisher":{"@id":"http:\/\/www.rukajarvensuunnanhistoriayhdistys.fi\/historiayhdistys\/#organization"},"articleSection":["Ajankohtaista","Rukaj\u00e4rvi-keskus"],"inLanguage":"fi"},{"@type":"WebPage","@id":"http:\/\/www.rukajarvensuunnanhistoriayhdistys.fi\/historiayhdistys\/rukajarven-veteraani-eino-syrjaniemi-tayttaa-tanaan-101-vuotta\/","url":"http:\/\/www.rukajarvensuunnanhistoriayhdistys.fi\/historiayhdistys\/rukajarven-veteraani-eino-syrjaniemi-tayttaa-tanaan-101-vuotta\/","name":"Rukaj\u00e4rven veteraani Eino Syrj\u00e4niemi t\u00e4ytt\u00e4\u00e4 t\u00e4n\u00e4\u00e4n 101 vuotta - Rukaj\u00e4rven suunnan historiayhdistys","isPartOf":{"@id":"http:\/\/www.rukajarvensuunnanhistoriayhdistys.fi\/historiayhdistys\/#website"},"datePublished":"2019-04-25T08:17:57+00:00","dateModified":"2019-04-25T08:50:36+00:00","breadcrumb":{"@id":"http:\/\/www.rukajarvensuunnanhistoriayhdistys.fi\/historiayhdistys\/rukajarven-veteraani-eino-syrjaniemi-tayttaa-tanaan-101-vuotta\/#breadcrumb"},"inLanguage":"fi","potentialAction":[{"@type":"ReadAction","target":["http:\/\/www.rukajarvensuunnanhistoriayhdistys.fi\/historiayhdistys\/rukajarven-veteraani-eino-syrjaniemi-tayttaa-tanaan-101-vuotta\/"]}]},{"@type":"BreadcrumbList","@id":"http:\/\/www.rukajarvensuunnanhistoriayhdistys.fi\/historiayhdistys\/rukajarven-veteraani-eino-syrjaniemi-tayttaa-tanaan-101-vuotta\/#breadcrumb","itemListElement":[{"@type":"ListItem","position":1,"name":"Etusivu","item":"http:\/\/www.rukajarvensuunnanhistoriayhdistys.fi\/historiayhdistys\/"},{"@type":"ListItem","position":2,"name":"Rukaj\u00e4rven veteraani Eino Syrj\u00e4niemi t\u00e4ytt\u00e4\u00e4 t\u00e4n\u00e4\u00e4n 101 vuotta"}]},{"@type":"WebSite","@id":"http:\/\/www.rukajarvensuunnanhistoriayhdistys.fi\/historiayhdistys\/#website","url":"http:\/\/www.rukajarvensuunnanhistoriayhdistys.fi\/historiayhdistys\/","name":"Rukaj\u00e4rven suunnan historiayhdistys","description":"Rukaj\u00e4rven suunnan historiayhdistyksen verkkosivut.","publisher":{"@id":"http:\/\/www.rukajarvensuunnanhistoriayhdistys.fi\/historiayhdistys\/#organization"},"potentialAction":[{"@type":"SearchAction","target":{"@type":"EntryPoint","urlTemplate":"http:\/\/www.rukajarvensuunnanhistoriayhdistys.fi\/historiayhdistys\/?s={search_term_string}"},"query-input":{"@type":"PropertyValueSpecification","valueRequired":true,"valueName":"search_term_string"}}],"inLanguage":"fi"},{"@type":"Organization","@id":"http:\/\/www.rukajarvensuunnanhistoriayhdistys.fi\/historiayhdistys\/#organization","name":"Rukaj\u00e4rven suunnan historiayhdistys","url":"http:\/\/www.rukajarvensuunnanhistoriayhdistys.fi\/historiayhdistys\/","logo":{"@type":"ImageObject","inLanguage":"fi","@id":"http:\/\/www.rukajarvensuunnanhistoriayhdistys.fi\/historiayhdistys\/#\/schema\/logo\/image\/","url":"http:\/\/www.rukajarvensuunnanhistoriayhdistys.fi\/historiayhdistys\/wp-content\/uploads\/2013\/12\/Otsake_3.jpg","contentUrl":"http:\/\/www.rukajarvensuunnanhistoriayhdistys.fi\/historiayhdistys\/wp-content\/uploads\/2013\/12\/Otsake_3.jpg","width":1000,"height":442,"caption":"Rukaj\u00e4rven suunnan historiayhdistys"},"image":{"@id":"http:\/\/www.rukajarvensuunnanhistoriayhdistys.fi\/historiayhdistys\/#\/schema\/logo\/image\/"}},{"@type":"Person","@id":"http:\/\/www.rukajarvensuunnanhistoriayhdistys.fi\/historiayhdistys\/#\/schema\/person\/19de7db68bf72dfd2b5d7f6dfbf8454d","name":"RSHY","image":{"@type":"ImageObject","inLanguage":"fi","@id":"https:\/\/secure.gravatar.com\/avatar\/598d59263a69cc8de65fcb4f9db78d6f58c098cb0e0ba22d73377441af9fa04c?s=96&d=blank&r=g","url":"https:\/\/secure.gravatar.com\/avatar\/598d59263a69cc8de65fcb4f9db78d6f58c098cb0e0ba22d73377441af9fa04c?s=96&d=blank&r=g","contentUrl":"https:\/\/secure.gravatar.com\/avatar\/598d59263a69cc8de65fcb4f9db78d6f58c098cb0e0ba22d73377441af9fa04c?s=96&d=blank&r=g","caption":"RSHY"},"url":"http:\/\/www.rukajarvensuunnanhistoriayhdistys.fi\/historiayhdistys\/author\/rshy\/"}]}},"_links":{"self":[{"href":"http:\/\/www.rukajarvensuunnanhistoriayhdistys.fi\/historiayhdistys\/wp-json\/wp\/v2\/posts\/13179","targetHints":{"allow":["GET"]}}],"collection":[{"href":"http:\/\/www.rukajarvensuunnanhistoriayhdistys.fi\/historiayhdistys\/wp-json\/wp\/v2\/posts"}],"about":[{"href":"http:\/\/www.rukajarvensuunnanhistoriayhdistys.fi\/historiayhdistys\/wp-json\/wp\/v2\/types\/post"}],"author":[{"embeddable":true,"href":"http:\/\/www.rukajarvensuunnanhistoriayhdistys.fi\/historiayhdistys\/wp-json\/wp\/v2\/users\/3"}],"replies":[{"embeddable":true,"href":"http:\/\/www.rukajarvensuunnanhistoriayhdistys.fi\/historiayhdistys\/wp-json\/wp\/v2\/comments?post=13179"}],"version-history":[{"count":2,"href":"http:\/\/www.rukajarvensuunnanhistoriayhdistys.fi\/historiayhdistys\/wp-json\/wp\/v2\/posts\/13179\/revisions"}],"predecessor-version":[{"id":13181,"href":"http:\/\/www.rukajarvensuunnanhistoriayhdistys.fi\/historiayhdistys\/wp-json\/wp\/v2\/posts\/13179\/revisions\/13181"}],"wp:attachment":[{"href":"http:\/\/www.rukajarvensuunnanhistoriayhdistys.fi\/historiayhdistys\/wp-json\/wp\/v2\/media?parent=13179"}],"wp:term":[{"taxonomy":"category","embeddable":true,"href":"http:\/\/www.rukajarvensuunnanhistoriayhdistys.fi\/historiayhdistys\/wp-json\/wp\/v2\/categories?post=13179"},{"taxonomy":"post_tag","embeddable":true,"href":"http:\/\/www.rukajarvensuunnanhistoriayhdistys.fi\/historiayhdistys\/wp-json\/wp\/v2\/tags?post=13179"}],"curies":[{"name":"wp","href":"https:\/\/api.w.org\/{rel}","templated":true}]}}