{"id":13444,"date":"2019-11-30T21:45:38","date_gmt":"2019-11-30T19:45:38","guid":{"rendered":"http:\/\/www.rukajarvensuunnanhistoriayhdistys.fi\/historiayhdistys\/?p=13444"},"modified":"2019-12-02T13:18:15","modified_gmt":"2019-12-02T11:18:15","slug":"talvisodan-alkamisesta-80-vuotta-menneita-muisteltiin","status":"publish","type":"post","link":"http:\/\/www.rukajarvensuunnanhistoriayhdistys.fi\/historiayhdistys\/talvisodan-alkamisesta-80-vuotta-menneita-muisteltiin\/","title":{"rendered":"Talvisodan alkamisesta 80 vuotta. Menneit\u00e4 muisteltiin"},"content":{"rendered":"<div class=\"fcbkbttn_buttons_block\" id=\"fcbkbttn_left\"><div class=\"fcbkbttn_like \"><fb:like href=\"http:\/\/www.rukajarvensuunnanhistoriayhdistys.fi\/historiayhdistys\/talvisodan-alkamisesta-80-vuotta-menneita-muisteltiin\/\" action=\"like\" colorscheme=\"light\" layout=\"button_count\"  size=\"small\"><\/fb:like><\/div><\/div>\n<p>Rukaj\u00e4rven perinnepolulla Kiuruvedell\u00e4 j\u00e4rjestettiin\nmuistelutilaisuus Talvisodan alkamisesta, josta tuli kuluneeksi 80 vuotta.\nRukaj\u00e4rven suunnan historiayhdistyksen puheenjohtajan Seppo R\u00e4ih\u00e4 kertoi\npuheessaan, ett\u00e4 maassamme on viel\u00e4 1700 talvisodan veteraania ja t\u00e4h\u00e4n\ntilaisuuteen on saatu yksi heist\u00e4, veteraani Tauno Tikkanen (s. 10.3.1916).\nJatkosodan veteraaneja on viel\u00e4 n. 8800. <\/p>\n\n\n\n<p>&#8211; Sodan syttyminen tuli suurena yll\u00e4tyksen\u00e4 ja maa ei ollut valmistautunut vihollisen yll\u00e4tyshy\u00f6kk\u00e4ykseen. Suomalaisia sotilaita osallistui Talvisotaan 293.000 miest\u00e4, kun vihollisen joukkoissa oli per\u00e4ti 1.000.000. Vihollinen ei kuitenkaan ylivoimastaan huolimatta onnistunut murskaamaan joukkojamme 105 p\u00e4iv\u00e4\u00e4 kest\u00e4neitten taisteluitten aikana. <\/p>\n\n\n\n<figure class=\"wp-block-image size-large\"><img loading=\"lazy\" decoding=\"async\" width=\"1024\" height=\"768\" src=\"http:\/\/www.rukajarvensuunnanhistoriayhdistys.fi\/historiayhdistys\/wp-content\/uploads\/2019\/11\/Kivivaara-30-11-2019-1024x768.jpg\" alt=\"\" class=\"wp-image-13445\" srcset=\"http:\/\/www.rukajarvensuunnanhistoriayhdistys.fi\/historiayhdistys\/wp-content\/uploads\/2019\/11\/Kivivaara-30-11-2019-1024x768.jpg 1024w, http:\/\/www.rukajarvensuunnanhistoriayhdistys.fi\/historiayhdistys\/wp-content\/uploads\/2019\/11\/Kivivaara-30-11-2019-300x225.jpg 300w, http:\/\/www.rukajarvensuunnanhistoriayhdistys.fi\/historiayhdistys\/wp-content\/uploads\/2019\/11\/Kivivaara-30-11-2019-768x576.jpg 768w, http:\/\/www.rukajarvensuunnanhistoriayhdistys.fi\/historiayhdistys\/wp-content\/uploads\/2019\/11\/Kivivaara-30-11-2019-1536x1152.jpg 1536w, http:\/\/www.rukajarvensuunnanhistoriayhdistys.fi\/historiayhdistys\/wp-content\/uploads\/2019\/11\/Kivivaara-30-11-2019.jpg 1600w\" sizes=\"auto, (max-width: 1024px) 100vw, 1024px\" \/><figcaption>Puheenjohtaja Seppo R\u00e4ih\u00e4. <\/figcaption><\/figure>\n\n\n\n<p>Puheenjohtaja R\u00e4ih\u00e4 toi esille Rukaj\u00e4rven rintamaan\nliittyvi\u00e4 erikoisuuksia. E.J. Raappana johti Lieksan rintaman taisteluja. Raappanan\njohdolla onnistuttiin vihollinen karkottamaan omalle puolelleen jo joulun\ntienoilla 1939. Sodan lopussa 13.3.1940 Lieksan rintama oli ainut rintamalohko,\njossa ei ollut vihollisen joukkoja maamme vanhan rajan sis\u00e4ll\u00e4.<\/p>\n\n\n\n<p>&#8211; Raappana menestyi my\u00f6s Jatkosodassa. Rukaj\u00e4rven rintama\noli n\u00e4et ainut rintamasuunta Mustalta merelt\u00e4 J\u00e4\u00e4merelle, mik\u00e4 s\u00e4ilytti\nhy\u00f6kk\u00e4ysvaiheen asemansa sodan loppuun saakka.<\/p>\n\n\n\n<p>&#8211; R\u00e4ih\u00e4 kertoi, ett\u00e4 Talvisodan juhlallisuuksia on\nj\u00e4rjestetty my\u00f6s Lieksassa. Rukaj\u00e4rven suunnan historiayhdistyksen seppeleen\nlaskivat Timo Salmi ja Tauno Oksanen Rukaj\u00e4rven tien varrella ns.\nKaksinkantajan tien risteyksen muistomerkille Kivivaarantien suunnan\nensimm\u00e4isten uhrien muistomerkille.<\/p>\n\n\n\n<p>&#8211; Puheenjohtaja R\u00e4ih\u00e4 toi esille, ett\u00e4 Talvisodassa\nmenehtyi kaikkiaan 26.662 henkil\u00f6\u00e4. Kent\u00e4lle kaatui 19.576, haavoittuneita oli\nper\u00e4ti 43.557.<\/p>\n\n\n\n<p>Rukaj\u00e4rven suunta tunnetaan my\u00f6s sotahistoriaty\u00f6st\u00e4\u00e4n, yhdistys hallinnoi Lieksan ja Iisalmen Rukaj\u00e4rvi-keskuksia, joissa on esill\u00e4 jatkuvasti vaihtuvat n\u00e4yttelyt yhdistyksen ker\u00e4\u00e4m\u00e4st\u00e4 sotahistoria-aineistosta. R\u00e4ih\u00e4 esitti kiitollisuutensa siit\u00e4, ett\u00e4 t\u00e4h\u00e4nkin tilaisuuteen oli saapunut useita, jopa alle 20-vuotiaita nuoria sotahistoriasta kiinnostuneita. <\/p>\n\n\n\n<figure class=\"wp-block-image size-large\"><img loading=\"lazy\" decoding=\"async\" width=\"1024\" height=\"768\" src=\"http:\/\/www.rukajarvensuunnanhistoriayhdistys.fi\/historiayhdistys\/wp-content\/uploads\/2019\/11\/Kivivaara-30-11-2019-3-1024x768.jpg\" alt=\"\" class=\"wp-image-13446\" srcset=\"http:\/\/www.rukajarvensuunnanhistoriayhdistys.fi\/historiayhdistys\/wp-content\/uploads\/2019\/11\/Kivivaara-30-11-2019-3-1024x768.jpg 1024w, http:\/\/www.rukajarvensuunnanhistoriayhdistys.fi\/historiayhdistys\/wp-content\/uploads\/2019\/11\/Kivivaara-30-11-2019-3-300x225.jpg 300w, http:\/\/www.rukajarvensuunnanhistoriayhdistys.fi\/historiayhdistys\/wp-content\/uploads\/2019\/11\/Kivivaara-30-11-2019-3-768x576.jpg 768w, http:\/\/www.rukajarvensuunnanhistoriayhdistys.fi\/historiayhdistys\/wp-content\/uploads\/2019\/11\/Kivivaara-30-11-2019-3-1536x1152.jpg 1536w, http:\/\/www.rukajarvensuunnanhistoriayhdistys.fi\/historiayhdistys\/wp-content\/uploads\/2019\/11\/Kivivaara-30-11-2019-3.jpg 1600w\" sizes=\"auto, (max-width: 1024px) 100vw, 1024px\" \/><figcaption>    Kiuruveden tilaisuuteen oli saapunut veteraanin lis\u00e4ksi yhteens\u00e4 18 henkil\u00f6\u00e4. Tilaisuuden vanhin Tauno Tikkanen t\u00e4ytt\u00e4\u00e4 pian 104 vuotta ja nuorin veteraanin pojan tytt\u00e4ren poika Elmeri on 2-vuotias. Nuoriso kuunteli tarkkaavaisesti veteraanin Talvisodan muisteluita.  Kujvassa Seppo Kettunen ja veteraani sek\u00e4 veteraanin naapurin Heikki Ker\u00e4sen lasten perhett\u00e4.<\/figcaption><\/figure>\n\n\n\n<figure class=\"wp-block-image size-large\"><img loading=\"lazy\" decoding=\"async\" width=\"1024\" height=\"768\" src=\"http:\/\/www.rukajarvensuunnanhistoriayhdistys.fi\/historiayhdistys\/wp-content\/uploads\/2019\/11\/Kivivaara-30-11-2019-5-1024x768.jpg\" alt=\"\" class=\"wp-image-13448\" srcset=\"http:\/\/www.rukajarvensuunnanhistoriayhdistys.fi\/historiayhdistys\/wp-content\/uploads\/2019\/11\/Kivivaara-30-11-2019-5-1024x768.jpg 1024w, http:\/\/www.rukajarvensuunnanhistoriayhdistys.fi\/historiayhdistys\/wp-content\/uploads\/2019\/11\/Kivivaara-30-11-2019-5-300x225.jpg 300w, http:\/\/www.rukajarvensuunnanhistoriayhdistys.fi\/historiayhdistys\/wp-content\/uploads\/2019\/11\/Kivivaara-30-11-2019-5-768x576.jpg 768w, http:\/\/www.rukajarvensuunnanhistoriayhdistys.fi\/historiayhdistys\/wp-content\/uploads\/2019\/11\/Kivivaara-30-11-2019-5-1536x1152.jpg 1536w, http:\/\/www.rukajarvensuunnanhistoriayhdistys.fi\/historiayhdistys\/wp-content\/uploads\/2019\/11\/Kivivaara-30-11-2019-5.jpg 1600w\" sizes=\"auto, (max-width: 1024px) 100vw, 1024px\" \/><figcaption>  Tilaisuudessa tarjottiin kuumaa gl\u00f6gi\u00e4 se makkaroita, mik\u00e4 nautittiin rakovalkealla.  Veteraanin sotakaverin poika Heikki Ker\u00e4nen huolehti tarjoilusta. Rukaj\u00e4rven perinnepolun salkoon oli nostettu Suomen lippu.  Vasemmalta, Ossi V\u00e4is\u00e4nen, Heikki Tikkanen, Heikki Ker\u00e4nen, Raimo Jokisalmi, Marja-Liisa K\u00e4rkk\u00e4inen ja Seppo R\u00e4ih\u00e4.<\/figcaption><\/figure>\n\n\n\n<figure class=\"wp-block-image size-large\"><img loading=\"lazy\" decoding=\"async\" width=\"1024\" height=\"768\" src=\"http:\/\/www.rukajarvensuunnanhistoriayhdistys.fi\/historiayhdistys\/wp-content\/uploads\/2019\/11\/Kivivaara-30-11-2019-4-1024x768.jpg\" alt=\"\" class=\"wp-image-13449\" srcset=\"http:\/\/www.rukajarvensuunnanhistoriayhdistys.fi\/historiayhdistys\/wp-content\/uploads\/2019\/11\/Kivivaara-30-11-2019-4-1024x768.jpg 1024w, http:\/\/www.rukajarvensuunnanhistoriayhdistys.fi\/historiayhdistys\/wp-content\/uploads\/2019\/11\/Kivivaara-30-11-2019-4-300x225.jpg 300w, http:\/\/www.rukajarvensuunnanhistoriayhdistys.fi\/historiayhdistys\/wp-content\/uploads\/2019\/11\/Kivivaara-30-11-2019-4-768x576.jpg 768w, http:\/\/www.rukajarvensuunnanhistoriayhdistys.fi\/historiayhdistys\/wp-content\/uploads\/2019\/11\/Kivivaara-30-11-2019-4-1536x1152.jpg 1536w, http:\/\/www.rukajarvensuunnanhistoriayhdistys.fi\/historiayhdistys\/wp-content\/uploads\/2019\/11\/Kivivaara-30-11-2019-4.jpg 1600w\" sizes=\"auto, (max-width: 1024px) 100vw, 1024px\" \/><figcaption> My\u00f6s veteraani otti vilkkaasti osaa keskusteluihin ja kertoi sodan alkutunnelmista. H\u00e4n n\u00e4ki vihollisen joukkojen hy\u00f6kk\u00e4yksen k\u00e4ynnistymisen tuoreeltaan valtakunnan rajalla Lipolassa olevasta vartiotornista 30.11.1939 tasan klo 7.00. Veteraanin haastattelu oli julkaistu Kiuruvesilehdess\u00e4, mihin voi tutustua <strong><a href=\"http:\/\/www.rukajarvensuunnanhistoriayhdistys.fi\/historiayhdistys\/wp-content\/uploads\/2019\/11\/kvl_271119_09.pdf\">T\u00c4\u00c4LT\u00c4<\/a>:<\/strong>  Kuvassa Heikki Ker\u00e4nen, Raimo Jokisalmi, Marja-Liisa K\u00e4rkk\u00e4inen, Seppo R\u00e4ih\u00e4, Antti Ker\u00e4nen ja Juha Ker\u00e4nen.<\/figcaption><\/figure>\n\n\n","protected":false},"excerpt":{"rendered":"<p>Rukaj\u00e4rven perinnepolulla Kiuruvedell\u00e4 j\u00e4rjestettiin muistelutilaisuus Talvisodan alkamisesta, josta tuli kuluneeksi 80 vuotta. Rukaj\u00e4rven suunnan historiayhdistyksen puheenjohtajan Seppo R\u00e4ih\u00e4 kertoi puheessaan, ett\u00e4 maassamme on viel\u00e4 1700 talvisodan veteraania ja t\u00e4h\u00e4n tilaisuuteen <a class=\"more-link\" href=\"http:\/\/www.rukajarvensuunnanhistoriayhdistys.fi\/historiayhdistys\/talvisodan-alkamisesta-80-vuotta-menneita-muisteltiin\/\">Teksti jatkuu&#8230;<span class=\"screen-reader-text\">Talvisodan alkamisesta 80 vuotta. Menneit\u00e4 muisteltiin<\/span><span class=\"meta-nav\">\u2192<\/span><\/a><\/p>\n","protected":false},"author":3,"featured_media":0,"comment_status":"closed","ping_status":"open","sticky":false,"template":"","format":"standard","meta":{"footnotes":""},"categories":[22,21,17],"tags":[],"class_list":["post-13444","post","type-post","status-publish","format-standard","hentry","category-ajankohtaista","category-rukajarvi-keskus","category-toiminta"],"yoast_head":"<!-- This site is optimized with the Yoast SEO plugin v27.4 - https:\/\/yoast.com\/product\/yoast-seo-wordpress\/ -->\n<title>Talvisodan alkamisesta 80 vuotta. Menneit\u00e4 muisteltiin - Rukaj\u00e4rven suunnan historiayhdistys<\/title>\n<meta name=\"robots\" content=\"index, follow, max-snippet:-1, max-image-preview:large, max-video-preview:-1\" \/>\n<link rel=\"canonical\" href=\"http:\/\/www.rukajarvensuunnanhistoriayhdistys.fi\/historiayhdistys\/talvisodan-alkamisesta-80-vuotta-menneita-muisteltiin\/\" \/>\n<meta property=\"og:locale\" content=\"fi_FI\" \/>\n<meta property=\"og:type\" content=\"article\" \/>\n<meta property=\"og:title\" content=\"Talvisodan alkamisesta 80 vuotta. Menneit\u00e4 muisteltiin - Rukaj\u00e4rven suunnan historiayhdistys\" \/>\n<meta property=\"og:description\" content=\"Rukaj\u00e4rven perinnepolulla Kiuruvedell\u00e4 j\u00e4rjestettiin muistelutilaisuus Talvisodan alkamisesta, josta tuli kuluneeksi 80 vuotta. Rukaj\u00e4rven suunnan historiayhdistyksen puheenjohtajan Seppo R\u00e4ih\u00e4 kertoi puheessaan, ett\u00e4 maassamme on viel\u00e4 1700 talvisodan veteraania ja t\u00e4h\u00e4n tilaisuuteen Teksti jatkuu...Talvisodan alkamisesta 80 vuotta. Menneit\u00e4 muisteltiin\u2192\" \/>\n<meta property=\"og:url\" content=\"http:\/\/www.rukajarvensuunnanhistoriayhdistys.fi\/historiayhdistys\/talvisodan-alkamisesta-80-vuotta-menneita-muisteltiin\/\" \/>\n<meta property=\"og:site_name\" content=\"Rukaj\u00e4rven suunnan historiayhdistys\" \/>\n<meta property=\"article:published_time\" content=\"2019-11-30T19:45:38+00:00\" \/>\n<meta property=\"article:modified_time\" content=\"2019-12-02T11:18:15+00:00\" \/>\n<meta property=\"og:image\" content=\"http:\/\/www.rukajarvensuunnanhistoriayhdistys.fi\/historiayhdistys\/wp-content\/uploads\/2019\/11\/Kivivaara-30-11-2019-1024x768.jpg\" \/>\n<meta name=\"author\" content=\"RSHY\" \/>\n<meta name=\"twitter:label1\" content=\"Kirjoittanut\" \/>\n\t<meta name=\"twitter:data1\" content=\"RSHY\" \/>\n\t<meta name=\"twitter:label2\" content=\"Arvioitu lukuaika\" \/>\n\t<meta name=\"twitter:data2\" content=\"2 minuuttia\" \/>\n<script type=\"application\/ld+json\" class=\"yoast-schema-graph\">{\"@context\":\"https:\\\/\\\/schema.org\",\"@graph\":[{\"@type\":\"Article\",\"@id\":\"http:\\\/\\\/www.rukajarvensuunnanhistoriayhdistys.fi\\\/historiayhdistys\\\/talvisodan-alkamisesta-80-vuotta-menneita-muisteltiin\\\/#article\",\"isPartOf\":{\"@id\":\"http:\\\/\\\/www.rukajarvensuunnanhistoriayhdistys.fi\\\/historiayhdistys\\\/talvisodan-alkamisesta-80-vuotta-menneita-muisteltiin\\\/\"},\"author\":{\"name\":\"RSHY\",\"@id\":\"http:\\\/\\\/www.rukajarvensuunnanhistoriayhdistys.fi\\\/historiayhdistys\\\/#\\\/schema\\\/person\\\/19de7db68bf72dfd2b5d7f6dfbf8454d\"},\"headline\":\"Talvisodan alkamisesta 80 vuotta. Menneit\u00e4 muisteltiin\",\"datePublished\":\"2019-11-30T19:45:38+00:00\",\"dateModified\":\"2019-12-02T11:18:15+00:00\",\"mainEntityOfPage\":{\"@id\":\"http:\\\/\\\/www.rukajarvensuunnanhistoriayhdistys.fi\\\/historiayhdistys\\\/talvisodan-alkamisesta-80-vuotta-menneita-muisteltiin\\\/\"},\"wordCount\":426,\"publisher\":{\"@id\":\"http:\\\/\\\/www.rukajarvensuunnanhistoriayhdistys.fi\\\/historiayhdistys\\\/#organization\"},\"image\":{\"@id\":\"http:\\\/\\\/www.rukajarvensuunnanhistoriayhdistys.fi\\\/historiayhdistys\\\/talvisodan-alkamisesta-80-vuotta-menneita-muisteltiin\\\/#primaryimage\"},\"thumbnailUrl\":\"http:\\\/\\\/www.rukajarvensuunnanhistoriayhdistys.fi\\\/historiayhdistys\\\/wp-content\\\/uploads\\\/2019\\\/11\\\/Kivivaara-30-11-2019-1024x768.jpg\",\"articleSection\":[\"Ajankohtaista\",\"Rukaj\u00e4rvi-keskus\",\"Toiminta\"],\"inLanguage\":\"fi\"},{\"@type\":\"WebPage\",\"@id\":\"http:\\\/\\\/www.rukajarvensuunnanhistoriayhdistys.fi\\\/historiayhdistys\\\/talvisodan-alkamisesta-80-vuotta-menneita-muisteltiin\\\/\",\"url\":\"http:\\\/\\\/www.rukajarvensuunnanhistoriayhdistys.fi\\\/historiayhdistys\\\/talvisodan-alkamisesta-80-vuotta-menneita-muisteltiin\\\/\",\"name\":\"Talvisodan alkamisesta 80 vuotta. Menneit\u00e4 muisteltiin - Rukaj\u00e4rven suunnan historiayhdistys\",\"isPartOf\":{\"@id\":\"http:\\\/\\\/www.rukajarvensuunnanhistoriayhdistys.fi\\\/historiayhdistys\\\/#website\"},\"primaryImageOfPage\":{\"@id\":\"http:\\\/\\\/www.rukajarvensuunnanhistoriayhdistys.fi\\\/historiayhdistys\\\/talvisodan-alkamisesta-80-vuotta-menneita-muisteltiin\\\/#primaryimage\"},\"image\":{\"@id\":\"http:\\\/\\\/www.rukajarvensuunnanhistoriayhdistys.fi\\\/historiayhdistys\\\/talvisodan-alkamisesta-80-vuotta-menneita-muisteltiin\\\/#primaryimage\"},\"thumbnailUrl\":\"http:\\\/\\\/www.rukajarvensuunnanhistoriayhdistys.fi\\\/historiayhdistys\\\/wp-content\\\/uploads\\\/2019\\\/11\\\/Kivivaara-30-11-2019-1024x768.jpg\",\"datePublished\":\"2019-11-30T19:45:38+00:00\",\"dateModified\":\"2019-12-02T11:18:15+00:00\",\"breadcrumb\":{\"@id\":\"http:\\\/\\\/www.rukajarvensuunnanhistoriayhdistys.fi\\\/historiayhdistys\\\/talvisodan-alkamisesta-80-vuotta-menneita-muisteltiin\\\/#breadcrumb\"},\"inLanguage\":\"fi\",\"potentialAction\":[{\"@type\":\"ReadAction\",\"target\":[\"http:\\\/\\\/www.rukajarvensuunnanhistoriayhdistys.fi\\\/historiayhdistys\\\/talvisodan-alkamisesta-80-vuotta-menneita-muisteltiin\\\/\"]}]},{\"@type\":\"ImageObject\",\"inLanguage\":\"fi\",\"@id\":\"http:\\\/\\\/www.rukajarvensuunnanhistoriayhdistys.fi\\\/historiayhdistys\\\/talvisodan-alkamisesta-80-vuotta-menneita-muisteltiin\\\/#primaryimage\",\"url\":\"http:\\\/\\\/www.rukajarvensuunnanhistoriayhdistys.fi\\\/historiayhdistys\\\/wp-content\\\/uploads\\\/2019\\\/11\\\/Kivivaara-30-11-2019.jpg\",\"contentUrl\":\"http:\\\/\\\/www.rukajarvensuunnanhistoriayhdistys.fi\\\/historiayhdistys\\\/wp-content\\\/uploads\\\/2019\\\/11\\\/Kivivaara-30-11-2019.jpg\",\"width\":1600,\"height\":1200},{\"@type\":\"BreadcrumbList\",\"@id\":\"http:\\\/\\\/www.rukajarvensuunnanhistoriayhdistys.fi\\\/historiayhdistys\\\/talvisodan-alkamisesta-80-vuotta-menneita-muisteltiin\\\/#breadcrumb\",\"itemListElement\":[{\"@type\":\"ListItem\",\"position\":1,\"name\":\"Etusivu\",\"item\":\"http:\\\/\\\/www.rukajarvensuunnanhistoriayhdistys.fi\\\/historiayhdistys\\\/\"},{\"@type\":\"ListItem\",\"position\":2,\"name\":\"Talvisodan alkamisesta 80 vuotta. Menneit\u00e4 muisteltiin\"}]},{\"@type\":\"WebSite\",\"@id\":\"http:\\\/\\\/www.rukajarvensuunnanhistoriayhdistys.fi\\\/historiayhdistys\\\/#website\",\"url\":\"http:\\\/\\\/www.rukajarvensuunnanhistoriayhdistys.fi\\\/historiayhdistys\\\/\",\"name\":\"Rukaj\u00e4rven suunnan historiayhdistys\",\"description\":\"Rukaj\u00e4rven suunnan historiayhdistyksen verkkosivut.\",\"publisher\":{\"@id\":\"http:\\\/\\\/www.rukajarvensuunnanhistoriayhdistys.fi\\\/historiayhdistys\\\/#organization\"},\"potentialAction\":[{\"@type\":\"SearchAction\",\"target\":{\"@type\":\"EntryPoint\",\"urlTemplate\":\"http:\\\/\\\/www.rukajarvensuunnanhistoriayhdistys.fi\\\/historiayhdistys\\\/?s={search_term_string}\"},\"query-input\":{\"@type\":\"PropertyValueSpecification\",\"valueRequired\":true,\"valueName\":\"search_term_string\"}}],\"inLanguage\":\"fi\"},{\"@type\":\"Organization\",\"@id\":\"http:\\\/\\\/www.rukajarvensuunnanhistoriayhdistys.fi\\\/historiayhdistys\\\/#organization\",\"name\":\"Rukaj\u00e4rven suunnan historiayhdistys\",\"url\":\"http:\\\/\\\/www.rukajarvensuunnanhistoriayhdistys.fi\\\/historiayhdistys\\\/\",\"logo\":{\"@type\":\"ImageObject\",\"inLanguage\":\"fi\",\"@id\":\"http:\\\/\\\/www.rukajarvensuunnanhistoriayhdistys.fi\\\/historiayhdistys\\\/#\\\/schema\\\/logo\\\/image\\\/\",\"url\":\"http:\\\/\\\/www.rukajarvensuunnanhistoriayhdistys.fi\\\/historiayhdistys\\\/wp-content\\\/uploads\\\/2013\\\/12\\\/Otsake_3.jpg\",\"contentUrl\":\"http:\\\/\\\/www.rukajarvensuunnanhistoriayhdistys.fi\\\/historiayhdistys\\\/wp-content\\\/uploads\\\/2013\\\/12\\\/Otsake_3.jpg\",\"width\":1000,\"height\":442,\"caption\":\"Rukaj\u00e4rven suunnan historiayhdistys\"},\"image\":{\"@id\":\"http:\\\/\\\/www.rukajarvensuunnanhistoriayhdistys.fi\\\/historiayhdistys\\\/#\\\/schema\\\/logo\\\/image\\\/\"}},{\"@type\":\"Person\",\"@id\":\"http:\\\/\\\/www.rukajarvensuunnanhistoriayhdistys.fi\\\/historiayhdistys\\\/#\\\/schema\\\/person\\\/19de7db68bf72dfd2b5d7f6dfbf8454d\",\"name\":\"RSHY\",\"image\":{\"@type\":\"ImageObject\",\"inLanguage\":\"fi\",\"@id\":\"https:\\\/\\\/secure.gravatar.com\\\/avatar\\\/598d59263a69cc8de65fcb4f9db78d6f58c098cb0e0ba22d73377441af9fa04c?s=96&d=blank&r=g\",\"url\":\"https:\\\/\\\/secure.gravatar.com\\\/avatar\\\/598d59263a69cc8de65fcb4f9db78d6f58c098cb0e0ba22d73377441af9fa04c?s=96&d=blank&r=g\",\"contentUrl\":\"https:\\\/\\\/secure.gravatar.com\\\/avatar\\\/598d59263a69cc8de65fcb4f9db78d6f58c098cb0e0ba22d73377441af9fa04c?s=96&d=blank&r=g\",\"caption\":\"RSHY\"},\"url\":\"http:\\\/\\\/www.rukajarvensuunnanhistoriayhdistys.fi\\\/historiayhdistys\\\/author\\\/rshy\\\/\"}]}<\/script>\n<!-- \/ Yoast SEO plugin. -->","yoast_head_json":{"title":"Talvisodan alkamisesta 80 vuotta. Menneit\u00e4 muisteltiin - Rukaj\u00e4rven suunnan historiayhdistys","robots":{"index":"index","follow":"follow","max-snippet":"max-snippet:-1","max-image-preview":"max-image-preview:large","max-video-preview":"max-video-preview:-1"},"canonical":"http:\/\/www.rukajarvensuunnanhistoriayhdistys.fi\/historiayhdistys\/talvisodan-alkamisesta-80-vuotta-menneita-muisteltiin\/","og_locale":"fi_FI","og_type":"article","og_title":"Talvisodan alkamisesta 80 vuotta. Menneit\u00e4 muisteltiin - Rukaj\u00e4rven suunnan historiayhdistys","og_description":"Rukaj\u00e4rven perinnepolulla Kiuruvedell\u00e4 j\u00e4rjestettiin muistelutilaisuus Talvisodan alkamisesta, josta tuli kuluneeksi 80 vuotta. Rukaj\u00e4rven suunnan historiayhdistyksen puheenjohtajan Seppo R\u00e4ih\u00e4 kertoi puheessaan, ett\u00e4 maassamme on viel\u00e4 1700 talvisodan veteraania ja t\u00e4h\u00e4n tilaisuuteen Teksti jatkuu...Talvisodan alkamisesta 80 vuotta. Menneit\u00e4 muisteltiin\u2192","og_url":"http:\/\/www.rukajarvensuunnanhistoriayhdistys.fi\/historiayhdistys\/talvisodan-alkamisesta-80-vuotta-menneita-muisteltiin\/","og_site_name":"Rukaj\u00e4rven suunnan historiayhdistys","article_published_time":"2019-11-30T19:45:38+00:00","article_modified_time":"2019-12-02T11:18:15+00:00","og_image":[{"url":"http:\/\/www.rukajarvensuunnanhistoriayhdistys.fi\/historiayhdistys\/wp-content\/uploads\/2019\/11\/Kivivaara-30-11-2019-1024x768.jpg","type":"","width":"","height":""}],"author":"RSHY","twitter_misc":{"Kirjoittanut":"RSHY","Arvioitu lukuaika":"2 minuuttia"},"schema":{"@context":"https:\/\/schema.org","@graph":[{"@type":"Article","@id":"http:\/\/www.rukajarvensuunnanhistoriayhdistys.fi\/historiayhdistys\/talvisodan-alkamisesta-80-vuotta-menneita-muisteltiin\/#article","isPartOf":{"@id":"http:\/\/www.rukajarvensuunnanhistoriayhdistys.fi\/historiayhdistys\/talvisodan-alkamisesta-80-vuotta-menneita-muisteltiin\/"},"author":{"name":"RSHY","@id":"http:\/\/www.rukajarvensuunnanhistoriayhdistys.fi\/historiayhdistys\/#\/schema\/person\/19de7db68bf72dfd2b5d7f6dfbf8454d"},"headline":"Talvisodan alkamisesta 80 vuotta. Menneit\u00e4 muisteltiin","datePublished":"2019-11-30T19:45:38+00:00","dateModified":"2019-12-02T11:18:15+00:00","mainEntityOfPage":{"@id":"http:\/\/www.rukajarvensuunnanhistoriayhdistys.fi\/historiayhdistys\/talvisodan-alkamisesta-80-vuotta-menneita-muisteltiin\/"},"wordCount":426,"publisher":{"@id":"http:\/\/www.rukajarvensuunnanhistoriayhdistys.fi\/historiayhdistys\/#organization"},"image":{"@id":"http:\/\/www.rukajarvensuunnanhistoriayhdistys.fi\/historiayhdistys\/talvisodan-alkamisesta-80-vuotta-menneita-muisteltiin\/#primaryimage"},"thumbnailUrl":"http:\/\/www.rukajarvensuunnanhistoriayhdistys.fi\/historiayhdistys\/wp-content\/uploads\/2019\/11\/Kivivaara-30-11-2019-1024x768.jpg","articleSection":["Ajankohtaista","Rukaj\u00e4rvi-keskus","Toiminta"],"inLanguage":"fi"},{"@type":"WebPage","@id":"http:\/\/www.rukajarvensuunnanhistoriayhdistys.fi\/historiayhdistys\/talvisodan-alkamisesta-80-vuotta-menneita-muisteltiin\/","url":"http:\/\/www.rukajarvensuunnanhistoriayhdistys.fi\/historiayhdistys\/talvisodan-alkamisesta-80-vuotta-menneita-muisteltiin\/","name":"Talvisodan alkamisesta 80 vuotta. Menneit\u00e4 muisteltiin - Rukaj\u00e4rven suunnan historiayhdistys","isPartOf":{"@id":"http:\/\/www.rukajarvensuunnanhistoriayhdistys.fi\/historiayhdistys\/#website"},"primaryImageOfPage":{"@id":"http:\/\/www.rukajarvensuunnanhistoriayhdistys.fi\/historiayhdistys\/talvisodan-alkamisesta-80-vuotta-menneita-muisteltiin\/#primaryimage"},"image":{"@id":"http:\/\/www.rukajarvensuunnanhistoriayhdistys.fi\/historiayhdistys\/talvisodan-alkamisesta-80-vuotta-menneita-muisteltiin\/#primaryimage"},"thumbnailUrl":"http:\/\/www.rukajarvensuunnanhistoriayhdistys.fi\/historiayhdistys\/wp-content\/uploads\/2019\/11\/Kivivaara-30-11-2019-1024x768.jpg","datePublished":"2019-11-30T19:45:38+00:00","dateModified":"2019-12-02T11:18:15+00:00","breadcrumb":{"@id":"http:\/\/www.rukajarvensuunnanhistoriayhdistys.fi\/historiayhdistys\/talvisodan-alkamisesta-80-vuotta-menneita-muisteltiin\/#breadcrumb"},"inLanguage":"fi","potentialAction":[{"@type":"ReadAction","target":["http:\/\/www.rukajarvensuunnanhistoriayhdistys.fi\/historiayhdistys\/talvisodan-alkamisesta-80-vuotta-menneita-muisteltiin\/"]}]},{"@type":"ImageObject","inLanguage":"fi","@id":"http:\/\/www.rukajarvensuunnanhistoriayhdistys.fi\/historiayhdistys\/talvisodan-alkamisesta-80-vuotta-menneita-muisteltiin\/#primaryimage","url":"http:\/\/www.rukajarvensuunnanhistoriayhdistys.fi\/historiayhdistys\/wp-content\/uploads\/2019\/11\/Kivivaara-30-11-2019.jpg","contentUrl":"http:\/\/www.rukajarvensuunnanhistoriayhdistys.fi\/historiayhdistys\/wp-content\/uploads\/2019\/11\/Kivivaara-30-11-2019.jpg","width":1600,"height":1200},{"@type":"BreadcrumbList","@id":"http:\/\/www.rukajarvensuunnanhistoriayhdistys.fi\/historiayhdistys\/talvisodan-alkamisesta-80-vuotta-menneita-muisteltiin\/#breadcrumb","itemListElement":[{"@type":"ListItem","position":1,"name":"Etusivu","item":"http:\/\/www.rukajarvensuunnanhistoriayhdistys.fi\/historiayhdistys\/"},{"@type":"ListItem","position":2,"name":"Talvisodan alkamisesta 80 vuotta. Menneit\u00e4 muisteltiin"}]},{"@type":"WebSite","@id":"http:\/\/www.rukajarvensuunnanhistoriayhdistys.fi\/historiayhdistys\/#website","url":"http:\/\/www.rukajarvensuunnanhistoriayhdistys.fi\/historiayhdistys\/","name":"Rukaj\u00e4rven suunnan historiayhdistys","description":"Rukaj\u00e4rven suunnan historiayhdistyksen verkkosivut.","publisher":{"@id":"http:\/\/www.rukajarvensuunnanhistoriayhdistys.fi\/historiayhdistys\/#organization"},"potentialAction":[{"@type":"SearchAction","target":{"@type":"EntryPoint","urlTemplate":"http:\/\/www.rukajarvensuunnanhistoriayhdistys.fi\/historiayhdistys\/?s={search_term_string}"},"query-input":{"@type":"PropertyValueSpecification","valueRequired":true,"valueName":"search_term_string"}}],"inLanguage":"fi"},{"@type":"Organization","@id":"http:\/\/www.rukajarvensuunnanhistoriayhdistys.fi\/historiayhdistys\/#organization","name":"Rukaj\u00e4rven suunnan historiayhdistys","url":"http:\/\/www.rukajarvensuunnanhistoriayhdistys.fi\/historiayhdistys\/","logo":{"@type":"ImageObject","inLanguage":"fi","@id":"http:\/\/www.rukajarvensuunnanhistoriayhdistys.fi\/historiayhdistys\/#\/schema\/logo\/image\/","url":"http:\/\/www.rukajarvensuunnanhistoriayhdistys.fi\/historiayhdistys\/wp-content\/uploads\/2013\/12\/Otsake_3.jpg","contentUrl":"http:\/\/www.rukajarvensuunnanhistoriayhdistys.fi\/historiayhdistys\/wp-content\/uploads\/2013\/12\/Otsake_3.jpg","width":1000,"height":442,"caption":"Rukaj\u00e4rven suunnan historiayhdistys"},"image":{"@id":"http:\/\/www.rukajarvensuunnanhistoriayhdistys.fi\/historiayhdistys\/#\/schema\/logo\/image\/"}},{"@type":"Person","@id":"http:\/\/www.rukajarvensuunnanhistoriayhdistys.fi\/historiayhdistys\/#\/schema\/person\/19de7db68bf72dfd2b5d7f6dfbf8454d","name":"RSHY","image":{"@type":"ImageObject","inLanguage":"fi","@id":"https:\/\/secure.gravatar.com\/avatar\/598d59263a69cc8de65fcb4f9db78d6f58c098cb0e0ba22d73377441af9fa04c?s=96&d=blank&r=g","url":"https:\/\/secure.gravatar.com\/avatar\/598d59263a69cc8de65fcb4f9db78d6f58c098cb0e0ba22d73377441af9fa04c?s=96&d=blank&r=g","contentUrl":"https:\/\/secure.gravatar.com\/avatar\/598d59263a69cc8de65fcb4f9db78d6f58c098cb0e0ba22d73377441af9fa04c?s=96&d=blank&r=g","caption":"RSHY"},"url":"http:\/\/www.rukajarvensuunnanhistoriayhdistys.fi\/historiayhdistys\/author\/rshy\/"}]}},"_links":{"self":[{"href":"http:\/\/www.rukajarvensuunnanhistoriayhdistys.fi\/historiayhdistys\/wp-json\/wp\/v2\/posts\/13444","targetHints":{"allow":["GET"]}}],"collection":[{"href":"http:\/\/www.rukajarvensuunnanhistoriayhdistys.fi\/historiayhdistys\/wp-json\/wp\/v2\/posts"}],"about":[{"href":"http:\/\/www.rukajarvensuunnanhistoriayhdistys.fi\/historiayhdistys\/wp-json\/wp\/v2\/types\/post"}],"author":[{"embeddable":true,"href":"http:\/\/www.rukajarvensuunnanhistoriayhdistys.fi\/historiayhdistys\/wp-json\/wp\/v2\/users\/3"}],"replies":[{"embeddable":true,"href":"http:\/\/www.rukajarvensuunnanhistoriayhdistys.fi\/historiayhdistys\/wp-json\/wp\/v2\/comments?post=13444"}],"version-history":[{"count":2,"href":"http:\/\/www.rukajarvensuunnanhistoriayhdistys.fi\/historiayhdistys\/wp-json\/wp\/v2\/posts\/13444\/revisions"}],"predecessor-version":[{"id":13454,"href":"http:\/\/www.rukajarvensuunnanhistoriayhdistys.fi\/historiayhdistys\/wp-json\/wp\/v2\/posts\/13444\/revisions\/13454"}],"wp:attachment":[{"href":"http:\/\/www.rukajarvensuunnanhistoriayhdistys.fi\/historiayhdistys\/wp-json\/wp\/v2\/media?parent=13444"}],"wp:term":[{"taxonomy":"category","embeddable":true,"href":"http:\/\/www.rukajarvensuunnanhistoriayhdistys.fi\/historiayhdistys\/wp-json\/wp\/v2\/categories?post=13444"},{"taxonomy":"post_tag","embeddable":true,"href":"http:\/\/www.rukajarvensuunnanhistoriayhdistys.fi\/historiayhdistys\/wp-json\/wp\/v2\/tags?post=13444"}],"curies":[{"name":"wp","href":"https:\/\/api.w.org\/{rel}","templated":true}]}}