{"id":13814,"date":"2020-07-31T23:20:17","date_gmt":"2020-07-31T20:20:17","guid":{"rendered":"http:\/\/www.rukajarvensuunnanhistoriayhdistys.fi\/historiayhdistys\/?p=13814"},"modified":"2020-07-31T23:25:07","modified_gmt":"2020-07-31T20:25:07","slug":"poikkeusoloista-kattava-nayttely-vaaraslahden-markkinoilla-1-8-2020-klo-10-14","status":"publish","type":"post","link":"http:\/\/www.rukajarvensuunnanhistoriayhdistys.fi\/historiayhdistys\/poikkeusoloista-kattava-nayttely-vaaraslahden-markkinoilla-1-8-2020-klo-10-14\/","title":{"rendered":"Poikkeusoloista kattava n\u00e4yttely Vaaraslahden markkinoille 1.8.2020 klo 10 \u2013 14"},"content":{"rendered":"<div class=\"fcbkbttn_buttons_block\" id=\"fcbkbttn_left\"><div class=\"fcbkbttn_like \"><fb:like href=\"http:\/\/www.rukajarvensuunnanhistoriayhdistys.fi\/historiayhdistys\/poikkeusoloista-kattava-nayttely-vaaraslahden-markkinoilla-1-8-2020-klo-10-14\/\" action=\"like\" colorscheme=\"light\" layout=\"button_count\"  size=\"small\"><\/fb:like><\/div><\/div>\n<p>N\u00e4yttely odottaa vieraita. Kannattaa tulla katsomaan ja kuulemaan my\u00f6s esitelmi\u00e4.<\/p>\n\n\n\n<figure class=\"wp-block-image size-large\"><img loading=\"lazy\" decoding=\"async\" width=\"1024\" height=\"768\" src=\"http:\/\/www.rukajarvensuunnanhistoriayhdistys.fi\/historiayhdistys\/wp-content\/uploads\/2020\/07\/IMG_20200730_183022-Timo-ja-Seppo-1024x768.jpg\" alt=\"\" class=\"wp-image-13815\" srcset=\"http:\/\/www.rukajarvensuunnanhistoriayhdistys.fi\/historiayhdistys\/wp-content\/uploads\/2020\/07\/IMG_20200730_183022-Timo-ja-Seppo-1024x768.jpg 1024w, http:\/\/www.rukajarvensuunnanhistoriayhdistys.fi\/historiayhdistys\/wp-content\/uploads\/2020\/07\/IMG_20200730_183022-Timo-ja-Seppo-300x225.jpg 300w, http:\/\/www.rukajarvensuunnanhistoriayhdistys.fi\/historiayhdistys\/wp-content\/uploads\/2020\/07\/IMG_20200730_183022-Timo-ja-Seppo-768x576.jpg 768w, http:\/\/www.rukajarvensuunnanhistoriayhdistys.fi\/historiayhdistys\/wp-content\/uploads\/2020\/07\/IMG_20200730_183022-Timo-ja-Seppo-1536x1152.jpg 1536w, http:\/\/www.rukajarvensuunnanhistoriayhdistys.fi\/historiayhdistys\/wp-content\/uploads\/2020\/07\/IMG_20200730_183022-Timo-ja-Seppo.jpg 1600w\" sizes=\"auto, (max-width: 1024px) 100vw, 1024px\" \/><figcaption>Timo Katainen ja Seppo R\u00e4ih\u00e4 n\u00e4yttely\u00e4 pystytt\u00e4m\u00e4ss\u00e4 \u201dPoikkeusolot n\u00e4yttely\u00e4\u201d. <\/figcaption><\/figure>\n\n\n\n<figure class=\"wp-block-image size-large\"><img loading=\"lazy\" decoding=\"async\" width=\"1024\" height=\"768\" src=\"http:\/\/www.rukajarvensuunnanhistoriayhdistys.fi\/historiayhdistys\/wp-content\/uploads\/2020\/07\/IMG_20200731_132247-Vaaraslahti-1024x768.jpg\" alt=\"\" class=\"wp-image-13816\" srcset=\"http:\/\/www.rukajarvensuunnanhistoriayhdistys.fi\/historiayhdistys\/wp-content\/uploads\/2020\/07\/IMG_20200731_132247-Vaaraslahti-1024x768.jpg 1024w, http:\/\/www.rukajarvensuunnanhistoriayhdistys.fi\/historiayhdistys\/wp-content\/uploads\/2020\/07\/IMG_20200731_132247-Vaaraslahti-300x225.jpg 300w, http:\/\/www.rukajarvensuunnanhistoriayhdistys.fi\/historiayhdistys\/wp-content\/uploads\/2020\/07\/IMG_20200731_132247-Vaaraslahti-768x576.jpg 768w, http:\/\/www.rukajarvensuunnanhistoriayhdistys.fi\/historiayhdistys\/wp-content\/uploads\/2020\/07\/IMG_20200731_132247-Vaaraslahti-1536x1152.jpg 1536w, http:\/\/www.rukajarvensuunnanhistoriayhdistys.fi\/historiayhdistys\/wp-content\/uploads\/2020\/07\/IMG_20200731_132247-Vaaraslahti.jpg 1600w\" sizes=\"auto, (max-width: 1024px) 100vw, 1024px\" \/><figcaption>Esill\u00e4 liki 100 sota-aikaista valokuvaa, puhdety\u00f6esineit\u00e4 ja kirjallisuutta. Kuva Tenho Tikkanen.<\/figcaption><\/figure>\n\n\n\n<figure class=\"wp-block-image size-large\"><img loading=\"lazy\" decoding=\"async\" width=\"1024\" height=\"768\" src=\"http:\/\/www.rukajarvensuunnanhistoriayhdistys.fi\/historiayhdistys\/wp-content\/uploads\/2020\/07\/IMG_20200731_132252-Vaaraslahti-1024x768.jpg\" alt=\"\" class=\"wp-image-13817\" srcset=\"http:\/\/www.rukajarvensuunnanhistoriayhdistys.fi\/historiayhdistys\/wp-content\/uploads\/2020\/07\/IMG_20200731_132252-Vaaraslahti-1024x768.jpg 1024w, http:\/\/www.rukajarvensuunnanhistoriayhdistys.fi\/historiayhdistys\/wp-content\/uploads\/2020\/07\/IMG_20200731_132252-Vaaraslahti-300x225.jpg 300w, http:\/\/www.rukajarvensuunnanhistoriayhdistys.fi\/historiayhdistys\/wp-content\/uploads\/2020\/07\/IMG_20200731_132252-Vaaraslahti-768x576.jpg 768w, http:\/\/www.rukajarvensuunnanhistoriayhdistys.fi\/historiayhdistys\/wp-content\/uploads\/2020\/07\/IMG_20200731_132252-Vaaraslahti-1536x1152.jpg 1536w, http:\/\/www.rukajarvensuunnanhistoriayhdistys.fi\/historiayhdistys\/wp-content\/uploads\/2020\/07\/IMG_20200731_132252-Vaaraslahti.jpg 1600w\" sizes=\"auto, (max-width: 1024px) 100vw, 1024px\" \/><figcaption>N\u00e4yttelyasettelussa olemme huolehtineet turvav\u00e4leist\u00e4. <\/figcaption><\/figure>\n\n\n\n<p>Pohjois-Pielaveden asukkaat ottivat kiitett\u00e4v\u00e4sti haasteen vastaan ja koossa on edustava n\u00e4yttely. <strong>Kiitos.<\/strong><\/p>\n\n\n\n<figure class=\"wp-block-image size-large\"><img loading=\"lazy\" decoding=\"async\" width=\"724\" height=\"1024\" src=\"http:\/\/www.rukajarvensuunnanhistoriayhdistys.fi\/historiayhdistys\/wp-content\/uploads\/2020\/07\/Pohjois-Pielaveden-Maalaismarkkinat-1-8-2020-1-724x1024.jpg\" alt=\"\" class=\"wp-image-13818\" srcset=\"http:\/\/www.rukajarvensuunnanhistoriayhdistys.fi\/historiayhdistys\/wp-content\/uploads\/2020\/07\/Pohjois-Pielaveden-Maalaismarkkinat-1-8-2020-1-724x1024.jpg 724w, http:\/\/www.rukajarvensuunnanhistoriayhdistys.fi\/historiayhdistys\/wp-content\/uploads\/2020\/07\/Pohjois-Pielaveden-Maalaismarkkinat-1-8-2020-1-212x300.jpg 212w, http:\/\/www.rukajarvensuunnanhistoriayhdistys.fi\/historiayhdistys\/wp-content\/uploads\/2020\/07\/Pohjois-Pielaveden-Maalaismarkkinat-1-8-2020-1-768x1086.jpg 768w, http:\/\/www.rukajarvensuunnanhistoriayhdistys.fi\/historiayhdistys\/wp-content\/uploads\/2020\/07\/Pohjois-Pielaveden-Maalaismarkkinat-1-8-2020-1-1086x1536.jpg 1086w, http:\/\/www.rukajarvensuunnanhistoriayhdistys.fi\/historiayhdistys\/wp-content\/uploads\/2020\/07\/Pohjois-Pielaveden-Maalaismarkkinat-1-8-2020-1.jpg 1240w\" sizes=\"auto, (max-width: 724px) 100vw, 724px\" \/><\/figure>\n\n\n\n<p>Tilaisuudessa kuullaan ainakin seuraavat esitelm\u00e4t: \u2013 YH-aika ja Pielavesi 30 min, \u2013 Pielaveden miehet Talvisodassa 30 min<\/p>\n\n\n\n<p>Jos aikaa j\u00e4\u00e4: \u2013 Rukaj\u00e4rven suunnan sodanj\u00e4lkeinen sotahistoriaty\u00f6<\/p>\n\n\n\n<p>N\u00e4yttelyn avaa Rukaj\u00e4rven suunnan historiayhdistyksen puheenjohtaja Seppo R\u00e4ih\u00e4, joka yhdess\u00e4 Pentti K\u00e4rkk\u00e4isen kanssa pit\u00e4\u00e4 ensin mainitut esitelm\u00e4t. Tenho Tikkanen on varautunut esitelm\u00f6im\u00e4\u00e4n viimeksi mainitusta aihepiirist\u00e4, mik\u00e4li aikaa riitt\u00e4\u00e4.<\/p>\n\n\n\n<p>Lis\u00e4ksi paikalla voi halutessaan tutustua my\u00f6s videonauhoitteisiin. N\u00e4yttelytilassa katsottavissa useita videita:<\/p>\n\n\n\n<p>A-El\u00e4m\u00e4\u00e4 sodan keskell\u00e4 1941 \u2013 1944 (2:31)<\/p>\n\n\n\n<p>1 -Meh\u00e4n olimme viel\u00e4 nuoria (1:37)<\/p>\n\n\n\n<p>2 -Mesikk\u00e4 \u2013 Raappanan karhunpentu-1 (5:28)<\/p>\n\n\n\n<p>3 -A2_Rauhanjuna_SQ (9:02)<\/p>\n\n\n\n<p>4 -Marski \u2013 kolme p\u00e4iv\u00e4\u00e4 Rukaj\u00e4rvell\u00e4 (12:22)<\/p>\n\n\n\n<p>5 -Rukahovin tarina \u2013 11-10-2018 (8:36)<\/p>\n\n\n\n<p>6 -Rukaj\u00e4rven rintaman taidetta Kalle Halonen-RSHY (2:45)<\/p>\n\n\n\n<p>7 -Turunen mauno \u2013 majewski-1 (14:17)<\/p>\n\n\n\n<p>8 -pentti perttuli \u2013 el\u00e4m\u00e4nty\u00f6n\u00e4 rukaj\u00e4rven suunta.movie (7:44)<\/p>\n\n\n\n<p>9 -Pian 100-vuotiaan Pentti Perttulin joulu 1941 Rukaj\u00e4rven rintamalla (6:40)<\/p>\n\n\n\n<p>10 -Tuntematon-Veteraanin\u00e4yt\u00f6s-Koljonvirta-8-7-2017 (2:24)<\/p>\n","protected":false},"excerpt":{"rendered":"<p>N\u00e4yttely odottaa vieraita. Kannattaa tulla katsomaan ja kuulemaan my\u00f6s esitelmi\u00e4. Pohjois-Pielaveden asukkaat ottivat kiitett\u00e4v\u00e4sti haasteen vastaan ja koossa on edustava n\u00e4yttely. Kiitos. Tilaisuudessa kuullaan ainakin seuraavat esitelm\u00e4t: \u2013 YH-aika ja <a class=\"more-link\" href=\"http:\/\/www.rukajarvensuunnanhistoriayhdistys.fi\/historiayhdistys\/poikkeusoloista-kattava-nayttely-vaaraslahden-markkinoilla-1-8-2020-klo-10-14\/\">Teksti jatkuu&#8230;<span class=\"screen-reader-text\">Poikkeusoloista kattava n\u00e4yttely Vaaraslahden markkinoille 1.8.2020 klo 10 \u2013 14<\/span><span class=\"meta-nav\">\u2192<\/span><\/a><\/p>\n","protected":false},"author":3,"featured_media":0,"comment_status":"closed","ping_status":"open","sticky":false,"template":"","format":"standard","meta":{"footnotes":""},"categories":[22,44,17,1],"tags":[],"class_list":["post-13814","post","type-post","status-publish","format-standard","hentry","category-ajankohtaista","category-esitelma","category-toiminta","category-yleinen"],"yoast_head":"<!-- This site is optimized with the Yoast SEO plugin v27.4 - https:\/\/yoast.com\/product\/yoast-seo-wordpress\/ -->\n<title>Poikkeusoloista kattava n\u00e4yttely Vaaraslahden markkinoille 1.8.2020 klo 10 \u2013 14 - Rukaj\u00e4rven suunnan historiayhdistys<\/title>\n<meta name=\"robots\" content=\"index, follow, max-snippet:-1, max-image-preview:large, max-video-preview:-1\" \/>\n<link rel=\"canonical\" href=\"http:\/\/www.rukajarvensuunnanhistoriayhdistys.fi\/historiayhdistys\/poikkeusoloista-kattava-nayttely-vaaraslahden-markkinoilla-1-8-2020-klo-10-14\/\" \/>\n<meta property=\"og:locale\" content=\"fi_FI\" \/>\n<meta property=\"og:type\" content=\"article\" \/>\n<meta property=\"og:title\" content=\"Poikkeusoloista kattava n\u00e4yttely Vaaraslahden markkinoille 1.8.2020 klo 10 \u2013 14 - Rukaj\u00e4rven suunnan historiayhdistys\" \/>\n<meta property=\"og:description\" content=\"N\u00e4yttely odottaa vieraita. Kannattaa tulla katsomaan ja kuulemaan my\u00f6s esitelmi\u00e4. Pohjois-Pielaveden asukkaat ottivat kiitett\u00e4v\u00e4sti haasteen vastaan ja koossa on edustava n\u00e4yttely. Kiitos. Tilaisuudessa kuullaan ainakin seuraavat esitelm\u00e4t: \u2013 YH-aika ja Teksti jatkuu...Poikkeusoloista kattava n\u00e4yttely Vaaraslahden markkinoille 1.8.2020 klo 10 \u2013 14\u2192\" \/>\n<meta property=\"og:url\" content=\"http:\/\/www.rukajarvensuunnanhistoriayhdistys.fi\/historiayhdistys\/poikkeusoloista-kattava-nayttely-vaaraslahden-markkinoilla-1-8-2020-klo-10-14\/\" \/>\n<meta property=\"og:site_name\" content=\"Rukaj\u00e4rven suunnan historiayhdistys\" \/>\n<meta property=\"article:published_time\" content=\"2020-07-31T20:20:17+00:00\" \/>\n<meta property=\"article:modified_time\" content=\"2020-07-31T20:25:07+00:00\" \/>\n<meta property=\"og:image\" content=\"http:\/\/www.rukajarvensuunnanhistoriayhdistys.fi\/historiayhdistys\/wp-content\/uploads\/2020\/07\/IMG_20200730_183022-Timo-ja-Seppo-1024x768.jpg\" \/>\n<meta name=\"author\" content=\"RSHY\" \/>\n<meta name=\"twitter:label1\" content=\"Kirjoittanut\" \/>\n\t<meta name=\"twitter:data1\" content=\"RSHY\" \/>\n\t<meta name=\"twitter:label2\" content=\"Arvioitu lukuaika\" \/>\n\t<meta name=\"twitter:data2\" content=\"1 minuutti\" \/>\n<script type=\"application\/ld+json\" class=\"yoast-schema-graph\">{\"@context\":\"https:\\\/\\\/schema.org\",\"@graph\":[{\"@type\":\"Article\",\"@id\":\"http:\\\/\\\/www.rukajarvensuunnanhistoriayhdistys.fi\\\/historiayhdistys\\\/poikkeusoloista-kattava-nayttely-vaaraslahden-markkinoilla-1-8-2020-klo-10-14\\\/#article\",\"isPartOf\":{\"@id\":\"http:\\\/\\\/www.rukajarvensuunnanhistoriayhdistys.fi\\\/historiayhdistys\\\/poikkeusoloista-kattava-nayttely-vaaraslahden-markkinoilla-1-8-2020-klo-10-14\\\/\"},\"author\":{\"name\":\"RSHY\",\"@id\":\"http:\\\/\\\/www.rukajarvensuunnanhistoriayhdistys.fi\\\/historiayhdistys\\\/#\\\/schema\\\/person\\\/19de7db68bf72dfd2b5d7f6dfbf8454d\"},\"headline\":\"Poikkeusoloista kattava n\u00e4yttely Vaaraslahden markkinoille 1.8.2020 klo 10 \u2013 14\",\"datePublished\":\"2020-07-31T20:20:17+00:00\",\"dateModified\":\"2020-07-31T20:25:07+00:00\",\"mainEntityOfPage\":{\"@id\":\"http:\\\/\\\/www.rukajarvensuunnanhistoriayhdistys.fi\\\/historiayhdistys\\\/poikkeusoloista-kattava-nayttely-vaaraslahden-markkinoilla-1-8-2020-klo-10-14\\\/\"},\"wordCount\":196,\"publisher\":{\"@id\":\"http:\\\/\\\/www.rukajarvensuunnanhistoriayhdistys.fi\\\/historiayhdistys\\\/#organization\"},\"image\":{\"@id\":\"http:\\\/\\\/www.rukajarvensuunnanhistoriayhdistys.fi\\\/historiayhdistys\\\/poikkeusoloista-kattava-nayttely-vaaraslahden-markkinoilla-1-8-2020-klo-10-14\\\/#primaryimage\"},\"thumbnailUrl\":\"http:\\\/\\\/www.rukajarvensuunnanhistoriayhdistys.fi\\\/historiayhdistys\\\/wp-content\\\/uploads\\\/2020\\\/07\\\/IMG_20200730_183022-Timo-ja-Seppo-1024x768.jpg\",\"articleSection\":[\"Ajankohtaista\",\"esitelm\u00e4\",\"Toiminta\"],\"inLanguage\":\"fi\"},{\"@type\":\"WebPage\",\"@id\":\"http:\\\/\\\/www.rukajarvensuunnanhistoriayhdistys.fi\\\/historiayhdistys\\\/poikkeusoloista-kattava-nayttely-vaaraslahden-markkinoilla-1-8-2020-klo-10-14\\\/\",\"url\":\"http:\\\/\\\/www.rukajarvensuunnanhistoriayhdistys.fi\\\/historiayhdistys\\\/poikkeusoloista-kattava-nayttely-vaaraslahden-markkinoilla-1-8-2020-klo-10-14\\\/\",\"name\":\"Poikkeusoloista kattava n\u00e4yttely Vaaraslahden markkinoille 1.8.2020 klo 10 \u2013 14 - Rukaj\u00e4rven suunnan historiayhdistys\",\"isPartOf\":{\"@id\":\"http:\\\/\\\/www.rukajarvensuunnanhistoriayhdistys.fi\\\/historiayhdistys\\\/#website\"},\"primaryImageOfPage\":{\"@id\":\"http:\\\/\\\/www.rukajarvensuunnanhistoriayhdistys.fi\\\/historiayhdistys\\\/poikkeusoloista-kattava-nayttely-vaaraslahden-markkinoilla-1-8-2020-klo-10-14\\\/#primaryimage\"},\"image\":{\"@id\":\"http:\\\/\\\/www.rukajarvensuunnanhistoriayhdistys.fi\\\/historiayhdistys\\\/poikkeusoloista-kattava-nayttely-vaaraslahden-markkinoilla-1-8-2020-klo-10-14\\\/#primaryimage\"},\"thumbnailUrl\":\"http:\\\/\\\/www.rukajarvensuunnanhistoriayhdistys.fi\\\/historiayhdistys\\\/wp-content\\\/uploads\\\/2020\\\/07\\\/IMG_20200730_183022-Timo-ja-Seppo-1024x768.jpg\",\"datePublished\":\"2020-07-31T20:20:17+00:00\",\"dateModified\":\"2020-07-31T20:25:07+00:00\",\"breadcrumb\":{\"@id\":\"http:\\\/\\\/www.rukajarvensuunnanhistoriayhdistys.fi\\\/historiayhdistys\\\/poikkeusoloista-kattava-nayttely-vaaraslahden-markkinoilla-1-8-2020-klo-10-14\\\/#breadcrumb\"},\"inLanguage\":\"fi\",\"potentialAction\":[{\"@type\":\"ReadAction\",\"target\":[\"http:\\\/\\\/www.rukajarvensuunnanhistoriayhdistys.fi\\\/historiayhdistys\\\/poikkeusoloista-kattava-nayttely-vaaraslahden-markkinoilla-1-8-2020-klo-10-14\\\/\"]}]},{\"@type\":\"ImageObject\",\"inLanguage\":\"fi\",\"@id\":\"http:\\\/\\\/www.rukajarvensuunnanhistoriayhdistys.fi\\\/historiayhdistys\\\/poikkeusoloista-kattava-nayttely-vaaraslahden-markkinoilla-1-8-2020-klo-10-14\\\/#primaryimage\",\"url\":\"http:\\\/\\\/www.rukajarvensuunnanhistoriayhdistys.fi\\\/historiayhdistys\\\/wp-content\\\/uploads\\\/2020\\\/07\\\/IMG_20200730_183022-Timo-ja-Seppo.jpg\",\"contentUrl\":\"http:\\\/\\\/www.rukajarvensuunnanhistoriayhdistys.fi\\\/historiayhdistys\\\/wp-content\\\/uploads\\\/2020\\\/07\\\/IMG_20200730_183022-Timo-ja-Seppo.jpg\",\"width\":1600,\"height\":1200},{\"@type\":\"BreadcrumbList\",\"@id\":\"http:\\\/\\\/www.rukajarvensuunnanhistoriayhdistys.fi\\\/historiayhdistys\\\/poikkeusoloista-kattava-nayttely-vaaraslahden-markkinoilla-1-8-2020-klo-10-14\\\/#breadcrumb\",\"itemListElement\":[{\"@type\":\"ListItem\",\"position\":1,\"name\":\"Etusivu\",\"item\":\"http:\\\/\\\/www.rukajarvensuunnanhistoriayhdistys.fi\\\/historiayhdistys\\\/\"},{\"@type\":\"ListItem\",\"position\":2,\"name\":\"Poikkeusoloista kattava n\u00e4yttely Vaaraslahden markkinoille 1.8.2020 klo 10 \u2013 14\"}]},{\"@type\":\"WebSite\",\"@id\":\"http:\\\/\\\/www.rukajarvensuunnanhistoriayhdistys.fi\\\/historiayhdistys\\\/#website\",\"url\":\"http:\\\/\\\/www.rukajarvensuunnanhistoriayhdistys.fi\\\/historiayhdistys\\\/\",\"name\":\"Rukaj\u00e4rven suunnan historiayhdistys\",\"description\":\"Rukaj\u00e4rven suunnan historiayhdistyksen verkkosivut.\",\"publisher\":{\"@id\":\"http:\\\/\\\/www.rukajarvensuunnanhistoriayhdistys.fi\\\/historiayhdistys\\\/#organization\"},\"potentialAction\":[{\"@type\":\"SearchAction\",\"target\":{\"@type\":\"EntryPoint\",\"urlTemplate\":\"http:\\\/\\\/www.rukajarvensuunnanhistoriayhdistys.fi\\\/historiayhdistys\\\/?s={search_term_string}\"},\"query-input\":{\"@type\":\"PropertyValueSpecification\",\"valueRequired\":true,\"valueName\":\"search_term_string\"}}],\"inLanguage\":\"fi\"},{\"@type\":\"Organization\",\"@id\":\"http:\\\/\\\/www.rukajarvensuunnanhistoriayhdistys.fi\\\/historiayhdistys\\\/#organization\",\"name\":\"Rukaj\u00e4rven suunnan historiayhdistys\",\"url\":\"http:\\\/\\\/www.rukajarvensuunnanhistoriayhdistys.fi\\\/historiayhdistys\\\/\",\"logo\":{\"@type\":\"ImageObject\",\"inLanguage\":\"fi\",\"@id\":\"http:\\\/\\\/www.rukajarvensuunnanhistoriayhdistys.fi\\\/historiayhdistys\\\/#\\\/schema\\\/logo\\\/image\\\/\",\"url\":\"http:\\\/\\\/www.rukajarvensuunnanhistoriayhdistys.fi\\\/historiayhdistys\\\/wp-content\\\/uploads\\\/2013\\\/12\\\/Otsake_3.jpg\",\"contentUrl\":\"http:\\\/\\\/www.rukajarvensuunnanhistoriayhdistys.fi\\\/historiayhdistys\\\/wp-content\\\/uploads\\\/2013\\\/12\\\/Otsake_3.jpg\",\"width\":1000,\"height\":442,\"caption\":\"Rukaj\u00e4rven suunnan historiayhdistys\"},\"image\":{\"@id\":\"http:\\\/\\\/www.rukajarvensuunnanhistoriayhdistys.fi\\\/historiayhdistys\\\/#\\\/schema\\\/logo\\\/image\\\/\"}},{\"@type\":\"Person\",\"@id\":\"http:\\\/\\\/www.rukajarvensuunnanhistoriayhdistys.fi\\\/historiayhdistys\\\/#\\\/schema\\\/person\\\/19de7db68bf72dfd2b5d7f6dfbf8454d\",\"name\":\"RSHY\",\"image\":{\"@type\":\"ImageObject\",\"inLanguage\":\"fi\",\"@id\":\"https:\\\/\\\/secure.gravatar.com\\\/avatar\\\/598d59263a69cc8de65fcb4f9db78d6f58c098cb0e0ba22d73377441af9fa04c?s=96&d=blank&r=g\",\"url\":\"https:\\\/\\\/secure.gravatar.com\\\/avatar\\\/598d59263a69cc8de65fcb4f9db78d6f58c098cb0e0ba22d73377441af9fa04c?s=96&d=blank&r=g\",\"contentUrl\":\"https:\\\/\\\/secure.gravatar.com\\\/avatar\\\/598d59263a69cc8de65fcb4f9db78d6f58c098cb0e0ba22d73377441af9fa04c?s=96&d=blank&r=g\",\"caption\":\"RSHY\"},\"url\":\"http:\\\/\\\/www.rukajarvensuunnanhistoriayhdistys.fi\\\/historiayhdistys\\\/author\\\/rshy\\\/\"}]}<\/script>\n<!-- \/ Yoast SEO plugin. -->","yoast_head_json":{"title":"Poikkeusoloista kattava n\u00e4yttely Vaaraslahden markkinoille 1.8.2020 klo 10 \u2013 14 - Rukaj\u00e4rven suunnan historiayhdistys","robots":{"index":"index","follow":"follow","max-snippet":"max-snippet:-1","max-image-preview":"max-image-preview:large","max-video-preview":"max-video-preview:-1"},"canonical":"http:\/\/www.rukajarvensuunnanhistoriayhdistys.fi\/historiayhdistys\/poikkeusoloista-kattava-nayttely-vaaraslahden-markkinoilla-1-8-2020-klo-10-14\/","og_locale":"fi_FI","og_type":"article","og_title":"Poikkeusoloista kattava n\u00e4yttely Vaaraslahden markkinoille 1.8.2020 klo 10 \u2013 14 - Rukaj\u00e4rven suunnan historiayhdistys","og_description":"N\u00e4yttely odottaa vieraita. Kannattaa tulla katsomaan ja kuulemaan my\u00f6s esitelmi\u00e4. Pohjois-Pielaveden asukkaat ottivat kiitett\u00e4v\u00e4sti haasteen vastaan ja koossa on edustava n\u00e4yttely. Kiitos. Tilaisuudessa kuullaan ainakin seuraavat esitelm\u00e4t: \u2013 YH-aika ja Teksti jatkuu...Poikkeusoloista kattava n\u00e4yttely Vaaraslahden markkinoille 1.8.2020 klo 10 \u2013 14\u2192","og_url":"http:\/\/www.rukajarvensuunnanhistoriayhdistys.fi\/historiayhdistys\/poikkeusoloista-kattava-nayttely-vaaraslahden-markkinoilla-1-8-2020-klo-10-14\/","og_site_name":"Rukaj\u00e4rven suunnan historiayhdistys","article_published_time":"2020-07-31T20:20:17+00:00","article_modified_time":"2020-07-31T20:25:07+00:00","og_image":[{"url":"http:\/\/www.rukajarvensuunnanhistoriayhdistys.fi\/historiayhdistys\/wp-content\/uploads\/2020\/07\/IMG_20200730_183022-Timo-ja-Seppo-1024x768.jpg","type":"","width":"","height":""}],"author":"RSHY","twitter_misc":{"Kirjoittanut":"RSHY","Arvioitu lukuaika":"1 minuutti"},"schema":{"@context":"https:\/\/schema.org","@graph":[{"@type":"Article","@id":"http:\/\/www.rukajarvensuunnanhistoriayhdistys.fi\/historiayhdistys\/poikkeusoloista-kattava-nayttely-vaaraslahden-markkinoilla-1-8-2020-klo-10-14\/#article","isPartOf":{"@id":"http:\/\/www.rukajarvensuunnanhistoriayhdistys.fi\/historiayhdistys\/poikkeusoloista-kattava-nayttely-vaaraslahden-markkinoilla-1-8-2020-klo-10-14\/"},"author":{"name":"RSHY","@id":"http:\/\/www.rukajarvensuunnanhistoriayhdistys.fi\/historiayhdistys\/#\/schema\/person\/19de7db68bf72dfd2b5d7f6dfbf8454d"},"headline":"Poikkeusoloista kattava n\u00e4yttely Vaaraslahden markkinoille 1.8.2020 klo 10 \u2013 14","datePublished":"2020-07-31T20:20:17+00:00","dateModified":"2020-07-31T20:25:07+00:00","mainEntityOfPage":{"@id":"http:\/\/www.rukajarvensuunnanhistoriayhdistys.fi\/historiayhdistys\/poikkeusoloista-kattava-nayttely-vaaraslahden-markkinoilla-1-8-2020-klo-10-14\/"},"wordCount":196,"publisher":{"@id":"http:\/\/www.rukajarvensuunnanhistoriayhdistys.fi\/historiayhdistys\/#organization"},"image":{"@id":"http:\/\/www.rukajarvensuunnanhistoriayhdistys.fi\/historiayhdistys\/poikkeusoloista-kattava-nayttely-vaaraslahden-markkinoilla-1-8-2020-klo-10-14\/#primaryimage"},"thumbnailUrl":"http:\/\/www.rukajarvensuunnanhistoriayhdistys.fi\/historiayhdistys\/wp-content\/uploads\/2020\/07\/IMG_20200730_183022-Timo-ja-Seppo-1024x768.jpg","articleSection":["Ajankohtaista","esitelm\u00e4","Toiminta"],"inLanguage":"fi"},{"@type":"WebPage","@id":"http:\/\/www.rukajarvensuunnanhistoriayhdistys.fi\/historiayhdistys\/poikkeusoloista-kattava-nayttely-vaaraslahden-markkinoilla-1-8-2020-klo-10-14\/","url":"http:\/\/www.rukajarvensuunnanhistoriayhdistys.fi\/historiayhdistys\/poikkeusoloista-kattava-nayttely-vaaraslahden-markkinoilla-1-8-2020-klo-10-14\/","name":"Poikkeusoloista kattava n\u00e4yttely Vaaraslahden markkinoille 1.8.2020 klo 10 \u2013 14 - Rukaj\u00e4rven suunnan historiayhdistys","isPartOf":{"@id":"http:\/\/www.rukajarvensuunnanhistoriayhdistys.fi\/historiayhdistys\/#website"},"primaryImageOfPage":{"@id":"http:\/\/www.rukajarvensuunnanhistoriayhdistys.fi\/historiayhdistys\/poikkeusoloista-kattava-nayttely-vaaraslahden-markkinoilla-1-8-2020-klo-10-14\/#primaryimage"},"image":{"@id":"http:\/\/www.rukajarvensuunnanhistoriayhdistys.fi\/historiayhdistys\/poikkeusoloista-kattava-nayttely-vaaraslahden-markkinoilla-1-8-2020-klo-10-14\/#primaryimage"},"thumbnailUrl":"http:\/\/www.rukajarvensuunnanhistoriayhdistys.fi\/historiayhdistys\/wp-content\/uploads\/2020\/07\/IMG_20200730_183022-Timo-ja-Seppo-1024x768.jpg","datePublished":"2020-07-31T20:20:17+00:00","dateModified":"2020-07-31T20:25:07+00:00","breadcrumb":{"@id":"http:\/\/www.rukajarvensuunnanhistoriayhdistys.fi\/historiayhdistys\/poikkeusoloista-kattava-nayttely-vaaraslahden-markkinoilla-1-8-2020-klo-10-14\/#breadcrumb"},"inLanguage":"fi","potentialAction":[{"@type":"ReadAction","target":["http:\/\/www.rukajarvensuunnanhistoriayhdistys.fi\/historiayhdistys\/poikkeusoloista-kattava-nayttely-vaaraslahden-markkinoilla-1-8-2020-klo-10-14\/"]}]},{"@type":"ImageObject","inLanguage":"fi","@id":"http:\/\/www.rukajarvensuunnanhistoriayhdistys.fi\/historiayhdistys\/poikkeusoloista-kattava-nayttely-vaaraslahden-markkinoilla-1-8-2020-klo-10-14\/#primaryimage","url":"http:\/\/www.rukajarvensuunnanhistoriayhdistys.fi\/historiayhdistys\/wp-content\/uploads\/2020\/07\/IMG_20200730_183022-Timo-ja-Seppo.jpg","contentUrl":"http:\/\/www.rukajarvensuunnanhistoriayhdistys.fi\/historiayhdistys\/wp-content\/uploads\/2020\/07\/IMG_20200730_183022-Timo-ja-Seppo.jpg","width":1600,"height":1200},{"@type":"BreadcrumbList","@id":"http:\/\/www.rukajarvensuunnanhistoriayhdistys.fi\/historiayhdistys\/poikkeusoloista-kattava-nayttely-vaaraslahden-markkinoilla-1-8-2020-klo-10-14\/#breadcrumb","itemListElement":[{"@type":"ListItem","position":1,"name":"Etusivu","item":"http:\/\/www.rukajarvensuunnanhistoriayhdistys.fi\/historiayhdistys\/"},{"@type":"ListItem","position":2,"name":"Poikkeusoloista kattava n\u00e4yttely Vaaraslahden markkinoille 1.8.2020 klo 10 \u2013 14"}]},{"@type":"WebSite","@id":"http:\/\/www.rukajarvensuunnanhistoriayhdistys.fi\/historiayhdistys\/#website","url":"http:\/\/www.rukajarvensuunnanhistoriayhdistys.fi\/historiayhdistys\/","name":"Rukaj\u00e4rven suunnan historiayhdistys","description":"Rukaj\u00e4rven suunnan historiayhdistyksen verkkosivut.","publisher":{"@id":"http:\/\/www.rukajarvensuunnanhistoriayhdistys.fi\/historiayhdistys\/#organization"},"potentialAction":[{"@type":"SearchAction","target":{"@type":"EntryPoint","urlTemplate":"http:\/\/www.rukajarvensuunnanhistoriayhdistys.fi\/historiayhdistys\/?s={search_term_string}"},"query-input":{"@type":"PropertyValueSpecification","valueRequired":true,"valueName":"search_term_string"}}],"inLanguage":"fi"},{"@type":"Organization","@id":"http:\/\/www.rukajarvensuunnanhistoriayhdistys.fi\/historiayhdistys\/#organization","name":"Rukaj\u00e4rven suunnan historiayhdistys","url":"http:\/\/www.rukajarvensuunnanhistoriayhdistys.fi\/historiayhdistys\/","logo":{"@type":"ImageObject","inLanguage":"fi","@id":"http:\/\/www.rukajarvensuunnanhistoriayhdistys.fi\/historiayhdistys\/#\/schema\/logo\/image\/","url":"http:\/\/www.rukajarvensuunnanhistoriayhdistys.fi\/historiayhdistys\/wp-content\/uploads\/2013\/12\/Otsake_3.jpg","contentUrl":"http:\/\/www.rukajarvensuunnanhistoriayhdistys.fi\/historiayhdistys\/wp-content\/uploads\/2013\/12\/Otsake_3.jpg","width":1000,"height":442,"caption":"Rukaj\u00e4rven suunnan historiayhdistys"},"image":{"@id":"http:\/\/www.rukajarvensuunnanhistoriayhdistys.fi\/historiayhdistys\/#\/schema\/logo\/image\/"}},{"@type":"Person","@id":"http:\/\/www.rukajarvensuunnanhistoriayhdistys.fi\/historiayhdistys\/#\/schema\/person\/19de7db68bf72dfd2b5d7f6dfbf8454d","name":"RSHY","image":{"@type":"ImageObject","inLanguage":"fi","@id":"https:\/\/secure.gravatar.com\/avatar\/598d59263a69cc8de65fcb4f9db78d6f58c098cb0e0ba22d73377441af9fa04c?s=96&d=blank&r=g","url":"https:\/\/secure.gravatar.com\/avatar\/598d59263a69cc8de65fcb4f9db78d6f58c098cb0e0ba22d73377441af9fa04c?s=96&d=blank&r=g","contentUrl":"https:\/\/secure.gravatar.com\/avatar\/598d59263a69cc8de65fcb4f9db78d6f58c098cb0e0ba22d73377441af9fa04c?s=96&d=blank&r=g","caption":"RSHY"},"url":"http:\/\/www.rukajarvensuunnanhistoriayhdistys.fi\/historiayhdistys\/author\/rshy\/"}]}},"_links":{"self":[{"href":"http:\/\/www.rukajarvensuunnanhistoriayhdistys.fi\/historiayhdistys\/wp-json\/wp\/v2\/posts\/13814","targetHints":{"allow":["GET"]}}],"collection":[{"href":"http:\/\/www.rukajarvensuunnanhistoriayhdistys.fi\/historiayhdistys\/wp-json\/wp\/v2\/posts"}],"about":[{"href":"http:\/\/www.rukajarvensuunnanhistoriayhdistys.fi\/historiayhdistys\/wp-json\/wp\/v2\/types\/post"}],"author":[{"embeddable":true,"href":"http:\/\/www.rukajarvensuunnanhistoriayhdistys.fi\/historiayhdistys\/wp-json\/wp\/v2\/users\/3"}],"replies":[{"embeddable":true,"href":"http:\/\/www.rukajarvensuunnanhistoriayhdistys.fi\/historiayhdistys\/wp-json\/wp\/v2\/comments?post=13814"}],"version-history":[{"count":2,"href":"http:\/\/www.rukajarvensuunnanhistoriayhdistys.fi\/historiayhdistys\/wp-json\/wp\/v2\/posts\/13814\/revisions"}],"predecessor-version":[{"id":13820,"href":"http:\/\/www.rukajarvensuunnanhistoriayhdistys.fi\/historiayhdistys\/wp-json\/wp\/v2\/posts\/13814\/revisions\/13820"}],"wp:attachment":[{"href":"http:\/\/www.rukajarvensuunnanhistoriayhdistys.fi\/historiayhdistys\/wp-json\/wp\/v2\/media?parent=13814"}],"wp:term":[{"taxonomy":"category","embeddable":true,"href":"http:\/\/www.rukajarvensuunnanhistoriayhdistys.fi\/historiayhdistys\/wp-json\/wp\/v2\/categories?post=13814"},{"taxonomy":"post_tag","embeddable":true,"href":"http:\/\/www.rukajarvensuunnanhistoriayhdistys.fi\/historiayhdistys\/wp-json\/wp\/v2\/tags?post=13814"}],"curies":[{"name":"wp","href":"https:\/\/api.w.org\/{rel}","templated":true}]}}